{"id":813659,"date":"2015-10-08T17:35:05","date_gmt":"2015-10-08T16:35:05","guid":{"rendered":"http:\/\/www.eldigitaldeasturias.com\/noticias\/?p=813659"},"modified":"2015-10-08T17:36:07","modified_gmt":"2015-10-08T16:36:07","slug":"ccoo-critica-que-no-exista-un-protocolo-de-actuacion-para-casos-de-amenaza-de-bomba-como-el-de-gijon","status":"publish","type":"post","link":"https:\/\/www.eldigitaldeasturias.com\/noticias\/ccoo-critica-que-no-exista-un-protocolo-de-actuacion-para-casos-de-amenaza-de-bomba-como-el-de-gijon\/","title":{"rendered":"CCOO critica que no exista un protocolo de actuaci\u00f3n para casos de amenaza de bomba como el de Gij\u00f3n"},"content":{"rendered":"<p><img loading=\"lazy\" decoding=\"async\" class=\"alignleft size-medium wp-image-788444\" src=\"https:\/\/www.eldigitaldeasturias.com\/noticias\/wp-content\/uploads\/2015\/06\/juzgados-360x198.jpg\" alt=\"juzgados\" width=\"360\" height=\"198\" srcset=\"https:\/\/www.eldigitaldeasturias.com\/noticias\/wp-content\/uploads\/2015\/06\/juzgados-360x198.jpg 360w, https:\/\/www.eldigitaldeasturias.com\/noticias\/wp-content\/uploads\/2015\/06\/juzgados-480x264.jpg 480w, https:\/\/www.eldigitaldeasturias.com\/noticias\/wp-content\/uploads\/2015\/06\/juzgados-20x11.jpg 20w, https:\/\/www.eldigitaldeasturias.com\/noticias\/wp-content\/uploads\/2015\/06\/juzgados.jpg 655w\" sizes=\"auto, (max-width: 360px) 100vw, 360px\" \/>El Sector de Justicia de CCOO ha criticado este jueves que el Gobierno regional \u00abse inhibe\u00bb de la obligaci\u00f3n de cuidar de la salud y seguridad del Personal de Justicia. Como ejemplo, ha apuntado que no existe \u00abning\u00fan\u00bb protocolo para casos de amenaza de bomba como el vivido este mi\u00e9rcoles o de incendio o de otra circunstancia similar, y por tanto, no hay persona designada para actuar, ni nadie conoce a quien debe dirigirse para que dicte la orden de evacuaci\u00f3n.<\/p>\n<p>Es m\u00e1s, han incidido en que no se llevan a cabo simulacros de actuaci\u00f3n. Sobre el desalojo de este mi\u00e9rcoles, CCOO, a trav\u00e9s de una nota de prensa, ha considerado \u00abimperdonable\u00bb que ning\u00fan responsable de la Direcci\u00f3n General de Justicia, conociese la situaci\u00f3n, hasta que desde este sindicato informaron de los hechos, casi una hora despu\u00e9s de la llamada de aviso de bomba y cuando la polic\u00eda pr\u00e1cticamente terminaba el desalojo.<\/p>\n<p>En esta l\u00ednea, CCOO ha criticado el \u00ababandono\u00bb del personal de este \u00e1mbito, tanto en materia de salud como de seguridad, as\u00ed como el \u00abexcesivo retraso\u00bb en el desalojo del Palacio de Justicia de Gij\u00f3n tras el falso aviso de bomba, 70 minutos entre la llamada y la evacuaci\u00f3n total. Dicho esto, han puntualizado que sus cr\u00edticas no van dirigidas a la Polic\u00eda Nacional.<\/p>\n<p>Entre la falta de cumplimiento del Principado, han apuntado que \u00abnunca\u00bb se constituy\u00f3 un Comit\u00e9 de Salud Laboral, pese al compromiso de que se crear\u00e1 \u00abinminentemente\u00bb. Tambi\u00e9n han recriminado que prime el criterio econ\u00f3mico \u00abpor encima de todo\u00bb a la ahora de adjudicar el servicio de seguridad en los edificios judiciales.<\/p>\n<p>\u00abIntentando paliar un d\u00e9ficit de personal de vigilancia, nos responsabilizan a los trabajadores y trabajadoras de dicha seguridad haci\u00e9ndonos entregas de llaves de las puertas de acceso, cuando en ning\u00fan caso, abrir y custodiar puertas y llaves forma parte de nuestras funciones y ejercerlas por el personal funcionario de justicia\u00bb, han resaltado, para despu\u00e9s tildar estos hechos de \u00abuna de las mayores aberraciones que se vienen dando desde tiempos inmemoriales\u00bb.<\/p>\n","protected":false},"excerpt":{"rendered":"<p>El Sector de Justicia de CCOO ha criticado este jueves que el Gobierno regional \u00abse inhibe\u00bb de la obligaci\u00f3n de cuidar de la salud y seguridad del Personal de Justicia. Como ejemplo, ha apuntado que no existe \u00abning\u00fan\u00bb protocolo para casos de amenaza de bomba como el vivido este mi\u00e9rcoles o de incendio o de [&hellip;]<\/p>\n","protected":false},"author":1,"featured_media":788444,"comment_status":"open","ping_status":"closed","sticky":false,"template":"","format":"standard","meta":{"footnotes":""},"categories":[12],"tags":[],"class_list":["post-813659","post","type-post","status-publish","format-standard","has-post-thumbnail","hentry","category-actualidad-asturias"],"aioseo_notices":[],"aioseo_head":"\n\t\t<!-- All in One SEO Pro 4.9.6.2 - aioseo.com -->\n\t<meta name=\"description\" content=\"El Sector de Justicia de CCOO ha criticado este jueves que el Gobierno regional &quot;se inhibe&quot; de la obligaci\u00f3n de cuidar de la salud y seguridad del Personal de Justicia. Como ejemplo, ha apuntado que no existe &quot;ning\u00fan&quot; protocolo para casos de amenaza de bomba como el vivido este mi\u00e9rcoles o de incendio o de\" \/>\n\t<meta name=\"robots\" content=\"max-image-preview:large\" \/>\n\t<meta name=\"author\" content=\"El Digital de Asturias\"\/>\n\t<meta name=\"google-site-verification\" content=\"UA-38556648-1\" \/>\n\t<meta name=\"msvalidate.01\" content=\"7dfe9f3f1b24437ab69f4f2559babe99\" \/>\n\t<meta name=\"keywords\" content=\"actualidad asturias\" \/>\n\t<link rel=\"canonical\" href=\"https:\/\/www.eldigitaldeasturias.com\/noticias\/ccoo-critica-que-no-exista-un-protocolo-de-actuacion-para-casos-de-amenaza-de-bomba-como-el-de-gijon\/\" \/>\n\t<meta name=\"generator\" content=\"All in One SEO Pro (AIOSEO) 4.9.6.2\" \/>\n\t\t<meta property=\"og:locale\" content=\"es_ES\" \/>\n\t\t<meta property=\"og:site_name\" content=\"El Digital de Asturias\" \/>\n\t\t<meta property=\"og:type\" content=\"article\" \/>\n\t\t<meta property=\"og:title\" content=\"CCOO critica que no exista un protocolo de actuaci\u00f3n para casos de amenaza de bomba como el de Gij\u00f3n - El Digital de Asturias\" \/>\n\t\t<meta property=\"og:description\" content=\"El Sector de Justicia de CCOO ha criticado este jueves que el Gobierno regional &quot;se inhibe&quot; de la obligaci\u00f3n de cuidar de la salud y seguridad del Personal de Justicia. Como ejemplo, ha apuntado que no existe &quot;ning\u00fan&quot; protocolo para casos de amenaza de bomba como el vivido este mi\u00e9rcoles o de incendio o de\" \/>\n\t\t<meta property=\"og:url\" content=\"https:\/\/www.eldigitaldeasturias.com\/noticias\/ccoo-critica-que-no-exista-un-protocolo-de-actuacion-para-casos-de-amenaza-de-bomba-como-el-de-gijon\/\" \/>\n\t\t<meta property=\"og:image\" content=\"https:\/\/www.eldigitaldeasturias.com\/noticias\/wp-content\/uploads\/2015\/06\/juzgados.jpg\" \/>\n\t\t<meta property=\"og:image:secure_url\" content=\"https:\/\/www.eldigitaldeasturias.com\/noticias\/wp-content\/uploads\/2015\/06\/juzgados.jpg\" \/>\n\t\t<meta property=\"og:image:width\" content=\"655\" \/>\n\t\t<meta property=\"og:image:height\" content=\"360\" \/>\n\t\t<meta property=\"article:tag\" content=\"actualidad asturias\" \/>\n\t\t<meta property=\"article:published_time\" content=\"2015-10-08T16:35:05+00:00\" \/>\n\t\t<meta property=\"article:modified_time\" content=\"2015-10-08T16:36:07+00:00\" \/>\n\t\t<meta property=\"article:publisher\" content=\"https:\/\/facebook.com\/eldigitaldeasturias\" \/>\n\t\t<meta name=\"twitter:card\" content=\"summary_large_image\" \/>\n\t\t<meta name=\"twitter:title\" content=\"CCOO critica que no exista un protocolo de actuaci\u00f3n para casos de amenaza de bomba como el de Gij\u00f3n - El Digital de Asturias\" \/>\n\t\t<meta name=\"twitter:description\" content=\"El Sector de Justicia de CCOO ha criticado este jueves que el Gobierno regional &quot;se inhibe&quot; de la obligaci\u00f3n de cuidar de la salud y seguridad del Personal de Justicia. Como ejemplo, ha apuntado que no existe &quot;ning\u00fan&quot; protocolo para casos de amenaza de bomba como el vivido este mi\u00e9rcoles o de incendio o de\" \/>\n\t\t<meta name=\"twitter:image\" content=\"https:\/\/www.eldigitaldeasturias.com\/noticias\/wp-content\/uploads\/2015\/06\/juzgados.jpg\" \/>\n\t\t<meta name=\"twitter:label1\" content=\"Escrito por\" \/>\n\t\t<meta name=\"twitter:data1\" content=\"El Digital de Asturias\" \/>\n\t\t<meta name=\"twitter:label2\" content=\"Tiempo de lectura estimado\" \/>\n\t\t<meta name=\"twitter:data2\" content=\"2 minutos\" \/>\n\t\t<script type=\"application\/ld+json\" class=\"aioseo-schema\">\n\t\t\t{\"@context\":\"https:\\\/\\\/schema.org\",\"@graph\":[{\"@type\":\"BlogPosting\",\"@id\":\"https:\\\/\\\/www.eldigitaldeasturias.com\\\/noticias\\\/ccoo-critica-que-no-exista-un-protocolo-de-actuacion-para-casos-de-amenaza-de-bomba-como-el-de-gijon\\\/#blogposting\",\"name\":\"CCOO critica que no exista un protocolo de actuaci\\u00f3n para casos de amenaza de bomba como el de Gij\\u00f3n - El Digital de Asturias\",\"headline\":\"CCOO critica que no exista un protocolo de actuaci\\u00f3n para casos de amenaza de bomba como el de Gij\\u00f3n\",\"author\":{\"@id\":\"https:\\\/\\\/www.eldigitaldeasturias.com\\\/noticias\\\/author\\\/admin\\\/#author\"},\"publisher\":{\"@id\":\"https:\\\/\\\/www.eldigitaldeasturias.com\\\/noticias\\\/#organization\"},\"image\":{\"@type\":\"ImageObject\",\"url\":\"https:\\\/\\\/www.eldigitaldeasturias.com\\\/noticias\\\/wp-content\\\/uploads\\\/2015\\\/06\\\/juzgados.jpg\",\"width\":655,\"height\":360},\"datePublished\":\"2015-10-08T17:35:05+02:00\",\"dateModified\":\"2015-10-08T17:36:07+02:00\",\"inLanguage\":\"es-ES\",\"mainEntityOfPage\":{\"@id\":\"https:\\\/\\\/www.eldigitaldeasturias.com\\\/noticias\\\/ccoo-critica-que-no-exista-un-protocolo-de-actuacion-para-casos-de-amenaza-de-bomba-como-el-de-gijon\\\/#webpage\"},\"isPartOf\":{\"@id\":\"https:\\\/\\\/www.eldigitaldeasturias.com\\\/noticias\\\/ccoo-critica-que-no-exista-un-protocolo-de-actuacion-para-casos-de-amenaza-de-bomba-como-el-de-gijon\\\/#webpage\"},\"articleSection\":\"Actualidad Asturias\"},{\"@type\":\"BreadcrumbList\",\"@id\":\"https:\\\/\\\/www.eldigitaldeasturias.com\\\/noticias\\\/ccoo-critica-que-no-exista-un-protocolo-de-actuacion-para-casos-de-amenaza-de-bomba-como-el-de-gijon\\\/#breadcrumblist\",\"itemListElement\":[{\"@type\":\"ListItem\",\"@id\":\"https:\\\/\\\/www.eldigitaldeasturias.com\\\/noticias#listItem\",\"position\":1,\"name\":\"Home\",\"item\":\"https:\\\/\\\/www.eldigitaldeasturias.com\\\/noticias\",\"nextItem\":{\"@type\":\"ListItem\",\"@id\":\"https:\\\/\\\/www.eldigitaldeasturias.com\\\/noticias\\\/category\\\/actualidad-asturias\\\/#listItem\",\"name\":\"Actualidad Asturias\"}},{\"@type\":\"ListItem\",\"@id\":\"https:\\\/\\\/www.eldigitaldeasturias.com\\\/noticias\\\/category\\\/actualidad-asturias\\\/#listItem\",\"position\":2,\"name\":\"Actualidad Asturias\",\"item\":\"https:\\\/\\\/www.eldigitaldeasturias.com\\\/noticias\\\/category\\\/actualidad-asturias\\\/\",\"nextItem\":{\"@type\":\"ListItem\",\"@id\":\"https:\\\/\\\/www.eldigitaldeasturias.com\\\/noticias\\\/ccoo-critica-que-no-exista-un-protocolo-de-actuacion-para-casos-de-amenaza-de-bomba-como-el-de-gijon\\\/#listItem\",\"name\":\"CCOO critica que no exista un protocolo de actuaci\\u00f3n para casos de amenaza de bomba como el de Gij\\u00f3n\"},\"previousItem\":{\"@type\":\"ListItem\",\"@id\":\"https:\\\/\\\/www.eldigitaldeasturias.com\\\/noticias#listItem\",\"name\":\"Home\"}},{\"@type\":\"ListItem\",\"@id\":\"https:\\\/\\\/www.eldigitaldeasturias.com\\\/noticias\\\/ccoo-critica-que-no-exista-un-protocolo-de-actuacion-para-casos-de-amenaza-de-bomba-como-el-de-gijon\\\/#listItem\",\"position\":3,\"name\":\"CCOO critica que no exista un protocolo de actuaci\\u00f3n para casos de amenaza de bomba como el de Gij\\u00f3n\",\"previousItem\":{\"@type\":\"ListItem\",\"@id\":\"https:\\\/\\\/www.eldigitaldeasturias.com\\\/noticias\\\/category\\\/actualidad-asturias\\\/#listItem\",\"name\":\"Actualidad Asturias\"}}]},{\"@type\":\"Organization\",\"@id\":\"https:\\\/\\\/www.eldigitaldeasturias.com\\\/noticias\\\/#organization\",\"name\":\"El Digital de Asturias\",\"description\":\"Hemeroteca\",\"url\":\"https:\\\/\\\/www.eldigitaldeasturias.com\\\/noticias\\\/\",\"email\":\"info@eldigitaldeasturias.com\",\"telephone\":\"+34652131393\",\"logo\":{\"@type\":\"ImageObject\",\"url\":\"https:\\\/\\\/www.eldigitaldeasturias.com\\\/noticias\\\/wp-content\\\/uploads\\\/2020\\\/12\\\/EDA.jpg\",\"@id\":\"https:\\\/\\\/www.eldigitaldeasturias.com\\\/noticias\\\/ccoo-critica-que-no-exista-un-protocolo-de-actuacion-para-casos-de-amenaza-de-bomba-como-el-de-gijon\\\/#organizationLogo\",\"width\":649,\"height\":297},\"image\":{\"@id\":\"https:\\\/\\\/www.eldigitaldeasturias.com\\\/noticias\\\/ccoo-critica-que-no-exista-un-protocolo-de-actuacion-para-casos-de-amenaza-de-bomba-como-el-de-gijon\\\/#organizationLogo\"},\"sameAs\":[\"https:\\\/\\\/facebook.com\\\/eldigitaldeasturias\",\"https:\\\/\\\/www.youtube.com\\\/channel\\\/UCZP-2wLEB9Rv6erhFmqVnvg\"],\"address\":{\"@id\":\"https:\\\/\\\/www.eldigitaldeasturias.com\\\/noticias\\\/#postaladdress\",\"@type\":\"PostalAddress\",\"streetAddress\":\"san antonio 4,\",\"postalCode\":\"33430\",\"addressLocality\":\"Cand\\u00e1s\",\"addressRegion\":\"Asturias\",\"addressCountry\":\"ES\"}},{\"@type\":\"Person\",\"@id\":\"https:\\\/\\\/www.eldigitaldeasturias.com\\\/noticias\\\/author\\\/admin\\\/#author\",\"url\":\"https:\\\/\\\/www.eldigitaldeasturias.com\\\/noticias\\\/author\\\/admin\\\/\",\"name\":\"El Digital de Asturias\",\"image\":{\"@type\":\"ImageObject\",\"@id\":\"https:\\\/\\\/www.eldigitaldeasturias.com\\\/noticias\\\/ccoo-critica-que-no-exista-un-protocolo-de-actuacion-para-casos-de-amenaza-de-bomba-como-el-de-gijon\\\/#authorImage\",\"url\":\"https:\\\/\\\/www.eldigitaldeasturias.com\\\/noticias\\\/wp-content\\\/litespeed\\\/avatar\\\/18677e78aa0546b92d9dbf31ec7d7668.jpg?ver=1777290358\",\"width\":96,\"height\":96,\"caption\":\"El Digital de Asturias\"}},{\"@type\":\"WebPage\",\"@id\":\"https:\\\/\\\/www.eldigitaldeasturias.com\\\/noticias\\\/ccoo-critica-que-no-exista-un-protocolo-de-actuacion-para-casos-de-amenaza-de-bomba-como-el-de-gijon\\\/#webpage\",\"url\":\"https:\\\/\\\/www.eldigitaldeasturias.com\\\/noticias\\\/ccoo-critica-que-no-exista-un-protocolo-de-actuacion-para-casos-de-amenaza-de-bomba-como-el-de-gijon\\\/\",\"name\":\"CCOO critica que no exista un protocolo de actuaci\\u00f3n para casos de amenaza de bomba como el de Gij\\u00f3n - El Digital de Asturias\",\"description\":\"El Sector de Justicia de CCOO ha criticado este jueves que el Gobierno regional \\\"se inhibe\\\" de la obligaci\\u00f3n de cuidar de la salud y seguridad del Personal de Justicia. Como ejemplo, ha apuntado que no existe \\\"ning\\u00fan\\\" protocolo para casos de amenaza de bomba como el vivido este mi\\u00e9rcoles o de incendio o de\",\"inLanguage\":\"es-ES\",\"isPartOf\":{\"@id\":\"https:\\\/\\\/www.eldigitaldeasturias.com\\\/noticias\\\/#website\"},\"breadcrumb\":{\"@id\":\"https:\\\/\\\/www.eldigitaldeasturias.com\\\/noticias\\\/ccoo-critica-que-no-exista-un-protocolo-de-actuacion-para-casos-de-amenaza-de-bomba-como-el-de-gijon\\\/#breadcrumblist\"},\"author\":{\"@id\":\"https:\\\/\\\/www.eldigitaldeasturias.com\\\/noticias\\\/author\\\/admin\\\/#author\"},\"creator\":{\"@id\":\"https:\\\/\\\/www.eldigitaldeasturias.com\\\/noticias\\\/author\\\/admin\\\/#author\"},\"image\":{\"@type\":\"ImageObject\",\"url\":\"https:\\\/\\\/www.eldigitaldeasturias.com\\\/noticias\\\/wp-content\\\/uploads\\\/2015\\\/06\\\/juzgados.jpg\",\"@id\":\"https:\\\/\\\/www.eldigitaldeasturias.com\\\/noticias\\\/ccoo-critica-que-no-exista-un-protocolo-de-actuacion-para-casos-de-amenaza-de-bomba-como-el-de-gijon\\\/#mainImage\",\"width\":655,\"height\":360},\"primaryImageOfPage\":{\"@id\":\"https:\\\/\\\/www.eldigitaldeasturias.com\\\/noticias\\\/ccoo-critica-que-no-exista-un-protocolo-de-actuacion-para-casos-de-amenaza-de-bomba-como-el-de-gijon\\\/#mainImage\"},\"datePublished\":\"2015-10-08T17:35:05+02:00\",\"dateModified\":\"2015-10-08T17:36:07+02:00\"},{\"@type\":\"WebSite\",\"@id\":\"https:\\\/\\\/www.eldigitaldeasturias.com\\\/noticias\\\/#website\",\"url\":\"https:\\\/\\\/www.eldigitaldeasturias.com\\\/noticias\\\/\",\"name\":\"El Digital de Asturias - Diario de actualidad y noticias\",\"alternateName\":\"El Digital de Asturias - Diario de actualidad y noticias\",\"description\":\"Hemeroteca\",\"inLanguage\":\"es-ES\",\"publisher\":{\"@id\":\"https:\\\/\\\/www.eldigitaldeasturias.com\\\/noticias\\\/#organization\"}}]}\n\t\t<\/script>\n\t\t<!-- All in One SEO Pro -->\r\n\t\t<title>CCOO critica que no exista un protocolo de actuaci\u00f3n para casos de amenaza de bomba como el de Gij\u00f3n - El Digital de Asturias<\/title>\n\n","aioseo_head_json":{"title":"CCOO critica que no exista un protocolo de actuaci\u00f3n para casos de amenaza de bomba como el de Gij\u00f3n - El Digital de Asturias","description":"El Sector de Justicia de CCOO ha criticado este jueves que el Gobierno regional \"se inhibe\" de la obligaci\u00f3n de cuidar de la salud y seguridad del Personal de Justicia. Como ejemplo, ha apuntado que no existe \"ning\u00fan\" protocolo para casos de amenaza de bomba como el vivido este mi\u00e9rcoles o de incendio o de","canonical_url":"https:\/\/www.eldigitaldeasturias.com\/noticias\/ccoo-critica-que-no-exista-un-protocolo-de-actuacion-para-casos-de-amenaza-de-bomba-como-el-de-gijon\/","robots":"max-image-preview:large","keywords":"actualidad asturias","webmasterTools":{"google-site-verification":"UA-38556648-1","msvalidate.01":"7dfe9f3f1b24437ab69f4f2559babe99","miscellaneous":""},"schema":{"@context":"https:\/\/schema.org","@graph":[{"@type":"BlogPosting","@id":"https:\/\/www.eldigitaldeasturias.com\/noticias\/ccoo-critica-que-no-exista-un-protocolo-de-actuacion-para-casos-de-amenaza-de-bomba-como-el-de-gijon\/#blogposting","name":"CCOO critica que no exista un protocolo de actuaci\u00f3n para casos de amenaza de bomba como el de Gij\u00f3n - El Digital de Asturias","headline":"CCOO critica que no exista un protocolo de actuaci\u00f3n para casos de amenaza de bomba como el de Gij\u00f3n","author":{"@id":"https:\/\/www.eldigitaldeasturias.com\/noticias\/author\/admin\/#author"},"publisher":{"@id":"https:\/\/www.eldigitaldeasturias.com\/noticias\/#organization"},"image":{"@type":"ImageObject","url":"https:\/\/www.eldigitaldeasturias.com\/noticias\/wp-content\/uploads\/2015\/06\/juzgados.jpg","width":655,"height":360},"datePublished":"2015-10-08T17:35:05+02:00","dateModified":"2015-10-08T17:36:07+02:00","inLanguage":"es-ES","mainEntityOfPage":{"@id":"https:\/\/www.eldigitaldeasturias.com\/noticias\/ccoo-critica-que-no-exista-un-protocolo-de-actuacion-para-casos-de-amenaza-de-bomba-como-el-de-gijon\/#webpage"},"isPartOf":{"@id":"https:\/\/www.eldigitaldeasturias.com\/noticias\/ccoo-critica-que-no-exista-un-protocolo-de-actuacion-para-casos-de-amenaza-de-bomba-como-el-de-gijon\/#webpage"},"articleSection":"Actualidad Asturias"},{"@type":"BreadcrumbList","@id":"https:\/\/www.eldigitaldeasturias.com\/noticias\/ccoo-critica-que-no-exista-un-protocolo-de-actuacion-para-casos-de-amenaza-de-bomba-como-el-de-gijon\/#breadcrumblist","itemListElement":[{"@type":"ListItem","@id":"https:\/\/www.eldigitaldeasturias.com\/noticias#listItem","position":1,"name":"Home","item":"https:\/\/www.eldigitaldeasturias.com\/noticias","nextItem":{"@type":"ListItem","@id":"https:\/\/www.eldigitaldeasturias.com\/noticias\/category\/actualidad-asturias\/#listItem","name":"Actualidad Asturias"}},{"@type":"ListItem","@id":"https:\/\/www.eldigitaldeasturias.com\/noticias\/category\/actualidad-asturias\/#listItem","position":2,"name":"Actualidad Asturias","item":"https:\/\/www.eldigitaldeasturias.com\/noticias\/category\/actualidad-asturias\/","nextItem":{"@type":"ListItem","@id":"https:\/\/www.eldigitaldeasturias.com\/noticias\/ccoo-critica-que-no-exista-un-protocolo-de-actuacion-para-casos-de-amenaza-de-bomba-como-el-de-gijon\/#listItem","name":"CCOO critica que no exista un protocolo de actuaci\u00f3n para casos de amenaza de bomba como el de Gij\u00f3n"},"previousItem":{"@type":"ListItem","@id":"https:\/\/www.eldigitaldeasturias.com\/noticias#listItem","name":"Home"}},{"@type":"ListItem","@id":"https:\/\/www.eldigitaldeasturias.com\/noticias\/ccoo-critica-que-no-exista-un-protocolo-de-actuacion-para-casos-de-amenaza-de-bomba-como-el-de-gijon\/#listItem","position":3,"name":"CCOO critica que no exista un protocolo de actuaci\u00f3n para casos de amenaza de bomba como el de Gij\u00f3n","previousItem":{"@type":"ListItem","@id":"https:\/\/www.eldigitaldeasturias.com\/noticias\/category\/actualidad-asturias\/#listItem","name":"Actualidad Asturias"}}]},{"@type":"Organization","@id":"https:\/\/www.eldigitaldeasturias.com\/noticias\/#organization","name":"El Digital de Asturias","description":"Hemeroteca","url":"https:\/\/www.eldigitaldeasturias.com\/noticias\/","email":"info@eldigitaldeasturias.com","telephone":"+34652131393","logo":{"@type":"ImageObject","url":"https:\/\/www.eldigitaldeasturias.com\/noticias\/wp-content\/uploads\/2020\/12\/EDA.jpg","@id":"https:\/\/www.eldigitaldeasturias.com\/noticias\/ccoo-critica-que-no-exista-un-protocolo-de-actuacion-para-casos-de-amenaza-de-bomba-como-el-de-gijon\/#organizationLogo","width":649,"height":297},"image":{"@id":"https:\/\/www.eldigitaldeasturias.com\/noticias\/ccoo-critica-que-no-exista-un-protocolo-de-actuacion-para-casos-de-amenaza-de-bomba-como-el-de-gijon\/#organizationLogo"},"sameAs":["https:\/\/facebook.com\/eldigitaldeasturias","https:\/\/www.youtube.com\/channel\/UCZP-2wLEB9Rv6erhFmqVnvg"],"address":{"@id":"https:\/\/www.eldigitaldeasturias.com\/noticias\/#postaladdress","@type":"PostalAddress","streetAddress":"san antonio 4,","postalCode":"33430","addressLocality":"Cand\u00e1s","addressRegion":"Asturias","addressCountry":"ES"}},{"@type":"Person","@id":"https:\/\/www.eldigitaldeasturias.com\/noticias\/author\/admin\/#author","url":"https:\/\/www.eldigitaldeasturias.com\/noticias\/author\/admin\/","name":"El Digital de Asturias","image":{"@type":"ImageObject","@id":"https:\/\/www.eldigitaldeasturias.com\/noticias\/ccoo-critica-que-no-exista-un-protocolo-de-actuacion-para-casos-de-amenaza-de-bomba-como-el-de-gijon\/#authorImage","url":"https:\/\/www.eldigitaldeasturias.com\/noticias\/wp-content\/litespeed\/avatar\/18677e78aa0546b92d9dbf31ec7d7668.jpg?ver=1777290358","width":96,"height":96,"caption":"El Digital de Asturias"}},{"@type":"WebPage","@id":"https:\/\/www.eldigitaldeasturias.com\/noticias\/ccoo-critica-que-no-exista-un-protocolo-de-actuacion-para-casos-de-amenaza-de-bomba-como-el-de-gijon\/#webpage","url":"https:\/\/www.eldigitaldeasturias.com\/noticias\/ccoo-critica-que-no-exista-un-protocolo-de-actuacion-para-casos-de-amenaza-de-bomba-como-el-de-gijon\/","name":"CCOO critica que no exista un protocolo de actuaci\u00f3n para casos de amenaza de bomba como el de Gij\u00f3n - El Digital de Asturias","description":"El Sector de Justicia de CCOO ha criticado este jueves que el Gobierno regional \"se inhibe\" de la obligaci\u00f3n de cuidar de la salud y seguridad del Personal de Justicia. Como ejemplo, ha apuntado que no existe \"ning\u00fan\" protocolo para casos de amenaza de bomba como el vivido este mi\u00e9rcoles o de incendio o de","inLanguage":"es-ES","isPartOf":{"@id":"https:\/\/www.eldigitaldeasturias.com\/noticias\/#website"},"breadcrumb":{"@id":"https:\/\/www.eldigitaldeasturias.com\/noticias\/ccoo-critica-que-no-exista-un-protocolo-de-actuacion-para-casos-de-amenaza-de-bomba-como-el-de-gijon\/#breadcrumblist"},"author":{"@id":"https:\/\/www.eldigitaldeasturias.com\/noticias\/author\/admin\/#author"},"creator":{"@id":"https:\/\/www.eldigitaldeasturias.com\/noticias\/author\/admin\/#author"},"image":{"@type":"ImageObject","url":"https:\/\/www.eldigitaldeasturias.com\/noticias\/wp-content\/uploads\/2015\/06\/juzgados.jpg","@id":"https:\/\/www.eldigitaldeasturias.com\/noticias\/ccoo-critica-que-no-exista-un-protocolo-de-actuacion-para-casos-de-amenaza-de-bomba-como-el-de-gijon\/#mainImage","width":655,"height":360},"primaryImageOfPage":{"@id":"https:\/\/www.eldigitaldeasturias.com\/noticias\/ccoo-critica-que-no-exista-un-protocolo-de-actuacion-para-casos-de-amenaza-de-bomba-como-el-de-gijon\/#mainImage"},"datePublished":"2015-10-08T17:35:05+02:00","dateModified":"2015-10-08T17:36:07+02:00"},{"@type":"WebSite","@id":"https:\/\/www.eldigitaldeasturias.com\/noticias\/#website","url":"https:\/\/www.eldigitaldeasturias.com\/noticias\/","name":"El Digital de Asturias - Diario de actualidad y noticias","alternateName":"El Digital de Asturias - Diario de actualidad y noticias","description":"Hemeroteca","inLanguage":"es-ES","publisher":{"@id":"https:\/\/www.eldigitaldeasturias.com\/noticias\/#organization"}}]},"og:locale":"es_ES","og:site_name":"El Digital de Asturias","og:type":"article","og:title":"CCOO critica que no exista un protocolo de actuaci\u00f3n para casos de amenaza de bomba como el de Gij\u00f3n - El Digital de Asturias","og:description":"El Sector de Justicia de CCOO ha criticado este jueves que el Gobierno regional &quot;se inhibe&quot; de la obligaci\u00f3n de cuidar de la salud y seguridad del Personal de Justicia. Como ejemplo, ha apuntado que no existe &quot;ning\u00fan&quot; protocolo para casos de amenaza de bomba como el vivido este mi\u00e9rcoles o de incendio o de","og:url":"https:\/\/www.eldigitaldeasturias.com\/noticias\/ccoo-critica-que-no-exista-un-protocolo-de-actuacion-para-casos-de-amenaza-de-bomba-como-el-de-gijon\/","og:image":"https:\/\/www.eldigitaldeasturias.com\/noticias\/wp-content\/uploads\/2015\/06\/juzgados.jpg","og:image:secure_url":"https:\/\/www.eldigitaldeasturias.com\/noticias\/wp-content\/uploads\/2015\/06\/juzgados.jpg","og:image:width":655,"og:image:height":360,"article:tag":["actualidad asturias"],"article:published_time":"2015-10-08T16:35:05+00:00","article:modified_time":"2015-10-08T16:36:07+00:00","article:publisher":"https:\/\/facebook.com\/eldigitaldeasturias","twitter:card":"summary_large_image","twitter:title":"CCOO critica que no exista un protocolo de actuaci\u00f3n para casos de amenaza de bomba como el de Gij\u00f3n - El Digital de Asturias","twitter:description":"El Sector de Justicia de CCOO ha criticado este jueves que el Gobierno regional &quot;se inhibe&quot; de la obligaci\u00f3n de cuidar de la salud y seguridad del Personal de Justicia. Como ejemplo, ha apuntado que no existe &quot;ning\u00fan&quot; protocolo para casos de amenaza de bomba como el vivido este mi\u00e9rcoles o de incendio o de","twitter:image":"https:\/\/www.eldigitaldeasturias.com\/noticias\/wp-content\/uploads\/2015\/06\/juzgados.jpg","twitter:label1":"Escrito por","twitter:data1":"El Digital de Asturias","twitter:label2":"Tiempo de lectura estimado","twitter:data2":"2 minutos"},"aioseo_meta_data":{"post_id":"813659","title":null,"description":null,"keywords":null,"keyphrases":null,"primary_term":null,"canonical_url":null,"og_title":null,"og_description":null,"og_object_type":"default","og_image_type":"default","og_image_url":null,"og_image_width":null,"og_image_height":null,"og_image_custom_url":null,"og_image_custom_fields":null,"og_video":null,"og_custom_url":null,"og_article_section":null,"og_article_tags":null,"twitter_use_og":false,"twitter_card":"default","twitter_image_type":"default","twitter_image_url":null,"twitter_image_custom_url":null,"twitter_image_custom_fields":null,"twitter_title":null,"twitter_description":null,"schema":{"blockGraphs":[],"customGraphs":[],"default":{"data":{"Article":[],"Course":[],"Dataset":[],"FAQPage":[],"Movie":[],"Person":[],"Product":[],"ProductReview":[],"Car":[],"Recipe":[],"Service":[],"SoftwareApplication":[],"WebPage":[]},"graphName":"","isEnabled":true},"graphs":[],"defaultGraph":"","defaultPostTypeGraph":""},"schema_type":null,"schema_type_options":null,"pillar_content":false,"robots_default":true,"robots_noindex":false,"robots_noarchive":false,"robots_nosnippet":false,"robots_nofollow":false,"robots_noimageindex":false,"robots_noodp":false,"robots_notranslate":false,"robots_max_snippet":null,"robots_max_videopreview":null,"robots_max_imagepreview":"large","priority":null,"frequency":null,"local_seo":null,"seo_analyzer_scan_date":"2025-12-23 19:06:05","breadcrumb_settings":null,"limit_modified_date":false,"open_ai":null,"ai":null,"created":"2021-01-23 09:46:06","updated":"2025-12-23 19:06:05"},"aioseo_breadcrumb":"<div class=\"aioseo-breadcrumbs\"><span class=\"aioseo-breadcrumb\">\n\t<a href=\"https:\/\/www.eldigitaldeasturias.com\/noticias\" title=\"Home\">Home<\/a>\n<\/span><span class=\"aioseo-breadcrumb-separator\">\u2013<\/span><span class=\"aioseo-breadcrumb\">\n\t<a href=\"https:\/\/www.eldigitaldeasturias.com\/noticias\/category\/actualidad-asturias\/\" title=\"Actualidad Asturias\">Actualidad Asturias<\/a>\n<\/span><span class=\"aioseo-breadcrumb-separator\">\u2013<\/span><span class=\"aioseo-breadcrumb\">\n\t<a href=\"https:\/\/www.eldigitaldeasturias.com\/noticias\/ccoo-critica-que-no-exista-un-protocolo-de-actuacion-para-casos-de-amenaza-de-bomba-como-el-de-gijon\/\" title=\"CCOO critica que no exista un protocolo de actuaci\u00f3n para casos de amenaza de bomba como el de Gij\u00f3n\">CCOO critica que no exista un protocolo de actuaci\u00f3n para casos de amenaza de bomba como el de Gij\u00f3n<\/a>\n<\/span><\/div>","aioseo_breadcrumb_json":[{"label":"Home","link":"https:\/\/www.eldigitaldeasturias.com\/noticias"},{"label":"Actualidad Asturias","link":"https:\/\/www.eldigitaldeasturias.com\/noticias\/category\/actualidad-asturias\/"},{"label":"CCOO critica que no exista un protocolo de actuaci\u00f3n para casos de amenaza de bomba como el de Gij\u00f3n","link":"https:\/\/www.eldigitaldeasturias.com\/noticias\/ccoo-critica-que-no-exista-un-protocolo-de-actuacion-para-casos-de-amenaza-de-bomba-como-el-de-gijon\/"}],"_links":{"self":[{"href":"https:\/\/www.eldigitaldeasturias.com\/noticias\/wp-json\/wp\/v2\/posts\/813659","targetHints":{"allow":["GET"]}}],"collection":[{"href":"https:\/\/www.eldigitaldeasturias.com\/noticias\/wp-json\/wp\/v2\/posts"}],"about":[{"href":"https:\/\/www.eldigitaldeasturias.com\/noticias\/wp-json\/wp\/v2\/types\/post"}],"author":[{"embeddable":true,"href":"https:\/\/www.eldigitaldeasturias.com\/noticias\/wp-json\/wp\/v2\/users\/1"}],"replies":[{"embeddable":true,"href":"https:\/\/www.eldigitaldeasturias.com\/noticias\/wp-json\/wp\/v2\/comments?post=813659"}],"version-history":[{"count":0,"href":"https:\/\/www.eldigitaldeasturias.com\/noticias\/wp-json\/wp\/v2\/posts\/813659\/revisions"}],"wp:featuredmedia":[{"embeddable":true,"href":"https:\/\/www.eldigitaldeasturias.com\/noticias\/wp-json\/wp\/v2\/media\/788444"}],"wp:attachment":[{"href":"https:\/\/www.eldigitaldeasturias.com\/noticias\/wp-json\/wp\/v2\/media?parent=813659"}],"wp:term":[{"taxonomy":"category","embeddable":true,"href":"https:\/\/www.eldigitaldeasturias.com\/noticias\/wp-json\/wp\/v2\/categories?post=813659"},{"taxonomy":"post_tag","embeddable":true,"href":"https:\/\/www.eldigitaldeasturias.com\/noticias\/wp-json\/wp\/v2\/tags?post=813659"}],"curies":[{"name":"wp","href":"https:\/\/api.w.org\/{rel}","templated":true}]}}