{"id":810664,"date":"2015-09-24T16:38:53","date_gmt":"2015-09-24T15:38:53","guid":{"rendered":"http:\/\/www.eldigitaldeasturias.com\/noticias\/?p=810664"},"modified":"2015-09-24T16:38:53","modified_gmt":"2015-09-24T15:38:53","slug":"renfe-decidira-en-un-mes-entre-telefonica-y-vodafone-para-subir-el-wifi-al-ave","status":"publish","type":"post","link":"https:\/\/www.eldigitaldeasturias.com\/noticias\/renfe-decidira-en-un-mes-entre-telefonica-y-vodafone-para-subir-el-wifi-al-ave\/","title":{"rendered":"Renfe decidir\u00e1 en un mes entre Telef\u00f3nica y Vodafone para subir el WiFi al AVE"},"content":{"rendered":"<p><img loading=\"lazy\" decoding=\"async\" class=\"alignleft size-medium wp-image-810665\" src=\"https:\/\/www.eldigitaldeasturias.com\/noticias\/wp-content\/uploads\/2015\/09\/fotonoticia_20150922130243_800-360x243.jpg\" alt=\"fotonoticia_20150922130243_800\" width=\"360\" height=\"243\" srcset=\"https:\/\/www.eldigitaldeasturias.com\/noticias\/wp-content\/uploads\/2015\/09\/fotonoticia_20150922130243_800-360x243.jpg 360w, https:\/\/www.eldigitaldeasturias.com\/noticias\/wp-content\/uploads\/2015\/09\/fotonoticia_20150922130243_800-650x438.jpg 650w, https:\/\/www.eldigitaldeasturias.com\/noticias\/wp-content\/uploads\/2015\/09\/fotonoticia_20150922130243_800.jpg 800w\" sizes=\"auto, (max-width: 360px) 100vw, 360px\" \/>Renfe adjudicar\u00e1 el pr\u00f3ximo mes de octubre el contrato para instalar el servicio de conexi\u00f3n inal\u00e1mbrica a Internet (WiFi) a bordo de los trenes AVE, un proyecto estimado en 188 millones de euros y por el que compiten Telef\u00f3nica y Vodafone.<\/p>\n<p>As\u00ed lo avanz\u00f3 la ministra de Fomento, Ana Pastor, quien indic\u00f3 que una vez se contrate, se comenzar\u00e1n a realizar pruebas para su puesta en marcha.<\/p>\n<p>En cuanto a la tambi\u00e9n anunciada instalaci\u00f3n de acceso a WiFi gratuito en las estaciones de Cercan\u00edas, Pastor anunci\u00f3 que en \u00ablos pr\u00f3ximos d\u00edas\u00bb se habilitar\u00e1 en las dos primeras, en la de Getafe (Madrid) y en la de Plaza de Catalu\u00f1a (Barcelona), seg\u00fan detall\u00f3 durante su intervenci\u00f3n en &#8216;Nueva Econom\u00eda Forum&#8217;.<\/p>\n<p>Respecto al contrato para instalar WiFi a bordo de los trenes AVE, la compa\u00f1\u00eda que resulte adjudicataria, adem\u00e1s de instalar y gestionar el servicio, tambi\u00e9n habilitar\u00e1 y explotar\u00e1 una plataforma de contenidos y servicios de entretenimiento, seg\u00fan consta en los pliegos del contrato.<\/p>\n<p>Renfe prev\u00e9 comenzar a ofrecer servicio WiFi a bordo de los primeros trenes AVE a finales de este a\u00f1o y, posteriormente, ir extendiendo este servicio de forma progresiva durante los pr\u00f3ximos dos ejercicios a todo el parque de 89 trenes AVE con que actualmente cuenta.<\/p>\n<p>Los planes de la operadora ferroviaria pasan por prestar un servicio b\u00e1sico, gratuito para todos los viajeros, y otro &#8216;premium&#8217; de pago, para conexiones de mayor capacidad, como pueden ser las que faciliten contenidos audiovisuales.<\/p>\n<p>El importe total del proyecto por el que pujan las dos &#8216;telecos&#8217; incluye los 40 millones de euros que Renfe invertir\u00e1 en su instalaci\u00f3n y el coste que le supondr\u00e1 el suministro de la conexi\u00f3n y la oferta de servicios audiovisuales a los viajeros durante un periodo de diez a\u00f1os.<\/p>\n<p><strong>SERVICIO \u00abESTRAT\u00c9GICO\u00bb PARA RENFE.<\/strong><\/p>\n<p>La compa\u00f1\u00eda ferroviaria considera \u00abestrat\u00e9gico\u00bb para la empresa la prestaci\u00f3n de este servicio, que se enmarca en su pol\u00edtica de fidelizaci\u00f3n del cliente.<\/p>\n<p>La fidelizaci\u00f3n del cliente y captaci\u00f3n de nuevos usuarios para el ferrocarril constituyen a su vez dos de los pilares en los que Renfe sustenta la consecuci\u00f3n su objetivo de superar las p\u00e9rdidas a finales de 2016, el fin \u00faltimo del plan estrat\u00e9gico &#8216;+Renfe&#8217; que actualmente desarrolla la operadora.<\/p>\n<p>La compa\u00f1\u00eda circunscribe tambi\u00e9n esta iniciativa en las medidas de mejora de la calidad que implementa para prepararse para un nuevo escenario del transporte de viajeros en tren abierto a la competencia.<\/p>\n","protected":false},"excerpt":{"rendered":"<p>Renfe adjudicar\u00e1 el pr\u00f3ximo mes de octubre el contrato para instalar el servicio de conexi\u00f3n inal\u00e1mbrica a Internet (WiFi) a bordo de los trenes AVE, un proyecto estimado en 188 millones de euros y por el que compiten Telef\u00f3nica y Vodafone. As\u00ed lo avanz\u00f3 la ministra de Fomento, Ana Pastor, quien indic\u00f3 que una vez [&hellip;]<\/p>\n","protected":false},"author":1,"featured_media":810665,"comment_status":"open","ping_status":"closed","sticky":false,"template":"","format":"standard","meta":{"footnotes":""},"categories":[148],"tags":[],"class_list":["post-810664","post","type-post","status-publish","format-standard","has-post-thumbnail","hentry","category-turismo"],"aioseo_notices":[],"aioseo_head":"\n\t\t<!-- All in One SEO Pro 4.9.6.2 - aioseo.com -->\n\t<meta name=\"description\" content=\"Renfe adjudicar\u00e1 el pr\u00f3ximo mes de octubre el contrato para instalar el servicio de conexi\u00f3n inal\u00e1mbrica a Internet (WiFi) a bordo de los trenes AVE, un proyecto estimado en 188 millones de euros y por el que compiten Telef\u00f3nica y Vodafone. As\u00ed lo avanz\u00f3 la ministra de Fomento, Ana Pastor, quien indic\u00f3 que una vez\" \/>\n\t<meta name=\"robots\" content=\"max-image-preview:large\" \/>\n\t<meta name=\"author\" content=\"El Digital de Asturias\"\/>\n\t<meta name=\"google-site-verification\" content=\"UA-38556648-1\" \/>\n\t<meta name=\"msvalidate.01\" content=\"7dfe9f3f1b24437ab69f4f2559babe99\" \/>\n\t<meta name=\"keywords\" content=\"turismo\" \/>\n\t<link rel=\"canonical\" href=\"https:\/\/www.eldigitaldeasturias.com\/noticias\/renfe-decidira-en-un-mes-entre-telefonica-y-vodafone-para-subir-el-wifi-al-ave\/\" \/>\n\t<meta name=\"generator\" content=\"All in One SEO Pro (AIOSEO) 4.9.6.2\" \/>\n\t\t<meta property=\"og:locale\" content=\"es_ES\" \/>\n\t\t<meta property=\"og:site_name\" content=\"El Digital de Asturias\" \/>\n\t\t<meta property=\"og:type\" content=\"article\" \/>\n\t\t<meta property=\"og:title\" content=\"Renfe decidir\u00e1 en un mes entre Telef\u00f3nica y Vodafone para subir el WiFi al AVE - El Digital de Asturias\" \/>\n\t\t<meta property=\"og:description\" content=\"Renfe adjudicar\u00e1 el pr\u00f3ximo mes de octubre el contrato para instalar el servicio de conexi\u00f3n inal\u00e1mbrica a Internet (WiFi) a bordo de los trenes AVE, un proyecto estimado en 188 millones de euros y por el que compiten Telef\u00f3nica y Vodafone. As\u00ed lo avanz\u00f3 la ministra de Fomento, Ana Pastor, quien indic\u00f3 que una vez\" \/>\n\t\t<meta property=\"og:url\" content=\"https:\/\/www.eldigitaldeasturias.com\/noticias\/renfe-decidira-en-un-mes-entre-telefonica-y-vodafone-para-subir-el-wifi-al-ave\/\" \/>\n\t\t<meta property=\"og:image\" content=\"https:\/\/www.eldigitaldeasturias.com\/noticias\/wp-content\/uploads\/2015\/09\/fotonoticia_20150922130243_800.jpg\" \/>\n\t\t<meta property=\"og:image:secure_url\" content=\"https:\/\/www.eldigitaldeasturias.com\/noticias\/wp-content\/uploads\/2015\/09\/fotonoticia_20150922130243_800.jpg\" \/>\n\t\t<meta property=\"og:image:width\" content=\"800\" \/>\n\t\t<meta property=\"og:image:height\" content=\"539\" \/>\n\t\t<meta property=\"article:tag\" content=\"turismo\" \/>\n\t\t<meta property=\"article:published_time\" content=\"2015-09-24T15:38:53+00:00\" \/>\n\t\t<meta property=\"article:modified_time\" content=\"2015-09-24T15:38:53+00:00\" \/>\n\t\t<meta property=\"article:publisher\" content=\"https:\/\/facebook.com\/eldigitaldeasturias\" \/>\n\t\t<meta name=\"twitter:card\" content=\"summary_large_image\" \/>\n\t\t<meta name=\"twitter:title\" content=\"Renfe decidir\u00e1 en un mes entre Telef\u00f3nica y Vodafone para subir el WiFi al AVE - El Digital de Asturias\" \/>\n\t\t<meta name=\"twitter:description\" content=\"Renfe adjudicar\u00e1 el pr\u00f3ximo mes de octubre el contrato para instalar el servicio de conexi\u00f3n inal\u00e1mbrica a Internet (WiFi) a bordo de los trenes AVE, un proyecto estimado en 188 millones de euros y por el que compiten Telef\u00f3nica y Vodafone. As\u00ed lo avanz\u00f3 la ministra de Fomento, Ana Pastor, quien indic\u00f3 que una vez\" \/>\n\t\t<meta name=\"twitter:image\" content=\"https:\/\/www.eldigitaldeasturias.com\/noticias\/wp-content\/uploads\/2015\/09\/fotonoticia_20150922130243_800.jpg\" \/>\n\t\t<meta name=\"twitter:label1\" content=\"Escrito por\" \/>\n\t\t<meta name=\"twitter:data1\" content=\"El Digital de Asturias\" \/>\n\t\t<meta name=\"twitter:label2\" content=\"Tiempo de lectura estimado\" \/>\n\t\t<meta name=\"twitter:data2\" content=\"2 minutos\" \/>\n\t\t<script type=\"application\/ld+json\" class=\"aioseo-schema\">\n\t\t\t{\"@context\":\"https:\\\/\\\/schema.org\",\"@graph\":[{\"@type\":\"BlogPosting\",\"@id\":\"https:\\\/\\\/www.eldigitaldeasturias.com\\\/noticias\\\/renfe-decidira-en-un-mes-entre-telefonica-y-vodafone-para-subir-el-wifi-al-ave\\\/#blogposting\",\"name\":\"Renfe decidir\\u00e1 en un mes entre Telef\\u00f3nica y Vodafone para subir el WiFi al AVE - El Digital de Asturias\",\"headline\":\"Renfe decidir\\u00e1 en un mes entre Telef\\u00f3nica y Vodafone para subir el WiFi al AVE\",\"author\":{\"@id\":\"https:\\\/\\\/www.eldigitaldeasturias.com\\\/noticias\\\/author\\\/admin\\\/#author\"},\"publisher\":{\"@id\":\"https:\\\/\\\/www.eldigitaldeasturias.com\\\/noticias\\\/#organization\"},\"image\":{\"@type\":\"ImageObject\",\"url\":\"https:\\\/\\\/www.eldigitaldeasturias.com\\\/noticias\\\/wp-content\\\/uploads\\\/2015\\\/09\\\/fotonoticia_20150922130243_800.jpg\",\"width\":800,\"height\":539},\"datePublished\":\"2015-09-24T16:38:53+02:00\",\"dateModified\":\"2015-09-24T16:38:53+02:00\",\"inLanguage\":\"es-ES\",\"mainEntityOfPage\":{\"@id\":\"https:\\\/\\\/www.eldigitaldeasturias.com\\\/noticias\\\/renfe-decidira-en-un-mes-entre-telefonica-y-vodafone-para-subir-el-wifi-al-ave\\\/#webpage\"},\"isPartOf\":{\"@id\":\"https:\\\/\\\/www.eldigitaldeasturias.com\\\/noticias\\\/renfe-decidira-en-un-mes-entre-telefonica-y-vodafone-para-subir-el-wifi-al-ave\\\/#webpage\"},\"articleSection\":\"Turismo\"},{\"@type\":\"BreadcrumbList\",\"@id\":\"https:\\\/\\\/www.eldigitaldeasturias.com\\\/noticias\\\/renfe-decidira-en-un-mes-entre-telefonica-y-vodafone-para-subir-el-wifi-al-ave\\\/#breadcrumblist\",\"itemListElement\":[{\"@type\":\"ListItem\",\"@id\":\"https:\\\/\\\/www.eldigitaldeasturias.com\\\/noticias#listItem\",\"position\":1,\"name\":\"Home\",\"item\":\"https:\\\/\\\/www.eldigitaldeasturias.com\\\/noticias\",\"nextItem\":{\"@type\":\"ListItem\",\"@id\":\"https:\\\/\\\/www.eldigitaldeasturias.com\\\/noticias\\\/category\\\/turismo\\\/#listItem\",\"name\":\"Turismo\"}},{\"@type\":\"ListItem\",\"@id\":\"https:\\\/\\\/www.eldigitaldeasturias.com\\\/noticias\\\/category\\\/turismo\\\/#listItem\",\"position\":2,\"name\":\"Turismo\",\"item\":\"https:\\\/\\\/www.eldigitaldeasturias.com\\\/noticias\\\/category\\\/turismo\\\/\",\"nextItem\":{\"@type\":\"ListItem\",\"@id\":\"https:\\\/\\\/www.eldigitaldeasturias.com\\\/noticias\\\/renfe-decidira-en-un-mes-entre-telefonica-y-vodafone-para-subir-el-wifi-al-ave\\\/#listItem\",\"name\":\"Renfe decidir\\u00e1 en un mes entre Telef\\u00f3nica y Vodafone para subir el WiFi al AVE\"},\"previousItem\":{\"@type\":\"ListItem\",\"@id\":\"https:\\\/\\\/www.eldigitaldeasturias.com\\\/noticias#listItem\",\"name\":\"Home\"}},{\"@type\":\"ListItem\",\"@id\":\"https:\\\/\\\/www.eldigitaldeasturias.com\\\/noticias\\\/renfe-decidira-en-un-mes-entre-telefonica-y-vodafone-para-subir-el-wifi-al-ave\\\/#listItem\",\"position\":3,\"name\":\"Renfe decidir\\u00e1 en un mes entre Telef\\u00f3nica y Vodafone para subir el WiFi al AVE\",\"previousItem\":{\"@type\":\"ListItem\",\"@id\":\"https:\\\/\\\/www.eldigitaldeasturias.com\\\/noticias\\\/category\\\/turismo\\\/#listItem\",\"name\":\"Turismo\"}}]},{\"@type\":\"Organization\",\"@id\":\"https:\\\/\\\/www.eldigitaldeasturias.com\\\/noticias\\\/#organization\",\"name\":\"El Digital de Asturias\",\"description\":\"Hemeroteca\",\"url\":\"https:\\\/\\\/www.eldigitaldeasturias.com\\\/noticias\\\/\",\"email\":\"info@eldigitaldeasturias.com\",\"telephone\":\"+34652131393\",\"logo\":{\"@type\":\"ImageObject\",\"url\":\"https:\\\/\\\/www.eldigitaldeasturias.com\\\/noticias\\\/wp-content\\\/uploads\\\/2020\\\/12\\\/EDA.jpg\",\"@id\":\"https:\\\/\\\/www.eldigitaldeasturias.com\\\/noticias\\\/renfe-decidira-en-un-mes-entre-telefonica-y-vodafone-para-subir-el-wifi-al-ave\\\/#organizationLogo\",\"width\":649,\"height\":297},\"image\":{\"@id\":\"https:\\\/\\\/www.eldigitaldeasturias.com\\\/noticias\\\/renfe-decidira-en-un-mes-entre-telefonica-y-vodafone-para-subir-el-wifi-al-ave\\\/#organizationLogo\"},\"sameAs\":[\"https:\\\/\\\/facebook.com\\\/eldigitaldeasturias\",\"https:\\\/\\\/www.youtube.com\\\/channel\\\/UCZP-2wLEB9Rv6erhFmqVnvg\"],\"address\":{\"@id\":\"https:\\\/\\\/www.eldigitaldeasturias.com\\\/noticias\\\/#postaladdress\",\"@type\":\"PostalAddress\",\"streetAddress\":\"san antonio 4,\",\"postalCode\":\"33430\",\"addressLocality\":\"Cand\\u00e1s\",\"addressRegion\":\"Asturias\",\"addressCountry\":\"ES\"}},{\"@type\":\"Person\",\"@id\":\"https:\\\/\\\/www.eldigitaldeasturias.com\\\/noticias\\\/author\\\/admin\\\/#author\",\"url\":\"https:\\\/\\\/www.eldigitaldeasturias.com\\\/noticias\\\/author\\\/admin\\\/\",\"name\":\"El Digital de Asturias\",\"image\":{\"@type\":\"ImageObject\",\"@id\":\"https:\\\/\\\/www.eldigitaldeasturias.com\\\/noticias\\\/renfe-decidira-en-un-mes-entre-telefonica-y-vodafone-para-subir-el-wifi-al-ave\\\/#authorImage\",\"url\":\"https:\\\/\\\/www.eldigitaldeasturias.com\\\/noticias\\\/wp-content\\\/litespeed\\\/avatar\\\/18677e78aa0546b92d9dbf31ec7d7668.jpg?ver=1777290358\",\"width\":96,\"height\":96,\"caption\":\"El Digital de Asturias\"}},{\"@type\":\"WebPage\",\"@id\":\"https:\\\/\\\/www.eldigitaldeasturias.com\\\/noticias\\\/renfe-decidira-en-un-mes-entre-telefonica-y-vodafone-para-subir-el-wifi-al-ave\\\/#webpage\",\"url\":\"https:\\\/\\\/www.eldigitaldeasturias.com\\\/noticias\\\/renfe-decidira-en-un-mes-entre-telefonica-y-vodafone-para-subir-el-wifi-al-ave\\\/\",\"name\":\"Renfe decidir\\u00e1 en un mes entre Telef\\u00f3nica y Vodafone para subir el WiFi al AVE - El Digital de Asturias\",\"description\":\"Renfe adjudicar\\u00e1 el pr\\u00f3ximo mes de octubre el contrato para instalar el servicio de conexi\\u00f3n inal\\u00e1mbrica a Internet (WiFi) a bordo de los trenes AVE, un proyecto estimado en 188 millones de euros y por el que compiten Telef\\u00f3nica y Vodafone. As\\u00ed lo avanz\\u00f3 la ministra de Fomento, Ana Pastor, quien indic\\u00f3 que una vez\",\"inLanguage\":\"es-ES\",\"isPartOf\":{\"@id\":\"https:\\\/\\\/www.eldigitaldeasturias.com\\\/noticias\\\/#website\"},\"breadcrumb\":{\"@id\":\"https:\\\/\\\/www.eldigitaldeasturias.com\\\/noticias\\\/renfe-decidira-en-un-mes-entre-telefonica-y-vodafone-para-subir-el-wifi-al-ave\\\/#breadcrumblist\"},\"author\":{\"@id\":\"https:\\\/\\\/www.eldigitaldeasturias.com\\\/noticias\\\/author\\\/admin\\\/#author\"},\"creator\":{\"@id\":\"https:\\\/\\\/www.eldigitaldeasturias.com\\\/noticias\\\/author\\\/admin\\\/#author\"},\"image\":{\"@type\":\"ImageObject\",\"url\":\"https:\\\/\\\/www.eldigitaldeasturias.com\\\/noticias\\\/wp-content\\\/uploads\\\/2015\\\/09\\\/fotonoticia_20150922130243_800.jpg\",\"@id\":\"https:\\\/\\\/www.eldigitaldeasturias.com\\\/noticias\\\/renfe-decidira-en-un-mes-entre-telefonica-y-vodafone-para-subir-el-wifi-al-ave\\\/#mainImage\",\"width\":800,\"height\":539},\"primaryImageOfPage\":{\"@id\":\"https:\\\/\\\/www.eldigitaldeasturias.com\\\/noticias\\\/renfe-decidira-en-un-mes-entre-telefonica-y-vodafone-para-subir-el-wifi-al-ave\\\/#mainImage\"},\"datePublished\":\"2015-09-24T16:38:53+02:00\",\"dateModified\":\"2015-09-24T16:38:53+02:00\"},{\"@type\":\"WebSite\",\"@id\":\"https:\\\/\\\/www.eldigitaldeasturias.com\\\/noticias\\\/#website\",\"url\":\"https:\\\/\\\/www.eldigitaldeasturias.com\\\/noticias\\\/\",\"name\":\"El Digital de Asturias - Diario de actualidad y noticias\",\"alternateName\":\"El Digital de Asturias - Diario de actualidad y noticias\",\"description\":\"Hemeroteca\",\"inLanguage\":\"es-ES\",\"publisher\":{\"@id\":\"https:\\\/\\\/www.eldigitaldeasturias.com\\\/noticias\\\/#organization\"}}]}\n\t\t<\/script>\n\t\t<!-- All in One SEO Pro -->\r\n\t\t<title>Renfe decidir\u00e1 en un mes entre Telef\u00f3nica y Vodafone para subir el WiFi al AVE - El Digital de Asturias<\/title>\n\n","aioseo_head_json":{"title":"Renfe decidir\u00e1 en un mes entre Telef\u00f3nica y Vodafone para subir el WiFi al AVE - El Digital de Asturias","description":"Renfe adjudicar\u00e1 el pr\u00f3ximo mes de octubre el contrato para instalar el servicio de conexi\u00f3n inal\u00e1mbrica a Internet (WiFi) a bordo de los trenes AVE, un proyecto estimado en 188 millones de euros y por el que compiten Telef\u00f3nica y Vodafone. As\u00ed lo avanz\u00f3 la ministra de Fomento, Ana Pastor, quien indic\u00f3 que una vez","canonical_url":"https:\/\/www.eldigitaldeasturias.com\/noticias\/renfe-decidira-en-un-mes-entre-telefonica-y-vodafone-para-subir-el-wifi-al-ave\/","robots":"max-image-preview:large","keywords":"turismo","webmasterTools":{"google-site-verification":"UA-38556648-1","msvalidate.01":"7dfe9f3f1b24437ab69f4f2559babe99","miscellaneous":""},"schema":{"@context":"https:\/\/schema.org","@graph":[{"@type":"BlogPosting","@id":"https:\/\/www.eldigitaldeasturias.com\/noticias\/renfe-decidira-en-un-mes-entre-telefonica-y-vodafone-para-subir-el-wifi-al-ave\/#blogposting","name":"Renfe decidir\u00e1 en un mes entre Telef\u00f3nica y Vodafone para subir el WiFi al AVE - El Digital de Asturias","headline":"Renfe decidir\u00e1 en un mes entre Telef\u00f3nica y Vodafone para subir el WiFi al AVE","author":{"@id":"https:\/\/www.eldigitaldeasturias.com\/noticias\/author\/admin\/#author"},"publisher":{"@id":"https:\/\/www.eldigitaldeasturias.com\/noticias\/#organization"},"image":{"@type":"ImageObject","url":"https:\/\/www.eldigitaldeasturias.com\/noticias\/wp-content\/uploads\/2015\/09\/fotonoticia_20150922130243_800.jpg","width":800,"height":539},"datePublished":"2015-09-24T16:38:53+02:00","dateModified":"2015-09-24T16:38:53+02:00","inLanguage":"es-ES","mainEntityOfPage":{"@id":"https:\/\/www.eldigitaldeasturias.com\/noticias\/renfe-decidira-en-un-mes-entre-telefonica-y-vodafone-para-subir-el-wifi-al-ave\/#webpage"},"isPartOf":{"@id":"https:\/\/www.eldigitaldeasturias.com\/noticias\/renfe-decidira-en-un-mes-entre-telefonica-y-vodafone-para-subir-el-wifi-al-ave\/#webpage"},"articleSection":"Turismo"},{"@type":"BreadcrumbList","@id":"https:\/\/www.eldigitaldeasturias.com\/noticias\/renfe-decidira-en-un-mes-entre-telefonica-y-vodafone-para-subir-el-wifi-al-ave\/#breadcrumblist","itemListElement":[{"@type":"ListItem","@id":"https:\/\/www.eldigitaldeasturias.com\/noticias#listItem","position":1,"name":"Home","item":"https:\/\/www.eldigitaldeasturias.com\/noticias","nextItem":{"@type":"ListItem","@id":"https:\/\/www.eldigitaldeasturias.com\/noticias\/category\/turismo\/#listItem","name":"Turismo"}},{"@type":"ListItem","@id":"https:\/\/www.eldigitaldeasturias.com\/noticias\/category\/turismo\/#listItem","position":2,"name":"Turismo","item":"https:\/\/www.eldigitaldeasturias.com\/noticias\/category\/turismo\/","nextItem":{"@type":"ListItem","@id":"https:\/\/www.eldigitaldeasturias.com\/noticias\/renfe-decidira-en-un-mes-entre-telefonica-y-vodafone-para-subir-el-wifi-al-ave\/#listItem","name":"Renfe decidir\u00e1 en un mes entre Telef\u00f3nica y Vodafone para subir el WiFi al AVE"},"previousItem":{"@type":"ListItem","@id":"https:\/\/www.eldigitaldeasturias.com\/noticias#listItem","name":"Home"}},{"@type":"ListItem","@id":"https:\/\/www.eldigitaldeasturias.com\/noticias\/renfe-decidira-en-un-mes-entre-telefonica-y-vodafone-para-subir-el-wifi-al-ave\/#listItem","position":3,"name":"Renfe decidir\u00e1 en un mes entre Telef\u00f3nica y Vodafone para subir el WiFi al AVE","previousItem":{"@type":"ListItem","@id":"https:\/\/www.eldigitaldeasturias.com\/noticias\/category\/turismo\/#listItem","name":"Turismo"}}]},{"@type":"Organization","@id":"https:\/\/www.eldigitaldeasturias.com\/noticias\/#organization","name":"El Digital de Asturias","description":"Hemeroteca","url":"https:\/\/www.eldigitaldeasturias.com\/noticias\/","email":"info@eldigitaldeasturias.com","telephone":"+34652131393","logo":{"@type":"ImageObject","url":"https:\/\/www.eldigitaldeasturias.com\/noticias\/wp-content\/uploads\/2020\/12\/EDA.jpg","@id":"https:\/\/www.eldigitaldeasturias.com\/noticias\/renfe-decidira-en-un-mes-entre-telefonica-y-vodafone-para-subir-el-wifi-al-ave\/#organizationLogo","width":649,"height":297},"image":{"@id":"https:\/\/www.eldigitaldeasturias.com\/noticias\/renfe-decidira-en-un-mes-entre-telefonica-y-vodafone-para-subir-el-wifi-al-ave\/#organizationLogo"},"sameAs":["https:\/\/facebook.com\/eldigitaldeasturias","https:\/\/www.youtube.com\/channel\/UCZP-2wLEB9Rv6erhFmqVnvg"],"address":{"@id":"https:\/\/www.eldigitaldeasturias.com\/noticias\/#postaladdress","@type":"PostalAddress","streetAddress":"san antonio 4,","postalCode":"33430","addressLocality":"Cand\u00e1s","addressRegion":"Asturias","addressCountry":"ES"}},{"@type":"Person","@id":"https:\/\/www.eldigitaldeasturias.com\/noticias\/author\/admin\/#author","url":"https:\/\/www.eldigitaldeasturias.com\/noticias\/author\/admin\/","name":"El Digital de Asturias","image":{"@type":"ImageObject","@id":"https:\/\/www.eldigitaldeasturias.com\/noticias\/renfe-decidira-en-un-mes-entre-telefonica-y-vodafone-para-subir-el-wifi-al-ave\/#authorImage","url":"https:\/\/www.eldigitaldeasturias.com\/noticias\/wp-content\/litespeed\/avatar\/18677e78aa0546b92d9dbf31ec7d7668.jpg?ver=1777290358","width":96,"height":96,"caption":"El Digital de Asturias"}},{"@type":"WebPage","@id":"https:\/\/www.eldigitaldeasturias.com\/noticias\/renfe-decidira-en-un-mes-entre-telefonica-y-vodafone-para-subir-el-wifi-al-ave\/#webpage","url":"https:\/\/www.eldigitaldeasturias.com\/noticias\/renfe-decidira-en-un-mes-entre-telefonica-y-vodafone-para-subir-el-wifi-al-ave\/","name":"Renfe decidir\u00e1 en un mes entre Telef\u00f3nica y Vodafone para subir el WiFi al AVE - El Digital de Asturias","description":"Renfe adjudicar\u00e1 el pr\u00f3ximo mes de octubre el contrato para instalar el servicio de conexi\u00f3n inal\u00e1mbrica a Internet (WiFi) a bordo de los trenes AVE, un proyecto estimado en 188 millones de euros y por el que compiten Telef\u00f3nica y Vodafone. As\u00ed lo avanz\u00f3 la ministra de Fomento, Ana Pastor, quien indic\u00f3 que una vez","inLanguage":"es-ES","isPartOf":{"@id":"https:\/\/www.eldigitaldeasturias.com\/noticias\/#website"},"breadcrumb":{"@id":"https:\/\/www.eldigitaldeasturias.com\/noticias\/renfe-decidira-en-un-mes-entre-telefonica-y-vodafone-para-subir-el-wifi-al-ave\/#breadcrumblist"},"author":{"@id":"https:\/\/www.eldigitaldeasturias.com\/noticias\/author\/admin\/#author"},"creator":{"@id":"https:\/\/www.eldigitaldeasturias.com\/noticias\/author\/admin\/#author"},"image":{"@type":"ImageObject","url":"https:\/\/www.eldigitaldeasturias.com\/noticias\/wp-content\/uploads\/2015\/09\/fotonoticia_20150922130243_800.jpg","@id":"https:\/\/www.eldigitaldeasturias.com\/noticias\/renfe-decidira-en-un-mes-entre-telefonica-y-vodafone-para-subir-el-wifi-al-ave\/#mainImage","width":800,"height":539},"primaryImageOfPage":{"@id":"https:\/\/www.eldigitaldeasturias.com\/noticias\/renfe-decidira-en-un-mes-entre-telefonica-y-vodafone-para-subir-el-wifi-al-ave\/#mainImage"},"datePublished":"2015-09-24T16:38:53+02:00","dateModified":"2015-09-24T16:38:53+02:00"},{"@type":"WebSite","@id":"https:\/\/www.eldigitaldeasturias.com\/noticias\/#website","url":"https:\/\/www.eldigitaldeasturias.com\/noticias\/","name":"El Digital de Asturias - Diario de actualidad y noticias","alternateName":"El Digital de Asturias - Diario de actualidad y noticias","description":"Hemeroteca","inLanguage":"es-ES","publisher":{"@id":"https:\/\/www.eldigitaldeasturias.com\/noticias\/#organization"}}]},"og:locale":"es_ES","og:site_name":"El Digital de Asturias","og:type":"article","og:title":"Renfe decidir\u00e1 en un mes entre Telef\u00f3nica y Vodafone para subir el WiFi al AVE - El Digital de Asturias","og:description":"Renfe adjudicar\u00e1 el pr\u00f3ximo mes de octubre el contrato para instalar el servicio de conexi\u00f3n inal\u00e1mbrica a Internet (WiFi) a bordo de los trenes AVE, un proyecto estimado en 188 millones de euros y por el que compiten Telef\u00f3nica y Vodafone. As\u00ed lo avanz\u00f3 la ministra de Fomento, Ana Pastor, quien indic\u00f3 que una vez","og:url":"https:\/\/www.eldigitaldeasturias.com\/noticias\/renfe-decidira-en-un-mes-entre-telefonica-y-vodafone-para-subir-el-wifi-al-ave\/","og:image":"https:\/\/www.eldigitaldeasturias.com\/noticias\/wp-content\/uploads\/2015\/09\/fotonoticia_20150922130243_800.jpg","og:image:secure_url":"https:\/\/www.eldigitaldeasturias.com\/noticias\/wp-content\/uploads\/2015\/09\/fotonoticia_20150922130243_800.jpg","og:image:width":800,"og:image:height":539,"article:tag":["turismo"],"article:published_time":"2015-09-24T15:38:53+00:00","article:modified_time":"2015-09-24T15:38:53+00:00","article:publisher":"https:\/\/facebook.com\/eldigitaldeasturias","twitter:card":"summary_large_image","twitter:title":"Renfe decidir\u00e1 en un mes entre Telef\u00f3nica y Vodafone para subir el WiFi al AVE - El Digital de Asturias","twitter:description":"Renfe adjudicar\u00e1 el pr\u00f3ximo mes de octubre el contrato para instalar el servicio de conexi\u00f3n inal\u00e1mbrica a Internet (WiFi) a bordo de los trenes AVE, un proyecto estimado en 188 millones de euros y por el que compiten Telef\u00f3nica y Vodafone. As\u00ed lo avanz\u00f3 la ministra de Fomento, Ana Pastor, quien indic\u00f3 que una vez","twitter:image":"https:\/\/www.eldigitaldeasturias.com\/noticias\/wp-content\/uploads\/2015\/09\/fotonoticia_20150922130243_800.jpg","twitter:label1":"Escrito por","twitter:data1":"El Digital de Asturias","twitter:label2":"Tiempo de lectura estimado","twitter:data2":"2 minutos"},"aioseo_meta_data":{"post_id":"810664","title":null,"description":null,"keywords":null,"keyphrases":null,"primary_term":null,"canonical_url":null,"og_title":null,"og_description":null,"og_object_type":"default","og_image_type":"default","og_image_url":null,"og_image_width":null,"og_image_height":null,"og_image_custom_url":null,"og_image_custom_fields":null,"og_video":null,"og_custom_url":null,"og_article_section":null,"og_article_tags":null,"twitter_use_og":false,"twitter_card":"default","twitter_image_type":"default","twitter_image_url":null,"twitter_image_custom_url":null,"twitter_image_custom_fields":null,"twitter_title":null,"twitter_description":null,"schema":{"blockGraphs":[],"customGraphs":[],"default":{"data":{"Article":[],"Course":[],"Dataset":[],"FAQPage":[],"Movie":[],"Person":[],"Product":[],"ProductReview":[],"Car":[],"Recipe":[],"Service":[],"SoftwareApplication":[],"WebPage":[]},"graphName":"","isEnabled":true},"graphs":[],"defaultGraph":"","defaultPostTypeGraph":""},"schema_type":null,"schema_type_options":null,"pillar_content":false,"robots_default":true,"robots_noindex":false,"robots_noarchive":false,"robots_nosnippet":false,"robots_nofollow":false,"robots_noimageindex":false,"robots_noodp":false,"robots_notranslate":false,"robots_max_snippet":null,"robots_max_videopreview":null,"robots_max_imagepreview":"large","priority":null,"frequency":null,"local_seo":null,"seo_analyzer_scan_date":"2025-12-23 08:24:14","breadcrumb_settings":null,"limit_modified_date":false,"open_ai":null,"ai":null,"created":"2021-01-23 09:31:18","updated":"2025-12-23 08:24:14"},"aioseo_breadcrumb":"<div class=\"aioseo-breadcrumbs\"><span class=\"aioseo-breadcrumb\">\n\t<a href=\"https:\/\/www.eldigitaldeasturias.com\/noticias\" title=\"Home\">Home<\/a>\n<\/span><span class=\"aioseo-breadcrumb-separator\">\u2013<\/span><span class=\"aioseo-breadcrumb\">\n\t<a href=\"https:\/\/www.eldigitaldeasturias.com\/noticias\/category\/turismo\/\" title=\"Turismo\">Turismo<\/a>\n<\/span><span class=\"aioseo-breadcrumb-separator\">\u2013<\/span><span class=\"aioseo-breadcrumb\">\n\t<a href=\"https:\/\/www.eldigitaldeasturias.com\/noticias\/renfe-decidira-en-un-mes-entre-telefonica-y-vodafone-para-subir-el-wifi-al-ave\/\" title=\"Renfe decidir\u00e1 en un mes entre Telef\u00f3nica y Vodafone para subir el WiFi al AVE\">Renfe decidir\u00e1 en un mes entre Telef\u00f3nica y Vodafone para subir el WiFi al AVE<\/a>\n<\/span><\/div>","aioseo_breadcrumb_json":[{"label":"Home","link":"https:\/\/www.eldigitaldeasturias.com\/noticias"},{"label":"Turismo","link":"https:\/\/www.eldigitaldeasturias.com\/noticias\/category\/turismo\/"},{"label":"Renfe decidir\u00e1 en un mes entre Telef\u00f3nica y Vodafone para subir el WiFi al AVE","link":"https:\/\/www.eldigitaldeasturias.com\/noticias\/renfe-decidira-en-un-mes-entre-telefonica-y-vodafone-para-subir-el-wifi-al-ave\/"}],"_links":{"self":[{"href":"https:\/\/www.eldigitaldeasturias.com\/noticias\/wp-json\/wp\/v2\/posts\/810664","targetHints":{"allow":["GET"]}}],"collection":[{"href":"https:\/\/www.eldigitaldeasturias.com\/noticias\/wp-json\/wp\/v2\/posts"}],"about":[{"href":"https:\/\/www.eldigitaldeasturias.com\/noticias\/wp-json\/wp\/v2\/types\/post"}],"author":[{"embeddable":true,"href":"https:\/\/www.eldigitaldeasturias.com\/noticias\/wp-json\/wp\/v2\/users\/1"}],"replies":[{"embeddable":true,"href":"https:\/\/www.eldigitaldeasturias.com\/noticias\/wp-json\/wp\/v2\/comments?post=810664"}],"version-history":[{"count":0,"href":"https:\/\/www.eldigitaldeasturias.com\/noticias\/wp-json\/wp\/v2\/posts\/810664\/revisions"}],"wp:featuredmedia":[{"embeddable":true,"href":"https:\/\/www.eldigitaldeasturias.com\/noticias\/wp-json\/wp\/v2\/media\/810665"}],"wp:attachment":[{"href":"https:\/\/www.eldigitaldeasturias.com\/noticias\/wp-json\/wp\/v2\/media?parent=810664"}],"wp:term":[{"taxonomy":"category","embeddable":true,"href":"https:\/\/www.eldigitaldeasturias.com\/noticias\/wp-json\/wp\/v2\/categories?post=810664"},{"taxonomy":"post_tag","embeddable":true,"href":"https:\/\/www.eldigitaldeasturias.com\/noticias\/wp-json\/wp\/v2\/tags?post=810664"}],"curies":[{"name":"wp","href":"https:\/\/api.w.org\/{rel}","templated":true}]}}