{"id":802260,"date":"2015-08-13T16:05:06","date_gmt":"2015-08-13T15:05:06","guid":{"rendered":"http:\/\/www.eldigitaldeasturias.com\/noticias\/?p=802260"},"modified":"2015-08-13T16:05:06","modified_gmt":"2015-08-13T15:05:06","slug":"renfe-refuerza-los-servicios-en-la-noche-de-los-fuegos-de-gijon","status":"publish","type":"post","link":"https:\/\/www.eldigitaldeasturias.com\/noticias\/renfe-refuerza-los-servicios-en-la-noche-de-los-fuegos-de-gijon\/","title":{"rendered":"Renfe refuerza los servicios en la noche de los fuegos de Gij\u00f3n"},"content":{"rendered":"<p><img loading=\"lazy\" decoding=\"async\" class=\"alignleft size-medium wp-image-802261\" src=\"https:\/\/www.eldigitaldeasturias.com\/noticias\/wp-content\/uploads\/2015\/08\/fotonoticia_20150813123507_800-215x320.jpg\" alt=\"fotonoticia_20150813123507_800\" width=\"215\" height=\"320\" srcset=\"https:\/\/www.eldigitaldeasturias.com\/noticias\/wp-content\/uploads\/2015\/08\/fotonoticia_20150813123507_800-215x320.jpg 215w, https:\/\/www.eldigitaldeasturias.com\/noticias\/wp-content\/uploads\/2015\/08\/fotonoticia_20150813123507_800-436x650.jpg 436w, https:\/\/www.eldigitaldeasturias.com\/noticias\/wp-content\/uploads\/2015\/08\/fotonoticia_20150813123507_800.jpg 800w\" sizes=\"auto, (max-width: 215px) 100vw, 215px\" \/>La operadora Renfe ha decidido reforzar sus servicios de Cercan\u00edas y Ancho M\u00e9trico con trenes Luna y especiales en la Noche de los Fuegos de Gij\u00f3n este viernes.<\/p>\n<p>Para ello se pondr\u00e1 en circulaci\u00f3n un tren especial de Ancho M\u00e9trico para facilitar la asistencia desde El Berr\u00f3n a Gij\u00f3n, seg\u00fan ha informado la compa\u00f1\u00eda en una nota de prensa.<\/p>\n<p>El regreso en la madrugada del s\u00e1bado 15 se cubrir\u00e1 con los trenes Luna de Renfe Cercan\u00edas a Oviedo y Pola de Lena y con los de Ancho M\u00e9trico a Avil\u00e9s y Laviana.<\/p>\n<p>Para regresar desde Gij\u00f3n, Renfe Cercan\u00edas ha programado la circulaci\u00f3n especial de cinco trenes Luna entre las 2.00 horas y las 7.05 horas de la madrugada del 15 de agosto.<\/p>\n<p>Los trenes que salen de Gij\u00f3n a las 2.00 horas y a las 4.00 horas circular\u00e1n solo hasta Oviedo, mientras que los trenes con salida a las 2.30, 5.00, y 7.05 horas continuar\u00e1n su recorrido hasta Pola de Lena. Asimismo, se mantiene el tren regular con salida de Gij\u00f3n a las 6.00 horas.<\/p>\n<p>El tren con salida de Gij\u00f3n a las 2.00 horas parar\u00e1 \u00fanicamente en las estaciones de Lugo de Llanera, Lugones, La Corredoria y Oviedo, mientras que el resto realizar\u00e1n parada en todas las estaciones de su recorrido excepto en Villabona-Tabladiello y El Caleyo.<\/p>\n<p>Los servicios especiales de Renfe Ancho M\u00e9trico en la Noche de los Fuegos incluyen un tren especial a Gij\u00f3n con salida de El Berr\u00f3n a las 22.00 horas y un total de seis trenes especiales que salen en la madrugada del s\u00e1bado desde Gij\u00f3n con destino Avil\u00e9s y Laviana.<\/p>\n<p>Son tres los trenes que unen Gij\u00f3n con Avil\u00e9s a las 2.00 horas, a las 4.00 horas y a las 6.00 horas y otros tres los que circulan hasta Laviana con el mismo horario.<\/p>\n","protected":false},"excerpt":{"rendered":"<p>La operadora Renfe ha decidido reforzar sus servicios de Cercan\u00edas y Ancho M\u00e9trico con trenes Luna y especiales en la Noche de los Fuegos de Gij\u00f3n este viernes. Para ello se pondr\u00e1 en circulaci\u00f3n un tren especial de Ancho M\u00e9trico para facilitar la asistencia desde El Berr\u00f3n a Gij\u00f3n, seg\u00fan ha informado la compa\u00f1\u00eda en [&hellip;]<\/p>\n","protected":false},"author":1,"featured_media":802261,"comment_status":"closed","ping_status":"closed","sticky":false,"template":"","format":"standard","meta":{"footnotes":""},"categories":[148],"tags":[],"class_list":["post-802260","post","type-post","status-publish","format-standard","has-post-thumbnail","hentry","category-turismo"],"aioseo_notices":[],"aioseo_head":"\n\t\t<!-- All in One SEO Pro 4.9.6.2 - aioseo.com -->\n\t<meta name=\"description\" content=\"La operadora Renfe ha decidido reforzar sus servicios de Cercan\u00edas y Ancho M\u00e9trico con trenes Luna y especiales en la Noche de los Fuegos de Gij\u00f3n este viernes. Para ello se pondr\u00e1 en circulaci\u00f3n un tren especial de Ancho M\u00e9trico para facilitar la asistencia desde El Berr\u00f3n a Gij\u00f3n, seg\u00fan ha informado la compa\u00f1\u00eda en\" \/>\n\t<meta name=\"robots\" content=\"max-image-preview:large\" \/>\n\t<meta name=\"author\" content=\"El Digital de Asturias\"\/>\n\t<meta name=\"google-site-verification\" content=\"UA-38556648-1\" \/>\n\t<meta name=\"msvalidate.01\" content=\"7dfe9f3f1b24437ab69f4f2559babe99\" \/>\n\t<meta name=\"keywords\" content=\"turismo\" \/>\n\t<link rel=\"canonical\" href=\"https:\/\/www.eldigitaldeasturias.com\/noticias\/renfe-refuerza-los-servicios-en-la-noche-de-los-fuegos-de-gijon\/\" \/>\n\t<meta name=\"generator\" content=\"All in One SEO Pro (AIOSEO) 4.9.6.2\" \/>\n\t\t<meta property=\"og:locale\" content=\"es_ES\" \/>\n\t\t<meta property=\"og:site_name\" content=\"El Digital de Asturias\" \/>\n\t\t<meta property=\"og:type\" content=\"article\" \/>\n\t\t<meta property=\"og:title\" content=\"Renfe refuerza los servicios en la noche de los fuegos de Gij\u00f3n - El Digital de Asturias\" \/>\n\t\t<meta property=\"og:description\" content=\"La operadora Renfe ha decidido reforzar sus servicios de Cercan\u00edas y Ancho M\u00e9trico con trenes Luna y especiales en la Noche de los Fuegos de Gij\u00f3n este viernes. Para ello se pondr\u00e1 en circulaci\u00f3n un tren especial de Ancho M\u00e9trico para facilitar la asistencia desde El Berr\u00f3n a Gij\u00f3n, seg\u00fan ha informado la compa\u00f1\u00eda en\" \/>\n\t\t<meta property=\"og:url\" content=\"https:\/\/www.eldigitaldeasturias.com\/noticias\/renfe-refuerza-los-servicios-en-la-noche-de-los-fuegos-de-gijon\/\" \/>\n\t\t<meta property=\"og:image\" content=\"https:\/\/www.eldigitaldeasturias.com\/noticias\/wp-content\/uploads\/2015\/08\/fotonoticia_20150813123507_800.jpg\" \/>\n\t\t<meta property=\"og:image:secure_url\" content=\"https:\/\/www.eldigitaldeasturias.com\/noticias\/wp-content\/uploads\/2015\/08\/fotonoticia_20150813123507_800.jpg\" \/>\n\t\t<meta property=\"og:image:width\" content=\"800\" \/>\n\t\t<meta property=\"og:image:height\" content=\"1192\" \/>\n\t\t<meta property=\"article:tag\" content=\"turismo\" \/>\n\t\t<meta property=\"article:published_time\" content=\"2015-08-13T15:05:06+00:00\" \/>\n\t\t<meta property=\"article:modified_time\" content=\"2015-08-13T15:05:06+00:00\" \/>\n\t\t<meta property=\"article:publisher\" content=\"https:\/\/facebook.com\/eldigitaldeasturias\" \/>\n\t\t<meta name=\"twitter:card\" content=\"summary_large_image\" \/>\n\t\t<meta name=\"twitter:title\" content=\"Renfe refuerza los servicios en la noche de los fuegos de Gij\u00f3n - El Digital de Asturias\" \/>\n\t\t<meta name=\"twitter:description\" content=\"La operadora Renfe ha decidido reforzar sus servicios de Cercan\u00edas y Ancho M\u00e9trico con trenes Luna y especiales en la Noche de los Fuegos de Gij\u00f3n este viernes. Para ello se pondr\u00e1 en circulaci\u00f3n un tren especial de Ancho M\u00e9trico para facilitar la asistencia desde El Berr\u00f3n a Gij\u00f3n, seg\u00fan ha informado la compa\u00f1\u00eda en\" \/>\n\t\t<meta name=\"twitter:image\" content=\"https:\/\/www.eldigitaldeasturias.com\/noticias\/wp-content\/uploads\/2015\/08\/fotonoticia_20150813123507_800.jpg\" \/>\n\t\t<meta name=\"twitter:label1\" content=\"Escrito por\" \/>\n\t\t<meta name=\"twitter:data1\" content=\"El Digital de Asturias\" \/>\n\t\t<meta name=\"twitter:label2\" content=\"Tiempo de lectura estimado\" \/>\n\t\t<meta name=\"twitter:data2\" content=\"2 minutos\" \/>\n\t\t<script type=\"application\/ld+json\" class=\"aioseo-schema\">\n\t\t\t{\"@context\":\"https:\\\/\\\/schema.org\",\"@graph\":[{\"@type\":\"BlogPosting\",\"@id\":\"https:\\\/\\\/www.eldigitaldeasturias.com\\\/noticias\\\/renfe-refuerza-los-servicios-en-la-noche-de-los-fuegos-de-gijon\\\/#blogposting\",\"name\":\"Renfe refuerza los servicios en la noche de los fuegos de Gij\\u00f3n - El Digital de Asturias\",\"headline\":\"Renfe refuerza los servicios en la noche de los fuegos de Gij\\u00f3n\",\"author\":{\"@id\":\"https:\\\/\\\/www.eldigitaldeasturias.com\\\/noticias\\\/author\\\/admin\\\/#author\"},\"publisher\":{\"@id\":\"https:\\\/\\\/www.eldigitaldeasturias.com\\\/noticias\\\/#organization\"},\"image\":{\"@type\":\"ImageObject\",\"url\":\"https:\\\/\\\/www.eldigitaldeasturias.com\\\/noticias\\\/wp-content\\\/uploads\\\/2015\\\/08\\\/fotonoticia_20150813123507_800.jpg\",\"width\":800,\"height\":1192},\"datePublished\":\"2015-08-13T16:05:06+02:00\",\"dateModified\":\"2015-08-13T16:05:06+02:00\",\"inLanguage\":\"es-ES\",\"mainEntityOfPage\":{\"@id\":\"https:\\\/\\\/www.eldigitaldeasturias.com\\\/noticias\\\/renfe-refuerza-los-servicios-en-la-noche-de-los-fuegos-de-gijon\\\/#webpage\"},\"isPartOf\":{\"@id\":\"https:\\\/\\\/www.eldigitaldeasturias.com\\\/noticias\\\/renfe-refuerza-los-servicios-en-la-noche-de-los-fuegos-de-gijon\\\/#webpage\"},\"articleSection\":\"Turismo\"},{\"@type\":\"BreadcrumbList\",\"@id\":\"https:\\\/\\\/www.eldigitaldeasturias.com\\\/noticias\\\/renfe-refuerza-los-servicios-en-la-noche-de-los-fuegos-de-gijon\\\/#breadcrumblist\",\"itemListElement\":[{\"@type\":\"ListItem\",\"@id\":\"https:\\\/\\\/www.eldigitaldeasturias.com\\\/noticias#listItem\",\"position\":1,\"name\":\"Home\",\"item\":\"https:\\\/\\\/www.eldigitaldeasturias.com\\\/noticias\",\"nextItem\":{\"@type\":\"ListItem\",\"@id\":\"https:\\\/\\\/www.eldigitaldeasturias.com\\\/noticias\\\/category\\\/turismo\\\/#listItem\",\"name\":\"Turismo\"}},{\"@type\":\"ListItem\",\"@id\":\"https:\\\/\\\/www.eldigitaldeasturias.com\\\/noticias\\\/category\\\/turismo\\\/#listItem\",\"position\":2,\"name\":\"Turismo\",\"item\":\"https:\\\/\\\/www.eldigitaldeasturias.com\\\/noticias\\\/category\\\/turismo\\\/\",\"nextItem\":{\"@type\":\"ListItem\",\"@id\":\"https:\\\/\\\/www.eldigitaldeasturias.com\\\/noticias\\\/renfe-refuerza-los-servicios-en-la-noche-de-los-fuegos-de-gijon\\\/#listItem\",\"name\":\"Renfe refuerza los servicios en la noche de los fuegos de Gij\\u00f3n\"},\"previousItem\":{\"@type\":\"ListItem\",\"@id\":\"https:\\\/\\\/www.eldigitaldeasturias.com\\\/noticias#listItem\",\"name\":\"Home\"}},{\"@type\":\"ListItem\",\"@id\":\"https:\\\/\\\/www.eldigitaldeasturias.com\\\/noticias\\\/renfe-refuerza-los-servicios-en-la-noche-de-los-fuegos-de-gijon\\\/#listItem\",\"position\":3,\"name\":\"Renfe refuerza los servicios en la noche de los fuegos de Gij\\u00f3n\",\"previousItem\":{\"@type\":\"ListItem\",\"@id\":\"https:\\\/\\\/www.eldigitaldeasturias.com\\\/noticias\\\/category\\\/turismo\\\/#listItem\",\"name\":\"Turismo\"}}]},{\"@type\":\"Organization\",\"@id\":\"https:\\\/\\\/www.eldigitaldeasturias.com\\\/noticias\\\/#organization\",\"name\":\"El Digital de Asturias\",\"description\":\"Hemeroteca\",\"url\":\"https:\\\/\\\/www.eldigitaldeasturias.com\\\/noticias\\\/\",\"email\":\"info@eldigitaldeasturias.com\",\"telephone\":\"+34652131393\",\"logo\":{\"@type\":\"ImageObject\",\"url\":\"https:\\\/\\\/www.eldigitaldeasturias.com\\\/noticias\\\/wp-content\\\/uploads\\\/2020\\\/12\\\/EDA.jpg\",\"@id\":\"https:\\\/\\\/www.eldigitaldeasturias.com\\\/noticias\\\/renfe-refuerza-los-servicios-en-la-noche-de-los-fuegos-de-gijon\\\/#organizationLogo\",\"width\":649,\"height\":297},\"image\":{\"@id\":\"https:\\\/\\\/www.eldigitaldeasturias.com\\\/noticias\\\/renfe-refuerza-los-servicios-en-la-noche-de-los-fuegos-de-gijon\\\/#organizationLogo\"},\"sameAs\":[\"https:\\\/\\\/facebook.com\\\/eldigitaldeasturias\",\"https:\\\/\\\/www.youtube.com\\\/channel\\\/UCZP-2wLEB9Rv6erhFmqVnvg\"],\"address\":{\"@id\":\"https:\\\/\\\/www.eldigitaldeasturias.com\\\/noticias\\\/#postaladdress\",\"@type\":\"PostalAddress\",\"streetAddress\":\"san antonio 4,\",\"postalCode\":\"33430\",\"addressLocality\":\"Cand\\u00e1s\",\"addressRegion\":\"Asturias\",\"addressCountry\":\"ES\"}},{\"@type\":\"Person\",\"@id\":\"https:\\\/\\\/www.eldigitaldeasturias.com\\\/noticias\\\/author\\\/admin\\\/#author\",\"url\":\"https:\\\/\\\/www.eldigitaldeasturias.com\\\/noticias\\\/author\\\/admin\\\/\",\"name\":\"El Digital de Asturias\",\"image\":{\"@type\":\"ImageObject\",\"@id\":\"https:\\\/\\\/www.eldigitaldeasturias.com\\\/noticias\\\/renfe-refuerza-los-servicios-en-la-noche-de-los-fuegos-de-gijon\\\/#authorImage\",\"url\":\"https:\\\/\\\/www.eldigitaldeasturias.com\\\/noticias\\\/wp-content\\\/litespeed\\\/avatar\\\/18677e78aa0546b92d9dbf31ec7d7668.jpg?ver=1777290358\",\"width\":96,\"height\":96,\"caption\":\"El Digital de Asturias\"}},{\"@type\":\"WebPage\",\"@id\":\"https:\\\/\\\/www.eldigitaldeasturias.com\\\/noticias\\\/renfe-refuerza-los-servicios-en-la-noche-de-los-fuegos-de-gijon\\\/#webpage\",\"url\":\"https:\\\/\\\/www.eldigitaldeasturias.com\\\/noticias\\\/renfe-refuerza-los-servicios-en-la-noche-de-los-fuegos-de-gijon\\\/\",\"name\":\"Renfe refuerza los servicios en la noche de los fuegos de Gij\\u00f3n - El Digital de Asturias\",\"description\":\"La operadora Renfe ha decidido reforzar sus servicios de Cercan\\u00edas y Ancho M\\u00e9trico con trenes Luna y especiales en la Noche de los Fuegos de Gij\\u00f3n este viernes. Para ello se pondr\\u00e1 en circulaci\\u00f3n un tren especial de Ancho M\\u00e9trico para facilitar la asistencia desde El Berr\\u00f3n a Gij\\u00f3n, seg\\u00fan ha informado la compa\\u00f1\\u00eda en\",\"inLanguage\":\"es-ES\",\"isPartOf\":{\"@id\":\"https:\\\/\\\/www.eldigitaldeasturias.com\\\/noticias\\\/#website\"},\"breadcrumb\":{\"@id\":\"https:\\\/\\\/www.eldigitaldeasturias.com\\\/noticias\\\/renfe-refuerza-los-servicios-en-la-noche-de-los-fuegos-de-gijon\\\/#breadcrumblist\"},\"author\":{\"@id\":\"https:\\\/\\\/www.eldigitaldeasturias.com\\\/noticias\\\/author\\\/admin\\\/#author\"},\"creator\":{\"@id\":\"https:\\\/\\\/www.eldigitaldeasturias.com\\\/noticias\\\/author\\\/admin\\\/#author\"},\"image\":{\"@type\":\"ImageObject\",\"url\":\"https:\\\/\\\/www.eldigitaldeasturias.com\\\/noticias\\\/wp-content\\\/uploads\\\/2015\\\/08\\\/fotonoticia_20150813123507_800.jpg\",\"@id\":\"https:\\\/\\\/www.eldigitaldeasturias.com\\\/noticias\\\/renfe-refuerza-los-servicios-en-la-noche-de-los-fuegos-de-gijon\\\/#mainImage\",\"width\":800,\"height\":1192},\"primaryImageOfPage\":{\"@id\":\"https:\\\/\\\/www.eldigitaldeasturias.com\\\/noticias\\\/renfe-refuerza-los-servicios-en-la-noche-de-los-fuegos-de-gijon\\\/#mainImage\"},\"datePublished\":\"2015-08-13T16:05:06+02:00\",\"dateModified\":\"2015-08-13T16:05:06+02:00\"},{\"@type\":\"WebSite\",\"@id\":\"https:\\\/\\\/www.eldigitaldeasturias.com\\\/noticias\\\/#website\",\"url\":\"https:\\\/\\\/www.eldigitaldeasturias.com\\\/noticias\\\/\",\"name\":\"El Digital de Asturias - Diario de actualidad y noticias\",\"alternateName\":\"El Digital de Asturias - Diario de actualidad y noticias\",\"description\":\"Hemeroteca\",\"inLanguage\":\"es-ES\",\"publisher\":{\"@id\":\"https:\\\/\\\/www.eldigitaldeasturias.com\\\/noticias\\\/#organization\"}}]}\n\t\t<\/script>\n\t\t<!-- All in One SEO Pro -->\r\n\t\t<title>Renfe refuerza los servicios en la noche de los fuegos de Gij\u00f3n - El Digital de Asturias<\/title>\n\n","aioseo_head_json":{"title":"Renfe refuerza los servicios en la noche de los fuegos de Gij\u00f3n - El Digital de Asturias","description":"La operadora Renfe ha decidido reforzar sus servicios de Cercan\u00edas y Ancho M\u00e9trico con trenes Luna y especiales en la Noche de los Fuegos de Gij\u00f3n este viernes. Para ello se pondr\u00e1 en circulaci\u00f3n un tren especial de Ancho M\u00e9trico para facilitar la asistencia desde El Berr\u00f3n a Gij\u00f3n, seg\u00fan ha informado la compa\u00f1\u00eda en","canonical_url":"https:\/\/www.eldigitaldeasturias.com\/noticias\/renfe-refuerza-los-servicios-en-la-noche-de-los-fuegos-de-gijon\/","robots":"max-image-preview:large","keywords":"turismo","webmasterTools":{"google-site-verification":"UA-38556648-1","msvalidate.01":"7dfe9f3f1b24437ab69f4f2559babe99","miscellaneous":""},"schema":{"@context":"https:\/\/schema.org","@graph":[{"@type":"BlogPosting","@id":"https:\/\/www.eldigitaldeasturias.com\/noticias\/renfe-refuerza-los-servicios-en-la-noche-de-los-fuegos-de-gijon\/#blogposting","name":"Renfe refuerza los servicios en la noche de los fuegos de Gij\u00f3n - El Digital de Asturias","headline":"Renfe refuerza los servicios en la noche de los fuegos de Gij\u00f3n","author":{"@id":"https:\/\/www.eldigitaldeasturias.com\/noticias\/author\/admin\/#author"},"publisher":{"@id":"https:\/\/www.eldigitaldeasturias.com\/noticias\/#organization"},"image":{"@type":"ImageObject","url":"https:\/\/www.eldigitaldeasturias.com\/noticias\/wp-content\/uploads\/2015\/08\/fotonoticia_20150813123507_800.jpg","width":800,"height":1192},"datePublished":"2015-08-13T16:05:06+02:00","dateModified":"2015-08-13T16:05:06+02:00","inLanguage":"es-ES","mainEntityOfPage":{"@id":"https:\/\/www.eldigitaldeasturias.com\/noticias\/renfe-refuerza-los-servicios-en-la-noche-de-los-fuegos-de-gijon\/#webpage"},"isPartOf":{"@id":"https:\/\/www.eldigitaldeasturias.com\/noticias\/renfe-refuerza-los-servicios-en-la-noche-de-los-fuegos-de-gijon\/#webpage"},"articleSection":"Turismo"},{"@type":"BreadcrumbList","@id":"https:\/\/www.eldigitaldeasturias.com\/noticias\/renfe-refuerza-los-servicios-en-la-noche-de-los-fuegos-de-gijon\/#breadcrumblist","itemListElement":[{"@type":"ListItem","@id":"https:\/\/www.eldigitaldeasturias.com\/noticias#listItem","position":1,"name":"Home","item":"https:\/\/www.eldigitaldeasturias.com\/noticias","nextItem":{"@type":"ListItem","@id":"https:\/\/www.eldigitaldeasturias.com\/noticias\/category\/turismo\/#listItem","name":"Turismo"}},{"@type":"ListItem","@id":"https:\/\/www.eldigitaldeasturias.com\/noticias\/category\/turismo\/#listItem","position":2,"name":"Turismo","item":"https:\/\/www.eldigitaldeasturias.com\/noticias\/category\/turismo\/","nextItem":{"@type":"ListItem","@id":"https:\/\/www.eldigitaldeasturias.com\/noticias\/renfe-refuerza-los-servicios-en-la-noche-de-los-fuegos-de-gijon\/#listItem","name":"Renfe refuerza los servicios en la noche de los fuegos de Gij\u00f3n"},"previousItem":{"@type":"ListItem","@id":"https:\/\/www.eldigitaldeasturias.com\/noticias#listItem","name":"Home"}},{"@type":"ListItem","@id":"https:\/\/www.eldigitaldeasturias.com\/noticias\/renfe-refuerza-los-servicios-en-la-noche-de-los-fuegos-de-gijon\/#listItem","position":3,"name":"Renfe refuerza los servicios en la noche de los fuegos de Gij\u00f3n","previousItem":{"@type":"ListItem","@id":"https:\/\/www.eldigitaldeasturias.com\/noticias\/category\/turismo\/#listItem","name":"Turismo"}}]},{"@type":"Organization","@id":"https:\/\/www.eldigitaldeasturias.com\/noticias\/#organization","name":"El Digital de Asturias","description":"Hemeroteca","url":"https:\/\/www.eldigitaldeasturias.com\/noticias\/","email":"info@eldigitaldeasturias.com","telephone":"+34652131393","logo":{"@type":"ImageObject","url":"https:\/\/www.eldigitaldeasturias.com\/noticias\/wp-content\/uploads\/2020\/12\/EDA.jpg","@id":"https:\/\/www.eldigitaldeasturias.com\/noticias\/renfe-refuerza-los-servicios-en-la-noche-de-los-fuegos-de-gijon\/#organizationLogo","width":649,"height":297},"image":{"@id":"https:\/\/www.eldigitaldeasturias.com\/noticias\/renfe-refuerza-los-servicios-en-la-noche-de-los-fuegos-de-gijon\/#organizationLogo"},"sameAs":["https:\/\/facebook.com\/eldigitaldeasturias","https:\/\/www.youtube.com\/channel\/UCZP-2wLEB9Rv6erhFmqVnvg"],"address":{"@id":"https:\/\/www.eldigitaldeasturias.com\/noticias\/#postaladdress","@type":"PostalAddress","streetAddress":"san antonio 4,","postalCode":"33430","addressLocality":"Cand\u00e1s","addressRegion":"Asturias","addressCountry":"ES"}},{"@type":"Person","@id":"https:\/\/www.eldigitaldeasturias.com\/noticias\/author\/admin\/#author","url":"https:\/\/www.eldigitaldeasturias.com\/noticias\/author\/admin\/","name":"El Digital de Asturias","image":{"@type":"ImageObject","@id":"https:\/\/www.eldigitaldeasturias.com\/noticias\/renfe-refuerza-los-servicios-en-la-noche-de-los-fuegos-de-gijon\/#authorImage","url":"https:\/\/www.eldigitaldeasturias.com\/noticias\/wp-content\/litespeed\/avatar\/18677e78aa0546b92d9dbf31ec7d7668.jpg?ver=1777290358","width":96,"height":96,"caption":"El Digital de Asturias"}},{"@type":"WebPage","@id":"https:\/\/www.eldigitaldeasturias.com\/noticias\/renfe-refuerza-los-servicios-en-la-noche-de-los-fuegos-de-gijon\/#webpage","url":"https:\/\/www.eldigitaldeasturias.com\/noticias\/renfe-refuerza-los-servicios-en-la-noche-de-los-fuegos-de-gijon\/","name":"Renfe refuerza los servicios en la noche de los fuegos de Gij\u00f3n - El Digital de Asturias","description":"La operadora Renfe ha decidido reforzar sus servicios de Cercan\u00edas y Ancho M\u00e9trico con trenes Luna y especiales en la Noche de los Fuegos de Gij\u00f3n este viernes. Para ello se pondr\u00e1 en circulaci\u00f3n un tren especial de Ancho M\u00e9trico para facilitar la asistencia desde El Berr\u00f3n a Gij\u00f3n, seg\u00fan ha informado la compa\u00f1\u00eda en","inLanguage":"es-ES","isPartOf":{"@id":"https:\/\/www.eldigitaldeasturias.com\/noticias\/#website"},"breadcrumb":{"@id":"https:\/\/www.eldigitaldeasturias.com\/noticias\/renfe-refuerza-los-servicios-en-la-noche-de-los-fuegos-de-gijon\/#breadcrumblist"},"author":{"@id":"https:\/\/www.eldigitaldeasturias.com\/noticias\/author\/admin\/#author"},"creator":{"@id":"https:\/\/www.eldigitaldeasturias.com\/noticias\/author\/admin\/#author"},"image":{"@type":"ImageObject","url":"https:\/\/www.eldigitaldeasturias.com\/noticias\/wp-content\/uploads\/2015\/08\/fotonoticia_20150813123507_800.jpg","@id":"https:\/\/www.eldigitaldeasturias.com\/noticias\/renfe-refuerza-los-servicios-en-la-noche-de-los-fuegos-de-gijon\/#mainImage","width":800,"height":1192},"primaryImageOfPage":{"@id":"https:\/\/www.eldigitaldeasturias.com\/noticias\/renfe-refuerza-los-servicios-en-la-noche-de-los-fuegos-de-gijon\/#mainImage"},"datePublished":"2015-08-13T16:05:06+02:00","dateModified":"2015-08-13T16:05:06+02:00"},{"@type":"WebSite","@id":"https:\/\/www.eldigitaldeasturias.com\/noticias\/#website","url":"https:\/\/www.eldigitaldeasturias.com\/noticias\/","name":"El Digital de Asturias - Diario de actualidad y noticias","alternateName":"El Digital de Asturias - Diario de actualidad y noticias","description":"Hemeroteca","inLanguage":"es-ES","publisher":{"@id":"https:\/\/www.eldigitaldeasturias.com\/noticias\/#organization"}}]},"og:locale":"es_ES","og:site_name":"El Digital de Asturias","og:type":"article","og:title":"Renfe refuerza los servicios en la noche de los fuegos de Gij\u00f3n - El Digital de Asturias","og:description":"La operadora Renfe ha decidido reforzar sus servicios de Cercan\u00edas y Ancho M\u00e9trico con trenes Luna y especiales en la Noche de los Fuegos de Gij\u00f3n este viernes. Para ello se pondr\u00e1 en circulaci\u00f3n un tren especial de Ancho M\u00e9trico para facilitar la asistencia desde El Berr\u00f3n a Gij\u00f3n, seg\u00fan ha informado la compa\u00f1\u00eda en","og:url":"https:\/\/www.eldigitaldeasturias.com\/noticias\/renfe-refuerza-los-servicios-en-la-noche-de-los-fuegos-de-gijon\/","og:image":"https:\/\/www.eldigitaldeasturias.com\/noticias\/wp-content\/uploads\/2015\/08\/fotonoticia_20150813123507_800.jpg","og:image:secure_url":"https:\/\/www.eldigitaldeasturias.com\/noticias\/wp-content\/uploads\/2015\/08\/fotonoticia_20150813123507_800.jpg","og:image:width":800,"og:image:height":1192,"article:tag":["turismo"],"article:published_time":"2015-08-13T15:05:06+00:00","article:modified_time":"2015-08-13T15:05:06+00:00","article:publisher":"https:\/\/facebook.com\/eldigitaldeasturias","twitter:card":"summary_large_image","twitter:title":"Renfe refuerza los servicios en la noche de los fuegos de Gij\u00f3n - El Digital de Asturias","twitter:description":"La operadora Renfe ha decidido reforzar sus servicios de Cercan\u00edas y Ancho M\u00e9trico con trenes Luna y especiales en la Noche de los Fuegos de Gij\u00f3n este viernes. Para ello se pondr\u00e1 en circulaci\u00f3n un tren especial de Ancho M\u00e9trico para facilitar la asistencia desde El Berr\u00f3n a Gij\u00f3n, seg\u00fan ha informado la compa\u00f1\u00eda en","twitter:image":"https:\/\/www.eldigitaldeasturias.com\/noticias\/wp-content\/uploads\/2015\/08\/fotonoticia_20150813123507_800.jpg","twitter:label1":"Escrito por","twitter:data1":"El Digital de Asturias","twitter:label2":"Tiempo de lectura estimado","twitter:data2":"2 minutos"},"aioseo_meta_data":{"post_id":"802260","title":null,"description":null,"keywords":null,"keyphrases":null,"primary_term":null,"canonical_url":null,"og_title":null,"og_description":null,"og_object_type":"default","og_image_type":"default","og_image_url":null,"og_image_width":null,"og_image_height":null,"og_image_custom_url":null,"og_image_custom_fields":null,"og_video":null,"og_custom_url":null,"og_article_section":null,"og_article_tags":null,"twitter_use_og":false,"twitter_card":"default","twitter_image_type":"default","twitter_image_url":null,"twitter_image_custom_url":null,"twitter_image_custom_fields":null,"twitter_title":null,"twitter_description":null,"schema":{"blockGraphs":[],"customGraphs":[],"default":{"data":{"Article":[],"Course":[],"Dataset":[],"FAQPage":[],"Movie":[],"Person":[],"Product":[],"ProductReview":[],"Car":[],"Recipe":[],"Service":[],"SoftwareApplication":[],"WebPage":[]},"graphName":"","isEnabled":true},"graphs":[],"defaultGraph":"","defaultPostTypeGraph":""},"schema_type":null,"schema_type_options":null,"pillar_content":false,"robots_default":true,"robots_noindex":false,"robots_noarchive":false,"robots_nosnippet":false,"robots_nofollow":false,"robots_noimageindex":false,"robots_noodp":false,"robots_notranslate":false,"robots_max_snippet":null,"robots_max_videopreview":null,"robots_max_imagepreview":"large","priority":null,"frequency":null,"local_seo":null,"seo_analyzer_scan_date":"2025-12-22 02:31:17","breadcrumb_settings":null,"limit_modified_date":false,"open_ai":null,"ai":null,"created":"2020-12-21 14:03:33","updated":"2025-12-22 02:31:17"},"aioseo_breadcrumb":"<div class=\"aioseo-breadcrumbs\"><span class=\"aioseo-breadcrumb\">\n\t<a href=\"https:\/\/www.eldigitaldeasturias.com\/noticias\" title=\"Home\">Home<\/a>\n<\/span><span class=\"aioseo-breadcrumb-separator\">\u2013<\/span><span class=\"aioseo-breadcrumb\">\n\t<a href=\"https:\/\/www.eldigitaldeasturias.com\/noticias\/category\/turismo\/\" title=\"Turismo\">Turismo<\/a>\n<\/span><span class=\"aioseo-breadcrumb-separator\">\u2013<\/span><span class=\"aioseo-breadcrumb\">\n\t<a href=\"https:\/\/www.eldigitaldeasturias.com\/noticias\/renfe-refuerza-los-servicios-en-la-noche-de-los-fuegos-de-gijon\/\" title=\"Renfe refuerza los servicios en la noche de los fuegos de Gij\u00f3n\">Renfe refuerza los servicios en la noche de los fuegos de Gij\u00f3n<\/a>\n<\/span><\/div>","aioseo_breadcrumb_json":[{"label":"Home","link":"https:\/\/www.eldigitaldeasturias.com\/noticias"},{"label":"Turismo","link":"https:\/\/www.eldigitaldeasturias.com\/noticias\/category\/turismo\/"},{"label":"Renfe refuerza los servicios en la noche de los fuegos de Gij\u00f3n","link":"https:\/\/www.eldigitaldeasturias.com\/noticias\/renfe-refuerza-los-servicios-en-la-noche-de-los-fuegos-de-gijon\/"}],"_links":{"self":[{"href":"https:\/\/www.eldigitaldeasturias.com\/noticias\/wp-json\/wp\/v2\/posts\/802260","targetHints":{"allow":["GET"]}}],"collection":[{"href":"https:\/\/www.eldigitaldeasturias.com\/noticias\/wp-json\/wp\/v2\/posts"}],"about":[{"href":"https:\/\/www.eldigitaldeasturias.com\/noticias\/wp-json\/wp\/v2\/types\/post"}],"author":[{"embeddable":true,"href":"https:\/\/www.eldigitaldeasturias.com\/noticias\/wp-json\/wp\/v2\/users\/1"}],"replies":[{"embeddable":true,"href":"https:\/\/www.eldigitaldeasturias.com\/noticias\/wp-json\/wp\/v2\/comments?post=802260"}],"version-history":[{"count":0,"href":"https:\/\/www.eldigitaldeasturias.com\/noticias\/wp-json\/wp\/v2\/posts\/802260\/revisions"}],"wp:featuredmedia":[{"embeddable":true,"href":"https:\/\/www.eldigitaldeasturias.com\/noticias\/wp-json\/wp\/v2\/media\/802261"}],"wp:attachment":[{"href":"https:\/\/www.eldigitaldeasturias.com\/noticias\/wp-json\/wp\/v2\/media?parent=802260"}],"wp:term":[{"taxonomy":"category","embeddable":true,"href":"https:\/\/www.eldigitaldeasturias.com\/noticias\/wp-json\/wp\/v2\/categories?post=802260"},{"taxonomy":"post_tag","embeddable":true,"href":"https:\/\/www.eldigitaldeasturias.com\/noticias\/wp-json\/wp\/v2\/tags?post=802260"}],"curies":[{"name":"wp","href":"https:\/\/api.w.org\/{rel}","templated":true}]}}