{"id":800529,"date":"2015-08-05T21:09:55","date_gmt":"2015-08-05T20:09:55","guid":{"rendered":"http:\/\/www.eldigitaldeasturias.com\/noticias\/?p=800529"},"modified":"2015-08-05T21:09:55","modified_gmt":"2015-08-05T20:09:55","slug":"renfe-refuerza-los-servicios-hacia-pravia-durante-las-fiestas-del-xiringuelu","status":"publish","type":"post","link":"https:\/\/www.eldigitaldeasturias.com\/noticias\/renfe-refuerza-los-servicios-hacia-pravia-durante-las-fiestas-del-xiringuelu\/","title":{"rendered":"Renfe refuerza los servicios hacia Pravia durante las fiestas del Xiring\u00fcelu"},"content":{"rendered":"<p><img loading=\"lazy\" decoding=\"async\" class=\"alignleft size-medium wp-image-800530\" src=\"https:\/\/www.eldigitaldeasturias.com\/noticias\/wp-content\/uploads\/2015\/08\/fotonoticia_20150805123623_800-360x270.jpg\" alt=\"fotonoticia_20150805123623_800\" width=\"360\" height=\"270\" srcset=\"https:\/\/www.eldigitaldeasturias.com\/noticias\/wp-content\/uploads\/2015\/08\/fotonoticia_20150805123623_800-360x270.jpg 360w, https:\/\/www.eldigitaldeasturias.com\/noticias\/wp-content\/uploads\/2015\/08\/fotonoticia_20150805123623_800-650x488.jpg 650w, https:\/\/www.eldigitaldeasturias.com\/noticias\/wp-content\/uploads\/2015\/08\/fotonoticia_20150805123623_800-100x75.jpg 100w, https:\/\/www.eldigitaldeasturias.com\/noticias\/wp-content\/uploads\/2015\/08\/fotonoticia_20150805123623_800.jpg 800w\" sizes=\"auto, (max-width: 360px) 100vw, 360px\" \/>El operador ferroviario Renfe ha decidido incrementar un a\u00f1o m\u00e1s su oferta de trenes de Ancho M\u00e9trico durante el domingo 9 de agosto, con motivo de la romer\u00eda de El Xiring\u00fcelu de Pravia.<\/p>\n<p>Seg\u00fan ha informado en una nota de prensa, adem\u00e1s de aumentar notablemente las plazas del servicio regular, Renfe Viajeros pondr\u00e1 en circulaci\u00f3n durante el domingo de la fiesta un total de cinco trenes para acceder a Pravia que saldr\u00e1n de Avil\u00e9s a las 11:15 horas, 11:35 horas, 12:40 horas, 13:00 horas y 13:30 horas.<\/p>\n<p>Para la vuelta, se han programado otros cinco trenes especiales que saldr\u00e1n de Pravia con destino Avil\u00e9s a las 20.05 horas, 20.30 horas, 21:10 horas, 21:30 horas y 22:30 horas, a fin de facilitar los desplazamientos en ambos sentidos entre Pravia, Avil\u00e9s y Oviedo.<\/p>\n","protected":false},"excerpt":{"rendered":"<p>El operador ferroviario Renfe ha decidido incrementar un a\u00f1o m\u00e1s su oferta de trenes de Ancho M\u00e9trico durante el domingo 9 de agosto, con motivo de la romer\u00eda de El Xiring\u00fcelu de Pravia. Seg\u00fan ha informado en una nota de prensa, adem\u00e1s de aumentar notablemente las plazas del servicio regular, Renfe Viajeros pondr\u00e1 en circulaci\u00f3n [&hellip;]<\/p>\n","protected":false},"author":1,"featured_media":800530,"comment_status":"closed","ping_status":"closed","sticky":false,"template":"","format":"standard","meta":{"footnotes":""},"categories":[148],"tags":[],"class_list":["post-800529","post","type-post","status-publish","format-standard","has-post-thumbnail","hentry","category-turismo"],"aioseo_notices":[],"aioseo_head":"\n\t\t<!-- All in One SEO Pro 4.9.6.2 - aioseo.com -->\n\t<meta name=\"description\" content=\"El operador ferroviario Renfe ha decidido incrementar un a\u00f1o m\u00e1s su oferta de trenes de Ancho M\u00e9trico durante el domingo 9 de agosto, con motivo de la romer\u00eda de El Xiring\u00fcelu de Pravia. Seg\u00fan ha informado en una nota de prensa, adem\u00e1s de aumentar notablemente las plazas del servicio regular, Renfe Viajeros pondr\u00e1 en circulaci\u00f3n\" \/>\n\t<meta name=\"robots\" content=\"max-image-preview:large\" \/>\n\t<meta name=\"author\" content=\"El Digital de Asturias\"\/>\n\t<meta name=\"google-site-verification\" content=\"UA-38556648-1\" \/>\n\t<meta name=\"msvalidate.01\" content=\"7dfe9f3f1b24437ab69f4f2559babe99\" \/>\n\t<meta name=\"keywords\" content=\"turismo\" \/>\n\t<link rel=\"canonical\" href=\"https:\/\/www.eldigitaldeasturias.com\/noticias\/renfe-refuerza-los-servicios-hacia-pravia-durante-las-fiestas-del-xiringuelu\/\" \/>\n\t<meta name=\"generator\" content=\"All in One SEO Pro (AIOSEO) 4.9.6.2\" \/>\n\t\t<meta property=\"og:locale\" content=\"es_ES\" \/>\n\t\t<meta property=\"og:site_name\" content=\"El Digital de Asturias\" \/>\n\t\t<meta property=\"og:type\" content=\"article\" \/>\n\t\t<meta property=\"og:title\" content=\"Renfe refuerza los servicios hacia Pravia durante las fiestas del Xiring\u00fcelu - El Digital de Asturias\" \/>\n\t\t<meta property=\"og:description\" content=\"El operador ferroviario Renfe ha decidido incrementar un a\u00f1o m\u00e1s su oferta de trenes de Ancho M\u00e9trico durante el domingo 9 de agosto, con motivo de la romer\u00eda de El Xiring\u00fcelu de Pravia. Seg\u00fan ha informado en una nota de prensa, adem\u00e1s de aumentar notablemente las plazas del servicio regular, Renfe Viajeros pondr\u00e1 en circulaci\u00f3n\" \/>\n\t\t<meta property=\"og:url\" content=\"https:\/\/www.eldigitaldeasturias.com\/noticias\/renfe-refuerza-los-servicios-hacia-pravia-durante-las-fiestas-del-xiringuelu\/\" \/>\n\t\t<meta property=\"og:image\" content=\"https:\/\/www.eldigitaldeasturias.com\/noticias\/wp-content\/uploads\/2015\/08\/fotonoticia_20150805123623_800.jpg\" \/>\n\t\t<meta property=\"og:image:secure_url\" content=\"https:\/\/www.eldigitaldeasturias.com\/noticias\/wp-content\/uploads\/2015\/08\/fotonoticia_20150805123623_800.jpg\" \/>\n\t\t<meta property=\"og:image:width\" content=\"800\" \/>\n\t\t<meta property=\"og:image:height\" content=\"600\" \/>\n\t\t<meta property=\"article:tag\" content=\"turismo\" \/>\n\t\t<meta property=\"article:published_time\" content=\"2015-08-05T20:09:55+00:00\" \/>\n\t\t<meta property=\"article:modified_time\" content=\"2015-08-05T20:09:55+00:00\" \/>\n\t\t<meta property=\"article:publisher\" content=\"https:\/\/facebook.com\/eldigitaldeasturias\" \/>\n\t\t<meta name=\"twitter:card\" content=\"summary_large_image\" \/>\n\t\t<meta name=\"twitter:title\" content=\"Renfe refuerza los servicios hacia Pravia durante las fiestas del Xiring\u00fcelu - El Digital de Asturias\" \/>\n\t\t<meta name=\"twitter:description\" content=\"El operador ferroviario Renfe ha decidido incrementar un a\u00f1o m\u00e1s su oferta de trenes de Ancho M\u00e9trico durante el domingo 9 de agosto, con motivo de la romer\u00eda de El Xiring\u00fcelu de Pravia. Seg\u00fan ha informado en una nota de prensa, adem\u00e1s de aumentar notablemente las plazas del servicio regular, Renfe Viajeros pondr\u00e1 en circulaci\u00f3n\" \/>\n\t\t<meta name=\"twitter:image\" content=\"https:\/\/www.eldigitaldeasturias.com\/noticias\/wp-content\/uploads\/2015\/08\/fotonoticia_20150805123623_800.jpg\" \/>\n\t\t<meta name=\"twitter:label1\" content=\"Escrito por\" \/>\n\t\t<meta name=\"twitter:data1\" content=\"El Digital de Asturias\" \/>\n\t\t<meta name=\"twitter:label2\" content=\"Tiempo de lectura estimado\" \/>\n\t\t<meta name=\"twitter:data2\" content=\"1 minuto\" \/>\n\t\t<script type=\"application\/ld+json\" class=\"aioseo-schema\">\n\t\t\t{\"@context\":\"https:\\\/\\\/schema.org\",\"@graph\":[{\"@type\":\"BlogPosting\",\"@id\":\"https:\\\/\\\/www.eldigitaldeasturias.com\\\/noticias\\\/renfe-refuerza-los-servicios-hacia-pravia-durante-las-fiestas-del-xiringuelu\\\/#blogposting\",\"name\":\"Renfe refuerza los servicios hacia Pravia durante las fiestas del Xiring\\u00fcelu - El Digital de Asturias\",\"headline\":\"Renfe refuerza los servicios hacia Pravia durante las fiestas del Xiring\\u00fcelu\",\"author\":{\"@id\":\"https:\\\/\\\/www.eldigitaldeasturias.com\\\/noticias\\\/author\\\/admin\\\/#author\"},\"publisher\":{\"@id\":\"https:\\\/\\\/www.eldigitaldeasturias.com\\\/noticias\\\/#organization\"},\"image\":{\"@type\":\"ImageObject\",\"url\":\"https:\\\/\\\/www.eldigitaldeasturias.com\\\/noticias\\\/wp-content\\\/uploads\\\/2015\\\/08\\\/fotonoticia_20150805123623_800.jpg\",\"width\":800,\"height\":600},\"datePublished\":\"2015-08-05T21:09:55+02:00\",\"dateModified\":\"2015-08-05T21:09:55+02:00\",\"inLanguage\":\"es-ES\",\"mainEntityOfPage\":{\"@id\":\"https:\\\/\\\/www.eldigitaldeasturias.com\\\/noticias\\\/renfe-refuerza-los-servicios-hacia-pravia-durante-las-fiestas-del-xiringuelu\\\/#webpage\"},\"isPartOf\":{\"@id\":\"https:\\\/\\\/www.eldigitaldeasturias.com\\\/noticias\\\/renfe-refuerza-los-servicios-hacia-pravia-durante-las-fiestas-del-xiringuelu\\\/#webpage\"},\"articleSection\":\"Turismo\"},{\"@type\":\"BreadcrumbList\",\"@id\":\"https:\\\/\\\/www.eldigitaldeasturias.com\\\/noticias\\\/renfe-refuerza-los-servicios-hacia-pravia-durante-las-fiestas-del-xiringuelu\\\/#breadcrumblist\",\"itemListElement\":[{\"@type\":\"ListItem\",\"@id\":\"https:\\\/\\\/www.eldigitaldeasturias.com\\\/noticias#listItem\",\"position\":1,\"name\":\"Home\",\"item\":\"https:\\\/\\\/www.eldigitaldeasturias.com\\\/noticias\",\"nextItem\":{\"@type\":\"ListItem\",\"@id\":\"https:\\\/\\\/www.eldigitaldeasturias.com\\\/noticias\\\/category\\\/turismo\\\/#listItem\",\"name\":\"Turismo\"}},{\"@type\":\"ListItem\",\"@id\":\"https:\\\/\\\/www.eldigitaldeasturias.com\\\/noticias\\\/category\\\/turismo\\\/#listItem\",\"position\":2,\"name\":\"Turismo\",\"item\":\"https:\\\/\\\/www.eldigitaldeasturias.com\\\/noticias\\\/category\\\/turismo\\\/\",\"nextItem\":{\"@type\":\"ListItem\",\"@id\":\"https:\\\/\\\/www.eldigitaldeasturias.com\\\/noticias\\\/renfe-refuerza-los-servicios-hacia-pravia-durante-las-fiestas-del-xiringuelu\\\/#listItem\",\"name\":\"Renfe refuerza los servicios hacia Pravia durante las fiestas del Xiring\\u00fcelu\"},\"previousItem\":{\"@type\":\"ListItem\",\"@id\":\"https:\\\/\\\/www.eldigitaldeasturias.com\\\/noticias#listItem\",\"name\":\"Home\"}},{\"@type\":\"ListItem\",\"@id\":\"https:\\\/\\\/www.eldigitaldeasturias.com\\\/noticias\\\/renfe-refuerza-los-servicios-hacia-pravia-durante-las-fiestas-del-xiringuelu\\\/#listItem\",\"position\":3,\"name\":\"Renfe refuerza los servicios hacia Pravia durante las fiestas del Xiring\\u00fcelu\",\"previousItem\":{\"@type\":\"ListItem\",\"@id\":\"https:\\\/\\\/www.eldigitaldeasturias.com\\\/noticias\\\/category\\\/turismo\\\/#listItem\",\"name\":\"Turismo\"}}]},{\"@type\":\"Organization\",\"@id\":\"https:\\\/\\\/www.eldigitaldeasturias.com\\\/noticias\\\/#organization\",\"name\":\"El Digital de Asturias\",\"description\":\"Hemeroteca\",\"url\":\"https:\\\/\\\/www.eldigitaldeasturias.com\\\/noticias\\\/\",\"email\":\"info@eldigitaldeasturias.com\",\"telephone\":\"+34652131393\",\"logo\":{\"@type\":\"ImageObject\",\"url\":\"https:\\\/\\\/www.eldigitaldeasturias.com\\\/noticias\\\/wp-content\\\/uploads\\\/2020\\\/12\\\/EDA.jpg\",\"@id\":\"https:\\\/\\\/www.eldigitaldeasturias.com\\\/noticias\\\/renfe-refuerza-los-servicios-hacia-pravia-durante-las-fiestas-del-xiringuelu\\\/#organizationLogo\",\"width\":649,\"height\":297},\"image\":{\"@id\":\"https:\\\/\\\/www.eldigitaldeasturias.com\\\/noticias\\\/renfe-refuerza-los-servicios-hacia-pravia-durante-las-fiestas-del-xiringuelu\\\/#organizationLogo\"},\"sameAs\":[\"https:\\\/\\\/facebook.com\\\/eldigitaldeasturias\",\"https:\\\/\\\/www.youtube.com\\\/channel\\\/UCZP-2wLEB9Rv6erhFmqVnvg\"],\"address\":{\"@id\":\"https:\\\/\\\/www.eldigitaldeasturias.com\\\/noticias\\\/#postaladdress\",\"@type\":\"PostalAddress\",\"streetAddress\":\"san antonio 4,\",\"postalCode\":\"33430\",\"addressLocality\":\"Cand\\u00e1s\",\"addressRegion\":\"Asturias\",\"addressCountry\":\"ES\"}},{\"@type\":\"Person\",\"@id\":\"https:\\\/\\\/www.eldigitaldeasturias.com\\\/noticias\\\/author\\\/admin\\\/#author\",\"url\":\"https:\\\/\\\/www.eldigitaldeasturias.com\\\/noticias\\\/author\\\/admin\\\/\",\"name\":\"El Digital de Asturias\",\"image\":{\"@type\":\"ImageObject\",\"@id\":\"https:\\\/\\\/www.eldigitaldeasturias.com\\\/noticias\\\/renfe-refuerza-los-servicios-hacia-pravia-durante-las-fiestas-del-xiringuelu\\\/#authorImage\",\"url\":\"https:\\\/\\\/www.eldigitaldeasturias.com\\\/noticias\\\/wp-content\\\/litespeed\\\/avatar\\\/18677e78aa0546b92d9dbf31ec7d7668.jpg?ver=1777290358\",\"width\":96,\"height\":96,\"caption\":\"El Digital de Asturias\"}},{\"@type\":\"WebPage\",\"@id\":\"https:\\\/\\\/www.eldigitaldeasturias.com\\\/noticias\\\/renfe-refuerza-los-servicios-hacia-pravia-durante-las-fiestas-del-xiringuelu\\\/#webpage\",\"url\":\"https:\\\/\\\/www.eldigitaldeasturias.com\\\/noticias\\\/renfe-refuerza-los-servicios-hacia-pravia-durante-las-fiestas-del-xiringuelu\\\/\",\"name\":\"Renfe refuerza los servicios hacia Pravia durante las fiestas del Xiring\\u00fcelu - El Digital de Asturias\",\"description\":\"El operador ferroviario Renfe ha decidido incrementar un a\\u00f1o m\\u00e1s su oferta de trenes de Ancho M\\u00e9trico durante el domingo 9 de agosto, con motivo de la romer\\u00eda de El Xiring\\u00fcelu de Pravia. Seg\\u00fan ha informado en una nota de prensa, adem\\u00e1s de aumentar notablemente las plazas del servicio regular, Renfe Viajeros pondr\\u00e1 en circulaci\\u00f3n\",\"inLanguage\":\"es-ES\",\"isPartOf\":{\"@id\":\"https:\\\/\\\/www.eldigitaldeasturias.com\\\/noticias\\\/#website\"},\"breadcrumb\":{\"@id\":\"https:\\\/\\\/www.eldigitaldeasturias.com\\\/noticias\\\/renfe-refuerza-los-servicios-hacia-pravia-durante-las-fiestas-del-xiringuelu\\\/#breadcrumblist\"},\"author\":{\"@id\":\"https:\\\/\\\/www.eldigitaldeasturias.com\\\/noticias\\\/author\\\/admin\\\/#author\"},\"creator\":{\"@id\":\"https:\\\/\\\/www.eldigitaldeasturias.com\\\/noticias\\\/author\\\/admin\\\/#author\"},\"image\":{\"@type\":\"ImageObject\",\"url\":\"https:\\\/\\\/www.eldigitaldeasturias.com\\\/noticias\\\/wp-content\\\/uploads\\\/2015\\\/08\\\/fotonoticia_20150805123623_800.jpg\",\"@id\":\"https:\\\/\\\/www.eldigitaldeasturias.com\\\/noticias\\\/renfe-refuerza-los-servicios-hacia-pravia-durante-las-fiestas-del-xiringuelu\\\/#mainImage\",\"width\":800,\"height\":600},\"primaryImageOfPage\":{\"@id\":\"https:\\\/\\\/www.eldigitaldeasturias.com\\\/noticias\\\/renfe-refuerza-los-servicios-hacia-pravia-durante-las-fiestas-del-xiringuelu\\\/#mainImage\"},\"datePublished\":\"2015-08-05T21:09:55+02:00\",\"dateModified\":\"2015-08-05T21:09:55+02:00\"},{\"@type\":\"WebSite\",\"@id\":\"https:\\\/\\\/www.eldigitaldeasturias.com\\\/noticias\\\/#website\",\"url\":\"https:\\\/\\\/www.eldigitaldeasturias.com\\\/noticias\\\/\",\"name\":\"El Digital de Asturias - Diario de actualidad y noticias\",\"alternateName\":\"El Digital de Asturias - Diario de actualidad y noticias\",\"description\":\"Hemeroteca\",\"inLanguage\":\"es-ES\",\"publisher\":{\"@id\":\"https:\\\/\\\/www.eldigitaldeasturias.com\\\/noticias\\\/#organization\"}}]}\n\t\t<\/script>\n\t\t<!-- All in One SEO Pro -->\r\n\t\t<title>Renfe refuerza los servicios hacia Pravia durante las fiestas del Xiring\u00fcelu - El Digital de Asturias<\/title>\n\n","aioseo_head_json":{"title":"Renfe refuerza los servicios hacia Pravia durante las fiestas del Xiring\u00fcelu - El Digital de Asturias","description":"El operador ferroviario Renfe ha decidido incrementar un a\u00f1o m\u00e1s su oferta de trenes de Ancho M\u00e9trico durante el domingo 9 de agosto, con motivo de la romer\u00eda de El Xiring\u00fcelu de Pravia. Seg\u00fan ha informado en una nota de prensa, adem\u00e1s de aumentar notablemente las plazas del servicio regular, Renfe Viajeros pondr\u00e1 en circulaci\u00f3n","canonical_url":"https:\/\/www.eldigitaldeasturias.com\/noticias\/renfe-refuerza-los-servicios-hacia-pravia-durante-las-fiestas-del-xiringuelu\/","robots":"max-image-preview:large","keywords":"turismo","webmasterTools":{"google-site-verification":"UA-38556648-1","msvalidate.01":"7dfe9f3f1b24437ab69f4f2559babe99","miscellaneous":""},"schema":{"@context":"https:\/\/schema.org","@graph":[{"@type":"BlogPosting","@id":"https:\/\/www.eldigitaldeasturias.com\/noticias\/renfe-refuerza-los-servicios-hacia-pravia-durante-las-fiestas-del-xiringuelu\/#blogposting","name":"Renfe refuerza los servicios hacia Pravia durante las fiestas del Xiring\u00fcelu - El Digital de Asturias","headline":"Renfe refuerza los servicios hacia Pravia durante las fiestas del Xiring\u00fcelu","author":{"@id":"https:\/\/www.eldigitaldeasturias.com\/noticias\/author\/admin\/#author"},"publisher":{"@id":"https:\/\/www.eldigitaldeasturias.com\/noticias\/#organization"},"image":{"@type":"ImageObject","url":"https:\/\/www.eldigitaldeasturias.com\/noticias\/wp-content\/uploads\/2015\/08\/fotonoticia_20150805123623_800.jpg","width":800,"height":600},"datePublished":"2015-08-05T21:09:55+02:00","dateModified":"2015-08-05T21:09:55+02:00","inLanguage":"es-ES","mainEntityOfPage":{"@id":"https:\/\/www.eldigitaldeasturias.com\/noticias\/renfe-refuerza-los-servicios-hacia-pravia-durante-las-fiestas-del-xiringuelu\/#webpage"},"isPartOf":{"@id":"https:\/\/www.eldigitaldeasturias.com\/noticias\/renfe-refuerza-los-servicios-hacia-pravia-durante-las-fiestas-del-xiringuelu\/#webpage"},"articleSection":"Turismo"},{"@type":"BreadcrumbList","@id":"https:\/\/www.eldigitaldeasturias.com\/noticias\/renfe-refuerza-los-servicios-hacia-pravia-durante-las-fiestas-del-xiringuelu\/#breadcrumblist","itemListElement":[{"@type":"ListItem","@id":"https:\/\/www.eldigitaldeasturias.com\/noticias#listItem","position":1,"name":"Home","item":"https:\/\/www.eldigitaldeasturias.com\/noticias","nextItem":{"@type":"ListItem","@id":"https:\/\/www.eldigitaldeasturias.com\/noticias\/category\/turismo\/#listItem","name":"Turismo"}},{"@type":"ListItem","@id":"https:\/\/www.eldigitaldeasturias.com\/noticias\/category\/turismo\/#listItem","position":2,"name":"Turismo","item":"https:\/\/www.eldigitaldeasturias.com\/noticias\/category\/turismo\/","nextItem":{"@type":"ListItem","@id":"https:\/\/www.eldigitaldeasturias.com\/noticias\/renfe-refuerza-los-servicios-hacia-pravia-durante-las-fiestas-del-xiringuelu\/#listItem","name":"Renfe refuerza los servicios hacia Pravia durante las fiestas del Xiring\u00fcelu"},"previousItem":{"@type":"ListItem","@id":"https:\/\/www.eldigitaldeasturias.com\/noticias#listItem","name":"Home"}},{"@type":"ListItem","@id":"https:\/\/www.eldigitaldeasturias.com\/noticias\/renfe-refuerza-los-servicios-hacia-pravia-durante-las-fiestas-del-xiringuelu\/#listItem","position":3,"name":"Renfe refuerza los servicios hacia Pravia durante las fiestas del Xiring\u00fcelu","previousItem":{"@type":"ListItem","@id":"https:\/\/www.eldigitaldeasturias.com\/noticias\/category\/turismo\/#listItem","name":"Turismo"}}]},{"@type":"Organization","@id":"https:\/\/www.eldigitaldeasturias.com\/noticias\/#organization","name":"El Digital de Asturias","description":"Hemeroteca","url":"https:\/\/www.eldigitaldeasturias.com\/noticias\/","email":"info@eldigitaldeasturias.com","telephone":"+34652131393","logo":{"@type":"ImageObject","url":"https:\/\/www.eldigitaldeasturias.com\/noticias\/wp-content\/uploads\/2020\/12\/EDA.jpg","@id":"https:\/\/www.eldigitaldeasturias.com\/noticias\/renfe-refuerza-los-servicios-hacia-pravia-durante-las-fiestas-del-xiringuelu\/#organizationLogo","width":649,"height":297},"image":{"@id":"https:\/\/www.eldigitaldeasturias.com\/noticias\/renfe-refuerza-los-servicios-hacia-pravia-durante-las-fiestas-del-xiringuelu\/#organizationLogo"},"sameAs":["https:\/\/facebook.com\/eldigitaldeasturias","https:\/\/www.youtube.com\/channel\/UCZP-2wLEB9Rv6erhFmqVnvg"],"address":{"@id":"https:\/\/www.eldigitaldeasturias.com\/noticias\/#postaladdress","@type":"PostalAddress","streetAddress":"san antonio 4,","postalCode":"33430","addressLocality":"Cand\u00e1s","addressRegion":"Asturias","addressCountry":"ES"}},{"@type":"Person","@id":"https:\/\/www.eldigitaldeasturias.com\/noticias\/author\/admin\/#author","url":"https:\/\/www.eldigitaldeasturias.com\/noticias\/author\/admin\/","name":"El Digital de Asturias","image":{"@type":"ImageObject","@id":"https:\/\/www.eldigitaldeasturias.com\/noticias\/renfe-refuerza-los-servicios-hacia-pravia-durante-las-fiestas-del-xiringuelu\/#authorImage","url":"https:\/\/www.eldigitaldeasturias.com\/noticias\/wp-content\/litespeed\/avatar\/18677e78aa0546b92d9dbf31ec7d7668.jpg?ver=1777290358","width":96,"height":96,"caption":"El Digital de Asturias"}},{"@type":"WebPage","@id":"https:\/\/www.eldigitaldeasturias.com\/noticias\/renfe-refuerza-los-servicios-hacia-pravia-durante-las-fiestas-del-xiringuelu\/#webpage","url":"https:\/\/www.eldigitaldeasturias.com\/noticias\/renfe-refuerza-los-servicios-hacia-pravia-durante-las-fiestas-del-xiringuelu\/","name":"Renfe refuerza los servicios hacia Pravia durante las fiestas del Xiring\u00fcelu - El Digital de Asturias","description":"El operador ferroviario Renfe ha decidido incrementar un a\u00f1o m\u00e1s su oferta de trenes de Ancho M\u00e9trico durante el domingo 9 de agosto, con motivo de la romer\u00eda de El Xiring\u00fcelu de Pravia. Seg\u00fan ha informado en una nota de prensa, adem\u00e1s de aumentar notablemente las plazas del servicio regular, Renfe Viajeros pondr\u00e1 en circulaci\u00f3n","inLanguage":"es-ES","isPartOf":{"@id":"https:\/\/www.eldigitaldeasturias.com\/noticias\/#website"},"breadcrumb":{"@id":"https:\/\/www.eldigitaldeasturias.com\/noticias\/renfe-refuerza-los-servicios-hacia-pravia-durante-las-fiestas-del-xiringuelu\/#breadcrumblist"},"author":{"@id":"https:\/\/www.eldigitaldeasturias.com\/noticias\/author\/admin\/#author"},"creator":{"@id":"https:\/\/www.eldigitaldeasturias.com\/noticias\/author\/admin\/#author"},"image":{"@type":"ImageObject","url":"https:\/\/www.eldigitaldeasturias.com\/noticias\/wp-content\/uploads\/2015\/08\/fotonoticia_20150805123623_800.jpg","@id":"https:\/\/www.eldigitaldeasturias.com\/noticias\/renfe-refuerza-los-servicios-hacia-pravia-durante-las-fiestas-del-xiringuelu\/#mainImage","width":800,"height":600},"primaryImageOfPage":{"@id":"https:\/\/www.eldigitaldeasturias.com\/noticias\/renfe-refuerza-los-servicios-hacia-pravia-durante-las-fiestas-del-xiringuelu\/#mainImage"},"datePublished":"2015-08-05T21:09:55+02:00","dateModified":"2015-08-05T21:09:55+02:00"},{"@type":"WebSite","@id":"https:\/\/www.eldigitaldeasturias.com\/noticias\/#website","url":"https:\/\/www.eldigitaldeasturias.com\/noticias\/","name":"El Digital de Asturias - Diario de actualidad y noticias","alternateName":"El Digital de Asturias - Diario de actualidad y noticias","description":"Hemeroteca","inLanguage":"es-ES","publisher":{"@id":"https:\/\/www.eldigitaldeasturias.com\/noticias\/#organization"}}]},"og:locale":"es_ES","og:site_name":"El Digital de Asturias","og:type":"article","og:title":"Renfe refuerza los servicios hacia Pravia durante las fiestas del Xiring\u00fcelu - El Digital de Asturias","og:description":"El operador ferroviario Renfe ha decidido incrementar un a\u00f1o m\u00e1s su oferta de trenes de Ancho M\u00e9trico durante el domingo 9 de agosto, con motivo de la romer\u00eda de El Xiring\u00fcelu de Pravia. Seg\u00fan ha informado en una nota de prensa, adem\u00e1s de aumentar notablemente las plazas del servicio regular, Renfe Viajeros pondr\u00e1 en circulaci\u00f3n","og:url":"https:\/\/www.eldigitaldeasturias.com\/noticias\/renfe-refuerza-los-servicios-hacia-pravia-durante-las-fiestas-del-xiringuelu\/","og:image":"https:\/\/www.eldigitaldeasturias.com\/noticias\/wp-content\/uploads\/2015\/08\/fotonoticia_20150805123623_800.jpg","og:image:secure_url":"https:\/\/www.eldigitaldeasturias.com\/noticias\/wp-content\/uploads\/2015\/08\/fotonoticia_20150805123623_800.jpg","og:image:width":800,"og:image:height":600,"article:tag":["turismo"],"article:published_time":"2015-08-05T20:09:55+00:00","article:modified_time":"2015-08-05T20:09:55+00:00","article:publisher":"https:\/\/facebook.com\/eldigitaldeasturias","twitter:card":"summary_large_image","twitter:title":"Renfe refuerza los servicios hacia Pravia durante las fiestas del Xiring\u00fcelu - El Digital de Asturias","twitter:description":"El operador ferroviario Renfe ha decidido incrementar un a\u00f1o m\u00e1s su oferta de trenes de Ancho M\u00e9trico durante el domingo 9 de agosto, con motivo de la romer\u00eda de El Xiring\u00fcelu de Pravia. Seg\u00fan ha informado en una nota de prensa, adem\u00e1s de aumentar notablemente las plazas del servicio regular, Renfe Viajeros pondr\u00e1 en circulaci\u00f3n","twitter:image":"https:\/\/www.eldigitaldeasturias.com\/noticias\/wp-content\/uploads\/2015\/08\/fotonoticia_20150805123623_800.jpg","twitter:label1":"Escrito por","twitter:data1":"El Digital de Asturias","twitter:label2":"Tiempo de lectura estimado","twitter:data2":"1 minuto"},"aioseo_meta_data":{"post_id":"800529","title":null,"description":null,"keywords":null,"keyphrases":null,"primary_term":null,"canonical_url":null,"og_title":null,"og_description":null,"og_object_type":"default","og_image_type":"default","og_image_url":null,"og_image_width":null,"og_image_height":null,"og_image_custom_url":null,"og_image_custom_fields":null,"og_video":null,"og_custom_url":null,"og_article_section":null,"og_article_tags":null,"twitter_use_og":false,"twitter_card":"default","twitter_image_type":"default","twitter_image_url":null,"twitter_image_custom_url":null,"twitter_image_custom_fields":null,"twitter_title":null,"twitter_description":null,"schema":{"blockGraphs":[],"customGraphs":[],"default":{"data":{"Article":[],"Course":[],"Dataset":[],"FAQPage":[],"Movie":[],"Person":[],"Product":[],"ProductReview":[],"Car":[],"Recipe":[],"Service":[],"SoftwareApplication":[],"WebPage":[]},"graphName":"","isEnabled":true},"graphs":[],"defaultGraph":"","defaultPostTypeGraph":""},"schema_type":null,"schema_type_options":null,"pillar_content":false,"robots_default":true,"robots_noindex":false,"robots_noarchive":false,"robots_nosnippet":false,"robots_nofollow":false,"robots_noimageindex":false,"robots_noodp":false,"robots_notranslate":false,"robots_max_snippet":null,"robots_max_videopreview":null,"robots_max_imagepreview":"large","priority":null,"frequency":null,"local_seo":null,"seo_analyzer_scan_date":"2025-12-21 20:21:08","breadcrumb_settings":null,"limit_modified_date":false,"open_ai":null,"ai":null,"created":"2020-12-21 14:03:30","updated":"2025-12-21 20:21:08"},"aioseo_breadcrumb":"<div class=\"aioseo-breadcrumbs\"><span class=\"aioseo-breadcrumb\">\n\t<a href=\"https:\/\/www.eldigitaldeasturias.com\/noticias\" title=\"Home\">Home<\/a>\n<\/span><span class=\"aioseo-breadcrumb-separator\">\u2013<\/span><span class=\"aioseo-breadcrumb\">\n\t<a href=\"https:\/\/www.eldigitaldeasturias.com\/noticias\/category\/turismo\/\" title=\"Turismo\">Turismo<\/a>\n<\/span><span class=\"aioseo-breadcrumb-separator\">\u2013<\/span><span class=\"aioseo-breadcrumb\">\n\t<a href=\"https:\/\/www.eldigitaldeasturias.com\/noticias\/renfe-refuerza-los-servicios-hacia-pravia-durante-las-fiestas-del-xiringuelu\/\" title=\"Renfe refuerza los servicios hacia Pravia durante las fiestas del Xiring\u00fcelu\">Renfe refuerza los servicios hacia Pravia durante las fiestas del Xiring\u00fcelu<\/a>\n<\/span><\/div>","aioseo_breadcrumb_json":[{"label":"Home","link":"https:\/\/www.eldigitaldeasturias.com\/noticias"},{"label":"Turismo","link":"https:\/\/www.eldigitaldeasturias.com\/noticias\/category\/turismo\/"},{"label":"Renfe refuerza los servicios hacia Pravia durante las fiestas del Xiring\u00fcelu","link":"https:\/\/www.eldigitaldeasturias.com\/noticias\/renfe-refuerza-los-servicios-hacia-pravia-durante-las-fiestas-del-xiringuelu\/"}],"_links":{"self":[{"href":"https:\/\/www.eldigitaldeasturias.com\/noticias\/wp-json\/wp\/v2\/posts\/800529","targetHints":{"allow":["GET"]}}],"collection":[{"href":"https:\/\/www.eldigitaldeasturias.com\/noticias\/wp-json\/wp\/v2\/posts"}],"about":[{"href":"https:\/\/www.eldigitaldeasturias.com\/noticias\/wp-json\/wp\/v2\/types\/post"}],"author":[{"embeddable":true,"href":"https:\/\/www.eldigitaldeasturias.com\/noticias\/wp-json\/wp\/v2\/users\/1"}],"replies":[{"embeddable":true,"href":"https:\/\/www.eldigitaldeasturias.com\/noticias\/wp-json\/wp\/v2\/comments?post=800529"}],"version-history":[{"count":0,"href":"https:\/\/www.eldigitaldeasturias.com\/noticias\/wp-json\/wp\/v2\/posts\/800529\/revisions"}],"wp:featuredmedia":[{"embeddable":true,"href":"https:\/\/www.eldigitaldeasturias.com\/noticias\/wp-json\/wp\/v2\/media\/800530"}],"wp:attachment":[{"href":"https:\/\/www.eldigitaldeasturias.com\/noticias\/wp-json\/wp\/v2\/media?parent=800529"}],"wp:term":[{"taxonomy":"category","embeddable":true,"href":"https:\/\/www.eldigitaldeasturias.com\/noticias\/wp-json\/wp\/v2\/categories?post=800529"},{"taxonomy":"post_tag","embeddable":true,"href":"https:\/\/www.eldigitaldeasturias.com\/noticias\/wp-json\/wp\/v2\/tags?post=800529"}],"curies":[{"name":"wp","href":"https:\/\/api.w.org\/{rel}","templated":true}]}}