{"id":799931,"date":"2015-08-03T22:37:51","date_gmt":"2015-08-03T21:37:51","guid":{"rendered":"http:\/\/www.eldigitaldeasturias.com\/noticias\/?p=799931"},"modified":"2015-08-03T22:37:51","modified_gmt":"2015-08-03T21:37:51","slug":"el-tren-del-peregrino-comienza-a-circular","status":"publish","type":"post","link":"https:\/\/www.eldigitaldeasturias.com\/noticias\/el-tren-del-peregrino-comienza-a-circular\/","title":{"rendered":"El Tren del Peregrino comienza a circular"},"content":{"rendered":"<p><img loading=\"lazy\" decoding=\"async\" class=\"alignleft size-medium wp-image-799932\" src=\"https:\/\/www.eldigitaldeasturias.com\/noticias\/wp-content\/uploads\/2015\/08\/fotonoticia_20150803141417_800-360x242.jpg\" alt=\"fotonoticia_20150803141417_800\" width=\"360\" height=\"242\" srcset=\"https:\/\/www.eldigitaldeasturias.com\/noticias\/wp-content\/uploads\/2015\/08\/fotonoticia_20150803141417_800-360x242.jpg 360w, https:\/\/www.eldigitaldeasturias.com\/noticias\/wp-content\/uploads\/2015\/08\/fotonoticia_20150803141417_800-650x437.jpg 650w, https:\/\/www.eldigitaldeasturias.com\/noticias\/wp-content\/uploads\/2015\/08\/fotonoticia_20150803141417_800.jpg 800w\" sizes=\"auto, (max-width: 360px) 100vw, 360px\" \/>El pr\u00f3ximo jueves, d\u00eda 6 de agosto, el Tren del Peregrino inicia el primero de los cuatro viajes que Renfe ha programado a lo largo de este mes, en concreto para los d\u00edas 6, 13, 20 y 27 de agosto.<\/p>\n<p>Renfe ya ha colgado el cartel de &#8216;No hay billetes&#8217; para las dos primeras salidas, aunque a\u00fan hay plazas disponibles para los viajes del 20 y el 27 de agosto.<\/p>\n<p>El Tren del Peregrino es una de las novedades que ha introducido la compa\u00f1\u00eda en la programaci\u00f3n de sus trenes tur\u00edsticos para este verano. Se trata de un tren hotel que realizar\u00e1 cuatro salidas de cinco d\u00edas (cuatro noches) que se inician en Madrid y tienen como destino Santiago de Compostela.<\/p>\n<p>Durante esos d\u00edas, los viajeros podr\u00e1n recorrer una etapa del Camino franc\u00e9s a pie o en su bicicleta, con la que podr\u00e1n viajar a bordo (se permite una bicicleta por persona hasta un m\u00e1ximo 10 bicis por tren). La oferta del Tren del Peregrino incluye el alojamiento en una cabina de Gran Clase con ba\u00f1o completo, los desayunos y dos cenas que se sirven a bordo del tren (la primera y la \u00faltima noche del viaje), as\u00ed como las excursiones u otras actividades que se realicen.<\/p>\n<p>Tambi\u00e9n se incluyen los desplazamientos entre el tren y el lugar donde se inicia la etapa, que se realizar\u00e1n en un autob\u00fas que acompa\u00f1ar\u00e1 el viaje para los desplazamientos que sean necesarios.<\/p>\n<p>Adem\u00e1s, los peregrinos que participen en el viaje podr\u00e1n obtener como recuerdo un certificado facs\u00edmil emitido por la Catedral de Santiago de Compostela.<\/p>\n<p>VISITA A ASTORGA Y LAS M\u00c9DULAS.<\/p>\n<p>Cada uno de los cuatro viajes se inicia la tarde del jueves en la madrile\u00f1a estaci\u00f3n de Chamart\u00edn desde donde el tren parte hacia Astorga, y tambi\u00e9n es en Chamart\u00edn donde, a primera hora del lunes siguiente, concluye el viaje.<\/p>\n<p>El segundo d\u00eda, tras el desayuno a bordo, un autob\u00fas traslada a los peregrinos hasta Foncebad\u00f3n para realizar la etapa a pie, a trav\u00e9s de la maragater\u00eda, hasta Ponferrada, donde los espera de nuevo el tren. La excursi\u00f3n a Astorga es una excelente alternativa para aquellos viajeros que opten por no caminar. Y despu\u00e9s, por la tarde, la jornada se completar\u00e1 con una visita guiada a las M\u00e9dulas.<\/p>\n<p>El tercer d\u00eda el viaje en tren se realiza entre Ponferrada y Monforte de Lemos mientras los viajeros desayunan. La etapa peregrina de ese d\u00eda corresponde a la que transcurre entre Triacastela y Sarria para los caminantes, mientras que el recorrido para aquellos que opten por la bicicleta es O Cebreiro-Sarria.<\/p>\n<p>Por la tarde, el tren se dirigir\u00e1 hasta Orense para iniciar al d\u00eda siguiente, cuarto del viaje, la etapa Orense-Santiago de Compostela, donde los peregrinos recibir\u00e1n su certificado facs\u00edmil de la Catedral. Una visita guiada a la capital compostelana completa la jornada antes de iniciar el regreso a Madrid, quinta y \u00faltima del viaje.<\/p>\n<p>El concepto del Tren del Peregrino responde al de un hotel en movimiento que dispone de habitaciones con ba\u00f1o completo para pernoctar, un coche cafeter\u00eda, dos coches restaurante y otro coche m\u00e1s acondicionado para el ocio o las tertulias.<\/p>\n<p>La iniciativa forma parte del programa &#8216;Galicia a todo Tren&#8217;, desarrollado por Renfe, Turismo de Galicia y el Instituto Ourens\u00e1n de Desenvolvemento Econ\u00f3mico (Inorde), para la promoci\u00f3n del turismo en la Comunidad Aut\u00f3noma que incluye una serie de rutas por la Comunidad en trenes tur\u00edsticos que se ponen en marcha a lo largo del verano.<\/p>\n","protected":false},"excerpt":{"rendered":"<p>El pr\u00f3ximo jueves, d\u00eda 6 de agosto, el Tren del Peregrino inicia el primero de los cuatro viajes que Renfe ha programado a lo largo de este mes, en concreto para los d\u00edas 6, 13, 20 y 27 de agosto. Renfe ya ha colgado el cartel de &#8216;No hay billetes&#8217; para las dos primeras salidas, [&hellip;]<\/p>\n","protected":false},"author":1,"featured_media":799932,"comment_status":"closed","ping_status":"closed","sticky":false,"template":"","format":"standard","meta":{"footnotes":""},"categories":[148],"tags":[],"class_list":["post-799931","post","type-post","status-publish","format-standard","has-post-thumbnail","hentry","category-turismo"],"aioseo_notices":[],"aioseo_head":"\n\t\t<!-- All in One SEO Pro 4.9.6.2 - aioseo.com -->\n\t<meta name=\"description\" content=\"El pr\u00f3ximo jueves, d\u00eda 6 de agosto, el Tren del Peregrino inicia el primero de los cuatro viajes que Renfe ha programado a lo largo de este mes, en concreto para los d\u00edas 6, 13, 20 y 27 de agosto. Renfe ya ha colgado el cartel de &#039;No hay billetes&#039; para las dos primeras salidas,\" \/>\n\t<meta name=\"robots\" content=\"max-image-preview:large\" \/>\n\t<meta name=\"author\" content=\"El Digital de Asturias\"\/>\n\t<meta name=\"google-site-verification\" content=\"UA-38556648-1\" \/>\n\t<meta name=\"msvalidate.01\" content=\"7dfe9f3f1b24437ab69f4f2559babe99\" \/>\n\t<meta name=\"keywords\" content=\"turismo\" \/>\n\t<link rel=\"canonical\" href=\"https:\/\/www.eldigitaldeasturias.com\/noticias\/el-tren-del-peregrino-comienza-a-circular\/\" \/>\n\t<meta name=\"generator\" content=\"All in One SEO Pro (AIOSEO) 4.9.6.2\" \/>\n\t\t<meta property=\"og:locale\" content=\"es_ES\" \/>\n\t\t<meta property=\"og:site_name\" content=\"El Digital de Asturias\" \/>\n\t\t<meta property=\"og:type\" content=\"article\" \/>\n\t\t<meta property=\"og:title\" content=\"El Tren del Peregrino comienza a circular - El Digital de Asturias\" \/>\n\t\t<meta property=\"og:description\" content=\"El pr\u00f3ximo jueves, d\u00eda 6 de agosto, el Tren del Peregrino inicia el primero de los cuatro viajes que Renfe ha programado a lo largo de este mes, en concreto para los d\u00edas 6, 13, 20 y 27 de agosto. Renfe ya ha colgado el cartel de &#039;No hay billetes&#039; para las dos primeras salidas,\" \/>\n\t\t<meta property=\"og:url\" content=\"https:\/\/www.eldigitaldeasturias.com\/noticias\/el-tren-del-peregrino-comienza-a-circular\/\" \/>\n\t\t<meta property=\"og:image\" content=\"https:\/\/www.eldigitaldeasturias.com\/noticias\/wp-content\/uploads\/2015\/08\/fotonoticia_20150803141417_800.jpg\" \/>\n\t\t<meta property=\"og:image:secure_url\" content=\"https:\/\/www.eldigitaldeasturias.com\/noticias\/wp-content\/uploads\/2015\/08\/fotonoticia_20150803141417_800.jpg\" \/>\n\t\t<meta property=\"og:image:width\" content=\"800\" \/>\n\t\t<meta property=\"og:image:height\" content=\"538\" \/>\n\t\t<meta property=\"article:tag\" content=\"turismo\" \/>\n\t\t<meta property=\"article:published_time\" content=\"2015-08-03T21:37:51+00:00\" \/>\n\t\t<meta property=\"article:modified_time\" content=\"2015-08-03T21:37:51+00:00\" \/>\n\t\t<meta property=\"article:publisher\" content=\"https:\/\/facebook.com\/eldigitaldeasturias\" \/>\n\t\t<meta name=\"twitter:card\" content=\"summary_large_image\" \/>\n\t\t<meta name=\"twitter:title\" content=\"El Tren del Peregrino comienza a circular - El Digital de Asturias\" \/>\n\t\t<meta name=\"twitter:description\" content=\"El pr\u00f3ximo jueves, d\u00eda 6 de agosto, el Tren del Peregrino inicia el primero de los cuatro viajes que Renfe ha programado a lo largo de este mes, en concreto para los d\u00edas 6, 13, 20 y 27 de agosto. Renfe ya ha colgado el cartel de &#039;No hay billetes&#039; para las dos primeras salidas,\" \/>\n\t\t<meta name=\"twitter:image\" content=\"https:\/\/www.eldigitaldeasturias.com\/noticias\/wp-content\/uploads\/2015\/08\/fotonoticia_20150803141417_800.jpg\" \/>\n\t\t<meta name=\"twitter:label1\" content=\"Escrito por\" \/>\n\t\t<meta name=\"twitter:data1\" content=\"El Digital de Asturias\" \/>\n\t\t<meta name=\"twitter:label2\" content=\"Tiempo de lectura estimado\" \/>\n\t\t<meta name=\"twitter:data2\" content=\"3 minutos\" \/>\n\t\t<script type=\"application\/ld+json\" class=\"aioseo-schema\">\n\t\t\t{\"@context\":\"https:\\\/\\\/schema.org\",\"@graph\":[{\"@type\":\"BlogPosting\",\"@id\":\"https:\\\/\\\/www.eldigitaldeasturias.com\\\/noticias\\\/el-tren-del-peregrino-comienza-a-circular\\\/#blogposting\",\"name\":\"El Tren del Peregrino comienza a circular - El Digital de Asturias\",\"headline\":\"El Tren del Peregrino comienza a circular\",\"author\":{\"@id\":\"https:\\\/\\\/www.eldigitaldeasturias.com\\\/noticias\\\/author\\\/admin\\\/#author\"},\"publisher\":{\"@id\":\"https:\\\/\\\/www.eldigitaldeasturias.com\\\/noticias\\\/#organization\"},\"image\":{\"@type\":\"ImageObject\",\"url\":\"https:\\\/\\\/www.eldigitaldeasturias.com\\\/noticias\\\/wp-content\\\/uploads\\\/2015\\\/08\\\/fotonoticia_20150803141417_800.jpg\",\"width\":800,\"height\":538},\"datePublished\":\"2015-08-03T22:37:51+02:00\",\"dateModified\":\"2015-08-03T22:37:51+02:00\",\"inLanguage\":\"es-ES\",\"mainEntityOfPage\":{\"@id\":\"https:\\\/\\\/www.eldigitaldeasturias.com\\\/noticias\\\/el-tren-del-peregrino-comienza-a-circular\\\/#webpage\"},\"isPartOf\":{\"@id\":\"https:\\\/\\\/www.eldigitaldeasturias.com\\\/noticias\\\/el-tren-del-peregrino-comienza-a-circular\\\/#webpage\"},\"articleSection\":\"Turismo\"},{\"@type\":\"BreadcrumbList\",\"@id\":\"https:\\\/\\\/www.eldigitaldeasturias.com\\\/noticias\\\/el-tren-del-peregrino-comienza-a-circular\\\/#breadcrumblist\",\"itemListElement\":[{\"@type\":\"ListItem\",\"@id\":\"https:\\\/\\\/www.eldigitaldeasturias.com\\\/noticias#listItem\",\"position\":1,\"name\":\"Home\",\"item\":\"https:\\\/\\\/www.eldigitaldeasturias.com\\\/noticias\",\"nextItem\":{\"@type\":\"ListItem\",\"@id\":\"https:\\\/\\\/www.eldigitaldeasturias.com\\\/noticias\\\/category\\\/turismo\\\/#listItem\",\"name\":\"Turismo\"}},{\"@type\":\"ListItem\",\"@id\":\"https:\\\/\\\/www.eldigitaldeasturias.com\\\/noticias\\\/category\\\/turismo\\\/#listItem\",\"position\":2,\"name\":\"Turismo\",\"item\":\"https:\\\/\\\/www.eldigitaldeasturias.com\\\/noticias\\\/category\\\/turismo\\\/\",\"nextItem\":{\"@type\":\"ListItem\",\"@id\":\"https:\\\/\\\/www.eldigitaldeasturias.com\\\/noticias\\\/el-tren-del-peregrino-comienza-a-circular\\\/#listItem\",\"name\":\"El Tren del Peregrino comienza a circular\"},\"previousItem\":{\"@type\":\"ListItem\",\"@id\":\"https:\\\/\\\/www.eldigitaldeasturias.com\\\/noticias#listItem\",\"name\":\"Home\"}},{\"@type\":\"ListItem\",\"@id\":\"https:\\\/\\\/www.eldigitaldeasturias.com\\\/noticias\\\/el-tren-del-peregrino-comienza-a-circular\\\/#listItem\",\"position\":3,\"name\":\"El Tren del Peregrino comienza a circular\",\"previousItem\":{\"@type\":\"ListItem\",\"@id\":\"https:\\\/\\\/www.eldigitaldeasturias.com\\\/noticias\\\/category\\\/turismo\\\/#listItem\",\"name\":\"Turismo\"}}]},{\"@type\":\"Organization\",\"@id\":\"https:\\\/\\\/www.eldigitaldeasturias.com\\\/noticias\\\/#organization\",\"name\":\"El Digital de Asturias\",\"description\":\"Hemeroteca\",\"url\":\"https:\\\/\\\/www.eldigitaldeasturias.com\\\/noticias\\\/\",\"email\":\"info@eldigitaldeasturias.com\",\"telephone\":\"+34652131393\",\"logo\":{\"@type\":\"ImageObject\",\"url\":\"https:\\\/\\\/www.eldigitaldeasturias.com\\\/noticias\\\/wp-content\\\/uploads\\\/2020\\\/12\\\/EDA.jpg\",\"@id\":\"https:\\\/\\\/www.eldigitaldeasturias.com\\\/noticias\\\/el-tren-del-peregrino-comienza-a-circular\\\/#organizationLogo\",\"width\":649,\"height\":297},\"image\":{\"@id\":\"https:\\\/\\\/www.eldigitaldeasturias.com\\\/noticias\\\/el-tren-del-peregrino-comienza-a-circular\\\/#organizationLogo\"},\"sameAs\":[\"https:\\\/\\\/facebook.com\\\/eldigitaldeasturias\",\"https:\\\/\\\/www.youtube.com\\\/channel\\\/UCZP-2wLEB9Rv6erhFmqVnvg\"],\"address\":{\"@id\":\"https:\\\/\\\/www.eldigitaldeasturias.com\\\/noticias\\\/#postaladdress\",\"@type\":\"PostalAddress\",\"streetAddress\":\"san antonio 4,\",\"postalCode\":\"33430\",\"addressLocality\":\"Cand\\u00e1s\",\"addressRegion\":\"Asturias\",\"addressCountry\":\"ES\"}},{\"@type\":\"Person\",\"@id\":\"https:\\\/\\\/www.eldigitaldeasturias.com\\\/noticias\\\/author\\\/admin\\\/#author\",\"url\":\"https:\\\/\\\/www.eldigitaldeasturias.com\\\/noticias\\\/author\\\/admin\\\/\",\"name\":\"El Digital de Asturias\",\"image\":{\"@type\":\"ImageObject\",\"@id\":\"https:\\\/\\\/www.eldigitaldeasturias.com\\\/noticias\\\/el-tren-del-peregrino-comienza-a-circular\\\/#authorImage\",\"url\":\"https:\\\/\\\/www.eldigitaldeasturias.com\\\/noticias\\\/wp-content\\\/litespeed\\\/avatar\\\/18677e78aa0546b92d9dbf31ec7d7668.jpg?ver=1777290358\",\"width\":96,\"height\":96,\"caption\":\"El Digital de Asturias\"}},{\"@type\":\"WebPage\",\"@id\":\"https:\\\/\\\/www.eldigitaldeasturias.com\\\/noticias\\\/el-tren-del-peregrino-comienza-a-circular\\\/#webpage\",\"url\":\"https:\\\/\\\/www.eldigitaldeasturias.com\\\/noticias\\\/el-tren-del-peregrino-comienza-a-circular\\\/\",\"name\":\"El Tren del Peregrino comienza a circular - El Digital de Asturias\",\"description\":\"El pr\\u00f3ximo jueves, d\\u00eda 6 de agosto, el Tren del Peregrino inicia el primero de los cuatro viajes que Renfe ha programado a lo largo de este mes, en concreto para los d\\u00edas 6, 13, 20 y 27 de agosto. Renfe ya ha colgado el cartel de 'No hay billetes' para las dos primeras salidas,\",\"inLanguage\":\"es-ES\",\"isPartOf\":{\"@id\":\"https:\\\/\\\/www.eldigitaldeasturias.com\\\/noticias\\\/#website\"},\"breadcrumb\":{\"@id\":\"https:\\\/\\\/www.eldigitaldeasturias.com\\\/noticias\\\/el-tren-del-peregrino-comienza-a-circular\\\/#breadcrumblist\"},\"author\":{\"@id\":\"https:\\\/\\\/www.eldigitaldeasturias.com\\\/noticias\\\/author\\\/admin\\\/#author\"},\"creator\":{\"@id\":\"https:\\\/\\\/www.eldigitaldeasturias.com\\\/noticias\\\/author\\\/admin\\\/#author\"},\"image\":{\"@type\":\"ImageObject\",\"url\":\"https:\\\/\\\/www.eldigitaldeasturias.com\\\/noticias\\\/wp-content\\\/uploads\\\/2015\\\/08\\\/fotonoticia_20150803141417_800.jpg\",\"@id\":\"https:\\\/\\\/www.eldigitaldeasturias.com\\\/noticias\\\/el-tren-del-peregrino-comienza-a-circular\\\/#mainImage\",\"width\":800,\"height\":538},\"primaryImageOfPage\":{\"@id\":\"https:\\\/\\\/www.eldigitaldeasturias.com\\\/noticias\\\/el-tren-del-peregrino-comienza-a-circular\\\/#mainImage\"},\"datePublished\":\"2015-08-03T22:37:51+02:00\",\"dateModified\":\"2015-08-03T22:37:51+02:00\"},{\"@type\":\"WebSite\",\"@id\":\"https:\\\/\\\/www.eldigitaldeasturias.com\\\/noticias\\\/#website\",\"url\":\"https:\\\/\\\/www.eldigitaldeasturias.com\\\/noticias\\\/\",\"name\":\"El Digital de Asturias - Diario de actualidad y noticias\",\"alternateName\":\"El Digital de Asturias - Diario de actualidad y noticias\",\"description\":\"Hemeroteca\",\"inLanguage\":\"es-ES\",\"publisher\":{\"@id\":\"https:\\\/\\\/www.eldigitaldeasturias.com\\\/noticias\\\/#organization\"}}]}\n\t\t<\/script>\n\t\t<!-- All in One SEO Pro -->\r\n\t\t<title>El Tren del Peregrino comienza a circular - El Digital de Asturias<\/title>\n\n","aioseo_head_json":{"title":"El Tren del Peregrino comienza a circular - El Digital de Asturias","description":"El pr\u00f3ximo jueves, d\u00eda 6 de agosto, el Tren del Peregrino inicia el primero de los cuatro viajes que Renfe ha programado a lo largo de este mes, en concreto para los d\u00edas 6, 13, 20 y 27 de agosto. Renfe ya ha colgado el cartel de 'No hay billetes' para las dos primeras salidas,","canonical_url":"https:\/\/www.eldigitaldeasturias.com\/noticias\/el-tren-del-peregrino-comienza-a-circular\/","robots":"max-image-preview:large","keywords":"turismo","webmasterTools":{"google-site-verification":"UA-38556648-1","msvalidate.01":"7dfe9f3f1b24437ab69f4f2559babe99","miscellaneous":""},"schema":{"@context":"https:\/\/schema.org","@graph":[{"@type":"BlogPosting","@id":"https:\/\/www.eldigitaldeasturias.com\/noticias\/el-tren-del-peregrino-comienza-a-circular\/#blogposting","name":"El Tren del Peregrino comienza a circular - El Digital de Asturias","headline":"El Tren del Peregrino comienza a circular","author":{"@id":"https:\/\/www.eldigitaldeasturias.com\/noticias\/author\/admin\/#author"},"publisher":{"@id":"https:\/\/www.eldigitaldeasturias.com\/noticias\/#organization"},"image":{"@type":"ImageObject","url":"https:\/\/www.eldigitaldeasturias.com\/noticias\/wp-content\/uploads\/2015\/08\/fotonoticia_20150803141417_800.jpg","width":800,"height":538},"datePublished":"2015-08-03T22:37:51+02:00","dateModified":"2015-08-03T22:37:51+02:00","inLanguage":"es-ES","mainEntityOfPage":{"@id":"https:\/\/www.eldigitaldeasturias.com\/noticias\/el-tren-del-peregrino-comienza-a-circular\/#webpage"},"isPartOf":{"@id":"https:\/\/www.eldigitaldeasturias.com\/noticias\/el-tren-del-peregrino-comienza-a-circular\/#webpage"},"articleSection":"Turismo"},{"@type":"BreadcrumbList","@id":"https:\/\/www.eldigitaldeasturias.com\/noticias\/el-tren-del-peregrino-comienza-a-circular\/#breadcrumblist","itemListElement":[{"@type":"ListItem","@id":"https:\/\/www.eldigitaldeasturias.com\/noticias#listItem","position":1,"name":"Home","item":"https:\/\/www.eldigitaldeasturias.com\/noticias","nextItem":{"@type":"ListItem","@id":"https:\/\/www.eldigitaldeasturias.com\/noticias\/category\/turismo\/#listItem","name":"Turismo"}},{"@type":"ListItem","@id":"https:\/\/www.eldigitaldeasturias.com\/noticias\/category\/turismo\/#listItem","position":2,"name":"Turismo","item":"https:\/\/www.eldigitaldeasturias.com\/noticias\/category\/turismo\/","nextItem":{"@type":"ListItem","@id":"https:\/\/www.eldigitaldeasturias.com\/noticias\/el-tren-del-peregrino-comienza-a-circular\/#listItem","name":"El Tren del Peregrino comienza a circular"},"previousItem":{"@type":"ListItem","@id":"https:\/\/www.eldigitaldeasturias.com\/noticias#listItem","name":"Home"}},{"@type":"ListItem","@id":"https:\/\/www.eldigitaldeasturias.com\/noticias\/el-tren-del-peregrino-comienza-a-circular\/#listItem","position":3,"name":"El Tren del Peregrino comienza a circular","previousItem":{"@type":"ListItem","@id":"https:\/\/www.eldigitaldeasturias.com\/noticias\/category\/turismo\/#listItem","name":"Turismo"}}]},{"@type":"Organization","@id":"https:\/\/www.eldigitaldeasturias.com\/noticias\/#organization","name":"El Digital de Asturias","description":"Hemeroteca","url":"https:\/\/www.eldigitaldeasturias.com\/noticias\/","email":"info@eldigitaldeasturias.com","telephone":"+34652131393","logo":{"@type":"ImageObject","url":"https:\/\/www.eldigitaldeasturias.com\/noticias\/wp-content\/uploads\/2020\/12\/EDA.jpg","@id":"https:\/\/www.eldigitaldeasturias.com\/noticias\/el-tren-del-peregrino-comienza-a-circular\/#organizationLogo","width":649,"height":297},"image":{"@id":"https:\/\/www.eldigitaldeasturias.com\/noticias\/el-tren-del-peregrino-comienza-a-circular\/#organizationLogo"},"sameAs":["https:\/\/facebook.com\/eldigitaldeasturias","https:\/\/www.youtube.com\/channel\/UCZP-2wLEB9Rv6erhFmqVnvg"],"address":{"@id":"https:\/\/www.eldigitaldeasturias.com\/noticias\/#postaladdress","@type":"PostalAddress","streetAddress":"san antonio 4,","postalCode":"33430","addressLocality":"Cand\u00e1s","addressRegion":"Asturias","addressCountry":"ES"}},{"@type":"Person","@id":"https:\/\/www.eldigitaldeasturias.com\/noticias\/author\/admin\/#author","url":"https:\/\/www.eldigitaldeasturias.com\/noticias\/author\/admin\/","name":"El Digital de Asturias","image":{"@type":"ImageObject","@id":"https:\/\/www.eldigitaldeasturias.com\/noticias\/el-tren-del-peregrino-comienza-a-circular\/#authorImage","url":"https:\/\/www.eldigitaldeasturias.com\/noticias\/wp-content\/litespeed\/avatar\/18677e78aa0546b92d9dbf31ec7d7668.jpg?ver=1777290358","width":96,"height":96,"caption":"El Digital de Asturias"}},{"@type":"WebPage","@id":"https:\/\/www.eldigitaldeasturias.com\/noticias\/el-tren-del-peregrino-comienza-a-circular\/#webpage","url":"https:\/\/www.eldigitaldeasturias.com\/noticias\/el-tren-del-peregrino-comienza-a-circular\/","name":"El Tren del Peregrino comienza a circular - El Digital de Asturias","description":"El pr\u00f3ximo jueves, d\u00eda 6 de agosto, el Tren del Peregrino inicia el primero de los cuatro viajes que Renfe ha programado a lo largo de este mes, en concreto para los d\u00edas 6, 13, 20 y 27 de agosto. Renfe ya ha colgado el cartel de 'No hay billetes' para las dos primeras salidas,","inLanguage":"es-ES","isPartOf":{"@id":"https:\/\/www.eldigitaldeasturias.com\/noticias\/#website"},"breadcrumb":{"@id":"https:\/\/www.eldigitaldeasturias.com\/noticias\/el-tren-del-peregrino-comienza-a-circular\/#breadcrumblist"},"author":{"@id":"https:\/\/www.eldigitaldeasturias.com\/noticias\/author\/admin\/#author"},"creator":{"@id":"https:\/\/www.eldigitaldeasturias.com\/noticias\/author\/admin\/#author"},"image":{"@type":"ImageObject","url":"https:\/\/www.eldigitaldeasturias.com\/noticias\/wp-content\/uploads\/2015\/08\/fotonoticia_20150803141417_800.jpg","@id":"https:\/\/www.eldigitaldeasturias.com\/noticias\/el-tren-del-peregrino-comienza-a-circular\/#mainImage","width":800,"height":538},"primaryImageOfPage":{"@id":"https:\/\/www.eldigitaldeasturias.com\/noticias\/el-tren-del-peregrino-comienza-a-circular\/#mainImage"},"datePublished":"2015-08-03T22:37:51+02:00","dateModified":"2015-08-03T22:37:51+02:00"},{"@type":"WebSite","@id":"https:\/\/www.eldigitaldeasturias.com\/noticias\/#website","url":"https:\/\/www.eldigitaldeasturias.com\/noticias\/","name":"El Digital de Asturias - Diario de actualidad y noticias","alternateName":"El Digital de Asturias - Diario de actualidad y noticias","description":"Hemeroteca","inLanguage":"es-ES","publisher":{"@id":"https:\/\/www.eldigitaldeasturias.com\/noticias\/#organization"}}]},"og:locale":"es_ES","og:site_name":"El Digital de Asturias","og:type":"article","og:title":"El Tren del Peregrino comienza a circular - El Digital de Asturias","og:description":"El pr\u00f3ximo jueves, d\u00eda 6 de agosto, el Tren del Peregrino inicia el primero de los cuatro viajes que Renfe ha programado a lo largo de este mes, en concreto para los d\u00edas 6, 13, 20 y 27 de agosto. Renfe ya ha colgado el cartel de 'No hay billetes' para las dos primeras salidas,","og:url":"https:\/\/www.eldigitaldeasturias.com\/noticias\/el-tren-del-peregrino-comienza-a-circular\/","og:image":"https:\/\/www.eldigitaldeasturias.com\/noticias\/wp-content\/uploads\/2015\/08\/fotonoticia_20150803141417_800.jpg","og:image:secure_url":"https:\/\/www.eldigitaldeasturias.com\/noticias\/wp-content\/uploads\/2015\/08\/fotonoticia_20150803141417_800.jpg","og:image:width":800,"og:image:height":538,"article:tag":["turismo"],"article:published_time":"2015-08-03T21:37:51+00:00","article:modified_time":"2015-08-03T21:37:51+00:00","article:publisher":"https:\/\/facebook.com\/eldigitaldeasturias","twitter:card":"summary_large_image","twitter:title":"El Tren del Peregrino comienza a circular - El Digital de Asturias","twitter:description":"El pr\u00f3ximo jueves, d\u00eda 6 de agosto, el Tren del Peregrino inicia el primero de los cuatro viajes que Renfe ha programado a lo largo de este mes, en concreto para los d\u00edas 6, 13, 20 y 27 de agosto. Renfe ya ha colgado el cartel de 'No hay billetes' para las dos primeras salidas,","twitter:image":"https:\/\/www.eldigitaldeasturias.com\/noticias\/wp-content\/uploads\/2015\/08\/fotonoticia_20150803141417_800.jpg","twitter:label1":"Escrito por","twitter:data1":"El Digital de Asturias","twitter:label2":"Tiempo de lectura estimado","twitter:data2":"3 minutos"},"aioseo_meta_data":{"post_id":"799931","title":null,"description":null,"keywords":null,"keyphrases":null,"primary_term":null,"canonical_url":null,"og_title":null,"og_description":null,"og_object_type":"default","og_image_type":"default","og_image_url":null,"og_image_width":null,"og_image_height":null,"og_image_custom_url":null,"og_image_custom_fields":null,"og_video":null,"og_custom_url":null,"og_article_section":null,"og_article_tags":null,"twitter_use_og":false,"twitter_card":"default","twitter_image_type":"default","twitter_image_url":null,"twitter_image_custom_url":null,"twitter_image_custom_fields":null,"twitter_title":null,"twitter_description":null,"schema":{"blockGraphs":[],"customGraphs":[],"default":{"data":{"Article":[],"Course":[],"Dataset":[],"FAQPage":[],"Movie":[],"Person":[],"Product":[],"ProductReview":[],"Car":[],"Recipe":[],"Service":[],"SoftwareApplication":[],"WebPage":[]},"graphName":"","isEnabled":true},"graphs":[],"defaultGraph":"","defaultPostTypeGraph":""},"schema_type":null,"schema_type_options":null,"pillar_content":false,"robots_default":true,"robots_noindex":false,"robots_noarchive":false,"robots_nosnippet":false,"robots_nofollow":false,"robots_noimageindex":false,"robots_noodp":false,"robots_notranslate":false,"robots_max_snippet":null,"robots_max_videopreview":null,"robots_max_imagepreview":"large","priority":null,"frequency":null,"local_seo":null,"seo_analyzer_scan_date":"2025-12-21 18:19:09","breadcrumb_settings":null,"limit_modified_date":false,"open_ai":null,"ai":null,"created":"2021-01-23 08:25:19","updated":"2025-12-21 18:19:09"},"aioseo_breadcrumb":"<div class=\"aioseo-breadcrumbs\"><span class=\"aioseo-breadcrumb\">\n\t<a href=\"https:\/\/www.eldigitaldeasturias.com\/noticias\" title=\"Home\">Home<\/a>\n<\/span><span class=\"aioseo-breadcrumb-separator\">\u2013<\/span><span class=\"aioseo-breadcrumb\">\n\t<a href=\"https:\/\/www.eldigitaldeasturias.com\/noticias\/category\/turismo\/\" title=\"Turismo\">Turismo<\/a>\n<\/span><span class=\"aioseo-breadcrumb-separator\">\u2013<\/span><span class=\"aioseo-breadcrumb\">\n\t<a href=\"https:\/\/www.eldigitaldeasturias.com\/noticias\/el-tren-del-peregrino-comienza-a-circular\/\" title=\"El Tren del Peregrino comienza a circular\">El Tren del Peregrino comienza a circular<\/a>\n<\/span><\/div>","aioseo_breadcrumb_json":[{"label":"Home","link":"https:\/\/www.eldigitaldeasturias.com\/noticias"},{"label":"Turismo","link":"https:\/\/www.eldigitaldeasturias.com\/noticias\/category\/turismo\/"},{"label":"El Tren del Peregrino comienza a circular","link":"https:\/\/www.eldigitaldeasturias.com\/noticias\/el-tren-del-peregrino-comienza-a-circular\/"}],"_links":{"self":[{"href":"https:\/\/www.eldigitaldeasturias.com\/noticias\/wp-json\/wp\/v2\/posts\/799931","targetHints":{"allow":["GET"]}}],"collection":[{"href":"https:\/\/www.eldigitaldeasturias.com\/noticias\/wp-json\/wp\/v2\/posts"}],"about":[{"href":"https:\/\/www.eldigitaldeasturias.com\/noticias\/wp-json\/wp\/v2\/types\/post"}],"author":[{"embeddable":true,"href":"https:\/\/www.eldigitaldeasturias.com\/noticias\/wp-json\/wp\/v2\/users\/1"}],"replies":[{"embeddable":true,"href":"https:\/\/www.eldigitaldeasturias.com\/noticias\/wp-json\/wp\/v2\/comments?post=799931"}],"version-history":[{"count":0,"href":"https:\/\/www.eldigitaldeasturias.com\/noticias\/wp-json\/wp\/v2\/posts\/799931\/revisions"}],"wp:featuredmedia":[{"embeddable":true,"href":"https:\/\/www.eldigitaldeasturias.com\/noticias\/wp-json\/wp\/v2\/media\/799932"}],"wp:attachment":[{"href":"https:\/\/www.eldigitaldeasturias.com\/noticias\/wp-json\/wp\/v2\/media?parent=799931"}],"wp:term":[{"taxonomy":"category","embeddable":true,"href":"https:\/\/www.eldigitaldeasturias.com\/noticias\/wp-json\/wp\/v2\/categories?post=799931"},{"taxonomy":"post_tag","embeddable":true,"href":"https:\/\/www.eldigitaldeasturias.com\/noticias\/wp-json\/wp\/v2\/tags?post=799931"}],"curies":[{"name":"wp","href":"https:\/\/api.w.org\/{rel}","templated":true}]}}