{"id":799602,"date":"2015-08-02T06:34:41","date_gmt":"2015-08-02T05:34:41","guid":{"rendered":"http:\/\/www.eldigitaldeasturias.com\/noticias\/?p=799602"},"modified":"2015-08-02T06:34:41","modified_gmt":"2015-08-02T05:34:41","slug":"publicacion-del-libro-de-fantasia-valesia-perteneciente-a-la-saga-los-senores-del-eden","status":"publish","type":"post","link":"https:\/\/www.eldigitaldeasturias.com\/noticias\/publicacion-del-libro-de-fantasia-valesia-perteneciente-a-la-saga-los-senores-del-eden\/","title":{"rendered":"Publicaci\u00f3n del libro de fantas\u00eda Vales\u00efa perteneciente a la saga Los Se\u00f1ores del Ed\u00e9n"},"content":{"rendered":"<p><img loading=\"lazy\" decoding=\"async\" class=\"alignleft size-medium wp-image-799603\" src=\"https:\/\/www.eldigitaldeasturias.com\/noticias\/wp-content\/uploads\/2015\/08\/1438265141_portada01_copia-226x320.jpg\" alt=\"1438265141_portada01_copia\" width=\"226\" height=\"320\" srcset=\"https:\/\/www.eldigitaldeasturias.com\/noticias\/wp-content\/uploads\/2015\/08\/1438265141_portada01_copia-226x320.jpg 226w, https:\/\/www.eldigitaldeasturias.com\/noticias\/wp-content\/uploads\/2015\/08\/1438265141_portada01_copia-460x650.jpg 460w, https:\/\/www.eldigitaldeasturias.com\/noticias\/wp-content\/uploads\/2015\/08\/1438265141_portada01_copia.jpg 1000w\" sizes=\"auto, (max-width: 226px) 100vw, 226px\" \/>Miguel Costa naci\u00f3 en Murcia en 1975. Es amante de la Historia y desde muy joven aficionado a la lectura, sobre todo a la literatura fant\u00e1stica, de terror y polic\u00edaca. Es seguidor empedernido de escritores como Stephen King, R. A. Salvatore, J.R.R. Tolkien o Edgar Allan Poe, entre otros.<\/p>\n<p>Vales\u00efa, perteneciente a la saga Los Se\u00f1ores del Ed\u00e9n, es su primera novela.<\/p>\n<p>Sinopsis de la novela:<\/p>\n<p>Cuando los monstruos y brujos del sur invaden el Reino de Castrum del planeta Tierra Leyenda, los hombres y los animales m\u00e1gicos deben emigrar hacia el fr\u00edo norte.<\/p>\n<p>Mientras los magos y gobernadores humanos idean una guerra dif\u00edcil de ganar, Vales\u00efa, la jovenc\u00edsima hija de un importante caudillo del reino, comienza una aventura \u00e9pica en compa\u00f1\u00eda de su protector el lince Linx. Ella es la Elegida por los mism\u00edsimos dioses del Ed\u00e9n para recuperar la \u00fanica arma que puede acabar con la vida material del inmortal Rey Oscuro Ari\u00fbm, la espada Her\u00e9nia, y enviarlo al infame Averno.<\/p>\n<p>Una vez que recupere la espada, que est\u00e1 oculta en el extra\u00f1o Bosque Silencioso, tiene que entreg\u00e1rsela al Rey Auri del Bosque Eterno, m\u00e1s all\u00e1 del reino humano y del reino subterr\u00e1neo de los peque\u00f1os securis.<\/p>\n<p>Si no consigue su prop\u00f3sito, el Rey Oscuro extender\u00e1 sus ej\u00e9rcitos de monstruos tarkos y brujos d\u00eerus por otros reinos de su mundo, y el mal gobernar\u00e1 Tierra Leyenda.<\/p>\n<p>La novela Vales\u00efa est\u00e1 inspirada en la canci\u00f3n Tierras de Leyenda de la banda espa\u00f1ola de m\u00fasica rock Tierra Santa.<\/p>\n","protected":false},"excerpt":{"rendered":"<p>Miguel Costa naci\u00f3 en Murcia en 1975. Es amante de la Historia y desde muy joven aficionado a la lectura, sobre todo a la literatura fant\u00e1stica, de terror y polic\u00edaca. Es seguidor empedernido de escritores como Stephen King, R. A. Salvatore, J.R.R. Tolkien o Edgar Allan Poe, entre otros. Vales\u00efa, perteneciente a la saga Los [&hellip;]<\/p>\n","protected":false},"author":1,"featured_media":799603,"comment_status":"closed","ping_status":"closed","sticky":false,"template":"","format":"standard","meta":{"footnotes":""},"categories":[50],"tags":[],"class_list":["post-799602","post","type-post","status-publish","format-standard","has-post-thumbnail","hentry","category-revista-de-ocio"],"aioseo_notices":[],"aioseo_head":"\n\t\t<!-- All in One SEO Pro 4.9.6.2 - aioseo.com -->\n\t<meta name=\"description\" content=\"Miguel Costa naci\u00f3 en Murcia en 1975. Es amante de la Historia y desde muy joven aficionado a la lectura, sobre todo a la literatura fant\u00e1stica, de terror y polic\u00edaca. Es seguidor empedernido de escritores como Stephen King, R. A. Salvatore, J.R.R. Tolkien o Edgar Allan Poe, entre otros. Vales\u00efa, perteneciente a la saga Los\" \/>\n\t<meta name=\"robots\" content=\"max-image-preview:large\" \/>\n\t<meta name=\"author\" content=\"El Digital de Asturias\"\/>\n\t<meta name=\"google-site-verification\" content=\"UA-38556648-1\" \/>\n\t<meta name=\"msvalidate.01\" content=\"7dfe9f3f1b24437ab69f4f2559babe99\" \/>\n\t<meta name=\"keywords\" content=\"revista de ocio\" \/>\n\t<link rel=\"canonical\" href=\"https:\/\/www.eldigitaldeasturias.com\/noticias\/publicacion-del-libro-de-fantasia-valesia-perteneciente-a-la-saga-los-senores-del-eden\/\" \/>\n\t<meta name=\"generator\" content=\"All in One SEO Pro (AIOSEO) 4.9.6.2\" \/>\n\t\t<meta property=\"og:locale\" content=\"es_ES\" \/>\n\t\t<meta property=\"og:site_name\" content=\"El Digital de Asturias\" \/>\n\t\t<meta property=\"og:type\" content=\"article\" \/>\n\t\t<meta property=\"og:title\" content=\"Publicaci\u00f3n del libro de fantas\u00eda Vales\u00efa perteneciente a la saga Los Se\u00f1ores del Ed\u00e9n - El Digital de Asturias\" \/>\n\t\t<meta property=\"og:description\" content=\"Miguel Costa naci\u00f3 en Murcia en 1975. Es amante de la Historia y desde muy joven aficionado a la lectura, sobre todo a la literatura fant\u00e1stica, de terror y polic\u00edaca. Es seguidor empedernido de escritores como Stephen King, R. A. Salvatore, J.R.R. Tolkien o Edgar Allan Poe, entre otros. Vales\u00efa, perteneciente a la saga Los\" \/>\n\t\t<meta property=\"og:url\" content=\"https:\/\/www.eldigitaldeasturias.com\/noticias\/publicacion-del-libro-de-fantasia-valesia-perteneciente-a-la-saga-los-senores-del-eden\/\" \/>\n\t\t<meta property=\"og:image\" content=\"https:\/\/www.eldigitaldeasturias.com\/noticias\/wp-content\/uploads\/2015\/08\/1438265141_portada01_copia.jpg\" \/>\n\t\t<meta property=\"og:image:secure_url\" content=\"https:\/\/www.eldigitaldeasturias.com\/noticias\/wp-content\/uploads\/2015\/08\/1438265141_portada01_copia.jpg\" \/>\n\t\t<meta property=\"og:image:width\" content=\"1000\" \/>\n\t\t<meta property=\"og:image:height\" content=\"1414\" \/>\n\t\t<meta property=\"article:tag\" content=\"revista de ocio\" \/>\n\t\t<meta property=\"article:published_time\" content=\"2015-08-02T05:34:41+00:00\" \/>\n\t\t<meta property=\"article:modified_time\" content=\"2015-08-02T05:34:41+00:00\" \/>\n\t\t<meta property=\"article:publisher\" content=\"https:\/\/facebook.com\/eldigitaldeasturias\" \/>\n\t\t<meta name=\"twitter:card\" content=\"summary_large_image\" \/>\n\t\t<meta name=\"twitter:title\" content=\"Publicaci\u00f3n del libro de fantas\u00eda Vales\u00efa perteneciente a la saga Los Se\u00f1ores del Ed\u00e9n - El Digital de Asturias\" \/>\n\t\t<meta name=\"twitter:description\" content=\"Miguel Costa naci\u00f3 en Murcia en 1975. Es amante de la Historia y desde muy joven aficionado a la lectura, sobre todo a la literatura fant\u00e1stica, de terror y polic\u00edaca. Es seguidor empedernido de escritores como Stephen King, R. A. Salvatore, J.R.R. Tolkien o Edgar Allan Poe, entre otros. Vales\u00efa, perteneciente a la saga Los\" \/>\n\t\t<meta name=\"twitter:image\" content=\"https:\/\/www.eldigitaldeasturias.com\/noticias\/wp-content\/uploads\/2015\/08\/1438265141_portada01_copia.jpg\" \/>\n\t\t<meta name=\"twitter:label1\" content=\"Escrito por\" \/>\n\t\t<meta name=\"twitter:data1\" content=\"El Digital de Asturias\" \/>\n\t\t<meta name=\"twitter:label2\" content=\"Tiempo de lectura estimado\" \/>\n\t\t<meta name=\"twitter:data2\" content=\"1 minuto\" \/>\n\t\t<script type=\"application\/ld+json\" class=\"aioseo-schema\">\n\t\t\t{\"@context\":\"https:\\\/\\\/schema.org\",\"@graph\":[{\"@type\":\"BlogPosting\",\"@id\":\"https:\\\/\\\/www.eldigitaldeasturias.com\\\/noticias\\\/publicacion-del-libro-de-fantasia-valesia-perteneciente-a-la-saga-los-senores-del-eden\\\/#blogposting\",\"name\":\"Publicaci\\u00f3n del libro de fantas\\u00eda Vales\\u00efa perteneciente a la saga Los Se\\u00f1ores del Ed\\u00e9n - El Digital de Asturias\",\"headline\":\"Publicaci\\u00f3n del libro de fantas\\u00eda Vales\\u00efa perteneciente a la saga Los Se\\u00f1ores del Ed\\u00e9n\",\"author\":{\"@id\":\"https:\\\/\\\/www.eldigitaldeasturias.com\\\/noticias\\\/author\\\/admin\\\/#author\"},\"publisher\":{\"@id\":\"https:\\\/\\\/www.eldigitaldeasturias.com\\\/noticias\\\/#organization\"},\"image\":{\"@type\":\"ImageObject\",\"url\":\"https:\\\/\\\/www.eldigitaldeasturias.com\\\/noticias\\\/wp-content\\\/uploads\\\/2015\\\/08\\\/1438265141_portada01_copia.jpg\",\"width\":1000,\"height\":1414},\"datePublished\":\"2015-08-02T06:34:41+02:00\",\"dateModified\":\"2015-08-02T06:34:41+02:00\",\"inLanguage\":\"es-ES\",\"mainEntityOfPage\":{\"@id\":\"https:\\\/\\\/www.eldigitaldeasturias.com\\\/noticias\\\/publicacion-del-libro-de-fantasia-valesia-perteneciente-a-la-saga-los-senores-del-eden\\\/#webpage\"},\"isPartOf\":{\"@id\":\"https:\\\/\\\/www.eldigitaldeasturias.com\\\/noticias\\\/publicacion-del-libro-de-fantasia-valesia-perteneciente-a-la-saga-los-senores-del-eden\\\/#webpage\"},\"articleSection\":\"Revista de Ocio\"},{\"@type\":\"BreadcrumbList\",\"@id\":\"https:\\\/\\\/www.eldigitaldeasturias.com\\\/noticias\\\/publicacion-del-libro-de-fantasia-valesia-perteneciente-a-la-saga-los-senores-del-eden\\\/#breadcrumblist\",\"itemListElement\":[{\"@type\":\"ListItem\",\"@id\":\"https:\\\/\\\/www.eldigitaldeasturias.com\\\/noticias#listItem\",\"position\":1,\"name\":\"Home\",\"item\":\"https:\\\/\\\/www.eldigitaldeasturias.com\\\/noticias\",\"nextItem\":{\"@type\":\"ListItem\",\"@id\":\"https:\\\/\\\/www.eldigitaldeasturias.com\\\/noticias\\\/category\\\/revista-de-ocio\\\/#listItem\",\"name\":\"Revista de Ocio\"}},{\"@type\":\"ListItem\",\"@id\":\"https:\\\/\\\/www.eldigitaldeasturias.com\\\/noticias\\\/category\\\/revista-de-ocio\\\/#listItem\",\"position\":2,\"name\":\"Revista de Ocio\",\"item\":\"https:\\\/\\\/www.eldigitaldeasturias.com\\\/noticias\\\/category\\\/revista-de-ocio\\\/\",\"nextItem\":{\"@type\":\"ListItem\",\"@id\":\"https:\\\/\\\/www.eldigitaldeasturias.com\\\/noticias\\\/publicacion-del-libro-de-fantasia-valesia-perteneciente-a-la-saga-los-senores-del-eden\\\/#listItem\",\"name\":\"Publicaci\\u00f3n del libro de fantas\\u00eda Vales\\u00efa perteneciente a la saga Los Se\\u00f1ores del Ed\\u00e9n\"},\"previousItem\":{\"@type\":\"ListItem\",\"@id\":\"https:\\\/\\\/www.eldigitaldeasturias.com\\\/noticias#listItem\",\"name\":\"Home\"}},{\"@type\":\"ListItem\",\"@id\":\"https:\\\/\\\/www.eldigitaldeasturias.com\\\/noticias\\\/publicacion-del-libro-de-fantasia-valesia-perteneciente-a-la-saga-los-senores-del-eden\\\/#listItem\",\"position\":3,\"name\":\"Publicaci\\u00f3n del libro de fantas\\u00eda Vales\\u00efa perteneciente a la saga Los Se\\u00f1ores del Ed\\u00e9n\",\"previousItem\":{\"@type\":\"ListItem\",\"@id\":\"https:\\\/\\\/www.eldigitaldeasturias.com\\\/noticias\\\/category\\\/revista-de-ocio\\\/#listItem\",\"name\":\"Revista de Ocio\"}}]},{\"@type\":\"Organization\",\"@id\":\"https:\\\/\\\/www.eldigitaldeasturias.com\\\/noticias\\\/#organization\",\"name\":\"El Digital de Asturias\",\"description\":\"Hemeroteca\",\"url\":\"https:\\\/\\\/www.eldigitaldeasturias.com\\\/noticias\\\/\",\"email\":\"info@eldigitaldeasturias.com\",\"telephone\":\"+34652131393\",\"logo\":{\"@type\":\"ImageObject\",\"url\":\"https:\\\/\\\/www.eldigitaldeasturias.com\\\/noticias\\\/wp-content\\\/uploads\\\/2020\\\/12\\\/EDA.jpg\",\"@id\":\"https:\\\/\\\/www.eldigitaldeasturias.com\\\/noticias\\\/publicacion-del-libro-de-fantasia-valesia-perteneciente-a-la-saga-los-senores-del-eden\\\/#organizationLogo\",\"width\":649,\"height\":297},\"image\":{\"@id\":\"https:\\\/\\\/www.eldigitaldeasturias.com\\\/noticias\\\/publicacion-del-libro-de-fantasia-valesia-perteneciente-a-la-saga-los-senores-del-eden\\\/#organizationLogo\"},\"sameAs\":[\"https:\\\/\\\/facebook.com\\\/eldigitaldeasturias\",\"https:\\\/\\\/www.youtube.com\\\/channel\\\/UCZP-2wLEB9Rv6erhFmqVnvg\"],\"address\":{\"@id\":\"https:\\\/\\\/www.eldigitaldeasturias.com\\\/noticias\\\/#postaladdress\",\"@type\":\"PostalAddress\",\"streetAddress\":\"san antonio 4,\",\"postalCode\":\"33430\",\"addressLocality\":\"Cand\\u00e1s\",\"addressRegion\":\"Asturias\",\"addressCountry\":\"ES\"}},{\"@type\":\"Person\",\"@id\":\"https:\\\/\\\/www.eldigitaldeasturias.com\\\/noticias\\\/author\\\/admin\\\/#author\",\"url\":\"https:\\\/\\\/www.eldigitaldeasturias.com\\\/noticias\\\/author\\\/admin\\\/\",\"name\":\"El Digital de Asturias\",\"image\":{\"@type\":\"ImageObject\",\"@id\":\"https:\\\/\\\/www.eldigitaldeasturias.com\\\/noticias\\\/publicacion-del-libro-de-fantasia-valesia-perteneciente-a-la-saga-los-senores-del-eden\\\/#authorImage\",\"url\":\"https:\\\/\\\/www.eldigitaldeasturias.com\\\/noticias\\\/wp-content\\\/litespeed\\\/avatar\\\/18677e78aa0546b92d9dbf31ec7d7668.jpg?ver=1777290358\",\"width\":96,\"height\":96,\"caption\":\"El Digital de Asturias\"}},{\"@type\":\"WebPage\",\"@id\":\"https:\\\/\\\/www.eldigitaldeasturias.com\\\/noticias\\\/publicacion-del-libro-de-fantasia-valesia-perteneciente-a-la-saga-los-senores-del-eden\\\/#webpage\",\"url\":\"https:\\\/\\\/www.eldigitaldeasturias.com\\\/noticias\\\/publicacion-del-libro-de-fantasia-valesia-perteneciente-a-la-saga-los-senores-del-eden\\\/\",\"name\":\"Publicaci\\u00f3n del libro de fantas\\u00eda Vales\\u00efa perteneciente a la saga Los Se\\u00f1ores del Ed\\u00e9n - El Digital de Asturias\",\"description\":\"Miguel Costa naci\\u00f3 en Murcia en 1975. Es amante de la Historia y desde muy joven aficionado a la lectura, sobre todo a la literatura fant\\u00e1stica, de terror y polic\\u00edaca. Es seguidor empedernido de escritores como Stephen King, R. A. Salvatore, J.R.R. Tolkien o Edgar Allan Poe, entre otros. Vales\\u00efa, perteneciente a la saga Los\",\"inLanguage\":\"es-ES\",\"isPartOf\":{\"@id\":\"https:\\\/\\\/www.eldigitaldeasturias.com\\\/noticias\\\/#website\"},\"breadcrumb\":{\"@id\":\"https:\\\/\\\/www.eldigitaldeasturias.com\\\/noticias\\\/publicacion-del-libro-de-fantasia-valesia-perteneciente-a-la-saga-los-senores-del-eden\\\/#breadcrumblist\"},\"author\":{\"@id\":\"https:\\\/\\\/www.eldigitaldeasturias.com\\\/noticias\\\/author\\\/admin\\\/#author\"},\"creator\":{\"@id\":\"https:\\\/\\\/www.eldigitaldeasturias.com\\\/noticias\\\/author\\\/admin\\\/#author\"},\"image\":{\"@type\":\"ImageObject\",\"url\":\"https:\\\/\\\/www.eldigitaldeasturias.com\\\/noticias\\\/wp-content\\\/uploads\\\/2015\\\/08\\\/1438265141_portada01_copia.jpg\",\"@id\":\"https:\\\/\\\/www.eldigitaldeasturias.com\\\/noticias\\\/publicacion-del-libro-de-fantasia-valesia-perteneciente-a-la-saga-los-senores-del-eden\\\/#mainImage\",\"width\":1000,\"height\":1414},\"primaryImageOfPage\":{\"@id\":\"https:\\\/\\\/www.eldigitaldeasturias.com\\\/noticias\\\/publicacion-del-libro-de-fantasia-valesia-perteneciente-a-la-saga-los-senores-del-eden\\\/#mainImage\"},\"datePublished\":\"2015-08-02T06:34:41+02:00\",\"dateModified\":\"2015-08-02T06:34:41+02:00\"},{\"@type\":\"WebSite\",\"@id\":\"https:\\\/\\\/www.eldigitaldeasturias.com\\\/noticias\\\/#website\",\"url\":\"https:\\\/\\\/www.eldigitaldeasturias.com\\\/noticias\\\/\",\"name\":\"El Digital de Asturias - Diario de actualidad y noticias\",\"alternateName\":\"El Digital de Asturias - Diario de actualidad y noticias\",\"description\":\"Hemeroteca\",\"inLanguage\":\"es-ES\",\"publisher\":{\"@id\":\"https:\\\/\\\/www.eldigitaldeasturias.com\\\/noticias\\\/#organization\"}}]}\n\t\t<\/script>\n\t\t<!-- All in One SEO Pro -->\r\n\t\t<title>Publicaci\u00f3n del libro de fantas\u00eda Vales\u00efa perteneciente a la saga Los Se\u00f1ores del Ed\u00e9n - El Digital de Asturias<\/title>\n\n","aioseo_head_json":{"title":"Publicaci\u00f3n del libro de fantas\u00eda Vales\u00efa perteneciente a la saga Los Se\u00f1ores del Ed\u00e9n - El Digital de Asturias","description":"Miguel Costa naci\u00f3 en Murcia en 1975. Es amante de la Historia y desde muy joven aficionado a la lectura, sobre todo a la literatura fant\u00e1stica, de terror y polic\u00edaca. Es seguidor empedernido de escritores como Stephen King, R. A. Salvatore, J.R.R. Tolkien o Edgar Allan Poe, entre otros. Vales\u00efa, perteneciente a la saga Los","canonical_url":"https:\/\/www.eldigitaldeasturias.com\/noticias\/publicacion-del-libro-de-fantasia-valesia-perteneciente-a-la-saga-los-senores-del-eden\/","robots":"max-image-preview:large","keywords":"revista de ocio","webmasterTools":{"google-site-verification":"UA-38556648-1","msvalidate.01":"7dfe9f3f1b24437ab69f4f2559babe99","miscellaneous":""},"schema":{"@context":"https:\/\/schema.org","@graph":[{"@type":"BlogPosting","@id":"https:\/\/www.eldigitaldeasturias.com\/noticias\/publicacion-del-libro-de-fantasia-valesia-perteneciente-a-la-saga-los-senores-del-eden\/#blogposting","name":"Publicaci\u00f3n del libro de fantas\u00eda Vales\u00efa perteneciente a la saga Los Se\u00f1ores del Ed\u00e9n - El Digital de Asturias","headline":"Publicaci\u00f3n del libro de fantas\u00eda Vales\u00efa perteneciente a la saga Los Se\u00f1ores del Ed\u00e9n","author":{"@id":"https:\/\/www.eldigitaldeasturias.com\/noticias\/author\/admin\/#author"},"publisher":{"@id":"https:\/\/www.eldigitaldeasturias.com\/noticias\/#organization"},"image":{"@type":"ImageObject","url":"https:\/\/www.eldigitaldeasturias.com\/noticias\/wp-content\/uploads\/2015\/08\/1438265141_portada01_copia.jpg","width":1000,"height":1414},"datePublished":"2015-08-02T06:34:41+02:00","dateModified":"2015-08-02T06:34:41+02:00","inLanguage":"es-ES","mainEntityOfPage":{"@id":"https:\/\/www.eldigitaldeasturias.com\/noticias\/publicacion-del-libro-de-fantasia-valesia-perteneciente-a-la-saga-los-senores-del-eden\/#webpage"},"isPartOf":{"@id":"https:\/\/www.eldigitaldeasturias.com\/noticias\/publicacion-del-libro-de-fantasia-valesia-perteneciente-a-la-saga-los-senores-del-eden\/#webpage"},"articleSection":"Revista de Ocio"},{"@type":"BreadcrumbList","@id":"https:\/\/www.eldigitaldeasturias.com\/noticias\/publicacion-del-libro-de-fantasia-valesia-perteneciente-a-la-saga-los-senores-del-eden\/#breadcrumblist","itemListElement":[{"@type":"ListItem","@id":"https:\/\/www.eldigitaldeasturias.com\/noticias#listItem","position":1,"name":"Home","item":"https:\/\/www.eldigitaldeasturias.com\/noticias","nextItem":{"@type":"ListItem","@id":"https:\/\/www.eldigitaldeasturias.com\/noticias\/category\/revista-de-ocio\/#listItem","name":"Revista de Ocio"}},{"@type":"ListItem","@id":"https:\/\/www.eldigitaldeasturias.com\/noticias\/category\/revista-de-ocio\/#listItem","position":2,"name":"Revista de Ocio","item":"https:\/\/www.eldigitaldeasturias.com\/noticias\/category\/revista-de-ocio\/","nextItem":{"@type":"ListItem","@id":"https:\/\/www.eldigitaldeasturias.com\/noticias\/publicacion-del-libro-de-fantasia-valesia-perteneciente-a-la-saga-los-senores-del-eden\/#listItem","name":"Publicaci\u00f3n del libro de fantas\u00eda Vales\u00efa perteneciente a la saga Los Se\u00f1ores del Ed\u00e9n"},"previousItem":{"@type":"ListItem","@id":"https:\/\/www.eldigitaldeasturias.com\/noticias#listItem","name":"Home"}},{"@type":"ListItem","@id":"https:\/\/www.eldigitaldeasturias.com\/noticias\/publicacion-del-libro-de-fantasia-valesia-perteneciente-a-la-saga-los-senores-del-eden\/#listItem","position":3,"name":"Publicaci\u00f3n del libro de fantas\u00eda Vales\u00efa perteneciente a la saga Los Se\u00f1ores del Ed\u00e9n","previousItem":{"@type":"ListItem","@id":"https:\/\/www.eldigitaldeasturias.com\/noticias\/category\/revista-de-ocio\/#listItem","name":"Revista de Ocio"}}]},{"@type":"Organization","@id":"https:\/\/www.eldigitaldeasturias.com\/noticias\/#organization","name":"El Digital de Asturias","description":"Hemeroteca","url":"https:\/\/www.eldigitaldeasturias.com\/noticias\/","email":"info@eldigitaldeasturias.com","telephone":"+34652131393","logo":{"@type":"ImageObject","url":"https:\/\/www.eldigitaldeasturias.com\/noticias\/wp-content\/uploads\/2020\/12\/EDA.jpg","@id":"https:\/\/www.eldigitaldeasturias.com\/noticias\/publicacion-del-libro-de-fantasia-valesia-perteneciente-a-la-saga-los-senores-del-eden\/#organizationLogo","width":649,"height":297},"image":{"@id":"https:\/\/www.eldigitaldeasturias.com\/noticias\/publicacion-del-libro-de-fantasia-valesia-perteneciente-a-la-saga-los-senores-del-eden\/#organizationLogo"},"sameAs":["https:\/\/facebook.com\/eldigitaldeasturias","https:\/\/www.youtube.com\/channel\/UCZP-2wLEB9Rv6erhFmqVnvg"],"address":{"@id":"https:\/\/www.eldigitaldeasturias.com\/noticias\/#postaladdress","@type":"PostalAddress","streetAddress":"san antonio 4,","postalCode":"33430","addressLocality":"Cand\u00e1s","addressRegion":"Asturias","addressCountry":"ES"}},{"@type":"Person","@id":"https:\/\/www.eldigitaldeasturias.com\/noticias\/author\/admin\/#author","url":"https:\/\/www.eldigitaldeasturias.com\/noticias\/author\/admin\/","name":"El Digital de Asturias","image":{"@type":"ImageObject","@id":"https:\/\/www.eldigitaldeasturias.com\/noticias\/publicacion-del-libro-de-fantasia-valesia-perteneciente-a-la-saga-los-senores-del-eden\/#authorImage","url":"https:\/\/www.eldigitaldeasturias.com\/noticias\/wp-content\/litespeed\/avatar\/18677e78aa0546b92d9dbf31ec7d7668.jpg?ver=1777290358","width":96,"height":96,"caption":"El Digital de Asturias"}},{"@type":"WebPage","@id":"https:\/\/www.eldigitaldeasturias.com\/noticias\/publicacion-del-libro-de-fantasia-valesia-perteneciente-a-la-saga-los-senores-del-eden\/#webpage","url":"https:\/\/www.eldigitaldeasturias.com\/noticias\/publicacion-del-libro-de-fantasia-valesia-perteneciente-a-la-saga-los-senores-del-eden\/","name":"Publicaci\u00f3n del libro de fantas\u00eda Vales\u00efa perteneciente a la saga Los Se\u00f1ores del Ed\u00e9n - El Digital de Asturias","description":"Miguel Costa naci\u00f3 en Murcia en 1975. Es amante de la Historia y desde muy joven aficionado a la lectura, sobre todo a la literatura fant\u00e1stica, de terror y polic\u00edaca. Es seguidor empedernido de escritores como Stephen King, R. A. Salvatore, J.R.R. Tolkien o Edgar Allan Poe, entre otros. Vales\u00efa, perteneciente a la saga Los","inLanguage":"es-ES","isPartOf":{"@id":"https:\/\/www.eldigitaldeasturias.com\/noticias\/#website"},"breadcrumb":{"@id":"https:\/\/www.eldigitaldeasturias.com\/noticias\/publicacion-del-libro-de-fantasia-valesia-perteneciente-a-la-saga-los-senores-del-eden\/#breadcrumblist"},"author":{"@id":"https:\/\/www.eldigitaldeasturias.com\/noticias\/author\/admin\/#author"},"creator":{"@id":"https:\/\/www.eldigitaldeasturias.com\/noticias\/author\/admin\/#author"},"image":{"@type":"ImageObject","url":"https:\/\/www.eldigitaldeasturias.com\/noticias\/wp-content\/uploads\/2015\/08\/1438265141_portada01_copia.jpg","@id":"https:\/\/www.eldigitaldeasturias.com\/noticias\/publicacion-del-libro-de-fantasia-valesia-perteneciente-a-la-saga-los-senores-del-eden\/#mainImage","width":1000,"height":1414},"primaryImageOfPage":{"@id":"https:\/\/www.eldigitaldeasturias.com\/noticias\/publicacion-del-libro-de-fantasia-valesia-perteneciente-a-la-saga-los-senores-del-eden\/#mainImage"},"datePublished":"2015-08-02T06:34:41+02:00","dateModified":"2015-08-02T06:34:41+02:00"},{"@type":"WebSite","@id":"https:\/\/www.eldigitaldeasturias.com\/noticias\/#website","url":"https:\/\/www.eldigitaldeasturias.com\/noticias\/","name":"El Digital de Asturias - Diario de actualidad y noticias","alternateName":"El Digital de Asturias - Diario de actualidad y noticias","description":"Hemeroteca","inLanguage":"es-ES","publisher":{"@id":"https:\/\/www.eldigitaldeasturias.com\/noticias\/#organization"}}]},"og:locale":"es_ES","og:site_name":"El Digital de Asturias","og:type":"article","og:title":"Publicaci\u00f3n del libro de fantas\u00eda Vales\u00efa perteneciente a la saga Los Se\u00f1ores del Ed\u00e9n - El Digital de Asturias","og:description":"Miguel Costa naci\u00f3 en Murcia en 1975. Es amante de la Historia y desde muy joven aficionado a la lectura, sobre todo a la literatura fant\u00e1stica, de terror y polic\u00edaca. Es seguidor empedernido de escritores como Stephen King, R. A. Salvatore, J.R.R. Tolkien o Edgar Allan Poe, entre otros. Vales\u00efa, perteneciente a la saga Los","og:url":"https:\/\/www.eldigitaldeasturias.com\/noticias\/publicacion-del-libro-de-fantasia-valesia-perteneciente-a-la-saga-los-senores-del-eden\/","og:image":"https:\/\/www.eldigitaldeasturias.com\/noticias\/wp-content\/uploads\/2015\/08\/1438265141_portada01_copia.jpg","og:image:secure_url":"https:\/\/www.eldigitaldeasturias.com\/noticias\/wp-content\/uploads\/2015\/08\/1438265141_portada01_copia.jpg","og:image:width":1000,"og:image:height":1414,"article:tag":["revista de ocio"],"article:published_time":"2015-08-02T05:34:41+00:00","article:modified_time":"2015-08-02T05:34:41+00:00","article:publisher":"https:\/\/facebook.com\/eldigitaldeasturias","twitter:card":"summary_large_image","twitter:title":"Publicaci\u00f3n del libro de fantas\u00eda Vales\u00efa perteneciente a la saga Los Se\u00f1ores del Ed\u00e9n - El Digital de Asturias","twitter:description":"Miguel Costa naci\u00f3 en Murcia en 1975. Es amante de la Historia y desde muy joven aficionado a la lectura, sobre todo a la literatura fant\u00e1stica, de terror y polic\u00edaca. Es seguidor empedernido de escritores como Stephen King, R. A. Salvatore, J.R.R. Tolkien o Edgar Allan Poe, entre otros. Vales\u00efa, perteneciente a la saga Los","twitter:image":"https:\/\/www.eldigitaldeasturias.com\/noticias\/wp-content\/uploads\/2015\/08\/1438265141_portada01_copia.jpg","twitter:label1":"Escrito por","twitter:data1":"El Digital de Asturias","twitter:label2":"Tiempo de lectura estimado","twitter:data2":"1 minuto"},"aioseo_meta_data":{"post_id":"799602","title":null,"description":null,"keywords":null,"keyphrases":null,"primary_term":null,"canonical_url":null,"og_title":null,"og_description":null,"og_object_type":"default","og_image_type":"default","og_image_url":null,"og_image_width":null,"og_image_height":null,"og_image_custom_url":null,"og_image_custom_fields":null,"og_video":null,"og_custom_url":null,"og_article_section":null,"og_article_tags":null,"twitter_use_og":false,"twitter_card":"default","twitter_image_type":"default","twitter_image_url":null,"twitter_image_custom_url":null,"twitter_image_custom_fields":null,"twitter_title":null,"twitter_description":null,"schema":{"blockGraphs":[],"customGraphs":[],"default":{"data":{"Article":[],"Course":[],"Dataset":[],"FAQPage":[],"Movie":[],"Person":[],"Product":[],"ProductReview":[],"Car":[],"Recipe":[],"Service":[],"SoftwareApplication":[],"WebPage":[]},"graphName":"","isEnabled":true},"graphs":[],"defaultGraph":"","defaultPostTypeGraph":""},"schema_type":null,"schema_type_options":null,"pillar_content":false,"robots_default":true,"robots_noindex":false,"robots_noarchive":false,"robots_nosnippet":false,"robots_nofollow":false,"robots_noimageindex":false,"robots_noodp":false,"robots_notranslate":false,"robots_max_snippet":null,"robots_max_videopreview":null,"robots_max_imagepreview":"large","priority":null,"frequency":null,"local_seo":null,"seo_analyzer_scan_date":"2025-12-21 17:14:17","breadcrumb_settings":null,"limit_modified_date":false,"open_ai":null,"ai":null,"created":"2021-01-23 08:25:15","updated":"2025-12-21 17:14:17"},"aioseo_breadcrumb":"<div class=\"aioseo-breadcrumbs\"><span class=\"aioseo-breadcrumb\">\n\t<a href=\"https:\/\/www.eldigitaldeasturias.com\/noticias\" title=\"Home\">Home<\/a>\n<\/span><span class=\"aioseo-breadcrumb-separator\">\u2013<\/span><span class=\"aioseo-breadcrumb\">\n\t<a href=\"https:\/\/www.eldigitaldeasturias.com\/noticias\/category\/revista-de-ocio\/\" title=\"Revista de Ocio\">Revista de Ocio<\/a>\n<\/span><span class=\"aioseo-breadcrumb-separator\">\u2013<\/span><span class=\"aioseo-breadcrumb\">\n\t<a href=\"https:\/\/www.eldigitaldeasturias.com\/noticias\/publicacion-del-libro-de-fantasia-valesia-perteneciente-a-la-saga-los-senores-del-eden\/\" title=\"Publicaci\u00f3n del libro de fantas\u00eda Vales\u00efa perteneciente a la saga Los Se\u00f1ores del Ed\u00e9n\">Publicaci\u00f3n del libro de fantas\u00eda Vales\u00efa perteneciente a la saga Los Se\u00f1ores del Ed\u00e9n<\/a>\n<\/span><\/div>","aioseo_breadcrumb_json":[{"label":"Home","link":"https:\/\/www.eldigitaldeasturias.com\/noticias"},{"label":"Revista de Ocio","link":"https:\/\/www.eldigitaldeasturias.com\/noticias\/category\/revista-de-ocio\/"},{"label":"Publicaci\u00f3n del libro de fantas\u00eda Vales\u00efa perteneciente a la saga Los Se\u00f1ores del Ed\u00e9n","link":"https:\/\/www.eldigitaldeasturias.com\/noticias\/publicacion-del-libro-de-fantasia-valesia-perteneciente-a-la-saga-los-senores-del-eden\/"}],"_links":{"self":[{"href":"https:\/\/www.eldigitaldeasturias.com\/noticias\/wp-json\/wp\/v2\/posts\/799602","targetHints":{"allow":["GET"]}}],"collection":[{"href":"https:\/\/www.eldigitaldeasturias.com\/noticias\/wp-json\/wp\/v2\/posts"}],"about":[{"href":"https:\/\/www.eldigitaldeasturias.com\/noticias\/wp-json\/wp\/v2\/types\/post"}],"author":[{"embeddable":true,"href":"https:\/\/www.eldigitaldeasturias.com\/noticias\/wp-json\/wp\/v2\/users\/1"}],"replies":[{"embeddable":true,"href":"https:\/\/www.eldigitaldeasturias.com\/noticias\/wp-json\/wp\/v2\/comments?post=799602"}],"version-history":[{"count":0,"href":"https:\/\/www.eldigitaldeasturias.com\/noticias\/wp-json\/wp\/v2\/posts\/799602\/revisions"}],"wp:featuredmedia":[{"embeddable":true,"href":"https:\/\/www.eldigitaldeasturias.com\/noticias\/wp-json\/wp\/v2\/media\/799603"}],"wp:attachment":[{"href":"https:\/\/www.eldigitaldeasturias.com\/noticias\/wp-json\/wp\/v2\/media?parent=799602"}],"wp:term":[{"taxonomy":"category","embeddable":true,"href":"https:\/\/www.eldigitaldeasturias.com\/noticias\/wp-json\/wp\/v2\/categories?post=799602"},{"taxonomy":"post_tag","embeddable":true,"href":"https:\/\/www.eldigitaldeasturias.com\/noticias\/wp-json\/wp\/v2\/tags?post=799602"}],"curies":[{"name":"wp","href":"https:\/\/api.w.org\/{rel}","templated":true}]}}