{"id":798966,"date":"2015-07-30T10:03:10","date_gmt":"2015-07-30T09:03:10","guid":{"rendered":"http:\/\/www.eldigitaldeasturias.com\/noticias\/?p=798966"},"modified":"2015-07-30T10:03:10","modified_gmt":"2015-07-30T09:03:10","slug":"madrid-celebrara-en-octubre-una-cumbre-para-analizar-el-turismo-de-compras","status":"publish","type":"post","link":"https:\/\/www.eldigitaldeasturias.com\/noticias\/madrid-celebrara-en-octubre-una-cumbre-para-analizar-el-turismo-de-compras\/","title":{"rendered":"Madrid celebrar\u00e1 en octubre una cumbre para analizar el turismo de compras"},"content":{"rendered":"<p><img loading=\"lazy\" decoding=\"async\" class=\"alignleft size-medium wp-image-798967\" src=\"https:\/\/www.eldigitaldeasturias.com\/noticias\/wp-content\/uploads\/2015\/07\/fotonoticia_20150729124411_800-360x232.jpg\" alt=\"fotonoticia_20150729124411_800\" width=\"360\" height=\"232\" srcset=\"https:\/\/www.eldigitaldeasturias.com\/noticias\/wp-content\/uploads\/2015\/07\/fotonoticia_20150729124411_800-360x232.jpg 360w, https:\/\/www.eldigitaldeasturias.com\/noticias\/wp-content\/uploads\/2015\/07\/fotonoticia_20150729124411_800-650x418.jpg 650w, https:\/\/www.eldigitaldeasturias.com\/noticias\/wp-content\/uploads\/2015\/07\/fotonoticia_20150729124411_800.jpg 800w\" sizes=\"auto, (max-width: 360px) 100vw, 360px\" \/>La ciudad de Madrid celebrar\u00e1 los pr\u00f3ximos 5 y 6 de octubre la primera edici\u00f3n del &#8216;Shopping Tourism and Economy Summit&#8217; un encuentro dedicado a impulsar el turismo de compras como motor de crecimiento mediante la participaci\u00f3n de todos los sectores implicados: comercio, turismo, transporte, infraestructuras, sector financiero y de tecnolog\u00eda, entre otros, as\u00ed como del \u00e1mbito p\u00fablico y de las grandes marcas.<\/p>\n<p>En este foro la consultora y auditora EY ser\u00e1 la encargada de presentar su estudio &#8216;Impactos y retos del turismo de compras en Espa\u00f1a: una nueva era hacia el turismo de calidad&#8217; que analizar\u00e1 la perspectiva estrat\u00e9gica del turismo basado en las compras en Espa\u00f1a.<\/p>\n<p>El estudio de EY tambi\u00e9n analizar\u00e1 las oportunidades que el turismo de compras representa para Espa\u00f1a e identificar\u00e1 las acciones que, desde una perspectiva estrat\u00e9gica pero urgente, han de ponerse en marcha para aprovechar la oportunidad que este nuevo modelo tur\u00edstico constituye para nuestros destinos urbanos.<\/p>\n<p>El estudio analizar\u00e1 asimismo, a partir de fuentes de informaci\u00f3n objetivas, el tama\u00f1o actual de este mercado; su potencial de crecimiento; las caracter\u00edsticas de la demanda actual y futura; los segmentos y pa\u00edses emisores m\u00e1s importantes; y el posicionamiento actual de Espa\u00f1a y sus destinos respecto al de otros pa\u00edses y ciudades mucho m\u00e1s avanzados en este \u00e1mbito.<\/p>\n<p>Asimismo, el an\u00e1lisis de EY propondr\u00e1 un posicionamiento adecuado para Espa\u00f1a, unos objetivos de cuota de mercado a alcanzar en los pr\u00f3ximos a\u00f1os y una serie de recomendaciones dirigidas a las administraciones p\u00fablicas y al sector tur\u00edstico y del retail espa\u00f1oles.<\/p>\n<p>CAPTACI\u00d3N DE TURISTAS.<\/p>\n<p>Todo ello con el fin de garantizar la atracci\u00f3n a Espa\u00f1a de este tipo de turismo, con elevado poder adquisitivo y altos niveles de exigencia. Una modalidad del mismo que beneficiar\u00e1 sin duda en el impacto econ\u00f3mico en el territorio, en la creaci\u00f3n de empleo y en la imagen de marca pa\u00eds.<\/p>\n<p>Como aspecto innovador, el estudio incorporar\u00e1 informaci\u00f3n cuantitativa relacionada con el comportamiento y el gasto de estos turistas desde la perspectiva de las transacciones econ\u00f3micas y no s\u00f3lo de la cuantificaci\u00f3n del n\u00famero de viajeros.<\/p>\n<p>Con este trabajo, EY aspira a marcar un punto de inflexi\u00f3n en la concepci\u00f3n de este mercado y una decidida actuaci\u00f3n por parte de todos los agentes involucrados en la pol\u00edtica tur\u00edstica espa\u00f1ola.<\/p>\n","protected":false},"excerpt":{"rendered":"<p>La ciudad de Madrid celebrar\u00e1 los pr\u00f3ximos 5 y 6 de octubre la primera edici\u00f3n del &#8216;Shopping Tourism and Economy Summit&#8217; un encuentro dedicado a impulsar el turismo de compras como motor de crecimiento mediante la participaci\u00f3n de todos los sectores implicados: comercio, turismo, transporte, infraestructuras, sector financiero y de tecnolog\u00eda, entre otros, as\u00ed como [&hellip;]<\/p>\n","protected":false},"author":1,"featured_media":798967,"comment_status":"closed","ping_status":"closed","sticky":false,"template":"","format":"standard","meta":{"footnotes":""},"categories":[148],"tags":[],"class_list":["post-798966","post","type-post","status-publish","format-standard","has-post-thumbnail","hentry","category-turismo"],"aioseo_notices":[],"aioseo_head":"\n\t\t<!-- All in One SEO Pro 4.9.6.2 - aioseo.com -->\n\t<meta name=\"description\" content=\"La ciudad de Madrid celebrar\u00e1 los pr\u00f3ximos 5 y 6 de octubre la primera edici\u00f3n del &#039;Shopping Tourism and Economy Summit&#039; un encuentro dedicado a impulsar el turismo de compras como motor de crecimiento mediante la participaci\u00f3n de todos los sectores implicados: comercio, turismo, transporte, infraestructuras, sector financiero y de tecnolog\u00eda, entre otros, as\u00ed como\" \/>\n\t<meta name=\"robots\" content=\"max-image-preview:large\" \/>\n\t<meta name=\"author\" content=\"El Digital de Asturias\"\/>\n\t<meta name=\"google-site-verification\" content=\"UA-38556648-1\" \/>\n\t<meta name=\"msvalidate.01\" content=\"7dfe9f3f1b24437ab69f4f2559babe99\" \/>\n\t<meta name=\"keywords\" content=\"turismo\" \/>\n\t<link rel=\"canonical\" href=\"https:\/\/www.eldigitaldeasturias.com\/noticias\/madrid-celebrara-en-octubre-una-cumbre-para-analizar-el-turismo-de-compras\/\" \/>\n\t<meta name=\"generator\" content=\"All in One SEO Pro (AIOSEO) 4.9.6.2\" \/>\n\t\t<meta property=\"og:locale\" content=\"es_ES\" \/>\n\t\t<meta property=\"og:site_name\" content=\"El Digital de Asturias\" \/>\n\t\t<meta property=\"og:type\" content=\"article\" \/>\n\t\t<meta property=\"og:title\" content=\"Madrid celebrar\u00e1 en octubre una cumbre para analizar el turismo de compras - El Digital de Asturias\" \/>\n\t\t<meta property=\"og:description\" content=\"La ciudad de Madrid celebrar\u00e1 los pr\u00f3ximos 5 y 6 de octubre la primera edici\u00f3n del &#039;Shopping Tourism and Economy Summit&#039; un encuentro dedicado a impulsar el turismo de compras como motor de crecimiento mediante la participaci\u00f3n de todos los sectores implicados: comercio, turismo, transporte, infraestructuras, sector financiero y de tecnolog\u00eda, entre otros, as\u00ed como\" \/>\n\t\t<meta property=\"og:url\" content=\"https:\/\/www.eldigitaldeasturias.com\/noticias\/madrid-celebrara-en-octubre-una-cumbre-para-analizar-el-turismo-de-compras\/\" \/>\n\t\t<meta property=\"og:image\" content=\"https:\/\/www.eldigitaldeasturias.com\/noticias\/wp-content\/uploads\/2015\/07\/fotonoticia_20150729124411_800.jpg\" \/>\n\t\t<meta property=\"og:image:secure_url\" content=\"https:\/\/www.eldigitaldeasturias.com\/noticias\/wp-content\/uploads\/2015\/07\/fotonoticia_20150729124411_800.jpg\" \/>\n\t\t<meta property=\"og:image:width\" content=\"800\" \/>\n\t\t<meta property=\"og:image:height\" content=\"515\" \/>\n\t\t<meta property=\"article:tag\" content=\"turismo\" \/>\n\t\t<meta property=\"article:published_time\" content=\"2015-07-30T09:03:10+00:00\" \/>\n\t\t<meta property=\"article:modified_time\" content=\"2015-07-30T09:03:10+00:00\" \/>\n\t\t<meta property=\"article:publisher\" content=\"https:\/\/facebook.com\/eldigitaldeasturias\" \/>\n\t\t<meta name=\"twitter:card\" content=\"summary_large_image\" \/>\n\t\t<meta name=\"twitter:title\" content=\"Madrid celebrar\u00e1 en octubre una cumbre para analizar el turismo de compras - El Digital de Asturias\" \/>\n\t\t<meta name=\"twitter:description\" content=\"La ciudad de Madrid celebrar\u00e1 los pr\u00f3ximos 5 y 6 de octubre la primera edici\u00f3n del &#039;Shopping Tourism and Economy Summit&#039; un encuentro dedicado a impulsar el turismo de compras como motor de crecimiento mediante la participaci\u00f3n de todos los sectores implicados: comercio, turismo, transporte, infraestructuras, sector financiero y de tecnolog\u00eda, entre otros, as\u00ed como\" \/>\n\t\t<meta name=\"twitter:image\" content=\"https:\/\/www.eldigitaldeasturias.com\/noticias\/wp-content\/uploads\/2015\/07\/fotonoticia_20150729124411_800.jpg\" \/>\n\t\t<meta name=\"twitter:label1\" content=\"Escrito por\" \/>\n\t\t<meta name=\"twitter:data1\" content=\"El Digital de Asturias\" \/>\n\t\t<meta name=\"twitter:label2\" content=\"Tiempo de lectura estimado\" \/>\n\t\t<meta name=\"twitter:data2\" content=\"2 minutos\" \/>\n\t\t<script type=\"application\/ld+json\" class=\"aioseo-schema\">\n\t\t\t{\"@context\":\"https:\\\/\\\/schema.org\",\"@graph\":[{\"@type\":\"BlogPosting\",\"@id\":\"https:\\\/\\\/www.eldigitaldeasturias.com\\\/noticias\\\/madrid-celebrara-en-octubre-una-cumbre-para-analizar-el-turismo-de-compras\\\/#blogposting\",\"name\":\"Madrid celebrar\\u00e1 en octubre una cumbre para analizar el turismo de compras - El Digital de Asturias\",\"headline\":\"Madrid celebrar\\u00e1 en octubre una cumbre para analizar el turismo de compras\",\"author\":{\"@id\":\"https:\\\/\\\/www.eldigitaldeasturias.com\\\/noticias\\\/author\\\/admin\\\/#author\"},\"publisher\":{\"@id\":\"https:\\\/\\\/www.eldigitaldeasturias.com\\\/noticias\\\/#organization\"},\"image\":{\"@type\":\"ImageObject\",\"url\":\"https:\\\/\\\/www.eldigitaldeasturias.com\\\/noticias\\\/wp-content\\\/uploads\\\/2015\\\/07\\\/fotonoticia_20150729124411_800.jpg\",\"width\":800,\"height\":515},\"datePublished\":\"2015-07-30T10:03:10+02:00\",\"dateModified\":\"2015-07-30T10:03:10+02:00\",\"inLanguage\":\"es-ES\",\"mainEntityOfPage\":{\"@id\":\"https:\\\/\\\/www.eldigitaldeasturias.com\\\/noticias\\\/madrid-celebrara-en-octubre-una-cumbre-para-analizar-el-turismo-de-compras\\\/#webpage\"},\"isPartOf\":{\"@id\":\"https:\\\/\\\/www.eldigitaldeasturias.com\\\/noticias\\\/madrid-celebrara-en-octubre-una-cumbre-para-analizar-el-turismo-de-compras\\\/#webpage\"},\"articleSection\":\"Turismo\"},{\"@type\":\"BreadcrumbList\",\"@id\":\"https:\\\/\\\/www.eldigitaldeasturias.com\\\/noticias\\\/madrid-celebrara-en-octubre-una-cumbre-para-analizar-el-turismo-de-compras\\\/#breadcrumblist\",\"itemListElement\":[{\"@type\":\"ListItem\",\"@id\":\"https:\\\/\\\/www.eldigitaldeasturias.com\\\/noticias#listItem\",\"position\":1,\"name\":\"Home\",\"item\":\"https:\\\/\\\/www.eldigitaldeasturias.com\\\/noticias\",\"nextItem\":{\"@type\":\"ListItem\",\"@id\":\"https:\\\/\\\/www.eldigitaldeasturias.com\\\/noticias\\\/category\\\/turismo\\\/#listItem\",\"name\":\"Turismo\"}},{\"@type\":\"ListItem\",\"@id\":\"https:\\\/\\\/www.eldigitaldeasturias.com\\\/noticias\\\/category\\\/turismo\\\/#listItem\",\"position\":2,\"name\":\"Turismo\",\"item\":\"https:\\\/\\\/www.eldigitaldeasturias.com\\\/noticias\\\/category\\\/turismo\\\/\",\"nextItem\":{\"@type\":\"ListItem\",\"@id\":\"https:\\\/\\\/www.eldigitaldeasturias.com\\\/noticias\\\/madrid-celebrara-en-octubre-una-cumbre-para-analizar-el-turismo-de-compras\\\/#listItem\",\"name\":\"Madrid celebrar\\u00e1 en octubre una cumbre para analizar el turismo de compras\"},\"previousItem\":{\"@type\":\"ListItem\",\"@id\":\"https:\\\/\\\/www.eldigitaldeasturias.com\\\/noticias#listItem\",\"name\":\"Home\"}},{\"@type\":\"ListItem\",\"@id\":\"https:\\\/\\\/www.eldigitaldeasturias.com\\\/noticias\\\/madrid-celebrara-en-octubre-una-cumbre-para-analizar-el-turismo-de-compras\\\/#listItem\",\"position\":3,\"name\":\"Madrid celebrar\\u00e1 en octubre una cumbre para analizar el turismo de compras\",\"previousItem\":{\"@type\":\"ListItem\",\"@id\":\"https:\\\/\\\/www.eldigitaldeasturias.com\\\/noticias\\\/category\\\/turismo\\\/#listItem\",\"name\":\"Turismo\"}}]},{\"@type\":\"Organization\",\"@id\":\"https:\\\/\\\/www.eldigitaldeasturias.com\\\/noticias\\\/#organization\",\"name\":\"El Digital de Asturias\",\"description\":\"Hemeroteca\",\"url\":\"https:\\\/\\\/www.eldigitaldeasturias.com\\\/noticias\\\/\",\"email\":\"info@eldigitaldeasturias.com\",\"telephone\":\"+34652131393\",\"logo\":{\"@type\":\"ImageObject\",\"url\":\"https:\\\/\\\/www.eldigitaldeasturias.com\\\/noticias\\\/wp-content\\\/uploads\\\/2020\\\/12\\\/EDA.jpg\",\"@id\":\"https:\\\/\\\/www.eldigitaldeasturias.com\\\/noticias\\\/madrid-celebrara-en-octubre-una-cumbre-para-analizar-el-turismo-de-compras\\\/#organizationLogo\",\"width\":649,\"height\":297},\"image\":{\"@id\":\"https:\\\/\\\/www.eldigitaldeasturias.com\\\/noticias\\\/madrid-celebrara-en-octubre-una-cumbre-para-analizar-el-turismo-de-compras\\\/#organizationLogo\"},\"sameAs\":[\"https:\\\/\\\/facebook.com\\\/eldigitaldeasturias\",\"https:\\\/\\\/www.youtube.com\\\/channel\\\/UCZP-2wLEB9Rv6erhFmqVnvg\"],\"address\":{\"@id\":\"https:\\\/\\\/www.eldigitaldeasturias.com\\\/noticias\\\/#postaladdress\",\"@type\":\"PostalAddress\",\"streetAddress\":\"san antonio 4,\",\"postalCode\":\"33430\",\"addressLocality\":\"Cand\\u00e1s\",\"addressRegion\":\"Asturias\",\"addressCountry\":\"ES\"}},{\"@type\":\"Person\",\"@id\":\"https:\\\/\\\/www.eldigitaldeasturias.com\\\/noticias\\\/author\\\/admin\\\/#author\",\"url\":\"https:\\\/\\\/www.eldigitaldeasturias.com\\\/noticias\\\/author\\\/admin\\\/\",\"name\":\"El Digital de Asturias\",\"image\":{\"@type\":\"ImageObject\",\"@id\":\"https:\\\/\\\/www.eldigitaldeasturias.com\\\/noticias\\\/madrid-celebrara-en-octubre-una-cumbre-para-analizar-el-turismo-de-compras\\\/#authorImage\",\"url\":\"https:\\\/\\\/www.eldigitaldeasturias.com\\\/noticias\\\/wp-content\\\/litespeed\\\/avatar\\\/18677e78aa0546b92d9dbf31ec7d7668.jpg?ver=1777290358\",\"width\":96,\"height\":96,\"caption\":\"El Digital de Asturias\"}},{\"@type\":\"WebPage\",\"@id\":\"https:\\\/\\\/www.eldigitaldeasturias.com\\\/noticias\\\/madrid-celebrara-en-octubre-una-cumbre-para-analizar-el-turismo-de-compras\\\/#webpage\",\"url\":\"https:\\\/\\\/www.eldigitaldeasturias.com\\\/noticias\\\/madrid-celebrara-en-octubre-una-cumbre-para-analizar-el-turismo-de-compras\\\/\",\"name\":\"Madrid celebrar\\u00e1 en octubre una cumbre para analizar el turismo de compras - El Digital de Asturias\",\"description\":\"La ciudad de Madrid celebrar\\u00e1 los pr\\u00f3ximos 5 y 6 de octubre la primera edici\\u00f3n del 'Shopping Tourism and Economy Summit' un encuentro dedicado a impulsar el turismo de compras como motor de crecimiento mediante la participaci\\u00f3n de todos los sectores implicados: comercio, turismo, transporte, infraestructuras, sector financiero y de tecnolog\\u00eda, entre otros, as\\u00ed como\",\"inLanguage\":\"es-ES\",\"isPartOf\":{\"@id\":\"https:\\\/\\\/www.eldigitaldeasturias.com\\\/noticias\\\/#website\"},\"breadcrumb\":{\"@id\":\"https:\\\/\\\/www.eldigitaldeasturias.com\\\/noticias\\\/madrid-celebrara-en-octubre-una-cumbre-para-analizar-el-turismo-de-compras\\\/#breadcrumblist\"},\"author\":{\"@id\":\"https:\\\/\\\/www.eldigitaldeasturias.com\\\/noticias\\\/author\\\/admin\\\/#author\"},\"creator\":{\"@id\":\"https:\\\/\\\/www.eldigitaldeasturias.com\\\/noticias\\\/author\\\/admin\\\/#author\"},\"image\":{\"@type\":\"ImageObject\",\"url\":\"https:\\\/\\\/www.eldigitaldeasturias.com\\\/noticias\\\/wp-content\\\/uploads\\\/2015\\\/07\\\/fotonoticia_20150729124411_800.jpg\",\"@id\":\"https:\\\/\\\/www.eldigitaldeasturias.com\\\/noticias\\\/madrid-celebrara-en-octubre-una-cumbre-para-analizar-el-turismo-de-compras\\\/#mainImage\",\"width\":800,\"height\":515},\"primaryImageOfPage\":{\"@id\":\"https:\\\/\\\/www.eldigitaldeasturias.com\\\/noticias\\\/madrid-celebrara-en-octubre-una-cumbre-para-analizar-el-turismo-de-compras\\\/#mainImage\"},\"datePublished\":\"2015-07-30T10:03:10+02:00\",\"dateModified\":\"2015-07-30T10:03:10+02:00\"},{\"@type\":\"WebSite\",\"@id\":\"https:\\\/\\\/www.eldigitaldeasturias.com\\\/noticias\\\/#website\",\"url\":\"https:\\\/\\\/www.eldigitaldeasturias.com\\\/noticias\\\/\",\"name\":\"El Digital de Asturias - Diario de actualidad y noticias\",\"alternateName\":\"El Digital de Asturias - Diario de actualidad y noticias\",\"description\":\"Hemeroteca\",\"inLanguage\":\"es-ES\",\"publisher\":{\"@id\":\"https:\\\/\\\/www.eldigitaldeasturias.com\\\/noticias\\\/#organization\"}}]}\n\t\t<\/script>\n\t\t<!-- All in One SEO Pro -->\r\n\t\t<title>Madrid celebrar\u00e1 en octubre una cumbre para analizar el turismo de compras - El Digital de Asturias<\/title>\n\n","aioseo_head_json":{"title":"Madrid celebrar\u00e1 en octubre una cumbre para analizar el turismo de compras - El Digital de Asturias","description":"La ciudad de Madrid celebrar\u00e1 los pr\u00f3ximos 5 y 6 de octubre la primera edici\u00f3n del 'Shopping Tourism and Economy Summit' un encuentro dedicado a impulsar el turismo de compras como motor de crecimiento mediante la participaci\u00f3n de todos los sectores implicados: comercio, turismo, transporte, infraestructuras, sector financiero y de tecnolog\u00eda, entre otros, as\u00ed como","canonical_url":"https:\/\/www.eldigitaldeasturias.com\/noticias\/madrid-celebrara-en-octubre-una-cumbre-para-analizar-el-turismo-de-compras\/","robots":"max-image-preview:large","keywords":"turismo","webmasterTools":{"google-site-verification":"UA-38556648-1","msvalidate.01":"7dfe9f3f1b24437ab69f4f2559babe99","miscellaneous":""},"schema":{"@context":"https:\/\/schema.org","@graph":[{"@type":"BlogPosting","@id":"https:\/\/www.eldigitaldeasturias.com\/noticias\/madrid-celebrara-en-octubre-una-cumbre-para-analizar-el-turismo-de-compras\/#blogposting","name":"Madrid celebrar\u00e1 en octubre una cumbre para analizar el turismo de compras - El Digital de Asturias","headline":"Madrid celebrar\u00e1 en octubre una cumbre para analizar el turismo de compras","author":{"@id":"https:\/\/www.eldigitaldeasturias.com\/noticias\/author\/admin\/#author"},"publisher":{"@id":"https:\/\/www.eldigitaldeasturias.com\/noticias\/#organization"},"image":{"@type":"ImageObject","url":"https:\/\/www.eldigitaldeasturias.com\/noticias\/wp-content\/uploads\/2015\/07\/fotonoticia_20150729124411_800.jpg","width":800,"height":515},"datePublished":"2015-07-30T10:03:10+02:00","dateModified":"2015-07-30T10:03:10+02:00","inLanguage":"es-ES","mainEntityOfPage":{"@id":"https:\/\/www.eldigitaldeasturias.com\/noticias\/madrid-celebrara-en-octubre-una-cumbre-para-analizar-el-turismo-de-compras\/#webpage"},"isPartOf":{"@id":"https:\/\/www.eldigitaldeasturias.com\/noticias\/madrid-celebrara-en-octubre-una-cumbre-para-analizar-el-turismo-de-compras\/#webpage"},"articleSection":"Turismo"},{"@type":"BreadcrumbList","@id":"https:\/\/www.eldigitaldeasturias.com\/noticias\/madrid-celebrara-en-octubre-una-cumbre-para-analizar-el-turismo-de-compras\/#breadcrumblist","itemListElement":[{"@type":"ListItem","@id":"https:\/\/www.eldigitaldeasturias.com\/noticias#listItem","position":1,"name":"Home","item":"https:\/\/www.eldigitaldeasturias.com\/noticias","nextItem":{"@type":"ListItem","@id":"https:\/\/www.eldigitaldeasturias.com\/noticias\/category\/turismo\/#listItem","name":"Turismo"}},{"@type":"ListItem","@id":"https:\/\/www.eldigitaldeasturias.com\/noticias\/category\/turismo\/#listItem","position":2,"name":"Turismo","item":"https:\/\/www.eldigitaldeasturias.com\/noticias\/category\/turismo\/","nextItem":{"@type":"ListItem","@id":"https:\/\/www.eldigitaldeasturias.com\/noticias\/madrid-celebrara-en-octubre-una-cumbre-para-analizar-el-turismo-de-compras\/#listItem","name":"Madrid celebrar\u00e1 en octubre una cumbre para analizar el turismo de compras"},"previousItem":{"@type":"ListItem","@id":"https:\/\/www.eldigitaldeasturias.com\/noticias#listItem","name":"Home"}},{"@type":"ListItem","@id":"https:\/\/www.eldigitaldeasturias.com\/noticias\/madrid-celebrara-en-octubre-una-cumbre-para-analizar-el-turismo-de-compras\/#listItem","position":3,"name":"Madrid celebrar\u00e1 en octubre una cumbre para analizar el turismo de compras","previousItem":{"@type":"ListItem","@id":"https:\/\/www.eldigitaldeasturias.com\/noticias\/category\/turismo\/#listItem","name":"Turismo"}}]},{"@type":"Organization","@id":"https:\/\/www.eldigitaldeasturias.com\/noticias\/#organization","name":"El Digital de Asturias","description":"Hemeroteca","url":"https:\/\/www.eldigitaldeasturias.com\/noticias\/","email":"info@eldigitaldeasturias.com","telephone":"+34652131393","logo":{"@type":"ImageObject","url":"https:\/\/www.eldigitaldeasturias.com\/noticias\/wp-content\/uploads\/2020\/12\/EDA.jpg","@id":"https:\/\/www.eldigitaldeasturias.com\/noticias\/madrid-celebrara-en-octubre-una-cumbre-para-analizar-el-turismo-de-compras\/#organizationLogo","width":649,"height":297},"image":{"@id":"https:\/\/www.eldigitaldeasturias.com\/noticias\/madrid-celebrara-en-octubre-una-cumbre-para-analizar-el-turismo-de-compras\/#organizationLogo"},"sameAs":["https:\/\/facebook.com\/eldigitaldeasturias","https:\/\/www.youtube.com\/channel\/UCZP-2wLEB9Rv6erhFmqVnvg"],"address":{"@id":"https:\/\/www.eldigitaldeasturias.com\/noticias\/#postaladdress","@type":"PostalAddress","streetAddress":"san antonio 4,","postalCode":"33430","addressLocality":"Cand\u00e1s","addressRegion":"Asturias","addressCountry":"ES"}},{"@type":"Person","@id":"https:\/\/www.eldigitaldeasturias.com\/noticias\/author\/admin\/#author","url":"https:\/\/www.eldigitaldeasturias.com\/noticias\/author\/admin\/","name":"El Digital de Asturias","image":{"@type":"ImageObject","@id":"https:\/\/www.eldigitaldeasturias.com\/noticias\/madrid-celebrara-en-octubre-una-cumbre-para-analizar-el-turismo-de-compras\/#authorImage","url":"https:\/\/www.eldigitaldeasturias.com\/noticias\/wp-content\/litespeed\/avatar\/18677e78aa0546b92d9dbf31ec7d7668.jpg?ver=1777290358","width":96,"height":96,"caption":"El Digital de Asturias"}},{"@type":"WebPage","@id":"https:\/\/www.eldigitaldeasturias.com\/noticias\/madrid-celebrara-en-octubre-una-cumbre-para-analizar-el-turismo-de-compras\/#webpage","url":"https:\/\/www.eldigitaldeasturias.com\/noticias\/madrid-celebrara-en-octubre-una-cumbre-para-analizar-el-turismo-de-compras\/","name":"Madrid celebrar\u00e1 en octubre una cumbre para analizar el turismo de compras - El Digital de Asturias","description":"La ciudad de Madrid celebrar\u00e1 los pr\u00f3ximos 5 y 6 de octubre la primera edici\u00f3n del 'Shopping Tourism and Economy Summit' un encuentro dedicado a impulsar el turismo de compras como motor de crecimiento mediante la participaci\u00f3n de todos los sectores implicados: comercio, turismo, transporte, infraestructuras, sector financiero y de tecnolog\u00eda, entre otros, as\u00ed como","inLanguage":"es-ES","isPartOf":{"@id":"https:\/\/www.eldigitaldeasturias.com\/noticias\/#website"},"breadcrumb":{"@id":"https:\/\/www.eldigitaldeasturias.com\/noticias\/madrid-celebrara-en-octubre-una-cumbre-para-analizar-el-turismo-de-compras\/#breadcrumblist"},"author":{"@id":"https:\/\/www.eldigitaldeasturias.com\/noticias\/author\/admin\/#author"},"creator":{"@id":"https:\/\/www.eldigitaldeasturias.com\/noticias\/author\/admin\/#author"},"image":{"@type":"ImageObject","url":"https:\/\/www.eldigitaldeasturias.com\/noticias\/wp-content\/uploads\/2015\/07\/fotonoticia_20150729124411_800.jpg","@id":"https:\/\/www.eldigitaldeasturias.com\/noticias\/madrid-celebrara-en-octubre-una-cumbre-para-analizar-el-turismo-de-compras\/#mainImage","width":800,"height":515},"primaryImageOfPage":{"@id":"https:\/\/www.eldigitaldeasturias.com\/noticias\/madrid-celebrara-en-octubre-una-cumbre-para-analizar-el-turismo-de-compras\/#mainImage"},"datePublished":"2015-07-30T10:03:10+02:00","dateModified":"2015-07-30T10:03:10+02:00"},{"@type":"WebSite","@id":"https:\/\/www.eldigitaldeasturias.com\/noticias\/#website","url":"https:\/\/www.eldigitaldeasturias.com\/noticias\/","name":"El Digital de Asturias - Diario de actualidad y noticias","alternateName":"El Digital de Asturias - Diario de actualidad y noticias","description":"Hemeroteca","inLanguage":"es-ES","publisher":{"@id":"https:\/\/www.eldigitaldeasturias.com\/noticias\/#organization"}}]},"og:locale":"es_ES","og:site_name":"El Digital de Asturias","og:type":"article","og:title":"Madrid celebrar\u00e1 en octubre una cumbre para analizar el turismo de compras - El Digital de Asturias","og:description":"La ciudad de Madrid celebrar\u00e1 los pr\u00f3ximos 5 y 6 de octubre la primera edici\u00f3n del 'Shopping Tourism and Economy Summit' un encuentro dedicado a impulsar el turismo de compras como motor de crecimiento mediante la participaci\u00f3n de todos los sectores implicados: comercio, turismo, transporte, infraestructuras, sector financiero y de tecnolog\u00eda, entre otros, as\u00ed como","og:url":"https:\/\/www.eldigitaldeasturias.com\/noticias\/madrid-celebrara-en-octubre-una-cumbre-para-analizar-el-turismo-de-compras\/","og:image":"https:\/\/www.eldigitaldeasturias.com\/noticias\/wp-content\/uploads\/2015\/07\/fotonoticia_20150729124411_800.jpg","og:image:secure_url":"https:\/\/www.eldigitaldeasturias.com\/noticias\/wp-content\/uploads\/2015\/07\/fotonoticia_20150729124411_800.jpg","og:image:width":800,"og:image:height":515,"article:tag":["turismo"],"article:published_time":"2015-07-30T09:03:10+00:00","article:modified_time":"2015-07-30T09:03:10+00:00","article:publisher":"https:\/\/facebook.com\/eldigitaldeasturias","twitter:card":"summary_large_image","twitter:title":"Madrid celebrar\u00e1 en octubre una cumbre para analizar el turismo de compras - El Digital de Asturias","twitter:description":"La ciudad de Madrid celebrar\u00e1 los pr\u00f3ximos 5 y 6 de octubre la primera edici\u00f3n del 'Shopping Tourism and Economy Summit' un encuentro dedicado a impulsar el turismo de compras como motor de crecimiento mediante la participaci\u00f3n de todos los sectores implicados: comercio, turismo, transporte, infraestructuras, sector financiero y de tecnolog\u00eda, entre otros, as\u00ed como","twitter:image":"https:\/\/www.eldigitaldeasturias.com\/noticias\/wp-content\/uploads\/2015\/07\/fotonoticia_20150729124411_800.jpg","twitter:label1":"Escrito por","twitter:data1":"El Digital de Asturias","twitter:label2":"Tiempo de lectura estimado","twitter:data2":"2 minutos"},"aioseo_meta_data":{"post_id":"798966","title":null,"description":null,"keywords":null,"keyphrases":null,"primary_term":null,"canonical_url":null,"og_title":null,"og_description":null,"og_object_type":"default","og_image_type":"default","og_image_url":null,"og_image_width":null,"og_image_height":null,"og_image_custom_url":null,"og_image_custom_fields":null,"og_video":null,"og_custom_url":null,"og_article_section":null,"og_article_tags":null,"twitter_use_og":false,"twitter_card":"default","twitter_image_type":"default","twitter_image_url":null,"twitter_image_custom_url":null,"twitter_image_custom_fields":null,"twitter_title":null,"twitter_description":null,"schema":{"blockGraphs":[],"customGraphs":[],"default":{"data":{"Article":[],"Course":[],"Dataset":[],"FAQPage":[],"Movie":[],"Person":[],"Product":[],"ProductReview":[],"Car":[],"Recipe":[],"Service":[],"SoftwareApplication":[],"WebPage":[]},"graphName":"","isEnabled":true},"graphs":[],"defaultGraph":"","defaultPostTypeGraph":""},"schema_type":null,"schema_type_options":null,"pillar_content":false,"robots_default":true,"robots_noindex":false,"robots_noarchive":false,"robots_nosnippet":false,"robots_nofollow":false,"robots_noimageindex":false,"robots_noodp":false,"robots_notranslate":false,"robots_max_snippet":null,"robots_max_videopreview":null,"robots_max_imagepreview":"large","priority":null,"frequency":null,"local_seo":null,"seo_analyzer_scan_date":"2025-12-21 14:55:18","breadcrumb_settings":null,"limit_modified_date":false,"open_ai":null,"ai":null,"created":"2021-01-22 14:06:31","updated":"2025-12-21 14:55:18"},"aioseo_breadcrumb":"<div class=\"aioseo-breadcrumbs\"><span class=\"aioseo-breadcrumb\">\n\t<a href=\"https:\/\/www.eldigitaldeasturias.com\/noticias\" title=\"Home\">Home<\/a>\n<\/span><span class=\"aioseo-breadcrumb-separator\">\u2013<\/span><span class=\"aioseo-breadcrumb\">\n\t<a href=\"https:\/\/www.eldigitaldeasturias.com\/noticias\/category\/turismo\/\" title=\"Turismo\">Turismo<\/a>\n<\/span><span class=\"aioseo-breadcrumb-separator\">\u2013<\/span><span class=\"aioseo-breadcrumb\">\n\t<a href=\"https:\/\/www.eldigitaldeasturias.com\/noticias\/madrid-celebrara-en-octubre-una-cumbre-para-analizar-el-turismo-de-compras\/\" title=\"Madrid celebrar\u00e1 en octubre una cumbre para analizar el turismo de compras\">Madrid celebrar\u00e1 en octubre una cumbre para analizar el turismo de compras<\/a>\n<\/span><\/div>","aioseo_breadcrumb_json":[{"label":"Home","link":"https:\/\/www.eldigitaldeasturias.com\/noticias"},{"label":"Turismo","link":"https:\/\/www.eldigitaldeasturias.com\/noticias\/category\/turismo\/"},{"label":"Madrid celebrar\u00e1 en octubre una cumbre para analizar el turismo de compras","link":"https:\/\/www.eldigitaldeasturias.com\/noticias\/madrid-celebrara-en-octubre-una-cumbre-para-analizar-el-turismo-de-compras\/"}],"_links":{"self":[{"href":"https:\/\/www.eldigitaldeasturias.com\/noticias\/wp-json\/wp\/v2\/posts\/798966","targetHints":{"allow":["GET"]}}],"collection":[{"href":"https:\/\/www.eldigitaldeasturias.com\/noticias\/wp-json\/wp\/v2\/posts"}],"about":[{"href":"https:\/\/www.eldigitaldeasturias.com\/noticias\/wp-json\/wp\/v2\/types\/post"}],"author":[{"embeddable":true,"href":"https:\/\/www.eldigitaldeasturias.com\/noticias\/wp-json\/wp\/v2\/users\/1"}],"replies":[{"embeddable":true,"href":"https:\/\/www.eldigitaldeasturias.com\/noticias\/wp-json\/wp\/v2\/comments?post=798966"}],"version-history":[{"count":0,"href":"https:\/\/www.eldigitaldeasturias.com\/noticias\/wp-json\/wp\/v2\/posts\/798966\/revisions"}],"wp:featuredmedia":[{"embeddable":true,"href":"https:\/\/www.eldigitaldeasturias.com\/noticias\/wp-json\/wp\/v2\/media\/798967"}],"wp:attachment":[{"href":"https:\/\/www.eldigitaldeasturias.com\/noticias\/wp-json\/wp\/v2\/media?parent=798966"}],"wp:term":[{"taxonomy":"category","embeddable":true,"href":"https:\/\/www.eldigitaldeasturias.com\/noticias\/wp-json\/wp\/v2\/categories?post=798966"},{"taxonomy":"post_tag","embeddable":true,"href":"https:\/\/www.eldigitaldeasturias.com\/noticias\/wp-json\/wp\/v2\/tags?post=798966"}],"curies":[{"name":"wp","href":"https:\/\/api.w.org\/{rel}","templated":true}]}}