{"id":798557,"date":"2015-07-29T00:14:00","date_gmt":"2015-07-28T23:14:00","guid":{"rendered":"http:\/\/www.eldigitaldeasturias.com\/noticias\/?p=798557"},"modified":"2015-07-29T00:14:00","modified_gmt":"2015-07-28T23:14:00","slug":"recargas-inalambricas-de-movil-en-espacios-publicos-con-chargego","status":"publish","type":"post","link":"https:\/\/www.eldigitaldeasturias.com\/noticias\/recargas-inalambricas-de-movil-en-espacios-publicos-con-chargego\/","title":{"rendered":"Recargas inal\u00e1mbricas de m\u00f3vil en espacios p\u00fablicos con Charge&#038;Go"},"content":{"rendered":"<p><img loading=\"lazy\" decoding=\"async\" class=\"alignleft size-full wp-image-798560\" src=\"https:\/\/www.eldigitaldeasturias.com\/noticias\/wp-content\/uploads\/2015\/07\/logo.jpg\" alt=\"logo\" width=\"144\" height=\"141\" \/>Charge&amp;Go, la joven empresa espa\u00f1ola dedicada a la instalaci\u00f3n de cargadores universales para dispositivos m\u00f3viles en espacios p\u00fablicos, ya ha completado la instalaci\u00f3n de cuatro terminales de carga completos (uno est\u00e1ndar y otro inal\u00e1mbrico) en diversos puntos emblem\u00e1ticos de la ciudad de Valencia:<\/p>\n<p>&nbsp;<\/p>\n<ul>\n<li><em>El Caf\u00e9&amp;Tapas, en la Plaza del Ayuntamiento 19.<\/em><\/li>\n<li><em>Rl Caf\u00e9 Bocados, en el Mercado de Col\u00f3n<\/em><\/li>\n<li><em>Amazing Toko, en la antigua sala de Billetes de la Estaci\u00f3n del Norte de Valencia<\/em><\/li>\n<\/ul>\n<p><img loading=\"lazy\" decoding=\"async\" class=\"size-medium wp-image-798558 alignright\" src=\"https:\/\/www.eldigitaldeasturias.com\/noticias\/wp-content\/uploads\/2015\/07\/chargue1-289x320.jpg\" alt=\"chargue1\" width=\"289\" height=\"320\" srcset=\"https:\/\/www.eldigitaldeasturias.com\/noticias\/wp-content\/uploads\/2015\/07\/chargue1-289x320.jpg 289w, https:\/\/www.eldigitaldeasturias.com\/noticias\/wp-content\/uploads\/2015\/07\/chargue1.jpg 349w\" sizes=\"auto, (max-width: 289px) 100vw, 289px\" \/>Adem\u00e1s, Charge&amp;Go, ha instalado otro punto de recarga inal\u00e1mbrica Qi en la Escuela de Cocina FlowCooking de Albacete.<\/p>\n<p>Tanto el Caf\u00e9&amp;Tapas como el caf\u00e9 Bocados, que forman parte de la cadena Compa\u00f1\u00eda del Tr\u00f3pico, ya cuentan con los dos modelos de terminales de carga Charge&amp;Go, para disfrute de todos sus clientes que podr\u00e1n as\u00ed recargar sus dispositivos m\u00f3viles c\u00f3moda y gratuitamente, mientras disfrutan de sus consumiciones en dichos locales.<\/p>\n<p>En una clara apuesta por la innovaci\u00f3n y para ofrecer el mejor servicio a sus clientes en sus magnificas instalaciones de la antigua sala de Billetes en la estaci\u00f3n del Norte de Valencia, el Restaurante\/Supermercado Amazing Toko puede, desde ahora, ofrecer\u00e1 tambi\u00e9n a todos sus clientes un servicio diferente y exclusivo, capaz de recargar cualquier tel\u00e9fono m\u00f3vil del mercado, en una zona especialmente habilitada para ello en su local, donde podr\u00e1n recargar sus bater\u00edas mientras disfrutan de sus sabrosas especialidades o asisten a una de sus clases de cocina.<\/p>\n<p><img loading=\"lazy\" decoding=\"async\" class=\"size-medium wp-image-798559 alignleft\" src=\"https:\/\/www.eldigitaldeasturias.com\/noticias\/wp-content\/uploads\/2015\/07\/chargue2-360x266.jpg\" alt=\"chargue2\" width=\"360\" height=\"266\" srcset=\"https:\/\/www.eldigitaldeasturias.com\/noticias\/wp-content\/uploads\/2015\/07\/chargue2-360x266.jpg 360w, https:\/\/www.eldigitaldeasturias.com\/noticias\/wp-content\/uploads\/2015\/07\/chargue2-100x75.jpg 100w, https:\/\/www.eldigitaldeasturias.com\/noticias\/wp-content\/uploads\/2015\/07\/chargue2.jpg 408w\" sizes=\"auto, (max-width: 360px) 100vw, 360px\" \/>Y tambi\u00e9n en la Escuela de Cocina Flow Cooking de Albacete han elegido el sistema de carga inal\u00e1mbrica de Charge&amp;Go para que sus alumnos puedan seguir tranquilos sus clases sabiendo que tendr\u00e1n la bater\u00eda de sus dispositivos m\u00f3viles siempre lista para hacer la foto de ese plato espectacular o de ese combinado especial que tanto les ha gustado.<\/p>\n<p>Les invitamos a conocer las primeras instalaciones de Charge&amp;Go en Valencia y Albacete, y probar ustedes mismos que dentro de muy poco, nadie se quedar\u00e1 sin bater\u00eda en su tel\u00e9fono m\u00f3vil.<\/p>\n<p>\u00a1Les esperamos!<\/p>\n<p>#EnergyinMotion<\/p>\n<p>&nbsp;<\/p>\n","protected":false},"excerpt":{"rendered":"<p>Charge&amp;Go, la joven empresa espa\u00f1ola dedicada a la instalaci\u00f3n de cargadores universales para dispositivos m\u00f3viles en espacios p\u00fablicos, ya ha completado la instalaci\u00f3n de cuatro terminales de carga completos (uno est\u00e1ndar y otro inal\u00e1mbrico) en diversos puntos emblem\u00e1ticos de la ciudad de Valencia: &nbsp; El Caf\u00e9&amp;Tapas, en la Plaza del Ayuntamiento 19. Rl Caf\u00e9 Bocados, [&hellip;]<\/p>\n","protected":false},"author":1,"featured_media":798558,"comment_status":"closed","ping_status":"closed","sticky":false,"template":"","format":"standard","meta":{"footnotes":""},"categories":[50],"tags":[],"class_list":["post-798557","post","type-post","status-publish","format-standard","has-post-thumbnail","hentry","category-revista-de-ocio"],"aioseo_notices":[],"aioseo_head":"\n\t\t<!-- All in One SEO Pro 4.9.6.2 - aioseo.com -->\n\t<meta name=\"description\" content=\"Charge&amp;Go, la joven empresa espa\u00f1ola dedicada a la instalaci\u00f3n de cargadores universales para dispositivos m\u00f3viles en espacios p\u00fablicos, ya ha completado la instalaci\u00f3n de cuatro terminales de carga completos (uno est\u00e1ndar y otro inal\u00e1mbrico) en diversos puntos emblem\u00e1ticos de la ciudad de Valencia: El Caf\u00e9&amp;Tapas, en la Plaza del Ayuntamiento 19. Rl Caf\u00e9 Bocados,\" \/>\n\t<meta name=\"robots\" content=\"max-image-preview:large\" \/>\n\t<meta name=\"author\" content=\"El Digital de Asturias\"\/>\n\t<meta name=\"google-site-verification\" content=\"UA-38556648-1\" \/>\n\t<meta name=\"msvalidate.01\" content=\"7dfe9f3f1b24437ab69f4f2559babe99\" \/>\n\t<meta name=\"keywords\" content=\"revista de ocio\" \/>\n\t<link rel=\"canonical\" href=\"https:\/\/www.eldigitaldeasturias.com\/noticias\/recargas-inalambricas-de-movil-en-espacios-publicos-con-chargego\/\" \/>\n\t<meta name=\"generator\" content=\"All in One SEO Pro (AIOSEO) 4.9.6.2\" \/>\n\t\t<meta property=\"og:locale\" content=\"es_ES\" \/>\n\t\t<meta property=\"og:site_name\" content=\"El Digital de Asturias\" \/>\n\t\t<meta property=\"og:type\" content=\"article\" \/>\n\t\t<meta property=\"og:title\" content=\"Recargas inal\u00e1mbricas de m\u00f3vil en espacios p\u00fablicos con Charge&amp;Go - El Digital de Asturias\" \/>\n\t\t<meta property=\"og:description\" content=\"Charge&amp;Go, la joven empresa espa\u00f1ola dedicada a la instalaci\u00f3n de cargadores universales para dispositivos m\u00f3viles en espacios p\u00fablicos, ya ha completado la instalaci\u00f3n de cuatro terminales de carga completos (uno est\u00e1ndar y otro inal\u00e1mbrico) en diversos puntos emblem\u00e1ticos de la ciudad de Valencia: El Caf\u00e9&amp;Tapas, en la Plaza del Ayuntamiento 19. Rl Caf\u00e9 Bocados,\" \/>\n\t\t<meta property=\"og:url\" content=\"https:\/\/www.eldigitaldeasturias.com\/noticias\/recargas-inalambricas-de-movil-en-espacios-publicos-con-chargego\/\" \/>\n\t\t<meta property=\"og:image\" content=\"https:\/\/www.eldigitaldeasturias.com\/noticias\/wp-content\/uploads\/2015\/07\/chargue1.jpg\" \/>\n\t\t<meta property=\"og:image:secure_url\" content=\"https:\/\/www.eldigitaldeasturias.com\/noticias\/wp-content\/uploads\/2015\/07\/chargue1.jpg\" \/>\n\t\t<meta property=\"og:image:width\" content=\"349\" \/>\n\t\t<meta property=\"og:image:height\" content=\"387\" \/>\n\t\t<meta property=\"article:tag\" content=\"revista de ocio\" \/>\n\t\t<meta property=\"article:published_time\" content=\"2015-07-28T23:14:00+00:00\" \/>\n\t\t<meta property=\"article:modified_time\" content=\"2015-07-28T23:14:00+00:00\" \/>\n\t\t<meta property=\"article:publisher\" content=\"https:\/\/facebook.com\/eldigitaldeasturias\" \/>\n\t\t<meta name=\"twitter:card\" content=\"summary_large_image\" \/>\n\t\t<meta name=\"twitter:title\" content=\"Recargas inal\u00e1mbricas de m\u00f3vil en espacios p\u00fablicos con Charge&amp;Go - El Digital de Asturias\" \/>\n\t\t<meta name=\"twitter:description\" content=\"Charge&amp;Go, la joven empresa espa\u00f1ola dedicada a la instalaci\u00f3n de cargadores universales para dispositivos m\u00f3viles en espacios p\u00fablicos, ya ha completado la instalaci\u00f3n de cuatro terminales de carga completos (uno est\u00e1ndar y otro inal\u00e1mbrico) en diversos puntos emblem\u00e1ticos de la ciudad de Valencia: El Caf\u00e9&amp;Tapas, en la Plaza del Ayuntamiento 19. Rl Caf\u00e9 Bocados,\" \/>\n\t\t<meta name=\"twitter:image\" content=\"https:\/\/www.eldigitaldeasturias.com\/noticias\/wp-content\/uploads\/2015\/07\/chargue1.jpg\" \/>\n\t\t<meta name=\"twitter:label1\" content=\"Escrito por\" \/>\n\t\t<meta name=\"twitter:data1\" content=\"El Digital de Asturias\" \/>\n\t\t<meta name=\"twitter:label2\" content=\"Tiempo de lectura estimado\" \/>\n\t\t<meta name=\"twitter:data2\" content=\"2 minutos\" \/>\n\t\t<script type=\"application\/ld+json\" class=\"aioseo-schema\">\n\t\t\t{\"@context\":\"https:\\\/\\\/schema.org\",\"@graph\":[{\"@type\":\"BlogPosting\",\"@id\":\"https:\\\/\\\/www.eldigitaldeasturias.com\\\/noticias\\\/recargas-inalambricas-de-movil-en-espacios-publicos-con-chargego\\\/#blogposting\",\"name\":\"Recargas inal\\u00e1mbricas de m\\u00f3vil en espacios p\\u00fablicos con Charge&Go - El Digital de Asturias\",\"headline\":\"Recargas inal\\u00e1mbricas de m\\u00f3vil en espacios p\\u00fablicos con Charge&#038;Go\",\"author\":{\"@id\":\"https:\\\/\\\/www.eldigitaldeasturias.com\\\/noticias\\\/author\\\/admin\\\/#author\"},\"publisher\":{\"@id\":\"https:\\\/\\\/www.eldigitaldeasturias.com\\\/noticias\\\/#organization\"},\"image\":{\"@type\":\"ImageObject\",\"url\":\"https:\\\/\\\/www.eldigitaldeasturias.com\\\/noticias\\\/wp-content\\\/uploads\\\/2015\\\/07\\\/chargue1.jpg\",\"width\":349,\"height\":387},\"datePublished\":\"2015-07-29T00:14:00+02:00\",\"dateModified\":\"2015-07-29T00:14:00+02:00\",\"inLanguage\":\"es-ES\",\"mainEntityOfPage\":{\"@id\":\"https:\\\/\\\/www.eldigitaldeasturias.com\\\/noticias\\\/recargas-inalambricas-de-movil-en-espacios-publicos-con-chargego\\\/#webpage\"},\"isPartOf\":{\"@id\":\"https:\\\/\\\/www.eldigitaldeasturias.com\\\/noticias\\\/recargas-inalambricas-de-movil-en-espacios-publicos-con-chargego\\\/#webpage\"},\"articleSection\":\"Revista de Ocio\"},{\"@type\":\"BreadcrumbList\",\"@id\":\"https:\\\/\\\/www.eldigitaldeasturias.com\\\/noticias\\\/recargas-inalambricas-de-movil-en-espacios-publicos-con-chargego\\\/#breadcrumblist\",\"itemListElement\":[{\"@type\":\"ListItem\",\"@id\":\"https:\\\/\\\/www.eldigitaldeasturias.com\\\/noticias#listItem\",\"position\":1,\"name\":\"Home\",\"item\":\"https:\\\/\\\/www.eldigitaldeasturias.com\\\/noticias\",\"nextItem\":{\"@type\":\"ListItem\",\"@id\":\"https:\\\/\\\/www.eldigitaldeasturias.com\\\/noticias\\\/category\\\/revista-de-ocio\\\/#listItem\",\"name\":\"Revista de Ocio\"}},{\"@type\":\"ListItem\",\"@id\":\"https:\\\/\\\/www.eldigitaldeasturias.com\\\/noticias\\\/category\\\/revista-de-ocio\\\/#listItem\",\"position\":2,\"name\":\"Revista de Ocio\",\"item\":\"https:\\\/\\\/www.eldigitaldeasturias.com\\\/noticias\\\/category\\\/revista-de-ocio\\\/\",\"nextItem\":{\"@type\":\"ListItem\",\"@id\":\"https:\\\/\\\/www.eldigitaldeasturias.com\\\/noticias\\\/recargas-inalambricas-de-movil-en-espacios-publicos-con-chargego\\\/#listItem\",\"name\":\"Recargas inal\\u00e1mbricas de m\\u00f3vil en espacios p\\u00fablicos con Charge&#038;Go\"},\"previousItem\":{\"@type\":\"ListItem\",\"@id\":\"https:\\\/\\\/www.eldigitaldeasturias.com\\\/noticias#listItem\",\"name\":\"Home\"}},{\"@type\":\"ListItem\",\"@id\":\"https:\\\/\\\/www.eldigitaldeasturias.com\\\/noticias\\\/recargas-inalambricas-de-movil-en-espacios-publicos-con-chargego\\\/#listItem\",\"position\":3,\"name\":\"Recargas inal\\u00e1mbricas de m\\u00f3vil en espacios p\\u00fablicos con Charge&#038;Go\",\"previousItem\":{\"@type\":\"ListItem\",\"@id\":\"https:\\\/\\\/www.eldigitaldeasturias.com\\\/noticias\\\/category\\\/revista-de-ocio\\\/#listItem\",\"name\":\"Revista de Ocio\"}}]},{\"@type\":\"Organization\",\"@id\":\"https:\\\/\\\/www.eldigitaldeasturias.com\\\/noticias\\\/#organization\",\"name\":\"El Digital de Asturias\",\"description\":\"Hemeroteca\",\"url\":\"https:\\\/\\\/www.eldigitaldeasturias.com\\\/noticias\\\/\",\"email\":\"info@eldigitaldeasturias.com\",\"telephone\":\"+34652131393\",\"logo\":{\"@type\":\"ImageObject\",\"url\":\"https:\\\/\\\/www.eldigitaldeasturias.com\\\/noticias\\\/wp-content\\\/uploads\\\/2020\\\/12\\\/EDA.jpg\",\"@id\":\"https:\\\/\\\/www.eldigitaldeasturias.com\\\/noticias\\\/recargas-inalambricas-de-movil-en-espacios-publicos-con-chargego\\\/#organizationLogo\",\"width\":649,\"height\":297},\"image\":{\"@id\":\"https:\\\/\\\/www.eldigitaldeasturias.com\\\/noticias\\\/recargas-inalambricas-de-movil-en-espacios-publicos-con-chargego\\\/#organizationLogo\"},\"sameAs\":[\"https:\\\/\\\/facebook.com\\\/eldigitaldeasturias\",\"https:\\\/\\\/www.youtube.com\\\/channel\\\/UCZP-2wLEB9Rv6erhFmqVnvg\"],\"address\":{\"@id\":\"https:\\\/\\\/www.eldigitaldeasturias.com\\\/noticias\\\/#postaladdress\",\"@type\":\"PostalAddress\",\"streetAddress\":\"san antonio 4,\",\"postalCode\":\"33430\",\"addressLocality\":\"Cand\\u00e1s\",\"addressRegion\":\"Asturias\",\"addressCountry\":\"ES\"}},{\"@type\":\"Person\",\"@id\":\"https:\\\/\\\/www.eldigitaldeasturias.com\\\/noticias\\\/author\\\/admin\\\/#author\",\"url\":\"https:\\\/\\\/www.eldigitaldeasturias.com\\\/noticias\\\/author\\\/admin\\\/\",\"name\":\"El Digital de Asturias\",\"image\":{\"@type\":\"ImageObject\",\"@id\":\"https:\\\/\\\/www.eldigitaldeasturias.com\\\/noticias\\\/recargas-inalambricas-de-movil-en-espacios-publicos-con-chargego\\\/#authorImage\",\"url\":\"https:\\\/\\\/www.eldigitaldeasturias.com\\\/noticias\\\/wp-content\\\/litespeed\\\/avatar\\\/18677e78aa0546b92d9dbf31ec7d7668.jpg?ver=1777290358\",\"width\":96,\"height\":96,\"caption\":\"El Digital de Asturias\"}},{\"@type\":\"WebPage\",\"@id\":\"https:\\\/\\\/www.eldigitaldeasturias.com\\\/noticias\\\/recargas-inalambricas-de-movil-en-espacios-publicos-con-chargego\\\/#webpage\",\"url\":\"https:\\\/\\\/www.eldigitaldeasturias.com\\\/noticias\\\/recargas-inalambricas-de-movil-en-espacios-publicos-con-chargego\\\/\",\"name\":\"Recargas inal\\u00e1mbricas de m\\u00f3vil en espacios p\\u00fablicos con Charge&Go - El Digital de Asturias\",\"description\":\"Charge&Go, la joven empresa espa\\u00f1ola dedicada a la instalaci\\u00f3n de cargadores universales para dispositivos m\\u00f3viles en espacios p\\u00fablicos, ya ha completado la instalaci\\u00f3n de cuatro terminales de carga completos (uno est\\u00e1ndar y otro inal\\u00e1mbrico) en diversos puntos emblem\\u00e1ticos de la ciudad de Valencia: El Caf\\u00e9&Tapas, en la Plaza del Ayuntamiento 19. Rl Caf\\u00e9 Bocados,\",\"inLanguage\":\"es-ES\",\"isPartOf\":{\"@id\":\"https:\\\/\\\/www.eldigitaldeasturias.com\\\/noticias\\\/#website\"},\"breadcrumb\":{\"@id\":\"https:\\\/\\\/www.eldigitaldeasturias.com\\\/noticias\\\/recargas-inalambricas-de-movil-en-espacios-publicos-con-chargego\\\/#breadcrumblist\"},\"author\":{\"@id\":\"https:\\\/\\\/www.eldigitaldeasturias.com\\\/noticias\\\/author\\\/admin\\\/#author\"},\"creator\":{\"@id\":\"https:\\\/\\\/www.eldigitaldeasturias.com\\\/noticias\\\/author\\\/admin\\\/#author\"},\"image\":{\"@type\":\"ImageObject\",\"url\":\"https:\\\/\\\/www.eldigitaldeasturias.com\\\/noticias\\\/wp-content\\\/uploads\\\/2015\\\/07\\\/chargue1.jpg\",\"@id\":\"https:\\\/\\\/www.eldigitaldeasturias.com\\\/noticias\\\/recargas-inalambricas-de-movil-en-espacios-publicos-con-chargego\\\/#mainImage\",\"width\":349,\"height\":387},\"primaryImageOfPage\":{\"@id\":\"https:\\\/\\\/www.eldigitaldeasturias.com\\\/noticias\\\/recargas-inalambricas-de-movil-en-espacios-publicos-con-chargego\\\/#mainImage\"},\"datePublished\":\"2015-07-29T00:14:00+02:00\",\"dateModified\":\"2015-07-29T00:14:00+02:00\"},{\"@type\":\"WebSite\",\"@id\":\"https:\\\/\\\/www.eldigitaldeasturias.com\\\/noticias\\\/#website\",\"url\":\"https:\\\/\\\/www.eldigitaldeasturias.com\\\/noticias\\\/\",\"name\":\"El Digital de Asturias - Diario de actualidad y noticias\",\"alternateName\":\"El Digital de Asturias - Diario de actualidad y noticias\",\"description\":\"Hemeroteca\",\"inLanguage\":\"es-ES\",\"publisher\":{\"@id\":\"https:\\\/\\\/www.eldigitaldeasturias.com\\\/noticias\\\/#organization\"}}]}\n\t\t<\/script>\n\t\t<!-- All in One SEO Pro -->\r\n\t\t<title>Recargas inal\u00e1mbricas de m\u00f3vil en espacios p\u00fablicos con Charge&amp;Go - El Digital de Asturias<\/title>\n\n","aioseo_head_json":{"title":"Recargas inal\u00e1mbricas de m\u00f3vil en espacios p\u00fablicos con Charge&Go - El Digital de Asturias","description":"Charge&Go, la joven empresa espa\u00f1ola dedicada a la instalaci\u00f3n de cargadores universales para dispositivos m\u00f3viles en espacios p\u00fablicos, ya ha completado la instalaci\u00f3n de cuatro terminales de carga completos (uno est\u00e1ndar y otro inal\u00e1mbrico) en diversos puntos emblem\u00e1ticos de la ciudad de Valencia: El Caf\u00e9&Tapas, en la Plaza del Ayuntamiento 19. Rl Caf\u00e9 Bocados,","canonical_url":"https:\/\/www.eldigitaldeasturias.com\/noticias\/recargas-inalambricas-de-movil-en-espacios-publicos-con-chargego\/","robots":"max-image-preview:large","keywords":"revista de ocio","webmasterTools":{"google-site-verification":"UA-38556648-1","msvalidate.01":"7dfe9f3f1b24437ab69f4f2559babe99","miscellaneous":""},"schema":{"@context":"https:\/\/schema.org","@graph":[{"@type":"BlogPosting","@id":"https:\/\/www.eldigitaldeasturias.com\/noticias\/recargas-inalambricas-de-movil-en-espacios-publicos-con-chargego\/#blogposting","name":"Recargas inal\u00e1mbricas de m\u00f3vil en espacios p\u00fablicos con Charge&Go - El Digital de Asturias","headline":"Recargas inal\u00e1mbricas de m\u00f3vil en espacios p\u00fablicos con Charge&#038;Go","author":{"@id":"https:\/\/www.eldigitaldeasturias.com\/noticias\/author\/admin\/#author"},"publisher":{"@id":"https:\/\/www.eldigitaldeasturias.com\/noticias\/#organization"},"image":{"@type":"ImageObject","url":"https:\/\/www.eldigitaldeasturias.com\/noticias\/wp-content\/uploads\/2015\/07\/chargue1.jpg","width":349,"height":387},"datePublished":"2015-07-29T00:14:00+02:00","dateModified":"2015-07-29T00:14:00+02:00","inLanguage":"es-ES","mainEntityOfPage":{"@id":"https:\/\/www.eldigitaldeasturias.com\/noticias\/recargas-inalambricas-de-movil-en-espacios-publicos-con-chargego\/#webpage"},"isPartOf":{"@id":"https:\/\/www.eldigitaldeasturias.com\/noticias\/recargas-inalambricas-de-movil-en-espacios-publicos-con-chargego\/#webpage"},"articleSection":"Revista de Ocio"},{"@type":"BreadcrumbList","@id":"https:\/\/www.eldigitaldeasturias.com\/noticias\/recargas-inalambricas-de-movil-en-espacios-publicos-con-chargego\/#breadcrumblist","itemListElement":[{"@type":"ListItem","@id":"https:\/\/www.eldigitaldeasturias.com\/noticias#listItem","position":1,"name":"Home","item":"https:\/\/www.eldigitaldeasturias.com\/noticias","nextItem":{"@type":"ListItem","@id":"https:\/\/www.eldigitaldeasturias.com\/noticias\/category\/revista-de-ocio\/#listItem","name":"Revista de Ocio"}},{"@type":"ListItem","@id":"https:\/\/www.eldigitaldeasturias.com\/noticias\/category\/revista-de-ocio\/#listItem","position":2,"name":"Revista de Ocio","item":"https:\/\/www.eldigitaldeasturias.com\/noticias\/category\/revista-de-ocio\/","nextItem":{"@type":"ListItem","@id":"https:\/\/www.eldigitaldeasturias.com\/noticias\/recargas-inalambricas-de-movil-en-espacios-publicos-con-chargego\/#listItem","name":"Recargas inal\u00e1mbricas de m\u00f3vil en espacios p\u00fablicos con Charge&#038;Go"},"previousItem":{"@type":"ListItem","@id":"https:\/\/www.eldigitaldeasturias.com\/noticias#listItem","name":"Home"}},{"@type":"ListItem","@id":"https:\/\/www.eldigitaldeasturias.com\/noticias\/recargas-inalambricas-de-movil-en-espacios-publicos-con-chargego\/#listItem","position":3,"name":"Recargas inal\u00e1mbricas de m\u00f3vil en espacios p\u00fablicos con Charge&#038;Go","previousItem":{"@type":"ListItem","@id":"https:\/\/www.eldigitaldeasturias.com\/noticias\/category\/revista-de-ocio\/#listItem","name":"Revista de Ocio"}}]},{"@type":"Organization","@id":"https:\/\/www.eldigitaldeasturias.com\/noticias\/#organization","name":"El Digital de Asturias","description":"Hemeroteca","url":"https:\/\/www.eldigitaldeasturias.com\/noticias\/","email":"info@eldigitaldeasturias.com","telephone":"+34652131393","logo":{"@type":"ImageObject","url":"https:\/\/www.eldigitaldeasturias.com\/noticias\/wp-content\/uploads\/2020\/12\/EDA.jpg","@id":"https:\/\/www.eldigitaldeasturias.com\/noticias\/recargas-inalambricas-de-movil-en-espacios-publicos-con-chargego\/#organizationLogo","width":649,"height":297},"image":{"@id":"https:\/\/www.eldigitaldeasturias.com\/noticias\/recargas-inalambricas-de-movil-en-espacios-publicos-con-chargego\/#organizationLogo"},"sameAs":["https:\/\/facebook.com\/eldigitaldeasturias","https:\/\/www.youtube.com\/channel\/UCZP-2wLEB9Rv6erhFmqVnvg"],"address":{"@id":"https:\/\/www.eldigitaldeasturias.com\/noticias\/#postaladdress","@type":"PostalAddress","streetAddress":"san antonio 4,","postalCode":"33430","addressLocality":"Cand\u00e1s","addressRegion":"Asturias","addressCountry":"ES"}},{"@type":"Person","@id":"https:\/\/www.eldigitaldeasturias.com\/noticias\/author\/admin\/#author","url":"https:\/\/www.eldigitaldeasturias.com\/noticias\/author\/admin\/","name":"El Digital de Asturias","image":{"@type":"ImageObject","@id":"https:\/\/www.eldigitaldeasturias.com\/noticias\/recargas-inalambricas-de-movil-en-espacios-publicos-con-chargego\/#authorImage","url":"https:\/\/www.eldigitaldeasturias.com\/noticias\/wp-content\/litespeed\/avatar\/18677e78aa0546b92d9dbf31ec7d7668.jpg?ver=1777290358","width":96,"height":96,"caption":"El Digital de Asturias"}},{"@type":"WebPage","@id":"https:\/\/www.eldigitaldeasturias.com\/noticias\/recargas-inalambricas-de-movil-en-espacios-publicos-con-chargego\/#webpage","url":"https:\/\/www.eldigitaldeasturias.com\/noticias\/recargas-inalambricas-de-movil-en-espacios-publicos-con-chargego\/","name":"Recargas inal\u00e1mbricas de m\u00f3vil en espacios p\u00fablicos con Charge&Go - El Digital de Asturias","description":"Charge&Go, la joven empresa espa\u00f1ola dedicada a la instalaci\u00f3n de cargadores universales para dispositivos m\u00f3viles en espacios p\u00fablicos, ya ha completado la instalaci\u00f3n de cuatro terminales de carga completos (uno est\u00e1ndar y otro inal\u00e1mbrico) en diversos puntos emblem\u00e1ticos de la ciudad de Valencia: El Caf\u00e9&Tapas, en la Plaza del Ayuntamiento 19. Rl Caf\u00e9 Bocados,","inLanguage":"es-ES","isPartOf":{"@id":"https:\/\/www.eldigitaldeasturias.com\/noticias\/#website"},"breadcrumb":{"@id":"https:\/\/www.eldigitaldeasturias.com\/noticias\/recargas-inalambricas-de-movil-en-espacios-publicos-con-chargego\/#breadcrumblist"},"author":{"@id":"https:\/\/www.eldigitaldeasturias.com\/noticias\/author\/admin\/#author"},"creator":{"@id":"https:\/\/www.eldigitaldeasturias.com\/noticias\/author\/admin\/#author"},"image":{"@type":"ImageObject","url":"https:\/\/www.eldigitaldeasturias.com\/noticias\/wp-content\/uploads\/2015\/07\/chargue1.jpg","@id":"https:\/\/www.eldigitaldeasturias.com\/noticias\/recargas-inalambricas-de-movil-en-espacios-publicos-con-chargego\/#mainImage","width":349,"height":387},"primaryImageOfPage":{"@id":"https:\/\/www.eldigitaldeasturias.com\/noticias\/recargas-inalambricas-de-movil-en-espacios-publicos-con-chargego\/#mainImage"},"datePublished":"2015-07-29T00:14:00+02:00","dateModified":"2015-07-29T00:14:00+02:00"},{"@type":"WebSite","@id":"https:\/\/www.eldigitaldeasturias.com\/noticias\/#website","url":"https:\/\/www.eldigitaldeasturias.com\/noticias\/","name":"El Digital de Asturias - Diario de actualidad y noticias","alternateName":"El Digital de Asturias - Diario de actualidad y noticias","description":"Hemeroteca","inLanguage":"es-ES","publisher":{"@id":"https:\/\/www.eldigitaldeasturias.com\/noticias\/#organization"}}]},"og:locale":"es_ES","og:site_name":"El Digital de Asturias","og:type":"article","og:title":"Recargas inal\u00e1mbricas de m\u00f3vil en espacios p\u00fablicos con Charge&amp;Go - El Digital de Asturias","og:description":"Charge&amp;Go, la joven empresa espa\u00f1ola dedicada a la instalaci\u00f3n de cargadores universales para dispositivos m\u00f3viles en espacios p\u00fablicos, ya ha completado la instalaci\u00f3n de cuatro terminales de carga completos (uno est\u00e1ndar y otro inal\u00e1mbrico) en diversos puntos emblem\u00e1ticos de la ciudad de Valencia: El Caf\u00e9&amp;Tapas, en la Plaza del Ayuntamiento 19. Rl Caf\u00e9 Bocados,","og:url":"https:\/\/www.eldigitaldeasturias.com\/noticias\/recargas-inalambricas-de-movil-en-espacios-publicos-con-chargego\/","og:image":"https:\/\/www.eldigitaldeasturias.com\/noticias\/wp-content\/uploads\/2015\/07\/chargue1.jpg","og:image:secure_url":"https:\/\/www.eldigitaldeasturias.com\/noticias\/wp-content\/uploads\/2015\/07\/chargue1.jpg","og:image:width":349,"og:image:height":387,"article:tag":["revista de ocio"],"article:published_time":"2015-07-28T23:14:00+00:00","article:modified_time":"2015-07-28T23:14:00+00:00","article:publisher":"https:\/\/facebook.com\/eldigitaldeasturias","twitter:card":"summary_large_image","twitter:title":"Recargas inal\u00e1mbricas de m\u00f3vil en espacios p\u00fablicos con Charge&amp;Go - El Digital de Asturias","twitter:description":"Charge&amp;Go, la joven empresa espa\u00f1ola dedicada a la instalaci\u00f3n de cargadores universales para dispositivos m\u00f3viles en espacios p\u00fablicos, ya ha completado la instalaci\u00f3n de cuatro terminales de carga completos (uno est\u00e1ndar y otro inal\u00e1mbrico) en diversos puntos emblem\u00e1ticos de la ciudad de Valencia: El Caf\u00e9&amp;Tapas, en la Plaza del Ayuntamiento 19. Rl Caf\u00e9 Bocados,","twitter:image":"https:\/\/www.eldigitaldeasturias.com\/noticias\/wp-content\/uploads\/2015\/07\/chargue1.jpg","twitter:label1":"Escrito por","twitter:data1":"El Digital de Asturias","twitter:label2":"Tiempo de lectura estimado","twitter:data2":"2 minutos"},"aioseo_meta_data":{"post_id":"798557","title":null,"description":null,"keywords":null,"keyphrases":null,"primary_term":null,"canonical_url":null,"og_title":null,"og_description":null,"og_object_type":"default","og_image_type":"default","og_image_url":null,"og_image_width":null,"og_image_height":null,"og_image_custom_url":null,"og_image_custom_fields":null,"og_video":null,"og_custom_url":null,"og_article_section":null,"og_article_tags":null,"twitter_use_og":false,"twitter_card":"default","twitter_image_type":"default","twitter_image_url":null,"twitter_image_custom_url":null,"twitter_image_custom_fields":null,"twitter_title":null,"twitter_description":null,"schema":{"blockGraphs":[],"customGraphs":[],"default":{"data":{"Article":[],"Course":[],"Dataset":[],"FAQPage":[],"Movie":[],"Person":[],"Product":[],"ProductReview":[],"Car":[],"Recipe":[],"Service":[],"SoftwareApplication":[],"WebPage":[]},"graphName":"","isEnabled":true},"graphs":[],"defaultGraph":"","defaultPostTypeGraph":""},"schema_type":null,"schema_type_options":null,"pillar_content":false,"robots_default":true,"robots_noindex":false,"robots_noarchive":false,"robots_nosnippet":false,"robots_nofollow":false,"robots_noimageindex":false,"robots_noodp":false,"robots_notranslate":false,"robots_max_snippet":null,"robots_max_videopreview":null,"robots_max_imagepreview":"large","priority":null,"frequency":null,"local_seo":null,"seo_analyzer_scan_date":"2025-12-21 13:37:12","breadcrumb_settings":null,"limit_modified_date":false,"open_ai":null,"ai":null,"created":"2021-01-23 08:17:12","updated":"2025-12-21 13:37:12"},"aioseo_breadcrumb":"<div class=\"aioseo-breadcrumbs\"><span class=\"aioseo-breadcrumb\">\n\t<a href=\"https:\/\/www.eldigitaldeasturias.com\/noticias\" title=\"Home\">Home<\/a>\n<\/span><span class=\"aioseo-breadcrumb-separator\">\u2013<\/span><span class=\"aioseo-breadcrumb\">\n\t<a href=\"https:\/\/www.eldigitaldeasturias.com\/noticias\/category\/revista-de-ocio\/\" title=\"Revista de Ocio\">Revista de Ocio<\/a>\n<\/span><span class=\"aioseo-breadcrumb-separator\">\u2013<\/span><span class=\"aioseo-breadcrumb\">\n\t<a href=\"https:\/\/www.eldigitaldeasturias.com\/noticias\/recargas-inalambricas-de-movil-en-espacios-publicos-con-chargego\/\" title=\"Recargas inal\u00e1mbricas de m\u00f3vil en espacios p\u00fablicos con Charge&amp;Go\">Recargas inal\u00e1mbricas de m\u00f3vil en espacios p\u00fablicos con Charge&amp;Go<\/a>\n<\/span><\/div>","aioseo_breadcrumb_json":[{"label":"Home","link":"https:\/\/www.eldigitaldeasturias.com\/noticias"},{"label":"Revista de Ocio","link":"https:\/\/www.eldigitaldeasturias.com\/noticias\/category\/revista-de-ocio\/"},{"label":"Recargas inal\u00e1mbricas de m\u00f3vil en espacios p\u00fablicos con Charge&#038;Go","link":"https:\/\/www.eldigitaldeasturias.com\/noticias\/recargas-inalambricas-de-movil-en-espacios-publicos-con-chargego\/"}],"_links":{"self":[{"href":"https:\/\/www.eldigitaldeasturias.com\/noticias\/wp-json\/wp\/v2\/posts\/798557","targetHints":{"allow":["GET"]}}],"collection":[{"href":"https:\/\/www.eldigitaldeasturias.com\/noticias\/wp-json\/wp\/v2\/posts"}],"about":[{"href":"https:\/\/www.eldigitaldeasturias.com\/noticias\/wp-json\/wp\/v2\/types\/post"}],"author":[{"embeddable":true,"href":"https:\/\/www.eldigitaldeasturias.com\/noticias\/wp-json\/wp\/v2\/users\/1"}],"replies":[{"embeddable":true,"href":"https:\/\/www.eldigitaldeasturias.com\/noticias\/wp-json\/wp\/v2\/comments?post=798557"}],"version-history":[{"count":0,"href":"https:\/\/www.eldigitaldeasturias.com\/noticias\/wp-json\/wp\/v2\/posts\/798557\/revisions"}],"wp:featuredmedia":[{"embeddable":true,"href":"https:\/\/www.eldigitaldeasturias.com\/noticias\/wp-json\/wp\/v2\/media\/798558"}],"wp:attachment":[{"href":"https:\/\/www.eldigitaldeasturias.com\/noticias\/wp-json\/wp\/v2\/media?parent=798557"}],"wp:term":[{"taxonomy":"category","embeddable":true,"href":"https:\/\/www.eldigitaldeasturias.com\/noticias\/wp-json\/wp\/v2\/categories?post=798557"},{"taxonomy":"post_tag","embeddable":true,"href":"https:\/\/www.eldigitaldeasturias.com\/noticias\/wp-json\/wp\/v2\/tags?post=798557"}],"curies":[{"name":"wp","href":"https:\/\/api.w.org\/{rel}","templated":true}]}}