{"id":762904,"date":"2015-01-27T14:43:51","date_gmt":"2015-01-27T13:43:51","guid":{"rendered":"http:\/\/www.eldigitaldeasturias.com\/noticias\/?p=762904"},"modified":"2015-01-28T06:05:03","modified_gmt":"2015-01-28T05:05:03","slug":"centroamerica-destaca-su-estabilidad-para-el-desarrollo-del-turismo","status":"publish","type":"post","link":"https:\/\/www.eldigitaldeasturias.com\/noticias\/centroamerica-destaca-su-estabilidad-para-el-desarrollo-del-turismo\/","title":{"rendered":"Centroam\u00e9rica destaca su estabilidad para el desarrollo del turismo"},"content":{"rendered":"<p><img loading=\"lazy\" decoding=\"async\" class=\"alignleft size-medium wp-image-762905\" alt=\"10158501w\" src=\"https:\/\/www.eldigitaldeasturias.com\/noticias\/wp-content\/uploads\/2015\/01\/10158501w-360x238.jpg\" width=\"360\" height=\"238\" \/>Madrid, 27 ene (EFE).- Ministros de Turismo de pa\u00edses centroamericanos destacaron hoy la estabilidad pol\u00edtica alcanzada tras a\u00f1os de conflictos internos en algunos casos y las garant\u00edas jur\u00eddicas como factores que contribuyen a las inversiones en el sector y a su desarrollo.<\/p>\n<p>Responsables de turismo de los gobiernos de la regi\u00f3n y de M\u00e9xico debatieron hoy con representantes del sector tur\u00edstico espa\u00f1ol en el marco de la XVIII Conferencia Iberomericana de Ministros y Empresarios de Turismo (Cimet), que tradicionalmente se celebra la v\u00edspera de que empiece en Madrid Fitur, la mayor feria internacional dedicada a esa actividad.<\/p>\n<p>En los a\u00f1os 80 y 90, y despu\u00e9s de largos conflictos armados, pa\u00edses como Guatemala, El Salvador o Nicaragua entraron en la senda de la convivencia democr\u00e1tica y de ella se deriva una estabilidad pol\u00edtica e institucional beneficiosa para el desarrollo econ\u00f3mica.<\/p>\n<p>Representantes gubernamentales de esos tres pa\u00edses subrayaron hoy esa circunstancia y, como hicieron los de Costa Rica, Panam\u00e1 y M\u00e9xico, destacaron las garant\u00edas jur\u00eddicas para las inversiones y la riqueza que ofrecen todos ellos en materia de biodiversidad y cultura, aparte del turismo de playa.<\/p>\n<p>El presidente de la Confederaci\u00f3n Hotelera espa\u00f1ola (CEHAT), Joan Molas, asegur\u00f3 que hace treinta a\u00f1os s\u00f3lo hab\u00eda medio centenar de hoteles espa\u00f1oles en el mundo y ahora hay unos 1.500, de los que m\u00e1s de la mitad est\u00e1n en Latinoam\u00e9rica.<\/p>\n<p>Eso prueba &#8211; indic\u00f3 &#8211; la importancia que para Espa\u00f1a tiene el continente americano, donde est\u00e1n grandes cadenas nacionales, como Barcel\u00f3, Meli\u00e1 y Riu.<\/p>\n<p>En la inauguraci\u00f3n de la conferencia, la secretaria de Estado espa\u00f1ol de Turismo, Isabel Borrego, anim\u00f3 a los participantes en Fitur, que se celebra desde ma\u00f1ana hasta el domingo, a mantener contactos que permitan impulsar el sector y apunt\u00f3 la importancia de actualizar la formaci\u00f3n de los profesionales del sector.<\/p>\n<p>Todos los representantes latinoamericanos hicieron hincapi\u00e9 en el potencial inversor en sus pa\u00edses y explicaron los incentivos fiscales y econ\u00f3micos para establecerse, al tiempo que explicaron el desarrollo de las infraestructuras que facilitan la movilidad de los visitantes.<\/p>\n<p>El ministro costarricense, Wilhem von Breymann, puso \u00e9nfasis en el tradicional respecto a la sostenibilidad en su pa\u00eds que &#8211; dijo &#8211; recibi\u00f3 el a\u00f1o pasado 2,5 millones de turistas, sobre todo estadounidenses, lo que quieren equilibrar en favor de una presencia mayor de europeos.<\/p>\n<p>El ministro salvadore\u00f1o, Jos\u00e9 Napole\u00f3n Duarte, asegur\u00f3 que su gobierno est\u00e1 haciendo frente con \u00e9xito al problema de la inseguridad ciudadana y cifr\u00f3 en 125 millones de d\u00f3lares los proyectos de inter\u00e9s tur\u00edstico que se impulsan en la actualidad.<\/p>\n<p>Para la viceministra guatemalteca, Maruja Acevedo, el turismo es el segundo factor de generaci\u00f3n de ingresos en el pa\u00eds, que el a\u00f1o pasado recibi\u00f3 a dos millones de visitantes, atra\u00eddos por las playas de los dos oc\u00e9anos que ba\u00f1an sus costas y por el hecho de que en su territorio est\u00e1 \u00abel coraz\u00f3n del mundo maya\u00bb.<\/p>\n<p>El subsecretario mexicano Carlos Joaqu\u00edn Gonz\u00e1lez destac\u00f3 que el turismo supone el nueve por ciento del PIB, con 28,8 millones de extranjeros el a\u00f1o pasado y a\u00f1adi\u00f3 que el desarrollo tur\u00edstico quiere hacerse con el respeto al medio ambiente.<\/p>\n<p>Por Nicaragua intervino Tel\u00e9maco Talavera, asesor del presidente de la Rep\u00fablica, quien dijo que hay 72 millones de d\u00f3lares actualmente en 27 proyectos tur\u00edsticos, enumer\u00f3 las obras de infraestructuras que se llevan a cabo en todo el pa\u00eds -como el proyecto del llamado Canal de Nicaragua, que unir\u00e1 los dos oc\u00e9anos- y afirm\u00f3 que el crecimiento econ\u00f3mico medio de los \u00faltimos a\u00f1os es del cinco por ciento.<\/p>\n<p>El ministro paname\u00f1o Jes\u00fas Sierra dijo que las grandes cadenas hoteleras internacionales ya est\u00e1n en su pa\u00eds, que tiene 1.500 establecimientos y que ahora quiere centrarse en la conectividad, en especial con el incremento de vuelos que tengan Panam\u00e1 como destino o salida, lo que favorece el turismo pero tambi\u00e9n los intercambios comerciales.<\/p>\n<p>Al t\u00e9rmino de la conferencia fueron premiados los hermanos Carmen y Luis Riu, consejeros delegados del grupo espa\u00f1ol del mismo nombre, por su contribuci\u00f3n al turismo y a las relaciones con Latinoam\u00e9rica.<\/p>\n<p>Carmen Riu dijo que su grupo tiene 28.000 empleados, de los que 6.800 con mexicanos, 3.000 dominicanos, mil costarricenses y ochocientos paname\u00f1os, como muestra de la presencia de Riu en el continente.<\/p>\n","protected":false},"excerpt":{"rendered":"<p>Madrid, 27 ene (EFE).- Ministros de Turismo de pa\u00edses centroamericanos destacaron hoy la estabilidad pol\u00edtica alcanzada tras a\u00f1os de conflictos internos en algunos casos y las garant\u00edas jur\u00eddicas como factores que contribuyen a las inversiones en el sector y a su desarrollo. Responsables de turismo de los gobiernos de la regi\u00f3n y de M\u00e9xico debatieron [&hellip;]<\/p>\n","protected":false},"author":1,"featured_media":0,"comment_status":"open","ping_status":"closed","sticky":false,"template":"","format":"standard","meta":{"footnotes":""},"categories":[148],"tags":[],"class_list":["post-762904","post","type-post","status-publish","format-standard","hentry","category-turismo"],"aioseo_notices":[],"aioseo_head":"\n\t\t<!-- All in One SEO Pro 4.9.6.2 - aioseo.com -->\n\t<meta name=\"description\" content=\"Madrid, 27 ene (EFE).- Ministros de Turismo de pa\u00edses centroamericanos destacaron hoy la estabilidad pol\u00edtica alcanzada tras a\u00f1os de conflictos internos en algunos casos y las garant\u00edas jur\u00eddicas como factores que contribuyen a las inversiones en el sector y a su desarrollo. Responsables de turismo de los gobiernos de la regi\u00f3n y de M\u00e9xico debatieron\" \/>\n\t<meta name=\"robots\" content=\"max-image-preview:large\" \/>\n\t<meta name=\"author\" content=\"El Digital de Asturias\"\/>\n\t<meta name=\"google-site-verification\" content=\"UA-38556648-1\" \/>\n\t<meta name=\"msvalidate.01\" content=\"7dfe9f3f1b24437ab69f4f2559babe99\" \/>\n\t<meta name=\"keywords\" content=\"turismo\" \/>\n\t<link rel=\"canonical\" href=\"https:\/\/www.eldigitaldeasturias.com\/noticias\/centroamerica-destaca-su-estabilidad-para-el-desarrollo-del-turismo\/\" \/>\n\t<meta name=\"generator\" content=\"All in One SEO Pro (AIOSEO) 4.9.6.2\" \/>\n\t\t<meta property=\"og:locale\" content=\"es_ES\" \/>\n\t\t<meta property=\"og:site_name\" content=\"El Digital de Asturias\" \/>\n\t\t<meta property=\"og:type\" content=\"article\" \/>\n\t\t<meta property=\"og:title\" content=\"Centroam\u00e9rica destaca su estabilidad para el desarrollo del turismo - El Digital de Asturias\" \/>\n\t\t<meta property=\"og:description\" content=\"Madrid, 27 ene (EFE).- Ministros de Turismo de pa\u00edses centroamericanos destacaron hoy la estabilidad pol\u00edtica alcanzada tras a\u00f1os de conflictos internos en algunos casos y las garant\u00edas jur\u00eddicas como factores que contribuyen a las inversiones en el sector y a su desarrollo. Responsables de turismo de los gobiernos de la regi\u00f3n y de M\u00e9xico debatieron\" \/>\n\t\t<meta property=\"og:url\" content=\"https:\/\/www.eldigitaldeasturias.com\/noticias\/centroamerica-destaca-su-estabilidad-para-el-desarrollo-del-turismo\/\" \/>\n\t\t<meta property=\"article:tag\" content=\"turismo\" \/>\n\t\t<meta property=\"article:published_time\" content=\"2015-01-27T13:43:51+00:00\" \/>\n\t\t<meta property=\"article:modified_time\" content=\"2015-01-28T05:05:03+00:00\" \/>\n\t\t<meta property=\"article:publisher\" content=\"https:\/\/facebook.com\/eldigitaldeasturias\" \/>\n\t\t<meta name=\"twitter:card\" content=\"summary_large_image\" \/>\n\t\t<meta name=\"twitter:title\" content=\"Centroam\u00e9rica destaca su estabilidad para el desarrollo del turismo - El Digital de Asturias\" \/>\n\t\t<meta name=\"twitter:description\" content=\"Madrid, 27 ene (EFE).- Ministros de Turismo de pa\u00edses centroamericanos destacaron hoy la estabilidad pol\u00edtica alcanzada tras a\u00f1os de conflictos internos en algunos casos y las garant\u00edas jur\u00eddicas como factores que contribuyen a las inversiones en el sector y a su desarrollo. Responsables de turismo de los gobiernos de la regi\u00f3n y de M\u00e9xico debatieron\" \/>\n\t\t<meta name=\"twitter:image\" content=\"https:\/\/www.eldigitaldeasturias.com\/noticias\/wp-content\/uploads\/2020\/12\/EDA-1.jpg\" \/>\n\t\t<meta name=\"twitter:label1\" content=\"Escrito por\" \/>\n\t\t<meta name=\"twitter:data1\" content=\"El Digital de Asturias\" \/>\n\t\t<meta name=\"twitter:label2\" content=\"Tiempo de lectura estimado\" \/>\n\t\t<meta name=\"twitter:data2\" content=\"4 minutos\" \/>\n\t\t<script type=\"application\/ld+json\" class=\"aioseo-schema\">\n\t\t\t{\"@context\":\"https:\\\/\\\/schema.org\",\"@graph\":[{\"@type\":\"BlogPosting\",\"@id\":\"https:\\\/\\\/www.eldigitaldeasturias.com\\\/noticias\\\/centroamerica-destaca-su-estabilidad-para-el-desarrollo-del-turismo\\\/#blogposting\",\"name\":\"Centroam\\u00e9rica destaca su estabilidad para el desarrollo del turismo - El Digital de Asturias\",\"headline\":\"Centroam\\u00e9rica destaca su estabilidad para el desarrollo del turismo\",\"author\":{\"@id\":\"https:\\\/\\\/www.eldigitaldeasturias.com\\\/noticias\\\/author\\\/admin\\\/#author\"},\"publisher\":{\"@id\":\"https:\\\/\\\/www.eldigitaldeasturias.com\\\/noticias\\\/#organization\"},\"image\":{\"@type\":\"ImageObject\",\"url\":\"http:\\\/\\\/www.eldigitaldeasturias.com\\\/noticias\\\/wp-content\\\/uploads\\\/2015\\\/01\\\/10158501w-360x238.jpg\",\"@id\":\"https:\\\/\\\/www.eldigitaldeasturias.com\\\/noticias\\\/centroamerica-destaca-su-estabilidad-para-el-desarrollo-del-turismo\\\/#articleImage\"},\"datePublished\":\"2015-01-27T14:43:51+01:00\",\"dateModified\":\"2015-01-28T06:05:03+01:00\",\"inLanguage\":\"es-ES\",\"mainEntityOfPage\":{\"@id\":\"https:\\\/\\\/www.eldigitaldeasturias.com\\\/noticias\\\/centroamerica-destaca-su-estabilidad-para-el-desarrollo-del-turismo\\\/#webpage\"},\"isPartOf\":{\"@id\":\"https:\\\/\\\/www.eldigitaldeasturias.com\\\/noticias\\\/centroamerica-destaca-su-estabilidad-para-el-desarrollo-del-turismo\\\/#webpage\"},\"articleSection\":\"Turismo\"},{\"@type\":\"BreadcrumbList\",\"@id\":\"https:\\\/\\\/www.eldigitaldeasturias.com\\\/noticias\\\/centroamerica-destaca-su-estabilidad-para-el-desarrollo-del-turismo\\\/#breadcrumblist\",\"itemListElement\":[{\"@type\":\"ListItem\",\"@id\":\"https:\\\/\\\/www.eldigitaldeasturias.com\\\/noticias#listItem\",\"position\":1,\"name\":\"Home\",\"item\":\"https:\\\/\\\/www.eldigitaldeasturias.com\\\/noticias\",\"nextItem\":{\"@type\":\"ListItem\",\"@id\":\"https:\\\/\\\/www.eldigitaldeasturias.com\\\/noticias\\\/category\\\/turismo\\\/#listItem\",\"name\":\"Turismo\"}},{\"@type\":\"ListItem\",\"@id\":\"https:\\\/\\\/www.eldigitaldeasturias.com\\\/noticias\\\/category\\\/turismo\\\/#listItem\",\"position\":2,\"name\":\"Turismo\",\"item\":\"https:\\\/\\\/www.eldigitaldeasturias.com\\\/noticias\\\/category\\\/turismo\\\/\",\"nextItem\":{\"@type\":\"ListItem\",\"@id\":\"https:\\\/\\\/www.eldigitaldeasturias.com\\\/noticias\\\/centroamerica-destaca-su-estabilidad-para-el-desarrollo-del-turismo\\\/#listItem\",\"name\":\"Centroam\\u00e9rica destaca su estabilidad para el desarrollo del turismo\"},\"previousItem\":{\"@type\":\"ListItem\",\"@id\":\"https:\\\/\\\/www.eldigitaldeasturias.com\\\/noticias#listItem\",\"name\":\"Home\"}},{\"@type\":\"ListItem\",\"@id\":\"https:\\\/\\\/www.eldigitaldeasturias.com\\\/noticias\\\/centroamerica-destaca-su-estabilidad-para-el-desarrollo-del-turismo\\\/#listItem\",\"position\":3,\"name\":\"Centroam\\u00e9rica destaca su estabilidad para el desarrollo del turismo\",\"previousItem\":{\"@type\":\"ListItem\",\"@id\":\"https:\\\/\\\/www.eldigitaldeasturias.com\\\/noticias\\\/category\\\/turismo\\\/#listItem\",\"name\":\"Turismo\"}}]},{\"@type\":\"Organization\",\"@id\":\"https:\\\/\\\/www.eldigitaldeasturias.com\\\/noticias\\\/#organization\",\"name\":\"El Digital de Asturias\",\"description\":\"Hemeroteca\",\"url\":\"https:\\\/\\\/www.eldigitaldeasturias.com\\\/noticias\\\/\",\"email\":\"info@eldigitaldeasturias.com\",\"telephone\":\"+34652131393\",\"logo\":{\"@type\":\"ImageObject\",\"url\":\"https:\\\/\\\/www.eldigitaldeasturias.com\\\/noticias\\\/wp-content\\\/uploads\\\/2020\\\/12\\\/EDA.jpg\",\"@id\":\"https:\\\/\\\/www.eldigitaldeasturias.com\\\/noticias\\\/centroamerica-destaca-su-estabilidad-para-el-desarrollo-del-turismo\\\/#organizationLogo\",\"width\":649,\"height\":297},\"image\":{\"@id\":\"https:\\\/\\\/www.eldigitaldeasturias.com\\\/noticias\\\/centroamerica-destaca-su-estabilidad-para-el-desarrollo-del-turismo\\\/#organizationLogo\"},\"sameAs\":[\"https:\\\/\\\/facebook.com\\\/eldigitaldeasturias\",\"https:\\\/\\\/www.youtube.com\\\/channel\\\/UCZP-2wLEB9Rv6erhFmqVnvg\"],\"address\":{\"@id\":\"https:\\\/\\\/www.eldigitaldeasturias.com\\\/noticias\\\/#postaladdress\",\"@type\":\"PostalAddress\",\"streetAddress\":\"san antonio 4,\",\"postalCode\":\"33430\",\"addressLocality\":\"Cand\\u00e1s\",\"addressRegion\":\"Asturias\",\"addressCountry\":\"ES\"}},{\"@type\":\"Person\",\"@id\":\"https:\\\/\\\/www.eldigitaldeasturias.com\\\/noticias\\\/author\\\/admin\\\/#author\",\"url\":\"https:\\\/\\\/www.eldigitaldeasturias.com\\\/noticias\\\/author\\\/admin\\\/\",\"name\":\"El Digital de Asturias\",\"image\":{\"@type\":\"ImageObject\",\"@id\":\"https:\\\/\\\/www.eldigitaldeasturias.com\\\/noticias\\\/centroamerica-destaca-su-estabilidad-para-el-desarrollo-del-turismo\\\/#authorImage\",\"url\":\"https:\\\/\\\/www.eldigitaldeasturias.com\\\/noticias\\\/wp-content\\\/litespeed\\\/avatar\\\/18677e78aa0546b92d9dbf31ec7d7668.jpg?ver=1777290358\",\"width\":96,\"height\":96,\"caption\":\"El Digital de Asturias\"}},{\"@type\":\"WebPage\",\"@id\":\"https:\\\/\\\/www.eldigitaldeasturias.com\\\/noticias\\\/centroamerica-destaca-su-estabilidad-para-el-desarrollo-del-turismo\\\/#webpage\",\"url\":\"https:\\\/\\\/www.eldigitaldeasturias.com\\\/noticias\\\/centroamerica-destaca-su-estabilidad-para-el-desarrollo-del-turismo\\\/\",\"name\":\"Centroam\\u00e9rica destaca su estabilidad para el desarrollo del turismo - El Digital de Asturias\",\"description\":\"Madrid, 27 ene (EFE).- Ministros de Turismo de pa\\u00edses centroamericanos destacaron hoy la estabilidad pol\\u00edtica alcanzada tras a\\u00f1os de conflictos internos en algunos casos y las garant\\u00edas jur\\u00eddicas como factores que contribuyen a las inversiones en el sector y a su desarrollo. Responsables de turismo de los gobiernos de la regi\\u00f3n y de M\\u00e9xico debatieron\",\"inLanguage\":\"es-ES\",\"isPartOf\":{\"@id\":\"https:\\\/\\\/www.eldigitaldeasturias.com\\\/noticias\\\/#website\"},\"breadcrumb\":{\"@id\":\"https:\\\/\\\/www.eldigitaldeasturias.com\\\/noticias\\\/centroamerica-destaca-su-estabilidad-para-el-desarrollo-del-turismo\\\/#breadcrumblist\"},\"author\":{\"@id\":\"https:\\\/\\\/www.eldigitaldeasturias.com\\\/noticias\\\/author\\\/admin\\\/#author\"},\"creator\":{\"@id\":\"https:\\\/\\\/www.eldigitaldeasturias.com\\\/noticias\\\/author\\\/admin\\\/#author\"},\"datePublished\":\"2015-01-27T14:43:51+01:00\",\"dateModified\":\"2015-01-28T06:05:03+01:00\"},{\"@type\":\"WebSite\",\"@id\":\"https:\\\/\\\/www.eldigitaldeasturias.com\\\/noticias\\\/#website\",\"url\":\"https:\\\/\\\/www.eldigitaldeasturias.com\\\/noticias\\\/\",\"name\":\"El Digital de Asturias - Diario de actualidad y noticias\",\"alternateName\":\"El Digital de Asturias - Diario de actualidad y noticias\",\"description\":\"Hemeroteca\",\"inLanguage\":\"es-ES\",\"publisher\":{\"@id\":\"https:\\\/\\\/www.eldigitaldeasturias.com\\\/noticias\\\/#organization\"}}]}\n\t\t<\/script>\n\t\t<!-- All in One SEO Pro -->\r\n\t\t<title>Centroam\u00e9rica destaca su estabilidad para el desarrollo del turismo - El Digital de Asturias<\/title>\n\n","aioseo_head_json":{"title":"Centroam\u00e9rica destaca su estabilidad para el desarrollo del turismo - El Digital de Asturias","description":"Madrid, 27 ene (EFE).- Ministros de Turismo de pa\u00edses centroamericanos destacaron hoy la estabilidad pol\u00edtica alcanzada tras a\u00f1os de conflictos internos en algunos casos y las garant\u00edas jur\u00eddicas como factores que contribuyen a las inversiones en el sector y a su desarrollo. Responsables de turismo de los gobiernos de la regi\u00f3n y de M\u00e9xico debatieron","canonical_url":"https:\/\/www.eldigitaldeasturias.com\/noticias\/centroamerica-destaca-su-estabilidad-para-el-desarrollo-del-turismo\/","robots":"max-image-preview:large","keywords":"turismo","webmasterTools":{"google-site-verification":"UA-38556648-1","msvalidate.01":"7dfe9f3f1b24437ab69f4f2559babe99","miscellaneous":""},"schema":{"@context":"https:\/\/schema.org","@graph":[{"@type":"BlogPosting","@id":"https:\/\/www.eldigitaldeasturias.com\/noticias\/centroamerica-destaca-su-estabilidad-para-el-desarrollo-del-turismo\/#blogposting","name":"Centroam\u00e9rica destaca su estabilidad para el desarrollo del turismo - El Digital de Asturias","headline":"Centroam\u00e9rica destaca su estabilidad para el desarrollo del turismo","author":{"@id":"https:\/\/www.eldigitaldeasturias.com\/noticias\/author\/admin\/#author"},"publisher":{"@id":"https:\/\/www.eldigitaldeasturias.com\/noticias\/#organization"},"image":{"@type":"ImageObject","url":"http:\/\/www.eldigitaldeasturias.com\/noticias\/wp-content\/uploads\/2015\/01\/10158501w-360x238.jpg","@id":"https:\/\/www.eldigitaldeasturias.com\/noticias\/centroamerica-destaca-su-estabilidad-para-el-desarrollo-del-turismo\/#articleImage"},"datePublished":"2015-01-27T14:43:51+01:00","dateModified":"2015-01-28T06:05:03+01:00","inLanguage":"es-ES","mainEntityOfPage":{"@id":"https:\/\/www.eldigitaldeasturias.com\/noticias\/centroamerica-destaca-su-estabilidad-para-el-desarrollo-del-turismo\/#webpage"},"isPartOf":{"@id":"https:\/\/www.eldigitaldeasturias.com\/noticias\/centroamerica-destaca-su-estabilidad-para-el-desarrollo-del-turismo\/#webpage"},"articleSection":"Turismo"},{"@type":"BreadcrumbList","@id":"https:\/\/www.eldigitaldeasturias.com\/noticias\/centroamerica-destaca-su-estabilidad-para-el-desarrollo-del-turismo\/#breadcrumblist","itemListElement":[{"@type":"ListItem","@id":"https:\/\/www.eldigitaldeasturias.com\/noticias#listItem","position":1,"name":"Home","item":"https:\/\/www.eldigitaldeasturias.com\/noticias","nextItem":{"@type":"ListItem","@id":"https:\/\/www.eldigitaldeasturias.com\/noticias\/category\/turismo\/#listItem","name":"Turismo"}},{"@type":"ListItem","@id":"https:\/\/www.eldigitaldeasturias.com\/noticias\/category\/turismo\/#listItem","position":2,"name":"Turismo","item":"https:\/\/www.eldigitaldeasturias.com\/noticias\/category\/turismo\/","nextItem":{"@type":"ListItem","@id":"https:\/\/www.eldigitaldeasturias.com\/noticias\/centroamerica-destaca-su-estabilidad-para-el-desarrollo-del-turismo\/#listItem","name":"Centroam\u00e9rica destaca su estabilidad para el desarrollo del turismo"},"previousItem":{"@type":"ListItem","@id":"https:\/\/www.eldigitaldeasturias.com\/noticias#listItem","name":"Home"}},{"@type":"ListItem","@id":"https:\/\/www.eldigitaldeasturias.com\/noticias\/centroamerica-destaca-su-estabilidad-para-el-desarrollo-del-turismo\/#listItem","position":3,"name":"Centroam\u00e9rica destaca su estabilidad para el desarrollo del turismo","previousItem":{"@type":"ListItem","@id":"https:\/\/www.eldigitaldeasturias.com\/noticias\/category\/turismo\/#listItem","name":"Turismo"}}]},{"@type":"Organization","@id":"https:\/\/www.eldigitaldeasturias.com\/noticias\/#organization","name":"El Digital de Asturias","description":"Hemeroteca","url":"https:\/\/www.eldigitaldeasturias.com\/noticias\/","email":"info@eldigitaldeasturias.com","telephone":"+34652131393","logo":{"@type":"ImageObject","url":"https:\/\/www.eldigitaldeasturias.com\/noticias\/wp-content\/uploads\/2020\/12\/EDA.jpg","@id":"https:\/\/www.eldigitaldeasturias.com\/noticias\/centroamerica-destaca-su-estabilidad-para-el-desarrollo-del-turismo\/#organizationLogo","width":649,"height":297},"image":{"@id":"https:\/\/www.eldigitaldeasturias.com\/noticias\/centroamerica-destaca-su-estabilidad-para-el-desarrollo-del-turismo\/#organizationLogo"},"sameAs":["https:\/\/facebook.com\/eldigitaldeasturias","https:\/\/www.youtube.com\/channel\/UCZP-2wLEB9Rv6erhFmqVnvg"],"address":{"@id":"https:\/\/www.eldigitaldeasturias.com\/noticias\/#postaladdress","@type":"PostalAddress","streetAddress":"san antonio 4,","postalCode":"33430","addressLocality":"Cand\u00e1s","addressRegion":"Asturias","addressCountry":"ES"}},{"@type":"Person","@id":"https:\/\/www.eldigitaldeasturias.com\/noticias\/author\/admin\/#author","url":"https:\/\/www.eldigitaldeasturias.com\/noticias\/author\/admin\/","name":"El Digital de Asturias","image":{"@type":"ImageObject","@id":"https:\/\/www.eldigitaldeasturias.com\/noticias\/centroamerica-destaca-su-estabilidad-para-el-desarrollo-del-turismo\/#authorImage","url":"https:\/\/www.eldigitaldeasturias.com\/noticias\/wp-content\/litespeed\/avatar\/18677e78aa0546b92d9dbf31ec7d7668.jpg?ver=1777290358","width":96,"height":96,"caption":"El Digital de Asturias"}},{"@type":"WebPage","@id":"https:\/\/www.eldigitaldeasturias.com\/noticias\/centroamerica-destaca-su-estabilidad-para-el-desarrollo-del-turismo\/#webpage","url":"https:\/\/www.eldigitaldeasturias.com\/noticias\/centroamerica-destaca-su-estabilidad-para-el-desarrollo-del-turismo\/","name":"Centroam\u00e9rica destaca su estabilidad para el desarrollo del turismo - El Digital de Asturias","description":"Madrid, 27 ene (EFE).- Ministros de Turismo de pa\u00edses centroamericanos destacaron hoy la estabilidad pol\u00edtica alcanzada tras a\u00f1os de conflictos internos en algunos casos y las garant\u00edas jur\u00eddicas como factores que contribuyen a las inversiones en el sector y a su desarrollo. Responsables de turismo de los gobiernos de la regi\u00f3n y de M\u00e9xico debatieron","inLanguage":"es-ES","isPartOf":{"@id":"https:\/\/www.eldigitaldeasturias.com\/noticias\/#website"},"breadcrumb":{"@id":"https:\/\/www.eldigitaldeasturias.com\/noticias\/centroamerica-destaca-su-estabilidad-para-el-desarrollo-del-turismo\/#breadcrumblist"},"author":{"@id":"https:\/\/www.eldigitaldeasturias.com\/noticias\/author\/admin\/#author"},"creator":{"@id":"https:\/\/www.eldigitaldeasturias.com\/noticias\/author\/admin\/#author"},"datePublished":"2015-01-27T14:43:51+01:00","dateModified":"2015-01-28T06:05:03+01:00"},{"@type":"WebSite","@id":"https:\/\/www.eldigitaldeasturias.com\/noticias\/#website","url":"https:\/\/www.eldigitaldeasturias.com\/noticias\/","name":"El Digital de Asturias - Diario de actualidad y noticias","alternateName":"El Digital de Asturias - Diario de actualidad y noticias","description":"Hemeroteca","inLanguage":"es-ES","publisher":{"@id":"https:\/\/www.eldigitaldeasturias.com\/noticias\/#organization"}}]},"og:locale":"es_ES","og:site_name":"El Digital de Asturias","og:type":"article","og:title":"Centroam\u00e9rica destaca su estabilidad para el desarrollo del turismo - El Digital de Asturias","og:description":"Madrid, 27 ene (EFE).- Ministros de Turismo de pa\u00edses centroamericanos destacaron hoy la estabilidad pol\u00edtica alcanzada tras a\u00f1os de conflictos internos en algunos casos y las garant\u00edas jur\u00eddicas como factores que contribuyen a las inversiones en el sector y a su desarrollo. Responsables de turismo de los gobiernos de la regi\u00f3n y de M\u00e9xico debatieron","og:url":"https:\/\/www.eldigitaldeasturias.com\/noticias\/centroamerica-destaca-su-estabilidad-para-el-desarrollo-del-turismo\/","article:tag":["turismo"],"article:published_time":"2015-01-27T13:43:51+00:00","article:modified_time":"2015-01-28T05:05:03+00:00","article:publisher":"https:\/\/facebook.com\/eldigitaldeasturias","twitter:card":"summary_large_image","twitter:title":"Centroam\u00e9rica destaca su estabilidad para el desarrollo del turismo - El Digital de Asturias","twitter:description":"Madrid, 27 ene (EFE).- Ministros de Turismo de pa\u00edses centroamericanos destacaron hoy la estabilidad pol\u00edtica alcanzada tras a\u00f1os de conflictos internos en algunos casos y las garant\u00edas jur\u00eddicas como factores que contribuyen a las inversiones en el sector y a su desarrollo. Responsables de turismo de los gobiernos de la regi\u00f3n y de M\u00e9xico debatieron","twitter:image":"https:\/\/www.eldigitaldeasturias.com\/noticias\/wp-content\/uploads\/2020\/12\/EDA-1.jpg","twitter:label1":"Escrito por","twitter:data1":"El Digital de Asturias","twitter:label2":"Tiempo de lectura estimado","twitter:data2":"4 minutos"},"aioseo_meta_data":{"post_id":"762904","title":null,"description":null,"keywords":null,"keyphrases":null,"primary_term":null,"canonical_url":null,"og_title":null,"og_description":null,"og_object_type":"default","og_image_type":"default","og_image_url":null,"og_image_width":null,"og_image_height":null,"og_image_custom_url":null,"og_image_custom_fields":null,"og_video":null,"og_custom_url":null,"og_article_section":null,"og_article_tags":null,"twitter_use_og":false,"twitter_card":"default","twitter_image_type":"default","twitter_image_url":null,"twitter_image_custom_url":null,"twitter_image_custom_fields":null,"twitter_title":null,"twitter_description":null,"schema":{"blockGraphs":[],"customGraphs":[],"default":{"data":{"Article":[],"Course":[],"Dataset":[],"FAQPage":[],"Movie":[],"Person":[],"Product":[],"ProductReview":[],"Car":[],"Recipe":[],"Service":[],"SoftwareApplication":[],"WebPage":[]},"graphName":"","isEnabled":true},"graphs":[],"defaultGraph":"","defaultPostTypeGraph":""},"schema_type":null,"schema_type_options":null,"pillar_content":false,"robots_default":true,"robots_noindex":false,"robots_noarchive":false,"robots_nosnippet":false,"robots_nofollow":false,"robots_noimageindex":false,"robots_noodp":false,"robots_notranslate":false,"robots_max_snippet":null,"robots_max_videopreview":null,"robots_max_imagepreview":"large","priority":null,"frequency":null,"local_seo":null,"seo_analyzer_scan_date":"2025-12-16 02:07:20","breadcrumb_settings":null,"limit_modified_date":false,"open_ai":null,"ai":null,"created":"2021-01-22 23:59:21","updated":"2025-12-16 02:07:20"},"aioseo_breadcrumb":"<div class=\"aioseo-breadcrumbs\"><span class=\"aioseo-breadcrumb\">\n\t<a href=\"https:\/\/www.eldigitaldeasturias.com\/noticias\" title=\"Home\">Home<\/a>\n<\/span><span class=\"aioseo-breadcrumb-separator\">\u2013<\/span><span class=\"aioseo-breadcrumb\">\n\t<a href=\"https:\/\/www.eldigitaldeasturias.com\/noticias\/category\/turismo\/\" title=\"Turismo\">Turismo<\/a>\n<\/span><span class=\"aioseo-breadcrumb-separator\">\u2013<\/span><span class=\"aioseo-breadcrumb\">\n\t<a href=\"https:\/\/www.eldigitaldeasturias.com\/noticias\/centroamerica-destaca-su-estabilidad-para-el-desarrollo-del-turismo\/\" title=\"Centroam\u00e9rica destaca su estabilidad para el desarrollo del turismo\">Centroam\u00e9rica destaca su estabilidad para el desarrollo del turismo<\/a>\n<\/span><\/div>","aioseo_breadcrumb_json":[{"label":"Home","link":"https:\/\/www.eldigitaldeasturias.com\/noticias"},{"label":"Turismo","link":"https:\/\/www.eldigitaldeasturias.com\/noticias\/category\/turismo\/"},{"label":"Centroam\u00e9rica destaca su estabilidad para el desarrollo del turismo","link":"https:\/\/www.eldigitaldeasturias.com\/noticias\/centroamerica-destaca-su-estabilidad-para-el-desarrollo-del-turismo\/"}],"_links":{"self":[{"href":"https:\/\/www.eldigitaldeasturias.com\/noticias\/wp-json\/wp\/v2\/posts\/762904","targetHints":{"allow":["GET"]}}],"collection":[{"href":"https:\/\/www.eldigitaldeasturias.com\/noticias\/wp-json\/wp\/v2\/posts"}],"about":[{"href":"https:\/\/www.eldigitaldeasturias.com\/noticias\/wp-json\/wp\/v2\/types\/post"}],"author":[{"embeddable":true,"href":"https:\/\/www.eldigitaldeasturias.com\/noticias\/wp-json\/wp\/v2\/users\/1"}],"replies":[{"embeddable":true,"href":"https:\/\/www.eldigitaldeasturias.com\/noticias\/wp-json\/wp\/v2\/comments?post=762904"}],"version-history":[{"count":0,"href":"https:\/\/www.eldigitaldeasturias.com\/noticias\/wp-json\/wp\/v2\/posts\/762904\/revisions"}],"wp:attachment":[{"href":"https:\/\/www.eldigitaldeasturias.com\/noticias\/wp-json\/wp\/v2\/media?parent=762904"}],"wp:term":[{"taxonomy":"category","embeddable":true,"href":"https:\/\/www.eldigitaldeasturias.com\/noticias\/wp-json\/wp\/v2\/categories?post=762904"},{"taxonomy":"post_tag","embeddable":true,"href":"https:\/\/www.eldigitaldeasturias.com\/noticias\/wp-json\/wp\/v2\/tags?post=762904"}],"curies":[{"name":"wp","href":"https:\/\/api.w.org\/{rel}","templated":true}]}}