{"id":761550,"date":"2015-01-26T12:42:14","date_gmt":"2015-01-26T11:42:14","guid":{"rendered":"http:\/\/www.eldigitaldeasturias.com\/noticias\/?p=761550"},"modified":"2015-01-28T04:41:52","modified_gmt":"2015-01-28T03:41:52","slug":"fitur-compras-y-salud-una-gran-novedad-en-el-circuito-ferial-internacional","status":"publish","type":"post","link":"https:\/\/www.eldigitaldeasturias.com\/noticias\/fitur-compras-y-salud-una-gran-novedad-en-el-circuito-ferial-internacional\/","title":{"rendered":"Fitur Compras y Salud, una gran novedad en el circuito ferial internacional"},"content":{"rendered":"<p><img loading=\"lazy\" decoding=\"async\" class=\"alignleft size-medium wp-image-761551\" alt=\"10144838w\" src=\"https:\/\/www.eldigitaldeasturias.com\/noticias\/wp-content\/uploads\/2015\/01\/10144838w-360x228.jpg\" width=\"360\" height=\"228\" srcset=\"https:\/\/www.eldigitaldeasturias.com\/noticias\/wp-content\/uploads\/2015\/01\/10144838w-360x228.jpg 360w, https:\/\/www.eldigitaldeasturias.com\/noticias\/wp-content\/uploads\/2015\/01\/10144838w-650x411.jpg 650w, https:\/\/www.eldigitaldeasturias.com\/noticias\/wp-content\/uploads\/2015\/01\/10144838w.jpg 800w\" sizes=\"auto, (max-width: 360px) 100vw, 360px\" \/>Madrid, 26 ene (EFE).- Fitur incorpora en su trig\u00e9simo quinta edici\u00f3n, que se celebra esta semana en Madrid, el turismo de compras y de salud, \u00abuna gran novedad en el circuito internacional de ferias paralelas\u00bb, destac\u00f3 la directora del certamen, Ana Larra\u00f1aga, en una entrevista con EFE.<\/p>\n<p>\u00abSomos los primeros que convocamos aqu\u00ed, en Fitur, en Europa y en el mundo, en el \u00e1mbito ferial, el turismo de compras y de salud. Es una innovaci\u00f3n como segmento y oferta en el circuito internacional de ferias paralelas\u00bb, precis\u00f3 Larra\u00f1aga, que est\u00e1 segura de que pronto se ver\u00e1 c\u00f3mo llega a otros recintos feriales.<\/p>\n<p>As\u00ed sucedi\u00f3 por ejemplo con \u00abEscapadas Fitur\u00bb (la venta directa de viajes al p\u00fablico general) estrenadas en 2013, iniciativa que ese mismo a\u00f1o, un par de meses despu\u00e9s, introduc\u00eda tambi\u00e9n la feria de turismo ITB de Berl\u00edn.<\/p>\n<p>La venta directa, que en sus dos ediciones anteriores \u00abtampoco ha sido una cosa muy llamativa en cuanto a los resultados\u00bb, seg\u00fan Larra\u00f1aga, se mantiene en la presente cita, con la novedad de que todo el mundo que participa en Fitur pueda ponerla en marcha. \u00abEs una cosa libre y depende de cada expositor y del inter\u00e9s del visitante\u00bb, agreg\u00f3.<\/p>\n<p>Con Fitur Salud y Fitur Shopping, que combinar\u00e1n oferta empresarial, encuentros \u00abB2B\u00bb y foros de trabajo profesionales, se quiere dar respuesta a dos sectores con grandes expectativas de desarrollo.<\/p>\n<p>Se prev\u00e9 que el turismo de salud facturar\u00e1 300 millones de euros durante 2015, cantidad que se duplicar\u00e1 hasta los 600 millones en los siguientes cuatro a\u00f1os. Durante la feria, 15 empresas dar\u00e1n a conocer su oferta y se citar\u00e1n con una docena de compradores, concret\u00f3.<\/p>\n<p>El turismo de compras mueve anualmente unos 13.500 millones de euros, y en la nueva secci\u00f3n dedicada a este segmento se ver\u00e1n las propuestas de 24 empresas, que se citar\u00e1n con m\u00e1s de 30 compradores.<\/p>\n<p>Hace a\u00f1os que Fitur apuesta por la innovaci\u00f3n, con secciones como Fitur Know How &amp; Export, que celebra en 2015 su tercera edici\u00f3n, con M\u00e9xico como pa\u00eds invitado y la participaci\u00f3n de casi 40 empresas espa\u00f1olas, o Fiturtech, que reunir\u00e1 en su novena edici\u00f3n a algunas de las principales cadenas hoteleras internacionales.<\/p>\n<p>Fitur, que este a\u00f1o ha crecido un 12 % en el n\u00famero de titulares de pabellones y un 4 % en la superficie expositiva, ha congelado por s\u00e9ptimo a\u00f1o consecutivo los precios de contrataci\u00f3n, manteni\u00e9ndose adem\u00e1s el descuento del 10 % por \u00abpronto pago\u00bb, apunt\u00f3.<\/p>\n<p>Los organizadores esperan superar este a\u00f1o la afluencia registrada en la edici\u00f3n anterior, que cerr\u00f3 con 217.780 visitantes, de los que 120.231 fueron profesionales y 97.549 p\u00fablico general.<\/p>\n<p>La actividad profesional tiene cada vez m\u00e1s peso en Fitur, siguiendo las tendencias del propio sector, para el cual las relaciones p\u00fablicas han dejado de tener el protagonismo que ten\u00edan antes de la crisis, dando paso a las posibilidades de negocio, de expansi\u00f3n, de alianzas o de afianzamiento de la marca, entre otros aspectos.<\/p>\n<p>Fitur ha potenciado sus espacios de encuentros \u00abB2B\u00bb, entre los que destaca el Foro de Inversiones y Negocios Tur\u00edsticos en \u00c1frica, Investour, que vive su sexta edici\u00f3n, y Fitur B2B Workshop Hosted Buyer, en el que se desarrollan citas previamente programadas entre las empresas participantes y una amplia selecci\u00f3n de compradores internacionales invitados.<\/p>\n<p>Al aumento en el volumen de participantes en estos dos espacios, se suman este a\u00f1o las dos nuevas secciones, Fitur Salud y Fitur Shopping, que tienen su \u00abB2B\u00bb propio, por lo que Larra\u00f1aga prev\u00e9 que se superar\u00e1 con creces el n\u00famero de citas entre compradores y vendedores de la anterior edici\u00f3n.<\/p>\n<p>Para Larra\u00f1aga, una feria al final no es m\u00e1s que un reflejo del propio sector, y la industria tur\u00edstica est\u00e1 evolucionando hacia las nuevas tecnolog\u00edas, la especializaci\u00f3n y la sostenibilidad. \u00abSon los tres pilares que la industria tur\u00edstica tiene que gestionar y actualizar y donde debe ser competitiva\u00bb, concluy\u00f3.<\/p>\n","protected":false},"excerpt":{"rendered":"<p>Madrid, 26 ene (EFE).- Fitur incorpora en su trig\u00e9simo quinta edici\u00f3n, que se celebra esta semana en Madrid, el turismo de compras y de salud, \u00abuna gran novedad en el circuito internacional de ferias paralelas\u00bb, destac\u00f3 la directora del certamen, Ana Larra\u00f1aga, en una entrevista con EFE. \u00abSomos los primeros que convocamos aqu\u00ed, en Fitur, [&hellip;]<\/p>\n","protected":false},"author":1,"featured_media":761551,"comment_status":"open","ping_status":"closed","sticky":false,"template":"","format":"standard","meta":{"footnotes":""},"categories":[148],"tags":[],"class_list":["post-761550","post","type-post","status-publish","format-standard","has-post-thumbnail","hentry","category-turismo"],"aioseo_notices":[],"aioseo_head":"\n\t\t<!-- All in One SEO Pro 4.9.6.2 - aioseo.com -->\n\t<meta name=\"description\" content=\"Madrid, 26 ene (EFE).- Fitur incorpora en su trig\u00e9simo quinta edici\u00f3n, que se celebra esta semana en Madrid, el turismo de compras y de salud, &quot;una gran novedad en el circuito internacional de ferias paralelas&quot;, destac\u00f3 la directora del certamen, Ana Larra\u00f1aga, en una entrevista con EFE. &quot;Somos los primeros que convocamos aqu\u00ed, en Fitur,\" \/>\n\t<meta name=\"robots\" content=\"max-image-preview:large\" \/>\n\t<meta name=\"author\" content=\"El Digital de Asturias\"\/>\n\t<meta name=\"google-site-verification\" content=\"UA-38556648-1\" \/>\n\t<meta name=\"msvalidate.01\" content=\"7dfe9f3f1b24437ab69f4f2559babe99\" \/>\n\t<meta name=\"keywords\" content=\"turismo\" \/>\n\t<link rel=\"canonical\" href=\"https:\/\/www.eldigitaldeasturias.com\/noticias\/fitur-compras-y-salud-una-gran-novedad-en-el-circuito-ferial-internacional\/\" \/>\n\t<meta name=\"generator\" content=\"All in One SEO Pro (AIOSEO) 4.9.6.2\" \/>\n\t\t<meta property=\"og:locale\" content=\"es_ES\" \/>\n\t\t<meta property=\"og:site_name\" content=\"El Digital de Asturias\" \/>\n\t\t<meta property=\"og:type\" content=\"article\" \/>\n\t\t<meta property=\"og:title\" content=\"Fitur Compras y Salud, una gran novedad en el circuito ferial internacional - El Digital de Asturias\" \/>\n\t\t<meta property=\"og:description\" content=\"Madrid, 26 ene (EFE).- Fitur incorpora en su trig\u00e9simo quinta edici\u00f3n, que se celebra esta semana en Madrid, el turismo de compras y de salud, &quot;una gran novedad en el circuito internacional de ferias paralelas&quot;, destac\u00f3 la directora del certamen, Ana Larra\u00f1aga, en una entrevista con EFE. &quot;Somos los primeros que convocamos aqu\u00ed, en Fitur,\" \/>\n\t\t<meta property=\"og:url\" content=\"https:\/\/www.eldigitaldeasturias.com\/noticias\/fitur-compras-y-salud-una-gran-novedad-en-el-circuito-ferial-internacional\/\" \/>\n\t\t<meta property=\"og:image\" content=\"https:\/\/www.eldigitaldeasturias.com\/noticias\/wp-content\/uploads\/2015\/01\/10144838w.jpg\" \/>\n\t\t<meta property=\"og:image:secure_url\" content=\"https:\/\/www.eldigitaldeasturias.com\/noticias\/wp-content\/uploads\/2015\/01\/10144838w.jpg\" \/>\n\t\t<meta property=\"og:image:width\" content=\"800\" \/>\n\t\t<meta property=\"og:image:height\" content=\"507\" \/>\n\t\t<meta property=\"article:tag\" content=\"turismo\" \/>\n\t\t<meta property=\"article:published_time\" content=\"2015-01-26T11:42:14+00:00\" \/>\n\t\t<meta property=\"article:modified_time\" content=\"2015-01-28T03:41:52+00:00\" \/>\n\t\t<meta property=\"article:publisher\" content=\"https:\/\/facebook.com\/eldigitaldeasturias\" \/>\n\t\t<meta name=\"twitter:card\" content=\"summary_large_image\" \/>\n\t\t<meta name=\"twitter:title\" content=\"Fitur Compras y Salud, una gran novedad en el circuito ferial internacional - El Digital de Asturias\" \/>\n\t\t<meta name=\"twitter:description\" content=\"Madrid, 26 ene (EFE).- Fitur incorpora en su trig\u00e9simo quinta edici\u00f3n, que se celebra esta semana en Madrid, el turismo de compras y de salud, &quot;una gran novedad en el circuito internacional de ferias paralelas&quot;, destac\u00f3 la directora del certamen, Ana Larra\u00f1aga, en una entrevista con EFE. &quot;Somos los primeros que convocamos aqu\u00ed, en Fitur,\" \/>\n\t\t<meta name=\"twitter:image\" content=\"https:\/\/www.eldigitaldeasturias.com\/noticias\/wp-content\/uploads\/2015\/01\/10144838w.jpg\" \/>\n\t\t<meta name=\"twitter:label1\" content=\"Escrito por\" \/>\n\t\t<meta name=\"twitter:data1\" content=\"El Digital de Asturias\" \/>\n\t\t<meta name=\"twitter:label2\" content=\"Tiempo de lectura estimado\" \/>\n\t\t<meta name=\"twitter:data2\" content=\"3 minutos\" \/>\n\t\t<script type=\"application\/ld+json\" class=\"aioseo-schema\">\n\t\t\t{\"@context\":\"https:\\\/\\\/schema.org\",\"@graph\":[{\"@type\":\"BlogPosting\",\"@id\":\"https:\\\/\\\/www.eldigitaldeasturias.com\\\/noticias\\\/fitur-compras-y-salud-una-gran-novedad-en-el-circuito-ferial-internacional\\\/#blogposting\",\"name\":\"Fitur Compras y Salud, una gran novedad en el circuito ferial internacional - El Digital de Asturias\",\"headline\":\"Fitur Compras y Salud, una gran novedad en el circuito ferial internacional\",\"author\":{\"@id\":\"https:\\\/\\\/www.eldigitaldeasturias.com\\\/noticias\\\/author\\\/admin\\\/#author\"},\"publisher\":{\"@id\":\"https:\\\/\\\/www.eldigitaldeasturias.com\\\/noticias\\\/#organization\"},\"image\":{\"@type\":\"ImageObject\",\"url\":\"https:\\\/\\\/www.eldigitaldeasturias.com\\\/noticias\\\/wp-content\\\/uploads\\\/2015\\\/01\\\/10144838w.jpg\",\"width\":800,\"height\":507},\"datePublished\":\"2015-01-26T12:42:14+01:00\",\"dateModified\":\"2015-01-28T04:41:52+01:00\",\"inLanguage\":\"es-ES\",\"mainEntityOfPage\":{\"@id\":\"https:\\\/\\\/www.eldigitaldeasturias.com\\\/noticias\\\/fitur-compras-y-salud-una-gran-novedad-en-el-circuito-ferial-internacional\\\/#webpage\"},\"isPartOf\":{\"@id\":\"https:\\\/\\\/www.eldigitaldeasturias.com\\\/noticias\\\/fitur-compras-y-salud-una-gran-novedad-en-el-circuito-ferial-internacional\\\/#webpage\"},\"articleSection\":\"Turismo\"},{\"@type\":\"BreadcrumbList\",\"@id\":\"https:\\\/\\\/www.eldigitaldeasturias.com\\\/noticias\\\/fitur-compras-y-salud-una-gran-novedad-en-el-circuito-ferial-internacional\\\/#breadcrumblist\",\"itemListElement\":[{\"@type\":\"ListItem\",\"@id\":\"https:\\\/\\\/www.eldigitaldeasturias.com\\\/noticias#listItem\",\"position\":1,\"name\":\"Home\",\"item\":\"https:\\\/\\\/www.eldigitaldeasturias.com\\\/noticias\",\"nextItem\":{\"@type\":\"ListItem\",\"@id\":\"https:\\\/\\\/www.eldigitaldeasturias.com\\\/noticias\\\/category\\\/turismo\\\/#listItem\",\"name\":\"Turismo\"}},{\"@type\":\"ListItem\",\"@id\":\"https:\\\/\\\/www.eldigitaldeasturias.com\\\/noticias\\\/category\\\/turismo\\\/#listItem\",\"position\":2,\"name\":\"Turismo\",\"item\":\"https:\\\/\\\/www.eldigitaldeasturias.com\\\/noticias\\\/category\\\/turismo\\\/\",\"nextItem\":{\"@type\":\"ListItem\",\"@id\":\"https:\\\/\\\/www.eldigitaldeasturias.com\\\/noticias\\\/fitur-compras-y-salud-una-gran-novedad-en-el-circuito-ferial-internacional\\\/#listItem\",\"name\":\"Fitur Compras y Salud, una gran novedad en el circuito ferial internacional\"},\"previousItem\":{\"@type\":\"ListItem\",\"@id\":\"https:\\\/\\\/www.eldigitaldeasturias.com\\\/noticias#listItem\",\"name\":\"Home\"}},{\"@type\":\"ListItem\",\"@id\":\"https:\\\/\\\/www.eldigitaldeasturias.com\\\/noticias\\\/fitur-compras-y-salud-una-gran-novedad-en-el-circuito-ferial-internacional\\\/#listItem\",\"position\":3,\"name\":\"Fitur Compras y Salud, una gran novedad en el circuito ferial internacional\",\"previousItem\":{\"@type\":\"ListItem\",\"@id\":\"https:\\\/\\\/www.eldigitaldeasturias.com\\\/noticias\\\/category\\\/turismo\\\/#listItem\",\"name\":\"Turismo\"}}]},{\"@type\":\"Organization\",\"@id\":\"https:\\\/\\\/www.eldigitaldeasturias.com\\\/noticias\\\/#organization\",\"name\":\"El Digital de Asturias\",\"description\":\"Hemeroteca\",\"url\":\"https:\\\/\\\/www.eldigitaldeasturias.com\\\/noticias\\\/\",\"email\":\"info@eldigitaldeasturias.com\",\"telephone\":\"+34652131393\",\"logo\":{\"@type\":\"ImageObject\",\"url\":\"https:\\\/\\\/www.eldigitaldeasturias.com\\\/noticias\\\/wp-content\\\/uploads\\\/2020\\\/12\\\/EDA.jpg\",\"@id\":\"https:\\\/\\\/www.eldigitaldeasturias.com\\\/noticias\\\/fitur-compras-y-salud-una-gran-novedad-en-el-circuito-ferial-internacional\\\/#organizationLogo\",\"width\":649,\"height\":297},\"image\":{\"@id\":\"https:\\\/\\\/www.eldigitaldeasturias.com\\\/noticias\\\/fitur-compras-y-salud-una-gran-novedad-en-el-circuito-ferial-internacional\\\/#organizationLogo\"},\"sameAs\":[\"https:\\\/\\\/facebook.com\\\/eldigitaldeasturias\",\"https:\\\/\\\/www.youtube.com\\\/channel\\\/UCZP-2wLEB9Rv6erhFmqVnvg\"],\"address\":{\"@id\":\"https:\\\/\\\/www.eldigitaldeasturias.com\\\/noticias\\\/#postaladdress\",\"@type\":\"PostalAddress\",\"streetAddress\":\"san antonio 4,\",\"postalCode\":\"33430\",\"addressLocality\":\"Cand\\u00e1s\",\"addressRegion\":\"Asturias\",\"addressCountry\":\"ES\"}},{\"@type\":\"Person\",\"@id\":\"https:\\\/\\\/www.eldigitaldeasturias.com\\\/noticias\\\/author\\\/admin\\\/#author\",\"url\":\"https:\\\/\\\/www.eldigitaldeasturias.com\\\/noticias\\\/author\\\/admin\\\/\",\"name\":\"El Digital de Asturias\",\"image\":{\"@type\":\"ImageObject\",\"@id\":\"https:\\\/\\\/www.eldigitaldeasturias.com\\\/noticias\\\/fitur-compras-y-salud-una-gran-novedad-en-el-circuito-ferial-internacional\\\/#authorImage\",\"url\":\"https:\\\/\\\/www.eldigitaldeasturias.com\\\/noticias\\\/wp-content\\\/litespeed\\\/avatar\\\/18677e78aa0546b92d9dbf31ec7d7668.jpg?ver=1777290358\",\"width\":96,\"height\":96,\"caption\":\"El Digital de Asturias\"}},{\"@type\":\"WebPage\",\"@id\":\"https:\\\/\\\/www.eldigitaldeasturias.com\\\/noticias\\\/fitur-compras-y-salud-una-gran-novedad-en-el-circuito-ferial-internacional\\\/#webpage\",\"url\":\"https:\\\/\\\/www.eldigitaldeasturias.com\\\/noticias\\\/fitur-compras-y-salud-una-gran-novedad-en-el-circuito-ferial-internacional\\\/\",\"name\":\"Fitur Compras y Salud, una gran novedad en el circuito ferial internacional - El Digital de Asturias\",\"description\":\"Madrid, 26 ene (EFE).- Fitur incorpora en su trig\\u00e9simo quinta edici\\u00f3n, que se celebra esta semana en Madrid, el turismo de compras y de salud, \\\"una gran novedad en el circuito internacional de ferias paralelas\\\", destac\\u00f3 la directora del certamen, Ana Larra\\u00f1aga, en una entrevista con EFE. \\\"Somos los primeros que convocamos aqu\\u00ed, en Fitur,\",\"inLanguage\":\"es-ES\",\"isPartOf\":{\"@id\":\"https:\\\/\\\/www.eldigitaldeasturias.com\\\/noticias\\\/#website\"},\"breadcrumb\":{\"@id\":\"https:\\\/\\\/www.eldigitaldeasturias.com\\\/noticias\\\/fitur-compras-y-salud-una-gran-novedad-en-el-circuito-ferial-internacional\\\/#breadcrumblist\"},\"author\":{\"@id\":\"https:\\\/\\\/www.eldigitaldeasturias.com\\\/noticias\\\/author\\\/admin\\\/#author\"},\"creator\":{\"@id\":\"https:\\\/\\\/www.eldigitaldeasturias.com\\\/noticias\\\/author\\\/admin\\\/#author\"},\"image\":{\"@type\":\"ImageObject\",\"url\":\"https:\\\/\\\/www.eldigitaldeasturias.com\\\/noticias\\\/wp-content\\\/uploads\\\/2015\\\/01\\\/10144838w.jpg\",\"@id\":\"https:\\\/\\\/www.eldigitaldeasturias.com\\\/noticias\\\/fitur-compras-y-salud-una-gran-novedad-en-el-circuito-ferial-internacional\\\/#mainImage\",\"width\":800,\"height\":507},\"primaryImageOfPage\":{\"@id\":\"https:\\\/\\\/www.eldigitaldeasturias.com\\\/noticias\\\/fitur-compras-y-salud-una-gran-novedad-en-el-circuito-ferial-internacional\\\/#mainImage\"},\"datePublished\":\"2015-01-26T12:42:14+01:00\",\"dateModified\":\"2015-01-28T04:41:52+01:00\"},{\"@type\":\"WebSite\",\"@id\":\"https:\\\/\\\/www.eldigitaldeasturias.com\\\/noticias\\\/#website\",\"url\":\"https:\\\/\\\/www.eldigitaldeasturias.com\\\/noticias\\\/\",\"name\":\"El Digital de Asturias - Diario de actualidad y noticias\",\"alternateName\":\"El Digital de Asturias - Diario de actualidad y noticias\",\"description\":\"Hemeroteca\",\"inLanguage\":\"es-ES\",\"publisher\":{\"@id\":\"https:\\\/\\\/www.eldigitaldeasturias.com\\\/noticias\\\/#organization\"}}]}\n\t\t<\/script>\n\t\t<!-- All in One SEO Pro -->\r\n\t\t<title>Fitur Compras y Salud, una gran novedad en el circuito ferial internacional - El Digital de Asturias<\/title>\n\n","aioseo_head_json":{"title":"Fitur Compras y Salud, una gran novedad en el circuito ferial internacional - El Digital de Asturias","description":"Madrid, 26 ene (EFE).- Fitur incorpora en su trig\u00e9simo quinta edici\u00f3n, que se celebra esta semana en Madrid, el turismo de compras y de salud, \"una gran novedad en el circuito internacional de ferias paralelas\", destac\u00f3 la directora del certamen, Ana Larra\u00f1aga, en una entrevista con EFE. \"Somos los primeros que convocamos aqu\u00ed, en Fitur,","canonical_url":"https:\/\/www.eldigitaldeasturias.com\/noticias\/fitur-compras-y-salud-una-gran-novedad-en-el-circuito-ferial-internacional\/","robots":"max-image-preview:large","keywords":"turismo","webmasterTools":{"google-site-verification":"UA-38556648-1","msvalidate.01":"7dfe9f3f1b24437ab69f4f2559babe99","miscellaneous":""},"schema":{"@context":"https:\/\/schema.org","@graph":[{"@type":"BlogPosting","@id":"https:\/\/www.eldigitaldeasturias.com\/noticias\/fitur-compras-y-salud-una-gran-novedad-en-el-circuito-ferial-internacional\/#blogposting","name":"Fitur Compras y Salud, una gran novedad en el circuito ferial internacional - El Digital de Asturias","headline":"Fitur Compras y Salud, una gran novedad en el circuito ferial internacional","author":{"@id":"https:\/\/www.eldigitaldeasturias.com\/noticias\/author\/admin\/#author"},"publisher":{"@id":"https:\/\/www.eldigitaldeasturias.com\/noticias\/#organization"},"image":{"@type":"ImageObject","url":"https:\/\/www.eldigitaldeasturias.com\/noticias\/wp-content\/uploads\/2015\/01\/10144838w.jpg","width":800,"height":507},"datePublished":"2015-01-26T12:42:14+01:00","dateModified":"2015-01-28T04:41:52+01:00","inLanguage":"es-ES","mainEntityOfPage":{"@id":"https:\/\/www.eldigitaldeasturias.com\/noticias\/fitur-compras-y-salud-una-gran-novedad-en-el-circuito-ferial-internacional\/#webpage"},"isPartOf":{"@id":"https:\/\/www.eldigitaldeasturias.com\/noticias\/fitur-compras-y-salud-una-gran-novedad-en-el-circuito-ferial-internacional\/#webpage"},"articleSection":"Turismo"},{"@type":"BreadcrumbList","@id":"https:\/\/www.eldigitaldeasturias.com\/noticias\/fitur-compras-y-salud-una-gran-novedad-en-el-circuito-ferial-internacional\/#breadcrumblist","itemListElement":[{"@type":"ListItem","@id":"https:\/\/www.eldigitaldeasturias.com\/noticias#listItem","position":1,"name":"Home","item":"https:\/\/www.eldigitaldeasturias.com\/noticias","nextItem":{"@type":"ListItem","@id":"https:\/\/www.eldigitaldeasturias.com\/noticias\/category\/turismo\/#listItem","name":"Turismo"}},{"@type":"ListItem","@id":"https:\/\/www.eldigitaldeasturias.com\/noticias\/category\/turismo\/#listItem","position":2,"name":"Turismo","item":"https:\/\/www.eldigitaldeasturias.com\/noticias\/category\/turismo\/","nextItem":{"@type":"ListItem","@id":"https:\/\/www.eldigitaldeasturias.com\/noticias\/fitur-compras-y-salud-una-gran-novedad-en-el-circuito-ferial-internacional\/#listItem","name":"Fitur Compras y Salud, una gran novedad en el circuito ferial internacional"},"previousItem":{"@type":"ListItem","@id":"https:\/\/www.eldigitaldeasturias.com\/noticias#listItem","name":"Home"}},{"@type":"ListItem","@id":"https:\/\/www.eldigitaldeasturias.com\/noticias\/fitur-compras-y-salud-una-gran-novedad-en-el-circuito-ferial-internacional\/#listItem","position":3,"name":"Fitur Compras y Salud, una gran novedad en el circuito ferial internacional","previousItem":{"@type":"ListItem","@id":"https:\/\/www.eldigitaldeasturias.com\/noticias\/category\/turismo\/#listItem","name":"Turismo"}}]},{"@type":"Organization","@id":"https:\/\/www.eldigitaldeasturias.com\/noticias\/#organization","name":"El Digital de Asturias","description":"Hemeroteca","url":"https:\/\/www.eldigitaldeasturias.com\/noticias\/","email":"info@eldigitaldeasturias.com","telephone":"+34652131393","logo":{"@type":"ImageObject","url":"https:\/\/www.eldigitaldeasturias.com\/noticias\/wp-content\/uploads\/2020\/12\/EDA.jpg","@id":"https:\/\/www.eldigitaldeasturias.com\/noticias\/fitur-compras-y-salud-una-gran-novedad-en-el-circuito-ferial-internacional\/#organizationLogo","width":649,"height":297},"image":{"@id":"https:\/\/www.eldigitaldeasturias.com\/noticias\/fitur-compras-y-salud-una-gran-novedad-en-el-circuito-ferial-internacional\/#organizationLogo"},"sameAs":["https:\/\/facebook.com\/eldigitaldeasturias","https:\/\/www.youtube.com\/channel\/UCZP-2wLEB9Rv6erhFmqVnvg"],"address":{"@id":"https:\/\/www.eldigitaldeasturias.com\/noticias\/#postaladdress","@type":"PostalAddress","streetAddress":"san antonio 4,","postalCode":"33430","addressLocality":"Cand\u00e1s","addressRegion":"Asturias","addressCountry":"ES"}},{"@type":"Person","@id":"https:\/\/www.eldigitaldeasturias.com\/noticias\/author\/admin\/#author","url":"https:\/\/www.eldigitaldeasturias.com\/noticias\/author\/admin\/","name":"El Digital de Asturias","image":{"@type":"ImageObject","@id":"https:\/\/www.eldigitaldeasturias.com\/noticias\/fitur-compras-y-salud-una-gran-novedad-en-el-circuito-ferial-internacional\/#authorImage","url":"https:\/\/www.eldigitaldeasturias.com\/noticias\/wp-content\/litespeed\/avatar\/18677e78aa0546b92d9dbf31ec7d7668.jpg?ver=1777290358","width":96,"height":96,"caption":"El Digital de Asturias"}},{"@type":"WebPage","@id":"https:\/\/www.eldigitaldeasturias.com\/noticias\/fitur-compras-y-salud-una-gran-novedad-en-el-circuito-ferial-internacional\/#webpage","url":"https:\/\/www.eldigitaldeasturias.com\/noticias\/fitur-compras-y-salud-una-gran-novedad-en-el-circuito-ferial-internacional\/","name":"Fitur Compras y Salud, una gran novedad en el circuito ferial internacional - El Digital de Asturias","description":"Madrid, 26 ene (EFE).- Fitur incorpora en su trig\u00e9simo quinta edici\u00f3n, que se celebra esta semana en Madrid, el turismo de compras y de salud, \"una gran novedad en el circuito internacional de ferias paralelas\", destac\u00f3 la directora del certamen, Ana Larra\u00f1aga, en una entrevista con EFE. \"Somos los primeros que convocamos aqu\u00ed, en Fitur,","inLanguage":"es-ES","isPartOf":{"@id":"https:\/\/www.eldigitaldeasturias.com\/noticias\/#website"},"breadcrumb":{"@id":"https:\/\/www.eldigitaldeasturias.com\/noticias\/fitur-compras-y-salud-una-gran-novedad-en-el-circuito-ferial-internacional\/#breadcrumblist"},"author":{"@id":"https:\/\/www.eldigitaldeasturias.com\/noticias\/author\/admin\/#author"},"creator":{"@id":"https:\/\/www.eldigitaldeasturias.com\/noticias\/author\/admin\/#author"},"image":{"@type":"ImageObject","url":"https:\/\/www.eldigitaldeasturias.com\/noticias\/wp-content\/uploads\/2015\/01\/10144838w.jpg","@id":"https:\/\/www.eldigitaldeasturias.com\/noticias\/fitur-compras-y-salud-una-gran-novedad-en-el-circuito-ferial-internacional\/#mainImage","width":800,"height":507},"primaryImageOfPage":{"@id":"https:\/\/www.eldigitaldeasturias.com\/noticias\/fitur-compras-y-salud-una-gran-novedad-en-el-circuito-ferial-internacional\/#mainImage"},"datePublished":"2015-01-26T12:42:14+01:00","dateModified":"2015-01-28T04:41:52+01:00"},{"@type":"WebSite","@id":"https:\/\/www.eldigitaldeasturias.com\/noticias\/#website","url":"https:\/\/www.eldigitaldeasturias.com\/noticias\/","name":"El Digital de Asturias - Diario de actualidad y noticias","alternateName":"El Digital de Asturias - Diario de actualidad y noticias","description":"Hemeroteca","inLanguage":"es-ES","publisher":{"@id":"https:\/\/www.eldigitaldeasturias.com\/noticias\/#organization"}}]},"og:locale":"es_ES","og:site_name":"El Digital de Asturias","og:type":"article","og:title":"Fitur Compras y Salud, una gran novedad en el circuito ferial internacional - El Digital de Asturias","og:description":"Madrid, 26 ene (EFE).- Fitur incorpora en su trig\u00e9simo quinta edici\u00f3n, que se celebra esta semana en Madrid, el turismo de compras y de salud, &quot;una gran novedad en el circuito internacional de ferias paralelas&quot;, destac\u00f3 la directora del certamen, Ana Larra\u00f1aga, en una entrevista con EFE. &quot;Somos los primeros que convocamos aqu\u00ed, en Fitur,","og:url":"https:\/\/www.eldigitaldeasturias.com\/noticias\/fitur-compras-y-salud-una-gran-novedad-en-el-circuito-ferial-internacional\/","og:image":"https:\/\/www.eldigitaldeasturias.com\/noticias\/wp-content\/uploads\/2015\/01\/10144838w.jpg","og:image:secure_url":"https:\/\/www.eldigitaldeasturias.com\/noticias\/wp-content\/uploads\/2015\/01\/10144838w.jpg","og:image:width":800,"og:image:height":507,"article:tag":["turismo"],"article:published_time":"2015-01-26T11:42:14+00:00","article:modified_time":"2015-01-28T03:41:52+00:00","article:publisher":"https:\/\/facebook.com\/eldigitaldeasturias","twitter:card":"summary_large_image","twitter:title":"Fitur Compras y Salud, una gran novedad en el circuito ferial internacional - El Digital de Asturias","twitter:description":"Madrid, 26 ene (EFE).- Fitur incorpora en su trig\u00e9simo quinta edici\u00f3n, que se celebra esta semana en Madrid, el turismo de compras y de salud, &quot;una gran novedad en el circuito internacional de ferias paralelas&quot;, destac\u00f3 la directora del certamen, Ana Larra\u00f1aga, en una entrevista con EFE. &quot;Somos los primeros que convocamos aqu\u00ed, en Fitur,","twitter:image":"https:\/\/www.eldigitaldeasturias.com\/noticias\/wp-content\/uploads\/2015\/01\/10144838w.jpg","twitter:label1":"Escrito por","twitter:data1":"El Digital de Asturias","twitter:label2":"Tiempo de lectura estimado","twitter:data2":"3 minutos"},"aioseo_meta_data":{"post_id":"761550","title":null,"description":null,"keywords":null,"keyphrases":null,"primary_term":null,"canonical_url":null,"og_title":null,"og_description":null,"og_object_type":"default","og_image_type":"default","og_image_url":null,"og_image_width":null,"og_image_height":null,"og_image_custom_url":null,"og_image_custom_fields":null,"og_video":null,"og_custom_url":null,"og_article_section":null,"og_article_tags":null,"twitter_use_og":false,"twitter_card":"default","twitter_image_type":"default","twitter_image_url":null,"twitter_image_custom_url":null,"twitter_image_custom_fields":null,"twitter_title":null,"twitter_description":null,"schema":{"blockGraphs":[],"customGraphs":[],"default":{"data":{"Article":[],"Course":[],"Dataset":[],"FAQPage":[],"Movie":[],"Person":[],"Product":[],"ProductReview":[],"Car":[],"Recipe":[],"Service":[],"SoftwareApplication":[],"WebPage":[]},"graphName":"","isEnabled":true},"graphs":[],"defaultGraph":"","defaultPostTypeGraph":""},"schema_type":null,"schema_type_options":null,"pillar_content":false,"robots_default":true,"robots_noindex":false,"robots_noarchive":false,"robots_nosnippet":false,"robots_nofollow":false,"robots_noimageindex":false,"robots_noodp":false,"robots_notranslate":false,"robots_max_snippet":null,"robots_max_videopreview":null,"robots_max_imagepreview":"large","priority":null,"frequency":null,"local_seo":null,"seo_analyzer_scan_date":"2025-12-15 20:21:10","breadcrumb_settings":null,"limit_modified_date":false,"open_ai":null,"ai":null,"created":"2021-01-23 03:53:13","updated":"2025-12-15 20:21:10"},"aioseo_breadcrumb":"<div class=\"aioseo-breadcrumbs\"><span class=\"aioseo-breadcrumb\">\n\t<a href=\"https:\/\/www.eldigitaldeasturias.com\/noticias\" title=\"Home\">Home<\/a>\n<\/span><span class=\"aioseo-breadcrumb-separator\">\u2013<\/span><span class=\"aioseo-breadcrumb\">\n\t<a href=\"https:\/\/www.eldigitaldeasturias.com\/noticias\/category\/turismo\/\" title=\"Turismo\">Turismo<\/a>\n<\/span><span class=\"aioseo-breadcrumb-separator\">\u2013<\/span><span class=\"aioseo-breadcrumb\">\n\t<a href=\"https:\/\/www.eldigitaldeasturias.com\/noticias\/fitur-compras-y-salud-una-gran-novedad-en-el-circuito-ferial-internacional\/\" title=\"Fitur Compras y Salud, una gran novedad en el circuito ferial internacional\">Fitur Compras y Salud, una gran novedad en el circuito ferial internacional<\/a>\n<\/span><\/div>","aioseo_breadcrumb_json":[{"label":"Home","link":"https:\/\/www.eldigitaldeasturias.com\/noticias"},{"label":"Turismo","link":"https:\/\/www.eldigitaldeasturias.com\/noticias\/category\/turismo\/"},{"label":"Fitur Compras y Salud, una gran novedad en el circuito ferial internacional","link":"https:\/\/www.eldigitaldeasturias.com\/noticias\/fitur-compras-y-salud-una-gran-novedad-en-el-circuito-ferial-internacional\/"}],"_links":{"self":[{"href":"https:\/\/www.eldigitaldeasturias.com\/noticias\/wp-json\/wp\/v2\/posts\/761550","targetHints":{"allow":["GET"]}}],"collection":[{"href":"https:\/\/www.eldigitaldeasturias.com\/noticias\/wp-json\/wp\/v2\/posts"}],"about":[{"href":"https:\/\/www.eldigitaldeasturias.com\/noticias\/wp-json\/wp\/v2\/types\/post"}],"author":[{"embeddable":true,"href":"https:\/\/www.eldigitaldeasturias.com\/noticias\/wp-json\/wp\/v2\/users\/1"}],"replies":[{"embeddable":true,"href":"https:\/\/www.eldigitaldeasturias.com\/noticias\/wp-json\/wp\/v2\/comments?post=761550"}],"version-history":[{"count":0,"href":"https:\/\/www.eldigitaldeasturias.com\/noticias\/wp-json\/wp\/v2\/posts\/761550\/revisions"}],"wp:featuredmedia":[{"embeddable":true,"href":"https:\/\/www.eldigitaldeasturias.com\/noticias\/wp-json\/wp\/v2\/media\/761551"}],"wp:attachment":[{"href":"https:\/\/www.eldigitaldeasturias.com\/noticias\/wp-json\/wp\/v2\/media?parent=761550"}],"wp:term":[{"taxonomy":"category","embeddable":true,"href":"https:\/\/www.eldigitaldeasturias.com\/noticias\/wp-json\/wp\/v2\/categories?post=761550"},{"taxonomy":"post_tag","embeddable":true,"href":"https:\/\/www.eldigitaldeasturias.com\/noticias\/wp-json\/wp\/v2\/tags?post=761550"}],"curies":[{"name":"wp","href":"https:\/\/api.w.org\/{rel}","templated":true}]}}