{"id":760631,"date":"2015-01-25T17:22:35","date_gmt":"2015-01-25T16:22:35","guid":{"rendered":"http:\/\/www.eldigitaldeasturias.com\/noticias\/?p=760631"},"modified":"2015-01-25T17:22:35","modified_gmt":"2015-01-25T16:22:35","slug":"baleares-acude-fitur-consolidar-su-mercado-nacional","status":"publish","type":"post","link":"https:\/\/www.eldigitaldeasturias.com\/noticias\/baleares-acude-fitur-consolidar-su-mercado-nacional\/","title":{"rendered":"Baleares acude a Fitur a consolidar su mercado nacional"},"content":{"rendered":"<p><img loading=\"lazy\" decoding=\"async\" class=\"alignleft size-medium wp-image-659527\" alt=\"turismo\" src=\"https:\/\/www.eldigitaldeasturias.com\/noticias\/wp-content\/uploads\/2014\/10\/6835268w-360x267.jpg\" width=\"360\" height=\"267\" \/>Palma, 25 ene (EFE).- El Govern acudir\u00e1 a promocionar las Islas Baleares como destino a la feria tur\u00edstica Fitur, que se celebra en Madrid del 28 de enero al 1 de febrero, con el objetivo de consolidar el mercado nacional, el tercero en importancia para el archipi\u00e9lago, que aument\u00f3 un 11 % en 2014 con 2.212.040 turistas.<\/p>\n<p>Las nuevas tecnolog\u00edas, mediante el Escaparate Tur\u00edstico Inteligente (TIE), la gastronom\u00eda, la cultura y el deporte son algunas de las propuestas que se ofrecer\u00e1n en el expositor balear en Fitur, que este a\u00f1o cuenta con un espacio de 560,5 metros cuadrados.<\/p>\n<p>En el centro del stand se instalar\u00e1n dos grandes pantallas de v\u00eddeo: una con im\u00e1genes promocionales de las islas y el otra donde se podr\u00e1 visionar en tiempo real todo lo que acontece en el Centro de Control de Datos que habr\u00e1 en el expositor.<\/p>\n<p>Esta herramienta permitir\u00e1 conocer todo lo que pasa en la feria, qu\u00e9 dicen los seguidores en las redes sociales e incluso qu\u00e9 consultan los usuarios en los distintos dispositivos tecnol\u00f3gicos que estar\u00e1n ubicados en el expositor balear.<\/p>\n<p>En un lateral del stand se instalar\u00e1n cuatro pantallas curvas de 55 pulgadas en las que se proyectar\u00e1 el anuncio de la aplicaci\u00f3n Anfitri\u00f3n \u00abUn d\u00eda en Baleares\u00bb. Bajo estas pantallas el usuario debe disponer de dispositivos m\u00f3viles y tabletas, en sus versiones para IOS y Android, desde las que probar la aplicaci\u00f3n.<\/p>\n<p>En cuanto a los espacios destinados a las islas, Mallorca, Menorca, Ibiza y Formentera contar\u00e1n con \u00e1reas propias dentro del expositor, que se articular\u00e1 en torno a dos mostradores y una pantalla t\u00e1ctil y como novedad, un espacio con sof\u00e1 y una \u00absmart TV\u00bb desde la que el visitante podr\u00e1 consultar la nueva web tur\u00edstica de Baleares y planificar su propio viaje a las islas.<\/p>\n<p>Junto a las cuatro islas, tambi\u00e9n habr\u00e1 un espacio destinado a los coexpositores que las acompa\u00f1an y que en esta edici\u00f3n son los ayuntamientos de Alc\u00fadia, Manacor, Felanitx, Calvi\u00e0, Pollen\u00e7a y Palma y empresas tur\u00edsticas de las islas como Marina Hoteles, Grupo Valparaiso Palace &amp; Spa Hotel, Garden Hoteles, Viajes Urbis y MOP Solutions.<\/p>\n<p>La gastronom\u00eda ser\u00e1 otro de los ejes centrales de la presencia balear en Fitur, con degustaciones programadas para el mi\u00e9rcoles 28 y el jueves 29 de enero.<\/p>\n<p>La primera la llevar\u00e1n a cabo un profesor y dos alumnos de la Escuela de Hosteler\u00eda de las Islas Baleares, en la que se servir\u00e1n diferentes tapas.<\/p>\n<p>Al d\u00eda siguiente, en la degustaci\u00f3n gastron\u00f3mica participar\u00e1n la ganadora de la pasada edici\u00f3n del concurso \u00abMasterchef\u00bb, la mallorquina Vicky Pulgar\u00edn, y el tercer clasificado de la primera edici\u00f3n de este programa, el tambi\u00e9n mallorqu\u00edn Fabi\u00e1n Le\u00f3n.<\/p>\n<p>Adem\u00e1s de numerosos encuentros profesionales, est\u00e1 previsto que en la presente edici\u00f3n de Fitur, entre otros actos, tenga lugar la entrega de la certificaci\u00f3n ISO 9001 a la Agencia de Turismo de Baleares (ATB), la firma de un acuerdo de colaboraci\u00f3n con la OMT, la presentaci\u00f3n del \u00abA\u00f1o del Archiduque\u00bb (Luis Salvador), la entrega de distintivos de la Q de Calidad en diferentes municipios de Baleares y los diplomas a los nuevos destinos SICTED.<\/p>\n","protected":false},"excerpt":{"rendered":"<p>Palma, 25 ene (EFE).- El Govern acudir\u00e1 a promocionar las Islas Baleares como destino a la feria tur\u00edstica Fitur, que se celebra en Madrid del 28 de enero al 1 de febrero, con el objetivo de consolidar el mercado nacional, el tercero en importancia para el archipi\u00e9lago, que aument\u00f3 un 11 % en 2014 con [&hellip;]<\/p>\n","protected":false},"author":1,"featured_media":659527,"comment_status":"open","ping_status":"closed","sticky":false,"template":"","format":"standard","meta":{"footnotes":""},"categories":[148],"tags":[],"class_list":["post-760631","post","type-post","status-publish","format-standard","has-post-thumbnail","hentry","category-turismo"],"aioseo_notices":[],"aioseo_head":"\n\t\t<!-- All in One SEO Pro 4.9.6.2 - aioseo.com -->\n\t<meta name=\"description\" content=\"Palma, 25 ene (EFE).- El Govern acudir\u00e1 a promocionar las Islas Baleares como destino a la feria tur\u00edstica Fitur, que se celebra en Madrid del 28 de enero al 1 de febrero, con el objetivo de consolidar el mercado nacional, el tercero en importancia para el archipi\u00e9lago, que aument\u00f3 un 11 % en 2014 con\" \/>\n\t<meta name=\"robots\" content=\"max-image-preview:large\" \/>\n\t<meta name=\"author\" content=\"El Digital de Asturias\"\/>\n\t<meta name=\"google-site-verification\" content=\"UA-38556648-1\" \/>\n\t<meta name=\"msvalidate.01\" content=\"7dfe9f3f1b24437ab69f4f2559babe99\" \/>\n\t<meta name=\"keywords\" content=\"turismo\" \/>\n\t<link rel=\"canonical\" href=\"https:\/\/www.eldigitaldeasturias.com\/noticias\/baleares-acude-fitur-consolidar-su-mercado-nacional\/\" \/>\n\t<meta name=\"generator\" content=\"All in One SEO Pro (AIOSEO) 4.9.6.2\" \/>\n\t\t<meta property=\"og:locale\" content=\"es_ES\" \/>\n\t\t<meta property=\"og:site_name\" content=\"El Digital de Asturias\" \/>\n\t\t<meta property=\"og:type\" content=\"article\" \/>\n\t\t<meta property=\"og:title\" content=\"Baleares acude a Fitur a consolidar su mercado nacional - El Digital de Asturias\" \/>\n\t\t<meta property=\"og:description\" content=\"Palma, 25 ene (EFE).- El Govern acudir\u00e1 a promocionar las Islas Baleares como destino a la feria tur\u00edstica Fitur, que se celebra en Madrid del 28 de enero al 1 de febrero, con el objetivo de consolidar el mercado nacional, el tercero en importancia para el archipi\u00e9lago, que aument\u00f3 un 11 % en 2014 con\" \/>\n\t\t<meta property=\"og:url\" content=\"https:\/\/www.eldigitaldeasturias.com\/noticias\/baleares-acude-fitur-consolidar-su-mercado-nacional\/\" \/>\n\t\t<meta property=\"og:image\" content=\"https:\/\/www.eldigitaldeasturias.com\/noticias\/wp-content\/uploads\/2014\/10\/6835268w.jpg\" \/>\n\t\t<meta property=\"og:image:secure_url\" content=\"https:\/\/www.eldigitaldeasturias.com\/noticias\/wp-content\/uploads\/2014\/10\/6835268w.jpg\" \/>\n\t\t<meta property=\"og:image:width\" content=\"800\" \/>\n\t\t<meta property=\"og:image:height\" content=\"595\" \/>\n\t\t<meta property=\"article:tag\" content=\"turismo\" \/>\n\t\t<meta property=\"article:published_time\" content=\"2015-01-25T16:22:35+00:00\" \/>\n\t\t<meta property=\"article:modified_time\" content=\"2015-01-25T16:22:35+00:00\" \/>\n\t\t<meta property=\"article:publisher\" content=\"https:\/\/facebook.com\/eldigitaldeasturias\" \/>\n\t\t<meta name=\"twitter:card\" content=\"summary_large_image\" \/>\n\t\t<meta name=\"twitter:title\" content=\"Baleares acude a Fitur a consolidar su mercado nacional - El Digital de Asturias\" \/>\n\t\t<meta name=\"twitter:description\" content=\"Palma, 25 ene (EFE).- El Govern acudir\u00e1 a promocionar las Islas Baleares como destino a la feria tur\u00edstica Fitur, que se celebra en Madrid del 28 de enero al 1 de febrero, con el objetivo de consolidar el mercado nacional, el tercero en importancia para el archipi\u00e9lago, que aument\u00f3 un 11 % en 2014 con\" \/>\n\t\t<meta name=\"twitter:image\" content=\"https:\/\/www.eldigitaldeasturias.com\/noticias\/wp-content\/uploads\/2014\/10\/6835268w.jpg\" \/>\n\t\t<meta name=\"twitter:label1\" content=\"Escrito por\" \/>\n\t\t<meta name=\"twitter:data1\" content=\"El Digital de Asturias\" \/>\n\t\t<meta name=\"twitter:label2\" content=\"Tiempo de lectura estimado\" \/>\n\t\t<meta name=\"twitter:data2\" content=\"3 minutos\" \/>\n\t\t<script type=\"application\/ld+json\" class=\"aioseo-schema\">\n\t\t\t{\"@context\":\"https:\\\/\\\/schema.org\",\"@graph\":[{\"@type\":\"BlogPosting\",\"@id\":\"https:\\\/\\\/www.eldigitaldeasturias.com\\\/noticias\\\/baleares-acude-fitur-consolidar-su-mercado-nacional\\\/#blogposting\",\"name\":\"Baleares acude a Fitur a consolidar su mercado nacional - El Digital de Asturias\",\"headline\":\"Baleares acude a Fitur a consolidar su mercado nacional\",\"author\":{\"@id\":\"https:\\\/\\\/www.eldigitaldeasturias.com\\\/noticias\\\/author\\\/admin\\\/#author\"},\"publisher\":{\"@id\":\"https:\\\/\\\/www.eldigitaldeasturias.com\\\/noticias\\\/#organization\"},\"image\":{\"@type\":\"ImageObject\",\"url\":\"https:\\\/\\\/www.eldigitaldeasturias.com\\\/noticias\\\/wp-content\\\/uploads\\\/2014\\\/10\\\/6835268w.jpg\",\"width\":800,\"height\":595},\"datePublished\":\"2015-01-25T17:22:35+01:00\",\"dateModified\":\"2015-01-25T17:22:35+01:00\",\"inLanguage\":\"es-ES\",\"mainEntityOfPage\":{\"@id\":\"https:\\\/\\\/www.eldigitaldeasturias.com\\\/noticias\\\/baleares-acude-fitur-consolidar-su-mercado-nacional\\\/#webpage\"},\"isPartOf\":{\"@id\":\"https:\\\/\\\/www.eldigitaldeasturias.com\\\/noticias\\\/baleares-acude-fitur-consolidar-su-mercado-nacional\\\/#webpage\"},\"articleSection\":\"Turismo\"},{\"@type\":\"BreadcrumbList\",\"@id\":\"https:\\\/\\\/www.eldigitaldeasturias.com\\\/noticias\\\/baleares-acude-fitur-consolidar-su-mercado-nacional\\\/#breadcrumblist\",\"itemListElement\":[{\"@type\":\"ListItem\",\"@id\":\"https:\\\/\\\/www.eldigitaldeasturias.com\\\/noticias#listItem\",\"position\":1,\"name\":\"Home\",\"item\":\"https:\\\/\\\/www.eldigitaldeasturias.com\\\/noticias\",\"nextItem\":{\"@type\":\"ListItem\",\"@id\":\"https:\\\/\\\/www.eldigitaldeasturias.com\\\/noticias\\\/category\\\/turismo\\\/#listItem\",\"name\":\"Turismo\"}},{\"@type\":\"ListItem\",\"@id\":\"https:\\\/\\\/www.eldigitaldeasturias.com\\\/noticias\\\/category\\\/turismo\\\/#listItem\",\"position\":2,\"name\":\"Turismo\",\"item\":\"https:\\\/\\\/www.eldigitaldeasturias.com\\\/noticias\\\/category\\\/turismo\\\/\",\"nextItem\":{\"@type\":\"ListItem\",\"@id\":\"https:\\\/\\\/www.eldigitaldeasturias.com\\\/noticias\\\/baleares-acude-fitur-consolidar-su-mercado-nacional\\\/#listItem\",\"name\":\"Baleares acude a Fitur a consolidar su mercado nacional\"},\"previousItem\":{\"@type\":\"ListItem\",\"@id\":\"https:\\\/\\\/www.eldigitaldeasturias.com\\\/noticias#listItem\",\"name\":\"Home\"}},{\"@type\":\"ListItem\",\"@id\":\"https:\\\/\\\/www.eldigitaldeasturias.com\\\/noticias\\\/baleares-acude-fitur-consolidar-su-mercado-nacional\\\/#listItem\",\"position\":3,\"name\":\"Baleares acude a Fitur a consolidar su mercado nacional\",\"previousItem\":{\"@type\":\"ListItem\",\"@id\":\"https:\\\/\\\/www.eldigitaldeasturias.com\\\/noticias\\\/category\\\/turismo\\\/#listItem\",\"name\":\"Turismo\"}}]},{\"@type\":\"Organization\",\"@id\":\"https:\\\/\\\/www.eldigitaldeasturias.com\\\/noticias\\\/#organization\",\"name\":\"El Digital de Asturias\",\"description\":\"Hemeroteca\",\"url\":\"https:\\\/\\\/www.eldigitaldeasturias.com\\\/noticias\\\/\",\"email\":\"info@eldigitaldeasturias.com\",\"telephone\":\"+34652131393\",\"logo\":{\"@type\":\"ImageObject\",\"url\":\"https:\\\/\\\/www.eldigitaldeasturias.com\\\/noticias\\\/wp-content\\\/uploads\\\/2020\\\/12\\\/EDA.jpg\",\"@id\":\"https:\\\/\\\/www.eldigitaldeasturias.com\\\/noticias\\\/baleares-acude-fitur-consolidar-su-mercado-nacional\\\/#organizationLogo\",\"width\":649,\"height\":297},\"image\":{\"@id\":\"https:\\\/\\\/www.eldigitaldeasturias.com\\\/noticias\\\/baleares-acude-fitur-consolidar-su-mercado-nacional\\\/#organizationLogo\"},\"sameAs\":[\"https:\\\/\\\/facebook.com\\\/eldigitaldeasturias\",\"https:\\\/\\\/www.youtube.com\\\/channel\\\/UCZP-2wLEB9Rv6erhFmqVnvg\"],\"address\":{\"@id\":\"https:\\\/\\\/www.eldigitaldeasturias.com\\\/noticias\\\/#postaladdress\",\"@type\":\"PostalAddress\",\"streetAddress\":\"san antonio 4,\",\"postalCode\":\"33430\",\"addressLocality\":\"Cand\\u00e1s\",\"addressRegion\":\"Asturias\",\"addressCountry\":\"ES\"}},{\"@type\":\"Person\",\"@id\":\"https:\\\/\\\/www.eldigitaldeasturias.com\\\/noticias\\\/author\\\/admin\\\/#author\",\"url\":\"https:\\\/\\\/www.eldigitaldeasturias.com\\\/noticias\\\/author\\\/admin\\\/\",\"name\":\"El Digital de Asturias\",\"image\":{\"@type\":\"ImageObject\",\"@id\":\"https:\\\/\\\/www.eldigitaldeasturias.com\\\/noticias\\\/baleares-acude-fitur-consolidar-su-mercado-nacional\\\/#authorImage\",\"url\":\"https:\\\/\\\/www.eldigitaldeasturias.com\\\/noticias\\\/wp-content\\\/litespeed\\\/avatar\\\/18677e78aa0546b92d9dbf31ec7d7668.jpg?ver=1777290358\",\"width\":96,\"height\":96,\"caption\":\"El Digital de Asturias\"}},{\"@type\":\"WebPage\",\"@id\":\"https:\\\/\\\/www.eldigitaldeasturias.com\\\/noticias\\\/baleares-acude-fitur-consolidar-su-mercado-nacional\\\/#webpage\",\"url\":\"https:\\\/\\\/www.eldigitaldeasturias.com\\\/noticias\\\/baleares-acude-fitur-consolidar-su-mercado-nacional\\\/\",\"name\":\"Baleares acude a Fitur a consolidar su mercado nacional - El Digital de Asturias\",\"description\":\"Palma, 25 ene (EFE).- El Govern acudir\\u00e1 a promocionar las Islas Baleares como destino a la feria tur\\u00edstica Fitur, que se celebra en Madrid del 28 de enero al 1 de febrero, con el objetivo de consolidar el mercado nacional, el tercero en importancia para el archipi\\u00e9lago, que aument\\u00f3 un 11 % en 2014 con\",\"inLanguage\":\"es-ES\",\"isPartOf\":{\"@id\":\"https:\\\/\\\/www.eldigitaldeasturias.com\\\/noticias\\\/#website\"},\"breadcrumb\":{\"@id\":\"https:\\\/\\\/www.eldigitaldeasturias.com\\\/noticias\\\/baleares-acude-fitur-consolidar-su-mercado-nacional\\\/#breadcrumblist\"},\"author\":{\"@id\":\"https:\\\/\\\/www.eldigitaldeasturias.com\\\/noticias\\\/author\\\/admin\\\/#author\"},\"creator\":{\"@id\":\"https:\\\/\\\/www.eldigitaldeasturias.com\\\/noticias\\\/author\\\/admin\\\/#author\"},\"image\":{\"@type\":\"ImageObject\",\"url\":\"https:\\\/\\\/www.eldigitaldeasturias.com\\\/noticias\\\/wp-content\\\/uploads\\\/2014\\\/10\\\/6835268w.jpg\",\"@id\":\"https:\\\/\\\/www.eldigitaldeasturias.com\\\/noticias\\\/baleares-acude-fitur-consolidar-su-mercado-nacional\\\/#mainImage\",\"width\":800,\"height\":595},\"primaryImageOfPage\":{\"@id\":\"https:\\\/\\\/www.eldigitaldeasturias.com\\\/noticias\\\/baleares-acude-fitur-consolidar-su-mercado-nacional\\\/#mainImage\"},\"datePublished\":\"2015-01-25T17:22:35+01:00\",\"dateModified\":\"2015-01-25T17:22:35+01:00\"},{\"@type\":\"WebSite\",\"@id\":\"https:\\\/\\\/www.eldigitaldeasturias.com\\\/noticias\\\/#website\",\"url\":\"https:\\\/\\\/www.eldigitaldeasturias.com\\\/noticias\\\/\",\"name\":\"El Digital de Asturias - Diario de actualidad y noticias\",\"alternateName\":\"El Digital de Asturias - Diario de actualidad y noticias\",\"description\":\"Hemeroteca\",\"inLanguage\":\"es-ES\",\"publisher\":{\"@id\":\"https:\\\/\\\/www.eldigitaldeasturias.com\\\/noticias\\\/#organization\"}}]}\n\t\t<\/script>\n\t\t<!-- All in One SEO Pro -->\r\n\t\t<title>Baleares acude a Fitur a consolidar su mercado nacional - El Digital de Asturias<\/title>\n\n","aioseo_head_json":{"title":"Baleares acude a Fitur a consolidar su mercado nacional - El Digital de Asturias","description":"Palma, 25 ene (EFE).- El Govern acudir\u00e1 a promocionar las Islas Baleares como destino a la feria tur\u00edstica Fitur, que se celebra en Madrid del 28 de enero al 1 de febrero, con el objetivo de consolidar el mercado nacional, el tercero en importancia para el archipi\u00e9lago, que aument\u00f3 un 11 % en 2014 con","canonical_url":"https:\/\/www.eldigitaldeasturias.com\/noticias\/baleares-acude-fitur-consolidar-su-mercado-nacional\/","robots":"max-image-preview:large","keywords":"turismo","webmasterTools":{"google-site-verification":"UA-38556648-1","msvalidate.01":"7dfe9f3f1b24437ab69f4f2559babe99","miscellaneous":""},"schema":{"@context":"https:\/\/schema.org","@graph":[{"@type":"BlogPosting","@id":"https:\/\/www.eldigitaldeasturias.com\/noticias\/baleares-acude-fitur-consolidar-su-mercado-nacional\/#blogposting","name":"Baleares acude a Fitur a consolidar su mercado nacional - El Digital de Asturias","headline":"Baleares acude a Fitur a consolidar su mercado nacional","author":{"@id":"https:\/\/www.eldigitaldeasturias.com\/noticias\/author\/admin\/#author"},"publisher":{"@id":"https:\/\/www.eldigitaldeasturias.com\/noticias\/#organization"},"image":{"@type":"ImageObject","url":"https:\/\/www.eldigitaldeasturias.com\/noticias\/wp-content\/uploads\/2014\/10\/6835268w.jpg","width":800,"height":595},"datePublished":"2015-01-25T17:22:35+01:00","dateModified":"2015-01-25T17:22:35+01:00","inLanguage":"es-ES","mainEntityOfPage":{"@id":"https:\/\/www.eldigitaldeasturias.com\/noticias\/baleares-acude-fitur-consolidar-su-mercado-nacional\/#webpage"},"isPartOf":{"@id":"https:\/\/www.eldigitaldeasturias.com\/noticias\/baleares-acude-fitur-consolidar-su-mercado-nacional\/#webpage"},"articleSection":"Turismo"},{"@type":"BreadcrumbList","@id":"https:\/\/www.eldigitaldeasturias.com\/noticias\/baleares-acude-fitur-consolidar-su-mercado-nacional\/#breadcrumblist","itemListElement":[{"@type":"ListItem","@id":"https:\/\/www.eldigitaldeasturias.com\/noticias#listItem","position":1,"name":"Home","item":"https:\/\/www.eldigitaldeasturias.com\/noticias","nextItem":{"@type":"ListItem","@id":"https:\/\/www.eldigitaldeasturias.com\/noticias\/category\/turismo\/#listItem","name":"Turismo"}},{"@type":"ListItem","@id":"https:\/\/www.eldigitaldeasturias.com\/noticias\/category\/turismo\/#listItem","position":2,"name":"Turismo","item":"https:\/\/www.eldigitaldeasturias.com\/noticias\/category\/turismo\/","nextItem":{"@type":"ListItem","@id":"https:\/\/www.eldigitaldeasturias.com\/noticias\/baleares-acude-fitur-consolidar-su-mercado-nacional\/#listItem","name":"Baleares acude a Fitur a consolidar su mercado nacional"},"previousItem":{"@type":"ListItem","@id":"https:\/\/www.eldigitaldeasturias.com\/noticias#listItem","name":"Home"}},{"@type":"ListItem","@id":"https:\/\/www.eldigitaldeasturias.com\/noticias\/baleares-acude-fitur-consolidar-su-mercado-nacional\/#listItem","position":3,"name":"Baleares acude a Fitur a consolidar su mercado nacional","previousItem":{"@type":"ListItem","@id":"https:\/\/www.eldigitaldeasturias.com\/noticias\/category\/turismo\/#listItem","name":"Turismo"}}]},{"@type":"Organization","@id":"https:\/\/www.eldigitaldeasturias.com\/noticias\/#organization","name":"El Digital de Asturias","description":"Hemeroteca","url":"https:\/\/www.eldigitaldeasturias.com\/noticias\/","email":"info@eldigitaldeasturias.com","telephone":"+34652131393","logo":{"@type":"ImageObject","url":"https:\/\/www.eldigitaldeasturias.com\/noticias\/wp-content\/uploads\/2020\/12\/EDA.jpg","@id":"https:\/\/www.eldigitaldeasturias.com\/noticias\/baleares-acude-fitur-consolidar-su-mercado-nacional\/#organizationLogo","width":649,"height":297},"image":{"@id":"https:\/\/www.eldigitaldeasturias.com\/noticias\/baleares-acude-fitur-consolidar-su-mercado-nacional\/#organizationLogo"},"sameAs":["https:\/\/facebook.com\/eldigitaldeasturias","https:\/\/www.youtube.com\/channel\/UCZP-2wLEB9Rv6erhFmqVnvg"],"address":{"@id":"https:\/\/www.eldigitaldeasturias.com\/noticias\/#postaladdress","@type":"PostalAddress","streetAddress":"san antonio 4,","postalCode":"33430","addressLocality":"Cand\u00e1s","addressRegion":"Asturias","addressCountry":"ES"}},{"@type":"Person","@id":"https:\/\/www.eldigitaldeasturias.com\/noticias\/author\/admin\/#author","url":"https:\/\/www.eldigitaldeasturias.com\/noticias\/author\/admin\/","name":"El Digital de Asturias","image":{"@type":"ImageObject","@id":"https:\/\/www.eldigitaldeasturias.com\/noticias\/baleares-acude-fitur-consolidar-su-mercado-nacional\/#authorImage","url":"https:\/\/www.eldigitaldeasturias.com\/noticias\/wp-content\/litespeed\/avatar\/18677e78aa0546b92d9dbf31ec7d7668.jpg?ver=1777290358","width":96,"height":96,"caption":"El Digital de Asturias"}},{"@type":"WebPage","@id":"https:\/\/www.eldigitaldeasturias.com\/noticias\/baleares-acude-fitur-consolidar-su-mercado-nacional\/#webpage","url":"https:\/\/www.eldigitaldeasturias.com\/noticias\/baleares-acude-fitur-consolidar-su-mercado-nacional\/","name":"Baleares acude a Fitur a consolidar su mercado nacional - El Digital de Asturias","description":"Palma, 25 ene (EFE).- El Govern acudir\u00e1 a promocionar las Islas Baleares como destino a la feria tur\u00edstica Fitur, que se celebra en Madrid del 28 de enero al 1 de febrero, con el objetivo de consolidar el mercado nacional, el tercero en importancia para el archipi\u00e9lago, que aument\u00f3 un 11 % en 2014 con","inLanguage":"es-ES","isPartOf":{"@id":"https:\/\/www.eldigitaldeasturias.com\/noticias\/#website"},"breadcrumb":{"@id":"https:\/\/www.eldigitaldeasturias.com\/noticias\/baleares-acude-fitur-consolidar-su-mercado-nacional\/#breadcrumblist"},"author":{"@id":"https:\/\/www.eldigitaldeasturias.com\/noticias\/author\/admin\/#author"},"creator":{"@id":"https:\/\/www.eldigitaldeasturias.com\/noticias\/author\/admin\/#author"},"image":{"@type":"ImageObject","url":"https:\/\/www.eldigitaldeasturias.com\/noticias\/wp-content\/uploads\/2014\/10\/6835268w.jpg","@id":"https:\/\/www.eldigitaldeasturias.com\/noticias\/baleares-acude-fitur-consolidar-su-mercado-nacional\/#mainImage","width":800,"height":595},"primaryImageOfPage":{"@id":"https:\/\/www.eldigitaldeasturias.com\/noticias\/baleares-acude-fitur-consolidar-su-mercado-nacional\/#mainImage"},"datePublished":"2015-01-25T17:22:35+01:00","dateModified":"2015-01-25T17:22:35+01:00"},{"@type":"WebSite","@id":"https:\/\/www.eldigitaldeasturias.com\/noticias\/#website","url":"https:\/\/www.eldigitaldeasturias.com\/noticias\/","name":"El Digital de Asturias - Diario de actualidad y noticias","alternateName":"El Digital de Asturias - Diario de actualidad y noticias","description":"Hemeroteca","inLanguage":"es-ES","publisher":{"@id":"https:\/\/www.eldigitaldeasturias.com\/noticias\/#organization"}}]},"og:locale":"es_ES","og:site_name":"El Digital de Asturias","og:type":"article","og:title":"Baleares acude a Fitur a consolidar su mercado nacional - El Digital de Asturias","og:description":"Palma, 25 ene (EFE).- El Govern acudir\u00e1 a promocionar las Islas Baleares como destino a la feria tur\u00edstica Fitur, que se celebra en Madrid del 28 de enero al 1 de febrero, con el objetivo de consolidar el mercado nacional, el tercero en importancia para el archipi\u00e9lago, que aument\u00f3 un 11 % en 2014 con","og:url":"https:\/\/www.eldigitaldeasturias.com\/noticias\/baleares-acude-fitur-consolidar-su-mercado-nacional\/","og:image":"https:\/\/www.eldigitaldeasturias.com\/noticias\/wp-content\/uploads\/2014\/10\/6835268w.jpg","og:image:secure_url":"https:\/\/www.eldigitaldeasturias.com\/noticias\/wp-content\/uploads\/2014\/10\/6835268w.jpg","og:image:width":800,"og:image:height":595,"article:tag":["turismo"],"article:published_time":"2015-01-25T16:22:35+00:00","article:modified_time":"2015-01-25T16:22:35+00:00","article:publisher":"https:\/\/facebook.com\/eldigitaldeasturias","twitter:card":"summary_large_image","twitter:title":"Baleares acude a Fitur a consolidar su mercado nacional - El Digital de Asturias","twitter:description":"Palma, 25 ene (EFE).- El Govern acudir\u00e1 a promocionar las Islas Baleares como destino a la feria tur\u00edstica Fitur, que se celebra en Madrid del 28 de enero al 1 de febrero, con el objetivo de consolidar el mercado nacional, el tercero en importancia para el archipi\u00e9lago, que aument\u00f3 un 11 % en 2014 con","twitter:image":"https:\/\/www.eldigitaldeasturias.com\/noticias\/wp-content\/uploads\/2014\/10\/6835268w.jpg","twitter:label1":"Escrito por","twitter:data1":"El Digital de Asturias","twitter:label2":"Tiempo de lectura estimado","twitter:data2":"3 minutos"},"aioseo_meta_data":{"post_id":"760631","title":null,"description":null,"keywords":null,"keyphrases":null,"primary_term":null,"canonical_url":null,"og_title":null,"og_description":null,"og_object_type":"default","og_image_type":"default","og_image_url":null,"og_image_width":null,"og_image_height":null,"og_image_custom_url":null,"og_image_custom_fields":null,"og_video":null,"og_custom_url":null,"og_article_section":null,"og_article_tags":null,"twitter_use_og":false,"twitter_card":"default","twitter_image_type":"default","twitter_image_url":null,"twitter_image_custom_url":null,"twitter_image_custom_fields":null,"twitter_title":null,"twitter_description":null,"schema":{"blockGraphs":[],"customGraphs":[],"default":{"data":{"Article":[],"Course":[],"Dataset":[],"FAQPage":[],"Movie":[],"Person":[],"Product":[],"ProductReview":[],"Car":[],"Recipe":[],"Service":[],"SoftwareApplication":[],"WebPage":[]},"graphName":"","isEnabled":true},"graphs":[],"defaultGraph":"","defaultPostTypeGraph":""},"schema_type":null,"schema_type_options":null,"pillar_content":false,"robots_default":true,"robots_noindex":false,"robots_noarchive":false,"robots_nosnippet":false,"robots_nofollow":false,"robots_noimageindex":false,"robots_noodp":false,"robots_notranslate":false,"robots_max_snippet":null,"robots_max_videopreview":null,"robots_max_imagepreview":"large","priority":null,"frequency":null,"local_seo":null,"seo_analyzer_scan_date":"2025-12-15 17:15:00","breadcrumb_settings":null,"limit_modified_date":false,"open_ai":null,"ai":null,"created":"2021-01-23 03:46:13","updated":"2025-12-15 17:15:00"},"aioseo_breadcrumb":"<div class=\"aioseo-breadcrumbs\"><span class=\"aioseo-breadcrumb\">\n\t<a href=\"https:\/\/www.eldigitaldeasturias.com\/noticias\" title=\"Home\">Home<\/a>\n<\/span><span class=\"aioseo-breadcrumb-separator\">\u2013<\/span><span class=\"aioseo-breadcrumb\">\n\t<a href=\"https:\/\/www.eldigitaldeasturias.com\/noticias\/category\/turismo\/\" title=\"Turismo\">Turismo<\/a>\n<\/span><span class=\"aioseo-breadcrumb-separator\">\u2013<\/span><span class=\"aioseo-breadcrumb\">\n\t<a href=\"https:\/\/www.eldigitaldeasturias.com\/noticias\/baleares-acude-fitur-consolidar-su-mercado-nacional\/\" title=\"Baleares acude a Fitur a consolidar su mercado nacional\">Baleares acude a Fitur a consolidar su mercado nacional<\/a>\n<\/span><\/div>","aioseo_breadcrumb_json":[{"label":"Home","link":"https:\/\/www.eldigitaldeasturias.com\/noticias"},{"label":"Turismo","link":"https:\/\/www.eldigitaldeasturias.com\/noticias\/category\/turismo\/"},{"label":"Baleares acude a Fitur a consolidar su mercado nacional","link":"https:\/\/www.eldigitaldeasturias.com\/noticias\/baleares-acude-fitur-consolidar-su-mercado-nacional\/"}],"_links":{"self":[{"href":"https:\/\/www.eldigitaldeasturias.com\/noticias\/wp-json\/wp\/v2\/posts\/760631","targetHints":{"allow":["GET"]}}],"collection":[{"href":"https:\/\/www.eldigitaldeasturias.com\/noticias\/wp-json\/wp\/v2\/posts"}],"about":[{"href":"https:\/\/www.eldigitaldeasturias.com\/noticias\/wp-json\/wp\/v2\/types\/post"}],"author":[{"embeddable":true,"href":"https:\/\/www.eldigitaldeasturias.com\/noticias\/wp-json\/wp\/v2\/users\/1"}],"replies":[{"embeddable":true,"href":"https:\/\/www.eldigitaldeasturias.com\/noticias\/wp-json\/wp\/v2\/comments?post=760631"}],"version-history":[{"count":0,"href":"https:\/\/www.eldigitaldeasturias.com\/noticias\/wp-json\/wp\/v2\/posts\/760631\/revisions"}],"wp:featuredmedia":[{"embeddable":true,"href":"https:\/\/www.eldigitaldeasturias.com\/noticias\/wp-json\/wp\/v2\/media\/659527"}],"wp:attachment":[{"href":"https:\/\/www.eldigitaldeasturias.com\/noticias\/wp-json\/wp\/v2\/media?parent=760631"}],"wp:term":[{"taxonomy":"category","embeddable":true,"href":"https:\/\/www.eldigitaldeasturias.com\/noticias\/wp-json\/wp\/v2\/categories?post=760631"},{"taxonomy":"post_tag","embeddable":true,"href":"https:\/\/www.eldigitaldeasturias.com\/noticias\/wp-json\/wp\/v2\/tags?post=760631"}],"curies":[{"name":"wp","href":"https:\/\/api.w.org\/{rel}","templated":true}]}}