{"id":758414,"date":"2015-01-22T21:46:01","date_gmt":"2015-01-22T20:46:01","guid":{"rendered":"http:\/\/www.eldigitaldeasturias.com\/noticias\/?p=758414"},"modified":"2015-01-22T21:46:01","modified_gmt":"2015-01-22T20:46:01","slug":"ibiza-y-formentera-tendran-expositor-propio-en-fitur","status":"publish","type":"post","link":"https:\/\/www.eldigitaldeasturias.com\/noticias\/ibiza-y-formentera-tendran-expositor-propio-en-fitur\/","title":{"rendered":"Ibiza y Formentera tendr\u00e1n expositor propio en FITUR"},"content":{"rendered":"<p><img loading=\"lazy\" decoding=\"async\" class=\"alignleft size-medium wp-image-571454\" alt=\"ibiza\" src=\"https:\/\/www.eldigitaldeasturias.com\/noticias\/wp-content\/uploads\/2014\/08\/ibiza-360x239.jpg\" width=\"360\" height=\"239\" \/>Palma, 22 ene (EFE).- Ibiza y Formentera presentar\u00e1n su promoci\u00f3n tur\u00edstica en un expositor propio conjunto en la feria de turismo de Madrid FITUR que tendr\u00e1 lugar entre el 28 de enero y el 1 de febrero.<\/p>\n<p>La consellera ibicenca de Turismo, Carmen Ferrer, y su hom\u00f3loga de Formentera, Alejandra Ferrer, han presentado hoy la promoci\u00f3n que llevar\u00e1n a cabo ambas islas en dicho sal\u00f3n, donde los consells de Ibiza y Formentera, en colaboraci\u00f3n con empresarios locales, costean un estand propio diferenciado del de Baleares para poder realizar una promoci\u00f3n propia y diferenciada, como en otras ferias.<\/p>\n<p>Ferrer ha remarcado que el objetivo de la promoci\u00f3n en esta feria es \u00abalargar la temporada\u00bb y potenciar aquellos productos que diferencian a las Pitiusas, as\u00ed como mostrar sus posibilidades como destino tur\u00edstico \u00abno s\u00f3lo en verano, sino tambi\u00e9n en oto\u00f1o y en invierno\u00bb.<\/p>\n<p>En Fitur, Ibiza presentar\u00e1 un nuevo mapa n\u00e1utico que incluye informaci\u00f3n de servicios, reservas naturales y normativa, adem\u00e1s de la oferta n\u00e1utica de la isla.<\/p>\n<p>Tambi\u00e9n se presentar\u00e1 la ruta de arte contempor\u00e1neo que ya se promocion\u00f3 en la World Travel Market de Londres. Como novedad, Ferrer ha destacado la presencia de Ibiza en el apartado Fitur Gay, donde realizar\u00e1 una presentaci\u00f3n de la Ibiza Gay Pride.<\/p>\n<p>Adem\u00e1s se promocionar\u00e1n acontecimientos deportivos populares, que incluyen carreras a pie, en bicicleta de monta\u00f1a y de carretera, traves\u00edas nadando y triatl\u00f3n.<\/p>\n<p>\u00abTodas las pruebas han incrementado su participaci\u00f3n desde que el a\u00f1o pasado iniciamos su promoci\u00f3n\u00bb, ha explicado el conseller de Deportes ibicenco, Rafa Triguero, y \u00abel objetivo es que en 2015 se pueda llegar a una cifra de 5.000 participantes en total\u00bb.<\/p>\n<p>El conseller ha explicado que \u00abya se est\u00e1 haciendo promoci\u00f3n en canales especializados y se est\u00e1 notando que aumentan las reservas respeto el a\u00f1o pasado en todas las pruebas\u00bb.<\/p>\n<p>Ferrer ha a\u00f1adido que se proseguir\u00e1 la promoci\u00f3n de la gastronom\u00eda, el turismo familiar y el turismo senior, \u00abtodos ellos claves para conseguir mejores ocupaciones en los extremos de temporada\u00bb. Tambi\u00e9n se har\u00e1 una presentaci\u00f3n de Ibiza como destino de lujo.<\/p>\n<p>FITUR recibi\u00f3 a 120.000 profesionales en 2014 y unas 100.000 visitantes de p\u00fablico en general.<\/p>\n<p>En las actividades del fin de semana, cuando FITUR est\u00e1 abierta al p\u00fablico, el estand de Ibiza y Formentera volver\u00e1 a participar en la gincana organizada por Minube, y se prev\u00e9 que la Asociaci\u00f3n de Ocio realice promoci\u00f3n de sus asociados del Congreso Internacional de Ocio de octubre de 2015 que pretende contribuir a alargar la temporada, ya que se realiza despu\u00e9s del cierre de las discotecas.<\/p>\n<p>Por su parte, la consellera de Turismo de Formentera, Alejandra Ferrer, ha destacado que para la peque\u00f1a de las pitiusas el mercado nacional es el segundo en importancia tras el italiano, pero en primavera y oto\u00f1o es el m\u00e1s importante. \u00abY dadas las conexiones de las que disponemos, es el mercado que tiene m\u00e1s oportunidad de crecer fuera de temporada\u00bb, ha se\u00f1alado.<\/p>\n<p>La isla potenciar\u00e1 los productos deportivos, especialmente los n\u00e1uticos, y el turismo familiar.<\/p>\n<p>Ferrer considera \u00abmuy importante\u00bb que Formentera pueda estar representada de una forma diferenciada del resto de Baleares ya que su producto tur\u00edstico es distinto y ha elogiado el espacio que tendr\u00e1 dentro de FITUR: \u00abEste estand representa la luz y car\u00e1cter diferenciador de las Piti\u00fcses\u00bb.<\/p>\n","protected":false},"excerpt":{"rendered":"<p>Palma, 22 ene (EFE).- Ibiza y Formentera presentar\u00e1n su promoci\u00f3n tur\u00edstica en un expositor propio conjunto en la feria de turismo de Madrid FITUR que tendr\u00e1 lugar entre el 28 de enero y el 1 de febrero. La consellera ibicenca de Turismo, Carmen Ferrer, y su hom\u00f3loga de Formentera, Alejandra Ferrer, han presentado hoy la [&hellip;]<\/p>\n","protected":false},"author":1,"featured_media":571454,"comment_status":"closed","ping_status":"closed","sticky":false,"template":"","format":"standard","meta":{"footnotes":""},"categories":[148],"tags":[],"class_list":["post-758414","post","type-post","status-publish","format-standard","has-post-thumbnail","hentry","category-turismo"],"aioseo_notices":[],"aioseo_head":"\n\t\t<!-- All in One SEO Pro 4.9.6.2 - aioseo.com -->\n\t<meta name=\"description\" content=\"Palma, 22 ene (EFE).- Ibiza y Formentera presentar\u00e1n su promoci\u00f3n tur\u00edstica en un expositor propio conjunto en la feria de turismo de Madrid FITUR que tendr\u00e1 lugar entre el 28 de enero y el 1 de febrero. La consellera ibicenca de Turismo, Carmen Ferrer, y su hom\u00f3loga de Formentera, Alejandra Ferrer, han presentado hoy la\" \/>\n\t<meta name=\"robots\" content=\"max-image-preview:large\" \/>\n\t<meta name=\"author\" content=\"El Digital de Asturias\"\/>\n\t<meta name=\"google-site-verification\" content=\"UA-38556648-1\" \/>\n\t<meta name=\"msvalidate.01\" content=\"7dfe9f3f1b24437ab69f4f2559babe99\" \/>\n\t<meta name=\"keywords\" content=\"turismo\" \/>\n\t<link rel=\"canonical\" href=\"https:\/\/www.eldigitaldeasturias.com\/noticias\/ibiza-y-formentera-tendran-expositor-propio-en-fitur\/\" \/>\n\t<meta name=\"generator\" content=\"All in One SEO Pro (AIOSEO) 4.9.6.2\" \/>\n\t\t<meta property=\"og:locale\" content=\"es_ES\" \/>\n\t\t<meta property=\"og:site_name\" content=\"El Digital de Asturias\" \/>\n\t\t<meta property=\"og:type\" content=\"article\" \/>\n\t\t<meta property=\"og:title\" content=\"Ibiza y Formentera tendr\u00e1n expositor propio en FITUR - El Digital de Asturias\" \/>\n\t\t<meta property=\"og:description\" content=\"Palma, 22 ene (EFE).- Ibiza y Formentera presentar\u00e1n su promoci\u00f3n tur\u00edstica en un expositor propio conjunto en la feria de turismo de Madrid FITUR que tendr\u00e1 lugar entre el 28 de enero y el 1 de febrero. La consellera ibicenca de Turismo, Carmen Ferrer, y su hom\u00f3loga de Formentera, Alejandra Ferrer, han presentado hoy la\" \/>\n\t\t<meta property=\"og:url\" content=\"https:\/\/www.eldigitaldeasturias.com\/noticias\/ibiza-y-formentera-tendran-expositor-propio-en-fitur\/\" \/>\n\t\t<meta property=\"og:image\" content=\"https:\/\/www.eldigitaldeasturias.com\/noticias\/wp-content\/uploads\/2014\/08\/ibiza.jpg\" \/>\n\t\t<meta property=\"og:image:secure_url\" content=\"https:\/\/www.eldigitaldeasturias.com\/noticias\/wp-content\/uploads\/2014\/08\/ibiza.jpg\" \/>\n\t\t<meta property=\"og:image:width\" content=\"1280\" \/>\n\t\t<meta property=\"og:image:height\" content=\"853\" \/>\n\t\t<meta property=\"article:tag\" content=\"turismo\" \/>\n\t\t<meta property=\"article:published_time\" content=\"2015-01-22T20:46:01+00:00\" \/>\n\t\t<meta property=\"article:modified_time\" content=\"2015-01-22T20:46:01+00:00\" \/>\n\t\t<meta property=\"article:publisher\" content=\"https:\/\/facebook.com\/eldigitaldeasturias\" \/>\n\t\t<meta name=\"twitter:card\" content=\"summary_large_image\" \/>\n\t\t<meta name=\"twitter:title\" content=\"Ibiza y Formentera tendr\u00e1n expositor propio en FITUR - El Digital de Asturias\" \/>\n\t\t<meta name=\"twitter:description\" content=\"Palma, 22 ene (EFE).- Ibiza y Formentera presentar\u00e1n su promoci\u00f3n tur\u00edstica en un expositor propio conjunto en la feria de turismo de Madrid FITUR que tendr\u00e1 lugar entre el 28 de enero y el 1 de febrero. La consellera ibicenca de Turismo, Carmen Ferrer, y su hom\u00f3loga de Formentera, Alejandra Ferrer, han presentado hoy la\" \/>\n\t\t<meta name=\"twitter:image\" content=\"https:\/\/www.eldigitaldeasturias.com\/noticias\/wp-content\/uploads\/2014\/08\/ibiza.jpg\" \/>\n\t\t<meta name=\"twitter:label1\" content=\"Escrito por\" \/>\n\t\t<meta name=\"twitter:data1\" content=\"El Digital de Asturias\" \/>\n\t\t<meta name=\"twitter:label2\" content=\"Tiempo de lectura estimado\" \/>\n\t\t<meta name=\"twitter:data2\" content=\"3 minutos\" \/>\n\t\t<script type=\"application\/ld+json\" class=\"aioseo-schema\">\n\t\t\t{\"@context\":\"https:\\\/\\\/schema.org\",\"@graph\":[{\"@type\":\"BlogPosting\",\"@id\":\"https:\\\/\\\/www.eldigitaldeasturias.com\\\/noticias\\\/ibiza-y-formentera-tendran-expositor-propio-en-fitur\\\/#blogposting\",\"name\":\"Ibiza y Formentera tendr\\u00e1n expositor propio en FITUR - El Digital de Asturias\",\"headline\":\"Ibiza y Formentera tendr\\u00e1n expositor propio en FITUR\",\"author\":{\"@id\":\"https:\\\/\\\/www.eldigitaldeasturias.com\\\/noticias\\\/author\\\/admin\\\/#author\"},\"publisher\":{\"@id\":\"https:\\\/\\\/www.eldigitaldeasturias.com\\\/noticias\\\/#organization\"},\"image\":{\"@type\":\"ImageObject\",\"url\":\"https:\\\/\\\/www.eldigitaldeasturias.com\\\/noticias\\\/wp-content\\\/uploads\\\/2014\\\/08\\\/ibiza.jpg\",\"width\":1280,\"height\":853},\"datePublished\":\"2015-01-22T21:46:01+01:00\",\"dateModified\":\"2015-01-22T21:46:01+01:00\",\"inLanguage\":\"es-ES\",\"mainEntityOfPage\":{\"@id\":\"https:\\\/\\\/www.eldigitaldeasturias.com\\\/noticias\\\/ibiza-y-formentera-tendran-expositor-propio-en-fitur\\\/#webpage\"},\"isPartOf\":{\"@id\":\"https:\\\/\\\/www.eldigitaldeasturias.com\\\/noticias\\\/ibiza-y-formentera-tendran-expositor-propio-en-fitur\\\/#webpage\"},\"articleSection\":\"Turismo\"},{\"@type\":\"BreadcrumbList\",\"@id\":\"https:\\\/\\\/www.eldigitaldeasturias.com\\\/noticias\\\/ibiza-y-formentera-tendran-expositor-propio-en-fitur\\\/#breadcrumblist\",\"itemListElement\":[{\"@type\":\"ListItem\",\"@id\":\"https:\\\/\\\/www.eldigitaldeasturias.com\\\/noticias#listItem\",\"position\":1,\"name\":\"Home\",\"item\":\"https:\\\/\\\/www.eldigitaldeasturias.com\\\/noticias\",\"nextItem\":{\"@type\":\"ListItem\",\"@id\":\"https:\\\/\\\/www.eldigitaldeasturias.com\\\/noticias\\\/category\\\/turismo\\\/#listItem\",\"name\":\"Turismo\"}},{\"@type\":\"ListItem\",\"@id\":\"https:\\\/\\\/www.eldigitaldeasturias.com\\\/noticias\\\/category\\\/turismo\\\/#listItem\",\"position\":2,\"name\":\"Turismo\",\"item\":\"https:\\\/\\\/www.eldigitaldeasturias.com\\\/noticias\\\/category\\\/turismo\\\/\",\"nextItem\":{\"@type\":\"ListItem\",\"@id\":\"https:\\\/\\\/www.eldigitaldeasturias.com\\\/noticias\\\/ibiza-y-formentera-tendran-expositor-propio-en-fitur\\\/#listItem\",\"name\":\"Ibiza y Formentera tendr\\u00e1n expositor propio en FITUR\"},\"previousItem\":{\"@type\":\"ListItem\",\"@id\":\"https:\\\/\\\/www.eldigitaldeasturias.com\\\/noticias#listItem\",\"name\":\"Home\"}},{\"@type\":\"ListItem\",\"@id\":\"https:\\\/\\\/www.eldigitaldeasturias.com\\\/noticias\\\/ibiza-y-formentera-tendran-expositor-propio-en-fitur\\\/#listItem\",\"position\":3,\"name\":\"Ibiza y Formentera tendr\\u00e1n expositor propio en FITUR\",\"previousItem\":{\"@type\":\"ListItem\",\"@id\":\"https:\\\/\\\/www.eldigitaldeasturias.com\\\/noticias\\\/category\\\/turismo\\\/#listItem\",\"name\":\"Turismo\"}}]},{\"@type\":\"Organization\",\"@id\":\"https:\\\/\\\/www.eldigitaldeasturias.com\\\/noticias\\\/#organization\",\"name\":\"El Digital de Asturias\",\"description\":\"Hemeroteca\",\"url\":\"https:\\\/\\\/www.eldigitaldeasturias.com\\\/noticias\\\/\",\"email\":\"info@eldigitaldeasturias.com\",\"telephone\":\"+34652131393\",\"logo\":{\"@type\":\"ImageObject\",\"url\":\"https:\\\/\\\/www.eldigitaldeasturias.com\\\/noticias\\\/wp-content\\\/uploads\\\/2020\\\/12\\\/EDA.jpg\",\"@id\":\"https:\\\/\\\/www.eldigitaldeasturias.com\\\/noticias\\\/ibiza-y-formentera-tendran-expositor-propio-en-fitur\\\/#organizationLogo\",\"width\":649,\"height\":297},\"image\":{\"@id\":\"https:\\\/\\\/www.eldigitaldeasturias.com\\\/noticias\\\/ibiza-y-formentera-tendran-expositor-propio-en-fitur\\\/#organizationLogo\"},\"sameAs\":[\"https:\\\/\\\/facebook.com\\\/eldigitaldeasturias\",\"https:\\\/\\\/www.youtube.com\\\/channel\\\/UCZP-2wLEB9Rv6erhFmqVnvg\"],\"address\":{\"@id\":\"https:\\\/\\\/www.eldigitaldeasturias.com\\\/noticias\\\/#postaladdress\",\"@type\":\"PostalAddress\",\"streetAddress\":\"san antonio 4,\",\"postalCode\":\"33430\",\"addressLocality\":\"Cand\\u00e1s\",\"addressRegion\":\"Asturias\",\"addressCountry\":\"ES\"}},{\"@type\":\"Person\",\"@id\":\"https:\\\/\\\/www.eldigitaldeasturias.com\\\/noticias\\\/author\\\/admin\\\/#author\",\"url\":\"https:\\\/\\\/www.eldigitaldeasturias.com\\\/noticias\\\/author\\\/admin\\\/\",\"name\":\"El Digital de Asturias\",\"image\":{\"@type\":\"ImageObject\",\"@id\":\"https:\\\/\\\/www.eldigitaldeasturias.com\\\/noticias\\\/ibiza-y-formentera-tendran-expositor-propio-en-fitur\\\/#authorImage\",\"url\":\"https:\\\/\\\/www.eldigitaldeasturias.com\\\/noticias\\\/wp-content\\\/litespeed\\\/avatar\\\/18677e78aa0546b92d9dbf31ec7d7668.jpg?ver=1777290358\",\"width\":96,\"height\":96,\"caption\":\"El Digital de Asturias\"}},{\"@type\":\"WebPage\",\"@id\":\"https:\\\/\\\/www.eldigitaldeasturias.com\\\/noticias\\\/ibiza-y-formentera-tendran-expositor-propio-en-fitur\\\/#webpage\",\"url\":\"https:\\\/\\\/www.eldigitaldeasturias.com\\\/noticias\\\/ibiza-y-formentera-tendran-expositor-propio-en-fitur\\\/\",\"name\":\"Ibiza y Formentera tendr\\u00e1n expositor propio en FITUR - El Digital de Asturias\",\"description\":\"Palma, 22 ene (EFE).- Ibiza y Formentera presentar\\u00e1n su promoci\\u00f3n tur\\u00edstica en un expositor propio conjunto en la feria de turismo de Madrid FITUR que tendr\\u00e1 lugar entre el 28 de enero y el 1 de febrero. La consellera ibicenca de Turismo, Carmen Ferrer, y su hom\\u00f3loga de Formentera, Alejandra Ferrer, han presentado hoy la\",\"inLanguage\":\"es-ES\",\"isPartOf\":{\"@id\":\"https:\\\/\\\/www.eldigitaldeasturias.com\\\/noticias\\\/#website\"},\"breadcrumb\":{\"@id\":\"https:\\\/\\\/www.eldigitaldeasturias.com\\\/noticias\\\/ibiza-y-formentera-tendran-expositor-propio-en-fitur\\\/#breadcrumblist\"},\"author\":{\"@id\":\"https:\\\/\\\/www.eldigitaldeasturias.com\\\/noticias\\\/author\\\/admin\\\/#author\"},\"creator\":{\"@id\":\"https:\\\/\\\/www.eldigitaldeasturias.com\\\/noticias\\\/author\\\/admin\\\/#author\"},\"image\":{\"@type\":\"ImageObject\",\"url\":\"https:\\\/\\\/www.eldigitaldeasturias.com\\\/noticias\\\/wp-content\\\/uploads\\\/2014\\\/08\\\/ibiza.jpg\",\"@id\":\"https:\\\/\\\/www.eldigitaldeasturias.com\\\/noticias\\\/ibiza-y-formentera-tendran-expositor-propio-en-fitur\\\/#mainImage\",\"width\":1280,\"height\":853},\"primaryImageOfPage\":{\"@id\":\"https:\\\/\\\/www.eldigitaldeasturias.com\\\/noticias\\\/ibiza-y-formentera-tendran-expositor-propio-en-fitur\\\/#mainImage\"},\"datePublished\":\"2015-01-22T21:46:01+01:00\",\"dateModified\":\"2015-01-22T21:46:01+01:00\"},{\"@type\":\"WebSite\",\"@id\":\"https:\\\/\\\/www.eldigitaldeasturias.com\\\/noticias\\\/#website\",\"url\":\"https:\\\/\\\/www.eldigitaldeasturias.com\\\/noticias\\\/\",\"name\":\"El Digital de Asturias - Diario de actualidad y noticias\",\"alternateName\":\"El Digital de Asturias - Diario de actualidad y noticias\",\"description\":\"Hemeroteca\",\"inLanguage\":\"es-ES\",\"publisher\":{\"@id\":\"https:\\\/\\\/www.eldigitaldeasturias.com\\\/noticias\\\/#organization\"}}]}\n\t\t<\/script>\n\t\t<!-- All in One SEO Pro -->\r\n\t\t<title>Ibiza y Formentera tendr\u00e1n expositor propio en FITUR - El Digital de Asturias<\/title>\n\n","aioseo_head_json":{"title":"Ibiza y Formentera tendr\u00e1n expositor propio en FITUR - El Digital de Asturias","description":"Palma, 22 ene (EFE).- Ibiza y Formentera presentar\u00e1n su promoci\u00f3n tur\u00edstica en un expositor propio conjunto en la feria de turismo de Madrid FITUR que tendr\u00e1 lugar entre el 28 de enero y el 1 de febrero. La consellera ibicenca de Turismo, Carmen Ferrer, y su hom\u00f3loga de Formentera, Alejandra Ferrer, han presentado hoy la","canonical_url":"https:\/\/www.eldigitaldeasturias.com\/noticias\/ibiza-y-formentera-tendran-expositor-propio-en-fitur\/","robots":"max-image-preview:large","keywords":"turismo","webmasterTools":{"google-site-verification":"UA-38556648-1","msvalidate.01":"7dfe9f3f1b24437ab69f4f2559babe99","miscellaneous":""},"schema":{"@context":"https:\/\/schema.org","@graph":[{"@type":"BlogPosting","@id":"https:\/\/www.eldigitaldeasturias.com\/noticias\/ibiza-y-formentera-tendran-expositor-propio-en-fitur\/#blogposting","name":"Ibiza y Formentera tendr\u00e1n expositor propio en FITUR - El Digital de Asturias","headline":"Ibiza y Formentera tendr\u00e1n expositor propio en FITUR","author":{"@id":"https:\/\/www.eldigitaldeasturias.com\/noticias\/author\/admin\/#author"},"publisher":{"@id":"https:\/\/www.eldigitaldeasturias.com\/noticias\/#organization"},"image":{"@type":"ImageObject","url":"https:\/\/www.eldigitaldeasturias.com\/noticias\/wp-content\/uploads\/2014\/08\/ibiza.jpg","width":1280,"height":853},"datePublished":"2015-01-22T21:46:01+01:00","dateModified":"2015-01-22T21:46:01+01:00","inLanguage":"es-ES","mainEntityOfPage":{"@id":"https:\/\/www.eldigitaldeasturias.com\/noticias\/ibiza-y-formentera-tendran-expositor-propio-en-fitur\/#webpage"},"isPartOf":{"@id":"https:\/\/www.eldigitaldeasturias.com\/noticias\/ibiza-y-formentera-tendran-expositor-propio-en-fitur\/#webpage"},"articleSection":"Turismo"},{"@type":"BreadcrumbList","@id":"https:\/\/www.eldigitaldeasturias.com\/noticias\/ibiza-y-formentera-tendran-expositor-propio-en-fitur\/#breadcrumblist","itemListElement":[{"@type":"ListItem","@id":"https:\/\/www.eldigitaldeasturias.com\/noticias#listItem","position":1,"name":"Home","item":"https:\/\/www.eldigitaldeasturias.com\/noticias","nextItem":{"@type":"ListItem","@id":"https:\/\/www.eldigitaldeasturias.com\/noticias\/category\/turismo\/#listItem","name":"Turismo"}},{"@type":"ListItem","@id":"https:\/\/www.eldigitaldeasturias.com\/noticias\/category\/turismo\/#listItem","position":2,"name":"Turismo","item":"https:\/\/www.eldigitaldeasturias.com\/noticias\/category\/turismo\/","nextItem":{"@type":"ListItem","@id":"https:\/\/www.eldigitaldeasturias.com\/noticias\/ibiza-y-formentera-tendran-expositor-propio-en-fitur\/#listItem","name":"Ibiza y Formentera tendr\u00e1n expositor propio en FITUR"},"previousItem":{"@type":"ListItem","@id":"https:\/\/www.eldigitaldeasturias.com\/noticias#listItem","name":"Home"}},{"@type":"ListItem","@id":"https:\/\/www.eldigitaldeasturias.com\/noticias\/ibiza-y-formentera-tendran-expositor-propio-en-fitur\/#listItem","position":3,"name":"Ibiza y Formentera tendr\u00e1n expositor propio en FITUR","previousItem":{"@type":"ListItem","@id":"https:\/\/www.eldigitaldeasturias.com\/noticias\/category\/turismo\/#listItem","name":"Turismo"}}]},{"@type":"Organization","@id":"https:\/\/www.eldigitaldeasturias.com\/noticias\/#organization","name":"El Digital de Asturias","description":"Hemeroteca","url":"https:\/\/www.eldigitaldeasturias.com\/noticias\/","email":"info@eldigitaldeasturias.com","telephone":"+34652131393","logo":{"@type":"ImageObject","url":"https:\/\/www.eldigitaldeasturias.com\/noticias\/wp-content\/uploads\/2020\/12\/EDA.jpg","@id":"https:\/\/www.eldigitaldeasturias.com\/noticias\/ibiza-y-formentera-tendran-expositor-propio-en-fitur\/#organizationLogo","width":649,"height":297},"image":{"@id":"https:\/\/www.eldigitaldeasturias.com\/noticias\/ibiza-y-formentera-tendran-expositor-propio-en-fitur\/#organizationLogo"},"sameAs":["https:\/\/facebook.com\/eldigitaldeasturias","https:\/\/www.youtube.com\/channel\/UCZP-2wLEB9Rv6erhFmqVnvg"],"address":{"@id":"https:\/\/www.eldigitaldeasturias.com\/noticias\/#postaladdress","@type":"PostalAddress","streetAddress":"san antonio 4,","postalCode":"33430","addressLocality":"Cand\u00e1s","addressRegion":"Asturias","addressCountry":"ES"}},{"@type":"Person","@id":"https:\/\/www.eldigitaldeasturias.com\/noticias\/author\/admin\/#author","url":"https:\/\/www.eldigitaldeasturias.com\/noticias\/author\/admin\/","name":"El Digital de Asturias","image":{"@type":"ImageObject","@id":"https:\/\/www.eldigitaldeasturias.com\/noticias\/ibiza-y-formentera-tendran-expositor-propio-en-fitur\/#authorImage","url":"https:\/\/www.eldigitaldeasturias.com\/noticias\/wp-content\/litespeed\/avatar\/18677e78aa0546b92d9dbf31ec7d7668.jpg?ver=1777290358","width":96,"height":96,"caption":"El Digital de Asturias"}},{"@type":"WebPage","@id":"https:\/\/www.eldigitaldeasturias.com\/noticias\/ibiza-y-formentera-tendran-expositor-propio-en-fitur\/#webpage","url":"https:\/\/www.eldigitaldeasturias.com\/noticias\/ibiza-y-formentera-tendran-expositor-propio-en-fitur\/","name":"Ibiza y Formentera tendr\u00e1n expositor propio en FITUR - El Digital de Asturias","description":"Palma, 22 ene (EFE).- Ibiza y Formentera presentar\u00e1n su promoci\u00f3n tur\u00edstica en un expositor propio conjunto en la feria de turismo de Madrid FITUR que tendr\u00e1 lugar entre el 28 de enero y el 1 de febrero. La consellera ibicenca de Turismo, Carmen Ferrer, y su hom\u00f3loga de Formentera, Alejandra Ferrer, han presentado hoy la","inLanguage":"es-ES","isPartOf":{"@id":"https:\/\/www.eldigitaldeasturias.com\/noticias\/#website"},"breadcrumb":{"@id":"https:\/\/www.eldigitaldeasturias.com\/noticias\/ibiza-y-formentera-tendran-expositor-propio-en-fitur\/#breadcrumblist"},"author":{"@id":"https:\/\/www.eldigitaldeasturias.com\/noticias\/author\/admin\/#author"},"creator":{"@id":"https:\/\/www.eldigitaldeasturias.com\/noticias\/author\/admin\/#author"},"image":{"@type":"ImageObject","url":"https:\/\/www.eldigitaldeasturias.com\/noticias\/wp-content\/uploads\/2014\/08\/ibiza.jpg","@id":"https:\/\/www.eldigitaldeasturias.com\/noticias\/ibiza-y-formentera-tendran-expositor-propio-en-fitur\/#mainImage","width":1280,"height":853},"primaryImageOfPage":{"@id":"https:\/\/www.eldigitaldeasturias.com\/noticias\/ibiza-y-formentera-tendran-expositor-propio-en-fitur\/#mainImage"},"datePublished":"2015-01-22T21:46:01+01:00","dateModified":"2015-01-22T21:46:01+01:00"},{"@type":"WebSite","@id":"https:\/\/www.eldigitaldeasturias.com\/noticias\/#website","url":"https:\/\/www.eldigitaldeasturias.com\/noticias\/","name":"El Digital de Asturias - Diario de actualidad y noticias","alternateName":"El Digital de Asturias - Diario de actualidad y noticias","description":"Hemeroteca","inLanguage":"es-ES","publisher":{"@id":"https:\/\/www.eldigitaldeasturias.com\/noticias\/#organization"}}]},"og:locale":"es_ES","og:site_name":"El Digital de Asturias","og:type":"article","og:title":"Ibiza y Formentera tendr\u00e1n expositor propio en FITUR - El Digital de Asturias","og:description":"Palma, 22 ene (EFE).- Ibiza y Formentera presentar\u00e1n su promoci\u00f3n tur\u00edstica en un expositor propio conjunto en la feria de turismo de Madrid FITUR que tendr\u00e1 lugar entre el 28 de enero y el 1 de febrero. La consellera ibicenca de Turismo, Carmen Ferrer, y su hom\u00f3loga de Formentera, Alejandra Ferrer, han presentado hoy la","og:url":"https:\/\/www.eldigitaldeasturias.com\/noticias\/ibiza-y-formentera-tendran-expositor-propio-en-fitur\/","og:image":"https:\/\/www.eldigitaldeasturias.com\/noticias\/wp-content\/uploads\/2014\/08\/ibiza.jpg","og:image:secure_url":"https:\/\/www.eldigitaldeasturias.com\/noticias\/wp-content\/uploads\/2014\/08\/ibiza.jpg","og:image:width":1280,"og:image:height":853,"article:tag":["turismo"],"article:published_time":"2015-01-22T20:46:01+00:00","article:modified_time":"2015-01-22T20:46:01+00:00","article:publisher":"https:\/\/facebook.com\/eldigitaldeasturias","twitter:card":"summary_large_image","twitter:title":"Ibiza y Formentera tendr\u00e1n expositor propio en FITUR - El Digital de Asturias","twitter:description":"Palma, 22 ene (EFE).- Ibiza y Formentera presentar\u00e1n su promoci\u00f3n tur\u00edstica en un expositor propio conjunto en la feria de turismo de Madrid FITUR que tendr\u00e1 lugar entre el 28 de enero y el 1 de febrero. La consellera ibicenca de Turismo, Carmen Ferrer, y su hom\u00f3loga de Formentera, Alejandra Ferrer, han presentado hoy la","twitter:image":"https:\/\/www.eldigitaldeasturias.com\/noticias\/wp-content\/uploads\/2014\/08\/ibiza.jpg","twitter:label1":"Escrito por","twitter:data1":"El Digital de Asturias","twitter:label2":"Tiempo de lectura estimado","twitter:data2":"3 minutos"},"aioseo_meta_data":{"post_id":"758414","title":null,"description":null,"keywords":null,"keyphrases":null,"primary_term":null,"canonical_url":null,"og_title":null,"og_description":null,"og_object_type":"default","og_image_type":"default","og_image_url":null,"og_image_width":null,"og_image_height":null,"og_image_custom_url":null,"og_image_custom_fields":null,"og_video":null,"og_custom_url":null,"og_article_section":null,"og_article_tags":null,"twitter_use_og":false,"twitter_card":"default","twitter_image_type":"default","twitter_image_url":null,"twitter_image_custom_url":null,"twitter_image_custom_fields":null,"twitter_title":null,"twitter_description":null,"schema":{"blockGraphs":[],"customGraphs":[],"default":{"data":{"Article":[],"Course":[],"Dataset":[],"FAQPage":[],"Movie":[],"Person":[],"Product":[],"ProductReview":[],"Car":[],"Recipe":[],"Service":[],"SoftwareApplication":[],"WebPage":[]},"graphName":"","isEnabled":true},"graphs":[],"defaultGraph":"","defaultPostTypeGraph":""},"schema_type":null,"schema_type_options":null,"pillar_content":false,"robots_default":true,"robots_noindex":false,"robots_noarchive":false,"robots_nosnippet":false,"robots_nofollow":false,"robots_noimageindex":false,"robots_noodp":false,"robots_notranslate":false,"robots_max_snippet":null,"robots_max_videopreview":null,"robots_max_imagepreview":"large","priority":null,"frequency":null,"local_seo":null,"seo_analyzer_scan_date":"2025-12-15 08:19:28","breadcrumb_settings":null,"limit_modified_date":false,"open_ai":null,"ai":null,"created":"2021-01-23 03:33:10","updated":"2025-12-15 08:19:28"},"aioseo_breadcrumb":"<div class=\"aioseo-breadcrumbs\"><span class=\"aioseo-breadcrumb\">\n\t<a href=\"https:\/\/www.eldigitaldeasturias.com\/noticias\" title=\"Home\">Home<\/a>\n<\/span><span class=\"aioseo-breadcrumb-separator\">\u2013<\/span><span class=\"aioseo-breadcrumb\">\n\t<a href=\"https:\/\/www.eldigitaldeasturias.com\/noticias\/category\/turismo\/\" title=\"Turismo\">Turismo<\/a>\n<\/span><span class=\"aioseo-breadcrumb-separator\">\u2013<\/span><span class=\"aioseo-breadcrumb\">\n\t<a href=\"https:\/\/www.eldigitaldeasturias.com\/noticias\/ibiza-y-formentera-tendran-expositor-propio-en-fitur\/\" title=\"Ibiza y Formentera tendr\u00e1n expositor propio en FITUR\">Ibiza y Formentera tendr\u00e1n expositor propio en FITUR<\/a>\n<\/span><\/div>","aioseo_breadcrumb_json":[{"label":"Home","link":"https:\/\/www.eldigitaldeasturias.com\/noticias"},{"label":"Turismo","link":"https:\/\/www.eldigitaldeasturias.com\/noticias\/category\/turismo\/"},{"label":"Ibiza y Formentera tendr\u00e1n expositor propio en FITUR","link":"https:\/\/www.eldigitaldeasturias.com\/noticias\/ibiza-y-formentera-tendran-expositor-propio-en-fitur\/"}],"_links":{"self":[{"href":"https:\/\/www.eldigitaldeasturias.com\/noticias\/wp-json\/wp\/v2\/posts\/758414","targetHints":{"allow":["GET"]}}],"collection":[{"href":"https:\/\/www.eldigitaldeasturias.com\/noticias\/wp-json\/wp\/v2\/posts"}],"about":[{"href":"https:\/\/www.eldigitaldeasturias.com\/noticias\/wp-json\/wp\/v2\/types\/post"}],"author":[{"embeddable":true,"href":"https:\/\/www.eldigitaldeasturias.com\/noticias\/wp-json\/wp\/v2\/users\/1"}],"replies":[{"embeddable":true,"href":"https:\/\/www.eldigitaldeasturias.com\/noticias\/wp-json\/wp\/v2\/comments?post=758414"}],"version-history":[{"count":0,"href":"https:\/\/www.eldigitaldeasturias.com\/noticias\/wp-json\/wp\/v2\/posts\/758414\/revisions"}],"wp:featuredmedia":[{"embeddable":true,"href":"https:\/\/www.eldigitaldeasturias.com\/noticias\/wp-json\/wp\/v2\/media\/571454"}],"wp:attachment":[{"href":"https:\/\/www.eldigitaldeasturias.com\/noticias\/wp-json\/wp\/v2\/media?parent=758414"}],"wp:term":[{"taxonomy":"category","embeddable":true,"href":"https:\/\/www.eldigitaldeasturias.com\/noticias\/wp-json\/wp\/v2\/categories?post=758414"},{"taxonomy":"post_tag","embeddable":true,"href":"https:\/\/www.eldigitaldeasturias.com\/noticias\/wp-json\/wp\/v2\/tags?post=758414"}],"curies":[{"name":"wp","href":"https:\/\/api.w.org\/{rel}","templated":true}]}}