{"id":757661,"date":"2015-01-22T13:15:45","date_gmt":"2015-01-22T12:15:45","guid":{"rendered":"http:\/\/www.eldigitaldeasturias.com\/noticias\/?p=757661"},"modified":"2015-01-22T13:15:45","modified_gmt":"2015-01-22T12:15:45","slug":"juego-de-tronos-y-la-isla-minima-protagonistas-de-sevilla-en-fitur-2015","status":"publish","type":"post","link":"https:\/\/www.eldigitaldeasturias.com\/noticias\/juego-de-tronos-y-la-isla-minima-protagonistas-de-sevilla-en-fitur-2015\/","title":{"rendered":"\u00abJuego de Tronos\u00bb y \u00abLa Isla M\u00ednima\u00bb, protagonistas de Sevilla en Fitur 2015"},"content":{"rendered":"<p><img loading=\"lazy\" decoding=\"async\" class=\"alignleft size-medium wp-image-757663\" alt=\"9984472w\" src=\"https:\/\/www.eldigitaldeasturias.com\/noticias\/wp-content\/uploads\/2015\/01\/9984472w-360x239.jpg\" width=\"360\" height=\"239\" srcset=\"https:\/\/www.eldigitaldeasturias.com\/noticias\/wp-content\/uploads\/2015\/01\/9984472w-360x239.jpg 360w, https:\/\/www.eldigitaldeasturias.com\/noticias\/wp-content\/uploads\/2015\/01\/9984472w-650x433.jpg 650w, https:\/\/www.eldigitaldeasturias.com\/noticias\/wp-content\/uploads\/2015\/01\/9984472w-84x55.jpg 84w, https:\/\/www.eldigitaldeasturias.com\/noticias\/wp-content\/uploads\/2015\/01\/9984472w.jpg 800w\" sizes=\"auto, (max-width: 360px) 100vw, 360px\" \/>Sevilla, 22 ene (EFE).- La serie \u00abJuego de Tronos\u00bb y el filme \u00abLa Isla M\u00ednima\u00bb constituir\u00e1n la principal apuesta de la Diputaci\u00f3n de Sevilla para promocionar a la capital hispalense en la pr\u00f3xima edici\u00f3n de la Feria Internacional de Turismo (Fitur) 2015 en Madrid.<\/p>\n<p>Los visitantes del expositor de la provincia Sevilla podr\u00e1n fotografiarse en el &#8216;Trono de Hierro de CANAL+&#8217;, cedido por esta cadena que emite en Espa\u00f1a la serie \u00abJuego de Tronos\u00bb, ha informado hoy el presidente de la Diputaci\u00f3n de Sevilla, Fernando Villalobos, en rueda de prensa.<\/p>\n<p>El expositor estar\u00e1 presidido por una composici\u00f3n fotogr\u00e1fica alusiva a los escenarios de rodaje de la serie \u00abJuego de Tronos\u00bb en la provincia, en la que aparecer\u00e1 la plaza de toros de Osuna junto al Real Alc\u00e1zar de Sevilla.<\/p>\n<p>\u00abAl margen de la repercusi\u00f3n internacional en t\u00e9rminos de imagen que supone para un destino acoger rodajes de producciones de \u00e9xito -como es el caso de \u00abJuego de Tronos\u00bb-, lo que s\u00ed parece un hecho es que existe una relaci\u00f3n directa entre localizaci\u00f3n cinematogr\u00e1fica e incremento de turismo\u00bb, ha afirmado Villalobos.<\/p>\n<p>El \u00abTrono de Hierro de CANAL+\u00bb, r\u00e9plica en el que se podr\u00e1n fotografiar los visitantes del expositor, contar\u00e1 con la presencia de figurantes ataviados con vestuario de la serie.<\/p>\n<p>Con esta iniciativa se impulsar\u00e1 al p\u00fablico durante todos los d\u00edas de la feria a subir a la red social de Twitter sus fotograf\u00edas, entre los que se sortear\u00e1 un viaje a la provincia desde cualquier territorio del \u00e1mbito nacional, con visita a las localizaciones sevillanas del rodaje de la exitosa serie.<\/p>\n<p>\u00abLa Ruta de Cine La Isla M\u00ednima\u00bb, itinerario tur\u00edstico basado en la pel\u00edcula de Alberto Rodr\u00edguez, rodada en las marismas del Guadalquivir y principal favorita en los premios Goya con 17 nominaciones, adem\u00e1s de ser la reciente triunfadora en los premios Forqu\u00e9, ser\u00e1 presentada tambi\u00e9n en FITUR 2015.<\/p>\n<p>\u00abEsta obra maestra est\u00e1 llamada a ser una de las mejores embajadoras de la riqueza paisaj\u00edstica de nuestra provincia\u00bb, ha indicado Villalobos.<\/p>\n<p>Este itinerario se incorporar\u00e1 al proyecto \u00abLa Gran Ruta del Cine por Andaluc\u00eda\u00bb, que la entidad Andaluc\u00eda Film Commission desarrolla en colaboraci\u00f3n con Turismo Andaluz y que ser\u00e1 exhibida el jueves 29 de enero.<\/p>\n<p>La Diputaci\u00f3n presentar\u00e1 previamente, el d\u00eda 28, la \u00abGu\u00eda de Rodaje de la Provincia de Sevilla. Localizaciones de Cine\u00bb, destinada a dar a conocer a los profesionales del sector audiovisual nacional e internacional las posibilidades que ofrece el territorio de los municipios sevillanos en este aspecto.<\/p>\n<p>Este documento, realizado en el marco del acuerdo suscrito con Andaluc\u00eda Film Commission, incluye una relaci\u00f3n actualizada de empresas y profesionales acreditados dentro del sector audiovisual en la provincia.<\/p>\n<p>Las nuevas tecnolog\u00edas y la innovaci\u00f3n aplicadas al turismo figurar\u00e1n tambi\u00e9n en esta feria debido a la presencia de ITALICAPP, una aplicaci\u00f3n para dispositivos m\u00f3viles que permitir\u00e1 a los visitantes del Anfiteatro de It\u00e1lica un viaje virtual al pasado.<\/p>\n<p>En este \u00e1mbito destacar\u00e1 adem\u00e1s la presentaci\u00f3n del nuevo v\u00eddeo de promoci\u00f3n tur\u00edstica de la provincia, realizado con las im\u00e1genes aportadas por los usuarios de las redes sociales a trav\u00e9s del concurso \u00abExperiencias en la Provincia de Sevilla\u00bb, organizado por Prodetur.<\/p>\n<p>A esta oferta se sumar\u00e1n presentaciones de productos, publicaciones, rutas y eventos que realizar\u00e1n municipios concretos como \u00c9cija, Osuna, La Puebla de Cazalla o Espartinas, adem\u00e1s de empresas privadas, grupos de desarrollo local o asociaciones del sector.<\/p>\n","protected":false},"excerpt":{"rendered":"<p>Sevilla, 22 ene (EFE).- La serie \u00abJuego de Tronos\u00bb y el filme \u00abLa Isla M\u00ednima\u00bb constituir\u00e1n la principal apuesta de la Diputaci\u00f3n de Sevilla para promocionar a la capital hispalense en la pr\u00f3xima edici\u00f3n de la Feria Internacional de Turismo (Fitur) 2015 en Madrid. Los visitantes del expositor de la provincia Sevilla podr\u00e1n fotografiarse en [&hellip;]<\/p>\n","protected":false},"author":1,"featured_media":757663,"comment_status":"closed","ping_status":"closed","sticky":false,"template":"","format":"standard","meta":{"footnotes":""},"categories":[148],"tags":[],"class_list":["post-757661","post","type-post","status-publish","format-standard","has-post-thumbnail","hentry","category-turismo"],"aioseo_notices":[],"aioseo_head":"\n\t\t<!-- All in One SEO Pro 4.9.6.2 - aioseo.com -->\n\t<meta name=\"description\" content=\"Sevilla, 22 ene (EFE).- La serie &quot;Juego de Tronos&quot; y el filme &quot;La Isla M\u00ednima&quot; constituir\u00e1n la principal apuesta de la Diputaci\u00f3n de Sevilla para promocionar a la capital hispalense en la pr\u00f3xima edici\u00f3n de la Feria Internacional de Turismo (Fitur) 2015 en Madrid. Los visitantes del expositor de la provincia Sevilla podr\u00e1n fotografiarse en\" \/>\n\t<meta name=\"robots\" content=\"max-image-preview:large\" \/>\n\t<meta name=\"author\" content=\"El Digital de Asturias\"\/>\n\t<meta name=\"google-site-verification\" content=\"UA-38556648-1\" \/>\n\t<meta name=\"msvalidate.01\" content=\"7dfe9f3f1b24437ab69f4f2559babe99\" \/>\n\t<meta name=\"keywords\" content=\"turismo\" \/>\n\t<link rel=\"canonical\" href=\"https:\/\/www.eldigitaldeasturias.com\/noticias\/juego-de-tronos-y-la-isla-minima-protagonistas-de-sevilla-en-fitur-2015\/\" \/>\n\t<meta name=\"generator\" content=\"All in One SEO Pro (AIOSEO) 4.9.6.2\" \/>\n\t\t<meta property=\"og:locale\" content=\"es_ES\" \/>\n\t\t<meta property=\"og:site_name\" content=\"El Digital de Asturias\" \/>\n\t\t<meta property=\"og:type\" content=\"article\" \/>\n\t\t<meta property=\"og:title\" content=\"\u00abJuego de Tronos\u00bb y \u00abLa Isla M\u00ednima\u00bb, protagonistas de Sevilla en Fitur 2015 - El Digital de Asturias\" \/>\n\t\t<meta property=\"og:description\" content=\"Sevilla, 22 ene (EFE).- La serie &quot;Juego de Tronos&quot; y el filme &quot;La Isla M\u00ednima&quot; constituir\u00e1n la principal apuesta de la Diputaci\u00f3n de Sevilla para promocionar a la capital hispalense en la pr\u00f3xima edici\u00f3n de la Feria Internacional de Turismo (Fitur) 2015 en Madrid. Los visitantes del expositor de la provincia Sevilla podr\u00e1n fotografiarse en\" \/>\n\t\t<meta property=\"og:url\" content=\"https:\/\/www.eldigitaldeasturias.com\/noticias\/juego-de-tronos-y-la-isla-minima-protagonistas-de-sevilla-en-fitur-2015\/\" \/>\n\t\t<meta property=\"og:image\" content=\"https:\/\/www.eldigitaldeasturias.com\/noticias\/wp-content\/uploads\/2015\/01\/9984472w.jpg\" \/>\n\t\t<meta property=\"og:image:secure_url\" content=\"https:\/\/www.eldigitaldeasturias.com\/noticias\/wp-content\/uploads\/2015\/01\/9984472w.jpg\" \/>\n\t\t<meta property=\"og:image:width\" content=\"800\" \/>\n\t\t<meta property=\"og:image:height\" content=\"533\" \/>\n\t\t<meta property=\"article:tag\" content=\"turismo\" \/>\n\t\t<meta property=\"article:published_time\" content=\"2015-01-22T12:15:45+00:00\" \/>\n\t\t<meta property=\"article:modified_time\" content=\"2015-01-22T12:15:45+00:00\" \/>\n\t\t<meta property=\"article:publisher\" content=\"https:\/\/facebook.com\/eldigitaldeasturias\" \/>\n\t\t<meta name=\"twitter:card\" content=\"summary_large_image\" \/>\n\t\t<meta name=\"twitter:title\" content=\"\u00abJuego de Tronos\u00bb y \u00abLa Isla M\u00ednima\u00bb, protagonistas de Sevilla en Fitur 2015 - El Digital de Asturias\" \/>\n\t\t<meta name=\"twitter:description\" content=\"Sevilla, 22 ene (EFE).- La serie &quot;Juego de Tronos&quot; y el filme &quot;La Isla M\u00ednima&quot; constituir\u00e1n la principal apuesta de la Diputaci\u00f3n de Sevilla para promocionar a la capital hispalense en la pr\u00f3xima edici\u00f3n de la Feria Internacional de Turismo (Fitur) 2015 en Madrid. Los visitantes del expositor de la provincia Sevilla podr\u00e1n fotografiarse en\" \/>\n\t\t<meta name=\"twitter:image\" content=\"https:\/\/www.eldigitaldeasturias.com\/noticias\/wp-content\/uploads\/2015\/01\/9984472w.jpg\" \/>\n\t\t<meta name=\"twitter:label1\" content=\"Escrito por\" \/>\n\t\t<meta name=\"twitter:data1\" content=\"El Digital de Asturias\" \/>\n\t\t<meta name=\"twitter:label2\" content=\"Tiempo de lectura estimado\" \/>\n\t\t<meta name=\"twitter:data2\" content=\"3 minutos\" \/>\n\t\t<script type=\"application\/ld+json\" class=\"aioseo-schema\">\n\t\t\t{\"@context\":\"https:\\\/\\\/schema.org\",\"@graph\":[{\"@type\":\"BlogPosting\",\"@id\":\"https:\\\/\\\/www.eldigitaldeasturias.com\\\/noticias\\\/juego-de-tronos-y-la-isla-minima-protagonistas-de-sevilla-en-fitur-2015\\\/#blogposting\",\"name\":\"\\u00abJuego de Tronos\\u00bb y \\u00abLa Isla M\\u00ednima\\u00bb, protagonistas de Sevilla en Fitur 2015 - El Digital de Asturias\",\"headline\":\"\\u00abJuego de Tronos\\u00bb y \\u00abLa Isla M\\u00ednima\\u00bb, protagonistas de Sevilla en Fitur 2015\",\"author\":{\"@id\":\"https:\\\/\\\/www.eldigitaldeasturias.com\\\/noticias\\\/author\\\/admin\\\/#author\"},\"publisher\":{\"@id\":\"https:\\\/\\\/www.eldigitaldeasturias.com\\\/noticias\\\/#organization\"},\"image\":{\"@type\":\"ImageObject\",\"url\":\"https:\\\/\\\/www.eldigitaldeasturias.com\\\/noticias\\\/wp-content\\\/uploads\\\/2015\\\/01\\\/9984472w.jpg\",\"width\":800,\"height\":533},\"datePublished\":\"2015-01-22T13:15:45+01:00\",\"dateModified\":\"2015-01-22T13:15:45+01:00\",\"inLanguage\":\"es-ES\",\"mainEntityOfPage\":{\"@id\":\"https:\\\/\\\/www.eldigitaldeasturias.com\\\/noticias\\\/juego-de-tronos-y-la-isla-minima-protagonistas-de-sevilla-en-fitur-2015\\\/#webpage\"},\"isPartOf\":{\"@id\":\"https:\\\/\\\/www.eldigitaldeasturias.com\\\/noticias\\\/juego-de-tronos-y-la-isla-minima-protagonistas-de-sevilla-en-fitur-2015\\\/#webpage\"},\"articleSection\":\"Turismo\"},{\"@type\":\"BreadcrumbList\",\"@id\":\"https:\\\/\\\/www.eldigitaldeasturias.com\\\/noticias\\\/juego-de-tronos-y-la-isla-minima-protagonistas-de-sevilla-en-fitur-2015\\\/#breadcrumblist\",\"itemListElement\":[{\"@type\":\"ListItem\",\"@id\":\"https:\\\/\\\/www.eldigitaldeasturias.com\\\/noticias#listItem\",\"position\":1,\"name\":\"Home\",\"item\":\"https:\\\/\\\/www.eldigitaldeasturias.com\\\/noticias\",\"nextItem\":{\"@type\":\"ListItem\",\"@id\":\"https:\\\/\\\/www.eldigitaldeasturias.com\\\/noticias\\\/category\\\/turismo\\\/#listItem\",\"name\":\"Turismo\"}},{\"@type\":\"ListItem\",\"@id\":\"https:\\\/\\\/www.eldigitaldeasturias.com\\\/noticias\\\/category\\\/turismo\\\/#listItem\",\"position\":2,\"name\":\"Turismo\",\"item\":\"https:\\\/\\\/www.eldigitaldeasturias.com\\\/noticias\\\/category\\\/turismo\\\/\",\"nextItem\":{\"@type\":\"ListItem\",\"@id\":\"https:\\\/\\\/www.eldigitaldeasturias.com\\\/noticias\\\/juego-de-tronos-y-la-isla-minima-protagonistas-de-sevilla-en-fitur-2015\\\/#listItem\",\"name\":\"\\u00abJuego de Tronos\\u00bb y \\u00abLa Isla M\\u00ednima\\u00bb, protagonistas de Sevilla en Fitur 2015\"},\"previousItem\":{\"@type\":\"ListItem\",\"@id\":\"https:\\\/\\\/www.eldigitaldeasturias.com\\\/noticias#listItem\",\"name\":\"Home\"}},{\"@type\":\"ListItem\",\"@id\":\"https:\\\/\\\/www.eldigitaldeasturias.com\\\/noticias\\\/juego-de-tronos-y-la-isla-minima-protagonistas-de-sevilla-en-fitur-2015\\\/#listItem\",\"position\":3,\"name\":\"\\u00abJuego de Tronos\\u00bb y \\u00abLa Isla M\\u00ednima\\u00bb, protagonistas de Sevilla en Fitur 2015\",\"previousItem\":{\"@type\":\"ListItem\",\"@id\":\"https:\\\/\\\/www.eldigitaldeasturias.com\\\/noticias\\\/category\\\/turismo\\\/#listItem\",\"name\":\"Turismo\"}}]},{\"@type\":\"Organization\",\"@id\":\"https:\\\/\\\/www.eldigitaldeasturias.com\\\/noticias\\\/#organization\",\"name\":\"El Digital de Asturias\",\"description\":\"Hemeroteca\",\"url\":\"https:\\\/\\\/www.eldigitaldeasturias.com\\\/noticias\\\/\",\"email\":\"info@eldigitaldeasturias.com\",\"telephone\":\"+34652131393\",\"logo\":{\"@type\":\"ImageObject\",\"url\":\"https:\\\/\\\/www.eldigitaldeasturias.com\\\/noticias\\\/wp-content\\\/uploads\\\/2020\\\/12\\\/EDA.jpg\",\"@id\":\"https:\\\/\\\/www.eldigitaldeasturias.com\\\/noticias\\\/juego-de-tronos-y-la-isla-minima-protagonistas-de-sevilla-en-fitur-2015\\\/#organizationLogo\",\"width\":649,\"height\":297},\"image\":{\"@id\":\"https:\\\/\\\/www.eldigitaldeasturias.com\\\/noticias\\\/juego-de-tronos-y-la-isla-minima-protagonistas-de-sevilla-en-fitur-2015\\\/#organizationLogo\"},\"sameAs\":[\"https:\\\/\\\/facebook.com\\\/eldigitaldeasturias\",\"https:\\\/\\\/www.youtube.com\\\/channel\\\/UCZP-2wLEB9Rv6erhFmqVnvg\"],\"address\":{\"@id\":\"https:\\\/\\\/www.eldigitaldeasturias.com\\\/noticias\\\/#postaladdress\",\"@type\":\"PostalAddress\",\"streetAddress\":\"san antonio 4,\",\"postalCode\":\"33430\",\"addressLocality\":\"Cand\\u00e1s\",\"addressRegion\":\"Asturias\",\"addressCountry\":\"ES\"}},{\"@type\":\"Person\",\"@id\":\"https:\\\/\\\/www.eldigitaldeasturias.com\\\/noticias\\\/author\\\/admin\\\/#author\",\"url\":\"https:\\\/\\\/www.eldigitaldeasturias.com\\\/noticias\\\/author\\\/admin\\\/\",\"name\":\"El Digital de Asturias\",\"image\":{\"@type\":\"ImageObject\",\"@id\":\"https:\\\/\\\/www.eldigitaldeasturias.com\\\/noticias\\\/juego-de-tronos-y-la-isla-minima-protagonistas-de-sevilla-en-fitur-2015\\\/#authorImage\",\"url\":\"https:\\\/\\\/www.eldigitaldeasturias.com\\\/noticias\\\/wp-content\\\/litespeed\\\/avatar\\\/18677e78aa0546b92d9dbf31ec7d7668.jpg?ver=1777290358\",\"width\":96,\"height\":96,\"caption\":\"El Digital de Asturias\"}},{\"@type\":\"WebPage\",\"@id\":\"https:\\\/\\\/www.eldigitaldeasturias.com\\\/noticias\\\/juego-de-tronos-y-la-isla-minima-protagonistas-de-sevilla-en-fitur-2015\\\/#webpage\",\"url\":\"https:\\\/\\\/www.eldigitaldeasturias.com\\\/noticias\\\/juego-de-tronos-y-la-isla-minima-protagonistas-de-sevilla-en-fitur-2015\\\/\",\"name\":\"\\u00abJuego de Tronos\\u00bb y \\u00abLa Isla M\\u00ednima\\u00bb, protagonistas de Sevilla en Fitur 2015 - El Digital de Asturias\",\"description\":\"Sevilla, 22 ene (EFE).- La serie \\\"Juego de Tronos\\\" y el filme \\\"La Isla M\\u00ednima\\\" constituir\\u00e1n la principal apuesta de la Diputaci\\u00f3n de Sevilla para promocionar a la capital hispalense en la pr\\u00f3xima edici\\u00f3n de la Feria Internacional de Turismo (Fitur) 2015 en Madrid. Los visitantes del expositor de la provincia Sevilla podr\\u00e1n fotografiarse en\",\"inLanguage\":\"es-ES\",\"isPartOf\":{\"@id\":\"https:\\\/\\\/www.eldigitaldeasturias.com\\\/noticias\\\/#website\"},\"breadcrumb\":{\"@id\":\"https:\\\/\\\/www.eldigitaldeasturias.com\\\/noticias\\\/juego-de-tronos-y-la-isla-minima-protagonistas-de-sevilla-en-fitur-2015\\\/#breadcrumblist\"},\"author\":{\"@id\":\"https:\\\/\\\/www.eldigitaldeasturias.com\\\/noticias\\\/author\\\/admin\\\/#author\"},\"creator\":{\"@id\":\"https:\\\/\\\/www.eldigitaldeasturias.com\\\/noticias\\\/author\\\/admin\\\/#author\"},\"image\":{\"@type\":\"ImageObject\",\"url\":\"https:\\\/\\\/www.eldigitaldeasturias.com\\\/noticias\\\/wp-content\\\/uploads\\\/2015\\\/01\\\/9984472w.jpg\",\"@id\":\"https:\\\/\\\/www.eldigitaldeasturias.com\\\/noticias\\\/juego-de-tronos-y-la-isla-minima-protagonistas-de-sevilla-en-fitur-2015\\\/#mainImage\",\"width\":800,\"height\":533},\"primaryImageOfPage\":{\"@id\":\"https:\\\/\\\/www.eldigitaldeasturias.com\\\/noticias\\\/juego-de-tronos-y-la-isla-minima-protagonistas-de-sevilla-en-fitur-2015\\\/#mainImage\"},\"datePublished\":\"2015-01-22T13:15:45+01:00\",\"dateModified\":\"2015-01-22T13:15:45+01:00\"},{\"@type\":\"WebSite\",\"@id\":\"https:\\\/\\\/www.eldigitaldeasturias.com\\\/noticias\\\/#website\",\"url\":\"https:\\\/\\\/www.eldigitaldeasturias.com\\\/noticias\\\/\",\"name\":\"El Digital de Asturias - Diario de actualidad y noticias\",\"alternateName\":\"El Digital de Asturias - Diario de actualidad y noticias\",\"description\":\"Hemeroteca\",\"inLanguage\":\"es-ES\",\"publisher\":{\"@id\":\"https:\\\/\\\/www.eldigitaldeasturias.com\\\/noticias\\\/#organization\"}}]}\n\t\t<\/script>\n\t\t<!-- All in One SEO Pro -->\r\n\t\t<title>\u00abJuego de Tronos\u00bb y \u00abLa Isla M\u00ednima\u00bb, protagonistas de Sevilla en Fitur 2015 - El Digital de Asturias<\/title>\n\n","aioseo_head_json":{"title":"\u00abJuego de Tronos\u00bb y \u00abLa Isla M\u00ednima\u00bb, protagonistas de Sevilla en Fitur 2015 - El Digital de Asturias","description":"Sevilla, 22 ene (EFE).- La serie \"Juego de Tronos\" y el filme \"La Isla M\u00ednima\" constituir\u00e1n la principal apuesta de la Diputaci\u00f3n de Sevilla para promocionar a la capital hispalense en la pr\u00f3xima edici\u00f3n de la Feria Internacional de Turismo (Fitur) 2015 en Madrid. Los visitantes del expositor de la provincia Sevilla podr\u00e1n fotografiarse en","canonical_url":"https:\/\/www.eldigitaldeasturias.com\/noticias\/juego-de-tronos-y-la-isla-minima-protagonistas-de-sevilla-en-fitur-2015\/","robots":"max-image-preview:large","keywords":"turismo","webmasterTools":{"google-site-verification":"UA-38556648-1","msvalidate.01":"7dfe9f3f1b24437ab69f4f2559babe99","miscellaneous":""},"schema":{"@context":"https:\/\/schema.org","@graph":[{"@type":"BlogPosting","@id":"https:\/\/www.eldigitaldeasturias.com\/noticias\/juego-de-tronos-y-la-isla-minima-protagonistas-de-sevilla-en-fitur-2015\/#blogposting","name":"\u00abJuego de Tronos\u00bb y \u00abLa Isla M\u00ednima\u00bb, protagonistas de Sevilla en Fitur 2015 - El Digital de Asturias","headline":"\u00abJuego de Tronos\u00bb y \u00abLa Isla M\u00ednima\u00bb, protagonistas de Sevilla en Fitur 2015","author":{"@id":"https:\/\/www.eldigitaldeasturias.com\/noticias\/author\/admin\/#author"},"publisher":{"@id":"https:\/\/www.eldigitaldeasturias.com\/noticias\/#organization"},"image":{"@type":"ImageObject","url":"https:\/\/www.eldigitaldeasturias.com\/noticias\/wp-content\/uploads\/2015\/01\/9984472w.jpg","width":800,"height":533},"datePublished":"2015-01-22T13:15:45+01:00","dateModified":"2015-01-22T13:15:45+01:00","inLanguage":"es-ES","mainEntityOfPage":{"@id":"https:\/\/www.eldigitaldeasturias.com\/noticias\/juego-de-tronos-y-la-isla-minima-protagonistas-de-sevilla-en-fitur-2015\/#webpage"},"isPartOf":{"@id":"https:\/\/www.eldigitaldeasturias.com\/noticias\/juego-de-tronos-y-la-isla-minima-protagonistas-de-sevilla-en-fitur-2015\/#webpage"},"articleSection":"Turismo"},{"@type":"BreadcrumbList","@id":"https:\/\/www.eldigitaldeasturias.com\/noticias\/juego-de-tronos-y-la-isla-minima-protagonistas-de-sevilla-en-fitur-2015\/#breadcrumblist","itemListElement":[{"@type":"ListItem","@id":"https:\/\/www.eldigitaldeasturias.com\/noticias#listItem","position":1,"name":"Home","item":"https:\/\/www.eldigitaldeasturias.com\/noticias","nextItem":{"@type":"ListItem","@id":"https:\/\/www.eldigitaldeasturias.com\/noticias\/category\/turismo\/#listItem","name":"Turismo"}},{"@type":"ListItem","@id":"https:\/\/www.eldigitaldeasturias.com\/noticias\/category\/turismo\/#listItem","position":2,"name":"Turismo","item":"https:\/\/www.eldigitaldeasturias.com\/noticias\/category\/turismo\/","nextItem":{"@type":"ListItem","@id":"https:\/\/www.eldigitaldeasturias.com\/noticias\/juego-de-tronos-y-la-isla-minima-protagonistas-de-sevilla-en-fitur-2015\/#listItem","name":"\u00abJuego de Tronos\u00bb y \u00abLa Isla M\u00ednima\u00bb, protagonistas de Sevilla en Fitur 2015"},"previousItem":{"@type":"ListItem","@id":"https:\/\/www.eldigitaldeasturias.com\/noticias#listItem","name":"Home"}},{"@type":"ListItem","@id":"https:\/\/www.eldigitaldeasturias.com\/noticias\/juego-de-tronos-y-la-isla-minima-protagonistas-de-sevilla-en-fitur-2015\/#listItem","position":3,"name":"\u00abJuego de Tronos\u00bb y \u00abLa Isla M\u00ednima\u00bb, protagonistas de Sevilla en Fitur 2015","previousItem":{"@type":"ListItem","@id":"https:\/\/www.eldigitaldeasturias.com\/noticias\/category\/turismo\/#listItem","name":"Turismo"}}]},{"@type":"Organization","@id":"https:\/\/www.eldigitaldeasturias.com\/noticias\/#organization","name":"El Digital de Asturias","description":"Hemeroteca","url":"https:\/\/www.eldigitaldeasturias.com\/noticias\/","email":"info@eldigitaldeasturias.com","telephone":"+34652131393","logo":{"@type":"ImageObject","url":"https:\/\/www.eldigitaldeasturias.com\/noticias\/wp-content\/uploads\/2020\/12\/EDA.jpg","@id":"https:\/\/www.eldigitaldeasturias.com\/noticias\/juego-de-tronos-y-la-isla-minima-protagonistas-de-sevilla-en-fitur-2015\/#organizationLogo","width":649,"height":297},"image":{"@id":"https:\/\/www.eldigitaldeasturias.com\/noticias\/juego-de-tronos-y-la-isla-minima-protagonistas-de-sevilla-en-fitur-2015\/#organizationLogo"},"sameAs":["https:\/\/facebook.com\/eldigitaldeasturias","https:\/\/www.youtube.com\/channel\/UCZP-2wLEB9Rv6erhFmqVnvg"],"address":{"@id":"https:\/\/www.eldigitaldeasturias.com\/noticias\/#postaladdress","@type":"PostalAddress","streetAddress":"san antonio 4,","postalCode":"33430","addressLocality":"Cand\u00e1s","addressRegion":"Asturias","addressCountry":"ES"}},{"@type":"Person","@id":"https:\/\/www.eldigitaldeasturias.com\/noticias\/author\/admin\/#author","url":"https:\/\/www.eldigitaldeasturias.com\/noticias\/author\/admin\/","name":"El Digital de Asturias","image":{"@type":"ImageObject","@id":"https:\/\/www.eldigitaldeasturias.com\/noticias\/juego-de-tronos-y-la-isla-minima-protagonistas-de-sevilla-en-fitur-2015\/#authorImage","url":"https:\/\/www.eldigitaldeasturias.com\/noticias\/wp-content\/litespeed\/avatar\/18677e78aa0546b92d9dbf31ec7d7668.jpg?ver=1777290358","width":96,"height":96,"caption":"El Digital de Asturias"}},{"@type":"WebPage","@id":"https:\/\/www.eldigitaldeasturias.com\/noticias\/juego-de-tronos-y-la-isla-minima-protagonistas-de-sevilla-en-fitur-2015\/#webpage","url":"https:\/\/www.eldigitaldeasturias.com\/noticias\/juego-de-tronos-y-la-isla-minima-protagonistas-de-sevilla-en-fitur-2015\/","name":"\u00abJuego de Tronos\u00bb y \u00abLa Isla M\u00ednima\u00bb, protagonistas de Sevilla en Fitur 2015 - El Digital de Asturias","description":"Sevilla, 22 ene (EFE).- La serie \"Juego de Tronos\" y el filme \"La Isla M\u00ednima\" constituir\u00e1n la principal apuesta de la Diputaci\u00f3n de Sevilla para promocionar a la capital hispalense en la pr\u00f3xima edici\u00f3n de la Feria Internacional de Turismo (Fitur) 2015 en Madrid. Los visitantes del expositor de la provincia Sevilla podr\u00e1n fotografiarse en","inLanguage":"es-ES","isPartOf":{"@id":"https:\/\/www.eldigitaldeasturias.com\/noticias\/#website"},"breadcrumb":{"@id":"https:\/\/www.eldigitaldeasturias.com\/noticias\/juego-de-tronos-y-la-isla-minima-protagonistas-de-sevilla-en-fitur-2015\/#breadcrumblist"},"author":{"@id":"https:\/\/www.eldigitaldeasturias.com\/noticias\/author\/admin\/#author"},"creator":{"@id":"https:\/\/www.eldigitaldeasturias.com\/noticias\/author\/admin\/#author"},"image":{"@type":"ImageObject","url":"https:\/\/www.eldigitaldeasturias.com\/noticias\/wp-content\/uploads\/2015\/01\/9984472w.jpg","@id":"https:\/\/www.eldigitaldeasturias.com\/noticias\/juego-de-tronos-y-la-isla-minima-protagonistas-de-sevilla-en-fitur-2015\/#mainImage","width":800,"height":533},"primaryImageOfPage":{"@id":"https:\/\/www.eldigitaldeasturias.com\/noticias\/juego-de-tronos-y-la-isla-minima-protagonistas-de-sevilla-en-fitur-2015\/#mainImage"},"datePublished":"2015-01-22T13:15:45+01:00","dateModified":"2015-01-22T13:15:45+01:00"},{"@type":"WebSite","@id":"https:\/\/www.eldigitaldeasturias.com\/noticias\/#website","url":"https:\/\/www.eldigitaldeasturias.com\/noticias\/","name":"El Digital de Asturias - Diario de actualidad y noticias","alternateName":"El Digital de Asturias - Diario de actualidad y noticias","description":"Hemeroteca","inLanguage":"es-ES","publisher":{"@id":"https:\/\/www.eldigitaldeasturias.com\/noticias\/#organization"}}]},"og:locale":"es_ES","og:site_name":"El Digital de Asturias","og:type":"article","og:title":"\u00abJuego de Tronos\u00bb y \u00abLa Isla M\u00ednima\u00bb, protagonistas de Sevilla en Fitur 2015 - El Digital de Asturias","og:description":"Sevilla, 22 ene (EFE).- La serie &quot;Juego de Tronos&quot; y el filme &quot;La Isla M\u00ednima&quot; constituir\u00e1n la principal apuesta de la Diputaci\u00f3n de Sevilla para promocionar a la capital hispalense en la pr\u00f3xima edici\u00f3n de la Feria Internacional de Turismo (Fitur) 2015 en Madrid. Los visitantes del expositor de la provincia Sevilla podr\u00e1n fotografiarse en","og:url":"https:\/\/www.eldigitaldeasturias.com\/noticias\/juego-de-tronos-y-la-isla-minima-protagonistas-de-sevilla-en-fitur-2015\/","og:image":"https:\/\/www.eldigitaldeasturias.com\/noticias\/wp-content\/uploads\/2015\/01\/9984472w.jpg","og:image:secure_url":"https:\/\/www.eldigitaldeasturias.com\/noticias\/wp-content\/uploads\/2015\/01\/9984472w.jpg","og:image:width":800,"og:image:height":533,"article:tag":["turismo"],"article:published_time":"2015-01-22T12:15:45+00:00","article:modified_time":"2015-01-22T12:15:45+00:00","article:publisher":"https:\/\/facebook.com\/eldigitaldeasturias","twitter:card":"summary_large_image","twitter:title":"\u00abJuego de Tronos\u00bb y \u00abLa Isla M\u00ednima\u00bb, protagonistas de Sevilla en Fitur 2015 - El Digital de Asturias","twitter:description":"Sevilla, 22 ene (EFE).- La serie &quot;Juego de Tronos&quot; y el filme &quot;La Isla M\u00ednima&quot; constituir\u00e1n la principal apuesta de la Diputaci\u00f3n de Sevilla para promocionar a la capital hispalense en la pr\u00f3xima edici\u00f3n de la Feria Internacional de Turismo (Fitur) 2015 en Madrid. Los visitantes del expositor de la provincia Sevilla podr\u00e1n fotografiarse en","twitter:image":"https:\/\/www.eldigitaldeasturias.com\/noticias\/wp-content\/uploads\/2015\/01\/9984472w.jpg","twitter:label1":"Escrito por","twitter:data1":"El Digital de Asturias","twitter:label2":"Tiempo de lectura estimado","twitter:data2":"3 minutos"},"aioseo_meta_data":{"post_id":"757661","title":null,"description":null,"keywords":null,"keyphrases":null,"primary_term":null,"canonical_url":null,"og_title":null,"og_description":null,"og_object_type":"default","og_image_type":"default","og_image_url":null,"og_image_width":null,"og_image_height":null,"og_image_custom_url":null,"og_image_custom_fields":null,"og_video":null,"og_custom_url":null,"og_article_section":null,"og_article_tags":null,"twitter_use_og":false,"twitter_card":"default","twitter_image_type":"default","twitter_image_url":null,"twitter_image_custom_url":null,"twitter_image_custom_fields":null,"twitter_title":null,"twitter_description":null,"schema":{"blockGraphs":[],"customGraphs":[],"default":{"data":{"Article":[],"Course":[],"Dataset":[],"FAQPage":[],"Movie":[],"Person":[],"Product":[],"ProductReview":[],"Car":[],"Recipe":[],"Service":[],"SoftwareApplication":[],"WebPage":[]},"graphName":"","isEnabled":true},"graphs":[],"defaultGraph":"","defaultPostTypeGraph":""},"schema_type":null,"schema_type_options":null,"pillar_content":false,"robots_default":true,"robots_noindex":false,"robots_noarchive":false,"robots_nosnippet":false,"robots_nofollow":false,"robots_noimageindex":false,"robots_noodp":false,"robots_notranslate":false,"robots_max_snippet":null,"robots_max_videopreview":null,"robots_max_imagepreview":"large","priority":null,"frequency":null,"local_seo":null,"seo_analyzer_scan_date":"2025-12-15 05:30:46","breadcrumb_settings":null,"limit_modified_date":false,"open_ai":null,"ai":null,"created":"2021-01-23 03:28:11","updated":"2025-12-15 05:30:46"},"aioseo_breadcrumb":"<div class=\"aioseo-breadcrumbs\"><span class=\"aioseo-breadcrumb\">\n\t<a href=\"https:\/\/www.eldigitaldeasturias.com\/noticias\" title=\"Home\">Home<\/a>\n<\/span><span class=\"aioseo-breadcrumb-separator\">\u2013<\/span><span class=\"aioseo-breadcrumb\">\n\t<a href=\"https:\/\/www.eldigitaldeasturias.com\/noticias\/category\/turismo\/\" title=\"Turismo\">Turismo<\/a>\n<\/span><span class=\"aioseo-breadcrumb-separator\">\u2013<\/span><span class=\"aioseo-breadcrumb\">\n\t<a href=\"https:\/\/www.eldigitaldeasturias.com\/noticias\/juego-de-tronos-y-la-isla-minima-protagonistas-de-sevilla-en-fitur-2015\/\" title=\"\u00abJuego de Tronos\u00bb y \u00abLa Isla M\u00ednima\u00bb, protagonistas de Sevilla en Fitur 2015\">\u00abJuego de Tronos\u00bb y \u00abLa Isla M\u00ednima\u00bb, protagonistas de Sevilla en Fitur 2015<\/a>\n<\/span><\/div>","aioseo_breadcrumb_json":[{"label":"Home","link":"https:\/\/www.eldigitaldeasturias.com\/noticias"},{"label":"Turismo","link":"https:\/\/www.eldigitaldeasturias.com\/noticias\/category\/turismo\/"},{"label":"\u00abJuego de Tronos\u00bb y \u00abLa Isla M\u00ednima\u00bb, protagonistas de Sevilla en Fitur 2015","link":"https:\/\/www.eldigitaldeasturias.com\/noticias\/juego-de-tronos-y-la-isla-minima-protagonistas-de-sevilla-en-fitur-2015\/"}],"_links":{"self":[{"href":"https:\/\/www.eldigitaldeasturias.com\/noticias\/wp-json\/wp\/v2\/posts\/757661","targetHints":{"allow":["GET"]}}],"collection":[{"href":"https:\/\/www.eldigitaldeasturias.com\/noticias\/wp-json\/wp\/v2\/posts"}],"about":[{"href":"https:\/\/www.eldigitaldeasturias.com\/noticias\/wp-json\/wp\/v2\/types\/post"}],"author":[{"embeddable":true,"href":"https:\/\/www.eldigitaldeasturias.com\/noticias\/wp-json\/wp\/v2\/users\/1"}],"replies":[{"embeddable":true,"href":"https:\/\/www.eldigitaldeasturias.com\/noticias\/wp-json\/wp\/v2\/comments?post=757661"}],"version-history":[{"count":0,"href":"https:\/\/www.eldigitaldeasturias.com\/noticias\/wp-json\/wp\/v2\/posts\/757661\/revisions"}],"wp:featuredmedia":[{"embeddable":true,"href":"https:\/\/www.eldigitaldeasturias.com\/noticias\/wp-json\/wp\/v2\/media\/757663"}],"wp:attachment":[{"href":"https:\/\/www.eldigitaldeasturias.com\/noticias\/wp-json\/wp\/v2\/media?parent=757661"}],"wp:term":[{"taxonomy":"category","embeddable":true,"href":"https:\/\/www.eldigitaldeasturias.com\/noticias\/wp-json\/wp\/v2\/categories?post=757661"},{"taxonomy":"post_tag","embeddable":true,"href":"https:\/\/www.eldigitaldeasturias.com\/noticias\/wp-json\/wp\/v2\/tags?post=757661"}],"curies":[{"name":"wp","href":"https:\/\/api.w.org\/{rel}","templated":true}]}}