{"id":756963,"date":"2015-01-21T20:44:57","date_gmt":"2015-01-21T19:44:57","guid":{"rendered":"http:\/\/www.eldigitaldeasturias.com\/noticias\/?p=756963"},"modified":"2015-01-21T20:44:57","modified_gmt":"2015-01-21T19:44:57","slug":"menorca-buscara-en-fitur-atraer-a-mas-turistas-franceses-en-2015","status":"publish","type":"post","link":"https:\/\/www.eldigitaldeasturias.com\/noticias\/menorca-buscara-en-fitur-atraer-a-mas-turistas-franceses-en-2015\/","title":{"rendered":"Menorca buscar\u00e1 en FITUR atraer a m\u00e1s turistas franceses en 2015"},"content":{"rendered":"<p><img loading=\"lazy\" decoding=\"async\" class=\"alignleft size-medium wp-image-581339\" alt=\"Ciutadella_de_Menorca\" src=\"https:\/\/www.eldigitaldeasturias.com\/noticias\/wp-content\/uploads\/2014\/08\/Ciutadella_de_Menorca-360x269.jpg\" width=\"360\" height=\"269\" \/>Mah\u00f3n (Menorca), 21 ene (EFE).- La Conselleria de Turismo del Consell de Menorca prev\u00e9 aumentar para 2015 la cifra de visitantes galos a la isla, por lo que este ser\u00e1 uno de los objetivos del organismo insular en la Feria Internacional de Turismo (FITUR), que se celebrar\u00e1 en Madrid de 28 de febrero y al 1 de febrero.<\/p>\n<p>Con este fin, se mantendr\u00e1n reuniones con los principales agentes y empresas tur\u00edsticas del mundo para promocionar la isla como \u00abproducto tur\u00edstico de primer orden\u00bb la feria madrile\u00f1a.<\/p>\n<p>Seg\u00fan ha explicado la consellera de Turismo de Menorca, Salom\u00e9 Cabrera, en Fitur 2014 se prest\u00f3 especial atenci\u00f3n al mercado franc\u00e9s. Este a\u00f1o se ha propuesto aumentar \u00abla buena cifra de visitante galos a Menorca de la temporada pasada, de ah\u00ed la importancia de este encuentro\u00bb.<\/p>\n<p>\u00abHemos trasladado -ha indicado Cabrera- la agenda de trabajo a los miembros del futuro patronato de la Fundaci\u00f3 Dest\u00ed Menorca para que participen en los encuentros de la feria\u00bb.<\/p>\n<p>Para Cabrera, el principal reto consiste en \u00abseguir trabajando con fuerza conjuntamente con el sector privado para los mercados tradicionales, y al mismo tiempo para consolidaci\u00f3n de nuevos mercados y en la apertura de otros, seg\u00fan la l\u00ednea de trabajo marcada hace tres a\u00f1os\u00bb.<\/p>\n<p>Esta l\u00ednea, ha a\u00f1adido, \u00abest\u00e1 dando sus frutos, tanto en promoci\u00f3n, como en especializaci\u00f3n y diversificaci\u00f3n de producto, como en el posicionamiento\u00bb de Menorca como destino.<\/p>\n<p>Las reuniones, a las que asistir\u00e1 Cabrera junto a los t\u00e9cnicos de Fundaci\u00f3 Dest\u00ed Menorca, tendr\u00e1n lugar durante los tres d\u00edas de FITUR.<\/p>\n<p>Entre los encuentros destacan lo que se celebrar\u00e1n con Thomas Cook, TUI UK Traveling, British Airways, Jet 2, Google o Vueling, as\u00ed como con Odigeo, muchoviaje.com, Viajes El Corte Ingl\u00e9s, FTI, Atr\u00e1palo, Rumbo, Monarch y Air Europa.<\/p>\n<p>La consellera de Turismo de Menorca tambi\u00e9n se reunir\u00e1 con la Oficina Espa\u00f1ola de Turismo de Par\u00eds y la de Copenhague para establecer acuerdos de colaboraci\u00f3n que permitan realizar acciones promocionales en los mercados de origen e incentivar la demanda hacia Menorca.<\/p>\n","protected":false},"excerpt":{"rendered":"<p>Mah\u00f3n (Menorca), 21 ene (EFE).- La Conselleria de Turismo del Consell de Menorca prev\u00e9 aumentar para 2015 la cifra de visitantes galos a la isla, por lo que este ser\u00e1 uno de los objetivos del organismo insular en la Feria Internacional de Turismo (FITUR), que se celebrar\u00e1 en Madrid de 28 de febrero y al [&hellip;]<\/p>\n","protected":false},"author":1,"featured_media":581339,"comment_status":"closed","ping_status":"closed","sticky":false,"template":"","format":"standard","meta":{"footnotes":""},"categories":[148],"tags":[],"class_list":["post-756963","post","type-post","status-publish","format-standard","has-post-thumbnail","hentry","category-turismo"],"aioseo_notices":[],"aioseo_head":"\n\t\t<!-- All in One SEO Pro 4.9.6.2 - aioseo.com -->\n\t<meta name=\"description\" content=\"Mah\u00f3n (Menorca), 21 ene (EFE).- La Conselleria de Turismo del Consell de Menorca prev\u00e9 aumentar para 2015 la cifra de visitantes galos a la isla, por lo que este ser\u00e1 uno de los objetivos del organismo insular en la Feria Internacional de Turismo (FITUR), que se celebrar\u00e1 en Madrid de 28 de febrero y al\" \/>\n\t<meta name=\"robots\" content=\"max-image-preview:large\" \/>\n\t<meta name=\"author\" content=\"El Digital de Asturias\"\/>\n\t<meta name=\"google-site-verification\" content=\"UA-38556648-1\" \/>\n\t<meta name=\"msvalidate.01\" content=\"7dfe9f3f1b24437ab69f4f2559babe99\" \/>\n\t<meta name=\"keywords\" content=\"turismo\" \/>\n\t<link rel=\"canonical\" href=\"https:\/\/www.eldigitaldeasturias.com\/noticias\/menorca-buscara-en-fitur-atraer-a-mas-turistas-franceses-en-2015\/\" \/>\n\t<meta name=\"generator\" content=\"All in One SEO Pro (AIOSEO) 4.9.6.2\" \/>\n\t\t<meta property=\"og:locale\" content=\"es_ES\" \/>\n\t\t<meta property=\"og:site_name\" content=\"El Digital de Asturias\" \/>\n\t\t<meta property=\"og:type\" content=\"article\" \/>\n\t\t<meta property=\"og:title\" content=\"Menorca buscar\u00e1 en FITUR atraer a m\u00e1s turistas franceses en 2015 - El Digital de Asturias\" \/>\n\t\t<meta property=\"og:description\" content=\"Mah\u00f3n (Menorca), 21 ene (EFE).- La Conselleria de Turismo del Consell de Menorca prev\u00e9 aumentar para 2015 la cifra de visitantes galos a la isla, por lo que este ser\u00e1 uno de los objetivos del organismo insular en la Feria Internacional de Turismo (FITUR), que se celebrar\u00e1 en Madrid de 28 de febrero y al\" \/>\n\t\t<meta property=\"og:url\" content=\"https:\/\/www.eldigitaldeasturias.com\/noticias\/menorca-buscara-en-fitur-atraer-a-mas-turistas-franceses-en-2015\/\" \/>\n\t\t<meta property=\"og:image\" content=\"https:\/\/www.eldigitaldeasturias.com\/noticias\/wp-content\/uploads\/2014\/08\/Ciutadella_de_Menorca.jpg\" \/>\n\t\t<meta property=\"og:image:secure_url\" content=\"https:\/\/www.eldigitaldeasturias.com\/noticias\/wp-content\/uploads\/2014\/08\/Ciutadella_de_Menorca.jpg\" \/>\n\t\t<meta property=\"og:image:width\" content=\"550\" \/>\n\t\t<meta property=\"og:image:height\" content=\"412\" \/>\n\t\t<meta property=\"article:tag\" content=\"turismo\" \/>\n\t\t<meta property=\"article:published_time\" content=\"2015-01-21T19:44:57+00:00\" \/>\n\t\t<meta property=\"article:modified_time\" content=\"2015-01-21T19:44:57+00:00\" \/>\n\t\t<meta property=\"article:publisher\" content=\"https:\/\/facebook.com\/eldigitaldeasturias\" \/>\n\t\t<meta name=\"twitter:card\" content=\"summary_large_image\" \/>\n\t\t<meta name=\"twitter:title\" content=\"Menorca buscar\u00e1 en FITUR atraer a m\u00e1s turistas franceses en 2015 - El Digital de Asturias\" \/>\n\t\t<meta name=\"twitter:description\" content=\"Mah\u00f3n (Menorca), 21 ene (EFE).- La Conselleria de Turismo del Consell de Menorca prev\u00e9 aumentar para 2015 la cifra de visitantes galos a la isla, por lo que este ser\u00e1 uno de los objetivos del organismo insular en la Feria Internacional de Turismo (FITUR), que se celebrar\u00e1 en Madrid de 28 de febrero y al\" \/>\n\t\t<meta name=\"twitter:image\" content=\"https:\/\/www.eldigitaldeasturias.com\/noticias\/wp-content\/uploads\/2014\/08\/Ciutadella_de_Menorca.jpg\" \/>\n\t\t<meta name=\"twitter:label1\" content=\"Escrito por\" \/>\n\t\t<meta name=\"twitter:data1\" content=\"El Digital de Asturias\" \/>\n\t\t<meta name=\"twitter:label2\" content=\"Tiempo de lectura estimado\" \/>\n\t\t<meta name=\"twitter:data2\" content=\"2 minutos\" \/>\n\t\t<script type=\"application\/ld+json\" class=\"aioseo-schema\">\n\t\t\t{\"@context\":\"https:\\\/\\\/schema.org\",\"@graph\":[{\"@type\":\"BlogPosting\",\"@id\":\"https:\\\/\\\/www.eldigitaldeasturias.com\\\/noticias\\\/menorca-buscara-en-fitur-atraer-a-mas-turistas-franceses-en-2015\\\/#blogposting\",\"name\":\"Menorca buscar\\u00e1 en FITUR atraer a m\\u00e1s turistas franceses en 2015 - El Digital de Asturias\",\"headline\":\"Menorca buscar\\u00e1 en FITUR atraer a m\\u00e1s turistas franceses en 2015\",\"author\":{\"@id\":\"https:\\\/\\\/www.eldigitaldeasturias.com\\\/noticias\\\/author\\\/admin\\\/#author\"},\"publisher\":{\"@id\":\"https:\\\/\\\/www.eldigitaldeasturias.com\\\/noticias\\\/#organization\"},\"image\":{\"@type\":\"ImageObject\",\"url\":\"https:\\\/\\\/www.eldigitaldeasturias.com\\\/noticias\\\/wp-content\\\/uploads\\\/2014\\\/08\\\/Ciutadella_de_Menorca.jpg\",\"width\":550,\"height\":412},\"datePublished\":\"2015-01-21T20:44:57+01:00\",\"dateModified\":\"2015-01-21T20:44:57+01:00\",\"inLanguage\":\"es-ES\",\"mainEntityOfPage\":{\"@id\":\"https:\\\/\\\/www.eldigitaldeasturias.com\\\/noticias\\\/menorca-buscara-en-fitur-atraer-a-mas-turistas-franceses-en-2015\\\/#webpage\"},\"isPartOf\":{\"@id\":\"https:\\\/\\\/www.eldigitaldeasturias.com\\\/noticias\\\/menorca-buscara-en-fitur-atraer-a-mas-turistas-franceses-en-2015\\\/#webpage\"},\"articleSection\":\"Turismo\"},{\"@type\":\"BreadcrumbList\",\"@id\":\"https:\\\/\\\/www.eldigitaldeasturias.com\\\/noticias\\\/menorca-buscara-en-fitur-atraer-a-mas-turistas-franceses-en-2015\\\/#breadcrumblist\",\"itemListElement\":[{\"@type\":\"ListItem\",\"@id\":\"https:\\\/\\\/www.eldigitaldeasturias.com\\\/noticias#listItem\",\"position\":1,\"name\":\"Home\",\"item\":\"https:\\\/\\\/www.eldigitaldeasturias.com\\\/noticias\",\"nextItem\":{\"@type\":\"ListItem\",\"@id\":\"https:\\\/\\\/www.eldigitaldeasturias.com\\\/noticias\\\/category\\\/turismo\\\/#listItem\",\"name\":\"Turismo\"}},{\"@type\":\"ListItem\",\"@id\":\"https:\\\/\\\/www.eldigitaldeasturias.com\\\/noticias\\\/category\\\/turismo\\\/#listItem\",\"position\":2,\"name\":\"Turismo\",\"item\":\"https:\\\/\\\/www.eldigitaldeasturias.com\\\/noticias\\\/category\\\/turismo\\\/\",\"nextItem\":{\"@type\":\"ListItem\",\"@id\":\"https:\\\/\\\/www.eldigitaldeasturias.com\\\/noticias\\\/menorca-buscara-en-fitur-atraer-a-mas-turistas-franceses-en-2015\\\/#listItem\",\"name\":\"Menorca buscar\\u00e1 en FITUR atraer a m\\u00e1s turistas franceses en 2015\"},\"previousItem\":{\"@type\":\"ListItem\",\"@id\":\"https:\\\/\\\/www.eldigitaldeasturias.com\\\/noticias#listItem\",\"name\":\"Home\"}},{\"@type\":\"ListItem\",\"@id\":\"https:\\\/\\\/www.eldigitaldeasturias.com\\\/noticias\\\/menorca-buscara-en-fitur-atraer-a-mas-turistas-franceses-en-2015\\\/#listItem\",\"position\":3,\"name\":\"Menorca buscar\\u00e1 en FITUR atraer a m\\u00e1s turistas franceses en 2015\",\"previousItem\":{\"@type\":\"ListItem\",\"@id\":\"https:\\\/\\\/www.eldigitaldeasturias.com\\\/noticias\\\/category\\\/turismo\\\/#listItem\",\"name\":\"Turismo\"}}]},{\"@type\":\"Organization\",\"@id\":\"https:\\\/\\\/www.eldigitaldeasturias.com\\\/noticias\\\/#organization\",\"name\":\"El Digital de Asturias\",\"description\":\"Hemeroteca\",\"url\":\"https:\\\/\\\/www.eldigitaldeasturias.com\\\/noticias\\\/\",\"email\":\"info@eldigitaldeasturias.com\",\"telephone\":\"+34652131393\",\"logo\":{\"@type\":\"ImageObject\",\"url\":\"https:\\\/\\\/www.eldigitaldeasturias.com\\\/noticias\\\/wp-content\\\/uploads\\\/2020\\\/12\\\/EDA.jpg\",\"@id\":\"https:\\\/\\\/www.eldigitaldeasturias.com\\\/noticias\\\/menorca-buscara-en-fitur-atraer-a-mas-turistas-franceses-en-2015\\\/#organizationLogo\",\"width\":649,\"height\":297},\"image\":{\"@id\":\"https:\\\/\\\/www.eldigitaldeasturias.com\\\/noticias\\\/menorca-buscara-en-fitur-atraer-a-mas-turistas-franceses-en-2015\\\/#organizationLogo\"},\"sameAs\":[\"https:\\\/\\\/facebook.com\\\/eldigitaldeasturias\",\"https:\\\/\\\/www.youtube.com\\\/channel\\\/UCZP-2wLEB9Rv6erhFmqVnvg\"],\"address\":{\"@id\":\"https:\\\/\\\/www.eldigitaldeasturias.com\\\/noticias\\\/#postaladdress\",\"@type\":\"PostalAddress\",\"streetAddress\":\"san antonio 4,\",\"postalCode\":\"33430\",\"addressLocality\":\"Cand\\u00e1s\",\"addressRegion\":\"Asturias\",\"addressCountry\":\"ES\"}},{\"@type\":\"Person\",\"@id\":\"https:\\\/\\\/www.eldigitaldeasturias.com\\\/noticias\\\/author\\\/admin\\\/#author\",\"url\":\"https:\\\/\\\/www.eldigitaldeasturias.com\\\/noticias\\\/author\\\/admin\\\/\",\"name\":\"El Digital de Asturias\",\"image\":{\"@type\":\"ImageObject\",\"@id\":\"https:\\\/\\\/www.eldigitaldeasturias.com\\\/noticias\\\/menorca-buscara-en-fitur-atraer-a-mas-turistas-franceses-en-2015\\\/#authorImage\",\"url\":\"https:\\\/\\\/www.eldigitaldeasturias.com\\\/noticias\\\/wp-content\\\/litespeed\\\/avatar\\\/18677e78aa0546b92d9dbf31ec7d7668.jpg?ver=1777290358\",\"width\":96,\"height\":96,\"caption\":\"El Digital de Asturias\"}},{\"@type\":\"WebPage\",\"@id\":\"https:\\\/\\\/www.eldigitaldeasturias.com\\\/noticias\\\/menorca-buscara-en-fitur-atraer-a-mas-turistas-franceses-en-2015\\\/#webpage\",\"url\":\"https:\\\/\\\/www.eldigitaldeasturias.com\\\/noticias\\\/menorca-buscara-en-fitur-atraer-a-mas-turistas-franceses-en-2015\\\/\",\"name\":\"Menorca buscar\\u00e1 en FITUR atraer a m\\u00e1s turistas franceses en 2015 - El Digital de Asturias\",\"description\":\"Mah\\u00f3n (Menorca), 21 ene (EFE).- La Conselleria de Turismo del Consell de Menorca prev\\u00e9 aumentar para 2015 la cifra de visitantes galos a la isla, por lo que este ser\\u00e1 uno de los objetivos del organismo insular en la Feria Internacional de Turismo (FITUR), que se celebrar\\u00e1 en Madrid de 28 de febrero y al\",\"inLanguage\":\"es-ES\",\"isPartOf\":{\"@id\":\"https:\\\/\\\/www.eldigitaldeasturias.com\\\/noticias\\\/#website\"},\"breadcrumb\":{\"@id\":\"https:\\\/\\\/www.eldigitaldeasturias.com\\\/noticias\\\/menorca-buscara-en-fitur-atraer-a-mas-turistas-franceses-en-2015\\\/#breadcrumblist\"},\"author\":{\"@id\":\"https:\\\/\\\/www.eldigitaldeasturias.com\\\/noticias\\\/author\\\/admin\\\/#author\"},\"creator\":{\"@id\":\"https:\\\/\\\/www.eldigitaldeasturias.com\\\/noticias\\\/author\\\/admin\\\/#author\"},\"image\":{\"@type\":\"ImageObject\",\"url\":\"https:\\\/\\\/www.eldigitaldeasturias.com\\\/noticias\\\/wp-content\\\/uploads\\\/2014\\\/08\\\/Ciutadella_de_Menorca.jpg\",\"@id\":\"https:\\\/\\\/www.eldigitaldeasturias.com\\\/noticias\\\/menorca-buscara-en-fitur-atraer-a-mas-turistas-franceses-en-2015\\\/#mainImage\",\"width\":550,\"height\":412},\"primaryImageOfPage\":{\"@id\":\"https:\\\/\\\/www.eldigitaldeasturias.com\\\/noticias\\\/menorca-buscara-en-fitur-atraer-a-mas-turistas-franceses-en-2015\\\/#mainImage\"},\"datePublished\":\"2015-01-21T20:44:57+01:00\",\"dateModified\":\"2015-01-21T20:44:57+01:00\"},{\"@type\":\"WebSite\",\"@id\":\"https:\\\/\\\/www.eldigitaldeasturias.com\\\/noticias\\\/#website\",\"url\":\"https:\\\/\\\/www.eldigitaldeasturias.com\\\/noticias\\\/\",\"name\":\"El Digital de Asturias - Diario de actualidad y noticias\",\"alternateName\":\"El Digital de Asturias - Diario de actualidad y noticias\",\"description\":\"Hemeroteca\",\"inLanguage\":\"es-ES\",\"publisher\":{\"@id\":\"https:\\\/\\\/www.eldigitaldeasturias.com\\\/noticias\\\/#organization\"}}]}\n\t\t<\/script>\n\t\t<!-- All in One SEO Pro -->\r\n\t\t<title>Menorca buscar\u00e1 en FITUR atraer a m\u00e1s turistas franceses en 2015 - El Digital de Asturias<\/title>\n\n","aioseo_head_json":{"title":"Menorca buscar\u00e1 en FITUR atraer a m\u00e1s turistas franceses en 2015 - El Digital de Asturias","description":"Mah\u00f3n (Menorca), 21 ene (EFE).- La Conselleria de Turismo del Consell de Menorca prev\u00e9 aumentar para 2015 la cifra de visitantes galos a la isla, por lo que este ser\u00e1 uno de los objetivos del organismo insular en la Feria Internacional de Turismo (FITUR), que se celebrar\u00e1 en Madrid de 28 de febrero y al","canonical_url":"https:\/\/www.eldigitaldeasturias.com\/noticias\/menorca-buscara-en-fitur-atraer-a-mas-turistas-franceses-en-2015\/","robots":"max-image-preview:large","keywords":"turismo","webmasterTools":{"google-site-verification":"UA-38556648-1","msvalidate.01":"7dfe9f3f1b24437ab69f4f2559babe99","miscellaneous":""},"schema":{"@context":"https:\/\/schema.org","@graph":[{"@type":"BlogPosting","@id":"https:\/\/www.eldigitaldeasturias.com\/noticias\/menorca-buscara-en-fitur-atraer-a-mas-turistas-franceses-en-2015\/#blogposting","name":"Menorca buscar\u00e1 en FITUR atraer a m\u00e1s turistas franceses en 2015 - El Digital de Asturias","headline":"Menorca buscar\u00e1 en FITUR atraer a m\u00e1s turistas franceses en 2015","author":{"@id":"https:\/\/www.eldigitaldeasturias.com\/noticias\/author\/admin\/#author"},"publisher":{"@id":"https:\/\/www.eldigitaldeasturias.com\/noticias\/#organization"},"image":{"@type":"ImageObject","url":"https:\/\/www.eldigitaldeasturias.com\/noticias\/wp-content\/uploads\/2014\/08\/Ciutadella_de_Menorca.jpg","width":550,"height":412},"datePublished":"2015-01-21T20:44:57+01:00","dateModified":"2015-01-21T20:44:57+01:00","inLanguage":"es-ES","mainEntityOfPage":{"@id":"https:\/\/www.eldigitaldeasturias.com\/noticias\/menorca-buscara-en-fitur-atraer-a-mas-turistas-franceses-en-2015\/#webpage"},"isPartOf":{"@id":"https:\/\/www.eldigitaldeasturias.com\/noticias\/menorca-buscara-en-fitur-atraer-a-mas-turistas-franceses-en-2015\/#webpage"},"articleSection":"Turismo"},{"@type":"BreadcrumbList","@id":"https:\/\/www.eldigitaldeasturias.com\/noticias\/menorca-buscara-en-fitur-atraer-a-mas-turistas-franceses-en-2015\/#breadcrumblist","itemListElement":[{"@type":"ListItem","@id":"https:\/\/www.eldigitaldeasturias.com\/noticias#listItem","position":1,"name":"Home","item":"https:\/\/www.eldigitaldeasturias.com\/noticias","nextItem":{"@type":"ListItem","@id":"https:\/\/www.eldigitaldeasturias.com\/noticias\/category\/turismo\/#listItem","name":"Turismo"}},{"@type":"ListItem","@id":"https:\/\/www.eldigitaldeasturias.com\/noticias\/category\/turismo\/#listItem","position":2,"name":"Turismo","item":"https:\/\/www.eldigitaldeasturias.com\/noticias\/category\/turismo\/","nextItem":{"@type":"ListItem","@id":"https:\/\/www.eldigitaldeasturias.com\/noticias\/menorca-buscara-en-fitur-atraer-a-mas-turistas-franceses-en-2015\/#listItem","name":"Menorca buscar\u00e1 en FITUR atraer a m\u00e1s turistas franceses en 2015"},"previousItem":{"@type":"ListItem","@id":"https:\/\/www.eldigitaldeasturias.com\/noticias#listItem","name":"Home"}},{"@type":"ListItem","@id":"https:\/\/www.eldigitaldeasturias.com\/noticias\/menorca-buscara-en-fitur-atraer-a-mas-turistas-franceses-en-2015\/#listItem","position":3,"name":"Menorca buscar\u00e1 en FITUR atraer a m\u00e1s turistas franceses en 2015","previousItem":{"@type":"ListItem","@id":"https:\/\/www.eldigitaldeasturias.com\/noticias\/category\/turismo\/#listItem","name":"Turismo"}}]},{"@type":"Organization","@id":"https:\/\/www.eldigitaldeasturias.com\/noticias\/#organization","name":"El Digital de Asturias","description":"Hemeroteca","url":"https:\/\/www.eldigitaldeasturias.com\/noticias\/","email":"info@eldigitaldeasturias.com","telephone":"+34652131393","logo":{"@type":"ImageObject","url":"https:\/\/www.eldigitaldeasturias.com\/noticias\/wp-content\/uploads\/2020\/12\/EDA.jpg","@id":"https:\/\/www.eldigitaldeasturias.com\/noticias\/menorca-buscara-en-fitur-atraer-a-mas-turistas-franceses-en-2015\/#organizationLogo","width":649,"height":297},"image":{"@id":"https:\/\/www.eldigitaldeasturias.com\/noticias\/menorca-buscara-en-fitur-atraer-a-mas-turistas-franceses-en-2015\/#organizationLogo"},"sameAs":["https:\/\/facebook.com\/eldigitaldeasturias","https:\/\/www.youtube.com\/channel\/UCZP-2wLEB9Rv6erhFmqVnvg"],"address":{"@id":"https:\/\/www.eldigitaldeasturias.com\/noticias\/#postaladdress","@type":"PostalAddress","streetAddress":"san antonio 4,","postalCode":"33430","addressLocality":"Cand\u00e1s","addressRegion":"Asturias","addressCountry":"ES"}},{"@type":"Person","@id":"https:\/\/www.eldigitaldeasturias.com\/noticias\/author\/admin\/#author","url":"https:\/\/www.eldigitaldeasturias.com\/noticias\/author\/admin\/","name":"El Digital de Asturias","image":{"@type":"ImageObject","@id":"https:\/\/www.eldigitaldeasturias.com\/noticias\/menorca-buscara-en-fitur-atraer-a-mas-turistas-franceses-en-2015\/#authorImage","url":"https:\/\/www.eldigitaldeasturias.com\/noticias\/wp-content\/litespeed\/avatar\/18677e78aa0546b92d9dbf31ec7d7668.jpg?ver=1777290358","width":96,"height":96,"caption":"El Digital de Asturias"}},{"@type":"WebPage","@id":"https:\/\/www.eldigitaldeasturias.com\/noticias\/menorca-buscara-en-fitur-atraer-a-mas-turistas-franceses-en-2015\/#webpage","url":"https:\/\/www.eldigitaldeasturias.com\/noticias\/menorca-buscara-en-fitur-atraer-a-mas-turistas-franceses-en-2015\/","name":"Menorca buscar\u00e1 en FITUR atraer a m\u00e1s turistas franceses en 2015 - El Digital de Asturias","description":"Mah\u00f3n (Menorca), 21 ene (EFE).- La Conselleria de Turismo del Consell de Menorca prev\u00e9 aumentar para 2015 la cifra de visitantes galos a la isla, por lo que este ser\u00e1 uno de los objetivos del organismo insular en la Feria Internacional de Turismo (FITUR), que se celebrar\u00e1 en Madrid de 28 de febrero y al","inLanguage":"es-ES","isPartOf":{"@id":"https:\/\/www.eldigitaldeasturias.com\/noticias\/#website"},"breadcrumb":{"@id":"https:\/\/www.eldigitaldeasturias.com\/noticias\/menorca-buscara-en-fitur-atraer-a-mas-turistas-franceses-en-2015\/#breadcrumblist"},"author":{"@id":"https:\/\/www.eldigitaldeasturias.com\/noticias\/author\/admin\/#author"},"creator":{"@id":"https:\/\/www.eldigitaldeasturias.com\/noticias\/author\/admin\/#author"},"image":{"@type":"ImageObject","url":"https:\/\/www.eldigitaldeasturias.com\/noticias\/wp-content\/uploads\/2014\/08\/Ciutadella_de_Menorca.jpg","@id":"https:\/\/www.eldigitaldeasturias.com\/noticias\/menorca-buscara-en-fitur-atraer-a-mas-turistas-franceses-en-2015\/#mainImage","width":550,"height":412},"primaryImageOfPage":{"@id":"https:\/\/www.eldigitaldeasturias.com\/noticias\/menorca-buscara-en-fitur-atraer-a-mas-turistas-franceses-en-2015\/#mainImage"},"datePublished":"2015-01-21T20:44:57+01:00","dateModified":"2015-01-21T20:44:57+01:00"},{"@type":"WebSite","@id":"https:\/\/www.eldigitaldeasturias.com\/noticias\/#website","url":"https:\/\/www.eldigitaldeasturias.com\/noticias\/","name":"El Digital de Asturias - Diario de actualidad y noticias","alternateName":"El Digital de Asturias - Diario de actualidad y noticias","description":"Hemeroteca","inLanguage":"es-ES","publisher":{"@id":"https:\/\/www.eldigitaldeasturias.com\/noticias\/#organization"}}]},"og:locale":"es_ES","og:site_name":"El Digital de Asturias","og:type":"article","og:title":"Menorca buscar\u00e1 en FITUR atraer a m\u00e1s turistas franceses en 2015 - El Digital de Asturias","og:description":"Mah\u00f3n (Menorca), 21 ene (EFE).- La Conselleria de Turismo del Consell de Menorca prev\u00e9 aumentar para 2015 la cifra de visitantes galos a la isla, por lo que este ser\u00e1 uno de los objetivos del organismo insular en la Feria Internacional de Turismo (FITUR), que se celebrar\u00e1 en Madrid de 28 de febrero y al","og:url":"https:\/\/www.eldigitaldeasturias.com\/noticias\/menorca-buscara-en-fitur-atraer-a-mas-turistas-franceses-en-2015\/","og:image":"https:\/\/www.eldigitaldeasturias.com\/noticias\/wp-content\/uploads\/2014\/08\/Ciutadella_de_Menorca.jpg","og:image:secure_url":"https:\/\/www.eldigitaldeasturias.com\/noticias\/wp-content\/uploads\/2014\/08\/Ciutadella_de_Menorca.jpg","og:image:width":550,"og:image:height":412,"article:tag":["turismo"],"article:published_time":"2015-01-21T19:44:57+00:00","article:modified_time":"2015-01-21T19:44:57+00:00","article:publisher":"https:\/\/facebook.com\/eldigitaldeasturias","twitter:card":"summary_large_image","twitter:title":"Menorca buscar\u00e1 en FITUR atraer a m\u00e1s turistas franceses en 2015 - El Digital de Asturias","twitter:description":"Mah\u00f3n (Menorca), 21 ene (EFE).- La Conselleria de Turismo del Consell de Menorca prev\u00e9 aumentar para 2015 la cifra de visitantes galos a la isla, por lo que este ser\u00e1 uno de los objetivos del organismo insular en la Feria Internacional de Turismo (FITUR), que se celebrar\u00e1 en Madrid de 28 de febrero y al","twitter:image":"https:\/\/www.eldigitaldeasturias.com\/noticias\/wp-content\/uploads\/2014\/08\/Ciutadella_de_Menorca.jpg","twitter:label1":"Escrito por","twitter:data1":"El Digital de Asturias","twitter:label2":"Tiempo de lectura estimado","twitter:data2":"2 minutos"},"aioseo_meta_data":{"post_id":"756963","title":null,"description":null,"keywords":null,"keyphrases":null,"primary_term":null,"canonical_url":null,"og_title":null,"og_description":null,"og_object_type":"default","og_image_type":"default","og_image_url":null,"og_image_width":null,"og_image_height":null,"og_image_custom_url":null,"og_image_custom_fields":null,"og_video":null,"og_custom_url":null,"og_article_section":null,"og_article_tags":null,"twitter_use_og":false,"twitter_card":"default","twitter_image_type":"default","twitter_image_url":null,"twitter_image_custom_url":null,"twitter_image_custom_fields":null,"twitter_title":null,"twitter_description":null,"schema":{"blockGraphs":[],"customGraphs":[],"default":{"data":{"Article":[],"Course":[],"Dataset":[],"FAQPage":[],"Movie":[],"Person":[],"Product":[],"ProductReview":[],"Car":[],"Recipe":[],"Service":[],"SoftwareApplication":[],"WebPage":[]},"graphName":"","isEnabled":true},"graphs":[],"defaultGraph":"","defaultPostTypeGraph":""},"schema_type":null,"schema_type_options":null,"pillar_content":false,"robots_default":true,"robots_noindex":false,"robots_noarchive":false,"robots_nosnippet":false,"robots_nofollow":false,"robots_noimageindex":false,"robots_noodp":false,"robots_notranslate":false,"robots_max_snippet":null,"robots_max_videopreview":null,"robots_max_imagepreview":"large","priority":null,"frequency":null,"local_seo":null,"seo_analyzer_scan_date":"2025-12-15 02:47:58","breadcrumb_settings":null,"limit_modified_date":false,"open_ai":null,"ai":null,"created":"2021-01-22 15:45:19","updated":"2025-12-15 02:47:58"},"aioseo_breadcrumb":"<div class=\"aioseo-breadcrumbs\"><span class=\"aioseo-breadcrumb\">\n\t<a href=\"https:\/\/www.eldigitaldeasturias.com\/noticias\" title=\"Home\">Home<\/a>\n<\/span><span class=\"aioseo-breadcrumb-separator\">\u2013<\/span><span class=\"aioseo-breadcrumb\">\n\t<a href=\"https:\/\/www.eldigitaldeasturias.com\/noticias\/category\/turismo\/\" title=\"Turismo\">Turismo<\/a>\n<\/span><span class=\"aioseo-breadcrumb-separator\">\u2013<\/span><span class=\"aioseo-breadcrumb\">\n\t<a href=\"https:\/\/www.eldigitaldeasturias.com\/noticias\/menorca-buscara-en-fitur-atraer-a-mas-turistas-franceses-en-2015\/\" title=\"Menorca buscar\u00e1 en FITUR atraer a m\u00e1s turistas franceses en 2015\">Menorca buscar\u00e1 en FITUR atraer a m\u00e1s turistas franceses en 2015<\/a>\n<\/span><\/div>","aioseo_breadcrumb_json":[{"label":"Home","link":"https:\/\/www.eldigitaldeasturias.com\/noticias"},{"label":"Turismo","link":"https:\/\/www.eldigitaldeasturias.com\/noticias\/category\/turismo\/"},{"label":"Menorca buscar\u00e1 en FITUR atraer a m\u00e1s turistas franceses en 2015","link":"https:\/\/www.eldigitaldeasturias.com\/noticias\/menorca-buscara-en-fitur-atraer-a-mas-turistas-franceses-en-2015\/"}],"_links":{"self":[{"href":"https:\/\/www.eldigitaldeasturias.com\/noticias\/wp-json\/wp\/v2\/posts\/756963","targetHints":{"allow":["GET"]}}],"collection":[{"href":"https:\/\/www.eldigitaldeasturias.com\/noticias\/wp-json\/wp\/v2\/posts"}],"about":[{"href":"https:\/\/www.eldigitaldeasturias.com\/noticias\/wp-json\/wp\/v2\/types\/post"}],"author":[{"embeddable":true,"href":"https:\/\/www.eldigitaldeasturias.com\/noticias\/wp-json\/wp\/v2\/users\/1"}],"replies":[{"embeddable":true,"href":"https:\/\/www.eldigitaldeasturias.com\/noticias\/wp-json\/wp\/v2\/comments?post=756963"}],"version-history":[{"count":0,"href":"https:\/\/www.eldigitaldeasturias.com\/noticias\/wp-json\/wp\/v2\/posts\/756963\/revisions"}],"wp:featuredmedia":[{"embeddable":true,"href":"https:\/\/www.eldigitaldeasturias.com\/noticias\/wp-json\/wp\/v2\/media\/581339"}],"wp:attachment":[{"href":"https:\/\/www.eldigitaldeasturias.com\/noticias\/wp-json\/wp\/v2\/media?parent=756963"}],"wp:term":[{"taxonomy":"category","embeddable":true,"href":"https:\/\/www.eldigitaldeasturias.com\/noticias\/wp-json\/wp\/v2\/categories?post=756963"},{"taxonomy":"post_tag","embeddable":true,"href":"https:\/\/www.eldigitaldeasturias.com\/noticias\/wp-json\/wp\/v2\/tags?post=756963"}],"curies":[{"name":"wp","href":"https:\/\/api.w.org\/{rel}","templated":true}]}}