{"id":750075,"date":"2015-01-15T18:47:15","date_gmt":"2015-01-15T17:47:15","guid":{"rendered":"http:\/\/www.eldigitaldeasturias.com\/noticias\/?p=750075"},"modified":"2015-01-28T06:30:12","modified_gmt":"2015-01-28T05:30:12","slug":"fitur-2015-crece-un-4-por-ciento-en-superficie-contratada-y-un-12-por-ciento-en-expositores","status":"publish","type":"post","link":"https:\/\/www.eldigitaldeasturias.com\/noticias\/fitur-2015-crece-un-4-por-ciento-en-superficie-contratada-y-un-12-por-ciento-en-expositores\/","title":{"rendered":"Fitur 2015 crece un 4 por ciento en superficie contratada y un 12 por ciento en expositores"},"content":{"rendered":"<p><img loading=\"lazy\" decoding=\"async\" class=\"alignleft size-medium wp-image-750076\" alt=\"9716051w\" src=\"https:\/\/www.eldigitaldeasturias.com\/noticias\/wp-content\/uploads\/2015\/01\/9716051w-360x251.jpg\" width=\"360\" height=\"251\" srcset=\"https:\/\/www.eldigitaldeasturias.com\/noticias\/wp-content\/uploads\/2015\/01\/9716051w-360x251.jpg 360w, https:\/\/www.eldigitaldeasturias.com\/noticias\/wp-content\/uploads\/2015\/01\/9716051w-650x454.jpg 650w, https:\/\/www.eldigitaldeasturias.com\/noticias\/wp-content\/uploads\/2015\/01\/9716051w-210x146.jpg 210w, https:\/\/www.eldigitaldeasturias.com\/noticias\/wp-content\/uploads\/2015\/01\/9716051w.jpg 800w\" sizes=\"auto, (max-width: 360px) 100vw, 360px\" \/>Madrid, 15 ene (EFE).- La Feria Internacional del Turismo, Fitur, ocupar\u00e1 en su trig\u00e9simo quinta edici\u00f3n entre el 28 de enero y el 1 de febrero un 4 % m\u00e1s de superficie de Ifema hasta 56.233 metros cuadrados y contar\u00e1 con un 12 % m\u00e1s de expositores hasta 686.<\/p>\n<p>El presidente ejecutivo de Ifema, Luis Eduardo Cort\u00e9s, ha hecho hincapi\u00e9 en que la feria se celebra este a\u00f1o en \u00abun campo de juego econ\u00f3mico mejor\u00bb que en las \u00faltimas ediciones y ha asegurado que la econom\u00eda \u00abva mejor\u00bb porque as\u00ed lo reflejan los datos al alza de Fitur 2015.<\/p>\n<p>El n\u00famero de empresas expositoras crece ligeramente, un 0,3 %, con 9.107, aunque los organizadores de la feria esperan que la cifra aumente en una proporci\u00f3n similar al incremento del n\u00famero de titulares de casetas. El \u00e1rea nacional de empresas se incrementa un 24 % con respeto a la edici\u00f3n anterior.<\/p>\n<p>La directora de Fitur, Ana Larra\u00f1aga, ha explicado hoy, en la presentaci\u00f3n de la edici\u00f3n 2015 de la feria, que este a\u00f1o estar\u00e1n presentes todas las comunidades aut\u00f3nomas, aunque no ha aumentado la superficie contratada.<\/p>\n<p>En cuanto al \u00e1rea internacional, destaca el aumento de la presencia de Oriente Medio, que sube un 24 % respecto a la edici\u00f3n anterior, seguido de Asia-Pac\u00edfico, con un repunte del 19 %; Am\u00e9rica, con un 17 %; Europa e Israel, ambos con un 9 %, y \u00c1frica, con un 2 %.<\/p>\n<p>Se incorporan doce nuevos pa\u00edses con participaci\u00f3n oficial -Albania, Azerbaiy\u00e1n, Bosnia Herzegovina, Chile, Eslovaquia, Etiop\u00eda, Filipinas, Ghana, Islandia, Luxemburgo, Sud\u00e1n y Togo-, anteriormente presentes s\u00f3lo con representaci\u00f3n empresarial.<\/p>\n<p>Sin embargo, sigue sin venir Francia y estar\u00e1n ausentes las representaciones institucionales, aunque no las empresariales, de pa\u00edses europeos como Alemania, Reino Unido o Irlanda, lo que Larra\u00f1aga vincula a cuestiones presupuestarias y a la ca\u00edda en los \u00faltimos a\u00f1os del turismo emisor espa\u00f1ol.<\/p>\n<p>No obstante, la director de la feria espera que algunas de esas representaciones vuelvan en 2016, gracias a la recuperaci\u00f3n de la demanda nacional, iniciada durante el ejercicio pasado. \u00abEl inter\u00e9s del espa\u00f1ol por viajar y conectar con esos destinos, tiene su peso y esperamos que esos pa\u00edses lo valoren\u00bb, ha agregado.<\/p>\n<p>Los organizadores esperan la presencia de alrededor de 200.000 visitantes de todo el mundo, de los cuales 120.000 ser\u00e1n profesionales, generando unos ingresos para la ciudad de 200 millones de euros, lo que supone un 11 % m\u00e1s frente a los 180 millones del a\u00f1o pasado.<\/p>\n<p>El presupuesto para la organizaci\u00f3n de Fitur supera los 10,5 millones de euros, de los que 3 millones se destinan a acciones internacionales de promoci\u00f3n e invitaci\u00f3n a compradores.<\/p>\n<p>La secretaria de Estado de Turismo, Isabel Borrego, ha destacado que Fitur 2015 estrena dos nuevas secciones que pretenden servir de impulso a los segmento de salud y compras.<\/p>\n<p>Por primera vez se celebra el foro Spain Global Tourism Forum, la v\u00edspera de la inauguraci\u00f3n, organizado por el Ministerio de Industria.<\/p>\n<p>En este foro, que reunir\u00e1 a ministros y autoridades econ\u00f3micas de todo el mundo, \u00abqueremos vender c\u00f3mo van de la mano el turismo y la econom\u00eda y c\u00f3mo afecta a las econom\u00edas de nuestros pa\u00edses el turismo, que, en Espa\u00f1a, ha sido clave en mantener la econom\u00eda durante los a\u00f1os de crisis\u00bb, ha precisado Borrego.<\/p>\n<p>Tanto para Cort\u00e9s como para el presidente de Iberia y del Comit\u00e9 Organizador de Fitur, Luis Gallego, el objetivo de la feria es que sea \u00fatil para todas las empresas del sector, facilitando intercambios comerciales y que contribuya a fortalecer el tejido empresarial espa\u00f1ol.<\/p>\n<p>Cort\u00e9s ha a\u00f1adido que la raz\u00f3n de cualquier feria es generar negocio, por lo que se reservan tres d\u00edas s\u00f3lo para profesionales, mientras que los dos \u00faltimos se abren, como cada a\u00f1o, al p\u00fablico en general<\/p>\n<p>Seg\u00fan Cort\u00e9s, cuando hablamos del turismo, nos olvidamos de que Espa\u00f1a es m\u00e1s que uno de los primeros receptores de turistas, \u00abes un ejemplo del turismo mundial, es un pa\u00eds que se estudia, se analiza y se imita\u00bb. \u00abEspa\u00f1a es un referente en turismo\u00bb, ha concluido.<\/p>\n","protected":false},"excerpt":{"rendered":"<p>Madrid, 15 ene (EFE).- La Feria Internacional del Turismo, Fitur, ocupar\u00e1 en su trig\u00e9simo quinta edici\u00f3n entre el 28 de enero y el 1 de febrero un 4 % m\u00e1s de superficie de Ifema hasta 56.233 metros cuadrados y contar\u00e1 con un 12 % m\u00e1s de expositores hasta 686. El presidente ejecutivo de Ifema, Luis [&hellip;]<\/p>\n","protected":false},"author":1,"featured_media":750076,"comment_status":"closed","ping_status":"closed","sticky":false,"template":"","format":"standard","meta":{"footnotes":""},"categories":[148],"tags":[],"class_list":["post-750075","post","type-post","status-publish","format-standard","has-post-thumbnail","hentry","category-turismo"],"aioseo_notices":[],"aioseo_head":"\n\t\t<!-- All in One SEO Pro 4.9.6.2 - aioseo.com -->\n\t<meta name=\"description\" content=\"Madrid, 15 ene (EFE).- La Feria Internacional del Turismo, Fitur, ocupar\u00e1 en su trig\u00e9simo quinta edici\u00f3n entre el 28 de enero y el 1 de febrero un 4 % m\u00e1s de superficie de Ifema hasta 56.233 metros cuadrados y contar\u00e1 con un 12 % m\u00e1s de expositores hasta 686. El presidente ejecutivo de Ifema, Luis\" \/>\n\t<meta name=\"robots\" content=\"max-image-preview:large\" \/>\n\t<meta name=\"author\" content=\"El Digital de Asturias\"\/>\n\t<meta name=\"google-site-verification\" content=\"UA-38556648-1\" \/>\n\t<meta name=\"msvalidate.01\" content=\"7dfe9f3f1b24437ab69f4f2559babe99\" \/>\n\t<meta name=\"keywords\" content=\"turismo\" \/>\n\t<link rel=\"canonical\" href=\"https:\/\/www.eldigitaldeasturias.com\/noticias\/fitur-2015-crece-un-4-por-ciento-en-superficie-contratada-y-un-12-por-ciento-en-expositores\/\" \/>\n\t<meta name=\"generator\" content=\"All in One SEO Pro (AIOSEO) 4.9.6.2\" \/>\n\t\t<meta property=\"og:locale\" content=\"es_ES\" \/>\n\t\t<meta property=\"og:site_name\" content=\"El Digital de Asturias\" \/>\n\t\t<meta property=\"og:type\" content=\"article\" \/>\n\t\t<meta property=\"og:title\" content=\"Fitur 2015 crece un 4 por ciento en superficie contratada y un 12 por ciento en expositores - El Digital de Asturias\" \/>\n\t\t<meta property=\"og:description\" content=\"Madrid, 15 ene (EFE).- La Feria Internacional del Turismo, Fitur, ocupar\u00e1 en su trig\u00e9simo quinta edici\u00f3n entre el 28 de enero y el 1 de febrero un 4 % m\u00e1s de superficie de Ifema hasta 56.233 metros cuadrados y contar\u00e1 con un 12 % m\u00e1s de expositores hasta 686. El presidente ejecutivo de Ifema, Luis\" \/>\n\t\t<meta property=\"og:url\" content=\"https:\/\/www.eldigitaldeasturias.com\/noticias\/fitur-2015-crece-un-4-por-ciento-en-superficie-contratada-y-un-12-por-ciento-en-expositores\/\" \/>\n\t\t<meta property=\"og:image\" content=\"https:\/\/www.eldigitaldeasturias.com\/noticias\/wp-content\/uploads\/2015\/01\/9716051w.jpg\" \/>\n\t\t<meta property=\"og:image:secure_url\" content=\"https:\/\/www.eldigitaldeasturias.com\/noticias\/wp-content\/uploads\/2015\/01\/9716051w.jpg\" \/>\n\t\t<meta property=\"og:image:width\" content=\"800\" \/>\n\t\t<meta property=\"og:image:height\" content=\"559\" \/>\n\t\t<meta property=\"article:tag\" content=\"turismo\" \/>\n\t\t<meta property=\"article:published_time\" content=\"2015-01-15T17:47:15+00:00\" \/>\n\t\t<meta property=\"article:modified_time\" content=\"2015-01-28T05:30:12+00:00\" \/>\n\t\t<meta property=\"article:publisher\" content=\"https:\/\/facebook.com\/eldigitaldeasturias\" \/>\n\t\t<meta name=\"twitter:card\" content=\"summary_large_image\" \/>\n\t\t<meta name=\"twitter:title\" content=\"Fitur 2015 crece un 4 por ciento en superficie contratada y un 12 por ciento en expositores - El Digital de Asturias\" \/>\n\t\t<meta name=\"twitter:description\" content=\"Madrid, 15 ene (EFE).- La Feria Internacional del Turismo, Fitur, ocupar\u00e1 en su trig\u00e9simo quinta edici\u00f3n entre el 28 de enero y el 1 de febrero un 4 % m\u00e1s de superficie de Ifema hasta 56.233 metros cuadrados y contar\u00e1 con un 12 % m\u00e1s de expositores hasta 686. El presidente ejecutivo de Ifema, Luis\" \/>\n\t\t<meta name=\"twitter:image\" content=\"https:\/\/www.eldigitaldeasturias.com\/noticias\/wp-content\/uploads\/2015\/01\/9716051w.jpg\" \/>\n\t\t<meta name=\"twitter:label1\" content=\"Escrito por\" \/>\n\t\t<meta name=\"twitter:data1\" content=\"El Digital de Asturias\" \/>\n\t\t<meta name=\"twitter:label2\" content=\"Tiempo de lectura estimado\" \/>\n\t\t<meta name=\"twitter:data2\" content=\"4 minutos\" \/>\n\t\t<script type=\"application\/ld+json\" class=\"aioseo-schema\">\n\t\t\t{\"@context\":\"https:\\\/\\\/schema.org\",\"@graph\":[{\"@type\":\"BlogPosting\",\"@id\":\"https:\\\/\\\/www.eldigitaldeasturias.com\\\/noticias\\\/fitur-2015-crece-un-4-por-ciento-en-superficie-contratada-y-un-12-por-ciento-en-expositores\\\/#blogposting\",\"name\":\"Fitur 2015 crece un 4 por ciento en superficie contratada y un 12 por ciento en expositores - El Digital de Asturias\",\"headline\":\"Fitur 2015 crece un 4 por ciento en superficie contratada y un 12 por ciento en expositores\",\"author\":{\"@id\":\"https:\\\/\\\/www.eldigitaldeasturias.com\\\/noticias\\\/author\\\/admin\\\/#author\"},\"publisher\":{\"@id\":\"https:\\\/\\\/www.eldigitaldeasturias.com\\\/noticias\\\/#organization\"},\"image\":{\"@type\":\"ImageObject\",\"url\":\"https:\\\/\\\/www.eldigitaldeasturias.com\\\/noticias\\\/wp-content\\\/uploads\\\/2015\\\/01\\\/9716051w.jpg\",\"width\":800,\"height\":559},\"datePublished\":\"2015-01-15T18:47:15+01:00\",\"dateModified\":\"2015-01-28T06:30:12+01:00\",\"inLanguage\":\"es-ES\",\"mainEntityOfPage\":{\"@id\":\"https:\\\/\\\/www.eldigitaldeasturias.com\\\/noticias\\\/fitur-2015-crece-un-4-por-ciento-en-superficie-contratada-y-un-12-por-ciento-en-expositores\\\/#webpage\"},\"isPartOf\":{\"@id\":\"https:\\\/\\\/www.eldigitaldeasturias.com\\\/noticias\\\/fitur-2015-crece-un-4-por-ciento-en-superficie-contratada-y-un-12-por-ciento-en-expositores\\\/#webpage\"},\"articleSection\":\"Turismo\"},{\"@type\":\"BreadcrumbList\",\"@id\":\"https:\\\/\\\/www.eldigitaldeasturias.com\\\/noticias\\\/fitur-2015-crece-un-4-por-ciento-en-superficie-contratada-y-un-12-por-ciento-en-expositores\\\/#breadcrumblist\",\"itemListElement\":[{\"@type\":\"ListItem\",\"@id\":\"https:\\\/\\\/www.eldigitaldeasturias.com\\\/noticias#listItem\",\"position\":1,\"name\":\"Home\",\"item\":\"https:\\\/\\\/www.eldigitaldeasturias.com\\\/noticias\",\"nextItem\":{\"@type\":\"ListItem\",\"@id\":\"https:\\\/\\\/www.eldigitaldeasturias.com\\\/noticias\\\/category\\\/turismo\\\/#listItem\",\"name\":\"Turismo\"}},{\"@type\":\"ListItem\",\"@id\":\"https:\\\/\\\/www.eldigitaldeasturias.com\\\/noticias\\\/category\\\/turismo\\\/#listItem\",\"position\":2,\"name\":\"Turismo\",\"item\":\"https:\\\/\\\/www.eldigitaldeasturias.com\\\/noticias\\\/category\\\/turismo\\\/\",\"nextItem\":{\"@type\":\"ListItem\",\"@id\":\"https:\\\/\\\/www.eldigitaldeasturias.com\\\/noticias\\\/fitur-2015-crece-un-4-por-ciento-en-superficie-contratada-y-un-12-por-ciento-en-expositores\\\/#listItem\",\"name\":\"Fitur 2015 crece un 4 por ciento en superficie contratada y un 12 por ciento en expositores\"},\"previousItem\":{\"@type\":\"ListItem\",\"@id\":\"https:\\\/\\\/www.eldigitaldeasturias.com\\\/noticias#listItem\",\"name\":\"Home\"}},{\"@type\":\"ListItem\",\"@id\":\"https:\\\/\\\/www.eldigitaldeasturias.com\\\/noticias\\\/fitur-2015-crece-un-4-por-ciento-en-superficie-contratada-y-un-12-por-ciento-en-expositores\\\/#listItem\",\"position\":3,\"name\":\"Fitur 2015 crece un 4 por ciento en superficie contratada y un 12 por ciento en expositores\",\"previousItem\":{\"@type\":\"ListItem\",\"@id\":\"https:\\\/\\\/www.eldigitaldeasturias.com\\\/noticias\\\/category\\\/turismo\\\/#listItem\",\"name\":\"Turismo\"}}]},{\"@type\":\"Organization\",\"@id\":\"https:\\\/\\\/www.eldigitaldeasturias.com\\\/noticias\\\/#organization\",\"name\":\"El Digital de Asturias\",\"description\":\"Hemeroteca\",\"url\":\"https:\\\/\\\/www.eldigitaldeasturias.com\\\/noticias\\\/\",\"email\":\"info@eldigitaldeasturias.com\",\"telephone\":\"+34652131393\",\"logo\":{\"@type\":\"ImageObject\",\"url\":\"https:\\\/\\\/www.eldigitaldeasturias.com\\\/noticias\\\/wp-content\\\/uploads\\\/2020\\\/12\\\/EDA.jpg\",\"@id\":\"https:\\\/\\\/www.eldigitaldeasturias.com\\\/noticias\\\/fitur-2015-crece-un-4-por-ciento-en-superficie-contratada-y-un-12-por-ciento-en-expositores\\\/#organizationLogo\",\"width\":649,\"height\":297},\"image\":{\"@id\":\"https:\\\/\\\/www.eldigitaldeasturias.com\\\/noticias\\\/fitur-2015-crece-un-4-por-ciento-en-superficie-contratada-y-un-12-por-ciento-en-expositores\\\/#organizationLogo\"},\"sameAs\":[\"https:\\\/\\\/facebook.com\\\/eldigitaldeasturias\",\"https:\\\/\\\/www.youtube.com\\\/channel\\\/UCZP-2wLEB9Rv6erhFmqVnvg\"],\"address\":{\"@id\":\"https:\\\/\\\/www.eldigitaldeasturias.com\\\/noticias\\\/#postaladdress\",\"@type\":\"PostalAddress\",\"streetAddress\":\"san antonio 4,\",\"postalCode\":\"33430\",\"addressLocality\":\"Cand\\u00e1s\",\"addressRegion\":\"Asturias\",\"addressCountry\":\"ES\"}},{\"@type\":\"Person\",\"@id\":\"https:\\\/\\\/www.eldigitaldeasturias.com\\\/noticias\\\/author\\\/admin\\\/#author\",\"url\":\"https:\\\/\\\/www.eldigitaldeasturias.com\\\/noticias\\\/author\\\/admin\\\/\",\"name\":\"El Digital de Asturias\",\"image\":{\"@type\":\"ImageObject\",\"@id\":\"https:\\\/\\\/www.eldigitaldeasturias.com\\\/noticias\\\/fitur-2015-crece-un-4-por-ciento-en-superficie-contratada-y-un-12-por-ciento-en-expositores\\\/#authorImage\",\"url\":\"https:\\\/\\\/www.eldigitaldeasturias.com\\\/noticias\\\/wp-content\\\/litespeed\\\/avatar\\\/18677e78aa0546b92d9dbf31ec7d7668.jpg?ver=1777290358\",\"width\":96,\"height\":96,\"caption\":\"El Digital de Asturias\"}},{\"@type\":\"WebPage\",\"@id\":\"https:\\\/\\\/www.eldigitaldeasturias.com\\\/noticias\\\/fitur-2015-crece-un-4-por-ciento-en-superficie-contratada-y-un-12-por-ciento-en-expositores\\\/#webpage\",\"url\":\"https:\\\/\\\/www.eldigitaldeasturias.com\\\/noticias\\\/fitur-2015-crece-un-4-por-ciento-en-superficie-contratada-y-un-12-por-ciento-en-expositores\\\/\",\"name\":\"Fitur 2015 crece un 4 por ciento en superficie contratada y un 12 por ciento en expositores - El Digital de Asturias\",\"description\":\"Madrid, 15 ene (EFE).- La Feria Internacional del Turismo, Fitur, ocupar\\u00e1 en su trig\\u00e9simo quinta edici\\u00f3n entre el 28 de enero y el 1 de febrero un 4 % m\\u00e1s de superficie de Ifema hasta 56.233 metros cuadrados y contar\\u00e1 con un 12 % m\\u00e1s de expositores hasta 686. El presidente ejecutivo de Ifema, Luis\",\"inLanguage\":\"es-ES\",\"isPartOf\":{\"@id\":\"https:\\\/\\\/www.eldigitaldeasturias.com\\\/noticias\\\/#website\"},\"breadcrumb\":{\"@id\":\"https:\\\/\\\/www.eldigitaldeasturias.com\\\/noticias\\\/fitur-2015-crece-un-4-por-ciento-en-superficie-contratada-y-un-12-por-ciento-en-expositores\\\/#breadcrumblist\"},\"author\":{\"@id\":\"https:\\\/\\\/www.eldigitaldeasturias.com\\\/noticias\\\/author\\\/admin\\\/#author\"},\"creator\":{\"@id\":\"https:\\\/\\\/www.eldigitaldeasturias.com\\\/noticias\\\/author\\\/admin\\\/#author\"},\"image\":{\"@type\":\"ImageObject\",\"url\":\"https:\\\/\\\/www.eldigitaldeasturias.com\\\/noticias\\\/wp-content\\\/uploads\\\/2015\\\/01\\\/9716051w.jpg\",\"@id\":\"https:\\\/\\\/www.eldigitaldeasturias.com\\\/noticias\\\/fitur-2015-crece-un-4-por-ciento-en-superficie-contratada-y-un-12-por-ciento-en-expositores\\\/#mainImage\",\"width\":800,\"height\":559},\"primaryImageOfPage\":{\"@id\":\"https:\\\/\\\/www.eldigitaldeasturias.com\\\/noticias\\\/fitur-2015-crece-un-4-por-ciento-en-superficie-contratada-y-un-12-por-ciento-en-expositores\\\/#mainImage\"},\"datePublished\":\"2015-01-15T18:47:15+01:00\",\"dateModified\":\"2015-01-28T06:30:12+01:00\"},{\"@type\":\"WebSite\",\"@id\":\"https:\\\/\\\/www.eldigitaldeasturias.com\\\/noticias\\\/#website\",\"url\":\"https:\\\/\\\/www.eldigitaldeasturias.com\\\/noticias\\\/\",\"name\":\"El Digital de Asturias - Diario de actualidad y noticias\",\"alternateName\":\"El Digital de Asturias - Diario de actualidad y noticias\",\"description\":\"Hemeroteca\",\"inLanguage\":\"es-ES\",\"publisher\":{\"@id\":\"https:\\\/\\\/www.eldigitaldeasturias.com\\\/noticias\\\/#organization\"}}]}\n\t\t<\/script>\n\t\t<!-- All in One SEO Pro -->\r\n\t\t<title>Fitur 2015 crece un 4 por ciento en superficie contratada y un 12 por ciento en expositores - El Digital de Asturias<\/title>\n\n","aioseo_head_json":{"title":"Fitur 2015 crece un 4 por ciento en superficie contratada y un 12 por ciento en expositores - El Digital de Asturias","description":"Madrid, 15 ene (EFE).- La Feria Internacional del Turismo, Fitur, ocupar\u00e1 en su trig\u00e9simo quinta edici\u00f3n entre el 28 de enero y el 1 de febrero un 4 % m\u00e1s de superficie de Ifema hasta 56.233 metros cuadrados y contar\u00e1 con un 12 % m\u00e1s de expositores hasta 686. El presidente ejecutivo de Ifema, Luis","canonical_url":"https:\/\/www.eldigitaldeasturias.com\/noticias\/fitur-2015-crece-un-4-por-ciento-en-superficie-contratada-y-un-12-por-ciento-en-expositores\/","robots":"max-image-preview:large","keywords":"turismo","webmasterTools":{"google-site-verification":"UA-38556648-1","msvalidate.01":"7dfe9f3f1b24437ab69f4f2559babe99","miscellaneous":""},"schema":{"@context":"https:\/\/schema.org","@graph":[{"@type":"BlogPosting","@id":"https:\/\/www.eldigitaldeasturias.com\/noticias\/fitur-2015-crece-un-4-por-ciento-en-superficie-contratada-y-un-12-por-ciento-en-expositores\/#blogposting","name":"Fitur 2015 crece un 4 por ciento en superficie contratada y un 12 por ciento en expositores - El Digital de Asturias","headline":"Fitur 2015 crece un 4 por ciento en superficie contratada y un 12 por ciento en expositores","author":{"@id":"https:\/\/www.eldigitaldeasturias.com\/noticias\/author\/admin\/#author"},"publisher":{"@id":"https:\/\/www.eldigitaldeasturias.com\/noticias\/#organization"},"image":{"@type":"ImageObject","url":"https:\/\/www.eldigitaldeasturias.com\/noticias\/wp-content\/uploads\/2015\/01\/9716051w.jpg","width":800,"height":559},"datePublished":"2015-01-15T18:47:15+01:00","dateModified":"2015-01-28T06:30:12+01:00","inLanguage":"es-ES","mainEntityOfPage":{"@id":"https:\/\/www.eldigitaldeasturias.com\/noticias\/fitur-2015-crece-un-4-por-ciento-en-superficie-contratada-y-un-12-por-ciento-en-expositores\/#webpage"},"isPartOf":{"@id":"https:\/\/www.eldigitaldeasturias.com\/noticias\/fitur-2015-crece-un-4-por-ciento-en-superficie-contratada-y-un-12-por-ciento-en-expositores\/#webpage"},"articleSection":"Turismo"},{"@type":"BreadcrumbList","@id":"https:\/\/www.eldigitaldeasturias.com\/noticias\/fitur-2015-crece-un-4-por-ciento-en-superficie-contratada-y-un-12-por-ciento-en-expositores\/#breadcrumblist","itemListElement":[{"@type":"ListItem","@id":"https:\/\/www.eldigitaldeasturias.com\/noticias#listItem","position":1,"name":"Home","item":"https:\/\/www.eldigitaldeasturias.com\/noticias","nextItem":{"@type":"ListItem","@id":"https:\/\/www.eldigitaldeasturias.com\/noticias\/category\/turismo\/#listItem","name":"Turismo"}},{"@type":"ListItem","@id":"https:\/\/www.eldigitaldeasturias.com\/noticias\/category\/turismo\/#listItem","position":2,"name":"Turismo","item":"https:\/\/www.eldigitaldeasturias.com\/noticias\/category\/turismo\/","nextItem":{"@type":"ListItem","@id":"https:\/\/www.eldigitaldeasturias.com\/noticias\/fitur-2015-crece-un-4-por-ciento-en-superficie-contratada-y-un-12-por-ciento-en-expositores\/#listItem","name":"Fitur 2015 crece un 4 por ciento en superficie contratada y un 12 por ciento en expositores"},"previousItem":{"@type":"ListItem","@id":"https:\/\/www.eldigitaldeasturias.com\/noticias#listItem","name":"Home"}},{"@type":"ListItem","@id":"https:\/\/www.eldigitaldeasturias.com\/noticias\/fitur-2015-crece-un-4-por-ciento-en-superficie-contratada-y-un-12-por-ciento-en-expositores\/#listItem","position":3,"name":"Fitur 2015 crece un 4 por ciento en superficie contratada y un 12 por ciento en expositores","previousItem":{"@type":"ListItem","@id":"https:\/\/www.eldigitaldeasturias.com\/noticias\/category\/turismo\/#listItem","name":"Turismo"}}]},{"@type":"Organization","@id":"https:\/\/www.eldigitaldeasturias.com\/noticias\/#organization","name":"El Digital de Asturias","description":"Hemeroteca","url":"https:\/\/www.eldigitaldeasturias.com\/noticias\/","email":"info@eldigitaldeasturias.com","telephone":"+34652131393","logo":{"@type":"ImageObject","url":"https:\/\/www.eldigitaldeasturias.com\/noticias\/wp-content\/uploads\/2020\/12\/EDA.jpg","@id":"https:\/\/www.eldigitaldeasturias.com\/noticias\/fitur-2015-crece-un-4-por-ciento-en-superficie-contratada-y-un-12-por-ciento-en-expositores\/#organizationLogo","width":649,"height":297},"image":{"@id":"https:\/\/www.eldigitaldeasturias.com\/noticias\/fitur-2015-crece-un-4-por-ciento-en-superficie-contratada-y-un-12-por-ciento-en-expositores\/#organizationLogo"},"sameAs":["https:\/\/facebook.com\/eldigitaldeasturias","https:\/\/www.youtube.com\/channel\/UCZP-2wLEB9Rv6erhFmqVnvg"],"address":{"@id":"https:\/\/www.eldigitaldeasturias.com\/noticias\/#postaladdress","@type":"PostalAddress","streetAddress":"san antonio 4,","postalCode":"33430","addressLocality":"Cand\u00e1s","addressRegion":"Asturias","addressCountry":"ES"}},{"@type":"Person","@id":"https:\/\/www.eldigitaldeasturias.com\/noticias\/author\/admin\/#author","url":"https:\/\/www.eldigitaldeasturias.com\/noticias\/author\/admin\/","name":"El Digital de Asturias","image":{"@type":"ImageObject","@id":"https:\/\/www.eldigitaldeasturias.com\/noticias\/fitur-2015-crece-un-4-por-ciento-en-superficie-contratada-y-un-12-por-ciento-en-expositores\/#authorImage","url":"https:\/\/www.eldigitaldeasturias.com\/noticias\/wp-content\/litespeed\/avatar\/18677e78aa0546b92d9dbf31ec7d7668.jpg?ver=1777290358","width":96,"height":96,"caption":"El Digital de Asturias"}},{"@type":"WebPage","@id":"https:\/\/www.eldigitaldeasturias.com\/noticias\/fitur-2015-crece-un-4-por-ciento-en-superficie-contratada-y-un-12-por-ciento-en-expositores\/#webpage","url":"https:\/\/www.eldigitaldeasturias.com\/noticias\/fitur-2015-crece-un-4-por-ciento-en-superficie-contratada-y-un-12-por-ciento-en-expositores\/","name":"Fitur 2015 crece un 4 por ciento en superficie contratada y un 12 por ciento en expositores - El Digital de Asturias","description":"Madrid, 15 ene (EFE).- La Feria Internacional del Turismo, Fitur, ocupar\u00e1 en su trig\u00e9simo quinta edici\u00f3n entre el 28 de enero y el 1 de febrero un 4 % m\u00e1s de superficie de Ifema hasta 56.233 metros cuadrados y contar\u00e1 con un 12 % m\u00e1s de expositores hasta 686. El presidente ejecutivo de Ifema, Luis","inLanguage":"es-ES","isPartOf":{"@id":"https:\/\/www.eldigitaldeasturias.com\/noticias\/#website"},"breadcrumb":{"@id":"https:\/\/www.eldigitaldeasturias.com\/noticias\/fitur-2015-crece-un-4-por-ciento-en-superficie-contratada-y-un-12-por-ciento-en-expositores\/#breadcrumblist"},"author":{"@id":"https:\/\/www.eldigitaldeasturias.com\/noticias\/author\/admin\/#author"},"creator":{"@id":"https:\/\/www.eldigitaldeasturias.com\/noticias\/author\/admin\/#author"},"image":{"@type":"ImageObject","url":"https:\/\/www.eldigitaldeasturias.com\/noticias\/wp-content\/uploads\/2015\/01\/9716051w.jpg","@id":"https:\/\/www.eldigitaldeasturias.com\/noticias\/fitur-2015-crece-un-4-por-ciento-en-superficie-contratada-y-un-12-por-ciento-en-expositores\/#mainImage","width":800,"height":559},"primaryImageOfPage":{"@id":"https:\/\/www.eldigitaldeasturias.com\/noticias\/fitur-2015-crece-un-4-por-ciento-en-superficie-contratada-y-un-12-por-ciento-en-expositores\/#mainImage"},"datePublished":"2015-01-15T18:47:15+01:00","dateModified":"2015-01-28T06:30:12+01:00"},{"@type":"WebSite","@id":"https:\/\/www.eldigitaldeasturias.com\/noticias\/#website","url":"https:\/\/www.eldigitaldeasturias.com\/noticias\/","name":"El Digital de Asturias - Diario de actualidad y noticias","alternateName":"El Digital de Asturias - Diario de actualidad y noticias","description":"Hemeroteca","inLanguage":"es-ES","publisher":{"@id":"https:\/\/www.eldigitaldeasturias.com\/noticias\/#organization"}}]},"og:locale":"es_ES","og:site_name":"El Digital de Asturias","og:type":"article","og:title":"Fitur 2015 crece un 4 por ciento en superficie contratada y un 12 por ciento en expositores - El Digital de Asturias","og:description":"Madrid, 15 ene (EFE).- La Feria Internacional del Turismo, Fitur, ocupar\u00e1 en su trig\u00e9simo quinta edici\u00f3n entre el 28 de enero y el 1 de febrero un 4 % m\u00e1s de superficie de Ifema hasta 56.233 metros cuadrados y contar\u00e1 con un 12 % m\u00e1s de expositores hasta 686. El presidente ejecutivo de Ifema, Luis","og:url":"https:\/\/www.eldigitaldeasturias.com\/noticias\/fitur-2015-crece-un-4-por-ciento-en-superficie-contratada-y-un-12-por-ciento-en-expositores\/","og:image":"https:\/\/www.eldigitaldeasturias.com\/noticias\/wp-content\/uploads\/2015\/01\/9716051w.jpg","og:image:secure_url":"https:\/\/www.eldigitaldeasturias.com\/noticias\/wp-content\/uploads\/2015\/01\/9716051w.jpg","og:image:width":800,"og:image:height":559,"article:tag":["turismo"],"article:published_time":"2015-01-15T17:47:15+00:00","article:modified_time":"2015-01-28T05:30:12+00:00","article:publisher":"https:\/\/facebook.com\/eldigitaldeasturias","twitter:card":"summary_large_image","twitter:title":"Fitur 2015 crece un 4 por ciento en superficie contratada y un 12 por ciento en expositores - El Digital de Asturias","twitter:description":"Madrid, 15 ene (EFE).- La Feria Internacional del Turismo, Fitur, ocupar\u00e1 en su trig\u00e9simo quinta edici\u00f3n entre el 28 de enero y el 1 de febrero un 4 % m\u00e1s de superficie de Ifema hasta 56.233 metros cuadrados y contar\u00e1 con un 12 % m\u00e1s de expositores hasta 686. El presidente ejecutivo de Ifema, Luis","twitter:image":"https:\/\/www.eldigitaldeasturias.com\/noticias\/wp-content\/uploads\/2015\/01\/9716051w.jpg","twitter:label1":"Escrito por","twitter:data1":"El Digital de Asturias","twitter:label2":"Tiempo de lectura estimado","twitter:data2":"4 minutos"},"aioseo_meta_data":{"post_id":"750075","title":null,"description":null,"keywords":null,"keyphrases":null,"primary_term":null,"canonical_url":null,"og_title":null,"og_description":null,"og_object_type":"default","og_image_type":"default","og_image_url":null,"og_image_width":null,"og_image_height":null,"og_image_custom_url":null,"og_image_custom_fields":null,"og_video":null,"og_custom_url":null,"og_article_section":null,"og_article_tags":null,"twitter_use_og":true,"twitter_card":"default","twitter_image_type":"default","twitter_image_url":null,"twitter_image_custom_url":null,"twitter_image_custom_fields":null,"twitter_title":null,"twitter_description":null,"schema":{"blockGraphs":[],"customGraphs":[],"default":{"data":{"Article":[],"Course":[],"Dataset":[],"FAQPage":[],"Movie":[],"Person":[],"Product":[],"ProductReview":[],"Car":[],"Recipe":[],"Service":[],"SoftwareApplication":[],"WebPage":[]},"graphName":"","isEnabled":true},"graphs":[],"defaultGraph":"","defaultPostTypeGraph":""},"schema_type":null,"schema_type_options":null,"pillar_content":false,"robots_default":true,"robots_noindex":false,"robots_noarchive":false,"robots_nosnippet":false,"robots_nofollow":false,"robots_noimageindex":false,"robots_noodp":false,"robots_notranslate":false,"robots_max_snippet":null,"robots_max_videopreview":null,"robots_max_imagepreview":"none","priority":null,"frequency":null,"local_seo":null,"seo_analyzer_scan_date":"2025-12-14 01:04:24","breadcrumb_settings":null,"limit_modified_date":false,"open_ai":null,"ai":null,"created":"2020-11-15 00:16:13","updated":"2025-12-14 01:04:24"},"aioseo_breadcrumb":"<div class=\"aioseo-breadcrumbs\"><span class=\"aioseo-breadcrumb\">\n\t<a href=\"https:\/\/www.eldigitaldeasturias.com\/noticias\" title=\"Home\">Home<\/a>\n<\/span><span class=\"aioseo-breadcrumb-separator\">\u2013<\/span><span class=\"aioseo-breadcrumb\">\n\t<a href=\"https:\/\/www.eldigitaldeasturias.com\/noticias\/category\/turismo\/\" title=\"Turismo\">Turismo<\/a>\n<\/span><span class=\"aioseo-breadcrumb-separator\">\u2013<\/span><span class=\"aioseo-breadcrumb\">\n\t<a href=\"https:\/\/www.eldigitaldeasturias.com\/noticias\/fitur-2015-crece-un-4-por-ciento-en-superficie-contratada-y-un-12-por-ciento-en-expositores\/\" title=\"Fitur 2015 crece un 4 por ciento en superficie contratada y un 12 por ciento en expositores\">Fitur 2015 crece un 4 por ciento en superficie contratada y un 12 por ciento en expositores<\/a>\n<\/span><\/div>","aioseo_breadcrumb_json":[{"label":"Home","link":"https:\/\/www.eldigitaldeasturias.com\/noticias"},{"label":"Turismo","link":"https:\/\/www.eldigitaldeasturias.com\/noticias\/category\/turismo\/"},{"label":"Fitur 2015 crece un 4 por ciento en superficie contratada y un 12 por ciento en expositores","link":"https:\/\/www.eldigitaldeasturias.com\/noticias\/fitur-2015-crece-un-4-por-ciento-en-superficie-contratada-y-un-12-por-ciento-en-expositores\/"}],"_links":{"self":[{"href":"https:\/\/www.eldigitaldeasturias.com\/noticias\/wp-json\/wp\/v2\/posts\/750075","targetHints":{"allow":["GET"]}}],"collection":[{"href":"https:\/\/www.eldigitaldeasturias.com\/noticias\/wp-json\/wp\/v2\/posts"}],"about":[{"href":"https:\/\/www.eldigitaldeasturias.com\/noticias\/wp-json\/wp\/v2\/types\/post"}],"author":[{"embeddable":true,"href":"https:\/\/www.eldigitaldeasturias.com\/noticias\/wp-json\/wp\/v2\/users\/1"}],"replies":[{"embeddable":true,"href":"https:\/\/www.eldigitaldeasturias.com\/noticias\/wp-json\/wp\/v2\/comments?post=750075"}],"version-history":[{"count":0,"href":"https:\/\/www.eldigitaldeasturias.com\/noticias\/wp-json\/wp\/v2\/posts\/750075\/revisions"}],"wp:featuredmedia":[{"embeddable":true,"href":"https:\/\/www.eldigitaldeasturias.com\/noticias\/wp-json\/wp\/v2\/media\/750076"}],"wp:attachment":[{"href":"https:\/\/www.eldigitaldeasturias.com\/noticias\/wp-json\/wp\/v2\/media?parent=750075"}],"wp:term":[{"taxonomy":"category","embeddable":true,"href":"https:\/\/www.eldigitaldeasturias.com\/noticias\/wp-json\/wp\/v2\/categories?post=750075"},{"taxonomy":"post_tag","embeddable":true,"href":"https:\/\/www.eldigitaldeasturias.com\/noticias\/wp-json\/wp\/v2\/tags?post=750075"}],"curies":[{"name":"wp","href":"https:\/\/api.w.org\/{rel}","templated":true}]}}