{"id":741461,"date":"2015-01-07T20:37:37","date_gmt":"2015-01-07T19:37:37","guid":{"rendered":"http:\/\/www.eldigitaldeasturias.com\/noticias\/?p=741461"},"modified":"2015-01-07T20:37:37","modified_gmt":"2015-01-07T19:37:37","slug":"ibiza-se-promociona-como-destino-activo-con-la-campana-vive-el-deporte","status":"publish","type":"post","link":"https:\/\/www.eldigitaldeasturias.com\/noticias\/ibiza-se-promociona-como-destino-activo-con-la-campana-vive-el-deporte\/","title":{"rendered":"Ibiza se promociona como destino activo con la campa\u00f1a \u00abVive el deporte\u00bb"},"content":{"rendered":"<p><img loading=\"lazy\" decoding=\"async\" class=\"alignleft size-medium wp-image-571454\" alt=\"ibiza\" src=\"https:\/\/www.eldigitaldeasturias.com\/noticias\/wp-content\/uploads\/2014\/08\/ibiza-360x239.jpg\" width=\"360\" height=\"239\" \/>Ibiza, 7 ene (EFE).- El Consell de Ibiza ha presentado el follet\u00edn informativo \u00ab\u00a1Vive el deporte en Ibiza\u00bb, que recoge 10 acontecimientos deportivos que tendr\u00e1n lugar en la isla durante el a\u00f1o 2015, con el que se promocionar\u00e1 como destino tur\u00edstico activo.<\/p>\n<p>Seg\u00fan informa la instituci\u00f3n insular, se trata de una iniciativa conjunta del Departamento de Deportes y el de Turismo para presentar las pruebas deportivas populares como una buena alternativa \u00abpara desestacionalizar la temporada tur\u00edstica\u00bb, puesto que los acontecimientos tienen lugar durante los meses de abril y mayo y tambi\u00e9n en el \u00faltimo trimestre del a\u00f1o.<\/p>\n<p>En este folleto se promocionan actividades como la Ruta de la Sal, la Vuelta Internacional en Ibiza en Mountain Bike, la Cursa de Passeig a Passeig, la Ibiza Media Marat\u00f3n, la Traves\u00eda a nado Ibiza Patrimonio de la Humanidad, la Formentera-Ibiza Ultraswim, el Triatl\u00f3n de Larga Distancia y la Ibiza Trail Marat\u00f3n, adem\u00e1s de la Vuelta Cicloturista y la Cursa del Indiot.<\/p>\n<p>El folleto, que tambi\u00e9n se ha elaborado en ingl\u00e9s, se promocionar\u00e1 en las principales ferias tur\u00edsticas: Fitur (del 28 de enero al 1 de febrero) y la ITB de Berlin (3-8 de marzo), adem\u00e1s de otras actuaciones m\u00e1s espec\u00edficas.<\/p>\n<p>Tanto el conseller insular de Deportes, Rafa Triguero, como la consellera insular de Turismo, Carmen Ferrer, han dado a conocer la iniciativa.<\/p>\n<p>Ferrer ha asegurado que \u00abla oferta deportiva es una importante herramienta para promocionar la isla durante los meses de menor actividad tur\u00edstica, puesto que se cuenta con un entorno y un clima muy adecuado para la realizaci\u00f3n de estas pruebas\u00bb.<\/p>\n","protected":false},"excerpt":{"rendered":"<p>Ibiza, 7 ene (EFE).- El Consell de Ibiza ha presentado el follet\u00edn informativo \u00ab\u00a1Vive el deporte en Ibiza\u00bb, que recoge 10 acontecimientos deportivos que tendr\u00e1n lugar en la isla durante el a\u00f1o 2015, con el que se promocionar\u00e1 como destino tur\u00edstico activo. Seg\u00fan informa la instituci\u00f3n insular, se trata de una iniciativa conjunta del Departamento [&hellip;]<\/p>\n","protected":false},"author":1,"featured_media":571454,"comment_status":"closed","ping_status":"closed","sticky":false,"template":"","format":"standard","meta":{"footnotes":""},"categories":[148],"tags":[],"class_list":["post-741461","post","type-post","status-publish","format-standard","has-post-thumbnail","hentry","category-turismo"],"aioseo_notices":[],"aioseo_head":"\n\t\t<!-- All in One SEO Pro 4.9.6.2 - aioseo.com -->\n\t<meta name=\"description\" content=\"Ibiza, 7 ene (EFE).- El Consell de Ibiza ha presentado el follet\u00edn informativo &quot;\u00a1Vive el deporte en Ibiza&quot;, que recoge 10 acontecimientos deportivos que tendr\u00e1n lugar en la isla durante el a\u00f1o 2015, con el que se promocionar\u00e1 como destino tur\u00edstico activo. Seg\u00fan informa la instituci\u00f3n insular, se trata de una iniciativa conjunta del Departamento\" \/>\n\t<meta name=\"robots\" content=\"max-image-preview:large\" \/>\n\t<meta name=\"author\" content=\"El Digital de Asturias\"\/>\n\t<meta name=\"google-site-verification\" content=\"UA-38556648-1\" \/>\n\t<meta name=\"msvalidate.01\" content=\"7dfe9f3f1b24437ab69f4f2559babe99\" \/>\n\t<meta name=\"keywords\" content=\"turismo\" \/>\n\t<link rel=\"canonical\" href=\"https:\/\/www.eldigitaldeasturias.com\/noticias\/ibiza-se-promociona-como-destino-activo-con-la-campana-vive-el-deporte\/\" \/>\n\t<meta name=\"generator\" content=\"All in One SEO Pro (AIOSEO) 4.9.6.2\" \/>\n\t\t<meta property=\"og:locale\" content=\"es_ES\" \/>\n\t\t<meta property=\"og:site_name\" content=\"El Digital de Asturias\" \/>\n\t\t<meta property=\"og:type\" content=\"article\" \/>\n\t\t<meta property=\"og:title\" content=\"Ibiza se promociona como destino activo con la campa\u00f1a \u00abVive el deporte\u00bb - El Digital de Asturias\" \/>\n\t\t<meta property=\"og:description\" content=\"Ibiza, 7 ene (EFE).- El Consell de Ibiza ha presentado el follet\u00edn informativo &quot;\u00a1Vive el deporte en Ibiza&quot;, que recoge 10 acontecimientos deportivos que tendr\u00e1n lugar en la isla durante el a\u00f1o 2015, con el que se promocionar\u00e1 como destino tur\u00edstico activo. Seg\u00fan informa la instituci\u00f3n insular, se trata de una iniciativa conjunta del Departamento\" \/>\n\t\t<meta property=\"og:url\" content=\"https:\/\/www.eldigitaldeasturias.com\/noticias\/ibiza-se-promociona-como-destino-activo-con-la-campana-vive-el-deporte\/\" \/>\n\t\t<meta property=\"og:image\" content=\"https:\/\/www.eldigitaldeasturias.com\/noticias\/wp-content\/uploads\/2014\/08\/ibiza.jpg\" \/>\n\t\t<meta property=\"og:image:secure_url\" content=\"https:\/\/www.eldigitaldeasturias.com\/noticias\/wp-content\/uploads\/2014\/08\/ibiza.jpg\" \/>\n\t\t<meta property=\"og:image:width\" content=\"1280\" \/>\n\t\t<meta property=\"og:image:height\" content=\"853\" \/>\n\t\t<meta property=\"article:tag\" content=\"turismo\" \/>\n\t\t<meta property=\"article:published_time\" content=\"2015-01-07T19:37:37+00:00\" \/>\n\t\t<meta property=\"article:modified_time\" content=\"2015-01-07T19:37:37+00:00\" \/>\n\t\t<meta property=\"article:publisher\" content=\"https:\/\/facebook.com\/eldigitaldeasturias\" \/>\n\t\t<meta name=\"twitter:card\" content=\"summary_large_image\" \/>\n\t\t<meta name=\"twitter:title\" content=\"Ibiza se promociona como destino activo con la campa\u00f1a \u00abVive el deporte\u00bb - El Digital de Asturias\" \/>\n\t\t<meta name=\"twitter:description\" content=\"Ibiza, 7 ene (EFE).- El Consell de Ibiza ha presentado el follet\u00edn informativo &quot;\u00a1Vive el deporte en Ibiza&quot;, que recoge 10 acontecimientos deportivos que tendr\u00e1n lugar en la isla durante el a\u00f1o 2015, con el que se promocionar\u00e1 como destino tur\u00edstico activo. Seg\u00fan informa la instituci\u00f3n insular, se trata de una iniciativa conjunta del Departamento\" \/>\n\t\t<meta name=\"twitter:image\" content=\"https:\/\/www.eldigitaldeasturias.com\/noticias\/wp-content\/uploads\/2014\/08\/ibiza.jpg\" \/>\n\t\t<meta name=\"twitter:label1\" content=\"Escrito por\" \/>\n\t\t<meta name=\"twitter:data1\" content=\"El Digital de Asturias\" \/>\n\t\t<meta name=\"twitter:label2\" content=\"Tiempo de lectura estimado\" \/>\n\t\t<meta name=\"twitter:data2\" content=\"1 minuto\" \/>\n\t\t<script type=\"application\/ld+json\" class=\"aioseo-schema\">\n\t\t\t{\"@context\":\"https:\\\/\\\/schema.org\",\"@graph\":[{\"@type\":\"BlogPosting\",\"@id\":\"https:\\\/\\\/www.eldigitaldeasturias.com\\\/noticias\\\/ibiza-se-promociona-como-destino-activo-con-la-campana-vive-el-deporte\\\/#blogposting\",\"name\":\"Ibiza se promociona como destino activo con la campa\\u00f1a \\u00abVive el deporte\\u00bb - El Digital de Asturias\",\"headline\":\"Ibiza se promociona como destino activo con la campa\\u00f1a \\u00abVive el deporte\\u00bb\",\"author\":{\"@id\":\"https:\\\/\\\/www.eldigitaldeasturias.com\\\/noticias\\\/author\\\/admin\\\/#author\"},\"publisher\":{\"@id\":\"https:\\\/\\\/www.eldigitaldeasturias.com\\\/noticias\\\/#organization\"},\"image\":{\"@type\":\"ImageObject\",\"url\":\"https:\\\/\\\/www.eldigitaldeasturias.com\\\/noticias\\\/wp-content\\\/uploads\\\/2014\\\/08\\\/ibiza.jpg\",\"width\":1280,\"height\":853},\"datePublished\":\"2015-01-07T20:37:37+01:00\",\"dateModified\":\"2015-01-07T20:37:37+01:00\",\"inLanguage\":\"es-ES\",\"mainEntityOfPage\":{\"@id\":\"https:\\\/\\\/www.eldigitaldeasturias.com\\\/noticias\\\/ibiza-se-promociona-como-destino-activo-con-la-campana-vive-el-deporte\\\/#webpage\"},\"isPartOf\":{\"@id\":\"https:\\\/\\\/www.eldigitaldeasturias.com\\\/noticias\\\/ibiza-se-promociona-como-destino-activo-con-la-campana-vive-el-deporte\\\/#webpage\"},\"articleSection\":\"Turismo\"},{\"@type\":\"BreadcrumbList\",\"@id\":\"https:\\\/\\\/www.eldigitaldeasturias.com\\\/noticias\\\/ibiza-se-promociona-como-destino-activo-con-la-campana-vive-el-deporte\\\/#breadcrumblist\",\"itemListElement\":[{\"@type\":\"ListItem\",\"@id\":\"https:\\\/\\\/www.eldigitaldeasturias.com\\\/noticias#listItem\",\"position\":1,\"name\":\"Home\",\"item\":\"https:\\\/\\\/www.eldigitaldeasturias.com\\\/noticias\",\"nextItem\":{\"@type\":\"ListItem\",\"@id\":\"https:\\\/\\\/www.eldigitaldeasturias.com\\\/noticias\\\/category\\\/turismo\\\/#listItem\",\"name\":\"Turismo\"}},{\"@type\":\"ListItem\",\"@id\":\"https:\\\/\\\/www.eldigitaldeasturias.com\\\/noticias\\\/category\\\/turismo\\\/#listItem\",\"position\":2,\"name\":\"Turismo\",\"item\":\"https:\\\/\\\/www.eldigitaldeasturias.com\\\/noticias\\\/category\\\/turismo\\\/\",\"nextItem\":{\"@type\":\"ListItem\",\"@id\":\"https:\\\/\\\/www.eldigitaldeasturias.com\\\/noticias\\\/ibiza-se-promociona-como-destino-activo-con-la-campana-vive-el-deporte\\\/#listItem\",\"name\":\"Ibiza se promociona como destino activo con la campa\\u00f1a \\u00abVive el deporte\\u00bb\"},\"previousItem\":{\"@type\":\"ListItem\",\"@id\":\"https:\\\/\\\/www.eldigitaldeasturias.com\\\/noticias#listItem\",\"name\":\"Home\"}},{\"@type\":\"ListItem\",\"@id\":\"https:\\\/\\\/www.eldigitaldeasturias.com\\\/noticias\\\/ibiza-se-promociona-como-destino-activo-con-la-campana-vive-el-deporte\\\/#listItem\",\"position\":3,\"name\":\"Ibiza se promociona como destino activo con la campa\\u00f1a \\u00abVive el deporte\\u00bb\",\"previousItem\":{\"@type\":\"ListItem\",\"@id\":\"https:\\\/\\\/www.eldigitaldeasturias.com\\\/noticias\\\/category\\\/turismo\\\/#listItem\",\"name\":\"Turismo\"}}]},{\"@type\":\"Organization\",\"@id\":\"https:\\\/\\\/www.eldigitaldeasturias.com\\\/noticias\\\/#organization\",\"name\":\"El Digital de Asturias\",\"description\":\"Hemeroteca\",\"url\":\"https:\\\/\\\/www.eldigitaldeasturias.com\\\/noticias\\\/\",\"email\":\"info@eldigitaldeasturias.com\",\"telephone\":\"+34652131393\",\"logo\":{\"@type\":\"ImageObject\",\"url\":\"https:\\\/\\\/www.eldigitaldeasturias.com\\\/noticias\\\/wp-content\\\/uploads\\\/2020\\\/12\\\/EDA.jpg\",\"@id\":\"https:\\\/\\\/www.eldigitaldeasturias.com\\\/noticias\\\/ibiza-se-promociona-como-destino-activo-con-la-campana-vive-el-deporte\\\/#organizationLogo\",\"width\":649,\"height\":297},\"image\":{\"@id\":\"https:\\\/\\\/www.eldigitaldeasturias.com\\\/noticias\\\/ibiza-se-promociona-como-destino-activo-con-la-campana-vive-el-deporte\\\/#organizationLogo\"},\"sameAs\":[\"https:\\\/\\\/facebook.com\\\/eldigitaldeasturias\",\"https:\\\/\\\/www.youtube.com\\\/channel\\\/UCZP-2wLEB9Rv6erhFmqVnvg\"],\"address\":{\"@id\":\"https:\\\/\\\/www.eldigitaldeasturias.com\\\/noticias\\\/#postaladdress\",\"@type\":\"PostalAddress\",\"streetAddress\":\"san antonio 4,\",\"postalCode\":\"33430\",\"addressLocality\":\"Cand\\u00e1s\",\"addressRegion\":\"Asturias\",\"addressCountry\":\"ES\"}},{\"@type\":\"Person\",\"@id\":\"https:\\\/\\\/www.eldigitaldeasturias.com\\\/noticias\\\/author\\\/admin\\\/#author\",\"url\":\"https:\\\/\\\/www.eldigitaldeasturias.com\\\/noticias\\\/author\\\/admin\\\/\",\"name\":\"El Digital de Asturias\",\"image\":{\"@type\":\"ImageObject\",\"@id\":\"https:\\\/\\\/www.eldigitaldeasturias.com\\\/noticias\\\/ibiza-se-promociona-como-destino-activo-con-la-campana-vive-el-deporte\\\/#authorImage\",\"url\":\"https:\\\/\\\/www.eldigitaldeasturias.com\\\/noticias\\\/wp-content\\\/litespeed\\\/avatar\\\/18677e78aa0546b92d9dbf31ec7d7668.jpg?ver=1777290358\",\"width\":96,\"height\":96,\"caption\":\"El Digital de Asturias\"}},{\"@type\":\"WebPage\",\"@id\":\"https:\\\/\\\/www.eldigitaldeasturias.com\\\/noticias\\\/ibiza-se-promociona-como-destino-activo-con-la-campana-vive-el-deporte\\\/#webpage\",\"url\":\"https:\\\/\\\/www.eldigitaldeasturias.com\\\/noticias\\\/ibiza-se-promociona-como-destino-activo-con-la-campana-vive-el-deporte\\\/\",\"name\":\"Ibiza se promociona como destino activo con la campa\\u00f1a \\u00abVive el deporte\\u00bb - El Digital de Asturias\",\"description\":\"Ibiza, 7 ene (EFE).- El Consell de Ibiza ha presentado el follet\\u00edn informativo \\\"\\u00a1Vive el deporte en Ibiza\\\", que recoge 10 acontecimientos deportivos que tendr\\u00e1n lugar en la isla durante el a\\u00f1o 2015, con el que se promocionar\\u00e1 como destino tur\\u00edstico activo. Seg\\u00fan informa la instituci\\u00f3n insular, se trata de una iniciativa conjunta del Departamento\",\"inLanguage\":\"es-ES\",\"isPartOf\":{\"@id\":\"https:\\\/\\\/www.eldigitaldeasturias.com\\\/noticias\\\/#website\"},\"breadcrumb\":{\"@id\":\"https:\\\/\\\/www.eldigitaldeasturias.com\\\/noticias\\\/ibiza-se-promociona-como-destino-activo-con-la-campana-vive-el-deporte\\\/#breadcrumblist\"},\"author\":{\"@id\":\"https:\\\/\\\/www.eldigitaldeasturias.com\\\/noticias\\\/author\\\/admin\\\/#author\"},\"creator\":{\"@id\":\"https:\\\/\\\/www.eldigitaldeasturias.com\\\/noticias\\\/author\\\/admin\\\/#author\"},\"image\":{\"@type\":\"ImageObject\",\"url\":\"https:\\\/\\\/www.eldigitaldeasturias.com\\\/noticias\\\/wp-content\\\/uploads\\\/2014\\\/08\\\/ibiza.jpg\",\"@id\":\"https:\\\/\\\/www.eldigitaldeasturias.com\\\/noticias\\\/ibiza-se-promociona-como-destino-activo-con-la-campana-vive-el-deporte\\\/#mainImage\",\"width\":1280,\"height\":853},\"primaryImageOfPage\":{\"@id\":\"https:\\\/\\\/www.eldigitaldeasturias.com\\\/noticias\\\/ibiza-se-promociona-como-destino-activo-con-la-campana-vive-el-deporte\\\/#mainImage\"},\"datePublished\":\"2015-01-07T20:37:37+01:00\",\"dateModified\":\"2015-01-07T20:37:37+01:00\"},{\"@type\":\"WebSite\",\"@id\":\"https:\\\/\\\/www.eldigitaldeasturias.com\\\/noticias\\\/#website\",\"url\":\"https:\\\/\\\/www.eldigitaldeasturias.com\\\/noticias\\\/\",\"name\":\"El Digital de Asturias - Diario de actualidad y noticias\",\"alternateName\":\"El Digital de Asturias - Diario de actualidad y noticias\",\"description\":\"Hemeroteca\",\"inLanguage\":\"es-ES\",\"publisher\":{\"@id\":\"https:\\\/\\\/www.eldigitaldeasturias.com\\\/noticias\\\/#organization\"}}]}\n\t\t<\/script>\n\t\t<!-- All in One SEO Pro -->\r\n\t\t<title>Ibiza se promociona como destino activo con la campa\u00f1a \u00abVive el deporte\u00bb - El Digital de Asturias<\/title>\n\n","aioseo_head_json":{"title":"Ibiza se promociona como destino activo con la campa\u00f1a \u00abVive el deporte\u00bb - El Digital de Asturias","description":"Ibiza, 7 ene (EFE).- El Consell de Ibiza ha presentado el follet\u00edn informativo \"\u00a1Vive el deporte en Ibiza\", que recoge 10 acontecimientos deportivos que tendr\u00e1n lugar en la isla durante el a\u00f1o 2015, con el que se promocionar\u00e1 como destino tur\u00edstico activo. Seg\u00fan informa la instituci\u00f3n insular, se trata de una iniciativa conjunta del Departamento","canonical_url":"https:\/\/www.eldigitaldeasturias.com\/noticias\/ibiza-se-promociona-como-destino-activo-con-la-campana-vive-el-deporte\/","robots":"max-image-preview:large","keywords":"turismo","webmasterTools":{"google-site-verification":"UA-38556648-1","msvalidate.01":"7dfe9f3f1b24437ab69f4f2559babe99","miscellaneous":""},"schema":{"@context":"https:\/\/schema.org","@graph":[{"@type":"BlogPosting","@id":"https:\/\/www.eldigitaldeasturias.com\/noticias\/ibiza-se-promociona-como-destino-activo-con-la-campana-vive-el-deporte\/#blogposting","name":"Ibiza se promociona como destino activo con la campa\u00f1a \u00abVive el deporte\u00bb - El Digital de Asturias","headline":"Ibiza se promociona como destino activo con la campa\u00f1a \u00abVive el deporte\u00bb","author":{"@id":"https:\/\/www.eldigitaldeasturias.com\/noticias\/author\/admin\/#author"},"publisher":{"@id":"https:\/\/www.eldigitaldeasturias.com\/noticias\/#organization"},"image":{"@type":"ImageObject","url":"https:\/\/www.eldigitaldeasturias.com\/noticias\/wp-content\/uploads\/2014\/08\/ibiza.jpg","width":1280,"height":853},"datePublished":"2015-01-07T20:37:37+01:00","dateModified":"2015-01-07T20:37:37+01:00","inLanguage":"es-ES","mainEntityOfPage":{"@id":"https:\/\/www.eldigitaldeasturias.com\/noticias\/ibiza-se-promociona-como-destino-activo-con-la-campana-vive-el-deporte\/#webpage"},"isPartOf":{"@id":"https:\/\/www.eldigitaldeasturias.com\/noticias\/ibiza-se-promociona-como-destino-activo-con-la-campana-vive-el-deporte\/#webpage"},"articleSection":"Turismo"},{"@type":"BreadcrumbList","@id":"https:\/\/www.eldigitaldeasturias.com\/noticias\/ibiza-se-promociona-como-destino-activo-con-la-campana-vive-el-deporte\/#breadcrumblist","itemListElement":[{"@type":"ListItem","@id":"https:\/\/www.eldigitaldeasturias.com\/noticias#listItem","position":1,"name":"Home","item":"https:\/\/www.eldigitaldeasturias.com\/noticias","nextItem":{"@type":"ListItem","@id":"https:\/\/www.eldigitaldeasturias.com\/noticias\/category\/turismo\/#listItem","name":"Turismo"}},{"@type":"ListItem","@id":"https:\/\/www.eldigitaldeasturias.com\/noticias\/category\/turismo\/#listItem","position":2,"name":"Turismo","item":"https:\/\/www.eldigitaldeasturias.com\/noticias\/category\/turismo\/","nextItem":{"@type":"ListItem","@id":"https:\/\/www.eldigitaldeasturias.com\/noticias\/ibiza-se-promociona-como-destino-activo-con-la-campana-vive-el-deporte\/#listItem","name":"Ibiza se promociona como destino activo con la campa\u00f1a \u00abVive el deporte\u00bb"},"previousItem":{"@type":"ListItem","@id":"https:\/\/www.eldigitaldeasturias.com\/noticias#listItem","name":"Home"}},{"@type":"ListItem","@id":"https:\/\/www.eldigitaldeasturias.com\/noticias\/ibiza-se-promociona-como-destino-activo-con-la-campana-vive-el-deporte\/#listItem","position":3,"name":"Ibiza se promociona como destino activo con la campa\u00f1a \u00abVive el deporte\u00bb","previousItem":{"@type":"ListItem","@id":"https:\/\/www.eldigitaldeasturias.com\/noticias\/category\/turismo\/#listItem","name":"Turismo"}}]},{"@type":"Organization","@id":"https:\/\/www.eldigitaldeasturias.com\/noticias\/#organization","name":"El Digital de Asturias","description":"Hemeroteca","url":"https:\/\/www.eldigitaldeasturias.com\/noticias\/","email":"info@eldigitaldeasturias.com","telephone":"+34652131393","logo":{"@type":"ImageObject","url":"https:\/\/www.eldigitaldeasturias.com\/noticias\/wp-content\/uploads\/2020\/12\/EDA.jpg","@id":"https:\/\/www.eldigitaldeasturias.com\/noticias\/ibiza-se-promociona-como-destino-activo-con-la-campana-vive-el-deporte\/#organizationLogo","width":649,"height":297},"image":{"@id":"https:\/\/www.eldigitaldeasturias.com\/noticias\/ibiza-se-promociona-como-destino-activo-con-la-campana-vive-el-deporte\/#organizationLogo"},"sameAs":["https:\/\/facebook.com\/eldigitaldeasturias","https:\/\/www.youtube.com\/channel\/UCZP-2wLEB9Rv6erhFmqVnvg"],"address":{"@id":"https:\/\/www.eldigitaldeasturias.com\/noticias\/#postaladdress","@type":"PostalAddress","streetAddress":"san antonio 4,","postalCode":"33430","addressLocality":"Cand\u00e1s","addressRegion":"Asturias","addressCountry":"ES"}},{"@type":"Person","@id":"https:\/\/www.eldigitaldeasturias.com\/noticias\/author\/admin\/#author","url":"https:\/\/www.eldigitaldeasturias.com\/noticias\/author\/admin\/","name":"El Digital de Asturias","image":{"@type":"ImageObject","@id":"https:\/\/www.eldigitaldeasturias.com\/noticias\/ibiza-se-promociona-como-destino-activo-con-la-campana-vive-el-deporte\/#authorImage","url":"https:\/\/www.eldigitaldeasturias.com\/noticias\/wp-content\/litespeed\/avatar\/18677e78aa0546b92d9dbf31ec7d7668.jpg?ver=1777290358","width":96,"height":96,"caption":"El Digital de Asturias"}},{"@type":"WebPage","@id":"https:\/\/www.eldigitaldeasturias.com\/noticias\/ibiza-se-promociona-como-destino-activo-con-la-campana-vive-el-deporte\/#webpage","url":"https:\/\/www.eldigitaldeasturias.com\/noticias\/ibiza-se-promociona-como-destino-activo-con-la-campana-vive-el-deporte\/","name":"Ibiza se promociona como destino activo con la campa\u00f1a \u00abVive el deporte\u00bb - El Digital de Asturias","description":"Ibiza, 7 ene (EFE).- El Consell de Ibiza ha presentado el follet\u00edn informativo \"\u00a1Vive el deporte en Ibiza\", que recoge 10 acontecimientos deportivos que tendr\u00e1n lugar en la isla durante el a\u00f1o 2015, con el que se promocionar\u00e1 como destino tur\u00edstico activo. Seg\u00fan informa la instituci\u00f3n insular, se trata de una iniciativa conjunta del Departamento","inLanguage":"es-ES","isPartOf":{"@id":"https:\/\/www.eldigitaldeasturias.com\/noticias\/#website"},"breadcrumb":{"@id":"https:\/\/www.eldigitaldeasturias.com\/noticias\/ibiza-se-promociona-como-destino-activo-con-la-campana-vive-el-deporte\/#breadcrumblist"},"author":{"@id":"https:\/\/www.eldigitaldeasturias.com\/noticias\/author\/admin\/#author"},"creator":{"@id":"https:\/\/www.eldigitaldeasturias.com\/noticias\/author\/admin\/#author"},"image":{"@type":"ImageObject","url":"https:\/\/www.eldigitaldeasturias.com\/noticias\/wp-content\/uploads\/2014\/08\/ibiza.jpg","@id":"https:\/\/www.eldigitaldeasturias.com\/noticias\/ibiza-se-promociona-como-destino-activo-con-la-campana-vive-el-deporte\/#mainImage","width":1280,"height":853},"primaryImageOfPage":{"@id":"https:\/\/www.eldigitaldeasturias.com\/noticias\/ibiza-se-promociona-como-destino-activo-con-la-campana-vive-el-deporte\/#mainImage"},"datePublished":"2015-01-07T20:37:37+01:00","dateModified":"2015-01-07T20:37:37+01:00"},{"@type":"WebSite","@id":"https:\/\/www.eldigitaldeasturias.com\/noticias\/#website","url":"https:\/\/www.eldigitaldeasturias.com\/noticias\/","name":"El Digital de Asturias - Diario de actualidad y noticias","alternateName":"El Digital de Asturias - Diario de actualidad y noticias","description":"Hemeroteca","inLanguage":"es-ES","publisher":{"@id":"https:\/\/www.eldigitaldeasturias.com\/noticias\/#organization"}}]},"og:locale":"es_ES","og:site_name":"El Digital de Asturias","og:type":"article","og:title":"Ibiza se promociona como destino activo con la campa\u00f1a \u00abVive el deporte\u00bb - El Digital de Asturias","og:description":"Ibiza, 7 ene (EFE).- El Consell de Ibiza ha presentado el follet\u00edn informativo &quot;\u00a1Vive el deporte en Ibiza&quot;, que recoge 10 acontecimientos deportivos que tendr\u00e1n lugar en la isla durante el a\u00f1o 2015, con el que se promocionar\u00e1 como destino tur\u00edstico activo. Seg\u00fan informa la instituci\u00f3n insular, se trata de una iniciativa conjunta del Departamento","og:url":"https:\/\/www.eldigitaldeasturias.com\/noticias\/ibiza-se-promociona-como-destino-activo-con-la-campana-vive-el-deporte\/","og:image":"https:\/\/www.eldigitaldeasturias.com\/noticias\/wp-content\/uploads\/2014\/08\/ibiza.jpg","og:image:secure_url":"https:\/\/www.eldigitaldeasturias.com\/noticias\/wp-content\/uploads\/2014\/08\/ibiza.jpg","og:image:width":1280,"og:image:height":853,"article:tag":["turismo"],"article:published_time":"2015-01-07T19:37:37+00:00","article:modified_time":"2015-01-07T19:37:37+00:00","article:publisher":"https:\/\/facebook.com\/eldigitaldeasturias","twitter:card":"summary_large_image","twitter:title":"Ibiza se promociona como destino activo con la campa\u00f1a \u00abVive el deporte\u00bb - El Digital de Asturias","twitter:description":"Ibiza, 7 ene (EFE).- El Consell de Ibiza ha presentado el follet\u00edn informativo &quot;\u00a1Vive el deporte en Ibiza&quot;, que recoge 10 acontecimientos deportivos que tendr\u00e1n lugar en la isla durante el a\u00f1o 2015, con el que se promocionar\u00e1 como destino tur\u00edstico activo. Seg\u00fan informa la instituci\u00f3n insular, se trata de una iniciativa conjunta del Departamento","twitter:image":"https:\/\/www.eldigitaldeasturias.com\/noticias\/wp-content\/uploads\/2014\/08\/ibiza.jpg","twitter:label1":"Escrito por","twitter:data1":"El Digital de Asturias","twitter:label2":"Tiempo de lectura estimado","twitter:data2":"1 minuto"},"aioseo_meta_data":{"post_id":"741461","title":null,"description":null,"keywords":null,"keyphrases":null,"primary_term":null,"canonical_url":null,"og_title":null,"og_description":null,"og_object_type":"default","og_image_type":"default","og_image_url":null,"og_image_width":null,"og_image_height":null,"og_image_custom_url":null,"og_image_custom_fields":null,"og_video":null,"og_custom_url":null,"og_article_section":null,"og_article_tags":null,"twitter_use_og":true,"twitter_card":"default","twitter_image_type":"default","twitter_image_url":null,"twitter_image_custom_url":null,"twitter_image_custom_fields":null,"twitter_title":null,"twitter_description":null,"schema":{"blockGraphs":[],"customGraphs":[],"default":{"data":{"Article":[],"Course":[],"Dataset":[],"FAQPage":[],"Movie":[],"Person":[],"Product":[],"ProductReview":[],"Car":[],"Recipe":[],"Service":[],"SoftwareApplication":[],"WebPage":[]},"graphName":"","isEnabled":true},"graphs":[],"defaultGraph":"","defaultPostTypeGraph":""},"schema_type":null,"schema_type_options":null,"pillar_content":false,"robots_default":true,"robots_noindex":false,"robots_noarchive":false,"robots_nosnippet":false,"robots_nofollow":false,"robots_noimageindex":false,"robots_noodp":false,"robots_notranslate":false,"robots_max_snippet":null,"robots_max_videopreview":null,"robots_max_imagepreview":"none","priority":null,"frequency":null,"local_seo":null,"seo_analyzer_scan_date":"2025-12-12 18:52:25","breadcrumb_settings":null,"limit_modified_date":false,"open_ai":null,"ai":null,"created":"2020-11-15 00:13:57","updated":"2025-12-12 18:52:25"},"aioseo_breadcrumb":"<div class=\"aioseo-breadcrumbs\"><span class=\"aioseo-breadcrumb\">\n\t<a href=\"https:\/\/www.eldigitaldeasturias.com\/noticias\" title=\"Home\">Home<\/a>\n<\/span><span class=\"aioseo-breadcrumb-separator\">\u2013<\/span><span class=\"aioseo-breadcrumb\">\n\t<a href=\"https:\/\/www.eldigitaldeasturias.com\/noticias\/category\/turismo\/\" title=\"Turismo\">Turismo<\/a>\n<\/span><span class=\"aioseo-breadcrumb-separator\">\u2013<\/span><span class=\"aioseo-breadcrumb\">\n\t<a href=\"https:\/\/www.eldigitaldeasturias.com\/noticias\/ibiza-se-promociona-como-destino-activo-con-la-campana-vive-el-deporte\/\" title=\"Ibiza se promociona como destino activo con la campa\u00f1a \u00abVive el deporte\u00bb\">Ibiza se promociona como destino activo con la campa\u00f1a \u00abVive el deporte\u00bb<\/a>\n<\/span><\/div>","aioseo_breadcrumb_json":[{"label":"Home","link":"https:\/\/www.eldigitaldeasturias.com\/noticias"},{"label":"Turismo","link":"https:\/\/www.eldigitaldeasturias.com\/noticias\/category\/turismo\/"},{"label":"Ibiza se promociona como destino activo con la campa\u00f1a \u00abVive el deporte\u00bb","link":"https:\/\/www.eldigitaldeasturias.com\/noticias\/ibiza-se-promociona-como-destino-activo-con-la-campana-vive-el-deporte\/"}],"_links":{"self":[{"href":"https:\/\/www.eldigitaldeasturias.com\/noticias\/wp-json\/wp\/v2\/posts\/741461","targetHints":{"allow":["GET"]}}],"collection":[{"href":"https:\/\/www.eldigitaldeasturias.com\/noticias\/wp-json\/wp\/v2\/posts"}],"about":[{"href":"https:\/\/www.eldigitaldeasturias.com\/noticias\/wp-json\/wp\/v2\/types\/post"}],"author":[{"embeddable":true,"href":"https:\/\/www.eldigitaldeasturias.com\/noticias\/wp-json\/wp\/v2\/users\/1"}],"replies":[{"embeddable":true,"href":"https:\/\/www.eldigitaldeasturias.com\/noticias\/wp-json\/wp\/v2\/comments?post=741461"}],"version-history":[{"count":0,"href":"https:\/\/www.eldigitaldeasturias.com\/noticias\/wp-json\/wp\/v2\/posts\/741461\/revisions"}],"wp:featuredmedia":[{"embeddable":true,"href":"https:\/\/www.eldigitaldeasturias.com\/noticias\/wp-json\/wp\/v2\/media\/571454"}],"wp:attachment":[{"href":"https:\/\/www.eldigitaldeasturias.com\/noticias\/wp-json\/wp\/v2\/media?parent=741461"}],"wp:term":[{"taxonomy":"category","embeddable":true,"href":"https:\/\/www.eldigitaldeasturias.com\/noticias\/wp-json\/wp\/v2\/categories?post=741461"},{"taxonomy":"post_tag","embeddable":true,"href":"https:\/\/www.eldigitaldeasturias.com\/noticias\/wp-json\/wp\/v2\/tags?post=741461"}],"curies":[{"name":"wp","href":"https:\/\/api.w.org\/{rel}","templated":true}]}}