{"id":715415,"date":"2014-12-09T13:13:40","date_gmt":"2014-12-09T12:13:40","guid":{"rendered":"http:\/\/www.eldigitaldeasturias.com\/noticias\/?p=715415"},"modified":"2014-12-09T18:52:05","modified_gmt":"2014-12-09T17:52:05","slug":"de-profesion-desempleado","status":"publish","type":"post","link":"https:\/\/www.eldigitaldeasturias.com\/noticias\/de-profesion-desempleado\/","title":{"rendered":"\u00bfDe profesi\u00f3n? Desempleado"},"content":{"rendered":"<p><img loading=\"lazy\" decoding=\"async\" class=\"alignleft size-medium wp-image-3081\" alt=\"paro\" src=\"https:\/\/www.eldigitaldeasturias.com\/noticias\/wp-content\/uploads\/2013\/09\/paro-360x240.jpg\" width=\"360\" height=\"240\" \/>Buscar trabajo se ha convertido en un proceso de cierta complejidad, que obliga al candidato a especializarse y convertirse en un profesional de la b\u00fasqueda de empleo.<\/p>\n<p>T\u00e9cnicas de marketing personal, preparaci\u00f3n de curriculum o entrevista de trabajo, son cuestiones que el candidato ha de dominar a la perfecci\u00f3n para llegar a destacar en los procesos de selecci\u00f3n.<\/p>\n<p><strong><em>El trabajo de buscar empleo<\/em><\/strong><\/p>\n<p>Corren malos tiempos para el empleo, y los demandantes superan con creces el n\u00famero de ofertas que aparecen en el mercado. De modo que se hace necesario destacar la candidatura, con el fin de llamar la atenci\u00f3n del reclutador y conseguir el trabajo. Pero, \u00bfc\u00f3mo hacer para que el curriculum destaque del resto?, \u00bfqu\u00e9 decir o hacer en la entrevista de trabajo para \u201ccautivar\u201d al entrevistador?, \u00bfc\u00f3mo hacer una buena carta de motivaci\u00f3n que \u201canime\u201d a contar con nuestros servicios?, \u00bfqu\u00e9 acciones tomar para crearse una imagen personal y profesional atractiva para las empresas?.<\/p>\n<p>Son algunas de las cuestiones claves que todo candidato debe tener en cuenta en su proceso de b\u00fasqueda activa de empleo. Y todas ellas requieren de ciertas acciones por su parte, que le ocupar\u00e1n tiempo, recursos y esfuerzo. Es por ello que la b\u00fasqueda de empleo se est\u00e1 convirtiendo en una labor cada vez m\u00e1s \u201cprofesionalizada\u201d, que exige al candidato una formaci\u00f3n espec\u00edfica, y una dotaci\u00f3n de esfuerzo m\u00e1s alta, para acometer la b\u00fasqueda de empleo con un m\u00ednimo de garant\u00edas de \u00e9xito.<\/p>\n<p>Ya no vale con hacer un curriculum medianamente bonito, e ir reparti\u00e9ndolo indiscriminadamente por empresas o portales de empleo. La cuesti\u00f3n exige m\u00e1s esfuerzo, mayor preparaci\u00f3n y acciones diferentes, que llamen la atenci\u00f3n de los responsables de Recursos Humanos, a la vez que resalten las virtudes del candidato. Es en definitiva, la creaci\u00f3n y mantenimiento de una campa\u00f1a de marketing, donde el \u201cproducto\u201d es uno mismo.<\/p>\n<p><strong><em>Convertirse en un profesional de la b\u00fasqueda de empleo<\/em><\/strong><\/p>\n<p>Queda claro pues que la b\u00fasqueda de empleo se ha convertido en algo mucho m\u00e1s complejo de lo que podr\u00eda parecer, y as\u00ed debe ser asumido por todo aquel que quiera tener \u00e9xito en esta empresa. De modo que, desde el momento en que uno se queda en el paro, comienza su nueva profesi\u00f3n: desempleado.<\/p>\n<p>Una actividad esta que no debiera demorarse mucho, pues se corre el riesgo de caer en la inactividad, a la par que se pierde un tiempo que puede llegar a ser precioso. Por eso conviene ponerse en acci\u00f3n de inmediato y plantearse dedicar tiempo, esfuerzo y voluntad a la ardua tarea de encontrar un nuevo trabajo.<\/p>\n<p>Y para ello quiz\u00e1 haya que replantearse ciertas cuestiones, proponerse horarios Buscar trabajo se ha convertido en un proceso de cierta complejidad, que obliga al candidato a especializarse y convertirse en un profesional de la b\u00fasqueda de empleo.<\/p>\n<p>Algunas de las tareas a llevar a cabo por el profesional de la b\u00fasqueda de empleo son:<\/p>\n<p>Empezar cuanto antes<\/p>\n<p>Conviene expulsar el pensamiento ese de: \u201ccomo tengo dos a\u00f1os de paro, me lo tomo con tranquilidad\u201d. Se corre el riesgo de aletargarse o perder oportunidades.<\/p>\n<p>Analizar las salidas profesionales<\/p>\n<p>Conviene \u201cponer las cartas sobre la mesa\u201d y evaluar c\u00f3mo est\u00e1 el mercado laboral , si se puede seguir buscando all\u00ed o es necesario dar un giro en la vida laboral. En ocasiones el desempleo es el principio de una nueva vida profesional, que puede ser mucho m\u00e1s rica y atractiva que la anterior.<\/p>\n<p>Preparaci\u00f3n de las herramientas<\/p>\n<p>La b\u00fasqueda de empleo requiere de ciertas herramientas: el curriculum, la carta de presentaci\u00f3n, preparaci\u00f3n de la entrevista, etc. El candidato debe tomarse su tiempo para preparar estas cuestiones concienzudamente. Y si uno solo no puede, buscar ayuda externa.<\/p>\n<p>Elaborar un argumentario<\/p>\n<p>El candidato que no tiene argumentos para convencer de su candidatura, est\u00e1 condenado al fracaso. Por eso conviene hacerse un auto examen y sacar todas las cualidades profesionales y personales que puedan interesar a un entrevistador. Muy \u00fatil para \u201cdefender la candidatura\u201d en la entrevista de trabajo o ferias de empleo, por ejemplo.<\/p>\n<p>Mover la red de contactos<\/p>\n<p>El desempleo no es motivo de verg\u00fcenza, si no una nueva situaci\u00f3n profesional. Y todos los contactos han de tener conocimiento de ella. Porque no en vano la mayor\u00eda de empleos se consiguen a trav\u00e9s de un contacto. Y nunca hay que cerrar puertas a las oportunidades laborales.<\/p>\n<p>Formaci\u00f3n continua<\/p>\n<p>Un buen \u201cdesempleado profesional\u201d debe tener un hueco para la formaci\u00f3n. La adquisici\u00f3n de nuevos conocimiento, el aprendizaje o perfeccionamiento de un idioma o el reciclaje profesional, son tareas imprescindibles en todo buen proceso de b\u00fasqueda activa de empleo.<\/p>\n<p><strong><em>El que la sigue, la consigue<\/em><\/strong><\/p>\n<p>Al final encontrar empleo es cuesti\u00f3n de tiempo, esfuerzo, paciencia y \u201cprofesionalidad\u201d. Porque pocos son los casos en los que el trabajo aparece a las primeras de cambio.<\/p>\n<p>Y ah\u00ed entra la fuerza de voluntad, el tes\u00f3n y la forma de enfrentarse a las cosas de cada uno. Porque donde unos ven fracaso, otros lo toman como una oportunidad de aprender y mejorar. Al fin y al cabo un fracaso no es m\u00e1s que el principio del \u00e9xito, una fuente de mejoras y aprendizaje. Y esto lo tiene muy claro el \u201cdesempleado profesional\u201d.<\/p>\n<p>Un art\u00edculo de Jos\u00e9 Ram\u00f3n Fern\u00e1ndez, responsable del <a href=\"http:\/\/www.untrabajo.es\/\" target=\"_blank\">blog de ayudas para la b\u00fasqueda de empleo.<\/a><\/p>\n","protected":false},"excerpt":{"rendered":"<p>Buscar trabajo se ha convertido en un proceso de cierta complejidad, que obliga al candidato a especializarse y convertirse en un profesional de la b\u00fasqueda de empleo. T\u00e9cnicas de marketing personal, preparaci\u00f3n de curriculum o entrevista de trabajo, son cuestiones que el candidato ha de dominar a la perfecci\u00f3n para llegar a destacar en los [&hellip;]<\/p>\n","protected":false},"author":1,"featured_media":1132184,"comment_status":"closed","ping_status":"closed","sticky":false,"template":"","format":"standard","meta":{"footnotes":""},"categories":[1],"tags":[],"class_list":["post-715415","post","type-post","status-publish","format-standard","has-post-thumbnail","hentry","category-actualidad"],"aioseo_notices":[],"aioseo_head":"\n\t\t<!-- All in One SEO Pro 5.0.1 - aioseo.com -->\n\t<meta name=\"description\" content=\"Buscar trabajo se ha convertido en un proceso de cierta complejidad, que obliga al candidato a especializarse y convertirse en un profesional de la b\u00fasqueda de empleo. T\u00e9cnicas de marketing personal, preparaci\u00f3n de curriculum o entrevista de trabajo, son cuestiones que el candidato ha de dominar a la perfecci\u00f3n para llegar a destacar en los\" \/>\n\t<meta name=\"robots\" content=\"max-image-preview:large\" \/>\n\t<meta name=\"author\" content=\"El Digital de Asturias\"\/>\n\t<meta name=\"google-site-verification\" content=\"UA-38556648-1\" \/>\n\t<meta name=\"msvalidate.01\" content=\"7dfe9f3f1b24437ab69f4f2559babe99\" \/>\n\t<meta name=\"keywords\" content=\"actualidad\" \/>\n\t<link rel=\"canonical\" href=\"https:\/\/www.eldigitaldeasturias.com\/noticias\/de-profesion-desempleado\/\" \/>\n\t<meta name=\"generator\" content=\"All in One SEO Pro (AIOSEO) 5.0.1\" \/>\n\t\t<meta property=\"og:locale\" content=\"es_ES\" \/>\n\t\t<meta property=\"og:site_name\" content=\"El Digital de Asturias\" \/>\n\t\t<meta property=\"og:type\" content=\"article\" \/>\n\t\t<meta property=\"og:title\" content=\"\u00bfDe profesi\u00f3n? Desempleado - El Digital de Asturias\" \/>\n\t\t<meta property=\"og:description\" content=\"Buscar trabajo se ha convertido en un proceso de cierta complejidad, que obliga al candidato a especializarse y convertirse en un profesional de la b\u00fasqueda de empleo. T\u00e9cnicas de marketing personal, preparaci\u00f3n de curriculum o entrevista de trabajo, son cuestiones que el candidato ha de dominar a la perfecci\u00f3n para llegar a destacar en los\" \/>\n\t\t<meta property=\"og:url\" content=\"https:\/\/www.eldigitaldeasturias.com\/noticias\/de-profesion-desempleado\/\" \/>\n\t\t<meta property=\"og:image\" content=\"https:\/\/www.eldigitaldeasturias.com\/noticias\/wp-content\/uploads\/2026\/06\/Contenidos.jpg\" \/>\n\t\t<meta property=\"og:image:secure_url\" content=\"https:\/\/www.eldigitaldeasturias.com\/noticias\/wp-content\/uploads\/2026\/06\/Contenidos.jpg\" \/>\n\t\t<meta property=\"og:image:width\" content=\"1265\" \/>\n\t\t<meta property=\"og:image:height\" content=\"697\" \/>\n\t\t<meta property=\"article:tag\" content=\"actualidad\" \/>\n\t\t<meta property=\"article:published_time\" content=\"2014-12-09T12:13:40+00:00\" \/>\n\t\t<meta property=\"article:modified_time\" content=\"2014-12-09T17:52:05+00:00\" \/>\n\t\t<meta property=\"article:publisher\" content=\"https:\/\/facebook.com\/eldigitaldeasturias\" \/>\n\t\t<meta name=\"twitter:card\" content=\"summary_large_image\" \/>\n\t\t<meta name=\"twitter:title\" content=\"\u00bfDe profesi\u00f3n? Desempleado - El Digital de Asturias\" \/>\n\t\t<meta name=\"twitter:description\" content=\"Buscar trabajo se ha convertido en un proceso de cierta complejidad, que obliga al candidato a especializarse y convertirse en un profesional de la b\u00fasqueda de empleo. T\u00e9cnicas de marketing personal, preparaci\u00f3n de curriculum o entrevista de trabajo, son cuestiones que el candidato ha de dominar a la perfecci\u00f3n para llegar a destacar en los\" \/>\n\t\t<meta name=\"twitter:image\" content=\"https:\/\/www.eldigitaldeasturias.com\/noticias\/wp-content\/uploads\/2026\/06\/Contenidos.jpg\" \/>\n\t\t<meta name=\"twitter:label1\" content=\"Escrito por\" \/>\n\t\t<meta name=\"twitter:data1\" content=\"El Digital de Asturias\" \/>\n\t\t<meta name=\"twitter:label2\" content=\"Tiempo de lectura estimado\" \/>\n\t\t<meta name=\"twitter:data2\" content=\"5 minutos\" \/>\n\t\t<script type=\"application\/ld+json\" class=\"aioseo-schema\">\n\t\t\t{\"@context\":\"https:\\\/\\\/schema.org\",\"@graph\":[{\"@type\":\"BlogPosting\",\"@id\":\"https:\\\/\\\/www.eldigitaldeasturias.com\\\/noticias\\\/de-profesion-desempleado\\\/#blogposting\",\"name\":\"\\u00bfDe profesi\\u00f3n? Desempleado - El Digital de Asturias\",\"headline\":\"\\u00bfDe profesi\\u00f3n? Desempleado\",\"author\":{\"@id\":\"https:\\\/\\\/www.eldigitaldeasturias.com\\\/noticias\\\/author\\\/admin\\\/#author\"},\"publisher\":{\"@id\":\"https:\\\/\\\/www.eldigitaldeasturias.com\\\/noticias\\\/#organization\"},\"image\":{\"@type\":\"ImageObject\",\"url\":\"https:\\\/\\\/www.eldigitaldeasturias.com\\\/noticias\\\/wp-content\\\/uploads\\\/2026\\\/06\\\/Contenidos.jpg\",\"width\":1265,\"height\":697,\"caption\":\"Contenidos\"},\"datePublished\":\"2014-12-09T13:13:40+01:00\",\"dateModified\":\"2014-12-09T18:52:05+01:00\",\"inLanguage\":\"es-ES\",\"mainEntityOfPage\":{\"@id\":\"https:\\\/\\\/www.eldigitaldeasturias.com\\\/noticias\\\/de-profesion-desempleado\\\/#webpage\"},\"isPartOf\":{\"@id\":\"https:\\\/\\\/www.eldigitaldeasturias.com\\\/noticias\\\/de-profesion-desempleado\\\/#webpage\"},\"articleSection\":\"Actualidad\"},{\"@type\":\"BreadcrumbList\",\"@id\":\"https:\\\/\\\/www.eldigitaldeasturias.com\\\/noticias\\\/de-profesion-desempleado\\\/#breadcrumblist\",\"itemListElement\":[{\"@type\":\"ListItem\",\"@id\":\"https:\\\/\\\/www.eldigitaldeasturias.com\\\/noticias#listItem\",\"position\":1,\"name\":\"Home\",\"item\":\"https:\\\/\\\/www.eldigitaldeasturias.com\\\/noticias\",\"nextItem\":{\"@type\":\"ListItem\",\"@id\":\"https:\\\/\\\/www.eldigitaldeasturias.com\\\/noticias\\\/category\\\/actualidad\\\/#listItem\",\"name\":\"Actualidad\"}},{\"@type\":\"ListItem\",\"@id\":\"https:\\\/\\\/www.eldigitaldeasturias.com\\\/noticias\\\/category\\\/actualidad\\\/#listItem\",\"position\":2,\"name\":\"Actualidad\",\"item\":\"https:\\\/\\\/www.eldigitaldeasturias.com\\\/noticias\\\/category\\\/actualidad\\\/\",\"nextItem\":{\"@type\":\"ListItem\",\"@id\":\"https:\\\/\\\/www.eldigitaldeasturias.com\\\/noticias\\\/de-profesion-desempleado\\\/#listItem\",\"name\":\"\\u00bfDe profesi\\u00f3n? Desempleado\"},\"previousItem\":{\"@type\":\"ListItem\",\"@id\":\"https:\\\/\\\/www.eldigitaldeasturias.com\\\/noticias#listItem\",\"name\":\"Home\"}},{\"@type\":\"ListItem\",\"@id\":\"https:\\\/\\\/www.eldigitaldeasturias.com\\\/noticias\\\/de-profesion-desempleado\\\/#listItem\",\"position\":3,\"name\":\"\\u00bfDe profesi\\u00f3n? Desempleado\",\"previousItem\":{\"@type\":\"ListItem\",\"@id\":\"https:\\\/\\\/www.eldigitaldeasturias.com\\\/noticias\\\/category\\\/actualidad\\\/#listItem\",\"name\":\"Actualidad\"}}]},{\"@type\":\"Organization\",\"@id\":\"https:\\\/\\\/www.eldigitaldeasturias.com\\\/noticias\\\/#organization\",\"name\":\"El Digital de Asturias\",\"description\":\"Hemeroteca\",\"url\":\"https:\\\/\\\/www.eldigitaldeasturias.com\\\/noticias\\\/\",\"email\":\"info@eldigitaldeasturias.com\",\"telephone\":\"+34652131393\",\"logo\":{\"@type\":\"ImageObject\",\"url\":\"https:\\\/\\\/www.eldigitaldeasturias.com\\\/noticias\\\/wp-content\\\/uploads\\\/2020\\\/12\\\/EDA.jpg\",\"@id\":\"https:\\\/\\\/www.eldigitaldeasturias.com\\\/noticias\\\/de-profesion-desempleado\\\/#organizationLogo\"},\"image\":{\"@id\":\"https:\\\/\\\/www.eldigitaldeasturias.com\\\/noticias\\\/de-profesion-desempleado\\\/#organizationLogo\"},\"sameAs\":[\"https:\\\/\\\/facebook.com\\\/eldigitaldeasturias\",\"https:\\\/\\\/www.youtube.com\\\/channel\\\/UCZP-2wLEB9Rv6erhFmqVnvg\"],\"address\":{\"@id\":\"https:\\\/\\\/www.eldigitaldeasturias.com\\\/noticias\\\/#postaladdress\",\"@type\":\"PostalAddress\",\"streetAddress\":\"san antonio 4\",\"postalCode\":\"33430\",\"addressLocality\":\"Cand\\u00e1s\",\"addressRegion\":\"Asturias\",\"addressCountry\":\"ES\"}},{\"@type\":\"Person\",\"@id\":\"https:\\\/\\\/www.eldigitaldeasturias.com\\\/noticias\\\/author\\\/admin\\\/#author\",\"url\":\"https:\\\/\\\/www.eldigitaldeasturias.com\\\/noticias\\\/author\\\/admin\\\/\",\"name\":\"El Digital de Asturias\",\"image\":{\"@type\":\"ImageObject\",\"@id\":\"https:\\\/\\\/www.eldigitaldeasturias.com\\\/noticias\\\/de-profesion-desempleado\\\/#authorImage\",\"url\":\"https:\\\/\\\/secure.gravatar.com\\\/avatar\\\/df2aeffc32bcd13f8d26072ef8a91b623d677766deac7f97ca815868cd41bf5e?s=96&d=mm&r=g\",\"width\":96,\"height\":96,\"caption\":\"El Digital de Asturias\"}},{\"@type\":\"WebPage\",\"@id\":\"https:\\\/\\\/www.eldigitaldeasturias.com\\\/noticias\\\/de-profesion-desempleado\\\/#webpage\",\"url\":\"https:\\\/\\\/www.eldigitaldeasturias.com\\\/noticias\\\/de-profesion-desempleado\\\/\",\"name\":\"\\u00bfDe profesi\\u00f3n? Desempleado - El Digital de Asturias\",\"description\":\"Buscar trabajo se ha convertido en un proceso de cierta complejidad, que obliga al candidato a especializarse y convertirse en un profesional de la b\\u00fasqueda de empleo. T\\u00e9cnicas de marketing personal, preparaci\\u00f3n de curriculum o entrevista de trabajo, son cuestiones que el candidato ha de dominar a la perfecci\\u00f3n para llegar a destacar en los\",\"inLanguage\":\"es-ES\",\"isPartOf\":{\"@id\":\"https:\\\/\\\/www.eldigitaldeasturias.com\\\/noticias\\\/#website\"},\"breadcrumb\":{\"@id\":\"https:\\\/\\\/www.eldigitaldeasturias.com\\\/noticias\\\/de-profesion-desempleado\\\/#breadcrumblist\"},\"author\":{\"@id\":\"https:\\\/\\\/www.eldigitaldeasturias.com\\\/noticias\\\/author\\\/admin\\\/#author\"},\"creator\":{\"@id\":\"https:\\\/\\\/www.eldigitaldeasturias.com\\\/noticias\\\/author\\\/admin\\\/#author\"},\"image\":{\"@type\":\"ImageObject\",\"url\":\"https:\\\/\\\/www.eldigitaldeasturias.com\\\/noticias\\\/wp-content\\\/uploads\\\/2026\\\/06\\\/Contenidos.jpg\",\"@id\":\"https:\\\/\\\/www.eldigitaldeasturias.com\\\/noticias\\\/de-profesion-desempleado\\\/#mainImage\",\"width\":1265,\"height\":697,\"caption\":\"Contenidos\"},\"primaryImageOfPage\":{\"@id\":\"https:\\\/\\\/www.eldigitaldeasturias.com\\\/noticias\\\/de-profesion-desempleado\\\/#mainImage\"},\"datePublished\":\"2014-12-09T13:13:40+01:00\",\"dateModified\":\"2014-12-09T18:52:05+01:00\"},{\"@type\":\"WebSite\",\"@id\":\"https:\\\/\\\/www.eldigitaldeasturias.com\\\/noticias\\\/#website\",\"url\":\"https:\\\/\\\/www.eldigitaldeasturias.com\\\/noticias\\\/\",\"name\":\"El Digital de Asturias - Diario de actualidad y noticias\",\"alternateName\":\"El Digital de Asturias - Diario de actualidad y noticias\",\"description\":\"Hemeroteca\",\"inLanguage\":\"es-ES\",\"publisher\":{\"@id\":\"https:\\\/\\\/www.eldigitaldeasturias.com\\\/noticias\\\/#organization\"}}]}\n\t\t<\/script>\n\t\t<!-- All in One SEO Pro -->\r\n\t\t<title>\u00bfDe profesi\u00f3n? Desempleado - El Digital de Asturias<\/title>\n\n","aioseo_head_json":{"title":"\u00bfDe profesi\u00f3n? Desempleado - El Digital de Asturias","description":"Buscar trabajo se ha convertido en un proceso de cierta complejidad, que obliga al candidato a especializarse y convertirse en un profesional de la b\u00fasqueda de empleo. T\u00e9cnicas de marketing personal, preparaci\u00f3n de curriculum o entrevista de trabajo, son cuestiones que el candidato ha de dominar a la perfecci\u00f3n para llegar a destacar en los","canonical_url":"https:\/\/www.eldigitaldeasturias.com\/noticias\/de-profesion-desempleado\/","robots":"max-image-preview:large","keywords":"actualidad","webmasterTools":{"google-site-verification":"UA-38556648-1","msvalidate.01":"7dfe9f3f1b24437ab69f4f2559babe99","miscellaneous":""},"schema":{"@context":"https:\/\/schema.org","@graph":[{"@type":"BlogPosting","@id":"https:\/\/www.eldigitaldeasturias.com\/noticias\/de-profesion-desempleado\/#blogposting","name":"\u00bfDe profesi\u00f3n? Desempleado - El Digital de Asturias","headline":"\u00bfDe profesi\u00f3n? Desempleado","author":{"@id":"https:\/\/www.eldigitaldeasturias.com\/noticias\/author\/admin\/#author"},"publisher":{"@id":"https:\/\/www.eldigitaldeasturias.com\/noticias\/#organization"},"image":{"@type":"ImageObject","url":"https:\/\/www.eldigitaldeasturias.com\/noticias\/wp-content\/uploads\/2026\/06\/Contenidos.jpg","width":1265,"height":697,"caption":"Contenidos"},"datePublished":"2014-12-09T13:13:40+01:00","dateModified":"2014-12-09T18:52:05+01:00","inLanguage":"es-ES","mainEntityOfPage":{"@id":"https:\/\/www.eldigitaldeasturias.com\/noticias\/de-profesion-desempleado\/#webpage"},"isPartOf":{"@id":"https:\/\/www.eldigitaldeasturias.com\/noticias\/de-profesion-desempleado\/#webpage"},"articleSection":"Actualidad"},{"@type":"BreadcrumbList","@id":"https:\/\/www.eldigitaldeasturias.com\/noticias\/de-profesion-desempleado\/#breadcrumblist","itemListElement":[{"@type":"ListItem","@id":"https:\/\/www.eldigitaldeasturias.com\/noticias#listItem","position":1,"name":"Home","item":"https:\/\/www.eldigitaldeasturias.com\/noticias","nextItem":{"@type":"ListItem","@id":"https:\/\/www.eldigitaldeasturias.com\/noticias\/category\/actualidad\/#listItem","name":"Actualidad"}},{"@type":"ListItem","@id":"https:\/\/www.eldigitaldeasturias.com\/noticias\/category\/actualidad\/#listItem","position":2,"name":"Actualidad","item":"https:\/\/www.eldigitaldeasturias.com\/noticias\/category\/actualidad\/","nextItem":{"@type":"ListItem","@id":"https:\/\/www.eldigitaldeasturias.com\/noticias\/de-profesion-desempleado\/#listItem","name":"\u00bfDe profesi\u00f3n? Desempleado"},"previousItem":{"@type":"ListItem","@id":"https:\/\/www.eldigitaldeasturias.com\/noticias#listItem","name":"Home"}},{"@type":"ListItem","@id":"https:\/\/www.eldigitaldeasturias.com\/noticias\/de-profesion-desempleado\/#listItem","position":3,"name":"\u00bfDe profesi\u00f3n? Desempleado","previousItem":{"@type":"ListItem","@id":"https:\/\/www.eldigitaldeasturias.com\/noticias\/category\/actualidad\/#listItem","name":"Actualidad"}}]},{"@type":"Organization","@id":"https:\/\/www.eldigitaldeasturias.com\/noticias\/#organization","name":"El Digital de Asturias","description":"Hemeroteca","url":"https:\/\/www.eldigitaldeasturias.com\/noticias\/","email":"info@eldigitaldeasturias.com","telephone":"+34652131393","logo":{"@type":"ImageObject","url":"https:\/\/www.eldigitaldeasturias.com\/noticias\/wp-content\/uploads\/2020\/12\/EDA.jpg","@id":"https:\/\/www.eldigitaldeasturias.com\/noticias\/de-profesion-desempleado\/#organizationLogo"},"image":{"@id":"https:\/\/www.eldigitaldeasturias.com\/noticias\/de-profesion-desempleado\/#organizationLogo"},"sameAs":["https:\/\/facebook.com\/eldigitaldeasturias","https:\/\/www.youtube.com\/channel\/UCZP-2wLEB9Rv6erhFmqVnvg"],"address":{"@id":"https:\/\/www.eldigitaldeasturias.com\/noticias\/#postaladdress","@type":"PostalAddress","streetAddress":"san antonio 4","postalCode":"33430","addressLocality":"Cand\u00e1s","addressRegion":"Asturias","addressCountry":"ES"}},{"@type":"Person","@id":"https:\/\/www.eldigitaldeasturias.com\/noticias\/author\/admin\/#author","url":"https:\/\/www.eldigitaldeasturias.com\/noticias\/author\/admin\/","name":"El Digital de Asturias","image":{"@type":"ImageObject","@id":"https:\/\/www.eldigitaldeasturias.com\/noticias\/de-profesion-desempleado\/#authorImage","url":"https:\/\/secure.gravatar.com\/avatar\/df2aeffc32bcd13f8d26072ef8a91b623d677766deac7f97ca815868cd41bf5e?s=96&d=mm&r=g","width":96,"height":96,"caption":"El Digital de Asturias"}},{"@type":"WebPage","@id":"https:\/\/www.eldigitaldeasturias.com\/noticias\/de-profesion-desempleado\/#webpage","url":"https:\/\/www.eldigitaldeasturias.com\/noticias\/de-profesion-desempleado\/","name":"\u00bfDe profesi\u00f3n? Desempleado - El Digital de Asturias","description":"Buscar trabajo se ha convertido en un proceso de cierta complejidad, que obliga al candidato a especializarse y convertirse en un profesional de la b\u00fasqueda de empleo. T\u00e9cnicas de marketing personal, preparaci\u00f3n de curriculum o entrevista de trabajo, son cuestiones que el candidato ha de dominar a la perfecci\u00f3n para llegar a destacar en los","inLanguage":"es-ES","isPartOf":{"@id":"https:\/\/www.eldigitaldeasturias.com\/noticias\/#website"},"breadcrumb":{"@id":"https:\/\/www.eldigitaldeasturias.com\/noticias\/de-profesion-desempleado\/#breadcrumblist"},"author":{"@id":"https:\/\/www.eldigitaldeasturias.com\/noticias\/author\/admin\/#author"},"creator":{"@id":"https:\/\/www.eldigitaldeasturias.com\/noticias\/author\/admin\/#author"},"image":{"@type":"ImageObject","url":"https:\/\/www.eldigitaldeasturias.com\/noticias\/wp-content\/uploads\/2026\/06\/Contenidos.jpg","@id":"https:\/\/www.eldigitaldeasturias.com\/noticias\/de-profesion-desempleado\/#mainImage","width":1265,"height":697,"caption":"Contenidos"},"primaryImageOfPage":{"@id":"https:\/\/www.eldigitaldeasturias.com\/noticias\/de-profesion-desempleado\/#mainImage"},"datePublished":"2014-12-09T13:13:40+01:00","dateModified":"2014-12-09T18:52:05+01:00"},{"@type":"WebSite","@id":"https:\/\/www.eldigitaldeasturias.com\/noticias\/#website","url":"https:\/\/www.eldigitaldeasturias.com\/noticias\/","name":"El Digital de Asturias - Diario de actualidad y noticias","alternateName":"El Digital de Asturias - Diario de actualidad y noticias","description":"Hemeroteca","inLanguage":"es-ES","publisher":{"@id":"https:\/\/www.eldigitaldeasturias.com\/noticias\/#organization"}}]},"og:locale":"es_ES","og:site_name":"El Digital de Asturias","og:type":"article","og:title":"\u00bfDe profesi\u00f3n? Desempleado - El Digital de Asturias","og:description":"Buscar trabajo se ha convertido en un proceso de cierta complejidad, que obliga al candidato a especializarse y convertirse en un profesional de la b\u00fasqueda de empleo. T\u00e9cnicas de marketing personal, preparaci\u00f3n de curriculum o entrevista de trabajo, son cuestiones que el candidato ha de dominar a la perfecci\u00f3n para llegar a destacar en los","og:url":"https:\/\/www.eldigitaldeasturias.com\/noticias\/de-profesion-desempleado\/","og:image":"https:\/\/www.eldigitaldeasturias.com\/noticias\/wp-content\/uploads\/2026\/06\/Contenidos.jpg","og:image:secure_url":"https:\/\/www.eldigitaldeasturias.com\/noticias\/wp-content\/uploads\/2026\/06\/Contenidos.jpg","og:image:width":1265,"og:image:height":697,"article:tag":["actualidad"],"article:published_time":"2014-12-09T12:13:40+00:00","article:modified_time":"2014-12-09T17:52:05+00:00","article:publisher":"https:\/\/facebook.com\/eldigitaldeasturias","twitter:card":"summary_large_image","twitter:title":"\u00bfDe profesi\u00f3n? Desempleado - El Digital de Asturias","twitter:description":"Buscar trabajo se ha convertido en un proceso de cierta complejidad, que obliga al candidato a especializarse y convertirse en un profesional de la b\u00fasqueda de empleo. T\u00e9cnicas de marketing personal, preparaci\u00f3n de curriculum o entrevista de trabajo, son cuestiones que el candidato ha de dominar a la perfecci\u00f3n para llegar a destacar en los","twitter:image":"https:\/\/www.eldigitaldeasturias.com\/noticias\/wp-content\/uploads\/2026\/06\/Contenidos.jpg","twitter:label1":"Escrito por","twitter:data1":"El Digital de Asturias","twitter:label2":"Tiempo de lectura estimado","twitter:data2":"5 minutos"},"aioseo_meta_data":{"post_id":"715415","title":null,"description":null,"keywords":null,"keyphrases":null,"primary_term":null,"canonical_url":null,"og_title":null,"og_description":null,"og_object_type":"default","og_image_type":"default","og_image_url":null,"og_image_width":null,"og_image_height":null,"og_image_custom_url":null,"og_image_custom_fields":null,"og_video":null,"og_custom_url":null,"og_article_section":null,"og_article_tags":null,"twitter_use_og":true,"twitter_card":"default","twitter_image_type":"default","twitter_image_url":null,"twitter_image_custom_url":null,"twitter_image_custom_fields":null,"twitter_title":null,"twitter_description":null,"schema":{"blockGraphs":[],"customGraphs":[],"default":{"data":{"Article":[],"Course":[],"Dataset":[],"FAQPage":[],"Movie":[],"Person":[],"Product":[],"ProductReview":[],"Car":[],"Recipe":[],"Service":[],"SoftwareApplication":[],"WebPage":[]},"graphName":"","isEnabled":true},"graphs":[],"defaultGraph":"","defaultPostTypeGraph":""},"schema_type":null,"schema_type_options":null,"pillar_content":false,"robots_default":true,"robots_noindex":false,"robots_noarchive":false,"robots_nosnippet":false,"robots_nofollow":false,"robots_noimageindex":false,"robots_noodp":false,"robots_notranslate":false,"robots_max_snippet":null,"robots_max_videopreview":null,"robots_max_imagepreview":"none","priority":null,"frequency":null,"local_seo":null,"seo_analyzer_scan_date":"2026-01-08 21:29:28","breadcrumb_settings":null,"limit_modified_date":false,"open_ai":null,"ai":null,"created":"2020-11-15 00:06:46","updated":"2026-01-08 21:29:28","focus_keyword":null,"additional_keywords":null,"truseo_locale":null},"aioseo_breadcrumb":"<div class=\"aioseo-breadcrumbs\"><span class=\"aioseo-breadcrumb\">\n\t<a href=\"https:\/\/www.eldigitaldeasturias.com\/noticias\" title=\"Home\">Home<\/a>\n<\/span><span class=\"aioseo-breadcrumb-separator\">\u2013<\/span><span class=\"aioseo-breadcrumb\">\n\t<a href=\"https:\/\/www.eldigitaldeasturias.com\/noticias\/category\/actualidad\/\" title=\"Actualidad\">Actualidad<\/a>\n<\/span><span class=\"aioseo-breadcrumb-separator\">\u2013<\/span><span class=\"aioseo-breadcrumb\">\n\t<a href=\"https:\/\/www.eldigitaldeasturias.com\/noticias\/de-profesion-desempleado\/\" title=\"\u00bfDe profesi\u00f3n? Desempleado\">\u00bfDe profesi\u00f3n? Desempleado<\/a>\n<\/span><\/div>","aioseo_breadcrumb_json":[{"label":"Home","link":"https:\/\/www.eldigitaldeasturias.com\/noticias"},{"label":"Actualidad","link":"https:\/\/www.eldigitaldeasturias.com\/noticias\/category\/actualidad\/"},{"label":"\u00bfDe profesi\u00f3n? Desempleado","link":"https:\/\/www.eldigitaldeasturias.com\/noticias\/de-profesion-desempleado\/"}],"_links":{"self":[{"href":"https:\/\/www.eldigitaldeasturias.com\/noticias\/wp-json\/wp\/v2\/posts\/715415","targetHints":{"allow":["GET"]}}],"collection":[{"href":"https:\/\/www.eldigitaldeasturias.com\/noticias\/wp-json\/wp\/v2\/posts"}],"about":[{"href":"https:\/\/www.eldigitaldeasturias.com\/noticias\/wp-json\/wp\/v2\/types\/post"}],"author":[{"embeddable":true,"href":"https:\/\/www.eldigitaldeasturias.com\/noticias\/wp-json\/wp\/v2\/users\/1"}],"replies":[{"embeddable":true,"href":"https:\/\/www.eldigitaldeasturias.com\/noticias\/wp-json\/wp\/v2\/comments?post=715415"}],"version-history":[{"count":0,"href":"https:\/\/www.eldigitaldeasturias.com\/noticias\/wp-json\/wp\/v2\/posts\/715415\/revisions"}],"wp:featuredmedia":[{"embeddable":true,"href":"https:\/\/www.eldigitaldeasturias.com\/noticias\/wp-json\/wp\/v2\/media\/1132184"}],"wp:attachment":[{"href":"https:\/\/www.eldigitaldeasturias.com\/noticias\/wp-json\/wp\/v2\/media?parent=715415"}],"wp:term":[{"taxonomy":"category","embeddable":true,"href":"https:\/\/www.eldigitaldeasturias.com\/noticias\/wp-json\/wp\/v2\/categories?post=715415"},{"taxonomy":"post_tag","embeddable":true,"href":"https:\/\/www.eldigitaldeasturias.com\/noticias\/wp-json\/wp\/v2\/tags?post=715415"}],"curies":[{"name":"wp","href":"https:\/\/api.w.org\/{rel}","templated":true}]}}