{"id":713963,"date":"2014-12-08T02:24:51","date_gmt":"2014-12-08T01:24:51","guid":{"rendered":"http:\/\/www.eldigitaldeasturias.com\/noticias\/?p=713963"},"modified":"2014-12-08T02:24:51","modified_gmt":"2014-12-08T01:24:51","slug":"fitur-2015-acogera-know-how-export","status":"publish","type":"post","link":"https:\/\/www.eldigitaldeasturias.com\/noticias\/fitur-2015-acogera-know-how-export\/","title":{"rendered":"FITUR 2015 acoger\u00e1 Know-How &#038; Export"},"content":{"rendered":"<p><img loading=\"lazy\" decoding=\"async\" class=\"alignleft size-medium wp-image-713964\" alt=\"7987127w\" src=\"https:\/\/www.eldigitaldeasturias.com\/noticias\/wp-content\/uploads\/2014\/12\/7987127w-360x251.jpg\" width=\"360\" height=\"251\" srcset=\"https:\/\/www.eldigitaldeasturias.com\/noticias\/wp-content\/uploads\/2014\/12\/7987127w-360x251.jpg 360w, https:\/\/www.eldigitaldeasturias.com\/noticias\/wp-content\/uploads\/2014\/12\/7987127w-650x453.jpg 650w, https:\/\/www.eldigitaldeasturias.com\/noticias\/wp-content\/uploads\/2014\/12\/7987127w-210x146.jpg 210w, https:\/\/www.eldigitaldeasturias.com\/noticias\/wp-content\/uploads\/2014\/12\/7987127w.jpg 800w\" sizes=\"auto, (max-width: 360px) 100vw, 360px\" \/>Madrid, 7 dic (EFE).- La Feria Internacional de Turismo (FITUR) de Madrid acoger\u00e1 durante su 34 edici\u00f3n, entre el 28 de enero y el 1 de febrero de 2015, la secci\u00f3n especializada Know-How &amp; Export, que apuesta por la internacionalizaci\u00f3n de las firmas espa\u00f1olas vinculadas con la industria tur\u00edstica.<\/p>\n<p>La tercera edici\u00f3n de Know-How &amp; Export, dice IFEMA en una nota de prensa, contar\u00e1 con un amplio espacio expositivo, en el que las empresas podr\u00e1n acceder al servicio de asesor\u00eda, y con un amplio programa de actividades para todos los profesionales del sector.<\/p>\n<p>Para el 28 de enero est\u00e1 prevista la ponencia \u00ab\u00bfC\u00f3mo no morir en el intento? Claves para la internacionalizaci\u00f3n de tu empresa\u00bb, que mostrar\u00e1 los \u00abpuntos fuertes\u00bb necesarios para que las organizaciones \u00ablogren una exitosa internacionalizaci\u00f3n\u00bb.<\/p>\n<p>El evento contar\u00e1 con un servicio de asesoramiento personalizado a cargo de expertos de ICEX Espa\u00f1a Exportaci\u00f3n e Inversiones en multilaterales e ICEX-Next y SEGITTUR.<\/p>\n<p>Otra de las actividades previstas es la mesa redonda \u00abSi te caes siete veces, lev\u00e1ntate ocho\u00bb, que mostrar\u00e1 experiencias en cuesti\u00f3n de internacionalizaci\u00f3n vividas en primera persona.<\/p>\n<p>Tambi\u00e9n habr\u00e1 talleres de asesoramiento para impulsar proyectos de internacionalizaci\u00f3n y Startups, y est\u00e1 prevista la II edici\u00f3n del concurso de aplicaciones tur\u00edsticas \u00abThe AppTourism Awards\u00bb.<\/p>\n<p>Seg\u00fan IFEMA, el programa de Know-How &amp; Export incluye la ponencia \u00abTodo lo que siempre quisiste saber sobre Emprendetur y el BOE no te supo explicar\u00bb o mesas redondas como \u00abLos inversores a examen: el arte de invertir\u00bb.<\/p>\n","protected":false},"excerpt":{"rendered":"<p>Madrid, 7 dic (EFE).- La Feria Internacional de Turismo (FITUR) de Madrid acoger\u00e1 durante su 34 edici\u00f3n, entre el 28 de enero y el 1 de febrero de 2015, la secci\u00f3n especializada Know-How &amp; Export, que apuesta por la internacionalizaci\u00f3n de las firmas espa\u00f1olas vinculadas con la industria tur\u00edstica. La tercera edici\u00f3n de Know-How &amp; [&hellip;]<\/p>\n","protected":false},"author":1,"featured_media":713964,"comment_status":"closed","ping_status":"closed","sticky":false,"template":"","format":"standard","meta":{"footnotes":""},"categories":[148],"tags":[],"class_list":["post-713963","post","type-post","status-publish","format-standard","has-post-thumbnail","hentry","category-turismo"],"aioseo_notices":[],"aioseo_head":"\n\t\t<!-- All in One SEO Pro 4.9.6.2 - aioseo.com -->\n\t<meta name=\"description\" content=\"Madrid, 7 dic (EFE).- La Feria Internacional de Turismo (FITUR) de Madrid acoger\u00e1 durante su 34 edici\u00f3n, entre el 28 de enero y el 1 de febrero de 2015, la secci\u00f3n especializada Know-How &amp; Export, que apuesta por la internacionalizaci\u00f3n de las firmas espa\u00f1olas vinculadas con la industria tur\u00edstica. La tercera edici\u00f3n de Know-How &amp;\" \/>\n\t<meta name=\"robots\" content=\"max-image-preview:large\" \/>\n\t<meta name=\"author\" content=\"El Digital de Asturias\"\/>\n\t<meta name=\"google-site-verification\" content=\"UA-38556648-1\" \/>\n\t<meta name=\"msvalidate.01\" content=\"7dfe9f3f1b24437ab69f4f2559babe99\" \/>\n\t<meta name=\"keywords\" content=\"turismo\" \/>\n\t<link rel=\"canonical\" href=\"https:\/\/www.eldigitaldeasturias.com\/noticias\/fitur-2015-acogera-know-how-export\/\" \/>\n\t<meta name=\"generator\" content=\"All in One SEO Pro (AIOSEO) 4.9.6.2\" \/>\n\t\t<meta property=\"og:locale\" content=\"es_ES\" \/>\n\t\t<meta property=\"og:site_name\" content=\"El Digital de Asturias\" \/>\n\t\t<meta property=\"og:type\" content=\"article\" \/>\n\t\t<meta property=\"og:title\" content=\"FITUR 2015 acoger\u00e1 Know-How &amp; Export - El Digital de Asturias\" \/>\n\t\t<meta property=\"og:description\" content=\"Madrid, 7 dic (EFE).- La Feria Internacional de Turismo (FITUR) de Madrid acoger\u00e1 durante su 34 edici\u00f3n, entre el 28 de enero y el 1 de febrero de 2015, la secci\u00f3n especializada Know-How &amp; Export, que apuesta por la internacionalizaci\u00f3n de las firmas espa\u00f1olas vinculadas con la industria tur\u00edstica. La tercera edici\u00f3n de Know-How &amp;\" \/>\n\t\t<meta property=\"og:url\" content=\"https:\/\/www.eldigitaldeasturias.com\/noticias\/fitur-2015-acogera-know-how-export\/\" \/>\n\t\t<meta property=\"og:image\" content=\"https:\/\/www.eldigitaldeasturias.com\/noticias\/wp-content\/uploads\/2014\/12\/7987127w.jpg\" \/>\n\t\t<meta property=\"og:image:secure_url\" content=\"https:\/\/www.eldigitaldeasturias.com\/noticias\/wp-content\/uploads\/2014\/12\/7987127w.jpg\" \/>\n\t\t<meta property=\"og:image:width\" content=\"800\" \/>\n\t\t<meta property=\"og:image:height\" content=\"558\" \/>\n\t\t<meta property=\"article:tag\" content=\"turismo\" \/>\n\t\t<meta property=\"article:published_time\" content=\"2014-12-08T01:24:51+00:00\" \/>\n\t\t<meta property=\"article:modified_time\" content=\"2014-12-08T01:24:51+00:00\" \/>\n\t\t<meta property=\"article:publisher\" content=\"https:\/\/facebook.com\/eldigitaldeasturias\" \/>\n\t\t<meta name=\"twitter:card\" content=\"summary_large_image\" \/>\n\t\t<meta name=\"twitter:title\" content=\"FITUR 2015 acoger\u00e1 Know-How &amp; Export - El Digital de Asturias\" \/>\n\t\t<meta name=\"twitter:description\" content=\"Madrid, 7 dic (EFE).- La Feria Internacional de Turismo (FITUR) de Madrid acoger\u00e1 durante su 34 edici\u00f3n, entre el 28 de enero y el 1 de febrero de 2015, la secci\u00f3n especializada Know-How &amp; Export, que apuesta por la internacionalizaci\u00f3n de las firmas espa\u00f1olas vinculadas con la industria tur\u00edstica. La tercera edici\u00f3n de Know-How &amp;\" \/>\n\t\t<meta name=\"twitter:image\" content=\"https:\/\/www.eldigitaldeasturias.com\/noticias\/wp-content\/uploads\/2014\/12\/7987127w.jpg\" \/>\n\t\t<meta name=\"twitter:label1\" content=\"Escrito por\" \/>\n\t\t<meta name=\"twitter:data1\" content=\"El Digital de Asturias\" \/>\n\t\t<meta name=\"twitter:label2\" content=\"Tiempo de lectura estimado\" \/>\n\t\t<meta name=\"twitter:data2\" content=\"1 minuto\" \/>\n\t\t<script type=\"application\/ld+json\" class=\"aioseo-schema\">\n\t\t\t{\"@context\":\"https:\\\/\\\/schema.org\",\"@graph\":[{\"@type\":\"BlogPosting\",\"@id\":\"https:\\\/\\\/www.eldigitaldeasturias.com\\\/noticias\\\/fitur-2015-acogera-know-how-export\\\/#blogposting\",\"name\":\"FITUR 2015 acoger\\u00e1 Know-How & Export - El Digital de Asturias\",\"headline\":\"FITUR 2015 acoger\\u00e1 Know-How &#038; Export\",\"author\":{\"@id\":\"https:\\\/\\\/www.eldigitaldeasturias.com\\\/noticias\\\/author\\\/admin\\\/#author\"},\"publisher\":{\"@id\":\"https:\\\/\\\/www.eldigitaldeasturias.com\\\/noticias\\\/#organization\"},\"image\":{\"@type\":\"ImageObject\",\"url\":\"https:\\\/\\\/www.eldigitaldeasturias.com\\\/noticias\\\/wp-content\\\/uploads\\\/2014\\\/12\\\/7987127w.jpg\",\"width\":800,\"height\":558},\"datePublished\":\"2014-12-08T02:24:51+01:00\",\"dateModified\":\"2014-12-08T02:24:51+01:00\",\"inLanguage\":\"es-ES\",\"mainEntityOfPage\":{\"@id\":\"https:\\\/\\\/www.eldigitaldeasturias.com\\\/noticias\\\/fitur-2015-acogera-know-how-export\\\/#webpage\"},\"isPartOf\":{\"@id\":\"https:\\\/\\\/www.eldigitaldeasturias.com\\\/noticias\\\/fitur-2015-acogera-know-how-export\\\/#webpage\"},\"articleSection\":\"Turismo\"},{\"@type\":\"BreadcrumbList\",\"@id\":\"https:\\\/\\\/www.eldigitaldeasturias.com\\\/noticias\\\/fitur-2015-acogera-know-how-export\\\/#breadcrumblist\",\"itemListElement\":[{\"@type\":\"ListItem\",\"@id\":\"https:\\\/\\\/www.eldigitaldeasturias.com\\\/noticias#listItem\",\"position\":1,\"name\":\"Home\",\"item\":\"https:\\\/\\\/www.eldigitaldeasturias.com\\\/noticias\",\"nextItem\":{\"@type\":\"ListItem\",\"@id\":\"https:\\\/\\\/www.eldigitaldeasturias.com\\\/noticias\\\/category\\\/turismo\\\/#listItem\",\"name\":\"Turismo\"}},{\"@type\":\"ListItem\",\"@id\":\"https:\\\/\\\/www.eldigitaldeasturias.com\\\/noticias\\\/category\\\/turismo\\\/#listItem\",\"position\":2,\"name\":\"Turismo\",\"item\":\"https:\\\/\\\/www.eldigitaldeasturias.com\\\/noticias\\\/category\\\/turismo\\\/\",\"nextItem\":{\"@type\":\"ListItem\",\"@id\":\"https:\\\/\\\/www.eldigitaldeasturias.com\\\/noticias\\\/fitur-2015-acogera-know-how-export\\\/#listItem\",\"name\":\"FITUR 2015 acoger\\u00e1 Know-How &#038; Export\"},\"previousItem\":{\"@type\":\"ListItem\",\"@id\":\"https:\\\/\\\/www.eldigitaldeasturias.com\\\/noticias#listItem\",\"name\":\"Home\"}},{\"@type\":\"ListItem\",\"@id\":\"https:\\\/\\\/www.eldigitaldeasturias.com\\\/noticias\\\/fitur-2015-acogera-know-how-export\\\/#listItem\",\"position\":3,\"name\":\"FITUR 2015 acoger\\u00e1 Know-How &#038; Export\",\"previousItem\":{\"@type\":\"ListItem\",\"@id\":\"https:\\\/\\\/www.eldigitaldeasturias.com\\\/noticias\\\/category\\\/turismo\\\/#listItem\",\"name\":\"Turismo\"}}]},{\"@type\":\"Organization\",\"@id\":\"https:\\\/\\\/www.eldigitaldeasturias.com\\\/noticias\\\/#organization\",\"name\":\"El Digital de Asturias\",\"description\":\"Hemeroteca\",\"url\":\"https:\\\/\\\/www.eldigitaldeasturias.com\\\/noticias\\\/\",\"email\":\"info@eldigitaldeasturias.com\",\"telephone\":\"+34652131393\",\"logo\":{\"@type\":\"ImageObject\",\"url\":\"https:\\\/\\\/www.eldigitaldeasturias.com\\\/noticias\\\/wp-content\\\/uploads\\\/2020\\\/12\\\/EDA.jpg\",\"@id\":\"https:\\\/\\\/www.eldigitaldeasturias.com\\\/noticias\\\/fitur-2015-acogera-know-how-export\\\/#organizationLogo\",\"width\":649,\"height\":297},\"image\":{\"@id\":\"https:\\\/\\\/www.eldigitaldeasturias.com\\\/noticias\\\/fitur-2015-acogera-know-how-export\\\/#organizationLogo\"},\"sameAs\":[\"https:\\\/\\\/facebook.com\\\/eldigitaldeasturias\",\"https:\\\/\\\/www.youtube.com\\\/channel\\\/UCZP-2wLEB9Rv6erhFmqVnvg\"],\"address\":{\"@id\":\"https:\\\/\\\/www.eldigitaldeasturias.com\\\/noticias\\\/#postaladdress\",\"@type\":\"PostalAddress\",\"streetAddress\":\"san antonio 4,\",\"postalCode\":\"33430\",\"addressLocality\":\"Cand\\u00e1s\",\"addressRegion\":\"Asturias\",\"addressCountry\":\"ES\"}},{\"@type\":\"Person\",\"@id\":\"https:\\\/\\\/www.eldigitaldeasturias.com\\\/noticias\\\/author\\\/admin\\\/#author\",\"url\":\"https:\\\/\\\/www.eldigitaldeasturias.com\\\/noticias\\\/author\\\/admin\\\/\",\"name\":\"El Digital de Asturias\",\"image\":{\"@type\":\"ImageObject\",\"@id\":\"https:\\\/\\\/www.eldigitaldeasturias.com\\\/noticias\\\/fitur-2015-acogera-know-how-export\\\/#authorImage\",\"url\":\"https:\\\/\\\/www.eldigitaldeasturias.com\\\/noticias\\\/wp-content\\\/litespeed\\\/avatar\\\/18677e78aa0546b92d9dbf31ec7d7668.jpg?ver=1777290358\",\"width\":96,\"height\":96,\"caption\":\"El Digital de Asturias\"}},{\"@type\":\"WebPage\",\"@id\":\"https:\\\/\\\/www.eldigitaldeasturias.com\\\/noticias\\\/fitur-2015-acogera-know-how-export\\\/#webpage\",\"url\":\"https:\\\/\\\/www.eldigitaldeasturias.com\\\/noticias\\\/fitur-2015-acogera-know-how-export\\\/\",\"name\":\"FITUR 2015 acoger\\u00e1 Know-How & Export - El Digital de Asturias\",\"description\":\"Madrid, 7 dic (EFE).- La Feria Internacional de Turismo (FITUR) de Madrid acoger\\u00e1 durante su 34 edici\\u00f3n, entre el 28 de enero y el 1 de febrero de 2015, la secci\\u00f3n especializada Know-How & Export, que apuesta por la internacionalizaci\\u00f3n de las firmas espa\\u00f1olas vinculadas con la industria tur\\u00edstica. La tercera edici\\u00f3n de Know-How &\",\"inLanguage\":\"es-ES\",\"isPartOf\":{\"@id\":\"https:\\\/\\\/www.eldigitaldeasturias.com\\\/noticias\\\/#website\"},\"breadcrumb\":{\"@id\":\"https:\\\/\\\/www.eldigitaldeasturias.com\\\/noticias\\\/fitur-2015-acogera-know-how-export\\\/#breadcrumblist\"},\"author\":{\"@id\":\"https:\\\/\\\/www.eldigitaldeasturias.com\\\/noticias\\\/author\\\/admin\\\/#author\"},\"creator\":{\"@id\":\"https:\\\/\\\/www.eldigitaldeasturias.com\\\/noticias\\\/author\\\/admin\\\/#author\"},\"image\":{\"@type\":\"ImageObject\",\"url\":\"https:\\\/\\\/www.eldigitaldeasturias.com\\\/noticias\\\/wp-content\\\/uploads\\\/2014\\\/12\\\/7987127w.jpg\",\"@id\":\"https:\\\/\\\/www.eldigitaldeasturias.com\\\/noticias\\\/fitur-2015-acogera-know-how-export\\\/#mainImage\",\"width\":800,\"height\":558},\"primaryImageOfPage\":{\"@id\":\"https:\\\/\\\/www.eldigitaldeasturias.com\\\/noticias\\\/fitur-2015-acogera-know-how-export\\\/#mainImage\"},\"datePublished\":\"2014-12-08T02:24:51+01:00\",\"dateModified\":\"2014-12-08T02:24:51+01:00\"},{\"@type\":\"WebSite\",\"@id\":\"https:\\\/\\\/www.eldigitaldeasturias.com\\\/noticias\\\/#website\",\"url\":\"https:\\\/\\\/www.eldigitaldeasturias.com\\\/noticias\\\/\",\"name\":\"El Digital de Asturias - Diario de actualidad y noticias\",\"alternateName\":\"El Digital de Asturias - Diario de actualidad y noticias\",\"description\":\"Hemeroteca\",\"inLanguage\":\"es-ES\",\"publisher\":{\"@id\":\"https:\\\/\\\/www.eldigitaldeasturias.com\\\/noticias\\\/#organization\"}}]}\n\t\t<\/script>\n\t\t<!-- All in One SEO Pro -->\r\n\t\t<title>FITUR 2015 acoger\u00e1 Know-How &amp; Export - El Digital de Asturias<\/title>\n\n","aioseo_head_json":{"title":"FITUR 2015 acoger\u00e1 Know-How & Export - El Digital de Asturias","description":"Madrid, 7 dic (EFE).- La Feria Internacional de Turismo (FITUR) de Madrid acoger\u00e1 durante su 34 edici\u00f3n, entre el 28 de enero y el 1 de febrero de 2015, la secci\u00f3n especializada Know-How & Export, que apuesta por la internacionalizaci\u00f3n de las firmas espa\u00f1olas vinculadas con la industria tur\u00edstica. La tercera edici\u00f3n de Know-How &","canonical_url":"https:\/\/www.eldigitaldeasturias.com\/noticias\/fitur-2015-acogera-know-how-export\/","robots":"max-image-preview:large","keywords":"turismo","webmasterTools":{"google-site-verification":"UA-38556648-1","msvalidate.01":"7dfe9f3f1b24437ab69f4f2559babe99","miscellaneous":""},"schema":{"@context":"https:\/\/schema.org","@graph":[{"@type":"BlogPosting","@id":"https:\/\/www.eldigitaldeasturias.com\/noticias\/fitur-2015-acogera-know-how-export\/#blogposting","name":"FITUR 2015 acoger\u00e1 Know-How & Export - El Digital de Asturias","headline":"FITUR 2015 acoger\u00e1 Know-How &#038; Export","author":{"@id":"https:\/\/www.eldigitaldeasturias.com\/noticias\/author\/admin\/#author"},"publisher":{"@id":"https:\/\/www.eldigitaldeasturias.com\/noticias\/#organization"},"image":{"@type":"ImageObject","url":"https:\/\/www.eldigitaldeasturias.com\/noticias\/wp-content\/uploads\/2014\/12\/7987127w.jpg","width":800,"height":558},"datePublished":"2014-12-08T02:24:51+01:00","dateModified":"2014-12-08T02:24:51+01:00","inLanguage":"es-ES","mainEntityOfPage":{"@id":"https:\/\/www.eldigitaldeasturias.com\/noticias\/fitur-2015-acogera-know-how-export\/#webpage"},"isPartOf":{"@id":"https:\/\/www.eldigitaldeasturias.com\/noticias\/fitur-2015-acogera-know-how-export\/#webpage"},"articleSection":"Turismo"},{"@type":"BreadcrumbList","@id":"https:\/\/www.eldigitaldeasturias.com\/noticias\/fitur-2015-acogera-know-how-export\/#breadcrumblist","itemListElement":[{"@type":"ListItem","@id":"https:\/\/www.eldigitaldeasturias.com\/noticias#listItem","position":1,"name":"Home","item":"https:\/\/www.eldigitaldeasturias.com\/noticias","nextItem":{"@type":"ListItem","@id":"https:\/\/www.eldigitaldeasturias.com\/noticias\/category\/turismo\/#listItem","name":"Turismo"}},{"@type":"ListItem","@id":"https:\/\/www.eldigitaldeasturias.com\/noticias\/category\/turismo\/#listItem","position":2,"name":"Turismo","item":"https:\/\/www.eldigitaldeasturias.com\/noticias\/category\/turismo\/","nextItem":{"@type":"ListItem","@id":"https:\/\/www.eldigitaldeasturias.com\/noticias\/fitur-2015-acogera-know-how-export\/#listItem","name":"FITUR 2015 acoger\u00e1 Know-How &#038; Export"},"previousItem":{"@type":"ListItem","@id":"https:\/\/www.eldigitaldeasturias.com\/noticias#listItem","name":"Home"}},{"@type":"ListItem","@id":"https:\/\/www.eldigitaldeasturias.com\/noticias\/fitur-2015-acogera-know-how-export\/#listItem","position":3,"name":"FITUR 2015 acoger\u00e1 Know-How &#038; Export","previousItem":{"@type":"ListItem","@id":"https:\/\/www.eldigitaldeasturias.com\/noticias\/category\/turismo\/#listItem","name":"Turismo"}}]},{"@type":"Organization","@id":"https:\/\/www.eldigitaldeasturias.com\/noticias\/#organization","name":"El Digital de Asturias","description":"Hemeroteca","url":"https:\/\/www.eldigitaldeasturias.com\/noticias\/","email":"info@eldigitaldeasturias.com","telephone":"+34652131393","logo":{"@type":"ImageObject","url":"https:\/\/www.eldigitaldeasturias.com\/noticias\/wp-content\/uploads\/2020\/12\/EDA.jpg","@id":"https:\/\/www.eldigitaldeasturias.com\/noticias\/fitur-2015-acogera-know-how-export\/#organizationLogo","width":649,"height":297},"image":{"@id":"https:\/\/www.eldigitaldeasturias.com\/noticias\/fitur-2015-acogera-know-how-export\/#organizationLogo"},"sameAs":["https:\/\/facebook.com\/eldigitaldeasturias","https:\/\/www.youtube.com\/channel\/UCZP-2wLEB9Rv6erhFmqVnvg"],"address":{"@id":"https:\/\/www.eldigitaldeasturias.com\/noticias\/#postaladdress","@type":"PostalAddress","streetAddress":"san antonio 4,","postalCode":"33430","addressLocality":"Cand\u00e1s","addressRegion":"Asturias","addressCountry":"ES"}},{"@type":"Person","@id":"https:\/\/www.eldigitaldeasturias.com\/noticias\/author\/admin\/#author","url":"https:\/\/www.eldigitaldeasturias.com\/noticias\/author\/admin\/","name":"El Digital de Asturias","image":{"@type":"ImageObject","@id":"https:\/\/www.eldigitaldeasturias.com\/noticias\/fitur-2015-acogera-know-how-export\/#authorImage","url":"https:\/\/www.eldigitaldeasturias.com\/noticias\/wp-content\/litespeed\/avatar\/18677e78aa0546b92d9dbf31ec7d7668.jpg?ver=1777290358","width":96,"height":96,"caption":"El Digital de Asturias"}},{"@type":"WebPage","@id":"https:\/\/www.eldigitaldeasturias.com\/noticias\/fitur-2015-acogera-know-how-export\/#webpage","url":"https:\/\/www.eldigitaldeasturias.com\/noticias\/fitur-2015-acogera-know-how-export\/","name":"FITUR 2015 acoger\u00e1 Know-How & Export - El Digital de Asturias","description":"Madrid, 7 dic (EFE).- La Feria Internacional de Turismo (FITUR) de Madrid acoger\u00e1 durante su 34 edici\u00f3n, entre el 28 de enero y el 1 de febrero de 2015, la secci\u00f3n especializada Know-How & Export, que apuesta por la internacionalizaci\u00f3n de las firmas espa\u00f1olas vinculadas con la industria tur\u00edstica. La tercera edici\u00f3n de Know-How &","inLanguage":"es-ES","isPartOf":{"@id":"https:\/\/www.eldigitaldeasturias.com\/noticias\/#website"},"breadcrumb":{"@id":"https:\/\/www.eldigitaldeasturias.com\/noticias\/fitur-2015-acogera-know-how-export\/#breadcrumblist"},"author":{"@id":"https:\/\/www.eldigitaldeasturias.com\/noticias\/author\/admin\/#author"},"creator":{"@id":"https:\/\/www.eldigitaldeasturias.com\/noticias\/author\/admin\/#author"},"image":{"@type":"ImageObject","url":"https:\/\/www.eldigitaldeasturias.com\/noticias\/wp-content\/uploads\/2014\/12\/7987127w.jpg","@id":"https:\/\/www.eldigitaldeasturias.com\/noticias\/fitur-2015-acogera-know-how-export\/#mainImage","width":800,"height":558},"primaryImageOfPage":{"@id":"https:\/\/www.eldigitaldeasturias.com\/noticias\/fitur-2015-acogera-know-how-export\/#mainImage"},"datePublished":"2014-12-08T02:24:51+01:00","dateModified":"2014-12-08T02:24:51+01:00"},{"@type":"WebSite","@id":"https:\/\/www.eldigitaldeasturias.com\/noticias\/#website","url":"https:\/\/www.eldigitaldeasturias.com\/noticias\/","name":"El Digital de Asturias - Diario de actualidad y noticias","alternateName":"El Digital de Asturias - Diario de actualidad y noticias","description":"Hemeroteca","inLanguage":"es-ES","publisher":{"@id":"https:\/\/www.eldigitaldeasturias.com\/noticias\/#organization"}}]},"og:locale":"es_ES","og:site_name":"El Digital de Asturias","og:type":"article","og:title":"FITUR 2015 acoger\u00e1 Know-How &amp; Export - El Digital de Asturias","og:description":"Madrid, 7 dic (EFE).- La Feria Internacional de Turismo (FITUR) de Madrid acoger\u00e1 durante su 34 edici\u00f3n, entre el 28 de enero y el 1 de febrero de 2015, la secci\u00f3n especializada Know-How &amp; Export, que apuesta por la internacionalizaci\u00f3n de las firmas espa\u00f1olas vinculadas con la industria tur\u00edstica. La tercera edici\u00f3n de Know-How &amp;","og:url":"https:\/\/www.eldigitaldeasturias.com\/noticias\/fitur-2015-acogera-know-how-export\/","og:image":"https:\/\/www.eldigitaldeasturias.com\/noticias\/wp-content\/uploads\/2014\/12\/7987127w.jpg","og:image:secure_url":"https:\/\/www.eldigitaldeasturias.com\/noticias\/wp-content\/uploads\/2014\/12\/7987127w.jpg","og:image:width":800,"og:image:height":558,"article:tag":["turismo"],"article:published_time":"2014-12-08T01:24:51+00:00","article:modified_time":"2014-12-08T01:24:51+00:00","article:publisher":"https:\/\/facebook.com\/eldigitaldeasturias","twitter:card":"summary_large_image","twitter:title":"FITUR 2015 acoger\u00e1 Know-How &amp; Export - El Digital de Asturias","twitter:description":"Madrid, 7 dic (EFE).- La Feria Internacional de Turismo (FITUR) de Madrid acoger\u00e1 durante su 34 edici\u00f3n, entre el 28 de enero y el 1 de febrero de 2015, la secci\u00f3n especializada Know-How &amp; Export, que apuesta por la internacionalizaci\u00f3n de las firmas espa\u00f1olas vinculadas con la industria tur\u00edstica. La tercera edici\u00f3n de Know-How &amp;","twitter:image":"https:\/\/www.eldigitaldeasturias.com\/noticias\/wp-content\/uploads\/2014\/12\/7987127w.jpg","twitter:label1":"Escrito por","twitter:data1":"El Digital de Asturias","twitter:label2":"Tiempo de lectura estimado","twitter:data2":"1 minuto"},"aioseo_meta_data":{"post_id":"713963","title":null,"description":null,"keywords":null,"keyphrases":null,"primary_term":null,"canonical_url":null,"og_title":null,"og_description":null,"og_object_type":"default","og_image_type":"default","og_image_url":null,"og_image_width":null,"og_image_height":null,"og_image_custom_url":null,"og_image_custom_fields":null,"og_video":null,"og_custom_url":null,"og_article_section":null,"og_article_tags":null,"twitter_use_og":true,"twitter_card":"default","twitter_image_type":"default","twitter_image_url":null,"twitter_image_custom_url":null,"twitter_image_custom_fields":null,"twitter_title":null,"twitter_description":null,"schema":{"blockGraphs":[],"customGraphs":[],"default":{"data":{"Article":[],"Course":[],"Dataset":[],"FAQPage":[],"Movie":[],"Person":[],"Product":[],"ProductReview":[],"Car":[],"Recipe":[],"Service":[],"SoftwareApplication":[],"WebPage":[]},"graphName":"","isEnabled":true},"graphs":[],"defaultGraph":"","defaultPostTypeGraph":""},"schema_type":null,"schema_type_options":null,"pillar_content":false,"robots_default":true,"robots_noindex":false,"robots_noarchive":false,"robots_nosnippet":false,"robots_nofollow":false,"robots_noimageindex":false,"robots_noodp":false,"robots_notranslate":false,"robots_max_snippet":null,"robots_max_videopreview":null,"robots_max_imagepreview":"none","priority":null,"frequency":null,"local_seo":null,"seo_analyzer_scan_date":"2026-01-08 17:10:15","breadcrumb_settings":null,"limit_modified_date":false,"open_ai":null,"ai":null,"created":"2020-11-15 00:06:42","updated":"2026-01-08 17:10:15"},"aioseo_breadcrumb":"<div class=\"aioseo-breadcrumbs\"><span class=\"aioseo-breadcrumb\">\n\t<a href=\"https:\/\/www.eldigitaldeasturias.com\/noticias\" title=\"Home\">Home<\/a>\n<\/span><span class=\"aioseo-breadcrumb-separator\">\u2013<\/span><span class=\"aioseo-breadcrumb\">\n\t<a href=\"https:\/\/www.eldigitaldeasturias.com\/noticias\/category\/turismo\/\" title=\"Turismo\">Turismo<\/a>\n<\/span><span class=\"aioseo-breadcrumb-separator\">\u2013<\/span><span class=\"aioseo-breadcrumb\">\n\t<a href=\"https:\/\/www.eldigitaldeasturias.com\/noticias\/fitur-2015-acogera-know-how-export\/\" title=\"FITUR 2015 acoger\u00e1 Know-How &amp; Export\">FITUR 2015 acoger\u00e1 Know-How &amp; Export<\/a>\n<\/span><\/div>","aioseo_breadcrumb_json":[{"label":"Home","link":"https:\/\/www.eldigitaldeasturias.com\/noticias"},{"label":"Turismo","link":"https:\/\/www.eldigitaldeasturias.com\/noticias\/category\/turismo\/"},{"label":"FITUR 2015 acoger\u00e1 Know-How &#038; Export","link":"https:\/\/www.eldigitaldeasturias.com\/noticias\/fitur-2015-acogera-know-how-export\/"}],"_links":{"self":[{"href":"https:\/\/www.eldigitaldeasturias.com\/noticias\/wp-json\/wp\/v2\/posts\/713963","targetHints":{"allow":["GET"]}}],"collection":[{"href":"https:\/\/www.eldigitaldeasturias.com\/noticias\/wp-json\/wp\/v2\/posts"}],"about":[{"href":"https:\/\/www.eldigitaldeasturias.com\/noticias\/wp-json\/wp\/v2\/types\/post"}],"author":[{"embeddable":true,"href":"https:\/\/www.eldigitaldeasturias.com\/noticias\/wp-json\/wp\/v2\/users\/1"}],"replies":[{"embeddable":true,"href":"https:\/\/www.eldigitaldeasturias.com\/noticias\/wp-json\/wp\/v2\/comments?post=713963"}],"version-history":[{"count":0,"href":"https:\/\/www.eldigitaldeasturias.com\/noticias\/wp-json\/wp\/v2\/posts\/713963\/revisions"}],"wp:featuredmedia":[{"embeddable":true,"href":"https:\/\/www.eldigitaldeasturias.com\/noticias\/wp-json\/wp\/v2\/media\/713964"}],"wp:attachment":[{"href":"https:\/\/www.eldigitaldeasturias.com\/noticias\/wp-json\/wp\/v2\/media?parent=713963"}],"wp:term":[{"taxonomy":"category","embeddable":true,"href":"https:\/\/www.eldigitaldeasturias.com\/noticias\/wp-json\/wp\/v2\/categories?post=713963"},{"taxonomy":"post_tag","embeddable":true,"href":"https:\/\/www.eldigitaldeasturias.com\/noticias\/wp-json\/wp\/v2\/tags?post=713963"}],"curies":[{"name":"wp","href":"https:\/\/api.w.org\/{rel}","templated":true}]}}