{"id":695016,"date":"2014-11-20T18:06:41","date_gmt":"2014-11-20T17:06:41","guid":{"rendered":"http:\/\/www.eldigitaldeasturias.com\/noticias\/?p=695016"},"modified":"2014-11-20T18:06:41","modified_gmt":"2014-11-20T17:06:41","slug":"el-govern-pondra-en-marcha-en-2015-el-escaparate-turistico-inteligente","status":"publish","type":"post","link":"https:\/\/www.eldigitaldeasturias.com\/noticias\/el-govern-pondra-en-marcha-en-2015-el-escaparate-turistico-inteligente\/","title":{"rendered":"El Govern pondr\u00e1 en marcha en 2015 el \u00abEscaparate Tur\u00edstico Inteligente\u00bb"},"content":{"rendered":"<p><img loading=\"lazy\" decoding=\"async\" class=\"alignleft size-medium wp-image-576317\" alt=\"menorca\" src=\"https:\/\/www.eldigitaldeasturias.com\/noticias\/wp-content\/uploads\/2014\/08\/menprca-360x248.jpg\" width=\"360\" height=\"248\" srcset=\"https:\/\/www.eldigitaldeasturias.com\/noticias\/wp-content\/uploads\/2014\/08\/menprca-360x248.jpg 360w, https:\/\/www.eldigitaldeasturias.com\/noticias\/wp-content\/uploads\/2014\/08\/menprca.jpg 450w\" sizes=\"auto, (max-width: 360px) 100vw, 360px\" \/>Palma, 20 nov (EFE).- El conseller de Turismo y Deportes, Jaime Mart\u00ednez, ha anunciado hoy que el Govern pondr\u00e1 en marcha de manera progresiva el pr\u00f3ximo a\u00f1o el \u00abEscaparate Tur\u00edstico Inteligente\u00bb, un proyecto tecnol\u00f3gico que permitir\u00e1 a los turistas consultar toda la informaci\u00f3n sobre las Islas Baleares a trav\u00e9s de sus dispositivos tecnol\u00f3gicos.<\/p>\n<p>El \u00abEscaparate Tur\u00edstico Inteligente\u00bb ser\u00e1 una herramienta que permitir\u00e1 al turista planificar y disfrutar de su viaje accediendo a toda la informaci\u00f3n, antes y durante el viaje, sobre la oferta hotelera, cultural, de ocio, deportiva, municipal, insular y empresarial a trav\u00e9s de una sola aplicaci\u00f3n.<\/p>\n<p>Este proyecto ser\u00e1 presentado de manera oficial en la feria tur\u00edstica Fitur de Madrid en enero del pr\u00f3ximo a\u00f1o.<\/p>\n<p>La conselleria prev\u00e9 para el pr\u00f3ximo a\u00f1o una partida de 800.000 euros para desarrollar esta iniciativa compleja desde un punto de vista tecnol\u00f3gico en la que colaborar\u00e1n el sector privado y p\u00fablico para ofrecer la informaci\u00f3n que consultar\u00e1 el turista.<\/p>\n<p>Con ocasi\u00f3n de la reuni\u00f3n hoy de la comisi\u00f3n de Turismo en el Parlament balear, Mart\u00ednez ha manifestado que se trata de un proyecto \u00abmuy ambicioso\u00bb pionero a nivel mundial que supone un \u00abcambio de filosof\u00eda\u00bb porque no se trata de una p\u00e1gina web, sino de que el turista disponga de toda la informaci\u00f3n que le interesa con ocasi\u00f3n de su viaje.<\/p>\n<p>Este proyecto tiene varias fases, ha explicado Mart\u00ednez, que ha aludido a la importancia de que los 13 millones de turistas que vienen a Baleares cada a\u00f1o, de los que el 80 % son extranjeros, accedan a la informaci\u00f3n que les interesa con fluidez, desde los horarios de autobuses, a la oferta de las playas o a cualquier evento cultural que organicen los consells insulars o los ayuntamientos.<\/p>\n<p>En respuesta a los partidos de la oposici\u00f3n, PSIB y M\u00c9S, el conseller ha asegurado que esta iniciativa no invade ninguna competencia tur\u00edstica de los consells y que el objetivo es que colaboren voluntariamente, al igual que los ayuntamientos, para que ofrezcan a trav\u00e9s de esta herramienta tur\u00edstica toda la informaci\u00f3n que ellos consideren adecuada en beneficio de los turistas que visitan Baleares.<\/p>\n<p>Por parte el PSIB-PSOE, la diputada Pilar Sans\u00f3 s\u00ed ha considerado que se invaden competencias y que el Govern balear lleva \u00abm\u00e1s de dos a\u00f1os hablando\u00bb de este proyecto que a\u00fan no se ha puesto en marcha, si bien ha reconocido que es complicado.<\/p>\n<p>La diputada ha exigido al conseller \u00abceleridad\u00bb para que esta plataforma tecnol\u00f3gica sea una realidad, no como el Palacio de Congresos de Palma, cuyo proyecto present\u00f3 el expresidente balear Jaume Matas junto a la modelo Claudia Schiffer en la feria tur\u00edstica de Londres en el a\u00f1o 2005 y que a\u00fan no est\u00e1 ni acabado.<\/p>\n<p>En este sentido, el diputado de M\u00c9S David Abril, se ha quejado tambi\u00e9n de que la conselleria \u00ablleva dos a\u00f1os de anuncios\u00bb, ha recordado que la legislatura est\u00e1 pr\u00f3xima a su fin y ha invitado al conseller a \u00ababandonar el rollo de la herencia recibida\u00bb para justificar el retraso de este proyecto.<\/p>\n<p>Adem\u00e1s, Abril se ha quejado de que el conseller comparezca por este asunto y no por otros que el diputado econacionalista considera de igual o m\u00e1s inter\u00e9s c\u00f3mo la precariedad laboral en el sector tur\u00edstico, la privatizaci\u00f3n de Aena o el cierre del hotel Delta de Calvi\u00e0.<\/p>\n<p>La diputada del PP Lourdes Bosch ha subrayado que el \u00abEscaparate Tur\u00edstico Inteligente\u00bb es un proyecto \u00abpionero\u00bb a nivel mundial y que es \u00abla guinda\u00bb a la pol\u00edtica tur\u00edstica del Govern durante estos a\u00f1os en los que se ha logrado la modernizaci\u00f3n de buena parte de la planta hotelera y que hayan mejorado de categor\u00eda unos 250 establecimientos.<\/p>\n","protected":false},"excerpt":{"rendered":"<p>Palma, 20 nov (EFE).- El conseller de Turismo y Deportes, Jaime Mart\u00ednez, ha anunciado hoy que el Govern pondr\u00e1 en marcha de manera progresiva el pr\u00f3ximo a\u00f1o el \u00abEscaparate Tur\u00edstico Inteligente\u00bb, un proyecto tecnol\u00f3gico que permitir\u00e1 a los turistas consultar toda la informaci\u00f3n sobre las Islas Baleares a trav\u00e9s de sus dispositivos tecnol\u00f3gicos. El \u00abEscaparate [&hellip;]<\/p>\n","protected":false},"author":1,"featured_media":581339,"comment_status":"closed","ping_status":"closed","sticky":false,"template":"","format":"standard","meta":{"footnotes":""},"categories":[148],"tags":[],"class_list":["post-695016","post","type-post","status-publish","format-standard","has-post-thumbnail","hentry","category-turismo"],"aioseo_notices":[],"aioseo_head":"\n\t\t<!-- All in One SEO Pro 4.9.6.2 - aioseo.com -->\n\t<meta name=\"description\" content=\"Palma, 20 nov (EFE).- El conseller de Turismo y Deportes, Jaime Mart\u00ednez, ha anunciado hoy que el Govern pondr\u00e1 en marcha de manera progresiva el pr\u00f3ximo a\u00f1o el &quot;Escaparate Tur\u00edstico Inteligente&quot;, un proyecto tecnol\u00f3gico que permitir\u00e1 a los turistas consultar toda la informaci\u00f3n sobre las Islas Baleares a trav\u00e9s de sus dispositivos tecnol\u00f3gicos. El &quot;Escaparate\" \/>\n\t<meta name=\"robots\" content=\"max-image-preview:large\" \/>\n\t<meta name=\"author\" content=\"El Digital de Asturias\"\/>\n\t<meta name=\"google-site-verification\" content=\"UA-38556648-1\" \/>\n\t<meta name=\"msvalidate.01\" content=\"7dfe9f3f1b24437ab69f4f2559babe99\" \/>\n\t<meta name=\"keywords\" content=\"turismo\" \/>\n\t<link rel=\"canonical\" href=\"https:\/\/www.eldigitaldeasturias.com\/noticias\/el-govern-pondra-en-marcha-en-2015-el-escaparate-turistico-inteligente\/\" \/>\n\t<meta name=\"generator\" content=\"All in One SEO Pro (AIOSEO) 4.9.6.2\" \/>\n\t\t<meta property=\"og:locale\" content=\"es_ES\" \/>\n\t\t<meta property=\"og:site_name\" content=\"El Digital de Asturias\" \/>\n\t\t<meta property=\"og:type\" content=\"article\" \/>\n\t\t<meta property=\"og:title\" content=\"El Govern pondr\u00e1 en marcha en 2015 el \u00abEscaparate Tur\u00edstico Inteligente\u00bb - El Digital de Asturias\" \/>\n\t\t<meta property=\"og:description\" content=\"Palma, 20 nov (EFE).- El conseller de Turismo y Deportes, Jaime Mart\u00ednez, ha anunciado hoy que el Govern pondr\u00e1 en marcha de manera progresiva el pr\u00f3ximo a\u00f1o el &quot;Escaparate Tur\u00edstico Inteligente&quot;, un proyecto tecnol\u00f3gico que permitir\u00e1 a los turistas consultar toda la informaci\u00f3n sobre las Islas Baleares a trav\u00e9s de sus dispositivos tecnol\u00f3gicos. El &quot;Escaparate\" \/>\n\t\t<meta property=\"og:url\" content=\"https:\/\/www.eldigitaldeasturias.com\/noticias\/el-govern-pondra-en-marcha-en-2015-el-escaparate-turistico-inteligente\/\" \/>\n\t\t<meta property=\"og:image\" content=\"https:\/\/www.eldigitaldeasturias.com\/noticias\/wp-content\/uploads\/2014\/08\/Ciutadella_de_Menorca.jpg\" \/>\n\t\t<meta property=\"og:image:secure_url\" content=\"https:\/\/www.eldigitaldeasturias.com\/noticias\/wp-content\/uploads\/2014\/08\/Ciutadella_de_Menorca.jpg\" \/>\n\t\t<meta property=\"og:image:width\" content=\"550\" \/>\n\t\t<meta property=\"og:image:height\" content=\"412\" \/>\n\t\t<meta property=\"article:tag\" content=\"turismo\" \/>\n\t\t<meta property=\"article:published_time\" content=\"2014-11-20T17:06:41+00:00\" \/>\n\t\t<meta property=\"article:modified_time\" content=\"2014-11-20T17:06:41+00:00\" \/>\n\t\t<meta property=\"article:publisher\" content=\"https:\/\/facebook.com\/eldigitaldeasturias\" \/>\n\t\t<meta name=\"twitter:card\" content=\"summary_large_image\" \/>\n\t\t<meta name=\"twitter:title\" content=\"El Govern pondr\u00e1 en marcha en 2015 el \u00abEscaparate Tur\u00edstico Inteligente\u00bb - El Digital de Asturias\" \/>\n\t\t<meta name=\"twitter:description\" content=\"Palma, 20 nov (EFE).- El conseller de Turismo y Deportes, Jaime Mart\u00ednez, ha anunciado hoy que el Govern pondr\u00e1 en marcha de manera progresiva el pr\u00f3ximo a\u00f1o el &quot;Escaparate Tur\u00edstico Inteligente&quot;, un proyecto tecnol\u00f3gico que permitir\u00e1 a los turistas consultar toda la informaci\u00f3n sobre las Islas Baleares a trav\u00e9s de sus dispositivos tecnol\u00f3gicos. El &quot;Escaparate\" \/>\n\t\t<meta name=\"twitter:image\" content=\"https:\/\/www.eldigitaldeasturias.com\/noticias\/wp-content\/uploads\/2014\/08\/Ciutadella_de_Menorca.jpg\" \/>\n\t\t<meta name=\"twitter:label1\" content=\"Escrito por\" \/>\n\t\t<meta name=\"twitter:data1\" content=\"El Digital de Asturias\" \/>\n\t\t<meta name=\"twitter:label2\" content=\"Tiempo de lectura estimado\" \/>\n\t\t<meta name=\"twitter:data2\" content=\"3 minutos\" \/>\n\t\t<script type=\"application\/ld+json\" class=\"aioseo-schema\">\n\t\t\t{\"@context\":\"https:\\\/\\\/schema.org\",\"@graph\":[{\"@type\":\"BlogPosting\",\"@id\":\"https:\\\/\\\/www.eldigitaldeasturias.com\\\/noticias\\\/el-govern-pondra-en-marcha-en-2015-el-escaparate-turistico-inteligente\\\/#blogposting\",\"name\":\"El Govern pondr\\u00e1 en marcha en 2015 el \\u00abEscaparate Tur\\u00edstico Inteligente\\u00bb - El Digital de Asturias\",\"headline\":\"El Govern pondr\\u00e1 en marcha en 2015 el \\u00abEscaparate Tur\\u00edstico Inteligente\\u00bb\",\"author\":{\"@id\":\"https:\\\/\\\/www.eldigitaldeasturias.com\\\/noticias\\\/author\\\/admin\\\/#author\"},\"publisher\":{\"@id\":\"https:\\\/\\\/www.eldigitaldeasturias.com\\\/noticias\\\/#organization\"},\"image\":{\"@type\":\"ImageObject\",\"url\":\"https:\\\/\\\/www.eldigitaldeasturias.com\\\/noticias\\\/wp-content\\\/uploads\\\/2014\\\/08\\\/Ciutadella_de_Menorca.jpg\",\"width\":550,\"height\":412},\"datePublished\":\"2014-11-20T18:06:41+01:00\",\"dateModified\":\"2014-11-20T18:06:41+01:00\",\"inLanguage\":\"es-ES\",\"mainEntityOfPage\":{\"@id\":\"https:\\\/\\\/www.eldigitaldeasturias.com\\\/noticias\\\/el-govern-pondra-en-marcha-en-2015-el-escaparate-turistico-inteligente\\\/#webpage\"},\"isPartOf\":{\"@id\":\"https:\\\/\\\/www.eldigitaldeasturias.com\\\/noticias\\\/el-govern-pondra-en-marcha-en-2015-el-escaparate-turistico-inteligente\\\/#webpage\"},\"articleSection\":\"Turismo\"},{\"@type\":\"BreadcrumbList\",\"@id\":\"https:\\\/\\\/www.eldigitaldeasturias.com\\\/noticias\\\/el-govern-pondra-en-marcha-en-2015-el-escaparate-turistico-inteligente\\\/#breadcrumblist\",\"itemListElement\":[{\"@type\":\"ListItem\",\"@id\":\"https:\\\/\\\/www.eldigitaldeasturias.com\\\/noticias#listItem\",\"position\":1,\"name\":\"Home\",\"item\":\"https:\\\/\\\/www.eldigitaldeasturias.com\\\/noticias\",\"nextItem\":{\"@type\":\"ListItem\",\"@id\":\"https:\\\/\\\/www.eldigitaldeasturias.com\\\/noticias\\\/category\\\/turismo\\\/#listItem\",\"name\":\"Turismo\"}},{\"@type\":\"ListItem\",\"@id\":\"https:\\\/\\\/www.eldigitaldeasturias.com\\\/noticias\\\/category\\\/turismo\\\/#listItem\",\"position\":2,\"name\":\"Turismo\",\"item\":\"https:\\\/\\\/www.eldigitaldeasturias.com\\\/noticias\\\/category\\\/turismo\\\/\",\"nextItem\":{\"@type\":\"ListItem\",\"@id\":\"https:\\\/\\\/www.eldigitaldeasturias.com\\\/noticias\\\/el-govern-pondra-en-marcha-en-2015-el-escaparate-turistico-inteligente\\\/#listItem\",\"name\":\"El Govern pondr\\u00e1 en marcha en 2015 el \\u00abEscaparate Tur\\u00edstico Inteligente\\u00bb\"},\"previousItem\":{\"@type\":\"ListItem\",\"@id\":\"https:\\\/\\\/www.eldigitaldeasturias.com\\\/noticias#listItem\",\"name\":\"Home\"}},{\"@type\":\"ListItem\",\"@id\":\"https:\\\/\\\/www.eldigitaldeasturias.com\\\/noticias\\\/el-govern-pondra-en-marcha-en-2015-el-escaparate-turistico-inteligente\\\/#listItem\",\"position\":3,\"name\":\"El Govern pondr\\u00e1 en marcha en 2015 el \\u00abEscaparate Tur\\u00edstico Inteligente\\u00bb\",\"previousItem\":{\"@type\":\"ListItem\",\"@id\":\"https:\\\/\\\/www.eldigitaldeasturias.com\\\/noticias\\\/category\\\/turismo\\\/#listItem\",\"name\":\"Turismo\"}}]},{\"@type\":\"Organization\",\"@id\":\"https:\\\/\\\/www.eldigitaldeasturias.com\\\/noticias\\\/#organization\",\"name\":\"El Digital de Asturias\",\"description\":\"Hemeroteca\",\"url\":\"https:\\\/\\\/www.eldigitaldeasturias.com\\\/noticias\\\/\",\"email\":\"info@eldigitaldeasturias.com\",\"telephone\":\"+34652131393\",\"logo\":{\"@type\":\"ImageObject\",\"url\":\"https:\\\/\\\/www.eldigitaldeasturias.com\\\/noticias\\\/wp-content\\\/uploads\\\/2020\\\/12\\\/EDA.jpg\",\"@id\":\"https:\\\/\\\/www.eldigitaldeasturias.com\\\/noticias\\\/el-govern-pondra-en-marcha-en-2015-el-escaparate-turistico-inteligente\\\/#organizationLogo\",\"width\":649,\"height\":297},\"image\":{\"@id\":\"https:\\\/\\\/www.eldigitaldeasturias.com\\\/noticias\\\/el-govern-pondra-en-marcha-en-2015-el-escaparate-turistico-inteligente\\\/#organizationLogo\"},\"sameAs\":[\"https:\\\/\\\/facebook.com\\\/eldigitaldeasturias\",\"https:\\\/\\\/www.youtube.com\\\/channel\\\/UCZP-2wLEB9Rv6erhFmqVnvg\"],\"address\":{\"@id\":\"https:\\\/\\\/www.eldigitaldeasturias.com\\\/noticias\\\/#postaladdress\",\"@type\":\"PostalAddress\",\"streetAddress\":\"san antonio 4,\",\"postalCode\":\"33430\",\"addressLocality\":\"Cand\\u00e1s\",\"addressRegion\":\"Asturias\",\"addressCountry\":\"ES\"}},{\"@type\":\"Person\",\"@id\":\"https:\\\/\\\/www.eldigitaldeasturias.com\\\/noticias\\\/author\\\/admin\\\/#author\",\"url\":\"https:\\\/\\\/www.eldigitaldeasturias.com\\\/noticias\\\/author\\\/admin\\\/\",\"name\":\"El Digital de Asturias\",\"image\":{\"@type\":\"ImageObject\",\"@id\":\"https:\\\/\\\/www.eldigitaldeasturias.com\\\/noticias\\\/el-govern-pondra-en-marcha-en-2015-el-escaparate-turistico-inteligente\\\/#authorImage\",\"url\":\"https:\\\/\\\/www.eldigitaldeasturias.com\\\/noticias\\\/wp-content\\\/litespeed\\\/avatar\\\/18677e78aa0546b92d9dbf31ec7d7668.jpg?ver=1777290358\",\"width\":96,\"height\":96,\"caption\":\"El Digital de Asturias\"}},{\"@type\":\"WebPage\",\"@id\":\"https:\\\/\\\/www.eldigitaldeasturias.com\\\/noticias\\\/el-govern-pondra-en-marcha-en-2015-el-escaparate-turistico-inteligente\\\/#webpage\",\"url\":\"https:\\\/\\\/www.eldigitaldeasturias.com\\\/noticias\\\/el-govern-pondra-en-marcha-en-2015-el-escaparate-turistico-inteligente\\\/\",\"name\":\"El Govern pondr\\u00e1 en marcha en 2015 el \\u00abEscaparate Tur\\u00edstico Inteligente\\u00bb - El Digital de Asturias\",\"description\":\"Palma, 20 nov (EFE).- El conseller de Turismo y Deportes, Jaime Mart\\u00ednez, ha anunciado hoy que el Govern pondr\\u00e1 en marcha de manera progresiva el pr\\u00f3ximo a\\u00f1o el \\\"Escaparate Tur\\u00edstico Inteligente\\\", un proyecto tecnol\\u00f3gico que permitir\\u00e1 a los turistas consultar toda la informaci\\u00f3n sobre las Islas Baleares a trav\\u00e9s de sus dispositivos tecnol\\u00f3gicos. El \\\"Escaparate\",\"inLanguage\":\"es-ES\",\"isPartOf\":{\"@id\":\"https:\\\/\\\/www.eldigitaldeasturias.com\\\/noticias\\\/#website\"},\"breadcrumb\":{\"@id\":\"https:\\\/\\\/www.eldigitaldeasturias.com\\\/noticias\\\/el-govern-pondra-en-marcha-en-2015-el-escaparate-turistico-inteligente\\\/#breadcrumblist\"},\"author\":{\"@id\":\"https:\\\/\\\/www.eldigitaldeasturias.com\\\/noticias\\\/author\\\/admin\\\/#author\"},\"creator\":{\"@id\":\"https:\\\/\\\/www.eldigitaldeasturias.com\\\/noticias\\\/author\\\/admin\\\/#author\"},\"image\":{\"@type\":\"ImageObject\",\"url\":\"https:\\\/\\\/www.eldigitaldeasturias.com\\\/noticias\\\/wp-content\\\/uploads\\\/2014\\\/08\\\/Ciutadella_de_Menorca.jpg\",\"@id\":\"https:\\\/\\\/www.eldigitaldeasturias.com\\\/noticias\\\/el-govern-pondra-en-marcha-en-2015-el-escaparate-turistico-inteligente\\\/#mainImage\",\"width\":550,\"height\":412},\"primaryImageOfPage\":{\"@id\":\"https:\\\/\\\/www.eldigitaldeasturias.com\\\/noticias\\\/el-govern-pondra-en-marcha-en-2015-el-escaparate-turistico-inteligente\\\/#mainImage\"},\"datePublished\":\"2014-11-20T18:06:41+01:00\",\"dateModified\":\"2014-11-20T18:06:41+01:00\"},{\"@type\":\"WebSite\",\"@id\":\"https:\\\/\\\/www.eldigitaldeasturias.com\\\/noticias\\\/#website\",\"url\":\"https:\\\/\\\/www.eldigitaldeasturias.com\\\/noticias\\\/\",\"name\":\"El Digital de Asturias - Diario de actualidad y noticias\",\"alternateName\":\"El Digital de Asturias - Diario de actualidad y noticias\",\"description\":\"Hemeroteca\",\"inLanguage\":\"es-ES\",\"publisher\":{\"@id\":\"https:\\\/\\\/www.eldigitaldeasturias.com\\\/noticias\\\/#organization\"}}]}\n\t\t<\/script>\n\t\t<!-- All in One SEO Pro -->\r\n\t\t<title>El Govern pondr\u00e1 en marcha en 2015 el \u00abEscaparate Tur\u00edstico Inteligente\u00bb - El Digital de Asturias<\/title>\n\n","aioseo_head_json":{"title":"El Govern pondr\u00e1 en marcha en 2015 el \u00abEscaparate Tur\u00edstico Inteligente\u00bb - El Digital de Asturias","description":"Palma, 20 nov (EFE).- El conseller de Turismo y Deportes, Jaime Mart\u00ednez, ha anunciado hoy que el Govern pondr\u00e1 en marcha de manera progresiva el pr\u00f3ximo a\u00f1o el \"Escaparate Tur\u00edstico Inteligente\", un proyecto tecnol\u00f3gico que permitir\u00e1 a los turistas consultar toda la informaci\u00f3n sobre las Islas Baleares a trav\u00e9s de sus dispositivos tecnol\u00f3gicos. El \"Escaparate","canonical_url":"https:\/\/www.eldigitaldeasturias.com\/noticias\/el-govern-pondra-en-marcha-en-2015-el-escaparate-turistico-inteligente\/","robots":"max-image-preview:large","keywords":"turismo","webmasterTools":{"google-site-verification":"UA-38556648-1","msvalidate.01":"7dfe9f3f1b24437ab69f4f2559babe99","miscellaneous":""},"schema":{"@context":"https:\/\/schema.org","@graph":[{"@type":"BlogPosting","@id":"https:\/\/www.eldigitaldeasturias.com\/noticias\/el-govern-pondra-en-marcha-en-2015-el-escaparate-turistico-inteligente\/#blogposting","name":"El Govern pondr\u00e1 en marcha en 2015 el \u00abEscaparate Tur\u00edstico Inteligente\u00bb - El Digital de Asturias","headline":"El Govern pondr\u00e1 en marcha en 2015 el \u00abEscaparate Tur\u00edstico Inteligente\u00bb","author":{"@id":"https:\/\/www.eldigitaldeasturias.com\/noticias\/author\/admin\/#author"},"publisher":{"@id":"https:\/\/www.eldigitaldeasturias.com\/noticias\/#organization"},"image":{"@type":"ImageObject","url":"https:\/\/www.eldigitaldeasturias.com\/noticias\/wp-content\/uploads\/2014\/08\/Ciutadella_de_Menorca.jpg","width":550,"height":412},"datePublished":"2014-11-20T18:06:41+01:00","dateModified":"2014-11-20T18:06:41+01:00","inLanguage":"es-ES","mainEntityOfPage":{"@id":"https:\/\/www.eldigitaldeasturias.com\/noticias\/el-govern-pondra-en-marcha-en-2015-el-escaparate-turistico-inteligente\/#webpage"},"isPartOf":{"@id":"https:\/\/www.eldigitaldeasturias.com\/noticias\/el-govern-pondra-en-marcha-en-2015-el-escaparate-turistico-inteligente\/#webpage"},"articleSection":"Turismo"},{"@type":"BreadcrumbList","@id":"https:\/\/www.eldigitaldeasturias.com\/noticias\/el-govern-pondra-en-marcha-en-2015-el-escaparate-turistico-inteligente\/#breadcrumblist","itemListElement":[{"@type":"ListItem","@id":"https:\/\/www.eldigitaldeasturias.com\/noticias#listItem","position":1,"name":"Home","item":"https:\/\/www.eldigitaldeasturias.com\/noticias","nextItem":{"@type":"ListItem","@id":"https:\/\/www.eldigitaldeasturias.com\/noticias\/category\/turismo\/#listItem","name":"Turismo"}},{"@type":"ListItem","@id":"https:\/\/www.eldigitaldeasturias.com\/noticias\/category\/turismo\/#listItem","position":2,"name":"Turismo","item":"https:\/\/www.eldigitaldeasturias.com\/noticias\/category\/turismo\/","nextItem":{"@type":"ListItem","@id":"https:\/\/www.eldigitaldeasturias.com\/noticias\/el-govern-pondra-en-marcha-en-2015-el-escaparate-turistico-inteligente\/#listItem","name":"El Govern pondr\u00e1 en marcha en 2015 el \u00abEscaparate Tur\u00edstico Inteligente\u00bb"},"previousItem":{"@type":"ListItem","@id":"https:\/\/www.eldigitaldeasturias.com\/noticias#listItem","name":"Home"}},{"@type":"ListItem","@id":"https:\/\/www.eldigitaldeasturias.com\/noticias\/el-govern-pondra-en-marcha-en-2015-el-escaparate-turistico-inteligente\/#listItem","position":3,"name":"El Govern pondr\u00e1 en marcha en 2015 el \u00abEscaparate Tur\u00edstico Inteligente\u00bb","previousItem":{"@type":"ListItem","@id":"https:\/\/www.eldigitaldeasturias.com\/noticias\/category\/turismo\/#listItem","name":"Turismo"}}]},{"@type":"Organization","@id":"https:\/\/www.eldigitaldeasturias.com\/noticias\/#organization","name":"El Digital de Asturias","description":"Hemeroteca","url":"https:\/\/www.eldigitaldeasturias.com\/noticias\/","email":"info@eldigitaldeasturias.com","telephone":"+34652131393","logo":{"@type":"ImageObject","url":"https:\/\/www.eldigitaldeasturias.com\/noticias\/wp-content\/uploads\/2020\/12\/EDA.jpg","@id":"https:\/\/www.eldigitaldeasturias.com\/noticias\/el-govern-pondra-en-marcha-en-2015-el-escaparate-turistico-inteligente\/#organizationLogo","width":649,"height":297},"image":{"@id":"https:\/\/www.eldigitaldeasturias.com\/noticias\/el-govern-pondra-en-marcha-en-2015-el-escaparate-turistico-inteligente\/#organizationLogo"},"sameAs":["https:\/\/facebook.com\/eldigitaldeasturias","https:\/\/www.youtube.com\/channel\/UCZP-2wLEB9Rv6erhFmqVnvg"],"address":{"@id":"https:\/\/www.eldigitaldeasturias.com\/noticias\/#postaladdress","@type":"PostalAddress","streetAddress":"san antonio 4,","postalCode":"33430","addressLocality":"Cand\u00e1s","addressRegion":"Asturias","addressCountry":"ES"}},{"@type":"Person","@id":"https:\/\/www.eldigitaldeasturias.com\/noticias\/author\/admin\/#author","url":"https:\/\/www.eldigitaldeasturias.com\/noticias\/author\/admin\/","name":"El Digital de Asturias","image":{"@type":"ImageObject","@id":"https:\/\/www.eldigitaldeasturias.com\/noticias\/el-govern-pondra-en-marcha-en-2015-el-escaparate-turistico-inteligente\/#authorImage","url":"https:\/\/www.eldigitaldeasturias.com\/noticias\/wp-content\/litespeed\/avatar\/18677e78aa0546b92d9dbf31ec7d7668.jpg?ver=1777290358","width":96,"height":96,"caption":"El Digital de Asturias"}},{"@type":"WebPage","@id":"https:\/\/www.eldigitaldeasturias.com\/noticias\/el-govern-pondra-en-marcha-en-2015-el-escaparate-turistico-inteligente\/#webpage","url":"https:\/\/www.eldigitaldeasturias.com\/noticias\/el-govern-pondra-en-marcha-en-2015-el-escaparate-turistico-inteligente\/","name":"El Govern pondr\u00e1 en marcha en 2015 el \u00abEscaparate Tur\u00edstico Inteligente\u00bb - El Digital de Asturias","description":"Palma, 20 nov (EFE).- El conseller de Turismo y Deportes, Jaime Mart\u00ednez, ha anunciado hoy que el Govern pondr\u00e1 en marcha de manera progresiva el pr\u00f3ximo a\u00f1o el \"Escaparate Tur\u00edstico Inteligente\", un proyecto tecnol\u00f3gico que permitir\u00e1 a los turistas consultar toda la informaci\u00f3n sobre las Islas Baleares a trav\u00e9s de sus dispositivos tecnol\u00f3gicos. El \"Escaparate","inLanguage":"es-ES","isPartOf":{"@id":"https:\/\/www.eldigitaldeasturias.com\/noticias\/#website"},"breadcrumb":{"@id":"https:\/\/www.eldigitaldeasturias.com\/noticias\/el-govern-pondra-en-marcha-en-2015-el-escaparate-turistico-inteligente\/#breadcrumblist"},"author":{"@id":"https:\/\/www.eldigitaldeasturias.com\/noticias\/author\/admin\/#author"},"creator":{"@id":"https:\/\/www.eldigitaldeasturias.com\/noticias\/author\/admin\/#author"},"image":{"@type":"ImageObject","url":"https:\/\/www.eldigitaldeasturias.com\/noticias\/wp-content\/uploads\/2014\/08\/Ciutadella_de_Menorca.jpg","@id":"https:\/\/www.eldigitaldeasturias.com\/noticias\/el-govern-pondra-en-marcha-en-2015-el-escaparate-turistico-inteligente\/#mainImage","width":550,"height":412},"primaryImageOfPage":{"@id":"https:\/\/www.eldigitaldeasturias.com\/noticias\/el-govern-pondra-en-marcha-en-2015-el-escaparate-turistico-inteligente\/#mainImage"},"datePublished":"2014-11-20T18:06:41+01:00","dateModified":"2014-11-20T18:06:41+01:00"},{"@type":"WebSite","@id":"https:\/\/www.eldigitaldeasturias.com\/noticias\/#website","url":"https:\/\/www.eldigitaldeasturias.com\/noticias\/","name":"El Digital de Asturias - Diario de actualidad y noticias","alternateName":"El Digital de Asturias - Diario de actualidad y noticias","description":"Hemeroteca","inLanguage":"es-ES","publisher":{"@id":"https:\/\/www.eldigitaldeasturias.com\/noticias\/#organization"}}]},"og:locale":"es_ES","og:site_name":"El Digital de Asturias","og:type":"article","og:title":"El Govern pondr\u00e1 en marcha en 2015 el \u00abEscaparate Tur\u00edstico Inteligente\u00bb - El Digital de Asturias","og:description":"Palma, 20 nov (EFE).- El conseller de Turismo y Deportes, Jaime Mart\u00ednez, ha anunciado hoy que el Govern pondr\u00e1 en marcha de manera progresiva el pr\u00f3ximo a\u00f1o el &quot;Escaparate Tur\u00edstico Inteligente&quot;, un proyecto tecnol\u00f3gico que permitir\u00e1 a los turistas consultar toda la informaci\u00f3n sobre las Islas Baleares a trav\u00e9s de sus dispositivos tecnol\u00f3gicos. El &quot;Escaparate","og:url":"https:\/\/www.eldigitaldeasturias.com\/noticias\/el-govern-pondra-en-marcha-en-2015-el-escaparate-turistico-inteligente\/","og:image":"https:\/\/www.eldigitaldeasturias.com\/noticias\/wp-content\/uploads\/2014\/08\/Ciutadella_de_Menorca.jpg","og:image:secure_url":"https:\/\/www.eldigitaldeasturias.com\/noticias\/wp-content\/uploads\/2014\/08\/Ciutadella_de_Menorca.jpg","og:image:width":550,"og:image:height":412,"article:tag":["turismo"],"article:published_time":"2014-11-20T17:06:41+00:00","article:modified_time":"2014-11-20T17:06:41+00:00","article:publisher":"https:\/\/facebook.com\/eldigitaldeasturias","twitter:card":"summary_large_image","twitter:title":"El Govern pondr\u00e1 en marcha en 2015 el \u00abEscaparate Tur\u00edstico Inteligente\u00bb - El Digital de Asturias","twitter:description":"Palma, 20 nov (EFE).- El conseller de Turismo y Deportes, Jaime Mart\u00ednez, ha anunciado hoy que el Govern pondr\u00e1 en marcha de manera progresiva el pr\u00f3ximo a\u00f1o el &quot;Escaparate Tur\u00edstico Inteligente&quot;, un proyecto tecnol\u00f3gico que permitir\u00e1 a los turistas consultar toda la informaci\u00f3n sobre las Islas Baleares a trav\u00e9s de sus dispositivos tecnol\u00f3gicos. El &quot;Escaparate","twitter:image":"https:\/\/www.eldigitaldeasturias.com\/noticias\/wp-content\/uploads\/2014\/08\/Ciutadella_de_Menorca.jpg","twitter:label1":"Escrito por","twitter:data1":"El Digital de Asturias","twitter:label2":"Tiempo de lectura estimado","twitter:data2":"3 minutos"},"aioseo_meta_data":{"post_id":"695016","title":null,"description":null,"keywords":null,"keyphrases":null,"primary_term":null,"canonical_url":null,"og_title":null,"og_description":null,"og_object_type":"default","og_image_type":"default","og_image_url":null,"og_image_width":null,"og_image_height":null,"og_image_custom_url":null,"og_image_custom_fields":null,"og_video":null,"og_custom_url":null,"og_article_section":null,"og_article_tags":null,"twitter_use_og":true,"twitter_card":"default","twitter_image_type":"default","twitter_image_url":null,"twitter_image_custom_url":null,"twitter_image_custom_fields":null,"twitter_title":null,"twitter_description":null,"schema":{"blockGraphs":[],"customGraphs":[],"default":{"data":{"Article":[],"Course":[],"Dataset":[],"FAQPage":[],"Movie":[],"Person":[],"Product":[],"ProductReview":[],"Car":[],"Recipe":[],"Service":[],"SoftwareApplication":[],"WebPage":[]},"graphName":"","isEnabled":true},"graphs":[],"defaultGraph":"","defaultPostTypeGraph":""},"schema_type":null,"schema_type_options":null,"pillar_content":false,"robots_default":true,"robots_noindex":false,"robots_noarchive":false,"robots_nosnippet":false,"robots_nofollow":false,"robots_noimageindex":false,"robots_noodp":false,"robots_notranslate":false,"robots_max_snippet":null,"robots_max_videopreview":null,"robots_max_imagepreview":"none","priority":null,"frequency":null,"local_seo":null,"seo_analyzer_scan_date":"2026-01-06 07:24:13","breadcrumb_settings":null,"limit_modified_date":false,"open_ai":null,"ai":null,"created":"2020-11-15 00:00:11","updated":"2026-01-06 07:24:13"},"aioseo_breadcrumb":"<div class=\"aioseo-breadcrumbs\"><span class=\"aioseo-breadcrumb\">\n\t<a href=\"https:\/\/www.eldigitaldeasturias.com\/noticias\" title=\"Home\">Home<\/a>\n<\/span><span class=\"aioseo-breadcrumb-separator\">\u2013<\/span><span class=\"aioseo-breadcrumb\">\n\t<a href=\"https:\/\/www.eldigitaldeasturias.com\/noticias\/category\/turismo\/\" title=\"Turismo\">Turismo<\/a>\n<\/span><span class=\"aioseo-breadcrumb-separator\">\u2013<\/span><span class=\"aioseo-breadcrumb\">\n\t<a href=\"https:\/\/www.eldigitaldeasturias.com\/noticias\/el-govern-pondra-en-marcha-en-2015-el-escaparate-turistico-inteligente\/\" title=\"El Govern pondr\u00e1 en marcha en 2015 el \u00abEscaparate Tur\u00edstico Inteligente\u00bb\">El Govern pondr\u00e1 en marcha en 2015 el \u00abEscaparate Tur\u00edstico Inteligente\u00bb<\/a>\n<\/span><\/div>","aioseo_breadcrumb_json":[{"label":"Home","link":"https:\/\/www.eldigitaldeasturias.com\/noticias"},{"label":"Turismo","link":"https:\/\/www.eldigitaldeasturias.com\/noticias\/category\/turismo\/"},{"label":"El Govern pondr\u00e1 en marcha en 2015 el \u00abEscaparate Tur\u00edstico Inteligente\u00bb","link":"https:\/\/www.eldigitaldeasturias.com\/noticias\/el-govern-pondra-en-marcha-en-2015-el-escaparate-turistico-inteligente\/"}],"_links":{"self":[{"href":"https:\/\/www.eldigitaldeasturias.com\/noticias\/wp-json\/wp\/v2\/posts\/695016","targetHints":{"allow":["GET"]}}],"collection":[{"href":"https:\/\/www.eldigitaldeasturias.com\/noticias\/wp-json\/wp\/v2\/posts"}],"about":[{"href":"https:\/\/www.eldigitaldeasturias.com\/noticias\/wp-json\/wp\/v2\/types\/post"}],"author":[{"embeddable":true,"href":"https:\/\/www.eldigitaldeasturias.com\/noticias\/wp-json\/wp\/v2\/users\/1"}],"replies":[{"embeddable":true,"href":"https:\/\/www.eldigitaldeasturias.com\/noticias\/wp-json\/wp\/v2\/comments?post=695016"}],"version-history":[{"count":0,"href":"https:\/\/www.eldigitaldeasturias.com\/noticias\/wp-json\/wp\/v2\/posts\/695016\/revisions"}],"wp:featuredmedia":[{"embeddable":true,"href":"https:\/\/www.eldigitaldeasturias.com\/noticias\/wp-json\/wp\/v2\/media\/581339"}],"wp:attachment":[{"href":"https:\/\/www.eldigitaldeasturias.com\/noticias\/wp-json\/wp\/v2\/media?parent=695016"}],"wp:term":[{"taxonomy":"category","embeddable":true,"href":"https:\/\/www.eldigitaldeasturias.com\/noticias\/wp-json\/wp\/v2\/categories?post=695016"},{"taxonomy":"post_tag","embeddable":true,"href":"https:\/\/www.eldigitaldeasturias.com\/noticias\/wp-json\/wp\/v2\/tags?post=695016"}],"curies":[{"name":"wp","href":"https:\/\/api.w.org\/{rel}","templated":true}]}}