{"id":677954,"date":"2014-11-07T03:03:23","date_gmt":"2014-11-07T02:03:23","guid":{"rendered":"http:\/\/www.eldigitaldeasturias.com\/noticias\/?p=677954"},"modified":"2014-11-07T03:03:23","modified_gmt":"2014-11-07T02:03:23","slug":"ibiza-y-formentera-volveran-a-compartir-expositor-en-la-feria-de-fitur","status":"publish","type":"post","link":"https:\/\/www.eldigitaldeasturias.com\/noticias\/ibiza-y-formentera-volveran-a-compartir-expositor-en-la-feria-de-fitur\/","title":{"rendered":"Ibiza y Formentera volver\u00e1n a compartir expositor en la feria de Fitur"},"content":{"rendered":"<p><img loading=\"lazy\" decoding=\"async\" class=\"alignleft size-medium wp-image-571454\" alt=\"ibiza\" src=\"https:\/\/www.eldigitaldeasturias.com\/noticias\/wp-content\/uploads\/2014\/08\/ibiza-360x239.jpg\" width=\"360\" height=\"239\" \/>Palma, 6 nov (EFE).- La consellera de Turismo de Formentera, Alejandra Ferrer, ha indicado hoy que la isla compartir\u00e1 expositor con Ibiza en la feria tur\u00edstica FITUR, que se celebra en Madrid del 28 de enero al 1 de febrero, para no asistir bajo el paraguas de Tourespa\u00f1a.<\/p>\n<p>La consellera ha se\u00f1alado en rueda de prensa que a Formentera no le interesa ir bajo la \u00abmarca blanca\u00bb Tourespa\u00f1a porque da el mismo tratamiento a todas las comunidades aut\u00f3nomas, independientemente de su especializaci\u00f3n tur\u00edstica.<\/p>\n<p>En esta feria, Formentera promocionar\u00e1 rutas verdes para hacer a pie o en bicicleta y continuar\u00e1 fomentando el turismo familiar, una apuesta que inici\u00f3 en la World Travel Market (WTM) de Londres, donde comparti\u00f3 tambi\u00e9n expositor con Ibiza.<\/p>\n<p>En su comparecencia, Ferrer ha hecho balance del impacto en Formentera de la 33\u00aa edici\u00f3n de la feria de Londres, a la que asisti\u00f3 junto con el conseller de Econom\u00eda, Bartomeu Escandell, y el gerente del Patronato de Turismo, Carles Bern\u00fas.<\/p>\n<p>En este sentido, ha destacado que la WTM tiene una importancia estrat\u00e9gica porque en invierno en Ibiza solo se mantienen vuelos regulares a Eindhoven y Londres.<\/p>\n<p>\u00abUno de los objetivos de Formentera es fomentar el turismo fuera de los meses fuertes del verano. Londres es uno de los puntos que se tienen que trabajar\u00bb, ha aseverado.<\/p>\n<p>La consellera ha remarcado que, despu\u00e9s de esta feria tur\u00edstica, la pitiusa menor debe tener claro que su futuro consiste en la diferenciaci\u00f3n del resto de destinos competidores.<\/p>\n<p>Otra cuesti\u00f3n que ha quedado patente para la consellera es que \u00abla promoci\u00f3n se tiene que hacer desde las instituciones p\u00fablicas, y no privadas\u00bb.<\/p>\n<p>Por \u00faltimo, Ferrer ha afirmado que aunque es demasiado temprano para ofrecer cifras, \u00ablas perspectivas para 2015 son buenas\u00bb.<\/p>\n","protected":false},"excerpt":{"rendered":"<p>Palma, 6 nov (EFE).- La consellera de Turismo de Formentera, Alejandra Ferrer, ha indicado hoy que la isla compartir\u00e1 expositor con Ibiza en la feria tur\u00edstica FITUR, que se celebra en Madrid del 28 de enero al 1 de febrero, para no asistir bajo el paraguas de Tourespa\u00f1a. La consellera ha se\u00f1alado en rueda de [&hellip;]<\/p>\n","protected":false},"author":1,"featured_media":571454,"comment_status":"closed","ping_status":"closed","sticky":false,"template":"","format":"standard","meta":{"footnotes":""},"categories":[148],"tags":[],"class_list":["post-677954","post","type-post","status-publish","format-standard","has-post-thumbnail","hentry","category-turismo"],"aioseo_notices":[],"aioseo_head":"\n\t\t<!-- All in One SEO Pro 4.9.6.2 - aioseo.com -->\n\t<meta name=\"description\" content=\"Palma, 6 nov (EFE).- La consellera de Turismo de Formentera, Alejandra Ferrer, ha indicado hoy que la isla compartir\u00e1 expositor con Ibiza en la feria tur\u00edstica FITUR, que se celebra en Madrid del 28 de enero al 1 de febrero, para no asistir bajo el paraguas de Tourespa\u00f1a. La consellera ha se\u00f1alado en rueda de\" \/>\n\t<meta name=\"robots\" content=\"max-image-preview:large\" \/>\n\t<meta name=\"author\" content=\"El Digital de Asturias\"\/>\n\t<meta name=\"google-site-verification\" content=\"UA-38556648-1\" \/>\n\t<meta name=\"msvalidate.01\" content=\"7dfe9f3f1b24437ab69f4f2559babe99\" \/>\n\t<meta name=\"keywords\" content=\"turismo\" \/>\n\t<link rel=\"canonical\" href=\"https:\/\/www.eldigitaldeasturias.com\/noticias\/ibiza-y-formentera-volveran-a-compartir-expositor-en-la-feria-de-fitur\/\" \/>\n\t<meta name=\"generator\" content=\"All in One SEO Pro (AIOSEO) 4.9.6.2\" \/>\n\t\t<meta property=\"og:locale\" content=\"es_ES\" \/>\n\t\t<meta property=\"og:site_name\" content=\"El Digital de Asturias\" \/>\n\t\t<meta property=\"og:type\" content=\"article\" \/>\n\t\t<meta property=\"og:title\" content=\"Ibiza y Formentera volver\u00e1n a compartir expositor en la feria de Fitur - El Digital de Asturias\" \/>\n\t\t<meta property=\"og:description\" content=\"Palma, 6 nov (EFE).- La consellera de Turismo de Formentera, Alejandra Ferrer, ha indicado hoy que la isla compartir\u00e1 expositor con Ibiza en la feria tur\u00edstica FITUR, que se celebra en Madrid del 28 de enero al 1 de febrero, para no asistir bajo el paraguas de Tourespa\u00f1a. La consellera ha se\u00f1alado en rueda de\" \/>\n\t\t<meta property=\"og:url\" content=\"https:\/\/www.eldigitaldeasturias.com\/noticias\/ibiza-y-formentera-volveran-a-compartir-expositor-en-la-feria-de-fitur\/\" \/>\n\t\t<meta property=\"og:image\" content=\"https:\/\/www.eldigitaldeasturias.com\/noticias\/wp-content\/uploads\/2014\/08\/ibiza.jpg\" \/>\n\t\t<meta property=\"og:image:secure_url\" content=\"https:\/\/www.eldigitaldeasturias.com\/noticias\/wp-content\/uploads\/2014\/08\/ibiza.jpg\" \/>\n\t\t<meta property=\"og:image:width\" content=\"1280\" \/>\n\t\t<meta property=\"og:image:height\" content=\"853\" \/>\n\t\t<meta property=\"article:tag\" content=\"turismo\" \/>\n\t\t<meta property=\"article:published_time\" content=\"2014-11-07T02:03:23+00:00\" \/>\n\t\t<meta property=\"article:modified_time\" content=\"2014-11-07T02:03:23+00:00\" \/>\n\t\t<meta property=\"article:publisher\" content=\"https:\/\/facebook.com\/eldigitaldeasturias\" \/>\n\t\t<meta name=\"twitter:card\" content=\"summary_large_image\" \/>\n\t\t<meta name=\"twitter:title\" content=\"Ibiza y Formentera volver\u00e1n a compartir expositor en la feria de Fitur - El Digital de Asturias\" \/>\n\t\t<meta name=\"twitter:description\" content=\"Palma, 6 nov (EFE).- La consellera de Turismo de Formentera, Alejandra Ferrer, ha indicado hoy que la isla compartir\u00e1 expositor con Ibiza en la feria tur\u00edstica FITUR, que se celebra en Madrid del 28 de enero al 1 de febrero, para no asistir bajo el paraguas de Tourespa\u00f1a. La consellera ha se\u00f1alado en rueda de\" \/>\n\t\t<meta name=\"twitter:image\" content=\"https:\/\/www.eldigitaldeasturias.com\/noticias\/wp-content\/uploads\/2014\/08\/ibiza.jpg\" \/>\n\t\t<meta name=\"twitter:label1\" content=\"Escrito por\" \/>\n\t\t<meta name=\"twitter:data1\" content=\"El Digital de Asturias\" \/>\n\t\t<meta name=\"twitter:label2\" content=\"Tiempo de lectura estimado\" \/>\n\t\t<meta name=\"twitter:data2\" content=\"2 minutos\" \/>\n\t\t<script type=\"application\/ld+json\" class=\"aioseo-schema\">\n\t\t\t{\"@context\":\"https:\\\/\\\/schema.org\",\"@graph\":[{\"@type\":\"BlogPosting\",\"@id\":\"https:\\\/\\\/www.eldigitaldeasturias.com\\\/noticias\\\/ibiza-y-formentera-volveran-a-compartir-expositor-en-la-feria-de-fitur\\\/#blogposting\",\"name\":\"Ibiza y Formentera volver\\u00e1n a compartir expositor en la feria de Fitur - El Digital de Asturias\",\"headline\":\"Ibiza y Formentera volver\\u00e1n a compartir expositor en la feria de Fitur\",\"author\":{\"@id\":\"https:\\\/\\\/www.eldigitaldeasturias.com\\\/noticias\\\/author\\\/admin\\\/#author\"},\"publisher\":{\"@id\":\"https:\\\/\\\/www.eldigitaldeasturias.com\\\/noticias\\\/#organization\"},\"image\":{\"@type\":\"ImageObject\",\"url\":\"https:\\\/\\\/www.eldigitaldeasturias.com\\\/noticias\\\/wp-content\\\/uploads\\\/2014\\\/08\\\/ibiza.jpg\",\"width\":1280,\"height\":853},\"datePublished\":\"2014-11-07T03:03:23+01:00\",\"dateModified\":\"2014-11-07T03:03:23+01:00\",\"inLanguage\":\"es-ES\",\"mainEntityOfPage\":{\"@id\":\"https:\\\/\\\/www.eldigitaldeasturias.com\\\/noticias\\\/ibiza-y-formentera-volveran-a-compartir-expositor-en-la-feria-de-fitur\\\/#webpage\"},\"isPartOf\":{\"@id\":\"https:\\\/\\\/www.eldigitaldeasturias.com\\\/noticias\\\/ibiza-y-formentera-volveran-a-compartir-expositor-en-la-feria-de-fitur\\\/#webpage\"},\"articleSection\":\"Turismo\"},{\"@type\":\"BreadcrumbList\",\"@id\":\"https:\\\/\\\/www.eldigitaldeasturias.com\\\/noticias\\\/ibiza-y-formentera-volveran-a-compartir-expositor-en-la-feria-de-fitur\\\/#breadcrumblist\",\"itemListElement\":[{\"@type\":\"ListItem\",\"@id\":\"https:\\\/\\\/www.eldigitaldeasturias.com\\\/noticias#listItem\",\"position\":1,\"name\":\"Home\",\"item\":\"https:\\\/\\\/www.eldigitaldeasturias.com\\\/noticias\",\"nextItem\":{\"@type\":\"ListItem\",\"@id\":\"https:\\\/\\\/www.eldigitaldeasturias.com\\\/noticias\\\/category\\\/turismo\\\/#listItem\",\"name\":\"Turismo\"}},{\"@type\":\"ListItem\",\"@id\":\"https:\\\/\\\/www.eldigitaldeasturias.com\\\/noticias\\\/category\\\/turismo\\\/#listItem\",\"position\":2,\"name\":\"Turismo\",\"item\":\"https:\\\/\\\/www.eldigitaldeasturias.com\\\/noticias\\\/category\\\/turismo\\\/\",\"nextItem\":{\"@type\":\"ListItem\",\"@id\":\"https:\\\/\\\/www.eldigitaldeasturias.com\\\/noticias\\\/ibiza-y-formentera-volveran-a-compartir-expositor-en-la-feria-de-fitur\\\/#listItem\",\"name\":\"Ibiza y Formentera volver\\u00e1n a compartir expositor en la feria de Fitur\"},\"previousItem\":{\"@type\":\"ListItem\",\"@id\":\"https:\\\/\\\/www.eldigitaldeasturias.com\\\/noticias#listItem\",\"name\":\"Home\"}},{\"@type\":\"ListItem\",\"@id\":\"https:\\\/\\\/www.eldigitaldeasturias.com\\\/noticias\\\/ibiza-y-formentera-volveran-a-compartir-expositor-en-la-feria-de-fitur\\\/#listItem\",\"position\":3,\"name\":\"Ibiza y Formentera volver\\u00e1n a compartir expositor en la feria de Fitur\",\"previousItem\":{\"@type\":\"ListItem\",\"@id\":\"https:\\\/\\\/www.eldigitaldeasturias.com\\\/noticias\\\/category\\\/turismo\\\/#listItem\",\"name\":\"Turismo\"}}]},{\"@type\":\"Organization\",\"@id\":\"https:\\\/\\\/www.eldigitaldeasturias.com\\\/noticias\\\/#organization\",\"name\":\"El Digital de Asturias\",\"description\":\"Hemeroteca\",\"url\":\"https:\\\/\\\/www.eldigitaldeasturias.com\\\/noticias\\\/\",\"email\":\"info@eldigitaldeasturias.com\",\"telephone\":\"+34652131393\",\"logo\":{\"@type\":\"ImageObject\",\"url\":\"https:\\\/\\\/www.eldigitaldeasturias.com\\\/noticias\\\/wp-content\\\/uploads\\\/2020\\\/12\\\/EDA.jpg\",\"@id\":\"https:\\\/\\\/www.eldigitaldeasturias.com\\\/noticias\\\/ibiza-y-formentera-volveran-a-compartir-expositor-en-la-feria-de-fitur\\\/#organizationLogo\",\"width\":649,\"height\":297},\"image\":{\"@id\":\"https:\\\/\\\/www.eldigitaldeasturias.com\\\/noticias\\\/ibiza-y-formentera-volveran-a-compartir-expositor-en-la-feria-de-fitur\\\/#organizationLogo\"},\"sameAs\":[\"https:\\\/\\\/facebook.com\\\/eldigitaldeasturias\",\"https:\\\/\\\/www.youtube.com\\\/channel\\\/UCZP-2wLEB9Rv6erhFmqVnvg\"],\"address\":{\"@id\":\"https:\\\/\\\/www.eldigitaldeasturias.com\\\/noticias\\\/#postaladdress\",\"@type\":\"PostalAddress\",\"streetAddress\":\"san antonio 4,\",\"postalCode\":\"33430\",\"addressLocality\":\"Cand\\u00e1s\",\"addressRegion\":\"Asturias\",\"addressCountry\":\"ES\"}},{\"@type\":\"Person\",\"@id\":\"https:\\\/\\\/www.eldigitaldeasturias.com\\\/noticias\\\/author\\\/admin\\\/#author\",\"url\":\"https:\\\/\\\/www.eldigitaldeasturias.com\\\/noticias\\\/author\\\/admin\\\/\",\"name\":\"El Digital de Asturias\",\"image\":{\"@type\":\"ImageObject\",\"@id\":\"https:\\\/\\\/www.eldigitaldeasturias.com\\\/noticias\\\/ibiza-y-formentera-volveran-a-compartir-expositor-en-la-feria-de-fitur\\\/#authorImage\",\"url\":\"https:\\\/\\\/www.eldigitaldeasturias.com\\\/noticias\\\/wp-content\\\/litespeed\\\/avatar\\\/18677e78aa0546b92d9dbf31ec7d7668.jpg?ver=1777290358\",\"width\":96,\"height\":96,\"caption\":\"El Digital de Asturias\"}},{\"@type\":\"WebPage\",\"@id\":\"https:\\\/\\\/www.eldigitaldeasturias.com\\\/noticias\\\/ibiza-y-formentera-volveran-a-compartir-expositor-en-la-feria-de-fitur\\\/#webpage\",\"url\":\"https:\\\/\\\/www.eldigitaldeasturias.com\\\/noticias\\\/ibiza-y-formentera-volveran-a-compartir-expositor-en-la-feria-de-fitur\\\/\",\"name\":\"Ibiza y Formentera volver\\u00e1n a compartir expositor en la feria de Fitur - El Digital de Asturias\",\"description\":\"Palma, 6 nov (EFE).- La consellera de Turismo de Formentera, Alejandra Ferrer, ha indicado hoy que la isla compartir\\u00e1 expositor con Ibiza en la feria tur\\u00edstica FITUR, que se celebra en Madrid del 28 de enero al 1 de febrero, para no asistir bajo el paraguas de Tourespa\\u00f1a. La consellera ha se\\u00f1alado en rueda de\",\"inLanguage\":\"es-ES\",\"isPartOf\":{\"@id\":\"https:\\\/\\\/www.eldigitaldeasturias.com\\\/noticias\\\/#website\"},\"breadcrumb\":{\"@id\":\"https:\\\/\\\/www.eldigitaldeasturias.com\\\/noticias\\\/ibiza-y-formentera-volveran-a-compartir-expositor-en-la-feria-de-fitur\\\/#breadcrumblist\"},\"author\":{\"@id\":\"https:\\\/\\\/www.eldigitaldeasturias.com\\\/noticias\\\/author\\\/admin\\\/#author\"},\"creator\":{\"@id\":\"https:\\\/\\\/www.eldigitaldeasturias.com\\\/noticias\\\/author\\\/admin\\\/#author\"},\"image\":{\"@type\":\"ImageObject\",\"url\":\"https:\\\/\\\/www.eldigitaldeasturias.com\\\/noticias\\\/wp-content\\\/uploads\\\/2014\\\/08\\\/ibiza.jpg\",\"@id\":\"https:\\\/\\\/www.eldigitaldeasturias.com\\\/noticias\\\/ibiza-y-formentera-volveran-a-compartir-expositor-en-la-feria-de-fitur\\\/#mainImage\",\"width\":1280,\"height\":853},\"primaryImageOfPage\":{\"@id\":\"https:\\\/\\\/www.eldigitaldeasturias.com\\\/noticias\\\/ibiza-y-formentera-volveran-a-compartir-expositor-en-la-feria-de-fitur\\\/#mainImage\"},\"datePublished\":\"2014-11-07T03:03:23+01:00\",\"dateModified\":\"2014-11-07T03:03:23+01:00\"},{\"@type\":\"WebSite\",\"@id\":\"https:\\\/\\\/www.eldigitaldeasturias.com\\\/noticias\\\/#website\",\"url\":\"https:\\\/\\\/www.eldigitaldeasturias.com\\\/noticias\\\/\",\"name\":\"El Digital de Asturias - Diario de actualidad y noticias\",\"alternateName\":\"El Digital de Asturias - Diario de actualidad y noticias\",\"description\":\"Hemeroteca\",\"inLanguage\":\"es-ES\",\"publisher\":{\"@id\":\"https:\\\/\\\/www.eldigitaldeasturias.com\\\/noticias\\\/#organization\"}}]}\n\t\t<\/script>\n\t\t<!-- All in One SEO Pro -->\r\n\t\t<title>Ibiza y Formentera volver\u00e1n a compartir expositor en la feria de Fitur - El Digital de Asturias<\/title>\n\n","aioseo_head_json":{"title":"Ibiza y Formentera volver\u00e1n a compartir expositor en la feria de Fitur - El Digital de Asturias","description":"Palma, 6 nov (EFE).- La consellera de Turismo de Formentera, Alejandra Ferrer, ha indicado hoy que la isla compartir\u00e1 expositor con Ibiza en la feria tur\u00edstica FITUR, que se celebra en Madrid del 28 de enero al 1 de febrero, para no asistir bajo el paraguas de Tourespa\u00f1a. La consellera ha se\u00f1alado en rueda de","canonical_url":"https:\/\/www.eldigitaldeasturias.com\/noticias\/ibiza-y-formentera-volveran-a-compartir-expositor-en-la-feria-de-fitur\/","robots":"max-image-preview:large","keywords":"turismo","webmasterTools":{"google-site-verification":"UA-38556648-1","msvalidate.01":"7dfe9f3f1b24437ab69f4f2559babe99","miscellaneous":""},"schema":{"@context":"https:\/\/schema.org","@graph":[{"@type":"BlogPosting","@id":"https:\/\/www.eldigitaldeasturias.com\/noticias\/ibiza-y-formentera-volveran-a-compartir-expositor-en-la-feria-de-fitur\/#blogposting","name":"Ibiza y Formentera volver\u00e1n a compartir expositor en la feria de Fitur - El Digital de Asturias","headline":"Ibiza y Formentera volver\u00e1n a compartir expositor en la feria de Fitur","author":{"@id":"https:\/\/www.eldigitaldeasturias.com\/noticias\/author\/admin\/#author"},"publisher":{"@id":"https:\/\/www.eldigitaldeasturias.com\/noticias\/#organization"},"image":{"@type":"ImageObject","url":"https:\/\/www.eldigitaldeasturias.com\/noticias\/wp-content\/uploads\/2014\/08\/ibiza.jpg","width":1280,"height":853},"datePublished":"2014-11-07T03:03:23+01:00","dateModified":"2014-11-07T03:03:23+01:00","inLanguage":"es-ES","mainEntityOfPage":{"@id":"https:\/\/www.eldigitaldeasturias.com\/noticias\/ibiza-y-formentera-volveran-a-compartir-expositor-en-la-feria-de-fitur\/#webpage"},"isPartOf":{"@id":"https:\/\/www.eldigitaldeasturias.com\/noticias\/ibiza-y-formentera-volveran-a-compartir-expositor-en-la-feria-de-fitur\/#webpage"},"articleSection":"Turismo"},{"@type":"BreadcrumbList","@id":"https:\/\/www.eldigitaldeasturias.com\/noticias\/ibiza-y-formentera-volveran-a-compartir-expositor-en-la-feria-de-fitur\/#breadcrumblist","itemListElement":[{"@type":"ListItem","@id":"https:\/\/www.eldigitaldeasturias.com\/noticias#listItem","position":1,"name":"Home","item":"https:\/\/www.eldigitaldeasturias.com\/noticias","nextItem":{"@type":"ListItem","@id":"https:\/\/www.eldigitaldeasturias.com\/noticias\/category\/turismo\/#listItem","name":"Turismo"}},{"@type":"ListItem","@id":"https:\/\/www.eldigitaldeasturias.com\/noticias\/category\/turismo\/#listItem","position":2,"name":"Turismo","item":"https:\/\/www.eldigitaldeasturias.com\/noticias\/category\/turismo\/","nextItem":{"@type":"ListItem","@id":"https:\/\/www.eldigitaldeasturias.com\/noticias\/ibiza-y-formentera-volveran-a-compartir-expositor-en-la-feria-de-fitur\/#listItem","name":"Ibiza y Formentera volver\u00e1n a compartir expositor en la feria de Fitur"},"previousItem":{"@type":"ListItem","@id":"https:\/\/www.eldigitaldeasturias.com\/noticias#listItem","name":"Home"}},{"@type":"ListItem","@id":"https:\/\/www.eldigitaldeasturias.com\/noticias\/ibiza-y-formentera-volveran-a-compartir-expositor-en-la-feria-de-fitur\/#listItem","position":3,"name":"Ibiza y Formentera volver\u00e1n a compartir expositor en la feria de Fitur","previousItem":{"@type":"ListItem","@id":"https:\/\/www.eldigitaldeasturias.com\/noticias\/category\/turismo\/#listItem","name":"Turismo"}}]},{"@type":"Organization","@id":"https:\/\/www.eldigitaldeasturias.com\/noticias\/#organization","name":"El Digital de Asturias","description":"Hemeroteca","url":"https:\/\/www.eldigitaldeasturias.com\/noticias\/","email":"info@eldigitaldeasturias.com","telephone":"+34652131393","logo":{"@type":"ImageObject","url":"https:\/\/www.eldigitaldeasturias.com\/noticias\/wp-content\/uploads\/2020\/12\/EDA.jpg","@id":"https:\/\/www.eldigitaldeasturias.com\/noticias\/ibiza-y-formentera-volveran-a-compartir-expositor-en-la-feria-de-fitur\/#organizationLogo","width":649,"height":297},"image":{"@id":"https:\/\/www.eldigitaldeasturias.com\/noticias\/ibiza-y-formentera-volveran-a-compartir-expositor-en-la-feria-de-fitur\/#organizationLogo"},"sameAs":["https:\/\/facebook.com\/eldigitaldeasturias","https:\/\/www.youtube.com\/channel\/UCZP-2wLEB9Rv6erhFmqVnvg"],"address":{"@id":"https:\/\/www.eldigitaldeasturias.com\/noticias\/#postaladdress","@type":"PostalAddress","streetAddress":"san antonio 4,","postalCode":"33430","addressLocality":"Cand\u00e1s","addressRegion":"Asturias","addressCountry":"ES"}},{"@type":"Person","@id":"https:\/\/www.eldigitaldeasturias.com\/noticias\/author\/admin\/#author","url":"https:\/\/www.eldigitaldeasturias.com\/noticias\/author\/admin\/","name":"El Digital de Asturias","image":{"@type":"ImageObject","@id":"https:\/\/www.eldigitaldeasturias.com\/noticias\/ibiza-y-formentera-volveran-a-compartir-expositor-en-la-feria-de-fitur\/#authorImage","url":"https:\/\/www.eldigitaldeasturias.com\/noticias\/wp-content\/litespeed\/avatar\/18677e78aa0546b92d9dbf31ec7d7668.jpg?ver=1777290358","width":96,"height":96,"caption":"El Digital de Asturias"}},{"@type":"WebPage","@id":"https:\/\/www.eldigitaldeasturias.com\/noticias\/ibiza-y-formentera-volveran-a-compartir-expositor-en-la-feria-de-fitur\/#webpage","url":"https:\/\/www.eldigitaldeasturias.com\/noticias\/ibiza-y-formentera-volveran-a-compartir-expositor-en-la-feria-de-fitur\/","name":"Ibiza y Formentera volver\u00e1n a compartir expositor en la feria de Fitur - El Digital de Asturias","description":"Palma, 6 nov (EFE).- La consellera de Turismo de Formentera, Alejandra Ferrer, ha indicado hoy que la isla compartir\u00e1 expositor con Ibiza en la feria tur\u00edstica FITUR, que se celebra en Madrid del 28 de enero al 1 de febrero, para no asistir bajo el paraguas de Tourespa\u00f1a. La consellera ha se\u00f1alado en rueda de","inLanguage":"es-ES","isPartOf":{"@id":"https:\/\/www.eldigitaldeasturias.com\/noticias\/#website"},"breadcrumb":{"@id":"https:\/\/www.eldigitaldeasturias.com\/noticias\/ibiza-y-formentera-volveran-a-compartir-expositor-en-la-feria-de-fitur\/#breadcrumblist"},"author":{"@id":"https:\/\/www.eldigitaldeasturias.com\/noticias\/author\/admin\/#author"},"creator":{"@id":"https:\/\/www.eldigitaldeasturias.com\/noticias\/author\/admin\/#author"},"image":{"@type":"ImageObject","url":"https:\/\/www.eldigitaldeasturias.com\/noticias\/wp-content\/uploads\/2014\/08\/ibiza.jpg","@id":"https:\/\/www.eldigitaldeasturias.com\/noticias\/ibiza-y-formentera-volveran-a-compartir-expositor-en-la-feria-de-fitur\/#mainImage","width":1280,"height":853},"primaryImageOfPage":{"@id":"https:\/\/www.eldigitaldeasturias.com\/noticias\/ibiza-y-formentera-volveran-a-compartir-expositor-en-la-feria-de-fitur\/#mainImage"},"datePublished":"2014-11-07T03:03:23+01:00","dateModified":"2014-11-07T03:03:23+01:00"},{"@type":"WebSite","@id":"https:\/\/www.eldigitaldeasturias.com\/noticias\/#website","url":"https:\/\/www.eldigitaldeasturias.com\/noticias\/","name":"El Digital de Asturias - Diario de actualidad y noticias","alternateName":"El Digital de Asturias - Diario de actualidad y noticias","description":"Hemeroteca","inLanguage":"es-ES","publisher":{"@id":"https:\/\/www.eldigitaldeasturias.com\/noticias\/#organization"}}]},"og:locale":"es_ES","og:site_name":"El Digital de Asturias","og:type":"article","og:title":"Ibiza y Formentera volver\u00e1n a compartir expositor en la feria de Fitur - El Digital de Asturias","og:description":"Palma, 6 nov (EFE).- La consellera de Turismo de Formentera, Alejandra Ferrer, ha indicado hoy que la isla compartir\u00e1 expositor con Ibiza en la feria tur\u00edstica FITUR, que se celebra en Madrid del 28 de enero al 1 de febrero, para no asistir bajo el paraguas de Tourespa\u00f1a. La consellera ha se\u00f1alado en rueda de","og:url":"https:\/\/www.eldigitaldeasturias.com\/noticias\/ibiza-y-formentera-volveran-a-compartir-expositor-en-la-feria-de-fitur\/","og:image":"https:\/\/www.eldigitaldeasturias.com\/noticias\/wp-content\/uploads\/2014\/08\/ibiza.jpg","og:image:secure_url":"https:\/\/www.eldigitaldeasturias.com\/noticias\/wp-content\/uploads\/2014\/08\/ibiza.jpg","og:image:width":1280,"og:image:height":853,"article:tag":["turismo"],"article:published_time":"2014-11-07T02:03:23+00:00","article:modified_time":"2014-11-07T02:03:23+00:00","article:publisher":"https:\/\/facebook.com\/eldigitaldeasturias","twitter:card":"summary_large_image","twitter:title":"Ibiza y Formentera volver\u00e1n a compartir expositor en la feria de Fitur - El Digital de Asturias","twitter:description":"Palma, 6 nov (EFE).- La consellera de Turismo de Formentera, Alejandra Ferrer, ha indicado hoy que la isla compartir\u00e1 expositor con Ibiza en la feria tur\u00edstica FITUR, que se celebra en Madrid del 28 de enero al 1 de febrero, para no asistir bajo el paraguas de Tourespa\u00f1a. La consellera ha se\u00f1alado en rueda de","twitter:image":"https:\/\/www.eldigitaldeasturias.com\/noticias\/wp-content\/uploads\/2014\/08\/ibiza.jpg","twitter:label1":"Escrito por","twitter:data1":"El Digital de Asturias","twitter:label2":"Tiempo de lectura estimado","twitter:data2":"2 minutos"},"aioseo_meta_data":{"post_id":"677954","title":null,"description":null,"keywords":null,"keyphrases":null,"primary_term":null,"canonical_url":null,"og_title":null,"og_description":null,"og_object_type":"default","og_image_type":"default","og_image_url":null,"og_image_width":null,"og_image_height":null,"og_image_custom_url":null,"og_image_custom_fields":null,"og_video":null,"og_custom_url":null,"og_article_section":null,"og_article_tags":null,"twitter_use_og":true,"twitter_card":"default","twitter_image_type":"default","twitter_image_url":null,"twitter_image_custom_url":null,"twitter_image_custom_fields":null,"twitter_title":null,"twitter_description":null,"schema":{"blockGraphs":[],"customGraphs":[],"default":{"data":{"Article":[],"Course":[],"Dataset":[],"FAQPage":[],"Movie":[],"Person":[],"Product":[],"ProductReview":[],"Car":[],"Recipe":[],"Service":[],"SoftwareApplication":[],"WebPage":[]},"graphName":"","isEnabled":true},"graphs":[],"defaultGraph":"","defaultPostTypeGraph":""},"schema_type":null,"schema_type_options":null,"pillar_content":false,"robots_default":true,"robots_noindex":false,"robots_noarchive":false,"robots_nosnippet":false,"robots_nofollow":false,"robots_noimageindex":false,"robots_noodp":false,"robots_notranslate":false,"robots_max_snippet":null,"robots_max_videopreview":null,"robots_max_imagepreview":"none","priority":null,"frequency":null,"local_seo":null,"seo_analyzer_scan_date":"2026-01-03 04:23:14","breadcrumb_settings":null,"limit_modified_date":false,"open_ai":null,"ai":null,"created":"2020-11-14 23:55:23","updated":"2026-01-03 04:23:14"},"aioseo_breadcrumb":"<div class=\"aioseo-breadcrumbs\"><span class=\"aioseo-breadcrumb\">\n\t<a href=\"https:\/\/www.eldigitaldeasturias.com\/noticias\" title=\"Home\">Home<\/a>\n<\/span><span class=\"aioseo-breadcrumb-separator\">\u2013<\/span><span class=\"aioseo-breadcrumb\">\n\t<a href=\"https:\/\/www.eldigitaldeasturias.com\/noticias\/category\/turismo\/\" title=\"Turismo\">Turismo<\/a>\n<\/span><span class=\"aioseo-breadcrumb-separator\">\u2013<\/span><span class=\"aioseo-breadcrumb\">\n\t<a href=\"https:\/\/www.eldigitaldeasturias.com\/noticias\/ibiza-y-formentera-volveran-a-compartir-expositor-en-la-feria-de-fitur\/\" title=\"Ibiza y Formentera volver\u00e1n a compartir expositor en la feria de Fitur\">Ibiza y Formentera volver\u00e1n a compartir expositor en la feria de Fitur<\/a>\n<\/span><\/div>","aioseo_breadcrumb_json":[{"label":"Home","link":"https:\/\/www.eldigitaldeasturias.com\/noticias"},{"label":"Turismo","link":"https:\/\/www.eldigitaldeasturias.com\/noticias\/category\/turismo\/"},{"label":"Ibiza y Formentera volver\u00e1n a compartir expositor en la feria de Fitur","link":"https:\/\/www.eldigitaldeasturias.com\/noticias\/ibiza-y-formentera-volveran-a-compartir-expositor-en-la-feria-de-fitur\/"}],"_links":{"self":[{"href":"https:\/\/www.eldigitaldeasturias.com\/noticias\/wp-json\/wp\/v2\/posts\/677954","targetHints":{"allow":["GET"]}}],"collection":[{"href":"https:\/\/www.eldigitaldeasturias.com\/noticias\/wp-json\/wp\/v2\/posts"}],"about":[{"href":"https:\/\/www.eldigitaldeasturias.com\/noticias\/wp-json\/wp\/v2\/types\/post"}],"author":[{"embeddable":true,"href":"https:\/\/www.eldigitaldeasturias.com\/noticias\/wp-json\/wp\/v2\/users\/1"}],"replies":[{"embeddable":true,"href":"https:\/\/www.eldigitaldeasturias.com\/noticias\/wp-json\/wp\/v2\/comments?post=677954"}],"version-history":[{"count":0,"href":"https:\/\/www.eldigitaldeasturias.com\/noticias\/wp-json\/wp\/v2\/posts\/677954\/revisions"}],"wp:featuredmedia":[{"embeddable":true,"href":"https:\/\/www.eldigitaldeasturias.com\/noticias\/wp-json\/wp\/v2\/media\/571454"}],"wp:attachment":[{"href":"https:\/\/www.eldigitaldeasturias.com\/noticias\/wp-json\/wp\/v2\/media?parent=677954"}],"wp:term":[{"taxonomy":"category","embeddable":true,"href":"https:\/\/www.eldigitaldeasturias.com\/noticias\/wp-json\/wp\/v2\/categories?post=677954"},{"taxonomy":"post_tag","embeddable":true,"href":"https:\/\/www.eldigitaldeasturias.com\/noticias\/wp-json\/wp\/v2\/tags?post=677954"}],"curies":[{"name":"wp","href":"https:\/\/api.w.org\/{rel}","templated":true}]}}