{"id":629434,"date":"2014-09-28T18:25:05","date_gmt":"2014-09-28T16:25:05","guid":{"rendered":"http:\/\/www.eldigitaldeasturias.com\/noticias\/?p=629434"},"modified":"2014-09-28T18:25:05","modified_gmt":"2014-09-28T16:25:05","slug":"ultima-oportunidad-en-cinco-anos-para-visitar-el-altar-de-pergamo-en-berlin","status":"publish","type":"post","link":"https:\/\/www.eldigitaldeasturias.com\/noticias\/ultima-oportunidad-en-cinco-anos-para-visitar-el-altar-de-pergamo-en-berlin\/","title":{"rendered":"\u00daltima oportunidad en cinco a\u00f1os para visitar el altar de P\u00e9rgamo en Berl\u00edn"},"content":{"rendered":"<p><img loading=\"lazy\" decoding=\"async\" class=\"alignleft size-medium wp-image-629435\" alt=\"6688156w\" src=\"https:\/\/www.eldigitaldeasturias.com\/noticias\/wp-content\/uploads\/2014\/09\/6688156w-360x168.jpg\" width=\"360\" height=\"168\" srcset=\"https:\/\/www.eldigitaldeasturias.com\/noticias\/wp-content\/uploads\/2014\/09\/6688156w-360x168.jpg 360w, https:\/\/www.eldigitaldeasturias.com\/noticias\/wp-content\/uploads\/2014\/09\/6688156w-650x304.jpg 650w, https:\/\/www.eldigitaldeasturias.com\/noticias\/wp-content\/uploads\/2014\/09\/6688156w.jpg 800w\" sizes=\"auto, (max-width: 360px) 100vw, 360px\" \/>Berl\u00edn, 28 sep (EFE).- Varios miles de personas aprovecharon hoy la \u00faltima oportunidad en al menos un lustro para contemplar el impresionante altar de P\u00e9rgamo, joya del hom\u00f3nimo museo berlin\u00e9s, que se someter\u00e1 a partir de ma\u00f1ana a una intensa rehabilitaci\u00f3n.<\/p>\n<p>Sobre las 15.00 horas (13.00 GMT) la cola que serpenteaba fuera del Museo de P\u00e9rgamo, en el coraz\u00f3n hist\u00f3rico y cultural de Berl\u00edn, supon\u00eda cerca de una hora y media de espera, pero a los cientos de turistas y curiosos que aguardaban no parec\u00eda importarles.<\/p>\n<p>La noticia del cierre parcial del recinto, que impedir\u00e1 el acceso al principal reclamo del museo m\u00e1s visitado de Berl\u00edn -con m\u00e1s de 1,2 millones de visitas el a\u00f1o pasado- estaba en la boca de muchos de ellos.<\/p>\n<p>\u00abImpresiona\u00bb, reconoce a Efe el uruguayo Patrick Shack que, de visita en Berl\u00edn, decidi\u00f3 acudir al museo con dos amigos residentes en la capital alemana al conocer el inminente cierre.<\/p>\n<p>Frente a \u00e9l se alza el gran altar de P\u00e9rgamo, una colosal obra de arte hel\u00e9nico del siglo II a.C. y m\u00e1s de treinta metros de largo, cuyas ruinas fueron descubiertas en la actual Turqu\u00eda en el XIX y trasladadas \u00edntegramente a Alemania, en donde se expone ahora este templo, reconstruido a escala natural, en una enorme sala cubierta.<\/p>\n<p>A su alrededor bullen los grupos de turistas y berlineses, con sus c\u00e1maras de fotos y sus audiogu\u00edas, de forma algo m\u00e1s intensa a lo acostumbrado en un domingo t\u00edpico de principios de oto\u00f1o.<\/p>\n<p>Al fondo, tras subir la escalinata, las losas que componen el famoso friso de T\u00e9lefo -un personaje clave de la toma de Troya- han sido ya convenientemente empaquetadas para su transporte y del mosaico del papagayo s\u00f3lo queda una fotograf\u00eda a tama\u00f1o real.<\/p>\n<p>La direcci\u00f3n del centro ha reconocido un aumento de la afluencia en las \u00faltimas semanas y ha elevado, en consecuencia, el n\u00famero de visitas guiadas para atender a la demanda de los visitantes.<\/p>\n<p>El cierre de la sala principal del P\u00e9rgamo se enmarca dentro del plan de saneamiento general del museo y la zona y se debe a que, por motivos de conservaci\u00f3n y financieros, no es posible desmontar la obra expuesta y tratarla por partes.<\/p>\n<p>El objetivo es reparar los da\u00f1os en la estructura del altar y el moho que se ha ido formando a lo largo de la historia en las m\u00e1s de 100 esculturas que lo componen.<\/p>\n<p>Dedicado a la diosa Atenea, se calcula que este altar fue construido entre el a\u00f1o 180 y 159 antes de Cristo, en la actual Turqu\u00eda, y sus frisos narran para las futuras generaciones las luchas entre dioses y gigantes.<\/p>\n<p>Sin embargo, el tiempo lo releg\u00f3 al olvido y no fue hasta finales del siglo XIX cuando arque\u00f3logos alemanes recuperaron este monumento y, previo pago de 20.000 marcos al Imperio Otomano, iniciaron el traslado a Berl\u00edn pieza a pieza en 1879.<\/p>\n<p>Tuvieron que pasar m\u00e1s de 50 a\u00f1os hasta que el Museo de P\u00e9rgamo pudo ser inaugurado, en 1930, pero su estancia en Berl\u00edn dur\u00f3 poco, ya que tras la II Guerra Mundial, los rusos se llevaron el altar a San Petersburgo, en donde permaneci\u00f3 expuesto hasta 1958, cuando volvi\u00f3 a la capital alemana.<\/p>\n<p>El plan de rehabilitaci\u00f3n del Museo de P\u00e9rgamo comenz\u00f3 en 2012 con las reformas de la sala de arte griego y se prolongar\u00e1 hasta 2025 cuando, tras la adecuaci\u00f3n de la sala del altar, se acometan las mejoras en de las alas sur y oeste, seg\u00fan la instituci\u00f3n.<\/p>\n<p>Este museo acoge en la capital alemana una de las mayores colecciones de obras cl\u00e1sicas del mundo, entre las que destacan, adem\u00e1s del altar, la Puerta de Istar, perteneciente a la muralla interior de la ciudad hist\u00f3rica de Babilonia, y la fachada principal del mercado romano de la localidad de Mileto.<\/p>\n<p>La instituci\u00f3n se sit\u00faa dentro de la isla de los museos de la capital alemana, junto al Museo Antiguo, el Nuevo Museo, el Museo Bode, la Galer\u00eda Nacional Antigua y la catedral de Berl\u00edn, un conjunto hist\u00f3rico que la UNESCO declar\u00f3 en 1999 Patrimonio Cultural de la Humanidad.<\/p>\n<p>La rehabilitaci\u00f3n del P\u00e9rgamo se encuadra dentro de un plan general para convertir la isla de los museos en un centro unificado de arte y arquitectura.<\/p>\n","protected":false},"excerpt":{"rendered":"<p>Berl\u00edn, 28 sep (EFE).- Varios miles de personas aprovecharon hoy la \u00faltima oportunidad en al menos un lustro para contemplar el impresionante altar de P\u00e9rgamo, joya del hom\u00f3nimo museo berlin\u00e9s, que se someter\u00e1 a partir de ma\u00f1ana a una intensa rehabilitaci\u00f3n. Sobre las 15.00 horas (13.00 GMT) la cola que serpenteaba fuera del Museo de [&hellip;]<\/p>\n","protected":false},"author":1,"featured_media":629435,"comment_status":"closed","ping_status":"closed","sticky":false,"template":"","format":"standard","meta":{"footnotes":""},"categories":[148],"tags":[],"class_list":["post-629434","post","type-post","status-publish","format-standard","has-post-thumbnail","hentry","category-turismo"],"aioseo_notices":[],"aioseo_head":"\n\t\t<!-- All in One SEO Pro 4.9.6.2 - aioseo.com -->\n\t<meta name=\"description\" content=\"Berl\u00edn, 28 sep (EFE).- Varios miles de personas aprovecharon hoy la \u00faltima oportunidad en al menos un lustro para contemplar el impresionante altar de P\u00e9rgamo, joya del hom\u00f3nimo museo berlin\u00e9s, que se someter\u00e1 a partir de ma\u00f1ana a una intensa rehabilitaci\u00f3n. Sobre las 15.00 horas (13.00 GMT) la cola que serpenteaba fuera del Museo de\" \/>\n\t<meta name=\"robots\" content=\"max-image-preview:large\" \/>\n\t<meta name=\"author\" content=\"El Digital de Asturias\"\/>\n\t<meta name=\"google-site-verification\" content=\"UA-38556648-1\" \/>\n\t<meta name=\"msvalidate.01\" content=\"7dfe9f3f1b24437ab69f4f2559babe99\" \/>\n\t<meta name=\"keywords\" content=\"turismo\" \/>\n\t<link rel=\"canonical\" href=\"https:\/\/www.eldigitaldeasturias.com\/noticias\/ultima-oportunidad-en-cinco-anos-para-visitar-el-altar-de-pergamo-en-berlin\/\" \/>\n\t<meta name=\"generator\" content=\"All in One SEO Pro (AIOSEO) 4.9.6.2\" \/>\n\t\t<meta property=\"og:locale\" content=\"es_ES\" \/>\n\t\t<meta property=\"og:site_name\" content=\"El Digital de Asturias\" \/>\n\t\t<meta property=\"og:type\" content=\"article\" \/>\n\t\t<meta property=\"og:title\" content=\"\u00daltima oportunidad en cinco a\u00f1os para visitar el altar de P\u00e9rgamo en Berl\u00edn - El Digital de Asturias\" \/>\n\t\t<meta property=\"og:description\" content=\"Berl\u00edn, 28 sep (EFE).- Varios miles de personas aprovecharon hoy la \u00faltima oportunidad en al menos un lustro para contemplar el impresionante altar de P\u00e9rgamo, joya del hom\u00f3nimo museo berlin\u00e9s, que se someter\u00e1 a partir de ma\u00f1ana a una intensa rehabilitaci\u00f3n. Sobre las 15.00 horas (13.00 GMT) la cola que serpenteaba fuera del Museo de\" \/>\n\t\t<meta property=\"og:url\" content=\"https:\/\/www.eldigitaldeasturias.com\/noticias\/ultima-oportunidad-en-cinco-anos-para-visitar-el-altar-de-pergamo-en-berlin\/\" \/>\n\t\t<meta property=\"og:image\" content=\"https:\/\/www.eldigitaldeasturias.com\/noticias\/wp-content\/uploads\/2014\/09\/6688156w.jpg\" \/>\n\t\t<meta property=\"og:image:secure_url\" content=\"https:\/\/www.eldigitaldeasturias.com\/noticias\/wp-content\/uploads\/2014\/09\/6688156w.jpg\" \/>\n\t\t<meta property=\"og:image:width\" content=\"800\" \/>\n\t\t<meta property=\"og:image:height\" content=\"375\" \/>\n\t\t<meta property=\"article:tag\" content=\"turismo\" \/>\n\t\t<meta property=\"article:published_time\" content=\"2014-09-28T16:25:05+00:00\" \/>\n\t\t<meta property=\"article:modified_time\" content=\"2014-09-28T16:25:05+00:00\" \/>\n\t\t<meta property=\"article:publisher\" content=\"https:\/\/facebook.com\/eldigitaldeasturias\" \/>\n\t\t<meta name=\"twitter:card\" content=\"summary_large_image\" \/>\n\t\t<meta name=\"twitter:title\" content=\"\u00daltima oportunidad en cinco a\u00f1os para visitar el altar de P\u00e9rgamo en Berl\u00edn - El Digital de Asturias\" \/>\n\t\t<meta name=\"twitter:description\" content=\"Berl\u00edn, 28 sep (EFE).- Varios miles de personas aprovecharon hoy la \u00faltima oportunidad en al menos un lustro para contemplar el impresionante altar de P\u00e9rgamo, joya del hom\u00f3nimo museo berlin\u00e9s, que se someter\u00e1 a partir de ma\u00f1ana a una intensa rehabilitaci\u00f3n. Sobre las 15.00 horas (13.00 GMT) la cola que serpenteaba fuera del Museo de\" \/>\n\t\t<meta name=\"twitter:image\" content=\"https:\/\/www.eldigitaldeasturias.com\/noticias\/wp-content\/uploads\/2014\/09\/6688156w.jpg\" \/>\n\t\t<meta name=\"twitter:label1\" content=\"Escrito por\" \/>\n\t\t<meta name=\"twitter:data1\" content=\"El Digital de Asturias\" \/>\n\t\t<meta name=\"twitter:label2\" content=\"Tiempo de lectura estimado\" \/>\n\t\t<meta name=\"twitter:data2\" content=\"4 minutos\" \/>\n\t\t<script type=\"application\/ld+json\" class=\"aioseo-schema\">\n\t\t\t{\"@context\":\"https:\\\/\\\/schema.org\",\"@graph\":[{\"@type\":\"BlogPosting\",\"@id\":\"https:\\\/\\\/www.eldigitaldeasturias.com\\\/noticias\\\/ultima-oportunidad-en-cinco-anos-para-visitar-el-altar-de-pergamo-en-berlin\\\/#blogposting\",\"name\":\"\\u00daltima oportunidad en cinco a\\u00f1os para visitar el altar de P\\u00e9rgamo en Berl\\u00edn - El Digital de Asturias\",\"headline\":\"\\u00daltima oportunidad en cinco a\\u00f1os para visitar el altar de P\\u00e9rgamo en Berl\\u00edn\",\"author\":{\"@id\":\"https:\\\/\\\/www.eldigitaldeasturias.com\\\/noticias\\\/author\\\/admin\\\/#author\"},\"publisher\":{\"@id\":\"https:\\\/\\\/www.eldigitaldeasturias.com\\\/noticias\\\/#organization\"},\"image\":{\"@type\":\"ImageObject\",\"url\":\"https:\\\/\\\/www.eldigitaldeasturias.com\\\/noticias\\\/wp-content\\\/uploads\\\/2014\\\/09\\\/6688156w.jpg\",\"width\":800,\"height\":375},\"datePublished\":\"2014-09-28T18:25:05+02:00\",\"dateModified\":\"2014-09-28T18:25:05+02:00\",\"inLanguage\":\"es-ES\",\"mainEntityOfPage\":{\"@id\":\"https:\\\/\\\/www.eldigitaldeasturias.com\\\/noticias\\\/ultima-oportunidad-en-cinco-anos-para-visitar-el-altar-de-pergamo-en-berlin\\\/#webpage\"},\"isPartOf\":{\"@id\":\"https:\\\/\\\/www.eldigitaldeasturias.com\\\/noticias\\\/ultima-oportunidad-en-cinco-anos-para-visitar-el-altar-de-pergamo-en-berlin\\\/#webpage\"},\"articleSection\":\"Turismo\"},{\"@type\":\"BreadcrumbList\",\"@id\":\"https:\\\/\\\/www.eldigitaldeasturias.com\\\/noticias\\\/ultima-oportunidad-en-cinco-anos-para-visitar-el-altar-de-pergamo-en-berlin\\\/#breadcrumblist\",\"itemListElement\":[{\"@type\":\"ListItem\",\"@id\":\"https:\\\/\\\/www.eldigitaldeasturias.com\\\/noticias#listItem\",\"position\":1,\"name\":\"Home\",\"item\":\"https:\\\/\\\/www.eldigitaldeasturias.com\\\/noticias\",\"nextItem\":{\"@type\":\"ListItem\",\"@id\":\"https:\\\/\\\/www.eldigitaldeasturias.com\\\/noticias\\\/category\\\/turismo\\\/#listItem\",\"name\":\"Turismo\"}},{\"@type\":\"ListItem\",\"@id\":\"https:\\\/\\\/www.eldigitaldeasturias.com\\\/noticias\\\/category\\\/turismo\\\/#listItem\",\"position\":2,\"name\":\"Turismo\",\"item\":\"https:\\\/\\\/www.eldigitaldeasturias.com\\\/noticias\\\/category\\\/turismo\\\/\",\"nextItem\":{\"@type\":\"ListItem\",\"@id\":\"https:\\\/\\\/www.eldigitaldeasturias.com\\\/noticias\\\/ultima-oportunidad-en-cinco-anos-para-visitar-el-altar-de-pergamo-en-berlin\\\/#listItem\",\"name\":\"\\u00daltima oportunidad en cinco a\\u00f1os para visitar el altar de P\\u00e9rgamo en Berl\\u00edn\"},\"previousItem\":{\"@type\":\"ListItem\",\"@id\":\"https:\\\/\\\/www.eldigitaldeasturias.com\\\/noticias#listItem\",\"name\":\"Home\"}},{\"@type\":\"ListItem\",\"@id\":\"https:\\\/\\\/www.eldigitaldeasturias.com\\\/noticias\\\/ultima-oportunidad-en-cinco-anos-para-visitar-el-altar-de-pergamo-en-berlin\\\/#listItem\",\"position\":3,\"name\":\"\\u00daltima oportunidad en cinco a\\u00f1os para visitar el altar de P\\u00e9rgamo en Berl\\u00edn\",\"previousItem\":{\"@type\":\"ListItem\",\"@id\":\"https:\\\/\\\/www.eldigitaldeasturias.com\\\/noticias\\\/category\\\/turismo\\\/#listItem\",\"name\":\"Turismo\"}}]},{\"@type\":\"Organization\",\"@id\":\"https:\\\/\\\/www.eldigitaldeasturias.com\\\/noticias\\\/#organization\",\"name\":\"El Digital de Asturias\",\"description\":\"Hemeroteca\",\"url\":\"https:\\\/\\\/www.eldigitaldeasturias.com\\\/noticias\\\/\",\"email\":\"info@eldigitaldeasturias.com\",\"telephone\":\"+34652131393\",\"logo\":{\"@type\":\"ImageObject\",\"url\":\"https:\\\/\\\/www.eldigitaldeasturias.com\\\/noticias\\\/wp-content\\\/uploads\\\/2020\\\/12\\\/EDA.jpg\",\"@id\":\"https:\\\/\\\/www.eldigitaldeasturias.com\\\/noticias\\\/ultima-oportunidad-en-cinco-anos-para-visitar-el-altar-de-pergamo-en-berlin\\\/#organizationLogo\",\"width\":649,\"height\":297},\"image\":{\"@id\":\"https:\\\/\\\/www.eldigitaldeasturias.com\\\/noticias\\\/ultima-oportunidad-en-cinco-anos-para-visitar-el-altar-de-pergamo-en-berlin\\\/#organizationLogo\"},\"sameAs\":[\"https:\\\/\\\/facebook.com\\\/eldigitaldeasturias\",\"https:\\\/\\\/www.youtube.com\\\/channel\\\/UCZP-2wLEB9Rv6erhFmqVnvg\"],\"address\":{\"@id\":\"https:\\\/\\\/www.eldigitaldeasturias.com\\\/noticias\\\/#postaladdress\",\"@type\":\"PostalAddress\",\"streetAddress\":\"san antonio 4,\",\"postalCode\":\"33430\",\"addressLocality\":\"Cand\\u00e1s\",\"addressRegion\":\"Asturias\",\"addressCountry\":\"ES\"}},{\"@type\":\"Person\",\"@id\":\"https:\\\/\\\/www.eldigitaldeasturias.com\\\/noticias\\\/author\\\/admin\\\/#author\",\"url\":\"https:\\\/\\\/www.eldigitaldeasturias.com\\\/noticias\\\/author\\\/admin\\\/\",\"name\":\"El Digital de Asturias\",\"image\":{\"@type\":\"ImageObject\",\"@id\":\"https:\\\/\\\/www.eldigitaldeasturias.com\\\/noticias\\\/ultima-oportunidad-en-cinco-anos-para-visitar-el-altar-de-pergamo-en-berlin\\\/#authorImage\",\"url\":\"https:\\\/\\\/www.eldigitaldeasturias.com\\\/noticias\\\/wp-content\\\/litespeed\\\/avatar\\\/18677e78aa0546b92d9dbf31ec7d7668.jpg?ver=1777290358\",\"width\":96,\"height\":96,\"caption\":\"El Digital de Asturias\"}},{\"@type\":\"WebPage\",\"@id\":\"https:\\\/\\\/www.eldigitaldeasturias.com\\\/noticias\\\/ultima-oportunidad-en-cinco-anos-para-visitar-el-altar-de-pergamo-en-berlin\\\/#webpage\",\"url\":\"https:\\\/\\\/www.eldigitaldeasturias.com\\\/noticias\\\/ultima-oportunidad-en-cinco-anos-para-visitar-el-altar-de-pergamo-en-berlin\\\/\",\"name\":\"\\u00daltima oportunidad en cinco a\\u00f1os para visitar el altar de P\\u00e9rgamo en Berl\\u00edn - El Digital de Asturias\",\"description\":\"Berl\\u00edn, 28 sep (EFE).- Varios miles de personas aprovecharon hoy la \\u00faltima oportunidad en al menos un lustro para contemplar el impresionante altar de P\\u00e9rgamo, joya del hom\\u00f3nimo museo berlin\\u00e9s, que se someter\\u00e1 a partir de ma\\u00f1ana a una intensa rehabilitaci\\u00f3n. Sobre las 15.00 horas (13.00 GMT) la cola que serpenteaba fuera del Museo de\",\"inLanguage\":\"es-ES\",\"isPartOf\":{\"@id\":\"https:\\\/\\\/www.eldigitaldeasturias.com\\\/noticias\\\/#website\"},\"breadcrumb\":{\"@id\":\"https:\\\/\\\/www.eldigitaldeasturias.com\\\/noticias\\\/ultima-oportunidad-en-cinco-anos-para-visitar-el-altar-de-pergamo-en-berlin\\\/#breadcrumblist\"},\"author\":{\"@id\":\"https:\\\/\\\/www.eldigitaldeasturias.com\\\/noticias\\\/author\\\/admin\\\/#author\"},\"creator\":{\"@id\":\"https:\\\/\\\/www.eldigitaldeasturias.com\\\/noticias\\\/author\\\/admin\\\/#author\"},\"image\":{\"@type\":\"ImageObject\",\"url\":\"https:\\\/\\\/www.eldigitaldeasturias.com\\\/noticias\\\/wp-content\\\/uploads\\\/2014\\\/09\\\/6688156w.jpg\",\"@id\":\"https:\\\/\\\/www.eldigitaldeasturias.com\\\/noticias\\\/ultima-oportunidad-en-cinco-anos-para-visitar-el-altar-de-pergamo-en-berlin\\\/#mainImage\",\"width\":800,\"height\":375},\"primaryImageOfPage\":{\"@id\":\"https:\\\/\\\/www.eldigitaldeasturias.com\\\/noticias\\\/ultima-oportunidad-en-cinco-anos-para-visitar-el-altar-de-pergamo-en-berlin\\\/#mainImage\"},\"datePublished\":\"2014-09-28T18:25:05+02:00\",\"dateModified\":\"2014-09-28T18:25:05+02:00\"},{\"@type\":\"WebSite\",\"@id\":\"https:\\\/\\\/www.eldigitaldeasturias.com\\\/noticias\\\/#website\",\"url\":\"https:\\\/\\\/www.eldigitaldeasturias.com\\\/noticias\\\/\",\"name\":\"El Digital de Asturias - Diario de actualidad y noticias\",\"alternateName\":\"El Digital de Asturias - Diario de actualidad y noticias\",\"description\":\"Hemeroteca\",\"inLanguage\":\"es-ES\",\"publisher\":{\"@id\":\"https:\\\/\\\/www.eldigitaldeasturias.com\\\/noticias\\\/#organization\"}}]}\n\t\t<\/script>\n\t\t<!-- All in One SEO Pro -->\r\n\t\t<title>\u00daltima oportunidad en cinco a\u00f1os para visitar el altar de P\u00e9rgamo en Berl\u00edn - El Digital de Asturias<\/title>\n\n","aioseo_head_json":{"title":"\u00daltima oportunidad en cinco a\u00f1os para visitar el altar de P\u00e9rgamo en Berl\u00edn - El Digital de Asturias","description":"Berl\u00edn, 28 sep (EFE).- Varios miles de personas aprovecharon hoy la \u00faltima oportunidad en al menos un lustro para contemplar el impresionante altar de P\u00e9rgamo, joya del hom\u00f3nimo museo berlin\u00e9s, que se someter\u00e1 a partir de ma\u00f1ana a una intensa rehabilitaci\u00f3n. Sobre las 15.00 horas (13.00 GMT) la cola que serpenteaba fuera del Museo de","canonical_url":"https:\/\/www.eldigitaldeasturias.com\/noticias\/ultima-oportunidad-en-cinco-anos-para-visitar-el-altar-de-pergamo-en-berlin\/","robots":"max-image-preview:large","keywords":"turismo","webmasterTools":{"google-site-verification":"UA-38556648-1","msvalidate.01":"7dfe9f3f1b24437ab69f4f2559babe99","miscellaneous":""},"schema":{"@context":"https:\/\/schema.org","@graph":[{"@type":"BlogPosting","@id":"https:\/\/www.eldigitaldeasturias.com\/noticias\/ultima-oportunidad-en-cinco-anos-para-visitar-el-altar-de-pergamo-en-berlin\/#blogposting","name":"\u00daltima oportunidad en cinco a\u00f1os para visitar el altar de P\u00e9rgamo en Berl\u00edn - El Digital de Asturias","headline":"\u00daltima oportunidad en cinco a\u00f1os para visitar el altar de P\u00e9rgamo en Berl\u00edn","author":{"@id":"https:\/\/www.eldigitaldeasturias.com\/noticias\/author\/admin\/#author"},"publisher":{"@id":"https:\/\/www.eldigitaldeasturias.com\/noticias\/#organization"},"image":{"@type":"ImageObject","url":"https:\/\/www.eldigitaldeasturias.com\/noticias\/wp-content\/uploads\/2014\/09\/6688156w.jpg","width":800,"height":375},"datePublished":"2014-09-28T18:25:05+02:00","dateModified":"2014-09-28T18:25:05+02:00","inLanguage":"es-ES","mainEntityOfPage":{"@id":"https:\/\/www.eldigitaldeasturias.com\/noticias\/ultima-oportunidad-en-cinco-anos-para-visitar-el-altar-de-pergamo-en-berlin\/#webpage"},"isPartOf":{"@id":"https:\/\/www.eldigitaldeasturias.com\/noticias\/ultima-oportunidad-en-cinco-anos-para-visitar-el-altar-de-pergamo-en-berlin\/#webpage"},"articleSection":"Turismo"},{"@type":"BreadcrumbList","@id":"https:\/\/www.eldigitaldeasturias.com\/noticias\/ultima-oportunidad-en-cinco-anos-para-visitar-el-altar-de-pergamo-en-berlin\/#breadcrumblist","itemListElement":[{"@type":"ListItem","@id":"https:\/\/www.eldigitaldeasturias.com\/noticias#listItem","position":1,"name":"Home","item":"https:\/\/www.eldigitaldeasturias.com\/noticias","nextItem":{"@type":"ListItem","@id":"https:\/\/www.eldigitaldeasturias.com\/noticias\/category\/turismo\/#listItem","name":"Turismo"}},{"@type":"ListItem","@id":"https:\/\/www.eldigitaldeasturias.com\/noticias\/category\/turismo\/#listItem","position":2,"name":"Turismo","item":"https:\/\/www.eldigitaldeasturias.com\/noticias\/category\/turismo\/","nextItem":{"@type":"ListItem","@id":"https:\/\/www.eldigitaldeasturias.com\/noticias\/ultima-oportunidad-en-cinco-anos-para-visitar-el-altar-de-pergamo-en-berlin\/#listItem","name":"\u00daltima oportunidad en cinco a\u00f1os para visitar el altar de P\u00e9rgamo en Berl\u00edn"},"previousItem":{"@type":"ListItem","@id":"https:\/\/www.eldigitaldeasturias.com\/noticias#listItem","name":"Home"}},{"@type":"ListItem","@id":"https:\/\/www.eldigitaldeasturias.com\/noticias\/ultima-oportunidad-en-cinco-anos-para-visitar-el-altar-de-pergamo-en-berlin\/#listItem","position":3,"name":"\u00daltima oportunidad en cinco a\u00f1os para visitar el altar de P\u00e9rgamo en Berl\u00edn","previousItem":{"@type":"ListItem","@id":"https:\/\/www.eldigitaldeasturias.com\/noticias\/category\/turismo\/#listItem","name":"Turismo"}}]},{"@type":"Organization","@id":"https:\/\/www.eldigitaldeasturias.com\/noticias\/#organization","name":"El Digital de Asturias","description":"Hemeroteca","url":"https:\/\/www.eldigitaldeasturias.com\/noticias\/","email":"info@eldigitaldeasturias.com","telephone":"+34652131393","logo":{"@type":"ImageObject","url":"https:\/\/www.eldigitaldeasturias.com\/noticias\/wp-content\/uploads\/2020\/12\/EDA.jpg","@id":"https:\/\/www.eldigitaldeasturias.com\/noticias\/ultima-oportunidad-en-cinco-anos-para-visitar-el-altar-de-pergamo-en-berlin\/#organizationLogo","width":649,"height":297},"image":{"@id":"https:\/\/www.eldigitaldeasturias.com\/noticias\/ultima-oportunidad-en-cinco-anos-para-visitar-el-altar-de-pergamo-en-berlin\/#organizationLogo"},"sameAs":["https:\/\/facebook.com\/eldigitaldeasturias","https:\/\/www.youtube.com\/channel\/UCZP-2wLEB9Rv6erhFmqVnvg"],"address":{"@id":"https:\/\/www.eldigitaldeasturias.com\/noticias\/#postaladdress","@type":"PostalAddress","streetAddress":"san antonio 4,","postalCode":"33430","addressLocality":"Cand\u00e1s","addressRegion":"Asturias","addressCountry":"ES"}},{"@type":"Person","@id":"https:\/\/www.eldigitaldeasturias.com\/noticias\/author\/admin\/#author","url":"https:\/\/www.eldigitaldeasturias.com\/noticias\/author\/admin\/","name":"El Digital de Asturias","image":{"@type":"ImageObject","@id":"https:\/\/www.eldigitaldeasturias.com\/noticias\/ultima-oportunidad-en-cinco-anos-para-visitar-el-altar-de-pergamo-en-berlin\/#authorImage","url":"https:\/\/www.eldigitaldeasturias.com\/noticias\/wp-content\/litespeed\/avatar\/18677e78aa0546b92d9dbf31ec7d7668.jpg?ver=1777290358","width":96,"height":96,"caption":"El Digital de Asturias"}},{"@type":"WebPage","@id":"https:\/\/www.eldigitaldeasturias.com\/noticias\/ultima-oportunidad-en-cinco-anos-para-visitar-el-altar-de-pergamo-en-berlin\/#webpage","url":"https:\/\/www.eldigitaldeasturias.com\/noticias\/ultima-oportunidad-en-cinco-anos-para-visitar-el-altar-de-pergamo-en-berlin\/","name":"\u00daltima oportunidad en cinco a\u00f1os para visitar el altar de P\u00e9rgamo en Berl\u00edn - El Digital de Asturias","description":"Berl\u00edn, 28 sep (EFE).- Varios miles de personas aprovecharon hoy la \u00faltima oportunidad en al menos un lustro para contemplar el impresionante altar de P\u00e9rgamo, joya del hom\u00f3nimo museo berlin\u00e9s, que se someter\u00e1 a partir de ma\u00f1ana a una intensa rehabilitaci\u00f3n. Sobre las 15.00 horas (13.00 GMT) la cola que serpenteaba fuera del Museo de","inLanguage":"es-ES","isPartOf":{"@id":"https:\/\/www.eldigitaldeasturias.com\/noticias\/#website"},"breadcrumb":{"@id":"https:\/\/www.eldigitaldeasturias.com\/noticias\/ultima-oportunidad-en-cinco-anos-para-visitar-el-altar-de-pergamo-en-berlin\/#breadcrumblist"},"author":{"@id":"https:\/\/www.eldigitaldeasturias.com\/noticias\/author\/admin\/#author"},"creator":{"@id":"https:\/\/www.eldigitaldeasturias.com\/noticias\/author\/admin\/#author"},"image":{"@type":"ImageObject","url":"https:\/\/www.eldigitaldeasturias.com\/noticias\/wp-content\/uploads\/2014\/09\/6688156w.jpg","@id":"https:\/\/www.eldigitaldeasturias.com\/noticias\/ultima-oportunidad-en-cinco-anos-para-visitar-el-altar-de-pergamo-en-berlin\/#mainImage","width":800,"height":375},"primaryImageOfPage":{"@id":"https:\/\/www.eldigitaldeasturias.com\/noticias\/ultima-oportunidad-en-cinco-anos-para-visitar-el-altar-de-pergamo-en-berlin\/#mainImage"},"datePublished":"2014-09-28T18:25:05+02:00","dateModified":"2014-09-28T18:25:05+02:00"},{"@type":"WebSite","@id":"https:\/\/www.eldigitaldeasturias.com\/noticias\/#website","url":"https:\/\/www.eldigitaldeasturias.com\/noticias\/","name":"El Digital de Asturias - Diario de actualidad y noticias","alternateName":"El Digital de Asturias - Diario de actualidad y noticias","description":"Hemeroteca","inLanguage":"es-ES","publisher":{"@id":"https:\/\/www.eldigitaldeasturias.com\/noticias\/#organization"}}]},"og:locale":"es_ES","og:site_name":"El Digital de Asturias","og:type":"article","og:title":"\u00daltima oportunidad en cinco a\u00f1os para visitar el altar de P\u00e9rgamo en Berl\u00edn - El Digital de Asturias","og:description":"Berl\u00edn, 28 sep (EFE).- Varios miles de personas aprovecharon hoy la \u00faltima oportunidad en al menos un lustro para contemplar el impresionante altar de P\u00e9rgamo, joya del hom\u00f3nimo museo berlin\u00e9s, que se someter\u00e1 a partir de ma\u00f1ana a una intensa rehabilitaci\u00f3n. Sobre las 15.00 horas (13.00 GMT) la cola que serpenteaba fuera del Museo de","og:url":"https:\/\/www.eldigitaldeasturias.com\/noticias\/ultima-oportunidad-en-cinco-anos-para-visitar-el-altar-de-pergamo-en-berlin\/","og:image":"https:\/\/www.eldigitaldeasturias.com\/noticias\/wp-content\/uploads\/2014\/09\/6688156w.jpg","og:image:secure_url":"https:\/\/www.eldigitaldeasturias.com\/noticias\/wp-content\/uploads\/2014\/09\/6688156w.jpg","og:image:width":800,"og:image:height":375,"article:tag":["turismo"],"article:published_time":"2014-09-28T16:25:05+00:00","article:modified_time":"2014-09-28T16:25:05+00:00","article:publisher":"https:\/\/facebook.com\/eldigitaldeasturias","twitter:card":"summary_large_image","twitter:title":"\u00daltima oportunidad en cinco a\u00f1os para visitar el altar de P\u00e9rgamo en Berl\u00edn - El Digital de Asturias","twitter:description":"Berl\u00edn, 28 sep (EFE).- Varios miles de personas aprovecharon hoy la \u00faltima oportunidad en al menos un lustro para contemplar el impresionante altar de P\u00e9rgamo, joya del hom\u00f3nimo museo berlin\u00e9s, que se someter\u00e1 a partir de ma\u00f1ana a una intensa rehabilitaci\u00f3n. Sobre las 15.00 horas (13.00 GMT) la cola que serpenteaba fuera del Museo de","twitter:image":"https:\/\/www.eldigitaldeasturias.com\/noticias\/wp-content\/uploads\/2014\/09\/6688156w.jpg","twitter:label1":"Escrito por","twitter:data1":"El Digital de Asturias","twitter:label2":"Tiempo de lectura estimado","twitter:data2":"4 minutos"},"aioseo_meta_data":{"post_id":"629434","title":null,"description":null,"keywords":null,"keyphrases":null,"primary_term":null,"canonical_url":null,"og_title":null,"og_description":null,"og_object_type":"default","og_image_type":"default","og_image_url":null,"og_image_width":null,"og_image_height":null,"og_image_custom_url":null,"og_image_custom_fields":null,"og_video":null,"og_custom_url":null,"og_article_section":null,"og_article_tags":null,"twitter_use_og":true,"twitter_card":"default","twitter_image_type":"default","twitter_image_url":null,"twitter_image_custom_url":null,"twitter_image_custom_fields":null,"twitter_title":null,"twitter_description":null,"schema":{"blockGraphs":[],"customGraphs":[],"default":{"data":{"Article":[],"Course":[],"Dataset":[],"FAQPage":[],"Movie":[],"Person":[],"Product":[],"ProductReview":[],"Car":[],"Recipe":[],"Service":[],"SoftwareApplication":[],"WebPage":[]},"graphName":"","isEnabled":true},"graphs":[],"defaultGraph":"","defaultPostTypeGraph":""},"schema_type":null,"schema_type_options":null,"pillar_content":false,"robots_default":true,"robots_noindex":false,"robots_noarchive":false,"robots_nosnippet":false,"robots_nofollow":false,"robots_noimageindex":false,"robots_noodp":false,"robots_notranslate":false,"robots_max_snippet":null,"robots_max_videopreview":null,"robots_max_imagepreview":"none","priority":null,"frequency":null,"local_seo":null,"seo_analyzer_scan_date":"2025-09-10 08:56:49","breadcrumb_settings":null,"limit_modified_date":false,"open_ai":null,"ai":null,"created":"2020-11-14 23:43:39","updated":"2025-09-10 08:56:49"},"aioseo_breadcrumb":"<div class=\"aioseo-breadcrumbs\"><span class=\"aioseo-breadcrumb\">\n\t<a href=\"https:\/\/www.eldigitaldeasturias.com\/noticias\" title=\"Home\">Home<\/a>\n<\/span><span class=\"aioseo-breadcrumb-separator\">\u2013<\/span><span class=\"aioseo-breadcrumb\">\n\t<a href=\"https:\/\/www.eldigitaldeasturias.com\/noticias\/category\/turismo\/\" title=\"Turismo\">Turismo<\/a>\n<\/span><span class=\"aioseo-breadcrumb-separator\">\u2013<\/span><span class=\"aioseo-breadcrumb\">\n\t<a href=\"https:\/\/www.eldigitaldeasturias.com\/noticias\/ultima-oportunidad-en-cinco-anos-para-visitar-el-altar-de-pergamo-en-berlin\/\" title=\"\u00daltima oportunidad en cinco a\u00f1os para visitar el altar de P\u00e9rgamo en Berl\u00edn\">\u00daltima oportunidad en cinco a\u00f1os para visitar el altar de P\u00e9rgamo en Berl\u00edn<\/a>\n<\/span><\/div>","aioseo_breadcrumb_json":[{"label":"Home","link":"https:\/\/www.eldigitaldeasturias.com\/noticias"},{"label":"Turismo","link":"https:\/\/www.eldigitaldeasturias.com\/noticias\/category\/turismo\/"},{"label":"\u00daltima oportunidad en cinco a\u00f1os para visitar el altar de P\u00e9rgamo en Berl\u00edn","link":"https:\/\/www.eldigitaldeasturias.com\/noticias\/ultima-oportunidad-en-cinco-anos-para-visitar-el-altar-de-pergamo-en-berlin\/"}],"_links":{"self":[{"href":"https:\/\/www.eldigitaldeasturias.com\/noticias\/wp-json\/wp\/v2\/posts\/629434","targetHints":{"allow":["GET"]}}],"collection":[{"href":"https:\/\/www.eldigitaldeasturias.com\/noticias\/wp-json\/wp\/v2\/posts"}],"about":[{"href":"https:\/\/www.eldigitaldeasturias.com\/noticias\/wp-json\/wp\/v2\/types\/post"}],"author":[{"embeddable":true,"href":"https:\/\/www.eldigitaldeasturias.com\/noticias\/wp-json\/wp\/v2\/users\/1"}],"replies":[{"embeddable":true,"href":"https:\/\/www.eldigitaldeasturias.com\/noticias\/wp-json\/wp\/v2\/comments?post=629434"}],"version-history":[{"count":0,"href":"https:\/\/www.eldigitaldeasturias.com\/noticias\/wp-json\/wp\/v2\/posts\/629434\/revisions"}],"wp:featuredmedia":[{"embeddable":true,"href":"https:\/\/www.eldigitaldeasturias.com\/noticias\/wp-json\/wp\/v2\/media\/629435"}],"wp:attachment":[{"href":"https:\/\/www.eldigitaldeasturias.com\/noticias\/wp-json\/wp\/v2\/media?parent=629434"}],"wp:term":[{"taxonomy":"category","embeddable":true,"href":"https:\/\/www.eldigitaldeasturias.com\/noticias\/wp-json\/wp\/v2\/categories?post=629434"},{"taxonomy":"post_tag","embeddable":true,"href":"https:\/\/www.eldigitaldeasturias.com\/noticias\/wp-json\/wp\/v2\/tags?post=629434"}],"curies":[{"name":"wp","href":"https:\/\/api.w.org\/{rel}","templated":true}]}}