{"id":577381,"date":"2014-08-08T13:03:02","date_gmt":"2014-08-08T15:03:02","guid":{"rendered":"http:\/\/www.eldigitaldeasturias.com\/noticias\/?p=577381"},"modified":"2014-08-08T13:03:02","modified_gmt":"2014-08-08T15:03:02","slug":"la-agenda-del-trotamundos-noticias-y-propuestas-para-gente-viajera","status":"publish","type":"post","link":"https:\/\/www.eldigitaldeasturias.com\/noticias\/la-agenda-del-trotamundos-noticias-y-propuestas-para-gente-viajera\/","title":{"rendered":"La Agenda del Trotamundos, noticias y propuestas para gente viajera."},"content":{"rendered":"<p><img loading=\"lazy\" decoding=\"async\" class=\"alignleft size-medium wp-image-440724\" alt=\"Turismo1I_redimensionar\" src=\"https:\/\/www.eldigitaldeasturias.com\/noticias\/wp-content\/uploads\/2013\/10\/Turismo1I_redimensionar-360x238.jpg\" width=\"360\" height=\"238\" srcset=\"https:\/\/www.eldigitaldeasturias.com\/noticias\/wp-content\/uploads\/2013\/10\/Turismo1I_redimensionar-360x238.jpg 360w, https:\/\/www.eldigitaldeasturias.com\/noticias\/wp-content\/uploads\/2013\/10\/Turismo1I_redimensionar-220x146.jpg 220w, https:\/\/www.eldigitaldeasturias.com\/noticias\/wp-content\/uploads\/2013\/10\/Turismo1I_redimensionar.jpg 496w\" sizes=\"auto, (max-width: 360px) 100vw, 360px\" \/>dpa- En comparaci\u00f3n con otras metr\u00f3polis internacionales, los taxis en Z\u00farich son los m\u00e1s caros, seg\u00fan se desprende de un estudio actual de la consultora Simon, Kucher &amp; Partners. Quien toma un taxi en la ciudad suiza tiene que pagar por un viaje de tres kil\u00f3metros 14,33 euros (19,15 d\u00f3lares). En \u00c1msterdam, que figura en segundo lugar, los taxis cobran por la misma distancia 9,25 euros (12,36 d\u00f3lares), o sea, unos cinco euros menos. El tercer lugar lo ocupa M\u00fanich con 8,90 euros (11,89 d\u00f3lares), seguido de Londres con 8,88 euros (11,87 d\u00f3lares). El taxi en Berl\u00edn cuesta 8,77 euros (11,85 d\u00f3lares). Los autores del estudio se\u00f1alan como paradoja interesante que un alto coste de la vida no necesariamente repercute en los precios de los taxis. Por ejemplo, en las metr\u00f3polis de Nueva York y Singapur, donde los precios suelen ser muy altos, viajar en taxi es bastante m\u00e1s barato que en Z\u00farich: 5,25 euros (7,02 d\u00f3lares) en Nueva York y 2,75 euros (3,68 en Singapur). La capital m\u00e1s barata es Bangkok, donde los taxistas solo cobran 1,14 euros (1,52 d\u00f3lares) por un viaje de tres kil\u00f3metros. Para su estudio, Simon, Kucher &amp; Partners investig\u00f3 las tarifas de taxis en 18 metr\u00f3polis con una infraestructura parecida para el transporte p\u00fablico urbano.<\/p>\n<p>VENECIA SUBE LAS TASAS POR PERNOCTACI\u00d3N<\/p>\n<p>Venecia aumentar\u00e1 a partir de 1 de octubre la tasa tur\u00edstica por pernoctaci\u00f3n. A partir de ese d\u00eda, los turistas tendr\u00e1n que pagar 50 c\u00e9ntimos de euro (67 centavos de d\u00f3lar) m\u00e1s por cada pernoctaci\u00f3n, inform\u00f3 la agencia italiana de turismo Enit. Los hu\u00e9spedes de hoteles de tres estrellas pagar\u00e1n 3,50 euros (4,68 d\u00f3lares) por pernoctaci\u00f3n en vez de tres euros. La tasa para hoteles de cuatro estrellas subir\u00e1 a 4,50 euros (6,01 d\u00f3lares). Venecia hab\u00eda introducido la tasa de pernoctaci\u00f3n en 2011 y desde entonces no la hab\u00eda aumentado.<\/p>\n<p>RESTRICCIONES PARA TURISTAS EN CALIFORNIA POR INCENDIOS FORESTALES<\/p>\n<p>A los turistas que viajen a California les esperan ciertas restricciones: los 17 incendios forestales que se registran actualmente en ese estado norteamericano ya han motivado el cierre de numerosas carreteras nacionales y rurales y amenazan con afectar la infraestructura del estado, tales como las centrales el\u00e9ctricas. Cientos de personas ya han sido evacuadas. Los persistentes incendios tambi\u00e9n afectan a la calidad del aire, por lo que el gobernador Edmund G. Brown ha decretado el estado de emergencia. Los habitantes y los turistas tienen que seguir las instrucciones de los equipos de rescate. Debido a la extrema sequ\u00eda, es necesario extremar las medidas de precauci\u00f3n cuando se hace fuego al aire libre. En amplias zonas del norte de California rige ya el m\u00e1ximo nivel de alerta por incendios. En virtud de ello est\u00e1 prohibido transitar en veh\u00edculo por pastizales secos y tirar al suelo colillas de cigarros, inform\u00f3 la agencia de seguridad californiana Cal Fire. Las fogatas solo est\u00e1n permitidas en los sitios se\u00f1alados como tales.<\/p>\n<p>ESPECT\u00c1CULO A\u00c9REO EN LOS ALPES SUIZOS<\/p>\n<p>Con ocasi\u00f3n del primer centenario de la fundaci\u00f3n de la Fuerza A\u00e9rea de Suiza habr\u00e1 los d\u00edas 30 y 31 de agosto, as\u00ed como el 6 y el 7 de septiembre un gran espect\u00e1culo a\u00e9reo. Durante el \u00abAir14\u00bb se realizar\u00e1n numerosos eventos en la mayor base a\u00e9rea de Suiza, en Payerne, y se exhibir\u00e1n modelos hist\u00f3ricos de aviones en los hangares. La exposici\u00f3n estar\u00e1 abierta independientemente de las condiciones meteorol\u00f3gicas, no as\u00ed el programa de vuelos: si el tiempo est\u00e1 mal, s\u00f3lo se realizar\u00e1n vuelos a baja altura y presentaciones de helic\u00f3pteros, informaron los organizadores. Con buen tiempo, varios equipos internacionales demostrar\u00e1n sus habilidades en todos los niveles de altura. La entrada cuesta 22 francos suizos por d\u00eda (18 euros o 24 d\u00f3lares) para adultos y diez francos suizos (8,25 euros o 11 d\u00f3lares) para ni\u00f1os.<\/p>\n<p>SUBASTA DE CUADROS B\u00c1LTICOS EN AHRENSHOOP<\/p>\n<p>Las olas del mar B\u00e1ltico siempre han inspirado a muchos artistas. Las acuarelas, bocetos y pinturas al \u00f3leo de la costa, el mar y la playa son souvenirs muy solicitados durante las vacaciones. Ahora, los turistas tienen la oportunidad de ver de cerca e incluso comprar motivos de artistas locales como \u00abDespu\u00e9s de la pesca\u00bb, \u00abEn el puerto pesquero\u00bb o \u00abAcantilado\u00bb durante una subasta en el Kunsthaus de la localidad alemana de Ahrenshoop, inform\u00f3 la oficina de turismo del estado de Mecklemburgo-Pomerania Occidental. A los visitantes de la subasta se les ofrece un panorama de los aspectos pict\u00f3ricos del mar B\u00e1ltico. Sin embargo, los precios de salida, que van desde algunos cientos hasta varios miles de euros, pueden resultar a no pocos turistas demasiado altos para su presupuesto de gastos para el verano.<\/p>\n<p>FIESTA DEL VINO EN MADEIRA<\/p>\n<p>Baile, canto, cultura y mucho vino es lo que promete el Festival del Vino en Madeira, que se llevar\u00e1 a cabo del 31 de agosto al 7 de septiembre en esta isla portuguesa del Atl\u00e1ntico. Uno de los momentos culminantes de los festejos es la tradicional vendimia y pisada de uvas en la localidad de Estreito de C\u00e2mera de Lobos. Est\u00e1 situada en la principal zona vitivin\u00edcola de Madeira. El vino es uno de los principales productos de exportaci\u00f3n de la isla. Durante la vendimia, los turistas tendr\u00e1n la oportunidad de conocer las costumbres y tradiciones centenarias de los viticultores de la isla, inform\u00f3 la oficina de turismo de Portugal. La vendimia comienza a finales de agosto y dura normalmente seis semanas.<\/p>\n<p>FESTIVAL DE ARTESAN\u00cdA EN AL AIN<\/p>\n<p>Los turistas que visiten la ciudad de Al Ain, situada en una oasis del emirato de Abu Dhabi, podr\u00e1n contemplar del 23 al 29 de octubre el trabajo de artistas y artesanos locales. Tambi\u00e9n habr\u00e1 talleres donde incluso podr\u00e1n aprender los antiguos conocimientos de los cocineros, tejedores, m\u00fasicos, pintores y herreros art\u00edsticos del emirato, inform\u00f3 la oficina de turismo de Abu Dhabi. A los ni\u00f1os se les ofrecer\u00e1n competiciones de bailes cl\u00e1sicos, as\u00ed como talleres para que aprendan a tocar instrumentos de m\u00fasica cl\u00e1sicos. Durante toda la semana del festival habr\u00e1 actuaciones de m\u00fasicos populares y grupos de baile locales.<\/p>\n<p>&nbsp;<\/p>\n","protected":false},"excerpt":{"rendered":"<p>dpa- En comparaci\u00f3n con otras metr\u00f3polis internacionales, los taxis en Z\u00farich son los m\u00e1s caros, seg\u00fan se desprende de un estudio actual de la consultora Simon, Kucher &amp; Partners. Quien toma un taxi en la ciudad suiza tiene que pagar por un viaje de tres kil\u00f3metros 14,33 euros (19,15 d\u00f3lares). En \u00c1msterdam, que figura en [&hellip;]<\/p>\n","protected":false},"author":1,"featured_media":440724,"comment_status":"closed","ping_status":"closed","sticky":false,"template":"","format":"standard","meta":{"footnotes":""},"categories":[148],"tags":[],"class_list":["post-577381","post","type-post","status-publish","format-standard","has-post-thumbnail","hentry","category-turismo"],"aioseo_notices":[],"aioseo_head":"\n\t\t<!-- All in One SEO Pro 4.9.6.2 - aioseo.com -->\n\t<meta name=\"description\" content=\"dpa- En comparaci\u00f3n con otras metr\u00f3polis internacionales, los taxis en Z\u00farich son los m\u00e1s caros, seg\u00fan se desprende de un estudio actual de la consultora Simon, Kucher &amp; Partners. Quien toma un taxi en la ciudad suiza tiene que pagar por un viaje de tres kil\u00f3metros 14,33 euros (19,15 d\u00f3lares). En \u00c1msterdam, que figura en\" \/>\n\t<meta name=\"robots\" content=\"max-image-preview:large\" \/>\n\t<meta name=\"author\" content=\"El Digital de Asturias\"\/>\n\t<meta name=\"google-site-verification\" content=\"UA-38556648-1\" \/>\n\t<meta name=\"msvalidate.01\" content=\"7dfe9f3f1b24437ab69f4f2559babe99\" \/>\n\t<meta name=\"keywords\" content=\"turismo\" \/>\n\t<link rel=\"canonical\" href=\"https:\/\/www.eldigitaldeasturias.com\/noticias\/la-agenda-del-trotamundos-noticias-y-propuestas-para-gente-viajera\/\" \/>\n\t<meta name=\"generator\" content=\"All in One SEO Pro (AIOSEO) 4.9.6.2\" \/>\n\t\t<meta property=\"og:locale\" content=\"es_ES\" \/>\n\t\t<meta property=\"og:site_name\" content=\"El Digital de Asturias\" \/>\n\t\t<meta property=\"og:type\" content=\"article\" \/>\n\t\t<meta property=\"og:title\" content=\"La Agenda del Trotamundos, noticias y propuestas para gente viajera. - El Digital de Asturias\" \/>\n\t\t<meta property=\"og:description\" content=\"dpa- En comparaci\u00f3n con otras metr\u00f3polis internacionales, los taxis en Z\u00farich son los m\u00e1s caros, seg\u00fan se desprende de un estudio actual de la consultora Simon, Kucher &amp; Partners. Quien toma un taxi en la ciudad suiza tiene que pagar por un viaje de tres kil\u00f3metros 14,33 euros (19,15 d\u00f3lares). En \u00c1msterdam, que figura en\" \/>\n\t\t<meta property=\"og:url\" content=\"https:\/\/www.eldigitaldeasturias.com\/noticias\/la-agenda-del-trotamundos-noticias-y-propuestas-para-gente-viajera\/\" \/>\n\t\t<meta property=\"og:image\" content=\"https:\/\/www.eldigitaldeasturias.com\/noticias\/wp-content\/uploads\/2013\/10\/Turismo1I_redimensionar.jpg\" \/>\n\t\t<meta property=\"og:image:secure_url\" content=\"https:\/\/www.eldigitaldeasturias.com\/noticias\/wp-content\/uploads\/2013\/10\/Turismo1I_redimensionar.jpg\" \/>\n\t\t<meta property=\"og:image:width\" content=\"496\" \/>\n\t\t<meta property=\"og:image:height\" content=\"329\" \/>\n\t\t<meta property=\"article:tag\" content=\"turismo\" \/>\n\t\t<meta property=\"article:published_time\" content=\"2014-08-08T15:03:02+00:00\" \/>\n\t\t<meta property=\"article:modified_time\" content=\"2014-08-08T15:03:02+00:00\" \/>\n\t\t<meta property=\"article:publisher\" content=\"https:\/\/facebook.com\/eldigitaldeasturias\" \/>\n\t\t<meta name=\"twitter:card\" content=\"summary_large_image\" \/>\n\t\t<meta name=\"twitter:title\" content=\"La Agenda del Trotamundos, noticias y propuestas para gente viajera. - El Digital de Asturias\" \/>\n\t\t<meta name=\"twitter:description\" content=\"dpa- En comparaci\u00f3n con otras metr\u00f3polis internacionales, los taxis en Z\u00farich son los m\u00e1s caros, seg\u00fan se desprende de un estudio actual de la consultora Simon, Kucher &amp; Partners. Quien toma un taxi en la ciudad suiza tiene que pagar por un viaje de tres kil\u00f3metros 14,33 euros (19,15 d\u00f3lares). En \u00c1msterdam, que figura en\" \/>\n\t\t<meta name=\"twitter:image\" content=\"https:\/\/www.eldigitaldeasturias.com\/noticias\/wp-content\/uploads\/2013\/10\/Turismo1I_redimensionar.jpg\" \/>\n\t\t<meta name=\"twitter:label1\" content=\"Escrito por\" \/>\n\t\t<meta name=\"twitter:data1\" content=\"El Digital de Asturias\" \/>\n\t\t<meta name=\"twitter:label2\" content=\"Tiempo de lectura estimado\" \/>\n\t\t<meta name=\"twitter:data2\" content=\"5 minutos\" \/>\n\t\t<script type=\"application\/ld+json\" class=\"aioseo-schema\">\n\t\t\t{\"@context\":\"https:\\\/\\\/schema.org\",\"@graph\":[{\"@type\":\"BlogPosting\",\"@id\":\"https:\\\/\\\/www.eldigitaldeasturias.com\\\/noticias\\\/la-agenda-del-trotamundos-noticias-y-propuestas-para-gente-viajera\\\/#blogposting\",\"name\":\"La Agenda del Trotamundos, noticias y propuestas para gente viajera. - El Digital de Asturias\",\"headline\":\"La Agenda del Trotamundos, noticias y propuestas para gente viajera.\",\"author\":{\"@id\":\"https:\\\/\\\/www.eldigitaldeasturias.com\\\/noticias\\\/author\\\/admin\\\/#author\"},\"publisher\":{\"@id\":\"https:\\\/\\\/www.eldigitaldeasturias.com\\\/noticias\\\/#organization\"},\"image\":{\"@type\":\"ImageObject\",\"url\":\"https:\\\/\\\/www.eldigitaldeasturias.com\\\/noticias\\\/wp-content\\\/uploads\\\/2013\\\/10\\\/Turismo1I_redimensionar.jpg\",\"width\":496,\"height\":329},\"datePublished\":\"2014-08-08T13:03:02+02:00\",\"dateModified\":\"2014-08-08T13:03:02+02:00\",\"inLanguage\":\"es-ES\",\"mainEntityOfPage\":{\"@id\":\"https:\\\/\\\/www.eldigitaldeasturias.com\\\/noticias\\\/la-agenda-del-trotamundos-noticias-y-propuestas-para-gente-viajera\\\/#webpage\"},\"isPartOf\":{\"@id\":\"https:\\\/\\\/www.eldigitaldeasturias.com\\\/noticias\\\/la-agenda-del-trotamundos-noticias-y-propuestas-para-gente-viajera\\\/#webpage\"},\"articleSection\":\"Turismo\"},{\"@type\":\"BreadcrumbList\",\"@id\":\"https:\\\/\\\/www.eldigitaldeasturias.com\\\/noticias\\\/la-agenda-del-trotamundos-noticias-y-propuestas-para-gente-viajera\\\/#breadcrumblist\",\"itemListElement\":[{\"@type\":\"ListItem\",\"@id\":\"https:\\\/\\\/www.eldigitaldeasturias.com\\\/noticias#listItem\",\"position\":1,\"name\":\"Home\",\"item\":\"https:\\\/\\\/www.eldigitaldeasturias.com\\\/noticias\",\"nextItem\":{\"@type\":\"ListItem\",\"@id\":\"https:\\\/\\\/www.eldigitaldeasturias.com\\\/noticias\\\/category\\\/turismo\\\/#listItem\",\"name\":\"Turismo\"}},{\"@type\":\"ListItem\",\"@id\":\"https:\\\/\\\/www.eldigitaldeasturias.com\\\/noticias\\\/category\\\/turismo\\\/#listItem\",\"position\":2,\"name\":\"Turismo\",\"item\":\"https:\\\/\\\/www.eldigitaldeasturias.com\\\/noticias\\\/category\\\/turismo\\\/\",\"nextItem\":{\"@type\":\"ListItem\",\"@id\":\"https:\\\/\\\/www.eldigitaldeasturias.com\\\/noticias\\\/la-agenda-del-trotamundos-noticias-y-propuestas-para-gente-viajera\\\/#listItem\",\"name\":\"La Agenda del Trotamundos, noticias y propuestas para gente viajera.\"},\"previousItem\":{\"@type\":\"ListItem\",\"@id\":\"https:\\\/\\\/www.eldigitaldeasturias.com\\\/noticias#listItem\",\"name\":\"Home\"}},{\"@type\":\"ListItem\",\"@id\":\"https:\\\/\\\/www.eldigitaldeasturias.com\\\/noticias\\\/la-agenda-del-trotamundos-noticias-y-propuestas-para-gente-viajera\\\/#listItem\",\"position\":3,\"name\":\"La Agenda del Trotamundos, noticias y propuestas para gente viajera.\",\"previousItem\":{\"@type\":\"ListItem\",\"@id\":\"https:\\\/\\\/www.eldigitaldeasturias.com\\\/noticias\\\/category\\\/turismo\\\/#listItem\",\"name\":\"Turismo\"}}]},{\"@type\":\"Organization\",\"@id\":\"https:\\\/\\\/www.eldigitaldeasturias.com\\\/noticias\\\/#organization\",\"name\":\"El Digital de Asturias\",\"description\":\"Hemeroteca\",\"url\":\"https:\\\/\\\/www.eldigitaldeasturias.com\\\/noticias\\\/\",\"email\":\"info@eldigitaldeasturias.com\",\"telephone\":\"+34652131393\",\"logo\":{\"@type\":\"ImageObject\",\"url\":\"https:\\\/\\\/www.eldigitaldeasturias.com\\\/noticias\\\/wp-content\\\/uploads\\\/2020\\\/12\\\/EDA.jpg\",\"@id\":\"https:\\\/\\\/www.eldigitaldeasturias.com\\\/noticias\\\/la-agenda-del-trotamundos-noticias-y-propuestas-para-gente-viajera\\\/#organizationLogo\",\"width\":649,\"height\":297},\"image\":{\"@id\":\"https:\\\/\\\/www.eldigitaldeasturias.com\\\/noticias\\\/la-agenda-del-trotamundos-noticias-y-propuestas-para-gente-viajera\\\/#organizationLogo\"},\"sameAs\":[\"https:\\\/\\\/facebook.com\\\/eldigitaldeasturias\",\"https:\\\/\\\/www.youtube.com\\\/channel\\\/UCZP-2wLEB9Rv6erhFmqVnvg\"],\"address\":{\"@id\":\"https:\\\/\\\/www.eldigitaldeasturias.com\\\/noticias\\\/#postaladdress\",\"@type\":\"PostalAddress\",\"streetAddress\":\"san antonio 4,\",\"postalCode\":\"33430\",\"addressLocality\":\"Cand\\u00e1s\",\"addressRegion\":\"Asturias\",\"addressCountry\":\"ES\"}},{\"@type\":\"Person\",\"@id\":\"https:\\\/\\\/www.eldigitaldeasturias.com\\\/noticias\\\/author\\\/admin\\\/#author\",\"url\":\"https:\\\/\\\/www.eldigitaldeasturias.com\\\/noticias\\\/author\\\/admin\\\/\",\"name\":\"El Digital de Asturias\",\"image\":{\"@type\":\"ImageObject\",\"@id\":\"https:\\\/\\\/www.eldigitaldeasturias.com\\\/noticias\\\/la-agenda-del-trotamundos-noticias-y-propuestas-para-gente-viajera\\\/#authorImage\",\"url\":\"https:\\\/\\\/www.eldigitaldeasturias.com\\\/noticias\\\/wp-content\\\/litespeed\\\/avatar\\\/18677e78aa0546b92d9dbf31ec7d7668.jpg?ver=1777290358\",\"width\":96,\"height\":96,\"caption\":\"El Digital de Asturias\"}},{\"@type\":\"WebPage\",\"@id\":\"https:\\\/\\\/www.eldigitaldeasturias.com\\\/noticias\\\/la-agenda-del-trotamundos-noticias-y-propuestas-para-gente-viajera\\\/#webpage\",\"url\":\"https:\\\/\\\/www.eldigitaldeasturias.com\\\/noticias\\\/la-agenda-del-trotamundos-noticias-y-propuestas-para-gente-viajera\\\/\",\"name\":\"La Agenda del Trotamundos, noticias y propuestas para gente viajera. - El Digital de Asturias\",\"description\":\"dpa- En comparaci\\u00f3n con otras metr\\u00f3polis internacionales, los taxis en Z\\u00farich son los m\\u00e1s caros, seg\\u00fan se desprende de un estudio actual de la consultora Simon, Kucher & Partners. Quien toma un taxi en la ciudad suiza tiene que pagar por un viaje de tres kil\\u00f3metros 14,33 euros (19,15 d\\u00f3lares). En \\u00c1msterdam, que figura en\",\"inLanguage\":\"es-ES\",\"isPartOf\":{\"@id\":\"https:\\\/\\\/www.eldigitaldeasturias.com\\\/noticias\\\/#website\"},\"breadcrumb\":{\"@id\":\"https:\\\/\\\/www.eldigitaldeasturias.com\\\/noticias\\\/la-agenda-del-trotamundos-noticias-y-propuestas-para-gente-viajera\\\/#breadcrumblist\"},\"author\":{\"@id\":\"https:\\\/\\\/www.eldigitaldeasturias.com\\\/noticias\\\/author\\\/admin\\\/#author\"},\"creator\":{\"@id\":\"https:\\\/\\\/www.eldigitaldeasturias.com\\\/noticias\\\/author\\\/admin\\\/#author\"},\"image\":{\"@type\":\"ImageObject\",\"url\":\"https:\\\/\\\/www.eldigitaldeasturias.com\\\/noticias\\\/wp-content\\\/uploads\\\/2013\\\/10\\\/Turismo1I_redimensionar.jpg\",\"@id\":\"https:\\\/\\\/www.eldigitaldeasturias.com\\\/noticias\\\/la-agenda-del-trotamundos-noticias-y-propuestas-para-gente-viajera\\\/#mainImage\",\"width\":496,\"height\":329},\"primaryImageOfPage\":{\"@id\":\"https:\\\/\\\/www.eldigitaldeasturias.com\\\/noticias\\\/la-agenda-del-trotamundos-noticias-y-propuestas-para-gente-viajera\\\/#mainImage\"},\"datePublished\":\"2014-08-08T13:03:02+02:00\",\"dateModified\":\"2014-08-08T13:03:02+02:00\"},{\"@type\":\"WebSite\",\"@id\":\"https:\\\/\\\/www.eldigitaldeasturias.com\\\/noticias\\\/#website\",\"url\":\"https:\\\/\\\/www.eldigitaldeasturias.com\\\/noticias\\\/\",\"name\":\"El Digital de Asturias - Diario de actualidad y noticias\",\"alternateName\":\"El Digital de Asturias - Diario de actualidad y noticias\",\"description\":\"Hemeroteca\",\"inLanguage\":\"es-ES\",\"publisher\":{\"@id\":\"https:\\\/\\\/www.eldigitaldeasturias.com\\\/noticias\\\/#organization\"}}]}\n\t\t<\/script>\n\t\t<!-- All in One SEO Pro -->\r\n\t\t<title>La Agenda del Trotamundos, noticias y propuestas para gente viajera. - El Digital de Asturias<\/title>\n\n","aioseo_head_json":{"title":"La Agenda del Trotamundos, noticias y propuestas para gente viajera. - El Digital de Asturias","description":"dpa- En comparaci\u00f3n con otras metr\u00f3polis internacionales, los taxis en Z\u00farich son los m\u00e1s caros, seg\u00fan se desprende de un estudio actual de la consultora Simon, Kucher & Partners. Quien toma un taxi en la ciudad suiza tiene que pagar por un viaje de tres kil\u00f3metros 14,33 euros (19,15 d\u00f3lares). En \u00c1msterdam, que figura en","canonical_url":"https:\/\/www.eldigitaldeasturias.com\/noticias\/la-agenda-del-trotamundos-noticias-y-propuestas-para-gente-viajera\/","robots":"max-image-preview:large","keywords":"turismo","webmasterTools":{"google-site-verification":"UA-38556648-1","msvalidate.01":"7dfe9f3f1b24437ab69f4f2559babe99","miscellaneous":""},"schema":{"@context":"https:\/\/schema.org","@graph":[{"@type":"BlogPosting","@id":"https:\/\/www.eldigitaldeasturias.com\/noticias\/la-agenda-del-trotamundos-noticias-y-propuestas-para-gente-viajera\/#blogposting","name":"La Agenda del Trotamundos, noticias y propuestas para gente viajera. - El Digital de Asturias","headline":"La Agenda del Trotamundos, noticias y propuestas para gente viajera.","author":{"@id":"https:\/\/www.eldigitaldeasturias.com\/noticias\/author\/admin\/#author"},"publisher":{"@id":"https:\/\/www.eldigitaldeasturias.com\/noticias\/#organization"},"image":{"@type":"ImageObject","url":"https:\/\/www.eldigitaldeasturias.com\/noticias\/wp-content\/uploads\/2013\/10\/Turismo1I_redimensionar.jpg","width":496,"height":329},"datePublished":"2014-08-08T13:03:02+02:00","dateModified":"2014-08-08T13:03:02+02:00","inLanguage":"es-ES","mainEntityOfPage":{"@id":"https:\/\/www.eldigitaldeasturias.com\/noticias\/la-agenda-del-trotamundos-noticias-y-propuestas-para-gente-viajera\/#webpage"},"isPartOf":{"@id":"https:\/\/www.eldigitaldeasturias.com\/noticias\/la-agenda-del-trotamundos-noticias-y-propuestas-para-gente-viajera\/#webpage"},"articleSection":"Turismo"},{"@type":"BreadcrumbList","@id":"https:\/\/www.eldigitaldeasturias.com\/noticias\/la-agenda-del-trotamundos-noticias-y-propuestas-para-gente-viajera\/#breadcrumblist","itemListElement":[{"@type":"ListItem","@id":"https:\/\/www.eldigitaldeasturias.com\/noticias#listItem","position":1,"name":"Home","item":"https:\/\/www.eldigitaldeasturias.com\/noticias","nextItem":{"@type":"ListItem","@id":"https:\/\/www.eldigitaldeasturias.com\/noticias\/category\/turismo\/#listItem","name":"Turismo"}},{"@type":"ListItem","@id":"https:\/\/www.eldigitaldeasturias.com\/noticias\/category\/turismo\/#listItem","position":2,"name":"Turismo","item":"https:\/\/www.eldigitaldeasturias.com\/noticias\/category\/turismo\/","nextItem":{"@type":"ListItem","@id":"https:\/\/www.eldigitaldeasturias.com\/noticias\/la-agenda-del-trotamundos-noticias-y-propuestas-para-gente-viajera\/#listItem","name":"La Agenda del Trotamundos, noticias y propuestas para gente viajera."},"previousItem":{"@type":"ListItem","@id":"https:\/\/www.eldigitaldeasturias.com\/noticias#listItem","name":"Home"}},{"@type":"ListItem","@id":"https:\/\/www.eldigitaldeasturias.com\/noticias\/la-agenda-del-trotamundos-noticias-y-propuestas-para-gente-viajera\/#listItem","position":3,"name":"La Agenda del Trotamundos, noticias y propuestas para gente viajera.","previousItem":{"@type":"ListItem","@id":"https:\/\/www.eldigitaldeasturias.com\/noticias\/category\/turismo\/#listItem","name":"Turismo"}}]},{"@type":"Organization","@id":"https:\/\/www.eldigitaldeasturias.com\/noticias\/#organization","name":"El Digital de Asturias","description":"Hemeroteca","url":"https:\/\/www.eldigitaldeasturias.com\/noticias\/","email":"info@eldigitaldeasturias.com","telephone":"+34652131393","logo":{"@type":"ImageObject","url":"https:\/\/www.eldigitaldeasturias.com\/noticias\/wp-content\/uploads\/2020\/12\/EDA.jpg","@id":"https:\/\/www.eldigitaldeasturias.com\/noticias\/la-agenda-del-trotamundos-noticias-y-propuestas-para-gente-viajera\/#organizationLogo","width":649,"height":297},"image":{"@id":"https:\/\/www.eldigitaldeasturias.com\/noticias\/la-agenda-del-trotamundos-noticias-y-propuestas-para-gente-viajera\/#organizationLogo"},"sameAs":["https:\/\/facebook.com\/eldigitaldeasturias","https:\/\/www.youtube.com\/channel\/UCZP-2wLEB9Rv6erhFmqVnvg"],"address":{"@id":"https:\/\/www.eldigitaldeasturias.com\/noticias\/#postaladdress","@type":"PostalAddress","streetAddress":"san antonio 4,","postalCode":"33430","addressLocality":"Cand\u00e1s","addressRegion":"Asturias","addressCountry":"ES"}},{"@type":"Person","@id":"https:\/\/www.eldigitaldeasturias.com\/noticias\/author\/admin\/#author","url":"https:\/\/www.eldigitaldeasturias.com\/noticias\/author\/admin\/","name":"El Digital de Asturias","image":{"@type":"ImageObject","@id":"https:\/\/www.eldigitaldeasturias.com\/noticias\/la-agenda-del-trotamundos-noticias-y-propuestas-para-gente-viajera\/#authorImage","url":"https:\/\/www.eldigitaldeasturias.com\/noticias\/wp-content\/litespeed\/avatar\/18677e78aa0546b92d9dbf31ec7d7668.jpg?ver=1777290358","width":96,"height":96,"caption":"El Digital de Asturias"}},{"@type":"WebPage","@id":"https:\/\/www.eldigitaldeasturias.com\/noticias\/la-agenda-del-trotamundos-noticias-y-propuestas-para-gente-viajera\/#webpage","url":"https:\/\/www.eldigitaldeasturias.com\/noticias\/la-agenda-del-trotamundos-noticias-y-propuestas-para-gente-viajera\/","name":"La Agenda del Trotamundos, noticias y propuestas para gente viajera. - El Digital de Asturias","description":"dpa- En comparaci\u00f3n con otras metr\u00f3polis internacionales, los taxis en Z\u00farich son los m\u00e1s caros, seg\u00fan se desprende de un estudio actual de la consultora Simon, Kucher & Partners. Quien toma un taxi en la ciudad suiza tiene que pagar por un viaje de tres kil\u00f3metros 14,33 euros (19,15 d\u00f3lares). En \u00c1msterdam, que figura en","inLanguage":"es-ES","isPartOf":{"@id":"https:\/\/www.eldigitaldeasturias.com\/noticias\/#website"},"breadcrumb":{"@id":"https:\/\/www.eldigitaldeasturias.com\/noticias\/la-agenda-del-trotamundos-noticias-y-propuestas-para-gente-viajera\/#breadcrumblist"},"author":{"@id":"https:\/\/www.eldigitaldeasturias.com\/noticias\/author\/admin\/#author"},"creator":{"@id":"https:\/\/www.eldigitaldeasturias.com\/noticias\/author\/admin\/#author"},"image":{"@type":"ImageObject","url":"https:\/\/www.eldigitaldeasturias.com\/noticias\/wp-content\/uploads\/2013\/10\/Turismo1I_redimensionar.jpg","@id":"https:\/\/www.eldigitaldeasturias.com\/noticias\/la-agenda-del-trotamundos-noticias-y-propuestas-para-gente-viajera\/#mainImage","width":496,"height":329},"primaryImageOfPage":{"@id":"https:\/\/www.eldigitaldeasturias.com\/noticias\/la-agenda-del-trotamundos-noticias-y-propuestas-para-gente-viajera\/#mainImage"},"datePublished":"2014-08-08T13:03:02+02:00","dateModified":"2014-08-08T13:03:02+02:00"},{"@type":"WebSite","@id":"https:\/\/www.eldigitaldeasturias.com\/noticias\/#website","url":"https:\/\/www.eldigitaldeasturias.com\/noticias\/","name":"El Digital de Asturias - Diario de actualidad y noticias","alternateName":"El Digital de Asturias - Diario de actualidad y noticias","description":"Hemeroteca","inLanguage":"es-ES","publisher":{"@id":"https:\/\/www.eldigitaldeasturias.com\/noticias\/#organization"}}]},"og:locale":"es_ES","og:site_name":"El Digital de Asturias","og:type":"article","og:title":"La Agenda del Trotamundos, noticias y propuestas para gente viajera. - El Digital de Asturias","og:description":"dpa- En comparaci\u00f3n con otras metr\u00f3polis internacionales, los taxis en Z\u00farich son los m\u00e1s caros, seg\u00fan se desprende de un estudio actual de la consultora Simon, Kucher &amp; Partners. Quien toma un taxi en la ciudad suiza tiene que pagar por un viaje de tres kil\u00f3metros 14,33 euros (19,15 d\u00f3lares). En \u00c1msterdam, que figura en","og:url":"https:\/\/www.eldigitaldeasturias.com\/noticias\/la-agenda-del-trotamundos-noticias-y-propuestas-para-gente-viajera\/","og:image":"https:\/\/www.eldigitaldeasturias.com\/noticias\/wp-content\/uploads\/2013\/10\/Turismo1I_redimensionar.jpg","og:image:secure_url":"https:\/\/www.eldigitaldeasturias.com\/noticias\/wp-content\/uploads\/2013\/10\/Turismo1I_redimensionar.jpg","og:image:width":496,"og:image:height":329,"article:tag":["turismo"],"article:published_time":"2014-08-08T15:03:02+00:00","article:modified_time":"2014-08-08T15:03:02+00:00","article:publisher":"https:\/\/facebook.com\/eldigitaldeasturias","twitter:card":"summary_large_image","twitter:title":"La Agenda del Trotamundos, noticias y propuestas para gente viajera. - El Digital de Asturias","twitter:description":"dpa- En comparaci\u00f3n con otras metr\u00f3polis internacionales, los taxis en Z\u00farich son los m\u00e1s caros, seg\u00fan se desprende de un estudio actual de la consultora Simon, Kucher &amp; Partners. Quien toma un taxi en la ciudad suiza tiene que pagar por un viaje de tres kil\u00f3metros 14,33 euros (19,15 d\u00f3lares). En \u00c1msterdam, que figura en","twitter:image":"https:\/\/www.eldigitaldeasturias.com\/noticias\/wp-content\/uploads\/2013\/10\/Turismo1I_redimensionar.jpg","twitter:label1":"Escrito por","twitter:data1":"El Digital de Asturias","twitter:label2":"Tiempo de lectura estimado","twitter:data2":"5 minutos"},"aioseo_meta_data":{"post_id":"577381","title":null,"description":null,"keywords":null,"keyphrases":null,"primary_term":null,"canonical_url":null,"og_title":null,"og_description":null,"og_object_type":"default","og_image_type":"default","og_image_url":null,"og_image_width":null,"og_image_height":null,"og_image_custom_url":null,"og_image_custom_fields":null,"og_video":null,"og_custom_url":null,"og_article_section":null,"og_article_tags":null,"twitter_use_og":true,"twitter_card":"default","twitter_image_type":"default","twitter_image_url":null,"twitter_image_custom_url":null,"twitter_image_custom_fields":null,"twitter_title":null,"twitter_description":null,"schema":{"blockGraphs":[],"customGraphs":[],"default":{"data":{"Article":[],"Course":[],"Dataset":[],"FAQPage":[],"Movie":[],"Person":[],"Product":[],"ProductReview":[],"Car":[],"Recipe":[],"Service":[],"SoftwareApplication":[],"WebPage":[]},"graphName":"","isEnabled":true},"graphs":[]},"schema_type":null,"schema_type_options":null,"pillar_content":false,"robots_default":true,"robots_noindex":false,"robots_noarchive":false,"robots_nosnippet":false,"robots_nofollow":false,"robots_noimageindex":false,"robots_noodp":false,"robots_notranslate":false,"robots_max_snippet":null,"robots_max_videopreview":null,"robots_max_imagepreview":"none","priority":null,"frequency":null,"local_seo":null,"seo_analyzer_scan_date":"2025-09-04 23:28:50","breadcrumb_settings":null,"limit_modified_date":false,"open_ai":null,"ai":null,"created":"2020-11-14 23:33:27","updated":"2025-09-04 23:28:50"},"aioseo_breadcrumb":"<div class=\"aioseo-breadcrumbs\"><span class=\"aioseo-breadcrumb\">\n\t<a href=\"https:\/\/www.eldigitaldeasturias.com\/noticias\" title=\"Home\">Home<\/a>\n<\/span><span class=\"aioseo-breadcrumb-separator\">\u2013<\/span><span class=\"aioseo-breadcrumb\">\n\t<a href=\"https:\/\/www.eldigitaldeasturias.com\/noticias\/category\/turismo\/\" title=\"Turismo\">Turismo<\/a>\n<\/span><span class=\"aioseo-breadcrumb-separator\">\u2013<\/span><span class=\"aioseo-breadcrumb\">\n\t<a href=\"https:\/\/www.eldigitaldeasturias.com\/noticias\/la-agenda-del-trotamundos-noticias-y-propuestas-para-gente-viajera\/\" title=\"La Agenda del Trotamundos, noticias y propuestas para gente viajera.\">La Agenda del Trotamundos, noticias y propuestas para gente viajera.<\/a>\n<\/span><\/div>","aioseo_breadcrumb_json":[{"label":"Home","link":"https:\/\/www.eldigitaldeasturias.com\/noticias"},{"label":"Turismo","link":"https:\/\/www.eldigitaldeasturias.com\/noticias\/category\/turismo\/"},{"label":"La Agenda del Trotamundos, noticias y propuestas para gente viajera.","link":"https:\/\/www.eldigitaldeasturias.com\/noticias\/la-agenda-del-trotamundos-noticias-y-propuestas-para-gente-viajera\/"}],"_links":{"self":[{"href":"https:\/\/www.eldigitaldeasturias.com\/noticias\/wp-json\/wp\/v2\/posts\/577381","targetHints":{"allow":["GET"]}}],"collection":[{"href":"https:\/\/www.eldigitaldeasturias.com\/noticias\/wp-json\/wp\/v2\/posts"}],"about":[{"href":"https:\/\/www.eldigitaldeasturias.com\/noticias\/wp-json\/wp\/v2\/types\/post"}],"author":[{"embeddable":true,"href":"https:\/\/www.eldigitaldeasturias.com\/noticias\/wp-json\/wp\/v2\/users\/1"}],"replies":[{"embeddable":true,"href":"https:\/\/www.eldigitaldeasturias.com\/noticias\/wp-json\/wp\/v2\/comments?post=577381"}],"version-history":[{"count":0,"href":"https:\/\/www.eldigitaldeasturias.com\/noticias\/wp-json\/wp\/v2\/posts\/577381\/revisions"}],"wp:featuredmedia":[{"embeddable":true,"href":"https:\/\/www.eldigitaldeasturias.com\/noticias\/wp-json\/wp\/v2\/media\/440724"}],"wp:attachment":[{"href":"https:\/\/www.eldigitaldeasturias.com\/noticias\/wp-json\/wp\/v2\/media?parent=577381"}],"wp:term":[{"taxonomy":"category","embeddable":true,"href":"https:\/\/www.eldigitaldeasturias.com\/noticias\/wp-json\/wp\/v2\/categories?post=577381"},{"taxonomy":"post_tag","embeddable":true,"href":"https:\/\/www.eldigitaldeasturias.com\/noticias\/wp-json\/wp\/v2\/tags?post=577381"}],"curies":[{"name":"wp","href":"https:\/\/api.w.org\/{rel}","templated":true}]}}