{"id":544740,"date":"2014-06-12T19:31:53","date_gmt":"2014-06-12T20:31:53","guid":{"rendered":"http:\/\/www.eldigitaldeasturias.com\/noticias\/?p=544740"},"modified":"2014-06-12T19:33:03","modified_gmt":"2014-06-12T20:33:03","slug":"destino-austria-caminando-por-las-rutas-del-placer-en-tirol","status":"publish","type":"post","link":"https:\/\/www.eldigitaldeasturias.com\/noticias\/destino-austria-caminando-por-las-rutas-del-placer-en-tirol\/","title":{"rendered":"Destino Austria : Caminando por las \u00abrutas del placer\u00bb en el Tirol"},"content":{"rendered":"<p><img loading=\"lazy\" decoding=\"async\" class=\"alignleft size-medium wp-image-544742\" alt=\"Tirol, rutas del placer\" src=\"https:\/\/www.eldigitaldeasturias.com\/noticias\/wp-content\/uploads\/2014\/06\/CAMINANDO_POR_LAS_RU_38572249-360x234.jpg\" width=\"360\" height=\"234\" srcset=\"https:\/\/www.eldigitaldeasturias.com\/noticias\/wp-content\/uploads\/2014\/06\/CAMINANDO_POR_LAS_RU_38572249-360x234.jpg 360w, https:\/\/www.eldigitaldeasturias.com\/noticias\/wp-content\/uploads\/2014\/06\/CAMINANDO_POR_LAS_RU_38572249-650x424.jpg 650w\" sizes=\"auto, (max-width: 360px) 100vw, 360px\" \/>LANDECK, Austria (dpa) &#8211; En el estrecho sendero, Markus Schmid para al grupo de caminantes y se\u00f1ala una empinada pendiente. \u00abAqu\u00ed, en la monta\u00f1a, pasta de junio a septiembre nuestro ganado tirol\u00e9s de raza gris\u00bb, dice el gu\u00eda. \u00abLas vacas van todos los d\u00edas de esta pradera a la de Gogle, donde son orde\u00f1adas\u00bb.<\/p>\n<p>Los 20 turistas caminan por la \u00abRuta del Placer Tiroler Edle\u00bb y durante esta excursi\u00f3n de un d\u00eda quieren saber m\u00e1s sobre el origen y la fabricaci\u00f3n de especialidades de chocolate de la regi\u00f3n tur\u00edstica TirolWest, en el distrito de Landeck. Esta caminata guiada se ofrece todos los martes de junio hasta finales de septiembre.<\/p>\n<p>Los caminantes se desplazaron en telef\u00e9rico desde Zams hasta el monte Venet. Se abren hermosas amplias vistas panor\u00e1micas, al este sobre el valle del Inn hacia Innsbruck y de all\u00ed hacia la monta\u00f1a Zugspitze, en el norte, sobre las cumbres dentadas de los Alpes de Lechtal. \u00abY hacia el sur, en d\u00edas despejados, hasta el Ortles, en Tirol del Sur, que tiene una altura de casi 4.000 metros\u00bb, dice Schmid.<\/p>\n<p>Una hora y media dura la primera etapa de la estaci\u00f3n del telef\u00e9rico de Venet hasta la pradera alpina de Gogle. Una y otra vez el grupo hace breves paradas para que Schmid les pueda explicar a los turistas la fauna y flora alpina. Incluso en las pendientes con poca vegetaci\u00f3n el ganado de raza gris encuentra alimentaci\u00f3n suficiente: flores alpinas, gram\u00edneas y hierbas arom\u00e1ticas. Las enebrinas crecen aqu\u00ed, en la monta\u00f1a, encima del l\u00edmite de la arboleda junto con ar\u00e1ndanos negros y rojos, vellosilla alpina y \u00e1rnica.<\/p>\n<p>El ganado de raza gris vive desde hace m\u00e1s de 3.000 a\u00f1os en las monta\u00f1as tirolesas. Los campesinos de la monta\u00f1a llaman a esos vacunos cari\u00f1osamente \u00abEdle\u00bb (nobles en alem\u00e1n). \u00abSon robustos, resistentes, poco exigentes y de baja estatura. Por eso, tambi\u00e9n se las arreglan muy bien en las pendientes escarpadas\u00bb, explica Schmid.<\/p>\n<p>Al mediod\u00eda, el grupo hace un descanso en la pradera de Gogle. En verano viven aqu\u00ed m\u00e1s de 70 vacas lecheras, de raza gris y tambi\u00e9n parda, adem\u00e1s de caballos de raza Haflinger y cabras, que todos necesitan ser cuidados. \u00abNuestras praderas alpinas abarcan 439 hect\u00e1reas y son consideradas como bastante pobres, porque llegan a una altura de 2.400 metros, es decir, encima del l\u00edmite de arboleda\u00bb, dice el campesino alpino Martin Nigg.<\/p>\n<p><img loading=\"lazy\" decoding=\"async\" class=\"alignright size-medium wp-image-544743\" alt=\"Tirol, rutas del placer\" src=\"https:\/\/www.eldigitaldeasturias.com\/noticias\/wp-content\/uploads\/2014\/06\/CAMINANDO_POR_LAS_RU_38572249i-360x240.jpg\" width=\"360\" height=\"240\" srcset=\"https:\/\/www.eldigitaldeasturias.com\/noticias\/wp-content\/uploads\/2014\/06\/CAMINANDO_POR_LAS_RU_38572249i-360x240.jpg 360w, https:\/\/www.eldigitaldeasturias.com\/noticias\/wp-content\/uploads\/2014\/06\/CAMINANDO_POR_LAS_RU_38572249i-650x435.jpg 650w, https:\/\/www.eldigitaldeasturias.com\/noticias\/wp-content\/uploads\/2014\/06\/CAMINANDO_POR_LAS_RU_38572249i-220x146.jpg 220w\" sizes=\"auto, (max-width: 360px) 100vw, 360px\" \/>Solo pocas personas viven durante los meses de verano en las alturas alpinas: el vaquero y su reba\u00f1o, Nigg, quien tiene tambi\u00e9n un restaurante, con su familia y ayudantes. \u00abCampesinos del valle de Flie\u00df llevan las vacas hacia arriba, hasta la pradera alpina. El vaquero produce queso y mantequilla. En verano se procesan m\u00e1s de 50.000 litros de leche\u00bb, dice Nigg.<\/p>\n<p>Las tres estaciones de la ruta del placer \u00abTiroler Edle\u00bb se llaman \u00abOrigen\u00bb, \u00abElaboraci\u00f3n\u00bb y \u00abDegustaci\u00f3n\u00bb. \u00abCada una de las rutas del placer tiene estos tres puntos. Queremos ense\u00f1ar a los turistas cu\u00e1l es el origen de nuestros alimentos t\u00edpicos y c\u00f3mo se procesan\u00bb, explica Verena Reich, de la oficina de turismo TirolWest en Landeck. Participar en las caminatas es gratis. Los participantes reciben como tarjeta de identificaci\u00f3n una TirolWest Card para su estancia en los albergues.<\/p>\n<p>Las primeras rutas del placer en Tirol surgieron en el verano de 2009. Una de ellas est\u00e1 dedica<\/p>\n<p>da a la ciruela: durante la caminata se explica paso por paso el destino de esta fruta, desde su cultivo en el huerto hasta la elaboraci\u00f3n del aguardiente de ciruela.<\/p>\n<p>Al final de la caminata, los turistas pueden degustar en la localidad de Stanz diferentes tipos de aguardiente y licor. Stanz es considerada en Tirol como uno de los centros de producci\u00f3n de destilados de alta graduaci\u00f3n, ya que en esta aldea de monta\u00f1a, de poco m\u00e1s de 600 habitantes, existen 53 destiler\u00edas caseras muy antiguas.<\/p>\n<p><img loading=\"lazy\" decoding=\"async\" class=\"alignleft size-medium wp-image-544741\" alt=\"Tirol, rutas del placer\" src=\"https:\/\/www.eldigitaldeasturias.com\/noticias\/wp-content\/uploads\/2014\/06\/CAMINANDO_POR_LAS_RU_38572249g-360x240.jpg\" width=\"360\" height=\"240\" srcset=\"https:\/\/www.eldigitaldeasturias.com\/noticias\/wp-content\/uploads\/2014\/06\/CAMINANDO_POR_LAS_RU_38572249g-360x240.jpg 360w, https:\/\/www.eldigitaldeasturias.com\/noticias\/wp-content\/uploads\/2014\/06\/CAMINANDO_POR_LAS_RU_38572249g-650x433.jpg 650w, https:\/\/www.eldigitaldeasturias.com\/noticias\/wp-content\/uploads\/2014\/06\/CAMINANDO_POR_LAS_RU_38572249g-220x146.jpg 220w\" sizes=\"auto, (max-width: 360px) 100vw, 360px\" \/>La ruta de la ciruela y la ruta del chocolate son dos de las 21 rutas del placer donde los participantes reciben informaci\u00f3n detallada sobre las delicias regionales de Tirol. Las rutas, en las que se presentan diferentes alimentos, son paseos ligeros, caminatas por la monta\u00f1a o excursiones en bicicleta. En Galt\u00fcr, en el extremo oeste de Tirol, la caminata, de 13 kil\u00f3metros, gira en torno a un tipo de queso alpino llamado Paznauer. En Lienz se sirve a los participantes, despu\u00e9s de un peque\u00f1o recorrido por criaderos de peces, salm\u00f3n del Danubio, una especie end\u00e9mica de la regi\u00f3n.<\/p>\n<p>La \u00faltima etapa de la ruta del chocolate es m\u00e1s c\u00f3moda para los caminantes. El autob\u00fas del parque nacional los lleva a la pasteler\u00eda Haag en Landeck. \u00abPara la elaboraci\u00f3n del chocolate solo utilizo ingredientes que puedo ver desde mi ventana: frambuesas y grosellas, ciruelas, nueces y hierbabuena\u00bb, dice el chocolatero Hansj\u00f6rg Haag.<\/p>\n<p>Haag ha desarrollado en los a\u00f1os pasados 38 diferentes variantes de sabor, entre ellas especialidades que contienen, por ejemplo, aguardiente de ciruela y pera de Stanz, as\u00ed como variantes con miel de rosa alpina y hierbabuena de monta\u00f1a del parque nacional Kaunergrat. \u00abEl chocolatero llama a sus especialidades \u00bbTiroler Edle\u00ab, que toma su nombre del ganado de raza gris, que le provee de la nata fresca para el chocolate.<\/p>\n<p><strong><em>Informaci\u00f3n b\u00e1sica: Tirol<\/em><\/strong><\/p>\n<p>Destino: TirolWest abarca las localidades de Landeck, Zams, Flie\u00df, Tobadill, Grins y Stanz en el valle del Inn, unos 80 kil\u00f3metros al oeste de Innsbruck.<\/p>\n<p>C\u00f3mo llegar: en avi\u00f3n a Innsbruck y desde all\u00ed en coche de alquiler a Landeck, en la regi\u00f3n tur\u00edstica de TirolWest.<\/p>\n<p>Cu\u00e1ndo viajar: entre principios de junio y finales de septiembre.<\/p>\n<p>Informaciones: Tirol Info, Maria-Theresien-Stra\u00dfe 5, A 6010 Innsbruck (Tel. 0043\/512\/72 72 0, email: info@tirol.at, www.tirol.at, www.tirol.at\/genussrouten). Oficina de turismo TirolWest, Malserstra\u00dfe 10, A 6500 Landeck (Tel. 0043\/5442\/656 00, email: info@tirolwest.at,www.tirolwest.at. Internet:<\/p>\n<p>&#8211; [Rutas del placer:\/\/dpaq.de\/GSMfn) &#8211; [Tirol](http:\/\/dpaq.de\/9o7s7) &#8211; [TirolWest](http:\/\/dpaq.de\/gn2Cj)<\/p>\n","protected":false},"excerpt":{"rendered":"<p>LANDECK, Austria (dpa) &#8211; En el estrecho sendero, Markus Schmid para al grupo de caminantes y se\u00f1ala una empinada pendiente. \u00abAqu\u00ed, en la monta\u00f1a, pasta de junio a septiembre nuestro ganado tirol\u00e9s de raza gris\u00bb, dice el gu\u00eda. \u00abLas vacas van todos los d\u00edas de esta pradera a la de Gogle, donde son orde\u00f1adas\u00bb. Los [&hellip;]<\/p>\n","protected":false},"author":1,"featured_media":544742,"comment_status":"open","ping_status":"closed","sticky":false,"template":"","format":"standard","meta":{"footnotes":""},"categories":[148],"tags":[],"class_list":["post-544740","post","type-post","status-publish","format-standard","has-post-thumbnail","hentry","category-turismo"],"aioseo_notices":[],"aioseo_head":"\n\t\t<!-- All in One SEO Pro 4.9.6.2 - aioseo.com -->\n\t<meta name=\"description\" content=\"LANDECK, Austria (dpa) - En el estrecho sendero, Markus Schmid para al grupo de caminantes y se\u00f1ala una empinada pendiente. \u00abAqu\u00ed, en la monta\u00f1a, pasta de junio a septiembre nuestro ganado tirol\u00e9s de raza gris\u00bb, dice el gu\u00eda. \u00abLas vacas van todos los d\u00edas de esta pradera a la de Gogle, donde son orde\u00f1adas\u00bb. Los\" \/>\n\t<meta name=\"robots\" content=\"max-image-preview:large\" \/>\n\t<meta name=\"author\" content=\"El Digital de Asturias\"\/>\n\t<meta name=\"google-site-verification\" content=\"UA-38556648-1\" \/>\n\t<meta name=\"msvalidate.01\" content=\"7dfe9f3f1b24437ab69f4f2559babe99\" \/>\n\t<meta name=\"keywords\" content=\"turismo\" \/>\n\t<link rel=\"canonical\" href=\"https:\/\/www.eldigitaldeasturias.com\/noticias\/destino-austria-caminando-por-las-rutas-del-placer-en-tirol\/\" \/>\n\t<meta name=\"generator\" content=\"All in One SEO Pro (AIOSEO) 4.9.6.2\" \/>\n\t\t<meta property=\"og:locale\" content=\"es_ES\" \/>\n\t\t<meta property=\"og:site_name\" content=\"El Digital de Asturias\" \/>\n\t\t<meta property=\"og:type\" content=\"article\" \/>\n\t\t<meta property=\"og:title\" content=\"Destino Austria : Caminando por las \u00abrutas del placer\u00bb en el Tirol - El Digital de Asturias\" \/>\n\t\t<meta property=\"og:description\" content=\"LANDECK, Austria (dpa) - En el estrecho sendero, Markus Schmid para al grupo de caminantes y se\u00f1ala una empinada pendiente. \u00abAqu\u00ed, en la monta\u00f1a, pasta de junio a septiembre nuestro ganado tirol\u00e9s de raza gris\u00bb, dice el gu\u00eda. \u00abLas vacas van todos los d\u00edas de esta pradera a la de Gogle, donde son orde\u00f1adas\u00bb. Los\" \/>\n\t\t<meta property=\"og:url\" content=\"https:\/\/www.eldigitaldeasturias.com\/noticias\/destino-austria-caminando-por-las-rutas-del-placer-en-tirol\/\" \/>\n\t\t<meta property=\"og:image\" content=\"https:\/\/www.eldigitaldeasturias.com\/noticias\/wp-content\/uploads\/2014\/06\/CAMINANDO_POR_LAS_RU_38572249.jpg\" \/>\n\t\t<meta property=\"og:image:secure_url\" content=\"https:\/\/www.eldigitaldeasturias.com\/noticias\/wp-content\/uploads\/2014\/06\/CAMINANDO_POR_LAS_RU_38572249.jpg\" \/>\n\t\t<meta property=\"og:image:width\" content=\"4418\" \/>\n\t\t<meta property=\"og:image:height\" content=\"2882\" \/>\n\t\t<meta property=\"article:tag\" content=\"turismo\" \/>\n\t\t<meta property=\"article:published_time\" content=\"2014-06-12T20:31:53+00:00\" \/>\n\t\t<meta property=\"article:modified_time\" content=\"2014-06-12T20:33:03+00:00\" \/>\n\t\t<meta property=\"article:publisher\" content=\"https:\/\/facebook.com\/eldigitaldeasturias\" \/>\n\t\t<meta name=\"twitter:card\" content=\"summary_large_image\" \/>\n\t\t<meta name=\"twitter:title\" content=\"Destino Austria : Caminando por las \u00abrutas del placer\u00bb en el Tirol - El Digital de Asturias\" \/>\n\t\t<meta name=\"twitter:description\" content=\"LANDECK, Austria (dpa) - En el estrecho sendero, Markus Schmid para al grupo de caminantes y se\u00f1ala una empinada pendiente. \u00abAqu\u00ed, en la monta\u00f1a, pasta de junio a septiembre nuestro ganado tirol\u00e9s de raza gris\u00bb, dice el gu\u00eda. \u00abLas vacas van todos los d\u00edas de esta pradera a la de Gogle, donde son orde\u00f1adas\u00bb. Los\" \/>\n\t\t<meta name=\"twitter:image\" content=\"https:\/\/www.eldigitaldeasturias.com\/noticias\/wp-content\/uploads\/2014\/06\/CAMINANDO_POR_LAS_RU_38572249.jpg\" \/>\n\t\t<meta name=\"twitter:label1\" content=\"Escrito por\" \/>\n\t\t<meta name=\"twitter:data1\" content=\"El Digital de Asturias\" \/>\n\t\t<meta name=\"twitter:label2\" content=\"Tiempo de lectura estimado\" \/>\n\t\t<meta name=\"twitter:data2\" content=\"5 minutos\" \/>\n\t\t<script type=\"application\/ld+json\" class=\"aioseo-schema\">\n\t\t\t{\"@context\":\"https:\\\/\\\/schema.org\",\"@graph\":[{\"@type\":\"BlogPosting\",\"@id\":\"https:\\\/\\\/www.eldigitaldeasturias.com\\\/noticias\\\/destino-austria-caminando-por-las-rutas-del-placer-en-tirol\\\/#blogposting\",\"name\":\"Destino Austria : Caminando por las \\u00abrutas del placer\\u00bb en el Tirol - El Digital de Asturias\",\"headline\":\"Destino Austria : Caminando por las \\u00abrutas del placer\\u00bb en el Tirol\",\"author\":{\"@id\":\"https:\\\/\\\/www.eldigitaldeasturias.com\\\/noticias\\\/author\\\/admin\\\/#author\"},\"publisher\":{\"@id\":\"https:\\\/\\\/www.eldigitaldeasturias.com\\\/noticias\\\/#organization\"},\"image\":{\"@type\":\"ImageObject\",\"url\":\"https:\\\/\\\/www.eldigitaldeasturias.com\\\/noticias\\\/wp-content\\\/uploads\\\/2014\\\/06\\\/CAMINANDO_POR_LAS_RU_38572249.jpg\",\"width\":4418,\"height\":2882},\"datePublished\":\"2014-06-12T19:31:53+02:00\",\"dateModified\":\"2014-06-12T19:33:03+02:00\",\"inLanguage\":\"es-ES\",\"mainEntityOfPage\":{\"@id\":\"https:\\\/\\\/www.eldigitaldeasturias.com\\\/noticias\\\/destino-austria-caminando-por-las-rutas-del-placer-en-tirol\\\/#webpage\"},\"isPartOf\":{\"@id\":\"https:\\\/\\\/www.eldigitaldeasturias.com\\\/noticias\\\/destino-austria-caminando-por-las-rutas-del-placer-en-tirol\\\/#webpage\"},\"articleSection\":\"Turismo\"},{\"@type\":\"BreadcrumbList\",\"@id\":\"https:\\\/\\\/www.eldigitaldeasturias.com\\\/noticias\\\/destino-austria-caminando-por-las-rutas-del-placer-en-tirol\\\/#breadcrumblist\",\"itemListElement\":[{\"@type\":\"ListItem\",\"@id\":\"https:\\\/\\\/www.eldigitaldeasturias.com\\\/noticias#listItem\",\"position\":1,\"name\":\"Home\",\"item\":\"https:\\\/\\\/www.eldigitaldeasturias.com\\\/noticias\",\"nextItem\":{\"@type\":\"ListItem\",\"@id\":\"https:\\\/\\\/www.eldigitaldeasturias.com\\\/noticias\\\/category\\\/turismo\\\/#listItem\",\"name\":\"Turismo\"}},{\"@type\":\"ListItem\",\"@id\":\"https:\\\/\\\/www.eldigitaldeasturias.com\\\/noticias\\\/category\\\/turismo\\\/#listItem\",\"position\":2,\"name\":\"Turismo\",\"item\":\"https:\\\/\\\/www.eldigitaldeasturias.com\\\/noticias\\\/category\\\/turismo\\\/\",\"nextItem\":{\"@type\":\"ListItem\",\"@id\":\"https:\\\/\\\/www.eldigitaldeasturias.com\\\/noticias\\\/destino-austria-caminando-por-las-rutas-del-placer-en-tirol\\\/#listItem\",\"name\":\"Destino Austria : Caminando por las \\u00abrutas del placer\\u00bb en el Tirol\"},\"previousItem\":{\"@type\":\"ListItem\",\"@id\":\"https:\\\/\\\/www.eldigitaldeasturias.com\\\/noticias#listItem\",\"name\":\"Home\"}},{\"@type\":\"ListItem\",\"@id\":\"https:\\\/\\\/www.eldigitaldeasturias.com\\\/noticias\\\/destino-austria-caminando-por-las-rutas-del-placer-en-tirol\\\/#listItem\",\"position\":3,\"name\":\"Destino Austria : Caminando por las \\u00abrutas del placer\\u00bb en el Tirol\",\"previousItem\":{\"@type\":\"ListItem\",\"@id\":\"https:\\\/\\\/www.eldigitaldeasturias.com\\\/noticias\\\/category\\\/turismo\\\/#listItem\",\"name\":\"Turismo\"}}]},{\"@type\":\"Organization\",\"@id\":\"https:\\\/\\\/www.eldigitaldeasturias.com\\\/noticias\\\/#organization\",\"name\":\"El Digital de Asturias\",\"description\":\"Hemeroteca\",\"url\":\"https:\\\/\\\/www.eldigitaldeasturias.com\\\/noticias\\\/\",\"email\":\"info@eldigitaldeasturias.com\",\"telephone\":\"+34652131393\",\"logo\":{\"@type\":\"ImageObject\",\"url\":\"https:\\\/\\\/www.eldigitaldeasturias.com\\\/noticias\\\/wp-content\\\/uploads\\\/2020\\\/12\\\/EDA.jpg\",\"@id\":\"https:\\\/\\\/www.eldigitaldeasturias.com\\\/noticias\\\/destino-austria-caminando-por-las-rutas-del-placer-en-tirol\\\/#organizationLogo\",\"width\":649,\"height\":297},\"image\":{\"@id\":\"https:\\\/\\\/www.eldigitaldeasturias.com\\\/noticias\\\/destino-austria-caminando-por-las-rutas-del-placer-en-tirol\\\/#organizationLogo\"},\"sameAs\":[\"https:\\\/\\\/facebook.com\\\/eldigitaldeasturias\",\"https:\\\/\\\/www.youtube.com\\\/channel\\\/UCZP-2wLEB9Rv6erhFmqVnvg\"],\"address\":{\"@id\":\"https:\\\/\\\/www.eldigitaldeasturias.com\\\/noticias\\\/#postaladdress\",\"@type\":\"PostalAddress\",\"streetAddress\":\"san antonio 4,\",\"postalCode\":\"33430\",\"addressLocality\":\"Cand\\u00e1s\",\"addressRegion\":\"Asturias\",\"addressCountry\":\"ES\"}},{\"@type\":\"Person\",\"@id\":\"https:\\\/\\\/www.eldigitaldeasturias.com\\\/noticias\\\/author\\\/admin\\\/#author\",\"url\":\"https:\\\/\\\/www.eldigitaldeasturias.com\\\/noticias\\\/author\\\/admin\\\/\",\"name\":\"El Digital de Asturias\",\"image\":{\"@type\":\"ImageObject\",\"@id\":\"https:\\\/\\\/www.eldigitaldeasturias.com\\\/noticias\\\/destino-austria-caminando-por-las-rutas-del-placer-en-tirol\\\/#authorImage\",\"url\":\"https:\\\/\\\/www.eldigitaldeasturias.com\\\/noticias\\\/wp-content\\\/litespeed\\\/avatar\\\/18677e78aa0546b92d9dbf31ec7d7668.jpg?ver=1777290358\",\"width\":96,\"height\":96,\"caption\":\"El Digital de Asturias\"}},{\"@type\":\"WebPage\",\"@id\":\"https:\\\/\\\/www.eldigitaldeasturias.com\\\/noticias\\\/destino-austria-caminando-por-las-rutas-del-placer-en-tirol\\\/#webpage\",\"url\":\"https:\\\/\\\/www.eldigitaldeasturias.com\\\/noticias\\\/destino-austria-caminando-por-las-rutas-del-placer-en-tirol\\\/\",\"name\":\"Destino Austria : Caminando por las \\u00abrutas del placer\\u00bb en el Tirol - El Digital de Asturias\",\"description\":\"LANDECK, Austria (dpa) - En el estrecho sendero, Markus Schmid para al grupo de caminantes y se\\u00f1ala una empinada pendiente. \\u00abAqu\\u00ed, en la monta\\u00f1a, pasta de junio a septiembre nuestro ganado tirol\\u00e9s de raza gris\\u00bb, dice el gu\\u00eda. \\u00abLas vacas van todos los d\\u00edas de esta pradera a la de Gogle, donde son orde\\u00f1adas\\u00bb. Los\",\"inLanguage\":\"es-ES\",\"isPartOf\":{\"@id\":\"https:\\\/\\\/www.eldigitaldeasturias.com\\\/noticias\\\/#website\"},\"breadcrumb\":{\"@id\":\"https:\\\/\\\/www.eldigitaldeasturias.com\\\/noticias\\\/destino-austria-caminando-por-las-rutas-del-placer-en-tirol\\\/#breadcrumblist\"},\"author\":{\"@id\":\"https:\\\/\\\/www.eldigitaldeasturias.com\\\/noticias\\\/author\\\/admin\\\/#author\"},\"creator\":{\"@id\":\"https:\\\/\\\/www.eldigitaldeasturias.com\\\/noticias\\\/author\\\/admin\\\/#author\"},\"image\":{\"@type\":\"ImageObject\",\"url\":\"https:\\\/\\\/www.eldigitaldeasturias.com\\\/noticias\\\/wp-content\\\/uploads\\\/2014\\\/06\\\/CAMINANDO_POR_LAS_RU_38572249.jpg\",\"@id\":\"https:\\\/\\\/www.eldigitaldeasturias.com\\\/noticias\\\/destino-austria-caminando-por-las-rutas-del-placer-en-tirol\\\/#mainImage\",\"width\":4418,\"height\":2882},\"primaryImageOfPage\":{\"@id\":\"https:\\\/\\\/www.eldigitaldeasturias.com\\\/noticias\\\/destino-austria-caminando-por-las-rutas-del-placer-en-tirol\\\/#mainImage\"},\"datePublished\":\"2014-06-12T19:31:53+02:00\",\"dateModified\":\"2014-06-12T19:33:03+02:00\"},{\"@type\":\"WebSite\",\"@id\":\"https:\\\/\\\/www.eldigitaldeasturias.com\\\/noticias\\\/#website\",\"url\":\"https:\\\/\\\/www.eldigitaldeasturias.com\\\/noticias\\\/\",\"name\":\"El Digital de Asturias - Diario de actualidad y noticias\",\"alternateName\":\"El Digital de Asturias - Diario de actualidad y noticias\",\"description\":\"Hemeroteca\",\"inLanguage\":\"es-ES\",\"publisher\":{\"@id\":\"https:\\\/\\\/www.eldigitaldeasturias.com\\\/noticias\\\/#organization\"}}]}\n\t\t<\/script>\n\t\t<!-- All in One SEO Pro -->\r\n\t\t<title>Destino Austria : Caminando por las \u00abrutas del placer\u00bb en el Tirol - El Digital de Asturias<\/title>\n\n","aioseo_head_json":{"title":"Destino Austria : Caminando por las \u00abrutas del placer\u00bb en el Tirol - El Digital de Asturias","description":"LANDECK, Austria (dpa) - En el estrecho sendero, Markus Schmid para al grupo de caminantes y se\u00f1ala una empinada pendiente. \u00abAqu\u00ed, en la monta\u00f1a, pasta de junio a septiembre nuestro ganado tirol\u00e9s de raza gris\u00bb, dice el gu\u00eda. \u00abLas vacas van todos los d\u00edas de esta pradera a la de Gogle, donde son orde\u00f1adas\u00bb. Los","canonical_url":"https:\/\/www.eldigitaldeasturias.com\/noticias\/destino-austria-caminando-por-las-rutas-del-placer-en-tirol\/","robots":"max-image-preview:large","keywords":"turismo","webmasterTools":{"google-site-verification":"UA-38556648-1","msvalidate.01":"7dfe9f3f1b24437ab69f4f2559babe99","miscellaneous":""},"schema":{"@context":"https:\/\/schema.org","@graph":[{"@type":"BlogPosting","@id":"https:\/\/www.eldigitaldeasturias.com\/noticias\/destino-austria-caminando-por-las-rutas-del-placer-en-tirol\/#blogposting","name":"Destino Austria : Caminando por las \u00abrutas del placer\u00bb en el Tirol - El Digital de Asturias","headline":"Destino Austria : Caminando por las \u00abrutas del placer\u00bb en el Tirol","author":{"@id":"https:\/\/www.eldigitaldeasturias.com\/noticias\/author\/admin\/#author"},"publisher":{"@id":"https:\/\/www.eldigitaldeasturias.com\/noticias\/#organization"},"image":{"@type":"ImageObject","url":"https:\/\/www.eldigitaldeasturias.com\/noticias\/wp-content\/uploads\/2014\/06\/CAMINANDO_POR_LAS_RU_38572249.jpg","width":4418,"height":2882},"datePublished":"2014-06-12T19:31:53+02:00","dateModified":"2014-06-12T19:33:03+02:00","inLanguage":"es-ES","mainEntityOfPage":{"@id":"https:\/\/www.eldigitaldeasturias.com\/noticias\/destino-austria-caminando-por-las-rutas-del-placer-en-tirol\/#webpage"},"isPartOf":{"@id":"https:\/\/www.eldigitaldeasturias.com\/noticias\/destino-austria-caminando-por-las-rutas-del-placer-en-tirol\/#webpage"},"articleSection":"Turismo"},{"@type":"BreadcrumbList","@id":"https:\/\/www.eldigitaldeasturias.com\/noticias\/destino-austria-caminando-por-las-rutas-del-placer-en-tirol\/#breadcrumblist","itemListElement":[{"@type":"ListItem","@id":"https:\/\/www.eldigitaldeasturias.com\/noticias#listItem","position":1,"name":"Home","item":"https:\/\/www.eldigitaldeasturias.com\/noticias","nextItem":{"@type":"ListItem","@id":"https:\/\/www.eldigitaldeasturias.com\/noticias\/category\/turismo\/#listItem","name":"Turismo"}},{"@type":"ListItem","@id":"https:\/\/www.eldigitaldeasturias.com\/noticias\/category\/turismo\/#listItem","position":2,"name":"Turismo","item":"https:\/\/www.eldigitaldeasturias.com\/noticias\/category\/turismo\/","nextItem":{"@type":"ListItem","@id":"https:\/\/www.eldigitaldeasturias.com\/noticias\/destino-austria-caminando-por-las-rutas-del-placer-en-tirol\/#listItem","name":"Destino Austria : Caminando por las \u00abrutas del placer\u00bb en el Tirol"},"previousItem":{"@type":"ListItem","@id":"https:\/\/www.eldigitaldeasturias.com\/noticias#listItem","name":"Home"}},{"@type":"ListItem","@id":"https:\/\/www.eldigitaldeasturias.com\/noticias\/destino-austria-caminando-por-las-rutas-del-placer-en-tirol\/#listItem","position":3,"name":"Destino Austria : Caminando por las \u00abrutas del placer\u00bb en el Tirol","previousItem":{"@type":"ListItem","@id":"https:\/\/www.eldigitaldeasturias.com\/noticias\/category\/turismo\/#listItem","name":"Turismo"}}]},{"@type":"Organization","@id":"https:\/\/www.eldigitaldeasturias.com\/noticias\/#organization","name":"El Digital de Asturias","description":"Hemeroteca","url":"https:\/\/www.eldigitaldeasturias.com\/noticias\/","email":"info@eldigitaldeasturias.com","telephone":"+34652131393","logo":{"@type":"ImageObject","url":"https:\/\/www.eldigitaldeasturias.com\/noticias\/wp-content\/uploads\/2020\/12\/EDA.jpg","@id":"https:\/\/www.eldigitaldeasturias.com\/noticias\/destino-austria-caminando-por-las-rutas-del-placer-en-tirol\/#organizationLogo","width":649,"height":297},"image":{"@id":"https:\/\/www.eldigitaldeasturias.com\/noticias\/destino-austria-caminando-por-las-rutas-del-placer-en-tirol\/#organizationLogo"},"sameAs":["https:\/\/facebook.com\/eldigitaldeasturias","https:\/\/www.youtube.com\/channel\/UCZP-2wLEB9Rv6erhFmqVnvg"],"address":{"@id":"https:\/\/www.eldigitaldeasturias.com\/noticias\/#postaladdress","@type":"PostalAddress","streetAddress":"san antonio 4,","postalCode":"33430","addressLocality":"Cand\u00e1s","addressRegion":"Asturias","addressCountry":"ES"}},{"@type":"Person","@id":"https:\/\/www.eldigitaldeasturias.com\/noticias\/author\/admin\/#author","url":"https:\/\/www.eldigitaldeasturias.com\/noticias\/author\/admin\/","name":"El Digital de Asturias","image":{"@type":"ImageObject","@id":"https:\/\/www.eldigitaldeasturias.com\/noticias\/destino-austria-caminando-por-las-rutas-del-placer-en-tirol\/#authorImage","url":"https:\/\/www.eldigitaldeasturias.com\/noticias\/wp-content\/litespeed\/avatar\/18677e78aa0546b92d9dbf31ec7d7668.jpg?ver=1777290358","width":96,"height":96,"caption":"El Digital de Asturias"}},{"@type":"WebPage","@id":"https:\/\/www.eldigitaldeasturias.com\/noticias\/destino-austria-caminando-por-las-rutas-del-placer-en-tirol\/#webpage","url":"https:\/\/www.eldigitaldeasturias.com\/noticias\/destino-austria-caminando-por-las-rutas-del-placer-en-tirol\/","name":"Destino Austria : Caminando por las \u00abrutas del placer\u00bb en el Tirol - El Digital de Asturias","description":"LANDECK, Austria (dpa) - En el estrecho sendero, Markus Schmid para al grupo de caminantes y se\u00f1ala una empinada pendiente. \u00abAqu\u00ed, en la monta\u00f1a, pasta de junio a septiembre nuestro ganado tirol\u00e9s de raza gris\u00bb, dice el gu\u00eda. \u00abLas vacas van todos los d\u00edas de esta pradera a la de Gogle, donde son orde\u00f1adas\u00bb. Los","inLanguage":"es-ES","isPartOf":{"@id":"https:\/\/www.eldigitaldeasturias.com\/noticias\/#website"},"breadcrumb":{"@id":"https:\/\/www.eldigitaldeasturias.com\/noticias\/destino-austria-caminando-por-las-rutas-del-placer-en-tirol\/#breadcrumblist"},"author":{"@id":"https:\/\/www.eldigitaldeasturias.com\/noticias\/author\/admin\/#author"},"creator":{"@id":"https:\/\/www.eldigitaldeasturias.com\/noticias\/author\/admin\/#author"},"image":{"@type":"ImageObject","url":"https:\/\/www.eldigitaldeasturias.com\/noticias\/wp-content\/uploads\/2014\/06\/CAMINANDO_POR_LAS_RU_38572249.jpg","@id":"https:\/\/www.eldigitaldeasturias.com\/noticias\/destino-austria-caminando-por-las-rutas-del-placer-en-tirol\/#mainImage","width":4418,"height":2882},"primaryImageOfPage":{"@id":"https:\/\/www.eldigitaldeasturias.com\/noticias\/destino-austria-caminando-por-las-rutas-del-placer-en-tirol\/#mainImage"},"datePublished":"2014-06-12T19:31:53+02:00","dateModified":"2014-06-12T19:33:03+02:00"},{"@type":"WebSite","@id":"https:\/\/www.eldigitaldeasturias.com\/noticias\/#website","url":"https:\/\/www.eldigitaldeasturias.com\/noticias\/","name":"El Digital de Asturias - Diario de actualidad y noticias","alternateName":"El Digital de Asturias - Diario de actualidad y noticias","description":"Hemeroteca","inLanguage":"es-ES","publisher":{"@id":"https:\/\/www.eldigitaldeasturias.com\/noticias\/#organization"}}]},"og:locale":"es_ES","og:site_name":"El Digital de Asturias","og:type":"article","og:title":"Destino Austria : Caminando por las \u00abrutas del placer\u00bb en el Tirol - El Digital de Asturias","og:description":"LANDECK, Austria (dpa) - En el estrecho sendero, Markus Schmid para al grupo de caminantes y se\u00f1ala una empinada pendiente. \u00abAqu\u00ed, en la monta\u00f1a, pasta de junio a septiembre nuestro ganado tirol\u00e9s de raza gris\u00bb, dice el gu\u00eda. \u00abLas vacas van todos los d\u00edas de esta pradera a la de Gogle, donde son orde\u00f1adas\u00bb. Los","og:url":"https:\/\/www.eldigitaldeasturias.com\/noticias\/destino-austria-caminando-por-las-rutas-del-placer-en-tirol\/","og:image":"https:\/\/www.eldigitaldeasturias.com\/noticias\/wp-content\/uploads\/2014\/06\/CAMINANDO_POR_LAS_RU_38572249.jpg","og:image:secure_url":"https:\/\/www.eldigitaldeasturias.com\/noticias\/wp-content\/uploads\/2014\/06\/CAMINANDO_POR_LAS_RU_38572249.jpg","og:image:width":4418,"og:image:height":2882,"article:tag":["turismo"],"article:published_time":"2014-06-12T20:31:53+00:00","article:modified_time":"2014-06-12T20:33:03+00:00","article:publisher":"https:\/\/facebook.com\/eldigitaldeasturias","twitter:card":"summary_large_image","twitter:title":"Destino Austria : Caminando por las \u00abrutas del placer\u00bb en el Tirol - El Digital de Asturias","twitter:description":"LANDECK, Austria (dpa) - En el estrecho sendero, Markus Schmid para al grupo de caminantes y se\u00f1ala una empinada pendiente. \u00abAqu\u00ed, en la monta\u00f1a, pasta de junio a septiembre nuestro ganado tirol\u00e9s de raza gris\u00bb, dice el gu\u00eda. \u00abLas vacas van todos los d\u00edas de esta pradera a la de Gogle, donde son orde\u00f1adas\u00bb. Los","twitter:image":"https:\/\/www.eldigitaldeasturias.com\/noticias\/wp-content\/uploads\/2014\/06\/CAMINANDO_POR_LAS_RU_38572249.jpg","twitter:label1":"Escrito por","twitter:data1":"El Digital de Asturias","twitter:label2":"Tiempo de lectura estimado","twitter:data2":"5 minutos"},"aioseo_meta_data":{"post_id":"544740","title":null,"description":null,"keywords":null,"keyphrases":null,"primary_term":null,"canonical_url":null,"og_title":null,"og_description":null,"og_object_type":"default","og_image_type":"default","og_image_url":null,"og_image_width":null,"og_image_height":null,"og_image_custom_url":null,"og_image_custom_fields":null,"og_video":null,"og_custom_url":null,"og_article_section":null,"og_article_tags":null,"twitter_use_og":true,"twitter_card":"default","twitter_image_type":"default","twitter_image_url":null,"twitter_image_custom_url":null,"twitter_image_custom_fields":null,"twitter_title":null,"twitter_description":null,"schema":{"blockGraphs":[],"customGraphs":[],"default":{"data":{"Article":[],"Course":[],"Dataset":[],"FAQPage":[],"Movie":[],"Person":[],"Product":[],"ProductReview":[],"Car":[],"Recipe":[],"Service":[],"SoftwareApplication":[],"WebPage":[]},"graphName":"","isEnabled":true},"graphs":[],"defaultGraph":"","defaultPostTypeGraph":""},"schema_type":null,"schema_type_options":null,"pillar_content":false,"robots_default":true,"robots_noindex":false,"robots_noarchive":false,"robots_nosnippet":false,"robots_nofollow":false,"robots_noimageindex":false,"robots_noodp":false,"robots_notranslate":false,"robots_max_snippet":null,"robots_max_videopreview":null,"robots_max_imagepreview":"none","priority":null,"frequency":null,"local_seo":null,"seo_analyzer_scan_date":"2025-09-01 17:21:54","breadcrumb_settings":null,"limit_modified_date":false,"open_ai":null,"ai":null,"created":"2020-11-14 23:24:05","updated":"2025-09-01 17:21:54"},"aioseo_breadcrumb":"<div class=\"aioseo-breadcrumbs\"><span class=\"aioseo-breadcrumb\">\n\t<a href=\"https:\/\/www.eldigitaldeasturias.com\/noticias\" title=\"Home\">Home<\/a>\n<\/span><span class=\"aioseo-breadcrumb-separator\">\u2013<\/span><span class=\"aioseo-breadcrumb\">\n\t<a href=\"https:\/\/www.eldigitaldeasturias.com\/noticias\/category\/turismo\/\" title=\"Turismo\">Turismo<\/a>\n<\/span><span class=\"aioseo-breadcrumb-separator\">\u2013<\/span><span class=\"aioseo-breadcrumb\">\n\t<a href=\"https:\/\/www.eldigitaldeasturias.com\/noticias\/destino-austria-caminando-por-las-rutas-del-placer-en-tirol\/\" title=\"Destino Austria : Caminando por las \u00abrutas del placer\u00bb en el Tirol\">Destino Austria : Caminando por las \u00abrutas del placer\u00bb en el Tirol<\/a>\n<\/span><\/div>","aioseo_breadcrumb_json":[{"label":"Home","link":"https:\/\/www.eldigitaldeasturias.com\/noticias"},{"label":"Turismo","link":"https:\/\/www.eldigitaldeasturias.com\/noticias\/category\/turismo\/"},{"label":"Destino Austria : Caminando por las \u00abrutas del placer\u00bb en el Tirol","link":"https:\/\/www.eldigitaldeasturias.com\/noticias\/destino-austria-caminando-por-las-rutas-del-placer-en-tirol\/"}],"_links":{"self":[{"href":"https:\/\/www.eldigitaldeasturias.com\/noticias\/wp-json\/wp\/v2\/posts\/544740","targetHints":{"allow":["GET"]}}],"collection":[{"href":"https:\/\/www.eldigitaldeasturias.com\/noticias\/wp-json\/wp\/v2\/posts"}],"about":[{"href":"https:\/\/www.eldigitaldeasturias.com\/noticias\/wp-json\/wp\/v2\/types\/post"}],"author":[{"embeddable":true,"href":"https:\/\/www.eldigitaldeasturias.com\/noticias\/wp-json\/wp\/v2\/users\/1"}],"replies":[{"embeddable":true,"href":"https:\/\/www.eldigitaldeasturias.com\/noticias\/wp-json\/wp\/v2\/comments?post=544740"}],"version-history":[{"count":0,"href":"https:\/\/www.eldigitaldeasturias.com\/noticias\/wp-json\/wp\/v2\/posts\/544740\/revisions"}],"wp:featuredmedia":[{"embeddable":true,"href":"https:\/\/www.eldigitaldeasturias.com\/noticias\/wp-json\/wp\/v2\/media\/544742"}],"wp:attachment":[{"href":"https:\/\/www.eldigitaldeasturias.com\/noticias\/wp-json\/wp\/v2\/media?parent=544740"}],"wp:term":[{"taxonomy":"category","embeddable":true,"href":"https:\/\/www.eldigitaldeasturias.com\/noticias\/wp-json\/wp\/v2\/categories?post=544740"},{"taxonomy":"post_tag","embeddable":true,"href":"https:\/\/www.eldigitaldeasturias.com\/noticias\/wp-json\/wp\/v2\/tags?post=544740"}],"curies":[{"name":"wp","href":"https:\/\/api.w.org\/{rel}","templated":true}]}}