{"id":540531,"date":"2014-06-04T19:09:23","date_gmt":"2014-06-04T20:09:23","guid":{"rendered":"http:\/\/www.eldigitaldeasturias.com\/noticias\/?p=540531"},"modified":"2014-06-04T19:09:23","modified_gmt":"2014-06-04T20:09:23","slug":"elsa-pataky-da-la-espalda-a-la-dieta-mediterranea","status":"publish","type":"post","link":"https:\/\/www.eldigitaldeasturias.com\/noticias\/elsa-pataky-da-la-espalda-a-la-dieta-mediterranea\/","title":{"rendered":"Elsa Pataky da la espalda a la dieta mediterr\u00e1nea"},"content":{"rendered":"<p><img loading=\"lazy\" decoding=\"async\" class=\"alignleft size-medium wp-image-540532\" alt=\"Elsa Pataky da la espalda a la dieta mediterr\u00e1nea\" src=\"https:\/\/www.eldigitaldeasturias.com\/noticias\/wp-content\/uploads\/2014\/06\/Elsa-Pataky-da-la-espalda-a-la-dieta-mediterr\u00e1nea-320x320.jpg\" width=\"320\" height=\"320\" \/>Siguiendo el conocido dicho de &#8216;all\u00ed donde fueres, haz lo que vieres&#8217;, Elsa Pataky tuvo claro desde un principio que si quer\u00eda triunfar en la meca del cine deb\u00eda adaptarse por completo al caracter\u00edstico estilo de vida de Los \u00c1ngeles, lo que al menos en el plano alimenticio se traduce en que la dieta mediterr\u00e1nea se ha convertido ya en la gran ausente en el d\u00eda a d\u00eda de la actriz. De hecho, la int\u00e9rprete prefiere consumir otro tipo de alimentos -muy populares en California- como la avena o las semillas de lino.<\/p>\n<p>Para presumir de los muchos beneficios que le ha aportado este cambio de h\u00e1bitos, la madrile\u00f1a ha utilizado el altavoz que le proporciona su blog de la revista Glamour con el objetivo de compartir con sus seguidoras algunos de sus trucos para mantener intacta su envidiable silueta, pese a las exigencias de ser madre de tres hijos.<\/p>\n<p>\u00abEmpieza el d\u00eda con un buen vaso de agua tibia en el que hayas exprimido el zumo de medio lim\u00f3n. Es una costumbre muy saludable que elimina toxinas del cuerpo y aporta vitamina C, adem\u00e1s de ser antioxidante y depurativo\u00bb, recomend\u00f3 en la plataforma digital.<\/p>\n<p>Elsa no ha tenido ning\u00fan reparo a la hora de criticar algunas de las costumbres m\u00e1s extendidas en el pa\u00eds donde naci\u00f3, h\u00e1bitos referentes al desayuno que, desde su punto de vista, son particularmente nocivos para la salud y que cuentan con un sinf\u00edn de alternativas.<\/p>\n<p>\u00abPor la ma\u00f1ana suelo empezar el d\u00eda con un buen desayuno porque es esencial para el resto del d\u00eda. Todo lo contrario de lo que oigo decir a mucha gente: &#8216;Yo me tomo un caf\u00e9 y nada m\u00e1s'\u00bb, declar\u00f3 la estrella, para revelar a continuaci\u00f3n uno de los sabrosos y equilibrados platos que ha descubierto al otro lado del Atl\u00e1ntico:\u00bbDesde que vivo en Estados Unidos, me he acostumbrado a tomar &#8216;porridge&#8217; todos los d\u00edas. Son copos de avena cocidos con leche o agua\u00bb.<\/p>\n<p>Otra de las razones que han llevado a la artista a dejar de lado su antigua dieta reside en su necesidad de cenar poco y antes de las ocho de la tarde, para poder compartir as\u00ed unos momentos de tranquilidad con su apuesto marido, el actor australiano Chris Hemsworth, quien est\u00e1 completamente al margen de los horarios de comida que suele llevar la mayor\u00eda de los compatriotas de su mujer.<\/p>\n<p>\u00abAhora intento cenar antes de las ocho de la tarde, alguna ensalada acompa\u00f1ada tambi\u00e9n de algo de prote\u00edna, como pescado o huevo. Y si he comido bastante, simplemente me tomo una sopa de verduras. Lo que no puedo hacer es cenar muy tarde, porque rompe por completo la din\u00e1mica familiar\u00bb, confes\u00f3.<\/p>\n<p>A pesar de haber renunciado a su oferta gastron\u00f3mica, lo cierto es que Elsa contin\u00faa igual de aferrada que siempre a su identidad espa\u00f1ola, una herencia cultural que intenta mantener presente a la hora de educar a sus reto\u00f1os y que, por extensi\u00f3n, tambi\u00e9n inculca a su marido.<\/p>\n<p>\u00abChris ha aprendido bastante espa\u00f1ol, sobre todo con India, que es una buena profesora, porque le dice una palabra en espa\u00f1ol y si ve que no la entiende, se la repite en ingl\u00e9s, le dice &#8216;vamos let&#8217;s go'\u00bb, relataba Elsa en una entrada anterior de su blog.<\/p>\n","protected":false},"excerpt":{"rendered":"<p>Siguiendo el conocido dicho de &#8216;all\u00ed donde fueres, haz lo que vieres&#8217;, Elsa Pataky tuvo claro desde un principio que si quer\u00eda triunfar en la meca del cine deb\u00eda adaptarse por completo al caracter\u00edstico estilo de vida de Los \u00c1ngeles, lo que al menos en el plano alimenticio se traduce en que la dieta mediterr\u00e1nea [&hellip;]<\/p>\n","protected":false},"author":1,"featured_media":540532,"comment_status":"closed","ping_status":"closed","sticky":false,"template":"","format":"standard","meta":{"footnotes":""},"categories":[28],"tags":[],"class_list":["post-540531","post","type-post","status-publish","format-standard","has-post-thumbnail","hentry","category-sociedad"],"aioseo_notices":[],"aioseo_head":"\n\t\t<!-- All in One SEO Pro 5.0.1 - aioseo.com -->\n\t<meta name=\"description\" content=\"Siguiendo el conocido dicho de &#039;all\u00ed donde fueres, haz lo que vieres&#039;, Elsa Pataky tuvo claro desde un principio que si quer\u00eda triunfar en la meca del cine deb\u00eda adaptarse por completo al caracter\u00edstico estilo de vida de Los \u00c1ngeles, lo que al menos en el plano alimenticio se traduce en que la dieta mediterr\u00e1nea\" \/>\n\t<meta name=\"robots\" content=\"max-image-preview:large\" \/>\n\t<meta name=\"author\" content=\"El Digital de Asturias\"\/>\n\t<meta name=\"google-site-verification\" content=\"UA-38556648-1\" \/>\n\t<meta name=\"msvalidate.01\" content=\"7dfe9f3f1b24437ab69f4f2559babe99\" \/>\n\t<meta name=\"keywords\" content=\"sociedad\" \/>\n\t<link rel=\"canonical\" href=\"https:\/\/www.eldigitaldeasturias.com\/noticias\/elsa-pataky-da-la-espalda-a-la-dieta-mediterranea\/\" \/>\n\t<meta name=\"generator\" content=\"All in One SEO Pro (AIOSEO) 5.0.1\" \/>\n\t\t<meta property=\"og:locale\" content=\"es_ES\" \/>\n\t\t<meta property=\"og:site_name\" content=\"El Digital de Asturias\" \/>\n\t\t<meta property=\"og:type\" content=\"article\" \/>\n\t\t<meta property=\"og:title\" content=\"Elsa Pataky da la espalda a la dieta mediterr\u00e1nea - El Digital de Asturias\" \/>\n\t\t<meta property=\"og:description\" content=\"Siguiendo el conocido dicho de &#039;all\u00ed donde fueres, haz lo que vieres&#039;, Elsa Pataky tuvo claro desde un principio que si quer\u00eda triunfar en la meca del cine deb\u00eda adaptarse por completo al caracter\u00edstico estilo de vida de Los \u00c1ngeles, lo que al menos en el plano alimenticio se traduce en que la dieta mediterr\u00e1nea\" \/>\n\t\t<meta property=\"og:url\" content=\"https:\/\/www.eldigitaldeasturias.com\/noticias\/elsa-pataky-da-la-espalda-a-la-dieta-mediterranea\/\" \/>\n\t\t<meta property=\"article:tag\" content=\"sociedad\" \/>\n\t\t<meta property=\"article:published_time\" content=\"2014-06-04T20:09:23+00:00\" \/>\n\t\t<meta property=\"article:modified_time\" content=\"2014-06-04T20:09:23+00:00\" \/>\n\t\t<meta property=\"article:publisher\" content=\"https:\/\/facebook.com\/eldigitaldeasturias\" \/>\n\t\t<meta name=\"twitter:card\" content=\"summary_large_image\" \/>\n\t\t<meta name=\"twitter:title\" content=\"Elsa Pataky da la espalda a la dieta mediterr\u00e1nea - El Digital de Asturias\" \/>\n\t\t<meta name=\"twitter:description\" content=\"Siguiendo el conocido dicho de &#039;all\u00ed donde fueres, haz lo que vieres&#039;, Elsa Pataky tuvo claro desde un principio que si quer\u00eda triunfar en la meca del cine deb\u00eda adaptarse por completo al caracter\u00edstico estilo de vida de Los \u00c1ngeles, lo que al menos en el plano alimenticio se traduce en que la dieta mediterr\u00e1nea\" \/>\n\t\t<meta name=\"twitter:label1\" content=\"Escrito por\" \/>\n\t\t<meta name=\"twitter:data1\" content=\"El Digital de Asturias\" \/>\n\t\t<meta name=\"twitter:label2\" content=\"Tiempo de lectura estimado\" \/>\n\t\t<meta name=\"twitter:data2\" content=\"3 minutos\" \/>\n\t\t<script type=\"application\/ld+json\" class=\"aioseo-schema\">\n\t\t\t{\"@context\":\"https:\\\/\\\/schema.org\",\"@graph\":[{\"@type\":\"BlogPosting\",\"@id\":\"https:\\\/\\\/www.eldigitaldeasturias.com\\\/noticias\\\/elsa-pataky-da-la-espalda-a-la-dieta-mediterranea\\\/#blogposting\",\"name\":\"Elsa Pataky da la espalda a la dieta mediterr\\u00e1nea - El Digital de Asturias\",\"headline\":\"Elsa Pataky da la espalda a la dieta mediterr\\u00e1nea\",\"author\":{\"@id\":\"https:\\\/\\\/www.eldigitaldeasturias.com\\\/noticias\\\/author\\\/admin\\\/#author\"},\"publisher\":{\"@id\":\"https:\\\/\\\/www.eldigitaldeasturias.com\\\/noticias\\\/#organization\"},\"image\":{\"@type\":\"ImageObject\",\"url\":540532},\"datePublished\":\"2014-06-04T19:09:23+02:00\",\"dateModified\":\"2014-06-04T19:09:23+02:00\",\"inLanguage\":\"es-ES\",\"mainEntityOfPage\":{\"@id\":\"https:\\\/\\\/www.eldigitaldeasturias.com\\\/noticias\\\/elsa-pataky-da-la-espalda-a-la-dieta-mediterranea\\\/#webpage\"},\"isPartOf\":{\"@id\":\"https:\\\/\\\/www.eldigitaldeasturias.com\\\/noticias\\\/elsa-pataky-da-la-espalda-a-la-dieta-mediterranea\\\/#webpage\"},\"articleSection\":\"Sociedad\"},{\"@type\":\"BreadcrumbList\",\"@id\":\"https:\\\/\\\/www.eldigitaldeasturias.com\\\/noticias\\\/elsa-pataky-da-la-espalda-a-la-dieta-mediterranea\\\/#breadcrumblist\",\"itemListElement\":[{\"@type\":\"ListItem\",\"@id\":\"https:\\\/\\\/www.eldigitaldeasturias.com\\\/noticias#listItem\",\"position\":1,\"name\":\"Home\",\"item\":\"https:\\\/\\\/www.eldigitaldeasturias.com\\\/noticias\",\"nextItem\":{\"@type\":\"ListItem\",\"@id\":\"https:\\\/\\\/www.eldigitaldeasturias.com\\\/noticias\\\/category\\\/sociedad\\\/#listItem\",\"name\":\"Sociedad\"}},{\"@type\":\"ListItem\",\"@id\":\"https:\\\/\\\/www.eldigitaldeasturias.com\\\/noticias\\\/category\\\/sociedad\\\/#listItem\",\"position\":2,\"name\":\"Sociedad\",\"item\":\"https:\\\/\\\/www.eldigitaldeasturias.com\\\/noticias\\\/category\\\/sociedad\\\/\",\"nextItem\":{\"@type\":\"ListItem\",\"@id\":\"https:\\\/\\\/www.eldigitaldeasturias.com\\\/noticias\\\/elsa-pataky-da-la-espalda-a-la-dieta-mediterranea\\\/#listItem\",\"name\":\"Elsa Pataky da la espalda a la dieta mediterr\\u00e1nea\"},\"previousItem\":{\"@type\":\"ListItem\",\"@id\":\"https:\\\/\\\/www.eldigitaldeasturias.com\\\/noticias#listItem\",\"name\":\"Home\"}},{\"@type\":\"ListItem\",\"@id\":\"https:\\\/\\\/www.eldigitaldeasturias.com\\\/noticias\\\/elsa-pataky-da-la-espalda-a-la-dieta-mediterranea\\\/#listItem\",\"position\":3,\"name\":\"Elsa Pataky da la espalda a la dieta mediterr\\u00e1nea\",\"previousItem\":{\"@type\":\"ListItem\",\"@id\":\"https:\\\/\\\/www.eldigitaldeasturias.com\\\/noticias\\\/category\\\/sociedad\\\/#listItem\",\"name\":\"Sociedad\"}}]},{\"@type\":\"Organization\",\"@id\":\"https:\\\/\\\/www.eldigitaldeasturias.com\\\/noticias\\\/#organization\",\"name\":\"El Digital de Asturias\",\"description\":\"Hemeroteca\",\"url\":\"https:\\\/\\\/www.eldigitaldeasturias.com\\\/noticias\\\/\",\"email\":\"info@eldigitaldeasturias.com\",\"telephone\":\"+34652131393\",\"logo\":{\"@type\":\"ImageObject\",\"url\":\"https:\\\/\\\/www.eldigitaldeasturias.com\\\/noticias\\\/wp-content\\\/uploads\\\/2020\\\/12\\\/EDA.jpg\",\"@id\":\"https:\\\/\\\/www.eldigitaldeasturias.com\\\/noticias\\\/elsa-pataky-da-la-espalda-a-la-dieta-mediterranea\\\/#organizationLogo\"},\"image\":{\"@id\":\"https:\\\/\\\/www.eldigitaldeasturias.com\\\/noticias\\\/elsa-pataky-da-la-espalda-a-la-dieta-mediterranea\\\/#organizationLogo\"},\"sameAs\":[\"https:\\\/\\\/facebook.com\\\/eldigitaldeasturias\",\"https:\\\/\\\/www.youtube.com\\\/channel\\\/UCZP-2wLEB9Rv6erhFmqVnvg\"],\"address\":{\"@id\":\"https:\\\/\\\/www.eldigitaldeasturias.com\\\/noticias\\\/#postaladdress\",\"@type\":\"PostalAddress\",\"streetAddress\":\"san antonio 4\",\"postalCode\":\"33430\",\"addressLocality\":\"Cand\\u00e1s\",\"addressRegion\":\"Asturias\",\"addressCountry\":\"ES\"}},{\"@type\":\"Person\",\"@id\":\"https:\\\/\\\/www.eldigitaldeasturias.com\\\/noticias\\\/author\\\/admin\\\/#author\",\"url\":\"https:\\\/\\\/www.eldigitaldeasturias.com\\\/noticias\\\/author\\\/admin\\\/\",\"name\":\"El Digital de Asturias\",\"image\":{\"@type\":\"ImageObject\",\"@id\":\"https:\\\/\\\/www.eldigitaldeasturias.com\\\/noticias\\\/elsa-pataky-da-la-espalda-a-la-dieta-mediterranea\\\/#authorImage\",\"url\":\"https:\\\/\\\/secure.gravatar.com\\\/avatar\\\/df2aeffc32bcd13f8d26072ef8a91b623d677766deac7f97ca815868cd41bf5e?s=96&d=mm&r=g\",\"width\":96,\"height\":96,\"caption\":\"El Digital de Asturias\"}},{\"@type\":\"WebPage\",\"@id\":\"https:\\\/\\\/www.eldigitaldeasturias.com\\\/noticias\\\/elsa-pataky-da-la-espalda-a-la-dieta-mediterranea\\\/#webpage\",\"url\":\"https:\\\/\\\/www.eldigitaldeasturias.com\\\/noticias\\\/elsa-pataky-da-la-espalda-a-la-dieta-mediterranea\\\/\",\"name\":\"Elsa Pataky da la espalda a la dieta mediterr\\u00e1nea - El Digital de Asturias\",\"description\":\"Siguiendo el conocido dicho de 'all\\u00ed donde fueres, haz lo que vieres', Elsa Pataky tuvo claro desde un principio que si quer\\u00eda triunfar en la meca del cine deb\\u00eda adaptarse por completo al caracter\\u00edstico estilo de vida de Los \\u00c1ngeles, lo que al menos en el plano alimenticio se traduce en que la dieta mediterr\\u00e1nea\",\"inLanguage\":\"es-ES\",\"isPartOf\":{\"@id\":\"https:\\\/\\\/www.eldigitaldeasturias.com\\\/noticias\\\/#website\"},\"breadcrumb\":{\"@id\":\"https:\\\/\\\/www.eldigitaldeasturias.com\\\/noticias\\\/elsa-pataky-da-la-espalda-a-la-dieta-mediterranea\\\/#breadcrumblist\"},\"author\":{\"@id\":\"https:\\\/\\\/www.eldigitaldeasturias.com\\\/noticias\\\/author\\\/admin\\\/#author\"},\"creator\":{\"@id\":\"https:\\\/\\\/www.eldigitaldeasturias.com\\\/noticias\\\/author\\\/admin\\\/#author\"},\"image\":{\"@type\":\"ImageObject\",\"url\":540532,\"@id\":\"https:\\\/\\\/www.eldigitaldeasturias.com\\\/noticias\\\/elsa-pataky-da-la-espalda-a-la-dieta-mediterranea\\\/#mainImage\"},\"primaryImageOfPage\":{\"@id\":\"https:\\\/\\\/www.eldigitaldeasturias.com\\\/noticias\\\/elsa-pataky-da-la-espalda-a-la-dieta-mediterranea\\\/#mainImage\"},\"datePublished\":\"2014-06-04T19:09:23+02:00\",\"dateModified\":\"2014-06-04T19:09:23+02:00\"},{\"@type\":\"WebSite\",\"@id\":\"https:\\\/\\\/www.eldigitaldeasturias.com\\\/noticias\\\/#website\",\"url\":\"https:\\\/\\\/www.eldigitaldeasturias.com\\\/noticias\\\/\",\"name\":\"El Digital de Asturias - Diario de actualidad y noticias\",\"alternateName\":\"El Digital de Asturias - Diario de actualidad y noticias\",\"description\":\"Hemeroteca\",\"inLanguage\":\"es-ES\",\"publisher\":{\"@id\":\"https:\\\/\\\/www.eldigitaldeasturias.com\\\/noticias\\\/#organization\"}}]}\n\t\t<\/script>\n\t\t<!-- All in One SEO Pro -->\r\n\t\t<title>Elsa Pataky da la espalda a la dieta mediterr\u00e1nea - El Digital de Asturias<\/title>\n\n","aioseo_head_json":{"title":"Elsa Pataky da la espalda a la dieta mediterr\u00e1nea - El Digital de Asturias","description":"Siguiendo el conocido dicho de 'all\u00ed donde fueres, haz lo que vieres', Elsa Pataky tuvo claro desde un principio que si quer\u00eda triunfar en la meca del cine deb\u00eda adaptarse por completo al caracter\u00edstico estilo de vida de Los \u00c1ngeles, lo que al menos en el plano alimenticio se traduce en que la dieta mediterr\u00e1nea","canonical_url":"https:\/\/www.eldigitaldeasturias.com\/noticias\/elsa-pataky-da-la-espalda-a-la-dieta-mediterranea\/","robots":"max-image-preview:large","keywords":"sociedad","webmasterTools":{"google-site-verification":"UA-38556648-1","msvalidate.01":"7dfe9f3f1b24437ab69f4f2559babe99","miscellaneous":""},"schema":{"@context":"https:\/\/schema.org","@graph":[{"@type":"BlogPosting","@id":"https:\/\/www.eldigitaldeasturias.com\/noticias\/elsa-pataky-da-la-espalda-a-la-dieta-mediterranea\/#blogposting","name":"Elsa Pataky da la espalda a la dieta mediterr\u00e1nea - El Digital de Asturias","headline":"Elsa Pataky da la espalda a la dieta mediterr\u00e1nea","author":{"@id":"https:\/\/www.eldigitaldeasturias.com\/noticias\/author\/admin\/#author"},"publisher":{"@id":"https:\/\/www.eldigitaldeasturias.com\/noticias\/#organization"},"image":{"@type":"ImageObject","url":540532},"datePublished":"2014-06-04T19:09:23+02:00","dateModified":"2014-06-04T19:09:23+02:00","inLanguage":"es-ES","mainEntityOfPage":{"@id":"https:\/\/www.eldigitaldeasturias.com\/noticias\/elsa-pataky-da-la-espalda-a-la-dieta-mediterranea\/#webpage"},"isPartOf":{"@id":"https:\/\/www.eldigitaldeasturias.com\/noticias\/elsa-pataky-da-la-espalda-a-la-dieta-mediterranea\/#webpage"},"articleSection":"Sociedad"},{"@type":"BreadcrumbList","@id":"https:\/\/www.eldigitaldeasturias.com\/noticias\/elsa-pataky-da-la-espalda-a-la-dieta-mediterranea\/#breadcrumblist","itemListElement":[{"@type":"ListItem","@id":"https:\/\/www.eldigitaldeasturias.com\/noticias#listItem","position":1,"name":"Home","item":"https:\/\/www.eldigitaldeasturias.com\/noticias","nextItem":{"@type":"ListItem","@id":"https:\/\/www.eldigitaldeasturias.com\/noticias\/category\/sociedad\/#listItem","name":"Sociedad"}},{"@type":"ListItem","@id":"https:\/\/www.eldigitaldeasturias.com\/noticias\/category\/sociedad\/#listItem","position":2,"name":"Sociedad","item":"https:\/\/www.eldigitaldeasturias.com\/noticias\/category\/sociedad\/","nextItem":{"@type":"ListItem","@id":"https:\/\/www.eldigitaldeasturias.com\/noticias\/elsa-pataky-da-la-espalda-a-la-dieta-mediterranea\/#listItem","name":"Elsa Pataky da la espalda a la dieta mediterr\u00e1nea"},"previousItem":{"@type":"ListItem","@id":"https:\/\/www.eldigitaldeasturias.com\/noticias#listItem","name":"Home"}},{"@type":"ListItem","@id":"https:\/\/www.eldigitaldeasturias.com\/noticias\/elsa-pataky-da-la-espalda-a-la-dieta-mediterranea\/#listItem","position":3,"name":"Elsa Pataky da la espalda a la dieta mediterr\u00e1nea","previousItem":{"@type":"ListItem","@id":"https:\/\/www.eldigitaldeasturias.com\/noticias\/category\/sociedad\/#listItem","name":"Sociedad"}}]},{"@type":"Organization","@id":"https:\/\/www.eldigitaldeasturias.com\/noticias\/#organization","name":"El Digital de Asturias","description":"Hemeroteca","url":"https:\/\/www.eldigitaldeasturias.com\/noticias\/","email":"info@eldigitaldeasturias.com","telephone":"+34652131393","logo":{"@type":"ImageObject","url":"https:\/\/www.eldigitaldeasturias.com\/noticias\/wp-content\/uploads\/2020\/12\/EDA.jpg","@id":"https:\/\/www.eldigitaldeasturias.com\/noticias\/elsa-pataky-da-la-espalda-a-la-dieta-mediterranea\/#organizationLogo"},"image":{"@id":"https:\/\/www.eldigitaldeasturias.com\/noticias\/elsa-pataky-da-la-espalda-a-la-dieta-mediterranea\/#organizationLogo"},"sameAs":["https:\/\/facebook.com\/eldigitaldeasturias","https:\/\/www.youtube.com\/channel\/UCZP-2wLEB9Rv6erhFmqVnvg"],"address":{"@id":"https:\/\/www.eldigitaldeasturias.com\/noticias\/#postaladdress","@type":"PostalAddress","streetAddress":"san antonio 4","postalCode":"33430","addressLocality":"Cand\u00e1s","addressRegion":"Asturias","addressCountry":"ES"}},{"@type":"Person","@id":"https:\/\/www.eldigitaldeasturias.com\/noticias\/author\/admin\/#author","url":"https:\/\/www.eldigitaldeasturias.com\/noticias\/author\/admin\/","name":"El Digital de Asturias","image":{"@type":"ImageObject","@id":"https:\/\/www.eldigitaldeasturias.com\/noticias\/elsa-pataky-da-la-espalda-a-la-dieta-mediterranea\/#authorImage","url":"https:\/\/secure.gravatar.com\/avatar\/df2aeffc32bcd13f8d26072ef8a91b623d677766deac7f97ca815868cd41bf5e?s=96&d=mm&r=g","width":96,"height":96,"caption":"El Digital de Asturias"}},{"@type":"WebPage","@id":"https:\/\/www.eldigitaldeasturias.com\/noticias\/elsa-pataky-da-la-espalda-a-la-dieta-mediterranea\/#webpage","url":"https:\/\/www.eldigitaldeasturias.com\/noticias\/elsa-pataky-da-la-espalda-a-la-dieta-mediterranea\/","name":"Elsa Pataky da la espalda a la dieta mediterr\u00e1nea - El Digital de Asturias","description":"Siguiendo el conocido dicho de 'all\u00ed donde fueres, haz lo que vieres', Elsa Pataky tuvo claro desde un principio que si quer\u00eda triunfar en la meca del cine deb\u00eda adaptarse por completo al caracter\u00edstico estilo de vida de Los \u00c1ngeles, lo que al menos en el plano alimenticio se traduce en que la dieta mediterr\u00e1nea","inLanguage":"es-ES","isPartOf":{"@id":"https:\/\/www.eldigitaldeasturias.com\/noticias\/#website"},"breadcrumb":{"@id":"https:\/\/www.eldigitaldeasturias.com\/noticias\/elsa-pataky-da-la-espalda-a-la-dieta-mediterranea\/#breadcrumblist"},"author":{"@id":"https:\/\/www.eldigitaldeasturias.com\/noticias\/author\/admin\/#author"},"creator":{"@id":"https:\/\/www.eldigitaldeasturias.com\/noticias\/author\/admin\/#author"},"image":{"@type":"ImageObject","url":540532,"@id":"https:\/\/www.eldigitaldeasturias.com\/noticias\/elsa-pataky-da-la-espalda-a-la-dieta-mediterranea\/#mainImage"},"primaryImageOfPage":{"@id":"https:\/\/www.eldigitaldeasturias.com\/noticias\/elsa-pataky-da-la-espalda-a-la-dieta-mediterranea\/#mainImage"},"datePublished":"2014-06-04T19:09:23+02:00","dateModified":"2014-06-04T19:09:23+02:00"},{"@type":"WebSite","@id":"https:\/\/www.eldigitaldeasturias.com\/noticias\/#website","url":"https:\/\/www.eldigitaldeasturias.com\/noticias\/","name":"El Digital de Asturias - Diario de actualidad y noticias","alternateName":"El Digital de Asturias - Diario de actualidad y noticias","description":"Hemeroteca","inLanguage":"es-ES","publisher":{"@id":"https:\/\/www.eldigitaldeasturias.com\/noticias\/#organization"}}]},"og:locale":"es_ES","og:site_name":"El Digital de Asturias","og:type":"article","og:title":"Elsa Pataky da la espalda a la dieta mediterr\u00e1nea - El Digital de Asturias","og:description":"Siguiendo el conocido dicho de 'all\u00ed donde fueres, haz lo que vieres', Elsa Pataky tuvo claro desde un principio que si quer\u00eda triunfar en la meca del cine deb\u00eda adaptarse por completo al caracter\u00edstico estilo de vida de Los \u00c1ngeles, lo que al menos en el plano alimenticio se traduce en que la dieta mediterr\u00e1nea","og:url":"https:\/\/www.eldigitaldeasturias.com\/noticias\/elsa-pataky-da-la-espalda-a-la-dieta-mediterranea\/","article:tag":["sociedad"],"article:published_time":"2014-06-04T20:09:23+00:00","article:modified_time":"2014-06-04T20:09:23+00:00","article:publisher":"https:\/\/facebook.com\/eldigitaldeasturias","twitter:card":"summary_large_image","twitter:title":"Elsa Pataky da la espalda a la dieta mediterr\u00e1nea - El Digital de Asturias","twitter:description":"Siguiendo el conocido dicho de 'all\u00ed donde fueres, haz lo que vieres', Elsa Pataky tuvo claro desde un principio que si quer\u00eda triunfar en la meca del cine deb\u00eda adaptarse por completo al caracter\u00edstico estilo de vida de Los \u00c1ngeles, lo que al menos en el plano alimenticio se traduce en que la dieta mediterr\u00e1nea","twitter:label1":"Escrito por","twitter:data1":"El Digital de Asturias","twitter:label2":"Tiempo de lectura estimado","twitter:data2":"3 minutos"},"aioseo_meta_data":{"post_id":"540531","title":null,"description":null,"keywords":null,"keyphrases":null,"primary_term":null,"canonical_url":null,"og_title":null,"og_description":null,"og_object_type":"default","og_image_type":"default","og_image_url":null,"og_image_width":null,"og_image_height":null,"og_image_custom_url":null,"og_image_custom_fields":null,"og_video":null,"og_custom_url":null,"og_article_section":null,"og_article_tags":null,"twitter_use_og":true,"twitter_card":"default","twitter_image_type":"default","twitter_image_url":null,"twitter_image_custom_url":null,"twitter_image_custom_fields":null,"twitter_title":null,"twitter_description":null,"schema":{"blockGraphs":[],"customGraphs":[],"default":{"data":{"Article":[],"Course":[],"Dataset":[],"FAQPage":[],"Movie":[],"Person":[],"Product":[],"ProductReview":[],"Car":[],"Recipe":[],"Service":[],"SoftwareApplication":[],"WebPage":[]},"graphName":"","isEnabled":true},"graphs":[]},"schema_type":null,"schema_type_options":null,"pillar_content":false,"robots_default":true,"robots_noindex":false,"robots_noarchive":false,"robots_nosnippet":false,"robots_nofollow":false,"robots_noimageindex":false,"robots_noodp":false,"robots_notranslate":false,"robots_max_snippet":null,"robots_max_videopreview":null,"robots_max_imagepreview":"none","priority":null,"frequency":null,"local_seo":null,"seo_analyzer_scan_date":"2026-06-14 07:01:49","breadcrumb_settings":null,"limit_modified_date":false,"open_ai":null,"ai":null,"created":"2020-11-14 23:22:08","updated":"2026-06-14 07:01:49","focus_keyword":null,"additional_keywords":null,"truseo_locale":null},"aioseo_breadcrumb":"<div class=\"aioseo-breadcrumbs\"><span class=\"aioseo-breadcrumb\">\n\t<a href=\"https:\/\/www.eldigitaldeasturias.com\/noticias\" title=\"Home\">Home<\/a>\n<\/span><span class=\"aioseo-breadcrumb-separator\">\u2013<\/span><span class=\"aioseo-breadcrumb\">\n\t<a href=\"https:\/\/www.eldigitaldeasturias.com\/noticias\/category\/sociedad\/\" title=\"Sociedad\">Sociedad<\/a>\n<\/span><span class=\"aioseo-breadcrumb-separator\">\u2013<\/span><span class=\"aioseo-breadcrumb\">\n\t<a href=\"https:\/\/www.eldigitaldeasturias.com\/noticias\/elsa-pataky-da-la-espalda-a-la-dieta-mediterranea\/\" title=\"Elsa Pataky da la espalda a la dieta mediterr\u00e1nea\">Elsa Pataky da la espalda a la dieta mediterr\u00e1nea<\/a>\n<\/span><\/div>","aioseo_breadcrumb_json":[{"label":"Home","link":"https:\/\/www.eldigitaldeasturias.com\/noticias"},{"label":"Sociedad","link":"https:\/\/www.eldigitaldeasturias.com\/noticias\/category\/sociedad\/"},{"label":"Elsa Pataky da la espalda a la dieta mediterr\u00e1nea","link":"https:\/\/www.eldigitaldeasturias.com\/noticias\/elsa-pataky-da-la-espalda-a-la-dieta-mediterranea\/"}],"_links":{"self":[{"href":"https:\/\/www.eldigitaldeasturias.com\/noticias\/wp-json\/wp\/v2\/posts\/540531","targetHints":{"allow":["GET"]}}],"collection":[{"href":"https:\/\/www.eldigitaldeasturias.com\/noticias\/wp-json\/wp\/v2\/posts"}],"about":[{"href":"https:\/\/www.eldigitaldeasturias.com\/noticias\/wp-json\/wp\/v2\/types\/post"}],"author":[{"embeddable":true,"href":"https:\/\/www.eldigitaldeasturias.com\/noticias\/wp-json\/wp\/v2\/users\/1"}],"replies":[{"embeddable":true,"href":"https:\/\/www.eldigitaldeasturias.com\/noticias\/wp-json\/wp\/v2\/comments?post=540531"}],"version-history":[{"count":0,"href":"https:\/\/www.eldigitaldeasturias.com\/noticias\/wp-json\/wp\/v2\/posts\/540531\/revisions"}],"wp:attachment":[{"href":"https:\/\/www.eldigitaldeasturias.com\/noticias\/wp-json\/wp\/v2\/media?parent=540531"}],"wp:term":[{"taxonomy":"category","embeddable":true,"href":"https:\/\/www.eldigitaldeasturias.com\/noticias\/wp-json\/wp\/v2\/categories?post=540531"},{"taxonomy":"post_tag","embeddable":true,"href":"https:\/\/www.eldigitaldeasturias.com\/noticias\/wp-json\/wp\/v2\/tags?post=540531"}],"curies":[{"name":"wp","href":"https:\/\/api.w.org\/{rel}","templated":true}]}}