{"id":531947,"date":"2014-05-16T23:43:25","date_gmt":"2014-05-17T00:43:25","guid":{"rendered":"http:\/\/www.eldigitaldeasturias.com\/noticias\/?p=531947"},"modified":"2014-05-16T23:43:25","modified_gmt":"2014-05-17T00:43:25","slug":"destino-caraiva-un-idilico-pueblo-de-330-almas-y-una-playa-de-12-kilometros","status":"publish","type":"post","link":"https:\/\/www.eldigitaldeasturias.com\/noticias\/destino-caraiva-un-idilico-pueblo-de-330-almas-y-una-playa-de-12-kilometros\/","title":{"rendered":"Destino Cara\u00edva : Un id\u00edlico pueblo de 330 almas y una playa de 12 kil\u00f3metros"},"content":{"rendered":"<p><img loading=\"lazy\" decoding=\"async\" class=\"alignleft size-medium wp-image-531948\" alt=\"Cara\u00edva: un id\u00edlico pueblo de 330 almas con una playa de 12 km\" src=\"https:\/\/www.eldigitaldeasturias.com\/noticias\/wp-content\/uploads\/2014\/05\/CARA_VA_UN_ID_LICO_P_38279656a-360x247.jpg\" width=\"360\" height=\"247\" \/>CARA\u00cdVA, Brasil (dpa) &#8211; Un mar de color turquesa, playa de arena blanca, palmeras y j\u00f3venes bronceados o bellezas en bikini: en v\u00edsperas del Mundial de f\u00fatbol, esta imagen clich\u00e9 de Brasil aparece en estos d\u00edas en muchas revistas y campa\u00f1as de publicidad. Y aqu\u00ed parece estar la cuna de este lugar com\u00fan, en la Costa do Descobrimento, en el estado de Bahia.<\/p>\n<p>En esta costa, cerca de Trancoso, la banda Kaoma grab\u00f3 en 1989 el clip para \u00abLambada\u00bb, el hit del verano de aquel a\u00f1o. Comparado con la belleza de la playa de arena de Cara\u00edva, que tiene una extensi\u00f3n de 12 kil\u00f3metros, incluso palidece el glamour de Trancoso.<\/p>\n<p>En esta playa de ensue\u00f1o todav\u00eda es m\u00e1s probable que uno se encuentre con tortugas marinas que con turistas. Tambi\u00e9n porque a los turistas les parece demasiado complicado llegar a este lugar: la carretera federal que conduce a Cara\u00edva termina poco despu\u00e9s de dejar atr\u00e1s Trancoso. El camino de arena, que unas veces atraviesa una espesa selva tropical y otras veces pasa junto a praderas con enormes reba\u00f1os de ganado vacuno, est\u00e1 sembrado de piedras y baches profundos.<\/p>\n<p><img loading=\"lazy\" decoding=\"async\" class=\"alignright size-medium wp-image-531949\" alt=\"Cara\u00edva: un id\u00edlico pueblo de 330 almas con una playa de 12 km\" src=\"https:\/\/www.eldigitaldeasturias.com\/noticias\/wp-content\/uploads\/2014\/05\/CARA_VA_UN_ID_LICO_P_38279656-360x240.jpg\" width=\"360\" height=\"240\" srcset=\"https:\/\/www.eldigitaldeasturias.com\/noticias\/wp-content\/uploads\/2014\/05\/CARA_VA_UN_ID_LICO_P_38279656-360x240.jpg 360w, https:\/\/www.eldigitaldeasturias.com\/noticias\/wp-content\/uploads\/2014\/05\/CARA_VA_UN_ID_LICO_P_38279656-768x512.jpg 768w, https:\/\/www.eldigitaldeasturias.com\/noticias\/wp-content\/uploads\/2014\/05\/CARA_VA_UN_ID_LICO_P_38279656-650x433.jpg 650w\" sizes=\"auto, (max-width: 360px) 100vw, 360px\" \/>El pintoresco pueblo, rodeado de selva tropical y manglares, est\u00e1 situado en la desembocadura del r\u00edo Cara\u00edva en el Atl\u00e1ntico. No hay coches en las angostas calles sin pavimentar del pueblo. A esta encantadora localidad con sus casas multicolores de una sola planta s\u00f3lo se puede llegar en los peque\u00f1os barcos que navegan por el r\u00edo. El \u00fanico taxi para visitantes perezosos es un coche tirado por un burro.<\/p>\n<p>Aqu\u00ed, el turismo a\u00fan est\u00e1 en mantillas, a pesar de que en los \u00faltimos a\u00f1os cada vez m\u00e1s turistas han descubierto esta aldea de pescadores de 330 habitantes.<\/p>\n<p><img loading=\"lazy\" decoding=\"async\" class=\"alignleft size-medium wp-image-531950\" alt=\"Cara\u00edva: un id\u00edlico pueblo de 330 almas con una playa de 12 km\" src=\"https:\/\/www.eldigitaldeasturias.com\/noticias\/wp-content\/uploads\/2014\/05\/CARA_VA_UN_ID_LICO_P_38279656v-360x252.jpg\" width=\"360\" height=\"252\" \/>\u00abTodo cambi\u00f3 hace cinco a\u00f1os, cuando por fin tuvimos electricidad. Desde entonces tambi\u00e9n est\u00e1n viniendo m\u00e1s turistas\u00bb, dice Duca, una brasile\u00f1a de 80 a\u00f1os. En su restaurante vegetariano \u00abCanto da Duca\u00bb ofrece cuadros pintados por ella y cursos de yoga, as\u00ed como un sabroso desayuno. La ex bailadora de Lambada prepara ella misma el pan negro, la mantequilla y la mermelada de mango. Duca, originaria del sur de Brasil, ya lleva m\u00e1s de 40 a\u00f1os viviendo en Cara\u00edva, su \u00abpara\u00edso terrenal\u00bb.Un para\u00edso que tiene el aspecto de una oasis olvidada de los viejos tiempos de los hippies y que, aun as\u00ed, se est\u00e1 modernizando, como demuestra el hermoso hotel \u00abCasa da Praia\u00bb, en cuyo chiringuito se vende sushi en un ambiente chill out.<\/p>\n<p>El id\u00edlico car\u00e1cter del pueblo no ha desaparecido. S\u00f3lo raras veces hay cobertura de telefon\u00eda m\u00f3vil y no hay ninguna discoteca. En los restaurantes, generalmente decorados con buen gusto, de vez en cuando act\u00faan peque\u00f1as bandas tocando m\u00fasica forr\u00f3. Entonces, tambi\u00e9n los habitantes del pueblo se re\u00fanen ah\u00ed para bailar.<\/p>\n<p>INFORMACI\u00d3N B\u00c1SICA: COSTA DO DESCOBRIMENTO, BRASIL<\/p>\n<p>Destino: Cara\u00edva est\u00e1 situada en la Costa do Descobrimento, en el sur del estado de Bahia, en el noreste de Brasil.<\/p>\n<p>C\u00f3mo llegar: en avi\u00f3n v\u00eda Sao Paulo a Porto Seguro y de all\u00ed en coche de alquiler a Cara\u00edva.<\/p>\n<p>Moneda: un euro equivale a 3,04 y un d\u00f3lar a 2,22 reales brasile\u00f1os.<\/p>\n<p>Informaciones: la oficina de turismo Bahiatursa da informaci\u00f3n sobre las ofertas de ocio, los hoteles y restaurantes en la regi\u00f3n (www.bahia.com.br)<\/p>\n<p>Por Manuel Meyer<\/p>\n","protected":false},"excerpt":{"rendered":"<p>CARA\u00cdVA, Brasil (dpa) &#8211; Un mar de color turquesa, playa de arena blanca, palmeras y j\u00f3venes bronceados o bellezas en bikini: en v\u00edsperas del Mundial de f\u00fatbol, esta imagen clich\u00e9 de Brasil aparece en estos d\u00edas en muchas revistas y campa\u00f1as de publicidad. Y aqu\u00ed parece estar la cuna de este lugar com\u00fan, en la [&hellip;]<\/p>\n","protected":false},"author":1,"featured_media":531948,"comment_status":"closed","ping_status":"closed","sticky":false,"template":"","format":"standard","meta":{"footnotes":""},"categories":[148],"tags":[],"class_list":["post-531947","post","type-post","status-publish","format-standard","has-post-thumbnail","hentry","category-turismo"],"aioseo_notices":[],"aioseo_head":"\n\t\t<!-- All in One SEO Pro 4.9.6.2 - aioseo.com -->\n\t<meta name=\"description\" content=\"CARA\u00cdVA, Brasil (dpa) - Un mar de color turquesa, playa de arena blanca, palmeras y j\u00f3venes bronceados o bellezas en bikini: en v\u00edsperas del Mundial de f\u00fatbol, esta imagen clich\u00e9 de Brasil aparece en estos d\u00edas en muchas revistas y campa\u00f1as de publicidad. Y aqu\u00ed parece estar la cuna de este lugar com\u00fan, en la\" \/>\n\t<meta name=\"robots\" content=\"max-image-preview:large\" \/>\n\t<meta name=\"author\" content=\"El Digital de Asturias\"\/>\n\t<meta name=\"google-site-verification\" content=\"UA-38556648-1\" \/>\n\t<meta name=\"msvalidate.01\" content=\"7dfe9f3f1b24437ab69f4f2559babe99\" \/>\n\t<meta name=\"keywords\" content=\"turismo\" \/>\n\t<link rel=\"canonical\" href=\"https:\/\/www.eldigitaldeasturias.com\/noticias\/destino-caraiva-un-idilico-pueblo-de-330-almas-y-una-playa-de-12-kilometros\/\" \/>\n\t<meta name=\"generator\" content=\"All in One SEO Pro (AIOSEO) 4.9.6.2\" \/>\n\t\t<meta property=\"og:locale\" content=\"es_ES\" \/>\n\t\t<meta property=\"og:site_name\" content=\"El Digital de Asturias\" \/>\n\t\t<meta property=\"og:type\" content=\"article\" \/>\n\t\t<meta property=\"og:title\" content=\"Destino Cara\u00edva : Un id\u00edlico pueblo de 330 almas y una playa de 12 kil\u00f3metros - El Digital de Asturias\" \/>\n\t\t<meta property=\"og:description\" content=\"CARA\u00cdVA, Brasil (dpa) - Un mar de color turquesa, playa de arena blanca, palmeras y j\u00f3venes bronceados o bellezas en bikini: en v\u00edsperas del Mundial de f\u00fatbol, esta imagen clich\u00e9 de Brasil aparece en estos d\u00edas en muchas revistas y campa\u00f1as de publicidad. Y aqu\u00ed parece estar la cuna de este lugar com\u00fan, en la\" \/>\n\t\t<meta property=\"og:url\" content=\"https:\/\/www.eldigitaldeasturias.com\/noticias\/destino-caraiva-un-idilico-pueblo-de-330-almas-y-una-playa-de-12-kilometros\/\" \/>\n\t\t<meta property=\"og:image\" content=\"https:\/\/www.eldigitaldeasturias.com\/noticias\/wp-content\/uploads\/2014\/05\/CARA_VA_UN_ID_LICO_P_38279656a.jpg\" \/>\n\t\t<meta property=\"og:image:secure_url\" content=\"https:\/\/www.eldigitaldeasturias.com\/noticias\/wp-content\/uploads\/2014\/05\/CARA_VA_UN_ID_LICO_P_38279656a.jpg\" \/>\n\t\t<meta property=\"og:image:width\" content=\"2574\" \/>\n\t\t<meta property=\"og:image:height\" content=\"1770\" \/>\n\t\t<meta property=\"article:tag\" content=\"turismo\" \/>\n\t\t<meta property=\"article:published_time\" content=\"2014-05-17T00:43:25+00:00\" \/>\n\t\t<meta property=\"article:modified_time\" content=\"2014-05-17T00:43:25+00:00\" \/>\n\t\t<meta property=\"article:publisher\" content=\"https:\/\/facebook.com\/eldigitaldeasturias\" \/>\n\t\t<meta name=\"twitter:card\" content=\"summary_large_image\" \/>\n\t\t<meta name=\"twitter:title\" content=\"Destino Cara\u00edva : Un id\u00edlico pueblo de 330 almas y una playa de 12 kil\u00f3metros - El Digital de Asturias\" \/>\n\t\t<meta name=\"twitter:description\" content=\"CARA\u00cdVA, Brasil (dpa) - Un mar de color turquesa, playa de arena blanca, palmeras y j\u00f3venes bronceados o bellezas en bikini: en v\u00edsperas del Mundial de f\u00fatbol, esta imagen clich\u00e9 de Brasil aparece en estos d\u00edas en muchas revistas y campa\u00f1as de publicidad. Y aqu\u00ed parece estar la cuna de este lugar com\u00fan, en la\" \/>\n\t\t<meta name=\"twitter:image\" content=\"https:\/\/www.eldigitaldeasturias.com\/noticias\/wp-content\/uploads\/2014\/05\/CARA_VA_UN_ID_LICO_P_38279656a.jpg\" \/>\n\t\t<meta name=\"twitter:label1\" content=\"Escrito por\" \/>\n\t\t<meta name=\"twitter:data1\" content=\"El Digital de Asturias\" \/>\n\t\t<meta name=\"twitter:label2\" content=\"Tiempo de lectura estimado\" \/>\n\t\t<meta name=\"twitter:data2\" content=\"3 minutos\" \/>\n\t\t<script type=\"application\/ld+json\" class=\"aioseo-schema\">\n\t\t\t{\"@context\":\"https:\\\/\\\/schema.org\",\"@graph\":[{\"@type\":\"BlogPosting\",\"@id\":\"https:\\\/\\\/www.eldigitaldeasturias.com\\\/noticias\\\/destino-caraiva-un-idilico-pueblo-de-330-almas-y-una-playa-de-12-kilometros\\\/#blogposting\",\"name\":\"Destino Cara\\u00edva : Un id\\u00edlico pueblo de 330 almas y una playa de 12 kil\\u00f3metros - El Digital de Asturias\",\"headline\":\"Destino Cara\\u00edva : Un id\\u00edlico pueblo de 330 almas y una playa de 12 kil\\u00f3metros\",\"author\":{\"@id\":\"https:\\\/\\\/www.eldigitaldeasturias.com\\\/noticias\\\/author\\\/admin\\\/#author\"},\"publisher\":{\"@id\":\"https:\\\/\\\/www.eldigitaldeasturias.com\\\/noticias\\\/#organization\"},\"image\":{\"@type\":\"ImageObject\",\"url\":\"https:\\\/\\\/www.eldigitaldeasturias.com\\\/noticias\\\/wp-content\\\/uploads\\\/2014\\\/05\\\/CARA_VA_UN_ID_LICO_P_38279656a.jpg\",\"width\":2574,\"height\":1770},\"datePublished\":\"2014-05-16T23:43:25+02:00\",\"dateModified\":\"2014-05-16T23:43:25+02:00\",\"inLanguage\":\"es-ES\",\"mainEntityOfPage\":{\"@id\":\"https:\\\/\\\/www.eldigitaldeasturias.com\\\/noticias\\\/destino-caraiva-un-idilico-pueblo-de-330-almas-y-una-playa-de-12-kilometros\\\/#webpage\"},\"isPartOf\":{\"@id\":\"https:\\\/\\\/www.eldigitaldeasturias.com\\\/noticias\\\/destino-caraiva-un-idilico-pueblo-de-330-almas-y-una-playa-de-12-kilometros\\\/#webpage\"},\"articleSection\":\"Turismo\"},{\"@type\":\"BreadcrumbList\",\"@id\":\"https:\\\/\\\/www.eldigitaldeasturias.com\\\/noticias\\\/destino-caraiva-un-idilico-pueblo-de-330-almas-y-una-playa-de-12-kilometros\\\/#breadcrumblist\",\"itemListElement\":[{\"@type\":\"ListItem\",\"@id\":\"https:\\\/\\\/www.eldigitaldeasturias.com\\\/noticias#listItem\",\"position\":1,\"name\":\"Home\",\"item\":\"https:\\\/\\\/www.eldigitaldeasturias.com\\\/noticias\",\"nextItem\":{\"@type\":\"ListItem\",\"@id\":\"https:\\\/\\\/www.eldigitaldeasturias.com\\\/noticias\\\/category\\\/turismo\\\/#listItem\",\"name\":\"Turismo\"}},{\"@type\":\"ListItem\",\"@id\":\"https:\\\/\\\/www.eldigitaldeasturias.com\\\/noticias\\\/category\\\/turismo\\\/#listItem\",\"position\":2,\"name\":\"Turismo\",\"item\":\"https:\\\/\\\/www.eldigitaldeasturias.com\\\/noticias\\\/category\\\/turismo\\\/\",\"nextItem\":{\"@type\":\"ListItem\",\"@id\":\"https:\\\/\\\/www.eldigitaldeasturias.com\\\/noticias\\\/destino-caraiva-un-idilico-pueblo-de-330-almas-y-una-playa-de-12-kilometros\\\/#listItem\",\"name\":\"Destino Cara\\u00edva : Un id\\u00edlico pueblo de 330 almas y una playa de 12 kil\\u00f3metros\"},\"previousItem\":{\"@type\":\"ListItem\",\"@id\":\"https:\\\/\\\/www.eldigitaldeasturias.com\\\/noticias#listItem\",\"name\":\"Home\"}},{\"@type\":\"ListItem\",\"@id\":\"https:\\\/\\\/www.eldigitaldeasturias.com\\\/noticias\\\/destino-caraiva-un-idilico-pueblo-de-330-almas-y-una-playa-de-12-kilometros\\\/#listItem\",\"position\":3,\"name\":\"Destino Cara\\u00edva : Un id\\u00edlico pueblo de 330 almas y una playa de 12 kil\\u00f3metros\",\"previousItem\":{\"@type\":\"ListItem\",\"@id\":\"https:\\\/\\\/www.eldigitaldeasturias.com\\\/noticias\\\/category\\\/turismo\\\/#listItem\",\"name\":\"Turismo\"}}]},{\"@type\":\"Organization\",\"@id\":\"https:\\\/\\\/www.eldigitaldeasturias.com\\\/noticias\\\/#organization\",\"name\":\"El Digital de Asturias\",\"description\":\"Hemeroteca\",\"url\":\"https:\\\/\\\/www.eldigitaldeasturias.com\\\/noticias\\\/\",\"email\":\"info@eldigitaldeasturias.com\",\"telephone\":\"+34652131393\",\"logo\":{\"@type\":\"ImageObject\",\"url\":\"https:\\\/\\\/www.eldigitaldeasturias.com\\\/noticias\\\/wp-content\\\/uploads\\\/2020\\\/12\\\/EDA.jpg\",\"@id\":\"https:\\\/\\\/www.eldigitaldeasturias.com\\\/noticias\\\/destino-caraiva-un-idilico-pueblo-de-330-almas-y-una-playa-de-12-kilometros\\\/#organizationLogo\",\"width\":649,\"height\":297},\"image\":{\"@id\":\"https:\\\/\\\/www.eldigitaldeasturias.com\\\/noticias\\\/destino-caraiva-un-idilico-pueblo-de-330-almas-y-una-playa-de-12-kilometros\\\/#organizationLogo\"},\"sameAs\":[\"https:\\\/\\\/facebook.com\\\/eldigitaldeasturias\",\"https:\\\/\\\/www.youtube.com\\\/channel\\\/UCZP-2wLEB9Rv6erhFmqVnvg\"],\"address\":{\"@id\":\"https:\\\/\\\/www.eldigitaldeasturias.com\\\/noticias\\\/#postaladdress\",\"@type\":\"PostalAddress\",\"streetAddress\":\"san antonio 4,\",\"postalCode\":\"33430\",\"addressLocality\":\"Cand\\u00e1s\",\"addressRegion\":\"Asturias\",\"addressCountry\":\"ES\"}},{\"@type\":\"Person\",\"@id\":\"https:\\\/\\\/www.eldigitaldeasturias.com\\\/noticias\\\/author\\\/admin\\\/#author\",\"url\":\"https:\\\/\\\/www.eldigitaldeasturias.com\\\/noticias\\\/author\\\/admin\\\/\",\"name\":\"El Digital de Asturias\",\"image\":{\"@type\":\"ImageObject\",\"@id\":\"https:\\\/\\\/www.eldigitaldeasturias.com\\\/noticias\\\/destino-caraiva-un-idilico-pueblo-de-330-almas-y-una-playa-de-12-kilometros\\\/#authorImage\",\"url\":\"https:\\\/\\\/www.eldigitaldeasturias.com\\\/noticias\\\/wp-content\\\/litespeed\\\/avatar\\\/18677e78aa0546b92d9dbf31ec7d7668.jpg?ver=1777290358\",\"width\":96,\"height\":96,\"caption\":\"El Digital de Asturias\"}},{\"@type\":\"WebPage\",\"@id\":\"https:\\\/\\\/www.eldigitaldeasturias.com\\\/noticias\\\/destino-caraiva-un-idilico-pueblo-de-330-almas-y-una-playa-de-12-kilometros\\\/#webpage\",\"url\":\"https:\\\/\\\/www.eldigitaldeasturias.com\\\/noticias\\\/destino-caraiva-un-idilico-pueblo-de-330-almas-y-una-playa-de-12-kilometros\\\/\",\"name\":\"Destino Cara\\u00edva : Un id\\u00edlico pueblo de 330 almas y una playa de 12 kil\\u00f3metros - El Digital de Asturias\",\"description\":\"CARA\\u00cdVA, Brasil (dpa) - Un mar de color turquesa, playa de arena blanca, palmeras y j\\u00f3venes bronceados o bellezas en bikini: en v\\u00edsperas del Mundial de f\\u00fatbol, esta imagen clich\\u00e9 de Brasil aparece en estos d\\u00edas en muchas revistas y campa\\u00f1as de publicidad. Y aqu\\u00ed parece estar la cuna de este lugar com\\u00fan, en la\",\"inLanguage\":\"es-ES\",\"isPartOf\":{\"@id\":\"https:\\\/\\\/www.eldigitaldeasturias.com\\\/noticias\\\/#website\"},\"breadcrumb\":{\"@id\":\"https:\\\/\\\/www.eldigitaldeasturias.com\\\/noticias\\\/destino-caraiva-un-idilico-pueblo-de-330-almas-y-una-playa-de-12-kilometros\\\/#breadcrumblist\"},\"author\":{\"@id\":\"https:\\\/\\\/www.eldigitaldeasturias.com\\\/noticias\\\/author\\\/admin\\\/#author\"},\"creator\":{\"@id\":\"https:\\\/\\\/www.eldigitaldeasturias.com\\\/noticias\\\/author\\\/admin\\\/#author\"},\"image\":{\"@type\":\"ImageObject\",\"url\":\"https:\\\/\\\/www.eldigitaldeasturias.com\\\/noticias\\\/wp-content\\\/uploads\\\/2014\\\/05\\\/CARA_VA_UN_ID_LICO_P_38279656a.jpg\",\"@id\":\"https:\\\/\\\/www.eldigitaldeasturias.com\\\/noticias\\\/destino-caraiva-un-idilico-pueblo-de-330-almas-y-una-playa-de-12-kilometros\\\/#mainImage\",\"width\":2574,\"height\":1770},\"primaryImageOfPage\":{\"@id\":\"https:\\\/\\\/www.eldigitaldeasturias.com\\\/noticias\\\/destino-caraiva-un-idilico-pueblo-de-330-almas-y-una-playa-de-12-kilometros\\\/#mainImage\"},\"datePublished\":\"2014-05-16T23:43:25+02:00\",\"dateModified\":\"2014-05-16T23:43:25+02:00\"},{\"@type\":\"WebSite\",\"@id\":\"https:\\\/\\\/www.eldigitaldeasturias.com\\\/noticias\\\/#website\",\"url\":\"https:\\\/\\\/www.eldigitaldeasturias.com\\\/noticias\\\/\",\"name\":\"El Digital de Asturias - Diario de actualidad y noticias\",\"alternateName\":\"El Digital de Asturias - Diario de actualidad y noticias\",\"description\":\"Hemeroteca\",\"inLanguage\":\"es-ES\",\"publisher\":{\"@id\":\"https:\\\/\\\/www.eldigitaldeasturias.com\\\/noticias\\\/#organization\"}}]}\n\t\t<\/script>\n\t\t<!-- All in One SEO Pro -->\r\n\t\t<title>Destino Cara\u00edva : Un id\u00edlico pueblo de 330 almas y una playa de 12 kil\u00f3metros - El Digital de Asturias<\/title>\n\n","aioseo_head_json":{"title":"Destino Cara\u00edva : Un id\u00edlico pueblo de 330 almas y una playa de 12 kil\u00f3metros - El Digital de Asturias","description":"CARA\u00cdVA, Brasil (dpa) - Un mar de color turquesa, playa de arena blanca, palmeras y j\u00f3venes bronceados o bellezas en bikini: en v\u00edsperas del Mundial de f\u00fatbol, esta imagen clich\u00e9 de Brasil aparece en estos d\u00edas en muchas revistas y campa\u00f1as de publicidad. Y aqu\u00ed parece estar la cuna de este lugar com\u00fan, en la","canonical_url":"https:\/\/www.eldigitaldeasturias.com\/noticias\/destino-caraiva-un-idilico-pueblo-de-330-almas-y-una-playa-de-12-kilometros\/","robots":"max-image-preview:large","keywords":"turismo","webmasterTools":{"google-site-verification":"UA-38556648-1","msvalidate.01":"7dfe9f3f1b24437ab69f4f2559babe99","miscellaneous":""},"schema":{"@context":"https:\/\/schema.org","@graph":[{"@type":"BlogPosting","@id":"https:\/\/www.eldigitaldeasturias.com\/noticias\/destino-caraiva-un-idilico-pueblo-de-330-almas-y-una-playa-de-12-kilometros\/#blogposting","name":"Destino Cara\u00edva : Un id\u00edlico pueblo de 330 almas y una playa de 12 kil\u00f3metros - El Digital de Asturias","headline":"Destino Cara\u00edva : Un id\u00edlico pueblo de 330 almas y una playa de 12 kil\u00f3metros","author":{"@id":"https:\/\/www.eldigitaldeasturias.com\/noticias\/author\/admin\/#author"},"publisher":{"@id":"https:\/\/www.eldigitaldeasturias.com\/noticias\/#organization"},"image":{"@type":"ImageObject","url":"https:\/\/www.eldigitaldeasturias.com\/noticias\/wp-content\/uploads\/2014\/05\/CARA_VA_UN_ID_LICO_P_38279656a.jpg","width":2574,"height":1770},"datePublished":"2014-05-16T23:43:25+02:00","dateModified":"2014-05-16T23:43:25+02:00","inLanguage":"es-ES","mainEntityOfPage":{"@id":"https:\/\/www.eldigitaldeasturias.com\/noticias\/destino-caraiva-un-idilico-pueblo-de-330-almas-y-una-playa-de-12-kilometros\/#webpage"},"isPartOf":{"@id":"https:\/\/www.eldigitaldeasturias.com\/noticias\/destino-caraiva-un-idilico-pueblo-de-330-almas-y-una-playa-de-12-kilometros\/#webpage"},"articleSection":"Turismo"},{"@type":"BreadcrumbList","@id":"https:\/\/www.eldigitaldeasturias.com\/noticias\/destino-caraiva-un-idilico-pueblo-de-330-almas-y-una-playa-de-12-kilometros\/#breadcrumblist","itemListElement":[{"@type":"ListItem","@id":"https:\/\/www.eldigitaldeasturias.com\/noticias#listItem","position":1,"name":"Home","item":"https:\/\/www.eldigitaldeasturias.com\/noticias","nextItem":{"@type":"ListItem","@id":"https:\/\/www.eldigitaldeasturias.com\/noticias\/category\/turismo\/#listItem","name":"Turismo"}},{"@type":"ListItem","@id":"https:\/\/www.eldigitaldeasturias.com\/noticias\/category\/turismo\/#listItem","position":2,"name":"Turismo","item":"https:\/\/www.eldigitaldeasturias.com\/noticias\/category\/turismo\/","nextItem":{"@type":"ListItem","@id":"https:\/\/www.eldigitaldeasturias.com\/noticias\/destino-caraiva-un-idilico-pueblo-de-330-almas-y-una-playa-de-12-kilometros\/#listItem","name":"Destino Cara\u00edva : Un id\u00edlico pueblo de 330 almas y una playa de 12 kil\u00f3metros"},"previousItem":{"@type":"ListItem","@id":"https:\/\/www.eldigitaldeasturias.com\/noticias#listItem","name":"Home"}},{"@type":"ListItem","@id":"https:\/\/www.eldigitaldeasturias.com\/noticias\/destino-caraiva-un-idilico-pueblo-de-330-almas-y-una-playa-de-12-kilometros\/#listItem","position":3,"name":"Destino Cara\u00edva : Un id\u00edlico pueblo de 330 almas y una playa de 12 kil\u00f3metros","previousItem":{"@type":"ListItem","@id":"https:\/\/www.eldigitaldeasturias.com\/noticias\/category\/turismo\/#listItem","name":"Turismo"}}]},{"@type":"Organization","@id":"https:\/\/www.eldigitaldeasturias.com\/noticias\/#organization","name":"El Digital de Asturias","description":"Hemeroteca","url":"https:\/\/www.eldigitaldeasturias.com\/noticias\/","email":"info@eldigitaldeasturias.com","telephone":"+34652131393","logo":{"@type":"ImageObject","url":"https:\/\/www.eldigitaldeasturias.com\/noticias\/wp-content\/uploads\/2020\/12\/EDA.jpg","@id":"https:\/\/www.eldigitaldeasturias.com\/noticias\/destino-caraiva-un-idilico-pueblo-de-330-almas-y-una-playa-de-12-kilometros\/#organizationLogo","width":649,"height":297},"image":{"@id":"https:\/\/www.eldigitaldeasturias.com\/noticias\/destino-caraiva-un-idilico-pueblo-de-330-almas-y-una-playa-de-12-kilometros\/#organizationLogo"},"sameAs":["https:\/\/facebook.com\/eldigitaldeasturias","https:\/\/www.youtube.com\/channel\/UCZP-2wLEB9Rv6erhFmqVnvg"],"address":{"@id":"https:\/\/www.eldigitaldeasturias.com\/noticias\/#postaladdress","@type":"PostalAddress","streetAddress":"san antonio 4,","postalCode":"33430","addressLocality":"Cand\u00e1s","addressRegion":"Asturias","addressCountry":"ES"}},{"@type":"Person","@id":"https:\/\/www.eldigitaldeasturias.com\/noticias\/author\/admin\/#author","url":"https:\/\/www.eldigitaldeasturias.com\/noticias\/author\/admin\/","name":"El Digital de Asturias","image":{"@type":"ImageObject","@id":"https:\/\/www.eldigitaldeasturias.com\/noticias\/destino-caraiva-un-idilico-pueblo-de-330-almas-y-una-playa-de-12-kilometros\/#authorImage","url":"https:\/\/www.eldigitaldeasturias.com\/noticias\/wp-content\/litespeed\/avatar\/18677e78aa0546b92d9dbf31ec7d7668.jpg?ver=1777290358","width":96,"height":96,"caption":"El Digital de Asturias"}},{"@type":"WebPage","@id":"https:\/\/www.eldigitaldeasturias.com\/noticias\/destino-caraiva-un-idilico-pueblo-de-330-almas-y-una-playa-de-12-kilometros\/#webpage","url":"https:\/\/www.eldigitaldeasturias.com\/noticias\/destino-caraiva-un-idilico-pueblo-de-330-almas-y-una-playa-de-12-kilometros\/","name":"Destino Cara\u00edva : Un id\u00edlico pueblo de 330 almas y una playa de 12 kil\u00f3metros - El Digital de Asturias","description":"CARA\u00cdVA, Brasil (dpa) - Un mar de color turquesa, playa de arena blanca, palmeras y j\u00f3venes bronceados o bellezas en bikini: en v\u00edsperas del Mundial de f\u00fatbol, esta imagen clich\u00e9 de Brasil aparece en estos d\u00edas en muchas revistas y campa\u00f1as de publicidad. Y aqu\u00ed parece estar la cuna de este lugar com\u00fan, en la","inLanguage":"es-ES","isPartOf":{"@id":"https:\/\/www.eldigitaldeasturias.com\/noticias\/#website"},"breadcrumb":{"@id":"https:\/\/www.eldigitaldeasturias.com\/noticias\/destino-caraiva-un-idilico-pueblo-de-330-almas-y-una-playa-de-12-kilometros\/#breadcrumblist"},"author":{"@id":"https:\/\/www.eldigitaldeasturias.com\/noticias\/author\/admin\/#author"},"creator":{"@id":"https:\/\/www.eldigitaldeasturias.com\/noticias\/author\/admin\/#author"},"image":{"@type":"ImageObject","url":"https:\/\/www.eldigitaldeasturias.com\/noticias\/wp-content\/uploads\/2014\/05\/CARA_VA_UN_ID_LICO_P_38279656a.jpg","@id":"https:\/\/www.eldigitaldeasturias.com\/noticias\/destino-caraiva-un-idilico-pueblo-de-330-almas-y-una-playa-de-12-kilometros\/#mainImage","width":2574,"height":1770},"primaryImageOfPage":{"@id":"https:\/\/www.eldigitaldeasturias.com\/noticias\/destino-caraiva-un-idilico-pueblo-de-330-almas-y-una-playa-de-12-kilometros\/#mainImage"},"datePublished":"2014-05-16T23:43:25+02:00","dateModified":"2014-05-16T23:43:25+02:00"},{"@type":"WebSite","@id":"https:\/\/www.eldigitaldeasturias.com\/noticias\/#website","url":"https:\/\/www.eldigitaldeasturias.com\/noticias\/","name":"El Digital de Asturias - Diario de actualidad y noticias","alternateName":"El Digital de Asturias - Diario de actualidad y noticias","description":"Hemeroteca","inLanguage":"es-ES","publisher":{"@id":"https:\/\/www.eldigitaldeasturias.com\/noticias\/#organization"}}]},"og:locale":"es_ES","og:site_name":"El Digital de Asturias","og:type":"article","og:title":"Destino Cara\u00edva : Un id\u00edlico pueblo de 330 almas y una playa de 12 kil\u00f3metros - El Digital de Asturias","og:description":"CARA\u00cdVA, Brasil (dpa) - Un mar de color turquesa, playa de arena blanca, palmeras y j\u00f3venes bronceados o bellezas en bikini: en v\u00edsperas del Mundial de f\u00fatbol, esta imagen clich\u00e9 de Brasil aparece en estos d\u00edas en muchas revistas y campa\u00f1as de publicidad. Y aqu\u00ed parece estar la cuna de este lugar com\u00fan, en la","og:url":"https:\/\/www.eldigitaldeasturias.com\/noticias\/destino-caraiva-un-idilico-pueblo-de-330-almas-y-una-playa-de-12-kilometros\/","og:image":"https:\/\/www.eldigitaldeasturias.com\/noticias\/wp-content\/uploads\/2014\/05\/CARA_VA_UN_ID_LICO_P_38279656a.jpg","og:image:secure_url":"https:\/\/www.eldigitaldeasturias.com\/noticias\/wp-content\/uploads\/2014\/05\/CARA_VA_UN_ID_LICO_P_38279656a.jpg","og:image:width":2574,"og:image:height":1770,"article:tag":["turismo"],"article:published_time":"2014-05-17T00:43:25+00:00","article:modified_time":"2014-05-17T00:43:25+00:00","article:publisher":"https:\/\/facebook.com\/eldigitaldeasturias","twitter:card":"summary_large_image","twitter:title":"Destino Cara\u00edva : Un id\u00edlico pueblo de 330 almas y una playa de 12 kil\u00f3metros - El Digital de Asturias","twitter:description":"CARA\u00cdVA, Brasil (dpa) - Un mar de color turquesa, playa de arena blanca, palmeras y j\u00f3venes bronceados o bellezas en bikini: en v\u00edsperas del Mundial de f\u00fatbol, esta imagen clich\u00e9 de Brasil aparece en estos d\u00edas en muchas revistas y campa\u00f1as de publicidad. Y aqu\u00ed parece estar la cuna de este lugar com\u00fan, en la","twitter:image":"https:\/\/www.eldigitaldeasturias.com\/noticias\/wp-content\/uploads\/2014\/05\/CARA_VA_UN_ID_LICO_P_38279656a.jpg","twitter:label1":"Escrito por","twitter:data1":"El Digital de Asturias","twitter:label2":"Tiempo de lectura estimado","twitter:data2":"3 minutos"},"aioseo_meta_data":{"post_id":"531947","title":null,"description":null,"keywords":null,"keyphrases":null,"primary_term":null,"canonical_url":null,"og_title":null,"og_description":null,"og_object_type":"default","og_image_type":"default","og_image_url":null,"og_image_width":null,"og_image_height":null,"og_image_custom_url":null,"og_image_custom_fields":null,"og_video":null,"og_custom_url":null,"og_article_section":null,"og_article_tags":null,"twitter_use_og":true,"twitter_card":"default","twitter_image_type":"default","twitter_image_url":null,"twitter_image_custom_url":null,"twitter_image_custom_fields":null,"twitter_title":null,"twitter_description":null,"schema":{"blockGraphs":[],"customGraphs":[],"default":{"data":{"Article":[],"Course":[],"Dataset":[],"FAQPage":[],"Movie":[],"Person":[],"Product":[],"ProductReview":[],"Car":[],"Recipe":[],"Service":[],"SoftwareApplication":[],"WebPage":[]},"graphName":"","isEnabled":true},"graphs":[],"defaultGraph":"","defaultPostTypeGraph":""},"schema_type":null,"schema_type_options":null,"pillar_content":false,"robots_default":true,"robots_noindex":false,"robots_noarchive":false,"robots_nosnippet":false,"robots_nofollow":false,"robots_noimageindex":false,"robots_noodp":false,"robots_notranslate":false,"robots_max_snippet":null,"robots_max_videopreview":null,"robots_max_imagepreview":"none","priority":null,"frequency":null,"local_seo":null,"seo_analyzer_scan_date":"2025-08-31 11:27:50","breadcrumb_settings":null,"limit_modified_date":false,"open_ai":null,"ai":null,"created":"2020-11-14 23:18:21","updated":"2025-08-31 11:27:50"},"aioseo_breadcrumb":"<div class=\"aioseo-breadcrumbs\"><span class=\"aioseo-breadcrumb\">\n\t<a href=\"https:\/\/www.eldigitaldeasturias.com\/noticias\" title=\"Home\">Home<\/a>\n<\/span><span class=\"aioseo-breadcrumb-separator\">\u2013<\/span><span class=\"aioseo-breadcrumb\">\n\t<a href=\"https:\/\/www.eldigitaldeasturias.com\/noticias\/category\/turismo\/\" title=\"Turismo\">Turismo<\/a>\n<\/span><span class=\"aioseo-breadcrumb-separator\">\u2013<\/span><span class=\"aioseo-breadcrumb\">\n\t<a href=\"https:\/\/www.eldigitaldeasturias.com\/noticias\/destino-caraiva-un-idilico-pueblo-de-330-almas-y-una-playa-de-12-kilometros\/\" title=\"Destino Cara\u00edva : Un id\u00edlico pueblo de 330 almas y una playa de 12 kil\u00f3metros\">Destino Cara\u00edva : Un id\u00edlico pueblo de 330 almas y una playa de 12 kil\u00f3metros<\/a>\n<\/span><\/div>","aioseo_breadcrumb_json":[{"label":"Home","link":"https:\/\/www.eldigitaldeasturias.com\/noticias"},{"label":"Turismo","link":"https:\/\/www.eldigitaldeasturias.com\/noticias\/category\/turismo\/"},{"label":"Destino Cara\u00edva : Un id\u00edlico pueblo de 330 almas y una playa de 12 kil\u00f3metros","link":"https:\/\/www.eldigitaldeasturias.com\/noticias\/destino-caraiva-un-idilico-pueblo-de-330-almas-y-una-playa-de-12-kilometros\/"}],"_links":{"self":[{"href":"https:\/\/www.eldigitaldeasturias.com\/noticias\/wp-json\/wp\/v2\/posts\/531947","targetHints":{"allow":["GET"]}}],"collection":[{"href":"https:\/\/www.eldigitaldeasturias.com\/noticias\/wp-json\/wp\/v2\/posts"}],"about":[{"href":"https:\/\/www.eldigitaldeasturias.com\/noticias\/wp-json\/wp\/v2\/types\/post"}],"author":[{"embeddable":true,"href":"https:\/\/www.eldigitaldeasturias.com\/noticias\/wp-json\/wp\/v2\/users\/1"}],"replies":[{"embeddable":true,"href":"https:\/\/www.eldigitaldeasturias.com\/noticias\/wp-json\/wp\/v2\/comments?post=531947"}],"version-history":[{"count":0,"href":"https:\/\/www.eldigitaldeasturias.com\/noticias\/wp-json\/wp\/v2\/posts\/531947\/revisions"}],"wp:featuredmedia":[{"embeddable":true,"href":"https:\/\/www.eldigitaldeasturias.com\/noticias\/wp-json\/wp\/v2\/media\/531948"}],"wp:attachment":[{"href":"https:\/\/www.eldigitaldeasturias.com\/noticias\/wp-json\/wp\/v2\/media?parent=531947"}],"wp:term":[{"taxonomy":"category","embeddable":true,"href":"https:\/\/www.eldigitaldeasturias.com\/noticias\/wp-json\/wp\/v2\/categories?post=531947"},{"taxonomy":"post_tag","embeddable":true,"href":"https:\/\/www.eldigitaldeasturias.com\/noticias\/wp-json\/wp\/v2\/tags?post=531947"}],"curies":[{"name":"wp","href":"https:\/\/api.w.org\/{rel}","templated":true}]}}