{"id":529458,"date":"2014-05-08T23:57:27","date_gmt":"2014-05-09T00:57:27","guid":{"rendered":"http:\/\/www.eldigitaldeasturias.com\/noticias\/?p=529458"},"modified":"2014-05-08T23:57:27","modified_gmt":"2014-05-09T00:57:27","slug":"destino-las-islas-feroe-en-medio-de-la-soledad-del-atlantico-norte","status":"publish","type":"post","link":"https:\/\/www.eldigitaldeasturias.com\/noticias\/destino-las-islas-feroe-en-medio-de-la-soledad-del-atlantico-norte\/","title":{"rendered":"Destino Las Islas Feroe, en medio de la soledad del Atl\u00e1ntico norte"},"content":{"rendered":"<p><img loading=\"lazy\" decoding=\"async\" class=\"alignleft size-medium wp-image-529462\" alt=\"Las Islas Feroe\" src=\"https:\/\/www.eldigitaldeasturias.com\/noticias\/wp-content\/uploads\/2014\/05\/LAS_ISLAS_FEROE_EN_M_38190372j-360x269.jpg\" width=\"360\" height=\"269\" srcset=\"https:\/\/www.eldigitaldeasturias.com\/noticias\/wp-content\/uploads\/2014\/05\/LAS_ISLAS_FEROE_EN_M_38190372j-360x269.jpg 360w, https:\/\/www.eldigitaldeasturias.com\/noticias\/wp-content\/uploads\/2014\/05\/LAS_ISLAS_FEROE_EN_M_38190372j-650x485.jpg 650w, https:\/\/www.eldigitaldeasturias.com\/noticias\/wp-content\/uploads\/2014\/05\/LAS_ISLAS_FEROE_EN_M_38190372j-100x75.jpg 100w\" sizes=\"auto, (max-width: 360px) 100vw, 360px\" \/>T\u00d3RSHAVN\/BERL\u00cdN (dpa) &#8211; John Vaagseid habla de la caza de ballenas como los campesinos hablan del engorde de cerdos. \u00abEste a\u00f1o, las ballenas han estado flacas\u00bb, dice. \u00abEsto significa que vamos a tener que matar a algunas m\u00e1s para que tengan otra vez m\u00e1s comida\u00bb. En las Islas Feroe, la conversaci\u00f3n r\u00e1pidamente gira en torno a la caza de ballenas. Y John Vaagseid no es la excepci\u00f3n.<\/p>\n<p>El conductor del autob\u00fas lleva a los turistas y los vecinos a una isla tras otra. \u00abCuando llegan las ballenas, todos comienzan a moverse a toda velocidad, porque entonces el mayor n\u00famero posible de habitantes tiene que desamarrar sus barcos y empujar a las ballenas hacia la playa para matarlas\u00bb.<\/p>\n<p><img loading=\"lazy\" decoding=\"async\" class=\"alignright size-medium wp-image-529461\" alt=\"Las Islas Feroe\" src=\"https:\/\/www.eldigitaldeasturias.com\/noticias\/wp-content\/uploads\/2014\/05\/LAS_ISLAS_FEROE_EN_M_38190372v-360x252.jpg\" width=\"360\" height=\"252\" srcset=\"https:\/\/www.eldigitaldeasturias.com\/noticias\/wp-content\/uploads\/2014\/05\/LAS_ISLAS_FEROE_EN_M_38190372v-360x252.jpg 360w, https:\/\/www.eldigitaldeasturias.com\/noticias\/wp-content\/uploads\/2014\/05\/LAS_ISLAS_FEROE_EN_M_38190372v-650x456.jpg 650w, https:\/\/www.eldigitaldeasturias.com\/noticias\/wp-content\/uploads\/2014\/05\/LAS_ISLAS_FEROE_EN_M_38190372v-210x146.jpg 210w\" sizes=\"auto, (max-width: 360px) 100vw, 360px\" \/>El restaurante \u00abKoks\u00bb se encuentra en el hotel de cuatro estrellas \u00abF\u00f8royar\u00bb en la capital, T\u00f3rshavn. La ciudad, que con sus 20.000 habitantes aproximadamente es una de las capitales m\u00e1s peque\u00f1as del mundo, est\u00e1 situada en el extremo sur de Streymoy. En el \u00abKoks\u00bb, Leif S\u00f8rensen sirve la pesca del Atl\u00e1ntico. \u00abNosotros comemos la carne de ballena de la misma manera que hace 100 a\u00f1os\u00bb, dice el cocinero. En aquel entonces, los habitantes de las Islas Feroe depend\u00edan de la caza de ballenas: \u00abSin la pesca de ballenas no hubi\u00e9ramos sobrevivido en estas islas\u00bb.En el pasado s\u00f3lo llegaban a las islas dos transbordadores con trigo a la semana procedentes de Dinamarca, la madre patria. Las 18 islas situadas en el Atl\u00e1ntico norte, entre Escocia e Islandia, a\u00fan pertenecen pol\u00edticamente a Dinamarca. Desde 1948 constituyen una regi\u00f3n aut\u00f3noma dentro del reino dan\u00e9s, que tiene su propio parlamento y primer ministro.<\/p>\n<p>Karl Mikkelsen, que hoy tiene 69 a\u00f1os, abandon\u00f3 hace tiempo su profesi\u00f3n de pescador. Mikkelsen vive en G\u00e1sadalur, en la isla de V\u00e1gar. En el oeste, acantilados escarpados separan a G\u00e1sadalur del mar; en el norte, este y sur, la peque\u00f1a ciudad est\u00e1 rodeada de monta\u00f1as empinadas, cuyas cimas muchas veces desparecen detr\u00e1s de densas capas de nubes: todo esto hace que G\u00e1sadalur sea una localidad impresionantemente hermosa y al mismo tiempo impresionantemente solitaria. Fue justamente este aislamiento al que Mikkelsen debe su segunda profesi\u00f3n: se hizo cartero de G\u00e1sadalur, un trabajo muy duro.<\/p>\n<p><img loading=\"lazy\" decoding=\"async\" class=\"alignright size-medium wp-image-529460\" alt=\"Las Islas Feroe\" src=\"https:\/\/www.eldigitaldeasturias.com\/noticias\/wp-content\/uploads\/2014\/05\/LAS_ISLAS_FEROE_EN_M_38190372b-360x238.jpg\" width=\"360\" height=\"238\" srcset=\"https:\/\/www.eldigitaldeasturias.com\/noticias\/wp-content\/uploads\/2014\/05\/LAS_ISLAS_FEROE_EN_M_38190372b-360x238.jpg 360w, https:\/\/www.eldigitaldeasturias.com\/noticias\/wp-content\/uploads\/2014\/05\/LAS_ISLAS_FEROE_EN_M_38190372b-650x430.jpg 650w, https:\/\/www.eldigitaldeasturias.com\/noticias\/wp-content\/uploads\/2014\/05\/LAS_ISLAS_FEROE_EN_M_38190372b-220x146.jpg 220w\" sizes=\"auto, (max-width: 360px) 100vw, 360px\" \/>Tres veces a la semana trepaba en bicicleta por la antigua ruta del correo, sobre la sure\u00f1a monta\u00f1a R\u00f3gvukollur, de 464 metros de alto, hasta el siguiente pueblo para distribuir all\u00ed el correo y hacer peque\u00f1as compras para algunos habitantes de G\u00e1sadalur. Muchas veces hab\u00eda tormentas tan fuertes que el cartero ten\u00eda que acostarse sobre la bicicleta cuando llegaba al paso monta\u00f1oso y s\u00f3lo pod\u00eda avanzar muy lentamente. Hasta que en 2006 se termin\u00f3 de construir un t\u00fanel por la monta\u00f1a, conectado con Gas\u00e1dalur. Entonces, Mikkelsen se jubil\u00f3.La antigua ruta de correo sigue atrayendo mucho a excursionistas. Sin embargo, no deber\u00edan caminar irreflexivamente por la naturaleza feroesa, porque est\u00e1 llena de seres mitol\u00f3gicos. Randi Meitil sabe c\u00f3mo esquivar al \u00abhulduf\u00f3lk\u00bb. Meitil, una mujer de pelo intensamente rojo, a menudo sale en coche de T\u00f3rshavn para ir a caminar, a veces sola, a veces acompa\u00f1ada de turistas. Los \u00abhulduf\u00f3lk\u00bb, palabra que significa \u00ablos escondidos\u00bb, se parecen mucho al ser humano, relata la mujer.Maitil, de profesi\u00f3n maestra, se\u00f1ala una piedra debajo de la cual viven los \u00abhulduf\u00f3lk\u00bb. Los feroeses dejan en el lugar un vaso de leche para ganarse a \u00ablos escondidos\u00bb. Los mitos todav\u00eda est\u00e1n muy vivos en la cultura feroesa. Cuando hace algunos a\u00f1os se asfalt\u00f3 una calle cerca de la catedral, en el centro de la capital, las obras ten\u00edan que eludir una piedra grande, relata Meitil, porque todo el mundo sab\u00eda que esta pertenec\u00eda a los \u00abhulduf\u00f3lk\u00bb. Quitar la piedra para rectificar la calle hubiese sido inimaginable.<\/p>\n<p>Vigar Hvidbro tiene la mente puesta en algo bien diferente: se acerca el pr\u00f3ximo partido de f\u00fatbol. Hvidbro es presidente de la federaci\u00f3n nacional de f\u00fatbol, la F\u00f3tb\u00f3ltssamband F\u00f8roya (FSF). El f\u00fatbol desempe\u00f1a un papel importante para el orgullo nacional de los isle\u00f1os. Las Islas Feroe son miembro de la FIFA y la UEFA. Hasta el d\u00eda de hoy se sigue hablando de la victoria por 1-0 conseguida hace m\u00e1s de dos d\u00e9cadas ante Austria. Un problema es la falta de jugadores j\u00f3venes. \u00abMuchos salen a estudiar y ya no vuelven\u00bb, dice Hvidbro.<\/p>\n<p><img loading=\"lazy\" decoding=\"async\" class=\"alignleft size-medium wp-image-529459\" alt=\"Las Islas Feroe\" src=\"https:\/\/www.eldigitaldeasturias.com\/noticias\/wp-content\/uploads\/2014\/05\/LAS_ISLAS_FEROE_EN_M_38190372-360x239.jpg\" width=\"360\" height=\"239\" srcset=\"https:\/\/www.eldigitaldeasturias.com\/noticias\/wp-content\/uploads\/2014\/05\/LAS_ISLAS_FEROE_EN_M_38190372-360x239.jpg 360w, https:\/\/www.eldigitaldeasturias.com\/noticias\/wp-content\/uploads\/2014\/05\/LAS_ISLAS_FEROE_EN_M_38190372-650x433.jpg 650w, https:\/\/www.eldigitaldeasturias.com\/noticias\/wp-content\/uploads\/2014\/05\/LAS_ISLAS_FEROE_EN_M_38190372-220x146.jpg 220w\" sizes=\"auto, (max-width: 360px) 100vw, 360px\" \/>Simun av Skardi, en cambio, ha regresado: \u00abVivimos 12 a\u00f1os en Dinamarca pero siempre ten\u00edamos nostalgia\u00bb. Por eso, este profesor de alem\u00e1n jubilado decidi\u00f3 regresar con su mujer a Sandoy, en el sur del archipi\u00e9lago. All\u00ed, el paisaje es m\u00e1s suave que en las islas norte\u00f1as, dice Av Skardi. En los cerros de Sandoy hay muchas de las t\u00edpicas casas feroesas con sus tejados de hierba. Muchas veces se pueden ver frente a esas casas pescados tendidos en cuerdas para que se sequen, junto con carne de cordero y trozos de ballena.<\/p>\n<p>Recientemente, los habitantes de Sandoy empujaron hasta la costa unas 130 ballenas. \u00abEn 12 minutos ya estaban todas muertas\u00bb, dice Av Skardi. La escena debi\u00f3 de haber sido similar al cuadro colgado en la pared de su cuarto de trabajo: ballenas varadas en un mar lleno de sangre. Afortunadamente, a la mayor\u00eda de los turistas no se les ha presentado esta imagen. Ellos recuerdan sobre todo el paisaje intensamente verde, el mar bravo y las cimas envueltas en nubes.<\/p>\n<p>Informaci\u00f3n b\u00e1sica: las Islas Feroe<\/p>\n<p>Las Islas Feroe est\u00e1n situadas en el Atl\u00e1ntico norte, a medio camino entre Escocia e Islandia. El clima es mar\u00edtimo y est\u00e1 dominado por la corriente del golfo. En verano, la temperatura media es de 11 grados, en invierno de tres grados.<\/p>\n<p>C\u00f3mo llegar: la compa\u00f1\u00eda a\u00e9rea feroesa Atlantic Airways vuela desde Copenhague y Londres directamente a V\u00e1gar. El vuelo dura unas dos horas. Para los amantes de los viajes en barco hay un transbordador que sale del puerto dan\u00e9s de Hirthals hacia T\u00f3rshavn. El viaje dura casi 40 horas. Para los ciudadanos de la Uni\u00f3n Europea basta con mostrar un carnet de identidad para poder entrar en las islas.<\/p>\n<p>Moneda: en las islas se utilizan la corona feroesa y la corona danesa. Un euro equivale a unos 7,7 coronas.<\/p>\n<p>Alojamiento: no hay muchos hoteles en las islas, porque muchas localidades son demasiado peque\u00f1as. Por esta raz\u00f3n, fuera de la capital los turistas deber\u00edan informarse previamente sobre la presencia de hoteles y pensiones en los lugares que quieren visitar.<\/p>\n<p>Informaciones: Visit Faroe Islands, \u00cd Gongini 9, T\u00f3rshavn, Islas Feroe (Tel.: +298 206100, email: info@visitfaroeislands.com),http:\/\/de.visitfaroeislands.com\/; Atlantic Airways:http:\/\/www.atlantic.fo\/en<\/p>\n<p>Internet:- [Visit Faroe Islands](http:\/\/dpaq.de\/4pQMH)- [Islas Feroe](http:\/\/dpaq.de\/b6WAl)- [Atlantic Airways](http:\/\/dpaq.de\/wAgU7)<\/p>\n","protected":false},"excerpt":{"rendered":"<p>T\u00d3RSHAVN\/BERL\u00cdN (dpa) &#8211; John Vaagseid habla de la caza de ballenas como los campesinos hablan del engorde de cerdos. \u00abEste a\u00f1o, las ballenas han estado flacas\u00bb, dice. \u00abEsto significa que vamos a tener que matar a algunas m\u00e1s para que tengan otra vez m\u00e1s comida\u00bb. En las Islas Feroe, la conversaci\u00f3n r\u00e1pidamente gira en torno [&hellip;]<\/p>\n","protected":false},"author":1,"featured_media":529462,"comment_status":"closed","ping_status":"closed","sticky":false,"template":"","format":"standard","meta":{"footnotes":""},"categories":[148],"tags":[],"class_list":["post-529458","post","type-post","status-publish","format-standard","has-post-thumbnail","hentry","category-turismo"],"aioseo_notices":[],"aioseo_head":"\n\t\t<!-- All in One SEO Pro 4.9.6.2 - aioseo.com -->\n\t<meta name=\"description\" content=\"T\u00d3RSHAVN\/BERL\u00cdN (dpa) - John Vaagseid habla de la caza de ballenas como los campesinos hablan del engorde de cerdos. &quot;Este a\u00f1o, las ballenas han estado flacas&quot;, dice. &quot;Esto significa que vamos a tener que matar a algunas m\u00e1s para que tengan otra vez m\u00e1s comida&quot;. En las Islas Feroe, la conversaci\u00f3n r\u00e1pidamente gira en torno\" \/>\n\t<meta name=\"robots\" content=\"max-image-preview:large\" \/>\n\t<meta name=\"author\" content=\"El Digital de Asturias\"\/>\n\t<meta name=\"google-site-verification\" content=\"UA-38556648-1\" \/>\n\t<meta name=\"msvalidate.01\" content=\"7dfe9f3f1b24437ab69f4f2559babe99\" \/>\n\t<meta name=\"keywords\" content=\"turismo\" \/>\n\t<link rel=\"canonical\" href=\"https:\/\/www.eldigitaldeasturias.com\/noticias\/destino-las-islas-feroe-en-medio-de-la-soledad-del-atlantico-norte\/\" \/>\n\t<meta name=\"generator\" content=\"All in One SEO Pro (AIOSEO) 4.9.6.2\" \/>\n\t\t<meta property=\"og:locale\" content=\"es_ES\" \/>\n\t\t<meta property=\"og:site_name\" content=\"El Digital de Asturias\" \/>\n\t\t<meta property=\"og:type\" content=\"article\" \/>\n\t\t<meta property=\"og:title\" content=\"Destino Las Islas Feroe, en medio de la soledad del Atl\u00e1ntico norte - El Digital de Asturias\" \/>\n\t\t<meta property=\"og:description\" content=\"T\u00d3RSHAVN\/BERL\u00cdN (dpa) - John Vaagseid habla de la caza de ballenas como los campesinos hablan del engorde de cerdos. &quot;Este a\u00f1o, las ballenas han estado flacas&quot;, dice. &quot;Esto significa que vamos a tener que matar a algunas m\u00e1s para que tengan otra vez m\u00e1s comida&quot;. En las Islas Feroe, la conversaci\u00f3n r\u00e1pidamente gira en torno\" \/>\n\t\t<meta property=\"og:url\" content=\"https:\/\/www.eldigitaldeasturias.com\/noticias\/destino-las-islas-feroe-en-medio-de-la-soledad-del-atlantico-norte\/\" \/>\n\t\t<meta property=\"og:image\" content=\"https:\/\/www.eldigitaldeasturias.com\/noticias\/wp-content\/uploads\/2014\/05\/LAS_ISLAS_FEROE_EN_M_38190372j.jpg\" \/>\n\t\t<meta property=\"og:image:secure_url\" content=\"https:\/\/www.eldigitaldeasturias.com\/noticias\/wp-content\/uploads\/2014\/05\/LAS_ISLAS_FEROE_EN_M_38190372j.jpg\" \/>\n\t\t<meta property=\"og:image:width\" content=\"5871\" \/>\n\t\t<meta property=\"og:image:height\" content=\"4388\" \/>\n\t\t<meta property=\"article:tag\" content=\"turismo\" \/>\n\t\t<meta property=\"article:published_time\" content=\"2014-05-09T00:57:27+00:00\" \/>\n\t\t<meta property=\"article:modified_time\" content=\"2014-05-09T00:57:27+00:00\" \/>\n\t\t<meta property=\"article:publisher\" content=\"https:\/\/facebook.com\/eldigitaldeasturias\" \/>\n\t\t<meta name=\"twitter:card\" content=\"summary_large_image\" \/>\n\t\t<meta name=\"twitter:title\" content=\"Destino Las Islas Feroe, en medio de la soledad del Atl\u00e1ntico norte - El Digital de Asturias\" \/>\n\t\t<meta name=\"twitter:description\" content=\"T\u00d3RSHAVN\/BERL\u00cdN (dpa) - John Vaagseid habla de la caza de ballenas como los campesinos hablan del engorde de cerdos. &quot;Este a\u00f1o, las ballenas han estado flacas&quot;, dice. &quot;Esto significa que vamos a tener que matar a algunas m\u00e1s para que tengan otra vez m\u00e1s comida&quot;. En las Islas Feroe, la conversaci\u00f3n r\u00e1pidamente gira en torno\" \/>\n\t\t<meta name=\"twitter:image\" content=\"https:\/\/www.eldigitaldeasturias.com\/noticias\/wp-content\/uploads\/2014\/05\/LAS_ISLAS_FEROE_EN_M_38190372j.jpg\" \/>\n\t\t<meta name=\"twitter:label1\" content=\"Escrito por\" \/>\n\t\t<meta name=\"twitter:data1\" content=\"El Digital de Asturias\" \/>\n\t\t<meta name=\"twitter:label2\" content=\"Tiempo de lectura estimado\" \/>\n\t\t<meta name=\"twitter:data2\" content=\"6 minutos\" \/>\n\t\t<script type=\"application\/ld+json\" class=\"aioseo-schema\">\n\t\t\t{\"@context\":\"https:\\\/\\\/schema.org\",\"@graph\":[{\"@type\":\"BlogPosting\",\"@id\":\"https:\\\/\\\/www.eldigitaldeasturias.com\\\/noticias\\\/destino-las-islas-feroe-en-medio-de-la-soledad-del-atlantico-norte\\\/#blogposting\",\"name\":\"Destino Las Islas Feroe, en medio de la soledad del Atl\\u00e1ntico norte - El Digital de Asturias\",\"headline\":\"Destino Las Islas Feroe, en medio de la soledad del Atl\\u00e1ntico norte\",\"author\":{\"@id\":\"https:\\\/\\\/www.eldigitaldeasturias.com\\\/noticias\\\/author\\\/admin\\\/#author\"},\"publisher\":{\"@id\":\"https:\\\/\\\/www.eldigitaldeasturias.com\\\/noticias\\\/#organization\"},\"image\":{\"@type\":\"ImageObject\",\"url\":\"https:\\\/\\\/www.eldigitaldeasturias.com\\\/noticias\\\/wp-content\\\/uploads\\\/2014\\\/05\\\/LAS_ISLAS_FEROE_EN_M_38190372j.jpg\",\"width\":5871,\"height\":4388},\"datePublished\":\"2014-05-08T23:57:27+02:00\",\"dateModified\":\"2014-05-08T23:57:27+02:00\",\"inLanguage\":\"es-ES\",\"mainEntityOfPage\":{\"@id\":\"https:\\\/\\\/www.eldigitaldeasturias.com\\\/noticias\\\/destino-las-islas-feroe-en-medio-de-la-soledad-del-atlantico-norte\\\/#webpage\"},\"isPartOf\":{\"@id\":\"https:\\\/\\\/www.eldigitaldeasturias.com\\\/noticias\\\/destino-las-islas-feroe-en-medio-de-la-soledad-del-atlantico-norte\\\/#webpage\"},\"articleSection\":\"Turismo\"},{\"@type\":\"BreadcrumbList\",\"@id\":\"https:\\\/\\\/www.eldigitaldeasturias.com\\\/noticias\\\/destino-las-islas-feroe-en-medio-de-la-soledad-del-atlantico-norte\\\/#breadcrumblist\",\"itemListElement\":[{\"@type\":\"ListItem\",\"@id\":\"https:\\\/\\\/www.eldigitaldeasturias.com\\\/noticias#listItem\",\"position\":1,\"name\":\"Home\",\"item\":\"https:\\\/\\\/www.eldigitaldeasturias.com\\\/noticias\",\"nextItem\":{\"@type\":\"ListItem\",\"@id\":\"https:\\\/\\\/www.eldigitaldeasturias.com\\\/noticias\\\/category\\\/turismo\\\/#listItem\",\"name\":\"Turismo\"}},{\"@type\":\"ListItem\",\"@id\":\"https:\\\/\\\/www.eldigitaldeasturias.com\\\/noticias\\\/category\\\/turismo\\\/#listItem\",\"position\":2,\"name\":\"Turismo\",\"item\":\"https:\\\/\\\/www.eldigitaldeasturias.com\\\/noticias\\\/category\\\/turismo\\\/\",\"nextItem\":{\"@type\":\"ListItem\",\"@id\":\"https:\\\/\\\/www.eldigitaldeasturias.com\\\/noticias\\\/destino-las-islas-feroe-en-medio-de-la-soledad-del-atlantico-norte\\\/#listItem\",\"name\":\"Destino Las Islas Feroe, en medio de la soledad del Atl\\u00e1ntico norte\"},\"previousItem\":{\"@type\":\"ListItem\",\"@id\":\"https:\\\/\\\/www.eldigitaldeasturias.com\\\/noticias#listItem\",\"name\":\"Home\"}},{\"@type\":\"ListItem\",\"@id\":\"https:\\\/\\\/www.eldigitaldeasturias.com\\\/noticias\\\/destino-las-islas-feroe-en-medio-de-la-soledad-del-atlantico-norte\\\/#listItem\",\"position\":3,\"name\":\"Destino Las Islas Feroe, en medio de la soledad del Atl\\u00e1ntico norte\",\"previousItem\":{\"@type\":\"ListItem\",\"@id\":\"https:\\\/\\\/www.eldigitaldeasturias.com\\\/noticias\\\/category\\\/turismo\\\/#listItem\",\"name\":\"Turismo\"}}]},{\"@type\":\"Organization\",\"@id\":\"https:\\\/\\\/www.eldigitaldeasturias.com\\\/noticias\\\/#organization\",\"name\":\"El Digital de Asturias\",\"description\":\"Hemeroteca\",\"url\":\"https:\\\/\\\/www.eldigitaldeasturias.com\\\/noticias\\\/\",\"email\":\"info@eldigitaldeasturias.com\",\"telephone\":\"+34652131393\",\"logo\":{\"@type\":\"ImageObject\",\"url\":\"https:\\\/\\\/www.eldigitaldeasturias.com\\\/noticias\\\/wp-content\\\/uploads\\\/2020\\\/12\\\/EDA.jpg\",\"@id\":\"https:\\\/\\\/www.eldigitaldeasturias.com\\\/noticias\\\/destino-las-islas-feroe-en-medio-de-la-soledad-del-atlantico-norte\\\/#organizationLogo\",\"width\":649,\"height\":297},\"image\":{\"@id\":\"https:\\\/\\\/www.eldigitaldeasturias.com\\\/noticias\\\/destino-las-islas-feroe-en-medio-de-la-soledad-del-atlantico-norte\\\/#organizationLogo\"},\"sameAs\":[\"https:\\\/\\\/facebook.com\\\/eldigitaldeasturias\",\"https:\\\/\\\/www.youtube.com\\\/channel\\\/UCZP-2wLEB9Rv6erhFmqVnvg\"],\"address\":{\"@id\":\"https:\\\/\\\/www.eldigitaldeasturias.com\\\/noticias\\\/#postaladdress\",\"@type\":\"PostalAddress\",\"streetAddress\":\"san antonio 4,\",\"postalCode\":\"33430\",\"addressLocality\":\"Cand\\u00e1s\",\"addressRegion\":\"Asturias\",\"addressCountry\":\"ES\"}},{\"@type\":\"Person\",\"@id\":\"https:\\\/\\\/www.eldigitaldeasturias.com\\\/noticias\\\/author\\\/admin\\\/#author\",\"url\":\"https:\\\/\\\/www.eldigitaldeasturias.com\\\/noticias\\\/author\\\/admin\\\/\",\"name\":\"El Digital de Asturias\",\"image\":{\"@type\":\"ImageObject\",\"@id\":\"https:\\\/\\\/www.eldigitaldeasturias.com\\\/noticias\\\/destino-las-islas-feroe-en-medio-de-la-soledad-del-atlantico-norte\\\/#authorImage\",\"url\":\"https:\\\/\\\/www.eldigitaldeasturias.com\\\/noticias\\\/wp-content\\\/litespeed\\\/avatar\\\/18677e78aa0546b92d9dbf31ec7d7668.jpg?ver=1777290358\",\"width\":96,\"height\":96,\"caption\":\"El Digital de Asturias\"}},{\"@type\":\"WebPage\",\"@id\":\"https:\\\/\\\/www.eldigitaldeasturias.com\\\/noticias\\\/destino-las-islas-feroe-en-medio-de-la-soledad-del-atlantico-norte\\\/#webpage\",\"url\":\"https:\\\/\\\/www.eldigitaldeasturias.com\\\/noticias\\\/destino-las-islas-feroe-en-medio-de-la-soledad-del-atlantico-norte\\\/\",\"name\":\"Destino Las Islas Feroe, en medio de la soledad del Atl\\u00e1ntico norte - El Digital de Asturias\",\"description\":\"T\\u00d3RSHAVN\\\/BERL\\u00cdN (dpa) - John Vaagseid habla de la caza de ballenas como los campesinos hablan del engorde de cerdos. \\\"Este a\\u00f1o, las ballenas han estado flacas\\\", dice. \\\"Esto significa que vamos a tener que matar a algunas m\\u00e1s para que tengan otra vez m\\u00e1s comida\\\". En las Islas Feroe, la conversaci\\u00f3n r\\u00e1pidamente gira en torno\",\"inLanguage\":\"es-ES\",\"isPartOf\":{\"@id\":\"https:\\\/\\\/www.eldigitaldeasturias.com\\\/noticias\\\/#website\"},\"breadcrumb\":{\"@id\":\"https:\\\/\\\/www.eldigitaldeasturias.com\\\/noticias\\\/destino-las-islas-feroe-en-medio-de-la-soledad-del-atlantico-norte\\\/#breadcrumblist\"},\"author\":{\"@id\":\"https:\\\/\\\/www.eldigitaldeasturias.com\\\/noticias\\\/author\\\/admin\\\/#author\"},\"creator\":{\"@id\":\"https:\\\/\\\/www.eldigitaldeasturias.com\\\/noticias\\\/author\\\/admin\\\/#author\"},\"image\":{\"@type\":\"ImageObject\",\"url\":\"https:\\\/\\\/www.eldigitaldeasturias.com\\\/noticias\\\/wp-content\\\/uploads\\\/2014\\\/05\\\/LAS_ISLAS_FEROE_EN_M_38190372j.jpg\",\"@id\":\"https:\\\/\\\/www.eldigitaldeasturias.com\\\/noticias\\\/destino-las-islas-feroe-en-medio-de-la-soledad-del-atlantico-norte\\\/#mainImage\",\"width\":5871,\"height\":4388},\"primaryImageOfPage\":{\"@id\":\"https:\\\/\\\/www.eldigitaldeasturias.com\\\/noticias\\\/destino-las-islas-feroe-en-medio-de-la-soledad-del-atlantico-norte\\\/#mainImage\"},\"datePublished\":\"2014-05-08T23:57:27+02:00\",\"dateModified\":\"2014-05-08T23:57:27+02:00\"},{\"@type\":\"WebSite\",\"@id\":\"https:\\\/\\\/www.eldigitaldeasturias.com\\\/noticias\\\/#website\",\"url\":\"https:\\\/\\\/www.eldigitaldeasturias.com\\\/noticias\\\/\",\"name\":\"El Digital de Asturias - Diario de actualidad y noticias\",\"alternateName\":\"El Digital de Asturias - Diario de actualidad y noticias\",\"description\":\"Hemeroteca\",\"inLanguage\":\"es-ES\",\"publisher\":{\"@id\":\"https:\\\/\\\/www.eldigitaldeasturias.com\\\/noticias\\\/#organization\"}}]}\n\t\t<\/script>\n\t\t<!-- All in One SEO Pro -->\r\n\t\t<title>Destino Las Islas Feroe, en medio de la soledad del Atl\u00e1ntico norte - El Digital de Asturias<\/title>\n\n","aioseo_head_json":{"title":"Destino Las Islas Feroe, en medio de la soledad del Atl\u00e1ntico norte - El Digital de Asturias","description":"T\u00d3RSHAVN\/BERL\u00cdN (dpa) - John Vaagseid habla de la caza de ballenas como los campesinos hablan del engorde de cerdos. \"Este a\u00f1o, las ballenas han estado flacas\", dice. \"Esto significa que vamos a tener que matar a algunas m\u00e1s para que tengan otra vez m\u00e1s comida\". En las Islas Feroe, la conversaci\u00f3n r\u00e1pidamente gira en torno","canonical_url":"https:\/\/www.eldigitaldeasturias.com\/noticias\/destino-las-islas-feroe-en-medio-de-la-soledad-del-atlantico-norte\/","robots":"max-image-preview:large","keywords":"turismo","webmasterTools":{"google-site-verification":"UA-38556648-1","msvalidate.01":"7dfe9f3f1b24437ab69f4f2559babe99","miscellaneous":""},"schema":{"@context":"https:\/\/schema.org","@graph":[{"@type":"BlogPosting","@id":"https:\/\/www.eldigitaldeasturias.com\/noticias\/destino-las-islas-feroe-en-medio-de-la-soledad-del-atlantico-norte\/#blogposting","name":"Destino Las Islas Feroe, en medio de la soledad del Atl\u00e1ntico norte - El Digital de Asturias","headline":"Destino Las Islas Feroe, en medio de la soledad del Atl\u00e1ntico norte","author":{"@id":"https:\/\/www.eldigitaldeasturias.com\/noticias\/author\/admin\/#author"},"publisher":{"@id":"https:\/\/www.eldigitaldeasturias.com\/noticias\/#organization"},"image":{"@type":"ImageObject","url":"https:\/\/www.eldigitaldeasturias.com\/noticias\/wp-content\/uploads\/2014\/05\/LAS_ISLAS_FEROE_EN_M_38190372j.jpg","width":5871,"height":4388},"datePublished":"2014-05-08T23:57:27+02:00","dateModified":"2014-05-08T23:57:27+02:00","inLanguage":"es-ES","mainEntityOfPage":{"@id":"https:\/\/www.eldigitaldeasturias.com\/noticias\/destino-las-islas-feroe-en-medio-de-la-soledad-del-atlantico-norte\/#webpage"},"isPartOf":{"@id":"https:\/\/www.eldigitaldeasturias.com\/noticias\/destino-las-islas-feroe-en-medio-de-la-soledad-del-atlantico-norte\/#webpage"},"articleSection":"Turismo"},{"@type":"BreadcrumbList","@id":"https:\/\/www.eldigitaldeasturias.com\/noticias\/destino-las-islas-feroe-en-medio-de-la-soledad-del-atlantico-norte\/#breadcrumblist","itemListElement":[{"@type":"ListItem","@id":"https:\/\/www.eldigitaldeasturias.com\/noticias#listItem","position":1,"name":"Home","item":"https:\/\/www.eldigitaldeasturias.com\/noticias","nextItem":{"@type":"ListItem","@id":"https:\/\/www.eldigitaldeasturias.com\/noticias\/category\/turismo\/#listItem","name":"Turismo"}},{"@type":"ListItem","@id":"https:\/\/www.eldigitaldeasturias.com\/noticias\/category\/turismo\/#listItem","position":2,"name":"Turismo","item":"https:\/\/www.eldigitaldeasturias.com\/noticias\/category\/turismo\/","nextItem":{"@type":"ListItem","@id":"https:\/\/www.eldigitaldeasturias.com\/noticias\/destino-las-islas-feroe-en-medio-de-la-soledad-del-atlantico-norte\/#listItem","name":"Destino Las Islas Feroe, en medio de la soledad del Atl\u00e1ntico norte"},"previousItem":{"@type":"ListItem","@id":"https:\/\/www.eldigitaldeasturias.com\/noticias#listItem","name":"Home"}},{"@type":"ListItem","@id":"https:\/\/www.eldigitaldeasturias.com\/noticias\/destino-las-islas-feroe-en-medio-de-la-soledad-del-atlantico-norte\/#listItem","position":3,"name":"Destino Las Islas Feroe, en medio de la soledad del Atl\u00e1ntico norte","previousItem":{"@type":"ListItem","@id":"https:\/\/www.eldigitaldeasturias.com\/noticias\/category\/turismo\/#listItem","name":"Turismo"}}]},{"@type":"Organization","@id":"https:\/\/www.eldigitaldeasturias.com\/noticias\/#organization","name":"El Digital de Asturias","description":"Hemeroteca","url":"https:\/\/www.eldigitaldeasturias.com\/noticias\/","email":"info@eldigitaldeasturias.com","telephone":"+34652131393","logo":{"@type":"ImageObject","url":"https:\/\/www.eldigitaldeasturias.com\/noticias\/wp-content\/uploads\/2020\/12\/EDA.jpg","@id":"https:\/\/www.eldigitaldeasturias.com\/noticias\/destino-las-islas-feroe-en-medio-de-la-soledad-del-atlantico-norte\/#organizationLogo","width":649,"height":297},"image":{"@id":"https:\/\/www.eldigitaldeasturias.com\/noticias\/destino-las-islas-feroe-en-medio-de-la-soledad-del-atlantico-norte\/#organizationLogo"},"sameAs":["https:\/\/facebook.com\/eldigitaldeasturias","https:\/\/www.youtube.com\/channel\/UCZP-2wLEB9Rv6erhFmqVnvg"],"address":{"@id":"https:\/\/www.eldigitaldeasturias.com\/noticias\/#postaladdress","@type":"PostalAddress","streetAddress":"san antonio 4,","postalCode":"33430","addressLocality":"Cand\u00e1s","addressRegion":"Asturias","addressCountry":"ES"}},{"@type":"Person","@id":"https:\/\/www.eldigitaldeasturias.com\/noticias\/author\/admin\/#author","url":"https:\/\/www.eldigitaldeasturias.com\/noticias\/author\/admin\/","name":"El Digital de Asturias","image":{"@type":"ImageObject","@id":"https:\/\/www.eldigitaldeasturias.com\/noticias\/destino-las-islas-feroe-en-medio-de-la-soledad-del-atlantico-norte\/#authorImage","url":"https:\/\/www.eldigitaldeasturias.com\/noticias\/wp-content\/litespeed\/avatar\/18677e78aa0546b92d9dbf31ec7d7668.jpg?ver=1777290358","width":96,"height":96,"caption":"El Digital de Asturias"}},{"@type":"WebPage","@id":"https:\/\/www.eldigitaldeasturias.com\/noticias\/destino-las-islas-feroe-en-medio-de-la-soledad-del-atlantico-norte\/#webpage","url":"https:\/\/www.eldigitaldeasturias.com\/noticias\/destino-las-islas-feroe-en-medio-de-la-soledad-del-atlantico-norte\/","name":"Destino Las Islas Feroe, en medio de la soledad del Atl\u00e1ntico norte - El Digital de Asturias","description":"T\u00d3RSHAVN\/BERL\u00cdN (dpa) - John Vaagseid habla de la caza de ballenas como los campesinos hablan del engorde de cerdos. \"Este a\u00f1o, las ballenas han estado flacas\", dice. \"Esto significa que vamos a tener que matar a algunas m\u00e1s para que tengan otra vez m\u00e1s comida\". En las Islas Feroe, la conversaci\u00f3n r\u00e1pidamente gira en torno","inLanguage":"es-ES","isPartOf":{"@id":"https:\/\/www.eldigitaldeasturias.com\/noticias\/#website"},"breadcrumb":{"@id":"https:\/\/www.eldigitaldeasturias.com\/noticias\/destino-las-islas-feroe-en-medio-de-la-soledad-del-atlantico-norte\/#breadcrumblist"},"author":{"@id":"https:\/\/www.eldigitaldeasturias.com\/noticias\/author\/admin\/#author"},"creator":{"@id":"https:\/\/www.eldigitaldeasturias.com\/noticias\/author\/admin\/#author"},"image":{"@type":"ImageObject","url":"https:\/\/www.eldigitaldeasturias.com\/noticias\/wp-content\/uploads\/2014\/05\/LAS_ISLAS_FEROE_EN_M_38190372j.jpg","@id":"https:\/\/www.eldigitaldeasturias.com\/noticias\/destino-las-islas-feroe-en-medio-de-la-soledad-del-atlantico-norte\/#mainImage","width":5871,"height":4388},"primaryImageOfPage":{"@id":"https:\/\/www.eldigitaldeasturias.com\/noticias\/destino-las-islas-feroe-en-medio-de-la-soledad-del-atlantico-norte\/#mainImage"},"datePublished":"2014-05-08T23:57:27+02:00","dateModified":"2014-05-08T23:57:27+02:00"},{"@type":"WebSite","@id":"https:\/\/www.eldigitaldeasturias.com\/noticias\/#website","url":"https:\/\/www.eldigitaldeasturias.com\/noticias\/","name":"El Digital de Asturias - Diario de actualidad y noticias","alternateName":"El Digital de Asturias - Diario de actualidad y noticias","description":"Hemeroteca","inLanguage":"es-ES","publisher":{"@id":"https:\/\/www.eldigitaldeasturias.com\/noticias\/#organization"}}]},"og:locale":"es_ES","og:site_name":"El Digital de Asturias","og:type":"article","og:title":"Destino Las Islas Feroe, en medio de la soledad del Atl\u00e1ntico norte - El Digital de Asturias","og:description":"T\u00d3RSHAVN\/BERL\u00cdN (dpa) - John Vaagseid habla de la caza de ballenas como los campesinos hablan del engorde de cerdos. &quot;Este a\u00f1o, las ballenas han estado flacas&quot;, dice. &quot;Esto significa que vamos a tener que matar a algunas m\u00e1s para que tengan otra vez m\u00e1s comida&quot;. En las Islas Feroe, la conversaci\u00f3n r\u00e1pidamente gira en torno","og:url":"https:\/\/www.eldigitaldeasturias.com\/noticias\/destino-las-islas-feroe-en-medio-de-la-soledad-del-atlantico-norte\/","og:image":"https:\/\/www.eldigitaldeasturias.com\/noticias\/wp-content\/uploads\/2014\/05\/LAS_ISLAS_FEROE_EN_M_38190372j.jpg","og:image:secure_url":"https:\/\/www.eldigitaldeasturias.com\/noticias\/wp-content\/uploads\/2014\/05\/LAS_ISLAS_FEROE_EN_M_38190372j.jpg","og:image:width":5871,"og:image:height":4388,"article:tag":["turismo"],"article:published_time":"2014-05-09T00:57:27+00:00","article:modified_time":"2014-05-09T00:57:27+00:00","article:publisher":"https:\/\/facebook.com\/eldigitaldeasturias","twitter:card":"summary_large_image","twitter:title":"Destino Las Islas Feroe, en medio de la soledad del Atl\u00e1ntico norte - El Digital de Asturias","twitter:description":"T\u00d3RSHAVN\/BERL\u00cdN (dpa) - John Vaagseid habla de la caza de ballenas como los campesinos hablan del engorde de cerdos. &quot;Este a\u00f1o, las ballenas han estado flacas&quot;, dice. &quot;Esto significa que vamos a tener que matar a algunas m\u00e1s para que tengan otra vez m\u00e1s comida&quot;. En las Islas Feroe, la conversaci\u00f3n r\u00e1pidamente gira en torno","twitter:image":"https:\/\/www.eldigitaldeasturias.com\/noticias\/wp-content\/uploads\/2014\/05\/LAS_ISLAS_FEROE_EN_M_38190372j.jpg","twitter:label1":"Escrito por","twitter:data1":"El Digital de Asturias","twitter:label2":"Tiempo de lectura estimado","twitter:data2":"6 minutos"},"aioseo_meta_data":{"post_id":"529458","title":null,"description":null,"keywords":null,"keyphrases":null,"primary_term":null,"canonical_url":null,"og_title":null,"og_description":null,"og_object_type":"default","og_image_type":"default","og_image_url":null,"og_image_width":null,"og_image_height":null,"og_image_custom_url":null,"og_image_custom_fields":null,"og_video":null,"og_custom_url":null,"og_article_section":null,"og_article_tags":null,"twitter_use_og":true,"twitter_card":"default","twitter_image_type":"default","twitter_image_url":null,"twitter_image_custom_url":null,"twitter_image_custom_fields":null,"twitter_title":null,"twitter_description":null,"schema":{"blockGraphs":[],"customGraphs":[],"default":{"data":{"Article":[],"Course":[],"Dataset":[],"FAQPage":[],"Movie":[],"Person":[],"Product":[],"ProductReview":[],"Car":[],"Recipe":[],"Service":[],"SoftwareApplication":[],"WebPage":[]},"graphName":"","isEnabled":true},"graphs":[]},"schema_type":null,"schema_type_options":null,"pillar_content":false,"robots_default":true,"robots_noindex":false,"robots_noarchive":false,"robots_nosnippet":false,"robots_nofollow":false,"robots_noimageindex":false,"robots_noodp":false,"robots_notranslate":false,"robots_max_snippet":null,"robots_max_videopreview":null,"robots_max_imagepreview":"none","priority":null,"frequency":null,"local_seo":null,"seo_analyzer_scan_date":"2025-08-31 05:43:58","breadcrumb_settings":null,"limit_modified_date":false,"open_ai":null,"ai":null,"created":"2020-11-14 23:18:11","updated":"2025-08-31 05:43:58"},"aioseo_breadcrumb":"<div class=\"aioseo-breadcrumbs\"><span class=\"aioseo-breadcrumb\">\n\t<a href=\"https:\/\/www.eldigitaldeasturias.com\/noticias\" title=\"Home\">Home<\/a>\n<\/span><span class=\"aioseo-breadcrumb-separator\">\u2013<\/span><span class=\"aioseo-breadcrumb\">\n\t<a href=\"https:\/\/www.eldigitaldeasturias.com\/noticias\/category\/turismo\/\" title=\"Turismo\">Turismo<\/a>\n<\/span><span class=\"aioseo-breadcrumb-separator\">\u2013<\/span><span class=\"aioseo-breadcrumb\">\n\t<a href=\"https:\/\/www.eldigitaldeasturias.com\/noticias\/destino-las-islas-feroe-en-medio-de-la-soledad-del-atlantico-norte\/\" title=\"Destino Las Islas Feroe, en medio de la soledad del Atl\u00e1ntico norte\">Destino Las Islas Feroe, en medio de la soledad del Atl\u00e1ntico norte<\/a>\n<\/span><\/div>","aioseo_breadcrumb_json":[{"label":"Home","link":"https:\/\/www.eldigitaldeasturias.com\/noticias"},{"label":"Turismo","link":"https:\/\/www.eldigitaldeasturias.com\/noticias\/category\/turismo\/"},{"label":"Destino Las Islas Feroe, en medio de la soledad del Atl\u00e1ntico norte","link":"https:\/\/www.eldigitaldeasturias.com\/noticias\/destino-las-islas-feroe-en-medio-de-la-soledad-del-atlantico-norte\/"}],"_links":{"self":[{"href":"https:\/\/www.eldigitaldeasturias.com\/noticias\/wp-json\/wp\/v2\/posts\/529458","targetHints":{"allow":["GET"]}}],"collection":[{"href":"https:\/\/www.eldigitaldeasturias.com\/noticias\/wp-json\/wp\/v2\/posts"}],"about":[{"href":"https:\/\/www.eldigitaldeasturias.com\/noticias\/wp-json\/wp\/v2\/types\/post"}],"author":[{"embeddable":true,"href":"https:\/\/www.eldigitaldeasturias.com\/noticias\/wp-json\/wp\/v2\/users\/1"}],"replies":[{"embeddable":true,"href":"https:\/\/www.eldigitaldeasturias.com\/noticias\/wp-json\/wp\/v2\/comments?post=529458"}],"version-history":[{"count":0,"href":"https:\/\/www.eldigitaldeasturias.com\/noticias\/wp-json\/wp\/v2\/posts\/529458\/revisions"}],"wp:featuredmedia":[{"embeddable":true,"href":"https:\/\/www.eldigitaldeasturias.com\/noticias\/wp-json\/wp\/v2\/media\/529462"}],"wp:attachment":[{"href":"https:\/\/www.eldigitaldeasturias.com\/noticias\/wp-json\/wp\/v2\/media?parent=529458"}],"wp:term":[{"taxonomy":"category","embeddable":true,"href":"https:\/\/www.eldigitaldeasturias.com\/noticias\/wp-json\/wp\/v2\/categories?post=529458"},{"taxonomy":"post_tag","embeddable":true,"href":"https:\/\/www.eldigitaldeasturias.com\/noticias\/wp-json\/wp\/v2\/tags?post=529458"}],"curies":[{"name":"wp","href":"https:\/\/api.w.org\/{rel}","templated":true}]}}