{"id":526155,"date":"2014-04-30T14:09:34","date_gmt":"2014-04-30T15:09:34","guid":{"rendered":"http:\/\/www.eldigitaldeasturias.com\/noticias\/?p=526155"},"modified":"2014-04-30T14:09:34","modified_gmt":"2014-04-30T15:09:34","slug":"la-agenda-del-trotamundos-noticias-e-informacion-para-gente-viajera","status":"publish","type":"post","link":"https:\/\/www.eldigitaldeasturias.com\/noticias\/la-agenda-del-trotamundos-noticias-e-informacion-para-gente-viajera\/","title":{"rendered":"La Agenda del Trotamundos, noticias e informaci\u00f3n para gente viajera."},"content":{"rendered":"<p><img loading=\"lazy\" decoding=\"async\" class=\"alignleft size-medium wp-image-1856\" alt=\"aeropuerto1\" src=\"https:\/\/www.eldigitaldeasturias.com\/noticias\/wp-content\/uploads\/2013\/09\/aeropuerto1-360x270.jpg\" width=\"360\" height=\"270\" \/>dpa &#8211; El Ministerio de Relaciones Exteriores en Berl\u00edn ha recomendado a los ciudadanos alemanes que viajen a Brasil que se mantengan alejados de las protestas que se est\u00e1n llevando a cabo en R\u00edo de Janeiro y que sigan las instrucciones de la polic\u00eda. En los \u00faltimos d\u00edas se han producido violentos enfrentamientos en la popular zona tur\u00edstica de Copacabana. El ministerio alem\u00e1n llam\u00f3 a los viajeros a seguir con atenci\u00f3n la actualidad noticiosa.(www.brasilienwm.de).<\/p>\n<p>ABRE EL NUEVO AEROPUERTO DE QATAR<\/p>\n<p>El nuevo aeropuerto de Qatar entr\u00f3 en funcionamiento el 30 de abril. Un portavoz del aeropuerto inform\u00f3 que inicialmente s\u00f3lo aviones de compa\u00f1\u00edas de bajo coste utilizar\u00e1n el Hamad International Airport. Est\u00e1 previsto que a finales de mayo otras aerol\u00edneas se trasladen al nuevo aeropuerto, entre ellas Qatar Airways. La inauguraci\u00f3n del aeropuerto, situado junto al antiguo Doha International Airport, hab\u00eda sido aplazada varias veces. Se calcula que 28 millones de pasajeros pasar\u00e1n cada a\u00f1o por el nuevo aeropuerto. Se pretende aumentar la capacidad en el futuro a 50 millones de pasajeros.EGIPTO AUMENTA LAS TASAS DE VISADO<\/p>\n<p>Egipto aumenta a partir del 1 de mayo las tasas de visado de 15 d\u00f3lares (unos 11 euros) a 20 d\u00f3lares (unos 14,50 euros), informaron medios egipcios. La subida hab\u00eda sido aplazada varias veces. Seg\u00fan el ministro egipcio de Turismo, Hisham Zaazou, la medida no reducir\u00e1 el n\u00famero de turistas, porque las nuevas tasas de visado siguen siendo inferiores a las que se aplican en otros pa\u00edses. En los \u00faltimos meses, Egipto ha registrado un notable descenso del n\u00famero de turistas a causa de los disturbios pol\u00edticos en el pa\u00eds. En Egipto, los turistas reciben el visado al entrar en el pa\u00eds.<\/p>\n<p>REABRE EL MUSEO ARQUEOL\u00d3GICO NACIONAL DE ESPA\u00d1A<\/p>\n<p>El Museo Arqueol\u00f3gico Nacional de Espa\u00f1a, que estuvo cerrado durante seis a\u00f1os, ha vuelto a abrir sus puertas al p\u00fablico. Tras unas amplias obras de renovaci\u00f3n, el nuevo Museo Arqueol\u00f3gico, con sede en Madrid, exhibe en cuatro plantas, en una superficie de 10.000 metros cuadrados, unos 13.000 objetos, que datan desde la era prehist\u00f3rica hasta el reinado de Isabel II, en el siglo XIX. La renovaci\u00f3n del museo, inaugurado en 1867, estuvo a cargo del arquitecto Juan Pablo Rodr\u00edguez Frade. El nuevo museo debe permitirles a los visitantes tener una mejor visi\u00f3n general de la colecci\u00f3n, cuyos objetos fueron reordenados. Adem\u00e1s, hay numerosas posibilidades interactivas, por ejemplo en pantallas t\u00e1ctiles. Una de las principales atracciones nuevas es una secci\u00f3n numism\u00e1tica que abarca unas 300.000 monedas. (www.man.es).<\/p>\n<p>FESTIVAL DE ROCK Y HEAVY METAL EN INTERLAKEN<\/p>\n<p>En la ciudad suiza de Interlaken, cant\u00f3n de Berna, se llevar\u00e1 a cabo del 12 al 14 de junio el Greenfield Festival. Ante un panorama alpino, con vistas a las monta\u00f1as Eiger, M\u00f6nch y Jungfrau, grupos alternativos de m\u00fasica rock y heavy metal actuar\u00e1n en el aeropuerto de Interlaken. Con motivo del festival del jubileo, los organizadores han invitado, entre otras bandas, a Iron Maiden Linkin Park, Dropkick Murphys y la banda de gypsy punk Gogol Bordello. Los visitantes del festival podr\u00e1n acampar gratis en el aeropuerto. Tambi\u00e9n pueden usar sin coste alguno el autob\u00fas que enlaza la estaci\u00f3n de Interlaken con el aeropuerto. (www.greenfieldfestival.ch).<\/p>\n<p>MUSEO ARQUEOL\u00d3GICO DE HERACLI\u00d3N VUELVE A ABRIR<\/p>\n<p>El Museo Arqueol\u00f3gico de Heracli\u00f3n volver\u00e1 a estar enteramente abierto al p\u00fablico en mayo, inform\u00f3 en su p\u00e1gina web el Ministerio griego de Cultura y Deporte. El de Heracli\u00f3n es uno de los museos arqueol\u00f3gicos m\u00e1s importantes de Europa y alberga la mayor colecci\u00f3n de arte minoica en todo el mundo. A partir de 2006, el museo fue renovado y la colecci\u00f3n reordenada. Algunas salas del museo ya fueron reabiertas al p\u00fablico hace un par de meses. La nueva exposici\u00f3n mostrar\u00e1 tanto los objetos procedentes de las excavaciones m\u00e1s antiguas como los nuevos hallazgos (informaciones sobre el museo: http:\/\/dpaq.de\/5grJm).<\/p>\n<p>CASARSE EN EL HELIPUERTO DEL \u00abBURJ AL ARAB\u00bb EN DUBAI<\/p>\n<p>Para las parejas que van a casarse existe en Dubai un nuevo lugar especial para la boda. El hotel de lujo \u00abBurj al Arab\u00bb ha abierto para esta ceremonia su conocido helipuerto, situado a una altura de 212 metros, inform\u00f3 el Ministerio de Turismo del emirato.<\/p>\n","protected":false},"excerpt":{"rendered":"<p>dpa &#8211; El Ministerio de Relaciones Exteriores en Berl\u00edn ha recomendado a los ciudadanos alemanes que viajen a Brasil que se mantengan alejados de las protestas que se est\u00e1n llevando a cabo en R\u00edo de Janeiro y que sigan las instrucciones de la polic\u00eda. En los \u00faltimos d\u00edas se han producido violentos enfrentamientos en la [&hellip;]<\/p>\n","protected":false},"author":1,"featured_media":0,"comment_status":"closed","ping_status":"closed","sticky":false,"template":"","format":"standard","meta":{"footnotes":""},"categories":[148],"tags":[],"class_list":["post-526155","post","type-post","status-publish","format-standard","hentry","category-turismo"],"aioseo_notices":[],"aioseo_head":"\n\t\t<!-- All in One SEO Pro 4.9.6.2 - aioseo.com -->\n\t<meta name=\"description\" content=\"dpa - El Ministerio de Relaciones Exteriores en Berl\u00edn ha recomendado a los ciudadanos alemanes que viajen a Brasil que se mantengan alejados de las protestas que se est\u00e1n llevando a cabo en R\u00edo de Janeiro y que sigan las instrucciones de la polic\u00eda. En los \u00faltimos d\u00edas se han producido violentos enfrentamientos en la\" \/>\n\t<meta name=\"robots\" content=\"max-image-preview:large\" \/>\n\t<meta name=\"author\" content=\"El Digital de Asturias\"\/>\n\t<meta name=\"google-site-verification\" content=\"UA-38556648-1\" \/>\n\t<meta name=\"msvalidate.01\" content=\"7dfe9f3f1b24437ab69f4f2559babe99\" \/>\n\t<meta name=\"keywords\" content=\"turismo\" \/>\n\t<link rel=\"canonical\" href=\"https:\/\/www.eldigitaldeasturias.com\/noticias\/la-agenda-del-trotamundos-noticias-e-informacion-para-gente-viajera\/\" \/>\n\t<meta name=\"generator\" content=\"All in One SEO Pro (AIOSEO) 4.9.6.2\" \/>\n\t\t<meta property=\"og:locale\" content=\"es_ES\" \/>\n\t\t<meta property=\"og:site_name\" content=\"El Digital de Asturias\" \/>\n\t\t<meta property=\"og:type\" content=\"article\" \/>\n\t\t<meta property=\"og:title\" content=\"La Agenda del Trotamundos, noticias e informaci\u00f3n para gente viajera. - El Digital de Asturias\" \/>\n\t\t<meta property=\"og:description\" content=\"dpa - El Ministerio de Relaciones Exteriores en Berl\u00edn ha recomendado a los ciudadanos alemanes que viajen a Brasil que se mantengan alejados de las protestas que se est\u00e1n llevando a cabo en R\u00edo de Janeiro y que sigan las instrucciones de la polic\u00eda. En los \u00faltimos d\u00edas se han producido violentos enfrentamientos en la\" \/>\n\t\t<meta property=\"og:url\" content=\"https:\/\/www.eldigitaldeasturias.com\/noticias\/la-agenda-del-trotamundos-noticias-e-informacion-para-gente-viajera\/\" \/>\n\t\t<meta property=\"article:tag\" content=\"turismo\" \/>\n\t\t<meta property=\"article:published_time\" content=\"2014-04-30T15:09:34+00:00\" \/>\n\t\t<meta property=\"article:modified_time\" content=\"2014-04-30T15:09:34+00:00\" \/>\n\t\t<meta property=\"article:publisher\" content=\"https:\/\/facebook.com\/eldigitaldeasturias\" \/>\n\t\t<meta name=\"twitter:card\" content=\"summary_large_image\" \/>\n\t\t<meta name=\"twitter:title\" content=\"La Agenda del Trotamundos, noticias e informaci\u00f3n para gente viajera. - El Digital de Asturias\" \/>\n\t\t<meta name=\"twitter:description\" content=\"dpa - El Ministerio de Relaciones Exteriores en Berl\u00edn ha recomendado a los ciudadanos alemanes que viajen a Brasil que se mantengan alejados de las protestas que se est\u00e1n llevando a cabo en R\u00edo de Janeiro y que sigan las instrucciones de la polic\u00eda. En los \u00faltimos d\u00edas se han producido violentos enfrentamientos en la\" \/>\n\t\t<meta name=\"twitter:label1\" content=\"Escrito por\" \/>\n\t\t<meta name=\"twitter:data1\" content=\"El Digital de Asturias\" \/>\n\t\t<meta name=\"twitter:label2\" content=\"Tiempo de lectura estimado\" \/>\n\t\t<meta name=\"twitter:data2\" content=\"4 minutos\" \/>\n\t\t<script type=\"application\/ld+json\" class=\"aioseo-schema\">\n\t\t\t{\"@context\":\"https:\\\/\\\/schema.org\",\"@graph\":[{\"@type\":\"BlogPosting\",\"@id\":\"https:\\\/\\\/www.eldigitaldeasturias.com\\\/noticias\\\/la-agenda-del-trotamundos-noticias-e-informacion-para-gente-viajera\\\/#blogposting\",\"name\":\"La Agenda del Trotamundos, noticias e informaci\\u00f3n para gente viajera. - El Digital de Asturias\",\"headline\":\"La Agenda del Trotamundos, noticias e informaci\\u00f3n para gente viajera.\",\"author\":{\"@id\":\"https:\\\/\\\/www.eldigitaldeasturias.com\\\/noticias\\\/author\\\/admin\\\/#author\"},\"publisher\":{\"@id\":\"https:\\\/\\\/www.eldigitaldeasturias.com\\\/noticias\\\/#organization\"},\"image\":{\"@type\":\"ImageObject\",\"url\":\"http:\\\/\\\/www.eldigitaldeasturias.com\\\/noticias\\\/wp-content\\\/uploads\\\/2013\\\/09\\\/aeropuerto1-360x270.jpg\",\"@id\":\"https:\\\/\\\/www.eldigitaldeasturias.com\\\/noticias\\\/la-agenda-del-trotamundos-noticias-e-informacion-para-gente-viajera\\\/#articleImage\"},\"datePublished\":\"2014-04-30T14:09:34+02:00\",\"dateModified\":\"2014-04-30T14:09:34+02:00\",\"inLanguage\":\"es-ES\",\"mainEntityOfPage\":{\"@id\":\"https:\\\/\\\/www.eldigitaldeasturias.com\\\/noticias\\\/la-agenda-del-trotamundos-noticias-e-informacion-para-gente-viajera\\\/#webpage\"},\"isPartOf\":{\"@id\":\"https:\\\/\\\/www.eldigitaldeasturias.com\\\/noticias\\\/la-agenda-del-trotamundos-noticias-e-informacion-para-gente-viajera\\\/#webpage\"},\"articleSection\":\"Turismo\"},{\"@type\":\"BreadcrumbList\",\"@id\":\"https:\\\/\\\/www.eldigitaldeasturias.com\\\/noticias\\\/la-agenda-del-trotamundos-noticias-e-informacion-para-gente-viajera\\\/#breadcrumblist\",\"itemListElement\":[{\"@type\":\"ListItem\",\"@id\":\"https:\\\/\\\/www.eldigitaldeasturias.com\\\/noticias#listItem\",\"position\":1,\"name\":\"Home\",\"item\":\"https:\\\/\\\/www.eldigitaldeasturias.com\\\/noticias\",\"nextItem\":{\"@type\":\"ListItem\",\"@id\":\"https:\\\/\\\/www.eldigitaldeasturias.com\\\/noticias\\\/category\\\/turismo\\\/#listItem\",\"name\":\"Turismo\"}},{\"@type\":\"ListItem\",\"@id\":\"https:\\\/\\\/www.eldigitaldeasturias.com\\\/noticias\\\/category\\\/turismo\\\/#listItem\",\"position\":2,\"name\":\"Turismo\",\"item\":\"https:\\\/\\\/www.eldigitaldeasturias.com\\\/noticias\\\/category\\\/turismo\\\/\",\"nextItem\":{\"@type\":\"ListItem\",\"@id\":\"https:\\\/\\\/www.eldigitaldeasturias.com\\\/noticias\\\/la-agenda-del-trotamundos-noticias-e-informacion-para-gente-viajera\\\/#listItem\",\"name\":\"La Agenda del Trotamundos, noticias e informaci\\u00f3n para gente viajera.\"},\"previousItem\":{\"@type\":\"ListItem\",\"@id\":\"https:\\\/\\\/www.eldigitaldeasturias.com\\\/noticias#listItem\",\"name\":\"Home\"}},{\"@type\":\"ListItem\",\"@id\":\"https:\\\/\\\/www.eldigitaldeasturias.com\\\/noticias\\\/la-agenda-del-trotamundos-noticias-e-informacion-para-gente-viajera\\\/#listItem\",\"position\":3,\"name\":\"La Agenda del Trotamundos, noticias e informaci\\u00f3n para gente viajera.\",\"previousItem\":{\"@type\":\"ListItem\",\"@id\":\"https:\\\/\\\/www.eldigitaldeasturias.com\\\/noticias\\\/category\\\/turismo\\\/#listItem\",\"name\":\"Turismo\"}}]},{\"@type\":\"Organization\",\"@id\":\"https:\\\/\\\/www.eldigitaldeasturias.com\\\/noticias\\\/#organization\",\"name\":\"El Digital de Asturias\",\"description\":\"Hemeroteca\",\"url\":\"https:\\\/\\\/www.eldigitaldeasturias.com\\\/noticias\\\/\",\"email\":\"info@eldigitaldeasturias.com\",\"telephone\":\"+34652131393\",\"logo\":{\"@type\":\"ImageObject\",\"url\":\"https:\\\/\\\/www.eldigitaldeasturias.com\\\/noticias\\\/wp-content\\\/uploads\\\/2020\\\/12\\\/EDA.jpg\",\"@id\":\"https:\\\/\\\/www.eldigitaldeasturias.com\\\/noticias\\\/la-agenda-del-trotamundos-noticias-e-informacion-para-gente-viajera\\\/#organizationLogo\",\"width\":649,\"height\":297},\"image\":{\"@id\":\"https:\\\/\\\/www.eldigitaldeasturias.com\\\/noticias\\\/la-agenda-del-trotamundos-noticias-e-informacion-para-gente-viajera\\\/#organizationLogo\"},\"sameAs\":[\"https:\\\/\\\/facebook.com\\\/eldigitaldeasturias\",\"https:\\\/\\\/www.youtube.com\\\/channel\\\/UCZP-2wLEB9Rv6erhFmqVnvg\"],\"address\":{\"@id\":\"https:\\\/\\\/www.eldigitaldeasturias.com\\\/noticias\\\/#postaladdress\",\"@type\":\"PostalAddress\",\"streetAddress\":\"san antonio 4,\",\"postalCode\":\"33430\",\"addressLocality\":\"Cand\\u00e1s\",\"addressRegion\":\"Asturias\",\"addressCountry\":\"ES\"}},{\"@type\":\"Person\",\"@id\":\"https:\\\/\\\/www.eldigitaldeasturias.com\\\/noticias\\\/author\\\/admin\\\/#author\",\"url\":\"https:\\\/\\\/www.eldigitaldeasturias.com\\\/noticias\\\/author\\\/admin\\\/\",\"name\":\"El Digital de Asturias\",\"image\":{\"@type\":\"ImageObject\",\"@id\":\"https:\\\/\\\/www.eldigitaldeasturias.com\\\/noticias\\\/la-agenda-del-trotamundos-noticias-e-informacion-para-gente-viajera\\\/#authorImage\",\"url\":\"https:\\\/\\\/www.eldigitaldeasturias.com\\\/noticias\\\/wp-content\\\/litespeed\\\/avatar\\\/18677e78aa0546b92d9dbf31ec7d7668.jpg?ver=1777290358\",\"width\":96,\"height\":96,\"caption\":\"El Digital de Asturias\"}},{\"@type\":\"WebPage\",\"@id\":\"https:\\\/\\\/www.eldigitaldeasturias.com\\\/noticias\\\/la-agenda-del-trotamundos-noticias-e-informacion-para-gente-viajera\\\/#webpage\",\"url\":\"https:\\\/\\\/www.eldigitaldeasturias.com\\\/noticias\\\/la-agenda-del-trotamundos-noticias-e-informacion-para-gente-viajera\\\/\",\"name\":\"La Agenda del Trotamundos, noticias e informaci\\u00f3n para gente viajera. - El Digital de Asturias\",\"description\":\"dpa - El Ministerio de Relaciones Exteriores en Berl\\u00edn ha recomendado a los ciudadanos alemanes que viajen a Brasil que se mantengan alejados de las protestas que se est\\u00e1n llevando a cabo en R\\u00edo de Janeiro y que sigan las instrucciones de la polic\\u00eda. En los \\u00faltimos d\\u00edas se han producido violentos enfrentamientos en la\",\"inLanguage\":\"es-ES\",\"isPartOf\":{\"@id\":\"https:\\\/\\\/www.eldigitaldeasturias.com\\\/noticias\\\/#website\"},\"breadcrumb\":{\"@id\":\"https:\\\/\\\/www.eldigitaldeasturias.com\\\/noticias\\\/la-agenda-del-trotamundos-noticias-e-informacion-para-gente-viajera\\\/#breadcrumblist\"},\"author\":{\"@id\":\"https:\\\/\\\/www.eldigitaldeasturias.com\\\/noticias\\\/author\\\/admin\\\/#author\"},\"creator\":{\"@id\":\"https:\\\/\\\/www.eldigitaldeasturias.com\\\/noticias\\\/author\\\/admin\\\/#author\"},\"datePublished\":\"2014-04-30T14:09:34+02:00\",\"dateModified\":\"2014-04-30T14:09:34+02:00\"},{\"@type\":\"WebSite\",\"@id\":\"https:\\\/\\\/www.eldigitaldeasturias.com\\\/noticias\\\/#website\",\"url\":\"https:\\\/\\\/www.eldigitaldeasturias.com\\\/noticias\\\/\",\"name\":\"El Digital de Asturias - Diario de actualidad y noticias\",\"alternateName\":\"El Digital de Asturias - Diario de actualidad y noticias\",\"description\":\"Hemeroteca\",\"inLanguage\":\"es-ES\",\"publisher\":{\"@id\":\"https:\\\/\\\/www.eldigitaldeasturias.com\\\/noticias\\\/#organization\"}}]}\n\t\t<\/script>\n\t\t<!-- All in One SEO Pro -->\r\n\t\t<title>La Agenda del Trotamundos, noticias e informaci\u00f3n para gente viajera. - El Digital de Asturias<\/title>\n\n","aioseo_head_json":{"title":"La Agenda del Trotamundos, noticias e informaci\u00f3n para gente viajera. - El Digital de Asturias","description":"dpa - El Ministerio de Relaciones Exteriores en Berl\u00edn ha recomendado a los ciudadanos alemanes que viajen a Brasil que se mantengan alejados de las protestas que se est\u00e1n llevando a cabo en R\u00edo de Janeiro y que sigan las instrucciones de la polic\u00eda. En los \u00faltimos d\u00edas se han producido violentos enfrentamientos en la","canonical_url":"https:\/\/www.eldigitaldeasturias.com\/noticias\/la-agenda-del-trotamundos-noticias-e-informacion-para-gente-viajera\/","robots":"max-image-preview:large","keywords":"turismo","webmasterTools":{"google-site-verification":"UA-38556648-1","msvalidate.01":"7dfe9f3f1b24437ab69f4f2559babe99","miscellaneous":""},"schema":{"@context":"https:\/\/schema.org","@graph":[{"@type":"BlogPosting","@id":"https:\/\/www.eldigitaldeasturias.com\/noticias\/la-agenda-del-trotamundos-noticias-e-informacion-para-gente-viajera\/#blogposting","name":"La Agenda del Trotamundos, noticias e informaci\u00f3n para gente viajera. - El Digital de Asturias","headline":"La Agenda del Trotamundos, noticias e informaci\u00f3n para gente viajera.","author":{"@id":"https:\/\/www.eldigitaldeasturias.com\/noticias\/author\/admin\/#author"},"publisher":{"@id":"https:\/\/www.eldigitaldeasturias.com\/noticias\/#organization"},"image":{"@type":"ImageObject","url":"http:\/\/www.eldigitaldeasturias.com\/noticias\/wp-content\/uploads\/2013\/09\/aeropuerto1-360x270.jpg","@id":"https:\/\/www.eldigitaldeasturias.com\/noticias\/la-agenda-del-trotamundos-noticias-e-informacion-para-gente-viajera\/#articleImage"},"datePublished":"2014-04-30T14:09:34+02:00","dateModified":"2014-04-30T14:09:34+02:00","inLanguage":"es-ES","mainEntityOfPage":{"@id":"https:\/\/www.eldigitaldeasturias.com\/noticias\/la-agenda-del-trotamundos-noticias-e-informacion-para-gente-viajera\/#webpage"},"isPartOf":{"@id":"https:\/\/www.eldigitaldeasturias.com\/noticias\/la-agenda-del-trotamundos-noticias-e-informacion-para-gente-viajera\/#webpage"},"articleSection":"Turismo"},{"@type":"BreadcrumbList","@id":"https:\/\/www.eldigitaldeasturias.com\/noticias\/la-agenda-del-trotamundos-noticias-e-informacion-para-gente-viajera\/#breadcrumblist","itemListElement":[{"@type":"ListItem","@id":"https:\/\/www.eldigitaldeasturias.com\/noticias#listItem","position":1,"name":"Home","item":"https:\/\/www.eldigitaldeasturias.com\/noticias","nextItem":{"@type":"ListItem","@id":"https:\/\/www.eldigitaldeasturias.com\/noticias\/category\/turismo\/#listItem","name":"Turismo"}},{"@type":"ListItem","@id":"https:\/\/www.eldigitaldeasturias.com\/noticias\/category\/turismo\/#listItem","position":2,"name":"Turismo","item":"https:\/\/www.eldigitaldeasturias.com\/noticias\/category\/turismo\/","nextItem":{"@type":"ListItem","@id":"https:\/\/www.eldigitaldeasturias.com\/noticias\/la-agenda-del-trotamundos-noticias-e-informacion-para-gente-viajera\/#listItem","name":"La Agenda del Trotamundos, noticias e informaci\u00f3n para gente viajera."},"previousItem":{"@type":"ListItem","@id":"https:\/\/www.eldigitaldeasturias.com\/noticias#listItem","name":"Home"}},{"@type":"ListItem","@id":"https:\/\/www.eldigitaldeasturias.com\/noticias\/la-agenda-del-trotamundos-noticias-e-informacion-para-gente-viajera\/#listItem","position":3,"name":"La Agenda del Trotamundos, noticias e informaci\u00f3n para gente viajera.","previousItem":{"@type":"ListItem","@id":"https:\/\/www.eldigitaldeasturias.com\/noticias\/category\/turismo\/#listItem","name":"Turismo"}}]},{"@type":"Organization","@id":"https:\/\/www.eldigitaldeasturias.com\/noticias\/#organization","name":"El Digital de Asturias","description":"Hemeroteca","url":"https:\/\/www.eldigitaldeasturias.com\/noticias\/","email":"info@eldigitaldeasturias.com","telephone":"+34652131393","logo":{"@type":"ImageObject","url":"https:\/\/www.eldigitaldeasturias.com\/noticias\/wp-content\/uploads\/2020\/12\/EDA.jpg","@id":"https:\/\/www.eldigitaldeasturias.com\/noticias\/la-agenda-del-trotamundos-noticias-e-informacion-para-gente-viajera\/#organizationLogo","width":649,"height":297},"image":{"@id":"https:\/\/www.eldigitaldeasturias.com\/noticias\/la-agenda-del-trotamundos-noticias-e-informacion-para-gente-viajera\/#organizationLogo"},"sameAs":["https:\/\/facebook.com\/eldigitaldeasturias","https:\/\/www.youtube.com\/channel\/UCZP-2wLEB9Rv6erhFmqVnvg"],"address":{"@id":"https:\/\/www.eldigitaldeasturias.com\/noticias\/#postaladdress","@type":"PostalAddress","streetAddress":"san antonio 4,","postalCode":"33430","addressLocality":"Cand\u00e1s","addressRegion":"Asturias","addressCountry":"ES"}},{"@type":"Person","@id":"https:\/\/www.eldigitaldeasturias.com\/noticias\/author\/admin\/#author","url":"https:\/\/www.eldigitaldeasturias.com\/noticias\/author\/admin\/","name":"El Digital de Asturias","image":{"@type":"ImageObject","@id":"https:\/\/www.eldigitaldeasturias.com\/noticias\/la-agenda-del-trotamundos-noticias-e-informacion-para-gente-viajera\/#authorImage","url":"https:\/\/www.eldigitaldeasturias.com\/noticias\/wp-content\/litespeed\/avatar\/18677e78aa0546b92d9dbf31ec7d7668.jpg?ver=1777290358","width":96,"height":96,"caption":"El Digital de Asturias"}},{"@type":"WebPage","@id":"https:\/\/www.eldigitaldeasturias.com\/noticias\/la-agenda-del-trotamundos-noticias-e-informacion-para-gente-viajera\/#webpage","url":"https:\/\/www.eldigitaldeasturias.com\/noticias\/la-agenda-del-trotamundos-noticias-e-informacion-para-gente-viajera\/","name":"La Agenda del Trotamundos, noticias e informaci\u00f3n para gente viajera. - El Digital de Asturias","description":"dpa - El Ministerio de Relaciones Exteriores en Berl\u00edn ha recomendado a los ciudadanos alemanes que viajen a Brasil que se mantengan alejados de las protestas que se est\u00e1n llevando a cabo en R\u00edo de Janeiro y que sigan las instrucciones de la polic\u00eda. En los \u00faltimos d\u00edas se han producido violentos enfrentamientos en la","inLanguage":"es-ES","isPartOf":{"@id":"https:\/\/www.eldigitaldeasturias.com\/noticias\/#website"},"breadcrumb":{"@id":"https:\/\/www.eldigitaldeasturias.com\/noticias\/la-agenda-del-trotamundos-noticias-e-informacion-para-gente-viajera\/#breadcrumblist"},"author":{"@id":"https:\/\/www.eldigitaldeasturias.com\/noticias\/author\/admin\/#author"},"creator":{"@id":"https:\/\/www.eldigitaldeasturias.com\/noticias\/author\/admin\/#author"},"datePublished":"2014-04-30T14:09:34+02:00","dateModified":"2014-04-30T14:09:34+02:00"},{"@type":"WebSite","@id":"https:\/\/www.eldigitaldeasturias.com\/noticias\/#website","url":"https:\/\/www.eldigitaldeasturias.com\/noticias\/","name":"El Digital de Asturias - Diario de actualidad y noticias","alternateName":"El Digital de Asturias - Diario de actualidad y noticias","description":"Hemeroteca","inLanguage":"es-ES","publisher":{"@id":"https:\/\/www.eldigitaldeasturias.com\/noticias\/#organization"}}]},"og:locale":"es_ES","og:site_name":"El Digital de Asturias","og:type":"article","og:title":"La Agenda del Trotamundos, noticias e informaci\u00f3n para gente viajera. - El Digital de Asturias","og:description":"dpa - El Ministerio de Relaciones Exteriores en Berl\u00edn ha recomendado a los ciudadanos alemanes que viajen a Brasil que se mantengan alejados de las protestas que se est\u00e1n llevando a cabo en R\u00edo de Janeiro y que sigan las instrucciones de la polic\u00eda. En los \u00faltimos d\u00edas se han producido violentos enfrentamientos en la","og:url":"https:\/\/www.eldigitaldeasturias.com\/noticias\/la-agenda-del-trotamundos-noticias-e-informacion-para-gente-viajera\/","article:tag":["turismo"],"article:published_time":"2014-04-30T15:09:34+00:00","article:modified_time":"2014-04-30T15:09:34+00:00","article:publisher":"https:\/\/facebook.com\/eldigitaldeasturias","twitter:card":"summary_large_image","twitter:title":"La Agenda del Trotamundos, noticias e informaci\u00f3n para gente viajera. - El Digital de Asturias","twitter:description":"dpa - El Ministerio de Relaciones Exteriores en Berl\u00edn ha recomendado a los ciudadanos alemanes que viajen a Brasil que se mantengan alejados de las protestas que se est\u00e1n llevando a cabo en R\u00edo de Janeiro y que sigan las instrucciones de la polic\u00eda. En los \u00faltimos d\u00edas se han producido violentos enfrentamientos en la","twitter:label1":"Escrito por","twitter:data1":"El Digital de Asturias","twitter:label2":"Tiempo de lectura estimado","twitter:data2":"4 minutos"},"aioseo_meta_data":{"post_id":"526155","title":null,"description":null,"keywords":null,"keyphrases":null,"primary_term":null,"canonical_url":null,"og_title":null,"og_description":null,"og_object_type":"default","og_image_type":"default","og_image_url":null,"og_image_width":null,"og_image_height":null,"og_image_custom_url":null,"og_image_custom_fields":null,"og_video":null,"og_custom_url":null,"og_article_section":null,"og_article_tags":null,"twitter_use_og":true,"twitter_card":"default","twitter_image_type":"default","twitter_image_url":null,"twitter_image_custom_url":null,"twitter_image_custom_fields":null,"twitter_title":null,"twitter_description":null,"schema":{"blockGraphs":[],"customGraphs":[],"default":{"data":{"Article":[],"Course":[],"Dataset":[],"FAQPage":[],"Movie":[],"Person":[],"Product":[],"ProductReview":[],"Car":[],"Recipe":[],"Service":[],"SoftwareApplication":[],"WebPage":[]},"graphName":"","isEnabled":true},"graphs":[],"defaultGraph":"","defaultPostTypeGraph":""},"schema_type":null,"schema_type_options":null,"pillar_content":false,"robots_default":true,"robots_noindex":false,"robots_noarchive":false,"robots_nosnippet":false,"robots_nofollow":false,"robots_noimageindex":false,"robots_noodp":false,"robots_notranslate":false,"robots_max_snippet":null,"robots_max_videopreview":null,"robots_max_imagepreview":"none","priority":null,"frequency":null,"local_seo":null,"seo_analyzer_scan_date":"2025-08-30 21:54:49","breadcrumb_settings":null,"limit_modified_date":false,"open_ai":null,"ai":null,"created":"2020-11-14 23:16:34","updated":"2025-08-30 21:54:49"},"aioseo_breadcrumb":"<div class=\"aioseo-breadcrumbs\"><span class=\"aioseo-breadcrumb\">\n\t<a href=\"https:\/\/www.eldigitaldeasturias.com\/noticias\" title=\"Home\">Home<\/a>\n<\/span><span class=\"aioseo-breadcrumb-separator\">\u2013<\/span><span class=\"aioseo-breadcrumb\">\n\t<a href=\"https:\/\/www.eldigitaldeasturias.com\/noticias\/category\/turismo\/\" title=\"Turismo\">Turismo<\/a>\n<\/span><span class=\"aioseo-breadcrumb-separator\">\u2013<\/span><span class=\"aioseo-breadcrumb\">\n\t<a href=\"https:\/\/www.eldigitaldeasturias.com\/noticias\/la-agenda-del-trotamundos-noticias-e-informacion-para-gente-viajera\/\" title=\"La Agenda del Trotamundos, noticias e informaci\u00f3n para gente viajera.\">La Agenda del Trotamundos, noticias e informaci\u00f3n para gente viajera.<\/a>\n<\/span><\/div>","aioseo_breadcrumb_json":[{"label":"Home","link":"https:\/\/www.eldigitaldeasturias.com\/noticias"},{"label":"Turismo","link":"https:\/\/www.eldigitaldeasturias.com\/noticias\/category\/turismo\/"},{"label":"La Agenda del Trotamundos, noticias e informaci\u00f3n para gente viajera.","link":"https:\/\/www.eldigitaldeasturias.com\/noticias\/la-agenda-del-trotamundos-noticias-e-informacion-para-gente-viajera\/"}],"_links":{"self":[{"href":"https:\/\/www.eldigitaldeasturias.com\/noticias\/wp-json\/wp\/v2\/posts\/526155","targetHints":{"allow":["GET"]}}],"collection":[{"href":"https:\/\/www.eldigitaldeasturias.com\/noticias\/wp-json\/wp\/v2\/posts"}],"about":[{"href":"https:\/\/www.eldigitaldeasturias.com\/noticias\/wp-json\/wp\/v2\/types\/post"}],"author":[{"embeddable":true,"href":"https:\/\/www.eldigitaldeasturias.com\/noticias\/wp-json\/wp\/v2\/users\/1"}],"replies":[{"embeddable":true,"href":"https:\/\/www.eldigitaldeasturias.com\/noticias\/wp-json\/wp\/v2\/comments?post=526155"}],"version-history":[{"count":0,"href":"https:\/\/www.eldigitaldeasturias.com\/noticias\/wp-json\/wp\/v2\/posts\/526155\/revisions"}],"wp:attachment":[{"href":"https:\/\/www.eldigitaldeasturias.com\/noticias\/wp-json\/wp\/v2\/media?parent=526155"}],"wp:term":[{"taxonomy":"category","embeddable":true,"href":"https:\/\/www.eldigitaldeasturias.com\/noticias\/wp-json\/wp\/v2\/categories?post=526155"},{"taxonomy":"post_tag","embeddable":true,"href":"https:\/\/www.eldigitaldeasturias.com\/noticias\/wp-json\/wp\/v2\/tags?post=526155"}],"curies":[{"name":"wp","href":"https:\/\/api.w.org\/{rel}","templated":true}]}}