{"id":525513,"date":"2014-04-28T14:37:12","date_gmt":"2014-04-28T15:37:12","guid":{"rendered":"http:\/\/www.eldigitaldeasturias.com\/noticias\/?p=525513"},"modified":"2014-04-28T14:37:12","modified_gmt":"2014-04-28T15:37:12","slug":"destino-brasil-viajamos-en-un-funicular-a-las-favelas-de-rio-de-janeiro","status":"publish","type":"post","link":"https:\/\/www.eldigitaldeasturias.com\/noticias\/destino-brasil-viajamos-en-un-funicular-a-las-favelas-de-rio-de-janeiro\/","title":{"rendered":"Destino Brasil : Viajamos en un funicular a las favelas de R\u00edo de Janeiro"},"content":{"rendered":"<p><img loading=\"lazy\" decoding=\"async\" class=\"alignleft size-medium wp-image-525514\" alt=\"La otra cara de R\u00edo de Janeiro\" src=\"https:\/\/www.eldigitaldeasturias.com\/noticias\/wp-content\/uploads\/2014\/04\/EN_FUNICULAR_A_LAS_F_38040512-360x262.jpg\" width=\"360\" height=\"262\" \/>R\u00cdO DE JANEIRO (dpa) &#8211; \u00a1Qu\u00e9 vista panor\u00e1mica m\u00e1s impresionante! Desde una altura de 65 metros, la mirada vaga por las calles de Ipanema hacia la playa mundialmente famosa y desde all\u00ed viaja por el mar hacia algunas islas peque\u00f1as para luego girar hacia la derecha, donde al fondo se alzan al cielo sobre R\u00edo de Janeiro los \u00abDois Irm\u00e3os\u00bb, los \u00abDos Hermanos\u00bb, la emblem\u00e1tica formaci\u00f3n rocosa de la metr\u00f3poli brasile\u00f1a.<\/p>\n<p>\u00abMirante da Paz\u00bb, el \u00abmirador de la paz\u00bb, se llama este ventoso puesto de observaci\u00f3n. Es la estaci\u00f3n final de un funicular que desde hace cuatro a\u00f1os comunica dos mundos de R\u00edo de Janeiro: abajo, a nivel del mar, est\u00e1 Ipanema, uno de los barrios m\u00e1s ricos de todo Brasil, y arriba, en el cerro de Cantagalo, una favela, un t\u00edpico barrio marginal brasile\u00f1o. Las casas de ladrillos no enlucidos est\u00e1n pegadas una a otra en la pendiente.<\/p>\n<p>La palabra \u00abfavela\u00bb evoca cuevas de ladrones y guerras entre bandos de narcotraficantes. Las favelas son consideradas como lugares muy peligrosos, que los miembros de las clases medias y altas de la sociedad brasile\u00f1a no pisar\u00edan jam\u00e1s en su vida. Sin embargo, con motivo del Mundial de f\u00fatbol, que comienza en junio, y de los Juegos Ol\u00edmpicos de 2016, la pol\u00edtica de seguridad del gobierno brasile\u00f1o ha cambiado.<\/p>\n<p>Gracias a una mayor presencia policial, las favelas, al menos las que se encuentran en el sur de R\u00edo, ya no son tan peligrosas como antes e incluso se est\u00e1n convirtiendo poco a poco en una atracci\u00f3n tur\u00edstica. En varias de ellas ya se organizan visitas guiadas.<\/p>\n<p>En Cantagalo, Isabell Erdmann garantiza que el turista no se pierda. Esta mujer de origen alem\u00e1n lleva muchos a\u00f1os viviendo en R\u00edo de Janeiro y trabaja como gu\u00eda tur\u00edstica. Desde la salida del funicular, el camino por donde la alemana lleva a los turistas pasa por estrechos callejones y por multitud de escaleras hacia el mar, en las que hay casas amontanadas.<\/p>\n<p>En una de las terrazas se ven ni\u00f1os jugando al f\u00fatbol y hombres llevando cuesta arriba pal\u00e9s con cajas de cerveza. Entre las casas y los postes de luz discurre a una altura de unos cuantos metros una enredada mara\u00f1a de cables. La gran cantidad de antenas parab\u00f3licas indica que probablemente ya no haya ning\u00fan habitante de la favela que viva sin televisi\u00f3n.<\/p>\n<p>Isabel Erdmann conoce bien el lugar: ella misma vive en la favela. Todo el mundo la conoce y la saluda. \u00abVivir en la favela no es ning\u00fan lujo\u00bb, dice la alemana. Es cierto que hay agua, electricidad, alcantarillas, transporte, una red de telefon\u00eda fija e Internet, pero estos servicios no siempre funcionan. Los habitantes se ven obligados a aprender a vivir a veces sin ellos. \u00abAdem\u00e1s, siempre hay que acostumbrarse a las muchas escaleras, por donde la gente sube y baja cualquier cosa\u00bb. Al parecer, todo menos la basura, que afea los caminos y las pendientes. Para que los camiones pudieran recoger la basura, habr\u00eda que arrastrarla hacia el otro lado del cerro, porque en Cantagalo no hay calles.<\/p>\n<p>En Cantagalo y en las vecinas favelas Pav\u00e3o y Pav\u00e3ozinho viven unas 20.000 personas. Es gente de escasos recursos que trabaja abajo, en Ipanema y Copacabana, como empleadas dom\u00e9sticas, camareros, vendedoras ambulantes o vigilantes. Erdmann, la gu\u00eda tur\u00edstica, rechaza que se llame a las favelas de R\u00edo \u00abvillas miseria\u00bb. Son barrios obreros, donde nadie padece hambre\u00bb, asegura la alemana. \u00abPara ver aut\u00e9ntica pobreza, hay que ir al noreste de Brasil\u00bb.<\/p>\n<p>Cantagalo significa \u00abcanto del gallo\u00bb. El nombre surgi\u00f3 por el hecho de que al amanecer los habitantes siempre bajaban el cerro a trabajar. Hay un museo de la favela con un edificio propio. Sin embargo, toda la favela se puede ver como un museo, ya que su historia est\u00e1 escrita en las paredes. \u00abMuseo da favela\u00bb: estas palabras tambi\u00e9n est\u00e1n pintadas en un arco muy colorido por donde se entra al barrio. Junto al arco hay un mural que cuenta la historia de un legendario pavo que dio el nombre de Pav\u00e3o al barrio. Al parecer, en la favela tambi\u00e9n viven muchos artistas y poetas.<\/p>\n<p>Ipanema es la cuna del bossa nova. En una pared de la estaci\u00f3n del funicular al pie del cerro hay un texto del escritor Ruy Castro que recuerda la \u00e9poca en que esta corriente musical inici\u00f3 su marcha triunfal por el mundo. Eran los primeros a\u00f1os de la d\u00e9cada de los 60, cuando Ant\u00f3nio Carlos Jobim y Vin\u00edcius de Moraes escribieron la canci\u00f3n \u00abGarota de Ipanema\u00bb. Lo hicieron abajo, en la parte elegante de la ciudad, tan cerca y al mismo tiempo tan lejos de Cantagalo. \u00abEl esp\u00edritu que hizo de Ipanema la cuna del bossa nova sigue vivo\u00bb, escribi\u00f3 Ruy Castro.<\/p>\n<p>Un aspecto menos po\u00e9tico tiene otra favela, situada tierra adentro, a varios kil\u00f3metros de Ipanema. Se llama \u00abComplexo do Alem\u00e3o\u00bb, un conjunto de barrios pobres en el norte de R\u00edo. Dicen que el nombre \u00abAlem\u00e3o\u00bb (alem\u00e1n) naci\u00f3 porque el terreno pertenec\u00eda en un pasado remoto a un polaco a quien la escasa precisi\u00f3n geogr\u00e1fica latinoamericana convirti\u00f3 en alem\u00e1n.A finales de noviembre de 2010, \u00abAlem\u00e3o\u00bb lleg\u00f3 a ser noticia internacional cuando la polic\u00eda y el ej\u00e9rcito irrumpieron en la favela y expulsaron a los poderosos barones de la droga. Hoy, un funicular cruza todo el \u00e1rea y comunica entre s\u00ed los cerros. Si uno se monta a una de las cabinas de color rojo vivo, puede contemplar las favelas a vista de p\u00e1jaro. Desde Bonsucesso, una estaci\u00f3n de los trenes de cercan\u00edas, el convoy pasa por cinco tramos hasta llegar a la terminal de Palmeiras.<\/p>\n<p>En cada cerro se alza, junto a la estaci\u00f3n del funicular, un cuartel de las UPP (Unidades Policiales Pacificadoras), que fueron creadas para demostrar que en las favelas el Estado manda nuevamente. Casi enfrente de la estaci\u00f3n \u00abAlem\u00e3o\u00bb, Ant\u00f3nio y Alexandre est\u00e1n sentados delante de su tienda de bebidas esperando la llegada de clientes. Los dos dudan de que la zona sea ahora m\u00e1s segura. \u00abDespu\u00e9s de las diez de la noche, aqu\u00ed nadie sale a la calle\u00bb, dice Ant\u00f3nio. Asimismo, se quejan de que hayan aumentado el precio de los billetes para el funicular a una cantidad equivalente a 1,50 euros (unos 2,1 d\u00f3lares).El turismo de las favelas es un tema controvertido en Brasil. El escritor Paulo Lins, autor de la novela \u00abCidade de Deus\u00bb, que tambi\u00e9n fue llevada a la pantalla, se opone vehementemente, al considerar que ese tipo de turismo exhibe a los habitantes como animales. Un juicio menos severo expresa el director de la Fundaci\u00f3n Heinrich B\u00f6ll en R\u00edo, Dawid Bartelt: en su opini\u00f3n, es cierto que el turismo ayuda poco a resolver los problemas de las favelas, pero aun as\u00ed puede contribuir a corregir la imagen que se tiene de las favelas como lugares del crimen. \u00abEl turismo puede demostrar que all\u00ed la vida es absolutamente normal\u00bb, dice Bartelt.<\/p>\n<p>Informaci\u00f3n b\u00e1sica:<\/p>\n<p>La visita guiada de cuatro horas a la favela Cantagalo cuesta actualmente 120 reais (unos 40 euros o 55 d\u00f3lares), independientemente del n\u00famero de participantes. No est\u00e1 permitido fotografiar a los habitantes.<\/p>\n<p><i>Por Klaus Blume <\/i><\/p>\n","protected":false},"excerpt":{"rendered":"<p>R\u00cdO DE JANEIRO (dpa) &#8211; \u00a1Qu\u00e9 vista panor\u00e1mica m\u00e1s impresionante! Desde una altura de 65 metros, la mirada vaga por las calles de Ipanema hacia la playa mundialmente famosa y desde all\u00ed viaja por el mar hacia algunas islas peque\u00f1as para luego girar hacia la derecha, donde al fondo se alzan al cielo sobre R\u00edo [&hellip;]<\/p>\n","protected":false},"author":1,"featured_media":525514,"comment_status":"closed","ping_status":"closed","sticky":false,"template":"","format":"standard","meta":{"footnotes":""},"categories":[148],"tags":[],"class_list":["post-525513","post","type-post","status-publish","format-standard","has-post-thumbnail","hentry","category-turismo"],"aioseo_notices":[],"aioseo_head":"\n\t\t<!-- All in One SEO Pro 4.9.6.2 - aioseo.com -->\n\t<meta name=\"description\" content=\"R\u00cdO DE JANEIRO (dpa) - \u00a1Qu\u00e9 vista panor\u00e1mica m\u00e1s impresionante! Desde una altura de 65 metros, la mirada vaga por las calles de Ipanema hacia la playa mundialmente famosa y desde all\u00ed viaja por el mar hacia algunas islas peque\u00f1as para luego girar hacia la derecha, donde al fondo se alzan al cielo sobre R\u00edo\" \/>\n\t<meta name=\"robots\" content=\"max-image-preview:large\" \/>\n\t<meta name=\"author\" content=\"El Digital de Asturias\"\/>\n\t<meta name=\"google-site-verification\" content=\"UA-38556648-1\" \/>\n\t<meta name=\"msvalidate.01\" content=\"7dfe9f3f1b24437ab69f4f2559babe99\" \/>\n\t<meta name=\"keywords\" content=\"turismo\" \/>\n\t<link rel=\"canonical\" href=\"https:\/\/www.eldigitaldeasturias.com\/noticias\/destino-brasil-viajamos-en-un-funicular-a-las-favelas-de-rio-de-janeiro\/\" \/>\n\t<meta name=\"generator\" content=\"All in One SEO Pro (AIOSEO) 4.9.6.2\" \/>\n\t\t<meta property=\"og:locale\" content=\"es_ES\" \/>\n\t\t<meta property=\"og:site_name\" content=\"El Digital de Asturias\" \/>\n\t\t<meta property=\"og:type\" content=\"article\" \/>\n\t\t<meta property=\"og:title\" content=\"Destino Brasil : Viajamos en un funicular a las favelas de R\u00edo de Janeiro - El Digital de Asturias\" \/>\n\t\t<meta property=\"og:description\" content=\"R\u00cdO DE JANEIRO (dpa) - \u00a1Qu\u00e9 vista panor\u00e1mica m\u00e1s impresionante! Desde una altura de 65 metros, la mirada vaga por las calles de Ipanema hacia la playa mundialmente famosa y desde all\u00ed viaja por el mar hacia algunas islas peque\u00f1as para luego girar hacia la derecha, donde al fondo se alzan al cielo sobre R\u00edo\" \/>\n\t\t<meta property=\"og:url\" content=\"https:\/\/www.eldigitaldeasturias.com\/noticias\/destino-brasil-viajamos-en-un-funicular-a-las-favelas-de-rio-de-janeiro\/\" \/>\n\t\t<meta property=\"og:image\" content=\"https:\/\/www.eldigitaldeasturias.com\/noticias\/wp-content\/uploads\/2014\/04\/EN_FUNICULAR_A_LAS_F_38040512.jpg\" \/>\n\t\t<meta property=\"og:image:secure_url\" content=\"https:\/\/www.eldigitaldeasturias.com\/noticias\/wp-content\/uploads\/2014\/04\/EN_FUNICULAR_A_LAS_F_38040512.jpg\" \/>\n\t\t<meta property=\"og:image:width\" content=\"2000\" \/>\n\t\t<meta property=\"og:image:height\" content=\"1460\" \/>\n\t\t<meta property=\"article:tag\" content=\"turismo\" \/>\n\t\t<meta property=\"article:published_time\" content=\"2014-04-28T15:37:12+00:00\" \/>\n\t\t<meta property=\"article:modified_time\" content=\"2014-04-28T15:37:12+00:00\" \/>\n\t\t<meta property=\"article:publisher\" content=\"https:\/\/facebook.com\/eldigitaldeasturias\" \/>\n\t\t<meta name=\"twitter:card\" content=\"summary_large_image\" \/>\n\t\t<meta name=\"twitter:title\" content=\"Destino Brasil : Viajamos en un funicular a las favelas de R\u00edo de Janeiro - El Digital de Asturias\" \/>\n\t\t<meta name=\"twitter:description\" content=\"R\u00cdO DE JANEIRO (dpa) - \u00a1Qu\u00e9 vista panor\u00e1mica m\u00e1s impresionante! Desde una altura de 65 metros, la mirada vaga por las calles de Ipanema hacia la playa mundialmente famosa y desde all\u00ed viaja por el mar hacia algunas islas peque\u00f1as para luego girar hacia la derecha, donde al fondo se alzan al cielo sobre R\u00edo\" \/>\n\t\t<meta name=\"twitter:image\" content=\"https:\/\/www.eldigitaldeasturias.com\/noticias\/wp-content\/uploads\/2014\/04\/EN_FUNICULAR_A_LAS_F_38040512.jpg\" \/>\n\t\t<meta name=\"twitter:label1\" content=\"Escrito por\" \/>\n\t\t<meta name=\"twitter:data1\" content=\"El Digital de Asturias\" \/>\n\t\t<meta name=\"twitter:label2\" content=\"Tiempo de lectura estimado\" \/>\n\t\t<meta name=\"twitter:data2\" content=\"6 minutos\" \/>\n\t\t<script type=\"application\/ld+json\" class=\"aioseo-schema\">\n\t\t\t{\"@context\":\"https:\\\/\\\/schema.org\",\"@graph\":[{\"@type\":\"BlogPosting\",\"@id\":\"https:\\\/\\\/www.eldigitaldeasturias.com\\\/noticias\\\/destino-brasil-viajamos-en-un-funicular-a-las-favelas-de-rio-de-janeiro\\\/#blogposting\",\"name\":\"Destino Brasil : Viajamos en un funicular a las favelas de R\\u00edo de Janeiro - El Digital de Asturias\",\"headline\":\"Destino Brasil : Viajamos en un funicular a las favelas de R\\u00edo de Janeiro\",\"author\":{\"@id\":\"https:\\\/\\\/www.eldigitaldeasturias.com\\\/noticias\\\/author\\\/admin\\\/#author\"},\"publisher\":{\"@id\":\"https:\\\/\\\/www.eldigitaldeasturias.com\\\/noticias\\\/#organization\"},\"image\":{\"@type\":\"ImageObject\",\"url\":\"https:\\\/\\\/www.eldigitaldeasturias.com\\\/noticias\\\/wp-content\\\/uploads\\\/2014\\\/04\\\/EN_FUNICULAR_A_LAS_F_38040512.jpg\",\"width\":2000,\"height\":1460},\"datePublished\":\"2014-04-28T14:37:12+02:00\",\"dateModified\":\"2014-04-28T14:37:12+02:00\",\"inLanguage\":\"es-ES\",\"mainEntityOfPage\":{\"@id\":\"https:\\\/\\\/www.eldigitaldeasturias.com\\\/noticias\\\/destino-brasil-viajamos-en-un-funicular-a-las-favelas-de-rio-de-janeiro\\\/#webpage\"},\"isPartOf\":{\"@id\":\"https:\\\/\\\/www.eldigitaldeasturias.com\\\/noticias\\\/destino-brasil-viajamos-en-un-funicular-a-las-favelas-de-rio-de-janeiro\\\/#webpage\"},\"articleSection\":\"Turismo\"},{\"@type\":\"BreadcrumbList\",\"@id\":\"https:\\\/\\\/www.eldigitaldeasturias.com\\\/noticias\\\/destino-brasil-viajamos-en-un-funicular-a-las-favelas-de-rio-de-janeiro\\\/#breadcrumblist\",\"itemListElement\":[{\"@type\":\"ListItem\",\"@id\":\"https:\\\/\\\/www.eldigitaldeasturias.com\\\/noticias#listItem\",\"position\":1,\"name\":\"Home\",\"item\":\"https:\\\/\\\/www.eldigitaldeasturias.com\\\/noticias\",\"nextItem\":{\"@type\":\"ListItem\",\"@id\":\"https:\\\/\\\/www.eldigitaldeasturias.com\\\/noticias\\\/category\\\/turismo\\\/#listItem\",\"name\":\"Turismo\"}},{\"@type\":\"ListItem\",\"@id\":\"https:\\\/\\\/www.eldigitaldeasturias.com\\\/noticias\\\/category\\\/turismo\\\/#listItem\",\"position\":2,\"name\":\"Turismo\",\"item\":\"https:\\\/\\\/www.eldigitaldeasturias.com\\\/noticias\\\/category\\\/turismo\\\/\",\"nextItem\":{\"@type\":\"ListItem\",\"@id\":\"https:\\\/\\\/www.eldigitaldeasturias.com\\\/noticias\\\/destino-brasil-viajamos-en-un-funicular-a-las-favelas-de-rio-de-janeiro\\\/#listItem\",\"name\":\"Destino Brasil : Viajamos en un funicular a las favelas de R\\u00edo de Janeiro\"},\"previousItem\":{\"@type\":\"ListItem\",\"@id\":\"https:\\\/\\\/www.eldigitaldeasturias.com\\\/noticias#listItem\",\"name\":\"Home\"}},{\"@type\":\"ListItem\",\"@id\":\"https:\\\/\\\/www.eldigitaldeasturias.com\\\/noticias\\\/destino-brasil-viajamos-en-un-funicular-a-las-favelas-de-rio-de-janeiro\\\/#listItem\",\"position\":3,\"name\":\"Destino Brasil : Viajamos en un funicular a las favelas de R\\u00edo de Janeiro\",\"previousItem\":{\"@type\":\"ListItem\",\"@id\":\"https:\\\/\\\/www.eldigitaldeasturias.com\\\/noticias\\\/category\\\/turismo\\\/#listItem\",\"name\":\"Turismo\"}}]},{\"@type\":\"Organization\",\"@id\":\"https:\\\/\\\/www.eldigitaldeasturias.com\\\/noticias\\\/#organization\",\"name\":\"El Digital de Asturias\",\"description\":\"Hemeroteca\",\"url\":\"https:\\\/\\\/www.eldigitaldeasturias.com\\\/noticias\\\/\",\"email\":\"info@eldigitaldeasturias.com\",\"telephone\":\"+34652131393\",\"logo\":{\"@type\":\"ImageObject\",\"url\":\"https:\\\/\\\/www.eldigitaldeasturias.com\\\/noticias\\\/wp-content\\\/uploads\\\/2020\\\/12\\\/EDA.jpg\",\"@id\":\"https:\\\/\\\/www.eldigitaldeasturias.com\\\/noticias\\\/destino-brasil-viajamos-en-un-funicular-a-las-favelas-de-rio-de-janeiro\\\/#organizationLogo\",\"width\":649,\"height\":297},\"image\":{\"@id\":\"https:\\\/\\\/www.eldigitaldeasturias.com\\\/noticias\\\/destino-brasil-viajamos-en-un-funicular-a-las-favelas-de-rio-de-janeiro\\\/#organizationLogo\"},\"sameAs\":[\"https:\\\/\\\/facebook.com\\\/eldigitaldeasturias\",\"https:\\\/\\\/www.youtube.com\\\/channel\\\/UCZP-2wLEB9Rv6erhFmqVnvg\"],\"address\":{\"@id\":\"https:\\\/\\\/www.eldigitaldeasturias.com\\\/noticias\\\/#postaladdress\",\"@type\":\"PostalAddress\",\"streetAddress\":\"san antonio 4,\",\"postalCode\":\"33430\",\"addressLocality\":\"Cand\\u00e1s\",\"addressRegion\":\"Asturias\",\"addressCountry\":\"ES\"}},{\"@type\":\"Person\",\"@id\":\"https:\\\/\\\/www.eldigitaldeasturias.com\\\/noticias\\\/author\\\/admin\\\/#author\",\"url\":\"https:\\\/\\\/www.eldigitaldeasturias.com\\\/noticias\\\/author\\\/admin\\\/\",\"name\":\"El Digital de Asturias\",\"image\":{\"@type\":\"ImageObject\",\"@id\":\"https:\\\/\\\/www.eldigitaldeasturias.com\\\/noticias\\\/destino-brasil-viajamos-en-un-funicular-a-las-favelas-de-rio-de-janeiro\\\/#authorImage\",\"url\":\"https:\\\/\\\/www.eldigitaldeasturias.com\\\/noticias\\\/wp-content\\\/litespeed\\\/avatar\\\/18677e78aa0546b92d9dbf31ec7d7668.jpg?ver=1777290358\",\"width\":96,\"height\":96,\"caption\":\"El Digital de Asturias\"}},{\"@type\":\"WebPage\",\"@id\":\"https:\\\/\\\/www.eldigitaldeasturias.com\\\/noticias\\\/destino-brasil-viajamos-en-un-funicular-a-las-favelas-de-rio-de-janeiro\\\/#webpage\",\"url\":\"https:\\\/\\\/www.eldigitaldeasturias.com\\\/noticias\\\/destino-brasil-viajamos-en-un-funicular-a-las-favelas-de-rio-de-janeiro\\\/\",\"name\":\"Destino Brasil : Viajamos en un funicular a las favelas de R\\u00edo de Janeiro - El Digital de Asturias\",\"description\":\"R\\u00cdO DE JANEIRO (dpa) - \\u00a1Qu\\u00e9 vista panor\\u00e1mica m\\u00e1s impresionante! Desde una altura de 65 metros, la mirada vaga por las calles de Ipanema hacia la playa mundialmente famosa y desde all\\u00ed viaja por el mar hacia algunas islas peque\\u00f1as para luego girar hacia la derecha, donde al fondo se alzan al cielo sobre R\\u00edo\",\"inLanguage\":\"es-ES\",\"isPartOf\":{\"@id\":\"https:\\\/\\\/www.eldigitaldeasturias.com\\\/noticias\\\/#website\"},\"breadcrumb\":{\"@id\":\"https:\\\/\\\/www.eldigitaldeasturias.com\\\/noticias\\\/destino-brasil-viajamos-en-un-funicular-a-las-favelas-de-rio-de-janeiro\\\/#breadcrumblist\"},\"author\":{\"@id\":\"https:\\\/\\\/www.eldigitaldeasturias.com\\\/noticias\\\/author\\\/admin\\\/#author\"},\"creator\":{\"@id\":\"https:\\\/\\\/www.eldigitaldeasturias.com\\\/noticias\\\/author\\\/admin\\\/#author\"},\"image\":{\"@type\":\"ImageObject\",\"url\":\"https:\\\/\\\/www.eldigitaldeasturias.com\\\/noticias\\\/wp-content\\\/uploads\\\/2014\\\/04\\\/EN_FUNICULAR_A_LAS_F_38040512.jpg\",\"@id\":\"https:\\\/\\\/www.eldigitaldeasturias.com\\\/noticias\\\/destino-brasil-viajamos-en-un-funicular-a-las-favelas-de-rio-de-janeiro\\\/#mainImage\",\"width\":2000,\"height\":1460},\"primaryImageOfPage\":{\"@id\":\"https:\\\/\\\/www.eldigitaldeasturias.com\\\/noticias\\\/destino-brasil-viajamos-en-un-funicular-a-las-favelas-de-rio-de-janeiro\\\/#mainImage\"},\"datePublished\":\"2014-04-28T14:37:12+02:00\",\"dateModified\":\"2014-04-28T14:37:12+02:00\"},{\"@type\":\"WebSite\",\"@id\":\"https:\\\/\\\/www.eldigitaldeasturias.com\\\/noticias\\\/#website\",\"url\":\"https:\\\/\\\/www.eldigitaldeasturias.com\\\/noticias\\\/\",\"name\":\"El Digital de Asturias - Diario de actualidad y noticias\",\"alternateName\":\"El Digital de Asturias - Diario de actualidad y noticias\",\"description\":\"Hemeroteca\",\"inLanguage\":\"es-ES\",\"publisher\":{\"@id\":\"https:\\\/\\\/www.eldigitaldeasturias.com\\\/noticias\\\/#organization\"}}]}\n\t\t<\/script>\n\t\t<!-- All in One SEO Pro -->\r\n\t\t<title>Destino Brasil : Viajamos en un funicular a las favelas de R\u00edo de Janeiro - El Digital de Asturias<\/title>\n\n","aioseo_head_json":{"title":"Destino Brasil : Viajamos en un funicular a las favelas de R\u00edo de Janeiro - El Digital de Asturias","description":"R\u00cdO DE JANEIRO (dpa) - \u00a1Qu\u00e9 vista panor\u00e1mica m\u00e1s impresionante! Desde una altura de 65 metros, la mirada vaga por las calles de Ipanema hacia la playa mundialmente famosa y desde all\u00ed viaja por el mar hacia algunas islas peque\u00f1as para luego girar hacia la derecha, donde al fondo se alzan al cielo sobre R\u00edo","canonical_url":"https:\/\/www.eldigitaldeasturias.com\/noticias\/destino-brasil-viajamos-en-un-funicular-a-las-favelas-de-rio-de-janeiro\/","robots":"max-image-preview:large","keywords":"turismo","webmasterTools":{"google-site-verification":"UA-38556648-1","msvalidate.01":"7dfe9f3f1b24437ab69f4f2559babe99","miscellaneous":""},"schema":{"@context":"https:\/\/schema.org","@graph":[{"@type":"BlogPosting","@id":"https:\/\/www.eldigitaldeasturias.com\/noticias\/destino-brasil-viajamos-en-un-funicular-a-las-favelas-de-rio-de-janeiro\/#blogposting","name":"Destino Brasil : Viajamos en un funicular a las favelas de R\u00edo de Janeiro - El Digital de Asturias","headline":"Destino Brasil : Viajamos en un funicular a las favelas de R\u00edo de Janeiro","author":{"@id":"https:\/\/www.eldigitaldeasturias.com\/noticias\/author\/admin\/#author"},"publisher":{"@id":"https:\/\/www.eldigitaldeasturias.com\/noticias\/#organization"},"image":{"@type":"ImageObject","url":"https:\/\/www.eldigitaldeasturias.com\/noticias\/wp-content\/uploads\/2014\/04\/EN_FUNICULAR_A_LAS_F_38040512.jpg","width":2000,"height":1460},"datePublished":"2014-04-28T14:37:12+02:00","dateModified":"2014-04-28T14:37:12+02:00","inLanguage":"es-ES","mainEntityOfPage":{"@id":"https:\/\/www.eldigitaldeasturias.com\/noticias\/destino-brasil-viajamos-en-un-funicular-a-las-favelas-de-rio-de-janeiro\/#webpage"},"isPartOf":{"@id":"https:\/\/www.eldigitaldeasturias.com\/noticias\/destino-brasil-viajamos-en-un-funicular-a-las-favelas-de-rio-de-janeiro\/#webpage"},"articleSection":"Turismo"},{"@type":"BreadcrumbList","@id":"https:\/\/www.eldigitaldeasturias.com\/noticias\/destino-brasil-viajamos-en-un-funicular-a-las-favelas-de-rio-de-janeiro\/#breadcrumblist","itemListElement":[{"@type":"ListItem","@id":"https:\/\/www.eldigitaldeasturias.com\/noticias#listItem","position":1,"name":"Home","item":"https:\/\/www.eldigitaldeasturias.com\/noticias","nextItem":{"@type":"ListItem","@id":"https:\/\/www.eldigitaldeasturias.com\/noticias\/category\/turismo\/#listItem","name":"Turismo"}},{"@type":"ListItem","@id":"https:\/\/www.eldigitaldeasturias.com\/noticias\/category\/turismo\/#listItem","position":2,"name":"Turismo","item":"https:\/\/www.eldigitaldeasturias.com\/noticias\/category\/turismo\/","nextItem":{"@type":"ListItem","@id":"https:\/\/www.eldigitaldeasturias.com\/noticias\/destino-brasil-viajamos-en-un-funicular-a-las-favelas-de-rio-de-janeiro\/#listItem","name":"Destino Brasil : Viajamos en un funicular a las favelas de R\u00edo de Janeiro"},"previousItem":{"@type":"ListItem","@id":"https:\/\/www.eldigitaldeasturias.com\/noticias#listItem","name":"Home"}},{"@type":"ListItem","@id":"https:\/\/www.eldigitaldeasturias.com\/noticias\/destino-brasil-viajamos-en-un-funicular-a-las-favelas-de-rio-de-janeiro\/#listItem","position":3,"name":"Destino Brasil : Viajamos en un funicular a las favelas de R\u00edo de Janeiro","previousItem":{"@type":"ListItem","@id":"https:\/\/www.eldigitaldeasturias.com\/noticias\/category\/turismo\/#listItem","name":"Turismo"}}]},{"@type":"Organization","@id":"https:\/\/www.eldigitaldeasturias.com\/noticias\/#organization","name":"El Digital de Asturias","description":"Hemeroteca","url":"https:\/\/www.eldigitaldeasturias.com\/noticias\/","email":"info@eldigitaldeasturias.com","telephone":"+34652131393","logo":{"@type":"ImageObject","url":"https:\/\/www.eldigitaldeasturias.com\/noticias\/wp-content\/uploads\/2020\/12\/EDA.jpg","@id":"https:\/\/www.eldigitaldeasturias.com\/noticias\/destino-brasil-viajamos-en-un-funicular-a-las-favelas-de-rio-de-janeiro\/#organizationLogo","width":649,"height":297},"image":{"@id":"https:\/\/www.eldigitaldeasturias.com\/noticias\/destino-brasil-viajamos-en-un-funicular-a-las-favelas-de-rio-de-janeiro\/#organizationLogo"},"sameAs":["https:\/\/facebook.com\/eldigitaldeasturias","https:\/\/www.youtube.com\/channel\/UCZP-2wLEB9Rv6erhFmqVnvg"],"address":{"@id":"https:\/\/www.eldigitaldeasturias.com\/noticias\/#postaladdress","@type":"PostalAddress","streetAddress":"san antonio 4,","postalCode":"33430","addressLocality":"Cand\u00e1s","addressRegion":"Asturias","addressCountry":"ES"}},{"@type":"Person","@id":"https:\/\/www.eldigitaldeasturias.com\/noticias\/author\/admin\/#author","url":"https:\/\/www.eldigitaldeasturias.com\/noticias\/author\/admin\/","name":"El Digital de Asturias","image":{"@type":"ImageObject","@id":"https:\/\/www.eldigitaldeasturias.com\/noticias\/destino-brasil-viajamos-en-un-funicular-a-las-favelas-de-rio-de-janeiro\/#authorImage","url":"https:\/\/www.eldigitaldeasturias.com\/noticias\/wp-content\/litespeed\/avatar\/18677e78aa0546b92d9dbf31ec7d7668.jpg?ver=1777290358","width":96,"height":96,"caption":"El Digital de Asturias"}},{"@type":"WebPage","@id":"https:\/\/www.eldigitaldeasturias.com\/noticias\/destino-brasil-viajamos-en-un-funicular-a-las-favelas-de-rio-de-janeiro\/#webpage","url":"https:\/\/www.eldigitaldeasturias.com\/noticias\/destino-brasil-viajamos-en-un-funicular-a-las-favelas-de-rio-de-janeiro\/","name":"Destino Brasil : Viajamos en un funicular a las favelas de R\u00edo de Janeiro - El Digital de Asturias","description":"R\u00cdO DE JANEIRO (dpa) - \u00a1Qu\u00e9 vista panor\u00e1mica m\u00e1s impresionante! Desde una altura de 65 metros, la mirada vaga por las calles de Ipanema hacia la playa mundialmente famosa y desde all\u00ed viaja por el mar hacia algunas islas peque\u00f1as para luego girar hacia la derecha, donde al fondo se alzan al cielo sobre R\u00edo","inLanguage":"es-ES","isPartOf":{"@id":"https:\/\/www.eldigitaldeasturias.com\/noticias\/#website"},"breadcrumb":{"@id":"https:\/\/www.eldigitaldeasturias.com\/noticias\/destino-brasil-viajamos-en-un-funicular-a-las-favelas-de-rio-de-janeiro\/#breadcrumblist"},"author":{"@id":"https:\/\/www.eldigitaldeasturias.com\/noticias\/author\/admin\/#author"},"creator":{"@id":"https:\/\/www.eldigitaldeasturias.com\/noticias\/author\/admin\/#author"},"image":{"@type":"ImageObject","url":"https:\/\/www.eldigitaldeasturias.com\/noticias\/wp-content\/uploads\/2014\/04\/EN_FUNICULAR_A_LAS_F_38040512.jpg","@id":"https:\/\/www.eldigitaldeasturias.com\/noticias\/destino-brasil-viajamos-en-un-funicular-a-las-favelas-de-rio-de-janeiro\/#mainImage","width":2000,"height":1460},"primaryImageOfPage":{"@id":"https:\/\/www.eldigitaldeasturias.com\/noticias\/destino-brasil-viajamos-en-un-funicular-a-las-favelas-de-rio-de-janeiro\/#mainImage"},"datePublished":"2014-04-28T14:37:12+02:00","dateModified":"2014-04-28T14:37:12+02:00"},{"@type":"WebSite","@id":"https:\/\/www.eldigitaldeasturias.com\/noticias\/#website","url":"https:\/\/www.eldigitaldeasturias.com\/noticias\/","name":"El Digital de Asturias - Diario de actualidad y noticias","alternateName":"El Digital de Asturias - Diario de actualidad y noticias","description":"Hemeroteca","inLanguage":"es-ES","publisher":{"@id":"https:\/\/www.eldigitaldeasturias.com\/noticias\/#organization"}}]},"og:locale":"es_ES","og:site_name":"El Digital de Asturias","og:type":"article","og:title":"Destino Brasil : Viajamos en un funicular a las favelas de R\u00edo de Janeiro - El Digital de Asturias","og:description":"R\u00cdO DE JANEIRO (dpa) - \u00a1Qu\u00e9 vista panor\u00e1mica m\u00e1s impresionante! Desde una altura de 65 metros, la mirada vaga por las calles de Ipanema hacia la playa mundialmente famosa y desde all\u00ed viaja por el mar hacia algunas islas peque\u00f1as para luego girar hacia la derecha, donde al fondo se alzan al cielo sobre R\u00edo","og:url":"https:\/\/www.eldigitaldeasturias.com\/noticias\/destino-brasil-viajamos-en-un-funicular-a-las-favelas-de-rio-de-janeiro\/","og:image":"https:\/\/www.eldigitaldeasturias.com\/noticias\/wp-content\/uploads\/2014\/04\/EN_FUNICULAR_A_LAS_F_38040512.jpg","og:image:secure_url":"https:\/\/www.eldigitaldeasturias.com\/noticias\/wp-content\/uploads\/2014\/04\/EN_FUNICULAR_A_LAS_F_38040512.jpg","og:image:width":2000,"og:image:height":1460,"article:tag":["turismo"],"article:published_time":"2014-04-28T15:37:12+00:00","article:modified_time":"2014-04-28T15:37:12+00:00","article:publisher":"https:\/\/facebook.com\/eldigitaldeasturias","twitter:card":"summary_large_image","twitter:title":"Destino Brasil : Viajamos en un funicular a las favelas de R\u00edo de Janeiro - El Digital de Asturias","twitter:description":"R\u00cdO DE JANEIRO (dpa) - \u00a1Qu\u00e9 vista panor\u00e1mica m\u00e1s impresionante! Desde una altura de 65 metros, la mirada vaga por las calles de Ipanema hacia la playa mundialmente famosa y desde all\u00ed viaja por el mar hacia algunas islas peque\u00f1as para luego girar hacia la derecha, donde al fondo se alzan al cielo sobre R\u00edo","twitter:image":"https:\/\/www.eldigitaldeasturias.com\/noticias\/wp-content\/uploads\/2014\/04\/EN_FUNICULAR_A_LAS_F_38040512.jpg","twitter:label1":"Escrito por","twitter:data1":"El Digital de Asturias","twitter:label2":"Tiempo de lectura estimado","twitter:data2":"6 minutos"},"aioseo_meta_data":{"post_id":"525513","title":null,"description":null,"keywords":null,"keyphrases":null,"primary_term":null,"canonical_url":null,"og_title":null,"og_description":null,"og_object_type":"default","og_image_type":"default","og_image_url":null,"og_image_width":null,"og_image_height":null,"og_image_custom_url":null,"og_image_custom_fields":null,"og_video":null,"og_custom_url":null,"og_article_section":null,"og_article_tags":null,"twitter_use_og":true,"twitter_card":"default","twitter_image_type":"default","twitter_image_url":null,"twitter_image_custom_url":null,"twitter_image_custom_fields":null,"twitter_title":null,"twitter_description":null,"schema":{"blockGraphs":[],"customGraphs":[],"default":{"data":{"Article":[],"Course":[],"Dataset":[],"FAQPage":[],"Movie":[],"Person":[],"Product":[],"ProductReview":[],"Car":[],"Recipe":[],"Service":[],"SoftwareApplication":[],"WebPage":[]},"graphName":"","isEnabled":true},"graphs":[],"defaultGraph":"","defaultPostTypeGraph":""},"schema_type":null,"schema_type_options":null,"pillar_content":false,"robots_default":true,"robots_noindex":false,"robots_noarchive":false,"robots_nosnippet":false,"robots_nofollow":false,"robots_noimageindex":false,"robots_noodp":false,"robots_notranslate":false,"robots_max_snippet":null,"robots_max_videopreview":null,"robots_max_imagepreview":"none","priority":null,"frequency":null,"local_seo":null,"seo_analyzer_scan_date":"2025-08-30 20:18:52","breadcrumb_settings":null,"limit_modified_date":false,"open_ai":null,"ai":null,"created":"2020-11-14 23:16:15","updated":"2025-08-30 20:18:52"},"aioseo_breadcrumb":"<div class=\"aioseo-breadcrumbs\"><span class=\"aioseo-breadcrumb\">\n\t<a href=\"https:\/\/www.eldigitaldeasturias.com\/noticias\" title=\"Home\">Home<\/a>\n<\/span><span class=\"aioseo-breadcrumb-separator\">\u2013<\/span><span class=\"aioseo-breadcrumb\">\n\t<a href=\"https:\/\/www.eldigitaldeasturias.com\/noticias\/category\/turismo\/\" title=\"Turismo\">Turismo<\/a>\n<\/span><span class=\"aioseo-breadcrumb-separator\">\u2013<\/span><span class=\"aioseo-breadcrumb\">\n\t<a href=\"https:\/\/www.eldigitaldeasturias.com\/noticias\/destino-brasil-viajamos-en-un-funicular-a-las-favelas-de-rio-de-janeiro\/\" title=\"Destino Brasil : Viajamos en un funicular a las favelas de R\u00edo de Janeiro\">Destino Brasil : Viajamos en un funicular a las favelas de R\u00edo de Janeiro<\/a>\n<\/span><\/div>","aioseo_breadcrumb_json":[{"label":"Home","link":"https:\/\/www.eldigitaldeasturias.com\/noticias"},{"label":"Turismo","link":"https:\/\/www.eldigitaldeasturias.com\/noticias\/category\/turismo\/"},{"label":"Destino Brasil : Viajamos en un funicular a las favelas de R\u00edo de Janeiro","link":"https:\/\/www.eldigitaldeasturias.com\/noticias\/destino-brasil-viajamos-en-un-funicular-a-las-favelas-de-rio-de-janeiro\/"}],"_links":{"self":[{"href":"https:\/\/www.eldigitaldeasturias.com\/noticias\/wp-json\/wp\/v2\/posts\/525513","targetHints":{"allow":["GET"]}}],"collection":[{"href":"https:\/\/www.eldigitaldeasturias.com\/noticias\/wp-json\/wp\/v2\/posts"}],"about":[{"href":"https:\/\/www.eldigitaldeasturias.com\/noticias\/wp-json\/wp\/v2\/types\/post"}],"author":[{"embeddable":true,"href":"https:\/\/www.eldigitaldeasturias.com\/noticias\/wp-json\/wp\/v2\/users\/1"}],"replies":[{"embeddable":true,"href":"https:\/\/www.eldigitaldeasturias.com\/noticias\/wp-json\/wp\/v2\/comments?post=525513"}],"version-history":[{"count":0,"href":"https:\/\/www.eldigitaldeasturias.com\/noticias\/wp-json\/wp\/v2\/posts\/525513\/revisions"}],"wp:featuredmedia":[{"embeddable":true,"href":"https:\/\/www.eldigitaldeasturias.com\/noticias\/wp-json\/wp\/v2\/media\/525514"}],"wp:attachment":[{"href":"https:\/\/www.eldigitaldeasturias.com\/noticias\/wp-json\/wp\/v2\/media?parent=525513"}],"wp:term":[{"taxonomy":"category","embeddable":true,"href":"https:\/\/www.eldigitaldeasturias.com\/noticias\/wp-json\/wp\/v2\/categories?post=525513"},{"taxonomy":"post_tag","embeddable":true,"href":"https:\/\/www.eldigitaldeasturias.com\/noticias\/wp-json\/wp\/v2\/tags?post=525513"}],"curies":[{"name":"wp","href":"https:\/\/api.w.org\/{rel}","templated":true}]}}