{"id":512274,"date":"2014-03-27T14:23:12","date_gmt":"2014-03-27T15:23:12","guid":{"rendered":"http:\/\/www.eldigitaldeasturias.com\/noticias\/?p=512274"},"modified":"2014-03-27T14:23:12","modified_gmt":"2014-03-27T15:23:12","slug":"la-agenda-semanal-del-trotamundos-novedades-y-sugerencias-para-gente-viajera","status":"publish","type":"post","link":"https:\/\/www.eldigitaldeasturias.com\/noticias\/la-agenda-semanal-del-trotamundos-novedades-y-sugerencias-para-gente-viajera\/","title":{"rendered":"La Agenda semanal del Trotamundos, novedades y sugerencias para gente viajera."},"content":{"rendered":"<p><img loading=\"lazy\" decoding=\"async\" class=\"alignleft size-medium wp-image-512149\" alt=\"6091536w\" src=\"https:\/\/www.eldigitaldeasturias.com\/noticias\/wp-content\/uploads\/2014\/03\/6091536w-360x267.jpg\" width=\"360\" height=\"267\" srcset=\"https:\/\/www.eldigitaldeasturias.com\/noticias\/wp-content\/uploads\/2014\/03\/6091536w-360x267.jpg 360w, https:\/\/www.eldigitaldeasturias.com\/noticias\/wp-content\/uploads\/2014\/03\/6091536w-650x483.jpg 650w, https:\/\/www.eldigitaldeasturias.com\/noticias\/wp-content\/uploads\/2014\/03\/6091536w-100x75.jpg 100w, https:\/\/www.eldigitaldeasturias.com\/noticias\/wp-content\/uploads\/2014\/03\/6091536w.jpg 800w\" sizes=\"auto, (max-width: 360px) 100vw, 360px\" \/>dpa &#8211; A partir del 3 de abril habr\u00e1 una exposici\u00f3n de obras de Ai Weiwei en el Martin-Gropius-Bau de Berl\u00edn. \u00abEvidence\u00bb es el t\u00edtulo de la exposici\u00f3n individual m\u00e1s grande del artista chino que se ha organizado en el mundo. Una instalaci\u00f3n se dise\u00f1\u00f3 expresamente para el gran patio de luces del espacio expositivo. La exposici\u00f3n, distribuida entre 18 salas, estar\u00e1 abierta hasta el 7 de julio. Paralelamente, en el centro cultural Uferhallen se presentar\u00e1 a partir del 30 de abril la muestra \u00abEl ocho de los caminos: arte en Pek\u00edn\u00bb (www.berlinerfestspiele.de).<\/p>\n<p>NUEVO TELEF\u00c9RICO EN ANKARA<\/p>\n<p>En Ankara, la capital de Turqu\u00eda, ha sido inaugurado un nuevo telef\u00e9rico, que dentro de pocos d\u00edas estar\u00e1 en servicio diariamente entre las 06:00 y las 24:00 horas. El trayecto, de unos 3,2 kil\u00f3metros, une entre ellos los barrios de Sentepe y Yenimahalle y se eleva sobre el suelo a una altura de hasta 60 metros, inform\u00f3 el fabricante de telef\u00e9ricos Leitner Ropeways. Un total de 106 cabinas para diez personas cada una se desplazar\u00e1n entre cuatro estaciones transportando hasta 2.400 personas por hora.<\/p>\n<p>BARRIO DE LA CATEDRAL EN SALZBURGO ABRIR\u00c1 SUS PUERTAS EL 17 DE MAYO<\/p>\n<p>En el pasado fueron los pasillos secretos de los pr\u00edncipes-arzobispos de Salzburgo. El 17 de mayo se abrir\u00e1 al p\u00fablico este paseo hist\u00f3rico del siglo XVII, inform\u00f3 la oficina de turismo de la ciudad austriaca. El paseo enlaza entre s\u00ed varios museos alrededor de la Plaza de la Catedral, entre ellos las salas suntuosas de la Residencia y la Galer\u00eda de la Residencia, que albergar\u00e1 exposiciones especiales del Museo de Salzburgo. El paseo estar\u00e1 abierto todos los d\u00edas, excepto los martes, de 10:00 a 17:00 y en julio y agosto tambi\u00e9n los martes. La entrada para adultos cuesta 12 euros (17 d\u00f3lares).<\/p>\n<p>BERGELL CELEBRA EL FESTIVAL DELL&#8217;ARTE<\/p>\n<p>Muchos artistas conocidos son originarios de la regi\u00f3n suiza de Bergell. Para recordar esta peculiaridad, la regi\u00f3n ha organizado el Festival dell&#8217;Arte, que se llevar\u00e1 a cabo del 5 al 21 de abril. Durante esos d\u00edas habr\u00e1 numerosos eventos. Por ejemplo, artistas invitar\u00e1n para los d\u00edas 12 y 13 de abril a adultos y ni\u00f1os para que se conviertan por un d\u00eda en pintores e intenten mostrar su destreza en el retratismo. El 6 de abril abrir\u00e1 sus puertas el Sal\u00f3n Giacometti Varlin de la Ci\u00e4sa Granda en Stampa. Adem\u00e1s est\u00e1n programadas varias excursiones y exposiciones en toda la regi\u00f3n. (www.festivaldellarte.ch).<\/p>\n<p>SALVADOR DAL\u00cd EN LA SELVA NEGRA<\/p>\n<p>\u00abCaminantes entre los mundos\u00bb es el t\u00edtulo de una exposici\u00f3n en la Selva Negra que exhibir\u00e1 del 10 de abril al 1 de junio en el casino de Hinterzarten m\u00e1s de 300 obras del pintor espa\u00f1ol Salvador Dal\u00ed. La exposici\u00f3n incluye las principales obras gr\u00e1ficas completamente conservadas del artista catal\u00e1n, como \u00abLa comedia divina\u00bb, \u00abDon Quijote\u00bb, \u00abLa puntaire\u00bb y \u00abDiez recetas de inmortalidad\u00bb. (www.hochschwarzwald.de).<\/p>\n<p>LOS VUELOS A EEUU SON M\u00c1S BARATOS RESERVANDO 54 D\u00cdAS ANTES<\/p>\n<p>Los vuelos hacia y desde Estados Unidos son lo m\u00e1s baratos cuando se reservan como promedio 54 d\u00edas antes de la salida del avi\u00f3n, seg\u00fan el portal de reservas Cheapair.com, que evalu\u00f3 unos cuatro millones de solicitudes de reserva. Generalmente, las aerol\u00edneas abren las reservas de vuelos hacia o desde Estados Unidos unos 11 meses antes de la fecha de salida. Los precios comienzan a bajar a partir de unos siete meses hasta 54 d\u00edas antes de la salida. Despu\u00e9s de esta fecha, los precios vuelven a subir. Hacer la reserva en el \u00faltimo momento siempre es lo m\u00e1s caro.<\/p>\n<p>LEGOLAND CALIFORNIA AMPL\u00cdA SU PAISAJE ACU\u00c1TICO<\/p>\n<p>El Legoland California Resort est\u00e1 ampliando su paisaje acu\u00e1tico para principios de verano: en una superficie de 12.000 metros cuadrados se est\u00e1 construyendo actualmente el parque acu\u00e1tico \u00abLeyendas de Chima\u00bb, con piscinas y toboganes. El elemento m\u00e1s emblem\u00e1tico del nuevo espacio es el Mount Cavora, una pe\u00f1a que parece planear libremente sobre un arco de cabezas de le\u00f3n. Desde las grietas de la roca caen 1.500 litros de agua por minuto a una piscina de olas, inform\u00f3 la administraci\u00f3n del parque. Con la ampliaci\u00f3n, el parque acu\u00e1tico tendr\u00e1 una superficie de m\u00e1s de 32.000 metros cuadrados.<\/p>\n<p>LUFTHANSA INAUGURAR\u00c1 CUATRO NUEVAS RUTAS DE LARGO RECORRIDO<\/p>\n<p>La compa\u00f1\u00eda a\u00e9rea alemana Lufthansa inaugurar\u00e1 para la pr\u00f3xima temporada de verano cuatro nuevas rutas de largo recorrido. A partir del 30 de marzo habr\u00e1 cinco vuelos por semana entre Fr\u00e1ncfort y Kuala Lumpur, que a partir del 31 de mayo se extender\u00e1n a Yakarta, inform\u00f3 la aerol\u00ednea. En adelante, los pasajeros de Lufthansa podr\u00e1n viajar a Montreal no s\u00f3lo desde M\u00fanich sino tambi\u00e9n desde Fr\u00e1ncfort. Los vuelos a Ciudad de M\u00e9xico y Toronto, que hasta ahora sal\u00edan de Fr\u00e1ncfort, tambi\u00e9n se realizar\u00e1n desde M\u00fanich.<\/p>\n","protected":false},"excerpt":{"rendered":"<p>dpa &#8211; A partir del 3 de abril habr\u00e1 una exposici\u00f3n de obras de Ai Weiwei en el Martin-Gropius-Bau de Berl\u00edn. \u00abEvidence\u00bb es el t\u00edtulo de la exposici\u00f3n individual m\u00e1s grande del artista chino que se ha organizado en el mundo. Una instalaci\u00f3n se dise\u00f1\u00f3 expresamente para el gran patio de luces del espacio expositivo. [&hellip;]<\/p>\n","protected":false},"author":1,"featured_media":512149,"comment_status":"open","ping_status":"closed","sticky":false,"template":"","format":"standard","meta":{"footnotes":""},"categories":[148],"tags":[],"class_list":["post-512274","post","type-post","status-publish","format-standard","has-post-thumbnail","hentry","category-turismo"],"aioseo_notices":[],"aioseo_head":"\n\t\t<!-- All in One SEO Pro 4.9.6.2 - aioseo.com -->\n\t<meta name=\"description\" content=\"dpa - A partir del 3 de abril habr\u00e1 una exposici\u00f3n de obras de Ai Weiwei en el Martin-Gropius-Bau de Berl\u00edn. &quot;Evidence&quot; es el t\u00edtulo de la exposici\u00f3n individual m\u00e1s grande del artista chino que se ha organizado en el mundo. Una instalaci\u00f3n se dise\u00f1\u00f3 expresamente para el gran patio de luces del espacio expositivo.\" \/>\n\t<meta name=\"robots\" content=\"max-image-preview:large\" \/>\n\t<meta name=\"author\" content=\"El Digital de Asturias\"\/>\n\t<meta name=\"google-site-verification\" content=\"UA-38556648-1\" \/>\n\t<meta name=\"msvalidate.01\" content=\"7dfe9f3f1b24437ab69f4f2559babe99\" \/>\n\t<meta name=\"keywords\" content=\"turismo\" \/>\n\t<link rel=\"canonical\" href=\"https:\/\/www.eldigitaldeasturias.com\/noticias\/la-agenda-semanal-del-trotamundos-novedades-y-sugerencias-para-gente-viajera\/\" \/>\n\t<meta name=\"generator\" content=\"All in One SEO Pro (AIOSEO) 4.9.6.2\" \/>\n\t\t<meta property=\"og:locale\" content=\"es_ES\" \/>\n\t\t<meta property=\"og:site_name\" content=\"El Digital de Asturias\" \/>\n\t\t<meta property=\"og:type\" content=\"article\" \/>\n\t\t<meta property=\"og:title\" content=\"La Agenda semanal del Trotamundos, novedades y sugerencias para gente viajera. - El Digital de Asturias\" \/>\n\t\t<meta property=\"og:description\" content=\"dpa - A partir del 3 de abril habr\u00e1 una exposici\u00f3n de obras de Ai Weiwei en el Martin-Gropius-Bau de Berl\u00edn. &quot;Evidence&quot; es el t\u00edtulo de la exposici\u00f3n individual m\u00e1s grande del artista chino que se ha organizado en el mundo. Una instalaci\u00f3n se dise\u00f1\u00f3 expresamente para el gran patio de luces del espacio expositivo.\" \/>\n\t\t<meta property=\"og:url\" content=\"https:\/\/www.eldigitaldeasturias.com\/noticias\/la-agenda-semanal-del-trotamundos-novedades-y-sugerencias-para-gente-viajera\/\" \/>\n\t\t<meta property=\"og:image\" content=\"https:\/\/www.eldigitaldeasturias.com\/noticias\/wp-content\/uploads\/2014\/03\/6091536w.jpg\" \/>\n\t\t<meta property=\"og:image:secure_url\" content=\"https:\/\/www.eldigitaldeasturias.com\/noticias\/wp-content\/uploads\/2014\/03\/6091536w.jpg\" \/>\n\t\t<meta property=\"og:image:width\" content=\"800\" \/>\n\t\t<meta property=\"og:image:height\" content=\"595\" \/>\n\t\t<meta property=\"article:tag\" content=\"turismo\" \/>\n\t\t<meta property=\"article:published_time\" content=\"2014-03-27T15:23:12+00:00\" \/>\n\t\t<meta property=\"article:modified_time\" content=\"2014-03-27T15:23:12+00:00\" \/>\n\t\t<meta property=\"article:publisher\" content=\"https:\/\/facebook.com\/eldigitaldeasturias\" \/>\n\t\t<meta name=\"twitter:card\" content=\"summary_large_image\" \/>\n\t\t<meta name=\"twitter:title\" content=\"La Agenda semanal del Trotamundos, novedades y sugerencias para gente viajera. - El Digital de Asturias\" \/>\n\t\t<meta name=\"twitter:description\" content=\"dpa - A partir del 3 de abril habr\u00e1 una exposici\u00f3n de obras de Ai Weiwei en el Martin-Gropius-Bau de Berl\u00edn. &quot;Evidence&quot; es el t\u00edtulo de la exposici\u00f3n individual m\u00e1s grande del artista chino que se ha organizado en el mundo. Una instalaci\u00f3n se dise\u00f1\u00f3 expresamente para el gran patio de luces del espacio expositivo.\" \/>\n\t\t<meta name=\"twitter:image\" content=\"https:\/\/www.eldigitaldeasturias.com\/noticias\/wp-content\/uploads\/2014\/03\/6091536w.jpg\" \/>\n\t\t<meta name=\"twitter:label1\" content=\"Escrito por\" \/>\n\t\t<meta name=\"twitter:data1\" content=\"El Digital de Asturias\" \/>\n\t\t<meta name=\"twitter:label2\" content=\"Tiempo de lectura estimado\" \/>\n\t\t<meta name=\"twitter:data2\" content=\"4 minutos\" \/>\n\t\t<script type=\"application\/ld+json\" class=\"aioseo-schema\">\n\t\t\t{\"@context\":\"https:\\\/\\\/schema.org\",\"@graph\":[{\"@type\":\"BlogPosting\",\"@id\":\"https:\\\/\\\/www.eldigitaldeasturias.com\\\/noticias\\\/la-agenda-semanal-del-trotamundos-novedades-y-sugerencias-para-gente-viajera\\\/#blogposting\",\"name\":\"La Agenda semanal del Trotamundos, novedades y sugerencias para gente viajera. - El Digital de Asturias\",\"headline\":\"La Agenda semanal del Trotamundos, novedades y sugerencias para gente viajera.\",\"author\":{\"@id\":\"https:\\\/\\\/www.eldigitaldeasturias.com\\\/noticias\\\/author\\\/admin\\\/#author\"},\"publisher\":{\"@id\":\"https:\\\/\\\/www.eldigitaldeasturias.com\\\/noticias\\\/#organization\"},\"image\":{\"@type\":\"ImageObject\",\"url\":\"https:\\\/\\\/www.eldigitaldeasturias.com\\\/noticias\\\/wp-content\\\/uploads\\\/2014\\\/03\\\/6091536w.jpg\",\"width\":800,\"height\":595},\"datePublished\":\"2014-03-27T14:23:12+01:00\",\"dateModified\":\"2014-03-27T14:23:12+01:00\",\"inLanguage\":\"es-ES\",\"mainEntityOfPage\":{\"@id\":\"https:\\\/\\\/www.eldigitaldeasturias.com\\\/noticias\\\/la-agenda-semanal-del-trotamundos-novedades-y-sugerencias-para-gente-viajera\\\/#webpage\"},\"isPartOf\":{\"@id\":\"https:\\\/\\\/www.eldigitaldeasturias.com\\\/noticias\\\/la-agenda-semanal-del-trotamundos-novedades-y-sugerencias-para-gente-viajera\\\/#webpage\"},\"articleSection\":\"Turismo\"},{\"@type\":\"BreadcrumbList\",\"@id\":\"https:\\\/\\\/www.eldigitaldeasturias.com\\\/noticias\\\/la-agenda-semanal-del-trotamundos-novedades-y-sugerencias-para-gente-viajera\\\/#breadcrumblist\",\"itemListElement\":[{\"@type\":\"ListItem\",\"@id\":\"https:\\\/\\\/www.eldigitaldeasturias.com\\\/noticias#listItem\",\"position\":1,\"name\":\"Home\",\"item\":\"https:\\\/\\\/www.eldigitaldeasturias.com\\\/noticias\",\"nextItem\":{\"@type\":\"ListItem\",\"@id\":\"https:\\\/\\\/www.eldigitaldeasturias.com\\\/noticias\\\/category\\\/turismo\\\/#listItem\",\"name\":\"Turismo\"}},{\"@type\":\"ListItem\",\"@id\":\"https:\\\/\\\/www.eldigitaldeasturias.com\\\/noticias\\\/category\\\/turismo\\\/#listItem\",\"position\":2,\"name\":\"Turismo\",\"item\":\"https:\\\/\\\/www.eldigitaldeasturias.com\\\/noticias\\\/category\\\/turismo\\\/\",\"nextItem\":{\"@type\":\"ListItem\",\"@id\":\"https:\\\/\\\/www.eldigitaldeasturias.com\\\/noticias\\\/la-agenda-semanal-del-trotamundos-novedades-y-sugerencias-para-gente-viajera\\\/#listItem\",\"name\":\"La Agenda semanal del Trotamundos, novedades y sugerencias para gente viajera.\"},\"previousItem\":{\"@type\":\"ListItem\",\"@id\":\"https:\\\/\\\/www.eldigitaldeasturias.com\\\/noticias#listItem\",\"name\":\"Home\"}},{\"@type\":\"ListItem\",\"@id\":\"https:\\\/\\\/www.eldigitaldeasturias.com\\\/noticias\\\/la-agenda-semanal-del-trotamundos-novedades-y-sugerencias-para-gente-viajera\\\/#listItem\",\"position\":3,\"name\":\"La Agenda semanal del Trotamundos, novedades y sugerencias para gente viajera.\",\"previousItem\":{\"@type\":\"ListItem\",\"@id\":\"https:\\\/\\\/www.eldigitaldeasturias.com\\\/noticias\\\/category\\\/turismo\\\/#listItem\",\"name\":\"Turismo\"}}]},{\"@type\":\"Organization\",\"@id\":\"https:\\\/\\\/www.eldigitaldeasturias.com\\\/noticias\\\/#organization\",\"name\":\"El Digital de Asturias\",\"description\":\"Hemeroteca\",\"url\":\"https:\\\/\\\/www.eldigitaldeasturias.com\\\/noticias\\\/\",\"email\":\"info@eldigitaldeasturias.com\",\"telephone\":\"+34652131393\",\"logo\":{\"@type\":\"ImageObject\",\"url\":\"https:\\\/\\\/www.eldigitaldeasturias.com\\\/noticias\\\/wp-content\\\/uploads\\\/2020\\\/12\\\/EDA.jpg\",\"@id\":\"https:\\\/\\\/www.eldigitaldeasturias.com\\\/noticias\\\/la-agenda-semanal-del-trotamundos-novedades-y-sugerencias-para-gente-viajera\\\/#organizationLogo\",\"width\":649,\"height\":297},\"image\":{\"@id\":\"https:\\\/\\\/www.eldigitaldeasturias.com\\\/noticias\\\/la-agenda-semanal-del-trotamundos-novedades-y-sugerencias-para-gente-viajera\\\/#organizationLogo\"},\"sameAs\":[\"https:\\\/\\\/facebook.com\\\/eldigitaldeasturias\",\"https:\\\/\\\/www.youtube.com\\\/channel\\\/UCZP-2wLEB9Rv6erhFmqVnvg\"],\"address\":{\"@id\":\"https:\\\/\\\/www.eldigitaldeasturias.com\\\/noticias\\\/#postaladdress\",\"@type\":\"PostalAddress\",\"streetAddress\":\"san antonio 4,\",\"postalCode\":\"33430\",\"addressLocality\":\"Cand\\u00e1s\",\"addressRegion\":\"Asturias\",\"addressCountry\":\"ES\"}},{\"@type\":\"Person\",\"@id\":\"https:\\\/\\\/www.eldigitaldeasturias.com\\\/noticias\\\/author\\\/admin\\\/#author\",\"url\":\"https:\\\/\\\/www.eldigitaldeasturias.com\\\/noticias\\\/author\\\/admin\\\/\",\"name\":\"El Digital de Asturias\",\"image\":{\"@type\":\"ImageObject\",\"@id\":\"https:\\\/\\\/www.eldigitaldeasturias.com\\\/noticias\\\/la-agenda-semanal-del-trotamundos-novedades-y-sugerencias-para-gente-viajera\\\/#authorImage\",\"url\":\"https:\\\/\\\/www.eldigitaldeasturias.com\\\/noticias\\\/wp-content\\\/litespeed\\\/avatar\\\/18677e78aa0546b92d9dbf31ec7d7668.jpg?ver=1777290358\",\"width\":96,\"height\":96,\"caption\":\"El Digital de Asturias\"}},{\"@type\":\"WebPage\",\"@id\":\"https:\\\/\\\/www.eldigitaldeasturias.com\\\/noticias\\\/la-agenda-semanal-del-trotamundos-novedades-y-sugerencias-para-gente-viajera\\\/#webpage\",\"url\":\"https:\\\/\\\/www.eldigitaldeasturias.com\\\/noticias\\\/la-agenda-semanal-del-trotamundos-novedades-y-sugerencias-para-gente-viajera\\\/\",\"name\":\"La Agenda semanal del Trotamundos, novedades y sugerencias para gente viajera. - El Digital de Asturias\",\"description\":\"dpa - A partir del 3 de abril habr\\u00e1 una exposici\\u00f3n de obras de Ai Weiwei en el Martin-Gropius-Bau de Berl\\u00edn. \\\"Evidence\\\" es el t\\u00edtulo de la exposici\\u00f3n individual m\\u00e1s grande del artista chino que se ha organizado en el mundo. Una instalaci\\u00f3n se dise\\u00f1\\u00f3 expresamente para el gran patio de luces del espacio expositivo.\",\"inLanguage\":\"es-ES\",\"isPartOf\":{\"@id\":\"https:\\\/\\\/www.eldigitaldeasturias.com\\\/noticias\\\/#website\"},\"breadcrumb\":{\"@id\":\"https:\\\/\\\/www.eldigitaldeasturias.com\\\/noticias\\\/la-agenda-semanal-del-trotamundos-novedades-y-sugerencias-para-gente-viajera\\\/#breadcrumblist\"},\"author\":{\"@id\":\"https:\\\/\\\/www.eldigitaldeasturias.com\\\/noticias\\\/author\\\/admin\\\/#author\"},\"creator\":{\"@id\":\"https:\\\/\\\/www.eldigitaldeasturias.com\\\/noticias\\\/author\\\/admin\\\/#author\"},\"image\":{\"@type\":\"ImageObject\",\"url\":\"https:\\\/\\\/www.eldigitaldeasturias.com\\\/noticias\\\/wp-content\\\/uploads\\\/2014\\\/03\\\/6091536w.jpg\",\"@id\":\"https:\\\/\\\/www.eldigitaldeasturias.com\\\/noticias\\\/la-agenda-semanal-del-trotamundos-novedades-y-sugerencias-para-gente-viajera\\\/#mainImage\",\"width\":800,\"height\":595},\"primaryImageOfPage\":{\"@id\":\"https:\\\/\\\/www.eldigitaldeasturias.com\\\/noticias\\\/la-agenda-semanal-del-trotamundos-novedades-y-sugerencias-para-gente-viajera\\\/#mainImage\"},\"datePublished\":\"2014-03-27T14:23:12+01:00\",\"dateModified\":\"2014-03-27T14:23:12+01:00\"},{\"@type\":\"WebSite\",\"@id\":\"https:\\\/\\\/www.eldigitaldeasturias.com\\\/noticias\\\/#website\",\"url\":\"https:\\\/\\\/www.eldigitaldeasturias.com\\\/noticias\\\/\",\"name\":\"El Digital de Asturias - Diario de actualidad y noticias\",\"alternateName\":\"El Digital de Asturias - Diario de actualidad y noticias\",\"description\":\"Hemeroteca\",\"inLanguage\":\"es-ES\",\"publisher\":{\"@id\":\"https:\\\/\\\/www.eldigitaldeasturias.com\\\/noticias\\\/#organization\"}}]}\n\t\t<\/script>\n\t\t<!-- All in One SEO Pro -->\r\n\t\t<title>La Agenda semanal del Trotamundos, novedades y sugerencias para gente viajera. - El Digital de Asturias<\/title>\n\n","aioseo_head_json":{"title":"La Agenda semanal del Trotamundos, novedades y sugerencias para gente viajera. - El Digital de Asturias","description":"dpa - A partir del 3 de abril habr\u00e1 una exposici\u00f3n de obras de Ai Weiwei en el Martin-Gropius-Bau de Berl\u00edn. \"Evidence\" es el t\u00edtulo de la exposici\u00f3n individual m\u00e1s grande del artista chino que se ha organizado en el mundo. Una instalaci\u00f3n se dise\u00f1\u00f3 expresamente para el gran patio de luces del espacio expositivo.","canonical_url":"https:\/\/www.eldigitaldeasturias.com\/noticias\/la-agenda-semanal-del-trotamundos-novedades-y-sugerencias-para-gente-viajera\/","robots":"max-image-preview:large","keywords":"turismo","webmasterTools":{"google-site-verification":"UA-38556648-1","msvalidate.01":"7dfe9f3f1b24437ab69f4f2559babe99","miscellaneous":""},"schema":{"@context":"https:\/\/schema.org","@graph":[{"@type":"BlogPosting","@id":"https:\/\/www.eldigitaldeasturias.com\/noticias\/la-agenda-semanal-del-trotamundos-novedades-y-sugerencias-para-gente-viajera\/#blogposting","name":"La Agenda semanal del Trotamundos, novedades y sugerencias para gente viajera. - El Digital de Asturias","headline":"La Agenda semanal del Trotamundos, novedades y sugerencias para gente viajera.","author":{"@id":"https:\/\/www.eldigitaldeasturias.com\/noticias\/author\/admin\/#author"},"publisher":{"@id":"https:\/\/www.eldigitaldeasturias.com\/noticias\/#organization"},"image":{"@type":"ImageObject","url":"https:\/\/www.eldigitaldeasturias.com\/noticias\/wp-content\/uploads\/2014\/03\/6091536w.jpg","width":800,"height":595},"datePublished":"2014-03-27T14:23:12+01:00","dateModified":"2014-03-27T14:23:12+01:00","inLanguage":"es-ES","mainEntityOfPage":{"@id":"https:\/\/www.eldigitaldeasturias.com\/noticias\/la-agenda-semanal-del-trotamundos-novedades-y-sugerencias-para-gente-viajera\/#webpage"},"isPartOf":{"@id":"https:\/\/www.eldigitaldeasturias.com\/noticias\/la-agenda-semanal-del-trotamundos-novedades-y-sugerencias-para-gente-viajera\/#webpage"},"articleSection":"Turismo"},{"@type":"BreadcrumbList","@id":"https:\/\/www.eldigitaldeasturias.com\/noticias\/la-agenda-semanal-del-trotamundos-novedades-y-sugerencias-para-gente-viajera\/#breadcrumblist","itemListElement":[{"@type":"ListItem","@id":"https:\/\/www.eldigitaldeasturias.com\/noticias#listItem","position":1,"name":"Home","item":"https:\/\/www.eldigitaldeasturias.com\/noticias","nextItem":{"@type":"ListItem","@id":"https:\/\/www.eldigitaldeasturias.com\/noticias\/category\/turismo\/#listItem","name":"Turismo"}},{"@type":"ListItem","@id":"https:\/\/www.eldigitaldeasturias.com\/noticias\/category\/turismo\/#listItem","position":2,"name":"Turismo","item":"https:\/\/www.eldigitaldeasturias.com\/noticias\/category\/turismo\/","nextItem":{"@type":"ListItem","@id":"https:\/\/www.eldigitaldeasturias.com\/noticias\/la-agenda-semanal-del-trotamundos-novedades-y-sugerencias-para-gente-viajera\/#listItem","name":"La Agenda semanal del Trotamundos, novedades y sugerencias para gente viajera."},"previousItem":{"@type":"ListItem","@id":"https:\/\/www.eldigitaldeasturias.com\/noticias#listItem","name":"Home"}},{"@type":"ListItem","@id":"https:\/\/www.eldigitaldeasturias.com\/noticias\/la-agenda-semanal-del-trotamundos-novedades-y-sugerencias-para-gente-viajera\/#listItem","position":3,"name":"La Agenda semanal del Trotamundos, novedades y sugerencias para gente viajera.","previousItem":{"@type":"ListItem","@id":"https:\/\/www.eldigitaldeasturias.com\/noticias\/category\/turismo\/#listItem","name":"Turismo"}}]},{"@type":"Organization","@id":"https:\/\/www.eldigitaldeasturias.com\/noticias\/#organization","name":"El Digital de Asturias","description":"Hemeroteca","url":"https:\/\/www.eldigitaldeasturias.com\/noticias\/","email":"info@eldigitaldeasturias.com","telephone":"+34652131393","logo":{"@type":"ImageObject","url":"https:\/\/www.eldigitaldeasturias.com\/noticias\/wp-content\/uploads\/2020\/12\/EDA.jpg","@id":"https:\/\/www.eldigitaldeasturias.com\/noticias\/la-agenda-semanal-del-trotamundos-novedades-y-sugerencias-para-gente-viajera\/#organizationLogo","width":649,"height":297},"image":{"@id":"https:\/\/www.eldigitaldeasturias.com\/noticias\/la-agenda-semanal-del-trotamundos-novedades-y-sugerencias-para-gente-viajera\/#organizationLogo"},"sameAs":["https:\/\/facebook.com\/eldigitaldeasturias","https:\/\/www.youtube.com\/channel\/UCZP-2wLEB9Rv6erhFmqVnvg"],"address":{"@id":"https:\/\/www.eldigitaldeasturias.com\/noticias\/#postaladdress","@type":"PostalAddress","streetAddress":"san antonio 4,","postalCode":"33430","addressLocality":"Cand\u00e1s","addressRegion":"Asturias","addressCountry":"ES"}},{"@type":"Person","@id":"https:\/\/www.eldigitaldeasturias.com\/noticias\/author\/admin\/#author","url":"https:\/\/www.eldigitaldeasturias.com\/noticias\/author\/admin\/","name":"El Digital de Asturias","image":{"@type":"ImageObject","@id":"https:\/\/www.eldigitaldeasturias.com\/noticias\/la-agenda-semanal-del-trotamundos-novedades-y-sugerencias-para-gente-viajera\/#authorImage","url":"https:\/\/www.eldigitaldeasturias.com\/noticias\/wp-content\/litespeed\/avatar\/18677e78aa0546b92d9dbf31ec7d7668.jpg?ver=1777290358","width":96,"height":96,"caption":"El Digital de Asturias"}},{"@type":"WebPage","@id":"https:\/\/www.eldigitaldeasturias.com\/noticias\/la-agenda-semanal-del-trotamundos-novedades-y-sugerencias-para-gente-viajera\/#webpage","url":"https:\/\/www.eldigitaldeasturias.com\/noticias\/la-agenda-semanal-del-trotamundos-novedades-y-sugerencias-para-gente-viajera\/","name":"La Agenda semanal del Trotamundos, novedades y sugerencias para gente viajera. - El Digital de Asturias","description":"dpa - A partir del 3 de abril habr\u00e1 una exposici\u00f3n de obras de Ai Weiwei en el Martin-Gropius-Bau de Berl\u00edn. \"Evidence\" es el t\u00edtulo de la exposici\u00f3n individual m\u00e1s grande del artista chino que se ha organizado en el mundo. Una instalaci\u00f3n se dise\u00f1\u00f3 expresamente para el gran patio de luces del espacio expositivo.","inLanguage":"es-ES","isPartOf":{"@id":"https:\/\/www.eldigitaldeasturias.com\/noticias\/#website"},"breadcrumb":{"@id":"https:\/\/www.eldigitaldeasturias.com\/noticias\/la-agenda-semanal-del-trotamundos-novedades-y-sugerencias-para-gente-viajera\/#breadcrumblist"},"author":{"@id":"https:\/\/www.eldigitaldeasturias.com\/noticias\/author\/admin\/#author"},"creator":{"@id":"https:\/\/www.eldigitaldeasturias.com\/noticias\/author\/admin\/#author"},"image":{"@type":"ImageObject","url":"https:\/\/www.eldigitaldeasturias.com\/noticias\/wp-content\/uploads\/2014\/03\/6091536w.jpg","@id":"https:\/\/www.eldigitaldeasturias.com\/noticias\/la-agenda-semanal-del-trotamundos-novedades-y-sugerencias-para-gente-viajera\/#mainImage","width":800,"height":595},"primaryImageOfPage":{"@id":"https:\/\/www.eldigitaldeasturias.com\/noticias\/la-agenda-semanal-del-trotamundos-novedades-y-sugerencias-para-gente-viajera\/#mainImage"},"datePublished":"2014-03-27T14:23:12+01:00","dateModified":"2014-03-27T14:23:12+01:00"},{"@type":"WebSite","@id":"https:\/\/www.eldigitaldeasturias.com\/noticias\/#website","url":"https:\/\/www.eldigitaldeasturias.com\/noticias\/","name":"El Digital de Asturias - Diario de actualidad y noticias","alternateName":"El Digital de Asturias - Diario de actualidad y noticias","description":"Hemeroteca","inLanguage":"es-ES","publisher":{"@id":"https:\/\/www.eldigitaldeasturias.com\/noticias\/#organization"}}]},"og:locale":"es_ES","og:site_name":"El Digital de Asturias","og:type":"article","og:title":"La Agenda semanal del Trotamundos, novedades y sugerencias para gente viajera. - El Digital de Asturias","og:description":"dpa - A partir del 3 de abril habr\u00e1 una exposici\u00f3n de obras de Ai Weiwei en el Martin-Gropius-Bau de Berl\u00edn. &quot;Evidence&quot; es el t\u00edtulo de la exposici\u00f3n individual m\u00e1s grande del artista chino que se ha organizado en el mundo. Una instalaci\u00f3n se dise\u00f1\u00f3 expresamente para el gran patio de luces del espacio expositivo.","og:url":"https:\/\/www.eldigitaldeasturias.com\/noticias\/la-agenda-semanal-del-trotamundos-novedades-y-sugerencias-para-gente-viajera\/","og:image":"https:\/\/www.eldigitaldeasturias.com\/noticias\/wp-content\/uploads\/2014\/03\/6091536w.jpg","og:image:secure_url":"https:\/\/www.eldigitaldeasturias.com\/noticias\/wp-content\/uploads\/2014\/03\/6091536w.jpg","og:image:width":800,"og:image:height":595,"article:tag":["turismo"],"article:published_time":"2014-03-27T15:23:12+00:00","article:modified_time":"2014-03-27T15:23:12+00:00","article:publisher":"https:\/\/facebook.com\/eldigitaldeasturias","twitter:card":"summary_large_image","twitter:title":"La Agenda semanal del Trotamundos, novedades y sugerencias para gente viajera. - El Digital de Asturias","twitter:description":"dpa - A partir del 3 de abril habr\u00e1 una exposici\u00f3n de obras de Ai Weiwei en el Martin-Gropius-Bau de Berl\u00edn. &quot;Evidence&quot; es el t\u00edtulo de la exposici\u00f3n individual m\u00e1s grande del artista chino que se ha organizado en el mundo. Una instalaci\u00f3n se dise\u00f1\u00f3 expresamente para el gran patio de luces del espacio expositivo.","twitter:image":"https:\/\/www.eldigitaldeasturias.com\/noticias\/wp-content\/uploads\/2014\/03\/6091536w.jpg","twitter:label1":"Escrito por","twitter:data1":"El Digital de Asturias","twitter:label2":"Tiempo de lectura estimado","twitter:data2":"4 minutos"},"aioseo_meta_data":{"post_id":"512274","title":null,"description":null,"keywords":null,"keyphrases":null,"primary_term":null,"canonical_url":null,"og_title":null,"og_description":null,"og_object_type":"default","og_image_type":"default","og_image_url":null,"og_image_width":null,"og_image_height":null,"og_image_custom_url":null,"og_image_custom_fields":null,"og_video":null,"og_custom_url":null,"og_article_section":null,"og_article_tags":null,"twitter_use_og":true,"twitter_card":"default","twitter_image_type":"default","twitter_image_url":null,"twitter_image_custom_url":null,"twitter_image_custom_fields":null,"twitter_title":null,"twitter_description":null,"schema":{"blockGraphs":[],"customGraphs":[],"default":{"data":{"Article":[],"Course":[],"Dataset":[],"FAQPage":[],"Movie":[],"Person":[],"Product":[],"ProductReview":[],"Car":[],"Recipe":[],"Service":[],"SoftwareApplication":[],"WebPage":[]},"graphName":"","isEnabled":true},"graphs":[],"defaultGraph":"","defaultPostTypeGraph":""},"schema_type":null,"schema_type_options":null,"pillar_content":false,"robots_default":true,"robots_noindex":false,"robots_noarchive":false,"robots_nosnippet":false,"robots_nofollow":false,"robots_noimageindex":false,"robots_noodp":false,"robots_notranslate":false,"robots_max_snippet":null,"robots_max_videopreview":null,"robots_max_imagepreview":"none","priority":null,"frequency":null,"local_seo":null,"seo_analyzer_scan_date":"2025-08-29 13:30:50","breadcrumb_settings":null,"limit_modified_date":false,"open_ai":null,"ai":null,"created":"2020-11-14 23:10:19","updated":"2025-08-29 13:30:50"},"aioseo_breadcrumb":"<div class=\"aioseo-breadcrumbs\"><span class=\"aioseo-breadcrumb\">\n\t<a href=\"https:\/\/www.eldigitaldeasturias.com\/noticias\" title=\"Home\">Home<\/a>\n<\/span><span class=\"aioseo-breadcrumb-separator\">\u2013<\/span><span class=\"aioseo-breadcrumb\">\n\t<a href=\"https:\/\/www.eldigitaldeasturias.com\/noticias\/category\/turismo\/\" title=\"Turismo\">Turismo<\/a>\n<\/span><span class=\"aioseo-breadcrumb-separator\">\u2013<\/span><span class=\"aioseo-breadcrumb\">\n\t<a href=\"https:\/\/www.eldigitaldeasturias.com\/noticias\/la-agenda-semanal-del-trotamundos-novedades-y-sugerencias-para-gente-viajera\/\" title=\"La Agenda semanal del Trotamundos, novedades y sugerencias para gente viajera.\">La Agenda semanal del Trotamundos, novedades y sugerencias para gente viajera.<\/a>\n<\/span><\/div>","aioseo_breadcrumb_json":[{"label":"Home","link":"https:\/\/www.eldigitaldeasturias.com\/noticias"},{"label":"Turismo","link":"https:\/\/www.eldigitaldeasturias.com\/noticias\/category\/turismo\/"},{"label":"La Agenda semanal del Trotamundos, novedades y sugerencias para gente viajera.","link":"https:\/\/www.eldigitaldeasturias.com\/noticias\/la-agenda-semanal-del-trotamundos-novedades-y-sugerencias-para-gente-viajera\/"}],"_links":{"self":[{"href":"https:\/\/www.eldigitaldeasturias.com\/noticias\/wp-json\/wp\/v2\/posts\/512274","targetHints":{"allow":["GET"]}}],"collection":[{"href":"https:\/\/www.eldigitaldeasturias.com\/noticias\/wp-json\/wp\/v2\/posts"}],"about":[{"href":"https:\/\/www.eldigitaldeasturias.com\/noticias\/wp-json\/wp\/v2\/types\/post"}],"author":[{"embeddable":true,"href":"https:\/\/www.eldigitaldeasturias.com\/noticias\/wp-json\/wp\/v2\/users\/1"}],"replies":[{"embeddable":true,"href":"https:\/\/www.eldigitaldeasturias.com\/noticias\/wp-json\/wp\/v2\/comments?post=512274"}],"version-history":[{"count":0,"href":"https:\/\/www.eldigitaldeasturias.com\/noticias\/wp-json\/wp\/v2\/posts\/512274\/revisions"}],"wp:featuredmedia":[{"embeddable":true,"href":"https:\/\/www.eldigitaldeasturias.com\/noticias\/wp-json\/wp\/v2\/media\/512149"}],"wp:attachment":[{"href":"https:\/\/www.eldigitaldeasturias.com\/noticias\/wp-json\/wp\/v2\/media?parent=512274"}],"wp:term":[{"taxonomy":"category","embeddable":true,"href":"https:\/\/www.eldigitaldeasturias.com\/noticias\/wp-json\/wp\/v2\/categories?post=512274"},{"taxonomy":"post_tag","embeddable":true,"href":"https:\/\/www.eldigitaldeasturias.com\/noticias\/wp-json\/wp\/v2\/tags?post=512274"}],"curies":[{"name":"wp","href":"https:\/\/api.w.org\/{rel}","templated":true}]}}