{"id":509865,"date":"2014-03-22T22:21:34","date_gmt":"2014-03-22T23:21:34","guid":{"rendered":"http:\/\/www.eldigitaldeasturias.com\/noticias\/?p=509865"},"modified":"2014-03-22T22:21:34","modified_gmt":"2014-03-22T23:21:34","slug":"el-vino-de-cangas-tendra-pronto-denominacion-de-origen","status":"publish","type":"post","link":"https:\/\/www.eldigitaldeasturias.com\/noticias\/el-vino-de-cangas-tendra-pronto-denominacion-de-origen\/","title":{"rendered":"El vino de Cangas tendr\u00e1 pronto denominaci\u00f3n de origen"},"content":{"rendered":"<p><img loading=\"lazy\" decoding=\"async\" class=\"alignleft size-medium wp-image-509601\" alt=\"6073223w\" src=\"https:\/\/www.eldigitaldeasturias.com\/noticias\/wp-content\/uploads\/2014\/03\/6073223w-213x320.jpg\" width=\"213\" height=\"320\" srcset=\"https:\/\/www.eldigitaldeasturias.com\/noticias\/wp-content\/uploads\/2014\/03\/6073223w-213x320.jpg 213w, https:\/\/www.eldigitaldeasturias.com\/noticias\/wp-content\/uploads\/2014\/03\/6073223w-433x650.jpg 433w, https:\/\/www.eldigitaldeasturias.com\/noticias\/wp-content\/uploads\/2014\/03\/6073223w.jpg 700w\" sizes=\"auto, (max-width: 213px) 100vw, 213px\" \/>Oviedo, 22 mar (EFE).- La Consejer\u00eda de Agroganader\u00eda y Recursos Aut\u00f3ctonos conf\u00eda en el pr\u00f3ximo reconocimiento de la Denominaci\u00f3n de Origen de Cangas por parte de la Comisi\u00f3n Europea que tramita\u00a0 desde agosto de 2011 el \u00f3rgano gestor de Vino de Calidad de Cangas.<\/p>\n<p>Este anuncio lo ha realizado la consejera, Mar\u00eda Jes\u00fas \u00c1lvarez, durante los actos desarrollados en Pesoz, con motivo de la jornada dedicada al vino, que se ha celebrado en el Museo Etnol\u00f3gico de Pesoz, inform\u00f3 el Gobierno regional.<\/p>\n<p>La consejera ha se\u00f1alado que se est\u00e1 a la espera de que, \u00aben poco tiempo, la Comisi\u00f3n Europea inscriba en el Registro Comunitario de Marcas al Vino de Cangas\u00bb y ha destacado que supondr\u00e1 un \u00abmarchamo m\u00e1s de calidad que contribuir\u00e1 a la buena gesti\u00f3n del vino y a su consolidaci\u00f3n\u00bb.<\/p>\n<p>\u00c1lvarez ha admitido que trabajar con marcas de calidad es \u00abexigente\u00bb pero que tambi\u00e9n \u00abaporta un plus para identificar mejor los productos y para que el consumidor los valore m\u00e1s\u00bb por lo que ha mostrado la disposici\u00f3n de su departamento a seguir impulsando esta l\u00ednea de trabajo.<\/p>\n<p>As\u00ed, ha indicado que el vino de Cangas cada vez es m\u00e1s valorado y m\u00e1s conocido, sin olvidar que compite en un mercado \u00abcon competencia muy fuerte\u00bb aunque ha matizado que el trabajo realizado en estos a\u00f1os \u00abva en la direcci\u00f3n correcta\u00bb por lo que hizo un llamamiento a los productores y bodegueros a consolidar esta marca.<\/p>\n<p>En 2009, el Ministerio de Medio Ambiente, Medio Rural y Marino public\u00f3 la resoluci\u00f3n sobre el reconocimiento que el a\u00f1o anterior hab\u00eda hecho el Principado de la denominaci\u00f3n Vino de Calidad de Cangas y la aprobaci\u00f3n del Reglamento del vino de calidad de Cangas.<\/p>\n<p>Con esta resoluci\u00f3n el Vino de Cangas se elev\u00f3 a la categor\u00eda de Vinos de Calidad Producidos en Regiones Determinadas y entra en la calificaci\u00f3n de vinos con Denominaci\u00f3n de Origen Protegido (DOP) de acuerdo a la clasificaci\u00f3n de la Uni\u00f3n Europea.<\/p>\n<p>En agosto de 2011, el \u00f3rgano gestor de Vino de Calidad de Cangas elabor\u00f3 y remiti\u00f3 a la Comisi\u00f3n Europea para su tramitaci\u00f3n el proyecto de la Denominaci\u00f3n de Origen Cangas, actualmente en tr\u00e1mite.<\/p>\n","protected":false},"excerpt":{"rendered":"<p>Oviedo, 22 mar (EFE).- La Consejer\u00eda de Agroganader\u00eda y Recursos Aut\u00f3ctonos conf\u00eda en el pr\u00f3ximo reconocimiento de la Denominaci\u00f3n de Origen de Cangas por parte de la Comisi\u00f3n Europea que tramita\u00a0 desde agosto de 2011 el \u00f3rgano gestor de Vino de Calidad de Cangas. Este anuncio lo ha realizado la consejera, Mar\u00eda Jes\u00fas \u00c1lvarez, durante [&hellip;]<\/p>\n","protected":false},"author":1,"featured_media":509601,"comment_status":"open","ping_status":"closed","sticky":false,"template":"","format":"standard","meta":{"footnotes":""},"categories":[12],"tags":[],"class_list":["post-509865","post","type-post","status-publish","format-standard","has-post-thumbnail","hentry","category-actualidad-asturias"],"aioseo_notices":[],"aioseo_head":"\n\t\t<!-- All in One SEO Pro 4.9.6.2 - aioseo.com -->\n\t<meta name=\"description\" content=\"Oviedo, 22 mar (EFE).- La Consejer\u00eda de Agroganader\u00eda y Recursos Aut\u00f3ctonos conf\u00eda en el pr\u00f3ximo reconocimiento de la Denominaci\u00f3n de Origen de Cangas por parte de la Comisi\u00f3n Europea que tramita desde agosto de 2011 el \u00f3rgano gestor de Vino de Calidad de Cangas. Este anuncio lo ha realizado la consejera, Mar\u00eda Jes\u00fas \u00c1lvarez, durante\" \/>\n\t<meta name=\"robots\" content=\"max-image-preview:large\" \/>\n\t<meta name=\"author\" content=\"El Digital de Asturias\"\/>\n\t<meta name=\"google-site-verification\" content=\"UA-38556648-1\" \/>\n\t<meta name=\"msvalidate.01\" content=\"7dfe9f3f1b24437ab69f4f2559babe99\" \/>\n\t<meta name=\"keywords\" content=\"actualidad asturias\" \/>\n\t<link rel=\"canonical\" href=\"https:\/\/www.eldigitaldeasturias.com\/noticias\/el-vino-de-cangas-tendra-pronto-denominacion-de-origen\/\" \/>\n\t<meta name=\"generator\" content=\"All in One SEO Pro (AIOSEO) 4.9.6.2\" \/>\n\t\t<meta property=\"og:locale\" content=\"es_ES\" \/>\n\t\t<meta property=\"og:site_name\" content=\"El Digital de Asturias\" \/>\n\t\t<meta property=\"og:type\" content=\"article\" \/>\n\t\t<meta property=\"og:title\" content=\"El vino de Cangas tendr\u00e1 pronto denominaci\u00f3n de origen - El Digital de Asturias\" \/>\n\t\t<meta property=\"og:description\" content=\"Oviedo, 22 mar (EFE).- La Consejer\u00eda de Agroganader\u00eda y Recursos Aut\u00f3ctonos conf\u00eda en el pr\u00f3ximo reconocimiento de la Denominaci\u00f3n de Origen de Cangas por parte de la Comisi\u00f3n Europea que tramita desde agosto de 2011 el \u00f3rgano gestor de Vino de Calidad de Cangas. Este anuncio lo ha realizado la consejera, Mar\u00eda Jes\u00fas \u00c1lvarez, durante\" \/>\n\t\t<meta property=\"og:url\" content=\"https:\/\/www.eldigitaldeasturias.com\/noticias\/el-vino-de-cangas-tendra-pronto-denominacion-de-origen\/\" \/>\n\t\t<meta property=\"og:image\" content=\"https:\/\/www.eldigitaldeasturias.com\/noticias\/wp-content\/uploads\/2014\/03\/6073223w.jpg\" \/>\n\t\t<meta property=\"og:image:secure_url\" content=\"https:\/\/www.eldigitaldeasturias.com\/noticias\/wp-content\/uploads\/2014\/03\/6073223w.jpg\" \/>\n\t\t<meta property=\"og:image:width\" content=\"700\" \/>\n\t\t<meta property=\"og:image:height\" content=\"1050\" \/>\n\t\t<meta property=\"article:tag\" content=\"actualidad asturias\" \/>\n\t\t<meta property=\"article:published_time\" content=\"2014-03-22T23:21:34+00:00\" \/>\n\t\t<meta property=\"article:modified_time\" content=\"2014-03-22T23:21:34+00:00\" \/>\n\t\t<meta property=\"article:publisher\" content=\"https:\/\/facebook.com\/eldigitaldeasturias\" \/>\n\t\t<meta name=\"twitter:card\" content=\"summary_large_image\" \/>\n\t\t<meta name=\"twitter:title\" content=\"El vino de Cangas tendr\u00e1 pronto denominaci\u00f3n de origen - El Digital de Asturias\" \/>\n\t\t<meta name=\"twitter:description\" content=\"Oviedo, 22 mar (EFE).- La Consejer\u00eda de Agroganader\u00eda y Recursos Aut\u00f3ctonos conf\u00eda en el pr\u00f3ximo reconocimiento de la Denominaci\u00f3n de Origen de Cangas por parte de la Comisi\u00f3n Europea que tramita desde agosto de 2011 el \u00f3rgano gestor de Vino de Calidad de Cangas. Este anuncio lo ha realizado la consejera, Mar\u00eda Jes\u00fas \u00c1lvarez, durante\" \/>\n\t\t<meta name=\"twitter:image\" content=\"https:\/\/www.eldigitaldeasturias.com\/noticias\/wp-content\/uploads\/2014\/03\/6073223w.jpg\" \/>\n\t\t<meta name=\"twitter:label1\" content=\"Escrito por\" \/>\n\t\t<meta name=\"twitter:data1\" content=\"El Digital de Asturias\" \/>\n\t\t<meta name=\"twitter:label2\" content=\"Tiempo de lectura estimado\" \/>\n\t\t<meta name=\"twitter:data2\" content=\"2 minutos\" \/>\n\t\t<script type=\"application\/ld+json\" class=\"aioseo-schema\">\n\t\t\t{\"@context\":\"https:\\\/\\\/schema.org\",\"@graph\":[{\"@type\":\"BlogPosting\",\"@id\":\"https:\\\/\\\/www.eldigitaldeasturias.com\\\/noticias\\\/el-vino-de-cangas-tendra-pronto-denominacion-de-origen\\\/#blogposting\",\"name\":\"El vino de Cangas tendr\\u00e1 pronto denominaci\\u00f3n de origen - El Digital de Asturias\",\"headline\":\"El vino de Cangas tendr\\u00e1 pronto denominaci\\u00f3n de origen\",\"author\":{\"@id\":\"https:\\\/\\\/www.eldigitaldeasturias.com\\\/noticias\\\/author\\\/admin\\\/#author\"},\"publisher\":{\"@id\":\"https:\\\/\\\/www.eldigitaldeasturias.com\\\/noticias\\\/#organization\"},\"image\":{\"@type\":\"ImageObject\",\"url\":\"https:\\\/\\\/www.eldigitaldeasturias.com\\\/noticias\\\/wp-content\\\/uploads\\\/2014\\\/03\\\/6073223w.jpg\",\"width\":700,\"height\":1050},\"datePublished\":\"2014-03-22T22:21:34+01:00\",\"dateModified\":\"2014-03-22T22:21:34+01:00\",\"inLanguage\":\"es-ES\",\"mainEntityOfPage\":{\"@id\":\"https:\\\/\\\/www.eldigitaldeasturias.com\\\/noticias\\\/el-vino-de-cangas-tendra-pronto-denominacion-de-origen\\\/#webpage\"},\"isPartOf\":{\"@id\":\"https:\\\/\\\/www.eldigitaldeasturias.com\\\/noticias\\\/el-vino-de-cangas-tendra-pronto-denominacion-de-origen\\\/#webpage\"},\"articleSection\":\"Actualidad Asturias\"},{\"@type\":\"BreadcrumbList\",\"@id\":\"https:\\\/\\\/www.eldigitaldeasturias.com\\\/noticias\\\/el-vino-de-cangas-tendra-pronto-denominacion-de-origen\\\/#breadcrumblist\",\"itemListElement\":[{\"@type\":\"ListItem\",\"@id\":\"https:\\\/\\\/www.eldigitaldeasturias.com\\\/noticias#listItem\",\"position\":1,\"name\":\"Home\",\"item\":\"https:\\\/\\\/www.eldigitaldeasturias.com\\\/noticias\",\"nextItem\":{\"@type\":\"ListItem\",\"@id\":\"https:\\\/\\\/www.eldigitaldeasturias.com\\\/noticias\\\/category\\\/actualidad-asturias\\\/#listItem\",\"name\":\"Actualidad Asturias\"}},{\"@type\":\"ListItem\",\"@id\":\"https:\\\/\\\/www.eldigitaldeasturias.com\\\/noticias\\\/category\\\/actualidad-asturias\\\/#listItem\",\"position\":2,\"name\":\"Actualidad Asturias\",\"item\":\"https:\\\/\\\/www.eldigitaldeasturias.com\\\/noticias\\\/category\\\/actualidad-asturias\\\/\",\"nextItem\":{\"@type\":\"ListItem\",\"@id\":\"https:\\\/\\\/www.eldigitaldeasturias.com\\\/noticias\\\/el-vino-de-cangas-tendra-pronto-denominacion-de-origen\\\/#listItem\",\"name\":\"El vino de Cangas tendr\\u00e1 pronto denominaci\\u00f3n de origen\"},\"previousItem\":{\"@type\":\"ListItem\",\"@id\":\"https:\\\/\\\/www.eldigitaldeasturias.com\\\/noticias#listItem\",\"name\":\"Home\"}},{\"@type\":\"ListItem\",\"@id\":\"https:\\\/\\\/www.eldigitaldeasturias.com\\\/noticias\\\/el-vino-de-cangas-tendra-pronto-denominacion-de-origen\\\/#listItem\",\"position\":3,\"name\":\"El vino de Cangas tendr\\u00e1 pronto denominaci\\u00f3n de origen\",\"previousItem\":{\"@type\":\"ListItem\",\"@id\":\"https:\\\/\\\/www.eldigitaldeasturias.com\\\/noticias\\\/category\\\/actualidad-asturias\\\/#listItem\",\"name\":\"Actualidad Asturias\"}}]},{\"@type\":\"Organization\",\"@id\":\"https:\\\/\\\/www.eldigitaldeasturias.com\\\/noticias\\\/#organization\",\"name\":\"El Digital de Asturias\",\"description\":\"Hemeroteca\",\"url\":\"https:\\\/\\\/www.eldigitaldeasturias.com\\\/noticias\\\/\",\"email\":\"info@eldigitaldeasturias.com\",\"telephone\":\"+34652131393\",\"logo\":{\"@type\":\"ImageObject\",\"url\":\"https:\\\/\\\/www.eldigitaldeasturias.com\\\/noticias\\\/wp-content\\\/uploads\\\/2020\\\/12\\\/EDA.jpg\",\"@id\":\"https:\\\/\\\/www.eldigitaldeasturias.com\\\/noticias\\\/el-vino-de-cangas-tendra-pronto-denominacion-de-origen\\\/#organizationLogo\",\"width\":649,\"height\":297},\"image\":{\"@id\":\"https:\\\/\\\/www.eldigitaldeasturias.com\\\/noticias\\\/el-vino-de-cangas-tendra-pronto-denominacion-de-origen\\\/#organizationLogo\"},\"sameAs\":[\"https:\\\/\\\/facebook.com\\\/eldigitaldeasturias\",\"https:\\\/\\\/www.youtube.com\\\/channel\\\/UCZP-2wLEB9Rv6erhFmqVnvg\"],\"address\":{\"@id\":\"https:\\\/\\\/www.eldigitaldeasturias.com\\\/noticias\\\/#postaladdress\",\"@type\":\"PostalAddress\",\"streetAddress\":\"san antonio 4,\",\"postalCode\":\"33430\",\"addressLocality\":\"Cand\\u00e1s\",\"addressRegion\":\"Asturias\",\"addressCountry\":\"ES\"}},{\"@type\":\"Person\",\"@id\":\"https:\\\/\\\/www.eldigitaldeasturias.com\\\/noticias\\\/author\\\/admin\\\/#author\",\"url\":\"https:\\\/\\\/www.eldigitaldeasturias.com\\\/noticias\\\/author\\\/admin\\\/\",\"name\":\"El Digital de Asturias\",\"image\":{\"@type\":\"ImageObject\",\"@id\":\"https:\\\/\\\/www.eldigitaldeasturias.com\\\/noticias\\\/el-vino-de-cangas-tendra-pronto-denominacion-de-origen\\\/#authorImage\",\"url\":\"https:\\\/\\\/www.eldigitaldeasturias.com\\\/noticias\\\/wp-content\\\/litespeed\\\/avatar\\\/18677e78aa0546b92d9dbf31ec7d7668.jpg?ver=1777290358\",\"width\":96,\"height\":96,\"caption\":\"El Digital de Asturias\"}},{\"@type\":\"WebPage\",\"@id\":\"https:\\\/\\\/www.eldigitaldeasturias.com\\\/noticias\\\/el-vino-de-cangas-tendra-pronto-denominacion-de-origen\\\/#webpage\",\"url\":\"https:\\\/\\\/www.eldigitaldeasturias.com\\\/noticias\\\/el-vino-de-cangas-tendra-pronto-denominacion-de-origen\\\/\",\"name\":\"El vino de Cangas tendr\\u00e1 pronto denominaci\\u00f3n de origen - El Digital de Asturias\",\"description\":\"Oviedo, 22 mar (EFE).- La Consejer\\u00eda de Agroganader\\u00eda y Recursos Aut\\u00f3ctonos conf\\u00eda en el pr\\u00f3ximo reconocimiento de la Denominaci\\u00f3n de Origen de Cangas por parte de la Comisi\\u00f3n Europea que tramita desde agosto de 2011 el \\u00f3rgano gestor de Vino de Calidad de Cangas. Este anuncio lo ha realizado la consejera, Mar\\u00eda Jes\\u00fas \\u00c1lvarez, durante\",\"inLanguage\":\"es-ES\",\"isPartOf\":{\"@id\":\"https:\\\/\\\/www.eldigitaldeasturias.com\\\/noticias\\\/#website\"},\"breadcrumb\":{\"@id\":\"https:\\\/\\\/www.eldigitaldeasturias.com\\\/noticias\\\/el-vino-de-cangas-tendra-pronto-denominacion-de-origen\\\/#breadcrumblist\"},\"author\":{\"@id\":\"https:\\\/\\\/www.eldigitaldeasturias.com\\\/noticias\\\/author\\\/admin\\\/#author\"},\"creator\":{\"@id\":\"https:\\\/\\\/www.eldigitaldeasturias.com\\\/noticias\\\/author\\\/admin\\\/#author\"},\"image\":{\"@type\":\"ImageObject\",\"url\":\"https:\\\/\\\/www.eldigitaldeasturias.com\\\/noticias\\\/wp-content\\\/uploads\\\/2014\\\/03\\\/6073223w.jpg\",\"@id\":\"https:\\\/\\\/www.eldigitaldeasturias.com\\\/noticias\\\/el-vino-de-cangas-tendra-pronto-denominacion-de-origen\\\/#mainImage\",\"width\":700,\"height\":1050},\"primaryImageOfPage\":{\"@id\":\"https:\\\/\\\/www.eldigitaldeasturias.com\\\/noticias\\\/el-vino-de-cangas-tendra-pronto-denominacion-de-origen\\\/#mainImage\"},\"datePublished\":\"2014-03-22T22:21:34+01:00\",\"dateModified\":\"2014-03-22T22:21:34+01:00\"},{\"@type\":\"WebSite\",\"@id\":\"https:\\\/\\\/www.eldigitaldeasturias.com\\\/noticias\\\/#website\",\"url\":\"https:\\\/\\\/www.eldigitaldeasturias.com\\\/noticias\\\/\",\"name\":\"El Digital de Asturias - Diario de actualidad y noticias\",\"alternateName\":\"El Digital de Asturias - Diario de actualidad y noticias\",\"description\":\"Hemeroteca\",\"inLanguage\":\"es-ES\",\"publisher\":{\"@id\":\"https:\\\/\\\/www.eldigitaldeasturias.com\\\/noticias\\\/#organization\"}}]}\n\t\t<\/script>\n\t\t<!-- All in One SEO Pro -->\r\n\t\t<title>El vino de Cangas tendr\u00e1 pronto denominaci\u00f3n de origen - El Digital de Asturias<\/title>\n\n","aioseo_head_json":{"title":"El vino de Cangas tendr\u00e1 pronto denominaci\u00f3n de origen - El Digital de Asturias","description":"Oviedo, 22 mar (EFE).- La Consejer\u00eda de Agroganader\u00eda y Recursos Aut\u00f3ctonos conf\u00eda en el pr\u00f3ximo reconocimiento de la Denominaci\u00f3n de Origen de Cangas por parte de la Comisi\u00f3n Europea que tramita desde agosto de 2011 el \u00f3rgano gestor de Vino de Calidad de Cangas. Este anuncio lo ha realizado la consejera, Mar\u00eda Jes\u00fas \u00c1lvarez, durante","canonical_url":"https:\/\/www.eldigitaldeasturias.com\/noticias\/el-vino-de-cangas-tendra-pronto-denominacion-de-origen\/","robots":"max-image-preview:large","keywords":"actualidad asturias","webmasterTools":{"google-site-verification":"UA-38556648-1","msvalidate.01":"7dfe9f3f1b24437ab69f4f2559babe99","miscellaneous":""},"schema":{"@context":"https:\/\/schema.org","@graph":[{"@type":"BlogPosting","@id":"https:\/\/www.eldigitaldeasturias.com\/noticias\/el-vino-de-cangas-tendra-pronto-denominacion-de-origen\/#blogposting","name":"El vino de Cangas tendr\u00e1 pronto denominaci\u00f3n de origen - El Digital de Asturias","headline":"El vino de Cangas tendr\u00e1 pronto denominaci\u00f3n de origen","author":{"@id":"https:\/\/www.eldigitaldeasturias.com\/noticias\/author\/admin\/#author"},"publisher":{"@id":"https:\/\/www.eldigitaldeasturias.com\/noticias\/#organization"},"image":{"@type":"ImageObject","url":"https:\/\/www.eldigitaldeasturias.com\/noticias\/wp-content\/uploads\/2014\/03\/6073223w.jpg","width":700,"height":1050},"datePublished":"2014-03-22T22:21:34+01:00","dateModified":"2014-03-22T22:21:34+01:00","inLanguage":"es-ES","mainEntityOfPage":{"@id":"https:\/\/www.eldigitaldeasturias.com\/noticias\/el-vino-de-cangas-tendra-pronto-denominacion-de-origen\/#webpage"},"isPartOf":{"@id":"https:\/\/www.eldigitaldeasturias.com\/noticias\/el-vino-de-cangas-tendra-pronto-denominacion-de-origen\/#webpage"},"articleSection":"Actualidad Asturias"},{"@type":"BreadcrumbList","@id":"https:\/\/www.eldigitaldeasturias.com\/noticias\/el-vino-de-cangas-tendra-pronto-denominacion-de-origen\/#breadcrumblist","itemListElement":[{"@type":"ListItem","@id":"https:\/\/www.eldigitaldeasturias.com\/noticias#listItem","position":1,"name":"Home","item":"https:\/\/www.eldigitaldeasturias.com\/noticias","nextItem":{"@type":"ListItem","@id":"https:\/\/www.eldigitaldeasturias.com\/noticias\/category\/actualidad-asturias\/#listItem","name":"Actualidad Asturias"}},{"@type":"ListItem","@id":"https:\/\/www.eldigitaldeasturias.com\/noticias\/category\/actualidad-asturias\/#listItem","position":2,"name":"Actualidad Asturias","item":"https:\/\/www.eldigitaldeasturias.com\/noticias\/category\/actualidad-asturias\/","nextItem":{"@type":"ListItem","@id":"https:\/\/www.eldigitaldeasturias.com\/noticias\/el-vino-de-cangas-tendra-pronto-denominacion-de-origen\/#listItem","name":"El vino de Cangas tendr\u00e1 pronto denominaci\u00f3n de origen"},"previousItem":{"@type":"ListItem","@id":"https:\/\/www.eldigitaldeasturias.com\/noticias#listItem","name":"Home"}},{"@type":"ListItem","@id":"https:\/\/www.eldigitaldeasturias.com\/noticias\/el-vino-de-cangas-tendra-pronto-denominacion-de-origen\/#listItem","position":3,"name":"El vino de Cangas tendr\u00e1 pronto denominaci\u00f3n de origen","previousItem":{"@type":"ListItem","@id":"https:\/\/www.eldigitaldeasturias.com\/noticias\/category\/actualidad-asturias\/#listItem","name":"Actualidad Asturias"}}]},{"@type":"Organization","@id":"https:\/\/www.eldigitaldeasturias.com\/noticias\/#organization","name":"El Digital de Asturias","description":"Hemeroteca","url":"https:\/\/www.eldigitaldeasturias.com\/noticias\/","email":"info@eldigitaldeasturias.com","telephone":"+34652131393","logo":{"@type":"ImageObject","url":"https:\/\/www.eldigitaldeasturias.com\/noticias\/wp-content\/uploads\/2020\/12\/EDA.jpg","@id":"https:\/\/www.eldigitaldeasturias.com\/noticias\/el-vino-de-cangas-tendra-pronto-denominacion-de-origen\/#organizationLogo","width":649,"height":297},"image":{"@id":"https:\/\/www.eldigitaldeasturias.com\/noticias\/el-vino-de-cangas-tendra-pronto-denominacion-de-origen\/#organizationLogo"},"sameAs":["https:\/\/facebook.com\/eldigitaldeasturias","https:\/\/www.youtube.com\/channel\/UCZP-2wLEB9Rv6erhFmqVnvg"],"address":{"@id":"https:\/\/www.eldigitaldeasturias.com\/noticias\/#postaladdress","@type":"PostalAddress","streetAddress":"san antonio 4,","postalCode":"33430","addressLocality":"Cand\u00e1s","addressRegion":"Asturias","addressCountry":"ES"}},{"@type":"Person","@id":"https:\/\/www.eldigitaldeasturias.com\/noticias\/author\/admin\/#author","url":"https:\/\/www.eldigitaldeasturias.com\/noticias\/author\/admin\/","name":"El Digital de Asturias","image":{"@type":"ImageObject","@id":"https:\/\/www.eldigitaldeasturias.com\/noticias\/el-vino-de-cangas-tendra-pronto-denominacion-de-origen\/#authorImage","url":"https:\/\/www.eldigitaldeasturias.com\/noticias\/wp-content\/litespeed\/avatar\/18677e78aa0546b92d9dbf31ec7d7668.jpg?ver=1777290358","width":96,"height":96,"caption":"El Digital de Asturias"}},{"@type":"WebPage","@id":"https:\/\/www.eldigitaldeasturias.com\/noticias\/el-vino-de-cangas-tendra-pronto-denominacion-de-origen\/#webpage","url":"https:\/\/www.eldigitaldeasturias.com\/noticias\/el-vino-de-cangas-tendra-pronto-denominacion-de-origen\/","name":"El vino de Cangas tendr\u00e1 pronto denominaci\u00f3n de origen - El Digital de Asturias","description":"Oviedo, 22 mar (EFE).- La Consejer\u00eda de Agroganader\u00eda y Recursos Aut\u00f3ctonos conf\u00eda en el pr\u00f3ximo reconocimiento de la Denominaci\u00f3n de Origen de Cangas por parte de la Comisi\u00f3n Europea que tramita desde agosto de 2011 el \u00f3rgano gestor de Vino de Calidad de Cangas. Este anuncio lo ha realizado la consejera, Mar\u00eda Jes\u00fas \u00c1lvarez, durante","inLanguage":"es-ES","isPartOf":{"@id":"https:\/\/www.eldigitaldeasturias.com\/noticias\/#website"},"breadcrumb":{"@id":"https:\/\/www.eldigitaldeasturias.com\/noticias\/el-vino-de-cangas-tendra-pronto-denominacion-de-origen\/#breadcrumblist"},"author":{"@id":"https:\/\/www.eldigitaldeasturias.com\/noticias\/author\/admin\/#author"},"creator":{"@id":"https:\/\/www.eldigitaldeasturias.com\/noticias\/author\/admin\/#author"},"image":{"@type":"ImageObject","url":"https:\/\/www.eldigitaldeasturias.com\/noticias\/wp-content\/uploads\/2014\/03\/6073223w.jpg","@id":"https:\/\/www.eldigitaldeasturias.com\/noticias\/el-vino-de-cangas-tendra-pronto-denominacion-de-origen\/#mainImage","width":700,"height":1050},"primaryImageOfPage":{"@id":"https:\/\/www.eldigitaldeasturias.com\/noticias\/el-vino-de-cangas-tendra-pronto-denominacion-de-origen\/#mainImage"},"datePublished":"2014-03-22T22:21:34+01:00","dateModified":"2014-03-22T22:21:34+01:00"},{"@type":"WebSite","@id":"https:\/\/www.eldigitaldeasturias.com\/noticias\/#website","url":"https:\/\/www.eldigitaldeasturias.com\/noticias\/","name":"El Digital de Asturias - Diario de actualidad y noticias","alternateName":"El Digital de Asturias - Diario de actualidad y noticias","description":"Hemeroteca","inLanguage":"es-ES","publisher":{"@id":"https:\/\/www.eldigitaldeasturias.com\/noticias\/#organization"}}]},"og:locale":"es_ES","og:site_name":"El Digital de Asturias","og:type":"article","og:title":"El vino de Cangas tendr\u00e1 pronto denominaci\u00f3n de origen - El Digital de Asturias","og:description":"Oviedo, 22 mar (EFE).- La Consejer\u00eda de Agroganader\u00eda y Recursos Aut\u00f3ctonos conf\u00eda en el pr\u00f3ximo reconocimiento de la Denominaci\u00f3n de Origen de Cangas por parte de la Comisi\u00f3n Europea que tramita desde agosto de 2011 el \u00f3rgano gestor de Vino de Calidad de Cangas. Este anuncio lo ha realizado la consejera, Mar\u00eda Jes\u00fas \u00c1lvarez, durante","og:url":"https:\/\/www.eldigitaldeasturias.com\/noticias\/el-vino-de-cangas-tendra-pronto-denominacion-de-origen\/","og:image":"https:\/\/www.eldigitaldeasturias.com\/noticias\/wp-content\/uploads\/2014\/03\/6073223w.jpg","og:image:secure_url":"https:\/\/www.eldigitaldeasturias.com\/noticias\/wp-content\/uploads\/2014\/03\/6073223w.jpg","og:image:width":700,"og:image:height":1050,"article:tag":["actualidad asturias"],"article:published_time":"2014-03-22T23:21:34+00:00","article:modified_time":"2014-03-22T23:21:34+00:00","article:publisher":"https:\/\/facebook.com\/eldigitaldeasturias","twitter:card":"summary_large_image","twitter:title":"El vino de Cangas tendr\u00e1 pronto denominaci\u00f3n de origen - El Digital de Asturias","twitter:description":"Oviedo, 22 mar (EFE).- La Consejer\u00eda de Agroganader\u00eda y Recursos Aut\u00f3ctonos conf\u00eda en el pr\u00f3ximo reconocimiento de la Denominaci\u00f3n de Origen de Cangas por parte de la Comisi\u00f3n Europea que tramita desde agosto de 2011 el \u00f3rgano gestor de Vino de Calidad de Cangas. Este anuncio lo ha realizado la consejera, Mar\u00eda Jes\u00fas \u00c1lvarez, durante","twitter:image":"https:\/\/www.eldigitaldeasturias.com\/noticias\/wp-content\/uploads\/2014\/03\/6073223w.jpg","twitter:label1":"Escrito por","twitter:data1":"El Digital de Asturias","twitter:label2":"Tiempo de lectura estimado","twitter:data2":"2 minutos"},"aioseo_meta_data":{"post_id":"509865","title":null,"description":null,"keywords":null,"keyphrases":null,"primary_term":null,"canonical_url":null,"og_title":null,"og_description":null,"og_object_type":"default","og_image_type":"default","og_image_url":null,"og_image_width":null,"og_image_height":null,"og_image_custom_url":null,"og_image_custom_fields":null,"og_video":null,"og_custom_url":null,"og_article_section":null,"og_article_tags":null,"twitter_use_og":true,"twitter_card":"default","twitter_image_type":"default","twitter_image_url":null,"twitter_image_custom_url":null,"twitter_image_custom_fields":null,"twitter_title":null,"twitter_description":null,"schema":{"blockGraphs":[],"customGraphs":[],"default":{"data":{"Article":[],"Course":[],"Dataset":[],"FAQPage":[],"Movie":[],"Person":[],"Product":[],"ProductReview":[],"Car":[],"Recipe":[],"Service":[],"SoftwareApplication":[],"WebPage":[]},"graphName":"","isEnabled":true},"graphs":[],"defaultGraph":"","defaultPostTypeGraph":""},"schema_type":null,"schema_type_options":null,"pillar_content":false,"robots_default":true,"robots_noindex":false,"robots_noarchive":false,"robots_nosnippet":false,"robots_nofollow":false,"robots_noimageindex":false,"robots_noodp":false,"robots_notranslate":false,"robots_max_snippet":null,"robots_max_videopreview":null,"robots_max_imagepreview":"none","priority":null,"frequency":null,"local_seo":null,"seo_analyzer_scan_date":"2025-08-29 07:41:48","breadcrumb_settings":null,"limit_modified_date":false,"open_ai":null,"ai":null,"created":"2020-11-14 23:09:03","updated":"2025-08-29 07:41:48"},"aioseo_breadcrumb":"<div class=\"aioseo-breadcrumbs\"><span class=\"aioseo-breadcrumb\">\n\t<a href=\"https:\/\/www.eldigitaldeasturias.com\/noticias\" title=\"Home\">Home<\/a>\n<\/span><span class=\"aioseo-breadcrumb-separator\">\u2013<\/span><span class=\"aioseo-breadcrumb\">\n\t<a href=\"https:\/\/www.eldigitaldeasturias.com\/noticias\/category\/actualidad-asturias\/\" title=\"Actualidad Asturias\">Actualidad Asturias<\/a>\n<\/span><span class=\"aioseo-breadcrumb-separator\">\u2013<\/span><span class=\"aioseo-breadcrumb\">\n\t<a href=\"https:\/\/www.eldigitaldeasturias.com\/noticias\/el-vino-de-cangas-tendra-pronto-denominacion-de-origen\/\" title=\"El vino de Cangas tendr\u00e1 pronto denominaci\u00f3n de origen\">El vino de Cangas tendr\u00e1 pronto denominaci\u00f3n de origen<\/a>\n<\/span><\/div>","aioseo_breadcrumb_json":[{"label":"Home","link":"https:\/\/www.eldigitaldeasturias.com\/noticias"},{"label":"Actualidad Asturias","link":"https:\/\/www.eldigitaldeasturias.com\/noticias\/category\/actualidad-asturias\/"},{"label":"El vino de Cangas tendr\u00e1 pronto denominaci\u00f3n de origen","link":"https:\/\/www.eldigitaldeasturias.com\/noticias\/el-vino-de-cangas-tendra-pronto-denominacion-de-origen\/"}],"_links":{"self":[{"href":"https:\/\/www.eldigitaldeasturias.com\/noticias\/wp-json\/wp\/v2\/posts\/509865","targetHints":{"allow":["GET"]}}],"collection":[{"href":"https:\/\/www.eldigitaldeasturias.com\/noticias\/wp-json\/wp\/v2\/posts"}],"about":[{"href":"https:\/\/www.eldigitaldeasturias.com\/noticias\/wp-json\/wp\/v2\/types\/post"}],"author":[{"embeddable":true,"href":"https:\/\/www.eldigitaldeasturias.com\/noticias\/wp-json\/wp\/v2\/users\/1"}],"replies":[{"embeddable":true,"href":"https:\/\/www.eldigitaldeasturias.com\/noticias\/wp-json\/wp\/v2\/comments?post=509865"}],"version-history":[{"count":0,"href":"https:\/\/www.eldigitaldeasturias.com\/noticias\/wp-json\/wp\/v2\/posts\/509865\/revisions"}],"wp:featuredmedia":[{"embeddable":true,"href":"https:\/\/www.eldigitaldeasturias.com\/noticias\/wp-json\/wp\/v2\/media\/509601"}],"wp:attachment":[{"href":"https:\/\/www.eldigitaldeasturias.com\/noticias\/wp-json\/wp\/v2\/media?parent=509865"}],"wp:term":[{"taxonomy":"category","embeddable":true,"href":"https:\/\/www.eldigitaldeasturias.com\/noticias\/wp-json\/wp\/v2\/categories?post=509865"},{"taxonomy":"post_tag","embeddable":true,"href":"https:\/\/www.eldigitaldeasturias.com\/noticias\/wp-json\/wp\/v2\/tags?post=509865"}],"curies":[{"name":"wp","href":"https:\/\/api.w.org\/{rel}","templated":true}]}}