{"id":501234,"date":"2014-03-06T18:27:21","date_gmt":"2014-03-06T19:27:21","guid":{"rendered":"http:\/\/www.eldigitaldeasturias.com\/noticias\/?p=501234"},"modified":"2014-03-06T18:27:21","modified_gmt":"2014-03-06T19:27:21","slug":"de-ruta-entre-los-cerezos-en-flor-del-valle-del-jerte","status":"publish","type":"post","link":"https:\/\/www.eldigitaldeasturias.com\/noticias\/de-ruta-entre-los-cerezos-en-flor-del-valle-del-jerte\/","title":{"rendered":"De Ruta entre los cerezos en flor del Valle del Jerte"},"content":{"rendered":"<p><img loading=\"lazy\" decoding=\"async\" class=\"alignleft size-medium wp-image-501237\" alt=\"Ein Meer aus Wei\u00df und Rosa: Kirschbl\u00fcte im Valle del Jerte\" src=\"https:\/\/www.eldigitaldeasturias.com\/noticias\/wp-content\/uploads\/2014\/03\/UN_MAR_DE_COLOR_BLAN_37526208c-360x270.jpg\" width=\"360\" height=\"270\" srcset=\"https:\/\/www.eldigitaldeasturias.com\/noticias\/wp-content\/uploads\/2014\/03\/UN_MAR_DE_COLOR_BLAN_37526208c-360x270.jpg 360w, https:\/\/www.eldigitaldeasturias.com\/noticias\/wp-content\/uploads\/2014\/03\/UN_MAR_DE_COLOR_BLAN_37526208c-650x487.jpg 650w, https:\/\/www.eldigitaldeasturias.com\/noticias\/wp-content\/uploads\/2014\/03\/UN_MAR_DE_COLOR_BLAN_37526208c-100x75.jpg 100w\" sizes=\"auto, (max-width: 360px) 100vw, 360px\" \/>PLASENCIA, Espa\u00f1a (dpa) &#8211; En medio del laberinto de \u00e1rboles en flor de su jard\u00edn, Gustavo Izquierdo Elizo mira con atenci\u00f3n en la c\u00e1lida luz de la ma\u00f1ana la ramita de una cereza y se le ilumina la cara como si acabara de descubrir un tesoro escondido de los conquistadores. Con un gesto casi reverente, el viejo fruticultor se limpia los dedos en el mono azul, levanta un poco la ramita con la mano izquierda y se\u00f1ala cuidadosamente con la derecha las flores de color rosa que acaban de salir de los capullos. \u00abUna variedad viej\u00edsima\u00bb, dice visiblemente alegre don Gustavo. \u00abMi cu\u00f1ado me la regal\u00f3 el a\u00f1o pasado y con ella injert\u00e9 uno de los \u00e1rboles m\u00e1s viejos\u00bb.<\/p>\n<p>Cuando los dos millones de cerezos en el Valle del Jerte se ponen sus vestidos de primavera, el turista f\u00e1cilmente se pierde en el mar de color blanco y rosa. Efectivamente, la diversidad es considerable: mientras que algunos \u00e1rboles se contentan con tener peque\u00f1as flores totalmente blancas, otros alzan al cielo profundamente azul unas ramas llenas de olorosas flores de color rosa en los tonos m\u00e1s diversos.<\/p>\n<p>En primavera, el Valle del Jerte recuerda al fabuloso valle de cerezos en flor en el libro \u00abLos hermanos Coraz\u00f3n de Le\u00f3n\u00bb, de la escritora sueca Astrid Lindgren. Un aut\u00e9ntico para\u00edso, al menos para \u00e1rboles frutales: en terrazas de cientos de a\u00f1os de antig\u00fcedad, cuidadas con gran esmero, los cerezos cubren las pendientes con un manto de algod\u00f3n blanco y rosa. Quien se dirige al Valle del Jerte desde el este, es decir, desde Madrid, es recompensado con unas vistas espectaculares. Durante mucho tiempo, la carretera discurre casi en l\u00ednea recta sobre la \u00e1rida meseta desarbolada de Extremadura, donde tambi\u00e9n de d\u00eda sopla un viento fr\u00edo. Y justamente cuando uno casi empieza a sentirse cansado, la monoton\u00eda termina abruptamente en el mirador de Puerto de Tornavacas: profundamente escarpado, como un ca\u00f1\u00f3n, se abre a la vista el Valle del Jerte.<\/p>\n<p><img loading=\"lazy\" decoding=\"async\" class=\"alignright size-medium wp-image-501236\" alt=\"Ein Meer aus Wei\u00df und Rosa: Kirschbl\u00fcte im Valle del Jerte\" src=\"https:\/\/www.eldigitaldeasturias.com\/noticias\/wp-content\/uploads\/2014\/03\/UN_MAR_DE_COLOR_BLAN_37526208b-360x270.jpg\" width=\"360\" height=\"270\" srcset=\"https:\/\/www.eldigitaldeasturias.com\/noticias\/wp-content\/uploads\/2014\/03\/UN_MAR_DE_COLOR_BLAN_37526208b-360x270.jpg 360w, https:\/\/www.eldigitaldeasturias.com\/noticias\/wp-content\/uploads\/2014\/03\/UN_MAR_DE_COLOR_BLAN_37526208b-650x487.jpg 650w\" sizes=\"auto, (max-width: 360px) 100vw, 360px\" \/>Mezclado con el aire caliente, el perfume de las flores de los cerezos se alza hasta el Mirador, situado a una altura de 1.275 metros. A lo largo de 40 kil\u00f3metros se extiende en la profundidad del valle la alfombra de flores, para terminar poco antes de las puertas de Plasencia. En las pendientes m\u00e1s altas, donde hace demasiado fr\u00edo incluso para los cerezos m\u00e1s robustos, resplandece la cinta verde de los robledos, sobre los que se alzan los picos de la sierra de Gredos, de m\u00e1s de 2.000 metros. Todav\u00eda a finales de marzo, las cumbres est\u00e1n cubiertas de gruesas capas de nieve.<\/p>\n<p>Protegida por las altas monta\u00f1as, la naturaleza en el valle se desarrolla en un microclima especial. El invierno es relativamente suave. Despu\u00e9s, el agua de deshielo propicia un crecimiento exuberante hasta principios del verano. Por cierto: el agua en el Valle del Jerte es en s\u00ed misma una atracci\u00f3n. En primavera se oye por todas partes el borboteo y murmureo del agua de los peque\u00f1os arroyos artificiales que atraviesan las terrazas con sus \u00e1rboles frutales. Una viej\u00edsima red de corrientes de agua se alimenta de las gigantescas cascadas que por todas partes caen atronadoras por los empinados valles laterales.<\/p>\n<p>El mayor ruido se oye encima del pueblecito de Navaconcejo: las Cascadas de Nogaledas vierten sobre tres niveles al valle enormes masas de agua que s\u00f3lo se calman entre los huertos frutales. Una ruta de senderismo sube pegada a las cascadas por la monta\u00f1a.<\/p>\n<p><img loading=\"lazy\" decoding=\"async\" class=\"alignleft size-medium wp-image-501235\" alt=\"Ein Meer aus Wei\u00df und Rosa: Kirschbl\u00fcte im Valle del Jerte\" src=\"https:\/\/www.eldigitaldeasturias.com\/noticias\/wp-content\/uploads\/2014\/03\/UN_MAR_DE_COLOR_BLAN_37526208-360x270.jpg\" width=\"360\" height=\"270\" srcset=\"https:\/\/www.eldigitaldeasturias.com\/noticias\/wp-content\/uploads\/2014\/03\/UN_MAR_DE_COLOR_BLAN_37526208-360x270.jpg 360w, https:\/\/www.eldigitaldeasturias.com\/noticias\/wp-content\/uploads\/2014\/03\/UN_MAR_DE_COLOR_BLAN_37526208-650x487.jpg 650w\" sizes=\"auto, (max-width: 360px) 100vw, 360px\" \/>El Valle del Jerte es un grandioso para\u00edso para el senderismo. Aun as\u00ed, el excursionista raras veces se encuentra con gente en los maravillosos caminos. Durante horas se puede caminar solo por el mar de flores, por los bosques subiendo hacia las numerosas cascadas y torrentes o por los caminos situados por encima del l\u00edmite forestal, que ofrecen amplias vistas panor\u00e1micas.<\/p>\n<p>El Valle del Jerte con sus cerezos en flor es famoso en Espa\u00f1a. No obstante, la mayor\u00eda de los turistas espa\u00f1oles prefieren contemplar el esplendor desde el coche. Por la tarde ya han desaparecido los turistas y el excursionista solitario puede compartir en los peque\u00f1os pueblos el paisaje id\u00edlico con la poblaci\u00f3n local y una fauna notable.<\/p>\n<p>Aunque ya era un importante centro comercial en la \u00e9poca romana, Plasencia, que tiene hoy 40.000 habitantes, es mucho menos conocida que otras ciudades en Extremadura como M\u00e9rida y C\u00e1ceres. La consecuencia es que s\u00f3lo pocos turistas recorren los callejones del centro hist\u00f3rico de Plasencia, donde hay muchas cosas que ver, como los hermosos palacios renacentistas, nada menos que dos catedrales y una de las bodegas m\u00e1s viejas de Espa\u00f1a, donde se vienen prensando uvas desde el siglo XIII.<\/p>\n<p>En la tarde, cuando la sol ba\u00f1a con una luz dorada los tejados y las torres de Plasencia, un dulce perfume primaveral invade la ciudad: el olor de las flores de cerezo del Valle del Jerte.<\/p>\n<p><strong><em>INFORMACI\u00d3N B\u00c1SICA: Valle del Jerte<\/em><\/strong><\/p>\n<p>C\u00f3mo llegar: desde Madrid, la mejor manera de viajar a la regi\u00f3n es en coche de alquiler. El Valle del Jerte est\u00e1 situado a 200 kil\u00f3metros al oeste de la capital espa\u00f1ola. Otros destinos cercanos que valen la pena son las ciudades de C\u00e1ceres y Plasencia, el Parque Nacional de Monfrag\u00fce con sus nidos de buitres en los roquedos, as\u00ed como el monasterio de Yuste, donde el emperador Carlos V pas\u00f3 los \u00faltimos a\u00f1os de su vida a mediados del siglo XVI.<\/p>\n<p>Los cerezos en flor en el Valle del Jerte: el momento exacto en que los cerezos comienzan a florecer depende de las condiciones meteorol\u00f3gicas. Seg\u00fan los \u00faltimos pron\u00f3sticos, este a\u00f1o los cerezos estar\u00e1n en flor entre el 28 de marzo y el 12 de abril.<\/p>\n<p>Internet<\/p>\n<p>&#8211; [Oficina de Turismo del Valle del Jerte](<a href=\"http:\/\/www.turismovalledeljerte.com\" target=\"_blank\">http:\/\/www.turismovalledeljerte.com<\/a>)<\/p>\n","protected":false},"excerpt":{"rendered":"<p>PLASENCIA, Espa\u00f1a (dpa) &#8211; En medio del laberinto de \u00e1rboles en flor de su jard\u00edn, Gustavo Izquierdo Elizo mira con atenci\u00f3n en la c\u00e1lida luz de la ma\u00f1ana la ramita de una cereza y se le ilumina la cara como si acabara de descubrir un tesoro escondido de los conquistadores. Con un gesto casi reverente, [&hellip;]<\/p>\n","protected":false},"author":1,"featured_media":501237,"comment_status":"open","ping_status":"closed","sticky":false,"template":"","format":"standard","meta":{"footnotes":""},"categories":[148],"tags":[],"class_list":["post-501234","post","type-post","status-publish","format-standard","has-post-thumbnail","hentry","category-turismo"],"aioseo_notices":[],"aioseo_head":"\n\t\t<!-- All in One SEO Pro 4.9.6.2 - aioseo.com -->\n\t<meta name=\"description\" content=\"PLASENCIA, Espa\u00f1a (dpa) - En medio del laberinto de \u00e1rboles en flor de su jard\u00edn, Gustavo Izquierdo Elizo mira con atenci\u00f3n en la c\u00e1lida luz de la ma\u00f1ana la ramita de una cereza y se le ilumina la cara como si acabara de descubrir un tesoro escondido de los conquistadores. Con un gesto casi reverente,\" \/>\n\t<meta name=\"robots\" content=\"max-image-preview:large\" \/>\n\t<meta name=\"author\" content=\"El Digital de Asturias\"\/>\n\t<meta name=\"google-site-verification\" content=\"UA-38556648-1\" \/>\n\t<meta name=\"msvalidate.01\" content=\"7dfe9f3f1b24437ab69f4f2559babe99\" \/>\n\t<meta name=\"keywords\" content=\"turismo\" \/>\n\t<link rel=\"canonical\" href=\"https:\/\/www.eldigitaldeasturias.com\/noticias\/de-ruta-entre-los-cerezos-en-flor-del-valle-del-jerte\/\" \/>\n\t<meta name=\"generator\" content=\"All in One SEO Pro (AIOSEO) 4.9.6.2\" \/>\n\t\t<meta property=\"og:locale\" content=\"es_ES\" \/>\n\t\t<meta property=\"og:site_name\" content=\"El Digital de Asturias\" \/>\n\t\t<meta property=\"og:type\" content=\"article\" \/>\n\t\t<meta property=\"og:title\" content=\"De Ruta entre los cerezos en flor del Valle del Jerte - El Digital de Asturias\" \/>\n\t\t<meta property=\"og:description\" content=\"PLASENCIA, Espa\u00f1a (dpa) - En medio del laberinto de \u00e1rboles en flor de su jard\u00edn, Gustavo Izquierdo Elizo mira con atenci\u00f3n en la c\u00e1lida luz de la ma\u00f1ana la ramita de una cereza y se le ilumina la cara como si acabara de descubrir un tesoro escondido de los conquistadores. Con un gesto casi reverente,\" \/>\n\t\t<meta property=\"og:url\" content=\"https:\/\/www.eldigitaldeasturias.com\/noticias\/de-ruta-entre-los-cerezos-en-flor-del-valle-del-jerte\/\" \/>\n\t\t<meta property=\"og:image\" content=\"https:\/\/www.eldigitaldeasturias.com\/noticias\/wp-content\/uploads\/2014\/03\/UN_MAR_DE_COLOR_BLAN_37526208c.jpg\" \/>\n\t\t<meta property=\"og:image:secure_url\" content=\"https:\/\/www.eldigitaldeasturias.com\/noticias\/wp-content\/uploads\/2014\/03\/UN_MAR_DE_COLOR_BLAN_37526208c.jpg\" \/>\n\t\t<meta property=\"og:image:width\" content=\"3620\" \/>\n\t\t<meta property=\"og:image:height\" content=\"2715\" \/>\n\t\t<meta property=\"article:tag\" content=\"turismo\" \/>\n\t\t<meta property=\"article:published_time\" content=\"2014-03-06T19:27:21+00:00\" \/>\n\t\t<meta property=\"article:modified_time\" content=\"2014-03-06T19:27:21+00:00\" \/>\n\t\t<meta property=\"article:publisher\" content=\"https:\/\/facebook.com\/eldigitaldeasturias\" \/>\n\t\t<meta name=\"twitter:card\" content=\"summary_large_image\" \/>\n\t\t<meta name=\"twitter:title\" content=\"De Ruta entre los cerezos en flor del Valle del Jerte - El Digital de Asturias\" \/>\n\t\t<meta name=\"twitter:description\" content=\"PLASENCIA, Espa\u00f1a (dpa) - En medio del laberinto de \u00e1rboles en flor de su jard\u00edn, Gustavo Izquierdo Elizo mira con atenci\u00f3n en la c\u00e1lida luz de la ma\u00f1ana la ramita de una cereza y se le ilumina la cara como si acabara de descubrir un tesoro escondido de los conquistadores. Con un gesto casi reverente,\" \/>\n\t\t<meta name=\"twitter:image\" content=\"https:\/\/www.eldigitaldeasturias.com\/noticias\/wp-content\/uploads\/2014\/03\/UN_MAR_DE_COLOR_BLAN_37526208c.jpg\" \/>\n\t\t<meta name=\"twitter:label1\" content=\"Escrito por\" \/>\n\t\t<meta name=\"twitter:data1\" content=\"El Digital de Asturias\" \/>\n\t\t<meta name=\"twitter:label2\" content=\"Tiempo de lectura estimado\" \/>\n\t\t<meta name=\"twitter:data2\" content=\"5 minutos\" \/>\n\t\t<script type=\"application\/ld+json\" class=\"aioseo-schema\">\n\t\t\t{\"@context\":\"https:\\\/\\\/schema.org\",\"@graph\":[{\"@type\":\"BlogPosting\",\"@id\":\"https:\\\/\\\/www.eldigitaldeasturias.com\\\/noticias\\\/de-ruta-entre-los-cerezos-en-flor-del-valle-del-jerte\\\/#blogposting\",\"name\":\"De Ruta entre los cerezos en flor del Valle del Jerte - El Digital de Asturias\",\"headline\":\"De Ruta entre los cerezos en flor del Valle del Jerte\",\"author\":{\"@id\":\"https:\\\/\\\/www.eldigitaldeasturias.com\\\/noticias\\\/author\\\/admin\\\/#author\"},\"publisher\":{\"@id\":\"https:\\\/\\\/www.eldigitaldeasturias.com\\\/noticias\\\/#organization\"},\"image\":{\"@type\":\"ImageObject\",\"url\":\"https:\\\/\\\/www.eldigitaldeasturias.com\\\/noticias\\\/wp-content\\\/uploads\\\/2014\\\/03\\\/UN_MAR_DE_COLOR_BLAN_37526208c.jpg\",\"width\":3620,\"height\":2715},\"datePublished\":\"2014-03-06T18:27:21+01:00\",\"dateModified\":\"2014-03-06T18:27:21+01:00\",\"inLanguage\":\"es-ES\",\"mainEntityOfPage\":{\"@id\":\"https:\\\/\\\/www.eldigitaldeasturias.com\\\/noticias\\\/de-ruta-entre-los-cerezos-en-flor-del-valle-del-jerte\\\/#webpage\"},\"isPartOf\":{\"@id\":\"https:\\\/\\\/www.eldigitaldeasturias.com\\\/noticias\\\/de-ruta-entre-los-cerezos-en-flor-del-valle-del-jerte\\\/#webpage\"},\"articleSection\":\"Turismo\"},{\"@type\":\"BreadcrumbList\",\"@id\":\"https:\\\/\\\/www.eldigitaldeasturias.com\\\/noticias\\\/de-ruta-entre-los-cerezos-en-flor-del-valle-del-jerte\\\/#breadcrumblist\",\"itemListElement\":[{\"@type\":\"ListItem\",\"@id\":\"https:\\\/\\\/www.eldigitaldeasturias.com\\\/noticias#listItem\",\"position\":1,\"name\":\"Home\",\"item\":\"https:\\\/\\\/www.eldigitaldeasturias.com\\\/noticias\",\"nextItem\":{\"@type\":\"ListItem\",\"@id\":\"https:\\\/\\\/www.eldigitaldeasturias.com\\\/noticias\\\/category\\\/turismo\\\/#listItem\",\"name\":\"Turismo\"}},{\"@type\":\"ListItem\",\"@id\":\"https:\\\/\\\/www.eldigitaldeasturias.com\\\/noticias\\\/category\\\/turismo\\\/#listItem\",\"position\":2,\"name\":\"Turismo\",\"item\":\"https:\\\/\\\/www.eldigitaldeasturias.com\\\/noticias\\\/category\\\/turismo\\\/\",\"nextItem\":{\"@type\":\"ListItem\",\"@id\":\"https:\\\/\\\/www.eldigitaldeasturias.com\\\/noticias\\\/de-ruta-entre-los-cerezos-en-flor-del-valle-del-jerte\\\/#listItem\",\"name\":\"De Ruta entre los cerezos en flor del Valle del Jerte\"},\"previousItem\":{\"@type\":\"ListItem\",\"@id\":\"https:\\\/\\\/www.eldigitaldeasturias.com\\\/noticias#listItem\",\"name\":\"Home\"}},{\"@type\":\"ListItem\",\"@id\":\"https:\\\/\\\/www.eldigitaldeasturias.com\\\/noticias\\\/de-ruta-entre-los-cerezos-en-flor-del-valle-del-jerte\\\/#listItem\",\"position\":3,\"name\":\"De Ruta entre los cerezos en flor del Valle del Jerte\",\"previousItem\":{\"@type\":\"ListItem\",\"@id\":\"https:\\\/\\\/www.eldigitaldeasturias.com\\\/noticias\\\/category\\\/turismo\\\/#listItem\",\"name\":\"Turismo\"}}]},{\"@type\":\"Organization\",\"@id\":\"https:\\\/\\\/www.eldigitaldeasturias.com\\\/noticias\\\/#organization\",\"name\":\"El Digital de Asturias\",\"description\":\"Hemeroteca\",\"url\":\"https:\\\/\\\/www.eldigitaldeasturias.com\\\/noticias\\\/\",\"email\":\"info@eldigitaldeasturias.com\",\"telephone\":\"+34652131393\",\"logo\":{\"@type\":\"ImageObject\",\"url\":\"https:\\\/\\\/www.eldigitaldeasturias.com\\\/noticias\\\/wp-content\\\/uploads\\\/2020\\\/12\\\/EDA.jpg\",\"@id\":\"https:\\\/\\\/www.eldigitaldeasturias.com\\\/noticias\\\/de-ruta-entre-los-cerezos-en-flor-del-valle-del-jerte\\\/#organizationLogo\",\"width\":649,\"height\":297},\"image\":{\"@id\":\"https:\\\/\\\/www.eldigitaldeasturias.com\\\/noticias\\\/de-ruta-entre-los-cerezos-en-flor-del-valle-del-jerte\\\/#organizationLogo\"},\"sameAs\":[\"https:\\\/\\\/facebook.com\\\/eldigitaldeasturias\",\"https:\\\/\\\/www.youtube.com\\\/channel\\\/UCZP-2wLEB9Rv6erhFmqVnvg\"],\"address\":{\"@id\":\"https:\\\/\\\/www.eldigitaldeasturias.com\\\/noticias\\\/#postaladdress\",\"@type\":\"PostalAddress\",\"streetAddress\":\"san antonio 4,\",\"postalCode\":\"33430\",\"addressLocality\":\"Cand\\u00e1s\",\"addressRegion\":\"Asturias\",\"addressCountry\":\"ES\"}},{\"@type\":\"Person\",\"@id\":\"https:\\\/\\\/www.eldigitaldeasturias.com\\\/noticias\\\/author\\\/admin\\\/#author\",\"url\":\"https:\\\/\\\/www.eldigitaldeasturias.com\\\/noticias\\\/author\\\/admin\\\/\",\"name\":\"El Digital de Asturias\",\"image\":{\"@type\":\"ImageObject\",\"@id\":\"https:\\\/\\\/www.eldigitaldeasturias.com\\\/noticias\\\/de-ruta-entre-los-cerezos-en-flor-del-valle-del-jerte\\\/#authorImage\",\"url\":\"https:\\\/\\\/www.eldigitaldeasturias.com\\\/noticias\\\/wp-content\\\/litespeed\\\/avatar\\\/18677e78aa0546b92d9dbf31ec7d7668.jpg?ver=1777290358\",\"width\":96,\"height\":96,\"caption\":\"El Digital de Asturias\"}},{\"@type\":\"WebPage\",\"@id\":\"https:\\\/\\\/www.eldigitaldeasturias.com\\\/noticias\\\/de-ruta-entre-los-cerezos-en-flor-del-valle-del-jerte\\\/#webpage\",\"url\":\"https:\\\/\\\/www.eldigitaldeasturias.com\\\/noticias\\\/de-ruta-entre-los-cerezos-en-flor-del-valle-del-jerte\\\/\",\"name\":\"De Ruta entre los cerezos en flor del Valle del Jerte - El Digital de Asturias\",\"description\":\"PLASENCIA, Espa\\u00f1a (dpa) - En medio del laberinto de \\u00e1rboles en flor de su jard\\u00edn, Gustavo Izquierdo Elizo mira con atenci\\u00f3n en la c\\u00e1lida luz de la ma\\u00f1ana la ramita de una cereza y se le ilumina la cara como si acabara de descubrir un tesoro escondido de los conquistadores. Con un gesto casi reverente,\",\"inLanguage\":\"es-ES\",\"isPartOf\":{\"@id\":\"https:\\\/\\\/www.eldigitaldeasturias.com\\\/noticias\\\/#website\"},\"breadcrumb\":{\"@id\":\"https:\\\/\\\/www.eldigitaldeasturias.com\\\/noticias\\\/de-ruta-entre-los-cerezos-en-flor-del-valle-del-jerte\\\/#breadcrumblist\"},\"author\":{\"@id\":\"https:\\\/\\\/www.eldigitaldeasturias.com\\\/noticias\\\/author\\\/admin\\\/#author\"},\"creator\":{\"@id\":\"https:\\\/\\\/www.eldigitaldeasturias.com\\\/noticias\\\/author\\\/admin\\\/#author\"},\"image\":{\"@type\":\"ImageObject\",\"url\":\"https:\\\/\\\/www.eldigitaldeasturias.com\\\/noticias\\\/wp-content\\\/uploads\\\/2014\\\/03\\\/UN_MAR_DE_COLOR_BLAN_37526208c.jpg\",\"@id\":\"https:\\\/\\\/www.eldigitaldeasturias.com\\\/noticias\\\/de-ruta-entre-los-cerezos-en-flor-del-valle-del-jerte\\\/#mainImage\",\"width\":3620,\"height\":2715},\"primaryImageOfPage\":{\"@id\":\"https:\\\/\\\/www.eldigitaldeasturias.com\\\/noticias\\\/de-ruta-entre-los-cerezos-en-flor-del-valle-del-jerte\\\/#mainImage\"},\"datePublished\":\"2014-03-06T18:27:21+01:00\",\"dateModified\":\"2014-03-06T18:27:21+01:00\"},{\"@type\":\"WebSite\",\"@id\":\"https:\\\/\\\/www.eldigitaldeasturias.com\\\/noticias\\\/#website\",\"url\":\"https:\\\/\\\/www.eldigitaldeasturias.com\\\/noticias\\\/\",\"name\":\"El Digital de Asturias - Diario de actualidad y noticias\",\"alternateName\":\"El Digital de Asturias - Diario de actualidad y noticias\",\"description\":\"Hemeroteca\",\"inLanguage\":\"es-ES\",\"publisher\":{\"@id\":\"https:\\\/\\\/www.eldigitaldeasturias.com\\\/noticias\\\/#organization\"}}]}\n\t\t<\/script>\n\t\t<!-- All in One SEO Pro -->\r\n\t\t<title>De Ruta entre los cerezos en flor del Valle del Jerte - El Digital de Asturias<\/title>\n\n","aioseo_head_json":{"title":"De Ruta entre los cerezos en flor del Valle del Jerte - El Digital de Asturias","description":"PLASENCIA, Espa\u00f1a (dpa) - En medio del laberinto de \u00e1rboles en flor de su jard\u00edn, Gustavo Izquierdo Elizo mira con atenci\u00f3n en la c\u00e1lida luz de la ma\u00f1ana la ramita de una cereza y se le ilumina la cara como si acabara de descubrir un tesoro escondido de los conquistadores. Con un gesto casi reverente,","canonical_url":"https:\/\/www.eldigitaldeasturias.com\/noticias\/de-ruta-entre-los-cerezos-en-flor-del-valle-del-jerte\/","robots":"max-image-preview:large","keywords":"turismo","webmasterTools":{"google-site-verification":"UA-38556648-1","msvalidate.01":"7dfe9f3f1b24437ab69f4f2559babe99","miscellaneous":""},"schema":{"@context":"https:\/\/schema.org","@graph":[{"@type":"BlogPosting","@id":"https:\/\/www.eldigitaldeasturias.com\/noticias\/de-ruta-entre-los-cerezos-en-flor-del-valle-del-jerte\/#blogposting","name":"De Ruta entre los cerezos en flor del Valle del Jerte - El Digital de Asturias","headline":"De Ruta entre los cerezos en flor del Valle del Jerte","author":{"@id":"https:\/\/www.eldigitaldeasturias.com\/noticias\/author\/admin\/#author"},"publisher":{"@id":"https:\/\/www.eldigitaldeasturias.com\/noticias\/#organization"},"image":{"@type":"ImageObject","url":"https:\/\/www.eldigitaldeasturias.com\/noticias\/wp-content\/uploads\/2014\/03\/UN_MAR_DE_COLOR_BLAN_37526208c.jpg","width":3620,"height":2715},"datePublished":"2014-03-06T18:27:21+01:00","dateModified":"2014-03-06T18:27:21+01:00","inLanguage":"es-ES","mainEntityOfPage":{"@id":"https:\/\/www.eldigitaldeasturias.com\/noticias\/de-ruta-entre-los-cerezos-en-flor-del-valle-del-jerte\/#webpage"},"isPartOf":{"@id":"https:\/\/www.eldigitaldeasturias.com\/noticias\/de-ruta-entre-los-cerezos-en-flor-del-valle-del-jerte\/#webpage"},"articleSection":"Turismo"},{"@type":"BreadcrumbList","@id":"https:\/\/www.eldigitaldeasturias.com\/noticias\/de-ruta-entre-los-cerezos-en-flor-del-valle-del-jerte\/#breadcrumblist","itemListElement":[{"@type":"ListItem","@id":"https:\/\/www.eldigitaldeasturias.com\/noticias#listItem","position":1,"name":"Home","item":"https:\/\/www.eldigitaldeasturias.com\/noticias","nextItem":{"@type":"ListItem","@id":"https:\/\/www.eldigitaldeasturias.com\/noticias\/category\/turismo\/#listItem","name":"Turismo"}},{"@type":"ListItem","@id":"https:\/\/www.eldigitaldeasturias.com\/noticias\/category\/turismo\/#listItem","position":2,"name":"Turismo","item":"https:\/\/www.eldigitaldeasturias.com\/noticias\/category\/turismo\/","nextItem":{"@type":"ListItem","@id":"https:\/\/www.eldigitaldeasturias.com\/noticias\/de-ruta-entre-los-cerezos-en-flor-del-valle-del-jerte\/#listItem","name":"De Ruta entre los cerezos en flor del Valle del Jerte"},"previousItem":{"@type":"ListItem","@id":"https:\/\/www.eldigitaldeasturias.com\/noticias#listItem","name":"Home"}},{"@type":"ListItem","@id":"https:\/\/www.eldigitaldeasturias.com\/noticias\/de-ruta-entre-los-cerezos-en-flor-del-valle-del-jerte\/#listItem","position":3,"name":"De Ruta entre los cerezos en flor del Valle del Jerte","previousItem":{"@type":"ListItem","@id":"https:\/\/www.eldigitaldeasturias.com\/noticias\/category\/turismo\/#listItem","name":"Turismo"}}]},{"@type":"Organization","@id":"https:\/\/www.eldigitaldeasturias.com\/noticias\/#organization","name":"El Digital de Asturias","description":"Hemeroteca","url":"https:\/\/www.eldigitaldeasturias.com\/noticias\/","email":"info@eldigitaldeasturias.com","telephone":"+34652131393","logo":{"@type":"ImageObject","url":"https:\/\/www.eldigitaldeasturias.com\/noticias\/wp-content\/uploads\/2020\/12\/EDA.jpg","@id":"https:\/\/www.eldigitaldeasturias.com\/noticias\/de-ruta-entre-los-cerezos-en-flor-del-valle-del-jerte\/#organizationLogo","width":649,"height":297},"image":{"@id":"https:\/\/www.eldigitaldeasturias.com\/noticias\/de-ruta-entre-los-cerezos-en-flor-del-valle-del-jerte\/#organizationLogo"},"sameAs":["https:\/\/facebook.com\/eldigitaldeasturias","https:\/\/www.youtube.com\/channel\/UCZP-2wLEB9Rv6erhFmqVnvg"],"address":{"@id":"https:\/\/www.eldigitaldeasturias.com\/noticias\/#postaladdress","@type":"PostalAddress","streetAddress":"san antonio 4,","postalCode":"33430","addressLocality":"Cand\u00e1s","addressRegion":"Asturias","addressCountry":"ES"}},{"@type":"Person","@id":"https:\/\/www.eldigitaldeasturias.com\/noticias\/author\/admin\/#author","url":"https:\/\/www.eldigitaldeasturias.com\/noticias\/author\/admin\/","name":"El Digital de Asturias","image":{"@type":"ImageObject","@id":"https:\/\/www.eldigitaldeasturias.com\/noticias\/de-ruta-entre-los-cerezos-en-flor-del-valle-del-jerte\/#authorImage","url":"https:\/\/www.eldigitaldeasturias.com\/noticias\/wp-content\/litespeed\/avatar\/18677e78aa0546b92d9dbf31ec7d7668.jpg?ver=1777290358","width":96,"height":96,"caption":"El Digital de Asturias"}},{"@type":"WebPage","@id":"https:\/\/www.eldigitaldeasturias.com\/noticias\/de-ruta-entre-los-cerezos-en-flor-del-valle-del-jerte\/#webpage","url":"https:\/\/www.eldigitaldeasturias.com\/noticias\/de-ruta-entre-los-cerezos-en-flor-del-valle-del-jerte\/","name":"De Ruta entre los cerezos en flor del Valle del Jerte - El Digital de Asturias","description":"PLASENCIA, Espa\u00f1a (dpa) - En medio del laberinto de \u00e1rboles en flor de su jard\u00edn, Gustavo Izquierdo Elizo mira con atenci\u00f3n en la c\u00e1lida luz de la ma\u00f1ana la ramita de una cereza y se le ilumina la cara como si acabara de descubrir un tesoro escondido de los conquistadores. Con un gesto casi reverente,","inLanguage":"es-ES","isPartOf":{"@id":"https:\/\/www.eldigitaldeasturias.com\/noticias\/#website"},"breadcrumb":{"@id":"https:\/\/www.eldigitaldeasturias.com\/noticias\/de-ruta-entre-los-cerezos-en-flor-del-valle-del-jerte\/#breadcrumblist"},"author":{"@id":"https:\/\/www.eldigitaldeasturias.com\/noticias\/author\/admin\/#author"},"creator":{"@id":"https:\/\/www.eldigitaldeasturias.com\/noticias\/author\/admin\/#author"},"image":{"@type":"ImageObject","url":"https:\/\/www.eldigitaldeasturias.com\/noticias\/wp-content\/uploads\/2014\/03\/UN_MAR_DE_COLOR_BLAN_37526208c.jpg","@id":"https:\/\/www.eldigitaldeasturias.com\/noticias\/de-ruta-entre-los-cerezos-en-flor-del-valle-del-jerte\/#mainImage","width":3620,"height":2715},"primaryImageOfPage":{"@id":"https:\/\/www.eldigitaldeasturias.com\/noticias\/de-ruta-entre-los-cerezos-en-flor-del-valle-del-jerte\/#mainImage"},"datePublished":"2014-03-06T18:27:21+01:00","dateModified":"2014-03-06T18:27:21+01:00"},{"@type":"WebSite","@id":"https:\/\/www.eldigitaldeasturias.com\/noticias\/#website","url":"https:\/\/www.eldigitaldeasturias.com\/noticias\/","name":"El Digital de Asturias - Diario de actualidad y noticias","alternateName":"El Digital de Asturias - Diario de actualidad y noticias","description":"Hemeroteca","inLanguage":"es-ES","publisher":{"@id":"https:\/\/www.eldigitaldeasturias.com\/noticias\/#organization"}}]},"og:locale":"es_ES","og:site_name":"El Digital de Asturias","og:type":"article","og:title":"De Ruta entre los cerezos en flor del Valle del Jerte - El Digital de Asturias","og:description":"PLASENCIA, Espa\u00f1a (dpa) - En medio del laberinto de \u00e1rboles en flor de su jard\u00edn, Gustavo Izquierdo Elizo mira con atenci\u00f3n en la c\u00e1lida luz de la ma\u00f1ana la ramita de una cereza y se le ilumina la cara como si acabara de descubrir un tesoro escondido de los conquistadores. Con un gesto casi reverente,","og:url":"https:\/\/www.eldigitaldeasturias.com\/noticias\/de-ruta-entre-los-cerezos-en-flor-del-valle-del-jerte\/","og:image":"https:\/\/www.eldigitaldeasturias.com\/noticias\/wp-content\/uploads\/2014\/03\/UN_MAR_DE_COLOR_BLAN_37526208c.jpg","og:image:secure_url":"https:\/\/www.eldigitaldeasturias.com\/noticias\/wp-content\/uploads\/2014\/03\/UN_MAR_DE_COLOR_BLAN_37526208c.jpg","og:image:width":3620,"og:image:height":2715,"article:tag":["turismo"],"article:published_time":"2014-03-06T19:27:21+00:00","article:modified_time":"2014-03-06T19:27:21+00:00","article:publisher":"https:\/\/facebook.com\/eldigitaldeasturias","twitter:card":"summary_large_image","twitter:title":"De Ruta entre los cerezos en flor del Valle del Jerte - El Digital de Asturias","twitter:description":"PLASENCIA, Espa\u00f1a (dpa) - En medio del laberinto de \u00e1rboles en flor de su jard\u00edn, Gustavo Izquierdo Elizo mira con atenci\u00f3n en la c\u00e1lida luz de la ma\u00f1ana la ramita de una cereza y se le ilumina la cara como si acabara de descubrir un tesoro escondido de los conquistadores. Con un gesto casi reverente,","twitter:image":"https:\/\/www.eldigitaldeasturias.com\/noticias\/wp-content\/uploads\/2014\/03\/UN_MAR_DE_COLOR_BLAN_37526208c.jpg","twitter:label1":"Escrito por","twitter:data1":"El Digital de Asturias","twitter:label2":"Tiempo de lectura estimado","twitter:data2":"5 minutos"},"aioseo_meta_data":{"post_id":"501234","title":null,"description":null,"keywords":null,"keyphrases":null,"primary_term":null,"canonical_url":null,"og_title":null,"og_description":null,"og_object_type":"default","og_image_type":"default","og_image_url":null,"og_image_width":null,"og_image_height":null,"og_image_custom_url":null,"og_image_custom_fields":null,"og_video":null,"og_custom_url":null,"og_article_section":null,"og_article_tags":null,"twitter_use_og":true,"twitter_card":"default","twitter_image_type":"default","twitter_image_url":null,"twitter_image_custom_url":null,"twitter_image_custom_fields":null,"twitter_title":null,"twitter_description":null,"schema":{"blockGraphs":[],"customGraphs":[],"default":{"data":{"Article":[],"Course":[],"Dataset":[],"FAQPage":[],"Movie":[],"Person":[],"Product":[],"ProductReview":[],"Car":[],"Recipe":[],"Service":[],"SoftwareApplication":[],"WebPage":[]},"graphName":"","isEnabled":true},"graphs":[],"defaultGraph":"","defaultPostTypeGraph":""},"schema_type":null,"schema_type_options":null,"pillar_content":false,"robots_default":true,"robots_noindex":false,"robots_noarchive":false,"robots_nosnippet":false,"robots_nofollow":false,"robots_noimageindex":false,"robots_noodp":false,"robots_notranslate":false,"robots_max_snippet":null,"robots_max_videopreview":null,"robots_max_imagepreview":"none","priority":null,"frequency":null,"local_seo":null,"seo_analyzer_scan_date":"2025-08-28 09:37:47","breadcrumb_settings":null,"limit_modified_date":false,"open_ai":null,"ai":null,"created":"2020-11-14 23:02:13","updated":"2025-08-28 09:37:47"},"aioseo_breadcrumb":"<div class=\"aioseo-breadcrumbs\"><span class=\"aioseo-breadcrumb\">\n\t<a href=\"https:\/\/www.eldigitaldeasturias.com\/noticias\" title=\"Home\">Home<\/a>\n<\/span><span class=\"aioseo-breadcrumb-separator\">\u2013<\/span><span class=\"aioseo-breadcrumb\">\n\t<a href=\"https:\/\/www.eldigitaldeasturias.com\/noticias\/category\/turismo\/\" title=\"Turismo\">Turismo<\/a>\n<\/span><span class=\"aioseo-breadcrumb-separator\">\u2013<\/span><span class=\"aioseo-breadcrumb\">\n\t<a href=\"https:\/\/www.eldigitaldeasturias.com\/noticias\/de-ruta-entre-los-cerezos-en-flor-del-valle-del-jerte\/\" title=\"De Ruta entre los cerezos en flor del Valle del Jerte\">De Ruta entre los cerezos en flor del Valle del Jerte<\/a>\n<\/span><\/div>","aioseo_breadcrumb_json":[{"label":"Home","link":"https:\/\/www.eldigitaldeasturias.com\/noticias"},{"label":"Turismo","link":"https:\/\/www.eldigitaldeasturias.com\/noticias\/category\/turismo\/"},{"label":"De Ruta entre los cerezos en flor del Valle del Jerte","link":"https:\/\/www.eldigitaldeasturias.com\/noticias\/de-ruta-entre-los-cerezos-en-flor-del-valle-del-jerte\/"}],"_links":{"self":[{"href":"https:\/\/www.eldigitaldeasturias.com\/noticias\/wp-json\/wp\/v2\/posts\/501234","targetHints":{"allow":["GET"]}}],"collection":[{"href":"https:\/\/www.eldigitaldeasturias.com\/noticias\/wp-json\/wp\/v2\/posts"}],"about":[{"href":"https:\/\/www.eldigitaldeasturias.com\/noticias\/wp-json\/wp\/v2\/types\/post"}],"author":[{"embeddable":true,"href":"https:\/\/www.eldigitaldeasturias.com\/noticias\/wp-json\/wp\/v2\/users\/1"}],"replies":[{"embeddable":true,"href":"https:\/\/www.eldigitaldeasturias.com\/noticias\/wp-json\/wp\/v2\/comments?post=501234"}],"version-history":[{"count":0,"href":"https:\/\/www.eldigitaldeasturias.com\/noticias\/wp-json\/wp\/v2\/posts\/501234\/revisions"}],"wp:featuredmedia":[{"embeddable":true,"href":"https:\/\/www.eldigitaldeasturias.com\/noticias\/wp-json\/wp\/v2\/media\/501237"}],"wp:attachment":[{"href":"https:\/\/www.eldigitaldeasturias.com\/noticias\/wp-json\/wp\/v2\/media?parent=501234"}],"wp:term":[{"taxonomy":"category","embeddable":true,"href":"https:\/\/www.eldigitaldeasturias.com\/noticias\/wp-json\/wp\/v2\/categories?post=501234"},{"taxonomy":"post_tag","embeddable":true,"href":"https:\/\/www.eldigitaldeasturias.com\/noticias\/wp-json\/wp\/v2\/tags?post=501234"}],"curies":[{"name":"wp","href":"https:\/\/api.w.org\/{rel}","templated":true}]}}