{"id":500376,"date":"2014-03-04T23:36:01","date_gmt":"2014-03-05T00:36:01","guid":{"rendered":"http:\/\/www.eldigitaldeasturias.com\/noticias\/?p=500376"},"modified":"2014-03-04T23:36:01","modified_gmt":"2014-03-05T00:36:01","slug":"las-islas-baleares-presentes-en-la-itb-de-berlin-del-5-al-9-de-marzo","status":"publish","type":"post","link":"https:\/\/www.eldigitaldeasturias.com\/noticias\/las-islas-baleares-presentes-en-la-itb-de-berlin-del-5-al-9-de-marzo\/","title":{"rendered":"Las Islas Baleares, presentes en la ITB de Berl\u00edn del 5 al 9 de marzo"},"content":{"rendered":"<p><img loading=\"lazy\" decoding=\"async\" class=\"alignleft size-medium wp-image-500377\" alt=\"1827770\" src=\"https:\/\/www.eldigitaldeasturias.com\/noticias\/wp-content\/uploads\/2014\/03\/1827770-360x202.jpg\" width=\"360\" height=\"202\" srcset=\"https:\/\/www.eldigitaldeasturias.com\/noticias\/wp-content\/uploads\/2014\/03\/1827770-360x202.jpg 360w, https:\/\/www.eldigitaldeasturias.com\/noticias\/wp-content\/uploads\/2014\/03\/1827770-650x365.jpg 650w, https:\/\/www.eldigitaldeasturias.com\/noticias\/wp-content\/uploads\/2014\/03\/1827770-384x217.jpg 384w\" sizes=\"auto, (max-width: 360px) 100vw, 360px\" \/>El Govern de les Illes Balears vuelve a apostar por la gastronom\u00eda, el arte y las nuevas tecnolog\u00edas para promocionar el archipi\u00e9lago en la ITB de Berl\u00edn, que se celebrar\u00e1 en la capital alemana del 5 al 9 de marzo.<\/p>\n<p>Ma\u00f1ana mi\u00e9rcoles, durante la primera jornada, se presentar\u00e1 la exposici\u00f3n de Joan Mir\u00f3 La luz de la noche, que re\u00fane 40 obras del pintor catal\u00e1n realizadas en las d\u00e9cadas de 1960 y 1970. Incluye 25 telas y 14 esculturas de bronce que pertenecen a distintas colecciones privadas y un tapiz que puede verse en la Fundaci\u00f3 Pilar i Joan Mir\u00f3 de Palma.<\/p>\n<p>Esta muestra ya se present\u00f3 en Fitur, en Madrid, el pasado mes de enero y se exhibir\u00e1 en Ibiza, Menorca y Mallorca a lo largo de este a\u00f1o.<\/p>\n<p>Demostraciones gastron\u00f3micas<\/p>\n<p>La consejer\u00eda de Turismo y Deportes ha vuelto destacar el valor de la gastronom\u00eda como producto tur\u00edstico. Durante la cita en Berl\u00edn, en colaboraci\u00f3n con Chefs(In), se realizar\u00e1n demostraciones de cocina en directo a cargo de reconocidos chefs.<\/p>\n<p>Igualmente, en el transcurso de la feria, el equipo de la consejer\u00eda de Turismo y Deportes tiene previsto mantener numerosas reuniones de trabajo con turoperadores y compa\u00f1\u00edas a\u00e9reas.<\/p>\n<p>Las nuevas tecnolog\u00edas<\/p>\n<p>Siguiendo los objetivos que plantea el Plan Integral de Turismo (PITIB), el estand balear contar\u00e1 con seis pantallas t\u00e1ctiles (Pixelsenses) en las que los visitantes podr\u00e1n interactuar con la nueva versi\u00f3n de la app de la OficinaTur\u00edstica Virtual. Tambi\u00e9n se pondr\u00e1 a disposici\u00f3n de los visitantes la nueva aplicaci\u00f3n \u2018Illes Balears Experience\u2019 y varios dispositivos para que puedan compartir en las redes sociales o en los perfiles de la ATB todos los recursos, cat\u00e1logos y ofertas de la marca Illes Balears que se muestran en la ITB.<\/p>\n<p>El espacio balear contar\u00e1 tambi\u00e9n con dos pantallas de 60 pulgadas en el \u2018Espacio Experiencial\u2019, donde se har\u00e1n presentaciones de destino y se proyectar\u00e1n v\u00eddeo promocionales.<\/p>\n<p>380 metros cuadrados de estand<\/p>\n<p>En la presente edici\u00f3n de la ITB, Baleares cuenta con un espacio de 380 metros cuadrados dentro del estand de Turespa\u00f1a, en los que se ubicar\u00e1n mostradores de las cuatro islas (Mallorca, Menorca, Ibiza y Formentera) y tendr\u00e1n expositores Palma de Mallorca, Calvi\u00e0, la Asociaci\u00f3n Hotelera de Cala Millor y el Ayuntamiento de Santany\u00ed.<\/p>\n<p>El coste total de la presencia balear en la ITB de Berl\u00edn es de 223.274 euros, frente a los 632.772 euros que supuso en la edici\u00f3n de 2011.<\/p>\n<p>Cabe destacar que el alem\u00e1n es el principal mercado tur\u00edstico para Baleares. Durante 2013 llegaron a las islas un total de 4,1 millones de alemanes, un 7,6% m\u00e1s que en 2012. Estas cifras indican que el 31,5% del total de turistas que visitaron el archipi\u00e9lago durante el a\u00f1o pasado proven\u00edan de Alemania.<\/p>\n","protected":false},"excerpt":{"rendered":"<p>El Govern de les Illes Balears vuelve a apostar por la gastronom\u00eda, el arte y las nuevas tecnolog\u00edas para promocionar el archipi\u00e9lago en la ITB de Berl\u00edn, que se celebrar\u00e1 en la capital alemana del 5 al 9 de marzo. Ma\u00f1ana mi\u00e9rcoles, durante la primera jornada, se presentar\u00e1 la exposici\u00f3n de Joan Mir\u00f3 La luz [&hellip;]<\/p>\n","protected":false},"author":1,"featured_media":500377,"comment_status":"open","ping_status":"closed","sticky":false,"template":"","format":"standard","meta":{"footnotes":""},"categories":[148],"tags":[],"class_list":["post-500376","post","type-post","status-publish","format-standard","has-post-thumbnail","hentry","category-turismo"],"aioseo_notices":[],"aioseo_head":"\n\t\t<!-- All in One SEO Pro 4.9.6.2 - aioseo.com -->\n\t<meta name=\"description\" content=\"El Govern de les Illes Balears vuelve a apostar por la gastronom\u00eda, el arte y las nuevas tecnolog\u00edas para promocionar el archipi\u00e9lago en la ITB de Berl\u00edn, que se celebrar\u00e1 en la capital alemana del 5 al 9 de marzo. Ma\u00f1ana mi\u00e9rcoles, durante la primera jornada, se presentar\u00e1 la exposici\u00f3n de Joan Mir\u00f3 La luz\" \/>\n\t<meta name=\"robots\" content=\"max-image-preview:large\" \/>\n\t<meta name=\"author\" content=\"El Digital de Asturias\"\/>\n\t<meta name=\"google-site-verification\" content=\"UA-38556648-1\" \/>\n\t<meta name=\"msvalidate.01\" content=\"7dfe9f3f1b24437ab69f4f2559babe99\" \/>\n\t<meta name=\"keywords\" content=\"turismo\" \/>\n\t<link rel=\"canonical\" href=\"https:\/\/www.eldigitaldeasturias.com\/noticias\/las-islas-baleares-presentes-en-la-itb-de-berlin-del-5-al-9-de-marzo\/\" \/>\n\t<meta name=\"generator\" content=\"All in One SEO Pro (AIOSEO) 4.9.6.2\" \/>\n\t\t<meta property=\"og:locale\" content=\"es_ES\" \/>\n\t\t<meta property=\"og:site_name\" content=\"El Digital de Asturias\" \/>\n\t\t<meta property=\"og:type\" content=\"article\" \/>\n\t\t<meta property=\"og:title\" content=\"Las Islas Baleares, presentes en la ITB de Berl\u00edn del 5 al 9 de marzo - El Digital de Asturias\" \/>\n\t\t<meta property=\"og:description\" content=\"El Govern de les Illes Balears vuelve a apostar por la gastronom\u00eda, el arte y las nuevas tecnolog\u00edas para promocionar el archipi\u00e9lago en la ITB de Berl\u00edn, que se celebrar\u00e1 en la capital alemana del 5 al 9 de marzo. Ma\u00f1ana mi\u00e9rcoles, durante la primera jornada, se presentar\u00e1 la exposici\u00f3n de Joan Mir\u00f3 La luz\" \/>\n\t\t<meta property=\"og:url\" content=\"https:\/\/www.eldigitaldeasturias.com\/noticias\/las-islas-baleares-presentes-en-la-itb-de-berlin-del-5-al-9-de-marzo\/\" \/>\n\t\t<meta property=\"og:image\" content=\"https:\/\/www.eldigitaldeasturias.com\/noticias\/wp-content\/uploads\/2014\/03\/1827770.jpg\" \/>\n\t\t<meta property=\"og:image:secure_url\" content=\"https:\/\/www.eldigitaldeasturias.com\/noticias\/wp-content\/uploads\/2014\/03\/1827770.jpg\" \/>\n\t\t<meta property=\"og:image:width\" content=\"3506\" \/>\n\t\t<meta property=\"og:image:height\" content=\"1972\" \/>\n\t\t<meta property=\"article:tag\" content=\"turismo\" \/>\n\t\t<meta property=\"article:published_time\" content=\"2014-03-05T00:36:01+00:00\" \/>\n\t\t<meta property=\"article:modified_time\" content=\"2014-03-05T00:36:01+00:00\" \/>\n\t\t<meta property=\"article:publisher\" content=\"https:\/\/facebook.com\/eldigitaldeasturias\" \/>\n\t\t<meta name=\"twitter:card\" content=\"summary_large_image\" \/>\n\t\t<meta name=\"twitter:title\" content=\"Las Islas Baleares, presentes en la ITB de Berl\u00edn del 5 al 9 de marzo - El Digital de Asturias\" \/>\n\t\t<meta name=\"twitter:description\" content=\"El Govern de les Illes Balears vuelve a apostar por la gastronom\u00eda, el arte y las nuevas tecnolog\u00edas para promocionar el archipi\u00e9lago en la ITB de Berl\u00edn, que se celebrar\u00e1 en la capital alemana del 5 al 9 de marzo. Ma\u00f1ana mi\u00e9rcoles, durante la primera jornada, se presentar\u00e1 la exposici\u00f3n de Joan Mir\u00f3 La luz\" \/>\n\t\t<meta name=\"twitter:image\" content=\"https:\/\/www.eldigitaldeasturias.com\/noticias\/wp-content\/uploads\/2014\/03\/1827770.jpg\" \/>\n\t\t<meta name=\"twitter:label1\" content=\"Escrito por\" \/>\n\t\t<meta name=\"twitter:data1\" content=\"El Digital de Asturias\" \/>\n\t\t<meta name=\"twitter:label2\" content=\"Tiempo de lectura estimado\" \/>\n\t\t<meta name=\"twitter:data2\" content=\"2 minutos\" \/>\n\t\t<script type=\"application\/ld+json\" class=\"aioseo-schema\">\n\t\t\t{\"@context\":\"https:\\\/\\\/schema.org\",\"@graph\":[{\"@type\":\"BlogPosting\",\"@id\":\"https:\\\/\\\/www.eldigitaldeasturias.com\\\/noticias\\\/las-islas-baleares-presentes-en-la-itb-de-berlin-del-5-al-9-de-marzo\\\/#blogposting\",\"name\":\"Las Islas Baleares, presentes en la ITB de Berl\\u00edn del 5 al 9 de marzo - El Digital de Asturias\",\"headline\":\"Las Islas Baleares, presentes en la ITB de Berl\\u00edn del 5 al 9 de marzo\",\"author\":{\"@id\":\"https:\\\/\\\/www.eldigitaldeasturias.com\\\/noticias\\\/author\\\/admin\\\/#author\"},\"publisher\":{\"@id\":\"https:\\\/\\\/www.eldigitaldeasturias.com\\\/noticias\\\/#organization\"},\"image\":{\"@type\":\"ImageObject\",\"url\":\"https:\\\/\\\/www.eldigitaldeasturias.com\\\/noticias\\\/wp-content\\\/uploads\\\/2014\\\/03\\\/1827770.jpg\",\"width\":3506,\"height\":1972},\"datePublished\":\"2014-03-04T23:36:01+01:00\",\"dateModified\":\"2014-03-04T23:36:01+01:00\",\"inLanguage\":\"es-ES\",\"mainEntityOfPage\":{\"@id\":\"https:\\\/\\\/www.eldigitaldeasturias.com\\\/noticias\\\/las-islas-baleares-presentes-en-la-itb-de-berlin-del-5-al-9-de-marzo\\\/#webpage\"},\"isPartOf\":{\"@id\":\"https:\\\/\\\/www.eldigitaldeasturias.com\\\/noticias\\\/las-islas-baleares-presentes-en-la-itb-de-berlin-del-5-al-9-de-marzo\\\/#webpage\"},\"articleSection\":\"Turismo\"},{\"@type\":\"BreadcrumbList\",\"@id\":\"https:\\\/\\\/www.eldigitaldeasturias.com\\\/noticias\\\/las-islas-baleares-presentes-en-la-itb-de-berlin-del-5-al-9-de-marzo\\\/#breadcrumblist\",\"itemListElement\":[{\"@type\":\"ListItem\",\"@id\":\"https:\\\/\\\/www.eldigitaldeasturias.com\\\/noticias#listItem\",\"position\":1,\"name\":\"Home\",\"item\":\"https:\\\/\\\/www.eldigitaldeasturias.com\\\/noticias\",\"nextItem\":{\"@type\":\"ListItem\",\"@id\":\"https:\\\/\\\/www.eldigitaldeasturias.com\\\/noticias\\\/category\\\/turismo\\\/#listItem\",\"name\":\"Turismo\"}},{\"@type\":\"ListItem\",\"@id\":\"https:\\\/\\\/www.eldigitaldeasturias.com\\\/noticias\\\/category\\\/turismo\\\/#listItem\",\"position\":2,\"name\":\"Turismo\",\"item\":\"https:\\\/\\\/www.eldigitaldeasturias.com\\\/noticias\\\/category\\\/turismo\\\/\",\"nextItem\":{\"@type\":\"ListItem\",\"@id\":\"https:\\\/\\\/www.eldigitaldeasturias.com\\\/noticias\\\/las-islas-baleares-presentes-en-la-itb-de-berlin-del-5-al-9-de-marzo\\\/#listItem\",\"name\":\"Las Islas Baleares, presentes en la ITB de Berl\\u00edn del 5 al 9 de marzo\"},\"previousItem\":{\"@type\":\"ListItem\",\"@id\":\"https:\\\/\\\/www.eldigitaldeasturias.com\\\/noticias#listItem\",\"name\":\"Home\"}},{\"@type\":\"ListItem\",\"@id\":\"https:\\\/\\\/www.eldigitaldeasturias.com\\\/noticias\\\/las-islas-baleares-presentes-en-la-itb-de-berlin-del-5-al-9-de-marzo\\\/#listItem\",\"position\":3,\"name\":\"Las Islas Baleares, presentes en la ITB de Berl\\u00edn del 5 al 9 de marzo\",\"previousItem\":{\"@type\":\"ListItem\",\"@id\":\"https:\\\/\\\/www.eldigitaldeasturias.com\\\/noticias\\\/category\\\/turismo\\\/#listItem\",\"name\":\"Turismo\"}}]},{\"@type\":\"Organization\",\"@id\":\"https:\\\/\\\/www.eldigitaldeasturias.com\\\/noticias\\\/#organization\",\"name\":\"El Digital de Asturias\",\"description\":\"Hemeroteca\",\"url\":\"https:\\\/\\\/www.eldigitaldeasturias.com\\\/noticias\\\/\",\"email\":\"info@eldigitaldeasturias.com\",\"telephone\":\"+34652131393\",\"logo\":{\"@type\":\"ImageObject\",\"url\":\"https:\\\/\\\/www.eldigitaldeasturias.com\\\/noticias\\\/wp-content\\\/uploads\\\/2020\\\/12\\\/EDA.jpg\",\"@id\":\"https:\\\/\\\/www.eldigitaldeasturias.com\\\/noticias\\\/las-islas-baleares-presentes-en-la-itb-de-berlin-del-5-al-9-de-marzo\\\/#organizationLogo\",\"width\":649,\"height\":297},\"image\":{\"@id\":\"https:\\\/\\\/www.eldigitaldeasturias.com\\\/noticias\\\/las-islas-baleares-presentes-en-la-itb-de-berlin-del-5-al-9-de-marzo\\\/#organizationLogo\"},\"sameAs\":[\"https:\\\/\\\/facebook.com\\\/eldigitaldeasturias\",\"https:\\\/\\\/www.youtube.com\\\/channel\\\/UCZP-2wLEB9Rv6erhFmqVnvg\"],\"address\":{\"@id\":\"https:\\\/\\\/www.eldigitaldeasturias.com\\\/noticias\\\/#postaladdress\",\"@type\":\"PostalAddress\",\"streetAddress\":\"san antonio 4,\",\"postalCode\":\"33430\",\"addressLocality\":\"Cand\\u00e1s\",\"addressRegion\":\"Asturias\",\"addressCountry\":\"ES\"}},{\"@type\":\"Person\",\"@id\":\"https:\\\/\\\/www.eldigitaldeasturias.com\\\/noticias\\\/author\\\/admin\\\/#author\",\"url\":\"https:\\\/\\\/www.eldigitaldeasturias.com\\\/noticias\\\/author\\\/admin\\\/\",\"name\":\"El Digital de Asturias\",\"image\":{\"@type\":\"ImageObject\",\"@id\":\"https:\\\/\\\/www.eldigitaldeasturias.com\\\/noticias\\\/las-islas-baleares-presentes-en-la-itb-de-berlin-del-5-al-9-de-marzo\\\/#authorImage\",\"url\":\"https:\\\/\\\/www.eldigitaldeasturias.com\\\/noticias\\\/wp-content\\\/litespeed\\\/avatar\\\/18677e78aa0546b92d9dbf31ec7d7668.jpg?ver=1776685526\",\"width\":96,\"height\":96,\"caption\":\"El Digital de Asturias\"}},{\"@type\":\"WebPage\",\"@id\":\"https:\\\/\\\/www.eldigitaldeasturias.com\\\/noticias\\\/las-islas-baleares-presentes-en-la-itb-de-berlin-del-5-al-9-de-marzo\\\/#webpage\",\"url\":\"https:\\\/\\\/www.eldigitaldeasturias.com\\\/noticias\\\/las-islas-baleares-presentes-en-la-itb-de-berlin-del-5-al-9-de-marzo\\\/\",\"name\":\"Las Islas Baleares, presentes en la ITB de Berl\\u00edn del 5 al 9 de marzo - El Digital de Asturias\",\"description\":\"El Govern de les Illes Balears vuelve a apostar por la gastronom\\u00eda, el arte y las nuevas tecnolog\\u00edas para promocionar el archipi\\u00e9lago en la ITB de Berl\\u00edn, que se celebrar\\u00e1 en la capital alemana del 5 al 9 de marzo. Ma\\u00f1ana mi\\u00e9rcoles, durante la primera jornada, se presentar\\u00e1 la exposici\\u00f3n de Joan Mir\\u00f3 La luz\",\"inLanguage\":\"es-ES\",\"isPartOf\":{\"@id\":\"https:\\\/\\\/www.eldigitaldeasturias.com\\\/noticias\\\/#website\"},\"breadcrumb\":{\"@id\":\"https:\\\/\\\/www.eldigitaldeasturias.com\\\/noticias\\\/las-islas-baleares-presentes-en-la-itb-de-berlin-del-5-al-9-de-marzo\\\/#breadcrumblist\"},\"author\":{\"@id\":\"https:\\\/\\\/www.eldigitaldeasturias.com\\\/noticias\\\/author\\\/admin\\\/#author\"},\"creator\":{\"@id\":\"https:\\\/\\\/www.eldigitaldeasturias.com\\\/noticias\\\/author\\\/admin\\\/#author\"},\"image\":{\"@type\":\"ImageObject\",\"url\":\"https:\\\/\\\/www.eldigitaldeasturias.com\\\/noticias\\\/wp-content\\\/uploads\\\/2014\\\/03\\\/1827770.jpg\",\"@id\":\"https:\\\/\\\/www.eldigitaldeasturias.com\\\/noticias\\\/las-islas-baleares-presentes-en-la-itb-de-berlin-del-5-al-9-de-marzo\\\/#mainImage\",\"width\":3506,\"height\":1972},\"primaryImageOfPage\":{\"@id\":\"https:\\\/\\\/www.eldigitaldeasturias.com\\\/noticias\\\/las-islas-baleares-presentes-en-la-itb-de-berlin-del-5-al-9-de-marzo\\\/#mainImage\"},\"datePublished\":\"2014-03-04T23:36:01+01:00\",\"dateModified\":\"2014-03-04T23:36:01+01:00\"},{\"@type\":\"WebSite\",\"@id\":\"https:\\\/\\\/www.eldigitaldeasturias.com\\\/noticias\\\/#website\",\"url\":\"https:\\\/\\\/www.eldigitaldeasturias.com\\\/noticias\\\/\",\"name\":\"El Digital de Asturias - Diario de actualidad y noticias\",\"alternateName\":\"El Digital de Asturias - Diario de actualidad y noticias\",\"description\":\"Hemeroteca\",\"inLanguage\":\"es-ES\",\"publisher\":{\"@id\":\"https:\\\/\\\/www.eldigitaldeasturias.com\\\/noticias\\\/#organization\"}}]}\n\t\t<\/script>\n\t\t<!-- All in One SEO Pro -->\r\n\t\t<title>Las Islas Baleares, presentes en la ITB de Berl\u00edn del 5 al 9 de marzo - El Digital de Asturias<\/title>\n\n","aioseo_head_json":{"title":"Las Islas Baleares, presentes en la ITB de Berl\u00edn del 5 al 9 de marzo - El Digital de Asturias","description":"El Govern de les Illes Balears vuelve a apostar por la gastronom\u00eda, el arte y las nuevas tecnolog\u00edas para promocionar el archipi\u00e9lago en la ITB de Berl\u00edn, que se celebrar\u00e1 en la capital alemana del 5 al 9 de marzo. Ma\u00f1ana mi\u00e9rcoles, durante la primera jornada, se presentar\u00e1 la exposici\u00f3n de Joan Mir\u00f3 La luz","canonical_url":"https:\/\/www.eldigitaldeasturias.com\/noticias\/las-islas-baleares-presentes-en-la-itb-de-berlin-del-5-al-9-de-marzo\/","robots":"max-image-preview:large","keywords":"turismo","webmasterTools":{"google-site-verification":"UA-38556648-1","msvalidate.01":"7dfe9f3f1b24437ab69f4f2559babe99","miscellaneous":""},"schema":{"@context":"https:\/\/schema.org","@graph":[{"@type":"BlogPosting","@id":"https:\/\/www.eldigitaldeasturias.com\/noticias\/las-islas-baleares-presentes-en-la-itb-de-berlin-del-5-al-9-de-marzo\/#blogposting","name":"Las Islas Baleares, presentes en la ITB de Berl\u00edn del 5 al 9 de marzo - El Digital de Asturias","headline":"Las Islas Baleares, presentes en la ITB de Berl\u00edn del 5 al 9 de marzo","author":{"@id":"https:\/\/www.eldigitaldeasturias.com\/noticias\/author\/admin\/#author"},"publisher":{"@id":"https:\/\/www.eldigitaldeasturias.com\/noticias\/#organization"},"image":{"@type":"ImageObject","url":"https:\/\/www.eldigitaldeasturias.com\/noticias\/wp-content\/uploads\/2014\/03\/1827770.jpg","width":3506,"height":1972},"datePublished":"2014-03-04T23:36:01+01:00","dateModified":"2014-03-04T23:36:01+01:00","inLanguage":"es-ES","mainEntityOfPage":{"@id":"https:\/\/www.eldigitaldeasturias.com\/noticias\/las-islas-baleares-presentes-en-la-itb-de-berlin-del-5-al-9-de-marzo\/#webpage"},"isPartOf":{"@id":"https:\/\/www.eldigitaldeasturias.com\/noticias\/las-islas-baleares-presentes-en-la-itb-de-berlin-del-5-al-9-de-marzo\/#webpage"},"articleSection":"Turismo"},{"@type":"BreadcrumbList","@id":"https:\/\/www.eldigitaldeasturias.com\/noticias\/las-islas-baleares-presentes-en-la-itb-de-berlin-del-5-al-9-de-marzo\/#breadcrumblist","itemListElement":[{"@type":"ListItem","@id":"https:\/\/www.eldigitaldeasturias.com\/noticias#listItem","position":1,"name":"Home","item":"https:\/\/www.eldigitaldeasturias.com\/noticias","nextItem":{"@type":"ListItem","@id":"https:\/\/www.eldigitaldeasturias.com\/noticias\/category\/turismo\/#listItem","name":"Turismo"}},{"@type":"ListItem","@id":"https:\/\/www.eldigitaldeasturias.com\/noticias\/category\/turismo\/#listItem","position":2,"name":"Turismo","item":"https:\/\/www.eldigitaldeasturias.com\/noticias\/category\/turismo\/","nextItem":{"@type":"ListItem","@id":"https:\/\/www.eldigitaldeasturias.com\/noticias\/las-islas-baleares-presentes-en-la-itb-de-berlin-del-5-al-9-de-marzo\/#listItem","name":"Las Islas Baleares, presentes en la ITB de Berl\u00edn del 5 al 9 de marzo"},"previousItem":{"@type":"ListItem","@id":"https:\/\/www.eldigitaldeasturias.com\/noticias#listItem","name":"Home"}},{"@type":"ListItem","@id":"https:\/\/www.eldigitaldeasturias.com\/noticias\/las-islas-baleares-presentes-en-la-itb-de-berlin-del-5-al-9-de-marzo\/#listItem","position":3,"name":"Las Islas Baleares, presentes en la ITB de Berl\u00edn del 5 al 9 de marzo","previousItem":{"@type":"ListItem","@id":"https:\/\/www.eldigitaldeasturias.com\/noticias\/category\/turismo\/#listItem","name":"Turismo"}}]},{"@type":"Organization","@id":"https:\/\/www.eldigitaldeasturias.com\/noticias\/#organization","name":"El Digital de Asturias","description":"Hemeroteca","url":"https:\/\/www.eldigitaldeasturias.com\/noticias\/","email":"info@eldigitaldeasturias.com","telephone":"+34652131393","logo":{"@type":"ImageObject","url":"https:\/\/www.eldigitaldeasturias.com\/noticias\/wp-content\/uploads\/2020\/12\/EDA.jpg","@id":"https:\/\/www.eldigitaldeasturias.com\/noticias\/las-islas-baleares-presentes-en-la-itb-de-berlin-del-5-al-9-de-marzo\/#organizationLogo","width":649,"height":297},"image":{"@id":"https:\/\/www.eldigitaldeasturias.com\/noticias\/las-islas-baleares-presentes-en-la-itb-de-berlin-del-5-al-9-de-marzo\/#organizationLogo"},"sameAs":["https:\/\/facebook.com\/eldigitaldeasturias","https:\/\/www.youtube.com\/channel\/UCZP-2wLEB9Rv6erhFmqVnvg"],"address":{"@id":"https:\/\/www.eldigitaldeasturias.com\/noticias\/#postaladdress","@type":"PostalAddress","streetAddress":"san antonio 4,","postalCode":"33430","addressLocality":"Cand\u00e1s","addressRegion":"Asturias","addressCountry":"ES"}},{"@type":"Person","@id":"https:\/\/www.eldigitaldeasturias.com\/noticias\/author\/admin\/#author","url":"https:\/\/www.eldigitaldeasturias.com\/noticias\/author\/admin\/","name":"El Digital de Asturias","image":{"@type":"ImageObject","@id":"https:\/\/www.eldigitaldeasturias.com\/noticias\/las-islas-baleares-presentes-en-la-itb-de-berlin-del-5-al-9-de-marzo\/#authorImage","url":"https:\/\/www.eldigitaldeasturias.com\/noticias\/wp-content\/litespeed\/avatar\/18677e78aa0546b92d9dbf31ec7d7668.jpg?ver=1776685526","width":96,"height":96,"caption":"El Digital de Asturias"}},{"@type":"WebPage","@id":"https:\/\/www.eldigitaldeasturias.com\/noticias\/las-islas-baleares-presentes-en-la-itb-de-berlin-del-5-al-9-de-marzo\/#webpage","url":"https:\/\/www.eldigitaldeasturias.com\/noticias\/las-islas-baleares-presentes-en-la-itb-de-berlin-del-5-al-9-de-marzo\/","name":"Las Islas Baleares, presentes en la ITB de Berl\u00edn del 5 al 9 de marzo - El Digital de Asturias","description":"El Govern de les Illes Balears vuelve a apostar por la gastronom\u00eda, el arte y las nuevas tecnolog\u00edas para promocionar el archipi\u00e9lago en la ITB de Berl\u00edn, que se celebrar\u00e1 en la capital alemana del 5 al 9 de marzo. Ma\u00f1ana mi\u00e9rcoles, durante la primera jornada, se presentar\u00e1 la exposici\u00f3n de Joan Mir\u00f3 La luz","inLanguage":"es-ES","isPartOf":{"@id":"https:\/\/www.eldigitaldeasturias.com\/noticias\/#website"},"breadcrumb":{"@id":"https:\/\/www.eldigitaldeasturias.com\/noticias\/las-islas-baleares-presentes-en-la-itb-de-berlin-del-5-al-9-de-marzo\/#breadcrumblist"},"author":{"@id":"https:\/\/www.eldigitaldeasturias.com\/noticias\/author\/admin\/#author"},"creator":{"@id":"https:\/\/www.eldigitaldeasturias.com\/noticias\/author\/admin\/#author"},"image":{"@type":"ImageObject","url":"https:\/\/www.eldigitaldeasturias.com\/noticias\/wp-content\/uploads\/2014\/03\/1827770.jpg","@id":"https:\/\/www.eldigitaldeasturias.com\/noticias\/las-islas-baleares-presentes-en-la-itb-de-berlin-del-5-al-9-de-marzo\/#mainImage","width":3506,"height":1972},"primaryImageOfPage":{"@id":"https:\/\/www.eldigitaldeasturias.com\/noticias\/las-islas-baleares-presentes-en-la-itb-de-berlin-del-5-al-9-de-marzo\/#mainImage"},"datePublished":"2014-03-04T23:36:01+01:00","dateModified":"2014-03-04T23:36:01+01:00"},{"@type":"WebSite","@id":"https:\/\/www.eldigitaldeasturias.com\/noticias\/#website","url":"https:\/\/www.eldigitaldeasturias.com\/noticias\/","name":"El Digital de Asturias - Diario de actualidad y noticias","alternateName":"El Digital de Asturias - Diario de actualidad y noticias","description":"Hemeroteca","inLanguage":"es-ES","publisher":{"@id":"https:\/\/www.eldigitaldeasturias.com\/noticias\/#organization"}}]},"og:locale":"es_ES","og:site_name":"El Digital de Asturias","og:type":"article","og:title":"Las Islas Baleares, presentes en la ITB de Berl\u00edn del 5 al 9 de marzo - El Digital de Asturias","og:description":"El Govern de les Illes Balears vuelve a apostar por la gastronom\u00eda, el arte y las nuevas tecnolog\u00edas para promocionar el archipi\u00e9lago en la ITB de Berl\u00edn, que se celebrar\u00e1 en la capital alemana del 5 al 9 de marzo. Ma\u00f1ana mi\u00e9rcoles, durante la primera jornada, se presentar\u00e1 la exposici\u00f3n de Joan Mir\u00f3 La luz","og:url":"https:\/\/www.eldigitaldeasturias.com\/noticias\/las-islas-baleares-presentes-en-la-itb-de-berlin-del-5-al-9-de-marzo\/","og:image":"https:\/\/www.eldigitaldeasturias.com\/noticias\/wp-content\/uploads\/2014\/03\/1827770.jpg","og:image:secure_url":"https:\/\/www.eldigitaldeasturias.com\/noticias\/wp-content\/uploads\/2014\/03\/1827770.jpg","og:image:width":3506,"og:image:height":1972,"article:tag":["turismo"],"article:published_time":"2014-03-05T00:36:01+00:00","article:modified_time":"2014-03-05T00:36:01+00:00","article:publisher":"https:\/\/facebook.com\/eldigitaldeasturias","twitter:card":"summary_large_image","twitter:title":"Las Islas Baleares, presentes en la ITB de Berl\u00edn del 5 al 9 de marzo - El Digital de Asturias","twitter:description":"El Govern de les Illes Balears vuelve a apostar por la gastronom\u00eda, el arte y las nuevas tecnolog\u00edas para promocionar el archipi\u00e9lago en la ITB de Berl\u00edn, que se celebrar\u00e1 en la capital alemana del 5 al 9 de marzo. Ma\u00f1ana mi\u00e9rcoles, durante la primera jornada, se presentar\u00e1 la exposici\u00f3n de Joan Mir\u00f3 La luz","twitter:image":"https:\/\/www.eldigitaldeasturias.com\/noticias\/wp-content\/uploads\/2014\/03\/1827770.jpg","twitter:label1":"Escrito por","twitter:data1":"El Digital de Asturias","twitter:label2":"Tiempo de lectura estimado","twitter:data2":"2 minutos"},"aioseo_meta_data":{"post_id":"500376","title":null,"description":null,"keywords":null,"keyphrases":null,"primary_term":null,"canonical_url":null,"og_title":null,"og_description":null,"og_object_type":"default","og_image_type":"default","og_image_url":null,"og_image_width":null,"og_image_height":null,"og_image_custom_url":null,"og_image_custom_fields":null,"og_video":null,"og_custom_url":null,"og_article_section":null,"og_article_tags":null,"twitter_use_og":true,"twitter_card":"default","twitter_image_type":"default","twitter_image_url":null,"twitter_image_custom_url":null,"twitter_image_custom_fields":null,"twitter_title":null,"twitter_description":null,"schema":{"blockGraphs":[],"customGraphs":[],"default":{"data":{"Article":[],"Course":[],"Dataset":[],"FAQPage":[],"Movie":[],"Person":[],"Product":[],"ProductReview":[],"Car":[],"Recipe":[],"Service":[],"SoftwareApplication":[],"WebPage":[]},"graphName":"","isEnabled":true},"graphs":[],"defaultGraph":"","defaultPostTypeGraph":""},"schema_type":null,"schema_type_options":null,"pillar_content":false,"robots_default":true,"robots_noindex":false,"robots_noarchive":false,"robots_nosnippet":false,"robots_nofollow":false,"robots_noimageindex":false,"robots_noodp":false,"robots_notranslate":false,"robots_max_snippet":null,"robots_max_videopreview":null,"robots_max_imagepreview":"none","priority":null,"frequency":null,"local_seo":null,"seo_analyzer_scan_date":"2025-08-28 07:11:52","breadcrumb_settings":null,"limit_modified_date":false,"open_ai":null,"ai":null,"created":"2020-11-14 23:01:57","updated":"2025-08-28 07:11:52"},"aioseo_breadcrumb":"<div class=\"aioseo-breadcrumbs\"><span class=\"aioseo-breadcrumb\">\n\t<a href=\"https:\/\/www.eldigitaldeasturias.com\/noticias\" title=\"Home\">Home<\/a>\n<\/span><span class=\"aioseo-breadcrumb-separator\">\u2013<\/span><span class=\"aioseo-breadcrumb\">\n\t<a href=\"https:\/\/www.eldigitaldeasturias.com\/noticias\/category\/turismo\/\" title=\"Turismo\">Turismo<\/a>\n<\/span><span class=\"aioseo-breadcrumb-separator\">\u2013<\/span><span class=\"aioseo-breadcrumb\">\n\t<a href=\"https:\/\/www.eldigitaldeasturias.com\/noticias\/las-islas-baleares-presentes-en-la-itb-de-berlin-del-5-al-9-de-marzo\/\" title=\"Las Islas Baleares, presentes en la ITB de Berl\u00edn del 5 al 9 de marzo\">Las Islas Baleares, presentes en la ITB de Berl\u00edn del 5 al 9 de marzo<\/a>\n<\/span><\/div>","aioseo_breadcrumb_json":[{"label":"Home","link":"https:\/\/www.eldigitaldeasturias.com\/noticias"},{"label":"Turismo","link":"https:\/\/www.eldigitaldeasturias.com\/noticias\/category\/turismo\/"},{"label":"Las Islas Baleares, presentes en la ITB de Berl\u00edn del 5 al 9 de marzo","link":"https:\/\/www.eldigitaldeasturias.com\/noticias\/las-islas-baleares-presentes-en-la-itb-de-berlin-del-5-al-9-de-marzo\/"}],"_links":{"self":[{"href":"https:\/\/www.eldigitaldeasturias.com\/noticias\/wp-json\/wp\/v2\/posts\/500376","targetHints":{"allow":["GET"]}}],"collection":[{"href":"https:\/\/www.eldigitaldeasturias.com\/noticias\/wp-json\/wp\/v2\/posts"}],"about":[{"href":"https:\/\/www.eldigitaldeasturias.com\/noticias\/wp-json\/wp\/v2\/types\/post"}],"author":[{"embeddable":true,"href":"https:\/\/www.eldigitaldeasturias.com\/noticias\/wp-json\/wp\/v2\/users\/1"}],"replies":[{"embeddable":true,"href":"https:\/\/www.eldigitaldeasturias.com\/noticias\/wp-json\/wp\/v2\/comments?post=500376"}],"version-history":[{"count":0,"href":"https:\/\/www.eldigitaldeasturias.com\/noticias\/wp-json\/wp\/v2\/posts\/500376\/revisions"}],"wp:featuredmedia":[{"embeddable":true,"href":"https:\/\/www.eldigitaldeasturias.com\/noticias\/wp-json\/wp\/v2\/media\/500377"}],"wp:attachment":[{"href":"https:\/\/www.eldigitaldeasturias.com\/noticias\/wp-json\/wp\/v2\/media?parent=500376"}],"wp:term":[{"taxonomy":"category","embeddable":true,"href":"https:\/\/www.eldigitaldeasturias.com\/noticias\/wp-json\/wp\/v2\/categories?post=500376"},{"taxonomy":"post_tag","embeddable":true,"href":"https:\/\/www.eldigitaldeasturias.com\/noticias\/wp-json\/wp\/v2\/tags?post=500376"}],"curies":[{"name":"wp","href":"https:\/\/api.w.org\/{rel}","templated":true}]}}