{"id":499025,"date":"2014-03-02T18:05:00","date_gmt":"2014-03-02T19:05:00","guid":{"rendered":"http:\/\/www.eldigitaldeasturias.com\/noticias\/?p=499025"},"modified":"2014-03-02T18:05:00","modified_gmt":"2014-03-02T19:05:00","slug":"el-parque-de-guadarrama-llega-al-millon-de-visitas-en-sus-primeros-seis-meses","status":"publish","type":"post","link":"https:\/\/www.eldigitaldeasturias.com\/noticias\/el-parque-de-guadarrama-llega-al-millon-de-visitas-en-sus-primeros-seis-meses\/","title":{"rendered":"El Parque de Guadarrama llega al mill\u00f3n de visitas en sus primeros seis meses"},"content":{"rendered":"<p><img loading=\"lazy\" decoding=\"async\" class=\"alignleft size-medium wp-image-499026\" alt=\"5998488w\" src=\"https:\/\/www.eldigitaldeasturias.com\/noticias\/wp-content\/uploads\/2014\/03\/5998488w-360x239.jpg\" width=\"360\" height=\"239\" srcset=\"https:\/\/www.eldigitaldeasturias.com\/noticias\/wp-content\/uploads\/2014\/03\/5998488w-360x239.jpg 360w, https:\/\/www.eldigitaldeasturias.com\/noticias\/wp-content\/uploads\/2014\/03\/5998488w-650x432.jpg 650w, https:\/\/www.eldigitaldeasturias.com\/noticias\/wp-content\/uploads\/2014\/03\/5998488w-220x146.jpg 220w, https:\/\/www.eldigitaldeasturias.com\/noticias\/wp-content\/uploads\/2014\/03\/5998488w.jpg 800w\" sizes=\"auto, (max-width: 360px) 100vw, 360px\" \/>Madrid, 2 mar (EFE).- El Parque de Guadarrama ha llegado en seis meses de apertura al mill\u00f3n de visitantes s\u00f3lo en su vertiente madrile\u00f1a, una cifra que hace so\u00f1ar con convertirlo en su primer a\u00f1o de vida en el Parque Nacional m\u00e1s visitado de Espa\u00f1a sin que se hayan visto afectadas ni su fauna ni su flora.<\/p>\n<p>El consejero madrile\u00f1o de Medio Ambiente y Ordenaci\u00f3n del Territorio, Borja Sarasola, ha explicado a Efe en una entrevista que la declaraci\u00f3n del Parque Nacional de la Sierra de Guadarrama en junio de 2013 ha supuesto tambi\u00e9n un \u00abrevulsivo econ\u00f3mico\u00bb para los municipios de la zona, que esperan obtener unos ingresos econ\u00f3micos adicionales de m\u00e1s de 50 millones de euros al a\u00f1o.<\/p>\n<p>\u00abNos pusimos dos objetivos muy ambiciosos: que la Sierra de Guadarrama fuera el parque m\u00e1s visitado de la red de Parques Nacionales, y que eso no afectara a su sostenibilidad. Hoy, con los datos que tenemos, podemos decir que hemos superado el mill\u00f3n de visitantes en la vertiente madrile\u00f1a y no ha habido ninguna afecci\u00f3n al entorno, ni a la fauna ni a la flora\u00bb, ha asegurado el consejero.<\/p>\n<p>Sarasola ha explicado que el Parque Nacional m\u00e1s visitado de Espa\u00f1a es, hasta ahora, el del Teide, con 2,7 millones de visitas al a\u00f1o.<\/p>\n<p>Guadarrama, hasta finales de 2013, recibi\u00f3 un mill\u00f3n de visitas en su vertiente madrile\u00f1a, cifra que se espera repetir desde enero hasta junio.<\/p>\n<p>Junto al mill\u00f3n de visitantes que se conf\u00eda sumar en la vertiente castellanoleonesa del Parque, Guadarrama lograr\u00eda 3 millones de visitas y se convertir\u00eda en su primer a\u00f1o de vida en el Parque Nacional m\u00e1s visitado del pa\u00eds, con el consiguiente impulso al empleo y la econom\u00eda, como lo prueba el hecho de que en los tres primeros meses las empresas de alojamiento y restauraci\u00f3n de la zona incrementaron un facturaci\u00f3n un 10 %.<\/p>\n<p>La mayor parte de los visitantes son madrile\u00f1os que en poco m\u00e1s de 45 minutos pasan de estar en el ambiente urbano de la capital a disfrutar de la naturaleza.<\/p>\n<p>Pero el objetivo de la Comunidad es atraer a turistas nacionales y extranjeros que adem\u00e1s de disfrutar de la oferta cultural y gastron\u00f3mica de Madrid aprovechen su estancia en la capital para desplazarse a la sierra.<\/p>\n<p>De hecho, los hoteles de la Comunidad ya ofertan a sus clientes paquetes en los que se incluye Guadarrama como una excursi\u00f3n m\u00e1s, igual que se hace con otros puntos tur\u00edsticos como Aranjuez o San Lorenzo de El Escorial.<\/p>\n<p>En los tres primeros meses fueron sobre todo chinos, alemanes e ingleses los extranjeros que visitaron el Parque.<\/p>\n<p>Y otro fil\u00f3n a atraer es el de los turistas \u00abornitol\u00f3gicos\u00bb, ya que se calcula que en todo el mundo hay unos tres millones de personas -sobre todo anglosajonas- que organizan sus viajes en funci\u00f3n de la posibilidad de practicar avistamiento de aves.<\/p>\n<p>Seg\u00fan Sarasola, el Parque de Guadarrama contiene el 40 % de toda la flora y la fauna catalogada a nivel nacional, lo que lo convierte en un destino apetecible para cualquier aficionado a la naturaleza o para un turista urbanita que, como complemento a su visita cultural o gastron\u00f3mica a Madrid, se quiera acercar a la sierra a contemplar de cerca, por ejemplo, el \u00e1guila imperial o el buitre negro.<\/p>\n<p>La mayor preocupaci\u00f3n para la Comunidad era el impacto que el turismo pudiera tener en el entorno natural, y para ello se colocaron en las principales sendas del parque unos contadores para medir el n\u00famero de visitas.<\/p>\n<p>El estudio de posibles da\u00f1os en la flora y en la fauna en cada una de las sendas determinar\u00e1 si estas visitas han provocado alg\u00fan efecto negativo. Hasta ahora no se han detectado da\u00f1os, seg\u00fan el consejero, pero de ser as\u00ed se proceder\u00eda a cerrar esa senda y abrir otra alternativa.<\/p>\n<p>\u00abLa principal dificultad de la gesti\u00f3n de un parque es ser capaces de mantener el equilibrio entre el visitante y los valores ambientales\u00bb, ha repetido Sarasola, que ha apuntado que tambi\u00e9n hay que estudiar qu\u00e9 tipo de excursionistas recibe cada zona -paseantes, en bicicleta o a caballo, por ejemplo- para dirigirles a unas u otras \u00e1reas.<\/p>\n<p>Con todo, la filosof\u00eda de la Comunidad es que Guadarrama \u00abno puede ser un parque cerrado\u00bb, sino que tiene que estar abierto al disfrute de los ciudadanos, igual que el resto del territorio protegido de la regi\u00f3n.<\/p>\n<p>\u00abHemos conseguido proteger el 50 % de nuestra Comunidad, ya no se puede proteger m\u00e1s. \u00bfAhora qu\u00e9 toca? Mantener lo protegido y abrirlo al disfrute, sin que tenga impacto sobre \u00e9l\u00bb, ha insistido.<\/p>\n","protected":false},"excerpt":{"rendered":"<p>Madrid, 2 mar (EFE).- El Parque de Guadarrama ha llegado en seis meses de apertura al mill\u00f3n de visitantes s\u00f3lo en su vertiente madrile\u00f1a, una cifra que hace so\u00f1ar con convertirlo en su primer a\u00f1o de vida en el Parque Nacional m\u00e1s visitado de Espa\u00f1a sin que se hayan visto afectadas ni su fauna ni [&hellip;]<\/p>\n","protected":false},"author":1,"featured_media":499026,"comment_status":"open","ping_status":"closed","sticky":false,"template":"","format":"standard","meta":{"footnotes":""},"categories":[148],"tags":[],"class_list":["post-499025","post","type-post","status-publish","format-standard","has-post-thumbnail","hentry","category-turismo"],"aioseo_notices":[],"aioseo_head":"\n\t\t<!-- All in One SEO Pro 4.9.6.2 - aioseo.com -->\n\t<meta name=\"description\" content=\"Madrid, 2 mar (EFE).- El Parque de Guadarrama ha llegado en seis meses de apertura al mill\u00f3n de visitantes s\u00f3lo en su vertiente madrile\u00f1a, una cifra que hace so\u00f1ar con convertirlo en su primer a\u00f1o de vida en el Parque Nacional m\u00e1s visitado de Espa\u00f1a sin que se hayan visto afectadas ni su fauna ni\" \/>\n\t<meta name=\"robots\" content=\"max-image-preview:large\" \/>\n\t<meta name=\"author\" content=\"El Digital de Asturias\"\/>\n\t<meta name=\"google-site-verification\" content=\"UA-38556648-1\" \/>\n\t<meta name=\"msvalidate.01\" content=\"7dfe9f3f1b24437ab69f4f2559babe99\" \/>\n\t<meta name=\"keywords\" content=\"turismo\" \/>\n\t<link rel=\"canonical\" href=\"https:\/\/www.eldigitaldeasturias.com\/noticias\/el-parque-de-guadarrama-llega-al-millon-de-visitas-en-sus-primeros-seis-meses\/\" \/>\n\t<meta name=\"generator\" content=\"All in One SEO Pro (AIOSEO) 4.9.6.2\" \/>\n\t\t<meta property=\"og:locale\" content=\"es_ES\" \/>\n\t\t<meta property=\"og:site_name\" content=\"El Digital de Asturias\" \/>\n\t\t<meta property=\"og:type\" content=\"article\" \/>\n\t\t<meta property=\"og:title\" content=\"El Parque de Guadarrama llega al mill\u00f3n de visitas en sus primeros seis meses - El Digital de Asturias\" \/>\n\t\t<meta property=\"og:description\" content=\"Madrid, 2 mar (EFE).- El Parque de Guadarrama ha llegado en seis meses de apertura al mill\u00f3n de visitantes s\u00f3lo en su vertiente madrile\u00f1a, una cifra que hace so\u00f1ar con convertirlo en su primer a\u00f1o de vida en el Parque Nacional m\u00e1s visitado de Espa\u00f1a sin que se hayan visto afectadas ni su fauna ni\" \/>\n\t\t<meta property=\"og:url\" content=\"https:\/\/www.eldigitaldeasturias.com\/noticias\/el-parque-de-guadarrama-llega-al-millon-de-visitas-en-sus-primeros-seis-meses\/\" \/>\n\t\t<meta property=\"og:image\" content=\"https:\/\/www.eldigitaldeasturias.com\/noticias\/wp-content\/uploads\/2014\/03\/5998488w.jpg\" \/>\n\t\t<meta property=\"og:image:secure_url\" content=\"https:\/\/www.eldigitaldeasturias.com\/noticias\/wp-content\/uploads\/2014\/03\/5998488w.jpg\" \/>\n\t\t<meta property=\"og:image:width\" content=\"800\" \/>\n\t\t<meta property=\"og:image:height\" content=\"532\" \/>\n\t\t<meta property=\"article:tag\" content=\"turismo\" \/>\n\t\t<meta property=\"article:published_time\" content=\"2014-03-02T19:05:00+00:00\" \/>\n\t\t<meta property=\"article:modified_time\" content=\"2014-03-02T19:05:00+00:00\" \/>\n\t\t<meta property=\"article:publisher\" content=\"https:\/\/facebook.com\/eldigitaldeasturias\" \/>\n\t\t<meta name=\"twitter:card\" content=\"summary_large_image\" \/>\n\t\t<meta name=\"twitter:title\" content=\"El Parque de Guadarrama llega al mill\u00f3n de visitas en sus primeros seis meses - El Digital de Asturias\" \/>\n\t\t<meta name=\"twitter:description\" content=\"Madrid, 2 mar (EFE).- El Parque de Guadarrama ha llegado en seis meses de apertura al mill\u00f3n de visitantes s\u00f3lo en su vertiente madrile\u00f1a, una cifra que hace so\u00f1ar con convertirlo en su primer a\u00f1o de vida en el Parque Nacional m\u00e1s visitado de Espa\u00f1a sin que se hayan visto afectadas ni su fauna ni\" \/>\n\t\t<meta name=\"twitter:image\" content=\"https:\/\/www.eldigitaldeasturias.com\/noticias\/wp-content\/uploads\/2014\/03\/5998488w.jpg\" \/>\n\t\t<meta name=\"twitter:label1\" content=\"Escrito por\" \/>\n\t\t<meta name=\"twitter:data1\" content=\"El Digital de Asturias\" \/>\n\t\t<meta name=\"twitter:label2\" content=\"Tiempo de lectura estimado\" \/>\n\t\t<meta name=\"twitter:data2\" content=\"4 minutos\" \/>\n\t\t<script type=\"application\/ld+json\" class=\"aioseo-schema\">\n\t\t\t{\"@context\":\"https:\\\/\\\/schema.org\",\"@graph\":[{\"@type\":\"BlogPosting\",\"@id\":\"https:\\\/\\\/www.eldigitaldeasturias.com\\\/noticias\\\/el-parque-de-guadarrama-llega-al-millon-de-visitas-en-sus-primeros-seis-meses\\\/#blogposting\",\"name\":\"El Parque de Guadarrama llega al mill\\u00f3n de visitas en sus primeros seis meses - El Digital de Asturias\",\"headline\":\"El Parque de Guadarrama llega al mill\\u00f3n de visitas en sus primeros seis meses\",\"author\":{\"@id\":\"https:\\\/\\\/www.eldigitaldeasturias.com\\\/noticias\\\/author\\\/admin\\\/#author\"},\"publisher\":{\"@id\":\"https:\\\/\\\/www.eldigitaldeasturias.com\\\/noticias\\\/#organization\"},\"image\":{\"@type\":\"ImageObject\",\"url\":\"https:\\\/\\\/www.eldigitaldeasturias.com\\\/noticias\\\/wp-content\\\/uploads\\\/2014\\\/03\\\/5998488w.jpg\",\"width\":800,\"height\":532},\"datePublished\":\"2014-03-02T18:05:00+01:00\",\"dateModified\":\"2014-03-02T18:05:00+01:00\",\"inLanguage\":\"es-ES\",\"mainEntityOfPage\":{\"@id\":\"https:\\\/\\\/www.eldigitaldeasturias.com\\\/noticias\\\/el-parque-de-guadarrama-llega-al-millon-de-visitas-en-sus-primeros-seis-meses\\\/#webpage\"},\"isPartOf\":{\"@id\":\"https:\\\/\\\/www.eldigitaldeasturias.com\\\/noticias\\\/el-parque-de-guadarrama-llega-al-millon-de-visitas-en-sus-primeros-seis-meses\\\/#webpage\"},\"articleSection\":\"Turismo\"},{\"@type\":\"BreadcrumbList\",\"@id\":\"https:\\\/\\\/www.eldigitaldeasturias.com\\\/noticias\\\/el-parque-de-guadarrama-llega-al-millon-de-visitas-en-sus-primeros-seis-meses\\\/#breadcrumblist\",\"itemListElement\":[{\"@type\":\"ListItem\",\"@id\":\"https:\\\/\\\/www.eldigitaldeasturias.com\\\/noticias#listItem\",\"position\":1,\"name\":\"Home\",\"item\":\"https:\\\/\\\/www.eldigitaldeasturias.com\\\/noticias\",\"nextItem\":{\"@type\":\"ListItem\",\"@id\":\"https:\\\/\\\/www.eldigitaldeasturias.com\\\/noticias\\\/category\\\/turismo\\\/#listItem\",\"name\":\"Turismo\"}},{\"@type\":\"ListItem\",\"@id\":\"https:\\\/\\\/www.eldigitaldeasturias.com\\\/noticias\\\/category\\\/turismo\\\/#listItem\",\"position\":2,\"name\":\"Turismo\",\"item\":\"https:\\\/\\\/www.eldigitaldeasturias.com\\\/noticias\\\/category\\\/turismo\\\/\",\"nextItem\":{\"@type\":\"ListItem\",\"@id\":\"https:\\\/\\\/www.eldigitaldeasturias.com\\\/noticias\\\/el-parque-de-guadarrama-llega-al-millon-de-visitas-en-sus-primeros-seis-meses\\\/#listItem\",\"name\":\"El Parque de Guadarrama llega al mill\\u00f3n de visitas en sus primeros seis meses\"},\"previousItem\":{\"@type\":\"ListItem\",\"@id\":\"https:\\\/\\\/www.eldigitaldeasturias.com\\\/noticias#listItem\",\"name\":\"Home\"}},{\"@type\":\"ListItem\",\"@id\":\"https:\\\/\\\/www.eldigitaldeasturias.com\\\/noticias\\\/el-parque-de-guadarrama-llega-al-millon-de-visitas-en-sus-primeros-seis-meses\\\/#listItem\",\"position\":3,\"name\":\"El Parque de Guadarrama llega al mill\\u00f3n de visitas en sus primeros seis meses\",\"previousItem\":{\"@type\":\"ListItem\",\"@id\":\"https:\\\/\\\/www.eldigitaldeasturias.com\\\/noticias\\\/category\\\/turismo\\\/#listItem\",\"name\":\"Turismo\"}}]},{\"@type\":\"Organization\",\"@id\":\"https:\\\/\\\/www.eldigitaldeasturias.com\\\/noticias\\\/#organization\",\"name\":\"El Digital de Asturias\",\"description\":\"Hemeroteca\",\"url\":\"https:\\\/\\\/www.eldigitaldeasturias.com\\\/noticias\\\/\",\"email\":\"info@eldigitaldeasturias.com\",\"telephone\":\"+34652131393\",\"logo\":{\"@type\":\"ImageObject\",\"url\":\"https:\\\/\\\/www.eldigitaldeasturias.com\\\/noticias\\\/wp-content\\\/uploads\\\/2020\\\/12\\\/EDA.jpg\",\"@id\":\"https:\\\/\\\/www.eldigitaldeasturias.com\\\/noticias\\\/el-parque-de-guadarrama-llega-al-millon-de-visitas-en-sus-primeros-seis-meses\\\/#organizationLogo\",\"width\":649,\"height\":297},\"image\":{\"@id\":\"https:\\\/\\\/www.eldigitaldeasturias.com\\\/noticias\\\/el-parque-de-guadarrama-llega-al-millon-de-visitas-en-sus-primeros-seis-meses\\\/#organizationLogo\"},\"sameAs\":[\"https:\\\/\\\/facebook.com\\\/eldigitaldeasturias\",\"https:\\\/\\\/www.youtube.com\\\/channel\\\/UCZP-2wLEB9Rv6erhFmqVnvg\"],\"address\":{\"@id\":\"https:\\\/\\\/www.eldigitaldeasturias.com\\\/noticias\\\/#postaladdress\",\"@type\":\"PostalAddress\",\"streetAddress\":\"san antonio 4,\",\"postalCode\":\"33430\",\"addressLocality\":\"Cand\\u00e1s\",\"addressRegion\":\"Asturias\",\"addressCountry\":\"ES\"}},{\"@type\":\"Person\",\"@id\":\"https:\\\/\\\/www.eldigitaldeasturias.com\\\/noticias\\\/author\\\/admin\\\/#author\",\"url\":\"https:\\\/\\\/www.eldigitaldeasturias.com\\\/noticias\\\/author\\\/admin\\\/\",\"name\":\"El Digital de Asturias\",\"image\":{\"@type\":\"ImageObject\",\"@id\":\"https:\\\/\\\/www.eldigitaldeasturias.com\\\/noticias\\\/el-parque-de-guadarrama-llega-al-millon-de-visitas-en-sus-primeros-seis-meses\\\/#authorImage\",\"url\":\"https:\\\/\\\/www.eldigitaldeasturias.com\\\/noticias\\\/wp-content\\\/litespeed\\\/avatar\\\/18677e78aa0546b92d9dbf31ec7d7668.jpg?ver=1776685526\",\"width\":96,\"height\":96,\"caption\":\"El Digital de Asturias\"}},{\"@type\":\"WebPage\",\"@id\":\"https:\\\/\\\/www.eldigitaldeasturias.com\\\/noticias\\\/el-parque-de-guadarrama-llega-al-millon-de-visitas-en-sus-primeros-seis-meses\\\/#webpage\",\"url\":\"https:\\\/\\\/www.eldigitaldeasturias.com\\\/noticias\\\/el-parque-de-guadarrama-llega-al-millon-de-visitas-en-sus-primeros-seis-meses\\\/\",\"name\":\"El Parque de Guadarrama llega al mill\\u00f3n de visitas en sus primeros seis meses - El Digital de Asturias\",\"description\":\"Madrid, 2 mar (EFE).- El Parque de Guadarrama ha llegado en seis meses de apertura al mill\\u00f3n de visitantes s\\u00f3lo en su vertiente madrile\\u00f1a, una cifra que hace so\\u00f1ar con convertirlo en su primer a\\u00f1o de vida en el Parque Nacional m\\u00e1s visitado de Espa\\u00f1a sin que se hayan visto afectadas ni su fauna ni\",\"inLanguage\":\"es-ES\",\"isPartOf\":{\"@id\":\"https:\\\/\\\/www.eldigitaldeasturias.com\\\/noticias\\\/#website\"},\"breadcrumb\":{\"@id\":\"https:\\\/\\\/www.eldigitaldeasturias.com\\\/noticias\\\/el-parque-de-guadarrama-llega-al-millon-de-visitas-en-sus-primeros-seis-meses\\\/#breadcrumblist\"},\"author\":{\"@id\":\"https:\\\/\\\/www.eldigitaldeasturias.com\\\/noticias\\\/author\\\/admin\\\/#author\"},\"creator\":{\"@id\":\"https:\\\/\\\/www.eldigitaldeasturias.com\\\/noticias\\\/author\\\/admin\\\/#author\"},\"image\":{\"@type\":\"ImageObject\",\"url\":\"https:\\\/\\\/www.eldigitaldeasturias.com\\\/noticias\\\/wp-content\\\/uploads\\\/2014\\\/03\\\/5998488w.jpg\",\"@id\":\"https:\\\/\\\/www.eldigitaldeasturias.com\\\/noticias\\\/el-parque-de-guadarrama-llega-al-millon-de-visitas-en-sus-primeros-seis-meses\\\/#mainImage\",\"width\":800,\"height\":532},\"primaryImageOfPage\":{\"@id\":\"https:\\\/\\\/www.eldigitaldeasturias.com\\\/noticias\\\/el-parque-de-guadarrama-llega-al-millon-de-visitas-en-sus-primeros-seis-meses\\\/#mainImage\"},\"datePublished\":\"2014-03-02T18:05:00+01:00\",\"dateModified\":\"2014-03-02T18:05:00+01:00\"},{\"@type\":\"WebSite\",\"@id\":\"https:\\\/\\\/www.eldigitaldeasturias.com\\\/noticias\\\/#website\",\"url\":\"https:\\\/\\\/www.eldigitaldeasturias.com\\\/noticias\\\/\",\"name\":\"El Digital de Asturias - Diario de actualidad y noticias\",\"alternateName\":\"El Digital de Asturias - Diario de actualidad y noticias\",\"description\":\"Hemeroteca\",\"inLanguage\":\"es-ES\",\"publisher\":{\"@id\":\"https:\\\/\\\/www.eldigitaldeasturias.com\\\/noticias\\\/#organization\"}}]}\n\t\t<\/script>\n\t\t<!-- All in One SEO Pro -->\r\n\t\t<title>El Parque de Guadarrama llega al mill\u00f3n de visitas en sus primeros seis meses - El Digital de Asturias<\/title>\n\n","aioseo_head_json":{"title":"El Parque de Guadarrama llega al mill\u00f3n de visitas en sus primeros seis meses - El Digital de Asturias","description":"Madrid, 2 mar (EFE).- El Parque de Guadarrama ha llegado en seis meses de apertura al mill\u00f3n de visitantes s\u00f3lo en su vertiente madrile\u00f1a, una cifra que hace so\u00f1ar con convertirlo en su primer a\u00f1o de vida en el Parque Nacional m\u00e1s visitado de Espa\u00f1a sin que se hayan visto afectadas ni su fauna ni","canonical_url":"https:\/\/www.eldigitaldeasturias.com\/noticias\/el-parque-de-guadarrama-llega-al-millon-de-visitas-en-sus-primeros-seis-meses\/","robots":"max-image-preview:large","keywords":"turismo","webmasterTools":{"google-site-verification":"UA-38556648-1","msvalidate.01":"7dfe9f3f1b24437ab69f4f2559babe99","miscellaneous":""},"schema":{"@context":"https:\/\/schema.org","@graph":[{"@type":"BlogPosting","@id":"https:\/\/www.eldigitaldeasturias.com\/noticias\/el-parque-de-guadarrama-llega-al-millon-de-visitas-en-sus-primeros-seis-meses\/#blogposting","name":"El Parque de Guadarrama llega al mill\u00f3n de visitas en sus primeros seis meses - El Digital de Asturias","headline":"El Parque de Guadarrama llega al mill\u00f3n de visitas en sus primeros seis meses","author":{"@id":"https:\/\/www.eldigitaldeasturias.com\/noticias\/author\/admin\/#author"},"publisher":{"@id":"https:\/\/www.eldigitaldeasturias.com\/noticias\/#organization"},"image":{"@type":"ImageObject","url":"https:\/\/www.eldigitaldeasturias.com\/noticias\/wp-content\/uploads\/2014\/03\/5998488w.jpg","width":800,"height":532},"datePublished":"2014-03-02T18:05:00+01:00","dateModified":"2014-03-02T18:05:00+01:00","inLanguage":"es-ES","mainEntityOfPage":{"@id":"https:\/\/www.eldigitaldeasturias.com\/noticias\/el-parque-de-guadarrama-llega-al-millon-de-visitas-en-sus-primeros-seis-meses\/#webpage"},"isPartOf":{"@id":"https:\/\/www.eldigitaldeasturias.com\/noticias\/el-parque-de-guadarrama-llega-al-millon-de-visitas-en-sus-primeros-seis-meses\/#webpage"},"articleSection":"Turismo"},{"@type":"BreadcrumbList","@id":"https:\/\/www.eldigitaldeasturias.com\/noticias\/el-parque-de-guadarrama-llega-al-millon-de-visitas-en-sus-primeros-seis-meses\/#breadcrumblist","itemListElement":[{"@type":"ListItem","@id":"https:\/\/www.eldigitaldeasturias.com\/noticias#listItem","position":1,"name":"Home","item":"https:\/\/www.eldigitaldeasturias.com\/noticias","nextItem":{"@type":"ListItem","@id":"https:\/\/www.eldigitaldeasturias.com\/noticias\/category\/turismo\/#listItem","name":"Turismo"}},{"@type":"ListItem","@id":"https:\/\/www.eldigitaldeasturias.com\/noticias\/category\/turismo\/#listItem","position":2,"name":"Turismo","item":"https:\/\/www.eldigitaldeasturias.com\/noticias\/category\/turismo\/","nextItem":{"@type":"ListItem","@id":"https:\/\/www.eldigitaldeasturias.com\/noticias\/el-parque-de-guadarrama-llega-al-millon-de-visitas-en-sus-primeros-seis-meses\/#listItem","name":"El Parque de Guadarrama llega al mill\u00f3n de visitas en sus primeros seis meses"},"previousItem":{"@type":"ListItem","@id":"https:\/\/www.eldigitaldeasturias.com\/noticias#listItem","name":"Home"}},{"@type":"ListItem","@id":"https:\/\/www.eldigitaldeasturias.com\/noticias\/el-parque-de-guadarrama-llega-al-millon-de-visitas-en-sus-primeros-seis-meses\/#listItem","position":3,"name":"El Parque de Guadarrama llega al mill\u00f3n de visitas en sus primeros seis meses","previousItem":{"@type":"ListItem","@id":"https:\/\/www.eldigitaldeasturias.com\/noticias\/category\/turismo\/#listItem","name":"Turismo"}}]},{"@type":"Organization","@id":"https:\/\/www.eldigitaldeasturias.com\/noticias\/#organization","name":"El Digital de Asturias","description":"Hemeroteca","url":"https:\/\/www.eldigitaldeasturias.com\/noticias\/","email":"info@eldigitaldeasturias.com","telephone":"+34652131393","logo":{"@type":"ImageObject","url":"https:\/\/www.eldigitaldeasturias.com\/noticias\/wp-content\/uploads\/2020\/12\/EDA.jpg","@id":"https:\/\/www.eldigitaldeasturias.com\/noticias\/el-parque-de-guadarrama-llega-al-millon-de-visitas-en-sus-primeros-seis-meses\/#organizationLogo","width":649,"height":297},"image":{"@id":"https:\/\/www.eldigitaldeasturias.com\/noticias\/el-parque-de-guadarrama-llega-al-millon-de-visitas-en-sus-primeros-seis-meses\/#organizationLogo"},"sameAs":["https:\/\/facebook.com\/eldigitaldeasturias","https:\/\/www.youtube.com\/channel\/UCZP-2wLEB9Rv6erhFmqVnvg"],"address":{"@id":"https:\/\/www.eldigitaldeasturias.com\/noticias\/#postaladdress","@type":"PostalAddress","streetAddress":"san antonio 4,","postalCode":"33430","addressLocality":"Cand\u00e1s","addressRegion":"Asturias","addressCountry":"ES"}},{"@type":"Person","@id":"https:\/\/www.eldigitaldeasturias.com\/noticias\/author\/admin\/#author","url":"https:\/\/www.eldigitaldeasturias.com\/noticias\/author\/admin\/","name":"El Digital de Asturias","image":{"@type":"ImageObject","@id":"https:\/\/www.eldigitaldeasturias.com\/noticias\/el-parque-de-guadarrama-llega-al-millon-de-visitas-en-sus-primeros-seis-meses\/#authorImage","url":"https:\/\/www.eldigitaldeasturias.com\/noticias\/wp-content\/litespeed\/avatar\/18677e78aa0546b92d9dbf31ec7d7668.jpg?ver=1776685526","width":96,"height":96,"caption":"El Digital de Asturias"}},{"@type":"WebPage","@id":"https:\/\/www.eldigitaldeasturias.com\/noticias\/el-parque-de-guadarrama-llega-al-millon-de-visitas-en-sus-primeros-seis-meses\/#webpage","url":"https:\/\/www.eldigitaldeasturias.com\/noticias\/el-parque-de-guadarrama-llega-al-millon-de-visitas-en-sus-primeros-seis-meses\/","name":"El Parque de Guadarrama llega al mill\u00f3n de visitas en sus primeros seis meses - El Digital de Asturias","description":"Madrid, 2 mar (EFE).- El Parque de Guadarrama ha llegado en seis meses de apertura al mill\u00f3n de visitantes s\u00f3lo en su vertiente madrile\u00f1a, una cifra que hace so\u00f1ar con convertirlo en su primer a\u00f1o de vida en el Parque Nacional m\u00e1s visitado de Espa\u00f1a sin que se hayan visto afectadas ni su fauna ni","inLanguage":"es-ES","isPartOf":{"@id":"https:\/\/www.eldigitaldeasturias.com\/noticias\/#website"},"breadcrumb":{"@id":"https:\/\/www.eldigitaldeasturias.com\/noticias\/el-parque-de-guadarrama-llega-al-millon-de-visitas-en-sus-primeros-seis-meses\/#breadcrumblist"},"author":{"@id":"https:\/\/www.eldigitaldeasturias.com\/noticias\/author\/admin\/#author"},"creator":{"@id":"https:\/\/www.eldigitaldeasturias.com\/noticias\/author\/admin\/#author"},"image":{"@type":"ImageObject","url":"https:\/\/www.eldigitaldeasturias.com\/noticias\/wp-content\/uploads\/2014\/03\/5998488w.jpg","@id":"https:\/\/www.eldigitaldeasturias.com\/noticias\/el-parque-de-guadarrama-llega-al-millon-de-visitas-en-sus-primeros-seis-meses\/#mainImage","width":800,"height":532},"primaryImageOfPage":{"@id":"https:\/\/www.eldigitaldeasturias.com\/noticias\/el-parque-de-guadarrama-llega-al-millon-de-visitas-en-sus-primeros-seis-meses\/#mainImage"},"datePublished":"2014-03-02T18:05:00+01:00","dateModified":"2014-03-02T18:05:00+01:00"},{"@type":"WebSite","@id":"https:\/\/www.eldigitaldeasturias.com\/noticias\/#website","url":"https:\/\/www.eldigitaldeasturias.com\/noticias\/","name":"El Digital de Asturias - Diario de actualidad y noticias","alternateName":"El Digital de Asturias - Diario de actualidad y noticias","description":"Hemeroteca","inLanguage":"es-ES","publisher":{"@id":"https:\/\/www.eldigitaldeasturias.com\/noticias\/#organization"}}]},"og:locale":"es_ES","og:site_name":"El Digital de Asturias","og:type":"article","og:title":"El Parque de Guadarrama llega al mill\u00f3n de visitas en sus primeros seis meses - El Digital de Asturias","og:description":"Madrid, 2 mar (EFE).- El Parque de Guadarrama ha llegado en seis meses de apertura al mill\u00f3n de visitantes s\u00f3lo en su vertiente madrile\u00f1a, una cifra que hace so\u00f1ar con convertirlo en su primer a\u00f1o de vida en el Parque Nacional m\u00e1s visitado de Espa\u00f1a sin que se hayan visto afectadas ni su fauna ni","og:url":"https:\/\/www.eldigitaldeasturias.com\/noticias\/el-parque-de-guadarrama-llega-al-millon-de-visitas-en-sus-primeros-seis-meses\/","og:image":"https:\/\/www.eldigitaldeasturias.com\/noticias\/wp-content\/uploads\/2014\/03\/5998488w.jpg","og:image:secure_url":"https:\/\/www.eldigitaldeasturias.com\/noticias\/wp-content\/uploads\/2014\/03\/5998488w.jpg","og:image:width":800,"og:image:height":532,"article:tag":["turismo"],"article:published_time":"2014-03-02T19:05:00+00:00","article:modified_time":"2014-03-02T19:05:00+00:00","article:publisher":"https:\/\/facebook.com\/eldigitaldeasturias","twitter:card":"summary_large_image","twitter:title":"El Parque de Guadarrama llega al mill\u00f3n de visitas en sus primeros seis meses - El Digital de Asturias","twitter:description":"Madrid, 2 mar (EFE).- El Parque de Guadarrama ha llegado en seis meses de apertura al mill\u00f3n de visitantes s\u00f3lo en su vertiente madrile\u00f1a, una cifra que hace so\u00f1ar con convertirlo en su primer a\u00f1o de vida en el Parque Nacional m\u00e1s visitado de Espa\u00f1a sin que se hayan visto afectadas ni su fauna ni","twitter:image":"https:\/\/www.eldigitaldeasturias.com\/noticias\/wp-content\/uploads\/2014\/03\/5998488w.jpg","twitter:label1":"Escrito por","twitter:data1":"El Digital de Asturias","twitter:label2":"Tiempo de lectura estimado","twitter:data2":"4 minutos"},"aioseo_meta_data":{"post_id":"499025","title":null,"description":null,"keywords":null,"keyphrases":null,"primary_term":null,"canonical_url":null,"og_title":null,"og_description":null,"og_object_type":"default","og_image_type":"default","og_image_url":null,"og_image_width":null,"og_image_height":null,"og_image_custom_url":null,"og_image_custom_fields":null,"og_video":null,"og_custom_url":null,"og_article_section":null,"og_article_tags":null,"twitter_use_og":true,"twitter_card":"default","twitter_image_type":"default","twitter_image_url":null,"twitter_image_custom_url":null,"twitter_image_custom_fields":null,"twitter_title":null,"twitter_description":null,"schema":{"blockGraphs":[],"customGraphs":[],"default":{"data":{"Article":[],"Course":[],"Dataset":[],"FAQPage":[],"Movie":[],"Person":[],"Product":[],"ProductReview":[],"Car":[],"Recipe":[],"Service":[],"SoftwareApplication":[],"WebPage":[]},"graphName":"","isEnabled":true},"graphs":[],"defaultGraph":"","defaultPostTypeGraph":""},"schema_type":null,"schema_type_options":null,"pillar_content":false,"robots_default":true,"robots_noindex":false,"robots_noarchive":false,"robots_nosnippet":false,"robots_nofollow":false,"robots_noimageindex":false,"robots_noodp":false,"robots_notranslate":false,"robots_max_snippet":null,"robots_max_videopreview":null,"robots_max_imagepreview":"none","priority":null,"frequency":null,"local_seo":null,"seo_analyzer_scan_date":"2025-08-28 03:44:52","breadcrumb_settings":null,"limit_modified_date":false,"open_ai":null,"ai":null,"created":"2020-11-14 23:01:26","updated":"2025-08-28 03:44:52"},"aioseo_breadcrumb":"<div class=\"aioseo-breadcrumbs\"><span class=\"aioseo-breadcrumb\">\n\t<a href=\"https:\/\/www.eldigitaldeasturias.com\/noticias\" title=\"Home\">Home<\/a>\n<\/span><span class=\"aioseo-breadcrumb-separator\">\u2013<\/span><span class=\"aioseo-breadcrumb\">\n\t<a href=\"https:\/\/www.eldigitaldeasturias.com\/noticias\/category\/turismo\/\" title=\"Turismo\">Turismo<\/a>\n<\/span><span class=\"aioseo-breadcrumb-separator\">\u2013<\/span><span class=\"aioseo-breadcrumb\">\n\t<a href=\"https:\/\/www.eldigitaldeasturias.com\/noticias\/el-parque-de-guadarrama-llega-al-millon-de-visitas-en-sus-primeros-seis-meses\/\" title=\"El Parque de Guadarrama llega al mill\u00f3n de visitas en sus primeros seis meses\">El Parque de Guadarrama llega al mill\u00f3n de visitas en sus primeros seis meses<\/a>\n<\/span><\/div>","aioseo_breadcrumb_json":[{"label":"Home","link":"https:\/\/www.eldigitaldeasturias.com\/noticias"},{"label":"Turismo","link":"https:\/\/www.eldigitaldeasturias.com\/noticias\/category\/turismo\/"},{"label":"El Parque de Guadarrama llega al mill\u00f3n de visitas en sus primeros seis meses","link":"https:\/\/www.eldigitaldeasturias.com\/noticias\/el-parque-de-guadarrama-llega-al-millon-de-visitas-en-sus-primeros-seis-meses\/"}],"_links":{"self":[{"href":"https:\/\/www.eldigitaldeasturias.com\/noticias\/wp-json\/wp\/v2\/posts\/499025","targetHints":{"allow":["GET"]}}],"collection":[{"href":"https:\/\/www.eldigitaldeasturias.com\/noticias\/wp-json\/wp\/v2\/posts"}],"about":[{"href":"https:\/\/www.eldigitaldeasturias.com\/noticias\/wp-json\/wp\/v2\/types\/post"}],"author":[{"embeddable":true,"href":"https:\/\/www.eldigitaldeasturias.com\/noticias\/wp-json\/wp\/v2\/users\/1"}],"replies":[{"embeddable":true,"href":"https:\/\/www.eldigitaldeasturias.com\/noticias\/wp-json\/wp\/v2\/comments?post=499025"}],"version-history":[{"count":0,"href":"https:\/\/www.eldigitaldeasturias.com\/noticias\/wp-json\/wp\/v2\/posts\/499025\/revisions"}],"wp:featuredmedia":[{"embeddable":true,"href":"https:\/\/www.eldigitaldeasturias.com\/noticias\/wp-json\/wp\/v2\/media\/499026"}],"wp:attachment":[{"href":"https:\/\/www.eldigitaldeasturias.com\/noticias\/wp-json\/wp\/v2\/media?parent=499025"}],"wp:term":[{"taxonomy":"category","embeddable":true,"href":"https:\/\/www.eldigitaldeasturias.com\/noticias\/wp-json\/wp\/v2\/categories?post=499025"},{"taxonomy":"post_tag","embeddable":true,"href":"https:\/\/www.eldigitaldeasturias.com\/noticias\/wp-json\/wp\/v2\/tags?post=499025"}],"curies":[{"name":"wp","href":"https:\/\/api.w.org\/{rel}","templated":true}]}}