{"id":488199,"date":"2014-02-11T01:08:14","date_gmt":"2014-02-11T02:08:14","guid":{"rendered":"http:\/\/www.eldigitaldeasturias.com\/noticias\/?p=488199"},"modified":"2014-02-11T01:08:14","modified_gmt":"2014-02-11T02:08:14","slug":"la-ue-da-luz-verde-a-crear-una-mision-militar-en-la-republica-centroafricana","status":"publish","type":"post","link":"https:\/\/www.eldigitaldeasturias.com\/noticias\/la-ue-da-luz-verde-a-crear-una-mision-militar-en-la-republica-centroafricana\/","title":{"rendered":"La UE da luz verde a crear una misi\u00f3n militar en la Rep\u00fablica Centroafricana"},"content":{"rendered":"<p><img loading=\"lazy\" decoding=\"async\" class=\"alignleft size-medium wp-image-488200\" alt=\"5928595w\" src=\"https:\/\/www.eldigitaldeasturias.com\/noticias\/wp-content\/uploads\/2014\/02\/5928595w-360x268.jpg\" width=\"360\" height=\"268\" \/>Bruselas, 10 feb (EFE).- Los ministros de Asuntos Exteriores de la Uni\u00f3n Europea (UE) acordaron hoy la base legal para establecer una operaci\u00f3n militar comunitaria que contribuya a estabilizar la seguridad en la Rep\u00fablica Centroafricana, tal y como ha autorizado ya el Consejo de Seguridad de la ONU.<\/p>\n<p>Tras la adopci\u00f3n por parte de lo ministros el pasado 20 de enero del \u00abconcepto de gesti\u00f3n de crisis\u00bb, el acuerdo pol\u00edtico para crearla, la decisi\u00f3n de hoy supone otro paso m\u00e1s de cara al \u00abr\u00e1pido\u00bb lanzamiento de la misi\u00f3n sobre el terreno, indic\u00f3 el Consejo de Ministros de la Uni\u00f3n en un comunicado.<\/p>\n<p>La operaci\u00f3n \u00abEufor RCA\u00bb tiene como objetivo respaldar a los aproximadamente 6.000 efectivos que tiene desplegados la misi\u00f3n internacional de la Uni\u00f3n Africana, MISCA, y a los 1.600 que tiene Francia en la Rep\u00fablica Centroafricana.<\/p>\n<p>Esas tropas, en territorio centroafricano bajo mandato tambi\u00e9n de la ONU, intentan estabilizar el pa\u00eds, en crisis desde que una rebeli\u00f3n del grupo S\u00e9l\u00e9ka el pasado marzo degener\u00f3 meses despu\u00e9s en enfrentamientos entre musulmanes y cristianos.<\/p>\n<p>La misi\u00f3n que prepara la UE prev\u00e9 proporcionar apoyo temporal para crear un espacio seguro en el \u00e1rea de Bangui, con vistas a ceder posteriormente el testigo a las fuerzas africanas.<\/p>\n<p>La operaci\u00f3n \u00abcontribuir\u00e1 a los esfuerzos internacionales para proteger a las poblaciones que est\u00e9n en riesgo, creando las condiciones para proporcionar ayuda humanitaria\u00bb, indic\u00f3 el Consejo.<\/p>\n<p>La jefa de la diplomacia de la UE, Catherine Ashton, se\u00f1al\u00f3 que \u00abhemos reaccionado con rapidez a la grave crisis en la Rep\u00fablica Centroafricana\u00bb.<\/p>\n<p>Asegur\u00f3 que la UE est\u00e1 utilizando \u00abtodas las herramientas\u00bb a su alcance, \u00abdesde asistencia humanitaria a apoyo pol\u00edtico a la transici\u00f3n, as\u00ed como cooperaci\u00f3n al desarrollo a largo plazo\u00bb.<\/p>\n<p>\u00abPero la prioridad absoluta es proteger a la poblaci\u00f3n civil de m\u00e1s violencia, garantizar que los ciudadanos de la Rep\u00fablica Centroafricana puedan vivir sin miedo y empezar a reconstruir el pa\u00eds, y asegurar que la ayuda humanitaria puede ser distribuida\u00bb, apunt\u00f3.<\/p>\n<p>El Consejo ya hab\u00eda nombrado al general franc\u00e9s Philippe Ponti\u00e8s como comandante de la operaci\u00f3n, cuyo presupuesto calcula en 25,9 millones de euros para un periodo de nueve meses (seis sobre el terreno y tres de preparaci\u00f3n).<\/p>\n<p>El cuartel general de la misi\u00f3n estar\u00e1 en Larissa (Grecia), mientras que la sede de las tropas estar\u00e1 en Bangui.<\/p>\n<p>Se espera que la misi\u00f3n sea desplegada \u00abr\u00e1pidamente\u00bb, a finales de febrero o a principios de marzo, y que tenga una duraci\u00f3n de seis meses desde que alcance su plena capacidad, indicaron fuentes diplom\u00e1ticas.<\/p>\n<p>Para desplegarla, los ministros todav\u00eda tendr\u00e1n que adoptar otra acta.<\/p>\n<p>Por el momento han ofrecido su ayuda Estonia, Finlandia, Suecia y Grecia, adem\u00e1s de Georgia como pa\u00eds extracomunitario.<\/p>\n<p>Francia ha se\u00f1alado que podr\u00e1 aportar efectivos a la operaci\u00f3n europea si es necesario.<\/p>\n<p>Espa\u00f1a, por su parte, tiene ya sobre el terreno al margen de la futura operaci\u00f3n un avi\u00f3n de carga y su tripulaci\u00f3n compuesta por 50 militares.<\/p>\n","protected":false},"excerpt":{"rendered":"<p>Bruselas, 10 feb (EFE).- Los ministros de Asuntos Exteriores de la Uni\u00f3n Europea (UE) acordaron hoy la base legal para establecer una operaci\u00f3n militar comunitaria que contribuya a estabilizar la seguridad en la Rep\u00fablica Centroafricana, tal y como ha autorizado ya el Consejo de Seguridad de la ONU. Tras la adopci\u00f3n por parte de lo [&hellip;]<\/p>\n","protected":false},"author":1,"featured_media":488200,"comment_status":"closed","ping_status":"closed","sticky":false,"template":"","format":"standard","meta":{"footnotes":""},"categories":[1],"tags":[],"class_list":["post-488199","post","type-post","status-publish","format-standard","has-post-thumbnail","hentry","category-actualidad"],"aioseo_notices":[],"aioseo_head":"\n\t\t<!-- All in One SEO Pro 5.0.1 - aioseo.com -->\n\t<meta name=\"description\" content=\"Bruselas, 10 feb (EFE).- Los ministros de Asuntos Exteriores de la Uni\u00f3n Europea (UE) acordaron hoy la base legal para establecer una operaci\u00f3n militar comunitaria que contribuya a estabilizar la seguridad en la Rep\u00fablica Centroafricana, tal y como ha autorizado ya el Consejo de Seguridad de la ONU. Tras la adopci\u00f3n por parte de lo\" \/>\n\t<meta name=\"robots\" content=\"max-image-preview:large\" \/>\n\t<meta name=\"author\" content=\"El Digital de Asturias\"\/>\n\t<meta name=\"google-site-verification\" content=\"UA-38556648-1\" \/>\n\t<meta name=\"msvalidate.01\" content=\"7dfe9f3f1b24437ab69f4f2559babe99\" \/>\n\t<meta name=\"keywords\" content=\"actualidad\" \/>\n\t<link rel=\"canonical\" href=\"https:\/\/www.eldigitaldeasturias.com\/noticias\/la-ue-da-luz-verde-a-crear-una-mision-militar-en-la-republica-centroafricana\/\" \/>\n\t<meta name=\"generator\" content=\"All in One SEO Pro (AIOSEO) 5.0.1\" \/>\n\t\t<meta property=\"og:locale\" content=\"es_ES\" \/>\n\t\t<meta property=\"og:site_name\" content=\"El Digital de Asturias\" \/>\n\t\t<meta property=\"og:type\" content=\"article\" \/>\n\t\t<meta property=\"og:title\" content=\"La UE da luz verde a crear una misi\u00f3n militar en la Rep\u00fablica Centroafricana - El Digital de Asturias\" \/>\n\t\t<meta property=\"og:description\" content=\"Bruselas, 10 feb (EFE).- Los ministros de Asuntos Exteriores de la Uni\u00f3n Europea (UE) acordaron hoy la base legal para establecer una operaci\u00f3n militar comunitaria que contribuya a estabilizar la seguridad en la Rep\u00fablica Centroafricana, tal y como ha autorizado ya el Consejo de Seguridad de la ONU. Tras la adopci\u00f3n por parte de lo\" \/>\n\t\t<meta property=\"og:url\" content=\"https:\/\/www.eldigitaldeasturias.com\/noticias\/la-ue-da-luz-verde-a-crear-una-mision-militar-en-la-republica-centroafricana\/\" \/>\n\t\t<meta property=\"article:tag\" content=\"actualidad\" \/>\n\t\t<meta property=\"article:published_time\" content=\"2014-02-11T02:08:14+00:00\" \/>\n\t\t<meta property=\"article:modified_time\" content=\"2014-02-11T02:08:14+00:00\" \/>\n\t\t<meta property=\"article:publisher\" content=\"https:\/\/facebook.com\/eldigitaldeasturias\" \/>\n\t\t<meta name=\"twitter:card\" content=\"summary_large_image\" \/>\n\t\t<meta name=\"twitter:title\" content=\"La UE da luz verde a crear una misi\u00f3n militar en la Rep\u00fablica Centroafricana - El Digital de Asturias\" \/>\n\t\t<meta name=\"twitter:description\" content=\"Bruselas, 10 feb (EFE).- Los ministros de Asuntos Exteriores de la Uni\u00f3n Europea (UE) acordaron hoy la base legal para establecer una operaci\u00f3n militar comunitaria que contribuya a estabilizar la seguridad en la Rep\u00fablica Centroafricana, tal y como ha autorizado ya el Consejo de Seguridad de la ONU. Tras la adopci\u00f3n por parte de lo\" \/>\n\t\t<meta name=\"twitter:label1\" content=\"Escrito por\" \/>\n\t\t<meta name=\"twitter:data1\" content=\"El Digital de Asturias\" \/>\n\t\t<meta name=\"twitter:label2\" content=\"Tiempo de lectura estimado\" \/>\n\t\t<meta name=\"twitter:data2\" content=\"3 minutos\" \/>\n\t\t<script type=\"application\/ld+json\" class=\"aioseo-schema\">\n\t\t\t{\"@context\":\"https:\\\/\\\/schema.org\",\"@graph\":[{\"@type\":\"BlogPosting\",\"@id\":\"https:\\\/\\\/www.eldigitaldeasturias.com\\\/noticias\\\/la-ue-da-luz-verde-a-crear-una-mision-militar-en-la-republica-centroafricana\\\/#blogposting\",\"name\":\"La UE da luz verde a crear una misi\\u00f3n militar en la Rep\\u00fablica Centroafricana - El Digital de Asturias\",\"headline\":\"La UE da luz verde a crear una misi\\u00f3n militar en la Rep\\u00fablica Centroafricana\",\"author\":{\"@id\":\"https:\\\/\\\/www.eldigitaldeasturias.com\\\/noticias\\\/author\\\/admin\\\/#author\"},\"publisher\":{\"@id\":\"https:\\\/\\\/www.eldigitaldeasturias.com\\\/noticias\\\/#organization\"},\"image\":{\"@type\":\"ImageObject\",\"url\":488200},\"datePublished\":\"2014-02-11T01:08:14+01:00\",\"dateModified\":\"2014-02-11T01:08:14+01:00\",\"inLanguage\":\"es-ES\",\"mainEntityOfPage\":{\"@id\":\"https:\\\/\\\/www.eldigitaldeasturias.com\\\/noticias\\\/la-ue-da-luz-verde-a-crear-una-mision-militar-en-la-republica-centroafricana\\\/#webpage\"},\"isPartOf\":{\"@id\":\"https:\\\/\\\/www.eldigitaldeasturias.com\\\/noticias\\\/la-ue-da-luz-verde-a-crear-una-mision-militar-en-la-republica-centroafricana\\\/#webpage\"},\"articleSection\":\"Actualidad\"},{\"@type\":\"BreadcrumbList\",\"@id\":\"https:\\\/\\\/www.eldigitaldeasturias.com\\\/noticias\\\/la-ue-da-luz-verde-a-crear-una-mision-militar-en-la-republica-centroafricana\\\/#breadcrumblist\",\"itemListElement\":[{\"@type\":\"ListItem\",\"@id\":\"https:\\\/\\\/www.eldigitaldeasturias.com\\\/noticias#listItem\",\"position\":1,\"name\":\"Home\",\"item\":\"https:\\\/\\\/www.eldigitaldeasturias.com\\\/noticias\",\"nextItem\":{\"@type\":\"ListItem\",\"@id\":\"https:\\\/\\\/www.eldigitaldeasturias.com\\\/noticias\\\/category\\\/actualidad\\\/#listItem\",\"name\":\"Actualidad\"}},{\"@type\":\"ListItem\",\"@id\":\"https:\\\/\\\/www.eldigitaldeasturias.com\\\/noticias\\\/category\\\/actualidad\\\/#listItem\",\"position\":2,\"name\":\"Actualidad\",\"item\":\"https:\\\/\\\/www.eldigitaldeasturias.com\\\/noticias\\\/category\\\/actualidad\\\/\",\"nextItem\":{\"@type\":\"ListItem\",\"@id\":\"https:\\\/\\\/www.eldigitaldeasturias.com\\\/noticias\\\/la-ue-da-luz-verde-a-crear-una-mision-militar-en-la-republica-centroafricana\\\/#listItem\",\"name\":\"La UE da luz verde a crear una misi\\u00f3n militar en la Rep\\u00fablica Centroafricana\"},\"previousItem\":{\"@type\":\"ListItem\",\"@id\":\"https:\\\/\\\/www.eldigitaldeasturias.com\\\/noticias#listItem\",\"name\":\"Home\"}},{\"@type\":\"ListItem\",\"@id\":\"https:\\\/\\\/www.eldigitaldeasturias.com\\\/noticias\\\/la-ue-da-luz-verde-a-crear-una-mision-militar-en-la-republica-centroafricana\\\/#listItem\",\"position\":3,\"name\":\"La UE da luz verde a crear una misi\\u00f3n militar en la Rep\\u00fablica Centroafricana\",\"previousItem\":{\"@type\":\"ListItem\",\"@id\":\"https:\\\/\\\/www.eldigitaldeasturias.com\\\/noticias\\\/category\\\/actualidad\\\/#listItem\",\"name\":\"Actualidad\"}}]},{\"@type\":\"Organization\",\"@id\":\"https:\\\/\\\/www.eldigitaldeasturias.com\\\/noticias\\\/#organization\",\"name\":\"El Digital de Asturias\",\"description\":\"Hemeroteca\",\"url\":\"https:\\\/\\\/www.eldigitaldeasturias.com\\\/noticias\\\/\",\"email\":\"info@eldigitaldeasturias.com\",\"telephone\":\"+34652131393\",\"logo\":{\"@type\":\"ImageObject\",\"url\":\"https:\\\/\\\/www.eldigitaldeasturias.com\\\/noticias\\\/wp-content\\\/uploads\\\/2020\\\/12\\\/EDA.jpg\",\"@id\":\"https:\\\/\\\/www.eldigitaldeasturias.com\\\/noticias\\\/la-ue-da-luz-verde-a-crear-una-mision-militar-en-la-republica-centroafricana\\\/#organizationLogo\"},\"image\":{\"@id\":\"https:\\\/\\\/www.eldigitaldeasturias.com\\\/noticias\\\/la-ue-da-luz-verde-a-crear-una-mision-militar-en-la-republica-centroafricana\\\/#organizationLogo\"},\"sameAs\":[\"https:\\\/\\\/facebook.com\\\/eldigitaldeasturias\",\"https:\\\/\\\/www.youtube.com\\\/channel\\\/UCZP-2wLEB9Rv6erhFmqVnvg\"],\"address\":{\"@id\":\"https:\\\/\\\/www.eldigitaldeasturias.com\\\/noticias\\\/#postaladdress\",\"@type\":\"PostalAddress\",\"streetAddress\":\"san antonio 4\",\"postalCode\":\"33430\",\"addressLocality\":\"Cand\\u00e1s\",\"addressRegion\":\"Asturias\",\"addressCountry\":\"ES\"}},{\"@type\":\"Person\",\"@id\":\"https:\\\/\\\/www.eldigitaldeasturias.com\\\/noticias\\\/author\\\/admin\\\/#author\",\"url\":\"https:\\\/\\\/www.eldigitaldeasturias.com\\\/noticias\\\/author\\\/admin\\\/\",\"name\":\"El Digital de Asturias\",\"image\":{\"@type\":\"ImageObject\",\"@id\":\"https:\\\/\\\/www.eldigitaldeasturias.com\\\/noticias\\\/la-ue-da-luz-verde-a-crear-una-mision-militar-en-la-republica-centroafricana\\\/#authorImage\",\"url\":\"https:\\\/\\\/secure.gravatar.com\\\/avatar\\\/df2aeffc32bcd13f8d26072ef8a91b623d677766deac7f97ca815868cd41bf5e?s=96&d=mm&r=g\",\"width\":96,\"height\":96,\"caption\":\"El Digital de Asturias\"}},{\"@type\":\"WebPage\",\"@id\":\"https:\\\/\\\/www.eldigitaldeasturias.com\\\/noticias\\\/la-ue-da-luz-verde-a-crear-una-mision-militar-en-la-republica-centroafricana\\\/#webpage\",\"url\":\"https:\\\/\\\/www.eldigitaldeasturias.com\\\/noticias\\\/la-ue-da-luz-verde-a-crear-una-mision-militar-en-la-republica-centroafricana\\\/\",\"name\":\"La UE da luz verde a crear una misi\\u00f3n militar en la Rep\\u00fablica Centroafricana - El Digital de Asturias\",\"description\":\"Bruselas, 10 feb (EFE).- Los ministros de Asuntos Exteriores de la Uni\\u00f3n Europea (UE) acordaron hoy la base legal para establecer una operaci\\u00f3n militar comunitaria que contribuya a estabilizar la seguridad en la Rep\\u00fablica Centroafricana, tal y como ha autorizado ya el Consejo de Seguridad de la ONU. Tras la adopci\\u00f3n por parte de lo\",\"inLanguage\":\"es-ES\",\"isPartOf\":{\"@id\":\"https:\\\/\\\/www.eldigitaldeasturias.com\\\/noticias\\\/#website\"},\"breadcrumb\":{\"@id\":\"https:\\\/\\\/www.eldigitaldeasturias.com\\\/noticias\\\/la-ue-da-luz-verde-a-crear-una-mision-militar-en-la-republica-centroafricana\\\/#breadcrumblist\"},\"author\":{\"@id\":\"https:\\\/\\\/www.eldigitaldeasturias.com\\\/noticias\\\/author\\\/admin\\\/#author\"},\"creator\":{\"@id\":\"https:\\\/\\\/www.eldigitaldeasturias.com\\\/noticias\\\/author\\\/admin\\\/#author\"},\"image\":{\"@type\":\"ImageObject\",\"url\":488200,\"@id\":\"https:\\\/\\\/www.eldigitaldeasturias.com\\\/noticias\\\/la-ue-da-luz-verde-a-crear-una-mision-militar-en-la-republica-centroafricana\\\/#mainImage\"},\"primaryImageOfPage\":{\"@id\":\"https:\\\/\\\/www.eldigitaldeasturias.com\\\/noticias\\\/la-ue-da-luz-verde-a-crear-una-mision-militar-en-la-republica-centroafricana\\\/#mainImage\"},\"datePublished\":\"2014-02-11T01:08:14+01:00\",\"dateModified\":\"2014-02-11T01:08:14+01:00\"},{\"@type\":\"WebSite\",\"@id\":\"https:\\\/\\\/www.eldigitaldeasturias.com\\\/noticias\\\/#website\",\"url\":\"https:\\\/\\\/www.eldigitaldeasturias.com\\\/noticias\\\/\",\"name\":\"El Digital de Asturias - Diario de actualidad y noticias\",\"alternateName\":\"El Digital de Asturias - Diario de actualidad y noticias\",\"description\":\"Hemeroteca\",\"inLanguage\":\"es-ES\",\"publisher\":{\"@id\":\"https:\\\/\\\/www.eldigitaldeasturias.com\\\/noticias\\\/#organization\"}}]}\n\t\t<\/script>\n\t\t<!-- All in One SEO Pro -->\r\n\t\t<title>La UE da luz verde a crear una misi\u00f3n militar en la Rep\u00fablica Centroafricana - El Digital de Asturias<\/title>\n\n","aioseo_head_json":{"title":"La UE da luz verde a crear una misi\u00f3n militar en la Rep\u00fablica Centroafricana - El Digital de Asturias","description":"Bruselas, 10 feb (EFE).- Los ministros de Asuntos Exteriores de la Uni\u00f3n Europea (UE) acordaron hoy la base legal para establecer una operaci\u00f3n militar comunitaria que contribuya a estabilizar la seguridad en la Rep\u00fablica Centroafricana, tal y como ha autorizado ya el Consejo de Seguridad de la ONU. Tras la adopci\u00f3n por parte de lo","canonical_url":"https:\/\/www.eldigitaldeasturias.com\/noticias\/la-ue-da-luz-verde-a-crear-una-mision-militar-en-la-republica-centroafricana\/","robots":"max-image-preview:large","keywords":"actualidad","webmasterTools":{"google-site-verification":"UA-38556648-1","msvalidate.01":"7dfe9f3f1b24437ab69f4f2559babe99","miscellaneous":""},"schema":{"@context":"https:\/\/schema.org","@graph":[{"@type":"BlogPosting","@id":"https:\/\/www.eldigitaldeasturias.com\/noticias\/la-ue-da-luz-verde-a-crear-una-mision-militar-en-la-republica-centroafricana\/#blogposting","name":"La UE da luz verde a crear una misi\u00f3n militar en la Rep\u00fablica Centroafricana - El Digital de Asturias","headline":"La UE da luz verde a crear una misi\u00f3n militar en la Rep\u00fablica Centroafricana","author":{"@id":"https:\/\/www.eldigitaldeasturias.com\/noticias\/author\/admin\/#author"},"publisher":{"@id":"https:\/\/www.eldigitaldeasturias.com\/noticias\/#organization"},"image":{"@type":"ImageObject","url":488200},"datePublished":"2014-02-11T01:08:14+01:00","dateModified":"2014-02-11T01:08:14+01:00","inLanguage":"es-ES","mainEntityOfPage":{"@id":"https:\/\/www.eldigitaldeasturias.com\/noticias\/la-ue-da-luz-verde-a-crear-una-mision-militar-en-la-republica-centroafricana\/#webpage"},"isPartOf":{"@id":"https:\/\/www.eldigitaldeasturias.com\/noticias\/la-ue-da-luz-verde-a-crear-una-mision-militar-en-la-republica-centroafricana\/#webpage"},"articleSection":"Actualidad"},{"@type":"BreadcrumbList","@id":"https:\/\/www.eldigitaldeasturias.com\/noticias\/la-ue-da-luz-verde-a-crear-una-mision-militar-en-la-republica-centroafricana\/#breadcrumblist","itemListElement":[{"@type":"ListItem","@id":"https:\/\/www.eldigitaldeasturias.com\/noticias#listItem","position":1,"name":"Home","item":"https:\/\/www.eldigitaldeasturias.com\/noticias","nextItem":{"@type":"ListItem","@id":"https:\/\/www.eldigitaldeasturias.com\/noticias\/category\/actualidad\/#listItem","name":"Actualidad"}},{"@type":"ListItem","@id":"https:\/\/www.eldigitaldeasturias.com\/noticias\/category\/actualidad\/#listItem","position":2,"name":"Actualidad","item":"https:\/\/www.eldigitaldeasturias.com\/noticias\/category\/actualidad\/","nextItem":{"@type":"ListItem","@id":"https:\/\/www.eldigitaldeasturias.com\/noticias\/la-ue-da-luz-verde-a-crear-una-mision-militar-en-la-republica-centroafricana\/#listItem","name":"La UE da luz verde a crear una misi\u00f3n militar en la Rep\u00fablica Centroafricana"},"previousItem":{"@type":"ListItem","@id":"https:\/\/www.eldigitaldeasturias.com\/noticias#listItem","name":"Home"}},{"@type":"ListItem","@id":"https:\/\/www.eldigitaldeasturias.com\/noticias\/la-ue-da-luz-verde-a-crear-una-mision-militar-en-la-republica-centroafricana\/#listItem","position":3,"name":"La UE da luz verde a crear una misi\u00f3n militar en la Rep\u00fablica Centroafricana","previousItem":{"@type":"ListItem","@id":"https:\/\/www.eldigitaldeasturias.com\/noticias\/category\/actualidad\/#listItem","name":"Actualidad"}}]},{"@type":"Organization","@id":"https:\/\/www.eldigitaldeasturias.com\/noticias\/#organization","name":"El Digital de Asturias","description":"Hemeroteca","url":"https:\/\/www.eldigitaldeasturias.com\/noticias\/","email":"info@eldigitaldeasturias.com","telephone":"+34652131393","logo":{"@type":"ImageObject","url":"https:\/\/www.eldigitaldeasturias.com\/noticias\/wp-content\/uploads\/2020\/12\/EDA.jpg","@id":"https:\/\/www.eldigitaldeasturias.com\/noticias\/la-ue-da-luz-verde-a-crear-una-mision-militar-en-la-republica-centroafricana\/#organizationLogo"},"image":{"@id":"https:\/\/www.eldigitaldeasturias.com\/noticias\/la-ue-da-luz-verde-a-crear-una-mision-militar-en-la-republica-centroafricana\/#organizationLogo"},"sameAs":["https:\/\/facebook.com\/eldigitaldeasturias","https:\/\/www.youtube.com\/channel\/UCZP-2wLEB9Rv6erhFmqVnvg"],"address":{"@id":"https:\/\/www.eldigitaldeasturias.com\/noticias\/#postaladdress","@type":"PostalAddress","streetAddress":"san antonio 4","postalCode":"33430","addressLocality":"Cand\u00e1s","addressRegion":"Asturias","addressCountry":"ES"}},{"@type":"Person","@id":"https:\/\/www.eldigitaldeasturias.com\/noticias\/author\/admin\/#author","url":"https:\/\/www.eldigitaldeasturias.com\/noticias\/author\/admin\/","name":"El Digital de Asturias","image":{"@type":"ImageObject","@id":"https:\/\/www.eldigitaldeasturias.com\/noticias\/la-ue-da-luz-verde-a-crear-una-mision-militar-en-la-republica-centroafricana\/#authorImage","url":"https:\/\/secure.gravatar.com\/avatar\/df2aeffc32bcd13f8d26072ef8a91b623d677766deac7f97ca815868cd41bf5e?s=96&d=mm&r=g","width":96,"height":96,"caption":"El Digital de Asturias"}},{"@type":"WebPage","@id":"https:\/\/www.eldigitaldeasturias.com\/noticias\/la-ue-da-luz-verde-a-crear-una-mision-militar-en-la-republica-centroafricana\/#webpage","url":"https:\/\/www.eldigitaldeasturias.com\/noticias\/la-ue-da-luz-verde-a-crear-una-mision-militar-en-la-republica-centroafricana\/","name":"La UE da luz verde a crear una misi\u00f3n militar en la Rep\u00fablica Centroafricana - El Digital de Asturias","description":"Bruselas, 10 feb (EFE).- Los ministros de Asuntos Exteriores de la Uni\u00f3n Europea (UE) acordaron hoy la base legal para establecer una operaci\u00f3n militar comunitaria que contribuya a estabilizar la seguridad en la Rep\u00fablica Centroafricana, tal y como ha autorizado ya el Consejo de Seguridad de la ONU. Tras la adopci\u00f3n por parte de lo","inLanguage":"es-ES","isPartOf":{"@id":"https:\/\/www.eldigitaldeasturias.com\/noticias\/#website"},"breadcrumb":{"@id":"https:\/\/www.eldigitaldeasturias.com\/noticias\/la-ue-da-luz-verde-a-crear-una-mision-militar-en-la-republica-centroafricana\/#breadcrumblist"},"author":{"@id":"https:\/\/www.eldigitaldeasturias.com\/noticias\/author\/admin\/#author"},"creator":{"@id":"https:\/\/www.eldigitaldeasturias.com\/noticias\/author\/admin\/#author"},"image":{"@type":"ImageObject","url":488200,"@id":"https:\/\/www.eldigitaldeasturias.com\/noticias\/la-ue-da-luz-verde-a-crear-una-mision-militar-en-la-republica-centroafricana\/#mainImage"},"primaryImageOfPage":{"@id":"https:\/\/www.eldigitaldeasturias.com\/noticias\/la-ue-da-luz-verde-a-crear-una-mision-militar-en-la-republica-centroafricana\/#mainImage"},"datePublished":"2014-02-11T01:08:14+01:00","dateModified":"2014-02-11T01:08:14+01:00"},{"@type":"WebSite","@id":"https:\/\/www.eldigitaldeasturias.com\/noticias\/#website","url":"https:\/\/www.eldigitaldeasturias.com\/noticias\/","name":"El Digital de Asturias - Diario de actualidad y noticias","alternateName":"El Digital de Asturias - Diario de actualidad y noticias","description":"Hemeroteca","inLanguage":"es-ES","publisher":{"@id":"https:\/\/www.eldigitaldeasturias.com\/noticias\/#organization"}}]},"og:locale":"es_ES","og:site_name":"El Digital de Asturias","og:type":"article","og:title":"La UE da luz verde a crear una misi\u00f3n militar en la Rep\u00fablica Centroafricana - El Digital de Asturias","og:description":"Bruselas, 10 feb (EFE).- Los ministros de Asuntos Exteriores de la Uni\u00f3n Europea (UE) acordaron hoy la base legal para establecer una operaci\u00f3n militar comunitaria que contribuya a estabilizar la seguridad en la Rep\u00fablica Centroafricana, tal y como ha autorizado ya el Consejo de Seguridad de la ONU. Tras la adopci\u00f3n por parte de lo","og:url":"https:\/\/www.eldigitaldeasturias.com\/noticias\/la-ue-da-luz-verde-a-crear-una-mision-militar-en-la-republica-centroafricana\/","article:tag":["actualidad"],"article:published_time":"2014-02-11T02:08:14+00:00","article:modified_time":"2014-02-11T02:08:14+00:00","article:publisher":"https:\/\/facebook.com\/eldigitaldeasturias","twitter:card":"summary_large_image","twitter:title":"La UE da luz verde a crear una misi\u00f3n militar en la Rep\u00fablica Centroafricana - El Digital de Asturias","twitter:description":"Bruselas, 10 feb (EFE).- Los ministros de Asuntos Exteriores de la Uni\u00f3n Europea (UE) acordaron hoy la base legal para establecer una operaci\u00f3n militar comunitaria que contribuya a estabilizar la seguridad en la Rep\u00fablica Centroafricana, tal y como ha autorizado ya el Consejo de Seguridad de la ONU. Tras la adopci\u00f3n por parte de lo","twitter:label1":"Escrito por","twitter:data1":"El Digital de Asturias","twitter:label2":"Tiempo de lectura estimado","twitter:data2":"3 minutos"},"aioseo_meta_data":{"post_id":"488199","title":null,"description":null,"keywords":null,"keyphrases":null,"primary_term":null,"canonical_url":null,"og_title":null,"og_description":null,"og_object_type":"default","og_image_type":"default","og_image_url":null,"og_image_width":null,"og_image_height":null,"og_image_custom_url":null,"og_image_custom_fields":null,"og_video":null,"og_custom_url":null,"og_article_section":null,"og_article_tags":null,"twitter_use_og":true,"twitter_card":"default","twitter_image_type":"default","twitter_image_url":null,"twitter_image_custom_url":null,"twitter_image_custom_fields":null,"twitter_title":null,"twitter_description":null,"schema":{"blockGraphs":[],"customGraphs":[],"default":{"data":{"Article":[],"Course":[],"Dataset":[],"FAQPage":[],"Movie":[],"Person":[],"Product":[],"ProductReview":[],"Car":[],"Recipe":[],"Service":[],"SoftwareApplication":[],"WebPage":[]},"graphName":"","isEnabled":true},"graphs":[],"defaultGraph":"","defaultPostTypeGraph":""},"schema_type":null,"schema_type_options":null,"pillar_content":false,"robots_default":true,"robots_noindex":false,"robots_noarchive":false,"robots_nosnippet":false,"robots_nofollow":false,"robots_noimageindex":false,"robots_noodp":false,"robots_notranslate":false,"robots_max_snippet":null,"robots_max_videopreview":null,"robots_max_imagepreview":"none","priority":null,"frequency":null,"local_seo":null,"seo_analyzer_scan_date":"2026-06-03 07:18:53","breadcrumb_settings":null,"limit_modified_date":false,"open_ai":null,"ai":null,"created":"2020-11-14 22:57:11","updated":"2026-06-03 07:18:53","focus_keyword":null,"additional_keywords":null,"truseo_locale":null},"aioseo_breadcrumb":"<div class=\"aioseo-breadcrumbs\"><span class=\"aioseo-breadcrumb\">\n\t<a href=\"https:\/\/www.eldigitaldeasturias.com\/noticias\" title=\"Home\">Home<\/a>\n<\/span><span class=\"aioseo-breadcrumb-separator\">\u2013<\/span><span class=\"aioseo-breadcrumb\">\n\t<a href=\"https:\/\/www.eldigitaldeasturias.com\/noticias\/category\/actualidad\/\" title=\"Actualidad\">Actualidad<\/a>\n<\/span><span class=\"aioseo-breadcrumb-separator\">\u2013<\/span><span class=\"aioseo-breadcrumb\">\n\t<a href=\"https:\/\/www.eldigitaldeasturias.com\/noticias\/la-ue-da-luz-verde-a-crear-una-mision-militar-en-la-republica-centroafricana\/\" title=\"La UE da luz verde a crear una misi\u00f3n militar en la Rep\u00fablica Centroafricana\">La UE da luz verde a crear una misi\u00f3n militar en la Rep\u00fablica Centroafricana<\/a>\n<\/span><\/div>","aioseo_breadcrumb_json":[{"label":"Home","link":"https:\/\/www.eldigitaldeasturias.com\/noticias"},{"label":"Actualidad","link":"https:\/\/www.eldigitaldeasturias.com\/noticias\/category\/actualidad\/"},{"label":"La UE da luz verde a crear una misi\u00f3n militar en la Rep\u00fablica Centroafricana","link":"https:\/\/www.eldigitaldeasturias.com\/noticias\/la-ue-da-luz-verde-a-crear-una-mision-militar-en-la-republica-centroafricana\/"}],"_links":{"self":[{"href":"https:\/\/www.eldigitaldeasturias.com\/noticias\/wp-json\/wp\/v2\/posts\/488199","targetHints":{"allow":["GET"]}}],"collection":[{"href":"https:\/\/www.eldigitaldeasturias.com\/noticias\/wp-json\/wp\/v2\/posts"}],"about":[{"href":"https:\/\/www.eldigitaldeasturias.com\/noticias\/wp-json\/wp\/v2\/types\/post"}],"author":[{"embeddable":true,"href":"https:\/\/www.eldigitaldeasturias.com\/noticias\/wp-json\/wp\/v2\/users\/1"}],"replies":[{"embeddable":true,"href":"https:\/\/www.eldigitaldeasturias.com\/noticias\/wp-json\/wp\/v2\/comments?post=488199"}],"version-history":[{"count":0,"href":"https:\/\/www.eldigitaldeasturias.com\/noticias\/wp-json\/wp\/v2\/posts\/488199\/revisions"}],"wp:attachment":[{"href":"https:\/\/www.eldigitaldeasturias.com\/noticias\/wp-json\/wp\/v2\/media?parent=488199"}],"wp:term":[{"taxonomy":"category","embeddable":true,"href":"https:\/\/www.eldigitaldeasturias.com\/noticias\/wp-json\/wp\/v2\/categories?post=488199"},{"taxonomy":"post_tag","embeddable":true,"href":"https:\/\/www.eldigitaldeasturias.com\/noticias\/wp-json\/wp\/v2\/tags?post=488199"}],"curies":[{"name":"wp","href":"https:\/\/api.w.org\/{rel}","templated":true}]}}