{"id":488181,"date":"2014-02-11T01:00:27","date_gmt":"2014-02-11T02:00:27","guid":{"rendered":"http:\/\/www.eldigitaldeasturias.com\/noticias\/?p=488181"},"modified":"2014-02-11T01:00:27","modified_gmt":"2014-02-11T02:00:27","slug":"rousseff-defiende-la-inversion-del-gobierno-en-el-transporte-publico","status":"publish","type":"post","link":"https:\/\/www.eldigitaldeasturias.com\/noticias\/rousseff-defiende-la-inversion-del-gobierno-en-el-transporte-publico\/","title":{"rendered":"Rousseff defiende la inversi\u00f3n del Gobierno en el transporte p\u00fablico"},"content":{"rendered":"<p><img loading=\"lazy\" decoding=\"async\" class=\"alignleft size-medium wp-image-488182\" alt=\"5928505w\" src=\"https:\/\/www.eldigitaldeasturias.com\/noticias\/wp-content\/uploads\/2014\/02\/5928505w-360x231.jpg\" width=\"360\" height=\"231\" \/>Sao Paulo, 10 feb (EFE).- La presidenta brasile\u00f1a, Dilma Rousseff, defendi\u00f3 hoy la inversi\u00f3n de su Gobierno para mejorar el sistema del transporte p\u00fablico en las grandes y medianas ciudades del pa\u00eds, una de las principales reclamaciones de las protestas iniciadas en el pa\u00eds en junio pasado.<\/p>\n<p>Rousseff record\u00f3, en su programa de radio semanal \u00abCaf\u00e9 con la Presidenta\u00bb, que el Gobierno lleva cabo, en colaboraci\u00f3n con estados y municipios, una inversi\u00f3n de casi 44.000 millones de euros para mejorar el transporte.<\/p>\n<p>La presidenta subray\u00f3 que el objetivo de la inversi\u00f3n es acelerar las obras para conseguir un transporte p\u00fablico \u00abm\u00e1s confortable, r\u00e1pido, m\u00e1s seguro y con un precio accesible\u00bb.<\/p>\n<p>\u00abPara eso, nosotros, el Gobierno federal, estamos uniendo esfuerzos con los gobernadores y alcaldes. Todos juntos podemos hacer mucho m\u00e1s por las personas que viven en las ciudades de nuestro pa\u00eds\u00bb, afirm\u00f3.<\/p>\n<p>Rousseff realiz\u00f3 estas declaraciones despu\u00e9s de que el jueves pasado cientos de ciudadanos volvieran a salir a las calles de R\u00edo de Janeiro para protestar por el aumento del precio del autob\u00fas, que entr\u00f3 en vigor el pasado s\u00e1bado.<\/p>\n<p>Desde el s\u00e1bado, el precio del billete pas\u00f3 de alrededor de 0,83 euros a unos 0.91 euros.<\/p>\n<p>La jefa de Estado precis\u00f3 que el Gobierno da prioridad al metro, con una inversi\u00f3n de 10.125 millones de euros, dada su capacidad para transportar a millones de personas diariamente.<\/p>\n<p>El pasado junio, durante la Copa de las Confederaciones de f\u00fatbol celebrada en Brasil, el aumento de las tarifas del transporte p\u00fablico desencaden\u00f3 la mayor ola de protestas desde el fin de la dictadura militar, en 1985, y puso en la cima de los planes del pa\u00eds el asunto las infraestructuras urbanas.<\/p>\n","protected":false},"excerpt":{"rendered":"<p>Sao Paulo, 10 feb (EFE).- La presidenta brasile\u00f1a, Dilma Rousseff, defendi\u00f3 hoy la inversi\u00f3n de su Gobierno para mejorar el sistema del transporte p\u00fablico en las grandes y medianas ciudades del pa\u00eds, una de las principales reclamaciones de las protestas iniciadas en el pa\u00eds en junio pasado. Rousseff record\u00f3, en su programa de radio semanal [&hellip;]<\/p>\n","protected":false},"author":1,"featured_media":488182,"comment_status":"closed","ping_status":"closed","sticky":false,"template":"","format":"standard","meta":{"footnotes":""},"categories":[1],"tags":[],"class_list":["post-488181","post","type-post","status-publish","format-standard","has-post-thumbnail","hentry","category-actualidad"],"aioseo_notices":[],"aioseo_head":"\n\t\t<!-- All in One SEO Pro 5.0.1 - aioseo.com -->\n\t<meta name=\"description\" content=\"Sao Paulo, 10 feb (EFE).- La presidenta brasile\u00f1a, Dilma Rousseff, defendi\u00f3 hoy la inversi\u00f3n de su Gobierno para mejorar el sistema del transporte p\u00fablico en las grandes y medianas ciudades del pa\u00eds, una de las principales reclamaciones de las protestas iniciadas en el pa\u00eds en junio pasado. Rousseff record\u00f3, en su programa de radio semanal\" \/>\n\t<meta name=\"robots\" content=\"max-image-preview:large\" \/>\n\t<meta name=\"author\" content=\"El Digital de Asturias\"\/>\n\t<meta name=\"google-site-verification\" content=\"UA-38556648-1\" \/>\n\t<meta name=\"msvalidate.01\" content=\"7dfe9f3f1b24437ab69f4f2559babe99\" \/>\n\t<meta name=\"keywords\" content=\"actualidad\" \/>\n\t<link rel=\"canonical\" href=\"https:\/\/www.eldigitaldeasturias.com\/noticias\/rousseff-defiende-la-inversion-del-gobierno-en-el-transporte-publico\/\" \/>\n\t<meta name=\"generator\" content=\"All in One SEO Pro (AIOSEO) 5.0.1\" \/>\n\t\t<meta property=\"og:locale\" content=\"es_ES\" \/>\n\t\t<meta property=\"og:site_name\" content=\"El Digital de Asturias\" \/>\n\t\t<meta property=\"og:type\" content=\"article\" \/>\n\t\t<meta property=\"og:title\" content=\"Rousseff defiende la inversi\u00f3n del Gobierno en el transporte p\u00fablico - El Digital de Asturias\" \/>\n\t\t<meta property=\"og:description\" content=\"Sao Paulo, 10 feb (EFE).- La presidenta brasile\u00f1a, Dilma Rousseff, defendi\u00f3 hoy la inversi\u00f3n de su Gobierno para mejorar el sistema del transporte p\u00fablico en las grandes y medianas ciudades del pa\u00eds, una de las principales reclamaciones de las protestas iniciadas en el pa\u00eds en junio pasado. Rousseff record\u00f3, en su programa de radio semanal\" \/>\n\t\t<meta property=\"og:url\" content=\"https:\/\/www.eldigitaldeasturias.com\/noticias\/rousseff-defiende-la-inversion-del-gobierno-en-el-transporte-publico\/\" \/>\n\t\t<meta property=\"article:tag\" content=\"actualidad\" \/>\n\t\t<meta property=\"article:published_time\" content=\"2014-02-11T02:00:27+00:00\" \/>\n\t\t<meta property=\"article:modified_time\" content=\"2014-02-11T02:00:27+00:00\" \/>\n\t\t<meta property=\"article:publisher\" content=\"https:\/\/facebook.com\/eldigitaldeasturias\" \/>\n\t\t<meta name=\"twitter:card\" content=\"summary_large_image\" \/>\n\t\t<meta name=\"twitter:title\" content=\"Rousseff defiende la inversi\u00f3n del Gobierno en el transporte p\u00fablico - El Digital de Asturias\" \/>\n\t\t<meta name=\"twitter:description\" content=\"Sao Paulo, 10 feb (EFE).- La presidenta brasile\u00f1a, Dilma Rousseff, defendi\u00f3 hoy la inversi\u00f3n de su Gobierno para mejorar el sistema del transporte p\u00fablico en las grandes y medianas ciudades del pa\u00eds, una de las principales reclamaciones de las protestas iniciadas en el pa\u00eds en junio pasado. Rousseff record\u00f3, en su programa de radio semanal\" \/>\n\t\t<meta name=\"twitter:label1\" content=\"Escrito por\" \/>\n\t\t<meta name=\"twitter:data1\" content=\"El Digital de Asturias\" \/>\n\t\t<meta name=\"twitter:label2\" content=\"Tiempo de lectura estimado\" \/>\n\t\t<meta name=\"twitter:data2\" content=\"1 minuto\" \/>\n\t\t<script type=\"application\/ld+json\" class=\"aioseo-schema\">\n\t\t\t{\"@context\":\"https:\\\/\\\/schema.org\",\"@graph\":[{\"@type\":\"BlogPosting\",\"@id\":\"https:\\\/\\\/www.eldigitaldeasturias.com\\\/noticias\\\/rousseff-defiende-la-inversion-del-gobierno-en-el-transporte-publico\\\/#blogposting\",\"name\":\"Rousseff defiende la inversi\\u00f3n del Gobierno en el transporte p\\u00fablico - El Digital de Asturias\",\"headline\":\"Rousseff defiende la inversi\\u00f3n del Gobierno en el transporte p\\u00fablico\",\"author\":{\"@id\":\"https:\\\/\\\/www.eldigitaldeasturias.com\\\/noticias\\\/author\\\/admin\\\/#author\"},\"publisher\":{\"@id\":\"https:\\\/\\\/www.eldigitaldeasturias.com\\\/noticias\\\/#organization\"},\"image\":{\"@type\":\"ImageObject\",\"url\":488182},\"datePublished\":\"2014-02-11T01:00:27+01:00\",\"dateModified\":\"2014-02-11T01:00:27+01:00\",\"inLanguage\":\"es-ES\",\"mainEntityOfPage\":{\"@id\":\"https:\\\/\\\/www.eldigitaldeasturias.com\\\/noticias\\\/rousseff-defiende-la-inversion-del-gobierno-en-el-transporte-publico\\\/#webpage\"},\"isPartOf\":{\"@id\":\"https:\\\/\\\/www.eldigitaldeasturias.com\\\/noticias\\\/rousseff-defiende-la-inversion-del-gobierno-en-el-transporte-publico\\\/#webpage\"},\"articleSection\":\"Actualidad\"},{\"@type\":\"BreadcrumbList\",\"@id\":\"https:\\\/\\\/www.eldigitaldeasturias.com\\\/noticias\\\/rousseff-defiende-la-inversion-del-gobierno-en-el-transporte-publico\\\/#breadcrumblist\",\"itemListElement\":[{\"@type\":\"ListItem\",\"@id\":\"https:\\\/\\\/www.eldigitaldeasturias.com\\\/noticias#listItem\",\"position\":1,\"name\":\"Home\",\"item\":\"https:\\\/\\\/www.eldigitaldeasturias.com\\\/noticias\",\"nextItem\":{\"@type\":\"ListItem\",\"@id\":\"https:\\\/\\\/www.eldigitaldeasturias.com\\\/noticias\\\/category\\\/actualidad\\\/#listItem\",\"name\":\"Actualidad\"}},{\"@type\":\"ListItem\",\"@id\":\"https:\\\/\\\/www.eldigitaldeasturias.com\\\/noticias\\\/category\\\/actualidad\\\/#listItem\",\"position\":2,\"name\":\"Actualidad\",\"item\":\"https:\\\/\\\/www.eldigitaldeasturias.com\\\/noticias\\\/category\\\/actualidad\\\/\",\"nextItem\":{\"@type\":\"ListItem\",\"@id\":\"https:\\\/\\\/www.eldigitaldeasturias.com\\\/noticias\\\/rousseff-defiende-la-inversion-del-gobierno-en-el-transporte-publico\\\/#listItem\",\"name\":\"Rousseff defiende la inversi\\u00f3n del Gobierno en el transporte p\\u00fablico\"},\"previousItem\":{\"@type\":\"ListItem\",\"@id\":\"https:\\\/\\\/www.eldigitaldeasturias.com\\\/noticias#listItem\",\"name\":\"Home\"}},{\"@type\":\"ListItem\",\"@id\":\"https:\\\/\\\/www.eldigitaldeasturias.com\\\/noticias\\\/rousseff-defiende-la-inversion-del-gobierno-en-el-transporte-publico\\\/#listItem\",\"position\":3,\"name\":\"Rousseff defiende la inversi\\u00f3n del Gobierno en el transporte p\\u00fablico\",\"previousItem\":{\"@type\":\"ListItem\",\"@id\":\"https:\\\/\\\/www.eldigitaldeasturias.com\\\/noticias\\\/category\\\/actualidad\\\/#listItem\",\"name\":\"Actualidad\"}}]},{\"@type\":\"Organization\",\"@id\":\"https:\\\/\\\/www.eldigitaldeasturias.com\\\/noticias\\\/#organization\",\"name\":\"El Digital de Asturias\",\"description\":\"Hemeroteca\",\"url\":\"https:\\\/\\\/www.eldigitaldeasturias.com\\\/noticias\\\/\",\"email\":\"info@eldigitaldeasturias.com\",\"telephone\":\"+34652131393\",\"logo\":{\"@type\":\"ImageObject\",\"url\":\"https:\\\/\\\/www.eldigitaldeasturias.com\\\/noticias\\\/wp-content\\\/uploads\\\/2020\\\/12\\\/EDA.jpg\",\"@id\":\"https:\\\/\\\/www.eldigitaldeasturias.com\\\/noticias\\\/rousseff-defiende-la-inversion-del-gobierno-en-el-transporte-publico\\\/#organizationLogo\"},\"image\":{\"@id\":\"https:\\\/\\\/www.eldigitaldeasturias.com\\\/noticias\\\/rousseff-defiende-la-inversion-del-gobierno-en-el-transporte-publico\\\/#organizationLogo\"},\"sameAs\":[\"https:\\\/\\\/facebook.com\\\/eldigitaldeasturias\",\"https:\\\/\\\/www.youtube.com\\\/channel\\\/UCZP-2wLEB9Rv6erhFmqVnvg\"],\"address\":{\"@id\":\"https:\\\/\\\/www.eldigitaldeasturias.com\\\/noticias\\\/#postaladdress\",\"@type\":\"PostalAddress\",\"streetAddress\":\"san antonio 4\",\"postalCode\":\"33430\",\"addressLocality\":\"Cand\\u00e1s\",\"addressRegion\":\"Asturias\",\"addressCountry\":\"ES\"}},{\"@type\":\"Person\",\"@id\":\"https:\\\/\\\/www.eldigitaldeasturias.com\\\/noticias\\\/author\\\/admin\\\/#author\",\"url\":\"https:\\\/\\\/www.eldigitaldeasturias.com\\\/noticias\\\/author\\\/admin\\\/\",\"name\":\"El Digital de Asturias\",\"image\":{\"@type\":\"ImageObject\",\"@id\":\"https:\\\/\\\/www.eldigitaldeasturias.com\\\/noticias\\\/rousseff-defiende-la-inversion-del-gobierno-en-el-transporte-publico\\\/#authorImage\",\"url\":\"https:\\\/\\\/secure.gravatar.com\\\/avatar\\\/df2aeffc32bcd13f8d26072ef8a91b623d677766deac7f97ca815868cd41bf5e?s=96&d=mm&r=g\",\"width\":96,\"height\":96,\"caption\":\"El Digital de Asturias\"}},{\"@type\":\"WebPage\",\"@id\":\"https:\\\/\\\/www.eldigitaldeasturias.com\\\/noticias\\\/rousseff-defiende-la-inversion-del-gobierno-en-el-transporte-publico\\\/#webpage\",\"url\":\"https:\\\/\\\/www.eldigitaldeasturias.com\\\/noticias\\\/rousseff-defiende-la-inversion-del-gobierno-en-el-transporte-publico\\\/\",\"name\":\"Rousseff defiende la inversi\\u00f3n del Gobierno en el transporte p\\u00fablico - El Digital de Asturias\",\"description\":\"Sao Paulo, 10 feb (EFE).- La presidenta brasile\\u00f1a, Dilma Rousseff, defendi\\u00f3 hoy la inversi\\u00f3n de su Gobierno para mejorar el sistema del transporte p\\u00fablico en las grandes y medianas ciudades del pa\\u00eds, una de las principales reclamaciones de las protestas iniciadas en el pa\\u00eds en junio pasado. Rousseff record\\u00f3, en su programa de radio semanal\",\"inLanguage\":\"es-ES\",\"isPartOf\":{\"@id\":\"https:\\\/\\\/www.eldigitaldeasturias.com\\\/noticias\\\/#website\"},\"breadcrumb\":{\"@id\":\"https:\\\/\\\/www.eldigitaldeasturias.com\\\/noticias\\\/rousseff-defiende-la-inversion-del-gobierno-en-el-transporte-publico\\\/#breadcrumblist\"},\"author\":{\"@id\":\"https:\\\/\\\/www.eldigitaldeasturias.com\\\/noticias\\\/author\\\/admin\\\/#author\"},\"creator\":{\"@id\":\"https:\\\/\\\/www.eldigitaldeasturias.com\\\/noticias\\\/author\\\/admin\\\/#author\"},\"image\":{\"@type\":\"ImageObject\",\"url\":488182,\"@id\":\"https:\\\/\\\/www.eldigitaldeasturias.com\\\/noticias\\\/rousseff-defiende-la-inversion-del-gobierno-en-el-transporte-publico\\\/#mainImage\"},\"primaryImageOfPage\":{\"@id\":\"https:\\\/\\\/www.eldigitaldeasturias.com\\\/noticias\\\/rousseff-defiende-la-inversion-del-gobierno-en-el-transporte-publico\\\/#mainImage\"},\"datePublished\":\"2014-02-11T01:00:27+01:00\",\"dateModified\":\"2014-02-11T01:00:27+01:00\"},{\"@type\":\"WebSite\",\"@id\":\"https:\\\/\\\/www.eldigitaldeasturias.com\\\/noticias\\\/#website\",\"url\":\"https:\\\/\\\/www.eldigitaldeasturias.com\\\/noticias\\\/\",\"name\":\"El Digital de Asturias - Diario de actualidad y noticias\",\"alternateName\":\"El Digital de Asturias - Diario de actualidad y noticias\",\"description\":\"Hemeroteca\",\"inLanguage\":\"es-ES\",\"publisher\":{\"@id\":\"https:\\\/\\\/www.eldigitaldeasturias.com\\\/noticias\\\/#organization\"}}]}\n\t\t<\/script>\n\t\t<!-- All in One SEO Pro -->\r\n\t\t<title>Rousseff defiende la inversi\u00f3n del Gobierno en el transporte p\u00fablico - El Digital de Asturias<\/title>\n\n","aioseo_head_json":{"title":"Rousseff defiende la inversi\u00f3n del Gobierno en el transporte p\u00fablico - El Digital de Asturias","description":"Sao Paulo, 10 feb (EFE).- La presidenta brasile\u00f1a, Dilma Rousseff, defendi\u00f3 hoy la inversi\u00f3n de su Gobierno para mejorar el sistema del transporte p\u00fablico en las grandes y medianas ciudades del pa\u00eds, una de las principales reclamaciones de las protestas iniciadas en el pa\u00eds en junio pasado. Rousseff record\u00f3, en su programa de radio semanal","canonical_url":"https:\/\/www.eldigitaldeasturias.com\/noticias\/rousseff-defiende-la-inversion-del-gobierno-en-el-transporte-publico\/","robots":"max-image-preview:large","keywords":"actualidad","webmasterTools":{"google-site-verification":"UA-38556648-1","msvalidate.01":"7dfe9f3f1b24437ab69f4f2559babe99","miscellaneous":""},"schema":{"@context":"https:\/\/schema.org","@graph":[{"@type":"BlogPosting","@id":"https:\/\/www.eldigitaldeasturias.com\/noticias\/rousseff-defiende-la-inversion-del-gobierno-en-el-transporte-publico\/#blogposting","name":"Rousseff defiende la inversi\u00f3n del Gobierno en el transporte p\u00fablico - El Digital de Asturias","headline":"Rousseff defiende la inversi\u00f3n del Gobierno en el transporte p\u00fablico","author":{"@id":"https:\/\/www.eldigitaldeasturias.com\/noticias\/author\/admin\/#author"},"publisher":{"@id":"https:\/\/www.eldigitaldeasturias.com\/noticias\/#organization"},"image":{"@type":"ImageObject","url":488182},"datePublished":"2014-02-11T01:00:27+01:00","dateModified":"2014-02-11T01:00:27+01:00","inLanguage":"es-ES","mainEntityOfPage":{"@id":"https:\/\/www.eldigitaldeasturias.com\/noticias\/rousseff-defiende-la-inversion-del-gobierno-en-el-transporte-publico\/#webpage"},"isPartOf":{"@id":"https:\/\/www.eldigitaldeasturias.com\/noticias\/rousseff-defiende-la-inversion-del-gobierno-en-el-transporte-publico\/#webpage"},"articleSection":"Actualidad"},{"@type":"BreadcrumbList","@id":"https:\/\/www.eldigitaldeasturias.com\/noticias\/rousseff-defiende-la-inversion-del-gobierno-en-el-transporte-publico\/#breadcrumblist","itemListElement":[{"@type":"ListItem","@id":"https:\/\/www.eldigitaldeasturias.com\/noticias#listItem","position":1,"name":"Home","item":"https:\/\/www.eldigitaldeasturias.com\/noticias","nextItem":{"@type":"ListItem","@id":"https:\/\/www.eldigitaldeasturias.com\/noticias\/category\/actualidad\/#listItem","name":"Actualidad"}},{"@type":"ListItem","@id":"https:\/\/www.eldigitaldeasturias.com\/noticias\/category\/actualidad\/#listItem","position":2,"name":"Actualidad","item":"https:\/\/www.eldigitaldeasturias.com\/noticias\/category\/actualidad\/","nextItem":{"@type":"ListItem","@id":"https:\/\/www.eldigitaldeasturias.com\/noticias\/rousseff-defiende-la-inversion-del-gobierno-en-el-transporte-publico\/#listItem","name":"Rousseff defiende la inversi\u00f3n del Gobierno en el transporte p\u00fablico"},"previousItem":{"@type":"ListItem","@id":"https:\/\/www.eldigitaldeasturias.com\/noticias#listItem","name":"Home"}},{"@type":"ListItem","@id":"https:\/\/www.eldigitaldeasturias.com\/noticias\/rousseff-defiende-la-inversion-del-gobierno-en-el-transporte-publico\/#listItem","position":3,"name":"Rousseff defiende la inversi\u00f3n del Gobierno en el transporte p\u00fablico","previousItem":{"@type":"ListItem","@id":"https:\/\/www.eldigitaldeasturias.com\/noticias\/category\/actualidad\/#listItem","name":"Actualidad"}}]},{"@type":"Organization","@id":"https:\/\/www.eldigitaldeasturias.com\/noticias\/#organization","name":"El Digital de Asturias","description":"Hemeroteca","url":"https:\/\/www.eldigitaldeasturias.com\/noticias\/","email":"info@eldigitaldeasturias.com","telephone":"+34652131393","logo":{"@type":"ImageObject","url":"https:\/\/www.eldigitaldeasturias.com\/noticias\/wp-content\/uploads\/2020\/12\/EDA.jpg","@id":"https:\/\/www.eldigitaldeasturias.com\/noticias\/rousseff-defiende-la-inversion-del-gobierno-en-el-transporte-publico\/#organizationLogo"},"image":{"@id":"https:\/\/www.eldigitaldeasturias.com\/noticias\/rousseff-defiende-la-inversion-del-gobierno-en-el-transporte-publico\/#organizationLogo"},"sameAs":["https:\/\/facebook.com\/eldigitaldeasturias","https:\/\/www.youtube.com\/channel\/UCZP-2wLEB9Rv6erhFmqVnvg"],"address":{"@id":"https:\/\/www.eldigitaldeasturias.com\/noticias\/#postaladdress","@type":"PostalAddress","streetAddress":"san antonio 4","postalCode":"33430","addressLocality":"Cand\u00e1s","addressRegion":"Asturias","addressCountry":"ES"}},{"@type":"Person","@id":"https:\/\/www.eldigitaldeasturias.com\/noticias\/author\/admin\/#author","url":"https:\/\/www.eldigitaldeasturias.com\/noticias\/author\/admin\/","name":"El Digital de Asturias","image":{"@type":"ImageObject","@id":"https:\/\/www.eldigitaldeasturias.com\/noticias\/rousseff-defiende-la-inversion-del-gobierno-en-el-transporte-publico\/#authorImage","url":"https:\/\/secure.gravatar.com\/avatar\/df2aeffc32bcd13f8d26072ef8a91b623d677766deac7f97ca815868cd41bf5e?s=96&d=mm&r=g","width":96,"height":96,"caption":"El Digital de Asturias"}},{"@type":"WebPage","@id":"https:\/\/www.eldigitaldeasturias.com\/noticias\/rousseff-defiende-la-inversion-del-gobierno-en-el-transporte-publico\/#webpage","url":"https:\/\/www.eldigitaldeasturias.com\/noticias\/rousseff-defiende-la-inversion-del-gobierno-en-el-transporte-publico\/","name":"Rousseff defiende la inversi\u00f3n del Gobierno en el transporte p\u00fablico - El Digital de Asturias","description":"Sao Paulo, 10 feb (EFE).- La presidenta brasile\u00f1a, Dilma Rousseff, defendi\u00f3 hoy la inversi\u00f3n de su Gobierno para mejorar el sistema del transporte p\u00fablico en las grandes y medianas ciudades del pa\u00eds, una de las principales reclamaciones de las protestas iniciadas en el pa\u00eds en junio pasado. Rousseff record\u00f3, en su programa de radio semanal","inLanguage":"es-ES","isPartOf":{"@id":"https:\/\/www.eldigitaldeasturias.com\/noticias\/#website"},"breadcrumb":{"@id":"https:\/\/www.eldigitaldeasturias.com\/noticias\/rousseff-defiende-la-inversion-del-gobierno-en-el-transporte-publico\/#breadcrumblist"},"author":{"@id":"https:\/\/www.eldigitaldeasturias.com\/noticias\/author\/admin\/#author"},"creator":{"@id":"https:\/\/www.eldigitaldeasturias.com\/noticias\/author\/admin\/#author"},"image":{"@type":"ImageObject","url":488182,"@id":"https:\/\/www.eldigitaldeasturias.com\/noticias\/rousseff-defiende-la-inversion-del-gobierno-en-el-transporte-publico\/#mainImage"},"primaryImageOfPage":{"@id":"https:\/\/www.eldigitaldeasturias.com\/noticias\/rousseff-defiende-la-inversion-del-gobierno-en-el-transporte-publico\/#mainImage"},"datePublished":"2014-02-11T01:00:27+01:00","dateModified":"2014-02-11T01:00:27+01:00"},{"@type":"WebSite","@id":"https:\/\/www.eldigitaldeasturias.com\/noticias\/#website","url":"https:\/\/www.eldigitaldeasturias.com\/noticias\/","name":"El Digital de Asturias - Diario de actualidad y noticias","alternateName":"El Digital de Asturias - Diario de actualidad y noticias","description":"Hemeroteca","inLanguage":"es-ES","publisher":{"@id":"https:\/\/www.eldigitaldeasturias.com\/noticias\/#organization"}}]},"og:locale":"es_ES","og:site_name":"El Digital de Asturias","og:type":"article","og:title":"Rousseff defiende la inversi\u00f3n del Gobierno en el transporte p\u00fablico - El Digital de Asturias","og:description":"Sao Paulo, 10 feb (EFE).- La presidenta brasile\u00f1a, Dilma Rousseff, defendi\u00f3 hoy la inversi\u00f3n de su Gobierno para mejorar el sistema del transporte p\u00fablico en las grandes y medianas ciudades del pa\u00eds, una de las principales reclamaciones de las protestas iniciadas en el pa\u00eds en junio pasado. Rousseff record\u00f3, en su programa de radio semanal","og:url":"https:\/\/www.eldigitaldeasturias.com\/noticias\/rousseff-defiende-la-inversion-del-gobierno-en-el-transporte-publico\/","article:tag":["actualidad"],"article:published_time":"2014-02-11T02:00:27+00:00","article:modified_time":"2014-02-11T02:00:27+00:00","article:publisher":"https:\/\/facebook.com\/eldigitaldeasturias","twitter:card":"summary_large_image","twitter:title":"Rousseff defiende la inversi\u00f3n del Gobierno en el transporte p\u00fablico - El Digital de Asturias","twitter:description":"Sao Paulo, 10 feb (EFE).- La presidenta brasile\u00f1a, Dilma Rousseff, defendi\u00f3 hoy la inversi\u00f3n de su Gobierno para mejorar el sistema del transporte p\u00fablico en las grandes y medianas ciudades del pa\u00eds, una de las principales reclamaciones de las protestas iniciadas en el pa\u00eds en junio pasado. Rousseff record\u00f3, en su programa de radio semanal","twitter:label1":"Escrito por","twitter:data1":"El Digital de Asturias","twitter:label2":"Tiempo de lectura estimado","twitter:data2":"1 minuto"},"aioseo_meta_data":{"post_id":"488181","title":null,"description":null,"keywords":null,"keyphrases":null,"primary_term":null,"canonical_url":null,"og_title":null,"og_description":null,"og_object_type":"default","og_image_type":"default","og_image_url":null,"og_image_width":null,"og_image_height":null,"og_image_custom_url":null,"og_image_custom_fields":null,"og_video":null,"og_custom_url":null,"og_article_section":null,"og_article_tags":null,"twitter_use_og":true,"twitter_card":"default","twitter_image_type":"default","twitter_image_url":null,"twitter_image_custom_url":null,"twitter_image_custom_fields":null,"twitter_title":null,"twitter_description":null,"schema":{"blockGraphs":[],"customGraphs":[],"default":{"data":{"Article":[],"Course":[],"Dataset":[],"FAQPage":[],"Movie":[],"Person":[],"Product":[],"ProductReview":[],"Car":[],"Recipe":[],"Service":[],"SoftwareApplication":[],"WebPage":[]},"graphName":"","isEnabled":true},"graphs":[],"defaultGraph":"","defaultPostTypeGraph":""},"schema_type":null,"schema_type_options":null,"pillar_content":false,"robots_default":true,"robots_noindex":false,"robots_noarchive":false,"robots_nosnippet":false,"robots_nofollow":false,"robots_noimageindex":false,"robots_noodp":false,"robots_notranslate":false,"robots_max_snippet":null,"robots_max_videopreview":null,"robots_max_imagepreview":"none","priority":null,"frequency":null,"local_seo":null,"seo_analyzer_scan_date":"2026-06-03 07:14:00","breadcrumb_settings":null,"limit_modified_date":false,"open_ai":null,"ai":null,"created":"2020-11-14 22:57:11","updated":"2026-06-03 07:14:00","focus_keyword":null,"additional_keywords":null,"truseo_locale":null},"aioseo_breadcrumb":"<div class=\"aioseo-breadcrumbs\"><span class=\"aioseo-breadcrumb\">\n\t<a href=\"https:\/\/www.eldigitaldeasturias.com\/noticias\" title=\"Home\">Home<\/a>\n<\/span><span class=\"aioseo-breadcrumb-separator\">\u2013<\/span><span class=\"aioseo-breadcrumb\">\n\t<a href=\"https:\/\/www.eldigitaldeasturias.com\/noticias\/category\/actualidad\/\" title=\"Actualidad\">Actualidad<\/a>\n<\/span><span class=\"aioseo-breadcrumb-separator\">\u2013<\/span><span class=\"aioseo-breadcrumb\">\n\t<a href=\"https:\/\/www.eldigitaldeasturias.com\/noticias\/rousseff-defiende-la-inversion-del-gobierno-en-el-transporte-publico\/\" title=\"Rousseff defiende la inversi\u00f3n del Gobierno en el transporte p\u00fablico\">Rousseff defiende la inversi\u00f3n del Gobierno en el transporte p\u00fablico<\/a>\n<\/span><\/div>","aioseo_breadcrumb_json":[{"label":"Home","link":"https:\/\/www.eldigitaldeasturias.com\/noticias"},{"label":"Actualidad","link":"https:\/\/www.eldigitaldeasturias.com\/noticias\/category\/actualidad\/"},{"label":"Rousseff defiende la inversi\u00f3n del Gobierno en el transporte p\u00fablico","link":"https:\/\/www.eldigitaldeasturias.com\/noticias\/rousseff-defiende-la-inversion-del-gobierno-en-el-transporte-publico\/"}],"_links":{"self":[{"href":"https:\/\/www.eldigitaldeasturias.com\/noticias\/wp-json\/wp\/v2\/posts\/488181","targetHints":{"allow":["GET"]}}],"collection":[{"href":"https:\/\/www.eldigitaldeasturias.com\/noticias\/wp-json\/wp\/v2\/posts"}],"about":[{"href":"https:\/\/www.eldigitaldeasturias.com\/noticias\/wp-json\/wp\/v2\/types\/post"}],"author":[{"embeddable":true,"href":"https:\/\/www.eldigitaldeasturias.com\/noticias\/wp-json\/wp\/v2\/users\/1"}],"replies":[{"embeddable":true,"href":"https:\/\/www.eldigitaldeasturias.com\/noticias\/wp-json\/wp\/v2\/comments?post=488181"}],"version-history":[{"count":0,"href":"https:\/\/www.eldigitaldeasturias.com\/noticias\/wp-json\/wp\/v2\/posts\/488181\/revisions"}],"wp:attachment":[{"href":"https:\/\/www.eldigitaldeasturias.com\/noticias\/wp-json\/wp\/v2\/media?parent=488181"}],"wp:term":[{"taxonomy":"category","embeddable":true,"href":"https:\/\/www.eldigitaldeasturias.com\/noticias\/wp-json\/wp\/v2\/categories?post=488181"},{"taxonomy":"post_tag","embeddable":true,"href":"https:\/\/www.eldigitaldeasturias.com\/noticias\/wp-json\/wp\/v2\/tags?post=488181"}],"curies":[{"name":"wp","href":"https:\/\/api.w.org\/{rel}","templated":true}]}}