{"id":488178,"date":"2014-02-11T00:59:31","date_gmt":"2014-02-11T01:59:31","guid":{"rendered":"http:\/\/www.eldigitaldeasturias.com\/noticias\/?p=488178"},"modified":"2014-02-11T00:59:31","modified_gmt":"2014-02-11T01:59:31","slug":"coma-bou-raga-sanz-fores-y-viladoms-premios-michelin","status":"publish","type":"post","link":"https:\/\/www.eldigitaldeasturias.com\/noticias\/coma-bou-raga-sanz-fores-y-viladoms-premios-michelin\/","title":{"rendered":"Coma, Bou, Raga, Sanz, Fores y Viladoms premios Michelin"},"content":{"rendered":"<p><img loading=\"lazy\" decoding=\"async\" class=\"alignleft size-medium wp-image-488179\" alt=\"5928492w\" src=\"https:\/\/www.eldigitaldeasturias.com\/noticias\/wp-content\/uploads\/2014\/02\/5928492w-360x239.jpg\" width=\"360\" height=\"239\" \/>Madrid, 10 feb (EFE).- El cu\u00e1druple vencedor del Dakar, Marc Coma, junto al campe\u00f3n mundial de Trial Toni Bou y los pilotos Laia Sanz, Adam Raga, Jordi Viladoms y el velocista Javier For\u00e9s recibieron hoy en Madrid los premios Michelin por sus \u00e9xitos de la pasada temporada.<\/p>\n<p>Marc Coma, brillante vencedor de la \u00faltima edici\u00f3n del Dakar, fue una de las principales figuras del acto en el que el fabricante de neum\u00e1ticos quiso premiar a todos sus campeones de 2013 y que no faltaron a la cita.<\/p>\n<p>Adem\u00e1s de Coma, que reconoci\u00f3 que esta de vacaciones y recuperando energ\u00eda despu\u00e9s de un Dakar de \u00ablos m\u00e1s duros\u00bb, estuvo tambi\u00e9n en Madrid Toni Bou, brillante vencedor de la cita de Barcelona del mundial de X Trial y l\u00edder s\u00f3lido de la competici\u00f3n a la espera de que comience la temporada al aire libre.<\/p>\n<p>Laia Sanz, vencedora de la categor\u00eda femenina del Dakar, fue otra de las figuras deportivas presente en el acto del fabricante franc\u00e9s de neum\u00e1ticos, que cont\u00f3 con el campe\u00f3n de Espa\u00f1a de Stock Xtreme, Javier For\u00e9s, el trialero Adam Raga y el \u00abmochilero\u00bb de Coma en este Dakar, Jordi Viladoms.<\/p>\n","protected":false},"excerpt":{"rendered":"<p>Madrid, 10 feb (EFE).- El cu\u00e1druple vencedor del Dakar, Marc Coma, junto al campe\u00f3n mundial de Trial Toni Bou y los pilotos Laia Sanz, Adam Raga, Jordi Viladoms y el velocista Javier For\u00e9s recibieron hoy en Madrid los premios Michelin por sus \u00e9xitos de la pasada temporada. Marc Coma, brillante vencedor de la \u00faltima edici\u00f3n [&hellip;]<\/p>\n","protected":false},"author":1,"featured_media":488179,"comment_status":"closed","ping_status":"closed","sticky":false,"template":"","format":"standard","meta":{"footnotes":""},"categories":[1],"tags":[],"class_list":["post-488178","post","type-post","status-publish","format-standard","has-post-thumbnail","hentry","category-actualidad"],"aioseo_notices":[],"aioseo_head":"\n\t\t<!-- All in One SEO Pro 5.0.1 - aioseo.com -->\n\t<meta name=\"description\" content=\"Madrid, 10 feb (EFE).- El cu\u00e1druple vencedor del Dakar, Marc Coma, junto al campe\u00f3n mundial de Trial Toni Bou y los pilotos Laia Sanz, Adam Raga, Jordi Viladoms y el velocista Javier For\u00e9s recibieron hoy en Madrid los premios Michelin por sus \u00e9xitos de la pasada temporada. Marc Coma, brillante vencedor de la \u00faltima edici\u00f3n\" \/>\n\t<meta name=\"robots\" content=\"max-image-preview:large\" \/>\n\t<meta name=\"author\" content=\"El Digital de Asturias\"\/>\n\t<meta name=\"google-site-verification\" content=\"UA-38556648-1\" \/>\n\t<meta name=\"msvalidate.01\" content=\"7dfe9f3f1b24437ab69f4f2559babe99\" \/>\n\t<meta name=\"keywords\" content=\"actualidad\" \/>\n\t<link rel=\"canonical\" href=\"https:\/\/www.eldigitaldeasturias.com\/noticias\/coma-bou-raga-sanz-fores-y-viladoms-premios-michelin\/\" \/>\n\t<meta name=\"generator\" content=\"All in One SEO Pro (AIOSEO) 5.0.1\" \/>\n\t\t<meta property=\"og:locale\" content=\"es_ES\" \/>\n\t\t<meta property=\"og:site_name\" content=\"El Digital de Asturias\" \/>\n\t\t<meta property=\"og:type\" content=\"article\" \/>\n\t\t<meta property=\"og:title\" content=\"Coma, Bou, Raga, Sanz, Fores y Viladoms premios Michelin - El Digital de Asturias\" \/>\n\t\t<meta property=\"og:description\" content=\"Madrid, 10 feb (EFE).- El cu\u00e1druple vencedor del Dakar, Marc Coma, junto al campe\u00f3n mundial de Trial Toni Bou y los pilotos Laia Sanz, Adam Raga, Jordi Viladoms y el velocista Javier For\u00e9s recibieron hoy en Madrid los premios Michelin por sus \u00e9xitos de la pasada temporada. Marc Coma, brillante vencedor de la \u00faltima edici\u00f3n\" \/>\n\t\t<meta property=\"og:url\" content=\"https:\/\/www.eldigitaldeasturias.com\/noticias\/coma-bou-raga-sanz-fores-y-viladoms-premios-michelin\/\" \/>\n\t\t<meta property=\"article:tag\" content=\"actualidad\" \/>\n\t\t<meta property=\"article:published_time\" content=\"2014-02-11T01:59:31+00:00\" \/>\n\t\t<meta property=\"article:modified_time\" content=\"2014-02-11T01:59:31+00:00\" \/>\n\t\t<meta property=\"article:publisher\" content=\"https:\/\/facebook.com\/eldigitaldeasturias\" \/>\n\t\t<meta name=\"twitter:card\" content=\"summary_large_image\" \/>\n\t\t<meta name=\"twitter:title\" content=\"Coma, Bou, Raga, Sanz, Fores y Viladoms premios Michelin - El Digital de Asturias\" \/>\n\t\t<meta name=\"twitter:description\" content=\"Madrid, 10 feb (EFE).- El cu\u00e1druple vencedor del Dakar, Marc Coma, junto al campe\u00f3n mundial de Trial Toni Bou y los pilotos Laia Sanz, Adam Raga, Jordi Viladoms y el velocista Javier For\u00e9s recibieron hoy en Madrid los premios Michelin por sus \u00e9xitos de la pasada temporada. Marc Coma, brillante vencedor de la \u00faltima edici\u00f3n\" \/>\n\t\t<meta name=\"twitter:label1\" content=\"Escrito por\" \/>\n\t\t<meta name=\"twitter:data1\" content=\"El Digital de Asturias\" \/>\n\t\t<meta name=\"twitter:label2\" content=\"Tiempo de lectura estimado\" \/>\n\t\t<meta name=\"twitter:data2\" content=\"1 minuto\" \/>\n\t\t<script type=\"application\/ld+json\" class=\"aioseo-schema\">\n\t\t\t{\"@context\":\"https:\\\/\\\/schema.org\",\"@graph\":[{\"@type\":\"BlogPosting\",\"@id\":\"https:\\\/\\\/www.eldigitaldeasturias.com\\\/noticias\\\/coma-bou-raga-sanz-fores-y-viladoms-premios-michelin\\\/#blogposting\",\"name\":\"Coma, Bou, Raga, Sanz, Fores y Viladoms premios Michelin - El Digital de Asturias\",\"headline\":\"Coma, Bou, Raga, Sanz, Fores y Viladoms premios Michelin\",\"author\":{\"@id\":\"https:\\\/\\\/www.eldigitaldeasturias.com\\\/noticias\\\/author\\\/admin\\\/#author\"},\"publisher\":{\"@id\":\"https:\\\/\\\/www.eldigitaldeasturias.com\\\/noticias\\\/#organization\"},\"image\":{\"@type\":\"ImageObject\",\"url\":488179},\"datePublished\":\"2014-02-11T00:59:31+01:00\",\"dateModified\":\"2014-02-11T00:59:31+01:00\",\"inLanguage\":\"es-ES\",\"mainEntityOfPage\":{\"@id\":\"https:\\\/\\\/www.eldigitaldeasturias.com\\\/noticias\\\/coma-bou-raga-sanz-fores-y-viladoms-premios-michelin\\\/#webpage\"},\"isPartOf\":{\"@id\":\"https:\\\/\\\/www.eldigitaldeasturias.com\\\/noticias\\\/coma-bou-raga-sanz-fores-y-viladoms-premios-michelin\\\/#webpage\"},\"articleSection\":\"Actualidad\"},{\"@type\":\"BreadcrumbList\",\"@id\":\"https:\\\/\\\/www.eldigitaldeasturias.com\\\/noticias\\\/coma-bou-raga-sanz-fores-y-viladoms-premios-michelin\\\/#breadcrumblist\",\"itemListElement\":[{\"@type\":\"ListItem\",\"@id\":\"https:\\\/\\\/www.eldigitaldeasturias.com\\\/noticias#listItem\",\"position\":1,\"name\":\"Home\",\"item\":\"https:\\\/\\\/www.eldigitaldeasturias.com\\\/noticias\",\"nextItem\":{\"@type\":\"ListItem\",\"@id\":\"https:\\\/\\\/www.eldigitaldeasturias.com\\\/noticias\\\/category\\\/actualidad\\\/#listItem\",\"name\":\"Actualidad\"}},{\"@type\":\"ListItem\",\"@id\":\"https:\\\/\\\/www.eldigitaldeasturias.com\\\/noticias\\\/category\\\/actualidad\\\/#listItem\",\"position\":2,\"name\":\"Actualidad\",\"item\":\"https:\\\/\\\/www.eldigitaldeasturias.com\\\/noticias\\\/category\\\/actualidad\\\/\",\"nextItem\":{\"@type\":\"ListItem\",\"@id\":\"https:\\\/\\\/www.eldigitaldeasturias.com\\\/noticias\\\/coma-bou-raga-sanz-fores-y-viladoms-premios-michelin\\\/#listItem\",\"name\":\"Coma, Bou, Raga, Sanz, Fores y Viladoms premios Michelin\"},\"previousItem\":{\"@type\":\"ListItem\",\"@id\":\"https:\\\/\\\/www.eldigitaldeasturias.com\\\/noticias#listItem\",\"name\":\"Home\"}},{\"@type\":\"ListItem\",\"@id\":\"https:\\\/\\\/www.eldigitaldeasturias.com\\\/noticias\\\/coma-bou-raga-sanz-fores-y-viladoms-premios-michelin\\\/#listItem\",\"position\":3,\"name\":\"Coma, Bou, Raga, Sanz, Fores y Viladoms premios Michelin\",\"previousItem\":{\"@type\":\"ListItem\",\"@id\":\"https:\\\/\\\/www.eldigitaldeasturias.com\\\/noticias\\\/category\\\/actualidad\\\/#listItem\",\"name\":\"Actualidad\"}}]},{\"@type\":\"Organization\",\"@id\":\"https:\\\/\\\/www.eldigitaldeasturias.com\\\/noticias\\\/#organization\",\"name\":\"El Digital de Asturias\",\"description\":\"Hemeroteca\",\"url\":\"https:\\\/\\\/www.eldigitaldeasturias.com\\\/noticias\\\/\",\"email\":\"info@eldigitaldeasturias.com\",\"telephone\":\"+34652131393\",\"logo\":{\"@type\":\"ImageObject\",\"url\":\"https:\\\/\\\/www.eldigitaldeasturias.com\\\/noticias\\\/wp-content\\\/uploads\\\/2020\\\/12\\\/EDA.jpg\",\"@id\":\"https:\\\/\\\/www.eldigitaldeasturias.com\\\/noticias\\\/coma-bou-raga-sanz-fores-y-viladoms-premios-michelin\\\/#organizationLogo\"},\"image\":{\"@id\":\"https:\\\/\\\/www.eldigitaldeasturias.com\\\/noticias\\\/coma-bou-raga-sanz-fores-y-viladoms-premios-michelin\\\/#organizationLogo\"},\"sameAs\":[\"https:\\\/\\\/facebook.com\\\/eldigitaldeasturias\",\"https:\\\/\\\/www.youtube.com\\\/channel\\\/UCZP-2wLEB9Rv6erhFmqVnvg\"],\"address\":{\"@id\":\"https:\\\/\\\/www.eldigitaldeasturias.com\\\/noticias\\\/#postaladdress\",\"@type\":\"PostalAddress\",\"streetAddress\":\"san antonio 4\",\"postalCode\":\"33430\",\"addressLocality\":\"Cand\\u00e1s\",\"addressRegion\":\"Asturias\",\"addressCountry\":\"ES\"}},{\"@type\":\"Person\",\"@id\":\"https:\\\/\\\/www.eldigitaldeasturias.com\\\/noticias\\\/author\\\/admin\\\/#author\",\"url\":\"https:\\\/\\\/www.eldigitaldeasturias.com\\\/noticias\\\/author\\\/admin\\\/\",\"name\":\"El Digital de Asturias\",\"image\":{\"@type\":\"ImageObject\",\"@id\":\"https:\\\/\\\/www.eldigitaldeasturias.com\\\/noticias\\\/coma-bou-raga-sanz-fores-y-viladoms-premios-michelin\\\/#authorImage\",\"url\":\"https:\\\/\\\/secure.gravatar.com\\\/avatar\\\/df2aeffc32bcd13f8d26072ef8a91b623d677766deac7f97ca815868cd41bf5e?s=96&d=mm&r=g\",\"width\":96,\"height\":96,\"caption\":\"El Digital de Asturias\"}},{\"@type\":\"WebPage\",\"@id\":\"https:\\\/\\\/www.eldigitaldeasturias.com\\\/noticias\\\/coma-bou-raga-sanz-fores-y-viladoms-premios-michelin\\\/#webpage\",\"url\":\"https:\\\/\\\/www.eldigitaldeasturias.com\\\/noticias\\\/coma-bou-raga-sanz-fores-y-viladoms-premios-michelin\\\/\",\"name\":\"Coma, Bou, Raga, Sanz, Fores y Viladoms premios Michelin - El Digital de Asturias\",\"description\":\"Madrid, 10 feb (EFE).- El cu\\u00e1druple vencedor del Dakar, Marc Coma, junto al campe\\u00f3n mundial de Trial Toni Bou y los pilotos Laia Sanz, Adam Raga, Jordi Viladoms y el velocista Javier For\\u00e9s recibieron hoy en Madrid los premios Michelin por sus \\u00e9xitos de la pasada temporada. Marc Coma, brillante vencedor de la \\u00faltima edici\\u00f3n\",\"inLanguage\":\"es-ES\",\"isPartOf\":{\"@id\":\"https:\\\/\\\/www.eldigitaldeasturias.com\\\/noticias\\\/#website\"},\"breadcrumb\":{\"@id\":\"https:\\\/\\\/www.eldigitaldeasturias.com\\\/noticias\\\/coma-bou-raga-sanz-fores-y-viladoms-premios-michelin\\\/#breadcrumblist\"},\"author\":{\"@id\":\"https:\\\/\\\/www.eldigitaldeasturias.com\\\/noticias\\\/author\\\/admin\\\/#author\"},\"creator\":{\"@id\":\"https:\\\/\\\/www.eldigitaldeasturias.com\\\/noticias\\\/author\\\/admin\\\/#author\"},\"image\":{\"@type\":\"ImageObject\",\"url\":488179,\"@id\":\"https:\\\/\\\/www.eldigitaldeasturias.com\\\/noticias\\\/coma-bou-raga-sanz-fores-y-viladoms-premios-michelin\\\/#mainImage\"},\"primaryImageOfPage\":{\"@id\":\"https:\\\/\\\/www.eldigitaldeasturias.com\\\/noticias\\\/coma-bou-raga-sanz-fores-y-viladoms-premios-michelin\\\/#mainImage\"},\"datePublished\":\"2014-02-11T00:59:31+01:00\",\"dateModified\":\"2014-02-11T00:59:31+01:00\"},{\"@type\":\"WebSite\",\"@id\":\"https:\\\/\\\/www.eldigitaldeasturias.com\\\/noticias\\\/#website\",\"url\":\"https:\\\/\\\/www.eldigitaldeasturias.com\\\/noticias\\\/\",\"name\":\"El Digital de Asturias - Diario de actualidad y noticias\",\"alternateName\":\"El Digital de Asturias - Diario de actualidad y noticias\",\"description\":\"Hemeroteca\",\"inLanguage\":\"es-ES\",\"publisher\":{\"@id\":\"https:\\\/\\\/www.eldigitaldeasturias.com\\\/noticias\\\/#organization\"}}]}\n\t\t<\/script>\n\t\t<!-- All in One SEO Pro -->\r\n\t\t<title>Coma, Bou, Raga, Sanz, Fores y Viladoms premios Michelin - El Digital de Asturias<\/title>\n\n","aioseo_head_json":{"title":"Coma, Bou, Raga, Sanz, Fores y Viladoms premios Michelin - El Digital de Asturias","description":"Madrid, 10 feb (EFE).- El cu\u00e1druple vencedor del Dakar, Marc Coma, junto al campe\u00f3n mundial de Trial Toni Bou y los pilotos Laia Sanz, Adam Raga, Jordi Viladoms y el velocista Javier For\u00e9s recibieron hoy en Madrid los premios Michelin por sus \u00e9xitos de la pasada temporada. Marc Coma, brillante vencedor de la \u00faltima edici\u00f3n","canonical_url":"https:\/\/www.eldigitaldeasturias.com\/noticias\/coma-bou-raga-sanz-fores-y-viladoms-premios-michelin\/","robots":"max-image-preview:large","keywords":"actualidad","webmasterTools":{"google-site-verification":"UA-38556648-1","msvalidate.01":"7dfe9f3f1b24437ab69f4f2559babe99","miscellaneous":""},"schema":{"@context":"https:\/\/schema.org","@graph":[{"@type":"BlogPosting","@id":"https:\/\/www.eldigitaldeasturias.com\/noticias\/coma-bou-raga-sanz-fores-y-viladoms-premios-michelin\/#blogposting","name":"Coma, Bou, Raga, Sanz, Fores y Viladoms premios Michelin - El Digital de Asturias","headline":"Coma, Bou, Raga, Sanz, Fores y Viladoms premios Michelin","author":{"@id":"https:\/\/www.eldigitaldeasturias.com\/noticias\/author\/admin\/#author"},"publisher":{"@id":"https:\/\/www.eldigitaldeasturias.com\/noticias\/#organization"},"image":{"@type":"ImageObject","url":488179},"datePublished":"2014-02-11T00:59:31+01:00","dateModified":"2014-02-11T00:59:31+01:00","inLanguage":"es-ES","mainEntityOfPage":{"@id":"https:\/\/www.eldigitaldeasturias.com\/noticias\/coma-bou-raga-sanz-fores-y-viladoms-premios-michelin\/#webpage"},"isPartOf":{"@id":"https:\/\/www.eldigitaldeasturias.com\/noticias\/coma-bou-raga-sanz-fores-y-viladoms-premios-michelin\/#webpage"},"articleSection":"Actualidad"},{"@type":"BreadcrumbList","@id":"https:\/\/www.eldigitaldeasturias.com\/noticias\/coma-bou-raga-sanz-fores-y-viladoms-premios-michelin\/#breadcrumblist","itemListElement":[{"@type":"ListItem","@id":"https:\/\/www.eldigitaldeasturias.com\/noticias#listItem","position":1,"name":"Home","item":"https:\/\/www.eldigitaldeasturias.com\/noticias","nextItem":{"@type":"ListItem","@id":"https:\/\/www.eldigitaldeasturias.com\/noticias\/category\/actualidad\/#listItem","name":"Actualidad"}},{"@type":"ListItem","@id":"https:\/\/www.eldigitaldeasturias.com\/noticias\/category\/actualidad\/#listItem","position":2,"name":"Actualidad","item":"https:\/\/www.eldigitaldeasturias.com\/noticias\/category\/actualidad\/","nextItem":{"@type":"ListItem","@id":"https:\/\/www.eldigitaldeasturias.com\/noticias\/coma-bou-raga-sanz-fores-y-viladoms-premios-michelin\/#listItem","name":"Coma, Bou, Raga, Sanz, Fores y Viladoms premios Michelin"},"previousItem":{"@type":"ListItem","@id":"https:\/\/www.eldigitaldeasturias.com\/noticias#listItem","name":"Home"}},{"@type":"ListItem","@id":"https:\/\/www.eldigitaldeasturias.com\/noticias\/coma-bou-raga-sanz-fores-y-viladoms-premios-michelin\/#listItem","position":3,"name":"Coma, Bou, Raga, Sanz, Fores y Viladoms premios Michelin","previousItem":{"@type":"ListItem","@id":"https:\/\/www.eldigitaldeasturias.com\/noticias\/category\/actualidad\/#listItem","name":"Actualidad"}}]},{"@type":"Organization","@id":"https:\/\/www.eldigitaldeasturias.com\/noticias\/#organization","name":"El Digital de Asturias","description":"Hemeroteca","url":"https:\/\/www.eldigitaldeasturias.com\/noticias\/","email":"info@eldigitaldeasturias.com","telephone":"+34652131393","logo":{"@type":"ImageObject","url":"https:\/\/www.eldigitaldeasturias.com\/noticias\/wp-content\/uploads\/2020\/12\/EDA.jpg","@id":"https:\/\/www.eldigitaldeasturias.com\/noticias\/coma-bou-raga-sanz-fores-y-viladoms-premios-michelin\/#organizationLogo"},"image":{"@id":"https:\/\/www.eldigitaldeasturias.com\/noticias\/coma-bou-raga-sanz-fores-y-viladoms-premios-michelin\/#organizationLogo"},"sameAs":["https:\/\/facebook.com\/eldigitaldeasturias","https:\/\/www.youtube.com\/channel\/UCZP-2wLEB9Rv6erhFmqVnvg"],"address":{"@id":"https:\/\/www.eldigitaldeasturias.com\/noticias\/#postaladdress","@type":"PostalAddress","streetAddress":"san antonio 4","postalCode":"33430","addressLocality":"Cand\u00e1s","addressRegion":"Asturias","addressCountry":"ES"}},{"@type":"Person","@id":"https:\/\/www.eldigitaldeasturias.com\/noticias\/author\/admin\/#author","url":"https:\/\/www.eldigitaldeasturias.com\/noticias\/author\/admin\/","name":"El Digital de Asturias","image":{"@type":"ImageObject","@id":"https:\/\/www.eldigitaldeasturias.com\/noticias\/coma-bou-raga-sanz-fores-y-viladoms-premios-michelin\/#authorImage","url":"https:\/\/secure.gravatar.com\/avatar\/df2aeffc32bcd13f8d26072ef8a91b623d677766deac7f97ca815868cd41bf5e?s=96&d=mm&r=g","width":96,"height":96,"caption":"El Digital de Asturias"}},{"@type":"WebPage","@id":"https:\/\/www.eldigitaldeasturias.com\/noticias\/coma-bou-raga-sanz-fores-y-viladoms-premios-michelin\/#webpage","url":"https:\/\/www.eldigitaldeasturias.com\/noticias\/coma-bou-raga-sanz-fores-y-viladoms-premios-michelin\/","name":"Coma, Bou, Raga, Sanz, Fores y Viladoms premios Michelin - El Digital de Asturias","description":"Madrid, 10 feb (EFE).- El cu\u00e1druple vencedor del Dakar, Marc Coma, junto al campe\u00f3n mundial de Trial Toni Bou y los pilotos Laia Sanz, Adam Raga, Jordi Viladoms y el velocista Javier For\u00e9s recibieron hoy en Madrid los premios Michelin por sus \u00e9xitos de la pasada temporada. Marc Coma, brillante vencedor de la \u00faltima edici\u00f3n","inLanguage":"es-ES","isPartOf":{"@id":"https:\/\/www.eldigitaldeasturias.com\/noticias\/#website"},"breadcrumb":{"@id":"https:\/\/www.eldigitaldeasturias.com\/noticias\/coma-bou-raga-sanz-fores-y-viladoms-premios-michelin\/#breadcrumblist"},"author":{"@id":"https:\/\/www.eldigitaldeasturias.com\/noticias\/author\/admin\/#author"},"creator":{"@id":"https:\/\/www.eldigitaldeasturias.com\/noticias\/author\/admin\/#author"},"image":{"@type":"ImageObject","url":488179,"@id":"https:\/\/www.eldigitaldeasturias.com\/noticias\/coma-bou-raga-sanz-fores-y-viladoms-premios-michelin\/#mainImage"},"primaryImageOfPage":{"@id":"https:\/\/www.eldigitaldeasturias.com\/noticias\/coma-bou-raga-sanz-fores-y-viladoms-premios-michelin\/#mainImage"},"datePublished":"2014-02-11T00:59:31+01:00","dateModified":"2014-02-11T00:59:31+01:00"},{"@type":"WebSite","@id":"https:\/\/www.eldigitaldeasturias.com\/noticias\/#website","url":"https:\/\/www.eldigitaldeasturias.com\/noticias\/","name":"El Digital de Asturias - Diario de actualidad y noticias","alternateName":"El Digital de Asturias - Diario de actualidad y noticias","description":"Hemeroteca","inLanguage":"es-ES","publisher":{"@id":"https:\/\/www.eldigitaldeasturias.com\/noticias\/#organization"}}]},"og:locale":"es_ES","og:site_name":"El Digital de Asturias","og:type":"article","og:title":"Coma, Bou, Raga, Sanz, Fores y Viladoms premios Michelin - El Digital de Asturias","og:description":"Madrid, 10 feb (EFE).- El cu\u00e1druple vencedor del Dakar, Marc Coma, junto al campe\u00f3n mundial de Trial Toni Bou y los pilotos Laia Sanz, Adam Raga, Jordi Viladoms y el velocista Javier For\u00e9s recibieron hoy en Madrid los premios Michelin por sus \u00e9xitos de la pasada temporada. Marc Coma, brillante vencedor de la \u00faltima edici\u00f3n","og:url":"https:\/\/www.eldigitaldeasturias.com\/noticias\/coma-bou-raga-sanz-fores-y-viladoms-premios-michelin\/","article:tag":["actualidad"],"article:published_time":"2014-02-11T01:59:31+00:00","article:modified_time":"2014-02-11T01:59:31+00:00","article:publisher":"https:\/\/facebook.com\/eldigitaldeasturias","twitter:card":"summary_large_image","twitter:title":"Coma, Bou, Raga, Sanz, Fores y Viladoms premios Michelin - El Digital de Asturias","twitter:description":"Madrid, 10 feb (EFE).- El cu\u00e1druple vencedor del Dakar, Marc Coma, junto al campe\u00f3n mundial de Trial Toni Bou y los pilotos Laia Sanz, Adam Raga, Jordi Viladoms y el velocista Javier For\u00e9s recibieron hoy en Madrid los premios Michelin por sus \u00e9xitos de la pasada temporada. Marc Coma, brillante vencedor de la \u00faltima edici\u00f3n","twitter:label1":"Escrito por","twitter:data1":"El Digital de Asturias","twitter:label2":"Tiempo de lectura estimado","twitter:data2":"1 minuto"},"aioseo_meta_data":{"post_id":"488178","title":null,"description":null,"keywords":null,"keyphrases":null,"primary_term":null,"canonical_url":null,"og_title":null,"og_description":null,"og_object_type":"default","og_image_type":"default","og_image_url":null,"og_image_width":null,"og_image_height":null,"og_image_custom_url":null,"og_image_custom_fields":null,"og_video":null,"og_custom_url":null,"og_article_section":null,"og_article_tags":null,"twitter_use_og":true,"twitter_card":"default","twitter_image_type":"default","twitter_image_url":null,"twitter_image_custom_url":null,"twitter_image_custom_fields":null,"twitter_title":null,"twitter_description":null,"schema":{"blockGraphs":[],"customGraphs":[],"default":{"data":{"Article":[],"Course":[],"Dataset":[],"FAQPage":[],"Movie":[],"Person":[],"Product":[],"ProductReview":[],"Car":[],"Recipe":[],"Service":[],"SoftwareApplication":[],"WebPage":[]},"graphName":"","isEnabled":true},"graphs":[],"defaultGraph":"","defaultPostTypeGraph":""},"schema_type":null,"schema_type_options":null,"pillar_content":false,"robots_default":true,"robots_noindex":false,"robots_noarchive":false,"robots_nosnippet":false,"robots_nofollow":false,"robots_noimageindex":false,"robots_noodp":false,"robots_notranslate":false,"robots_max_snippet":null,"robots_max_videopreview":null,"robots_max_imagepreview":"none","priority":null,"frequency":null,"local_seo":null,"seo_analyzer_scan_date":"2026-06-03 07:13:59","breadcrumb_settings":null,"limit_modified_date":false,"open_ai":null,"ai":null,"created":"2020-11-14 22:57:11","updated":"2026-06-03 07:13:59","focus_keyword":null,"additional_keywords":null,"truseo_locale":null},"aioseo_breadcrumb":"<div class=\"aioseo-breadcrumbs\"><span class=\"aioseo-breadcrumb\">\n\t<a href=\"https:\/\/www.eldigitaldeasturias.com\/noticias\" title=\"Home\">Home<\/a>\n<\/span><span class=\"aioseo-breadcrumb-separator\">\u2013<\/span><span class=\"aioseo-breadcrumb\">\n\t<a href=\"https:\/\/www.eldigitaldeasturias.com\/noticias\/category\/actualidad\/\" title=\"Actualidad\">Actualidad<\/a>\n<\/span><span class=\"aioseo-breadcrumb-separator\">\u2013<\/span><span class=\"aioseo-breadcrumb\">\n\t<a href=\"https:\/\/www.eldigitaldeasturias.com\/noticias\/coma-bou-raga-sanz-fores-y-viladoms-premios-michelin\/\" title=\"Coma, Bou, Raga, Sanz, Fores y Viladoms premios Michelin\">Coma, Bou, Raga, Sanz, Fores y Viladoms premios Michelin<\/a>\n<\/span><\/div>","aioseo_breadcrumb_json":[{"label":"Home","link":"https:\/\/www.eldigitaldeasturias.com\/noticias"},{"label":"Actualidad","link":"https:\/\/www.eldigitaldeasturias.com\/noticias\/category\/actualidad\/"},{"label":"Coma, Bou, Raga, Sanz, Fores y Viladoms premios Michelin","link":"https:\/\/www.eldigitaldeasturias.com\/noticias\/coma-bou-raga-sanz-fores-y-viladoms-premios-michelin\/"}],"_links":{"self":[{"href":"https:\/\/www.eldigitaldeasturias.com\/noticias\/wp-json\/wp\/v2\/posts\/488178","targetHints":{"allow":["GET"]}}],"collection":[{"href":"https:\/\/www.eldigitaldeasturias.com\/noticias\/wp-json\/wp\/v2\/posts"}],"about":[{"href":"https:\/\/www.eldigitaldeasturias.com\/noticias\/wp-json\/wp\/v2\/types\/post"}],"author":[{"embeddable":true,"href":"https:\/\/www.eldigitaldeasturias.com\/noticias\/wp-json\/wp\/v2\/users\/1"}],"replies":[{"embeddable":true,"href":"https:\/\/www.eldigitaldeasturias.com\/noticias\/wp-json\/wp\/v2\/comments?post=488178"}],"version-history":[{"count":0,"href":"https:\/\/www.eldigitaldeasturias.com\/noticias\/wp-json\/wp\/v2\/posts\/488178\/revisions"}],"wp:attachment":[{"href":"https:\/\/www.eldigitaldeasturias.com\/noticias\/wp-json\/wp\/v2\/media?parent=488178"}],"wp:term":[{"taxonomy":"category","embeddable":true,"href":"https:\/\/www.eldigitaldeasturias.com\/noticias\/wp-json\/wp\/v2\/categories?post=488178"},{"taxonomy":"post_tag","embeddable":true,"href":"https:\/\/www.eldigitaldeasturias.com\/noticias\/wp-json\/wp\/v2\/tags?post=488178"}],"curies":[{"name":"wp","href":"https:\/\/api.w.org\/{rel}","templated":true}]}}