{"id":488175,"date":"2014-02-11T00:58:16","date_gmt":"2014-02-11T01:58:16","guid":{"rendered":"http:\/\/www.eldigitaldeasturias.com\/noticias\/?p=488175"},"modified":"2014-02-11T00:58:16","modified_gmt":"2014-02-11T01:58:16","slug":"el-gobierno-canario-promovera-una-consulta-popular-sobre-las-prospecciones","status":"publish","type":"post","link":"https:\/\/www.eldigitaldeasturias.com\/noticias\/el-gobierno-canario-promovera-una-consulta-popular-sobre-las-prospecciones\/","title":{"rendered":"El Gobierno canario promover\u00e1 una consulta popular sobre las prospecciones"},"content":{"rendered":"<p><img loading=\"lazy\" decoding=\"async\" class=\"alignleft size-medium wp-image-488176\" alt=\"5928231w\" src=\"https:\/\/www.eldigitaldeasturias.com\/noticias\/wp-content\/uploads\/2014\/02\/5928231w-360x239.jpg\" width=\"360\" height=\"239\" \/>Santa Cruz de Tenerife, 10 feb (EFE).- El presidente del Gobierno de Canarias, Paulino Rivero, ha anunciado hoy que el Ejecutivo auton\u00f3mico pedir\u00e1 autorizaci\u00f3n al Consejo de Ministro para promover una consulta popular sobre las prospecciones petrol\u00edferas en aguas pr\u00f3ximas a Fuerteventura y Lanzarote.<\/p>\n<p>\u00ab\u00bfEst\u00e1 usted de acuerdo con las prospecciones de petr\u00f3leo autorizadas a la multinacional Repsol frente a las costas de nuestras islas?\u00bb ser\u00eda la pregunta de esta consulta popular, seg\u00fan ha dicho Rivero tras una reuni\u00f3n extraordinaria del Consejo de Gobierno.<\/p>\n<p>Rivero, que ha comparecido ante la prensa junto a todo su Gobierno, ha afirmado que la Constituci\u00f3n en su art\u00edculo 92, el Estatuto de Autonom\u00eda en el art\u00edculo 32 y el reglamento del Parlamento de Canarias en el 203 permiten este tipo de iniciativas.<\/p>\n<p>Formalmente, la petici\u00f3n de consulta popular se remitir\u00e1 al Parlamento de Canarias y en caso de que este lo apruebe por mayor\u00eda absoluta el presidente del Gobierno auton\u00f3mico se dirigir\u00e1 al presidente del Gobierno de Espa\u00f1a para solicitar la autorizaci\u00f3n.<\/p>\n<p>\u00abLo que se trata es de escuchar al pueblo\u00bb, ha subrayado Paulino Rivero, porque todas las posiciones institucionales sobre las prospecciones ya se han expresado.<\/p>\n<p>El Gobierno de Espa\u00f1a ha autorizado esas prospecciones al este de Canarias, pero tanto el Gobierno de Canarias, como el Parlamento auton\u00f3mico y los cabildos de Lanzarote y Fuertentura, los m\u00e1s pr\u00f3ximos a la zona en la que se realizar\u00e1n los sondeos, han mostrado su oposici\u00f3n, de manera que \u00ablo l\u00f3gico es escuchar la voz del pueblo\u00bb, ha a\u00f1adido.<\/p>\n<p>Hay diferencias entre instituciones, entre partidos, entre cient\u00edficos y dentro de la sociedad sobre las prospecciones, as\u00ed que \u00ablo razonable es consultar al pueblo\u00bb en un asunto que va m\u00e1s all\u00e1 de una o dos legislaturas porque implica al futuro de Canarias, ha argumentado.<\/p>\n<p>Rivero ha insistido en que esta petici\u00f3n es respetuosa con el marco constitucional, no quiebra la lealtad institucional de Canarias con el Estado y deber\u00eda suponer la suspensi\u00f3n cautelar de cualquier tipo de actuaci\u00f3n de Repsol frente a las costas de Lanzarote y Fuerteventura hasta que se adopte una decisi\u00f3n.<\/p>\n<p>El presidente se\u00f1al\u00f3 que las consultas populares est\u00e1n previstas para asuntos de especial trascendencia, y las prospecciones petrol\u00edferas en el entorno de Canarias son un asunto de gran trascendencia pol\u00edtica, econ\u00f3mica, social y ambiental, que tiene que ver con el modelo econ\u00f3mico de Canarias.<\/p>\n<p>El presidente canario ha telefoneado esta ma\u00f1ana al presidente Mariano Rajoy para informarle de este acuerdo, aunque no ha podido a\u00fan hablar con \u00e9l y conf\u00eda en hacerlo esta tarde.<\/p>\n<p>Ha reafirmado su voluntad de mantener el esp\u00edritu de di\u00e1logo, lealtad y respeto institucional con el Gobierno de Espa\u00f1a, pero eso \u00abno es un obst\u00e1culo para que en algunos asuntos no estemos de acuerdo\u00bb, como en el caso de las prospecciones.<\/p>\n<p>El presidente ha se\u00f1alado que \u00abel petr\u00f3leo es incompatible con la actividad tur\u00edstica\u00bb, principal actividad econ\u00f3mica de Canarias, y en el caso de Lanzarote y Fuerteventura el sector supone el 51 por ciento de su econom\u00eda.<\/p>\n<p>Enfatiz\u00f3 que esta petici\u00f3n se realiza desde el respeto absoluto a la Constituci\u00f3n y a las leyes, por lo que la desvincul\u00f3 de \u00abplanteamientos que se hacen en otros territorios\u00bb, en relaci\u00f3n al proceso soberanista de Catalu\u00f1a.<\/p>\n<p>Paulino Rivero no quiso adelantar qu\u00e9 har\u00e1 su Gobierno si no es autorizada la consulta.<\/p>\n<p>\u00abVamos a esperar a que se produzca la decisi\u00f3n del Parlamento de Canarias y del Gobierno de Espa\u00f1a\u00bb, y \u00ablos siguientes pasos los daremos en funci\u00f3n de las decisiones que se vayan tomando\u00bb, ha dicho.<\/p>\n","protected":false},"excerpt":{"rendered":"<p>Santa Cruz de Tenerife, 10 feb (EFE).- El presidente del Gobierno de Canarias, Paulino Rivero, ha anunciado hoy que el Ejecutivo auton\u00f3mico pedir\u00e1 autorizaci\u00f3n al Consejo de Ministro para promover una consulta popular sobre las prospecciones petrol\u00edferas en aguas pr\u00f3ximas a Fuerteventura y Lanzarote. \u00ab\u00bfEst\u00e1 usted de acuerdo con las prospecciones de petr\u00f3leo autorizadas a [&hellip;]<\/p>\n","protected":false},"author":1,"featured_media":488176,"comment_status":"closed","ping_status":"closed","sticky":false,"template":"","format":"standard","meta":{"footnotes":""},"categories":[1],"tags":[],"class_list":["post-488175","post","type-post","status-publish","format-standard","has-post-thumbnail","hentry","category-actualidad"],"aioseo_notices":[],"aioseo_head":"\n\t\t<!-- All in One SEO Pro 5.0.1 - aioseo.com -->\n\t<meta name=\"description\" content=\"Santa Cruz de Tenerife, 10 feb (EFE).- El presidente del Gobierno de Canarias, Paulino Rivero, ha anunciado hoy que el Ejecutivo auton\u00f3mico pedir\u00e1 autorizaci\u00f3n al Consejo de Ministro para promover una consulta popular sobre las prospecciones petrol\u00edferas en aguas pr\u00f3ximas a Fuerteventura y Lanzarote. &quot;\u00bfEst\u00e1 usted de acuerdo con las prospecciones de petr\u00f3leo autorizadas a\" \/>\n\t<meta name=\"robots\" content=\"max-image-preview:large\" \/>\n\t<meta name=\"author\" content=\"El Digital de Asturias\"\/>\n\t<meta name=\"google-site-verification\" content=\"UA-38556648-1\" \/>\n\t<meta name=\"msvalidate.01\" content=\"7dfe9f3f1b24437ab69f4f2559babe99\" \/>\n\t<meta name=\"keywords\" content=\"actualidad\" \/>\n\t<link rel=\"canonical\" href=\"https:\/\/www.eldigitaldeasturias.com\/noticias\/el-gobierno-canario-promovera-una-consulta-popular-sobre-las-prospecciones\/\" \/>\n\t<meta name=\"generator\" content=\"All in One SEO Pro (AIOSEO) 5.0.1\" \/>\n\t\t<meta property=\"og:locale\" content=\"es_ES\" \/>\n\t\t<meta property=\"og:site_name\" content=\"El Digital de Asturias\" \/>\n\t\t<meta property=\"og:type\" content=\"article\" \/>\n\t\t<meta property=\"og:title\" content=\"El Gobierno canario promover\u00e1 una consulta popular sobre las prospecciones - El Digital de Asturias\" \/>\n\t\t<meta property=\"og:description\" content=\"Santa Cruz de Tenerife, 10 feb (EFE).- El presidente del Gobierno de Canarias, Paulino Rivero, ha anunciado hoy que el Ejecutivo auton\u00f3mico pedir\u00e1 autorizaci\u00f3n al Consejo de Ministro para promover una consulta popular sobre las prospecciones petrol\u00edferas en aguas pr\u00f3ximas a Fuerteventura y Lanzarote. &quot;\u00bfEst\u00e1 usted de acuerdo con las prospecciones de petr\u00f3leo autorizadas a\" \/>\n\t\t<meta property=\"og:url\" content=\"https:\/\/www.eldigitaldeasturias.com\/noticias\/el-gobierno-canario-promovera-una-consulta-popular-sobre-las-prospecciones\/\" \/>\n\t\t<meta property=\"article:tag\" content=\"actualidad\" \/>\n\t\t<meta property=\"article:published_time\" content=\"2014-02-11T01:58:16+00:00\" \/>\n\t\t<meta property=\"article:modified_time\" content=\"2014-02-11T01:58:16+00:00\" \/>\n\t\t<meta property=\"article:publisher\" content=\"https:\/\/facebook.com\/eldigitaldeasturias\" \/>\n\t\t<meta name=\"twitter:card\" content=\"summary_large_image\" \/>\n\t\t<meta name=\"twitter:title\" content=\"El Gobierno canario promover\u00e1 una consulta popular sobre las prospecciones - El Digital de Asturias\" \/>\n\t\t<meta name=\"twitter:description\" content=\"Santa Cruz de Tenerife, 10 feb (EFE).- El presidente del Gobierno de Canarias, Paulino Rivero, ha anunciado hoy que el Ejecutivo auton\u00f3mico pedir\u00e1 autorizaci\u00f3n al Consejo de Ministro para promover una consulta popular sobre las prospecciones petrol\u00edferas en aguas pr\u00f3ximas a Fuerteventura y Lanzarote. &quot;\u00bfEst\u00e1 usted de acuerdo con las prospecciones de petr\u00f3leo autorizadas a\" \/>\n\t\t<meta name=\"twitter:label1\" content=\"Escrito por\" \/>\n\t\t<meta name=\"twitter:data1\" content=\"El Digital de Asturias\" \/>\n\t\t<meta name=\"twitter:label2\" content=\"Tiempo de lectura estimado\" \/>\n\t\t<meta name=\"twitter:data2\" content=\"3 minutos\" \/>\n\t\t<script type=\"application\/ld+json\" class=\"aioseo-schema\">\n\t\t\t{\"@context\":\"https:\\\/\\\/schema.org\",\"@graph\":[{\"@type\":\"BlogPosting\",\"@id\":\"https:\\\/\\\/www.eldigitaldeasturias.com\\\/noticias\\\/el-gobierno-canario-promovera-una-consulta-popular-sobre-las-prospecciones\\\/#blogposting\",\"name\":\"El Gobierno canario promover\\u00e1 una consulta popular sobre las prospecciones - El Digital de Asturias\",\"headline\":\"El Gobierno canario promover\\u00e1 una consulta popular sobre las prospecciones\",\"author\":{\"@id\":\"https:\\\/\\\/www.eldigitaldeasturias.com\\\/noticias\\\/author\\\/admin\\\/#author\"},\"publisher\":{\"@id\":\"https:\\\/\\\/www.eldigitaldeasturias.com\\\/noticias\\\/#organization\"},\"image\":{\"@type\":\"ImageObject\",\"url\":488176},\"datePublished\":\"2014-02-11T00:58:16+01:00\",\"dateModified\":\"2014-02-11T00:58:16+01:00\",\"inLanguage\":\"es-ES\",\"mainEntityOfPage\":{\"@id\":\"https:\\\/\\\/www.eldigitaldeasturias.com\\\/noticias\\\/el-gobierno-canario-promovera-una-consulta-popular-sobre-las-prospecciones\\\/#webpage\"},\"isPartOf\":{\"@id\":\"https:\\\/\\\/www.eldigitaldeasturias.com\\\/noticias\\\/el-gobierno-canario-promovera-una-consulta-popular-sobre-las-prospecciones\\\/#webpage\"},\"articleSection\":\"Actualidad\"},{\"@type\":\"BreadcrumbList\",\"@id\":\"https:\\\/\\\/www.eldigitaldeasturias.com\\\/noticias\\\/el-gobierno-canario-promovera-una-consulta-popular-sobre-las-prospecciones\\\/#breadcrumblist\",\"itemListElement\":[{\"@type\":\"ListItem\",\"@id\":\"https:\\\/\\\/www.eldigitaldeasturias.com\\\/noticias#listItem\",\"position\":1,\"name\":\"Home\",\"item\":\"https:\\\/\\\/www.eldigitaldeasturias.com\\\/noticias\",\"nextItem\":{\"@type\":\"ListItem\",\"@id\":\"https:\\\/\\\/www.eldigitaldeasturias.com\\\/noticias\\\/category\\\/actualidad\\\/#listItem\",\"name\":\"Actualidad\"}},{\"@type\":\"ListItem\",\"@id\":\"https:\\\/\\\/www.eldigitaldeasturias.com\\\/noticias\\\/category\\\/actualidad\\\/#listItem\",\"position\":2,\"name\":\"Actualidad\",\"item\":\"https:\\\/\\\/www.eldigitaldeasturias.com\\\/noticias\\\/category\\\/actualidad\\\/\",\"nextItem\":{\"@type\":\"ListItem\",\"@id\":\"https:\\\/\\\/www.eldigitaldeasturias.com\\\/noticias\\\/el-gobierno-canario-promovera-una-consulta-popular-sobre-las-prospecciones\\\/#listItem\",\"name\":\"El Gobierno canario promover\\u00e1 una consulta popular sobre las prospecciones\"},\"previousItem\":{\"@type\":\"ListItem\",\"@id\":\"https:\\\/\\\/www.eldigitaldeasturias.com\\\/noticias#listItem\",\"name\":\"Home\"}},{\"@type\":\"ListItem\",\"@id\":\"https:\\\/\\\/www.eldigitaldeasturias.com\\\/noticias\\\/el-gobierno-canario-promovera-una-consulta-popular-sobre-las-prospecciones\\\/#listItem\",\"position\":3,\"name\":\"El Gobierno canario promover\\u00e1 una consulta popular sobre las prospecciones\",\"previousItem\":{\"@type\":\"ListItem\",\"@id\":\"https:\\\/\\\/www.eldigitaldeasturias.com\\\/noticias\\\/category\\\/actualidad\\\/#listItem\",\"name\":\"Actualidad\"}}]},{\"@type\":\"Organization\",\"@id\":\"https:\\\/\\\/www.eldigitaldeasturias.com\\\/noticias\\\/#organization\",\"name\":\"El Digital de Asturias\",\"description\":\"Hemeroteca\",\"url\":\"https:\\\/\\\/www.eldigitaldeasturias.com\\\/noticias\\\/\",\"email\":\"info@eldigitaldeasturias.com\",\"telephone\":\"+34652131393\",\"logo\":{\"@type\":\"ImageObject\",\"url\":\"https:\\\/\\\/www.eldigitaldeasturias.com\\\/noticias\\\/wp-content\\\/uploads\\\/2020\\\/12\\\/EDA.jpg\",\"@id\":\"https:\\\/\\\/www.eldigitaldeasturias.com\\\/noticias\\\/el-gobierno-canario-promovera-una-consulta-popular-sobre-las-prospecciones\\\/#organizationLogo\"},\"image\":{\"@id\":\"https:\\\/\\\/www.eldigitaldeasturias.com\\\/noticias\\\/el-gobierno-canario-promovera-una-consulta-popular-sobre-las-prospecciones\\\/#organizationLogo\"},\"sameAs\":[\"https:\\\/\\\/facebook.com\\\/eldigitaldeasturias\",\"https:\\\/\\\/www.youtube.com\\\/channel\\\/UCZP-2wLEB9Rv6erhFmqVnvg\"],\"address\":{\"@id\":\"https:\\\/\\\/www.eldigitaldeasturias.com\\\/noticias\\\/#postaladdress\",\"@type\":\"PostalAddress\",\"streetAddress\":\"san antonio 4\",\"postalCode\":\"33430\",\"addressLocality\":\"Cand\\u00e1s\",\"addressRegion\":\"Asturias\",\"addressCountry\":\"ES\"}},{\"@type\":\"Person\",\"@id\":\"https:\\\/\\\/www.eldigitaldeasturias.com\\\/noticias\\\/author\\\/admin\\\/#author\",\"url\":\"https:\\\/\\\/www.eldigitaldeasturias.com\\\/noticias\\\/author\\\/admin\\\/\",\"name\":\"El Digital de Asturias\",\"image\":{\"@type\":\"ImageObject\",\"@id\":\"https:\\\/\\\/www.eldigitaldeasturias.com\\\/noticias\\\/el-gobierno-canario-promovera-una-consulta-popular-sobre-las-prospecciones\\\/#authorImage\",\"url\":\"https:\\\/\\\/secure.gravatar.com\\\/avatar\\\/df2aeffc32bcd13f8d26072ef8a91b623d677766deac7f97ca815868cd41bf5e?s=96&d=mm&r=g\",\"width\":96,\"height\":96,\"caption\":\"El Digital de Asturias\"}},{\"@type\":\"WebPage\",\"@id\":\"https:\\\/\\\/www.eldigitaldeasturias.com\\\/noticias\\\/el-gobierno-canario-promovera-una-consulta-popular-sobre-las-prospecciones\\\/#webpage\",\"url\":\"https:\\\/\\\/www.eldigitaldeasturias.com\\\/noticias\\\/el-gobierno-canario-promovera-una-consulta-popular-sobre-las-prospecciones\\\/\",\"name\":\"El Gobierno canario promover\\u00e1 una consulta popular sobre las prospecciones - El Digital de Asturias\",\"description\":\"Santa Cruz de Tenerife, 10 feb (EFE).- El presidente del Gobierno de Canarias, Paulino Rivero, ha anunciado hoy que el Ejecutivo auton\\u00f3mico pedir\\u00e1 autorizaci\\u00f3n al Consejo de Ministro para promover una consulta popular sobre las prospecciones petrol\\u00edferas en aguas pr\\u00f3ximas a Fuerteventura y Lanzarote. \\\"\\u00bfEst\\u00e1 usted de acuerdo con las prospecciones de petr\\u00f3leo autorizadas a\",\"inLanguage\":\"es-ES\",\"isPartOf\":{\"@id\":\"https:\\\/\\\/www.eldigitaldeasturias.com\\\/noticias\\\/#website\"},\"breadcrumb\":{\"@id\":\"https:\\\/\\\/www.eldigitaldeasturias.com\\\/noticias\\\/el-gobierno-canario-promovera-una-consulta-popular-sobre-las-prospecciones\\\/#breadcrumblist\"},\"author\":{\"@id\":\"https:\\\/\\\/www.eldigitaldeasturias.com\\\/noticias\\\/author\\\/admin\\\/#author\"},\"creator\":{\"@id\":\"https:\\\/\\\/www.eldigitaldeasturias.com\\\/noticias\\\/author\\\/admin\\\/#author\"},\"image\":{\"@type\":\"ImageObject\",\"url\":488176,\"@id\":\"https:\\\/\\\/www.eldigitaldeasturias.com\\\/noticias\\\/el-gobierno-canario-promovera-una-consulta-popular-sobre-las-prospecciones\\\/#mainImage\"},\"primaryImageOfPage\":{\"@id\":\"https:\\\/\\\/www.eldigitaldeasturias.com\\\/noticias\\\/el-gobierno-canario-promovera-una-consulta-popular-sobre-las-prospecciones\\\/#mainImage\"},\"datePublished\":\"2014-02-11T00:58:16+01:00\",\"dateModified\":\"2014-02-11T00:58:16+01:00\"},{\"@type\":\"WebSite\",\"@id\":\"https:\\\/\\\/www.eldigitaldeasturias.com\\\/noticias\\\/#website\",\"url\":\"https:\\\/\\\/www.eldigitaldeasturias.com\\\/noticias\\\/\",\"name\":\"El Digital de Asturias - Diario de actualidad y noticias\",\"alternateName\":\"El Digital de Asturias - Diario de actualidad y noticias\",\"description\":\"Hemeroteca\",\"inLanguage\":\"es-ES\",\"publisher\":{\"@id\":\"https:\\\/\\\/www.eldigitaldeasturias.com\\\/noticias\\\/#organization\"}}]}\n\t\t<\/script>\n\t\t<!-- All in One SEO Pro -->\r\n\t\t<title>El Gobierno canario promover\u00e1 una consulta popular sobre las prospecciones - El Digital de Asturias<\/title>\n\n","aioseo_head_json":{"title":"El Gobierno canario promover\u00e1 una consulta popular sobre las prospecciones - El Digital de Asturias","description":"Santa Cruz de Tenerife, 10 feb (EFE).- El presidente del Gobierno de Canarias, Paulino Rivero, ha anunciado hoy que el Ejecutivo auton\u00f3mico pedir\u00e1 autorizaci\u00f3n al Consejo de Ministro para promover una consulta popular sobre las prospecciones petrol\u00edferas en aguas pr\u00f3ximas a Fuerteventura y Lanzarote. \"\u00bfEst\u00e1 usted de acuerdo con las prospecciones de petr\u00f3leo autorizadas a","canonical_url":"https:\/\/www.eldigitaldeasturias.com\/noticias\/el-gobierno-canario-promovera-una-consulta-popular-sobre-las-prospecciones\/","robots":"max-image-preview:large","keywords":"actualidad","webmasterTools":{"google-site-verification":"UA-38556648-1","msvalidate.01":"7dfe9f3f1b24437ab69f4f2559babe99","miscellaneous":""},"schema":{"@context":"https:\/\/schema.org","@graph":[{"@type":"BlogPosting","@id":"https:\/\/www.eldigitaldeasturias.com\/noticias\/el-gobierno-canario-promovera-una-consulta-popular-sobre-las-prospecciones\/#blogposting","name":"El Gobierno canario promover\u00e1 una consulta popular sobre las prospecciones - El Digital de Asturias","headline":"El Gobierno canario promover\u00e1 una consulta popular sobre las prospecciones","author":{"@id":"https:\/\/www.eldigitaldeasturias.com\/noticias\/author\/admin\/#author"},"publisher":{"@id":"https:\/\/www.eldigitaldeasturias.com\/noticias\/#organization"},"image":{"@type":"ImageObject","url":488176},"datePublished":"2014-02-11T00:58:16+01:00","dateModified":"2014-02-11T00:58:16+01:00","inLanguage":"es-ES","mainEntityOfPage":{"@id":"https:\/\/www.eldigitaldeasturias.com\/noticias\/el-gobierno-canario-promovera-una-consulta-popular-sobre-las-prospecciones\/#webpage"},"isPartOf":{"@id":"https:\/\/www.eldigitaldeasturias.com\/noticias\/el-gobierno-canario-promovera-una-consulta-popular-sobre-las-prospecciones\/#webpage"},"articleSection":"Actualidad"},{"@type":"BreadcrumbList","@id":"https:\/\/www.eldigitaldeasturias.com\/noticias\/el-gobierno-canario-promovera-una-consulta-popular-sobre-las-prospecciones\/#breadcrumblist","itemListElement":[{"@type":"ListItem","@id":"https:\/\/www.eldigitaldeasturias.com\/noticias#listItem","position":1,"name":"Home","item":"https:\/\/www.eldigitaldeasturias.com\/noticias","nextItem":{"@type":"ListItem","@id":"https:\/\/www.eldigitaldeasturias.com\/noticias\/category\/actualidad\/#listItem","name":"Actualidad"}},{"@type":"ListItem","@id":"https:\/\/www.eldigitaldeasturias.com\/noticias\/category\/actualidad\/#listItem","position":2,"name":"Actualidad","item":"https:\/\/www.eldigitaldeasturias.com\/noticias\/category\/actualidad\/","nextItem":{"@type":"ListItem","@id":"https:\/\/www.eldigitaldeasturias.com\/noticias\/el-gobierno-canario-promovera-una-consulta-popular-sobre-las-prospecciones\/#listItem","name":"El Gobierno canario promover\u00e1 una consulta popular sobre las prospecciones"},"previousItem":{"@type":"ListItem","@id":"https:\/\/www.eldigitaldeasturias.com\/noticias#listItem","name":"Home"}},{"@type":"ListItem","@id":"https:\/\/www.eldigitaldeasturias.com\/noticias\/el-gobierno-canario-promovera-una-consulta-popular-sobre-las-prospecciones\/#listItem","position":3,"name":"El Gobierno canario promover\u00e1 una consulta popular sobre las prospecciones","previousItem":{"@type":"ListItem","@id":"https:\/\/www.eldigitaldeasturias.com\/noticias\/category\/actualidad\/#listItem","name":"Actualidad"}}]},{"@type":"Organization","@id":"https:\/\/www.eldigitaldeasturias.com\/noticias\/#organization","name":"El Digital de Asturias","description":"Hemeroteca","url":"https:\/\/www.eldigitaldeasturias.com\/noticias\/","email":"info@eldigitaldeasturias.com","telephone":"+34652131393","logo":{"@type":"ImageObject","url":"https:\/\/www.eldigitaldeasturias.com\/noticias\/wp-content\/uploads\/2020\/12\/EDA.jpg","@id":"https:\/\/www.eldigitaldeasturias.com\/noticias\/el-gobierno-canario-promovera-una-consulta-popular-sobre-las-prospecciones\/#organizationLogo"},"image":{"@id":"https:\/\/www.eldigitaldeasturias.com\/noticias\/el-gobierno-canario-promovera-una-consulta-popular-sobre-las-prospecciones\/#organizationLogo"},"sameAs":["https:\/\/facebook.com\/eldigitaldeasturias","https:\/\/www.youtube.com\/channel\/UCZP-2wLEB9Rv6erhFmqVnvg"],"address":{"@id":"https:\/\/www.eldigitaldeasturias.com\/noticias\/#postaladdress","@type":"PostalAddress","streetAddress":"san antonio 4","postalCode":"33430","addressLocality":"Cand\u00e1s","addressRegion":"Asturias","addressCountry":"ES"}},{"@type":"Person","@id":"https:\/\/www.eldigitaldeasturias.com\/noticias\/author\/admin\/#author","url":"https:\/\/www.eldigitaldeasturias.com\/noticias\/author\/admin\/","name":"El Digital de Asturias","image":{"@type":"ImageObject","@id":"https:\/\/www.eldigitaldeasturias.com\/noticias\/el-gobierno-canario-promovera-una-consulta-popular-sobre-las-prospecciones\/#authorImage","url":"https:\/\/secure.gravatar.com\/avatar\/df2aeffc32bcd13f8d26072ef8a91b623d677766deac7f97ca815868cd41bf5e?s=96&d=mm&r=g","width":96,"height":96,"caption":"El Digital de Asturias"}},{"@type":"WebPage","@id":"https:\/\/www.eldigitaldeasturias.com\/noticias\/el-gobierno-canario-promovera-una-consulta-popular-sobre-las-prospecciones\/#webpage","url":"https:\/\/www.eldigitaldeasturias.com\/noticias\/el-gobierno-canario-promovera-una-consulta-popular-sobre-las-prospecciones\/","name":"El Gobierno canario promover\u00e1 una consulta popular sobre las prospecciones - El Digital de Asturias","description":"Santa Cruz de Tenerife, 10 feb (EFE).- El presidente del Gobierno de Canarias, Paulino Rivero, ha anunciado hoy que el Ejecutivo auton\u00f3mico pedir\u00e1 autorizaci\u00f3n al Consejo de Ministro para promover una consulta popular sobre las prospecciones petrol\u00edferas en aguas pr\u00f3ximas a Fuerteventura y Lanzarote. \"\u00bfEst\u00e1 usted de acuerdo con las prospecciones de petr\u00f3leo autorizadas a","inLanguage":"es-ES","isPartOf":{"@id":"https:\/\/www.eldigitaldeasturias.com\/noticias\/#website"},"breadcrumb":{"@id":"https:\/\/www.eldigitaldeasturias.com\/noticias\/el-gobierno-canario-promovera-una-consulta-popular-sobre-las-prospecciones\/#breadcrumblist"},"author":{"@id":"https:\/\/www.eldigitaldeasturias.com\/noticias\/author\/admin\/#author"},"creator":{"@id":"https:\/\/www.eldigitaldeasturias.com\/noticias\/author\/admin\/#author"},"image":{"@type":"ImageObject","url":488176,"@id":"https:\/\/www.eldigitaldeasturias.com\/noticias\/el-gobierno-canario-promovera-una-consulta-popular-sobre-las-prospecciones\/#mainImage"},"primaryImageOfPage":{"@id":"https:\/\/www.eldigitaldeasturias.com\/noticias\/el-gobierno-canario-promovera-una-consulta-popular-sobre-las-prospecciones\/#mainImage"},"datePublished":"2014-02-11T00:58:16+01:00","dateModified":"2014-02-11T00:58:16+01:00"},{"@type":"WebSite","@id":"https:\/\/www.eldigitaldeasturias.com\/noticias\/#website","url":"https:\/\/www.eldigitaldeasturias.com\/noticias\/","name":"El Digital de Asturias - Diario de actualidad y noticias","alternateName":"El Digital de Asturias - Diario de actualidad y noticias","description":"Hemeroteca","inLanguage":"es-ES","publisher":{"@id":"https:\/\/www.eldigitaldeasturias.com\/noticias\/#organization"}}]},"og:locale":"es_ES","og:site_name":"El Digital de Asturias","og:type":"article","og:title":"El Gobierno canario promover\u00e1 una consulta popular sobre las prospecciones - El Digital de Asturias","og:description":"Santa Cruz de Tenerife, 10 feb (EFE).- El presidente del Gobierno de Canarias, Paulino Rivero, ha anunciado hoy que el Ejecutivo auton\u00f3mico pedir\u00e1 autorizaci\u00f3n al Consejo de Ministro para promover una consulta popular sobre las prospecciones petrol\u00edferas en aguas pr\u00f3ximas a Fuerteventura y Lanzarote. &quot;\u00bfEst\u00e1 usted de acuerdo con las prospecciones de petr\u00f3leo autorizadas a","og:url":"https:\/\/www.eldigitaldeasturias.com\/noticias\/el-gobierno-canario-promovera-una-consulta-popular-sobre-las-prospecciones\/","article:tag":["actualidad"],"article:published_time":"2014-02-11T01:58:16+00:00","article:modified_time":"2014-02-11T01:58:16+00:00","article:publisher":"https:\/\/facebook.com\/eldigitaldeasturias","twitter:card":"summary_large_image","twitter:title":"El Gobierno canario promover\u00e1 una consulta popular sobre las prospecciones - El Digital de Asturias","twitter:description":"Santa Cruz de Tenerife, 10 feb (EFE).- El presidente del Gobierno de Canarias, Paulino Rivero, ha anunciado hoy que el Ejecutivo auton\u00f3mico pedir\u00e1 autorizaci\u00f3n al Consejo de Ministro para promover una consulta popular sobre las prospecciones petrol\u00edferas en aguas pr\u00f3ximas a Fuerteventura y Lanzarote. &quot;\u00bfEst\u00e1 usted de acuerdo con las prospecciones de petr\u00f3leo autorizadas a","twitter:label1":"Escrito por","twitter:data1":"El Digital de Asturias","twitter:label2":"Tiempo de lectura estimado","twitter:data2":"3 minutos"},"aioseo_meta_data":{"post_id":"488175","title":null,"description":null,"keywords":null,"keyphrases":null,"primary_term":null,"canonical_url":null,"og_title":null,"og_description":null,"og_object_type":"default","og_image_type":"default","og_image_url":null,"og_image_width":null,"og_image_height":null,"og_image_custom_url":null,"og_image_custom_fields":null,"og_video":null,"og_custom_url":null,"og_article_section":null,"og_article_tags":null,"twitter_use_og":true,"twitter_card":"default","twitter_image_type":"default","twitter_image_url":null,"twitter_image_custom_url":null,"twitter_image_custom_fields":null,"twitter_title":null,"twitter_description":null,"schema":{"blockGraphs":[],"customGraphs":[],"default":{"data":{"Article":[],"Course":[],"Dataset":[],"FAQPage":[],"Movie":[],"Person":[],"Product":[],"ProductReview":[],"Car":[],"Recipe":[],"Service":[],"SoftwareApplication":[],"WebPage":[]},"graphName":"","isEnabled":true},"graphs":[],"defaultGraph":"","defaultPostTypeGraph":""},"schema_type":null,"schema_type_options":null,"pillar_content":false,"robots_default":true,"robots_noindex":false,"robots_noarchive":false,"robots_nosnippet":false,"robots_nofollow":false,"robots_noimageindex":false,"robots_noodp":false,"robots_notranslate":false,"robots_max_snippet":null,"robots_max_videopreview":null,"robots_max_imagepreview":"none","priority":null,"frequency":null,"local_seo":null,"seo_analyzer_scan_date":"2026-06-03 07:13:59","breadcrumb_settings":null,"limit_modified_date":false,"open_ai":null,"ai":null,"created":"2020-11-14 22:57:11","updated":"2026-06-03 07:13:59","focus_keyword":null,"additional_keywords":null,"truseo_locale":null},"aioseo_breadcrumb":"<div class=\"aioseo-breadcrumbs\"><span class=\"aioseo-breadcrumb\">\n\t<a href=\"https:\/\/www.eldigitaldeasturias.com\/noticias\" title=\"Home\">Home<\/a>\n<\/span><span class=\"aioseo-breadcrumb-separator\">\u2013<\/span><span class=\"aioseo-breadcrumb\">\n\t<a href=\"https:\/\/www.eldigitaldeasturias.com\/noticias\/category\/actualidad\/\" title=\"Actualidad\">Actualidad<\/a>\n<\/span><span class=\"aioseo-breadcrumb-separator\">\u2013<\/span><span class=\"aioseo-breadcrumb\">\n\t<a href=\"https:\/\/www.eldigitaldeasturias.com\/noticias\/el-gobierno-canario-promovera-una-consulta-popular-sobre-las-prospecciones\/\" title=\"El Gobierno canario promover\u00e1 una consulta popular sobre las prospecciones\">El Gobierno canario promover\u00e1 una consulta popular sobre las prospecciones<\/a>\n<\/span><\/div>","aioseo_breadcrumb_json":[{"label":"Home","link":"https:\/\/www.eldigitaldeasturias.com\/noticias"},{"label":"Actualidad","link":"https:\/\/www.eldigitaldeasturias.com\/noticias\/category\/actualidad\/"},{"label":"El Gobierno canario promover\u00e1 una consulta popular sobre las prospecciones","link":"https:\/\/www.eldigitaldeasturias.com\/noticias\/el-gobierno-canario-promovera-una-consulta-popular-sobre-las-prospecciones\/"}],"_links":{"self":[{"href":"https:\/\/www.eldigitaldeasturias.com\/noticias\/wp-json\/wp\/v2\/posts\/488175","targetHints":{"allow":["GET"]}}],"collection":[{"href":"https:\/\/www.eldigitaldeasturias.com\/noticias\/wp-json\/wp\/v2\/posts"}],"about":[{"href":"https:\/\/www.eldigitaldeasturias.com\/noticias\/wp-json\/wp\/v2\/types\/post"}],"author":[{"embeddable":true,"href":"https:\/\/www.eldigitaldeasturias.com\/noticias\/wp-json\/wp\/v2\/users\/1"}],"replies":[{"embeddable":true,"href":"https:\/\/www.eldigitaldeasturias.com\/noticias\/wp-json\/wp\/v2\/comments?post=488175"}],"version-history":[{"count":0,"href":"https:\/\/www.eldigitaldeasturias.com\/noticias\/wp-json\/wp\/v2\/posts\/488175\/revisions"}],"wp:attachment":[{"href":"https:\/\/www.eldigitaldeasturias.com\/noticias\/wp-json\/wp\/v2\/media?parent=488175"}],"wp:term":[{"taxonomy":"category","embeddable":true,"href":"https:\/\/www.eldigitaldeasturias.com\/noticias\/wp-json\/wp\/v2\/categories?post=488175"},{"taxonomy":"post_tag","embeddable":true,"href":"https:\/\/www.eldigitaldeasturias.com\/noticias\/wp-json\/wp\/v2\/tags?post=488175"}],"curies":[{"name":"wp","href":"https:\/\/api.w.org\/{rel}","templated":true}]}}