{"id":488159,"date":"2014-02-11T00:07:25","date_gmt":"2014-02-11T01:07:25","guid":{"rendered":"http:\/\/www.eldigitaldeasturias.com\/noticias\/?p=488159"},"modified":"2014-02-11T00:07:25","modified_gmt":"2014-02-11T01:07:25","slug":"fabra-valcarcel-y-bauza-piden-que-se-reconozca-su-esfuerzo-en-financiacion","status":"publish","type":"post","link":"https:\/\/www.eldigitaldeasturias.com\/noticias\/fabra-valcarcel-y-bauza-piden-que-se-reconozca-su-esfuerzo-en-financiacion\/","title":{"rendered":"Fabra, Valc\u00e1rcel y Bauz\u00e1 piden que se reconozca su esfuerzo en financiaci\u00f3n"},"content":{"rendered":"<p><img loading=\"lazy\" decoding=\"async\" class=\"alignleft size-medium wp-image-488160\" alt=\"5928246w\" src=\"https:\/\/www.eldigitaldeasturias.com\/noticias\/wp-content\/uploads\/2014\/02\/5928246w-360x245.jpg\" width=\"360\" height=\"245\" \/>Valencia, 10 feb (EFE).- Los presidentes de los Gobiernos valenciano, Alberto Fabra, murciano, Ram\u00f3n Luis Valc\u00e1rcel, y balear, Jos\u00e9 Ram\u00f3n Bauz\u00e1, han reivindicado hoy que el nuevo modelo de financiaci\u00f3n auton\u00f3mica reconozca el esfuerzo que han tenido que hacer para compensar las desigualdades del sistema vigente.<\/p>\n<p>Los tres dirigentes auton\u00f3micos se han reunido hoy en Valencia para fijar las bases de partida que, en su opini\u00f3n, debe contemplar el nuevo modelo de financiaci\u00f3n, como la ruptura del &#8216;statu quo&#8217;, la cobertura de los servicios b\u00e1sicos de sanidad, educaci\u00f3n y bienestar social en condiciones de igualdad, y el criterio de poblaci\u00f3n.<\/p>\n<p>El president de la Generalitat Valenciana, Alberto Fabra, ha destacado que esta iniciativa, a la que seguir\u00e1n reuniones t\u00e9cnicas para elaborar un documento que se presentar\u00e1 al Consejo de Pol\u00edtica Fiscal y Financiera, no es un \u00abfrente contra nadie\u00bb, sino que busca aunar las reflexiones de tres autonom\u00edas \u00absistem\u00e1ticamente infrafinanciadas\u00bb.<\/p>\n<p>Como ejemplo, ha indicado que los 7,7 millones de habitantes de estos tres territorios han recibido entre 2011 y 2014 un total de 8.300 millones de euros menos que lo que les corresponder\u00eda con una financiaci\u00f3n similar a la media (casi 6.000 millones menos los valencianos, 1.219 menos los murcianos y 1.135 menos Baleares).<\/p>\n<p>Adem\u00e1s, Fabra ha se\u00f1alado que los recursos recibidos del Estado han sido \u00abclaramente insuficientes\u00bb para financiar servicios p\u00fablicos transferidos, como sanidad y educaci\u00f3n, y as\u00ed entre 2004 y 2014, ha detallado, ese d\u00e9ficit financiero ha sido de 7.513 millones en la Comunidad Valenciana, 3.147 millones en Murcia y 1.470 en Baleares.<\/p>\n<p>Para el president Fabra, datos como estos muestran que \u00abno puede ser\u00bb que en la Espa\u00f1a actual haya territorios con una financiaci\u00f3n \u00abpor debajo del m\u00ednimo\u00bb en servicios como educaci\u00f3n y sanidad, y por ello van a trabajar de forma conjunta para evidenciar el esfuerzo de estas tres autonom\u00edas y ayudar al Gobierno a que el nuevo modelo no genere los agravios de este.<\/p>\n<p>El presidente de Baleares, Jos\u00e9 Ram\u00f3n Bauz\u00e1, ha incidido en que no buscan ning\u00fan \u00abprotagonismo\u00bb, sino que quieren colaborar con el Gobierno para encontrar \u00abla mejor soluci\u00f3n\u00bb a un modelo de financiaci\u00f3n \u00abinjusto\u00bb y \u00abopaco\u00bb, y que debe cambiarse por otro basado en la igualdad de las personas, de forma que reciban las mismas prestaciones con independencia de d\u00f3nde vivan.<\/p>\n<p>El presidente de Murcia, Ram\u00f3n Luis Valc\u00e1rcel, ha afirmado que, \u00abcon toda la firmeza del mundo\u00bb y la \u00ablealtad institucional\u00bb, van a defender que se atiendan los costes efectivos de los servicios que dan las autonom\u00edas, y ha indicado que a partir de abril comenzar\u00e1n las negociaciones para el nuevo modelo.<\/p>\n<p>Los tres dirigentes han defendido asimismo la necesidad de un instrumento o mecanismo alternativo que permita compensar ya este a\u00f1o las diferencias que asumen en esos servicios b\u00e1sicos, y han resaltado que est\u00e1n en la fase de hacer un diagn\u00f3stico de la situaci\u00f3n, mientras que m\u00e1s adelante plantear\u00e1n propuestas.<\/p>\n<p>Tambi\u00e9n se han mostrado partidarios de la publicaci\u00f3n de las balanzas fiscales, pues seg\u00fan Fabra no tienen \u00abnada que esconder\u00bb, mientras que Valc\u00e1rcel ha sostenido que \u00abla transparencia siempre es bien recibida\u00bb y Bauz\u00e1 ha indicado que as\u00ed se podr\u00e1 ver que Baleares est\u00e1 \u00aba la cola\u00bb del equilibrio entre lo que aporta y recibe.<\/p>\n<p>Las tres comunidades aut\u00f3nomas, que representan el 14,6 % del PIB nacional, tienen intenci\u00f3n de \u00abcompartir\u00bb con otras autonom\u00edas su visi\u00f3n de que el actual modelo tiene \u00aberrores consolidados\u00bb y que afectan \u00abal d\u00eda a d\u00eda\u00bb de las personas.<\/p>\n","protected":false},"excerpt":{"rendered":"<p>Valencia, 10 feb (EFE).- Los presidentes de los Gobiernos valenciano, Alberto Fabra, murciano, Ram\u00f3n Luis Valc\u00e1rcel, y balear, Jos\u00e9 Ram\u00f3n Bauz\u00e1, han reivindicado hoy que el nuevo modelo de financiaci\u00f3n auton\u00f3mica reconozca el esfuerzo que han tenido que hacer para compensar las desigualdades del sistema vigente. Los tres dirigentes auton\u00f3micos se han reunido hoy en [&hellip;]<\/p>\n","protected":false},"author":1,"featured_media":488160,"comment_status":"closed","ping_status":"closed","sticky":false,"template":"","format":"standard","meta":{"footnotes":""},"categories":[1],"tags":[],"class_list":["post-488159","post","type-post","status-publish","format-standard","has-post-thumbnail","hentry","category-actualidad"],"aioseo_notices":[],"aioseo_head":"\n\t\t<!-- All in One SEO Pro 5.0.1 - aioseo.com -->\n\t<meta name=\"description\" content=\"Valencia, 10 feb (EFE).- Los presidentes de los Gobiernos valenciano, Alberto Fabra, murciano, Ram\u00f3n Luis Valc\u00e1rcel, y balear, Jos\u00e9 Ram\u00f3n Bauz\u00e1, han reivindicado hoy que el nuevo modelo de financiaci\u00f3n auton\u00f3mica reconozca el esfuerzo que han tenido que hacer para compensar las desigualdades del sistema vigente. Los tres dirigentes auton\u00f3micos se han reunido hoy en\" \/>\n\t<meta name=\"robots\" content=\"max-image-preview:large\" \/>\n\t<meta name=\"author\" content=\"El Digital de Asturias\"\/>\n\t<meta name=\"google-site-verification\" content=\"UA-38556648-1\" \/>\n\t<meta name=\"msvalidate.01\" content=\"7dfe9f3f1b24437ab69f4f2559babe99\" \/>\n\t<meta name=\"keywords\" content=\"actualidad\" \/>\n\t<link rel=\"canonical\" href=\"https:\/\/www.eldigitaldeasturias.com\/noticias\/fabra-valcarcel-y-bauza-piden-que-se-reconozca-su-esfuerzo-en-financiacion\/\" \/>\n\t<meta name=\"generator\" content=\"All in One SEO Pro (AIOSEO) 5.0.1\" \/>\n\t\t<meta property=\"og:locale\" content=\"es_ES\" \/>\n\t\t<meta property=\"og:site_name\" content=\"El Digital de Asturias\" \/>\n\t\t<meta property=\"og:type\" content=\"article\" \/>\n\t\t<meta property=\"og:title\" content=\"Fabra, Valc\u00e1rcel y Bauz\u00e1 piden que se reconozca su esfuerzo en financiaci\u00f3n - El Digital de Asturias\" \/>\n\t\t<meta property=\"og:description\" content=\"Valencia, 10 feb (EFE).- Los presidentes de los Gobiernos valenciano, Alberto Fabra, murciano, Ram\u00f3n Luis Valc\u00e1rcel, y balear, Jos\u00e9 Ram\u00f3n Bauz\u00e1, han reivindicado hoy que el nuevo modelo de financiaci\u00f3n auton\u00f3mica reconozca el esfuerzo que han tenido que hacer para compensar las desigualdades del sistema vigente. Los tres dirigentes auton\u00f3micos se han reunido hoy en\" \/>\n\t\t<meta property=\"og:url\" content=\"https:\/\/www.eldigitaldeasturias.com\/noticias\/fabra-valcarcel-y-bauza-piden-que-se-reconozca-su-esfuerzo-en-financiacion\/\" \/>\n\t\t<meta property=\"article:tag\" content=\"actualidad\" \/>\n\t\t<meta property=\"article:published_time\" content=\"2014-02-11T01:07:25+00:00\" \/>\n\t\t<meta property=\"article:modified_time\" content=\"2014-02-11T01:07:25+00:00\" \/>\n\t\t<meta property=\"article:publisher\" content=\"https:\/\/facebook.com\/eldigitaldeasturias\" \/>\n\t\t<meta name=\"twitter:card\" content=\"summary_large_image\" \/>\n\t\t<meta name=\"twitter:title\" content=\"Fabra, Valc\u00e1rcel y Bauz\u00e1 piden que se reconozca su esfuerzo en financiaci\u00f3n - El Digital de Asturias\" \/>\n\t\t<meta name=\"twitter:description\" content=\"Valencia, 10 feb (EFE).- Los presidentes de los Gobiernos valenciano, Alberto Fabra, murciano, Ram\u00f3n Luis Valc\u00e1rcel, y balear, Jos\u00e9 Ram\u00f3n Bauz\u00e1, han reivindicado hoy que el nuevo modelo de financiaci\u00f3n auton\u00f3mica reconozca el esfuerzo que han tenido que hacer para compensar las desigualdades del sistema vigente. Los tres dirigentes auton\u00f3micos se han reunido hoy en\" \/>\n\t\t<meta name=\"twitter:label1\" content=\"Escrito por\" \/>\n\t\t<meta name=\"twitter:data1\" content=\"El Digital de Asturias\" \/>\n\t\t<meta name=\"twitter:label2\" content=\"Tiempo de lectura estimado\" \/>\n\t\t<meta name=\"twitter:data2\" content=\"3 minutos\" \/>\n\t\t<script type=\"application\/ld+json\" class=\"aioseo-schema\">\n\t\t\t{\"@context\":\"https:\\\/\\\/schema.org\",\"@graph\":[{\"@type\":\"BlogPosting\",\"@id\":\"https:\\\/\\\/www.eldigitaldeasturias.com\\\/noticias\\\/fabra-valcarcel-y-bauza-piden-que-se-reconozca-su-esfuerzo-en-financiacion\\\/#blogposting\",\"name\":\"Fabra, Valc\\u00e1rcel y Bauz\\u00e1 piden que se reconozca su esfuerzo en financiaci\\u00f3n - El Digital de Asturias\",\"headline\":\"Fabra, Valc\\u00e1rcel y Bauz\\u00e1 piden que se reconozca su esfuerzo en financiaci\\u00f3n\",\"author\":{\"@id\":\"https:\\\/\\\/www.eldigitaldeasturias.com\\\/noticias\\\/author\\\/admin\\\/#author\"},\"publisher\":{\"@id\":\"https:\\\/\\\/www.eldigitaldeasturias.com\\\/noticias\\\/#organization\"},\"image\":{\"@type\":\"ImageObject\",\"url\":488160},\"datePublished\":\"2014-02-11T00:07:25+01:00\",\"dateModified\":\"2014-02-11T00:07:25+01:00\",\"inLanguage\":\"es-ES\",\"mainEntityOfPage\":{\"@id\":\"https:\\\/\\\/www.eldigitaldeasturias.com\\\/noticias\\\/fabra-valcarcel-y-bauza-piden-que-se-reconozca-su-esfuerzo-en-financiacion\\\/#webpage\"},\"isPartOf\":{\"@id\":\"https:\\\/\\\/www.eldigitaldeasturias.com\\\/noticias\\\/fabra-valcarcel-y-bauza-piden-que-se-reconozca-su-esfuerzo-en-financiacion\\\/#webpage\"},\"articleSection\":\"Actualidad\"},{\"@type\":\"BreadcrumbList\",\"@id\":\"https:\\\/\\\/www.eldigitaldeasturias.com\\\/noticias\\\/fabra-valcarcel-y-bauza-piden-que-se-reconozca-su-esfuerzo-en-financiacion\\\/#breadcrumblist\",\"itemListElement\":[{\"@type\":\"ListItem\",\"@id\":\"https:\\\/\\\/www.eldigitaldeasturias.com\\\/noticias#listItem\",\"position\":1,\"name\":\"Home\",\"item\":\"https:\\\/\\\/www.eldigitaldeasturias.com\\\/noticias\",\"nextItem\":{\"@type\":\"ListItem\",\"@id\":\"https:\\\/\\\/www.eldigitaldeasturias.com\\\/noticias\\\/category\\\/actualidad\\\/#listItem\",\"name\":\"Actualidad\"}},{\"@type\":\"ListItem\",\"@id\":\"https:\\\/\\\/www.eldigitaldeasturias.com\\\/noticias\\\/category\\\/actualidad\\\/#listItem\",\"position\":2,\"name\":\"Actualidad\",\"item\":\"https:\\\/\\\/www.eldigitaldeasturias.com\\\/noticias\\\/category\\\/actualidad\\\/\",\"nextItem\":{\"@type\":\"ListItem\",\"@id\":\"https:\\\/\\\/www.eldigitaldeasturias.com\\\/noticias\\\/fabra-valcarcel-y-bauza-piden-que-se-reconozca-su-esfuerzo-en-financiacion\\\/#listItem\",\"name\":\"Fabra, Valc\\u00e1rcel y Bauz\\u00e1 piden que se reconozca su esfuerzo en financiaci\\u00f3n\"},\"previousItem\":{\"@type\":\"ListItem\",\"@id\":\"https:\\\/\\\/www.eldigitaldeasturias.com\\\/noticias#listItem\",\"name\":\"Home\"}},{\"@type\":\"ListItem\",\"@id\":\"https:\\\/\\\/www.eldigitaldeasturias.com\\\/noticias\\\/fabra-valcarcel-y-bauza-piden-que-se-reconozca-su-esfuerzo-en-financiacion\\\/#listItem\",\"position\":3,\"name\":\"Fabra, Valc\\u00e1rcel y Bauz\\u00e1 piden que se reconozca su esfuerzo en financiaci\\u00f3n\",\"previousItem\":{\"@type\":\"ListItem\",\"@id\":\"https:\\\/\\\/www.eldigitaldeasturias.com\\\/noticias\\\/category\\\/actualidad\\\/#listItem\",\"name\":\"Actualidad\"}}]},{\"@type\":\"Organization\",\"@id\":\"https:\\\/\\\/www.eldigitaldeasturias.com\\\/noticias\\\/#organization\",\"name\":\"El Digital de Asturias\",\"description\":\"Hemeroteca\",\"url\":\"https:\\\/\\\/www.eldigitaldeasturias.com\\\/noticias\\\/\",\"email\":\"info@eldigitaldeasturias.com\",\"telephone\":\"+34652131393\",\"logo\":{\"@type\":\"ImageObject\",\"url\":\"https:\\\/\\\/www.eldigitaldeasturias.com\\\/noticias\\\/wp-content\\\/uploads\\\/2020\\\/12\\\/EDA.jpg\",\"@id\":\"https:\\\/\\\/www.eldigitaldeasturias.com\\\/noticias\\\/fabra-valcarcel-y-bauza-piden-que-se-reconozca-su-esfuerzo-en-financiacion\\\/#organizationLogo\"},\"image\":{\"@id\":\"https:\\\/\\\/www.eldigitaldeasturias.com\\\/noticias\\\/fabra-valcarcel-y-bauza-piden-que-se-reconozca-su-esfuerzo-en-financiacion\\\/#organizationLogo\"},\"sameAs\":[\"https:\\\/\\\/facebook.com\\\/eldigitaldeasturias\",\"https:\\\/\\\/www.youtube.com\\\/channel\\\/UCZP-2wLEB9Rv6erhFmqVnvg\"],\"address\":{\"@id\":\"https:\\\/\\\/www.eldigitaldeasturias.com\\\/noticias\\\/#postaladdress\",\"@type\":\"PostalAddress\",\"streetAddress\":\"san antonio 4\",\"postalCode\":\"33430\",\"addressLocality\":\"Cand\\u00e1s\",\"addressRegion\":\"Asturias\",\"addressCountry\":\"ES\"}},{\"@type\":\"Person\",\"@id\":\"https:\\\/\\\/www.eldigitaldeasturias.com\\\/noticias\\\/author\\\/admin\\\/#author\",\"url\":\"https:\\\/\\\/www.eldigitaldeasturias.com\\\/noticias\\\/author\\\/admin\\\/\",\"name\":\"El Digital de Asturias\",\"image\":{\"@type\":\"ImageObject\",\"@id\":\"https:\\\/\\\/www.eldigitaldeasturias.com\\\/noticias\\\/fabra-valcarcel-y-bauza-piden-que-se-reconozca-su-esfuerzo-en-financiacion\\\/#authorImage\",\"url\":\"https:\\\/\\\/secure.gravatar.com\\\/avatar\\\/df2aeffc32bcd13f8d26072ef8a91b623d677766deac7f97ca815868cd41bf5e?s=96&d=mm&r=g\",\"width\":96,\"height\":96,\"caption\":\"El Digital de Asturias\"}},{\"@type\":\"WebPage\",\"@id\":\"https:\\\/\\\/www.eldigitaldeasturias.com\\\/noticias\\\/fabra-valcarcel-y-bauza-piden-que-se-reconozca-su-esfuerzo-en-financiacion\\\/#webpage\",\"url\":\"https:\\\/\\\/www.eldigitaldeasturias.com\\\/noticias\\\/fabra-valcarcel-y-bauza-piden-que-se-reconozca-su-esfuerzo-en-financiacion\\\/\",\"name\":\"Fabra, Valc\\u00e1rcel y Bauz\\u00e1 piden que se reconozca su esfuerzo en financiaci\\u00f3n - El Digital de Asturias\",\"description\":\"Valencia, 10 feb (EFE).- Los presidentes de los Gobiernos valenciano, Alberto Fabra, murciano, Ram\\u00f3n Luis Valc\\u00e1rcel, y balear, Jos\\u00e9 Ram\\u00f3n Bauz\\u00e1, han reivindicado hoy que el nuevo modelo de financiaci\\u00f3n auton\\u00f3mica reconozca el esfuerzo que han tenido que hacer para compensar las desigualdades del sistema vigente. Los tres dirigentes auton\\u00f3micos se han reunido hoy en\",\"inLanguage\":\"es-ES\",\"isPartOf\":{\"@id\":\"https:\\\/\\\/www.eldigitaldeasturias.com\\\/noticias\\\/#website\"},\"breadcrumb\":{\"@id\":\"https:\\\/\\\/www.eldigitaldeasturias.com\\\/noticias\\\/fabra-valcarcel-y-bauza-piden-que-se-reconozca-su-esfuerzo-en-financiacion\\\/#breadcrumblist\"},\"author\":{\"@id\":\"https:\\\/\\\/www.eldigitaldeasturias.com\\\/noticias\\\/author\\\/admin\\\/#author\"},\"creator\":{\"@id\":\"https:\\\/\\\/www.eldigitaldeasturias.com\\\/noticias\\\/author\\\/admin\\\/#author\"},\"image\":{\"@type\":\"ImageObject\",\"url\":488160,\"@id\":\"https:\\\/\\\/www.eldigitaldeasturias.com\\\/noticias\\\/fabra-valcarcel-y-bauza-piden-que-se-reconozca-su-esfuerzo-en-financiacion\\\/#mainImage\"},\"primaryImageOfPage\":{\"@id\":\"https:\\\/\\\/www.eldigitaldeasturias.com\\\/noticias\\\/fabra-valcarcel-y-bauza-piden-que-se-reconozca-su-esfuerzo-en-financiacion\\\/#mainImage\"},\"datePublished\":\"2014-02-11T00:07:25+01:00\",\"dateModified\":\"2014-02-11T00:07:25+01:00\"},{\"@type\":\"WebSite\",\"@id\":\"https:\\\/\\\/www.eldigitaldeasturias.com\\\/noticias\\\/#website\",\"url\":\"https:\\\/\\\/www.eldigitaldeasturias.com\\\/noticias\\\/\",\"name\":\"El Digital de Asturias - Diario de actualidad y noticias\",\"alternateName\":\"El Digital de Asturias - Diario de actualidad y noticias\",\"description\":\"Hemeroteca\",\"inLanguage\":\"es-ES\",\"publisher\":{\"@id\":\"https:\\\/\\\/www.eldigitaldeasturias.com\\\/noticias\\\/#organization\"}}]}\n\t\t<\/script>\n\t\t<!-- All in One SEO Pro -->\r\n\t\t<title>Fabra, Valc\u00e1rcel y Bauz\u00e1 piden que se reconozca su esfuerzo en financiaci\u00f3n - El Digital de Asturias<\/title>\n\n","aioseo_head_json":{"title":"Fabra, Valc\u00e1rcel y Bauz\u00e1 piden que se reconozca su esfuerzo en financiaci\u00f3n - El Digital de Asturias","description":"Valencia, 10 feb (EFE).- Los presidentes de los Gobiernos valenciano, Alberto Fabra, murciano, Ram\u00f3n Luis Valc\u00e1rcel, y balear, Jos\u00e9 Ram\u00f3n Bauz\u00e1, han reivindicado hoy que el nuevo modelo de financiaci\u00f3n auton\u00f3mica reconozca el esfuerzo que han tenido que hacer para compensar las desigualdades del sistema vigente. Los tres dirigentes auton\u00f3micos se han reunido hoy en","canonical_url":"https:\/\/www.eldigitaldeasturias.com\/noticias\/fabra-valcarcel-y-bauza-piden-que-se-reconozca-su-esfuerzo-en-financiacion\/","robots":"max-image-preview:large","keywords":"actualidad","webmasterTools":{"google-site-verification":"UA-38556648-1","msvalidate.01":"7dfe9f3f1b24437ab69f4f2559babe99","miscellaneous":""},"schema":{"@context":"https:\/\/schema.org","@graph":[{"@type":"BlogPosting","@id":"https:\/\/www.eldigitaldeasturias.com\/noticias\/fabra-valcarcel-y-bauza-piden-que-se-reconozca-su-esfuerzo-en-financiacion\/#blogposting","name":"Fabra, Valc\u00e1rcel y Bauz\u00e1 piden que se reconozca su esfuerzo en financiaci\u00f3n - El Digital de Asturias","headline":"Fabra, Valc\u00e1rcel y Bauz\u00e1 piden que se reconozca su esfuerzo en financiaci\u00f3n","author":{"@id":"https:\/\/www.eldigitaldeasturias.com\/noticias\/author\/admin\/#author"},"publisher":{"@id":"https:\/\/www.eldigitaldeasturias.com\/noticias\/#organization"},"image":{"@type":"ImageObject","url":488160},"datePublished":"2014-02-11T00:07:25+01:00","dateModified":"2014-02-11T00:07:25+01:00","inLanguage":"es-ES","mainEntityOfPage":{"@id":"https:\/\/www.eldigitaldeasturias.com\/noticias\/fabra-valcarcel-y-bauza-piden-que-se-reconozca-su-esfuerzo-en-financiacion\/#webpage"},"isPartOf":{"@id":"https:\/\/www.eldigitaldeasturias.com\/noticias\/fabra-valcarcel-y-bauza-piden-que-se-reconozca-su-esfuerzo-en-financiacion\/#webpage"},"articleSection":"Actualidad"},{"@type":"BreadcrumbList","@id":"https:\/\/www.eldigitaldeasturias.com\/noticias\/fabra-valcarcel-y-bauza-piden-que-se-reconozca-su-esfuerzo-en-financiacion\/#breadcrumblist","itemListElement":[{"@type":"ListItem","@id":"https:\/\/www.eldigitaldeasturias.com\/noticias#listItem","position":1,"name":"Home","item":"https:\/\/www.eldigitaldeasturias.com\/noticias","nextItem":{"@type":"ListItem","@id":"https:\/\/www.eldigitaldeasturias.com\/noticias\/category\/actualidad\/#listItem","name":"Actualidad"}},{"@type":"ListItem","@id":"https:\/\/www.eldigitaldeasturias.com\/noticias\/category\/actualidad\/#listItem","position":2,"name":"Actualidad","item":"https:\/\/www.eldigitaldeasturias.com\/noticias\/category\/actualidad\/","nextItem":{"@type":"ListItem","@id":"https:\/\/www.eldigitaldeasturias.com\/noticias\/fabra-valcarcel-y-bauza-piden-que-se-reconozca-su-esfuerzo-en-financiacion\/#listItem","name":"Fabra, Valc\u00e1rcel y Bauz\u00e1 piden que se reconozca su esfuerzo en financiaci\u00f3n"},"previousItem":{"@type":"ListItem","@id":"https:\/\/www.eldigitaldeasturias.com\/noticias#listItem","name":"Home"}},{"@type":"ListItem","@id":"https:\/\/www.eldigitaldeasturias.com\/noticias\/fabra-valcarcel-y-bauza-piden-que-se-reconozca-su-esfuerzo-en-financiacion\/#listItem","position":3,"name":"Fabra, Valc\u00e1rcel y Bauz\u00e1 piden que se reconozca su esfuerzo en financiaci\u00f3n","previousItem":{"@type":"ListItem","@id":"https:\/\/www.eldigitaldeasturias.com\/noticias\/category\/actualidad\/#listItem","name":"Actualidad"}}]},{"@type":"Organization","@id":"https:\/\/www.eldigitaldeasturias.com\/noticias\/#organization","name":"El Digital de Asturias","description":"Hemeroteca","url":"https:\/\/www.eldigitaldeasturias.com\/noticias\/","email":"info@eldigitaldeasturias.com","telephone":"+34652131393","logo":{"@type":"ImageObject","url":"https:\/\/www.eldigitaldeasturias.com\/noticias\/wp-content\/uploads\/2020\/12\/EDA.jpg","@id":"https:\/\/www.eldigitaldeasturias.com\/noticias\/fabra-valcarcel-y-bauza-piden-que-se-reconozca-su-esfuerzo-en-financiacion\/#organizationLogo"},"image":{"@id":"https:\/\/www.eldigitaldeasturias.com\/noticias\/fabra-valcarcel-y-bauza-piden-que-se-reconozca-su-esfuerzo-en-financiacion\/#organizationLogo"},"sameAs":["https:\/\/facebook.com\/eldigitaldeasturias","https:\/\/www.youtube.com\/channel\/UCZP-2wLEB9Rv6erhFmqVnvg"],"address":{"@id":"https:\/\/www.eldigitaldeasturias.com\/noticias\/#postaladdress","@type":"PostalAddress","streetAddress":"san antonio 4","postalCode":"33430","addressLocality":"Cand\u00e1s","addressRegion":"Asturias","addressCountry":"ES"}},{"@type":"Person","@id":"https:\/\/www.eldigitaldeasturias.com\/noticias\/author\/admin\/#author","url":"https:\/\/www.eldigitaldeasturias.com\/noticias\/author\/admin\/","name":"El Digital de Asturias","image":{"@type":"ImageObject","@id":"https:\/\/www.eldigitaldeasturias.com\/noticias\/fabra-valcarcel-y-bauza-piden-que-se-reconozca-su-esfuerzo-en-financiacion\/#authorImage","url":"https:\/\/secure.gravatar.com\/avatar\/df2aeffc32bcd13f8d26072ef8a91b623d677766deac7f97ca815868cd41bf5e?s=96&d=mm&r=g","width":96,"height":96,"caption":"El Digital de Asturias"}},{"@type":"WebPage","@id":"https:\/\/www.eldigitaldeasturias.com\/noticias\/fabra-valcarcel-y-bauza-piden-que-se-reconozca-su-esfuerzo-en-financiacion\/#webpage","url":"https:\/\/www.eldigitaldeasturias.com\/noticias\/fabra-valcarcel-y-bauza-piden-que-se-reconozca-su-esfuerzo-en-financiacion\/","name":"Fabra, Valc\u00e1rcel y Bauz\u00e1 piden que se reconozca su esfuerzo en financiaci\u00f3n - El Digital de Asturias","description":"Valencia, 10 feb (EFE).- Los presidentes de los Gobiernos valenciano, Alberto Fabra, murciano, Ram\u00f3n Luis Valc\u00e1rcel, y balear, Jos\u00e9 Ram\u00f3n Bauz\u00e1, han reivindicado hoy que el nuevo modelo de financiaci\u00f3n auton\u00f3mica reconozca el esfuerzo que han tenido que hacer para compensar las desigualdades del sistema vigente. Los tres dirigentes auton\u00f3micos se han reunido hoy en","inLanguage":"es-ES","isPartOf":{"@id":"https:\/\/www.eldigitaldeasturias.com\/noticias\/#website"},"breadcrumb":{"@id":"https:\/\/www.eldigitaldeasturias.com\/noticias\/fabra-valcarcel-y-bauza-piden-que-se-reconozca-su-esfuerzo-en-financiacion\/#breadcrumblist"},"author":{"@id":"https:\/\/www.eldigitaldeasturias.com\/noticias\/author\/admin\/#author"},"creator":{"@id":"https:\/\/www.eldigitaldeasturias.com\/noticias\/author\/admin\/#author"},"image":{"@type":"ImageObject","url":488160,"@id":"https:\/\/www.eldigitaldeasturias.com\/noticias\/fabra-valcarcel-y-bauza-piden-que-se-reconozca-su-esfuerzo-en-financiacion\/#mainImage"},"primaryImageOfPage":{"@id":"https:\/\/www.eldigitaldeasturias.com\/noticias\/fabra-valcarcel-y-bauza-piden-que-se-reconozca-su-esfuerzo-en-financiacion\/#mainImage"},"datePublished":"2014-02-11T00:07:25+01:00","dateModified":"2014-02-11T00:07:25+01:00"},{"@type":"WebSite","@id":"https:\/\/www.eldigitaldeasturias.com\/noticias\/#website","url":"https:\/\/www.eldigitaldeasturias.com\/noticias\/","name":"El Digital de Asturias - Diario de actualidad y noticias","alternateName":"El Digital de Asturias - Diario de actualidad y noticias","description":"Hemeroteca","inLanguage":"es-ES","publisher":{"@id":"https:\/\/www.eldigitaldeasturias.com\/noticias\/#organization"}}]},"og:locale":"es_ES","og:site_name":"El Digital de Asturias","og:type":"article","og:title":"Fabra, Valc\u00e1rcel y Bauz\u00e1 piden que se reconozca su esfuerzo en financiaci\u00f3n - El Digital de Asturias","og:description":"Valencia, 10 feb (EFE).- Los presidentes de los Gobiernos valenciano, Alberto Fabra, murciano, Ram\u00f3n Luis Valc\u00e1rcel, y balear, Jos\u00e9 Ram\u00f3n Bauz\u00e1, han reivindicado hoy que el nuevo modelo de financiaci\u00f3n auton\u00f3mica reconozca el esfuerzo que han tenido que hacer para compensar las desigualdades del sistema vigente. Los tres dirigentes auton\u00f3micos se han reunido hoy en","og:url":"https:\/\/www.eldigitaldeasturias.com\/noticias\/fabra-valcarcel-y-bauza-piden-que-se-reconozca-su-esfuerzo-en-financiacion\/","article:tag":["actualidad"],"article:published_time":"2014-02-11T01:07:25+00:00","article:modified_time":"2014-02-11T01:07:25+00:00","article:publisher":"https:\/\/facebook.com\/eldigitaldeasturias","twitter:card":"summary_large_image","twitter:title":"Fabra, Valc\u00e1rcel y Bauz\u00e1 piden que se reconozca su esfuerzo en financiaci\u00f3n - El Digital de Asturias","twitter:description":"Valencia, 10 feb (EFE).- Los presidentes de los Gobiernos valenciano, Alberto Fabra, murciano, Ram\u00f3n Luis Valc\u00e1rcel, y balear, Jos\u00e9 Ram\u00f3n Bauz\u00e1, han reivindicado hoy que el nuevo modelo de financiaci\u00f3n auton\u00f3mica reconozca el esfuerzo que han tenido que hacer para compensar las desigualdades del sistema vigente. Los tres dirigentes auton\u00f3micos se han reunido hoy en","twitter:label1":"Escrito por","twitter:data1":"El Digital de Asturias","twitter:label2":"Tiempo de lectura estimado","twitter:data2":"3 minutos"},"aioseo_meta_data":{"post_id":"488159","title":null,"description":null,"keywords":null,"keyphrases":null,"primary_term":null,"canonical_url":null,"og_title":null,"og_description":null,"og_object_type":"default","og_image_type":"default","og_image_url":null,"og_image_width":null,"og_image_height":null,"og_image_custom_url":null,"og_image_custom_fields":null,"og_video":null,"og_custom_url":null,"og_article_section":null,"og_article_tags":null,"twitter_use_og":true,"twitter_card":"default","twitter_image_type":"default","twitter_image_url":null,"twitter_image_custom_url":null,"twitter_image_custom_fields":null,"twitter_title":null,"twitter_description":null,"schema":{"blockGraphs":[],"customGraphs":[],"default":{"data":{"Article":[],"Course":[],"Dataset":[],"FAQPage":[],"Movie":[],"Person":[],"Product":[],"ProductReview":[],"Car":[],"Recipe":[],"Service":[],"SoftwareApplication":[],"WebPage":[]},"graphName":"","isEnabled":true},"graphs":[],"defaultGraph":"","defaultPostTypeGraph":""},"schema_type":null,"schema_type_options":null,"pillar_content":false,"robots_default":true,"robots_noindex":false,"robots_noarchive":false,"robots_nosnippet":false,"robots_nofollow":false,"robots_noimageindex":false,"robots_noodp":false,"robots_notranslate":false,"robots_max_snippet":null,"robots_max_videopreview":null,"robots_max_imagepreview":"none","priority":null,"frequency":null,"local_seo":null,"seo_analyzer_scan_date":"2026-06-03 07:11:55","breadcrumb_settings":null,"limit_modified_date":false,"open_ai":null,"ai":null,"created":"2020-11-14 22:57:11","updated":"2026-06-03 07:11:55","focus_keyword":null,"additional_keywords":null,"truseo_locale":null},"aioseo_breadcrumb":"<div class=\"aioseo-breadcrumbs\"><span class=\"aioseo-breadcrumb\">\n\t<a href=\"https:\/\/www.eldigitaldeasturias.com\/noticias\" title=\"Home\">Home<\/a>\n<\/span><span class=\"aioseo-breadcrumb-separator\">\u2013<\/span><span class=\"aioseo-breadcrumb\">\n\t<a href=\"https:\/\/www.eldigitaldeasturias.com\/noticias\/category\/actualidad\/\" title=\"Actualidad\">Actualidad<\/a>\n<\/span><span class=\"aioseo-breadcrumb-separator\">\u2013<\/span><span class=\"aioseo-breadcrumb\">\n\t<a href=\"https:\/\/www.eldigitaldeasturias.com\/noticias\/fabra-valcarcel-y-bauza-piden-que-se-reconozca-su-esfuerzo-en-financiacion\/\" title=\"Fabra, Valc\u00e1rcel y Bauz\u00e1 piden que se reconozca su esfuerzo en financiaci\u00f3n\">Fabra, Valc\u00e1rcel y Bauz\u00e1 piden que se reconozca su esfuerzo en financiaci\u00f3n<\/a>\n<\/span><\/div>","aioseo_breadcrumb_json":[{"label":"Home","link":"https:\/\/www.eldigitaldeasturias.com\/noticias"},{"label":"Actualidad","link":"https:\/\/www.eldigitaldeasturias.com\/noticias\/category\/actualidad\/"},{"label":"Fabra, Valc\u00e1rcel y Bauz\u00e1 piden que se reconozca su esfuerzo en financiaci\u00f3n","link":"https:\/\/www.eldigitaldeasturias.com\/noticias\/fabra-valcarcel-y-bauza-piden-que-se-reconozca-su-esfuerzo-en-financiacion\/"}],"_links":{"self":[{"href":"https:\/\/www.eldigitaldeasturias.com\/noticias\/wp-json\/wp\/v2\/posts\/488159","targetHints":{"allow":["GET"]}}],"collection":[{"href":"https:\/\/www.eldigitaldeasturias.com\/noticias\/wp-json\/wp\/v2\/posts"}],"about":[{"href":"https:\/\/www.eldigitaldeasturias.com\/noticias\/wp-json\/wp\/v2\/types\/post"}],"author":[{"embeddable":true,"href":"https:\/\/www.eldigitaldeasturias.com\/noticias\/wp-json\/wp\/v2\/users\/1"}],"replies":[{"embeddable":true,"href":"https:\/\/www.eldigitaldeasturias.com\/noticias\/wp-json\/wp\/v2\/comments?post=488159"}],"version-history":[{"count":0,"href":"https:\/\/www.eldigitaldeasturias.com\/noticias\/wp-json\/wp\/v2\/posts\/488159\/revisions"}],"wp:attachment":[{"href":"https:\/\/www.eldigitaldeasturias.com\/noticias\/wp-json\/wp\/v2\/media?parent=488159"}],"wp:term":[{"taxonomy":"category","embeddable":true,"href":"https:\/\/www.eldigitaldeasturias.com\/noticias\/wp-json\/wp\/v2\/categories?post=488159"},{"taxonomy":"post_tag","embeddable":true,"href":"https:\/\/www.eldigitaldeasturias.com\/noticias\/wp-json\/wp\/v2\/tags?post=488159"}],"curies":[{"name":"wp","href":"https:\/\/api.w.org\/{rel}","templated":true}]}}