{"id":488150,"date":"2014-02-11T00:03:59","date_gmt":"2014-02-11T01:03:59","guid":{"rendered":"http:\/\/www.eldigitaldeasturias.com\/noticias\/?p=488150"},"modified":"2014-02-11T00:03:59","modified_gmt":"2014-02-11T01:03:59","slug":"vidal-quadras-afirma-que-el-estado-autonomico-fracaso-y-que-debe-ser-revisado","status":"publish","type":"post","link":"https:\/\/www.eldigitaldeasturias.com\/noticias\/vidal-quadras-afirma-que-el-estado-autonomico-fracaso-y-que-debe-ser-revisado\/","title":{"rendered":"Vidal Quadras afirma que el Estado auton\u00f3mico fracas\u00f3 y que debe ser revisado"},"content":{"rendered":"<p><img loading=\"lazy\" decoding=\"async\" class=\"alignleft size-medium wp-image-488151\" alt=\"5928341w\" src=\"https:\/\/www.eldigitaldeasturias.com\/noticias\/wp-content\/uploads\/2014\/02\/5928341w-360x234.jpg\" width=\"360\" height=\"234\" \/>Las Palmas de Gran Canaria, 10 feb (EFE).- El vicepresidente del Parlamento Europeo y nuevo militante del partido Vox, Alejo Vidal-Quadras, ha defendido hoy en Las Palmas de Gran Canaria que el Estado de las autonom\u00edas \u00abfracas\u00f3\u00bb y que el Gobierno espa\u00f1ol debe revisarlo con una \u00abacci\u00f3n decidida\u00bb.<\/p>\n<p>Vidal-Quadras ha dicho en conferencia de prensa que Vox entiende que el planteamiento del Estado de las autonom\u00edas, \u00abque fue una propuesta muy bien intencionada\u00bb, ha fracasado \u00abpor desgracia\u00bb.<\/p>\n<p>El exdirigente del PP ha recomendado al Ejecutivo central hacer \u00abun replanteamiento para hacerlo viable y eficiente, porque ahora nos est\u00e1 arruinando y pol\u00edticamente es inmanejable\u00bb.<\/p>\n<p>En su opini\u00f3n, hasta tal punto ha fracasado el Estado de las autonom\u00edas que, uno de sus objetivos principales, que era \u00abpacificar\u00bb a los nacionalismos vasco y catal\u00e1n, \u00abno solo no lo ha conseguido, sino que, en Catalu\u00f1a, en particular, los nacionalistas est\u00e1n ya en el separatismo abierto\u00bb.<\/p>\n<p>A su juicio, no se puede dar \u00abmayor fracaso\u00bb en el Estado de las autonom\u00edas, porque una cosa hecha para integrar a los nacionalistas el resultado ha sido que \u00abest\u00e1n en la liquidaci\u00f3n de Espa\u00f1a como naci\u00f3n\u00bb.<\/p>\n<p>\u00abSi eso no requiere por parte del Gobierno una acci\u00f3n decidida y un reconocimiento de que el Estado de las autonom\u00edas tiene que ser revisado, entonces que baje Dios y lo vea\u00bb, ha agregado.<\/p>\n<p>Sobre si concurrir\u00e1 a en las elecciones europeas con el partido Vox, Vidal-Quadras ha reconocido que esa es su intenci\u00f3n, aunque ha apuntado que su formaci\u00f3n tendr\u00e1 un proceso interno \u00ababsolutamente democr\u00e1tico\u00bb, con unas primarias a las que se presentar\u00e1.<\/p>\n<p>\u00abSi los militantes me apoyan, ir\u00e9 en la candidatura por el Parlamento europeo, pero primero son las primarias\u00bb, ha subrayado.<\/p>\n<p>Respecto a la candidata del PSOE en estos comicios y elegida hoy, Elena Valenciano, Alejo Vidal-Quadras ha dicho que la conoce \u00abmuy bien\u00bb por coincidir ambos durante a\u00f1os en el Parlamento europeo.<\/p>\n<p>\u00abMi relaci\u00f3n personal con ella es muy buena. Tengo amistad y buena opini\u00f3n, pero en lo pol\u00edtico vemos las cosas distintas, como me ocurre con el PP y, por eso me he ido\u00bb, ha se\u00f1alado el vicepresidente del Parlamento europeo.<\/p>\n","protected":false},"excerpt":{"rendered":"<p>Las Palmas de Gran Canaria, 10 feb (EFE).- El vicepresidente del Parlamento Europeo y nuevo militante del partido Vox, Alejo Vidal-Quadras, ha defendido hoy en Las Palmas de Gran Canaria que el Estado de las autonom\u00edas \u00abfracas\u00f3\u00bb y que el Gobierno espa\u00f1ol debe revisarlo con una \u00abacci\u00f3n decidida\u00bb. Vidal-Quadras ha dicho en conferencia de prensa [&hellip;]<\/p>\n","protected":false},"author":1,"featured_media":488151,"comment_status":"closed","ping_status":"closed","sticky":false,"template":"","format":"standard","meta":{"footnotes":""},"categories":[1],"tags":[],"class_list":["post-488150","post","type-post","status-publish","format-standard","has-post-thumbnail","hentry","category-actualidad"],"aioseo_notices":[],"aioseo_head":"\n\t\t<!-- All in One SEO Pro 5.0.1 - aioseo.com -->\n\t<meta name=\"description\" content=\"Las Palmas de Gran Canaria, 10 feb (EFE).- El vicepresidente del Parlamento Europeo y nuevo militante del partido Vox, Alejo Vidal-Quadras, ha defendido hoy en Las Palmas de Gran Canaria que el Estado de las autonom\u00edas &quot;fracas\u00f3&quot; y que el Gobierno espa\u00f1ol debe revisarlo con una &quot;acci\u00f3n decidida&quot;. Vidal-Quadras ha dicho en conferencia de prensa\" \/>\n\t<meta name=\"robots\" content=\"max-image-preview:large\" \/>\n\t<meta name=\"author\" content=\"El Digital de Asturias\"\/>\n\t<meta name=\"google-site-verification\" content=\"UA-38556648-1\" \/>\n\t<meta name=\"msvalidate.01\" content=\"7dfe9f3f1b24437ab69f4f2559babe99\" \/>\n\t<meta name=\"keywords\" content=\"actualidad\" \/>\n\t<link rel=\"canonical\" href=\"https:\/\/www.eldigitaldeasturias.com\/noticias\/vidal-quadras-afirma-que-el-estado-autonomico-fracaso-y-que-debe-ser-revisado\/\" \/>\n\t<meta name=\"generator\" content=\"All in One SEO Pro (AIOSEO) 5.0.1\" \/>\n\t\t<meta property=\"og:locale\" content=\"es_ES\" \/>\n\t\t<meta property=\"og:site_name\" content=\"El Digital de Asturias\" \/>\n\t\t<meta property=\"og:type\" content=\"article\" \/>\n\t\t<meta property=\"og:title\" content=\"Vidal Quadras afirma que el Estado auton\u00f3mico fracas\u00f3 y que debe ser revisado - El Digital de Asturias\" \/>\n\t\t<meta property=\"og:description\" content=\"Las Palmas de Gran Canaria, 10 feb (EFE).- El vicepresidente del Parlamento Europeo y nuevo militante del partido Vox, Alejo Vidal-Quadras, ha defendido hoy en Las Palmas de Gran Canaria que el Estado de las autonom\u00edas &quot;fracas\u00f3&quot; y que el Gobierno espa\u00f1ol debe revisarlo con una &quot;acci\u00f3n decidida&quot;. Vidal-Quadras ha dicho en conferencia de prensa\" \/>\n\t\t<meta property=\"og:url\" content=\"https:\/\/www.eldigitaldeasturias.com\/noticias\/vidal-quadras-afirma-que-el-estado-autonomico-fracaso-y-que-debe-ser-revisado\/\" \/>\n\t\t<meta property=\"article:tag\" content=\"actualidad\" \/>\n\t\t<meta property=\"article:published_time\" content=\"2014-02-11T01:03:59+00:00\" \/>\n\t\t<meta property=\"article:modified_time\" content=\"2014-02-11T01:03:59+00:00\" \/>\n\t\t<meta property=\"article:publisher\" content=\"https:\/\/facebook.com\/eldigitaldeasturias\" \/>\n\t\t<meta name=\"twitter:card\" content=\"summary_large_image\" \/>\n\t\t<meta name=\"twitter:title\" content=\"Vidal Quadras afirma que el Estado auton\u00f3mico fracas\u00f3 y que debe ser revisado - El Digital de Asturias\" \/>\n\t\t<meta name=\"twitter:description\" content=\"Las Palmas de Gran Canaria, 10 feb (EFE).- El vicepresidente del Parlamento Europeo y nuevo militante del partido Vox, Alejo Vidal-Quadras, ha defendido hoy en Las Palmas de Gran Canaria que el Estado de las autonom\u00edas &quot;fracas\u00f3&quot; y que el Gobierno espa\u00f1ol debe revisarlo con una &quot;acci\u00f3n decidida&quot;. Vidal-Quadras ha dicho en conferencia de prensa\" \/>\n\t\t<meta name=\"twitter:label1\" content=\"Escrito por\" \/>\n\t\t<meta name=\"twitter:data1\" content=\"El Digital de Asturias\" \/>\n\t\t<meta name=\"twitter:label2\" content=\"Tiempo de lectura estimado\" \/>\n\t\t<meta name=\"twitter:data2\" content=\"2 minutos\" \/>\n\t\t<script type=\"application\/ld+json\" class=\"aioseo-schema\">\n\t\t\t{\"@context\":\"https:\\\/\\\/schema.org\",\"@graph\":[{\"@type\":\"BlogPosting\",\"@id\":\"https:\\\/\\\/www.eldigitaldeasturias.com\\\/noticias\\\/vidal-quadras-afirma-que-el-estado-autonomico-fracaso-y-que-debe-ser-revisado\\\/#blogposting\",\"name\":\"Vidal Quadras afirma que el Estado auton\\u00f3mico fracas\\u00f3 y que debe ser revisado - El Digital de Asturias\",\"headline\":\"Vidal Quadras afirma que el Estado auton\\u00f3mico fracas\\u00f3 y que debe ser revisado\",\"author\":{\"@id\":\"https:\\\/\\\/www.eldigitaldeasturias.com\\\/noticias\\\/author\\\/admin\\\/#author\"},\"publisher\":{\"@id\":\"https:\\\/\\\/www.eldigitaldeasturias.com\\\/noticias\\\/#organization\"},\"image\":{\"@type\":\"ImageObject\",\"url\":488151},\"datePublished\":\"2014-02-11T00:03:59+01:00\",\"dateModified\":\"2014-02-11T00:03:59+01:00\",\"inLanguage\":\"es-ES\",\"mainEntityOfPage\":{\"@id\":\"https:\\\/\\\/www.eldigitaldeasturias.com\\\/noticias\\\/vidal-quadras-afirma-que-el-estado-autonomico-fracaso-y-que-debe-ser-revisado\\\/#webpage\"},\"isPartOf\":{\"@id\":\"https:\\\/\\\/www.eldigitaldeasturias.com\\\/noticias\\\/vidal-quadras-afirma-que-el-estado-autonomico-fracaso-y-que-debe-ser-revisado\\\/#webpage\"},\"articleSection\":\"Actualidad\"},{\"@type\":\"BreadcrumbList\",\"@id\":\"https:\\\/\\\/www.eldigitaldeasturias.com\\\/noticias\\\/vidal-quadras-afirma-que-el-estado-autonomico-fracaso-y-que-debe-ser-revisado\\\/#breadcrumblist\",\"itemListElement\":[{\"@type\":\"ListItem\",\"@id\":\"https:\\\/\\\/www.eldigitaldeasturias.com\\\/noticias#listItem\",\"position\":1,\"name\":\"Home\",\"item\":\"https:\\\/\\\/www.eldigitaldeasturias.com\\\/noticias\",\"nextItem\":{\"@type\":\"ListItem\",\"@id\":\"https:\\\/\\\/www.eldigitaldeasturias.com\\\/noticias\\\/category\\\/actualidad\\\/#listItem\",\"name\":\"Actualidad\"}},{\"@type\":\"ListItem\",\"@id\":\"https:\\\/\\\/www.eldigitaldeasturias.com\\\/noticias\\\/category\\\/actualidad\\\/#listItem\",\"position\":2,\"name\":\"Actualidad\",\"item\":\"https:\\\/\\\/www.eldigitaldeasturias.com\\\/noticias\\\/category\\\/actualidad\\\/\",\"nextItem\":{\"@type\":\"ListItem\",\"@id\":\"https:\\\/\\\/www.eldigitaldeasturias.com\\\/noticias\\\/vidal-quadras-afirma-que-el-estado-autonomico-fracaso-y-que-debe-ser-revisado\\\/#listItem\",\"name\":\"Vidal Quadras afirma que el Estado auton\\u00f3mico fracas\\u00f3 y que debe ser revisado\"},\"previousItem\":{\"@type\":\"ListItem\",\"@id\":\"https:\\\/\\\/www.eldigitaldeasturias.com\\\/noticias#listItem\",\"name\":\"Home\"}},{\"@type\":\"ListItem\",\"@id\":\"https:\\\/\\\/www.eldigitaldeasturias.com\\\/noticias\\\/vidal-quadras-afirma-que-el-estado-autonomico-fracaso-y-que-debe-ser-revisado\\\/#listItem\",\"position\":3,\"name\":\"Vidal Quadras afirma que el Estado auton\\u00f3mico fracas\\u00f3 y que debe ser revisado\",\"previousItem\":{\"@type\":\"ListItem\",\"@id\":\"https:\\\/\\\/www.eldigitaldeasturias.com\\\/noticias\\\/category\\\/actualidad\\\/#listItem\",\"name\":\"Actualidad\"}}]},{\"@type\":\"Organization\",\"@id\":\"https:\\\/\\\/www.eldigitaldeasturias.com\\\/noticias\\\/#organization\",\"name\":\"El Digital de Asturias\",\"description\":\"Hemeroteca\",\"url\":\"https:\\\/\\\/www.eldigitaldeasturias.com\\\/noticias\\\/\",\"email\":\"info@eldigitaldeasturias.com\",\"telephone\":\"+34652131393\",\"logo\":{\"@type\":\"ImageObject\",\"url\":\"https:\\\/\\\/www.eldigitaldeasturias.com\\\/noticias\\\/wp-content\\\/uploads\\\/2020\\\/12\\\/EDA.jpg\",\"@id\":\"https:\\\/\\\/www.eldigitaldeasturias.com\\\/noticias\\\/vidal-quadras-afirma-que-el-estado-autonomico-fracaso-y-que-debe-ser-revisado\\\/#organizationLogo\"},\"image\":{\"@id\":\"https:\\\/\\\/www.eldigitaldeasturias.com\\\/noticias\\\/vidal-quadras-afirma-que-el-estado-autonomico-fracaso-y-que-debe-ser-revisado\\\/#organizationLogo\"},\"sameAs\":[\"https:\\\/\\\/facebook.com\\\/eldigitaldeasturias\",\"https:\\\/\\\/www.youtube.com\\\/channel\\\/UCZP-2wLEB9Rv6erhFmqVnvg\"],\"address\":{\"@id\":\"https:\\\/\\\/www.eldigitaldeasturias.com\\\/noticias\\\/#postaladdress\",\"@type\":\"PostalAddress\",\"streetAddress\":\"san antonio 4\",\"postalCode\":\"33430\",\"addressLocality\":\"Cand\\u00e1s\",\"addressRegion\":\"Asturias\",\"addressCountry\":\"ES\"}},{\"@type\":\"Person\",\"@id\":\"https:\\\/\\\/www.eldigitaldeasturias.com\\\/noticias\\\/author\\\/admin\\\/#author\",\"url\":\"https:\\\/\\\/www.eldigitaldeasturias.com\\\/noticias\\\/author\\\/admin\\\/\",\"name\":\"El Digital de Asturias\",\"image\":{\"@type\":\"ImageObject\",\"@id\":\"https:\\\/\\\/www.eldigitaldeasturias.com\\\/noticias\\\/vidal-quadras-afirma-que-el-estado-autonomico-fracaso-y-que-debe-ser-revisado\\\/#authorImage\",\"url\":\"https:\\\/\\\/secure.gravatar.com\\\/avatar\\\/df2aeffc32bcd13f8d26072ef8a91b623d677766deac7f97ca815868cd41bf5e?s=96&d=mm&r=g\",\"width\":96,\"height\":96,\"caption\":\"El Digital de Asturias\"}},{\"@type\":\"WebPage\",\"@id\":\"https:\\\/\\\/www.eldigitaldeasturias.com\\\/noticias\\\/vidal-quadras-afirma-que-el-estado-autonomico-fracaso-y-que-debe-ser-revisado\\\/#webpage\",\"url\":\"https:\\\/\\\/www.eldigitaldeasturias.com\\\/noticias\\\/vidal-quadras-afirma-que-el-estado-autonomico-fracaso-y-que-debe-ser-revisado\\\/\",\"name\":\"Vidal Quadras afirma que el Estado auton\\u00f3mico fracas\\u00f3 y que debe ser revisado - El Digital de Asturias\",\"description\":\"Las Palmas de Gran Canaria, 10 feb (EFE).- El vicepresidente del Parlamento Europeo y nuevo militante del partido Vox, Alejo Vidal-Quadras, ha defendido hoy en Las Palmas de Gran Canaria que el Estado de las autonom\\u00edas \\\"fracas\\u00f3\\\" y que el Gobierno espa\\u00f1ol debe revisarlo con una \\\"acci\\u00f3n decidida\\\". Vidal-Quadras ha dicho en conferencia de prensa\",\"inLanguage\":\"es-ES\",\"isPartOf\":{\"@id\":\"https:\\\/\\\/www.eldigitaldeasturias.com\\\/noticias\\\/#website\"},\"breadcrumb\":{\"@id\":\"https:\\\/\\\/www.eldigitaldeasturias.com\\\/noticias\\\/vidal-quadras-afirma-que-el-estado-autonomico-fracaso-y-que-debe-ser-revisado\\\/#breadcrumblist\"},\"author\":{\"@id\":\"https:\\\/\\\/www.eldigitaldeasturias.com\\\/noticias\\\/author\\\/admin\\\/#author\"},\"creator\":{\"@id\":\"https:\\\/\\\/www.eldigitaldeasturias.com\\\/noticias\\\/author\\\/admin\\\/#author\"},\"image\":{\"@type\":\"ImageObject\",\"url\":488151,\"@id\":\"https:\\\/\\\/www.eldigitaldeasturias.com\\\/noticias\\\/vidal-quadras-afirma-que-el-estado-autonomico-fracaso-y-que-debe-ser-revisado\\\/#mainImage\"},\"primaryImageOfPage\":{\"@id\":\"https:\\\/\\\/www.eldigitaldeasturias.com\\\/noticias\\\/vidal-quadras-afirma-que-el-estado-autonomico-fracaso-y-que-debe-ser-revisado\\\/#mainImage\"},\"datePublished\":\"2014-02-11T00:03:59+01:00\",\"dateModified\":\"2014-02-11T00:03:59+01:00\"},{\"@type\":\"WebSite\",\"@id\":\"https:\\\/\\\/www.eldigitaldeasturias.com\\\/noticias\\\/#website\",\"url\":\"https:\\\/\\\/www.eldigitaldeasturias.com\\\/noticias\\\/\",\"name\":\"El Digital de Asturias - Diario de actualidad y noticias\",\"alternateName\":\"El Digital de Asturias - Diario de actualidad y noticias\",\"description\":\"Hemeroteca\",\"inLanguage\":\"es-ES\",\"publisher\":{\"@id\":\"https:\\\/\\\/www.eldigitaldeasturias.com\\\/noticias\\\/#organization\"}}]}\n\t\t<\/script>\n\t\t<!-- All in One SEO Pro -->\r\n\t\t<title>Vidal Quadras afirma que el Estado auton\u00f3mico fracas\u00f3 y que debe ser revisado - El Digital de Asturias<\/title>\n\n","aioseo_head_json":{"title":"Vidal Quadras afirma que el Estado auton\u00f3mico fracas\u00f3 y que debe ser revisado - El Digital de Asturias","description":"Las Palmas de Gran Canaria, 10 feb (EFE).- El vicepresidente del Parlamento Europeo y nuevo militante del partido Vox, Alejo Vidal-Quadras, ha defendido hoy en Las Palmas de Gran Canaria que el Estado de las autonom\u00edas \"fracas\u00f3\" y que el Gobierno espa\u00f1ol debe revisarlo con una \"acci\u00f3n decidida\". Vidal-Quadras ha dicho en conferencia de prensa","canonical_url":"https:\/\/www.eldigitaldeasturias.com\/noticias\/vidal-quadras-afirma-que-el-estado-autonomico-fracaso-y-que-debe-ser-revisado\/","robots":"max-image-preview:large","keywords":"actualidad","webmasterTools":{"google-site-verification":"UA-38556648-1","msvalidate.01":"7dfe9f3f1b24437ab69f4f2559babe99","miscellaneous":""},"schema":{"@context":"https:\/\/schema.org","@graph":[{"@type":"BlogPosting","@id":"https:\/\/www.eldigitaldeasturias.com\/noticias\/vidal-quadras-afirma-que-el-estado-autonomico-fracaso-y-que-debe-ser-revisado\/#blogposting","name":"Vidal Quadras afirma que el Estado auton\u00f3mico fracas\u00f3 y que debe ser revisado - El Digital de Asturias","headline":"Vidal Quadras afirma que el Estado auton\u00f3mico fracas\u00f3 y que debe ser revisado","author":{"@id":"https:\/\/www.eldigitaldeasturias.com\/noticias\/author\/admin\/#author"},"publisher":{"@id":"https:\/\/www.eldigitaldeasturias.com\/noticias\/#organization"},"image":{"@type":"ImageObject","url":488151},"datePublished":"2014-02-11T00:03:59+01:00","dateModified":"2014-02-11T00:03:59+01:00","inLanguage":"es-ES","mainEntityOfPage":{"@id":"https:\/\/www.eldigitaldeasturias.com\/noticias\/vidal-quadras-afirma-que-el-estado-autonomico-fracaso-y-que-debe-ser-revisado\/#webpage"},"isPartOf":{"@id":"https:\/\/www.eldigitaldeasturias.com\/noticias\/vidal-quadras-afirma-que-el-estado-autonomico-fracaso-y-que-debe-ser-revisado\/#webpage"},"articleSection":"Actualidad"},{"@type":"BreadcrumbList","@id":"https:\/\/www.eldigitaldeasturias.com\/noticias\/vidal-quadras-afirma-que-el-estado-autonomico-fracaso-y-que-debe-ser-revisado\/#breadcrumblist","itemListElement":[{"@type":"ListItem","@id":"https:\/\/www.eldigitaldeasturias.com\/noticias#listItem","position":1,"name":"Home","item":"https:\/\/www.eldigitaldeasturias.com\/noticias","nextItem":{"@type":"ListItem","@id":"https:\/\/www.eldigitaldeasturias.com\/noticias\/category\/actualidad\/#listItem","name":"Actualidad"}},{"@type":"ListItem","@id":"https:\/\/www.eldigitaldeasturias.com\/noticias\/category\/actualidad\/#listItem","position":2,"name":"Actualidad","item":"https:\/\/www.eldigitaldeasturias.com\/noticias\/category\/actualidad\/","nextItem":{"@type":"ListItem","@id":"https:\/\/www.eldigitaldeasturias.com\/noticias\/vidal-quadras-afirma-que-el-estado-autonomico-fracaso-y-que-debe-ser-revisado\/#listItem","name":"Vidal Quadras afirma que el Estado auton\u00f3mico fracas\u00f3 y que debe ser revisado"},"previousItem":{"@type":"ListItem","@id":"https:\/\/www.eldigitaldeasturias.com\/noticias#listItem","name":"Home"}},{"@type":"ListItem","@id":"https:\/\/www.eldigitaldeasturias.com\/noticias\/vidal-quadras-afirma-que-el-estado-autonomico-fracaso-y-que-debe-ser-revisado\/#listItem","position":3,"name":"Vidal Quadras afirma que el Estado auton\u00f3mico fracas\u00f3 y que debe ser revisado","previousItem":{"@type":"ListItem","@id":"https:\/\/www.eldigitaldeasturias.com\/noticias\/category\/actualidad\/#listItem","name":"Actualidad"}}]},{"@type":"Organization","@id":"https:\/\/www.eldigitaldeasturias.com\/noticias\/#organization","name":"El Digital de Asturias","description":"Hemeroteca","url":"https:\/\/www.eldigitaldeasturias.com\/noticias\/","email":"info@eldigitaldeasturias.com","telephone":"+34652131393","logo":{"@type":"ImageObject","url":"https:\/\/www.eldigitaldeasturias.com\/noticias\/wp-content\/uploads\/2020\/12\/EDA.jpg","@id":"https:\/\/www.eldigitaldeasturias.com\/noticias\/vidal-quadras-afirma-que-el-estado-autonomico-fracaso-y-que-debe-ser-revisado\/#organizationLogo"},"image":{"@id":"https:\/\/www.eldigitaldeasturias.com\/noticias\/vidal-quadras-afirma-que-el-estado-autonomico-fracaso-y-que-debe-ser-revisado\/#organizationLogo"},"sameAs":["https:\/\/facebook.com\/eldigitaldeasturias","https:\/\/www.youtube.com\/channel\/UCZP-2wLEB9Rv6erhFmqVnvg"],"address":{"@id":"https:\/\/www.eldigitaldeasturias.com\/noticias\/#postaladdress","@type":"PostalAddress","streetAddress":"san antonio 4","postalCode":"33430","addressLocality":"Cand\u00e1s","addressRegion":"Asturias","addressCountry":"ES"}},{"@type":"Person","@id":"https:\/\/www.eldigitaldeasturias.com\/noticias\/author\/admin\/#author","url":"https:\/\/www.eldigitaldeasturias.com\/noticias\/author\/admin\/","name":"El Digital de Asturias","image":{"@type":"ImageObject","@id":"https:\/\/www.eldigitaldeasturias.com\/noticias\/vidal-quadras-afirma-que-el-estado-autonomico-fracaso-y-que-debe-ser-revisado\/#authorImage","url":"https:\/\/secure.gravatar.com\/avatar\/df2aeffc32bcd13f8d26072ef8a91b623d677766deac7f97ca815868cd41bf5e?s=96&d=mm&r=g","width":96,"height":96,"caption":"El Digital de Asturias"}},{"@type":"WebPage","@id":"https:\/\/www.eldigitaldeasturias.com\/noticias\/vidal-quadras-afirma-que-el-estado-autonomico-fracaso-y-que-debe-ser-revisado\/#webpage","url":"https:\/\/www.eldigitaldeasturias.com\/noticias\/vidal-quadras-afirma-que-el-estado-autonomico-fracaso-y-que-debe-ser-revisado\/","name":"Vidal Quadras afirma que el Estado auton\u00f3mico fracas\u00f3 y que debe ser revisado - El Digital de Asturias","description":"Las Palmas de Gran Canaria, 10 feb (EFE).- El vicepresidente del Parlamento Europeo y nuevo militante del partido Vox, Alejo Vidal-Quadras, ha defendido hoy en Las Palmas de Gran Canaria que el Estado de las autonom\u00edas \"fracas\u00f3\" y que el Gobierno espa\u00f1ol debe revisarlo con una \"acci\u00f3n decidida\". Vidal-Quadras ha dicho en conferencia de prensa","inLanguage":"es-ES","isPartOf":{"@id":"https:\/\/www.eldigitaldeasturias.com\/noticias\/#website"},"breadcrumb":{"@id":"https:\/\/www.eldigitaldeasturias.com\/noticias\/vidal-quadras-afirma-que-el-estado-autonomico-fracaso-y-que-debe-ser-revisado\/#breadcrumblist"},"author":{"@id":"https:\/\/www.eldigitaldeasturias.com\/noticias\/author\/admin\/#author"},"creator":{"@id":"https:\/\/www.eldigitaldeasturias.com\/noticias\/author\/admin\/#author"},"image":{"@type":"ImageObject","url":488151,"@id":"https:\/\/www.eldigitaldeasturias.com\/noticias\/vidal-quadras-afirma-que-el-estado-autonomico-fracaso-y-que-debe-ser-revisado\/#mainImage"},"primaryImageOfPage":{"@id":"https:\/\/www.eldigitaldeasturias.com\/noticias\/vidal-quadras-afirma-que-el-estado-autonomico-fracaso-y-que-debe-ser-revisado\/#mainImage"},"datePublished":"2014-02-11T00:03:59+01:00","dateModified":"2014-02-11T00:03:59+01:00"},{"@type":"WebSite","@id":"https:\/\/www.eldigitaldeasturias.com\/noticias\/#website","url":"https:\/\/www.eldigitaldeasturias.com\/noticias\/","name":"El Digital de Asturias - Diario de actualidad y noticias","alternateName":"El Digital de Asturias - Diario de actualidad y noticias","description":"Hemeroteca","inLanguage":"es-ES","publisher":{"@id":"https:\/\/www.eldigitaldeasturias.com\/noticias\/#organization"}}]},"og:locale":"es_ES","og:site_name":"El Digital de Asturias","og:type":"article","og:title":"Vidal Quadras afirma que el Estado auton\u00f3mico fracas\u00f3 y que debe ser revisado - El Digital de Asturias","og:description":"Las Palmas de Gran Canaria, 10 feb (EFE).- El vicepresidente del Parlamento Europeo y nuevo militante del partido Vox, Alejo Vidal-Quadras, ha defendido hoy en Las Palmas de Gran Canaria que el Estado de las autonom\u00edas &quot;fracas\u00f3&quot; y que el Gobierno espa\u00f1ol debe revisarlo con una &quot;acci\u00f3n decidida&quot;. Vidal-Quadras ha dicho en conferencia de prensa","og:url":"https:\/\/www.eldigitaldeasturias.com\/noticias\/vidal-quadras-afirma-que-el-estado-autonomico-fracaso-y-que-debe-ser-revisado\/","article:tag":["actualidad"],"article:published_time":"2014-02-11T01:03:59+00:00","article:modified_time":"2014-02-11T01:03:59+00:00","article:publisher":"https:\/\/facebook.com\/eldigitaldeasturias","twitter:card":"summary_large_image","twitter:title":"Vidal Quadras afirma que el Estado auton\u00f3mico fracas\u00f3 y que debe ser revisado - El Digital de Asturias","twitter:description":"Las Palmas de Gran Canaria, 10 feb (EFE).- El vicepresidente del Parlamento Europeo y nuevo militante del partido Vox, Alejo Vidal-Quadras, ha defendido hoy en Las Palmas de Gran Canaria que el Estado de las autonom\u00edas &quot;fracas\u00f3&quot; y que el Gobierno espa\u00f1ol debe revisarlo con una &quot;acci\u00f3n decidida&quot;. Vidal-Quadras ha dicho en conferencia de prensa","twitter:label1":"Escrito por","twitter:data1":"El Digital de Asturias","twitter:label2":"Tiempo de lectura estimado","twitter:data2":"2 minutos"},"aioseo_meta_data":{"post_id":"488150","title":null,"description":null,"keywords":null,"keyphrases":null,"primary_term":null,"canonical_url":null,"og_title":null,"og_description":null,"og_object_type":"default","og_image_type":"default","og_image_url":null,"og_image_width":null,"og_image_height":null,"og_image_custom_url":null,"og_image_custom_fields":null,"og_video":null,"og_custom_url":null,"og_article_section":null,"og_article_tags":null,"twitter_use_og":true,"twitter_card":"default","twitter_image_type":"default","twitter_image_url":null,"twitter_image_custom_url":null,"twitter_image_custom_fields":null,"twitter_title":null,"twitter_description":null,"schema":{"blockGraphs":[],"customGraphs":[],"default":{"data":{"Article":[],"Course":[],"Dataset":[],"FAQPage":[],"Movie":[],"Person":[],"Product":[],"ProductReview":[],"Car":[],"Recipe":[],"Service":[],"SoftwareApplication":[],"WebPage":[]},"graphName":"","isEnabled":true},"graphs":[],"defaultGraph":"","defaultPostTypeGraph":""},"schema_type":null,"schema_type_options":null,"pillar_content":false,"robots_default":true,"robots_noindex":false,"robots_noarchive":false,"robots_nosnippet":false,"robots_nofollow":false,"robots_noimageindex":false,"robots_noodp":false,"robots_notranslate":false,"robots_max_snippet":null,"robots_max_videopreview":null,"robots_max_imagepreview":"none","priority":null,"frequency":null,"local_seo":null,"seo_analyzer_scan_date":"2026-06-03 07:09:21","breadcrumb_settings":null,"limit_modified_date":false,"open_ai":null,"ai":null,"created":"2020-11-14 22:57:11","updated":"2026-06-03 07:09:21","focus_keyword":null,"additional_keywords":null,"truseo_locale":null},"aioseo_breadcrumb":"<div class=\"aioseo-breadcrumbs\"><span class=\"aioseo-breadcrumb\">\n\t<a href=\"https:\/\/www.eldigitaldeasturias.com\/noticias\" title=\"Home\">Home<\/a>\n<\/span><span class=\"aioseo-breadcrumb-separator\">\u2013<\/span><span class=\"aioseo-breadcrumb\">\n\t<a href=\"https:\/\/www.eldigitaldeasturias.com\/noticias\/category\/actualidad\/\" title=\"Actualidad\">Actualidad<\/a>\n<\/span><span class=\"aioseo-breadcrumb-separator\">\u2013<\/span><span class=\"aioseo-breadcrumb\">\n\t<a href=\"https:\/\/www.eldigitaldeasturias.com\/noticias\/vidal-quadras-afirma-que-el-estado-autonomico-fracaso-y-que-debe-ser-revisado\/\" title=\"Vidal Quadras afirma que el Estado auton\u00f3mico fracas\u00f3 y que debe ser revisado\">Vidal Quadras afirma que el Estado auton\u00f3mico fracas\u00f3 y que debe ser revisado<\/a>\n<\/span><\/div>","aioseo_breadcrumb_json":[{"label":"Home","link":"https:\/\/www.eldigitaldeasturias.com\/noticias"},{"label":"Actualidad","link":"https:\/\/www.eldigitaldeasturias.com\/noticias\/category\/actualidad\/"},{"label":"Vidal Quadras afirma que el Estado auton\u00f3mico fracas\u00f3 y que debe ser revisado","link":"https:\/\/www.eldigitaldeasturias.com\/noticias\/vidal-quadras-afirma-que-el-estado-autonomico-fracaso-y-que-debe-ser-revisado\/"}],"_links":{"self":[{"href":"https:\/\/www.eldigitaldeasturias.com\/noticias\/wp-json\/wp\/v2\/posts\/488150","targetHints":{"allow":["GET"]}}],"collection":[{"href":"https:\/\/www.eldigitaldeasturias.com\/noticias\/wp-json\/wp\/v2\/posts"}],"about":[{"href":"https:\/\/www.eldigitaldeasturias.com\/noticias\/wp-json\/wp\/v2\/types\/post"}],"author":[{"embeddable":true,"href":"https:\/\/www.eldigitaldeasturias.com\/noticias\/wp-json\/wp\/v2\/users\/1"}],"replies":[{"embeddable":true,"href":"https:\/\/www.eldigitaldeasturias.com\/noticias\/wp-json\/wp\/v2\/comments?post=488150"}],"version-history":[{"count":0,"href":"https:\/\/www.eldigitaldeasturias.com\/noticias\/wp-json\/wp\/v2\/posts\/488150\/revisions"}],"wp:attachment":[{"href":"https:\/\/www.eldigitaldeasturias.com\/noticias\/wp-json\/wp\/v2\/media?parent=488150"}],"wp:term":[{"taxonomy":"category","embeddable":true,"href":"https:\/\/www.eldigitaldeasturias.com\/noticias\/wp-json\/wp\/v2\/categories?post=488150"},{"taxonomy":"post_tag","embeddable":true,"href":"https:\/\/www.eldigitaldeasturias.com\/noticias\/wp-json\/wp\/v2\/tags?post=488150"}],"curies":[{"name":"wp","href":"https:\/\/api.w.org\/{rel}","templated":true}]}}