{"id":488138,"date":"2014-02-10T23:48:48","date_gmt":"2014-02-11T00:48:48","guid":{"rendered":"http:\/\/www.eldigitaldeasturias.com\/noticias\/?p=488138"},"modified":"2014-02-10T23:48:48","modified_gmt":"2014-02-11T00:48:48","slug":"bayern-dortmund-y-leverkusen-luchan-por-semis-de-copa","status":"publish","type":"post","link":"https:\/\/www.eldigitaldeasturias.com\/noticias\/bayern-dortmund-y-leverkusen-luchan-por-semis-de-copa\/","title":{"rendered":"Bayern, Dortmund y Leverkusen luchan por semis de Copa"},"content":{"rendered":"<p><img loading=\"lazy\" decoding=\"async\" class=\"alignleft size-medium wp-image-453351\" alt=\"5750892wpep\" src=\"https:\/\/www.eldigitaldeasturias.com\/noticias\/wp-content\/uploads\/2013\/11\/5750892w-360x248.jpg\" width=\"360\" height=\"248\" \/>Berl\u00edn, 10 feb (dpa) &#8211; El Bayern M\u00fanich, el Bayer Leverkusen y el Borussia Dortmund, los tres primeros equipos de la Liga alemana de f\u00fatbol, luchar\u00e1n ma\u00f1ana y el mi\u00e9rcoles por un lugar en las semifinales de la Copa Alemana que defienden los b\u00e1varos al mando de Josep Guardiola.<\/p>\n<p>El Borussia Dortmund, actual tercero de la liga, se ve las caras en el \u00fanico partido de ma\u00f1ana con el Eintracht Frankfurt, un equipo que est\u00e1 duod\u00e9cimo en el campeonato y ve en la Copa la ocasi\u00f3n m\u00e1s tangible de regresar a la Liga Europa.<\/p>\n<p>Para el Dortmund se trata de la \u00fanica opci\u00f3n de un t\u00edtulo nacional. El conjunto dirigido por J\u00fcrgen Klopp ha mejorado una campa\u00f1a liguera que comenz\u00f3 de forma irregular, pero lo separa un abismo de 19 puntos del todopoderoso Bayern M\u00fanich.<\/p>\n<p>\u00abEs una final para entrar en semifinales\u00bb, describi\u00f3 Klopp el duelo que tendr\u00e1 lugar en campo del Frankfurt. \u00abTomamos a este torneo muy en serio\u00bb, recalc\u00f3 el t\u00e9cnico. \u00abVa a ser un partido con final abierto en el que no contar\u00e1n las clasificaciones de liga\u00bb.<\/p>\n<p>El Dortmund se reencontr\u00f3 el fin de semana con su f\u00fatbol ofensivo y de r\u00e1pida transici\u00f3n al barrer de la cancha por 5-1 al atribulado Werder Bremen.<\/p>\n<p>Sin embargo, el campe\u00f3n de Copa de 2012 sigue plagado por las lesiones. A Mats Hummels, Neven Subotic, Jakub Blaszczykowski e Ilkay G\u00fcndogan se sumaron este s\u00e1bado las bajas de los centrocampistas Marco Reus y Sven Bender, con problemas de muslo.<\/p>\n<p>En las filas del Frankfurt reina el optimismo. \u00abTenemos un buen plantel. Y se trata de entrar en las semis. Es una oportunidad incre\u00edble para nosotros\u00bb, se\u00f1al\u00f3 el entrenador Armin Veh.<\/p>\n<p>El Frankfurt gan\u00f3 el s\u00e1bado su compromiso de liga ante el colista Braunschweig, pero el precio que pag\u00f3 fueron las lesiones de su capit\u00e1n, Pirmin Schwegler, y de Johannes Flum, que podr\u00edan quedar fuera del duelo de Copa.<\/p>\n<p>El mi\u00e9rcoles, el Bayer Leverkusen recibir\u00e1 al Kaiserslautern, el \u00fanico equipo de segunda divisi\u00f3n que permanece en liza, en busca de obtener finalmente un t\u00edtulo y desprenderse la etiqueta de eterno \u00absubcampe\u00f3n\u00bb. El Leverkusen es escolta del Bayern en la liga, pero lo separan del conjunto de M\u00fanich 13 puntos dif\u00edciles de zanjar.<\/p>\n<p>\u00abPor fin estamos en una situaci\u00f3n en la que podemos avanzar mucho en la Copa. Es algo que no consegu\u00edamos desde hace a\u00f1os\u00bb, se entusiasm\u00f3 el centrocampista Lars Bender.<\/p>\n<p>Pero la Copa tiene sus propias reglas, eso lo sabe de sobra el t\u00e9cnico del Leverkusen, Sami Hyypi\u00e4, quien advirti\u00f3 a sus jugadores de subestimar al rival. \u00abEs un equipo robusto con jugadores fuertes en las luchas individuales\u00bb, analiz\u00f3.<\/p>\n<p>En vista de los compromisos de liga y Liga de Campeones, el finland\u00e9s Hyypi\u00e4 podr\u00eda dejar en el banco a algunos titulares y favorecer el debut del zaguero mexicano Jos\u00e9 Andr\u00e9s Guardado. El t\u00e9cnico expres\u00f3 la esperanza de que el partido no vaya a la pr\u00f3rroga. \u00abEspero que no pase de los 90 minutos y que ganemos en ese lapso\u00bb.<\/p>\n<p>\u00abEl Leverkusen es favorito claro en los papeles, pero les queremos deparar dolores de cabeza\u00bb, anunci\u00f3, por su parte, el t\u00e9cnico del Kaiserslautern, Kosta Runjaic.<\/p>\n<p>El Bayern M\u00fanich, por su parte, se topa en cuartos de final con un rival dif\u00edcil de predecir por su delicada situaci\u00f3n, el Hamburgo. El equipo del norte alem\u00e1n est\u00e1 sumido en una profunda crisis que lo ha dejado al borde del primer descenso de su historia.<\/p>\n<p>El combinado al mando del holand\u00e9s Bert van Marwijk cay\u00f3 el s\u00e1bado por 3-0 ante el Hertha Berl\u00edn y sum\u00f3 la sexta derrota consecutiva. Est\u00e1 pen\u00faltimo y ostenta el r\u00e9cord de goles en contra, un total de 47.<\/p>\n<p>La suerte de Van Marwijk depende del choque del mi\u00e9rcoles en Hamburgo y del compromiso liguero del fin de semana, seg\u00fan trascendi\u00f3 de una reuni\u00f3n de crisis de ocho horas en las que el Consejo de Vigilancia del club debati\u00f3 abiertamente el reemplazo del holand\u00e9s por el ex jugador y t\u00e9cnico Felix Magath.<\/p>\n<p>Raz\u00f3n de m\u00e1s para que los b\u00e1varos no se duerman en los laureles. \u00abDe seguro que hay rivales m\u00e1s f\u00e1ciles fuera de casa que el Hamburgo. El estadio estar\u00e1 al rojo vivo, pero no nos vamos a dejar impresionar\u00bb, sostuvo Thomas M\u00fcller. Su compa\u00f1ero Arjen Robben demand\u00f3 \u00abconcentraci\u00f3n total\u00bb<\/p>\n<p>El Bayern, que celebra r\u00e9cord tras r\u00e9cord, no conoce la derrota en la liga desde hace 45 partidos y espera conseguir el mi\u00e9rcoles su quinto pase consecutivo a finales de Copa.<\/p>\n<p>Los cuartos de final se completan con el cruce del mi\u00e9rcoles entre el Hoffenheim y el visitante Wolfsburgo.<\/p>\n<p>Por Mar\u00eda Laura Ar\u00e1oz<\/p>\n","protected":false},"excerpt":{"rendered":"<p>Berl\u00edn, 10 feb (dpa) &#8211; El Bayern M\u00fanich, el Bayer Leverkusen y el Borussia Dortmund, los tres primeros equipos de la Liga alemana de f\u00fatbol, luchar\u00e1n ma\u00f1ana y el mi\u00e9rcoles por un lugar en las semifinales de la Copa Alemana que defienden los b\u00e1varos al mando de Josep Guardiola. El Borussia Dortmund, actual tercero de [&hellip;]<\/p>\n","protected":false},"author":1,"featured_media":453351,"comment_status":"closed","ping_status":"closed","sticky":false,"template":"","format":"standard","meta":{"footnotes":""},"categories":[1],"tags":[],"class_list":["post-488138","post","type-post","status-publish","format-standard","has-post-thumbnail","hentry","category-actualidad"],"aioseo_notices":[],"aioseo_head":"\n\t\t<!-- All in One SEO Pro 5.0.1 - aioseo.com -->\n\t<meta name=\"description\" content=\"Berl\u00edn, 10 feb (dpa) - El Bayern M\u00fanich, el Bayer Leverkusen y el Borussia Dortmund, los tres primeros equipos de la Liga alemana de f\u00fatbol, luchar\u00e1n ma\u00f1ana y el mi\u00e9rcoles por un lugar en las semifinales de la Copa Alemana que defienden los b\u00e1varos al mando de Josep Guardiola. El Borussia Dortmund, actual tercero de\" \/>\n\t<meta name=\"robots\" content=\"max-image-preview:large\" \/>\n\t<meta name=\"author\" content=\"El Digital de Asturias\"\/>\n\t<meta name=\"google-site-verification\" content=\"UA-38556648-1\" \/>\n\t<meta name=\"msvalidate.01\" content=\"7dfe9f3f1b24437ab69f4f2559babe99\" \/>\n\t<meta name=\"keywords\" content=\"actualidad\" \/>\n\t<link rel=\"canonical\" href=\"https:\/\/www.eldigitaldeasturias.com\/noticias\/bayern-dortmund-y-leverkusen-luchan-por-semis-de-copa\/\" \/>\n\t<meta name=\"generator\" content=\"All in One SEO Pro (AIOSEO) 5.0.1\" \/>\n\t\t<meta property=\"og:locale\" content=\"es_ES\" \/>\n\t\t<meta property=\"og:site_name\" content=\"El Digital de Asturias\" \/>\n\t\t<meta property=\"og:type\" content=\"article\" \/>\n\t\t<meta property=\"og:title\" content=\"Bayern, Dortmund y Leverkusen luchan por semis de Copa - El Digital de Asturias\" \/>\n\t\t<meta property=\"og:description\" content=\"Berl\u00edn, 10 feb (dpa) - El Bayern M\u00fanich, el Bayer Leverkusen y el Borussia Dortmund, los tres primeros equipos de la Liga alemana de f\u00fatbol, luchar\u00e1n ma\u00f1ana y el mi\u00e9rcoles por un lugar en las semifinales de la Copa Alemana que defienden los b\u00e1varos al mando de Josep Guardiola. El Borussia Dortmund, actual tercero de\" \/>\n\t\t<meta property=\"og:url\" content=\"https:\/\/www.eldigitaldeasturias.com\/noticias\/bayern-dortmund-y-leverkusen-luchan-por-semis-de-copa\/\" \/>\n\t\t<meta property=\"article:tag\" content=\"actualidad\" \/>\n\t\t<meta property=\"article:published_time\" content=\"2014-02-11T00:48:48+00:00\" \/>\n\t\t<meta property=\"article:modified_time\" content=\"2014-02-11T00:48:48+00:00\" \/>\n\t\t<meta property=\"article:publisher\" content=\"https:\/\/facebook.com\/eldigitaldeasturias\" \/>\n\t\t<meta name=\"twitter:card\" content=\"summary_large_image\" \/>\n\t\t<meta name=\"twitter:title\" content=\"Bayern, Dortmund y Leverkusen luchan por semis de Copa - El Digital de Asturias\" \/>\n\t\t<meta name=\"twitter:description\" content=\"Berl\u00edn, 10 feb (dpa) - El Bayern M\u00fanich, el Bayer Leverkusen y el Borussia Dortmund, los tres primeros equipos de la Liga alemana de f\u00fatbol, luchar\u00e1n ma\u00f1ana y el mi\u00e9rcoles por un lugar en las semifinales de la Copa Alemana que defienden los b\u00e1varos al mando de Josep Guardiola. El Borussia Dortmund, actual tercero de\" \/>\n\t\t<meta name=\"twitter:label1\" content=\"Escrito por\" \/>\n\t\t<meta name=\"twitter:data1\" content=\"El Digital de Asturias\" \/>\n\t\t<meta name=\"twitter:label2\" content=\"Tiempo de lectura estimado\" \/>\n\t\t<meta name=\"twitter:data2\" content=\"4 minutos\" \/>\n\t\t<script type=\"application\/ld+json\" class=\"aioseo-schema\">\n\t\t\t{\"@context\":\"https:\\\/\\\/schema.org\",\"@graph\":[{\"@type\":\"BlogPosting\",\"@id\":\"https:\\\/\\\/www.eldigitaldeasturias.com\\\/noticias\\\/bayern-dortmund-y-leverkusen-luchan-por-semis-de-copa\\\/#blogposting\",\"name\":\"Bayern, Dortmund y Leverkusen luchan por semis de Copa - El Digital de Asturias\",\"headline\":\"Bayern, Dortmund y Leverkusen luchan por semis de Copa\",\"author\":{\"@id\":\"https:\\\/\\\/www.eldigitaldeasturias.com\\\/noticias\\\/author\\\/admin\\\/#author\"},\"publisher\":{\"@id\":\"https:\\\/\\\/www.eldigitaldeasturias.com\\\/noticias\\\/#organization\"},\"image\":{\"@type\":\"ImageObject\",\"url\":453351},\"datePublished\":\"2014-02-10T23:48:48+01:00\",\"dateModified\":\"2014-02-10T23:48:48+01:00\",\"inLanguage\":\"es-ES\",\"mainEntityOfPage\":{\"@id\":\"https:\\\/\\\/www.eldigitaldeasturias.com\\\/noticias\\\/bayern-dortmund-y-leverkusen-luchan-por-semis-de-copa\\\/#webpage\"},\"isPartOf\":{\"@id\":\"https:\\\/\\\/www.eldigitaldeasturias.com\\\/noticias\\\/bayern-dortmund-y-leverkusen-luchan-por-semis-de-copa\\\/#webpage\"},\"articleSection\":\"Actualidad\"},{\"@type\":\"BreadcrumbList\",\"@id\":\"https:\\\/\\\/www.eldigitaldeasturias.com\\\/noticias\\\/bayern-dortmund-y-leverkusen-luchan-por-semis-de-copa\\\/#breadcrumblist\",\"itemListElement\":[{\"@type\":\"ListItem\",\"@id\":\"https:\\\/\\\/www.eldigitaldeasturias.com\\\/noticias#listItem\",\"position\":1,\"name\":\"Home\",\"item\":\"https:\\\/\\\/www.eldigitaldeasturias.com\\\/noticias\",\"nextItem\":{\"@type\":\"ListItem\",\"@id\":\"https:\\\/\\\/www.eldigitaldeasturias.com\\\/noticias\\\/category\\\/actualidad\\\/#listItem\",\"name\":\"Actualidad\"}},{\"@type\":\"ListItem\",\"@id\":\"https:\\\/\\\/www.eldigitaldeasturias.com\\\/noticias\\\/category\\\/actualidad\\\/#listItem\",\"position\":2,\"name\":\"Actualidad\",\"item\":\"https:\\\/\\\/www.eldigitaldeasturias.com\\\/noticias\\\/category\\\/actualidad\\\/\",\"nextItem\":{\"@type\":\"ListItem\",\"@id\":\"https:\\\/\\\/www.eldigitaldeasturias.com\\\/noticias\\\/bayern-dortmund-y-leverkusen-luchan-por-semis-de-copa\\\/#listItem\",\"name\":\"Bayern, Dortmund y Leverkusen luchan por semis de Copa\"},\"previousItem\":{\"@type\":\"ListItem\",\"@id\":\"https:\\\/\\\/www.eldigitaldeasturias.com\\\/noticias#listItem\",\"name\":\"Home\"}},{\"@type\":\"ListItem\",\"@id\":\"https:\\\/\\\/www.eldigitaldeasturias.com\\\/noticias\\\/bayern-dortmund-y-leverkusen-luchan-por-semis-de-copa\\\/#listItem\",\"position\":3,\"name\":\"Bayern, Dortmund y Leverkusen luchan por semis de Copa\",\"previousItem\":{\"@type\":\"ListItem\",\"@id\":\"https:\\\/\\\/www.eldigitaldeasturias.com\\\/noticias\\\/category\\\/actualidad\\\/#listItem\",\"name\":\"Actualidad\"}}]},{\"@type\":\"Organization\",\"@id\":\"https:\\\/\\\/www.eldigitaldeasturias.com\\\/noticias\\\/#organization\",\"name\":\"El Digital de Asturias\",\"description\":\"Hemeroteca\",\"url\":\"https:\\\/\\\/www.eldigitaldeasturias.com\\\/noticias\\\/\",\"email\":\"info@eldigitaldeasturias.com\",\"telephone\":\"+34652131393\",\"logo\":{\"@type\":\"ImageObject\",\"url\":\"https:\\\/\\\/www.eldigitaldeasturias.com\\\/noticias\\\/wp-content\\\/uploads\\\/2020\\\/12\\\/EDA.jpg\",\"@id\":\"https:\\\/\\\/www.eldigitaldeasturias.com\\\/noticias\\\/bayern-dortmund-y-leverkusen-luchan-por-semis-de-copa\\\/#organizationLogo\"},\"image\":{\"@id\":\"https:\\\/\\\/www.eldigitaldeasturias.com\\\/noticias\\\/bayern-dortmund-y-leverkusen-luchan-por-semis-de-copa\\\/#organizationLogo\"},\"sameAs\":[\"https:\\\/\\\/facebook.com\\\/eldigitaldeasturias\",\"https:\\\/\\\/www.youtube.com\\\/channel\\\/UCZP-2wLEB9Rv6erhFmqVnvg\"],\"address\":{\"@id\":\"https:\\\/\\\/www.eldigitaldeasturias.com\\\/noticias\\\/#postaladdress\",\"@type\":\"PostalAddress\",\"streetAddress\":\"san antonio 4\",\"postalCode\":\"33430\",\"addressLocality\":\"Cand\\u00e1s\",\"addressRegion\":\"Asturias\",\"addressCountry\":\"ES\"}},{\"@type\":\"Person\",\"@id\":\"https:\\\/\\\/www.eldigitaldeasturias.com\\\/noticias\\\/author\\\/admin\\\/#author\",\"url\":\"https:\\\/\\\/www.eldigitaldeasturias.com\\\/noticias\\\/author\\\/admin\\\/\",\"name\":\"El Digital de Asturias\",\"image\":{\"@type\":\"ImageObject\",\"@id\":\"https:\\\/\\\/www.eldigitaldeasturias.com\\\/noticias\\\/bayern-dortmund-y-leverkusen-luchan-por-semis-de-copa\\\/#authorImage\",\"url\":\"https:\\\/\\\/secure.gravatar.com\\\/avatar\\\/df2aeffc32bcd13f8d26072ef8a91b623d677766deac7f97ca815868cd41bf5e?s=96&d=mm&r=g\",\"width\":96,\"height\":96,\"caption\":\"El Digital de Asturias\"}},{\"@type\":\"WebPage\",\"@id\":\"https:\\\/\\\/www.eldigitaldeasturias.com\\\/noticias\\\/bayern-dortmund-y-leverkusen-luchan-por-semis-de-copa\\\/#webpage\",\"url\":\"https:\\\/\\\/www.eldigitaldeasturias.com\\\/noticias\\\/bayern-dortmund-y-leverkusen-luchan-por-semis-de-copa\\\/\",\"name\":\"Bayern, Dortmund y Leverkusen luchan por semis de Copa - El Digital de Asturias\",\"description\":\"Berl\\u00edn, 10 feb (dpa) - El Bayern M\\u00fanich, el Bayer Leverkusen y el Borussia Dortmund, los tres primeros equipos de la Liga alemana de f\\u00fatbol, luchar\\u00e1n ma\\u00f1ana y el mi\\u00e9rcoles por un lugar en las semifinales de la Copa Alemana que defienden los b\\u00e1varos al mando de Josep Guardiola. El Borussia Dortmund, actual tercero de\",\"inLanguage\":\"es-ES\",\"isPartOf\":{\"@id\":\"https:\\\/\\\/www.eldigitaldeasturias.com\\\/noticias\\\/#website\"},\"breadcrumb\":{\"@id\":\"https:\\\/\\\/www.eldigitaldeasturias.com\\\/noticias\\\/bayern-dortmund-y-leverkusen-luchan-por-semis-de-copa\\\/#breadcrumblist\"},\"author\":{\"@id\":\"https:\\\/\\\/www.eldigitaldeasturias.com\\\/noticias\\\/author\\\/admin\\\/#author\"},\"creator\":{\"@id\":\"https:\\\/\\\/www.eldigitaldeasturias.com\\\/noticias\\\/author\\\/admin\\\/#author\"},\"image\":{\"@type\":\"ImageObject\",\"url\":453351,\"@id\":\"https:\\\/\\\/www.eldigitaldeasturias.com\\\/noticias\\\/bayern-dortmund-y-leverkusen-luchan-por-semis-de-copa\\\/#mainImage\"},\"primaryImageOfPage\":{\"@id\":\"https:\\\/\\\/www.eldigitaldeasturias.com\\\/noticias\\\/bayern-dortmund-y-leverkusen-luchan-por-semis-de-copa\\\/#mainImage\"},\"datePublished\":\"2014-02-10T23:48:48+01:00\",\"dateModified\":\"2014-02-10T23:48:48+01:00\"},{\"@type\":\"WebSite\",\"@id\":\"https:\\\/\\\/www.eldigitaldeasturias.com\\\/noticias\\\/#website\",\"url\":\"https:\\\/\\\/www.eldigitaldeasturias.com\\\/noticias\\\/\",\"name\":\"El Digital de Asturias - Diario de actualidad y noticias\",\"alternateName\":\"El Digital de Asturias - Diario de actualidad y noticias\",\"description\":\"Hemeroteca\",\"inLanguage\":\"es-ES\",\"publisher\":{\"@id\":\"https:\\\/\\\/www.eldigitaldeasturias.com\\\/noticias\\\/#organization\"}}]}\n\t\t<\/script>\n\t\t<!-- All in One SEO Pro -->\r\n\t\t<title>Bayern, Dortmund y Leverkusen luchan por semis de Copa - El Digital de Asturias<\/title>\n\n","aioseo_head_json":{"title":"Bayern, Dortmund y Leverkusen luchan por semis de Copa - El Digital de Asturias","description":"Berl\u00edn, 10 feb (dpa) - El Bayern M\u00fanich, el Bayer Leverkusen y el Borussia Dortmund, los tres primeros equipos de la Liga alemana de f\u00fatbol, luchar\u00e1n ma\u00f1ana y el mi\u00e9rcoles por un lugar en las semifinales de la Copa Alemana que defienden los b\u00e1varos al mando de Josep Guardiola. El Borussia Dortmund, actual tercero de","canonical_url":"https:\/\/www.eldigitaldeasturias.com\/noticias\/bayern-dortmund-y-leverkusen-luchan-por-semis-de-copa\/","robots":"max-image-preview:large","keywords":"actualidad","webmasterTools":{"google-site-verification":"UA-38556648-1","msvalidate.01":"7dfe9f3f1b24437ab69f4f2559babe99","miscellaneous":""},"schema":{"@context":"https:\/\/schema.org","@graph":[{"@type":"BlogPosting","@id":"https:\/\/www.eldigitaldeasturias.com\/noticias\/bayern-dortmund-y-leverkusen-luchan-por-semis-de-copa\/#blogposting","name":"Bayern, Dortmund y Leverkusen luchan por semis de Copa - El Digital de Asturias","headline":"Bayern, Dortmund y Leverkusen luchan por semis de Copa","author":{"@id":"https:\/\/www.eldigitaldeasturias.com\/noticias\/author\/admin\/#author"},"publisher":{"@id":"https:\/\/www.eldigitaldeasturias.com\/noticias\/#organization"},"image":{"@type":"ImageObject","url":453351},"datePublished":"2014-02-10T23:48:48+01:00","dateModified":"2014-02-10T23:48:48+01:00","inLanguage":"es-ES","mainEntityOfPage":{"@id":"https:\/\/www.eldigitaldeasturias.com\/noticias\/bayern-dortmund-y-leverkusen-luchan-por-semis-de-copa\/#webpage"},"isPartOf":{"@id":"https:\/\/www.eldigitaldeasturias.com\/noticias\/bayern-dortmund-y-leverkusen-luchan-por-semis-de-copa\/#webpage"},"articleSection":"Actualidad"},{"@type":"BreadcrumbList","@id":"https:\/\/www.eldigitaldeasturias.com\/noticias\/bayern-dortmund-y-leverkusen-luchan-por-semis-de-copa\/#breadcrumblist","itemListElement":[{"@type":"ListItem","@id":"https:\/\/www.eldigitaldeasturias.com\/noticias#listItem","position":1,"name":"Home","item":"https:\/\/www.eldigitaldeasturias.com\/noticias","nextItem":{"@type":"ListItem","@id":"https:\/\/www.eldigitaldeasturias.com\/noticias\/category\/actualidad\/#listItem","name":"Actualidad"}},{"@type":"ListItem","@id":"https:\/\/www.eldigitaldeasturias.com\/noticias\/category\/actualidad\/#listItem","position":2,"name":"Actualidad","item":"https:\/\/www.eldigitaldeasturias.com\/noticias\/category\/actualidad\/","nextItem":{"@type":"ListItem","@id":"https:\/\/www.eldigitaldeasturias.com\/noticias\/bayern-dortmund-y-leverkusen-luchan-por-semis-de-copa\/#listItem","name":"Bayern, Dortmund y Leverkusen luchan por semis de Copa"},"previousItem":{"@type":"ListItem","@id":"https:\/\/www.eldigitaldeasturias.com\/noticias#listItem","name":"Home"}},{"@type":"ListItem","@id":"https:\/\/www.eldigitaldeasturias.com\/noticias\/bayern-dortmund-y-leverkusen-luchan-por-semis-de-copa\/#listItem","position":3,"name":"Bayern, Dortmund y Leverkusen luchan por semis de Copa","previousItem":{"@type":"ListItem","@id":"https:\/\/www.eldigitaldeasturias.com\/noticias\/category\/actualidad\/#listItem","name":"Actualidad"}}]},{"@type":"Organization","@id":"https:\/\/www.eldigitaldeasturias.com\/noticias\/#organization","name":"El Digital de Asturias","description":"Hemeroteca","url":"https:\/\/www.eldigitaldeasturias.com\/noticias\/","email":"info@eldigitaldeasturias.com","telephone":"+34652131393","logo":{"@type":"ImageObject","url":"https:\/\/www.eldigitaldeasturias.com\/noticias\/wp-content\/uploads\/2020\/12\/EDA.jpg","@id":"https:\/\/www.eldigitaldeasturias.com\/noticias\/bayern-dortmund-y-leverkusen-luchan-por-semis-de-copa\/#organizationLogo"},"image":{"@id":"https:\/\/www.eldigitaldeasturias.com\/noticias\/bayern-dortmund-y-leverkusen-luchan-por-semis-de-copa\/#organizationLogo"},"sameAs":["https:\/\/facebook.com\/eldigitaldeasturias","https:\/\/www.youtube.com\/channel\/UCZP-2wLEB9Rv6erhFmqVnvg"],"address":{"@id":"https:\/\/www.eldigitaldeasturias.com\/noticias\/#postaladdress","@type":"PostalAddress","streetAddress":"san antonio 4","postalCode":"33430","addressLocality":"Cand\u00e1s","addressRegion":"Asturias","addressCountry":"ES"}},{"@type":"Person","@id":"https:\/\/www.eldigitaldeasturias.com\/noticias\/author\/admin\/#author","url":"https:\/\/www.eldigitaldeasturias.com\/noticias\/author\/admin\/","name":"El Digital de Asturias","image":{"@type":"ImageObject","@id":"https:\/\/www.eldigitaldeasturias.com\/noticias\/bayern-dortmund-y-leverkusen-luchan-por-semis-de-copa\/#authorImage","url":"https:\/\/secure.gravatar.com\/avatar\/df2aeffc32bcd13f8d26072ef8a91b623d677766deac7f97ca815868cd41bf5e?s=96&d=mm&r=g","width":96,"height":96,"caption":"El Digital de Asturias"}},{"@type":"WebPage","@id":"https:\/\/www.eldigitaldeasturias.com\/noticias\/bayern-dortmund-y-leverkusen-luchan-por-semis-de-copa\/#webpage","url":"https:\/\/www.eldigitaldeasturias.com\/noticias\/bayern-dortmund-y-leverkusen-luchan-por-semis-de-copa\/","name":"Bayern, Dortmund y Leverkusen luchan por semis de Copa - El Digital de Asturias","description":"Berl\u00edn, 10 feb (dpa) - El Bayern M\u00fanich, el Bayer Leverkusen y el Borussia Dortmund, los tres primeros equipos de la Liga alemana de f\u00fatbol, luchar\u00e1n ma\u00f1ana y el mi\u00e9rcoles por un lugar en las semifinales de la Copa Alemana que defienden los b\u00e1varos al mando de Josep Guardiola. El Borussia Dortmund, actual tercero de","inLanguage":"es-ES","isPartOf":{"@id":"https:\/\/www.eldigitaldeasturias.com\/noticias\/#website"},"breadcrumb":{"@id":"https:\/\/www.eldigitaldeasturias.com\/noticias\/bayern-dortmund-y-leverkusen-luchan-por-semis-de-copa\/#breadcrumblist"},"author":{"@id":"https:\/\/www.eldigitaldeasturias.com\/noticias\/author\/admin\/#author"},"creator":{"@id":"https:\/\/www.eldigitaldeasturias.com\/noticias\/author\/admin\/#author"},"image":{"@type":"ImageObject","url":453351,"@id":"https:\/\/www.eldigitaldeasturias.com\/noticias\/bayern-dortmund-y-leverkusen-luchan-por-semis-de-copa\/#mainImage"},"primaryImageOfPage":{"@id":"https:\/\/www.eldigitaldeasturias.com\/noticias\/bayern-dortmund-y-leverkusen-luchan-por-semis-de-copa\/#mainImage"},"datePublished":"2014-02-10T23:48:48+01:00","dateModified":"2014-02-10T23:48:48+01:00"},{"@type":"WebSite","@id":"https:\/\/www.eldigitaldeasturias.com\/noticias\/#website","url":"https:\/\/www.eldigitaldeasturias.com\/noticias\/","name":"El Digital de Asturias - Diario de actualidad y noticias","alternateName":"El Digital de Asturias - Diario de actualidad y noticias","description":"Hemeroteca","inLanguage":"es-ES","publisher":{"@id":"https:\/\/www.eldigitaldeasturias.com\/noticias\/#organization"}}]},"og:locale":"es_ES","og:site_name":"El Digital de Asturias","og:type":"article","og:title":"Bayern, Dortmund y Leverkusen luchan por semis de Copa - El Digital de Asturias","og:description":"Berl\u00edn, 10 feb (dpa) - El Bayern M\u00fanich, el Bayer Leverkusen y el Borussia Dortmund, los tres primeros equipos de la Liga alemana de f\u00fatbol, luchar\u00e1n ma\u00f1ana y el mi\u00e9rcoles por un lugar en las semifinales de la Copa Alemana que defienden los b\u00e1varos al mando de Josep Guardiola. El Borussia Dortmund, actual tercero de","og:url":"https:\/\/www.eldigitaldeasturias.com\/noticias\/bayern-dortmund-y-leverkusen-luchan-por-semis-de-copa\/","article:tag":["actualidad"],"article:published_time":"2014-02-11T00:48:48+00:00","article:modified_time":"2014-02-11T00:48:48+00:00","article:publisher":"https:\/\/facebook.com\/eldigitaldeasturias","twitter:card":"summary_large_image","twitter:title":"Bayern, Dortmund y Leverkusen luchan por semis de Copa - El Digital de Asturias","twitter:description":"Berl\u00edn, 10 feb (dpa) - El Bayern M\u00fanich, el Bayer Leverkusen y el Borussia Dortmund, los tres primeros equipos de la Liga alemana de f\u00fatbol, luchar\u00e1n ma\u00f1ana y el mi\u00e9rcoles por un lugar en las semifinales de la Copa Alemana que defienden los b\u00e1varos al mando de Josep Guardiola. El Borussia Dortmund, actual tercero de","twitter:label1":"Escrito por","twitter:data1":"El Digital de Asturias","twitter:label2":"Tiempo de lectura estimado","twitter:data2":"4 minutos"},"aioseo_meta_data":{"post_id":"488138","title":null,"description":null,"keywords":null,"keyphrases":null,"primary_term":null,"canonical_url":null,"og_title":null,"og_description":null,"og_object_type":"default","og_image_type":"default","og_image_url":null,"og_image_width":null,"og_image_height":null,"og_image_custom_url":null,"og_image_custom_fields":null,"og_video":null,"og_custom_url":null,"og_article_section":null,"og_article_tags":null,"twitter_use_og":true,"twitter_card":"default","twitter_image_type":"default","twitter_image_url":null,"twitter_image_custom_url":null,"twitter_image_custom_fields":null,"twitter_title":null,"twitter_description":null,"schema":{"blockGraphs":[],"customGraphs":[],"default":{"data":{"Article":[],"Course":[],"Dataset":[],"FAQPage":[],"Movie":[],"Person":[],"Product":[],"ProductReview":[],"Car":[],"Recipe":[],"Service":[],"SoftwareApplication":[],"WebPage":[]},"graphName":"","isEnabled":true},"graphs":[],"defaultGraph":"","defaultPostTypeGraph":""},"schema_type":null,"schema_type_options":null,"pillar_content":false,"robots_default":true,"robots_noindex":false,"robots_noarchive":false,"robots_nosnippet":false,"robots_nofollow":false,"robots_noimageindex":false,"robots_noodp":false,"robots_notranslate":false,"robots_max_snippet":null,"robots_max_videopreview":null,"robots_max_imagepreview":"none","priority":null,"frequency":null,"local_seo":null,"seo_analyzer_scan_date":"2026-06-03 07:01:56","breadcrumb_settings":null,"limit_modified_date":false,"open_ai":null,"ai":null,"created":"2020-11-14 22:57:11","updated":"2026-06-03 07:01:56","focus_keyword":null,"additional_keywords":null,"truseo_locale":null},"aioseo_breadcrumb":"<div class=\"aioseo-breadcrumbs\"><span class=\"aioseo-breadcrumb\">\n\t<a href=\"https:\/\/www.eldigitaldeasturias.com\/noticias\" title=\"Home\">Home<\/a>\n<\/span><span class=\"aioseo-breadcrumb-separator\">\u2013<\/span><span class=\"aioseo-breadcrumb\">\n\t<a href=\"https:\/\/www.eldigitaldeasturias.com\/noticias\/category\/actualidad\/\" title=\"Actualidad\">Actualidad<\/a>\n<\/span><span class=\"aioseo-breadcrumb-separator\">\u2013<\/span><span class=\"aioseo-breadcrumb\">\n\t<a href=\"https:\/\/www.eldigitaldeasturias.com\/noticias\/bayern-dortmund-y-leverkusen-luchan-por-semis-de-copa\/\" title=\"Bayern, Dortmund y Leverkusen luchan por semis de Copa\">Bayern, Dortmund y Leverkusen luchan por semis de Copa<\/a>\n<\/span><\/div>","aioseo_breadcrumb_json":[{"label":"Home","link":"https:\/\/www.eldigitaldeasturias.com\/noticias"},{"label":"Actualidad","link":"https:\/\/www.eldigitaldeasturias.com\/noticias\/category\/actualidad\/"},{"label":"Bayern, Dortmund y Leverkusen luchan por semis de Copa","link":"https:\/\/www.eldigitaldeasturias.com\/noticias\/bayern-dortmund-y-leverkusen-luchan-por-semis-de-copa\/"}],"_links":{"self":[{"href":"https:\/\/www.eldigitaldeasturias.com\/noticias\/wp-json\/wp\/v2\/posts\/488138","targetHints":{"allow":["GET"]}}],"collection":[{"href":"https:\/\/www.eldigitaldeasturias.com\/noticias\/wp-json\/wp\/v2\/posts"}],"about":[{"href":"https:\/\/www.eldigitaldeasturias.com\/noticias\/wp-json\/wp\/v2\/types\/post"}],"author":[{"embeddable":true,"href":"https:\/\/www.eldigitaldeasturias.com\/noticias\/wp-json\/wp\/v2\/users\/1"}],"replies":[{"embeddable":true,"href":"https:\/\/www.eldigitaldeasturias.com\/noticias\/wp-json\/wp\/v2\/comments?post=488138"}],"version-history":[{"count":0,"href":"https:\/\/www.eldigitaldeasturias.com\/noticias\/wp-json\/wp\/v2\/posts\/488138\/revisions"}],"wp:attachment":[{"href":"https:\/\/www.eldigitaldeasturias.com\/noticias\/wp-json\/wp\/v2\/media?parent=488138"}],"wp:term":[{"taxonomy":"category","embeddable":true,"href":"https:\/\/www.eldigitaldeasturias.com\/noticias\/wp-json\/wp\/v2\/categories?post=488138"},{"taxonomy":"post_tag","embeddable":true,"href":"https:\/\/www.eldigitaldeasturias.com\/noticias\/wp-json\/wp\/v2\/tags?post=488138"}],"curies":[{"name":"wp","href":"https:\/\/api.w.org\/{rel}","templated":true}]}}