{"id":488132,"date":"2014-02-10T23:43:36","date_gmt":"2014-02-11T00:43:36","guid":{"rendered":"http:\/\/www.eldigitaldeasturias.com\/noticias\/?p=488132"},"modified":"2014-02-10T23:43:36","modified_gmt":"2014-02-11T00:43:36","slug":"los-goya-plato-de-la-brecha-entre-el-cine-y-el-gobierno-espanol","status":"publish","type":"post","link":"https:\/\/www.eldigitaldeasturias.com\/noticias\/los-goya-plato-de-la-brecha-entre-el-cine-y-el-gobierno-espanol\/","title":{"rendered":"Los Goya, plat\u00f3 de la brecha entre el cine y el gobierno espa\u00f1ol"},"content":{"rendered":"<p><img loading=\"lazy\" decoding=\"async\" class=\"alignleft size-medium wp-image-487912\" alt=\"5927042w\" src=\"https:\/\/www.eldigitaldeasturias.com\/noticias\/wp-content\/uploads\/2014\/02\/5927042w-360x249.jpg\" width=\"360\" height=\"249\" \/>Madrid, 10 feb (dpa) &#8211; La ausencia del ministro espa\u00f1ol de Cultura en los premios m\u00e1s importantes del cine nacional, los Goya, puso en escena el domingo la distancia entre el gobierno de Mariano Rajoy y la industria cinematogr\u00e1fica, en medio de una crisis que ahoga al sector.<\/p>\n<p>Ocurri\u00f3 lo que muchos tem\u00edan: sin estar all\u00ed, Jos\u00e9 Ignacio Wert se convirti\u00f3 en el protagonista de la gala de los premios Goya, la primera en 28 a\u00f1os sin la presencia del m\u00e1ximo representante del ministerio de Cultura.<\/p>\n<p>La pregunta de la noche: \u00bfQu\u00e9 estar\u00e1 haciendo ahora Wert? \u00abYo creo que estar\u00e1 en casa con una pizza y una bata de &#8216;boatin\u00e9&#8217; viendo el partido de baloncesto\u00bb, dec\u00eda con iron\u00eda el actor Carlos Areces (\u00abLos amores pasajeros\u00bb, 2013) minutos antes de la ceremonia.<\/p>\n<p>Pero el humor, muy presente en las pel\u00edculas nominadas a los premios, se evaporaba al mentar al pol\u00e9mico pol\u00edtico, que el jueves anunci\u00f3 que no acudir\u00eda a la fiesta del cine espa\u00f1ol \u00abpor problemas de agenda\u00bb tras ser abucheado en otros eventos por su gesti\u00f3n.<\/p>\n<p>\u00abYo espero que est\u00e9 viendo la gala en televisi\u00f3n y que lo que vea le haga recapacitar\u00bb, dijo a los medios Juan Antonio Bayona, director de la pel\u00edcula m\u00e1s taquillera del cine espa\u00f1ol (\u00abLo imposible\u00bb, 2012), quien constat\u00f3 \u00abla brecha\u00bb existente entre el sector y el Ejecutivo espa\u00f1ol.<\/p>\n<p>El aumento del IVA, que el gobierno subi\u00f3 de golpe del 8 al 21 por ciento en 2012, la pirater\u00eda y la incertidumbre legal son algunos de los problemas que cit\u00f3 en su discurso oficial de la gala el presidente de la Academia de Cine espa\u00f1ola, Enrique Gonz\u00e1lez Macho.<\/p>\n<p>\u00abHoy en d\u00eda hacer una pel\u00edcula es casi un acto heroico\u00bb, afirm\u00f3 muy serio sobre el escenario.<\/p>\n<p>La industria arremete contra el gobierno de Rajoy y le reclama m\u00e1s ayudas para el sector, ahogado por la crisis de taquilla y los recortes presupuestarios.<\/p>\n<p>Con una p\u00e9rdida de m\u00e1s de 100 millones de euros en la recaudaci\u00f3n de 2013 (136 millones de d\u00f3lares), no perdona la deserci\u00f3n del \u00abministro de anti-cultura\u00bb, como calific\u00f3 a Wert el actor Javier Bardem, en el acto m\u00e1s importante para el sector.<\/p>\n<p>\u00abLlevo muchos a\u00f1os en esto y esta distancia es particularmente se\u00f1alable, sobre todo por la dichosa crisis, que ha agudizado todo tipo de conflictos\u00bb, dijo a dpa sobre la alfombra roja el veterano actor Jos\u00e9 Sacrist\u00e1n.<\/p>\n<p>\u00abEs un funcionario p\u00fablico y creo que no termina de ser consciente de que est\u00e1 al servicio de los espa\u00f1oles. Me parece pat\u00e9tico que no venga\u00bb, expres\u00f3 el actor Eduardo Noriega, protagonista de cintas como \u00abTesis\u00bb o \u00abPlata quemada\u00bb.<\/p>\n<p>\u00abLo que tiene que hacer es dejarse la vida para que haya m\u00e1s cine, literatura, arte&#8230;\u00bb, dijo con enfado el realizador Fernando Trueba, quien pos\u00f3 ante las c\u00e1maras con una pegatina del colectivo \u00abStop desahucios\u00bb, concentrado con pancartas y pitidos frente a la alfombra roja.<\/p>\n<p>En el Partido Popular (PP) de Rajoy, defienden que en el cargo no est\u00e1 \u00abser abucheado\u00bb. La presidenta del PP de Madrid, la pol\u00e9mica Esperanza Aguirre, dijo horas despu\u00e9s de la gala que Wert, tambi\u00e9n ministro de Educaci\u00f3n, tiene profesionales \u00abm\u00e1s importantes\u00bb que atender que los actores, como cient\u00edficos e investigadores.<\/p>\n<p>Tambi\u00e9n el portavoz econ\u00f3mico del PP en el Parlamento espa\u00f1ol, Vicente Mart\u00ednez Pujalte, justific\u00f3 la ausencia de Wert. \u00abA m\u00ed, a donde me insultan, no voy\u00bb, dijo a Televisi\u00f3n Espa\u00f1ola.<\/p>\n<p>Desde hace m\u00e1s de una d\u00e9cada, cuando el clamor ciudadano contra la intervenci\u00f3n de Espa\u00f1a en la guerra de Irak se col\u00f3 en la gala de los Goya, \u00e9sta se ha convertido en altavoz de conflictos sociales y reivindicaciones.<\/p>\n<p>Tambi\u00e9n esta vez: cineastas, actores y t\u00e9cnicos reivindicaron la sanidad p\u00fablica en Espa\u00f1a, afectada por los recortes del gobierno; el derecho al aborto libre, frente a la reforma restrictiva que prepara el Ejecutivo e incluso aludieron al desaf\u00edo independentista de Catalu\u00f1a, el mayor reto de Rajoy.<\/p>\n<p>Todo esto no gusta al gobierno, que ve en el sector una plataforma cr\u00edtica y peligrosa para su imagen. Rajoy y sus ministros no perdonan que actores y cineastas como Javier Bardem, Pedro Almod\u00f3var o Ana Bel\u00e9n, se aliaran en una campa\u00f1a a favor del socialista Jos\u00e9 Luis Rodr\u00edguez Zapatero ante las elecciones de 2008.<\/p>\n<p>\u00abMe parece que el cine espa\u00f1ol es extraordinario, los cineastas son buen\u00edsimos, pero pol\u00edticamente es un desastre. Y (Javier) Bardem, ese que habla de la incultura, es uno de los patrocinadores mayores de Zapatero\u00bb, record\u00f3 hoy el \u00abpopular\u00bb Pujalte.<\/p>\n<p>\u00abA m\u00ed m\u00e1s que la ausencia del ministro de Cultura me preocupa la inexistencia de su ministerio\u00bb, sentenci\u00f3 el director David Trueba, uno de los triunfadores de la noche por su pel\u00edcula \u00abVivir es f\u00e1cil con los ojos cerrados\u00bb.<\/p>\n<p>Y al recoger el m\u00e1ximo galard\u00f3n, el Goya a la mejor pel\u00edcula, quiso despolitizar la guerra: \u00abEl que no ha venido quiz\u00e1 tenga que resolver algunos problemas propios en vez de trasladarlos a gente que vota a todos los partidos y disfruta haciendo su trabajo\u00bb.<\/p>\n<p>Por Ana L\u00e1zaro Verde<\/p>\n","protected":false},"excerpt":{"rendered":"<p>Madrid, 10 feb (dpa) &#8211; La ausencia del ministro espa\u00f1ol de Cultura en los premios m\u00e1s importantes del cine nacional, los Goya, puso en escena el domingo la distancia entre el gobierno de Mariano Rajoy y la industria cinematogr\u00e1fica, en medio de una crisis que ahoga al sector. Ocurri\u00f3 lo que muchos tem\u00edan: sin estar [&hellip;]<\/p>\n","protected":false},"author":1,"featured_media":487912,"comment_status":"closed","ping_status":"closed","sticky":false,"template":"","format":"standard","meta":{"footnotes":""},"categories":[1],"tags":[],"class_list":["post-488132","post","type-post","status-publish","format-standard","has-post-thumbnail","hentry","category-actualidad"],"aioseo_notices":[],"aioseo_head":"\n\t\t<!-- All in One SEO Pro 5.0.1 - aioseo.com -->\n\t<meta name=\"description\" content=\"Madrid, 10 feb (dpa) - La ausencia del ministro espa\u00f1ol de Cultura en los premios m\u00e1s importantes del cine nacional, los Goya, puso en escena el domingo la distancia entre el gobierno de Mariano Rajoy y la industria cinematogr\u00e1fica, en medio de una crisis que ahoga al sector. Ocurri\u00f3 lo que muchos tem\u00edan: sin estar\" \/>\n\t<meta name=\"robots\" content=\"max-image-preview:large\" \/>\n\t<meta name=\"author\" content=\"El Digital de Asturias\"\/>\n\t<meta name=\"google-site-verification\" content=\"UA-38556648-1\" \/>\n\t<meta name=\"msvalidate.01\" content=\"7dfe9f3f1b24437ab69f4f2559babe99\" \/>\n\t<meta name=\"keywords\" content=\"actualidad\" \/>\n\t<link rel=\"canonical\" href=\"https:\/\/www.eldigitaldeasturias.com\/noticias\/los-goya-plato-de-la-brecha-entre-el-cine-y-el-gobierno-espanol\/\" \/>\n\t<meta name=\"generator\" content=\"All in One SEO Pro (AIOSEO) 5.0.1\" \/>\n\t\t<meta property=\"og:locale\" content=\"es_ES\" \/>\n\t\t<meta property=\"og:site_name\" content=\"El Digital de Asturias\" \/>\n\t\t<meta property=\"og:type\" content=\"article\" \/>\n\t\t<meta property=\"og:title\" content=\"Los Goya, plat\u00f3 de la brecha entre el cine y el gobierno espa\u00f1ol - El Digital de Asturias\" \/>\n\t\t<meta property=\"og:description\" content=\"Madrid, 10 feb (dpa) - La ausencia del ministro espa\u00f1ol de Cultura en los premios m\u00e1s importantes del cine nacional, los Goya, puso en escena el domingo la distancia entre el gobierno de Mariano Rajoy y la industria cinematogr\u00e1fica, en medio de una crisis que ahoga al sector. Ocurri\u00f3 lo que muchos tem\u00edan: sin estar\" \/>\n\t\t<meta property=\"og:url\" content=\"https:\/\/www.eldigitaldeasturias.com\/noticias\/los-goya-plato-de-la-brecha-entre-el-cine-y-el-gobierno-espanol\/\" \/>\n\t\t<meta property=\"article:tag\" content=\"actualidad\" \/>\n\t\t<meta property=\"article:published_time\" content=\"2014-02-11T00:43:36+00:00\" \/>\n\t\t<meta property=\"article:modified_time\" content=\"2014-02-11T00:43:36+00:00\" \/>\n\t\t<meta property=\"article:publisher\" content=\"https:\/\/facebook.com\/eldigitaldeasturias\" \/>\n\t\t<meta name=\"twitter:card\" content=\"summary_large_image\" \/>\n\t\t<meta name=\"twitter:title\" content=\"Los Goya, plat\u00f3 de la brecha entre el cine y el gobierno espa\u00f1ol - El Digital de Asturias\" \/>\n\t\t<meta name=\"twitter:description\" content=\"Madrid, 10 feb (dpa) - La ausencia del ministro espa\u00f1ol de Cultura en los premios m\u00e1s importantes del cine nacional, los Goya, puso en escena el domingo la distancia entre el gobierno de Mariano Rajoy y la industria cinematogr\u00e1fica, en medio de una crisis que ahoga al sector. Ocurri\u00f3 lo que muchos tem\u00edan: sin estar\" \/>\n\t\t<meta name=\"twitter:label1\" content=\"Escrito por\" \/>\n\t\t<meta name=\"twitter:data1\" content=\"El Digital de Asturias\" \/>\n\t\t<meta name=\"twitter:label2\" content=\"Tiempo de lectura estimado\" \/>\n\t\t<meta name=\"twitter:data2\" content=\"4 minutos\" \/>\n\t\t<script type=\"application\/ld+json\" class=\"aioseo-schema\">\n\t\t\t{\"@context\":\"https:\\\/\\\/schema.org\",\"@graph\":[{\"@type\":\"BlogPosting\",\"@id\":\"https:\\\/\\\/www.eldigitaldeasturias.com\\\/noticias\\\/los-goya-plato-de-la-brecha-entre-el-cine-y-el-gobierno-espanol\\\/#blogposting\",\"name\":\"Los Goya, plat\\u00f3 de la brecha entre el cine y el gobierno espa\\u00f1ol - El Digital de Asturias\",\"headline\":\"Los Goya, plat\\u00f3 de la brecha entre el cine y el gobierno espa\\u00f1ol\",\"author\":{\"@id\":\"https:\\\/\\\/www.eldigitaldeasturias.com\\\/noticias\\\/author\\\/admin\\\/#author\"},\"publisher\":{\"@id\":\"https:\\\/\\\/www.eldigitaldeasturias.com\\\/noticias\\\/#organization\"},\"image\":{\"@type\":\"ImageObject\",\"url\":487912},\"datePublished\":\"2014-02-10T23:43:36+01:00\",\"dateModified\":\"2014-02-10T23:43:36+01:00\",\"inLanguage\":\"es-ES\",\"mainEntityOfPage\":{\"@id\":\"https:\\\/\\\/www.eldigitaldeasturias.com\\\/noticias\\\/los-goya-plato-de-la-brecha-entre-el-cine-y-el-gobierno-espanol\\\/#webpage\"},\"isPartOf\":{\"@id\":\"https:\\\/\\\/www.eldigitaldeasturias.com\\\/noticias\\\/los-goya-plato-de-la-brecha-entre-el-cine-y-el-gobierno-espanol\\\/#webpage\"},\"articleSection\":\"Actualidad\"},{\"@type\":\"BreadcrumbList\",\"@id\":\"https:\\\/\\\/www.eldigitaldeasturias.com\\\/noticias\\\/los-goya-plato-de-la-brecha-entre-el-cine-y-el-gobierno-espanol\\\/#breadcrumblist\",\"itemListElement\":[{\"@type\":\"ListItem\",\"@id\":\"https:\\\/\\\/www.eldigitaldeasturias.com\\\/noticias#listItem\",\"position\":1,\"name\":\"Home\",\"item\":\"https:\\\/\\\/www.eldigitaldeasturias.com\\\/noticias\",\"nextItem\":{\"@type\":\"ListItem\",\"@id\":\"https:\\\/\\\/www.eldigitaldeasturias.com\\\/noticias\\\/category\\\/actualidad\\\/#listItem\",\"name\":\"Actualidad\"}},{\"@type\":\"ListItem\",\"@id\":\"https:\\\/\\\/www.eldigitaldeasturias.com\\\/noticias\\\/category\\\/actualidad\\\/#listItem\",\"position\":2,\"name\":\"Actualidad\",\"item\":\"https:\\\/\\\/www.eldigitaldeasturias.com\\\/noticias\\\/category\\\/actualidad\\\/\",\"nextItem\":{\"@type\":\"ListItem\",\"@id\":\"https:\\\/\\\/www.eldigitaldeasturias.com\\\/noticias\\\/los-goya-plato-de-la-brecha-entre-el-cine-y-el-gobierno-espanol\\\/#listItem\",\"name\":\"Los Goya, plat\\u00f3 de la brecha entre el cine y el gobierno espa\\u00f1ol\"},\"previousItem\":{\"@type\":\"ListItem\",\"@id\":\"https:\\\/\\\/www.eldigitaldeasturias.com\\\/noticias#listItem\",\"name\":\"Home\"}},{\"@type\":\"ListItem\",\"@id\":\"https:\\\/\\\/www.eldigitaldeasturias.com\\\/noticias\\\/los-goya-plato-de-la-brecha-entre-el-cine-y-el-gobierno-espanol\\\/#listItem\",\"position\":3,\"name\":\"Los Goya, plat\\u00f3 de la brecha entre el cine y el gobierno espa\\u00f1ol\",\"previousItem\":{\"@type\":\"ListItem\",\"@id\":\"https:\\\/\\\/www.eldigitaldeasturias.com\\\/noticias\\\/category\\\/actualidad\\\/#listItem\",\"name\":\"Actualidad\"}}]},{\"@type\":\"Organization\",\"@id\":\"https:\\\/\\\/www.eldigitaldeasturias.com\\\/noticias\\\/#organization\",\"name\":\"El Digital de Asturias\",\"description\":\"Hemeroteca\",\"url\":\"https:\\\/\\\/www.eldigitaldeasturias.com\\\/noticias\\\/\",\"email\":\"info@eldigitaldeasturias.com\",\"telephone\":\"+34652131393\",\"logo\":{\"@type\":\"ImageObject\",\"url\":\"https:\\\/\\\/www.eldigitaldeasturias.com\\\/noticias\\\/wp-content\\\/uploads\\\/2020\\\/12\\\/EDA.jpg\",\"@id\":\"https:\\\/\\\/www.eldigitaldeasturias.com\\\/noticias\\\/los-goya-plato-de-la-brecha-entre-el-cine-y-el-gobierno-espanol\\\/#organizationLogo\"},\"image\":{\"@id\":\"https:\\\/\\\/www.eldigitaldeasturias.com\\\/noticias\\\/los-goya-plato-de-la-brecha-entre-el-cine-y-el-gobierno-espanol\\\/#organizationLogo\"},\"sameAs\":[\"https:\\\/\\\/facebook.com\\\/eldigitaldeasturias\",\"https:\\\/\\\/www.youtube.com\\\/channel\\\/UCZP-2wLEB9Rv6erhFmqVnvg\"],\"address\":{\"@id\":\"https:\\\/\\\/www.eldigitaldeasturias.com\\\/noticias\\\/#postaladdress\",\"@type\":\"PostalAddress\",\"streetAddress\":\"san antonio 4\",\"postalCode\":\"33430\",\"addressLocality\":\"Cand\\u00e1s\",\"addressRegion\":\"Asturias\",\"addressCountry\":\"ES\"}},{\"@type\":\"Person\",\"@id\":\"https:\\\/\\\/www.eldigitaldeasturias.com\\\/noticias\\\/author\\\/admin\\\/#author\",\"url\":\"https:\\\/\\\/www.eldigitaldeasturias.com\\\/noticias\\\/author\\\/admin\\\/\",\"name\":\"El Digital de Asturias\",\"image\":{\"@type\":\"ImageObject\",\"@id\":\"https:\\\/\\\/www.eldigitaldeasturias.com\\\/noticias\\\/los-goya-plato-de-la-brecha-entre-el-cine-y-el-gobierno-espanol\\\/#authorImage\",\"url\":\"https:\\\/\\\/secure.gravatar.com\\\/avatar\\\/df2aeffc32bcd13f8d26072ef8a91b623d677766deac7f97ca815868cd41bf5e?s=96&d=mm&r=g\",\"width\":96,\"height\":96,\"caption\":\"El Digital de Asturias\"}},{\"@type\":\"WebPage\",\"@id\":\"https:\\\/\\\/www.eldigitaldeasturias.com\\\/noticias\\\/los-goya-plato-de-la-brecha-entre-el-cine-y-el-gobierno-espanol\\\/#webpage\",\"url\":\"https:\\\/\\\/www.eldigitaldeasturias.com\\\/noticias\\\/los-goya-plato-de-la-brecha-entre-el-cine-y-el-gobierno-espanol\\\/\",\"name\":\"Los Goya, plat\\u00f3 de la brecha entre el cine y el gobierno espa\\u00f1ol - El Digital de Asturias\",\"description\":\"Madrid, 10 feb (dpa) - La ausencia del ministro espa\\u00f1ol de Cultura en los premios m\\u00e1s importantes del cine nacional, los Goya, puso en escena el domingo la distancia entre el gobierno de Mariano Rajoy y la industria cinematogr\\u00e1fica, en medio de una crisis que ahoga al sector. Ocurri\\u00f3 lo que muchos tem\\u00edan: sin estar\",\"inLanguage\":\"es-ES\",\"isPartOf\":{\"@id\":\"https:\\\/\\\/www.eldigitaldeasturias.com\\\/noticias\\\/#website\"},\"breadcrumb\":{\"@id\":\"https:\\\/\\\/www.eldigitaldeasturias.com\\\/noticias\\\/los-goya-plato-de-la-brecha-entre-el-cine-y-el-gobierno-espanol\\\/#breadcrumblist\"},\"author\":{\"@id\":\"https:\\\/\\\/www.eldigitaldeasturias.com\\\/noticias\\\/author\\\/admin\\\/#author\"},\"creator\":{\"@id\":\"https:\\\/\\\/www.eldigitaldeasturias.com\\\/noticias\\\/author\\\/admin\\\/#author\"},\"image\":{\"@type\":\"ImageObject\",\"url\":487912,\"@id\":\"https:\\\/\\\/www.eldigitaldeasturias.com\\\/noticias\\\/los-goya-plato-de-la-brecha-entre-el-cine-y-el-gobierno-espanol\\\/#mainImage\"},\"primaryImageOfPage\":{\"@id\":\"https:\\\/\\\/www.eldigitaldeasturias.com\\\/noticias\\\/los-goya-plato-de-la-brecha-entre-el-cine-y-el-gobierno-espanol\\\/#mainImage\"},\"datePublished\":\"2014-02-10T23:43:36+01:00\",\"dateModified\":\"2014-02-10T23:43:36+01:00\"},{\"@type\":\"WebSite\",\"@id\":\"https:\\\/\\\/www.eldigitaldeasturias.com\\\/noticias\\\/#website\",\"url\":\"https:\\\/\\\/www.eldigitaldeasturias.com\\\/noticias\\\/\",\"name\":\"El Digital de Asturias - Diario de actualidad y noticias\",\"alternateName\":\"El Digital de Asturias - Diario de actualidad y noticias\",\"description\":\"Hemeroteca\",\"inLanguage\":\"es-ES\",\"publisher\":{\"@id\":\"https:\\\/\\\/www.eldigitaldeasturias.com\\\/noticias\\\/#organization\"}}]}\n\t\t<\/script>\n\t\t<!-- All in One SEO Pro -->\r\n\t\t<title>Los Goya, plat\u00f3 de la brecha entre el cine y el gobierno espa\u00f1ol - El Digital de Asturias<\/title>\n\n","aioseo_head_json":{"title":"Los Goya, plat\u00f3 de la brecha entre el cine y el gobierno espa\u00f1ol - El Digital de Asturias","description":"Madrid, 10 feb (dpa) - La ausencia del ministro espa\u00f1ol de Cultura en los premios m\u00e1s importantes del cine nacional, los Goya, puso en escena el domingo la distancia entre el gobierno de Mariano Rajoy y la industria cinematogr\u00e1fica, en medio de una crisis que ahoga al sector. Ocurri\u00f3 lo que muchos tem\u00edan: sin estar","canonical_url":"https:\/\/www.eldigitaldeasturias.com\/noticias\/los-goya-plato-de-la-brecha-entre-el-cine-y-el-gobierno-espanol\/","robots":"max-image-preview:large","keywords":"actualidad","webmasterTools":{"google-site-verification":"UA-38556648-1","msvalidate.01":"7dfe9f3f1b24437ab69f4f2559babe99","miscellaneous":""},"schema":{"@context":"https:\/\/schema.org","@graph":[{"@type":"BlogPosting","@id":"https:\/\/www.eldigitaldeasturias.com\/noticias\/los-goya-plato-de-la-brecha-entre-el-cine-y-el-gobierno-espanol\/#blogposting","name":"Los Goya, plat\u00f3 de la brecha entre el cine y el gobierno espa\u00f1ol - El Digital de Asturias","headline":"Los Goya, plat\u00f3 de la brecha entre el cine y el gobierno espa\u00f1ol","author":{"@id":"https:\/\/www.eldigitaldeasturias.com\/noticias\/author\/admin\/#author"},"publisher":{"@id":"https:\/\/www.eldigitaldeasturias.com\/noticias\/#organization"},"image":{"@type":"ImageObject","url":487912},"datePublished":"2014-02-10T23:43:36+01:00","dateModified":"2014-02-10T23:43:36+01:00","inLanguage":"es-ES","mainEntityOfPage":{"@id":"https:\/\/www.eldigitaldeasturias.com\/noticias\/los-goya-plato-de-la-brecha-entre-el-cine-y-el-gobierno-espanol\/#webpage"},"isPartOf":{"@id":"https:\/\/www.eldigitaldeasturias.com\/noticias\/los-goya-plato-de-la-brecha-entre-el-cine-y-el-gobierno-espanol\/#webpage"},"articleSection":"Actualidad"},{"@type":"BreadcrumbList","@id":"https:\/\/www.eldigitaldeasturias.com\/noticias\/los-goya-plato-de-la-brecha-entre-el-cine-y-el-gobierno-espanol\/#breadcrumblist","itemListElement":[{"@type":"ListItem","@id":"https:\/\/www.eldigitaldeasturias.com\/noticias#listItem","position":1,"name":"Home","item":"https:\/\/www.eldigitaldeasturias.com\/noticias","nextItem":{"@type":"ListItem","@id":"https:\/\/www.eldigitaldeasturias.com\/noticias\/category\/actualidad\/#listItem","name":"Actualidad"}},{"@type":"ListItem","@id":"https:\/\/www.eldigitaldeasturias.com\/noticias\/category\/actualidad\/#listItem","position":2,"name":"Actualidad","item":"https:\/\/www.eldigitaldeasturias.com\/noticias\/category\/actualidad\/","nextItem":{"@type":"ListItem","@id":"https:\/\/www.eldigitaldeasturias.com\/noticias\/los-goya-plato-de-la-brecha-entre-el-cine-y-el-gobierno-espanol\/#listItem","name":"Los Goya, plat\u00f3 de la brecha entre el cine y el gobierno espa\u00f1ol"},"previousItem":{"@type":"ListItem","@id":"https:\/\/www.eldigitaldeasturias.com\/noticias#listItem","name":"Home"}},{"@type":"ListItem","@id":"https:\/\/www.eldigitaldeasturias.com\/noticias\/los-goya-plato-de-la-brecha-entre-el-cine-y-el-gobierno-espanol\/#listItem","position":3,"name":"Los Goya, plat\u00f3 de la brecha entre el cine y el gobierno espa\u00f1ol","previousItem":{"@type":"ListItem","@id":"https:\/\/www.eldigitaldeasturias.com\/noticias\/category\/actualidad\/#listItem","name":"Actualidad"}}]},{"@type":"Organization","@id":"https:\/\/www.eldigitaldeasturias.com\/noticias\/#organization","name":"El Digital de Asturias","description":"Hemeroteca","url":"https:\/\/www.eldigitaldeasturias.com\/noticias\/","email":"info@eldigitaldeasturias.com","telephone":"+34652131393","logo":{"@type":"ImageObject","url":"https:\/\/www.eldigitaldeasturias.com\/noticias\/wp-content\/uploads\/2020\/12\/EDA.jpg","@id":"https:\/\/www.eldigitaldeasturias.com\/noticias\/los-goya-plato-de-la-brecha-entre-el-cine-y-el-gobierno-espanol\/#organizationLogo"},"image":{"@id":"https:\/\/www.eldigitaldeasturias.com\/noticias\/los-goya-plato-de-la-brecha-entre-el-cine-y-el-gobierno-espanol\/#organizationLogo"},"sameAs":["https:\/\/facebook.com\/eldigitaldeasturias","https:\/\/www.youtube.com\/channel\/UCZP-2wLEB9Rv6erhFmqVnvg"],"address":{"@id":"https:\/\/www.eldigitaldeasturias.com\/noticias\/#postaladdress","@type":"PostalAddress","streetAddress":"san antonio 4","postalCode":"33430","addressLocality":"Cand\u00e1s","addressRegion":"Asturias","addressCountry":"ES"}},{"@type":"Person","@id":"https:\/\/www.eldigitaldeasturias.com\/noticias\/author\/admin\/#author","url":"https:\/\/www.eldigitaldeasturias.com\/noticias\/author\/admin\/","name":"El Digital de Asturias","image":{"@type":"ImageObject","@id":"https:\/\/www.eldigitaldeasturias.com\/noticias\/los-goya-plato-de-la-brecha-entre-el-cine-y-el-gobierno-espanol\/#authorImage","url":"https:\/\/secure.gravatar.com\/avatar\/df2aeffc32bcd13f8d26072ef8a91b623d677766deac7f97ca815868cd41bf5e?s=96&d=mm&r=g","width":96,"height":96,"caption":"El Digital de Asturias"}},{"@type":"WebPage","@id":"https:\/\/www.eldigitaldeasturias.com\/noticias\/los-goya-plato-de-la-brecha-entre-el-cine-y-el-gobierno-espanol\/#webpage","url":"https:\/\/www.eldigitaldeasturias.com\/noticias\/los-goya-plato-de-la-brecha-entre-el-cine-y-el-gobierno-espanol\/","name":"Los Goya, plat\u00f3 de la brecha entre el cine y el gobierno espa\u00f1ol - El Digital de Asturias","description":"Madrid, 10 feb (dpa) - La ausencia del ministro espa\u00f1ol de Cultura en los premios m\u00e1s importantes del cine nacional, los Goya, puso en escena el domingo la distancia entre el gobierno de Mariano Rajoy y la industria cinematogr\u00e1fica, en medio de una crisis que ahoga al sector. Ocurri\u00f3 lo que muchos tem\u00edan: sin estar","inLanguage":"es-ES","isPartOf":{"@id":"https:\/\/www.eldigitaldeasturias.com\/noticias\/#website"},"breadcrumb":{"@id":"https:\/\/www.eldigitaldeasturias.com\/noticias\/los-goya-plato-de-la-brecha-entre-el-cine-y-el-gobierno-espanol\/#breadcrumblist"},"author":{"@id":"https:\/\/www.eldigitaldeasturias.com\/noticias\/author\/admin\/#author"},"creator":{"@id":"https:\/\/www.eldigitaldeasturias.com\/noticias\/author\/admin\/#author"},"image":{"@type":"ImageObject","url":487912,"@id":"https:\/\/www.eldigitaldeasturias.com\/noticias\/los-goya-plato-de-la-brecha-entre-el-cine-y-el-gobierno-espanol\/#mainImage"},"primaryImageOfPage":{"@id":"https:\/\/www.eldigitaldeasturias.com\/noticias\/los-goya-plato-de-la-brecha-entre-el-cine-y-el-gobierno-espanol\/#mainImage"},"datePublished":"2014-02-10T23:43:36+01:00","dateModified":"2014-02-10T23:43:36+01:00"},{"@type":"WebSite","@id":"https:\/\/www.eldigitaldeasturias.com\/noticias\/#website","url":"https:\/\/www.eldigitaldeasturias.com\/noticias\/","name":"El Digital de Asturias - Diario de actualidad y noticias","alternateName":"El Digital de Asturias - Diario de actualidad y noticias","description":"Hemeroteca","inLanguage":"es-ES","publisher":{"@id":"https:\/\/www.eldigitaldeasturias.com\/noticias\/#organization"}}]},"og:locale":"es_ES","og:site_name":"El Digital de Asturias","og:type":"article","og:title":"Los Goya, plat\u00f3 de la brecha entre el cine y el gobierno espa\u00f1ol - El Digital de Asturias","og:description":"Madrid, 10 feb (dpa) - La ausencia del ministro espa\u00f1ol de Cultura en los premios m\u00e1s importantes del cine nacional, los Goya, puso en escena el domingo la distancia entre el gobierno de Mariano Rajoy y la industria cinematogr\u00e1fica, en medio de una crisis que ahoga al sector. Ocurri\u00f3 lo que muchos tem\u00edan: sin estar","og:url":"https:\/\/www.eldigitaldeasturias.com\/noticias\/los-goya-plato-de-la-brecha-entre-el-cine-y-el-gobierno-espanol\/","article:tag":["actualidad"],"article:published_time":"2014-02-11T00:43:36+00:00","article:modified_time":"2014-02-11T00:43:36+00:00","article:publisher":"https:\/\/facebook.com\/eldigitaldeasturias","twitter:card":"summary_large_image","twitter:title":"Los Goya, plat\u00f3 de la brecha entre el cine y el gobierno espa\u00f1ol - El Digital de Asturias","twitter:description":"Madrid, 10 feb (dpa) - La ausencia del ministro espa\u00f1ol de Cultura en los premios m\u00e1s importantes del cine nacional, los Goya, puso en escena el domingo la distancia entre el gobierno de Mariano Rajoy y la industria cinematogr\u00e1fica, en medio de una crisis que ahoga al sector. Ocurri\u00f3 lo que muchos tem\u00edan: sin estar","twitter:label1":"Escrito por","twitter:data1":"El Digital de Asturias","twitter:label2":"Tiempo de lectura estimado","twitter:data2":"4 minutos"},"aioseo_meta_data":{"post_id":"488132","title":null,"description":null,"keywords":null,"keyphrases":null,"primary_term":null,"canonical_url":null,"og_title":null,"og_description":null,"og_object_type":"default","og_image_type":"default","og_image_url":null,"og_image_width":null,"og_image_height":null,"og_image_custom_url":null,"og_image_custom_fields":null,"og_video":null,"og_custom_url":null,"og_article_section":null,"og_article_tags":null,"twitter_use_og":true,"twitter_card":"default","twitter_image_type":"default","twitter_image_url":null,"twitter_image_custom_url":null,"twitter_image_custom_fields":null,"twitter_title":null,"twitter_description":null,"schema":{"blockGraphs":[],"customGraphs":[],"default":{"data":{"Article":[],"Course":[],"Dataset":[],"FAQPage":[],"Movie":[],"Person":[],"Product":[],"ProductReview":[],"Car":[],"Recipe":[],"Service":[],"SoftwareApplication":[],"WebPage":[]},"graphName":"","isEnabled":true},"graphs":[],"defaultGraph":"","defaultPostTypeGraph":""},"schema_type":null,"schema_type_options":null,"pillar_content":false,"robots_default":true,"robots_noindex":false,"robots_noarchive":false,"robots_nosnippet":false,"robots_nofollow":false,"robots_noimageindex":false,"robots_noodp":false,"robots_notranslate":false,"robots_max_snippet":null,"robots_max_videopreview":null,"robots_max_imagepreview":"none","priority":null,"frequency":null,"local_seo":null,"seo_analyzer_scan_date":"2026-06-03 07:01:54","breadcrumb_settings":null,"limit_modified_date":false,"open_ai":null,"ai":null,"created":"2020-11-14 22:57:11","updated":"2026-06-03 07:01:54","focus_keyword":null,"additional_keywords":null,"truseo_locale":null},"aioseo_breadcrumb":"<div class=\"aioseo-breadcrumbs\"><span class=\"aioseo-breadcrumb\">\n\t<a href=\"https:\/\/www.eldigitaldeasturias.com\/noticias\" title=\"Home\">Home<\/a>\n<\/span><span class=\"aioseo-breadcrumb-separator\">\u2013<\/span><span class=\"aioseo-breadcrumb\">\n\t<a href=\"https:\/\/www.eldigitaldeasturias.com\/noticias\/category\/actualidad\/\" title=\"Actualidad\">Actualidad<\/a>\n<\/span><span class=\"aioseo-breadcrumb-separator\">\u2013<\/span><span class=\"aioseo-breadcrumb\">\n\t<a href=\"https:\/\/www.eldigitaldeasturias.com\/noticias\/los-goya-plato-de-la-brecha-entre-el-cine-y-el-gobierno-espanol\/\" title=\"Los Goya, plat\u00f3 de la brecha entre el cine y el gobierno espa\u00f1ol\">Los Goya, plat\u00f3 de la brecha entre el cine y el gobierno espa\u00f1ol<\/a>\n<\/span><\/div>","aioseo_breadcrumb_json":[{"label":"Home","link":"https:\/\/www.eldigitaldeasturias.com\/noticias"},{"label":"Actualidad","link":"https:\/\/www.eldigitaldeasturias.com\/noticias\/category\/actualidad\/"},{"label":"Los Goya, plat\u00f3 de la brecha entre el cine y el gobierno espa\u00f1ol","link":"https:\/\/www.eldigitaldeasturias.com\/noticias\/los-goya-plato-de-la-brecha-entre-el-cine-y-el-gobierno-espanol\/"}],"_links":{"self":[{"href":"https:\/\/www.eldigitaldeasturias.com\/noticias\/wp-json\/wp\/v2\/posts\/488132","targetHints":{"allow":["GET"]}}],"collection":[{"href":"https:\/\/www.eldigitaldeasturias.com\/noticias\/wp-json\/wp\/v2\/posts"}],"about":[{"href":"https:\/\/www.eldigitaldeasturias.com\/noticias\/wp-json\/wp\/v2\/types\/post"}],"author":[{"embeddable":true,"href":"https:\/\/www.eldigitaldeasturias.com\/noticias\/wp-json\/wp\/v2\/users\/1"}],"replies":[{"embeddable":true,"href":"https:\/\/www.eldigitaldeasturias.com\/noticias\/wp-json\/wp\/v2\/comments?post=488132"}],"version-history":[{"count":0,"href":"https:\/\/www.eldigitaldeasturias.com\/noticias\/wp-json\/wp\/v2\/posts\/488132\/revisions"}],"wp:attachment":[{"href":"https:\/\/www.eldigitaldeasturias.com\/noticias\/wp-json\/wp\/v2\/media?parent=488132"}],"wp:term":[{"taxonomy":"category","embeddable":true,"href":"https:\/\/www.eldigitaldeasturias.com\/noticias\/wp-json\/wp\/v2\/categories?post=488132"},{"taxonomy":"post_tag","embeddable":true,"href":"https:\/\/www.eldigitaldeasturias.com\/noticias\/wp-json\/wp\/v2\/tags?post=488132"}],"curies":[{"name":"wp","href":"https:\/\/api.w.org\/{rel}","templated":true}]}}