{"id":488130,"date":"2014-02-10T23:41:46","date_gmt":"2014-02-11T00:41:46","guid":{"rendered":"http:\/\/www.eldigitaldeasturias.com\/noticias\/?p=488130"},"modified":"2014-02-10T23:41:46","modified_gmt":"2014-02-11T00:41:46","slug":"obama-y-hollande-consideran-sus-relaciones-un-modelo-para-el-mundo","status":"publish","type":"post","link":"https:\/\/www.eldigitaldeasturias.com\/noticias\/obama-y-hollande-consideran-sus-relaciones-un-modelo-para-el-mundo\/","title":{"rendered":"Obama y Hollande consideran sus relaciones \u00abun modelo\u00bb para el mundo"},"content":{"rendered":"<p><img loading=\"lazy\" decoding=\"async\" class=\"alignleft size-medium wp-image-487987\" alt=\"5927691w\" src=\"https:\/\/www.eldigitaldeasturias.com\/noticias\/wp-content\/uploads\/2014\/02\/5927691w-360x256.jpg\" width=\"360\" height=\"256\" \/>Par\u00eds, 10 feb (dpa) &#8211; El presidente estadounidense, Barack Obama, y su hom\u00f3logo franc\u00e9s, Fran\u00e7ois Hollande, presumieron de sus relaciones bilaterales, que consideran \u00abun modelo\u00bb para el mundo, seg\u00fan dijeron en un art\u00edculo de opini\u00f3n conjunto publicado hoy, cuando el l\u00edder galo comienza una visita a Washington.<\/p>\n<p>\u00abHace una d\u00e9cada pocos hubieran imaginado a nuestros dos pa\u00edses trabajando juntos estrechamente en tantos \u00e1mbitos\u00bb, escribieron en el art\u00edculo que publican \u00abThe Washington Post\u00bb y \u00abLe Monde\u00bb refiri\u00e9ndose a las tensiones surgidas por la negativa de Par\u00eds a sumarse a la guerra en Irak liderada por Washington.<\/p>\n<p>Desde entonces, las relaciones se han \u00abtransformado\u00bb, se\u00f1alan citando como ejemplos sus \u00e9xitos en conseguir un acuerdo provisional nuclear con Ir\u00e1n o la amenaza conjunta del a\u00f1o pasado de ataque a Siria que termin\u00f3 con la aceptaci\u00f3n de Damasco a renunciar a su arsenal qu\u00edmico.<\/p>\n<p>\u00c1frica es sin embargo quiz\u00e1 el ejemplo m\u00e1s gr\u00e1fico de su nueva cooperaci\u00f3n, afirman.<\/p>\n<p>Estados Unidos dio apoyo log\u00edstico y de inteligencia a una intervenci\u00f3n francesa contra los rebeldes islamistas en Mali y tambi\u00e9n est\u00e1 apoyando a las tropas francesas y africanas que intentan frenar la violencia sectaria en la Rep\u00fablica Centroafricana.<\/p>\n<p>\u00abLos desaf\u00edos trasnacionales no pueden ser enfrentados por ning\u00fan pa\u00eds en solitario\u00bb, dicen Hollande y Obama, llamando a los otros estados a \u00abavanzar y compartir las cargas y costes del liderazgo\u00bb.<\/p>\n<p>El art\u00edculo se publica ante la visita de tres d\u00edas que comienza hoy Hollande a Estados Unidos, la primera de un presidente franc\u00e9s desde que Jacques Chirac visit\u00f3 a Bill Clinton en 1996 y una de las pocas concedidas por Obama desde que asumi\u00f3 el cargo.<\/p>\n<p>La vida amorosa de Hollande ha dominado los debates sobre la visita en los medios estadounidenses. El mandatario acudir\u00e1 solo a la cena de Estado prevista para el martes en la Casa Blanca, tras romper su relaci\u00f3n con su pareja Valerie Trierweiler por una aventura destapada por los medios con la actriz francesa Julie Gayet.<\/p>\n<p>Entre las citas de la agenda de Hollande destaca una visita hoy con Obama a la casa en Virginia del tercer presidente de Estados Unidos, el franc\u00f3filo Thomas Jefferson, y un viaje el mi\u00e9rcoles a Silicon Valley para reunirse con los l\u00edderes de los gigantes de Internet Google y Facebook, entre otros.<\/p>\n<p>Hollande pretende mejorar la da\u00f1ada imagen de Francia entre los inversores extranjeros. Estados Unidos es el mayor inversor extranjero en Francia. En los \u00faltimos meses, Hollande anunci\u00f3 un cambio hacia pol\u00edticas m\u00e1s favorables a las empresas.<\/p>\n","protected":false},"excerpt":{"rendered":"<p>Par\u00eds, 10 feb (dpa) &#8211; El presidente estadounidense, Barack Obama, y su hom\u00f3logo franc\u00e9s, Fran\u00e7ois Hollande, presumieron de sus relaciones bilaterales, que consideran \u00abun modelo\u00bb para el mundo, seg\u00fan dijeron en un art\u00edculo de opini\u00f3n conjunto publicado hoy, cuando el l\u00edder galo comienza una visita a Washington. \u00abHace una d\u00e9cada pocos hubieran imaginado a nuestros [&hellip;]<\/p>\n","protected":false},"author":1,"featured_media":487987,"comment_status":"closed","ping_status":"closed","sticky":false,"template":"","format":"standard","meta":{"footnotes":""},"categories":[1],"tags":[],"class_list":["post-488130","post","type-post","status-publish","format-standard","has-post-thumbnail","hentry","category-actualidad"],"aioseo_notices":[],"aioseo_head":"\n\t\t<!-- All in One SEO Pro 5.0.1 - aioseo.com -->\n\t<meta name=\"description\" content=\"Par\u00eds, 10 feb (dpa) - El presidente estadounidense, Barack Obama, y su hom\u00f3logo franc\u00e9s, Fran\u00e7ois Hollande, presumieron de sus relaciones bilaterales, que consideran &quot;un modelo&quot; para el mundo, seg\u00fan dijeron en un art\u00edculo de opini\u00f3n conjunto publicado hoy, cuando el l\u00edder galo comienza una visita a Washington. &quot;Hace una d\u00e9cada pocos hubieran imaginado a nuestros\" \/>\n\t<meta name=\"robots\" content=\"max-image-preview:large\" \/>\n\t<meta name=\"author\" content=\"El Digital de Asturias\"\/>\n\t<meta name=\"google-site-verification\" content=\"UA-38556648-1\" \/>\n\t<meta name=\"msvalidate.01\" content=\"7dfe9f3f1b24437ab69f4f2559babe99\" \/>\n\t<meta name=\"keywords\" content=\"actualidad\" \/>\n\t<link rel=\"canonical\" href=\"https:\/\/www.eldigitaldeasturias.com\/noticias\/obama-y-hollande-consideran-sus-relaciones-un-modelo-para-el-mundo\/\" \/>\n\t<meta name=\"generator\" content=\"All in One SEO Pro (AIOSEO) 5.0.1\" \/>\n\t\t<meta property=\"og:locale\" content=\"es_ES\" \/>\n\t\t<meta property=\"og:site_name\" content=\"El Digital de Asturias\" \/>\n\t\t<meta property=\"og:type\" content=\"article\" \/>\n\t\t<meta property=\"og:title\" content=\"Obama y Hollande consideran sus relaciones \u00abun modelo\u00bb para el mundo - El Digital de Asturias\" \/>\n\t\t<meta property=\"og:description\" content=\"Par\u00eds, 10 feb (dpa) - El presidente estadounidense, Barack Obama, y su hom\u00f3logo franc\u00e9s, Fran\u00e7ois Hollande, presumieron de sus relaciones bilaterales, que consideran &quot;un modelo&quot; para el mundo, seg\u00fan dijeron en un art\u00edculo de opini\u00f3n conjunto publicado hoy, cuando el l\u00edder galo comienza una visita a Washington. &quot;Hace una d\u00e9cada pocos hubieran imaginado a nuestros\" \/>\n\t\t<meta property=\"og:url\" content=\"https:\/\/www.eldigitaldeasturias.com\/noticias\/obama-y-hollande-consideran-sus-relaciones-un-modelo-para-el-mundo\/\" \/>\n\t\t<meta property=\"article:tag\" content=\"actualidad\" \/>\n\t\t<meta property=\"article:published_time\" content=\"2014-02-11T00:41:46+00:00\" \/>\n\t\t<meta property=\"article:modified_time\" content=\"2014-02-11T00:41:46+00:00\" \/>\n\t\t<meta property=\"article:publisher\" content=\"https:\/\/facebook.com\/eldigitaldeasturias\" \/>\n\t\t<meta name=\"twitter:card\" content=\"summary_large_image\" \/>\n\t\t<meta name=\"twitter:title\" content=\"Obama y Hollande consideran sus relaciones \u00abun modelo\u00bb para el mundo - El Digital de Asturias\" \/>\n\t\t<meta name=\"twitter:description\" content=\"Par\u00eds, 10 feb (dpa) - El presidente estadounidense, Barack Obama, y su hom\u00f3logo franc\u00e9s, Fran\u00e7ois Hollande, presumieron de sus relaciones bilaterales, que consideran &quot;un modelo&quot; para el mundo, seg\u00fan dijeron en un art\u00edculo de opini\u00f3n conjunto publicado hoy, cuando el l\u00edder galo comienza una visita a Washington. &quot;Hace una d\u00e9cada pocos hubieran imaginado a nuestros\" \/>\n\t\t<meta name=\"twitter:label1\" content=\"Escrito por\" \/>\n\t\t<meta name=\"twitter:data1\" content=\"El Digital de Asturias\" \/>\n\t\t<meta name=\"twitter:label2\" content=\"Tiempo de lectura estimado\" \/>\n\t\t<meta name=\"twitter:data2\" content=\"2 minutos\" \/>\n\t\t<script type=\"application\/ld+json\" class=\"aioseo-schema\">\n\t\t\t{\"@context\":\"https:\\\/\\\/schema.org\",\"@graph\":[{\"@type\":\"BlogPosting\",\"@id\":\"https:\\\/\\\/www.eldigitaldeasturias.com\\\/noticias\\\/obama-y-hollande-consideran-sus-relaciones-un-modelo-para-el-mundo\\\/#blogposting\",\"name\":\"Obama y Hollande consideran sus relaciones \\u00abun modelo\\u00bb para el mundo - El Digital de Asturias\",\"headline\":\"Obama y Hollande consideran sus relaciones \\u00abun modelo\\u00bb para el mundo\",\"author\":{\"@id\":\"https:\\\/\\\/www.eldigitaldeasturias.com\\\/noticias\\\/author\\\/admin\\\/#author\"},\"publisher\":{\"@id\":\"https:\\\/\\\/www.eldigitaldeasturias.com\\\/noticias\\\/#organization\"},\"image\":{\"@type\":\"ImageObject\",\"url\":487987},\"datePublished\":\"2014-02-10T23:41:46+01:00\",\"dateModified\":\"2014-02-10T23:41:46+01:00\",\"inLanguage\":\"es-ES\",\"mainEntityOfPage\":{\"@id\":\"https:\\\/\\\/www.eldigitaldeasturias.com\\\/noticias\\\/obama-y-hollande-consideran-sus-relaciones-un-modelo-para-el-mundo\\\/#webpage\"},\"isPartOf\":{\"@id\":\"https:\\\/\\\/www.eldigitaldeasturias.com\\\/noticias\\\/obama-y-hollande-consideran-sus-relaciones-un-modelo-para-el-mundo\\\/#webpage\"},\"articleSection\":\"Actualidad\"},{\"@type\":\"BreadcrumbList\",\"@id\":\"https:\\\/\\\/www.eldigitaldeasturias.com\\\/noticias\\\/obama-y-hollande-consideran-sus-relaciones-un-modelo-para-el-mundo\\\/#breadcrumblist\",\"itemListElement\":[{\"@type\":\"ListItem\",\"@id\":\"https:\\\/\\\/www.eldigitaldeasturias.com\\\/noticias#listItem\",\"position\":1,\"name\":\"Home\",\"item\":\"https:\\\/\\\/www.eldigitaldeasturias.com\\\/noticias\",\"nextItem\":{\"@type\":\"ListItem\",\"@id\":\"https:\\\/\\\/www.eldigitaldeasturias.com\\\/noticias\\\/category\\\/actualidad\\\/#listItem\",\"name\":\"Actualidad\"}},{\"@type\":\"ListItem\",\"@id\":\"https:\\\/\\\/www.eldigitaldeasturias.com\\\/noticias\\\/category\\\/actualidad\\\/#listItem\",\"position\":2,\"name\":\"Actualidad\",\"item\":\"https:\\\/\\\/www.eldigitaldeasturias.com\\\/noticias\\\/category\\\/actualidad\\\/\",\"nextItem\":{\"@type\":\"ListItem\",\"@id\":\"https:\\\/\\\/www.eldigitaldeasturias.com\\\/noticias\\\/obama-y-hollande-consideran-sus-relaciones-un-modelo-para-el-mundo\\\/#listItem\",\"name\":\"Obama y Hollande consideran sus relaciones \\u00abun modelo\\u00bb para el mundo\"},\"previousItem\":{\"@type\":\"ListItem\",\"@id\":\"https:\\\/\\\/www.eldigitaldeasturias.com\\\/noticias#listItem\",\"name\":\"Home\"}},{\"@type\":\"ListItem\",\"@id\":\"https:\\\/\\\/www.eldigitaldeasturias.com\\\/noticias\\\/obama-y-hollande-consideran-sus-relaciones-un-modelo-para-el-mundo\\\/#listItem\",\"position\":3,\"name\":\"Obama y Hollande consideran sus relaciones \\u00abun modelo\\u00bb para el mundo\",\"previousItem\":{\"@type\":\"ListItem\",\"@id\":\"https:\\\/\\\/www.eldigitaldeasturias.com\\\/noticias\\\/category\\\/actualidad\\\/#listItem\",\"name\":\"Actualidad\"}}]},{\"@type\":\"Organization\",\"@id\":\"https:\\\/\\\/www.eldigitaldeasturias.com\\\/noticias\\\/#organization\",\"name\":\"El Digital de Asturias\",\"description\":\"Hemeroteca\",\"url\":\"https:\\\/\\\/www.eldigitaldeasturias.com\\\/noticias\\\/\",\"email\":\"info@eldigitaldeasturias.com\",\"telephone\":\"+34652131393\",\"logo\":{\"@type\":\"ImageObject\",\"url\":\"https:\\\/\\\/www.eldigitaldeasturias.com\\\/noticias\\\/wp-content\\\/uploads\\\/2020\\\/12\\\/EDA.jpg\",\"@id\":\"https:\\\/\\\/www.eldigitaldeasturias.com\\\/noticias\\\/obama-y-hollande-consideran-sus-relaciones-un-modelo-para-el-mundo\\\/#organizationLogo\"},\"image\":{\"@id\":\"https:\\\/\\\/www.eldigitaldeasturias.com\\\/noticias\\\/obama-y-hollande-consideran-sus-relaciones-un-modelo-para-el-mundo\\\/#organizationLogo\"},\"sameAs\":[\"https:\\\/\\\/facebook.com\\\/eldigitaldeasturias\",\"https:\\\/\\\/www.youtube.com\\\/channel\\\/UCZP-2wLEB9Rv6erhFmqVnvg\"],\"address\":{\"@id\":\"https:\\\/\\\/www.eldigitaldeasturias.com\\\/noticias\\\/#postaladdress\",\"@type\":\"PostalAddress\",\"streetAddress\":\"san antonio 4\",\"postalCode\":\"33430\",\"addressLocality\":\"Cand\\u00e1s\",\"addressRegion\":\"Asturias\",\"addressCountry\":\"ES\"}},{\"@type\":\"Person\",\"@id\":\"https:\\\/\\\/www.eldigitaldeasturias.com\\\/noticias\\\/author\\\/admin\\\/#author\",\"url\":\"https:\\\/\\\/www.eldigitaldeasturias.com\\\/noticias\\\/author\\\/admin\\\/\",\"name\":\"El Digital de Asturias\",\"image\":{\"@type\":\"ImageObject\",\"@id\":\"https:\\\/\\\/www.eldigitaldeasturias.com\\\/noticias\\\/obama-y-hollande-consideran-sus-relaciones-un-modelo-para-el-mundo\\\/#authorImage\",\"url\":\"https:\\\/\\\/secure.gravatar.com\\\/avatar\\\/df2aeffc32bcd13f8d26072ef8a91b623d677766deac7f97ca815868cd41bf5e?s=96&d=mm&r=g\",\"width\":96,\"height\":96,\"caption\":\"El Digital de Asturias\"}},{\"@type\":\"WebPage\",\"@id\":\"https:\\\/\\\/www.eldigitaldeasturias.com\\\/noticias\\\/obama-y-hollande-consideran-sus-relaciones-un-modelo-para-el-mundo\\\/#webpage\",\"url\":\"https:\\\/\\\/www.eldigitaldeasturias.com\\\/noticias\\\/obama-y-hollande-consideran-sus-relaciones-un-modelo-para-el-mundo\\\/\",\"name\":\"Obama y Hollande consideran sus relaciones \\u00abun modelo\\u00bb para el mundo - El Digital de Asturias\",\"description\":\"Par\\u00eds, 10 feb (dpa) - El presidente estadounidense, Barack Obama, y su hom\\u00f3logo franc\\u00e9s, Fran\\u00e7ois Hollande, presumieron de sus relaciones bilaterales, que consideran \\\"un modelo\\\" para el mundo, seg\\u00fan dijeron en un art\\u00edculo de opini\\u00f3n conjunto publicado hoy, cuando el l\\u00edder galo comienza una visita a Washington. \\\"Hace una d\\u00e9cada pocos hubieran imaginado a nuestros\",\"inLanguage\":\"es-ES\",\"isPartOf\":{\"@id\":\"https:\\\/\\\/www.eldigitaldeasturias.com\\\/noticias\\\/#website\"},\"breadcrumb\":{\"@id\":\"https:\\\/\\\/www.eldigitaldeasturias.com\\\/noticias\\\/obama-y-hollande-consideran-sus-relaciones-un-modelo-para-el-mundo\\\/#breadcrumblist\"},\"author\":{\"@id\":\"https:\\\/\\\/www.eldigitaldeasturias.com\\\/noticias\\\/author\\\/admin\\\/#author\"},\"creator\":{\"@id\":\"https:\\\/\\\/www.eldigitaldeasturias.com\\\/noticias\\\/author\\\/admin\\\/#author\"},\"image\":{\"@type\":\"ImageObject\",\"url\":487987,\"@id\":\"https:\\\/\\\/www.eldigitaldeasturias.com\\\/noticias\\\/obama-y-hollande-consideran-sus-relaciones-un-modelo-para-el-mundo\\\/#mainImage\"},\"primaryImageOfPage\":{\"@id\":\"https:\\\/\\\/www.eldigitaldeasturias.com\\\/noticias\\\/obama-y-hollande-consideran-sus-relaciones-un-modelo-para-el-mundo\\\/#mainImage\"},\"datePublished\":\"2014-02-10T23:41:46+01:00\",\"dateModified\":\"2014-02-10T23:41:46+01:00\"},{\"@type\":\"WebSite\",\"@id\":\"https:\\\/\\\/www.eldigitaldeasturias.com\\\/noticias\\\/#website\",\"url\":\"https:\\\/\\\/www.eldigitaldeasturias.com\\\/noticias\\\/\",\"name\":\"El Digital de Asturias - Diario de actualidad y noticias\",\"alternateName\":\"El Digital de Asturias - Diario de actualidad y noticias\",\"description\":\"Hemeroteca\",\"inLanguage\":\"es-ES\",\"publisher\":{\"@id\":\"https:\\\/\\\/www.eldigitaldeasturias.com\\\/noticias\\\/#organization\"}}]}\n\t\t<\/script>\n\t\t<!-- All in One SEO Pro -->\r\n\t\t<title>Obama y Hollande consideran sus relaciones \u00abun modelo\u00bb para el mundo - El Digital de Asturias<\/title>\n\n","aioseo_head_json":{"title":"Obama y Hollande consideran sus relaciones \u00abun modelo\u00bb para el mundo - El Digital de Asturias","description":"Par\u00eds, 10 feb (dpa) - El presidente estadounidense, Barack Obama, y su hom\u00f3logo franc\u00e9s, Fran\u00e7ois Hollande, presumieron de sus relaciones bilaterales, que consideran \"un modelo\" para el mundo, seg\u00fan dijeron en un art\u00edculo de opini\u00f3n conjunto publicado hoy, cuando el l\u00edder galo comienza una visita a Washington. \"Hace una d\u00e9cada pocos hubieran imaginado a nuestros","canonical_url":"https:\/\/www.eldigitaldeasturias.com\/noticias\/obama-y-hollande-consideran-sus-relaciones-un-modelo-para-el-mundo\/","robots":"max-image-preview:large","keywords":"actualidad","webmasterTools":{"google-site-verification":"UA-38556648-1","msvalidate.01":"7dfe9f3f1b24437ab69f4f2559babe99","miscellaneous":""},"schema":{"@context":"https:\/\/schema.org","@graph":[{"@type":"BlogPosting","@id":"https:\/\/www.eldigitaldeasturias.com\/noticias\/obama-y-hollande-consideran-sus-relaciones-un-modelo-para-el-mundo\/#blogposting","name":"Obama y Hollande consideran sus relaciones \u00abun modelo\u00bb para el mundo - El Digital de Asturias","headline":"Obama y Hollande consideran sus relaciones \u00abun modelo\u00bb para el mundo","author":{"@id":"https:\/\/www.eldigitaldeasturias.com\/noticias\/author\/admin\/#author"},"publisher":{"@id":"https:\/\/www.eldigitaldeasturias.com\/noticias\/#organization"},"image":{"@type":"ImageObject","url":487987},"datePublished":"2014-02-10T23:41:46+01:00","dateModified":"2014-02-10T23:41:46+01:00","inLanguage":"es-ES","mainEntityOfPage":{"@id":"https:\/\/www.eldigitaldeasturias.com\/noticias\/obama-y-hollande-consideran-sus-relaciones-un-modelo-para-el-mundo\/#webpage"},"isPartOf":{"@id":"https:\/\/www.eldigitaldeasturias.com\/noticias\/obama-y-hollande-consideran-sus-relaciones-un-modelo-para-el-mundo\/#webpage"},"articleSection":"Actualidad"},{"@type":"BreadcrumbList","@id":"https:\/\/www.eldigitaldeasturias.com\/noticias\/obama-y-hollande-consideran-sus-relaciones-un-modelo-para-el-mundo\/#breadcrumblist","itemListElement":[{"@type":"ListItem","@id":"https:\/\/www.eldigitaldeasturias.com\/noticias#listItem","position":1,"name":"Home","item":"https:\/\/www.eldigitaldeasturias.com\/noticias","nextItem":{"@type":"ListItem","@id":"https:\/\/www.eldigitaldeasturias.com\/noticias\/category\/actualidad\/#listItem","name":"Actualidad"}},{"@type":"ListItem","@id":"https:\/\/www.eldigitaldeasturias.com\/noticias\/category\/actualidad\/#listItem","position":2,"name":"Actualidad","item":"https:\/\/www.eldigitaldeasturias.com\/noticias\/category\/actualidad\/","nextItem":{"@type":"ListItem","@id":"https:\/\/www.eldigitaldeasturias.com\/noticias\/obama-y-hollande-consideran-sus-relaciones-un-modelo-para-el-mundo\/#listItem","name":"Obama y Hollande consideran sus relaciones \u00abun modelo\u00bb para el mundo"},"previousItem":{"@type":"ListItem","@id":"https:\/\/www.eldigitaldeasturias.com\/noticias#listItem","name":"Home"}},{"@type":"ListItem","@id":"https:\/\/www.eldigitaldeasturias.com\/noticias\/obama-y-hollande-consideran-sus-relaciones-un-modelo-para-el-mundo\/#listItem","position":3,"name":"Obama y Hollande consideran sus relaciones \u00abun modelo\u00bb para el mundo","previousItem":{"@type":"ListItem","@id":"https:\/\/www.eldigitaldeasturias.com\/noticias\/category\/actualidad\/#listItem","name":"Actualidad"}}]},{"@type":"Organization","@id":"https:\/\/www.eldigitaldeasturias.com\/noticias\/#organization","name":"El Digital de Asturias","description":"Hemeroteca","url":"https:\/\/www.eldigitaldeasturias.com\/noticias\/","email":"info@eldigitaldeasturias.com","telephone":"+34652131393","logo":{"@type":"ImageObject","url":"https:\/\/www.eldigitaldeasturias.com\/noticias\/wp-content\/uploads\/2020\/12\/EDA.jpg","@id":"https:\/\/www.eldigitaldeasturias.com\/noticias\/obama-y-hollande-consideran-sus-relaciones-un-modelo-para-el-mundo\/#organizationLogo"},"image":{"@id":"https:\/\/www.eldigitaldeasturias.com\/noticias\/obama-y-hollande-consideran-sus-relaciones-un-modelo-para-el-mundo\/#organizationLogo"},"sameAs":["https:\/\/facebook.com\/eldigitaldeasturias","https:\/\/www.youtube.com\/channel\/UCZP-2wLEB9Rv6erhFmqVnvg"],"address":{"@id":"https:\/\/www.eldigitaldeasturias.com\/noticias\/#postaladdress","@type":"PostalAddress","streetAddress":"san antonio 4","postalCode":"33430","addressLocality":"Cand\u00e1s","addressRegion":"Asturias","addressCountry":"ES"}},{"@type":"Person","@id":"https:\/\/www.eldigitaldeasturias.com\/noticias\/author\/admin\/#author","url":"https:\/\/www.eldigitaldeasturias.com\/noticias\/author\/admin\/","name":"El Digital de Asturias","image":{"@type":"ImageObject","@id":"https:\/\/www.eldigitaldeasturias.com\/noticias\/obama-y-hollande-consideran-sus-relaciones-un-modelo-para-el-mundo\/#authorImage","url":"https:\/\/secure.gravatar.com\/avatar\/df2aeffc32bcd13f8d26072ef8a91b623d677766deac7f97ca815868cd41bf5e?s=96&d=mm&r=g","width":96,"height":96,"caption":"El Digital de Asturias"}},{"@type":"WebPage","@id":"https:\/\/www.eldigitaldeasturias.com\/noticias\/obama-y-hollande-consideran-sus-relaciones-un-modelo-para-el-mundo\/#webpage","url":"https:\/\/www.eldigitaldeasturias.com\/noticias\/obama-y-hollande-consideran-sus-relaciones-un-modelo-para-el-mundo\/","name":"Obama y Hollande consideran sus relaciones \u00abun modelo\u00bb para el mundo - El Digital de Asturias","description":"Par\u00eds, 10 feb (dpa) - El presidente estadounidense, Barack Obama, y su hom\u00f3logo franc\u00e9s, Fran\u00e7ois Hollande, presumieron de sus relaciones bilaterales, que consideran \"un modelo\" para el mundo, seg\u00fan dijeron en un art\u00edculo de opini\u00f3n conjunto publicado hoy, cuando el l\u00edder galo comienza una visita a Washington. \"Hace una d\u00e9cada pocos hubieran imaginado a nuestros","inLanguage":"es-ES","isPartOf":{"@id":"https:\/\/www.eldigitaldeasturias.com\/noticias\/#website"},"breadcrumb":{"@id":"https:\/\/www.eldigitaldeasturias.com\/noticias\/obama-y-hollande-consideran-sus-relaciones-un-modelo-para-el-mundo\/#breadcrumblist"},"author":{"@id":"https:\/\/www.eldigitaldeasturias.com\/noticias\/author\/admin\/#author"},"creator":{"@id":"https:\/\/www.eldigitaldeasturias.com\/noticias\/author\/admin\/#author"},"image":{"@type":"ImageObject","url":487987,"@id":"https:\/\/www.eldigitaldeasturias.com\/noticias\/obama-y-hollande-consideran-sus-relaciones-un-modelo-para-el-mundo\/#mainImage"},"primaryImageOfPage":{"@id":"https:\/\/www.eldigitaldeasturias.com\/noticias\/obama-y-hollande-consideran-sus-relaciones-un-modelo-para-el-mundo\/#mainImage"},"datePublished":"2014-02-10T23:41:46+01:00","dateModified":"2014-02-10T23:41:46+01:00"},{"@type":"WebSite","@id":"https:\/\/www.eldigitaldeasturias.com\/noticias\/#website","url":"https:\/\/www.eldigitaldeasturias.com\/noticias\/","name":"El Digital de Asturias - Diario de actualidad y noticias","alternateName":"El Digital de Asturias - Diario de actualidad y noticias","description":"Hemeroteca","inLanguage":"es-ES","publisher":{"@id":"https:\/\/www.eldigitaldeasturias.com\/noticias\/#organization"}}]},"og:locale":"es_ES","og:site_name":"El Digital de Asturias","og:type":"article","og:title":"Obama y Hollande consideran sus relaciones \u00abun modelo\u00bb para el mundo - El Digital de Asturias","og:description":"Par\u00eds, 10 feb (dpa) - El presidente estadounidense, Barack Obama, y su hom\u00f3logo franc\u00e9s, Fran\u00e7ois Hollande, presumieron de sus relaciones bilaterales, que consideran &quot;un modelo&quot; para el mundo, seg\u00fan dijeron en un art\u00edculo de opini\u00f3n conjunto publicado hoy, cuando el l\u00edder galo comienza una visita a Washington. &quot;Hace una d\u00e9cada pocos hubieran imaginado a nuestros","og:url":"https:\/\/www.eldigitaldeasturias.com\/noticias\/obama-y-hollande-consideran-sus-relaciones-un-modelo-para-el-mundo\/","article:tag":["actualidad"],"article:published_time":"2014-02-11T00:41:46+00:00","article:modified_time":"2014-02-11T00:41:46+00:00","article:publisher":"https:\/\/facebook.com\/eldigitaldeasturias","twitter:card":"summary_large_image","twitter:title":"Obama y Hollande consideran sus relaciones \u00abun modelo\u00bb para el mundo - El Digital de Asturias","twitter:description":"Par\u00eds, 10 feb (dpa) - El presidente estadounidense, Barack Obama, y su hom\u00f3logo franc\u00e9s, Fran\u00e7ois Hollande, presumieron de sus relaciones bilaterales, que consideran &quot;un modelo&quot; para el mundo, seg\u00fan dijeron en un art\u00edculo de opini\u00f3n conjunto publicado hoy, cuando el l\u00edder galo comienza una visita a Washington. &quot;Hace una d\u00e9cada pocos hubieran imaginado a nuestros","twitter:label1":"Escrito por","twitter:data1":"El Digital de Asturias","twitter:label2":"Tiempo de lectura estimado","twitter:data2":"2 minutos"},"aioseo_meta_data":{"post_id":"488130","title":null,"description":null,"keywords":null,"keyphrases":null,"primary_term":null,"canonical_url":null,"og_title":null,"og_description":null,"og_object_type":"default","og_image_type":"default","og_image_url":null,"og_image_width":null,"og_image_height":null,"og_image_custom_url":null,"og_image_custom_fields":null,"og_video":null,"og_custom_url":null,"og_article_section":null,"og_article_tags":null,"twitter_use_og":true,"twitter_card":"default","twitter_image_type":"default","twitter_image_url":null,"twitter_image_custom_url":null,"twitter_image_custom_fields":null,"twitter_title":null,"twitter_description":null,"schema":{"blockGraphs":[],"customGraphs":[],"default":{"data":{"Article":[],"Course":[],"Dataset":[],"FAQPage":[],"Movie":[],"Person":[],"Product":[],"ProductReview":[],"Car":[],"Recipe":[],"Service":[],"SoftwareApplication":[],"WebPage":[]},"graphName":"","isEnabled":true},"graphs":[],"defaultGraph":"","defaultPostTypeGraph":""},"schema_type":null,"schema_type_options":null,"pillar_content":false,"robots_default":true,"robots_noindex":false,"robots_noarchive":false,"robots_nosnippet":false,"robots_nofollow":false,"robots_noimageindex":false,"robots_noodp":false,"robots_notranslate":false,"robots_max_snippet":null,"robots_max_videopreview":null,"robots_max_imagepreview":"none","priority":null,"frequency":null,"local_seo":null,"seo_analyzer_scan_date":"2026-06-03 06:59:47","breadcrumb_settings":null,"limit_modified_date":false,"open_ai":null,"ai":null,"created":"2020-11-14 22:57:11","updated":"2026-06-03 06:59:47","focus_keyword":null,"additional_keywords":null,"truseo_locale":null},"aioseo_breadcrumb":"<div class=\"aioseo-breadcrumbs\"><span class=\"aioseo-breadcrumb\">\n\t<a href=\"https:\/\/www.eldigitaldeasturias.com\/noticias\" title=\"Home\">Home<\/a>\n<\/span><span class=\"aioseo-breadcrumb-separator\">\u2013<\/span><span class=\"aioseo-breadcrumb\">\n\t<a href=\"https:\/\/www.eldigitaldeasturias.com\/noticias\/category\/actualidad\/\" title=\"Actualidad\">Actualidad<\/a>\n<\/span><span class=\"aioseo-breadcrumb-separator\">\u2013<\/span><span class=\"aioseo-breadcrumb\">\n\t<a href=\"https:\/\/www.eldigitaldeasturias.com\/noticias\/obama-y-hollande-consideran-sus-relaciones-un-modelo-para-el-mundo\/\" title=\"Obama y Hollande consideran sus relaciones \u00abun modelo\u00bb para el mundo\">Obama y Hollande consideran sus relaciones \u00abun modelo\u00bb para el mundo<\/a>\n<\/span><\/div>","aioseo_breadcrumb_json":[{"label":"Home","link":"https:\/\/www.eldigitaldeasturias.com\/noticias"},{"label":"Actualidad","link":"https:\/\/www.eldigitaldeasturias.com\/noticias\/category\/actualidad\/"},{"label":"Obama y Hollande consideran sus relaciones \u00abun modelo\u00bb para el mundo","link":"https:\/\/www.eldigitaldeasturias.com\/noticias\/obama-y-hollande-consideran-sus-relaciones-un-modelo-para-el-mundo\/"}],"_links":{"self":[{"href":"https:\/\/www.eldigitaldeasturias.com\/noticias\/wp-json\/wp\/v2\/posts\/488130","targetHints":{"allow":["GET"]}}],"collection":[{"href":"https:\/\/www.eldigitaldeasturias.com\/noticias\/wp-json\/wp\/v2\/posts"}],"about":[{"href":"https:\/\/www.eldigitaldeasturias.com\/noticias\/wp-json\/wp\/v2\/types\/post"}],"author":[{"embeddable":true,"href":"https:\/\/www.eldigitaldeasturias.com\/noticias\/wp-json\/wp\/v2\/users\/1"}],"replies":[{"embeddable":true,"href":"https:\/\/www.eldigitaldeasturias.com\/noticias\/wp-json\/wp\/v2\/comments?post=488130"}],"version-history":[{"count":0,"href":"https:\/\/www.eldigitaldeasturias.com\/noticias\/wp-json\/wp\/v2\/posts\/488130\/revisions"}],"wp:attachment":[{"href":"https:\/\/www.eldigitaldeasturias.com\/noticias\/wp-json\/wp\/v2\/media?parent=488130"}],"wp:term":[{"taxonomy":"category","embeddable":true,"href":"https:\/\/www.eldigitaldeasturias.com\/noticias\/wp-json\/wp\/v2\/categories?post=488130"},{"taxonomy":"post_tag","embeddable":true,"href":"https:\/\/www.eldigitaldeasturias.com\/noticias\/wp-json\/wp\/v2\/tags?post=488130"}],"curies":[{"name":"wp","href":"https:\/\/api.w.org\/{rel}","templated":true}]}}