{"id":488128,"date":"2014-02-10T23:37:37","date_gmt":"2014-02-11T00:37:37","guid":{"rendered":"http:\/\/www.eldigitaldeasturias.com\/noticias\/?p=488128"},"modified":"2014-02-10T23:37:37","modified_gmt":"2014-02-11T00:37:37","slug":"merkel-advierte-que-el-referendum-suizo-abre-problemas-importantes","status":"publish","type":"post","link":"https:\/\/www.eldigitaldeasturias.com\/noticias\/merkel-advierte-que-el-referendum-suizo-abre-problemas-importantes\/","title":{"rendered":"Merkel advierte que el refer\u00e9ndum suizo abre \u00abproblemas importantes\u00bb"},"content":{"rendered":"<p><img loading=\"lazy\" decoding=\"async\" class=\"alignleft size-medium wp-image-3681\" alt=\"CDU press conference\" src=\"https:\/\/www.eldigitaldeasturias.com\/noticias\/wp-content\/uploads\/2013\/09\/MERKEL35850496-234x320.jpg\" width=\"234\" height=\"320\" \/>Berl\u00edn, 10 feb (dpa) &#8211; La canciller alemana, Angela Merkel, advirti\u00f3 hoy que los l\u00edmites a la inmigraci\u00f3n aprobados el domingo por refer\u00e9ndum en Suiza abren grandes problemas, tambi\u00e9n para la relaci\u00f3n entre el pa\u00eds y la Uni\u00f3n Europea (UE).<\/p>\n<p>\u00abEl gobierno alem\u00e1n toma nota del resultado de este refer\u00e9ndum y lo respeta. Pero desde nuestro punto de vista el resultado abre problemas considerables\u00bb, se\u00f1al\u00f3 hoy en Berl\u00edn el portavoz de la canciller, Steffen Seibert.<\/p>\n<p>Ahora toca a Suiza explicar a la UE c\u00f3mo manejar\u00e1 el resultado de la votaci\u00f3n, a\u00f1adi\u00f3 el portavoz. Seibert adelant\u00f3 que las conversaciones ser\u00e1n \u00abdif\u00edciles\u00bb. \u00abPero nuestro inter\u00e9s debe ser mantener la relaci\u00f3n UE-Suiza lo m\u00e1s cercana posible\u00bb.<\/p>\n<p>M\u00e1s duro fue el ministro de Exteriores alem\u00e1n, Frank-Walter Steinmeier, que consider\u00f3 que Suiza \u00abm\u00e1s bien se provoc\u00f3 un da\u00f1o a s\u00ed misma\u00bb. La UE debe analizar ahora c\u00f3mo continuar las relaciones con Suiza \u00absin echar espuma por la boca\u00bb, dijo desde Bruselas.<\/p>\n<p>El voto en el refer\u00e9ndum impulsado por el Partido Popular Suizo (SVP) obliga al gobierno en Berna a poner en marcha una ley que regule los pr\u00f3ximos a\u00f1os la inmigraci\u00f3n, tambi\u00e9n la procedente de la UE. Suiza no forma parte del bloque comunitario.<\/p>\n<p>En Alemania, el partido euroesc\u00e9ptico Alternativa para Alemania (AfD) consider\u00f3 hoy que la v\u00eda suiza podr\u00eda servir de modelo en la primera potencia europea \u00absi los viejos partidos siguen ignorando el problema\u00bb de la inmigraci\u00f3n.<\/p>\n<p>\u00abSin duda Suiza es un ejemplo para AfD\u00bb, analiz\u00f3 Friedrich Heinemann, del instituto de investigaci\u00f3n alem\u00e1n ZEW. El refer\u00e9ndum dar\u00e1 al partido \u00abmunici\u00f3n\u00bb para su campa\u00f1a a las elecciones europeas del 25 de mayo. \u00abPor eso tambi\u00e9n preocupa\u00bb, dijo a la agencia dpa.<\/p>\n","protected":false},"excerpt":{"rendered":"<p>Berl\u00edn, 10 feb (dpa) &#8211; La canciller alemana, Angela Merkel, advirti\u00f3 hoy que los l\u00edmites a la inmigraci\u00f3n aprobados el domingo por refer\u00e9ndum en Suiza abren grandes problemas, tambi\u00e9n para la relaci\u00f3n entre el pa\u00eds y la Uni\u00f3n Europea (UE). \u00abEl gobierno alem\u00e1n toma nota del resultado de este refer\u00e9ndum y lo respeta. Pero desde [&hellip;]<\/p>\n","protected":false},"author":1,"featured_media":1132184,"comment_status":"closed","ping_status":"closed","sticky":false,"template":"","format":"standard","meta":{"footnotes":""},"categories":[1],"tags":[],"class_list":["post-488128","post","type-post","status-publish","format-standard","has-post-thumbnail","hentry","category-actualidad"],"aioseo_notices":[],"aioseo_head":"\n\t\t<!-- All in One SEO Pro 5.0.1 - aioseo.com -->\n\t<meta name=\"description\" content=\"Berl\u00edn, 10 feb (dpa) - La canciller alemana, Angela Merkel, advirti\u00f3 hoy que los l\u00edmites a la inmigraci\u00f3n aprobados el domingo por refer\u00e9ndum en Suiza abren grandes problemas, tambi\u00e9n para la relaci\u00f3n entre el pa\u00eds y la Uni\u00f3n Europea (UE). &quot;El gobierno alem\u00e1n toma nota del resultado de este refer\u00e9ndum y lo respeta. Pero desde\" \/>\n\t<meta name=\"robots\" content=\"max-image-preview:large\" \/>\n\t<meta name=\"author\" content=\"El Digital de Asturias\"\/>\n\t<meta name=\"google-site-verification\" content=\"UA-38556648-1\" \/>\n\t<meta name=\"msvalidate.01\" content=\"7dfe9f3f1b24437ab69f4f2559babe99\" \/>\n\t<meta name=\"keywords\" content=\"actualidad\" \/>\n\t<link rel=\"canonical\" href=\"https:\/\/www.eldigitaldeasturias.com\/noticias\/merkel-advierte-que-el-referendum-suizo-abre-problemas-importantes\/\" \/>\n\t<meta name=\"generator\" content=\"All in One SEO Pro (AIOSEO) 5.0.1\" \/>\n\t\t<meta property=\"og:locale\" content=\"es_ES\" \/>\n\t\t<meta property=\"og:site_name\" content=\"El Digital de Asturias\" \/>\n\t\t<meta property=\"og:type\" content=\"article\" \/>\n\t\t<meta property=\"og:title\" content=\"Merkel advierte que el refer\u00e9ndum suizo abre \u00abproblemas importantes\u00bb - El Digital de Asturias\" \/>\n\t\t<meta property=\"og:description\" content=\"Berl\u00edn, 10 feb (dpa) - La canciller alemana, Angela Merkel, advirti\u00f3 hoy que los l\u00edmites a la inmigraci\u00f3n aprobados el domingo por refer\u00e9ndum en Suiza abren grandes problemas, tambi\u00e9n para la relaci\u00f3n entre el pa\u00eds y la Uni\u00f3n Europea (UE). &quot;El gobierno alem\u00e1n toma nota del resultado de este refer\u00e9ndum y lo respeta. Pero desde\" \/>\n\t\t<meta property=\"og:url\" content=\"https:\/\/www.eldigitaldeasturias.com\/noticias\/merkel-advierte-que-el-referendum-suizo-abre-problemas-importantes\/\" \/>\n\t\t<meta property=\"og:image\" content=\"https:\/\/www.eldigitaldeasturias.com\/noticias\/wp-content\/uploads\/2026\/06\/Contenidos.jpg\" \/>\n\t\t<meta property=\"og:image:secure_url\" content=\"https:\/\/www.eldigitaldeasturias.com\/noticias\/wp-content\/uploads\/2026\/06\/Contenidos.jpg\" \/>\n\t\t<meta property=\"og:image:width\" content=\"1265\" \/>\n\t\t<meta property=\"og:image:height\" content=\"697\" \/>\n\t\t<meta property=\"article:tag\" content=\"actualidad\" \/>\n\t\t<meta property=\"article:published_time\" content=\"2014-02-11T00:37:37+00:00\" \/>\n\t\t<meta property=\"article:modified_time\" content=\"2014-02-11T00:37:37+00:00\" \/>\n\t\t<meta property=\"article:publisher\" content=\"https:\/\/facebook.com\/eldigitaldeasturias\" \/>\n\t\t<meta name=\"twitter:card\" content=\"summary_large_image\" \/>\n\t\t<meta name=\"twitter:title\" content=\"Merkel advierte que el refer\u00e9ndum suizo abre \u00abproblemas importantes\u00bb - El Digital de Asturias\" \/>\n\t\t<meta name=\"twitter:description\" content=\"Berl\u00edn, 10 feb (dpa) - La canciller alemana, Angela Merkel, advirti\u00f3 hoy que los l\u00edmites a la inmigraci\u00f3n aprobados el domingo por refer\u00e9ndum en Suiza abren grandes problemas, tambi\u00e9n para la relaci\u00f3n entre el pa\u00eds y la Uni\u00f3n Europea (UE). &quot;El gobierno alem\u00e1n toma nota del resultado de este refer\u00e9ndum y lo respeta. Pero desde\" \/>\n\t\t<meta name=\"twitter:image\" content=\"https:\/\/www.eldigitaldeasturias.com\/noticias\/wp-content\/uploads\/2026\/06\/Contenidos.jpg\" \/>\n\t\t<meta name=\"twitter:label1\" content=\"Escrito por\" \/>\n\t\t<meta name=\"twitter:data1\" content=\"El Digital de Asturias\" \/>\n\t\t<meta name=\"twitter:label2\" content=\"Tiempo de lectura estimado\" \/>\n\t\t<meta name=\"twitter:data2\" content=\"2 minutos\" \/>\n\t\t<script type=\"application\/ld+json\" class=\"aioseo-schema\">\n\t\t\t{\"@context\":\"https:\\\/\\\/schema.org\",\"@graph\":[{\"@type\":\"BlogPosting\",\"@id\":\"https:\\\/\\\/www.eldigitaldeasturias.com\\\/noticias\\\/merkel-advierte-que-el-referendum-suizo-abre-problemas-importantes\\\/#blogposting\",\"name\":\"Merkel advierte que el refer\\u00e9ndum suizo abre \\u00abproblemas importantes\\u00bb - El Digital de Asturias\",\"headline\":\"Merkel advierte que el refer\\u00e9ndum suizo abre \\u00abproblemas importantes\\u00bb\",\"author\":{\"@id\":\"https:\\\/\\\/www.eldigitaldeasturias.com\\\/noticias\\\/author\\\/admin\\\/#author\"},\"publisher\":{\"@id\":\"https:\\\/\\\/www.eldigitaldeasturias.com\\\/noticias\\\/#organization\"},\"image\":{\"@type\":\"ImageObject\",\"url\":\"https:\\\/\\\/www.eldigitaldeasturias.com\\\/noticias\\\/wp-content\\\/uploads\\\/2026\\\/06\\\/Contenidos.jpg\",\"width\":1265,\"height\":697,\"caption\":\"Contenidos\"},\"datePublished\":\"2014-02-10T23:37:37+01:00\",\"dateModified\":\"2014-02-10T23:37:37+01:00\",\"inLanguage\":\"es-ES\",\"mainEntityOfPage\":{\"@id\":\"https:\\\/\\\/www.eldigitaldeasturias.com\\\/noticias\\\/merkel-advierte-que-el-referendum-suizo-abre-problemas-importantes\\\/#webpage\"},\"isPartOf\":{\"@id\":\"https:\\\/\\\/www.eldigitaldeasturias.com\\\/noticias\\\/merkel-advierte-que-el-referendum-suizo-abre-problemas-importantes\\\/#webpage\"},\"articleSection\":\"Actualidad\"},{\"@type\":\"BreadcrumbList\",\"@id\":\"https:\\\/\\\/www.eldigitaldeasturias.com\\\/noticias\\\/merkel-advierte-que-el-referendum-suizo-abre-problemas-importantes\\\/#breadcrumblist\",\"itemListElement\":[{\"@type\":\"ListItem\",\"@id\":\"https:\\\/\\\/www.eldigitaldeasturias.com\\\/noticias#listItem\",\"position\":1,\"name\":\"Home\",\"item\":\"https:\\\/\\\/www.eldigitaldeasturias.com\\\/noticias\",\"nextItem\":{\"@type\":\"ListItem\",\"@id\":\"https:\\\/\\\/www.eldigitaldeasturias.com\\\/noticias\\\/category\\\/actualidad\\\/#listItem\",\"name\":\"Actualidad\"}},{\"@type\":\"ListItem\",\"@id\":\"https:\\\/\\\/www.eldigitaldeasturias.com\\\/noticias\\\/category\\\/actualidad\\\/#listItem\",\"position\":2,\"name\":\"Actualidad\",\"item\":\"https:\\\/\\\/www.eldigitaldeasturias.com\\\/noticias\\\/category\\\/actualidad\\\/\",\"nextItem\":{\"@type\":\"ListItem\",\"@id\":\"https:\\\/\\\/www.eldigitaldeasturias.com\\\/noticias\\\/merkel-advierte-que-el-referendum-suizo-abre-problemas-importantes\\\/#listItem\",\"name\":\"Merkel advierte que el refer\\u00e9ndum suizo abre \\u00abproblemas importantes\\u00bb\"},\"previousItem\":{\"@type\":\"ListItem\",\"@id\":\"https:\\\/\\\/www.eldigitaldeasturias.com\\\/noticias#listItem\",\"name\":\"Home\"}},{\"@type\":\"ListItem\",\"@id\":\"https:\\\/\\\/www.eldigitaldeasturias.com\\\/noticias\\\/merkel-advierte-que-el-referendum-suizo-abre-problemas-importantes\\\/#listItem\",\"position\":3,\"name\":\"Merkel advierte que el refer\\u00e9ndum suizo abre \\u00abproblemas importantes\\u00bb\",\"previousItem\":{\"@type\":\"ListItem\",\"@id\":\"https:\\\/\\\/www.eldigitaldeasturias.com\\\/noticias\\\/category\\\/actualidad\\\/#listItem\",\"name\":\"Actualidad\"}}]},{\"@type\":\"Organization\",\"@id\":\"https:\\\/\\\/www.eldigitaldeasturias.com\\\/noticias\\\/#organization\",\"name\":\"El Digital de Asturias\",\"description\":\"Hemeroteca\",\"url\":\"https:\\\/\\\/www.eldigitaldeasturias.com\\\/noticias\\\/\",\"email\":\"info@eldigitaldeasturias.com\",\"telephone\":\"+34652131393\",\"logo\":{\"@type\":\"ImageObject\",\"url\":\"https:\\\/\\\/www.eldigitaldeasturias.com\\\/noticias\\\/wp-content\\\/uploads\\\/2020\\\/12\\\/EDA.jpg\",\"@id\":\"https:\\\/\\\/www.eldigitaldeasturias.com\\\/noticias\\\/merkel-advierte-que-el-referendum-suizo-abre-problemas-importantes\\\/#organizationLogo\"},\"image\":{\"@id\":\"https:\\\/\\\/www.eldigitaldeasturias.com\\\/noticias\\\/merkel-advierte-que-el-referendum-suizo-abre-problemas-importantes\\\/#organizationLogo\"},\"sameAs\":[\"https:\\\/\\\/facebook.com\\\/eldigitaldeasturias\",\"https:\\\/\\\/www.youtube.com\\\/channel\\\/UCZP-2wLEB9Rv6erhFmqVnvg\"],\"address\":{\"@id\":\"https:\\\/\\\/www.eldigitaldeasturias.com\\\/noticias\\\/#postaladdress\",\"@type\":\"PostalAddress\",\"streetAddress\":\"san antonio 4\",\"postalCode\":\"33430\",\"addressLocality\":\"Cand\\u00e1s\",\"addressRegion\":\"Asturias\",\"addressCountry\":\"ES\"}},{\"@type\":\"Person\",\"@id\":\"https:\\\/\\\/www.eldigitaldeasturias.com\\\/noticias\\\/author\\\/admin\\\/#author\",\"url\":\"https:\\\/\\\/www.eldigitaldeasturias.com\\\/noticias\\\/author\\\/admin\\\/\",\"name\":\"El Digital de Asturias\",\"image\":{\"@type\":\"ImageObject\",\"@id\":\"https:\\\/\\\/www.eldigitaldeasturias.com\\\/noticias\\\/merkel-advierte-que-el-referendum-suizo-abre-problemas-importantes\\\/#authorImage\",\"url\":\"https:\\\/\\\/secure.gravatar.com\\\/avatar\\\/df2aeffc32bcd13f8d26072ef8a91b623d677766deac7f97ca815868cd41bf5e?s=96&d=mm&r=g\",\"width\":96,\"height\":96,\"caption\":\"El Digital de Asturias\"}},{\"@type\":\"WebPage\",\"@id\":\"https:\\\/\\\/www.eldigitaldeasturias.com\\\/noticias\\\/merkel-advierte-que-el-referendum-suizo-abre-problemas-importantes\\\/#webpage\",\"url\":\"https:\\\/\\\/www.eldigitaldeasturias.com\\\/noticias\\\/merkel-advierte-que-el-referendum-suizo-abre-problemas-importantes\\\/\",\"name\":\"Merkel advierte que el refer\\u00e9ndum suizo abre \\u00abproblemas importantes\\u00bb - El Digital de Asturias\",\"description\":\"Berl\\u00edn, 10 feb (dpa) - La canciller alemana, Angela Merkel, advirti\\u00f3 hoy que los l\\u00edmites a la inmigraci\\u00f3n aprobados el domingo por refer\\u00e9ndum en Suiza abren grandes problemas, tambi\\u00e9n para la relaci\\u00f3n entre el pa\\u00eds y la Uni\\u00f3n Europea (UE). \\\"El gobierno alem\\u00e1n toma nota del resultado de este refer\\u00e9ndum y lo respeta. Pero desde\",\"inLanguage\":\"es-ES\",\"isPartOf\":{\"@id\":\"https:\\\/\\\/www.eldigitaldeasturias.com\\\/noticias\\\/#website\"},\"breadcrumb\":{\"@id\":\"https:\\\/\\\/www.eldigitaldeasturias.com\\\/noticias\\\/merkel-advierte-que-el-referendum-suizo-abre-problemas-importantes\\\/#breadcrumblist\"},\"author\":{\"@id\":\"https:\\\/\\\/www.eldigitaldeasturias.com\\\/noticias\\\/author\\\/admin\\\/#author\"},\"creator\":{\"@id\":\"https:\\\/\\\/www.eldigitaldeasturias.com\\\/noticias\\\/author\\\/admin\\\/#author\"},\"image\":{\"@type\":\"ImageObject\",\"url\":\"https:\\\/\\\/www.eldigitaldeasturias.com\\\/noticias\\\/wp-content\\\/uploads\\\/2026\\\/06\\\/Contenidos.jpg\",\"@id\":\"https:\\\/\\\/www.eldigitaldeasturias.com\\\/noticias\\\/merkel-advierte-que-el-referendum-suizo-abre-problemas-importantes\\\/#mainImage\",\"width\":1265,\"height\":697,\"caption\":\"Contenidos\"},\"primaryImageOfPage\":{\"@id\":\"https:\\\/\\\/www.eldigitaldeasturias.com\\\/noticias\\\/merkel-advierte-que-el-referendum-suizo-abre-problemas-importantes\\\/#mainImage\"},\"datePublished\":\"2014-02-10T23:37:37+01:00\",\"dateModified\":\"2014-02-10T23:37:37+01:00\"},{\"@type\":\"WebSite\",\"@id\":\"https:\\\/\\\/www.eldigitaldeasturias.com\\\/noticias\\\/#website\",\"url\":\"https:\\\/\\\/www.eldigitaldeasturias.com\\\/noticias\\\/\",\"name\":\"El Digital de Asturias - Diario de actualidad y noticias\",\"alternateName\":\"El Digital de Asturias - Diario de actualidad y noticias\",\"description\":\"Hemeroteca\",\"inLanguage\":\"es-ES\",\"publisher\":{\"@id\":\"https:\\\/\\\/www.eldigitaldeasturias.com\\\/noticias\\\/#organization\"}}]}\n\t\t<\/script>\n\t\t<!-- All in One SEO Pro -->\r\n\t\t<title>Merkel advierte que el refer\u00e9ndum suizo abre \u00abproblemas importantes\u00bb - El Digital de Asturias<\/title>\n\n","aioseo_head_json":{"title":"Merkel advierte que el refer\u00e9ndum suizo abre \u00abproblemas importantes\u00bb - El Digital de Asturias","description":"Berl\u00edn, 10 feb (dpa) - La canciller alemana, Angela Merkel, advirti\u00f3 hoy que los l\u00edmites a la inmigraci\u00f3n aprobados el domingo por refer\u00e9ndum en Suiza abren grandes problemas, tambi\u00e9n para la relaci\u00f3n entre el pa\u00eds y la Uni\u00f3n Europea (UE). \"El gobierno alem\u00e1n toma nota del resultado de este refer\u00e9ndum y lo respeta. Pero desde","canonical_url":"https:\/\/www.eldigitaldeasturias.com\/noticias\/merkel-advierte-que-el-referendum-suizo-abre-problemas-importantes\/","robots":"max-image-preview:large","keywords":"actualidad","webmasterTools":{"google-site-verification":"UA-38556648-1","msvalidate.01":"7dfe9f3f1b24437ab69f4f2559babe99","miscellaneous":""},"schema":{"@context":"https:\/\/schema.org","@graph":[{"@type":"BlogPosting","@id":"https:\/\/www.eldigitaldeasturias.com\/noticias\/merkel-advierte-que-el-referendum-suizo-abre-problemas-importantes\/#blogposting","name":"Merkel advierte que el refer\u00e9ndum suizo abre \u00abproblemas importantes\u00bb - El Digital de Asturias","headline":"Merkel advierte que el refer\u00e9ndum suizo abre \u00abproblemas importantes\u00bb","author":{"@id":"https:\/\/www.eldigitaldeasturias.com\/noticias\/author\/admin\/#author"},"publisher":{"@id":"https:\/\/www.eldigitaldeasturias.com\/noticias\/#organization"},"image":{"@type":"ImageObject","url":"https:\/\/www.eldigitaldeasturias.com\/noticias\/wp-content\/uploads\/2026\/06\/Contenidos.jpg","width":1265,"height":697,"caption":"Contenidos"},"datePublished":"2014-02-10T23:37:37+01:00","dateModified":"2014-02-10T23:37:37+01:00","inLanguage":"es-ES","mainEntityOfPage":{"@id":"https:\/\/www.eldigitaldeasturias.com\/noticias\/merkel-advierte-que-el-referendum-suizo-abre-problemas-importantes\/#webpage"},"isPartOf":{"@id":"https:\/\/www.eldigitaldeasturias.com\/noticias\/merkel-advierte-que-el-referendum-suizo-abre-problemas-importantes\/#webpage"},"articleSection":"Actualidad"},{"@type":"BreadcrumbList","@id":"https:\/\/www.eldigitaldeasturias.com\/noticias\/merkel-advierte-que-el-referendum-suizo-abre-problemas-importantes\/#breadcrumblist","itemListElement":[{"@type":"ListItem","@id":"https:\/\/www.eldigitaldeasturias.com\/noticias#listItem","position":1,"name":"Home","item":"https:\/\/www.eldigitaldeasturias.com\/noticias","nextItem":{"@type":"ListItem","@id":"https:\/\/www.eldigitaldeasturias.com\/noticias\/category\/actualidad\/#listItem","name":"Actualidad"}},{"@type":"ListItem","@id":"https:\/\/www.eldigitaldeasturias.com\/noticias\/category\/actualidad\/#listItem","position":2,"name":"Actualidad","item":"https:\/\/www.eldigitaldeasturias.com\/noticias\/category\/actualidad\/","nextItem":{"@type":"ListItem","@id":"https:\/\/www.eldigitaldeasturias.com\/noticias\/merkel-advierte-que-el-referendum-suizo-abre-problemas-importantes\/#listItem","name":"Merkel advierte que el refer\u00e9ndum suizo abre \u00abproblemas importantes\u00bb"},"previousItem":{"@type":"ListItem","@id":"https:\/\/www.eldigitaldeasturias.com\/noticias#listItem","name":"Home"}},{"@type":"ListItem","@id":"https:\/\/www.eldigitaldeasturias.com\/noticias\/merkel-advierte-que-el-referendum-suizo-abre-problemas-importantes\/#listItem","position":3,"name":"Merkel advierte que el refer\u00e9ndum suizo abre \u00abproblemas importantes\u00bb","previousItem":{"@type":"ListItem","@id":"https:\/\/www.eldigitaldeasturias.com\/noticias\/category\/actualidad\/#listItem","name":"Actualidad"}}]},{"@type":"Organization","@id":"https:\/\/www.eldigitaldeasturias.com\/noticias\/#organization","name":"El Digital de Asturias","description":"Hemeroteca","url":"https:\/\/www.eldigitaldeasturias.com\/noticias\/","email":"info@eldigitaldeasturias.com","telephone":"+34652131393","logo":{"@type":"ImageObject","url":"https:\/\/www.eldigitaldeasturias.com\/noticias\/wp-content\/uploads\/2020\/12\/EDA.jpg","@id":"https:\/\/www.eldigitaldeasturias.com\/noticias\/merkel-advierte-que-el-referendum-suizo-abre-problemas-importantes\/#organizationLogo"},"image":{"@id":"https:\/\/www.eldigitaldeasturias.com\/noticias\/merkel-advierte-que-el-referendum-suizo-abre-problemas-importantes\/#organizationLogo"},"sameAs":["https:\/\/facebook.com\/eldigitaldeasturias","https:\/\/www.youtube.com\/channel\/UCZP-2wLEB9Rv6erhFmqVnvg"],"address":{"@id":"https:\/\/www.eldigitaldeasturias.com\/noticias\/#postaladdress","@type":"PostalAddress","streetAddress":"san antonio 4","postalCode":"33430","addressLocality":"Cand\u00e1s","addressRegion":"Asturias","addressCountry":"ES"}},{"@type":"Person","@id":"https:\/\/www.eldigitaldeasturias.com\/noticias\/author\/admin\/#author","url":"https:\/\/www.eldigitaldeasturias.com\/noticias\/author\/admin\/","name":"El Digital de Asturias","image":{"@type":"ImageObject","@id":"https:\/\/www.eldigitaldeasturias.com\/noticias\/merkel-advierte-que-el-referendum-suizo-abre-problemas-importantes\/#authorImage","url":"https:\/\/secure.gravatar.com\/avatar\/df2aeffc32bcd13f8d26072ef8a91b623d677766deac7f97ca815868cd41bf5e?s=96&d=mm&r=g","width":96,"height":96,"caption":"El Digital de Asturias"}},{"@type":"WebPage","@id":"https:\/\/www.eldigitaldeasturias.com\/noticias\/merkel-advierte-que-el-referendum-suizo-abre-problemas-importantes\/#webpage","url":"https:\/\/www.eldigitaldeasturias.com\/noticias\/merkel-advierte-que-el-referendum-suizo-abre-problemas-importantes\/","name":"Merkel advierte que el refer\u00e9ndum suizo abre \u00abproblemas importantes\u00bb - El Digital de Asturias","description":"Berl\u00edn, 10 feb (dpa) - La canciller alemana, Angela Merkel, advirti\u00f3 hoy que los l\u00edmites a la inmigraci\u00f3n aprobados el domingo por refer\u00e9ndum en Suiza abren grandes problemas, tambi\u00e9n para la relaci\u00f3n entre el pa\u00eds y la Uni\u00f3n Europea (UE). \"El gobierno alem\u00e1n toma nota del resultado de este refer\u00e9ndum y lo respeta. Pero desde","inLanguage":"es-ES","isPartOf":{"@id":"https:\/\/www.eldigitaldeasturias.com\/noticias\/#website"},"breadcrumb":{"@id":"https:\/\/www.eldigitaldeasturias.com\/noticias\/merkel-advierte-que-el-referendum-suizo-abre-problemas-importantes\/#breadcrumblist"},"author":{"@id":"https:\/\/www.eldigitaldeasturias.com\/noticias\/author\/admin\/#author"},"creator":{"@id":"https:\/\/www.eldigitaldeasturias.com\/noticias\/author\/admin\/#author"},"image":{"@type":"ImageObject","url":"https:\/\/www.eldigitaldeasturias.com\/noticias\/wp-content\/uploads\/2026\/06\/Contenidos.jpg","@id":"https:\/\/www.eldigitaldeasturias.com\/noticias\/merkel-advierte-que-el-referendum-suizo-abre-problemas-importantes\/#mainImage","width":1265,"height":697,"caption":"Contenidos"},"primaryImageOfPage":{"@id":"https:\/\/www.eldigitaldeasturias.com\/noticias\/merkel-advierte-que-el-referendum-suizo-abre-problemas-importantes\/#mainImage"},"datePublished":"2014-02-10T23:37:37+01:00","dateModified":"2014-02-10T23:37:37+01:00"},{"@type":"WebSite","@id":"https:\/\/www.eldigitaldeasturias.com\/noticias\/#website","url":"https:\/\/www.eldigitaldeasturias.com\/noticias\/","name":"El Digital de Asturias - Diario de actualidad y noticias","alternateName":"El Digital de Asturias - Diario de actualidad y noticias","description":"Hemeroteca","inLanguage":"es-ES","publisher":{"@id":"https:\/\/www.eldigitaldeasturias.com\/noticias\/#organization"}}]},"og:locale":"es_ES","og:site_name":"El Digital de Asturias","og:type":"article","og:title":"Merkel advierte que el refer\u00e9ndum suizo abre \u00abproblemas importantes\u00bb - El Digital de Asturias","og:description":"Berl\u00edn, 10 feb (dpa) - La canciller alemana, Angela Merkel, advirti\u00f3 hoy que los l\u00edmites a la inmigraci\u00f3n aprobados el domingo por refer\u00e9ndum en Suiza abren grandes problemas, tambi\u00e9n para la relaci\u00f3n entre el pa\u00eds y la Uni\u00f3n Europea (UE). &quot;El gobierno alem\u00e1n toma nota del resultado de este refer\u00e9ndum y lo respeta. Pero desde","og:url":"https:\/\/www.eldigitaldeasturias.com\/noticias\/merkel-advierte-que-el-referendum-suizo-abre-problemas-importantes\/","og:image":"https:\/\/www.eldigitaldeasturias.com\/noticias\/wp-content\/uploads\/2026\/06\/Contenidos.jpg","og:image:secure_url":"https:\/\/www.eldigitaldeasturias.com\/noticias\/wp-content\/uploads\/2026\/06\/Contenidos.jpg","og:image:width":1265,"og:image:height":697,"article:tag":["actualidad"],"article:published_time":"2014-02-11T00:37:37+00:00","article:modified_time":"2014-02-11T00:37:37+00:00","article:publisher":"https:\/\/facebook.com\/eldigitaldeasturias","twitter:card":"summary_large_image","twitter:title":"Merkel advierte que el refer\u00e9ndum suizo abre \u00abproblemas importantes\u00bb - El Digital de Asturias","twitter:description":"Berl\u00edn, 10 feb (dpa) - La canciller alemana, Angela Merkel, advirti\u00f3 hoy que los l\u00edmites a la inmigraci\u00f3n aprobados el domingo por refer\u00e9ndum en Suiza abren grandes problemas, tambi\u00e9n para la relaci\u00f3n entre el pa\u00eds y la Uni\u00f3n Europea (UE). &quot;El gobierno alem\u00e1n toma nota del resultado de este refer\u00e9ndum y lo respeta. Pero desde","twitter:image":"https:\/\/www.eldigitaldeasturias.com\/noticias\/wp-content\/uploads\/2026\/06\/Contenidos.jpg","twitter:label1":"Escrito por","twitter:data1":"El Digital de Asturias","twitter:label2":"Tiempo de lectura estimado","twitter:data2":"2 minutos"},"aioseo_meta_data":{"post_id":"488128","title":null,"description":null,"keywords":null,"keyphrases":null,"primary_term":null,"canonical_url":null,"og_title":null,"og_description":null,"og_object_type":"default","og_image_type":"default","og_image_url":null,"og_image_width":null,"og_image_height":null,"og_image_custom_url":null,"og_image_custom_fields":null,"og_video":null,"og_custom_url":null,"og_article_section":null,"og_article_tags":null,"twitter_use_og":true,"twitter_card":"default","twitter_image_type":"default","twitter_image_url":null,"twitter_image_custom_url":null,"twitter_image_custom_fields":null,"twitter_title":null,"twitter_description":null,"schema":{"blockGraphs":[],"customGraphs":[],"default":{"data":{"Article":[],"Course":[],"Dataset":[],"FAQPage":[],"Movie":[],"Person":[],"Product":[],"ProductReview":[],"Car":[],"Recipe":[],"Service":[],"SoftwareApplication":[],"WebPage":[]},"graphName":"","isEnabled":true},"graphs":[],"defaultGraph":"","defaultPostTypeGraph":""},"schema_type":null,"schema_type_options":null,"pillar_content":false,"robots_default":true,"robots_noindex":false,"robots_noarchive":false,"robots_nosnippet":false,"robots_nofollow":false,"robots_noimageindex":false,"robots_noodp":false,"robots_notranslate":false,"robots_max_snippet":null,"robots_max_videopreview":null,"robots_max_imagepreview":"none","priority":null,"frequency":null,"local_seo":null,"seo_analyzer_scan_date":"2026-06-03 06:59:47","breadcrumb_settings":null,"limit_modified_date":false,"open_ai":null,"ai":null,"created":"2020-11-14 22:57:11","updated":"2026-06-03 06:59:47","focus_keyword":null,"additional_keywords":null,"truseo_locale":null},"aioseo_breadcrumb":"<div class=\"aioseo-breadcrumbs\"><span class=\"aioseo-breadcrumb\">\n\t<a href=\"https:\/\/www.eldigitaldeasturias.com\/noticias\" title=\"Home\">Home<\/a>\n<\/span><span class=\"aioseo-breadcrumb-separator\">\u2013<\/span><span class=\"aioseo-breadcrumb\">\n\t<a href=\"https:\/\/www.eldigitaldeasturias.com\/noticias\/category\/actualidad\/\" title=\"Actualidad\">Actualidad<\/a>\n<\/span><span class=\"aioseo-breadcrumb-separator\">\u2013<\/span><span class=\"aioseo-breadcrumb\">\n\t<a href=\"https:\/\/www.eldigitaldeasturias.com\/noticias\/merkel-advierte-que-el-referendum-suizo-abre-problemas-importantes\/\" title=\"Merkel advierte que el refer\u00e9ndum suizo abre \u00abproblemas importantes\u00bb\">Merkel advierte que el refer\u00e9ndum suizo abre \u00abproblemas importantes\u00bb<\/a>\n<\/span><\/div>","aioseo_breadcrumb_json":[{"label":"Home","link":"https:\/\/www.eldigitaldeasturias.com\/noticias"},{"label":"Actualidad","link":"https:\/\/www.eldigitaldeasturias.com\/noticias\/category\/actualidad\/"},{"label":"Merkel advierte que el refer\u00e9ndum suizo abre \u00abproblemas importantes\u00bb","link":"https:\/\/www.eldigitaldeasturias.com\/noticias\/merkel-advierte-que-el-referendum-suizo-abre-problemas-importantes\/"}],"_links":{"self":[{"href":"https:\/\/www.eldigitaldeasturias.com\/noticias\/wp-json\/wp\/v2\/posts\/488128","targetHints":{"allow":["GET"]}}],"collection":[{"href":"https:\/\/www.eldigitaldeasturias.com\/noticias\/wp-json\/wp\/v2\/posts"}],"about":[{"href":"https:\/\/www.eldigitaldeasturias.com\/noticias\/wp-json\/wp\/v2\/types\/post"}],"author":[{"embeddable":true,"href":"https:\/\/www.eldigitaldeasturias.com\/noticias\/wp-json\/wp\/v2\/users\/1"}],"replies":[{"embeddable":true,"href":"https:\/\/www.eldigitaldeasturias.com\/noticias\/wp-json\/wp\/v2\/comments?post=488128"}],"version-history":[{"count":0,"href":"https:\/\/www.eldigitaldeasturias.com\/noticias\/wp-json\/wp\/v2\/posts\/488128\/revisions"}],"wp:featuredmedia":[{"embeddable":true,"href":"https:\/\/www.eldigitaldeasturias.com\/noticias\/wp-json\/wp\/v2\/media\/1132184"}],"wp:attachment":[{"href":"https:\/\/www.eldigitaldeasturias.com\/noticias\/wp-json\/wp\/v2\/media?parent=488128"}],"wp:term":[{"taxonomy":"category","embeddable":true,"href":"https:\/\/www.eldigitaldeasturias.com\/noticias\/wp-json\/wp\/v2\/categories?post=488128"},{"taxonomy":"post_tag","embeddable":true,"href":"https:\/\/www.eldigitaldeasturias.com\/noticias\/wp-json\/wp\/v2\/tags?post=488128"}],"curies":[{"name":"wp","href":"https:\/\/api.w.org\/{rel}","templated":true}]}}