{"id":488120,"date":"2014-02-10T23:31:39","date_gmt":"2014-02-11T00:31:39","guid":{"rendered":"http:\/\/www.eldigitaldeasturias.com\/noticias\/?p=488120"},"modified":"2014-02-10T23:31:39","modified_gmt":"2014-02-11T00:31:39","slug":"industria-calcula-que-vincular-el-recibo-electrico-al-mercado-lo-bajara-un-3-por-ciento","status":"publish","type":"post","link":"https:\/\/www.eldigitaldeasturias.com\/noticias\/industria-calcula-que-vincular-el-recibo-electrico-al-mercado-lo-bajara-un-3-por-ciento\/","title":{"rendered":"Industria calcula que vincular el recibo el\u00e9ctrico al mercado lo bajar\u00e1 un 3 por ciento"},"content":{"rendered":"<p><img loading=\"lazy\" decoding=\"async\" class=\"alignleft size-medium wp-image-488121\" alt=\"5927532w\" src=\"https:\/\/www.eldigitaldeasturias.com\/noticias\/wp-content\/uploads\/2014\/02\/5927532w-360x253.jpg\" width=\"360\" height=\"253\" \/>Madrid, 10 feb (EFE).- El recibo de la luz de los consumidores acogidos a la tarifa regulada, unos diecis\u00e9is millones, estar\u00e1 directamente vinculado al mercado el\u00e9ctrico mayorista a partir de abril, lo que permitir\u00e1 ahorrar una media anual del 3 %, de acuerdo a los c\u00e1lculos del Ministerio de Industria.<\/p>\n<p>Fuentes de Industria han explicado que hoy remitir\u00e1n a la Comisi\u00f3n Nacional de los Mercados y la Competencia (CNMC) su propuesta para modificar el sistema para fijar el componente energ\u00e9tico de la tarifa, que supone la mitad del recibo y que sustituir\u00e1 a las antiguas subastas trimestrales.<\/p>\n<p>El precio voluntario al peque\u00f1o consumidor -la antigua tarifa de \u00faltimo recurso (TUR)- se compone mediante la conjunci\u00f3n de los peajes de acceso, que fija el Gobierno para retribuir las actividades reguladas; el componente energ\u00e9tico y los impuestos.<\/p>\n<p>Hasta ahora, el componente energ\u00e9tico se determinada trimestralmente en unas subastas denominadas Cesur que aseguraban un precio fijo para los tres meses siguientes, aunque esto implicaba ciertos costes por cobertura financiera.<\/p>\n<p>Con el nuevo modelo desaparecen las coberturas financieras incluidas en esas subastas -que suponen un sobrecoste anual de 300 millones de euros, un total de 1.160 millones en los cuatro a\u00f1os de vigencia del modelo- dado que los consumidores pagar\u00e1n en cada periodo de facturaci\u00f3n exactamente el precio medio del mercado en esas fechas.<\/p>\n<p>De hecho, los puntos de suministro que dispongan de contadores con discriminaci\u00f3n horaria pagar\u00e1n su consumo en funci\u00f3n del precio registrado cada hora efectiva en el mercado.<\/p>\n<p>Esto supondr\u00e1, seg\u00fan ha reconocido Industria, una cierta volatilidad -ya que el precio del mercado fluct\u00faa en funci\u00f3n de diversos factores, entre los que destaca la disponibilidad de producci\u00f3n renovable, que entra a cero euros y abarata el precio de cierre- aunque asegura que no ser\u00e1 m\u00e1s que \u00abunos pocos euros\u00bb, al alza o a la baja, en la factura final.<\/p>\n<p>Adem\u00e1s, al eliminar los costes financieros, la factura media de los consumidores acogidos a la tarifa se reducir\u00e1 en torno a un 3 %, seg\u00fan Industria, unos 200 millones de euros anuales en total.<\/p>\n<p>Industria habilitar\u00e1 una herramienta, a trav\u00e9s de su web y de la de la CNMC, en la que cada consumidor introduciendo sus datos (potencia, periodo de facturaci\u00f3n y consumo) podr\u00e1 comprobar si su recibo es correcto y adecuado a los precios del mercado en el periodo.<\/p>\n<p>Al margen de este sistema, los consumidores que lo deseen tendr\u00e1n la opci\u00f3n de contratar una tarifa con precio fijo para todo el a\u00f1o, ya que Industria obligar\u00e1 a las comercializadoras de referencia a ofrecer esta opci\u00f3n, aunque el ministerio advierte que ser\u00e1 m\u00e1s cara.<\/p>\n<p>Sobre las tarifas anuales, desde Industria se\u00f1alan que se tratara de ofertas \u00abmuy estandarizados\u00bb y que se har\u00e1n publicas para facilitar a los consumidores las comparaciones. Los consumidores que se acojan a estas tarifas, pasar\u00e1n al mercado libre aunque siempre tendr\u00e1n la opci\u00f3n de volver al regulado.<\/p>\n<p>Industria ha defendido este nuevo mecanismo, que entrar\u00e1 en vigor en abril, y se reflejar\u00e1 en la factura de mayo, como el \u00abm\u00e1s transparente y menos costoso para el consumidor\u00bb e implicar\u00e1 la desaparici\u00f3n de \u00abtoda actuaci\u00f3n del Gobierno en la fijaci\u00f3n del precio de la electricidad\u00bb.<\/p>\n<p>Para garantizar que el mercado el\u00e9ctrico mayorista funciona correctamente, tanto Industria como la CNMC planean reforzar los mecanismos de vigilancia, aunque no han desvelado en qu\u00e9 sentido.<\/p>\n<p>En diciembre, el Gobierno anul\u00f3 el resultado de la \u00faltima subasta Cesur por concurrir \u00abcircunstancias at\u00edpicas\u00bb y fij\u00f3 un precio provisional para este primer trimestre del a\u00f1o a la espera de establecer un nuevo mecanismo.<\/p>\n<p>Este precio provisional se comparar\u00e1, una vez cerrado el trimestre, con el precio medio del mercado en el periodo y la diferencia, que por el momento es a la baja, se ajustar\u00e1 en las facturas de los consumidores en los meses de mayo o junio.<\/p>\n","protected":false},"excerpt":{"rendered":"<p>Madrid, 10 feb (EFE).- El recibo de la luz de los consumidores acogidos a la tarifa regulada, unos diecis\u00e9is millones, estar\u00e1 directamente vinculado al mercado el\u00e9ctrico mayorista a partir de abril, lo que permitir\u00e1 ahorrar una media anual del 3 %, de acuerdo a los c\u00e1lculos del Ministerio de Industria. Fuentes de Industria han explicado [&hellip;]<\/p>\n","protected":false},"author":1,"featured_media":488121,"comment_status":"closed","ping_status":"closed","sticky":false,"template":"","format":"standard","meta":{"footnotes":""},"categories":[1],"tags":[],"class_list":["post-488120","post","type-post","status-publish","format-standard","has-post-thumbnail","hentry","category-actualidad"],"aioseo_notices":[],"aioseo_head":"\n\t\t<!-- All in One SEO Pro 5.0.1 - aioseo.com -->\n\t<meta name=\"description\" content=\"Madrid, 10 feb (EFE).- El recibo de la luz de los consumidores acogidos a la tarifa regulada, unos diecis\u00e9is millones, estar\u00e1 directamente vinculado al mercado el\u00e9ctrico mayorista a partir de abril, lo que permitir\u00e1 ahorrar una media anual del 3 %, de acuerdo a los c\u00e1lculos del Ministerio de Industria. Fuentes de Industria han explicado\" \/>\n\t<meta name=\"robots\" content=\"max-image-preview:large\" \/>\n\t<meta name=\"author\" content=\"El Digital de Asturias\"\/>\n\t<meta name=\"google-site-verification\" content=\"UA-38556648-1\" \/>\n\t<meta name=\"msvalidate.01\" content=\"7dfe9f3f1b24437ab69f4f2559babe99\" \/>\n\t<meta name=\"keywords\" content=\"actualidad\" \/>\n\t<link rel=\"canonical\" href=\"https:\/\/www.eldigitaldeasturias.com\/noticias\/industria-calcula-que-vincular-el-recibo-electrico-al-mercado-lo-bajara-un-3-por-ciento\/\" \/>\n\t<meta name=\"generator\" content=\"All in One SEO Pro (AIOSEO) 5.0.1\" \/>\n\t\t<meta property=\"og:locale\" content=\"es_ES\" \/>\n\t\t<meta property=\"og:site_name\" content=\"El Digital de Asturias\" \/>\n\t\t<meta property=\"og:type\" content=\"article\" \/>\n\t\t<meta property=\"og:title\" content=\"Industria calcula que vincular el recibo el\u00e9ctrico al mercado lo bajar\u00e1 un 3 por ciento - El Digital de Asturias\" \/>\n\t\t<meta property=\"og:description\" content=\"Madrid, 10 feb (EFE).- El recibo de la luz de los consumidores acogidos a la tarifa regulada, unos diecis\u00e9is millones, estar\u00e1 directamente vinculado al mercado el\u00e9ctrico mayorista a partir de abril, lo que permitir\u00e1 ahorrar una media anual del 3 %, de acuerdo a los c\u00e1lculos del Ministerio de Industria. Fuentes de Industria han explicado\" \/>\n\t\t<meta property=\"og:url\" content=\"https:\/\/www.eldigitaldeasturias.com\/noticias\/industria-calcula-que-vincular-el-recibo-electrico-al-mercado-lo-bajara-un-3-por-ciento\/\" \/>\n\t\t<meta property=\"article:tag\" content=\"actualidad\" \/>\n\t\t<meta property=\"article:published_time\" content=\"2014-02-11T00:31:39+00:00\" \/>\n\t\t<meta property=\"article:modified_time\" content=\"2014-02-11T00:31:39+00:00\" \/>\n\t\t<meta property=\"article:publisher\" content=\"https:\/\/facebook.com\/eldigitaldeasturias\" \/>\n\t\t<meta name=\"twitter:card\" content=\"summary_large_image\" \/>\n\t\t<meta name=\"twitter:title\" content=\"Industria calcula que vincular el recibo el\u00e9ctrico al mercado lo bajar\u00e1 un 3 por ciento - El Digital de Asturias\" \/>\n\t\t<meta name=\"twitter:description\" content=\"Madrid, 10 feb (EFE).- El recibo de la luz de los consumidores acogidos a la tarifa regulada, unos diecis\u00e9is millones, estar\u00e1 directamente vinculado al mercado el\u00e9ctrico mayorista a partir de abril, lo que permitir\u00e1 ahorrar una media anual del 3 %, de acuerdo a los c\u00e1lculos del Ministerio de Industria. Fuentes de Industria han explicado\" \/>\n\t\t<meta name=\"twitter:label1\" content=\"Escrito por\" \/>\n\t\t<meta name=\"twitter:data1\" content=\"El Digital de Asturias\" \/>\n\t\t<meta name=\"twitter:label2\" content=\"Tiempo de lectura estimado\" \/>\n\t\t<meta name=\"twitter:data2\" content=\"3 minutos\" \/>\n\t\t<script type=\"application\/ld+json\" class=\"aioseo-schema\">\n\t\t\t{\"@context\":\"https:\\\/\\\/schema.org\",\"@graph\":[{\"@type\":\"BlogPosting\",\"@id\":\"https:\\\/\\\/www.eldigitaldeasturias.com\\\/noticias\\\/industria-calcula-que-vincular-el-recibo-electrico-al-mercado-lo-bajara-un-3-por-ciento\\\/#blogposting\",\"name\":\"Industria calcula que vincular el recibo el\\u00e9ctrico al mercado lo bajar\\u00e1 un 3 por ciento - El Digital de Asturias\",\"headline\":\"Industria calcula que vincular el recibo el\\u00e9ctrico al mercado lo bajar\\u00e1 un 3 por ciento\",\"author\":{\"@id\":\"https:\\\/\\\/www.eldigitaldeasturias.com\\\/noticias\\\/author\\\/admin\\\/#author\"},\"publisher\":{\"@id\":\"https:\\\/\\\/www.eldigitaldeasturias.com\\\/noticias\\\/#organization\"},\"image\":{\"@type\":\"ImageObject\",\"url\":488121},\"datePublished\":\"2014-02-10T23:31:39+01:00\",\"dateModified\":\"2014-02-10T23:31:39+01:00\",\"inLanguage\":\"es-ES\",\"mainEntityOfPage\":{\"@id\":\"https:\\\/\\\/www.eldigitaldeasturias.com\\\/noticias\\\/industria-calcula-que-vincular-el-recibo-electrico-al-mercado-lo-bajara-un-3-por-ciento\\\/#webpage\"},\"isPartOf\":{\"@id\":\"https:\\\/\\\/www.eldigitaldeasturias.com\\\/noticias\\\/industria-calcula-que-vincular-el-recibo-electrico-al-mercado-lo-bajara-un-3-por-ciento\\\/#webpage\"},\"articleSection\":\"Actualidad\"},{\"@type\":\"BreadcrumbList\",\"@id\":\"https:\\\/\\\/www.eldigitaldeasturias.com\\\/noticias\\\/industria-calcula-que-vincular-el-recibo-electrico-al-mercado-lo-bajara-un-3-por-ciento\\\/#breadcrumblist\",\"itemListElement\":[{\"@type\":\"ListItem\",\"@id\":\"https:\\\/\\\/www.eldigitaldeasturias.com\\\/noticias#listItem\",\"position\":1,\"name\":\"Home\",\"item\":\"https:\\\/\\\/www.eldigitaldeasturias.com\\\/noticias\",\"nextItem\":{\"@type\":\"ListItem\",\"@id\":\"https:\\\/\\\/www.eldigitaldeasturias.com\\\/noticias\\\/category\\\/actualidad\\\/#listItem\",\"name\":\"Actualidad\"}},{\"@type\":\"ListItem\",\"@id\":\"https:\\\/\\\/www.eldigitaldeasturias.com\\\/noticias\\\/category\\\/actualidad\\\/#listItem\",\"position\":2,\"name\":\"Actualidad\",\"item\":\"https:\\\/\\\/www.eldigitaldeasturias.com\\\/noticias\\\/category\\\/actualidad\\\/\",\"nextItem\":{\"@type\":\"ListItem\",\"@id\":\"https:\\\/\\\/www.eldigitaldeasturias.com\\\/noticias\\\/industria-calcula-que-vincular-el-recibo-electrico-al-mercado-lo-bajara-un-3-por-ciento\\\/#listItem\",\"name\":\"Industria calcula que vincular el recibo el\\u00e9ctrico al mercado lo bajar\\u00e1 un 3 por ciento\"},\"previousItem\":{\"@type\":\"ListItem\",\"@id\":\"https:\\\/\\\/www.eldigitaldeasturias.com\\\/noticias#listItem\",\"name\":\"Home\"}},{\"@type\":\"ListItem\",\"@id\":\"https:\\\/\\\/www.eldigitaldeasturias.com\\\/noticias\\\/industria-calcula-que-vincular-el-recibo-electrico-al-mercado-lo-bajara-un-3-por-ciento\\\/#listItem\",\"position\":3,\"name\":\"Industria calcula que vincular el recibo el\\u00e9ctrico al mercado lo bajar\\u00e1 un 3 por ciento\",\"previousItem\":{\"@type\":\"ListItem\",\"@id\":\"https:\\\/\\\/www.eldigitaldeasturias.com\\\/noticias\\\/category\\\/actualidad\\\/#listItem\",\"name\":\"Actualidad\"}}]},{\"@type\":\"Organization\",\"@id\":\"https:\\\/\\\/www.eldigitaldeasturias.com\\\/noticias\\\/#organization\",\"name\":\"El Digital de Asturias\",\"description\":\"Hemeroteca\",\"url\":\"https:\\\/\\\/www.eldigitaldeasturias.com\\\/noticias\\\/\",\"email\":\"info@eldigitaldeasturias.com\",\"telephone\":\"+34652131393\",\"logo\":{\"@type\":\"ImageObject\",\"url\":\"https:\\\/\\\/www.eldigitaldeasturias.com\\\/noticias\\\/wp-content\\\/uploads\\\/2020\\\/12\\\/EDA.jpg\",\"@id\":\"https:\\\/\\\/www.eldigitaldeasturias.com\\\/noticias\\\/industria-calcula-que-vincular-el-recibo-electrico-al-mercado-lo-bajara-un-3-por-ciento\\\/#organizationLogo\"},\"image\":{\"@id\":\"https:\\\/\\\/www.eldigitaldeasturias.com\\\/noticias\\\/industria-calcula-que-vincular-el-recibo-electrico-al-mercado-lo-bajara-un-3-por-ciento\\\/#organizationLogo\"},\"sameAs\":[\"https:\\\/\\\/facebook.com\\\/eldigitaldeasturias\",\"https:\\\/\\\/www.youtube.com\\\/channel\\\/UCZP-2wLEB9Rv6erhFmqVnvg\"],\"address\":{\"@id\":\"https:\\\/\\\/www.eldigitaldeasturias.com\\\/noticias\\\/#postaladdress\",\"@type\":\"PostalAddress\",\"streetAddress\":\"san antonio 4\",\"postalCode\":\"33430\",\"addressLocality\":\"Cand\\u00e1s\",\"addressRegion\":\"Asturias\",\"addressCountry\":\"ES\"}},{\"@type\":\"Person\",\"@id\":\"https:\\\/\\\/www.eldigitaldeasturias.com\\\/noticias\\\/author\\\/admin\\\/#author\",\"url\":\"https:\\\/\\\/www.eldigitaldeasturias.com\\\/noticias\\\/author\\\/admin\\\/\",\"name\":\"El Digital de Asturias\",\"image\":{\"@type\":\"ImageObject\",\"@id\":\"https:\\\/\\\/www.eldigitaldeasturias.com\\\/noticias\\\/industria-calcula-que-vincular-el-recibo-electrico-al-mercado-lo-bajara-un-3-por-ciento\\\/#authorImage\",\"url\":\"https:\\\/\\\/secure.gravatar.com\\\/avatar\\\/df2aeffc32bcd13f8d26072ef8a91b623d677766deac7f97ca815868cd41bf5e?s=96&d=mm&r=g\",\"width\":96,\"height\":96,\"caption\":\"El Digital de Asturias\"}},{\"@type\":\"WebPage\",\"@id\":\"https:\\\/\\\/www.eldigitaldeasturias.com\\\/noticias\\\/industria-calcula-que-vincular-el-recibo-electrico-al-mercado-lo-bajara-un-3-por-ciento\\\/#webpage\",\"url\":\"https:\\\/\\\/www.eldigitaldeasturias.com\\\/noticias\\\/industria-calcula-que-vincular-el-recibo-electrico-al-mercado-lo-bajara-un-3-por-ciento\\\/\",\"name\":\"Industria calcula que vincular el recibo el\\u00e9ctrico al mercado lo bajar\\u00e1 un 3 por ciento - El Digital de Asturias\",\"description\":\"Madrid, 10 feb (EFE).- El recibo de la luz de los consumidores acogidos a la tarifa regulada, unos diecis\\u00e9is millones, estar\\u00e1 directamente vinculado al mercado el\\u00e9ctrico mayorista a partir de abril, lo que permitir\\u00e1 ahorrar una media anual del 3 %, de acuerdo a los c\\u00e1lculos del Ministerio de Industria. Fuentes de Industria han explicado\",\"inLanguage\":\"es-ES\",\"isPartOf\":{\"@id\":\"https:\\\/\\\/www.eldigitaldeasturias.com\\\/noticias\\\/#website\"},\"breadcrumb\":{\"@id\":\"https:\\\/\\\/www.eldigitaldeasturias.com\\\/noticias\\\/industria-calcula-que-vincular-el-recibo-electrico-al-mercado-lo-bajara-un-3-por-ciento\\\/#breadcrumblist\"},\"author\":{\"@id\":\"https:\\\/\\\/www.eldigitaldeasturias.com\\\/noticias\\\/author\\\/admin\\\/#author\"},\"creator\":{\"@id\":\"https:\\\/\\\/www.eldigitaldeasturias.com\\\/noticias\\\/author\\\/admin\\\/#author\"},\"image\":{\"@type\":\"ImageObject\",\"url\":488121,\"@id\":\"https:\\\/\\\/www.eldigitaldeasturias.com\\\/noticias\\\/industria-calcula-que-vincular-el-recibo-electrico-al-mercado-lo-bajara-un-3-por-ciento\\\/#mainImage\"},\"primaryImageOfPage\":{\"@id\":\"https:\\\/\\\/www.eldigitaldeasturias.com\\\/noticias\\\/industria-calcula-que-vincular-el-recibo-electrico-al-mercado-lo-bajara-un-3-por-ciento\\\/#mainImage\"},\"datePublished\":\"2014-02-10T23:31:39+01:00\",\"dateModified\":\"2014-02-10T23:31:39+01:00\"},{\"@type\":\"WebSite\",\"@id\":\"https:\\\/\\\/www.eldigitaldeasturias.com\\\/noticias\\\/#website\",\"url\":\"https:\\\/\\\/www.eldigitaldeasturias.com\\\/noticias\\\/\",\"name\":\"El Digital de Asturias - Diario de actualidad y noticias\",\"alternateName\":\"El Digital de Asturias - Diario de actualidad y noticias\",\"description\":\"Hemeroteca\",\"inLanguage\":\"es-ES\",\"publisher\":{\"@id\":\"https:\\\/\\\/www.eldigitaldeasturias.com\\\/noticias\\\/#organization\"}}]}\n\t\t<\/script>\n\t\t<!-- All in One SEO Pro -->\r\n\t\t<title>Industria calcula que vincular el recibo el\u00e9ctrico al mercado lo bajar\u00e1 un 3 por ciento - El Digital de Asturias<\/title>\n\n","aioseo_head_json":{"title":"Industria calcula que vincular el recibo el\u00e9ctrico al mercado lo bajar\u00e1 un 3 por ciento - El Digital de Asturias","description":"Madrid, 10 feb (EFE).- El recibo de la luz de los consumidores acogidos a la tarifa regulada, unos diecis\u00e9is millones, estar\u00e1 directamente vinculado al mercado el\u00e9ctrico mayorista a partir de abril, lo que permitir\u00e1 ahorrar una media anual del 3 %, de acuerdo a los c\u00e1lculos del Ministerio de Industria. Fuentes de Industria han explicado","canonical_url":"https:\/\/www.eldigitaldeasturias.com\/noticias\/industria-calcula-que-vincular-el-recibo-electrico-al-mercado-lo-bajara-un-3-por-ciento\/","robots":"max-image-preview:large","keywords":"actualidad","webmasterTools":{"google-site-verification":"UA-38556648-1","msvalidate.01":"7dfe9f3f1b24437ab69f4f2559babe99","miscellaneous":""},"schema":{"@context":"https:\/\/schema.org","@graph":[{"@type":"BlogPosting","@id":"https:\/\/www.eldigitaldeasturias.com\/noticias\/industria-calcula-que-vincular-el-recibo-electrico-al-mercado-lo-bajara-un-3-por-ciento\/#blogposting","name":"Industria calcula que vincular el recibo el\u00e9ctrico al mercado lo bajar\u00e1 un 3 por ciento - El Digital de Asturias","headline":"Industria calcula que vincular el recibo el\u00e9ctrico al mercado lo bajar\u00e1 un 3 por ciento","author":{"@id":"https:\/\/www.eldigitaldeasturias.com\/noticias\/author\/admin\/#author"},"publisher":{"@id":"https:\/\/www.eldigitaldeasturias.com\/noticias\/#organization"},"image":{"@type":"ImageObject","url":488121},"datePublished":"2014-02-10T23:31:39+01:00","dateModified":"2014-02-10T23:31:39+01:00","inLanguage":"es-ES","mainEntityOfPage":{"@id":"https:\/\/www.eldigitaldeasturias.com\/noticias\/industria-calcula-que-vincular-el-recibo-electrico-al-mercado-lo-bajara-un-3-por-ciento\/#webpage"},"isPartOf":{"@id":"https:\/\/www.eldigitaldeasturias.com\/noticias\/industria-calcula-que-vincular-el-recibo-electrico-al-mercado-lo-bajara-un-3-por-ciento\/#webpage"},"articleSection":"Actualidad"},{"@type":"BreadcrumbList","@id":"https:\/\/www.eldigitaldeasturias.com\/noticias\/industria-calcula-que-vincular-el-recibo-electrico-al-mercado-lo-bajara-un-3-por-ciento\/#breadcrumblist","itemListElement":[{"@type":"ListItem","@id":"https:\/\/www.eldigitaldeasturias.com\/noticias#listItem","position":1,"name":"Home","item":"https:\/\/www.eldigitaldeasturias.com\/noticias","nextItem":{"@type":"ListItem","@id":"https:\/\/www.eldigitaldeasturias.com\/noticias\/category\/actualidad\/#listItem","name":"Actualidad"}},{"@type":"ListItem","@id":"https:\/\/www.eldigitaldeasturias.com\/noticias\/category\/actualidad\/#listItem","position":2,"name":"Actualidad","item":"https:\/\/www.eldigitaldeasturias.com\/noticias\/category\/actualidad\/","nextItem":{"@type":"ListItem","@id":"https:\/\/www.eldigitaldeasturias.com\/noticias\/industria-calcula-que-vincular-el-recibo-electrico-al-mercado-lo-bajara-un-3-por-ciento\/#listItem","name":"Industria calcula que vincular el recibo el\u00e9ctrico al mercado lo bajar\u00e1 un 3 por ciento"},"previousItem":{"@type":"ListItem","@id":"https:\/\/www.eldigitaldeasturias.com\/noticias#listItem","name":"Home"}},{"@type":"ListItem","@id":"https:\/\/www.eldigitaldeasturias.com\/noticias\/industria-calcula-que-vincular-el-recibo-electrico-al-mercado-lo-bajara-un-3-por-ciento\/#listItem","position":3,"name":"Industria calcula que vincular el recibo el\u00e9ctrico al mercado lo bajar\u00e1 un 3 por ciento","previousItem":{"@type":"ListItem","@id":"https:\/\/www.eldigitaldeasturias.com\/noticias\/category\/actualidad\/#listItem","name":"Actualidad"}}]},{"@type":"Organization","@id":"https:\/\/www.eldigitaldeasturias.com\/noticias\/#organization","name":"El Digital de Asturias","description":"Hemeroteca","url":"https:\/\/www.eldigitaldeasturias.com\/noticias\/","email":"info@eldigitaldeasturias.com","telephone":"+34652131393","logo":{"@type":"ImageObject","url":"https:\/\/www.eldigitaldeasturias.com\/noticias\/wp-content\/uploads\/2020\/12\/EDA.jpg","@id":"https:\/\/www.eldigitaldeasturias.com\/noticias\/industria-calcula-que-vincular-el-recibo-electrico-al-mercado-lo-bajara-un-3-por-ciento\/#organizationLogo"},"image":{"@id":"https:\/\/www.eldigitaldeasturias.com\/noticias\/industria-calcula-que-vincular-el-recibo-electrico-al-mercado-lo-bajara-un-3-por-ciento\/#organizationLogo"},"sameAs":["https:\/\/facebook.com\/eldigitaldeasturias","https:\/\/www.youtube.com\/channel\/UCZP-2wLEB9Rv6erhFmqVnvg"],"address":{"@id":"https:\/\/www.eldigitaldeasturias.com\/noticias\/#postaladdress","@type":"PostalAddress","streetAddress":"san antonio 4","postalCode":"33430","addressLocality":"Cand\u00e1s","addressRegion":"Asturias","addressCountry":"ES"}},{"@type":"Person","@id":"https:\/\/www.eldigitaldeasturias.com\/noticias\/author\/admin\/#author","url":"https:\/\/www.eldigitaldeasturias.com\/noticias\/author\/admin\/","name":"El Digital de Asturias","image":{"@type":"ImageObject","@id":"https:\/\/www.eldigitaldeasturias.com\/noticias\/industria-calcula-que-vincular-el-recibo-electrico-al-mercado-lo-bajara-un-3-por-ciento\/#authorImage","url":"https:\/\/secure.gravatar.com\/avatar\/df2aeffc32bcd13f8d26072ef8a91b623d677766deac7f97ca815868cd41bf5e?s=96&d=mm&r=g","width":96,"height":96,"caption":"El Digital de Asturias"}},{"@type":"WebPage","@id":"https:\/\/www.eldigitaldeasturias.com\/noticias\/industria-calcula-que-vincular-el-recibo-electrico-al-mercado-lo-bajara-un-3-por-ciento\/#webpage","url":"https:\/\/www.eldigitaldeasturias.com\/noticias\/industria-calcula-que-vincular-el-recibo-electrico-al-mercado-lo-bajara-un-3-por-ciento\/","name":"Industria calcula que vincular el recibo el\u00e9ctrico al mercado lo bajar\u00e1 un 3 por ciento - El Digital de Asturias","description":"Madrid, 10 feb (EFE).- El recibo de la luz de los consumidores acogidos a la tarifa regulada, unos diecis\u00e9is millones, estar\u00e1 directamente vinculado al mercado el\u00e9ctrico mayorista a partir de abril, lo que permitir\u00e1 ahorrar una media anual del 3 %, de acuerdo a los c\u00e1lculos del Ministerio de Industria. Fuentes de Industria han explicado","inLanguage":"es-ES","isPartOf":{"@id":"https:\/\/www.eldigitaldeasturias.com\/noticias\/#website"},"breadcrumb":{"@id":"https:\/\/www.eldigitaldeasturias.com\/noticias\/industria-calcula-que-vincular-el-recibo-electrico-al-mercado-lo-bajara-un-3-por-ciento\/#breadcrumblist"},"author":{"@id":"https:\/\/www.eldigitaldeasturias.com\/noticias\/author\/admin\/#author"},"creator":{"@id":"https:\/\/www.eldigitaldeasturias.com\/noticias\/author\/admin\/#author"},"image":{"@type":"ImageObject","url":488121,"@id":"https:\/\/www.eldigitaldeasturias.com\/noticias\/industria-calcula-que-vincular-el-recibo-electrico-al-mercado-lo-bajara-un-3-por-ciento\/#mainImage"},"primaryImageOfPage":{"@id":"https:\/\/www.eldigitaldeasturias.com\/noticias\/industria-calcula-que-vincular-el-recibo-electrico-al-mercado-lo-bajara-un-3-por-ciento\/#mainImage"},"datePublished":"2014-02-10T23:31:39+01:00","dateModified":"2014-02-10T23:31:39+01:00"},{"@type":"WebSite","@id":"https:\/\/www.eldigitaldeasturias.com\/noticias\/#website","url":"https:\/\/www.eldigitaldeasturias.com\/noticias\/","name":"El Digital de Asturias - Diario de actualidad y noticias","alternateName":"El Digital de Asturias - Diario de actualidad y noticias","description":"Hemeroteca","inLanguage":"es-ES","publisher":{"@id":"https:\/\/www.eldigitaldeasturias.com\/noticias\/#organization"}}]},"og:locale":"es_ES","og:site_name":"El Digital de Asturias","og:type":"article","og:title":"Industria calcula que vincular el recibo el\u00e9ctrico al mercado lo bajar\u00e1 un 3 por ciento - El Digital de Asturias","og:description":"Madrid, 10 feb (EFE).- El recibo de la luz de los consumidores acogidos a la tarifa regulada, unos diecis\u00e9is millones, estar\u00e1 directamente vinculado al mercado el\u00e9ctrico mayorista a partir de abril, lo que permitir\u00e1 ahorrar una media anual del 3 %, de acuerdo a los c\u00e1lculos del Ministerio de Industria. Fuentes de Industria han explicado","og:url":"https:\/\/www.eldigitaldeasturias.com\/noticias\/industria-calcula-que-vincular-el-recibo-electrico-al-mercado-lo-bajara-un-3-por-ciento\/","article:tag":["actualidad"],"article:published_time":"2014-02-11T00:31:39+00:00","article:modified_time":"2014-02-11T00:31:39+00:00","article:publisher":"https:\/\/facebook.com\/eldigitaldeasturias","twitter:card":"summary_large_image","twitter:title":"Industria calcula que vincular el recibo el\u00e9ctrico al mercado lo bajar\u00e1 un 3 por ciento - El Digital de Asturias","twitter:description":"Madrid, 10 feb (EFE).- El recibo de la luz de los consumidores acogidos a la tarifa regulada, unos diecis\u00e9is millones, estar\u00e1 directamente vinculado al mercado el\u00e9ctrico mayorista a partir de abril, lo que permitir\u00e1 ahorrar una media anual del 3 %, de acuerdo a los c\u00e1lculos del Ministerio de Industria. Fuentes de Industria han explicado","twitter:label1":"Escrito por","twitter:data1":"El Digital de Asturias","twitter:label2":"Tiempo de lectura estimado","twitter:data2":"3 minutos"},"aioseo_meta_data":{"post_id":"488120","title":null,"description":null,"keywords":null,"keyphrases":null,"primary_term":null,"canonical_url":null,"og_title":null,"og_description":null,"og_object_type":"default","og_image_type":"default","og_image_url":null,"og_image_width":null,"og_image_height":null,"og_image_custom_url":null,"og_image_custom_fields":null,"og_video":null,"og_custom_url":null,"og_article_section":null,"og_article_tags":null,"twitter_use_og":true,"twitter_card":"default","twitter_image_type":"default","twitter_image_url":null,"twitter_image_custom_url":null,"twitter_image_custom_fields":null,"twitter_title":null,"twitter_description":null,"schema":{"blockGraphs":[],"customGraphs":[],"default":{"data":{"Article":[],"Course":[],"Dataset":[],"FAQPage":[],"Movie":[],"Person":[],"Product":[],"ProductReview":[],"Car":[],"Recipe":[],"Service":[],"SoftwareApplication":[],"WebPage":[]},"graphName":"","isEnabled":true},"graphs":[],"defaultGraph":"","defaultPostTypeGraph":""},"schema_type":null,"schema_type_options":null,"pillar_content":false,"robots_default":true,"robots_noindex":false,"robots_noarchive":false,"robots_nosnippet":false,"robots_nofollow":false,"robots_noimageindex":false,"robots_noodp":false,"robots_notranslate":false,"robots_max_snippet":null,"robots_max_videopreview":null,"robots_max_imagepreview":"none","priority":null,"frequency":null,"local_seo":null,"seo_analyzer_scan_date":"2026-06-03 06:57:50","breadcrumb_settings":null,"limit_modified_date":false,"open_ai":null,"ai":null,"created":"2020-11-14 22:57:11","updated":"2026-06-03 06:57:50","focus_keyword":null,"additional_keywords":null,"truseo_locale":null},"aioseo_breadcrumb":"<div class=\"aioseo-breadcrumbs\"><span class=\"aioseo-breadcrumb\">\n\t<a href=\"https:\/\/www.eldigitaldeasturias.com\/noticias\" title=\"Home\">Home<\/a>\n<\/span><span class=\"aioseo-breadcrumb-separator\">\u2013<\/span><span class=\"aioseo-breadcrumb\">\n\t<a href=\"https:\/\/www.eldigitaldeasturias.com\/noticias\/category\/actualidad\/\" title=\"Actualidad\">Actualidad<\/a>\n<\/span><span class=\"aioseo-breadcrumb-separator\">\u2013<\/span><span class=\"aioseo-breadcrumb\">\n\t<a href=\"https:\/\/www.eldigitaldeasturias.com\/noticias\/industria-calcula-que-vincular-el-recibo-electrico-al-mercado-lo-bajara-un-3-por-ciento\/\" title=\"Industria calcula que vincular el recibo el\u00e9ctrico al mercado lo bajar\u00e1 un 3 por ciento\">Industria calcula que vincular el recibo el\u00e9ctrico al mercado lo bajar\u00e1 un 3 por ciento<\/a>\n<\/span><\/div>","aioseo_breadcrumb_json":[{"label":"Home","link":"https:\/\/www.eldigitaldeasturias.com\/noticias"},{"label":"Actualidad","link":"https:\/\/www.eldigitaldeasturias.com\/noticias\/category\/actualidad\/"},{"label":"Industria calcula que vincular el recibo el\u00e9ctrico al mercado lo bajar\u00e1 un 3 por ciento","link":"https:\/\/www.eldigitaldeasturias.com\/noticias\/industria-calcula-que-vincular-el-recibo-electrico-al-mercado-lo-bajara-un-3-por-ciento\/"}],"_links":{"self":[{"href":"https:\/\/www.eldigitaldeasturias.com\/noticias\/wp-json\/wp\/v2\/posts\/488120","targetHints":{"allow":["GET"]}}],"collection":[{"href":"https:\/\/www.eldigitaldeasturias.com\/noticias\/wp-json\/wp\/v2\/posts"}],"about":[{"href":"https:\/\/www.eldigitaldeasturias.com\/noticias\/wp-json\/wp\/v2\/types\/post"}],"author":[{"embeddable":true,"href":"https:\/\/www.eldigitaldeasturias.com\/noticias\/wp-json\/wp\/v2\/users\/1"}],"replies":[{"embeddable":true,"href":"https:\/\/www.eldigitaldeasturias.com\/noticias\/wp-json\/wp\/v2\/comments?post=488120"}],"version-history":[{"count":0,"href":"https:\/\/www.eldigitaldeasturias.com\/noticias\/wp-json\/wp\/v2\/posts\/488120\/revisions"}],"wp:attachment":[{"href":"https:\/\/www.eldigitaldeasturias.com\/noticias\/wp-json\/wp\/v2\/media?parent=488120"}],"wp:term":[{"taxonomy":"category","embeddable":true,"href":"https:\/\/www.eldigitaldeasturias.com\/noticias\/wp-json\/wp\/v2\/categories?post=488120"},{"taxonomy":"post_tag","embeddable":true,"href":"https:\/\/www.eldigitaldeasturias.com\/noticias\/wp-json\/wp\/v2\/tags?post=488120"}],"curies":[{"name":"wp","href":"https:\/\/api.w.org\/{rel}","templated":true}]}}