{"id":488106,"date":"2014-02-10T23:26:56","date_gmt":"2014-02-11T00:26:56","guid":{"rendered":"http:\/\/www.eldigitaldeasturias.com\/noticias\/?p=488106"},"modified":"2014-02-10T23:26:56","modified_gmt":"2014-02-11T00:26:56","slug":"ancelotti-confirma-la-titularidad-de-varane-84-dias-despues","status":"publish","type":"post","link":"https:\/\/www.eldigitaldeasturias.com\/noticias\/ancelotti-confirma-la-titularidad-de-varane-84-dias-despues\/","title":{"rendered":"Ancelotti confirma la titularidad de Varane 84 d\u00edas despu\u00e9s"},"content":{"rendered":"<p><img loading=\"lazy\" decoding=\"async\" class=\"alignleft size-medium wp-image-488107\" alt=\"5927925w\" src=\"https:\/\/www.eldigitaldeasturias.com\/noticias\/wp-content\/uploads\/2014\/02\/5927925w-360x303.jpg\" width=\"360\" height=\"303\" \/>Madrid, 10 feb (EFE).- Raphael Varane volver\u00e1 a ser titular ma\u00f1ana, en el partido de vuelta de semifinales de Copa del Rey ante el Atl\u00e9tico de Madrid en el estadio Vicente Calder\u00f3n, tras 84 d\u00edas sin jugar un partido desde que se agravasen sus problemas de rodilla en el Francia-Ucrania de repesca al Mundial 2014.<\/p>\n<p>Fue el 19 de noviembre el \u00faltimo d\u00eda en el que Varane disput\u00f3 un partido. Su rodilla operada, la derecha, le oblig\u00f3 a parar y completar un tratamiento de recuperaci\u00f3n conservador para evitar un nuevo paso por el quir\u00f3fano. 84 d\u00edas despu\u00e9s volver\u00e1 a jugar, como confirm\u00f3 su t\u00e9cnico, el italiano Carlo Ancelotti.<\/p>\n<p>\u00abVoy a poner a Varane y uno de los dos (Pepe o Sergio Ramos) descansar\u00e1. Solamente porque Varane en este momento necesita jugar y, por eso, uno de los dos descansa\u00bb, explic\u00f3 Ancelotti que se cubrir\u00e1 en el Vicente Calder\u00f3n las espaldas por una posible cartulina amarilla a sus dos centrales titulares, apercibidos de sanci\u00f3n para la final.<\/p>\n<p>Ancelotti elogi\u00f3 a Varane antes de su regreso. \u00abTiene todo lo que es necesario para ser un buen defensor. Tiene calidad, velocidad, cabeza y t\u00e1ctica. Se posiciona bien en el aspecto defensivo y aporta entusiasmo\u00bb.<\/p>\n<p>\u00abEs muy importante que no est\u00e9 lesionado y que se ha recuperado muy bien porque ahora podemos dar descanso a los otros centrales\u00bb, a\u00f1adi\u00f3.<\/p>\n","protected":false},"excerpt":{"rendered":"<p>Madrid, 10 feb (EFE).- Raphael Varane volver\u00e1 a ser titular ma\u00f1ana, en el partido de vuelta de semifinales de Copa del Rey ante el Atl\u00e9tico de Madrid en el estadio Vicente Calder\u00f3n, tras 84 d\u00edas sin jugar un partido desde que se agravasen sus problemas de rodilla en el Francia-Ucrania de repesca al Mundial 2014. [&hellip;]<\/p>\n","protected":false},"author":1,"featured_media":488107,"comment_status":"closed","ping_status":"closed","sticky":false,"template":"","format":"standard","meta":{"footnotes":""},"categories":[1],"tags":[],"class_list":["post-488106","post","type-post","status-publish","format-standard","has-post-thumbnail","hentry","category-actualidad"],"aioseo_notices":[],"aioseo_head":"\n\t\t<!-- All in One SEO Pro 5.0.1 - aioseo.com -->\n\t<meta name=\"description\" content=\"Madrid, 10 feb (EFE).- Raphael Varane volver\u00e1 a ser titular ma\u00f1ana, en el partido de vuelta de semifinales de Copa del Rey ante el Atl\u00e9tico de Madrid en el estadio Vicente Calder\u00f3n, tras 84 d\u00edas sin jugar un partido desde que se agravasen sus problemas de rodilla en el Francia-Ucrania de repesca al Mundial 2014.\" \/>\n\t<meta name=\"robots\" content=\"max-image-preview:large\" \/>\n\t<meta name=\"author\" content=\"El Digital de Asturias\"\/>\n\t<meta name=\"google-site-verification\" content=\"UA-38556648-1\" \/>\n\t<meta name=\"msvalidate.01\" content=\"7dfe9f3f1b24437ab69f4f2559babe99\" \/>\n\t<meta name=\"keywords\" content=\"actualidad\" \/>\n\t<link rel=\"canonical\" href=\"https:\/\/www.eldigitaldeasturias.com\/noticias\/ancelotti-confirma-la-titularidad-de-varane-84-dias-despues\/\" \/>\n\t<meta name=\"generator\" content=\"All in One SEO Pro (AIOSEO) 5.0.1\" \/>\n\t\t<meta property=\"og:locale\" content=\"es_ES\" \/>\n\t\t<meta property=\"og:site_name\" content=\"El Digital de Asturias\" \/>\n\t\t<meta property=\"og:type\" content=\"article\" \/>\n\t\t<meta property=\"og:title\" content=\"Ancelotti confirma la titularidad de Varane 84 d\u00edas despu\u00e9s - El Digital de Asturias\" \/>\n\t\t<meta property=\"og:description\" content=\"Madrid, 10 feb (EFE).- Raphael Varane volver\u00e1 a ser titular ma\u00f1ana, en el partido de vuelta de semifinales de Copa del Rey ante el Atl\u00e9tico de Madrid en el estadio Vicente Calder\u00f3n, tras 84 d\u00edas sin jugar un partido desde que se agravasen sus problemas de rodilla en el Francia-Ucrania de repesca al Mundial 2014.\" \/>\n\t\t<meta property=\"og:url\" content=\"https:\/\/www.eldigitaldeasturias.com\/noticias\/ancelotti-confirma-la-titularidad-de-varane-84-dias-despues\/\" \/>\n\t\t<meta property=\"article:tag\" content=\"actualidad\" \/>\n\t\t<meta property=\"article:published_time\" content=\"2014-02-11T00:26:56+00:00\" \/>\n\t\t<meta property=\"article:modified_time\" content=\"2014-02-11T00:26:56+00:00\" \/>\n\t\t<meta property=\"article:publisher\" content=\"https:\/\/facebook.com\/eldigitaldeasturias\" \/>\n\t\t<meta name=\"twitter:card\" content=\"summary_large_image\" \/>\n\t\t<meta name=\"twitter:title\" content=\"Ancelotti confirma la titularidad de Varane 84 d\u00edas despu\u00e9s - El Digital de Asturias\" \/>\n\t\t<meta name=\"twitter:description\" content=\"Madrid, 10 feb (EFE).- Raphael Varane volver\u00e1 a ser titular ma\u00f1ana, en el partido de vuelta de semifinales de Copa del Rey ante el Atl\u00e9tico de Madrid en el estadio Vicente Calder\u00f3n, tras 84 d\u00edas sin jugar un partido desde que se agravasen sus problemas de rodilla en el Francia-Ucrania de repesca al Mundial 2014.\" \/>\n\t\t<meta name=\"twitter:label1\" content=\"Escrito por\" \/>\n\t\t<meta name=\"twitter:data1\" content=\"El Digital de Asturias\" \/>\n\t\t<meta name=\"twitter:label2\" content=\"Tiempo de lectura estimado\" \/>\n\t\t<meta name=\"twitter:data2\" content=\"1 minuto\" \/>\n\t\t<script type=\"application\/ld+json\" class=\"aioseo-schema\">\n\t\t\t{\"@context\":\"https:\\\/\\\/schema.org\",\"@graph\":[{\"@type\":\"BlogPosting\",\"@id\":\"https:\\\/\\\/www.eldigitaldeasturias.com\\\/noticias\\\/ancelotti-confirma-la-titularidad-de-varane-84-dias-despues\\\/#blogposting\",\"name\":\"Ancelotti confirma la titularidad de Varane 84 d\\u00edas despu\\u00e9s - El Digital de Asturias\",\"headline\":\"Ancelotti confirma la titularidad de Varane 84 d\\u00edas despu\\u00e9s\",\"author\":{\"@id\":\"https:\\\/\\\/www.eldigitaldeasturias.com\\\/noticias\\\/author\\\/admin\\\/#author\"},\"publisher\":{\"@id\":\"https:\\\/\\\/www.eldigitaldeasturias.com\\\/noticias\\\/#organization\"},\"image\":{\"@type\":\"ImageObject\",\"url\":488107},\"datePublished\":\"2014-02-10T23:26:56+01:00\",\"dateModified\":\"2014-02-10T23:26:56+01:00\",\"inLanguage\":\"es-ES\",\"mainEntityOfPage\":{\"@id\":\"https:\\\/\\\/www.eldigitaldeasturias.com\\\/noticias\\\/ancelotti-confirma-la-titularidad-de-varane-84-dias-despues\\\/#webpage\"},\"isPartOf\":{\"@id\":\"https:\\\/\\\/www.eldigitaldeasturias.com\\\/noticias\\\/ancelotti-confirma-la-titularidad-de-varane-84-dias-despues\\\/#webpage\"},\"articleSection\":\"Actualidad\"},{\"@type\":\"BreadcrumbList\",\"@id\":\"https:\\\/\\\/www.eldigitaldeasturias.com\\\/noticias\\\/ancelotti-confirma-la-titularidad-de-varane-84-dias-despues\\\/#breadcrumblist\",\"itemListElement\":[{\"@type\":\"ListItem\",\"@id\":\"https:\\\/\\\/www.eldigitaldeasturias.com\\\/noticias#listItem\",\"position\":1,\"name\":\"Home\",\"item\":\"https:\\\/\\\/www.eldigitaldeasturias.com\\\/noticias\",\"nextItem\":{\"@type\":\"ListItem\",\"@id\":\"https:\\\/\\\/www.eldigitaldeasturias.com\\\/noticias\\\/category\\\/actualidad\\\/#listItem\",\"name\":\"Actualidad\"}},{\"@type\":\"ListItem\",\"@id\":\"https:\\\/\\\/www.eldigitaldeasturias.com\\\/noticias\\\/category\\\/actualidad\\\/#listItem\",\"position\":2,\"name\":\"Actualidad\",\"item\":\"https:\\\/\\\/www.eldigitaldeasturias.com\\\/noticias\\\/category\\\/actualidad\\\/\",\"nextItem\":{\"@type\":\"ListItem\",\"@id\":\"https:\\\/\\\/www.eldigitaldeasturias.com\\\/noticias\\\/ancelotti-confirma-la-titularidad-de-varane-84-dias-despues\\\/#listItem\",\"name\":\"Ancelotti confirma la titularidad de Varane 84 d\\u00edas despu\\u00e9s\"},\"previousItem\":{\"@type\":\"ListItem\",\"@id\":\"https:\\\/\\\/www.eldigitaldeasturias.com\\\/noticias#listItem\",\"name\":\"Home\"}},{\"@type\":\"ListItem\",\"@id\":\"https:\\\/\\\/www.eldigitaldeasturias.com\\\/noticias\\\/ancelotti-confirma-la-titularidad-de-varane-84-dias-despues\\\/#listItem\",\"position\":3,\"name\":\"Ancelotti confirma la titularidad de Varane 84 d\\u00edas despu\\u00e9s\",\"previousItem\":{\"@type\":\"ListItem\",\"@id\":\"https:\\\/\\\/www.eldigitaldeasturias.com\\\/noticias\\\/category\\\/actualidad\\\/#listItem\",\"name\":\"Actualidad\"}}]},{\"@type\":\"Organization\",\"@id\":\"https:\\\/\\\/www.eldigitaldeasturias.com\\\/noticias\\\/#organization\",\"name\":\"El Digital de Asturias\",\"description\":\"Hemeroteca\",\"url\":\"https:\\\/\\\/www.eldigitaldeasturias.com\\\/noticias\\\/\",\"email\":\"info@eldigitaldeasturias.com\",\"telephone\":\"+34652131393\",\"logo\":{\"@type\":\"ImageObject\",\"url\":\"https:\\\/\\\/www.eldigitaldeasturias.com\\\/noticias\\\/wp-content\\\/uploads\\\/2020\\\/12\\\/EDA.jpg\",\"@id\":\"https:\\\/\\\/www.eldigitaldeasturias.com\\\/noticias\\\/ancelotti-confirma-la-titularidad-de-varane-84-dias-despues\\\/#organizationLogo\"},\"image\":{\"@id\":\"https:\\\/\\\/www.eldigitaldeasturias.com\\\/noticias\\\/ancelotti-confirma-la-titularidad-de-varane-84-dias-despues\\\/#organizationLogo\"},\"sameAs\":[\"https:\\\/\\\/facebook.com\\\/eldigitaldeasturias\",\"https:\\\/\\\/www.youtube.com\\\/channel\\\/UCZP-2wLEB9Rv6erhFmqVnvg\"],\"address\":{\"@id\":\"https:\\\/\\\/www.eldigitaldeasturias.com\\\/noticias\\\/#postaladdress\",\"@type\":\"PostalAddress\",\"streetAddress\":\"san antonio 4\",\"postalCode\":\"33430\",\"addressLocality\":\"Cand\\u00e1s\",\"addressRegion\":\"Asturias\",\"addressCountry\":\"ES\"}},{\"@type\":\"Person\",\"@id\":\"https:\\\/\\\/www.eldigitaldeasturias.com\\\/noticias\\\/author\\\/admin\\\/#author\",\"url\":\"https:\\\/\\\/www.eldigitaldeasturias.com\\\/noticias\\\/author\\\/admin\\\/\",\"name\":\"El Digital de Asturias\",\"image\":{\"@type\":\"ImageObject\",\"@id\":\"https:\\\/\\\/www.eldigitaldeasturias.com\\\/noticias\\\/ancelotti-confirma-la-titularidad-de-varane-84-dias-despues\\\/#authorImage\",\"url\":\"https:\\\/\\\/secure.gravatar.com\\\/avatar\\\/df2aeffc32bcd13f8d26072ef8a91b623d677766deac7f97ca815868cd41bf5e?s=96&d=mm&r=g\",\"width\":96,\"height\":96,\"caption\":\"El Digital de Asturias\"}},{\"@type\":\"WebPage\",\"@id\":\"https:\\\/\\\/www.eldigitaldeasturias.com\\\/noticias\\\/ancelotti-confirma-la-titularidad-de-varane-84-dias-despues\\\/#webpage\",\"url\":\"https:\\\/\\\/www.eldigitaldeasturias.com\\\/noticias\\\/ancelotti-confirma-la-titularidad-de-varane-84-dias-despues\\\/\",\"name\":\"Ancelotti confirma la titularidad de Varane 84 d\\u00edas despu\\u00e9s - El Digital de Asturias\",\"description\":\"Madrid, 10 feb (EFE).- Raphael Varane volver\\u00e1 a ser titular ma\\u00f1ana, en el partido de vuelta de semifinales de Copa del Rey ante el Atl\\u00e9tico de Madrid en el estadio Vicente Calder\\u00f3n, tras 84 d\\u00edas sin jugar un partido desde que se agravasen sus problemas de rodilla en el Francia-Ucrania de repesca al Mundial 2014.\",\"inLanguage\":\"es-ES\",\"isPartOf\":{\"@id\":\"https:\\\/\\\/www.eldigitaldeasturias.com\\\/noticias\\\/#website\"},\"breadcrumb\":{\"@id\":\"https:\\\/\\\/www.eldigitaldeasturias.com\\\/noticias\\\/ancelotti-confirma-la-titularidad-de-varane-84-dias-despues\\\/#breadcrumblist\"},\"author\":{\"@id\":\"https:\\\/\\\/www.eldigitaldeasturias.com\\\/noticias\\\/author\\\/admin\\\/#author\"},\"creator\":{\"@id\":\"https:\\\/\\\/www.eldigitaldeasturias.com\\\/noticias\\\/author\\\/admin\\\/#author\"},\"image\":{\"@type\":\"ImageObject\",\"url\":488107,\"@id\":\"https:\\\/\\\/www.eldigitaldeasturias.com\\\/noticias\\\/ancelotti-confirma-la-titularidad-de-varane-84-dias-despues\\\/#mainImage\"},\"primaryImageOfPage\":{\"@id\":\"https:\\\/\\\/www.eldigitaldeasturias.com\\\/noticias\\\/ancelotti-confirma-la-titularidad-de-varane-84-dias-despues\\\/#mainImage\"},\"datePublished\":\"2014-02-10T23:26:56+01:00\",\"dateModified\":\"2014-02-10T23:26:56+01:00\"},{\"@type\":\"WebSite\",\"@id\":\"https:\\\/\\\/www.eldigitaldeasturias.com\\\/noticias\\\/#website\",\"url\":\"https:\\\/\\\/www.eldigitaldeasturias.com\\\/noticias\\\/\",\"name\":\"El Digital de Asturias - Diario de actualidad y noticias\",\"alternateName\":\"El Digital de Asturias - Diario de actualidad y noticias\",\"description\":\"Hemeroteca\",\"inLanguage\":\"es-ES\",\"publisher\":{\"@id\":\"https:\\\/\\\/www.eldigitaldeasturias.com\\\/noticias\\\/#organization\"}}]}\n\t\t<\/script>\n\t\t<!-- All in One SEO Pro -->\r\n\t\t<title>Ancelotti confirma la titularidad de Varane 84 d\u00edas despu\u00e9s - El Digital de Asturias<\/title>\n\n","aioseo_head_json":{"title":"Ancelotti confirma la titularidad de Varane 84 d\u00edas despu\u00e9s - El Digital de Asturias","description":"Madrid, 10 feb (EFE).- Raphael Varane volver\u00e1 a ser titular ma\u00f1ana, en el partido de vuelta de semifinales de Copa del Rey ante el Atl\u00e9tico de Madrid en el estadio Vicente Calder\u00f3n, tras 84 d\u00edas sin jugar un partido desde que se agravasen sus problemas de rodilla en el Francia-Ucrania de repesca al Mundial 2014.","canonical_url":"https:\/\/www.eldigitaldeasturias.com\/noticias\/ancelotti-confirma-la-titularidad-de-varane-84-dias-despues\/","robots":"max-image-preview:large","keywords":"actualidad","webmasterTools":{"google-site-verification":"UA-38556648-1","msvalidate.01":"7dfe9f3f1b24437ab69f4f2559babe99","miscellaneous":""},"schema":{"@context":"https:\/\/schema.org","@graph":[{"@type":"BlogPosting","@id":"https:\/\/www.eldigitaldeasturias.com\/noticias\/ancelotti-confirma-la-titularidad-de-varane-84-dias-despues\/#blogposting","name":"Ancelotti confirma la titularidad de Varane 84 d\u00edas despu\u00e9s - El Digital de Asturias","headline":"Ancelotti confirma la titularidad de Varane 84 d\u00edas despu\u00e9s","author":{"@id":"https:\/\/www.eldigitaldeasturias.com\/noticias\/author\/admin\/#author"},"publisher":{"@id":"https:\/\/www.eldigitaldeasturias.com\/noticias\/#organization"},"image":{"@type":"ImageObject","url":488107},"datePublished":"2014-02-10T23:26:56+01:00","dateModified":"2014-02-10T23:26:56+01:00","inLanguage":"es-ES","mainEntityOfPage":{"@id":"https:\/\/www.eldigitaldeasturias.com\/noticias\/ancelotti-confirma-la-titularidad-de-varane-84-dias-despues\/#webpage"},"isPartOf":{"@id":"https:\/\/www.eldigitaldeasturias.com\/noticias\/ancelotti-confirma-la-titularidad-de-varane-84-dias-despues\/#webpage"},"articleSection":"Actualidad"},{"@type":"BreadcrumbList","@id":"https:\/\/www.eldigitaldeasturias.com\/noticias\/ancelotti-confirma-la-titularidad-de-varane-84-dias-despues\/#breadcrumblist","itemListElement":[{"@type":"ListItem","@id":"https:\/\/www.eldigitaldeasturias.com\/noticias#listItem","position":1,"name":"Home","item":"https:\/\/www.eldigitaldeasturias.com\/noticias","nextItem":{"@type":"ListItem","@id":"https:\/\/www.eldigitaldeasturias.com\/noticias\/category\/actualidad\/#listItem","name":"Actualidad"}},{"@type":"ListItem","@id":"https:\/\/www.eldigitaldeasturias.com\/noticias\/category\/actualidad\/#listItem","position":2,"name":"Actualidad","item":"https:\/\/www.eldigitaldeasturias.com\/noticias\/category\/actualidad\/","nextItem":{"@type":"ListItem","@id":"https:\/\/www.eldigitaldeasturias.com\/noticias\/ancelotti-confirma-la-titularidad-de-varane-84-dias-despues\/#listItem","name":"Ancelotti confirma la titularidad de Varane 84 d\u00edas despu\u00e9s"},"previousItem":{"@type":"ListItem","@id":"https:\/\/www.eldigitaldeasturias.com\/noticias#listItem","name":"Home"}},{"@type":"ListItem","@id":"https:\/\/www.eldigitaldeasturias.com\/noticias\/ancelotti-confirma-la-titularidad-de-varane-84-dias-despues\/#listItem","position":3,"name":"Ancelotti confirma la titularidad de Varane 84 d\u00edas despu\u00e9s","previousItem":{"@type":"ListItem","@id":"https:\/\/www.eldigitaldeasturias.com\/noticias\/category\/actualidad\/#listItem","name":"Actualidad"}}]},{"@type":"Organization","@id":"https:\/\/www.eldigitaldeasturias.com\/noticias\/#organization","name":"El Digital de Asturias","description":"Hemeroteca","url":"https:\/\/www.eldigitaldeasturias.com\/noticias\/","email":"info@eldigitaldeasturias.com","telephone":"+34652131393","logo":{"@type":"ImageObject","url":"https:\/\/www.eldigitaldeasturias.com\/noticias\/wp-content\/uploads\/2020\/12\/EDA.jpg","@id":"https:\/\/www.eldigitaldeasturias.com\/noticias\/ancelotti-confirma-la-titularidad-de-varane-84-dias-despues\/#organizationLogo"},"image":{"@id":"https:\/\/www.eldigitaldeasturias.com\/noticias\/ancelotti-confirma-la-titularidad-de-varane-84-dias-despues\/#organizationLogo"},"sameAs":["https:\/\/facebook.com\/eldigitaldeasturias","https:\/\/www.youtube.com\/channel\/UCZP-2wLEB9Rv6erhFmqVnvg"],"address":{"@id":"https:\/\/www.eldigitaldeasturias.com\/noticias\/#postaladdress","@type":"PostalAddress","streetAddress":"san antonio 4","postalCode":"33430","addressLocality":"Cand\u00e1s","addressRegion":"Asturias","addressCountry":"ES"}},{"@type":"Person","@id":"https:\/\/www.eldigitaldeasturias.com\/noticias\/author\/admin\/#author","url":"https:\/\/www.eldigitaldeasturias.com\/noticias\/author\/admin\/","name":"El Digital de Asturias","image":{"@type":"ImageObject","@id":"https:\/\/www.eldigitaldeasturias.com\/noticias\/ancelotti-confirma-la-titularidad-de-varane-84-dias-despues\/#authorImage","url":"https:\/\/secure.gravatar.com\/avatar\/df2aeffc32bcd13f8d26072ef8a91b623d677766deac7f97ca815868cd41bf5e?s=96&d=mm&r=g","width":96,"height":96,"caption":"El Digital de Asturias"}},{"@type":"WebPage","@id":"https:\/\/www.eldigitaldeasturias.com\/noticias\/ancelotti-confirma-la-titularidad-de-varane-84-dias-despues\/#webpage","url":"https:\/\/www.eldigitaldeasturias.com\/noticias\/ancelotti-confirma-la-titularidad-de-varane-84-dias-despues\/","name":"Ancelotti confirma la titularidad de Varane 84 d\u00edas despu\u00e9s - El Digital de Asturias","description":"Madrid, 10 feb (EFE).- Raphael Varane volver\u00e1 a ser titular ma\u00f1ana, en el partido de vuelta de semifinales de Copa del Rey ante el Atl\u00e9tico de Madrid en el estadio Vicente Calder\u00f3n, tras 84 d\u00edas sin jugar un partido desde que se agravasen sus problemas de rodilla en el Francia-Ucrania de repesca al Mundial 2014.","inLanguage":"es-ES","isPartOf":{"@id":"https:\/\/www.eldigitaldeasturias.com\/noticias\/#website"},"breadcrumb":{"@id":"https:\/\/www.eldigitaldeasturias.com\/noticias\/ancelotti-confirma-la-titularidad-de-varane-84-dias-despues\/#breadcrumblist"},"author":{"@id":"https:\/\/www.eldigitaldeasturias.com\/noticias\/author\/admin\/#author"},"creator":{"@id":"https:\/\/www.eldigitaldeasturias.com\/noticias\/author\/admin\/#author"},"image":{"@type":"ImageObject","url":488107,"@id":"https:\/\/www.eldigitaldeasturias.com\/noticias\/ancelotti-confirma-la-titularidad-de-varane-84-dias-despues\/#mainImage"},"primaryImageOfPage":{"@id":"https:\/\/www.eldigitaldeasturias.com\/noticias\/ancelotti-confirma-la-titularidad-de-varane-84-dias-despues\/#mainImage"},"datePublished":"2014-02-10T23:26:56+01:00","dateModified":"2014-02-10T23:26:56+01:00"},{"@type":"WebSite","@id":"https:\/\/www.eldigitaldeasturias.com\/noticias\/#website","url":"https:\/\/www.eldigitaldeasturias.com\/noticias\/","name":"El Digital de Asturias - Diario de actualidad y noticias","alternateName":"El Digital de Asturias - Diario de actualidad y noticias","description":"Hemeroteca","inLanguage":"es-ES","publisher":{"@id":"https:\/\/www.eldigitaldeasturias.com\/noticias\/#organization"}}]},"og:locale":"es_ES","og:site_name":"El Digital de Asturias","og:type":"article","og:title":"Ancelotti confirma la titularidad de Varane 84 d\u00edas despu\u00e9s - El Digital de Asturias","og:description":"Madrid, 10 feb (EFE).- Raphael Varane volver\u00e1 a ser titular ma\u00f1ana, en el partido de vuelta de semifinales de Copa del Rey ante el Atl\u00e9tico de Madrid en el estadio Vicente Calder\u00f3n, tras 84 d\u00edas sin jugar un partido desde que se agravasen sus problemas de rodilla en el Francia-Ucrania de repesca al Mundial 2014.","og:url":"https:\/\/www.eldigitaldeasturias.com\/noticias\/ancelotti-confirma-la-titularidad-de-varane-84-dias-despues\/","article:tag":["actualidad"],"article:published_time":"2014-02-11T00:26:56+00:00","article:modified_time":"2014-02-11T00:26:56+00:00","article:publisher":"https:\/\/facebook.com\/eldigitaldeasturias","twitter:card":"summary_large_image","twitter:title":"Ancelotti confirma la titularidad de Varane 84 d\u00edas despu\u00e9s - El Digital de Asturias","twitter:description":"Madrid, 10 feb (EFE).- Raphael Varane volver\u00e1 a ser titular ma\u00f1ana, en el partido de vuelta de semifinales de Copa del Rey ante el Atl\u00e9tico de Madrid en el estadio Vicente Calder\u00f3n, tras 84 d\u00edas sin jugar un partido desde que se agravasen sus problemas de rodilla en el Francia-Ucrania de repesca al Mundial 2014.","twitter:label1":"Escrito por","twitter:data1":"El Digital de Asturias","twitter:label2":"Tiempo de lectura estimado","twitter:data2":"1 minuto"},"aioseo_meta_data":{"post_id":"488106","title":null,"description":null,"keywords":null,"keyphrases":null,"primary_term":null,"canonical_url":null,"og_title":null,"og_description":null,"og_object_type":"default","og_image_type":"default","og_image_url":null,"og_image_width":null,"og_image_height":null,"og_image_custom_url":null,"og_image_custom_fields":null,"og_video":null,"og_custom_url":null,"og_article_section":null,"og_article_tags":null,"twitter_use_og":true,"twitter_card":"default","twitter_image_type":"default","twitter_image_url":null,"twitter_image_custom_url":null,"twitter_image_custom_fields":null,"twitter_title":null,"twitter_description":null,"schema":{"blockGraphs":[],"customGraphs":[],"default":{"data":{"Article":[],"Course":[],"Dataset":[],"FAQPage":[],"Movie":[],"Person":[],"Product":[],"ProductReview":[],"Car":[],"Recipe":[],"Service":[],"SoftwareApplication":[],"WebPage":[]},"graphName":"","isEnabled":true},"graphs":[],"defaultGraph":"","defaultPostTypeGraph":""},"schema_type":null,"schema_type_options":null,"pillar_content":false,"robots_default":true,"robots_noindex":false,"robots_noarchive":false,"robots_nosnippet":false,"robots_nofollow":false,"robots_noimageindex":false,"robots_noodp":false,"robots_notranslate":false,"robots_max_snippet":null,"robots_max_videopreview":null,"robots_max_imagepreview":"none","priority":null,"frequency":null,"local_seo":null,"seo_analyzer_scan_date":"2026-06-03 06:55:48","breadcrumb_settings":null,"limit_modified_date":false,"open_ai":null,"ai":null,"created":"2020-11-14 22:57:11","updated":"2026-06-03 06:55:48","focus_keyword":null,"additional_keywords":null,"truseo_locale":null},"aioseo_breadcrumb":"<div class=\"aioseo-breadcrumbs\"><span class=\"aioseo-breadcrumb\">\n\t<a href=\"https:\/\/www.eldigitaldeasturias.com\/noticias\" title=\"Home\">Home<\/a>\n<\/span><span class=\"aioseo-breadcrumb-separator\">\u2013<\/span><span class=\"aioseo-breadcrumb\">\n\t<a href=\"https:\/\/www.eldigitaldeasturias.com\/noticias\/category\/actualidad\/\" title=\"Actualidad\">Actualidad<\/a>\n<\/span><span class=\"aioseo-breadcrumb-separator\">\u2013<\/span><span class=\"aioseo-breadcrumb\">\n\t<a href=\"https:\/\/www.eldigitaldeasturias.com\/noticias\/ancelotti-confirma-la-titularidad-de-varane-84-dias-despues\/\" title=\"Ancelotti confirma la titularidad de Varane 84 d\u00edas despu\u00e9s\">Ancelotti confirma la titularidad de Varane 84 d\u00edas despu\u00e9s<\/a>\n<\/span><\/div>","aioseo_breadcrumb_json":[{"label":"Home","link":"https:\/\/www.eldigitaldeasturias.com\/noticias"},{"label":"Actualidad","link":"https:\/\/www.eldigitaldeasturias.com\/noticias\/category\/actualidad\/"},{"label":"Ancelotti confirma la titularidad de Varane 84 d\u00edas despu\u00e9s","link":"https:\/\/www.eldigitaldeasturias.com\/noticias\/ancelotti-confirma-la-titularidad-de-varane-84-dias-despues\/"}],"_links":{"self":[{"href":"https:\/\/www.eldigitaldeasturias.com\/noticias\/wp-json\/wp\/v2\/posts\/488106","targetHints":{"allow":["GET"]}}],"collection":[{"href":"https:\/\/www.eldigitaldeasturias.com\/noticias\/wp-json\/wp\/v2\/posts"}],"about":[{"href":"https:\/\/www.eldigitaldeasturias.com\/noticias\/wp-json\/wp\/v2\/types\/post"}],"author":[{"embeddable":true,"href":"https:\/\/www.eldigitaldeasturias.com\/noticias\/wp-json\/wp\/v2\/users\/1"}],"replies":[{"embeddable":true,"href":"https:\/\/www.eldigitaldeasturias.com\/noticias\/wp-json\/wp\/v2\/comments?post=488106"}],"version-history":[{"count":0,"href":"https:\/\/www.eldigitaldeasturias.com\/noticias\/wp-json\/wp\/v2\/posts\/488106\/revisions"}],"wp:attachment":[{"href":"https:\/\/www.eldigitaldeasturias.com\/noticias\/wp-json\/wp\/v2\/media?parent=488106"}],"wp:term":[{"taxonomy":"category","embeddable":true,"href":"https:\/\/www.eldigitaldeasturias.com\/noticias\/wp-json\/wp\/v2\/categories?post=488106"},{"taxonomy":"post_tag","embeddable":true,"href":"https:\/\/www.eldigitaldeasturias.com\/noticias\/wp-json\/wp\/v2\/tags?post=488106"}],"curies":[{"name":"wp","href":"https:\/\/api.w.org\/{rel}","templated":true}]}}