{"id":488063,"date":"2014-02-10T22:01:54","date_gmt":"2014-02-10T23:01:54","guid":{"rendered":"http:\/\/www.eldigitaldeasturias.com\/noticias\/?p=488063"},"modified":"2014-02-10T22:01:54","modified_gmt":"2014-02-10T23:01:54","slug":"toxo-asegura-que-espana-esta-incubando-una-nueva-crisis-en-las-arcas-de-la-seguridad-social","status":"publish","type":"post","link":"https:\/\/www.eldigitaldeasturias.com\/noticias\/toxo-asegura-que-espana-esta-incubando-una-nueva-crisis-en-las-arcas-de-la-seguridad-social\/","title":{"rendered":"Toxo asegura que Espa\u00f1a est\u00e1 incubando una nueva crisis en las arcas de la Seguridad Social"},"content":{"rendered":"<p><img loading=\"lazy\" decoding=\"async\" class=\"alignleft size-medium wp-image-488064\" alt=\"5928121w\" src=\"https:\/\/www.eldigitaldeasturias.com\/noticias\/wp-content\/uploads\/2014\/02\/5928121w-360x217.jpg\" width=\"360\" height=\"217\" \/>Albacete, 11 feb (EFE).- El secretario general de CCOO, Ignacio Fern\u00e1ndez Toxo, ha asegurado hoy que Espa\u00f1a \u00abest\u00e1 incubando\u00bb una nueva crisis en las arcas de la Seguridad Social cuando se cumplen dos a\u00f1os de la entrada en vigor de la reforma laboral del Gobierno de Rajoy y \u00abhay 800.000 cotizantes menos\u00bb.<\/p>\n<p>Fern\u00e1ndez Toxo ha hecho esta advertencia en Albacete, donde ha ofrecido una rueda de prensa junto al l\u00edder regional de CCOO, Jos\u00e9 Luis Gil, y al secretario provincial, Francisco de la Rosa, tras visitar la nueva sede del sindicato en la ciudad.<\/p>\n<p>Ha dicho que el pa\u00eds incuba esta futura crisis \u00aba pesar o a causa de la \u00faltima reforma de la Seguridad Social\u00bb, y ha urgido a que haya crecimiento de la econom\u00eda y de la creaci\u00f3n de empleo porque \u00abla Seguridad Social tiene que mejorar sus ingresos de aqu\u00ed a 2030 en tres puntos y medio del PIB\u00bb.<\/p>\n<p>Fern\u00e1ndez Toxo ha acusado al Ejecutivo central de \u00abfacilitar que se incube esta crisis\u00bb y ha insistido en que dos a\u00f1os despu\u00e9s de la reforma laboral \u00abtenemos 215.000 parados m\u00e1s y 800.000 cotizaciones menos\u00bb as\u00ed como una tasa de paro que ha pasado del 22,85 % al 26 %.<\/p>\n<p>El dirigente sindical ha asegurado que ante estos datos, \u00abmalos sin paliativos\u00bb, el Gobierno tiene alternativas, como atender las propuestas de la Confederaci\u00f3n Europea de Sindicatos, que pide inversiones que hagan recuperar la demanda interna de los pa\u00edses de la UE.<\/p>\n<p>El secretario general de CCOO ha pedido cambios de ritmo en la pol\u00edtica econ\u00f3mica y fiscal porque de lo contrario Espa\u00f1a tardar\u00e1 entre 15 y 20 a\u00f1os en recuperar el empleo que ten\u00eda en 2007.<\/p>\n<p>Asimismo, ha pedido realismo al Gobierno a la hora de valorar la situaci\u00f3n frente a la \u00abcampa\u00f1a de propaganda\u00bb con la que, en su opini\u00f3n, quieren mejorar sus resultados en las futuras elecciones europeas.<\/p>\n<p>Fern\u00e1ndez Toxo ha dicho que el Gobierno central debe corregir sus pol\u00edticas y, entre otras medidas, impulsar un \u00abreequilibrio\u00bb de las cargas fiscales, gravando m\u00e1s a las rentas m\u00e1s altas y reduciendo el IVA en algunos campos, por ejemplo en la cultura.<\/p>\n","protected":false},"excerpt":{"rendered":"<p>Albacete, 11 feb (EFE).- El secretario general de CCOO, Ignacio Fern\u00e1ndez Toxo, ha asegurado hoy que Espa\u00f1a \u00abest\u00e1 incubando\u00bb una nueva crisis en las arcas de la Seguridad Social cuando se cumplen dos a\u00f1os de la entrada en vigor de la reforma laboral del Gobierno de Rajoy y \u00abhay 800.000 cotizantes menos\u00bb. Fern\u00e1ndez Toxo ha [&hellip;]<\/p>\n","protected":false},"author":1,"featured_media":488064,"comment_status":"closed","ping_status":"closed","sticky":false,"template":"","format":"standard","meta":{"footnotes":""},"categories":[1],"tags":[],"class_list":["post-488063","post","type-post","status-publish","format-standard","has-post-thumbnail","hentry","category-actualidad"],"aioseo_notices":[],"aioseo_head":"\n\t\t<!-- All in One SEO Pro 5.0.1 - aioseo.com -->\n\t<meta name=\"description\" content=\"Albacete, 11 feb (EFE).- El secretario general de CCOO, Ignacio Fern\u00e1ndez Toxo, ha asegurado hoy que Espa\u00f1a &quot;est\u00e1 incubando&quot; una nueva crisis en las arcas de la Seguridad Social cuando se cumplen dos a\u00f1os de la entrada en vigor de la reforma laboral del Gobierno de Rajoy y &quot;hay 800.000 cotizantes menos&quot;. Fern\u00e1ndez Toxo ha\" \/>\n\t<meta name=\"robots\" content=\"max-image-preview:large\" \/>\n\t<meta name=\"author\" content=\"El Digital de Asturias\"\/>\n\t<meta name=\"google-site-verification\" content=\"UA-38556648-1\" \/>\n\t<meta name=\"msvalidate.01\" content=\"7dfe9f3f1b24437ab69f4f2559babe99\" \/>\n\t<meta name=\"keywords\" content=\"actualidad\" \/>\n\t<link rel=\"canonical\" href=\"https:\/\/www.eldigitaldeasturias.com\/noticias\/toxo-asegura-que-espana-esta-incubando-una-nueva-crisis-en-las-arcas-de-la-seguridad-social\/\" \/>\n\t<meta name=\"generator\" content=\"All in One SEO Pro (AIOSEO) 5.0.1\" \/>\n\t\t<meta property=\"og:locale\" content=\"es_ES\" \/>\n\t\t<meta property=\"og:site_name\" content=\"El Digital de Asturias\" \/>\n\t\t<meta property=\"og:type\" content=\"article\" \/>\n\t\t<meta property=\"og:title\" content=\"Toxo asegura que Espa\u00f1a est\u00e1 incubando una nueva crisis en las arcas de la Seguridad Social - El Digital de Asturias\" \/>\n\t\t<meta property=\"og:description\" content=\"Albacete, 11 feb (EFE).- El secretario general de CCOO, Ignacio Fern\u00e1ndez Toxo, ha asegurado hoy que Espa\u00f1a &quot;est\u00e1 incubando&quot; una nueva crisis en las arcas de la Seguridad Social cuando se cumplen dos a\u00f1os de la entrada en vigor de la reforma laboral del Gobierno de Rajoy y &quot;hay 800.000 cotizantes menos&quot;. Fern\u00e1ndez Toxo ha\" \/>\n\t\t<meta property=\"og:url\" content=\"https:\/\/www.eldigitaldeasturias.com\/noticias\/toxo-asegura-que-espana-esta-incubando-una-nueva-crisis-en-las-arcas-de-la-seguridad-social\/\" \/>\n\t\t<meta property=\"article:tag\" content=\"actualidad\" \/>\n\t\t<meta property=\"article:published_time\" content=\"2014-02-10T23:01:54+00:00\" \/>\n\t\t<meta property=\"article:modified_time\" content=\"2014-02-10T23:01:54+00:00\" \/>\n\t\t<meta property=\"article:publisher\" content=\"https:\/\/facebook.com\/eldigitaldeasturias\" \/>\n\t\t<meta name=\"twitter:card\" content=\"summary_large_image\" \/>\n\t\t<meta name=\"twitter:title\" content=\"Toxo asegura que Espa\u00f1a est\u00e1 incubando una nueva crisis en las arcas de la Seguridad Social - El Digital de Asturias\" \/>\n\t\t<meta name=\"twitter:description\" content=\"Albacete, 11 feb (EFE).- El secretario general de CCOO, Ignacio Fern\u00e1ndez Toxo, ha asegurado hoy que Espa\u00f1a &quot;est\u00e1 incubando&quot; una nueva crisis en las arcas de la Seguridad Social cuando se cumplen dos a\u00f1os de la entrada en vigor de la reforma laboral del Gobierno de Rajoy y &quot;hay 800.000 cotizantes menos&quot;. Fern\u00e1ndez Toxo ha\" \/>\n\t\t<meta name=\"twitter:label1\" content=\"Escrito por\" \/>\n\t\t<meta name=\"twitter:data1\" content=\"El Digital de Asturias\" \/>\n\t\t<meta name=\"twitter:label2\" content=\"Tiempo de lectura estimado\" \/>\n\t\t<meta name=\"twitter:data2\" content=\"2 minutos\" \/>\n\t\t<script type=\"application\/ld+json\" class=\"aioseo-schema\">\n\t\t\t{\"@context\":\"https:\\\/\\\/schema.org\",\"@graph\":[{\"@type\":\"BlogPosting\",\"@id\":\"https:\\\/\\\/www.eldigitaldeasturias.com\\\/noticias\\\/toxo-asegura-que-espana-esta-incubando-una-nueva-crisis-en-las-arcas-de-la-seguridad-social\\\/#blogposting\",\"name\":\"Toxo asegura que Espa\\u00f1a est\\u00e1 incubando una nueva crisis en las arcas de la Seguridad Social - El Digital de Asturias\",\"headline\":\"Toxo asegura que Espa\\u00f1a est\\u00e1 incubando una nueva crisis en las arcas de la Seguridad Social\",\"author\":{\"@id\":\"https:\\\/\\\/www.eldigitaldeasturias.com\\\/noticias\\\/author\\\/admin\\\/#author\"},\"publisher\":{\"@id\":\"https:\\\/\\\/www.eldigitaldeasturias.com\\\/noticias\\\/#organization\"},\"image\":{\"@type\":\"ImageObject\",\"url\":488064},\"datePublished\":\"2014-02-10T22:01:54+01:00\",\"dateModified\":\"2014-02-10T22:01:54+01:00\",\"inLanguage\":\"es-ES\",\"mainEntityOfPage\":{\"@id\":\"https:\\\/\\\/www.eldigitaldeasturias.com\\\/noticias\\\/toxo-asegura-que-espana-esta-incubando-una-nueva-crisis-en-las-arcas-de-la-seguridad-social\\\/#webpage\"},\"isPartOf\":{\"@id\":\"https:\\\/\\\/www.eldigitaldeasturias.com\\\/noticias\\\/toxo-asegura-que-espana-esta-incubando-una-nueva-crisis-en-las-arcas-de-la-seguridad-social\\\/#webpage\"},\"articleSection\":\"Actualidad\"},{\"@type\":\"BreadcrumbList\",\"@id\":\"https:\\\/\\\/www.eldigitaldeasturias.com\\\/noticias\\\/toxo-asegura-que-espana-esta-incubando-una-nueva-crisis-en-las-arcas-de-la-seguridad-social\\\/#breadcrumblist\",\"itemListElement\":[{\"@type\":\"ListItem\",\"@id\":\"https:\\\/\\\/www.eldigitaldeasturias.com\\\/noticias#listItem\",\"position\":1,\"name\":\"Home\",\"item\":\"https:\\\/\\\/www.eldigitaldeasturias.com\\\/noticias\",\"nextItem\":{\"@type\":\"ListItem\",\"@id\":\"https:\\\/\\\/www.eldigitaldeasturias.com\\\/noticias\\\/category\\\/actualidad\\\/#listItem\",\"name\":\"Actualidad\"}},{\"@type\":\"ListItem\",\"@id\":\"https:\\\/\\\/www.eldigitaldeasturias.com\\\/noticias\\\/category\\\/actualidad\\\/#listItem\",\"position\":2,\"name\":\"Actualidad\",\"item\":\"https:\\\/\\\/www.eldigitaldeasturias.com\\\/noticias\\\/category\\\/actualidad\\\/\",\"nextItem\":{\"@type\":\"ListItem\",\"@id\":\"https:\\\/\\\/www.eldigitaldeasturias.com\\\/noticias\\\/toxo-asegura-que-espana-esta-incubando-una-nueva-crisis-en-las-arcas-de-la-seguridad-social\\\/#listItem\",\"name\":\"Toxo asegura que Espa\\u00f1a est\\u00e1 incubando una nueva crisis en las arcas de la Seguridad Social\"},\"previousItem\":{\"@type\":\"ListItem\",\"@id\":\"https:\\\/\\\/www.eldigitaldeasturias.com\\\/noticias#listItem\",\"name\":\"Home\"}},{\"@type\":\"ListItem\",\"@id\":\"https:\\\/\\\/www.eldigitaldeasturias.com\\\/noticias\\\/toxo-asegura-que-espana-esta-incubando-una-nueva-crisis-en-las-arcas-de-la-seguridad-social\\\/#listItem\",\"position\":3,\"name\":\"Toxo asegura que Espa\\u00f1a est\\u00e1 incubando una nueva crisis en las arcas de la Seguridad Social\",\"previousItem\":{\"@type\":\"ListItem\",\"@id\":\"https:\\\/\\\/www.eldigitaldeasturias.com\\\/noticias\\\/category\\\/actualidad\\\/#listItem\",\"name\":\"Actualidad\"}}]},{\"@type\":\"Organization\",\"@id\":\"https:\\\/\\\/www.eldigitaldeasturias.com\\\/noticias\\\/#organization\",\"name\":\"El Digital de Asturias\",\"description\":\"Hemeroteca\",\"url\":\"https:\\\/\\\/www.eldigitaldeasturias.com\\\/noticias\\\/\",\"email\":\"info@eldigitaldeasturias.com\",\"telephone\":\"+34652131393\",\"logo\":{\"@type\":\"ImageObject\",\"url\":\"https:\\\/\\\/www.eldigitaldeasturias.com\\\/noticias\\\/wp-content\\\/uploads\\\/2020\\\/12\\\/EDA.jpg\",\"@id\":\"https:\\\/\\\/www.eldigitaldeasturias.com\\\/noticias\\\/toxo-asegura-que-espana-esta-incubando-una-nueva-crisis-en-las-arcas-de-la-seguridad-social\\\/#organizationLogo\"},\"image\":{\"@id\":\"https:\\\/\\\/www.eldigitaldeasturias.com\\\/noticias\\\/toxo-asegura-que-espana-esta-incubando-una-nueva-crisis-en-las-arcas-de-la-seguridad-social\\\/#organizationLogo\"},\"sameAs\":[\"https:\\\/\\\/facebook.com\\\/eldigitaldeasturias\",\"https:\\\/\\\/www.youtube.com\\\/channel\\\/UCZP-2wLEB9Rv6erhFmqVnvg\"],\"address\":{\"@id\":\"https:\\\/\\\/www.eldigitaldeasturias.com\\\/noticias\\\/#postaladdress\",\"@type\":\"PostalAddress\",\"streetAddress\":\"san antonio 4\",\"postalCode\":\"33430\",\"addressLocality\":\"Cand\\u00e1s\",\"addressRegion\":\"Asturias\",\"addressCountry\":\"ES\"}},{\"@type\":\"Person\",\"@id\":\"https:\\\/\\\/www.eldigitaldeasturias.com\\\/noticias\\\/author\\\/admin\\\/#author\",\"url\":\"https:\\\/\\\/www.eldigitaldeasturias.com\\\/noticias\\\/author\\\/admin\\\/\",\"name\":\"El Digital de Asturias\",\"image\":{\"@type\":\"ImageObject\",\"@id\":\"https:\\\/\\\/www.eldigitaldeasturias.com\\\/noticias\\\/toxo-asegura-que-espana-esta-incubando-una-nueva-crisis-en-las-arcas-de-la-seguridad-social\\\/#authorImage\",\"url\":\"https:\\\/\\\/secure.gravatar.com\\\/avatar\\\/df2aeffc32bcd13f8d26072ef8a91b623d677766deac7f97ca815868cd41bf5e?s=96&d=mm&r=g\",\"width\":96,\"height\":96,\"caption\":\"El Digital de Asturias\"}},{\"@type\":\"WebPage\",\"@id\":\"https:\\\/\\\/www.eldigitaldeasturias.com\\\/noticias\\\/toxo-asegura-que-espana-esta-incubando-una-nueva-crisis-en-las-arcas-de-la-seguridad-social\\\/#webpage\",\"url\":\"https:\\\/\\\/www.eldigitaldeasturias.com\\\/noticias\\\/toxo-asegura-que-espana-esta-incubando-una-nueva-crisis-en-las-arcas-de-la-seguridad-social\\\/\",\"name\":\"Toxo asegura que Espa\\u00f1a est\\u00e1 incubando una nueva crisis en las arcas de la Seguridad Social - El Digital de Asturias\",\"description\":\"Albacete, 11 feb (EFE).- El secretario general de CCOO, Ignacio Fern\\u00e1ndez Toxo, ha asegurado hoy que Espa\\u00f1a \\\"est\\u00e1 incubando\\\" una nueva crisis en las arcas de la Seguridad Social cuando se cumplen dos a\\u00f1os de la entrada en vigor de la reforma laboral del Gobierno de Rajoy y \\\"hay 800.000 cotizantes menos\\\". Fern\\u00e1ndez Toxo ha\",\"inLanguage\":\"es-ES\",\"isPartOf\":{\"@id\":\"https:\\\/\\\/www.eldigitaldeasturias.com\\\/noticias\\\/#website\"},\"breadcrumb\":{\"@id\":\"https:\\\/\\\/www.eldigitaldeasturias.com\\\/noticias\\\/toxo-asegura-que-espana-esta-incubando-una-nueva-crisis-en-las-arcas-de-la-seguridad-social\\\/#breadcrumblist\"},\"author\":{\"@id\":\"https:\\\/\\\/www.eldigitaldeasturias.com\\\/noticias\\\/author\\\/admin\\\/#author\"},\"creator\":{\"@id\":\"https:\\\/\\\/www.eldigitaldeasturias.com\\\/noticias\\\/author\\\/admin\\\/#author\"},\"image\":{\"@type\":\"ImageObject\",\"url\":488064,\"@id\":\"https:\\\/\\\/www.eldigitaldeasturias.com\\\/noticias\\\/toxo-asegura-que-espana-esta-incubando-una-nueva-crisis-en-las-arcas-de-la-seguridad-social\\\/#mainImage\"},\"primaryImageOfPage\":{\"@id\":\"https:\\\/\\\/www.eldigitaldeasturias.com\\\/noticias\\\/toxo-asegura-que-espana-esta-incubando-una-nueva-crisis-en-las-arcas-de-la-seguridad-social\\\/#mainImage\"},\"datePublished\":\"2014-02-10T22:01:54+01:00\",\"dateModified\":\"2014-02-10T22:01:54+01:00\"},{\"@type\":\"WebSite\",\"@id\":\"https:\\\/\\\/www.eldigitaldeasturias.com\\\/noticias\\\/#website\",\"url\":\"https:\\\/\\\/www.eldigitaldeasturias.com\\\/noticias\\\/\",\"name\":\"El Digital de Asturias - Diario de actualidad y noticias\",\"alternateName\":\"El Digital de Asturias - Diario de actualidad y noticias\",\"description\":\"Hemeroteca\",\"inLanguage\":\"es-ES\",\"publisher\":{\"@id\":\"https:\\\/\\\/www.eldigitaldeasturias.com\\\/noticias\\\/#organization\"}}]}\n\t\t<\/script>\n\t\t<!-- All in One SEO Pro -->\r\n\t\t<title>Toxo asegura que Espa\u00f1a est\u00e1 incubando una nueva crisis en las arcas de la Seguridad Social - El Digital de Asturias<\/title>\n\n","aioseo_head_json":{"title":"Toxo asegura que Espa\u00f1a est\u00e1 incubando una nueva crisis en las arcas de la Seguridad Social - El Digital de Asturias","description":"Albacete, 11 feb (EFE).- El secretario general de CCOO, Ignacio Fern\u00e1ndez Toxo, ha asegurado hoy que Espa\u00f1a \"est\u00e1 incubando\" una nueva crisis en las arcas de la Seguridad Social cuando se cumplen dos a\u00f1os de la entrada en vigor de la reforma laboral del Gobierno de Rajoy y \"hay 800.000 cotizantes menos\". Fern\u00e1ndez Toxo ha","canonical_url":"https:\/\/www.eldigitaldeasturias.com\/noticias\/toxo-asegura-que-espana-esta-incubando-una-nueva-crisis-en-las-arcas-de-la-seguridad-social\/","robots":"max-image-preview:large","keywords":"actualidad","webmasterTools":{"google-site-verification":"UA-38556648-1","msvalidate.01":"7dfe9f3f1b24437ab69f4f2559babe99","miscellaneous":""},"schema":{"@context":"https:\/\/schema.org","@graph":[{"@type":"BlogPosting","@id":"https:\/\/www.eldigitaldeasturias.com\/noticias\/toxo-asegura-que-espana-esta-incubando-una-nueva-crisis-en-las-arcas-de-la-seguridad-social\/#blogposting","name":"Toxo asegura que Espa\u00f1a est\u00e1 incubando una nueva crisis en las arcas de la Seguridad Social - El Digital de Asturias","headline":"Toxo asegura que Espa\u00f1a est\u00e1 incubando una nueva crisis en las arcas de la Seguridad Social","author":{"@id":"https:\/\/www.eldigitaldeasturias.com\/noticias\/author\/admin\/#author"},"publisher":{"@id":"https:\/\/www.eldigitaldeasturias.com\/noticias\/#organization"},"image":{"@type":"ImageObject","url":488064},"datePublished":"2014-02-10T22:01:54+01:00","dateModified":"2014-02-10T22:01:54+01:00","inLanguage":"es-ES","mainEntityOfPage":{"@id":"https:\/\/www.eldigitaldeasturias.com\/noticias\/toxo-asegura-que-espana-esta-incubando-una-nueva-crisis-en-las-arcas-de-la-seguridad-social\/#webpage"},"isPartOf":{"@id":"https:\/\/www.eldigitaldeasturias.com\/noticias\/toxo-asegura-que-espana-esta-incubando-una-nueva-crisis-en-las-arcas-de-la-seguridad-social\/#webpage"},"articleSection":"Actualidad"},{"@type":"BreadcrumbList","@id":"https:\/\/www.eldigitaldeasturias.com\/noticias\/toxo-asegura-que-espana-esta-incubando-una-nueva-crisis-en-las-arcas-de-la-seguridad-social\/#breadcrumblist","itemListElement":[{"@type":"ListItem","@id":"https:\/\/www.eldigitaldeasturias.com\/noticias#listItem","position":1,"name":"Home","item":"https:\/\/www.eldigitaldeasturias.com\/noticias","nextItem":{"@type":"ListItem","@id":"https:\/\/www.eldigitaldeasturias.com\/noticias\/category\/actualidad\/#listItem","name":"Actualidad"}},{"@type":"ListItem","@id":"https:\/\/www.eldigitaldeasturias.com\/noticias\/category\/actualidad\/#listItem","position":2,"name":"Actualidad","item":"https:\/\/www.eldigitaldeasturias.com\/noticias\/category\/actualidad\/","nextItem":{"@type":"ListItem","@id":"https:\/\/www.eldigitaldeasturias.com\/noticias\/toxo-asegura-que-espana-esta-incubando-una-nueva-crisis-en-las-arcas-de-la-seguridad-social\/#listItem","name":"Toxo asegura que Espa\u00f1a est\u00e1 incubando una nueva crisis en las arcas de la Seguridad Social"},"previousItem":{"@type":"ListItem","@id":"https:\/\/www.eldigitaldeasturias.com\/noticias#listItem","name":"Home"}},{"@type":"ListItem","@id":"https:\/\/www.eldigitaldeasturias.com\/noticias\/toxo-asegura-que-espana-esta-incubando-una-nueva-crisis-en-las-arcas-de-la-seguridad-social\/#listItem","position":3,"name":"Toxo asegura que Espa\u00f1a est\u00e1 incubando una nueva crisis en las arcas de la Seguridad Social","previousItem":{"@type":"ListItem","@id":"https:\/\/www.eldigitaldeasturias.com\/noticias\/category\/actualidad\/#listItem","name":"Actualidad"}}]},{"@type":"Organization","@id":"https:\/\/www.eldigitaldeasturias.com\/noticias\/#organization","name":"El Digital de Asturias","description":"Hemeroteca","url":"https:\/\/www.eldigitaldeasturias.com\/noticias\/","email":"info@eldigitaldeasturias.com","telephone":"+34652131393","logo":{"@type":"ImageObject","url":"https:\/\/www.eldigitaldeasturias.com\/noticias\/wp-content\/uploads\/2020\/12\/EDA.jpg","@id":"https:\/\/www.eldigitaldeasturias.com\/noticias\/toxo-asegura-que-espana-esta-incubando-una-nueva-crisis-en-las-arcas-de-la-seguridad-social\/#organizationLogo"},"image":{"@id":"https:\/\/www.eldigitaldeasturias.com\/noticias\/toxo-asegura-que-espana-esta-incubando-una-nueva-crisis-en-las-arcas-de-la-seguridad-social\/#organizationLogo"},"sameAs":["https:\/\/facebook.com\/eldigitaldeasturias","https:\/\/www.youtube.com\/channel\/UCZP-2wLEB9Rv6erhFmqVnvg"],"address":{"@id":"https:\/\/www.eldigitaldeasturias.com\/noticias\/#postaladdress","@type":"PostalAddress","streetAddress":"san antonio 4","postalCode":"33430","addressLocality":"Cand\u00e1s","addressRegion":"Asturias","addressCountry":"ES"}},{"@type":"Person","@id":"https:\/\/www.eldigitaldeasturias.com\/noticias\/author\/admin\/#author","url":"https:\/\/www.eldigitaldeasturias.com\/noticias\/author\/admin\/","name":"El Digital de Asturias","image":{"@type":"ImageObject","@id":"https:\/\/www.eldigitaldeasturias.com\/noticias\/toxo-asegura-que-espana-esta-incubando-una-nueva-crisis-en-las-arcas-de-la-seguridad-social\/#authorImage","url":"https:\/\/secure.gravatar.com\/avatar\/df2aeffc32bcd13f8d26072ef8a91b623d677766deac7f97ca815868cd41bf5e?s=96&d=mm&r=g","width":96,"height":96,"caption":"El Digital de Asturias"}},{"@type":"WebPage","@id":"https:\/\/www.eldigitaldeasturias.com\/noticias\/toxo-asegura-que-espana-esta-incubando-una-nueva-crisis-en-las-arcas-de-la-seguridad-social\/#webpage","url":"https:\/\/www.eldigitaldeasturias.com\/noticias\/toxo-asegura-que-espana-esta-incubando-una-nueva-crisis-en-las-arcas-de-la-seguridad-social\/","name":"Toxo asegura que Espa\u00f1a est\u00e1 incubando una nueva crisis en las arcas de la Seguridad Social - El Digital de Asturias","description":"Albacete, 11 feb (EFE).- El secretario general de CCOO, Ignacio Fern\u00e1ndez Toxo, ha asegurado hoy que Espa\u00f1a \"est\u00e1 incubando\" una nueva crisis en las arcas de la Seguridad Social cuando se cumplen dos a\u00f1os de la entrada en vigor de la reforma laboral del Gobierno de Rajoy y \"hay 800.000 cotizantes menos\". Fern\u00e1ndez Toxo ha","inLanguage":"es-ES","isPartOf":{"@id":"https:\/\/www.eldigitaldeasturias.com\/noticias\/#website"},"breadcrumb":{"@id":"https:\/\/www.eldigitaldeasturias.com\/noticias\/toxo-asegura-que-espana-esta-incubando-una-nueva-crisis-en-las-arcas-de-la-seguridad-social\/#breadcrumblist"},"author":{"@id":"https:\/\/www.eldigitaldeasturias.com\/noticias\/author\/admin\/#author"},"creator":{"@id":"https:\/\/www.eldigitaldeasturias.com\/noticias\/author\/admin\/#author"},"image":{"@type":"ImageObject","url":488064,"@id":"https:\/\/www.eldigitaldeasturias.com\/noticias\/toxo-asegura-que-espana-esta-incubando-una-nueva-crisis-en-las-arcas-de-la-seguridad-social\/#mainImage"},"primaryImageOfPage":{"@id":"https:\/\/www.eldigitaldeasturias.com\/noticias\/toxo-asegura-que-espana-esta-incubando-una-nueva-crisis-en-las-arcas-de-la-seguridad-social\/#mainImage"},"datePublished":"2014-02-10T22:01:54+01:00","dateModified":"2014-02-10T22:01:54+01:00"},{"@type":"WebSite","@id":"https:\/\/www.eldigitaldeasturias.com\/noticias\/#website","url":"https:\/\/www.eldigitaldeasturias.com\/noticias\/","name":"El Digital de Asturias - Diario de actualidad y noticias","alternateName":"El Digital de Asturias - Diario de actualidad y noticias","description":"Hemeroteca","inLanguage":"es-ES","publisher":{"@id":"https:\/\/www.eldigitaldeasturias.com\/noticias\/#organization"}}]},"og:locale":"es_ES","og:site_name":"El Digital de Asturias","og:type":"article","og:title":"Toxo asegura que Espa\u00f1a est\u00e1 incubando una nueva crisis en las arcas de la Seguridad Social - El Digital de Asturias","og:description":"Albacete, 11 feb (EFE).- El secretario general de CCOO, Ignacio Fern\u00e1ndez Toxo, ha asegurado hoy que Espa\u00f1a &quot;est\u00e1 incubando&quot; una nueva crisis en las arcas de la Seguridad Social cuando se cumplen dos a\u00f1os de la entrada en vigor de la reforma laboral del Gobierno de Rajoy y &quot;hay 800.000 cotizantes menos&quot;. Fern\u00e1ndez Toxo ha","og:url":"https:\/\/www.eldigitaldeasturias.com\/noticias\/toxo-asegura-que-espana-esta-incubando-una-nueva-crisis-en-las-arcas-de-la-seguridad-social\/","article:tag":["actualidad"],"article:published_time":"2014-02-10T23:01:54+00:00","article:modified_time":"2014-02-10T23:01:54+00:00","article:publisher":"https:\/\/facebook.com\/eldigitaldeasturias","twitter:card":"summary_large_image","twitter:title":"Toxo asegura que Espa\u00f1a est\u00e1 incubando una nueva crisis en las arcas de la Seguridad Social - El Digital de Asturias","twitter:description":"Albacete, 11 feb (EFE).- El secretario general de CCOO, Ignacio Fern\u00e1ndez Toxo, ha asegurado hoy que Espa\u00f1a &quot;est\u00e1 incubando&quot; una nueva crisis en las arcas de la Seguridad Social cuando se cumplen dos a\u00f1os de la entrada en vigor de la reforma laboral del Gobierno de Rajoy y &quot;hay 800.000 cotizantes menos&quot;. Fern\u00e1ndez Toxo ha","twitter:label1":"Escrito por","twitter:data1":"El Digital de Asturias","twitter:label2":"Tiempo de lectura estimado","twitter:data2":"2 minutos"},"aioseo_meta_data":{"post_id":"488063","title":null,"description":null,"keywords":null,"keyphrases":null,"primary_term":null,"canonical_url":null,"og_title":null,"og_description":null,"og_object_type":"default","og_image_type":"default","og_image_url":null,"og_image_width":null,"og_image_height":null,"og_image_custom_url":null,"og_image_custom_fields":null,"og_video":null,"og_custom_url":null,"og_article_section":null,"og_article_tags":null,"twitter_use_og":true,"twitter_card":"default","twitter_image_type":"default","twitter_image_url":null,"twitter_image_custom_url":null,"twitter_image_custom_fields":null,"twitter_title":null,"twitter_description":null,"schema":{"blockGraphs":[],"customGraphs":[],"default":{"data":{"Article":[],"Course":[],"Dataset":[],"FAQPage":[],"Movie":[],"Person":[],"Product":[],"ProductReview":[],"Car":[],"Recipe":[],"Service":[],"SoftwareApplication":[],"WebPage":[]},"graphName":"","isEnabled":true},"graphs":[],"defaultGraph":"","defaultPostTypeGraph":""},"schema_type":null,"schema_type_options":null,"pillar_content":false,"robots_default":true,"robots_noindex":false,"robots_noarchive":false,"robots_nosnippet":false,"robots_nofollow":false,"robots_noimageindex":false,"robots_noodp":false,"robots_notranslate":false,"robots_max_snippet":null,"robots_max_videopreview":null,"robots_max_imagepreview":"none","priority":null,"frequency":null,"local_seo":null,"seo_analyzer_scan_date":"2026-06-03 06:46:43","breadcrumb_settings":null,"limit_modified_date":false,"open_ai":null,"ai":null,"created":"2020-11-14 22:57:06","updated":"2026-06-03 06:46:43","focus_keyword":null,"additional_keywords":null,"truseo_locale":null},"aioseo_breadcrumb":"<div class=\"aioseo-breadcrumbs\"><span class=\"aioseo-breadcrumb\">\n\t<a href=\"https:\/\/www.eldigitaldeasturias.com\/noticias\" title=\"Home\">Home<\/a>\n<\/span><span class=\"aioseo-breadcrumb-separator\">\u2013<\/span><span class=\"aioseo-breadcrumb\">\n\t<a href=\"https:\/\/www.eldigitaldeasturias.com\/noticias\/category\/actualidad\/\" title=\"Actualidad\">Actualidad<\/a>\n<\/span><span class=\"aioseo-breadcrumb-separator\">\u2013<\/span><span class=\"aioseo-breadcrumb\">\n\t<a href=\"https:\/\/www.eldigitaldeasturias.com\/noticias\/toxo-asegura-que-espana-esta-incubando-una-nueva-crisis-en-las-arcas-de-la-seguridad-social\/\" title=\"Toxo asegura que Espa\u00f1a est\u00e1 incubando una nueva crisis en las arcas de la Seguridad Social\">Toxo asegura que Espa\u00f1a est\u00e1 incubando una nueva crisis en las arcas de la Seguridad Social<\/a>\n<\/span><\/div>","aioseo_breadcrumb_json":[{"label":"Home","link":"https:\/\/www.eldigitaldeasturias.com\/noticias"},{"label":"Actualidad","link":"https:\/\/www.eldigitaldeasturias.com\/noticias\/category\/actualidad\/"},{"label":"Toxo asegura que Espa\u00f1a est\u00e1 incubando una nueva crisis en las arcas de la Seguridad Social","link":"https:\/\/www.eldigitaldeasturias.com\/noticias\/toxo-asegura-que-espana-esta-incubando-una-nueva-crisis-en-las-arcas-de-la-seguridad-social\/"}],"_links":{"self":[{"href":"https:\/\/www.eldigitaldeasturias.com\/noticias\/wp-json\/wp\/v2\/posts\/488063","targetHints":{"allow":["GET"]}}],"collection":[{"href":"https:\/\/www.eldigitaldeasturias.com\/noticias\/wp-json\/wp\/v2\/posts"}],"about":[{"href":"https:\/\/www.eldigitaldeasturias.com\/noticias\/wp-json\/wp\/v2\/types\/post"}],"author":[{"embeddable":true,"href":"https:\/\/www.eldigitaldeasturias.com\/noticias\/wp-json\/wp\/v2\/users\/1"}],"replies":[{"embeddable":true,"href":"https:\/\/www.eldigitaldeasturias.com\/noticias\/wp-json\/wp\/v2\/comments?post=488063"}],"version-history":[{"count":0,"href":"https:\/\/www.eldigitaldeasturias.com\/noticias\/wp-json\/wp\/v2\/posts\/488063\/revisions"}],"wp:attachment":[{"href":"https:\/\/www.eldigitaldeasturias.com\/noticias\/wp-json\/wp\/v2\/media?parent=488063"}],"wp:term":[{"taxonomy":"category","embeddable":true,"href":"https:\/\/www.eldigitaldeasturias.com\/noticias\/wp-json\/wp\/v2\/categories?post=488063"},{"taxonomy":"post_tag","embeddable":true,"href":"https:\/\/www.eldigitaldeasturias.com\/noticias\/wp-json\/wp\/v2\/tags?post=488063"}],"curies":[{"name":"wp","href":"https:\/\/api.w.org\/{rel}","templated":true}]}}