{"id":488060,"date":"2014-02-10T22:00:12","date_gmt":"2014-02-10T23:00:12","guid":{"rendered":"http:\/\/www.eldigitaldeasturias.com\/noticias\/?p=488060"},"modified":"2014-02-10T22:00:12","modified_gmt":"2014-02-10T23:00:12","slug":"la-fiscalia-podria-pedir-entre-10-y-19-anos-de-carcel-para-urdangarin","status":"publish","type":"post","link":"https:\/\/www.eldigitaldeasturias.com\/noticias\/la-fiscalia-podria-pedir-entre-10-y-19-anos-de-carcel-para-urdangarin\/","title":{"rendered":"La Fiscal\u00eda podr\u00eda pedir entre 10 y 19 a\u00f1os de c\u00e1rcel para Urdangarin"},"content":{"rendered":"<p><img loading=\"lazy\" decoding=\"async\" class=\"alignleft size-medium wp-image-488061\" alt=\"5927803w\" src=\"https:\/\/www.eldigitaldeasturias.com\/noticias\/wp-content\/uploads\/2014\/02\/5927803w-360x197.jpg\" width=\"360\" height=\"197\" \/>Palma, 10 feb (EFE).- La Fiscal\u00eda Anticorrupci\u00f3n podr\u00eda solicitar una pena de prisi\u00f3n para I\u00f1aki Urdangarin en el caso N\u00f3os, cuando elabore su escrito de acusaci\u00f3n, de entre diez y diecinueve a\u00f1os por los delitos de malversaci\u00f3n, prevaricaci\u00f3n, falsedad documental, fraude a la Administraci\u00f3n y dos delitos fiscales.<\/p>\n<p>Diez a\u00f1os de prisi\u00f3n ser\u00eda la pena m\u00ednima que reflejar\u00eda el escrito de acusaci\u00f3n en el caso de que contemple los tipos m\u00e1s reducidos por cada uno de los seis delitos por los que ser\u00eda acusado el duque de Palma, y diecinueve la m\u00e1xima, han informado a Efe fuentes jur\u00eddicas.<\/p>\n<p>La fijaci\u00f3n de las penas que solicitar\u00e1 la Fiscal\u00eda depende tambi\u00e9n de si alguno de los ahora imputados deposita dinero para compensar el posible da\u00f1o causado a las arcas p\u00fablicas antes de que se formule el escrito de acusaci\u00f3n, un hecho que podr\u00eda ser considerado atenuante y que la condena pedida fuera menor.<\/p>\n<p>Tras la declaraci\u00f3n de la infanta Cristina como imputada el pasado s\u00e1bado, la instrucci\u00f3n del caso se encuentra en su recta final a falta tan solo de algunas decisiones que debe adoptar el juez instructor, Jos\u00e9 Castro, sobre nuevas declaraciones de testigos solicitadas por el exsocio de Urdangarin, Diego Torres.<\/p>\n<p>Una vez resuelva esa cuesti\u00f3n, el magistrado previsiblemente dictar\u00e1 el auto de transformaci\u00f3n a procedimiento abreviado, en el que discriminar\u00e1 qui\u00e9nes continuar\u00e1n imputados y qui\u00e9nes no.<\/p>\n<p>Posteriormente, la Fiscal\u00eda Anticorrupci\u00f3n dictar\u00e1 el escrito de acusaci\u00f3n en el que concretar\u00e1 acusados, delitos y penas que solicitar\u00e1 para cada uno de ellos.<\/p>\n<p>En el caso de la infanta Cristina, para quien la Fiscal\u00eda Anticorrupci\u00f3n podr\u00eda solicitar que pague en torno a 600.000 euros en concepto de responsabilidad civil a t\u00edtulo lucrativo, esta petici\u00f3n tampoco llegar\u00eda a formularse en el escrito de acusaci\u00f3n si su defensa consignara una cantidad previamente.<\/p>\n<p>La cuant\u00eda a reclamar a la infanta ser\u00eda la de los gastos particulares que realiz\u00f3 ella, del 50 % percibido por la empresa Aizoon de los fondos p\u00fablicos presuntamente malversados por el Instituto N\u00f3os entre 2003 y 2007.<\/p>\n<p>Para el otro principal imputado en el caso N\u00f3os junto a Urdangarin, su exsocio Diego Torres, se le acusar\u00eda por los mismos delitos que al duque de Palma salvo el fraude fiscal, por lo que la pena oscilar\u00eda entre seis y catorce a\u00f1os.<\/p>\n<p>Otros imputados que previsiblemente ser\u00e1n acusados son el responsable contable y financiero del Instituto N\u00f3os, Marco Antonio Tejeiro, y el secretario y gestor jur\u00eddico de la entidad Miguel Tejeiro.<\/p>\n<p>La imputaci\u00f3n de la mujer de Torres, Ana Mar\u00eda Tejeiro, y del secretario de las infantas, Carlos Garc\u00eda Revenga, (responsable de recursos humanos del instituto y tesorero, respectivamente) podr\u00eda ser sobrese\u00edda.<\/p>\n<p>Por los fondos p\u00fablicos presuntamente desviados desde Baleares, para el expresidente Jaume Matas la Fiscal\u00eda podr\u00eda solicitar entre 4 y 8 a\u00f1os por malversaci\u00f3n, adem\u00e1s de inhabilitaci\u00f3n por prevaricaci\u00f3n, y hay tambi\u00e9n otros exaltos cargos del Govern balear que por el momento siguen imputados en la causa.<\/p>\n<p>La Fiscal\u00eda Anticorrupci\u00f3n tambi\u00e9n deber\u00e1 decidir si acusa y solicita condenas para varios altos cargos de Valencia imputados por los fondos concedidos a N\u00f3os por la organizaci\u00f3n de las cumbres Valencia Summit y la candidatura a los juegos europeos.<\/p>\n<p>En la misma situaci\u00f3n figuran tres altos cargos de la Fundaci\u00f3n Madrid 2016, por un contrato de prestaci\u00f3n de servicios de lobby de apoyo a la candidatura ol\u00edmpica que fue articulado como donaciones a la Fundaci\u00f3n Deporte, Cultura de Integraci\u00f3n Social (Fdcis), considerada sucesora de N\u00f3os.<\/p>\n","protected":false},"excerpt":{"rendered":"<p>Palma, 10 feb (EFE).- La Fiscal\u00eda Anticorrupci\u00f3n podr\u00eda solicitar una pena de prisi\u00f3n para I\u00f1aki Urdangarin en el caso N\u00f3os, cuando elabore su escrito de acusaci\u00f3n, de entre diez y diecinueve a\u00f1os por los delitos de malversaci\u00f3n, prevaricaci\u00f3n, falsedad documental, fraude a la Administraci\u00f3n y dos delitos fiscales. Diez a\u00f1os de prisi\u00f3n ser\u00eda la pena [&hellip;]<\/p>\n","protected":false},"author":1,"featured_media":488061,"comment_status":"closed","ping_status":"closed","sticky":false,"template":"","format":"standard","meta":{"footnotes":""},"categories":[1,5],"tags":[],"class_list":["post-488060","post","type-post","status-publish","format-standard","has-post-thumbnail","hentry","category-actualidad","category-sucesos"],"aioseo_notices":[],"aioseo_head":"\n\t\t<!-- All in One SEO Pro 5.0.1 - aioseo.com -->\n\t<meta name=\"description\" content=\"Palma, 10 feb (EFE).- La Fiscal\u00eda Anticorrupci\u00f3n podr\u00eda solicitar una pena de prisi\u00f3n para I\u00f1aki Urdangarin en el caso N\u00f3os, cuando elabore su escrito de acusaci\u00f3n, de entre diez y diecinueve a\u00f1os por los delitos de malversaci\u00f3n, prevaricaci\u00f3n, falsedad documental, fraude a la Administraci\u00f3n y dos delitos fiscales. Diez a\u00f1os de prisi\u00f3n ser\u00eda la pena\" \/>\n\t<meta name=\"robots\" content=\"max-image-preview:large\" \/>\n\t<meta name=\"author\" content=\"El Digital de Asturias\"\/>\n\t<meta name=\"google-site-verification\" content=\"UA-38556648-1\" \/>\n\t<meta name=\"msvalidate.01\" content=\"7dfe9f3f1b24437ab69f4f2559babe99\" \/>\n\t<meta name=\"keywords\" content=\"actualidad,sucesos\" \/>\n\t<link rel=\"canonical\" href=\"https:\/\/www.eldigitaldeasturias.com\/noticias\/la-fiscalia-podria-pedir-entre-10-y-19-anos-de-carcel-para-urdangarin\/\" \/>\n\t<meta name=\"generator\" content=\"All in One SEO Pro (AIOSEO) 5.0.1\" \/>\n\t\t<meta property=\"og:locale\" content=\"es_ES\" \/>\n\t\t<meta property=\"og:site_name\" content=\"El Digital de Asturias\" \/>\n\t\t<meta property=\"og:type\" content=\"article\" \/>\n\t\t<meta property=\"og:title\" content=\"La Fiscal\u00eda podr\u00eda pedir entre 10 y 19 a\u00f1os de c\u00e1rcel para Urdangarin - El Digital de Asturias\" \/>\n\t\t<meta property=\"og:description\" content=\"Palma, 10 feb (EFE).- La Fiscal\u00eda Anticorrupci\u00f3n podr\u00eda solicitar una pena de prisi\u00f3n para I\u00f1aki Urdangarin en el caso N\u00f3os, cuando elabore su escrito de acusaci\u00f3n, de entre diez y diecinueve a\u00f1os por los delitos de malversaci\u00f3n, prevaricaci\u00f3n, falsedad documental, fraude a la Administraci\u00f3n y dos delitos fiscales. Diez a\u00f1os de prisi\u00f3n ser\u00eda la pena\" \/>\n\t\t<meta property=\"og:url\" content=\"https:\/\/www.eldigitaldeasturias.com\/noticias\/la-fiscalia-podria-pedir-entre-10-y-19-anos-de-carcel-para-urdangarin\/\" \/>\n\t\t<meta property=\"article:tag\" content=\"actualidad\" \/>\n\t\t<meta property=\"article:tag\" content=\"sucesos\" \/>\n\t\t<meta property=\"article:published_time\" content=\"2014-02-10T23:00:12+00:00\" \/>\n\t\t<meta property=\"article:modified_time\" content=\"2014-02-10T23:00:12+00:00\" \/>\n\t\t<meta property=\"article:publisher\" content=\"https:\/\/facebook.com\/eldigitaldeasturias\" \/>\n\t\t<meta name=\"twitter:card\" content=\"summary_large_image\" \/>\n\t\t<meta name=\"twitter:title\" content=\"La Fiscal\u00eda podr\u00eda pedir entre 10 y 19 a\u00f1os de c\u00e1rcel para Urdangarin - El Digital de Asturias\" \/>\n\t\t<meta name=\"twitter:description\" content=\"Palma, 10 feb (EFE).- La Fiscal\u00eda Anticorrupci\u00f3n podr\u00eda solicitar una pena de prisi\u00f3n para I\u00f1aki Urdangarin en el caso N\u00f3os, cuando elabore su escrito de acusaci\u00f3n, de entre diez y diecinueve a\u00f1os por los delitos de malversaci\u00f3n, prevaricaci\u00f3n, falsedad documental, fraude a la Administraci\u00f3n y dos delitos fiscales. Diez a\u00f1os de prisi\u00f3n ser\u00eda la pena\" \/>\n\t\t<meta name=\"twitter:label1\" content=\"Escrito por\" \/>\n\t\t<meta name=\"twitter:data1\" content=\"El Digital de Asturias\" \/>\n\t\t<meta name=\"twitter:label2\" content=\"Tiempo de lectura estimado\" \/>\n\t\t<meta name=\"twitter:data2\" content=\"3 minutos\" \/>\n\t\t<script type=\"application\/ld+json\" class=\"aioseo-schema\">\n\t\t\t{\"@context\":\"https:\\\/\\\/schema.org\",\"@graph\":[{\"@type\":\"BlogPosting\",\"@id\":\"https:\\\/\\\/www.eldigitaldeasturias.com\\\/noticias\\\/la-fiscalia-podria-pedir-entre-10-y-19-anos-de-carcel-para-urdangarin\\\/#blogposting\",\"name\":\"La Fiscal\\u00eda podr\\u00eda pedir entre 10 y 19 a\\u00f1os de c\\u00e1rcel para Urdangarin - El Digital de Asturias\",\"headline\":\"La Fiscal\\u00eda podr\\u00eda pedir entre 10 y 19 a\\u00f1os de c\\u00e1rcel para Urdangarin\",\"author\":{\"@id\":\"https:\\\/\\\/www.eldigitaldeasturias.com\\\/noticias\\\/author\\\/admin\\\/#author\"},\"publisher\":{\"@id\":\"https:\\\/\\\/www.eldigitaldeasturias.com\\\/noticias\\\/#organization\"},\"image\":{\"@type\":\"ImageObject\",\"url\":488061},\"datePublished\":\"2014-02-10T22:00:12+01:00\",\"dateModified\":\"2014-02-10T22:00:12+01:00\",\"inLanguage\":\"es-ES\",\"mainEntityOfPage\":{\"@id\":\"https:\\\/\\\/www.eldigitaldeasturias.com\\\/noticias\\\/la-fiscalia-podria-pedir-entre-10-y-19-anos-de-carcel-para-urdangarin\\\/#webpage\"},\"isPartOf\":{\"@id\":\"https:\\\/\\\/www.eldigitaldeasturias.com\\\/noticias\\\/la-fiscalia-podria-pedir-entre-10-y-19-anos-de-carcel-para-urdangarin\\\/#webpage\"},\"articleSection\":\"Actualidad, Sucesos\"},{\"@type\":\"BreadcrumbList\",\"@id\":\"https:\\\/\\\/www.eldigitaldeasturias.com\\\/noticias\\\/la-fiscalia-podria-pedir-entre-10-y-19-anos-de-carcel-para-urdangarin\\\/#breadcrumblist\",\"itemListElement\":[{\"@type\":\"ListItem\",\"@id\":\"https:\\\/\\\/www.eldigitaldeasturias.com\\\/noticias#listItem\",\"position\":1,\"name\":\"Home\",\"item\":\"https:\\\/\\\/www.eldigitaldeasturias.com\\\/noticias\",\"nextItem\":{\"@type\":\"ListItem\",\"@id\":\"https:\\\/\\\/www.eldigitaldeasturias.com\\\/noticias\\\/category\\\/actualidad\\\/#listItem\",\"name\":\"Actualidad\"}},{\"@type\":\"ListItem\",\"@id\":\"https:\\\/\\\/www.eldigitaldeasturias.com\\\/noticias\\\/category\\\/actualidad\\\/#listItem\",\"position\":2,\"name\":\"Actualidad\",\"item\":\"https:\\\/\\\/www.eldigitaldeasturias.com\\\/noticias\\\/category\\\/actualidad\\\/\",\"nextItem\":{\"@type\":\"ListItem\",\"@id\":\"https:\\\/\\\/www.eldigitaldeasturias.com\\\/noticias\\\/la-fiscalia-podria-pedir-entre-10-y-19-anos-de-carcel-para-urdangarin\\\/#listItem\",\"name\":\"La Fiscal\\u00eda podr\\u00eda pedir entre 10 y 19 a\\u00f1os de c\\u00e1rcel para Urdangarin\"},\"previousItem\":{\"@type\":\"ListItem\",\"@id\":\"https:\\\/\\\/www.eldigitaldeasturias.com\\\/noticias#listItem\",\"name\":\"Home\"}},{\"@type\":\"ListItem\",\"@id\":\"https:\\\/\\\/www.eldigitaldeasturias.com\\\/noticias\\\/la-fiscalia-podria-pedir-entre-10-y-19-anos-de-carcel-para-urdangarin\\\/#listItem\",\"position\":3,\"name\":\"La Fiscal\\u00eda podr\\u00eda pedir entre 10 y 19 a\\u00f1os de c\\u00e1rcel para Urdangarin\",\"previousItem\":{\"@type\":\"ListItem\",\"@id\":\"https:\\\/\\\/www.eldigitaldeasturias.com\\\/noticias\\\/category\\\/actualidad\\\/#listItem\",\"name\":\"Actualidad\"}}]},{\"@type\":\"Organization\",\"@id\":\"https:\\\/\\\/www.eldigitaldeasturias.com\\\/noticias\\\/#organization\",\"name\":\"El Digital de Asturias\",\"description\":\"Hemeroteca\",\"url\":\"https:\\\/\\\/www.eldigitaldeasturias.com\\\/noticias\\\/\",\"email\":\"info@eldigitaldeasturias.com\",\"telephone\":\"+34652131393\",\"logo\":{\"@type\":\"ImageObject\",\"url\":\"https:\\\/\\\/www.eldigitaldeasturias.com\\\/noticias\\\/wp-content\\\/uploads\\\/2020\\\/12\\\/EDA.jpg\",\"@id\":\"https:\\\/\\\/www.eldigitaldeasturias.com\\\/noticias\\\/la-fiscalia-podria-pedir-entre-10-y-19-anos-de-carcel-para-urdangarin\\\/#organizationLogo\"},\"image\":{\"@id\":\"https:\\\/\\\/www.eldigitaldeasturias.com\\\/noticias\\\/la-fiscalia-podria-pedir-entre-10-y-19-anos-de-carcel-para-urdangarin\\\/#organizationLogo\"},\"sameAs\":[\"https:\\\/\\\/facebook.com\\\/eldigitaldeasturias\",\"https:\\\/\\\/www.youtube.com\\\/channel\\\/UCZP-2wLEB9Rv6erhFmqVnvg\"],\"address\":{\"@id\":\"https:\\\/\\\/www.eldigitaldeasturias.com\\\/noticias\\\/#postaladdress\",\"@type\":\"PostalAddress\",\"streetAddress\":\"san antonio 4\",\"postalCode\":\"33430\",\"addressLocality\":\"Cand\\u00e1s\",\"addressRegion\":\"Asturias\",\"addressCountry\":\"ES\"}},{\"@type\":\"Person\",\"@id\":\"https:\\\/\\\/www.eldigitaldeasturias.com\\\/noticias\\\/author\\\/admin\\\/#author\",\"url\":\"https:\\\/\\\/www.eldigitaldeasturias.com\\\/noticias\\\/author\\\/admin\\\/\",\"name\":\"El Digital de Asturias\",\"image\":{\"@type\":\"ImageObject\",\"@id\":\"https:\\\/\\\/www.eldigitaldeasturias.com\\\/noticias\\\/la-fiscalia-podria-pedir-entre-10-y-19-anos-de-carcel-para-urdangarin\\\/#authorImage\",\"url\":\"https:\\\/\\\/secure.gravatar.com\\\/avatar\\\/df2aeffc32bcd13f8d26072ef8a91b623d677766deac7f97ca815868cd41bf5e?s=96&d=mm&r=g\",\"width\":96,\"height\":96,\"caption\":\"El Digital de Asturias\"}},{\"@type\":\"WebPage\",\"@id\":\"https:\\\/\\\/www.eldigitaldeasturias.com\\\/noticias\\\/la-fiscalia-podria-pedir-entre-10-y-19-anos-de-carcel-para-urdangarin\\\/#webpage\",\"url\":\"https:\\\/\\\/www.eldigitaldeasturias.com\\\/noticias\\\/la-fiscalia-podria-pedir-entre-10-y-19-anos-de-carcel-para-urdangarin\\\/\",\"name\":\"La Fiscal\\u00eda podr\\u00eda pedir entre 10 y 19 a\\u00f1os de c\\u00e1rcel para Urdangarin - El Digital de Asturias\",\"description\":\"Palma, 10 feb (EFE).- La Fiscal\\u00eda Anticorrupci\\u00f3n podr\\u00eda solicitar una pena de prisi\\u00f3n para I\\u00f1aki Urdangarin en el caso N\\u00f3os, cuando elabore su escrito de acusaci\\u00f3n, de entre diez y diecinueve a\\u00f1os por los delitos de malversaci\\u00f3n, prevaricaci\\u00f3n, falsedad documental, fraude a la Administraci\\u00f3n y dos delitos fiscales. Diez a\\u00f1os de prisi\\u00f3n ser\\u00eda la pena\",\"inLanguage\":\"es-ES\",\"isPartOf\":{\"@id\":\"https:\\\/\\\/www.eldigitaldeasturias.com\\\/noticias\\\/#website\"},\"breadcrumb\":{\"@id\":\"https:\\\/\\\/www.eldigitaldeasturias.com\\\/noticias\\\/la-fiscalia-podria-pedir-entre-10-y-19-anos-de-carcel-para-urdangarin\\\/#breadcrumblist\"},\"author\":{\"@id\":\"https:\\\/\\\/www.eldigitaldeasturias.com\\\/noticias\\\/author\\\/admin\\\/#author\"},\"creator\":{\"@id\":\"https:\\\/\\\/www.eldigitaldeasturias.com\\\/noticias\\\/author\\\/admin\\\/#author\"},\"image\":{\"@type\":\"ImageObject\",\"url\":488061,\"@id\":\"https:\\\/\\\/www.eldigitaldeasturias.com\\\/noticias\\\/la-fiscalia-podria-pedir-entre-10-y-19-anos-de-carcel-para-urdangarin\\\/#mainImage\"},\"primaryImageOfPage\":{\"@id\":\"https:\\\/\\\/www.eldigitaldeasturias.com\\\/noticias\\\/la-fiscalia-podria-pedir-entre-10-y-19-anos-de-carcel-para-urdangarin\\\/#mainImage\"},\"datePublished\":\"2014-02-10T22:00:12+01:00\",\"dateModified\":\"2014-02-10T22:00:12+01:00\"},{\"@type\":\"WebSite\",\"@id\":\"https:\\\/\\\/www.eldigitaldeasturias.com\\\/noticias\\\/#website\",\"url\":\"https:\\\/\\\/www.eldigitaldeasturias.com\\\/noticias\\\/\",\"name\":\"El Digital de Asturias - Diario de actualidad y noticias\",\"alternateName\":\"El Digital de Asturias - Diario de actualidad y noticias\",\"description\":\"Hemeroteca\",\"inLanguage\":\"es-ES\",\"publisher\":{\"@id\":\"https:\\\/\\\/www.eldigitaldeasturias.com\\\/noticias\\\/#organization\"}}]}\n\t\t<\/script>\n\t\t<!-- All in One SEO Pro -->\r\n\t\t<title>La Fiscal\u00eda podr\u00eda pedir entre 10 y 19 a\u00f1os de c\u00e1rcel para Urdangarin - El Digital de Asturias<\/title>\n\n","aioseo_head_json":{"title":"La Fiscal\u00eda podr\u00eda pedir entre 10 y 19 a\u00f1os de c\u00e1rcel para Urdangarin - El Digital de Asturias","description":"Palma, 10 feb (EFE).- La Fiscal\u00eda Anticorrupci\u00f3n podr\u00eda solicitar una pena de prisi\u00f3n para I\u00f1aki Urdangarin en el caso N\u00f3os, cuando elabore su escrito de acusaci\u00f3n, de entre diez y diecinueve a\u00f1os por los delitos de malversaci\u00f3n, prevaricaci\u00f3n, falsedad documental, fraude a la Administraci\u00f3n y dos delitos fiscales. Diez a\u00f1os de prisi\u00f3n ser\u00eda la pena","canonical_url":"https:\/\/www.eldigitaldeasturias.com\/noticias\/la-fiscalia-podria-pedir-entre-10-y-19-anos-de-carcel-para-urdangarin\/","robots":"max-image-preview:large","keywords":"actualidad,sucesos","webmasterTools":{"google-site-verification":"UA-38556648-1","msvalidate.01":"7dfe9f3f1b24437ab69f4f2559babe99","miscellaneous":""},"schema":{"@context":"https:\/\/schema.org","@graph":[{"@type":"BlogPosting","@id":"https:\/\/www.eldigitaldeasturias.com\/noticias\/la-fiscalia-podria-pedir-entre-10-y-19-anos-de-carcel-para-urdangarin\/#blogposting","name":"La Fiscal\u00eda podr\u00eda pedir entre 10 y 19 a\u00f1os de c\u00e1rcel para Urdangarin - El Digital de Asturias","headline":"La Fiscal\u00eda podr\u00eda pedir entre 10 y 19 a\u00f1os de c\u00e1rcel para Urdangarin","author":{"@id":"https:\/\/www.eldigitaldeasturias.com\/noticias\/author\/admin\/#author"},"publisher":{"@id":"https:\/\/www.eldigitaldeasturias.com\/noticias\/#organization"},"image":{"@type":"ImageObject","url":488061},"datePublished":"2014-02-10T22:00:12+01:00","dateModified":"2014-02-10T22:00:12+01:00","inLanguage":"es-ES","mainEntityOfPage":{"@id":"https:\/\/www.eldigitaldeasturias.com\/noticias\/la-fiscalia-podria-pedir-entre-10-y-19-anos-de-carcel-para-urdangarin\/#webpage"},"isPartOf":{"@id":"https:\/\/www.eldigitaldeasturias.com\/noticias\/la-fiscalia-podria-pedir-entre-10-y-19-anos-de-carcel-para-urdangarin\/#webpage"},"articleSection":"Actualidad, Sucesos"},{"@type":"BreadcrumbList","@id":"https:\/\/www.eldigitaldeasturias.com\/noticias\/la-fiscalia-podria-pedir-entre-10-y-19-anos-de-carcel-para-urdangarin\/#breadcrumblist","itemListElement":[{"@type":"ListItem","@id":"https:\/\/www.eldigitaldeasturias.com\/noticias#listItem","position":1,"name":"Home","item":"https:\/\/www.eldigitaldeasturias.com\/noticias","nextItem":{"@type":"ListItem","@id":"https:\/\/www.eldigitaldeasturias.com\/noticias\/category\/actualidad\/#listItem","name":"Actualidad"}},{"@type":"ListItem","@id":"https:\/\/www.eldigitaldeasturias.com\/noticias\/category\/actualidad\/#listItem","position":2,"name":"Actualidad","item":"https:\/\/www.eldigitaldeasturias.com\/noticias\/category\/actualidad\/","nextItem":{"@type":"ListItem","@id":"https:\/\/www.eldigitaldeasturias.com\/noticias\/la-fiscalia-podria-pedir-entre-10-y-19-anos-de-carcel-para-urdangarin\/#listItem","name":"La Fiscal\u00eda podr\u00eda pedir entre 10 y 19 a\u00f1os de c\u00e1rcel para Urdangarin"},"previousItem":{"@type":"ListItem","@id":"https:\/\/www.eldigitaldeasturias.com\/noticias#listItem","name":"Home"}},{"@type":"ListItem","@id":"https:\/\/www.eldigitaldeasturias.com\/noticias\/la-fiscalia-podria-pedir-entre-10-y-19-anos-de-carcel-para-urdangarin\/#listItem","position":3,"name":"La Fiscal\u00eda podr\u00eda pedir entre 10 y 19 a\u00f1os de c\u00e1rcel para Urdangarin","previousItem":{"@type":"ListItem","@id":"https:\/\/www.eldigitaldeasturias.com\/noticias\/category\/actualidad\/#listItem","name":"Actualidad"}}]},{"@type":"Organization","@id":"https:\/\/www.eldigitaldeasturias.com\/noticias\/#organization","name":"El Digital de Asturias","description":"Hemeroteca","url":"https:\/\/www.eldigitaldeasturias.com\/noticias\/","email":"info@eldigitaldeasturias.com","telephone":"+34652131393","logo":{"@type":"ImageObject","url":"https:\/\/www.eldigitaldeasturias.com\/noticias\/wp-content\/uploads\/2020\/12\/EDA.jpg","@id":"https:\/\/www.eldigitaldeasturias.com\/noticias\/la-fiscalia-podria-pedir-entre-10-y-19-anos-de-carcel-para-urdangarin\/#organizationLogo"},"image":{"@id":"https:\/\/www.eldigitaldeasturias.com\/noticias\/la-fiscalia-podria-pedir-entre-10-y-19-anos-de-carcel-para-urdangarin\/#organizationLogo"},"sameAs":["https:\/\/facebook.com\/eldigitaldeasturias","https:\/\/www.youtube.com\/channel\/UCZP-2wLEB9Rv6erhFmqVnvg"],"address":{"@id":"https:\/\/www.eldigitaldeasturias.com\/noticias\/#postaladdress","@type":"PostalAddress","streetAddress":"san antonio 4","postalCode":"33430","addressLocality":"Cand\u00e1s","addressRegion":"Asturias","addressCountry":"ES"}},{"@type":"Person","@id":"https:\/\/www.eldigitaldeasturias.com\/noticias\/author\/admin\/#author","url":"https:\/\/www.eldigitaldeasturias.com\/noticias\/author\/admin\/","name":"El Digital de Asturias","image":{"@type":"ImageObject","@id":"https:\/\/www.eldigitaldeasturias.com\/noticias\/la-fiscalia-podria-pedir-entre-10-y-19-anos-de-carcel-para-urdangarin\/#authorImage","url":"https:\/\/secure.gravatar.com\/avatar\/df2aeffc32bcd13f8d26072ef8a91b623d677766deac7f97ca815868cd41bf5e?s=96&d=mm&r=g","width":96,"height":96,"caption":"El Digital de Asturias"}},{"@type":"WebPage","@id":"https:\/\/www.eldigitaldeasturias.com\/noticias\/la-fiscalia-podria-pedir-entre-10-y-19-anos-de-carcel-para-urdangarin\/#webpage","url":"https:\/\/www.eldigitaldeasturias.com\/noticias\/la-fiscalia-podria-pedir-entre-10-y-19-anos-de-carcel-para-urdangarin\/","name":"La Fiscal\u00eda podr\u00eda pedir entre 10 y 19 a\u00f1os de c\u00e1rcel para Urdangarin - El Digital de Asturias","description":"Palma, 10 feb (EFE).- La Fiscal\u00eda Anticorrupci\u00f3n podr\u00eda solicitar una pena de prisi\u00f3n para I\u00f1aki Urdangarin en el caso N\u00f3os, cuando elabore su escrito de acusaci\u00f3n, de entre diez y diecinueve a\u00f1os por los delitos de malversaci\u00f3n, prevaricaci\u00f3n, falsedad documental, fraude a la Administraci\u00f3n y dos delitos fiscales. Diez a\u00f1os de prisi\u00f3n ser\u00eda la pena","inLanguage":"es-ES","isPartOf":{"@id":"https:\/\/www.eldigitaldeasturias.com\/noticias\/#website"},"breadcrumb":{"@id":"https:\/\/www.eldigitaldeasturias.com\/noticias\/la-fiscalia-podria-pedir-entre-10-y-19-anos-de-carcel-para-urdangarin\/#breadcrumblist"},"author":{"@id":"https:\/\/www.eldigitaldeasturias.com\/noticias\/author\/admin\/#author"},"creator":{"@id":"https:\/\/www.eldigitaldeasturias.com\/noticias\/author\/admin\/#author"},"image":{"@type":"ImageObject","url":488061,"@id":"https:\/\/www.eldigitaldeasturias.com\/noticias\/la-fiscalia-podria-pedir-entre-10-y-19-anos-de-carcel-para-urdangarin\/#mainImage"},"primaryImageOfPage":{"@id":"https:\/\/www.eldigitaldeasturias.com\/noticias\/la-fiscalia-podria-pedir-entre-10-y-19-anos-de-carcel-para-urdangarin\/#mainImage"},"datePublished":"2014-02-10T22:00:12+01:00","dateModified":"2014-02-10T22:00:12+01:00"},{"@type":"WebSite","@id":"https:\/\/www.eldigitaldeasturias.com\/noticias\/#website","url":"https:\/\/www.eldigitaldeasturias.com\/noticias\/","name":"El Digital de Asturias - Diario de actualidad y noticias","alternateName":"El Digital de Asturias - Diario de actualidad y noticias","description":"Hemeroteca","inLanguage":"es-ES","publisher":{"@id":"https:\/\/www.eldigitaldeasturias.com\/noticias\/#organization"}}]},"og:locale":"es_ES","og:site_name":"El Digital de Asturias","og:type":"article","og:title":"La Fiscal\u00eda podr\u00eda pedir entre 10 y 19 a\u00f1os de c\u00e1rcel para Urdangarin - El Digital de Asturias","og:description":"Palma, 10 feb (EFE).- La Fiscal\u00eda Anticorrupci\u00f3n podr\u00eda solicitar una pena de prisi\u00f3n para I\u00f1aki Urdangarin en el caso N\u00f3os, cuando elabore su escrito de acusaci\u00f3n, de entre diez y diecinueve a\u00f1os por los delitos de malversaci\u00f3n, prevaricaci\u00f3n, falsedad documental, fraude a la Administraci\u00f3n y dos delitos fiscales. Diez a\u00f1os de prisi\u00f3n ser\u00eda la pena","og:url":"https:\/\/www.eldigitaldeasturias.com\/noticias\/la-fiscalia-podria-pedir-entre-10-y-19-anos-de-carcel-para-urdangarin\/","article:tag":["actualidad","sucesos"],"article:published_time":"2014-02-10T23:00:12+00:00","article:modified_time":"2014-02-10T23:00:12+00:00","article:publisher":"https:\/\/facebook.com\/eldigitaldeasturias","twitter:card":"summary_large_image","twitter:title":"La Fiscal\u00eda podr\u00eda pedir entre 10 y 19 a\u00f1os de c\u00e1rcel para Urdangarin - El Digital de Asturias","twitter:description":"Palma, 10 feb (EFE).- La Fiscal\u00eda Anticorrupci\u00f3n podr\u00eda solicitar una pena de prisi\u00f3n para I\u00f1aki Urdangarin en el caso N\u00f3os, cuando elabore su escrito de acusaci\u00f3n, de entre diez y diecinueve a\u00f1os por los delitos de malversaci\u00f3n, prevaricaci\u00f3n, falsedad documental, fraude a la Administraci\u00f3n y dos delitos fiscales. Diez a\u00f1os de prisi\u00f3n ser\u00eda la pena","twitter:label1":"Escrito por","twitter:data1":"El Digital de Asturias","twitter:label2":"Tiempo de lectura estimado","twitter:data2":"3 minutos"},"aioseo_meta_data":{"post_id":"488060","title":null,"description":null,"keywords":null,"keyphrases":null,"primary_term":null,"canonical_url":null,"og_title":null,"og_description":null,"og_object_type":"default","og_image_type":"default","og_image_url":null,"og_image_width":null,"og_image_height":null,"og_image_custom_url":null,"og_image_custom_fields":null,"og_video":null,"og_custom_url":null,"og_article_section":null,"og_article_tags":null,"twitter_use_og":true,"twitter_card":"default","twitter_image_type":"default","twitter_image_url":null,"twitter_image_custom_url":null,"twitter_image_custom_fields":null,"twitter_title":null,"twitter_description":null,"schema":{"blockGraphs":[],"customGraphs":[],"default":{"data":{"Article":[],"Course":[],"Dataset":[],"FAQPage":[],"Movie":[],"Person":[],"Product":[],"ProductReview":[],"Car":[],"Recipe":[],"Service":[],"SoftwareApplication":[],"WebPage":[]},"graphName":"","isEnabled":true},"graphs":[],"defaultGraph":"","defaultPostTypeGraph":""},"schema_type":null,"schema_type_options":null,"pillar_content":false,"robots_default":true,"robots_noindex":false,"robots_noarchive":false,"robots_nosnippet":false,"robots_nofollow":false,"robots_noimageindex":false,"robots_noodp":false,"robots_notranslate":false,"robots_max_snippet":null,"robots_max_videopreview":null,"robots_max_imagepreview":"none","priority":null,"frequency":null,"local_seo":null,"seo_analyzer_scan_date":"2026-06-03 06:46:42","breadcrumb_settings":null,"limit_modified_date":false,"open_ai":null,"ai":null,"created":"2020-11-14 22:57:06","updated":"2026-06-03 06:46:42","focus_keyword":null,"additional_keywords":null,"truseo_locale":null},"aioseo_breadcrumb":"<div class=\"aioseo-breadcrumbs\"><span class=\"aioseo-breadcrumb\">\n\t<a href=\"https:\/\/www.eldigitaldeasturias.com\/noticias\" title=\"Home\">Home<\/a>\n<\/span><span class=\"aioseo-breadcrumb-separator\">\u2013<\/span><span class=\"aioseo-breadcrumb\">\n\t<a href=\"https:\/\/www.eldigitaldeasturias.com\/noticias\/category\/actualidad\/\" title=\"Actualidad\">Actualidad<\/a>\n<\/span><span class=\"aioseo-breadcrumb-separator\">\u2013<\/span><span class=\"aioseo-breadcrumb\">\n\t<a href=\"https:\/\/www.eldigitaldeasturias.com\/noticias\/la-fiscalia-podria-pedir-entre-10-y-19-anos-de-carcel-para-urdangarin\/\" title=\"La Fiscal\u00eda podr\u00eda pedir entre 10 y 19 a\u00f1os de c\u00e1rcel para Urdangarin\">La Fiscal\u00eda podr\u00eda pedir entre 10 y 19 a\u00f1os de c\u00e1rcel para Urdangarin<\/a>\n<\/span><\/div>","aioseo_breadcrumb_json":[{"label":"Home","link":"https:\/\/www.eldigitaldeasturias.com\/noticias"},{"label":"Actualidad","link":"https:\/\/www.eldigitaldeasturias.com\/noticias\/category\/actualidad\/"},{"label":"La Fiscal\u00eda podr\u00eda pedir entre 10 y 19 a\u00f1os de c\u00e1rcel para Urdangarin","link":"https:\/\/www.eldigitaldeasturias.com\/noticias\/la-fiscalia-podria-pedir-entre-10-y-19-anos-de-carcel-para-urdangarin\/"}],"_links":{"self":[{"href":"https:\/\/www.eldigitaldeasturias.com\/noticias\/wp-json\/wp\/v2\/posts\/488060","targetHints":{"allow":["GET"]}}],"collection":[{"href":"https:\/\/www.eldigitaldeasturias.com\/noticias\/wp-json\/wp\/v2\/posts"}],"about":[{"href":"https:\/\/www.eldigitaldeasturias.com\/noticias\/wp-json\/wp\/v2\/types\/post"}],"author":[{"embeddable":true,"href":"https:\/\/www.eldigitaldeasturias.com\/noticias\/wp-json\/wp\/v2\/users\/1"}],"replies":[{"embeddable":true,"href":"https:\/\/www.eldigitaldeasturias.com\/noticias\/wp-json\/wp\/v2\/comments?post=488060"}],"version-history":[{"count":0,"href":"https:\/\/www.eldigitaldeasturias.com\/noticias\/wp-json\/wp\/v2\/posts\/488060\/revisions"}],"wp:attachment":[{"href":"https:\/\/www.eldigitaldeasturias.com\/noticias\/wp-json\/wp\/v2\/media?parent=488060"}],"wp:term":[{"taxonomy":"category","embeddable":true,"href":"https:\/\/www.eldigitaldeasturias.com\/noticias\/wp-json\/wp\/v2\/categories?post=488060"},{"taxonomy":"post_tag","embeddable":true,"href":"https:\/\/www.eldigitaldeasturias.com\/noticias\/wp-json\/wp\/v2\/tags?post=488060"}],"curies":[{"name":"wp","href":"https:\/\/api.w.org\/{rel}","templated":true}]}}