{"id":488054,"date":"2014-02-10T21:57:41","date_gmt":"2014-02-10T22:57:41","guid":{"rendered":"http:\/\/www.eldigitaldeasturias.com\/noticias\/?p=488054"},"modified":"2014-02-10T21:57:41","modified_gmt":"2014-02-10T22:57:41","slug":"bautista-confiado-y-con-ganas-de-trabajar-en-el-mundial-que-comienza-en-qatar","status":"publish","type":"post","link":"https:\/\/www.eldigitaldeasturias.com\/noticias\/bautista-confiado-y-con-ganas-de-trabajar-en-el-mundial-que-comienza-en-qatar\/","title":{"rendered":"Bautista, \u00abconfiado y con ganas de trabajar\u00bb en el mundial que comienza en Qatar"},"content":{"rendered":"<p><img loading=\"lazy\" decoding=\"async\" class=\"alignleft size-medium wp-image-488055\" alt=\"5928069w\" src=\"https:\/\/www.eldigitaldeasturias.com\/noticias\/wp-content\/uploads\/2014\/02\/5928069w-360x239.jpg\" width=\"360\" height=\"239\" \/>Talavera de la Reina (Toledo), 10 feb (EFE).- El piloto de MotoGP \u00c1lvaro Bautista se ha mostrado \u00abconfiado, contento y con ganas de trabajar\u00bb para afrontar el pr\u00f3ximo Mundial, que arrancar\u00e1 el 23 de marzo en el circuito de Losail, en Catar.<\/p>\n<p>As\u00ed lo ha asegurado hoy a preguntas de los periodistas, previas a la celebraci\u00f3n de un acto organizado por el instituto de ense\u00f1anza secundaria &#8216;Juan Antonio Castro&#8217; de Talavera para hacerle entrega del premio &#8216;Castro de Oro 2014&#8217; con el que se pretende reconocer la trayectoria profesional de los alumnos que han pasado por el centro.<\/p>\n<p>Sobre los primeros test celebrados en Sepang (Malasia), el piloto talaverano ha destacado que hac\u00eda ya tres meses que no se sub\u00eda en la moto y que \u00abse nota en los m\u00fasculos y la velocidad\u00bb.<\/p>\n<p>\u00abHay que trabajar mucho las suspensiones porque la moto es completamente nueva y el chasis y el motor son distintos\u00bb, ha afirmado Bautista, quien se ha mostrado \u00abconfiado, contento y con ganas de trabajar\u00bb de cara al pr\u00f3ximo Mundial que, en su opini\u00f3n, \u00abser\u00e1 parecido al del pasado a\u00f1o\u00bb.<\/p>\n<p>El piloto de Talavera ha se\u00f1alado que Marc M\u00e1rquez est\u00e1 \u00abmuy fuerte\u00bb, al igual que Jorge Lorenzo y Valentino Rossi, por lo que \u00abel nivel seguir\u00e1 siendo muy alto\u00bb.<\/p>\n<p>Su idea, ha agregado, es empezar el a\u00f1o como termin\u00f3 el pasado y mantenerse \u00abentre los cuatro o cinco primeros de cada carrera\u00bb para despu\u00e9s \u00abintentar mejorar\u00bb.<\/p>\n<p>Respecto al galard\u00f3n que se le ha concedido, Bautista ha afirmado que \u00absiempre es bonito recoger un premio y mucho mejor si es en tu ciudad natal\u00bb.<\/p>\n<p>Aqu\u00ed, ha rese\u00f1ado que le traen \u00abmuy buenos recuerdos\u00bb el volver al instituto donde se form\u00f3 como T\u00e9cnico en Electromec\u00e1nica de Veh\u00edculos, coincidiendo precisamente con su primer a\u00f1o de participaci\u00f3n en el Mundial, que ha recordado \u00abfue una \u00e9poca en la que viajaba mucho\u00bb y por ello deb\u00eda esforzarse m\u00e1s que sus compa\u00f1eros para recuperar el tiempo perdido.<\/p>\n<p>Por su parte, el alcalde de Talavera, Gonzalo Lago, ha trasladado al piloto de MotoGP su enhorabuena por este \u00abmerecido premio\u00bb y ha destacado su \u00abaf\u00e1n de superaci\u00f3n, constancia y esfuerzo\u00bb por seguir mejorando y llevando el nombre de Talavera por todo el mundo.<\/p>\n","protected":false},"excerpt":{"rendered":"<p>Talavera de la Reina (Toledo), 10 feb (EFE).- El piloto de MotoGP \u00c1lvaro Bautista se ha mostrado \u00abconfiado, contento y con ganas de trabajar\u00bb para afrontar el pr\u00f3ximo Mundial, que arrancar\u00e1 el 23 de marzo en el circuito de Losail, en Catar. As\u00ed lo ha asegurado hoy a preguntas de los periodistas, previas a la [&hellip;]<\/p>\n","protected":false},"author":1,"featured_media":488055,"comment_status":"closed","ping_status":"closed","sticky":false,"template":"","format":"standard","meta":{"footnotes":""},"categories":[1],"tags":[],"class_list":["post-488054","post","type-post","status-publish","format-standard","has-post-thumbnail","hentry","category-actualidad"],"aioseo_notices":[],"aioseo_head":"\n\t\t<!-- All in One SEO Pro 5.0.1 - aioseo.com -->\n\t<meta name=\"description\" content=\"Talavera de la Reina (Toledo), 10 feb (EFE).- El piloto de MotoGP \u00c1lvaro Bautista se ha mostrado &quot;confiado, contento y con ganas de trabajar&quot; para afrontar el pr\u00f3ximo Mundial, que arrancar\u00e1 el 23 de marzo en el circuito de Losail, en Catar. As\u00ed lo ha asegurado hoy a preguntas de los periodistas, previas a la\" \/>\n\t<meta name=\"robots\" content=\"max-image-preview:large\" \/>\n\t<meta name=\"author\" content=\"El Digital de Asturias\"\/>\n\t<meta name=\"google-site-verification\" content=\"UA-38556648-1\" \/>\n\t<meta name=\"msvalidate.01\" content=\"7dfe9f3f1b24437ab69f4f2559babe99\" \/>\n\t<meta name=\"keywords\" content=\"actualidad\" \/>\n\t<link rel=\"canonical\" href=\"https:\/\/www.eldigitaldeasturias.com\/noticias\/bautista-confiado-y-con-ganas-de-trabajar-en-el-mundial-que-comienza-en-qatar\/\" \/>\n\t<meta name=\"generator\" content=\"All in One SEO Pro (AIOSEO) 5.0.1\" \/>\n\t\t<meta property=\"og:locale\" content=\"es_ES\" \/>\n\t\t<meta property=\"og:site_name\" content=\"El Digital de Asturias\" \/>\n\t\t<meta property=\"og:type\" content=\"article\" \/>\n\t\t<meta property=\"og:title\" content=\"Bautista, \u00abconfiado y con ganas de trabajar\u00bb en el mundial que comienza en Qatar - El Digital de Asturias\" \/>\n\t\t<meta property=\"og:description\" content=\"Talavera de la Reina (Toledo), 10 feb (EFE).- El piloto de MotoGP \u00c1lvaro Bautista se ha mostrado &quot;confiado, contento y con ganas de trabajar&quot; para afrontar el pr\u00f3ximo Mundial, que arrancar\u00e1 el 23 de marzo en el circuito de Losail, en Catar. As\u00ed lo ha asegurado hoy a preguntas de los periodistas, previas a la\" \/>\n\t\t<meta property=\"og:url\" content=\"https:\/\/www.eldigitaldeasturias.com\/noticias\/bautista-confiado-y-con-ganas-de-trabajar-en-el-mundial-que-comienza-en-qatar\/\" \/>\n\t\t<meta property=\"article:tag\" content=\"actualidad\" \/>\n\t\t<meta property=\"article:published_time\" content=\"2014-02-10T22:57:41+00:00\" \/>\n\t\t<meta property=\"article:modified_time\" content=\"2014-02-10T22:57:41+00:00\" \/>\n\t\t<meta property=\"article:publisher\" content=\"https:\/\/facebook.com\/eldigitaldeasturias\" \/>\n\t\t<meta name=\"twitter:card\" content=\"summary_large_image\" \/>\n\t\t<meta name=\"twitter:title\" content=\"Bautista, \u00abconfiado y con ganas de trabajar\u00bb en el mundial que comienza en Qatar - El Digital de Asturias\" \/>\n\t\t<meta name=\"twitter:description\" content=\"Talavera de la Reina (Toledo), 10 feb (EFE).- El piloto de MotoGP \u00c1lvaro Bautista se ha mostrado &quot;confiado, contento y con ganas de trabajar&quot; para afrontar el pr\u00f3ximo Mundial, que arrancar\u00e1 el 23 de marzo en el circuito de Losail, en Catar. As\u00ed lo ha asegurado hoy a preguntas de los periodistas, previas a la\" \/>\n\t\t<meta name=\"twitter:label1\" content=\"Escrito por\" \/>\n\t\t<meta name=\"twitter:data1\" content=\"El Digital de Asturias\" \/>\n\t\t<meta name=\"twitter:label2\" content=\"Tiempo de lectura estimado\" \/>\n\t\t<meta name=\"twitter:data2\" content=\"2 minutos\" \/>\n\t\t<script type=\"application\/ld+json\" class=\"aioseo-schema\">\n\t\t\t{\"@context\":\"https:\\\/\\\/schema.org\",\"@graph\":[{\"@type\":\"BlogPosting\",\"@id\":\"https:\\\/\\\/www.eldigitaldeasturias.com\\\/noticias\\\/bautista-confiado-y-con-ganas-de-trabajar-en-el-mundial-que-comienza-en-qatar\\\/#blogposting\",\"name\":\"Bautista, \\u00abconfiado y con ganas de trabajar\\u00bb en el mundial que comienza en Qatar - El Digital de Asturias\",\"headline\":\"Bautista, \\u00abconfiado y con ganas de trabajar\\u00bb en el mundial que comienza en Qatar\",\"author\":{\"@id\":\"https:\\\/\\\/www.eldigitaldeasturias.com\\\/noticias\\\/author\\\/admin\\\/#author\"},\"publisher\":{\"@id\":\"https:\\\/\\\/www.eldigitaldeasturias.com\\\/noticias\\\/#organization\"},\"image\":{\"@type\":\"ImageObject\",\"url\":488055},\"datePublished\":\"2014-02-10T21:57:41+01:00\",\"dateModified\":\"2014-02-10T21:57:41+01:00\",\"inLanguage\":\"es-ES\",\"mainEntityOfPage\":{\"@id\":\"https:\\\/\\\/www.eldigitaldeasturias.com\\\/noticias\\\/bautista-confiado-y-con-ganas-de-trabajar-en-el-mundial-que-comienza-en-qatar\\\/#webpage\"},\"isPartOf\":{\"@id\":\"https:\\\/\\\/www.eldigitaldeasturias.com\\\/noticias\\\/bautista-confiado-y-con-ganas-de-trabajar-en-el-mundial-que-comienza-en-qatar\\\/#webpage\"},\"articleSection\":\"Actualidad\"},{\"@type\":\"BreadcrumbList\",\"@id\":\"https:\\\/\\\/www.eldigitaldeasturias.com\\\/noticias\\\/bautista-confiado-y-con-ganas-de-trabajar-en-el-mundial-que-comienza-en-qatar\\\/#breadcrumblist\",\"itemListElement\":[{\"@type\":\"ListItem\",\"@id\":\"https:\\\/\\\/www.eldigitaldeasturias.com\\\/noticias#listItem\",\"position\":1,\"name\":\"Home\",\"item\":\"https:\\\/\\\/www.eldigitaldeasturias.com\\\/noticias\",\"nextItem\":{\"@type\":\"ListItem\",\"@id\":\"https:\\\/\\\/www.eldigitaldeasturias.com\\\/noticias\\\/category\\\/actualidad\\\/#listItem\",\"name\":\"Actualidad\"}},{\"@type\":\"ListItem\",\"@id\":\"https:\\\/\\\/www.eldigitaldeasturias.com\\\/noticias\\\/category\\\/actualidad\\\/#listItem\",\"position\":2,\"name\":\"Actualidad\",\"item\":\"https:\\\/\\\/www.eldigitaldeasturias.com\\\/noticias\\\/category\\\/actualidad\\\/\",\"nextItem\":{\"@type\":\"ListItem\",\"@id\":\"https:\\\/\\\/www.eldigitaldeasturias.com\\\/noticias\\\/bautista-confiado-y-con-ganas-de-trabajar-en-el-mundial-que-comienza-en-qatar\\\/#listItem\",\"name\":\"Bautista, \\u00abconfiado y con ganas de trabajar\\u00bb en el mundial que comienza en Qatar\"},\"previousItem\":{\"@type\":\"ListItem\",\"@id\":\"https:\\\/\\\/www.eldigitaldeasturias.com\\\/noticias#listItem\",\"name\":\"Home\"}},{\"@type\":\"ListItem\",\"@id\":\"https:\\\/\\\/www.eldigitaldeasturias.com\\\/noticias\\\/bautista-confiado-y-con-ganas-de-trabajar-en-el-mundial-que-comienza-en-qatar\\\/#listItem\",\"position\":3,\"name\":\"Bautista, \\u00abconfiado y con ganas de trabajar\\u00bb en el mundial que comienza en Qatar\",\"previousItem\":{\"@type\":\"ListItem\",\"@id\":\"https:\\\/\\\/www.eldigitaldeasturias.com\\\/noticias\\\/category\\\/actualidad\\\/#listItem\",\"name\":\"Actualidad\"}}]},{\"@type\":\"Organization\",\"@id\":\"https:\\\/\\\/www.eldigitaldeasturias.com\\\/noticias\\\/#organization\",\"name\":\"El Digital de Asturias\",\"description\":\"Hemeroteca\",\"url\":\"https:\\\/\\\/www.eldigitaldeasturias.com\\\/noticias\\\/\",\"email\":\"info@eldigitaldeasturias.com\",\"telephone\":\"+34652131393\",\"logo\":{\"@type\":\"ImageObject\",\"url\":\"https:\\\/\\\/www.eldigitaldeasturias.com\\\/noticias\\\/wp-content\\\/uploads\\\/2020\\\/12\\\/EDA.jpg\",\"@id\":\"https:\\\/\\\/www.eldigitaldeasturias.com\\\/noticias\\\/bautista-confiado-y-con-ganas-de-trabajar-en-el-mundial-que-comienza-en-qatar\\\/#organizationLogo\"},\"image\":{\"@id\":\"https:\\\/\\\/www.eldigitaldeasturias.com\\\/noticias\\\/bautista-confiado-y-con-ganas-de-trabajar-en-el-mundial-que-comienza-en-qatar\\\/#organizationLogo\"},\"sameAs\":[\"https:\\\/\\\/facebook.com\\\/eldigitaldeasturias\",\"https:\\\/\\\/www.youtube.com\\\/channel\\\/UCZP-2wLEB9Rv6erhFmqVnvg\"],\"address\":{\"@id\":\"https:\\\/\\\/www.eldigitaldeasturias.com\\\/noticias\\\/#postaladdress\",\"@type\":\"PostalAddress\",\"streetAddress\":\"san antonio 4\",\"postalCode\":\"33430\",\"addressLocality\":\"Cand\\u00e1s\",\"addressRegion\":\"Asturias\",\"addressCountry\":\"ES\"}},{\"@type\":\"Person\",\"@id\":\"https:\\\/\\\/www.eldigitaldeasturias.com\\\/noticias\\\/author\\\/admin\\\/#author\",\"url\":\"https:\\\/\\\/www.eldigitaldeasturias.com\\\/noticias\\\/author\\\/admin\\\/\",\"name\":\"El Digital de Asturias\",\"image\":{\"@type\":\"ImageObject\",\"@id\":\"https:\\\/\\\/www.eldigitaldeasturias.com\\\/noticias\\\/bautista-confiado-y-con-ganas-de-trabajar-en-el-mundial-que-comienza-en-qatar\\\/#authorImage\",\"url\":\"https:\\\/\\\/secure.gravatar.com\\\/avatar\\\/df2aeffc32bcd13f8d26072ef8a91b623d677766deac7f97ca815868cd41bf5e?s=96&d=mm&r=g\",\"width\":96,\"height\":96,\"caption\":\"El Digital de Asturias\"}},{\"@type\":\"WebPage\",\"@id\":\"https:\\\/\\\/www.eldigitaldeasturias.com\\\/noticias\\\/bautista-confiado-y-con-ganas-de-trabajar-en-el-mundial-que-comienza-en-qatar\\\/#webpage\",\"url\":\"https:\\\/\\\/www.eldigitaldeasturias.com\\\/noticias\\\/bautista-confiado-y-con-ganas-de-trabajar-en-el-mundial-que-comienza-en-qatar\\\/\",\"name\":\"Bautista, \\u00abconfiado y con ganas de trabajar\\u00bb en el mundial que comienza en Qatar - El Digital de Asturias\",\"description\":\"Talavera de la Reina (Toledo), 10 feb (EFE).- El piloto de MotoGP \\u00c1lvaro Bautista se ha mostrado \\\"confiado, contento y con ganas de trabajar\\\" para afrontar el pr\\u00f3ximo Mundial, que arrancar\\u00e1 el 23 de marzo en el circuito de Losail, en Catar. As\\u00ed lo ha asegurado hoy a preguntas de los periodistas, previas a la\",\"inLanguage\":\"es-ES\",\"isPartOf\":{\"@id\":\"https:\\\/\\\/www.eldigitaldeasturias.com\\\/noticias\\\/#website\"},\"breadcrumb\":{\"@id\":\"https:\\\/\\\/www.eldigitaldeasturias.com\\\/noticias\\\/bautista-confiado-y-con-ganas-de-trabajar-en-el-mundial-que-comienza-en-qatar\\\/#breadcrumblist\"},\"author\":{\"@id\":\"https:\\\/\\\/www.eldigitaldeasturias.com\\\/noticias\\\/author\\\/admin\\\/#author\"},\"creator\":{\"@id\":\"https:\\\/\\\/www.eldigitaldeasturias.com\\\/noticias\\\/author\\\/admin\\\/#author\"},\"image\":{\"@type\":\"ImageObject\",\"url\":488055,\"@id\":\"https:\\\/\\\/www.eldigitaldeasturias.com\\\/noticias\\\/bautista-confiado-y-con-ganas-de-trabajar-en-el-mundial-que-comienza-en-qatar\\\/#mainImage\"},\"primaryImageOfPage\":{\"@id\":\"https:\\\/\\\/www.eldigitaldeasturias.com\\\/noticias\\\/bautista-confiado-y-con-ganas-de-trabajar-en-el-mundial-que-comienza-en-qatar\\\/#mainImage\"},\"datePublished\":\"2014-02-10T21:57:41+01:00\",\"dateModified\":\"2014-02-10T21:57:41+01:00\"},{\"@type\":\"WebSite\",\"@id\":\"https:\\\/\\\/www.eldigitaldeasturias.com\\\/noticias\\\/#website\",\"url\":\"https:\\\/\\\/www.eldigitaldeasturias.com\\\/noticias\\\/\",\"name\":\"El Digital de Asturias - Diario de actualidad y noticias\",\"alternateName\":\"El Digital de Asturias - Diario de actualidad y noticias\",\"description\":\"Hemeroteca\",\"inLanguage\":\"es-ES\",\"publisher\":{\"@id\":\"https:\\\/\\\/www.eldigitaldeasturias.com\\\/noticias\\\/#organization\"}}]}\n\t\t<\/script>\n\t\t<!-- All in One SEO Pro -->\r\n\t\t<title>Bautista, \u00abconfiado y con ganas de trabajar\u00bb en el mundial que comienza en Qatar - El Digital de Asturias<\/title>\n\n","aioseo_head_json":{"title":"Bautista, \u00abconfiado y con ganas de trabajar\u00bb en el mundial que comienza en Qatar - El Digital de Asturias","description":"Talavera de la Reina (Toledo), 10 feb (EFE).- El piloto de MotoGP \u00c1lvaro Bautista se ha mostrado \"confiado, contento y con ganas de trabajar\" para afrontar el pr\u00f3ximo Mundial, que arrancar\u00e1 el 23 de marzo en el circuito de Losail, en Catar. As\u00ed lo ha asegurado hoy a preguntas de los periodistas, previas a la","canonical_url":"https:\/\/www.eldigitaldeasturias.com\/noticias\/bautista-confiado-y-con-ganas-de-trabajar-en-el-mundial-que-comienza-en-qatar\/","robots":"max-image-preview:large","keywords":"actualidad","webmasterTools":{"google-site-verification":"UA-38556648-1","msvalidate.01":"7dfe9f3f1b24437ab69f4f2559babe99","miscellaneous":""},"schema":{"@context":"https:\/\/schema.org","@graph":[{"@type":"BlogPosting","@id":"https:\/\/www.eldigitaldeasturias.com\/noticias\/bautista-confiado-y-con-ganas-de-trabajar-en-el-mundial-que-comienza-en-qatar\/#blogposting","name":"Bautista, \u00abconfiado y con ganas de trabajar\u00bb en el mundial que comienza en Qatar - El Digital de Asturias","headline":"Bautista, \u00abconfiado y con ganas de trabajar\u00bb en el mundial que comienza en Qatar","author":{"@id":"https:\/\/www.eldigitaldeasturias.com\/noticias\/author\/admin\/#author"},"publisher":{"@id":"https:\/\/www.eldigitaldeasturias.com\/noticias\/#organization"},"image":{"@type":"ImageObject","url":488055},"datePublished":"2014-02-10T21:57:41+01:00","dateModified":"2014-02-10T21:57:41+01:00","inLanguage":"es-ES","mainEntityOfPage":{"@id":"https:\/\/www.eldigitaldeasturias.com\/noticias\/bautista-confiado-y-con-ganas-de-trabajar-en-el-mundial-que-comienza-en-qatar\/#webpage"},"isPartOf":{"@id":"https:\/\/www.eldigitaldeasturias.com\/noticias\/bautista-confiado-y-con-ganas-de-trabajar-en-el-mundial-que-comienza-en-qatar\/#webpage"},"articleSection":"Actualidad"},{"@type":"BreadcrumbList","@id":"https:\/\/www.eldigitaldeasturias.com\/noticias\/bautista-confiado-y-con-ganas-de-trabajar-en-el-mundial-que-comienza-en-qatar\/#breadcrumblist","itemListElement":[{"@type":"ListItem","@id":"https:\/\/www.eldigitaldeasturias.com\/noticias#listItem","position":1,"name":"Home","item":"https:\/\/www.eldigitaldeasturias.com\/noticias","nextItem":{"@type":"ListItem","@id":"https:\/\/www.eldigitaldeasturias.com\/noticias\/category\/actualidad\/#listItem","name":"Actualidad"}},{"@type":"ListItem","@id":"https:\/\/www.eldigitaldeasturias.com\/noticias\/category\/actualidad\/#listItem","position":2,"name":"Actualidad","item":"https:\/\/www.eldigitaldeasturias.com\/noticias\/category\/actualidad\/","nextItem":{"@type":"ListItem","@id":"https:\/\/www.eldigitaldeasturias.com\/noticias\/bautista-confiado-y-con-ganas-de-trabajar-en-el-mundial-que-comienza-en-qatar\/#listItem","name":"Bautista, \u00abconfiado y con ganas de trabajar\u00bb en el mundial que comienza en Qatar"},"previousItem":{"@type":"ListItem","@id":"https:\/\/www.eldigitaldeasturias.com\/noticias#listItem","name":"Home"}},{"@type":"ListItem","@id":"https:\/\/www.eldigitaldeasturias.com\/noticias\/bautista-confiado-y-con-ganas-de-trabajar-en-el-mundial-que-comienza-en-qatar\/#listItem","position":3,"name":"Bautista, \u00abconfiado y con ganas de trabajar\u00bb en el mundial que comienza en Qatar","previousItem":{"@type":"ListItem","@id":"https:\/\/www.eldigitaldeasturias.com\/noticias\/category\/actualidad\/#listItem","name":"Actualidad"}}]},{"@type":"Organization","@id":"https:\/\/www.eldigitaldeasturias.com\/noticias\/#organization","name":"El Digital de Asturias","description":"Hemeroteca","url":"https:\/\/www.eldigitaldeasturias.com\/noticias\/","email":"info@eldigitaldeasturias.com","telephone":"+34652131393","logo":{"@type":"ImageObject","url":"https:\/\/www.eldigitaldeasturias.com\/noticias\/wp-content\/uploads\/2020\/12\/EDA.jpg","@id":"https:\/\/www.eldigitaldeasturias.com\/noticias\/bautista-confiado-y-con-ganas-de-trabajar-en-el-mundial-que-comienza-en-qatar\/#organizationLogo"},"image":{"@id":"https:\/\/www.eldigitaldeasturias.com\/noticias\/bautista-confiado-y-con-ganas-de-trabajar-en-el-mundial-que-comienza-en-qatar\/#organizationLogo"},"sameAs":["https:\/\/facebook.com\/eldigitaldeasturias","https:\/\/www.youtube.com\/channel\/UCZP-2wLEB9Rv6erhFmqVnvg"],"address":{"@id":"https:\/\/www.eldigitaldeasturias.com\/noticias\/#postaladdress","@type":"PostalAddress","streetAddress":"san antonio 4","postalCode":"33430","addressLocality":"Cand\u00e1s","addressRegion":"Asturias","addressCountry":"ES"}},{"@type":"Person","@id":"https:\/\/www.eldigitaldeasturias.com\/noticias\/author\/admin\/#author","url":"https:\/\/www.eldigitaldeasturias.com\/noticias\/author\/admin\/","name":"El Digital de Asturias","image":{"@type":"ImageObject","@id":"https:\/\/www.eldigitaldeasturias.com\/noticias\/bautista-confiado-y-con-ganas-de-trabajar-en-el-mundial-que-comienza-en-qatar\/#authorImage","url":"https:\/\/secure.gravatar.com\/avatar\/df2aeffc32bcd13f8d26072ef8a91b623d677766deac7f97ca815868cd41bf5e?s=96&d=mm&r=g","width":96,"height":96,"caption":"El Digital de Asturias"}},{"@type":"WebPage","@id":"https:\/\/www.eldigitaldeasturias.com\/noticias\/bautista-confiado-y-con-ganas-de-trabajar-en-el-mundial-que-comienza-en-qatar\/#webpage","url":"https:\/\/www.eldigitaldeasturias.com\/noticias\/bautista-confiado-y-con-ganas-de-trabajar-en-el-mundial-que-comienza-en-qatar\/","name":"Bautista, \u00abconfiado y con ganas de trabajar\u00bb en el mundial que comienza en Qatar - El Digital de Asturias","description":"Talavera de la Reina (Toledo), 10 feb (EFE).- El piloto de MotoGP \u00c1lvaro Bautista se ha mostrado \"confiado, contento y con ganas de trabajar\" para afrontar el pr\u00f3ximo Mundial, que arrancar\u00e1 el 23 de marzo en el circuito de Losail, en Catar. As\u00ed lo ha asegurado hoy a preguntas de los periodistas, previas a la","inLanguage":"es-ES","isPartOf":{"@id":"https:\/\/www.eldigitaldeasturias.com\/noticias\/#website"},"breadcrumb":{"@id":"https:\/\/www.eldigitaldeasturias.com\/noticias\/bautista-confiado-y-con-ganas-de-trabajar-en-el-mundial-que-comienza-en-qatar\/#breadcrumblist"},"author":{"@id":"https:\/\/www.eldigitaldeasturias.com\/noticias\/author\/admin\/#author"},"creator":{"@id":"https:\/\/www.eldigitaldeasturias.com\/noticias\/author\/admin\/#author"},"image":{"@type":"ImageObject","url":488055,"@id":"https:\/\/www.eldigitaldeasturias.com\/noticias\/bautista-confiado-y-con-ganas-de-trabajar-en-el-mundial-que-comienza-en-qatar\/#mainImage"},"primaryImageOfPage":{"@id":"https:\/\/www.eldigitaldeasturias.com\/noticias\/bautista-confiado-y-con-ganas-de-trabajar-en-el-mundial-que-comienza-en-qatar\/#mainImage"},"datePublished":"2014-02-10T21:57:41+01:00","dateModified":"2014-02-10T21:57:41+01:00"},{"@type":"WebSite","@id":"https:\/\/www.eldigitaldeasturias.com\/noticias\/#website","url":"https:\/\/www.eldigitaldeasturias.com\/noticias\/","name":"El Digital de Asturias - Diario de actualidad y noticias","alternateName":"El Digital de Asturias - Diario de actualidad y noticias","description":"Hemeroteca","inLanguage":"es-ES","publisher":{"@id":"https:\/\/www.eldigitaldeasturias.com\/noticias\/#organization"}}]},"og:locale":"es_ES","og:site_name":"El Digital de Asturias","og:type":"article","og:title":"Bautista, \u00abconfiado y con ganas de trabajar\u00bb en el mundial que comienza en Qatar - El Digital de Asturias","og:description":"Talavera de la Reina (Toledo), 10 feb (EFE).- El piloto de MotoGP \u00c1lvaro Bautista se ha mostrado &quot;confiado, contento y con ganas de trabajar&quot; para afrontar el pr\u00f3ximo Mundial, que arrancar\u00e1 el 23 de marzo en el circuito de Losail, en Catar. As\u00ed lo ha asegurado hoy a preguntas de los periodistas, previas a la","og:url":"https:\/\/www.eldigitaldeasturias.com\/noticias\/bautista-confiado-y-con-ganas-de-trabajar-en-el-mundial-que-comienza-en-qatar\/","article:tag":["actualidad"],"article:published_time":"2014-02-10T22:57:41+00:00","article:modified_time":"2014-02-10T22:57:41+00:00","article:publisher":"https:\/\/facebook.com\/eldigitaldeasturias","twitter:card":"summary_large_image","twitter:title":"Bautista, \u00abconfiado y con ganas de trabajar\u00bb en el mundial que comienza en Qatar - El Digital de Asturias","twitter:description":"Talavera de la Reina (Toledo), 10 feb (EFE).- El piloto de MotoGP \u00c1lvaro Bautista se ha mostrado &quot;confiado, contento y con ganas de trabajar&quot; para afrontar el pr\u00f3ximo Mundial, que arrancar\u00e1 el 23 de marzo en el circuito de Losail, en Catar. As\u00ed lo ha asegurado hoy a preguntas de los periodistas, previas a la","twitter:label1":"Escrito por","twitter:data1":"El Digital de Asturias","twitter:label2":"Tiempo de lectura estimado","twitter:data2":"2 minutos"},"aioseo_meta_data":{"post_id":"488054","title":null,"description":null,"keywords":null,"keyphrases":null,"primary_term":null,"canonical_url":null,"og_title":null,"og_description":null,"og_object_type":"default","og_image_type":"default","og_image_url":null,"og_image_width":null,"og_image_height":null,"og_image_custom_url":null,"og_image_custom_fields":null,"og_video":null,"og_custom_url":null,"og_article_section":null,"og_article_tags":null,"twitter_use_og":true,"twitter_card":"default","twitter_image_type":"default","twitter_image_url":null,"twitter_image_custom_url":null,"twitter_image_custom_fields":null,"twitter_title":null,"twitter_description":null,"schema":{"blockGraphs":[],"customGraphs":[],"default":{"data":{"Article":[],"Course":[],"Dataset":[],"FAQPage":[],"Movie":[],"Person":[],"Product":[],"ProductReview":[],"Car":[],"Recipe":[],"Service":[],"SoftwareApplication":[],"WebPage":[]},"graphName":"","isEnabled":true},"graphs":[],"defaultGraph":"","defaultPostTypeGraph":""},"schema_type":null,"schema_type_options":null,"pillar_content":false,"robots_default":true,"robots_noindex":false,"robots_noarchive":false,"robots_nosnippet":false,"robots_nofollow":false,"robots_noimageindex":false,"robots_noodp":false,"robots_notranslate":false,"robots_max_snippet":null,"robots_max_videopreview":null,"robots_max_imagepreview":"none","priority":null,"frequency":null,"local_seo":null,"seo_analyzer_scan_date":"2026-06-03 06:46:41","breadcrumb_settings":null,"limit_modified_date":false,"open_ai":null,"ai":null,"created":"2020-11-14 22:57:06","updated":"2026-06-03 06:46:41","focus_keyword":null,"additional_keywords":null,"truseo_locale":null},"aioseo_breadcrumb":"<div class=\"aioseo-breadcrumbs\"><span class=\"aioseo-breadcrumb\">\n\t<a href=\"https:\/\/www.eldigitaldeasturias.com\/noticias\" title=\"Home\">Home<\/a>\n<\/span><span class=\"aioseo-breadcrumb-separator\">\u2013<\/span><span class=\"aioseo-breadcrumb\">\n\t<a href=\"https:\/\/www.eldigitaldeasturias.com\/noticias\/category\/actualidad\/\" title=\"Actualidad\">Actualidad<\/a>\n<\/span><span class=\"aioseo-breadcrumb-separator\">\u2013<\/span><span class=\"aioseo-breadcrumb\">\n\t<a href=\"https:\/\/www.eldigitaldeasturias.com\/noticias\/bautista-confiado-y-con-ganas-de-trabajar-en-el-mundial-que-comienza-en-qatar\/\" title=\"Bautista, \u00abconfiado y con ganas de trabajar\u00bb en el mundial que comienza en Qatar\">Bautista, \u00abconfiado y con ganas de trabajar\u00bb en el mundial que comienza en Qatar<\/a>\n<\/span><\/div>","aioseo_breadcrumb_json":[{"label":"Home","link":"https:\/\/www.eldigitaldeasturias.com\/noticias"},{"label":"Actualidad","link":"https:\/\/www.eldigitaldeasturias.com\/noticias\/category\/actualidad\/"},{"label":"Bautista, \u00abconfiado y con ganas de trabajar\u00bb en el mundial que comienza en Qatar","link":"https:\/\/www.eldigitaldeasturias.com\/noticias\/bautista-confiado-y-con-ganas-de-trabajar-en-el-mundial-que-comienza-en-qatar\/"}],"_links":{"self":[{"href":"https:\/\/www.eldigitaldeasturias.com\/noticias\/wp-json\/wp\/v2\/posts\/488054","targetHints":{"allow":["GET"]}}],"collection":[{"href":"https:\/\/www.eldigitaldeasturias.com\/noticias\/wp-json\/wp\/v2\/posts"}],"about":[{"href":"https:\/\/www.eldigitaldeasturias.com\/noticias\/wp-json\/wp\/v2\/types\/post"}],"author":[{"embeddable":true,"href":"https:\/\/www.eldigitaldeasturias.com\/noticias\/wp-json\/wp\/v2\/users\/1"}],"replies":[{"embeddable":true,"href":"https:\/\/www.eldigitaldeasturias.com\/noticias\/wp-json\/wp\/v2\/comments?post=488054"}],"version-history":[{"count":0,"href":"https:\/\/www.eldigitaldeasturias.com\/noticias\/wp-json\/wp\/v2\/posts\/488054\/revisions"}],"wp:attachment":[{"href":"https:\/\/www.eldigitaldeasturias.com\/noticias\/wp-json\/wp\/v2\/media?parent=488054"}],"wp:term":[{"taxonomy":"category","embeddable":true,"href":"https:\/\/www.eldigitaldeasturias.com\/noticias\/wp-json\/wp\/v2\/categories?post=488054"},{"taxonomy":"post_tag","embeddable":true,"href":"https:\/\/www.eldigitaldeasturias.com\/noticias\/wp-json\/wp\/v2\/tags?post=488054"}],"curies":[{"name":"wp","href":"https:\/\/api.w.org\/{rel}","templated":true}]}}