{"id":488045,"date":"2014-02-10T21:47:25","date_gmt":"2014-02-10T22:47:25","guid":{"rendered":"http:\/\/www.eldigitaldeasturias.com\/noticias\/?p=488045"},"modified":"2014-02-10T21:47:25","modified_gmt":"2014-02-10T22:47:25","slug":"el-principe-se-reune-con-el-secretario-de-la-armada-de-los-eeuu","status":"publish","type":"post","link":"https:\/\/www.eldigitaldeasturias.com\/noticias\/el-principe-se-reune-con-el-secretario-de-la-armada-de-los-eeuu\/","title":{"rendered":"El Pr\u00edncipe se re\u00fane con el secretario de la Armada de los EEUU"},"content":{"rendered":"<p><img loading=\"lazy\" decoding=\"async\" class=\"alignleft size-medium wp-image-488046\" alt=\"5927390w\" src=\"https:\/\/www.eldigitaldeasturias.com\/noticias\/wp-content\/uploads\/2014\/02\/5927390w-360x255.jpg\" width=\"360\" height=\"255\" \/>Madrid, 10 feb (EFE).- El Pr\u00edncipe de Asturias se ha reunido hoy con el secretario de la Armada de los EEUU, Ray Mabus, en la v\u00edspera de la llegada a la base de Rota (C\u00e1diz) del primero de los destructores estadounidenses que integrar\u00e1n el denominado escudo antimisiles de la OTAN.<\/p>\n<p>La entrevista ha tenido lugar en el sal\u00f3n de Audiencias del Palacio de la Zarzuela, con la presencia del jefe del Estado Mayor de la Armada (AJEMA), almirante Jaime Mu\u00f1oz-Delgado, y del embajador de EEUU en Espa\u00f1a, James Costos.<\/p>\n<p>Ante fot\u00f3grafos y c\u00e1maras de televisi\u00f3n, el Heredero de la Corona ha saludado al responsable de la direcci\u00f3n de todos los asuntos de la Armada estadounidense y se ha congratulado de volver a verle.<\/p>\n<p>Junto a Costos y el almirante Jaime Mu\u00f1oz-Delgado, ambos han posado ante la prensa gr\u00e1fica para seguidamente reunirse, a puerta cerrada, en una dependencia contigua.<\/p>\n<p>En el cargo desde mayo de 2009, Ray Mabus se ocupa de dirigir las operaciones de reclutamiento, organizaci\u00f3n, log\u00edstica, equipamiento, entrenamiento, movilizaci\u00f3n y desmovilizaci\u00f3n en la Armada de su pa\u00eds.<\/p>\n<p>Tambi\u00e9n se encarga de supervisar la construcci\u00f3n, renovaci\u00f3n y reparaci\u00f3n de buques, equipamientos e instalaciones y de impulsar pol\u00edticas y programas relacionados con las estrategias y objetivos establecidos por el presidente Barack Obama.<\/p>\n<p>Su entrevista con el Pr\u00edncipe se celebra la v\u00edspera de la llegada a Espa\u00f1a del USS Donald Cook, primero de los cuatro destructores que integrar\u00e1n el llamado \u00abescudo antimisiles\u00bb de la Alianza Atl\u00e1ntica en Europa; el segundo lo har\u00e1 en junio.<\/p>\n<p>Dos buques m\u00e1s se desplazar\u00e1n a Rota a lo largo de 2015 hasta completar el despliegue de cuatro destructores, con unos 1.100 marines en su conjunto.<\/p>\n<p>En el caso del USS Donald Cook, lleva m\u00e1s de 200 marinos a bordo, y procede de su base de Norfolk (Virginia).<\/p>\n<p>Le seguir\u00e1n el USS Ross y el a\u00f1o que viene el USS Porter y el USS Carney, todos ellos equipados con sistemas de combate Aegis, capaz de detectar y destruir misiles en vuelo.<\/p>\n<p>El propio almirante Mu\u00f1oz-Delgado declar\u00f3 recientemente que la Armada espa\u00f1ola est\u00e1 encantada con la llegada de estos buques estadounidenses, un proyecto que supone una oportunidad para colaborar con la Armada de EEUU en cualquier tipo de adiestramiento.<\/p>\n<p>La base gaditana de Rota est\u00e1 lista para recibir a los destructores, con unos muelles renovados en perfecto estado.<\/p>\n<p>El acuerdo entre Espa\u00f1a y EEUU que permite el despliegue de cuatro destructores en Rota, fue firmado el 10 de octubre de 2012, y entr\u00f3 en vigor el pasado 21 de mayo.<\/p>\n","protected":false},"excerpt":{"rendered":"<p>Madrid, 10 feb (EFE).- El Pr\u00edncipe de Asturias se ha reunido hoy con el secretario de la Armada de los EEUU, Ray Mabus, en la v\u00edspera de la llegada a la base de Rota (C\u00e1diz) del primero de los destructores estadounidenses que integrar\u00e1n el denominado escudo antimisiles de la OTAN. La entrevista ha tenido lugar [&hellip;]<\/p>\n","protected":false},"author":1,"featured_media":488046,"comment_status":"closed","ping_status":"closed","sticky":false,"template":"","format":"standard","meta":{"footnotes":""},"categories":[1],"tags":[],"class_list":["post-488045","post","type-post","status-publish","format-standard","has-post-thumbnail","hentry","category-actualidad"],"aioseo_notices":[],"aioseo_head":"\n\t\t<!-- All in One SEO Pro 5.0.1 - aioseo.com -->\n\t<meta name=\"description\" content=\"Madrid, 10 feb (EFE).- El Pr\u00edncipe de Asturias se ha reunido hoy con el secretario de la Armada de los EEUU, Ray Mabus, en la v\u00edspera de la llegada a la base de Rota (C\u00e1diz) del primero de los destructores estadounidenses que integrar\u00e1n el denominado escudo antimisiles de la OTAN. La entrevista ha tenido lugar\" \/>\n\t<meta name=\"robots\" content=\"max-image-preview:large\" \/>\n\t<meta name=\"author\" content=\"El Digital de Asturias\"\/>\n\t<meta name=\"google-site-verification\" content=\"UA-38556648-1\" \/>\n\t<meta name=\"msvalidate.01\" content=\"7dfe9f3f1b24437ab69f4f2559babe99\" \/>\n\t<meta name=\"keywords\" content=\"actualidad\" \/>\n\t<link rel=\"canonical\" href=\"https:\/\/www.eldigitaldeasturias.com\/noticias\/el-principe-se-reune-con-el-secretario-de-la-armada-de-los-eeuu\/\" \/>\n\t<meta name=\"generator\" content=\"All in One SEO Pro (AIOSEO) 5.0.1\" \/>\n\t\t<meta property=\"og:locale\" content=\"es_ES\" \/>\n\t\t<meta property=\"og:site_name\" content=\"El Digital de Asturias\" \/>\n\t\t<meta property=\"og:type\" content=\"article\" \/>\n\t\t<meta property=\"og:title\" content=\"El Pr\u00edncipe se re\u00fane con el secretario de la Armada de los EEUU - El Digital de Asturias\" \/>\n\t\t<meta property=\"og:description\" content=\"Madrid, 10 feb (EFE).- El Pr\u00edncipe de Asturias se ha reunido hoy con el secretario de la Armada de los EEUU, Ray Mabus, en la v\u00edspera de la llegada a la base de Rota (C\u00e1diz) del primero de los destructores estadounidenses que integrar\u00e1n el denominado escudo antimisiles de la OTAN. La entrevista ha tenido lugar\" \/>\n\t\t<meta property=\"og:url\" content=\"https:\/\/www.eldigitaldeasturias.com\/noticias\/el-principe-se-reune-con-el-secretario-de-la-armada-de-los-eeuu\/\" \/>\n\t\t<meta property=\"article:tag\" content=\"actualidad\" \/>\n\t\t<meta property=\"article:published_time\" content=\"2014-02-10T22:47:25+00:00\" \/>\n\t\t<meta property=\"article:modified_time\" content=\"2014-02-10T22:47:25+00:00\" \/>\n\t\t<meta property=\"article:publisher\" content=\"https:\/\/facebook.com\/eldigitaldeasturias\" \/>\n\t\t<meta name=\"twitter:card\" content=\"summary_large_image\" \/>\n\t\t<meta name=\"twitter:title\" content=\"El Pr\u00edncipe se re\u00fane con el secretario de la Armada de los EEUU - El Digital de Asturias\" \/>\n\t\t<meta name=\"twitter:description\" content=\"Madrid, 10 feb (EFE).- El Pr\u00edncipe de Asturias se ha reunido hoy con el secretario de la Armada de los EEUU, Ray Mabus, en la v\u00edspera de la llegada a la base de Rota (C\u00e1diz) del primero de los destructores estadounidenses que integrar\u00e1n el denominado escudo antimisiles de la OTAN. La entrevista ha tenido lugar\" \/>\n\t\t<meta name=\"twitter:label1\" content=\"Escrito por\" \/>\n\t\t<meta name=\"twitter:data1\" content=\"El Digital de Asturias\" \/>\n\t\t<meta name=\"twitter:label2\" content=\"Tiempo de lectura estimado\" \/>\n\t\t<meta name=\"twitter:data2\" content=\"2 minutos\" \/>\n\t\t<script type=\"application\/ld+json\" class=\"aioseo-schema\">\n\t\t\t{\"@context\":\"https:\\\/\\\/schema.org\",\"@graph\":[{\"@type\":\"BlogPosting\",\"@id\":\"https:\\\/\\\/www.eldigitaldeasturias.com\\\/noticias\\\/el-principe-se-reune-con-el-secretario-de-la-armada-de-los-eeuu\\\/#blogposting\",\"name\":\"El Pr\\u00edncipe se re\\u00fane con el secretario de la Armada de los EEUU - El Digital de Asturias\",\"headline\":\"El Pr\\u00edncipe se re\\u00fane con el secretario de la Armada de los EEUU\",\"author\":{\"@id\":\"https:\\\/\\\/www.eldigitaldeasturias.com\\\/noticias\\\/author\\\/admin\\\/#author\"},\"publisher\":{\"@id\":\"https:\\\/\\\/www.eldigitaldeasturias.com\\\/noticias\\\/#organization\"},\"image\":{\"@type\":\"ImageObject\",\"url\":488046},\"datePublished\":\"2014-02-10T21:47:25+01:00\",\"dateModified\":\"2014-02-10T21:47:25+01:00\",\"inLanguage\":\"es-ES\",\"mainEntityOfPage\":{\"@id\":\"https:\\\/\\\/www.eldigitaldeasturias.com\\\/noticias\\\/el-principe-se-reune-con-el-secretario-de-la-armada-de-los-eeuu\\\/#webpage\"},\"isPartOf\":{\"@id\":\"https:\\\/\\\/www.eldigitaldeasturias.com\\\/noticias\\\/el-principe-se-reune-con-el-secretario-de-la-armada-de-los-eeuu\\\/#webpage\"},\"articleSection\":\"Actualidad\"},{\"@type\":\"BreadcrumbList\",\"@id\":\"https:\\\/\\\/www.eldigitaldeasturias.com\\\/noticias\\\/el-principe-se-reune-con-el-secretario-de-la-armada-de-los-eeuu\\\/#breadcrumblist\",\"itemListElement\":[{\"@type\":\"ListItem\",\"@id\":\"https:\\\/\\\/www.eldigitaldeasturias.com\\\/noticias#listItem\",\"position\":1,\"name\":\"Home\",\"item\":\"https:\\\/\\\/www.eldigitaldeasturias.com\\\/noticias\",\"nextItem\":{\"@type\":\"ListItem\",\"@id\":\"https:\\\/\\\/www.eldigitaldeasturias.com\\\/noticias\\\/category\\\/actualidad\\\/#listItem\",\"name\":\"Actualidad\"}},{\"@type\":\"ListItem\",\"@id\":\"https:\\\/\\\/www.eldigitaldeasturias.com\\\/noticias\\\/category\\\/actualidad\\\/#listItem\",\"position\":2,\"name\":\"Actualidad\",\"item\":\"https:\\\/\\\/www.eldigitaldeasturias.com\\\/noticias\\\/category\\\/actualidad\\\/\",\"nextItem\":{\"@type\":\"ListItem\",\"@id\":\"https:\\\/\\\/www.eldigitaldeasturias.com\\\/noticias\\\/el-principe-se-reune-con-el-secretario-de-la-armada-de-los-eeuu\\\/#listItem\",\"name\":\"El Pr\\u00edncipe se re\\u00fane con el secretario de la Armada de los EEUU\"},\"previousItem\":{\"@type\":\"ListItem\",\"@id\":\"https:\\\/\\\/www.eldigitaldeasturias.com\\\/noticias#listItem\",\"name\":\"Home\"}},{\"@type\":\"ListItem\",\"@id\":\"https:\\\/\\\/www.eldigitaldeasturias.com\\\/noticias\\\/el-principe-se-reune-con-el-secretario-de-la-armada-de-los-eeuu\\\/#listItem\",\"position\":3,\"name\":\"El Pr\\u00edncipe se re\\u00fane con el secretario de la Armada de los EEUU\",\"previousItem\":{\"@type\":\"ListItem\",\"@id\":\"https:\\\/\\\/www.eldigitaldeasturias.com\\\/noticias\\\/category\\\/actualidad\\\/#listItem\",\"name\":\"Actualidad\"}}]},{\"@type\":\"Organization\",\"@id\":\"https:\\\/\\\/www.eldigitaldeasturias.com\\\/noticias\\\/#organization\",\"name\":\"El Digital de Asturias\",\"description\":\"Hemeroteca\",\"url\":\"https:\\\/\\\/www.eldigitaldeasturias.com\\\/noticias\\\/\",\"email\":\"info@eldigitaldeasturias.com\",\"telephone\":\"+34652131393\",\"logo\":{\"@type\":\"ImageObject\",\"url\":\"https:\\\/\\\/www.eldigitaldeasturias.com\\\/noticias\\\/wp-content\\\/uploads\\\/2020\\\/12\\\/EDA.jpg\",\"@id\":\"https:\\\/\\\/www.eldigitaldeasturias.com\\\/noticias\\\/el-principe-se-reune-con-el-secretario-de-la-armada-de-los-eeuu\\\/#organizationLogo\"},\"image\":{\"@id\":\"https:\\\/\\\/www.eldigitaldeasturias.com\\\/noticias\\\/el-principe-se-reune-con-el-secretario-de-la-armada-de-los-eeuu\\\/#organizationLogo\"},\"sameAs\":[\"https:\\\/\\\/facebook.com\\\/eldigitaldeasturias\",\"https:\\\/\\\/www.youtube.com\\\/channel\\\/UCZP-2wLEB9Rv6erhFmqVnvg\"],\"address\":{\"@id\":\"https:\\\/\\\/www.eldigitaldeasturias.com\\\/noticias\\\/#postaladdress\",\"@type\":\"PostalAddress\",\"streetAddress\":\"san antonio 4\",\"postalCode\":\"33430\",\"addressLocality\":\"Cand\\u00e1s\",\"addressRegion\":\"Asturias\",\"addressCountry\":\"ES\"}},{\"@type\":\"Person\",\"@id\":\"https:\\\/\\\/www.eldigitaldeasturias.com\\\/noticias\\\/author\\\/admin\\\/#author\",\"url\":\"https:\\\/\\\/www.eldigitaldeasturias.com\\\/noticias\\\/author\\\/admin\\\/\",\"name\":\"El Digital de Asturias\",\"image\":{\"@type\":\"ImageObject\",\"@id\":\"https:\\\/\\\/www.eldigitaldeasturias.com\\\/noticias\\\/el-principe-se-reune-con-el-secretario-de-la-armada-de-los-eeuu\\\/#authorImage\",\"url\":\"https:\\\/\\\/secure.gravatar.com\\\/avatar\\\/df2aeffc32bcd13f8d26072ef8a91b623d677766deac7f97ca815868cd41bf5e?s=96&d=mm&r=g\",\"width\":96,\"height\":96,\"caption\":\"El Digital de Asturias\"}},{\"@type\":\"WebPage\",\"@id\":\"https:\\\/\\\/www.eldigitaldeasturias.com\\\/noticias\\\/el-principe-se-reune-con-el-secretario-de-la-armada-de-los-eeuu\\\/#webpage\",\"url\":\"https:\\\/\\\/www.eldigitaldeasturias.com\\\/noticias\\\/el-principe-se-reune-con-el-secretario-de-la-armada-de-los-eeuu\\\/\",\"name\":\"El Pr\\u00edncipe se re\\u00fane con el secretario de la Armada de los EEUU - El Digital de Asturias\",\"description\":\"Madrid, 10 feb (EFE).- El Pr\\u00edncipe de Asturias se ha reunido hoy con el secretario de la Armada de los EEUU, Ray Mabus, en la v\\u00edspera de la llegada a la base de Rota (C\\u00e1diz) del primero de los destructores estadounidenses que integrar\\u00e1n el denominado escudo antimisiles de la OTAN. La entrevista ha tenido lugar\",\"inLanguage\":\"es-ES\",\"isPartOf\":{\"@id\":\"https:\\\/\\\/www.eldigitaldeasturias.com\\\/noticias\\\/#website\"},\"breadcrumb\":{\"@id\":\"https:\\\/\\\/www.eldigitaldeasturias.com\\\/noticias\\\/el-principe-se-reune-con-el-secretario-de-la-armada-de-los-eeuu\\\/#breadcrumblist\"},\"author\":{\"@id\":\"https:\\\/\\\/www.eldigitaldeasturias.com\\\/noticias\\\/author\\\/admin\\\/#author\"},\"creator\":{\"@id\":\"https:\\\/\\\/www.eldigitaldeasturias.com\\\/noticias\\\/author\\\/admin\\\/#author\"},\"image\":{\"@type\":\"ImageObject\",\"url\":488046,\"@id\":\"https:\\\/\\\/www.eldigitaldeasturias.com\\\/noticias\\\/el-principe-se-reune-con-el-secretario-de-la-armada-de-los-eeuu\\\/#mainImage\"},\"primaryImageOfPage\":{\"@id\":\"https:\\\/\\\/www.eldigitaldeasturias.com\\\/noticias\\\/el-principe-se-reune-con-el-secretario-de-la-armada-de-los-eeuu\\\/#mainImage\"},\"datePublished\":\"2014-02-10T21:47:25+01:00\",\"dateModified\":\"2014-02-10T21:47:25+01:00\"},{\"@type\":\"WebSite\",\"@id\":\"https:\\\/\\\/www.eldigitaldeasturias.com\\\/noticias\\\/#website\",\"url\":\"https:\\\/\\\/www.eldigitaldeasturias.com\\\/noticias\\\/\",\"name\":\"El Digital de Asturias - Diario de actualidad y noticias\",\"alternateName\":\"El Digital de Asturias - Diario de actualidad y noticias\",\"description\":\"Hemeroteca\",\"inLanguage\":\"es-ES\",\"publisher\":{\"@id\":\"https:\\\/\\\/www.eldigitaldeasturias.com\\\/noticias\\\/#organization\"}}]}\n\t\t<\/script>\n\t\t<!-- All in One SEO Pro -->\r\n\t\t<title>El Pr\u00edncipe se re\u00fane con el secretario de la Armada de los EEUU - El Digital de Asturias<\/title>\n\n","aioseo_head_json":{"title":"El Pr\u00edncipe se re\u00fane con el secretario de la Armada de los EEUU - El Digital de Asturias","description":"Madrid, 10 feb (EFE).- El Pr\u00edncipe de Asturias se ha reunido hoy con el secretario de la Armada de los EEUU, Ray Mabus, en la v\u00edspera de la llegada a la base de Rota (C\u00e1diz) del primero de los destructores estadounidenses que integrar\u00e1n el denominado escudo antimisiles de la OTAN. La entrevista ha tenido lugar","canonical_url":"https:\/\/www.eldigitaldeasturias.com\/noticias\/el-principe-se-reune-con-el-secretario-de-la-armada-de-los-eeuu\/","robots":"max-image-preview:large","keywords":"actualidad","webmasterTools":{"google-site-verification":"UA-38556648-1","msvalidate.01":"7dfe9f3f1b24437ab69f4f2559babe99","miscellaneous":""},"schema":{"@context":"https:\/\/schema.org","@graph":[{"@type":"BlogPosting","@id":"https:\/\/www.eldigitaldeasturias.com\/noticias\/el-principe-se-reune-con-el-secretario-de-la-armada-de-los-eeuu\/#blogposting","name":"El Pr\u00edncipe se re\u00fane con el secretario de la Armada de los EEUU - El Digital de Asturias","headline":"El Pr\u00edncipe se re\u00fane con el secretario de la Armada de los EEUU","author":{"@id":"https:\/\/www.eldigitaldeasturias.com\/noticias\/author\/admin\/#author"},"publisher":{"@id":"https:\/\/www.eldigitaldeasturias.com\/noticias\/#organization"},"image":{"@type":"ImageObject","url":488046},"datePublished":"2014-02-10T21:47:25+01:00","dateModified":"2014-02-10T21:47:25+01:00","inLanguage":"es-ES","mainEntityOfPage":{"@id":"https:\/\/www.eldigitaldeasturias.com\/noticias\/el-principe-se-reune-con-el-secretario-de-la-armada-de-los-eeuu\/#webpage"},"isPartOf":{"@id":"https:\/\/www.eldigitaldeasturias.com\/noticias\/el-principe-se-reune-con-el-secretario-de-la-armada-de-los-eeuu\/#webpage"},"articleSection":"Actualidad"},{"@type":"BreadcrumbList","@id":"https:\/\/www.eldigitaldeasturias.com\/noticias\/el-principe-se-reune-con-el-secretario-de-la-armada-de-los-eeuu\/#breadcrumblist","itemListElement":[{"@type":"ListItem","@id":"https:\/\/www.eldigitaldeasturias.com\/noticias#listItem","position":1,"name":"Home","item":"https:\/\/www.eldigitaldeasturias.com\/noticias","nextItem":{"@type":"ListItem","@id":"https:\/\/www.eldigitaldeasturias.com\/noticias\/category\/actualidad\/#listItem","name":"Actualidad"}},{"@type":"ListItem","@id":"https:\/\/www.eldigitaldeasturias.com\/noticias\/category\/actualidad\/#listItem","position":2,"name":"Actualidad","item":"https:\/\/www.eldigitaldeasturias.com\/noticias\/category\/actualidad\/","nextItem":{"@type":"ListItem","@id":"https:\/\/www.eldigitaldeasturias.com\/noticias\/el-principe-se-reune-con-el-secretario-de-la-armada-de-los-eeuu\/#listItem","name":"El Pr\u00edncipe se re\u00fane con el secretario de la Armada de los EEUU"},"previousItem":{"@type":"ListItem","@id":"https:\/\/www.eldigitaldeasturias.com\/noticias#listItem","name":"Home"}},{"@type":"ListItem","@id":"https:\/\/www.eldigitaldeasturias.com\/noticias\/el-principe-se-reune-con-el-secretario-de-la-armada-de-los-eeuu\/#listItem","position":3,"name":"El Pr\u00edncipe se re\u00fane con el secretario de la Armada de los EEUU","previousItem":{"@type":"ListItem","@id":"https:\/\/www.eldigitaldeasturias.com\/noticias\/category\/actualidad\/#listItem","name":"Actualidad"}}]},{"@type":"Organization","@id":"https:\/\/www.eldigitaldeasturias.com\/noticias\/#organization","name":"El Digital de Asturias","description":"Hemeroteca","url":"https:\/\/www.eldigitaldeasturias.com\/noticias\/","email":"info@eldigitaldeasturias.com","telephone":"+34652131393","logo":{"@type":"ImageObject","url":"https:\/\/www.eldigitaldeasturias.com\/noticias\/wp-content\/uploads\/2020\/12\/EDA.jpg","@id":"https:\/\/www.eldigitaldeasturias.com\/noticias\/el-principe-se-reune-con-el-secretario-de-la-armada-de-los-eeuu\/#organizationLogo"},"image":{"@id":"https:\/\/www.eldigitaldeasturias.com\/noticias\/el-principe-se-reune-con-el-secretario-de-la-armada-de-los-eeuu\/#organizationLogo"},"sameAs":["https:\/\/facebook.com\/eldigitaldeasturias","https:\/\/www.youtube.com\/channel\/UCZP-2wLEB9Rv6erhFmqVnvg"],"address":{"@id":"https:\/\/www.eldigitaldeasturias.com\/noticias\/#postaladdress","@type":"PostalAddress","streetAddress":"san antonio 4","postalCode":"33430","addressLocality":"Cand\u00e1s","addressRegion":"Asturias","addressCountry":"ES"}},{"@type":"Person","@id":"https:\/\/www.eldigitaldeasturias.com\/noticias\/author\/admin\/#author","url":"https:\/\/www.eldigitaldeasturias.com\/noticias\/author\/admin\/","name":"El Digital de Asturias","image":{"@type":"ImageObject","@id":"https:\/\/www.eldigitaldeasturias.com\/noticias\/el-principe-se-reune-con-el-secretario-de-la-armada-de-los-eeuu\/#authorImage","url":"https:\/\/secure.gravatar.com\/avatar\/df2aeffc32bcd13f8d26072ef8a91b623d677766deac7f97ca815868cd41bf5e?s=96&d=mm&r=g","width":96,"height":96,"caption":"El Digital de Asturias"}},{"@type":"WebPage","@id":"https:\/\/www.eldigitaldeasturias.com\/noticias\/el-principe-se-reune-con-el-secretario-de-la-armada-de-los-eeuu\/#webpage","url":"https:\/\/www.eldigitaldeasturias.com\/noticias\/el-principe-se-reune-con-el-secretario-de-la-armada-de-los-eeuu\/","name":"El Pr\u00edncipe se re\u00fane con el secretario de la Armada de los EEUU - El Digital de Asturias","description":"Madrid, 10 feb (EFE).- El Pr\u00edncipe de Asturias se ha reunido hoy con el secretario de la Armada de los EEUU, Ray Mabus, en la v\u00edspera de la llegada a la base de Rota (C\u00e1diz) del primero de los destructores estadounidenses que integrar\u00e1n el denominado escudo antimisiles de la OTAN. La entrevista ha tenido lugar","inLanguage":"es-ES","isPartOf":{"@id":"https:\/\/www.eldigitaldeasturias.com\/noticias\/#website"},"breadcrumb":{"@id":"https:\/\/www.eldigitaldeasturias.com\/noticias\/el-principe-se-reune-con-el-secretario-de-la-armada-de-los-eeuu\/#breadcrumblist"},"author":{"@id":"https:\/\/www.eldigitaldeasturias.com\/noticias\/author\/admin\/#author"},"creator":{"@id":"https:\/\/www.eldigitaldeasturias.com\/noticias\/author\/admin\/#author"},"image":{"@type":"ImageObject","url":488046,"@id":"https:\/\/www.eldigitaldeasturias.com\/noticias\/el-principe-se-reune-con-el-secretario-de-la-armada-de-los-eeuu\/#mainImage"},"primaryImageOfPage":{"@id":"https:\/\/www.eldigitaldeasturias.com\/noticias\/el-principe-se-reune-con-el-secretario-de-la-armada-de-los-eeuu\/#mainImage"},"datePublished":"2014-02-10T21:47:25+01:00","dateModified":"2014-02-10T21:47:25+01:00"},{"@type":"WebSite","@id":"https:\/\/www.eldigitaldeasturias.com\/noticias\/#website","url":"https:\/\/www.eldigitaldeasturias.com\/noticias\/","name":"El Digital de Asturias - Diario de actualidad y noticias","alternateName":"El Digital de Asturias - Diario de actualidad y noticias","description":"Hemeroteca","inLanguage":"es-ES","publisher":{"@id":"https:\/\/www.eldigitaldeasturias.com\/noticias\/#organization"}}]},"og:locale":"es_ES","og:site_name":"El Digital de Asturias","og:type":"article","og:title":"El Pr\u00edncipe se re\u00fane con el secretario de la Armada de los EEUU - El Digital de Asturias","og:description":"Madrid, 10 feb (EFE).- El Pr\u00edncipe de Asturias se ha reunido hoy con el secretario de la Armada de los EEUU, Ray Mabus, en la v\u00edspera de la llegada a la base de Rota (C\u00e1diz) del primero de los destructores estadounidenses que integrar\u00e1n el denominado escudo antimisiles de la OTAN. La entrevista ha tenido lugar","og:url":"https:\/\/www.eldigitaldeasturias.com\/noticias\/el-principe-se-reune-con-el-secretario-de-la-armada-de-los-eeuu\/","article:tag":["actualidad"],"article:published_time":"2014-02-10T22:47:25+00:00","article:modified_time":"2014-02-10T22:47:25+00:00","article:publisher":"https:\/\/facebook.com\/eldigitaldeasturias","twitter:card":"summary_large_image","twitter:title":"El Pr\u00edncipe se re\u00fane con el secretario de la Armada de los EEUU - El Digital de Asturias","twitter:description":"Madrid, 10 feb (EFE).- El Pr\u00edncipe de Asturias se ha reunido hoy con el secretario de la Armada de los EEUU, Ray Mabus, en la v\u00edspera de la llegada a la base de Rota (C\u00e1diz) del primero de los destructores estadounidenses que integrar\u00e1n el denominado escudo antimisiles de la OTAN. La entrevista ha tenido lugar","twitter:label1":"Escrito por","twitter:data1":"El Digital de Asturias","twitter:label2":"Tiempo de lectura estimado","twitter:data2":"2 minutos"},"aioseo_meta_data":{"post_id":"488045","title":null,"description":null,"keywords":null,"keyphrases":null,"primary_term":null,"canonical_url":null,"og_title":null,"og_description":null,"og_object_type":"default","og_image_type":"default","og_image_url":null,"og_image_width":null,"og_image_height":null,"og_image_custom_url":null,"og_image_custom_fields":null,"og_video":null,"og_custom_url":null,"og_article_section":null,"og_article_tags":null,"twitter_use_og":true,"twitter_card":"default","twitter_image_type":"default","twitter_image_url":null,"twitter_image_custom_url":null,"twitter_image_custom_fields":null,"twitter_title":null,"twitter_description":null,"schema":{"blockGraphs":[],"customGraphs":[],"default":{"data":{"Article":[],"Course":[],"Dataset":[],"FAQPage":[],"Movie":[],"Person":[],"Product":[],"ProductReview":[],"Car":[],"Recipe":[],"Service":[],"SoftwareApplication":[],"WebPage":[]},"graphName":"","isEnabled":true},"graphs":[],"defaultGraph":"","defaultPostTypeGraph":""},"schema_type":null,"schema_type_options":null,"pillar_content":false,"robots_default":true,"robots_noindex":false,"robots_noarchive":false,"robots_nosnippet":false,"robots_nofollow":false,"robots_noimageindex":false,"robots_noodp":false,"robots_notranslate":false,"robots_max_snippet":null,"robots_max_videopreview":null,"robots_max_imagepreview":"none","priority":null,"frequency":null,"local_seo":null,"seo_analyzer_scan_date":"2026-06-03 06:44:57","breadcrumb_settings":null,"limit_modified_date":false,"open_ai":null,"ai":null,"created":"2020-11-14 22:57:06","updated":"2026-06-03 06:44:57","focus_keyword":null,"additional_keywords":null,"truseo_locale":null},"aioseo_breadcrumb":"<div class=\"aioseo-breadcrumbs\"><span class=\"aioseo-breadcrumb\">\n\t<a href=\"https:\/\/www.eldigitaldeasturias.com\/noticias\" title=\"Home\">Home<\/a>\n<\/span><span class=\"aioseo-breadcrumb-separator\">\u2013<\/span><span class=\"aioseo-breadcrumb\">\n\t<a href=\"https:\/\/www.eldigitaldeasturias.com\/noticias\/category\/actualidad\/\" title=\"Actualidad\">Actualidad<\/a>\n<\/span><span class=\"aioseo-breadcrumb-separator\">\u2013<\/span><span class=\"aioseo-breadcrumb\">\n\t<a href=\"https:\/\/www.eldigitaldeasturias.com\/noticias\/el-principe-se-reune-con-el-secretario-de-la-armada-de-los-eeuu\/\" title=\"El Pr\u00edncipe se re\u00fane con el secretario de la Armada de los EEUU\">El Pr\u00edncipe se re\u00fane con el secretario de la Armada de los EEUU<\/a>\n<\/span><\/div>","aioseo_breadcrumb_json":[{"label":"Home","link":"https:\/\/www.eldigitaldeasturias.com\/noticias"},{"label":"Actualidad","link":"https:\/\/www.eldigitaldeasturias.com\/noticias\/category\/actualidad\/"},{"label":"El Pr\u00edncipe se re\u00fane con el secretario de la Armada de los EEUU","link":"https:\/\/www.eldigitaldeasturias.com\/noticias\/el-principe-se-reune-con-el-secretario-de-la-armada-de-los-eeuu\/"}],"_links":{"self":[{"href":"https:\/\/www.eldigitaldeasturias.com\/noticias\/wp-json\/wp\/v2\/posts\/488045","targetHints":{"allow":["GET"]}}],"collection":[{"href":"https:\/\/www.eldigitaldeasturias.com\/noticias\/wp-json\/wp\/v2\/posts"}],"about":[{"href":"https:\/\/www.eldigitaldeasturias.com\/noticias\/wp-json\/wp\/v2\/types\/post"}],"author":[{"embeddable":true,"href":"https:\/\/www.eldigitaldeasturias.com\/noticias\/wp-json\/wp\/v2\/users\/1"}],"replies":[{"embeddable":true,"href":"https:\/\/www.eldigitaldeasturias.com\/noticias\/wp-json\/wp\/v2\/comments?post=488045"}],"version-history":[{"count":0,"href":"https:\/\/www.eldigitaldeasturias.com\/noticias\/wp-json\/wp\/v2\/posts\/488045\/revisions"}],"wp:attachment":[{"href":"https:\/\/www.eldigitaldeasturias.com\/noticias\/wp-json\/wp\/v2\/media?parent=488045"}],"wp:term":[{"taxonomy":"category","embeddable":true,"href":"https:\/\/www.eldigitaldeasturias.com\/noticias\/wp-json\/wp\/v2\/categories?post=488045"},{"taxonomy":"post_tag","embeddable":true,"href":"https:\/\/www.eldigitaldeasturias.com\/noticias\/wp-json\/wp\/v2\/tags?post=488045"}],"curies":[{"name":"wp","href":"https:\/\/api.w.org\/{rel}","templated":true}]}}