{"id":488034,"date":"2014-02-10T21:43:09","date_gmt":"2014-02-10T22:43:09","guid":{"rendered":"http:\/\/www.eldigitaldeasturias.com\/noticias\/?p=488034"},"modified":"2014-02-10T21:43:34","modified_gmt":"2014-02-10T22:43:34","slug":"los-lideres-de-chipre-reabren-manana-las-negociaciones-para-la-reunificacion","status":"publish","type":"post","link":"https:\/\/www.eldigitaldeasturias.com\/noticias\/los-lideres-de-chipre-reabren-manana-las-negociaciones-para-la-reunificacion\/","title":{"rendered":"Los l\u00edderes de Chipre reabren ma\u00f1ana las negociaciones para la reunificaci\u00f3n"},"content":{"rendered":"<p><img loading=\"lazy\" decoding=\"async\" class=\"alignleft size-medium wp-image-488036\" alt=\"5927976w\" src=\"https:\/\/www.eldigitaldeasturias.com\/noticias\/wp-content\/uploads\/2014\/02\/5927976w-244x320.jpg\" width=\"244\" height=\"320\" \/>Nicosia, 10 feb (EFE).- Los l\u00edderes de las comunidades griega y turca de Chipre retoman este martes bajo el auspicio de la ONU las negociaciones para la reunificaci\u00f3n de la isla, dividida desde 1974, que fueron suspendidas hace ya casi dos a\u00f1os.<\/p>\n<p>Nikos Anastasiadis y Dervis Eroglu, l\u00edderes grecochipriota y turcochipriota, respectivamente, acuden ma\u00f1ana a esta primera reuni\u00f3n formal, tras aceptar la semana pasada una \u00abdeclaraci\u00f3n conjunta\u00bb que establece los principios de las negociaciones de paz.<\/p>\n<p>La cita tendr\u00e1 lugar en el viejo aeropuerto de Nicosia, actual sede de la fuerza de la ONU para el mantenimiento de la paz en Chipre (UNFICYP) a las 11.30 hora local (9.30 GMT), en presencia de la jefa de esta, Lisa Buttenheim.<\/p>\n<p>Destaca, en cambio, la ausencia del enviado especial de la ONU para Chipre, el australiano Alexander Downer, qui\u00e9n podr\u00eda abandonar su cargo en las pr\u00f3ximas semanas, seg\u00fan asegura la prensa local.<\/p>\n<p>Con la aprobaci\u00f3n de la citada declaraci\u00f3n conjunta, Anastasiadis y Eroglu se comprometen a \u00ablograr una soluci\u00f3n lo m\u00e1s pronto posible\u00bb, que ser\u00e1 sometida a \u00abreferendos separados\u00bb, es decir, uno para cada una de las dos comunidades.<\/p>\n<p>La base de la soluci\u00f3n de la cuesti\u00f3n chipriota pasa, seg\u00fan lo acordado en la declaraci\u00f3n, por el establecimiento de una federaci\u00f3n bizonal y bicomunal con igualdad pol\u00edtica entre las partes, pero conformadas en un s\u00f3lo Estado con soberan\u00eda \u00fanica, ciudadan\u00eda \u00fanica y personalidad internacional \u00fanica.<\/p>\n<p>\u00abLa declaraci\u00f3n conjunta es s\u00f3lo el comienzo. Nos espera un duro trabajo y arduos esfuerzos. En este periodo se pondr\u00e1 a prueba la altura patri\u00f3tica de todos: los l\u00edderes pol\u00edticos, los medios de comunicaci\u00f3n y la sociedad civil\u00bb, avis\u00f3 Anastasiadis este domingo.<\/p>\n<p>\u00abEsta vez debe haber una soluci\u00f3n definitiva y permanente para Chipre de una u otra forma\u00bb, afirm\u00f3, por su parte, el ministro de Exteriores de Turqu\u00eda, Ahmet Davutoglu, en una entrevista con el canal privado de televisi\u00f3n \u00abA Haber\u00bb.<\/p>\n<p>El jefe de la diplomacia de Ankara dio a entender que si la nueva soluci\u00f3n es rechazada en refer\u00e9ndum, como ocurri\u00f3 en 2004, Turqu\u00eda apostar\u00e1 por la partici\u00f3n permanente de Chipre.<\/p>\n<p>Sobre la mesa figuran cuestiones complicadas c\u00f3mo el modo en que se repartir\u00e1 el poder en el eventual Chipre unificado, la soluci\u00f3n a las propiedades ocupadas por la otra parte tras la divisi\u00f3n de la isla o la aplicaci\u00f3n del acervo comunitario a todo el territorio chipriota.<\/p>\n<p>Adem\u00e1s de ellas, uno de los asuntos que ha estado dificultando las negociaciones es la explotaci\u00f3n de las reservas submarinas de hidrocarburos, ya que Turqu\u00eda -que ocupa el tercio norte de la isla- exige que sean compartidos por las dos comunidades, por lo que peri\u00f3dicamente se producen incidentes entre los buques de exploraci\u00f3n y el Ej\u00e9rcito turco.<\/p>\n<p>Los chipriotas llevan mas de treinta y seis a\u00f1os negociando diversas f\u00f3rmulas que permitan resolver la divisi\u00f3n del pa\u00eds.<\/p>\n<p>En julio de 1974 el ej\u00e9rcito turco ocup\u00f3 la parte norte de la isla -en respuesta a un golpe de Estado grecochipriota que pretend\u00eda la unificaci\u00f3n de la isla con Grecia- e impuls\u00f3 la creaci\u00f3n de la Rep\u00fablica Turca del Norte de Chipre (RTNC), que proclam\u00f3 su independencia en 1983 sin el reconocimiento de la ONU.<\/p>\n<p>La divisi\u00f3n y el fracaso del plan de reunificaci\u00f3n propuesto por la ONU en 2004 -rechazado por los grecochipriotas- propiciaron que solo la parte sur de la isla entrara, ese mismo a\u00f1o, a formar parte de la Uni\u00f3n Europea (UE).<\/p>\n<p>Tras la elecci\u00f3n de Eroglu en 2010 como presidente de la RTNC (que s\u00f3lo es reconocida internacionalmente por Turqu\u00eda), las negociaciones bilaterales, que hab\u00edan sido interrumpidas un sinn\u00famero de veces, volvieron a reabrirse.<\/p>\n<p>Sin embargo, el di\u00e1logo qued\u00f3 nuevamente suspendido tras el boicot de Turqu\u00eda a la presidencia chipriota de la UE durante la segunda mitad de 2012.<\/p>\n<p>El apoyo a las negociaciones por parte de Grecia y Turqu\u00eda es considerado indispensable para su \u00e9xito ya que ambos pa\u00edses, junto a Gran Breta\u00f1a, ostentan el papel de \u00abgarantes\u00bb de la isla desde su independencia en 1960.<\/p>\n","protected":false},"excerpt":{"rendered":"<p>Nicosia, 10 feb (EFE).- Los l\u00edderes de las comunidades griega y turca de Chipre retoman este martes bajo el auspicio de la ONU las negociaciones para la reunificaci\u00f3n de la isla, dividida desde 1974, que fueron suspendidas hace ya casi dos a\u00f1os. Nikos Anastasiadis y Dervis Eroglu, l\u00edderes grecochipriota y turcochipriota, respectivamente, acuden ma\u00f1ana a [&hellip;]<\/p>\n","protected":false},"author":1,"featured_media":488036,"comment_status":"closed","ping_status":"closed","sticky":false,"template":"","format":"standard","meta":{"footnotes":""},"categories":[1],"tags":[],"class_list":["post-488034","post","type-post","status-publish","format-standard","has-post-thumbnail","hentry","category-actualidad"],"aioseo_notices":[],"aioseo_head":"\n\t\t<!-- All in One SEO Pro 5.0.1 - aioseo.com -->\n\t<meta name=\"description\" content=\"Nicosia, 10 feb (EFE).- Los l\u00edderes de las comunidades griega y turca de Chipre retoman este martes bajo el auspicio de la ONU las negociaciones para la reunificaci\u00f3n de la isla, dividida desde 1974, que fueron suspendidas hace ya casi dos a\u00f1os. Nikos Anastasiadis y Dervis Eroglu, l\u00edderes grecochipriota y turcochipriota, respectivamente, acuden ma\u00f1ana a\" \/>\n\t<meta name=\"robots\" content=\"max-image-preview:large\" \/>\n\t<meta name=\"author\" content=\"El Digital de Asturias\"\/>\n\t<meta name=\"google-site-verification\" content=\"UA-38556648-1\" \/>\n\t<meta name=\"msvalidate.01\" content=\"7dfe9f3f1b24437ab69f4f2559babe99\" \/>\n\t<meta name=\"keywords\" content=\"actualidad\" \/>\n\t<link rel=\"canonical\" href=\"https:\/\/www.eldigitaldeasturias.com\/noticias\/los-lideres-de-chipre-reabren-manana-las-negociaciones-para-la-reunificacion\/\" \/>\n\t<meta name=\"generator\" content=\"All in One SEO Pro (AIOSEO) 5.0.1\" \/>\n\t\t<meta property=\"og:locale\" content=\"es_ES\" \/>\n\t\t<meta property=\"og:site_name\" content=\"El Digital de Asturias\" \/>\n\t\t<meta property=\"og:type\" content=\"article\" \/>\n\t\t<meta property=\"og:title\" content=\"Los l\u00edderes de Chipre reabren ma\u00f1ana las negociaciones para la reunificaci\u00f3n - El Digital de Asturias\" \/>\n\t\t<meta property=\"og:description\" content=\"Nicosia, 10 feb (EFE).- Los l\u00edderes de las comunidades griega y turca de Chipre retoman este martes bajo el auspicio de la ONU las negociaciones para la reunificaci\u00f3n de la isla, dividida desde 1974, que fueron suspendidas hace ya casi dos a\u00f1os. Nikos Anastasiadis y Dervis Eroglu, l\u00edderes grecochipriota y turcochipriota, respectivamente, acuden ma\u00f1ana a\" \/>\n\t\t<meta property=\"og:url\" content=\"https:\/\/www.eldigitaldeasturias.com\/noticias\/los-lideres-de-chipre-reabren-manana-las-negociaciones-para-la-reunificacion\/\" \/>\n\t\t<meta property=\"article:tag\" content=\"actualidad\" \/>\n\t\t<meta property=\"article:published_time\" content=\"2014-02-10T22:43:09+00:00\" \/>\n\t\t<meta property=\"article:modified_time\" content=\"2014-02-10T22:43:34+00:00\" \/>\n\t\t<meta property=\"article:publisher\" content=\"https:\/\/facebook.com\/eldigitaldeasturias\" \/>\n\t\t<meta name=\"twitter:card\" content=\"summary_large_image\" \/>\n\t\t<meta name=\"twitter:title\" content=\"Los l\u00edderes de Chipre reabren ma\u00f1ana las negociaciones para la reunificaci\u00f3n - El Digital de Asturias\" \/>\n\t\t<meta name=\"twitter:description\" content=\"Nicosia, 10 feb (EFE).- Los l\u00edderes de las comunidades griega y turca de Chipre retoman este martes bajo el auspicio de la ONU las negociaciones para la reunificaci\u00f3n de la isla, dividida desde 1974, que fueron suspendidas hace ya casi dos a\u00f1os. Nikos Anastasiadis y Dervis Eroglu, l\u00edderes grecochipriota y turcochipriota, respectivamente, acuden ma\u00f1ana a\" \/>\n\t\t<meta name=\"twitter:label1\" content=\"Escrito por\" \/>\n\t\t<meta name=\"twitter:data1\" content=\"El Digital de Asturias\" \/>\n\t\t<meta name=\"twitter:label2\" content=\"Tiempo de lectura estimado\" \/>\n\t\t<meta name=\"twitter:data2\" content=\"4 minutos\" \/>\n\t\t<script type=\"application\/ld+json\" class=\"aioseo-schema\">\n\t\t\t{\"@context\":\"https:\\\/\\\/schema.org\",\"@graph\":[{\"@type\":\"BlogPosting\",\"@id\":\"https:\\\/\\\/www.eldigitaldeasturias.com\\\/noticias\\\/los-lideres-de-chipre-reabren-manana-las-negociaciones-para-la-reunificacion\\\/#blogposting\",\"name\":\"Los l\\u00edderes de Chipre reabren ma\\u00f1ana las negociaciones para la reunificaci\\u00f3n - El Digital de Asturias\",\"headline\":\"Los l\\u00edderes de Chipre reabren ma\\u00f1ana las negociaciones para la reunificaci\\u00f3n\",\"author\":{\"@id\":\"https:\\\/\\\/www.eldigitaldeasturias.com\\\/noticias\\\/author\\\/admin\\\/#author\"},\"publisher\":{\"@id\":\"https:\\\/\\\/www.eldigitaldeasturias.com\\\/noticias\\\/#organization\"},\"image\":{\"@type\":\"ImageObject\",\"url\":488036},\"datePublished\":\"2014-02-10T21:43:09+01:00\",\"dateModified\":\"2014-02-10T21:43:34+01:00\",\"inLanguage\":\"es-ES\",\"mainEntityOfPage\":{\"@id\":\"https:\\\/\\\/www.eldigitaldeasturias.com\\\/noticias\\\/los-lideres-de-chipre-reabren-manana-las-negociaciones-para-la-reunificacion\\\/#webpage\"},\"isPartOf\":{\"@id\":\"https:\\\/\\\/www.eldigitaldeasturias.com\\\/noticias\\\/los-lideres-de-chipre-reabren-manana-las-negociaciones-para-la-reunificacion\\\/#webpage\"},\"articleSection\":\"Actualidad\"},{\"@type\":\"BreadcrumbList\",\"@id\":\"https:\\\/\\\/www.eldigitaldeasturias.com\\\/noticias\\\/los-lideres-de-chipre-reabren-manana-las-negociaciones-para-la-reunificacion\\\/#breadcrumblist\",\"itemListElement\":[{\"@type\":\"ListItem\",\"@id\":\"https:\\\/\\\/www.eldigitaldeasturias.com\\\/noticias#listItem\",\"position\":1,\"name\":\"Home\",\"item\":\"https:\\\/\\\/www.eldigitaldeasturias.com\\\/noticias\",\"nextItem\":{\"@type\":\"ListItem\",\"@id\":\"https:\\\/\\\/www.eldigitaldeasturias.com\\\/noticias\\\/category\\\/actualidad\\\/#listItem\",\"name\":\"Actualidad\"}},{\"@type\":\"ListItem\",\"@id\":\"https:\\\/\\\/www.eldigitaldeasturias.com\\\/noticias\\\/category\\\/actualidad\\\/#listItem\",\"position\":2,\"name\":\"Actualidad\",\"item\":\"https:\\\/\\\/www.eldigitaldeasturias.com\\\/noticias\\\/category\\\/actualidad\\\/\",\"nextItem\":{\"@type\":\"ListItem\",\"@id\":\"https:\\\/\\\/www.eldigitaldeasturias.com\\\/noticias\\\/los-lideres-de-chipre-reabren-manana-las-negociaciones-para-la-reunificacion\\\/#listItem\",\"name\":\"Los l\\u00edderes de Chipre reabren ma\\u00f1ana las negociaciones para la reunificaci\\u00f3n\"},\"previousItem\":{\"@type\":\"ListItem\",\"@id\":\"https:\\\/\\\/www.eldigitaldeasturias.com\\\/noticias#listItem\",\"name\":\"Home\"}},{\"@type\":\"ListItem\",\"@id\":\"https:\\\/\\\/www.eldigitaldeasturias.com\\\/noticias\\\/los-lideres-de-chipre-reabren-manana-las-negociaciones-para-la-reunificacion\\\/#listItem\",\"position\":3,\"name\":\"Los l\\u00edderes de Chipre reabren ma\\u00f1ana las negociaciones para la reunificaci\\u00f3n\",\"previousItem\":{\"@type\":\"ListItem\",\"@id\":\"https:\\\/\\\/www.eldigitaldeasturias.com\\\/noticias\\\/category\\\/actualidad\\\/#listItem\",\"name\":\"Actualidad\"}}]},{\"@type\":\"Organization\",\"@id\":\"https:\\\/\\\/www.eldigitaldeasturias.com\\\/noticias\\\/#organization\",\"name\":\"El Digital de Asturias\",\"description\":\"Hemeroteca\",\"url\":\"https:\\\/\\\/www.eldigitaldeasturias.com\\\/noticias\\\/\",\"email\":\"info@eldigitaldeasturias.com\",\"telephone\":\"+34652131393\",\"logo\":{\"@type\":\"ImageObject\",\"url\":\"https:\\\/\\\/www.eldigitaldeasturias.com\\\/noticias\\\/wp-content\\\/uploads\\\/2020\\\/12\\\/EDA.jpg\",\"@id\":\"https:\\\/\\\/www.eldigitaldeasturias.com\\\/noticias\\\/los-lideres-de-chipre-reabren-manana-las-negociaciones-para-la-reunificacion\\\/#organizationLogo\"},\"image\":{\"@id\":\"https:\\\/\\\/www.eldigitaldeasturias.com\\\/noticias\\\/los-lideres-de-chipre-reabren-manana-las-negociaciones-para-la-reunificacion\\\/#organizationLogo\"},\"sameAs\":[\"https:\\\/\\\/facebook.com\\\/eldigitaldeasturias\",\"https:\\\/\\\/www.youtube.com\\\/channel\\\/UCZP-2wLEB9Rv6erhFmqVnvg\"],\"address\":{\"@id\":\"https:\\\/\\\/www.eldigitaldeasturias.com\\\/noticias\\\/#postaladdress\",\"@type\":\"PostalAddress\",\"streetAddress\":\"san antonio 4\",\"postalCode\":\"33430\",\"addressLocality\":\"Cand\\u00e1s\",\"addressRegion\":\"Asturias\",\"addressCountry\":\"ES\"}},{\"@type\":\"Person\",\"@id\":\"https:\\\/\\\/www.eldigitaldeasturias.com\\\/noticias\\\/author\\\/admin\\\/#author\",\"url\":\"https:\\\/\\\/www.eldigitaldeasturias.com\\\/noticias\\\/author\\\/admin\\\/\",\"name\":\"El Digital de Asturias\",\"image\":{\"@type\":\"ImageObject\",\"@id\":\"https:\\\/\\\/www.eldigitaldeasturias.com\\\/noticias\\\/los-lideres-de-chipre-reabren-manana-las-negociaciones-para-la-reunificacion\\\/#authorImage\",\"url\":\"https:\\\/\\\/secure.gravatar.com\\\/avatar\\\/df2aeffc32bcd13f8d26072ef8a91b623d677766deac7f97ca815868cd41bf5e?s=96&d=mm&r=g\",\"width\":96,\"height\":96,\"caption\":\"El Digital de Asturias\"}},{\"@type\":\"WebPage\",\"@id\":\"https:\\\/\\\/www.eldigitaldeasturias.com\\\/noticias\\\/los-lideres-de-chipre-reabren-manana-las-negociaciones-para-la-reunificacion\\\/#webpage\",\"url\":\"https:\\\/\\\/www.eldigitaldeasturias.com\\\/noticias\\\/los-lideres-de-chipre-reabren-manana-las-negociaciones-para-la-reunificacion\\\/\",\"name\":\"Los l\\u00edderes de Chipre reabren ma\\u00f1ana las negociaciones para la reunificaci\\u00f3n - El Digital de Asturias\",\"description\":\"Nicosia, 10 feb (EFE).- Los l\\u00edderes de las comunidades griega y turca de Chipre retoman este martes bajo el auspicio de la ONU las negociaciones para la reunificaci\\u00f3n de la isla, dividida desde 1974, que fueron suspendidas hace ya casi dos a\\u00f1os. Nikos Anastasiadis y Dervis Eroglu, l\\u00edderes grecochipriota y turcochipriota, respectivamente, acuden ma\\u00f1ana a\",\"inLanguage\":\"es-ES\",\"isPartOf\":{\"@id\":\"https:\\\/\\\/www.eldigitaldeasturias.com\\\/noticias\\\/#website\"},\"breadcrumb\":{\"@id\":\"https:\\\/\\\/www.eldigitaldeasturias.com\\\/noticias\\\/los-lideres-de-chipre-reabren-manana-las-negociaciones-para-la-reunificacion\\\/#breadcrumblist\"},\"author\":{\"@id\":\"https:\\\/\\\/www.eldigitaldeasturias.com\\\/noticias\\\/author\\\/admin\\\/#author\"},\"creator\":{\"@id\":\"https:\\\/\\\/www.eldigitaldeasturias.com\\\/noticias\\\/author\\\/admin\\\/#author\"},\"image\":{\"@type\":\"ImageObject\",\"url\":488036,\"@id\":\"https:\\\/\\\/www.eldigitaldeasturias.com\\\/noticias\\\/los-lideres-de-chipre-reabren-manana-las-negociaciones-para-la-reunificacion\\\/#mainImage\"},\"primaryImageOfPage\":{\"@id\":\"https:\\\/\\\/www.eldigitaldeasturias.com\\\/noticias\\\/los-lideres-de-chipre-reabren-manana-las-negociaciones-para-la-reunificacion\\\/#mainImage\"},\"datePublished\":\"2014-02-10T21:43:09+01:00\",\"dateModified\":\"2014-02-10T21:43:34+01:00\"},{\"@type\":\"WebSite\",\"@id\":\"https:\\\/\\\/www.eldigitaldeasturias.com\\\/noticias\\\/#website\",\"url\":\"https:\\\/\\\/www.eldigitaldeasturias.com\\\/noticias\\\/\",\"name\":\"El Digital de Asturias - Diario de actualidad y noticias\",\"alternateName\":\"El Digital de Asturias - Diario de actualidad y noticias\",\"description\":\"Hemeroteca\",\"inLanguage\":\"es-ES\",\"publisher\":{\"@id\":\"https:\\\/\\\/www.eldigitaldeasturias.com\\\/noticias\\\/#organization\"}}]}\n\t\t<\/script>\n\t\t<!-- All in One SEO Pro -->\r\n\t\t<title>Los l\u00edderes de Chipre reabren ma\u00f1ana las negociaciones para la reunificaci\u00f3n - El Digital de Asturias<\/title>\n\n","aioseo_head_json":{"title":"Los l\u00edderes de Chipre reabren ma\u00f1ana las negociaciones para la reunificaci\u00f3n - El Digital de Asturias","description":"Nicosia, 10 feb (EFE).- Los l\u00edderes de las comunidades griega y turca de Chipre retoman este martes bajo el auspicio de la ONU las negociaciones para la reunificaci\u00f3n de la isla, dividida desde 1974, que fueron suspendidas hace ya casi dos a\u00f1os. Nikos Anastasiadis y Dervis Eroglu, l\u00edderes grecochipriota y turcochipriota, respectivamente, acuden ma\u00f1ana a","canonical_url":"https:\/\/www.eldigitaldeasturias.com\/noticias\/los-lideres-de-chipre-reabren-manana-las-negociaciones-para-la-reunificacion\/","robots":"max-image-preview:large","keywords":"actualidad","webmasterTools":{"google-site-verification":"UA-38556648-1","msvalidate.01":"7dfe9f3f1b24437ab69f4f2559babe99","miscellaneous":""},"schema":{"@context":"https:\/\/schema.org","@graph":[{"@type":"BlogPosting","@id":"https:\/\/www.eldigitaldeasturias.com\/noticias\/los-lideres-de-chipre-reabren-manana-las-negociaciones-para-la-reunificacion\/#blogposting","name":"Los l\u00edderes de Chipre reabren ma\u00f1ana las negociaciones para la reunificaci\u00f3n - El Digital de Asturias","headline":"Los l\u00edderes de Chipre reabren ma\u00f1ana las negociaciones para la reunificaci\u00f3n","author":{"@id":"https:\/\/www.eldigitaldeasturias.com\/noticias\/author\/admin\/#author"},"publisher":{"@id":"https:\/\/www.eldigitaldeasturias.com\/noticias\/#organization"},"image":{"@type":"ImageObject","url":488036},"datePublished":"2014-02-10T21:43:09+01:00","dateModified":"2014-02-10T21:43:34+01:00","inLanguage":"es-ES","mainEntityOfPage":{"@id":"https:\/\/www.eldigitaldeasturias.com\/noticias\/los-lideres-de-chipre-reabren-manana-las-negociaciones-para-la-reunificacion\/#webpage"},"isPartOf":{"@id":"https:\/\/www.eldigitaldeasturias.com\/noticias\/los-lideres-de-chipre-reabren-manana-las-negociaciones-para-la-reunificacion\/#webpage"},"articleSection":"Actualidad"},{"@type":"BreadcrumbList","@id":"https:\/\/www.eldigitaldeasturias.com\/noticias\/los-lideres-de-chipre-reabren-manana-las-negociaciones-para-la-reunificacion\/#breadcrumblist","itemListElement":[{"@type":"ListItem","@id":"https:\/\/www.eldigitaldeasturias.com\/noticias#listItem","position":1,"name":"Home","item":"https:\/\/www.eldigitaldeasturias.com\/noticias","nextItem":{"@type":"ListItem","@id":"https:\/\/www.eldigitaldeasturias.com\/noticias\/category\/actualidad\/#listItem","name":"Actualidad"}},{"@type":"ListItem","@id":"https:\/\/www.eldigitaldeasturias.com\/noticias\/category\/actualidad\/#listItem","position":2,"name":"Actualidad","item":"https:\/\/www.eldigitaldeasturias.com\/noticias\/category\/actualidad\/","nextItem":{"@type":"ListItem","@id":"https:\/\/www.eldigitaldeasturias.com\/noticias\/los-lideres-de-chipre-reabren-manana-las-negociaciones-para-la-reunificacion\/#listItem","name":"Los l\u00edderes de Chipre reabren ma\u00f1ana las negociaciones para la reunificaci\u00f3n"},"previousItem":{"@type":"ListItem","@id":"https:\/\/www.eldigitaldeasturias.com\/noticias#listItem","name":"Home"}},{"@type":"ListItem","@id":"https:\/\/www.eldigitaldeasturias.com\/noticias\/los-lideres-de-chipre-reabren-manana-las-negociaciones-para-la-reunificacion\/#listItem","position":3,"name":"Los l\u00edderes de Chipre reabren ma\u00f1ana las negociaciones para la reunificaci\u00f3n","previousItem":{"@type":"ListItem","@id":"https:\/\/www.eldigitaldeasturias.com\/noticias\/category\/actualidad\/#listItem","name":"Actualidad"}}]},{"@type":"Organization","@id":"https:\/\/www.eldigitaldeasturias.com\/noticias\/#organization","name":"El Digital de Asturias","description":"Hemeroteca","url":"https:\/\/www.eldigitaldeasturias.com\/noticias\/","email":"info@eldigitaldeasturias.com","telephone":"+34652131393","logo":{"@type":"ImageObject","url":"https:\/\/www.eldigitaldeasturias.com\/noticias\/wp-content\/uploads\/2020\/12\/EDA.jpg","@id":"https:\/\/www.eldigitaldeasturias.com\/noticias\/los-lideres-de-chipre-reabren-manana-las-negociaciones-para-la-reunificacion\/#organizationLogo"},"image":{"@id":"https:\/\/www.eldigitaldeasturias.com\/noticias\/los-lideres-de-chipre-reabren-manana-las-negociaciones-para-la-reunificacion\/#organizationLogo"},"sameAs":["https:\/\/facebook.com\/eldigitaldeasturias","https:\/\/www.youtube.com\/channel\/UCZP-2wLEB9Rv6erhFmqVnvg"],"address":{"@id":"https:\/\/www.eldigitaldeasturias.com\/noticias\/#postaladdress","@type":"PostalAddress","streetAddress":"san antonio 4","postalCode":"33430","addressLocality":"Cand\u00e1s","addressRegion":"Asturias","addressCountry":"ES"}},{"@type":"Person","@id":"https:\/\/www.eldigitaldeasturias.com\/noticias\/author\/admin\/#author","url":"https:\/\/www.eldigitaldeasturias.com\/noticias\/author\/admin\/","name":"El Digital de Asturias","image":{"@type":"ImageObject","@id":"https:\/\/www.eldigitaldeasturias.com\/noticias\/los-lideres-de-chipre-reabren-manana-las-negociaciones-para-la-reunificacion\/#authorImage","url":"https:\/\/secure.gravatar.com\/avatar\/df2aeffc32bcd13f8d26072ef8a91b623d677766deac7f97ca815868cd41bf5e?s=96&d=mm&r=g","width":96,"height":96,"caption":"El Digital de Asturias"}},{"@type":"WebPage","@id":"https:\/\/www.eldigitaldeasturias.com\/noticias\/los-lideres-de-chipre-reabren-manana-las-negociaciones-para-la-reunificacion\/#webpage","url":"https:\/\/www.eldigitaldeasturias.com\/noticias\/los-lideres-de-chipre-reabren-manana-las-negociaciones-para-la-reunificacion\/","name":"Los l\u00edderes de Chipre reabren ma\u00f1ana las negociaciones para la reunificaci\u00f3n - El Digital de Asturias","description":"Nicosia, 10 feb (EFE).- Los l\u00edderes de las comunidades griega y turca de Chipre retoman este martes bajo el auspicio de la ONU las negociaciones para la reunificaci\u00f3n de la isla, dividida desde 1974, que fueron suspendidas hace ya casi dos a\u00f1os. Nikos Anastasiadis y Dervis Eroglu, l\u00edderes grecochipriota y turcochipriota, respectivamente, acuden ma\u00f1ana a","inLanguage":"es-ES","isPartOf":{"@id":"https:\/\/www.eldigitaldeasturias.com\/noticias\/#website"},"breadcrumb":{"@id":"https:\/\/www.eldigitaldeasturias.com\/noticias\/los-lideres-de-chipre-reabren-manana-las-negociaciones-para-la-reunificacion\/#breadcrumblist"},"author":{"@id":"https:\/\/www.eldigitaldeasturias.com\/noticias\/author\/admin\/#author"},"creator":{"@id":"https:\/\/www.eldigitaldeasturias.com\/noticias\/author\/admin\/#author"},"image":{"@type":"ImageObject","url":488036,"@id":"https:\/\/www.eldigitaldeasturias.com\/noticias\/los-lideres-de-chipre-reabren-manana-las-negociaciones-para-la-reunificacion\/#mainImage"},"primaryImageOfPage":{"@id":"https:\/\/www.eldigitaldeasturias.com\/noticias\/los-lideres-de-chipre-reabren-manana-las-negociaciones-para-la-reunificacion\/#mainImage"},"datePublished":"2014-02-10T21:43:09+01:00","dateModified":"2014-02-10T21:43:34+01:00"},{"@type":"WebSite","@id":"https:\/\/www.eldigitaldeasturias.com\/noticias\/#website","url":"https:\/\/www.eldigitaldeasturias.com\/noticias\/","name":"El Digital de Asturias - Diario de actualidad y noticias","alternateName":"El Digital de Asturias - Diario de actualidad y noticias","description":"Hemeroteca","inLanguage":"es-ES","publisher":{"@id":"https:\/\/www.eldigitaldeasturias.com\/noticias\/#organization"}}]},"og:locale":"es_ES","og:site_name":"El Digital de Asturias","og:type":"article","og:title":"Los l\u00edderes de Chipre reabren ma\u00f1ana las negociaciones para la reunificaci\u00f3n - El Digital de Asturias","og:description":"Nicosia, 10 feb (EFE).- Los l\u00edderes de las comunidades griega y turca de Chipre retoman este martes bajo el auspicio de la ONU las negociaciones para la reunificaci\u00f3n de la isla, dividida desde 1974, que fueron suspendidas hace ya casi dos a\u00f1os. Nikos Anastasiadis y Dervis Eroglu, l\u00edderes grecochipriota y turcochipriota, respectivamente, acuden ma\u00f1ana a","og:url":"https:\/\/www.eldigitaldeasturias.com\/noticias\/los-lideres-de-chipre-reabren-manana-las-negociaciones-para-la-reunificacion\/","article:tag":["actualidad"],"article:published_time":"2014-02-10T22:43:09+00:00","article:modified_time":"2014-02-10T22:43:34+00:00","article:publisher":"https:\/\/facebook.com\/eldigitaldeasturias","twitter:card":"summary_large_image","twitter:title":"Los l\u00edderes de Chipre reabren ma\u00f1ana las negociaciones para la reunificaci\u00f3n - El Digital de Asturias","twitter:description":"Nicosia, 10 feb (EFE).- Los l\u00edderes de las comunidades griega y turca de Chipre retoman este martes bajo el auspicio de la ONU las negociaciones para la reunificaci\u00f3n de la isla, dividida desde 1974, que fueron suspendidas hace ya casi dos a\u00f1os. Nikos Anastasiadis y Dervis Eroglu, l\u00edderes grecochipriota y turcochipriota, respectivamente, acuden ma\u00f1ana a","twitter:label1":"Escrito por","twitter:data1":"El Digital de Asturias","twitter:label2":"Tiempo de lectura estimado","twitter:data2":"4 minutos"},"aioseo_meta_data":{"post_id":"488034","title":null,"description":null,"keywords":null,"keyphrases":null,"primary_term":null,"canonical_url":null,"og_title":null,"og_description":null,"og_object_type":"default","og_image_type":"default","og_image_url":null,"og_image_width":null,"og_image_height":null,"og_image_custom_url":null,"og_image_custom_fields":null,"og_video":null,"og_custom_url":null,"og_article_section":null,"og_article_tags":null,"twitter_use_og":true,"twitter_card":"default","twitter_image_type":"default","twitter_image_url":null,"twitter_image_custom_url":null,"twitter_image_custom_fields":null,"twitter_title":null,"twitter_description":null,"schema":{"blockGraphs":[],"customGraphs":[],"default":{"data":{"Article":[],"Course":[],"Dataset":[],"FAQPage":[],"Movie":[],"Person":[],"Product":[],"ProductReview":[],"Car":[],"Recipe":[],"Service":[],"SoftwareApplication":[],"WebPage":[]},"graphName":"","isEnabled":true},"graphs":[],"defaultGraph":"","defaultPostTypeGraph":""},"schema_type":null,"schema_type_options":null,"pillar_content":false,"robots_default":true,"robots_noindex":false,"robots_noarchive":false,"robots_nosnippet":false,"robots_nofollow":false,"robots_noimageindex":false,"robots_noodp":false,"robots_notranslate":false,"robots_max_snippet":null,"robots_max_videopreview":null,"robots_max_imagepreview":"none","priority":null,"frequency":null,"local_seo":null,"seo_analyzer_scan_date":"2026-06-03 06:42:30","breadcrumb_settings":null,"limit_modified_date":false,"open_ai":null,"ai":null,"created":"2020-11-14 22:57:06","updated":"2026-06-03 06:42:30","focus_keyword":null,"additional_keywords":null,"truseo_locale":null},"aioseo_breadcrumb":"<div class=\"aioseo-breadcrumbs\"><span class=\"aioseo-breadcrumb\">\n\t<a href=\"https:\/\/www.eldigitaldeasturias.com\/noticias\" title=\"Home\">Home<\/a>\n<\/span><span class=\"aioseo-breadcrumb-separator\">\u2013<\/span><span class=\"aioseo-breadcrumb\">\n\t<a href=\"https:\/\/www.eldigitaldeasturias.com\/noticias\/category\/actualidad\/\" title=\"Actualidad\">Actualidad<\/a>\n<\/span><span class=\"aioseo-breadcrumb-separator\">\u2013<\/span><span class=\"aioseo-breadcrumb\">\n\t<a href=\"https:\/\/www.eldigitaldeasturias.com\/noticias\/los-lideres-de-chipre-reabren-manana-las-negociaciones-para-la-reunificacion\/\" title=\"Los l\u00edderes de Chipre reabren ma\u00f1ana las negociaciones para la reunificaci\u00f3n\">Los l\u00edderes de Chipre reabren ma\u00f1ana las negociaciones para la reunificaci\u00f3n<\/a>\n<\/span><\/div>","aioseo_breadcrumb_json":[{"label":"Home","link":"https:\/\/www.eldigitaldeasturias.com\/noticias"},{"label":"Actualidad","link":"https:\/\/www.eldigitaldeasturias.com\/noticias\/category\/actualidad\/"},{"label":"Los l\u00edderes de Chipre reabren ma\u00f1ana las negociaciones para la reunificaci\u00f3n","link":"https:\/\/www.eldigitaldeasturias.com\/noticias\/los-lideres-de-chipre-reabren-manana-las-negociaciones-para-la-reunificacion\/"}],"_links":{"self":[{"href":"https:\/\/www.eldigitaldeasturias.com\/noticias\/wp-json\/wp\/v2\/posts\/488034","targetHints":{"allow":["GET"]}}],"collection":[{"href":"https:\/\/www.eldigitaldeasturias.com\/noticias\/wp-json\/wp\/v2\/posts"}],"about":[{"href":"https:\/\/www.eldigitaldeasturias.com\/noticias\/wp-json\/wp\/v2\/types\/post"}],"author":[{"embeddable":true,"href":"https:\/\/www.eldigitaldeasturias.com\/noticias\/wp-json\/wp\/v2\/users\/1"}],"replies":[{"embeddable":true,"href":"https:\/\/www.eldigitaldeasturias.com\/noticias\/wp-json\/wp\/v2\/comments?post=488034"}],"version-history":[{"count":0,"href":"https:\/\/www.eldigitaldeasturias.com\/noticias\/wp-json\/wp\/v2\/posts\/488034\/revisions"}],"wp:attachment":[{"href":"https:\/\/www.eldigitaldeasturias.com\/noticias\/wp-json\/wp\/v2\/media?parent=488034"}],"wp:term":[{"taxonomy":"category","embeddable":true,"href":"https:\/\/www.eldigitaldeasturias.com\/noticias\/wp-json\/wp\/v2\/categories?post=488034"},{"taxonomy":"post_tag","embeddable":true,"href":"https:\/\/www.eldigitaldeasturias.com\/noticias\/wp-json\/wp\/v2\/tags?post=488034"}],"curies":[{"name":"wp","href":"https:\/\/api.w.org\/{rel}","templated":true}]}}